{"id":32594,"date":"2016-07-24T22:11:38","date_gmt":"2016-07-24T20:41:38","guid":{"rendered":"http:\/\/candas365.es\/noticias\/?p=32594"},"modified":"2016-07-24T22:11:38","modified_gmt":"2016-07-24T20:41:38","slug":"asciende-a-35-numero-de-heridos-por-ataque-de-munich","status":"publish","type":"post","link":"https:\/\/candas365.es\/noticias\/asciende-a-35-numero-de-heridos-por-ataque-de-munich\/","title":{"rendered":"Asciende a 35 n\u00famero de heridos por ataque de M\u00fanich"},"content":{"rendered":"<p>M\u00fanich\/Berl\u00edn, 24 jul (dpa) &#8211; El n\u00famero de heridos del ataque perpetrado el viernes por un joven de 18 a\u00f1os en M\u00fanich ascendi\u00f3 a 35, inform\u00f3 hoy un portavoz de la Oficina Federal de Investigaci\u00f3n Criminal de Baviera, mientras contin\u00faan las investigaciones sobre los motivos del tiroteo.<\/p>\n<p>De ellos, diez se encuentran en estado grave, seg\u00fan el portavoz. Hasta este domingo, la \u00faltima informaci\u00f3n facilitada por la polic\u00eda muniquesa indicaba que el n\u00famero de personas malheridas en el ataque ascend\u00eda a 16. <\/p>\n<p>Entre los 35 afectados, se encuentran tambi\u00e9n algunas personas que el viernes por la tarde resultaron heridas a consecuencia de las escenas de p\u00e1nico que se vivieron en la capital b\u00e1vara. <\/p>\n<p>El viernes por la tarde, a alrededor de las seis de la tarde, un joven nacido y criado en M\u00fanich abri\u00f3 fuego en un restaurante de comida r\u00e1pida situado frente a un centro comercial de la capital b\u00e1vara. <\/p>\n<p>A consecuencia de los disparos, mat\u00f3 a nueve personas para a continuaci\u00f3n quitarse la vida ante la polic\u00eda. <\/p>\n<p>El motivo que llev\u00f3 al joven germano-iran\u00ed a perpetrar el tiroteo sigue sin aclararse. No obstante, el diario sensacionalista alem\u00e1n \u00abBild\u00bb indic\u00f3 que el chico sufr\u00eda acoso escolar en el colegio y que con el tiroteo buscaba venganza. <\/p>\n<p>Durante varias horas el p\u00e1nico se apoder\u00f3 de M\u00fanich, porque las fuerzas de seguridad no sab\u00edan si se enfrentaban a un \u00fanico atacante o si en la matanza estaban implicadas m\u00e1s personas. <\/p>\n<p>Los datos recopilados por los investigadores hasta el momento indican que el joven fue \u00e9l \u00fanico autor material de los disparos.<\/p>\n<p>En este sentido, las fuerzas de seguridad hablan de \u00abtiroteo cl\u00e1sico\u00bb y descartan cualquier tipo de v\u00ednculo con el terrorismo yihadista o con un ataque de extrema derecha.<\/p>\n<p>No obstante, las fuerzas de seguridad consideran que puede tener relaci\u00f3n con el atentado que hace cinco a\u00f1os cometi\u00f3 el extremista de derecha noruego Anders Behring Breivik en la capital Oslo y la cercana isla de Utoya. <\/p>\n<p>Es una conclusi\u00f3n a la que la polic\u00eda llega despu\u00e9s de encontrar, durante el registro de su habitaci\u00f3n, evidencias de su inter\u00e9s por anteriores matanzas. En su cuarto apareci\u00f3, entre otros documento, el libro \u00abAmok en la cabeza. \u00bfPor qu\u00e9 matan los estudiantes?\u00bb. <\/p>\n<p>\u00abEl tema de los tiroteos lo manten\u00eda intensamente ocupado\u00bb, concluy\u00f3 el jefe de polic\u00eda de M\u00fanich. <\/p>\n<p>Precisamente el viernes se cumpl\u00eda el quinto aniversario de la matanza ocurrida en Noruega, en la que fueron asesinadas 77 personas.<\/p>\n<p>Las fuerzas de seguridad creen adem\u00e1s que el joven atacante podr\u00eda sufrir problemas psiqui\u00e1tricos. El fiscal Thomas Steinkraus-Koch dijo que posiblemente sufr\u00eda alguna enfermedad de tipo \u00abdepresivo\u00bb. <\/p>\n<p>Para cometer el crimen, el atacante utiliz\u00f3 una pistola del calibre 9 adquirida de manera ilegal para perpetrar el tiroteo, se\u00f1al\u00f3 la polic\u00eda. El jefe de la Oficina de Investigaci\u00f3n Criminal de Baviera, Robert Heimberger, tambi\u00e9n desvel\u00f3 que en el interior de la mochila del joven los agentes encontraron unas 300 balas. <\/p>\n<p>El atacante se cobr\u00f3 la vida de nueve personas, la mayor\u00eda de ellas menores de edad. Murieron tres adolescentes de 14 a\u00f1os, dos de 15 a\u00f1os, tres j\u00f3venes de 17, 19 y 20 a\u00f1os y una persona que contaba con 45 a\u00f1os de edad. Entre los nueve fallecidos hab\u00eda tres mujeres. <\/p>\n","protected":false},"excerpt":{"rendered":"<p>M\u00fanich\/Berl\u00edn, 24 jul (dpa) &#8211; El n\u00famero de heridos del ataque perpetrado el viernes por un joven de 18 a\u00f1os en M\u00fanich ascendi\u00f3 a 35, inform\u00f3 hoy un portavoz de la Oficina Federal de Investigaci\u00f3n Criminal de Baviera, mientras contin\u00faan las investigaciones sobre los motivos del tiroteo. De ellos, diez se encuentran en estado grave,<\/p>\n","protected":false},"author":1,"featured_media":16457,"comment_status":"closed","ping_status":"closed","sticky":false,"template":"","format":"standard","meta":{"footnotes":""},"categories":[343],"tags":[],"class_list":{"0":"post-32594","1":"post","2":"type-post","3":"status-publish","4":"format-standard","5":"has-post-thumbnail","7":"category-actualidad"},"aioseo_notices":[],"aioseo_head":"\n\t\t<!-- All in One SEO Pro 4.9.6.2 - aioseo.com -->\n\t<meta name=\"description\" content=\"M\u00fanich\/Berl\u00edn, 24 jul (dpa) - El n\u00famero de heridos del ataque perpetrado el viernes por un joven de 18 a\u00f1os en M\u00fanich ascendi\u00f3 a 35, inform\u00f3 hoy un portavoz de la Oficina Federal de Investigaci\u00f3n Criminal de Baviera, mientras contin\u00faan las investigaciones sobre los motivos del tiroteo. De ellos, diez se encuentran en estado grave,\" \/>\n\t<meta name=\"robots\" content=\"max-image-preview:large\" \/>\n\t<meta name=\"author\" content=\"Cand\u00e1s 365\"\/>\n\t<meta name=\"google-site-verification\" content=\"UA-32230408-1\" \/>\n\t<meta name=\"msvalidate.01\" content=\"354F3CDFB2DA171B47FBE9ABF1F88D5\" \/>\n\t<meta name=\"keywords\" content=\"actualidad\" \/>\n\t<link rel=\"canonical\" href=\"https:\/\/candas365.es\/noticias\/asciende-a-35-numero-de-heridos-por-ataque-de-munich\/\" \/>\n\t<meta name=\"generator\" content=\"All in One SEO Pro (AIOSEO) 4.9.6.2\" \/>\n\t\t<meta property=\"og:locale\" content=\"es_ES\" \/>\n\t\t<meta property=\"og:site_name\" content=\"Cand\u00e1s 365\" \/>\n\t\t<meta property=\"og:type\" content=\"article\" \/>\n\t\t<meta property=\"og:title\" content=\"Asciende a 35 n\u00famero de heridos por ataque de M\u00fanich | Cand\u00e1s 365\" \/>\n\t\t<meta property=\"og:description\" content=\"M\u00fanich\/Berl\u00edn, 24 jul (dpa) - El n\u00famero de heridos del ataque perpetrado el viernes por un joven de 18 a\u00f1os en M\u00fanich ascendi\u00f3 a 35, inform\u00f3 hoy un portavoz de la Oficina Federal de Investigaci\u00f3n Criminal de Baviera, mientras contin\u00faan las investigaciones sobre los motivos del tiroteo. De ellos, diez se encuentran en estado grave,\" \/>\n\t\t<meta property=\"og:url\" content=\"https:\/\/candas365.es\/noticias\/asciende-a-35-numero-de-heridos-por-ataque-de-munich\/\" \/>\n\t\t<meta property=\"og:image\" content=\"https:\/\/candas365.es\/noticias\/wp-content\/uploads\/2015\/09\/c365noticias.jpg\" \/>\n\t\t<meta property=\"og:image:secure_url\" content=\"https:\/\/candas365.es\/noticias\/wp-content\/uploads\/2015\/09\/c365noticias.jpg\" \/>\n\t\t<meta property=\"og:image:width\" content=\"655\" \/>\n\t\t<meta property=\"og:image:height\" content=\"360\" \/>\n\t\t<meta property=\"article:published_time\" content=\"2016-07-24T20:41:38+00:00\" \/>\n\t\t<meta property=\"article:modified_time\" content=\"2016-07-24T20:41:38+00:00\" \/>\n\t\t<meta property=\"article:publisher\" content=\"https:\/\/www.facebook.com\/Nachofdezber\" \/>\n\t\t<meta property=\"article:author\" content=\"https:\/\/www.facebook.com\/carrenoactualidad\" \/>\n\t\t<meta name=\"twitter:card\" content=\"summary_large_image\" \/>\n\t\t<meta name=\"twitter:site\" content=\"@NabercoDigital\" \/>\n\t\t<meta name=\"twitter:title\" content=\"Asciende a 35 n\u00famero de heridos por ataque de M\u00fanich | Cand\u00e1s 365\" \/>\n\t\t<meta name=\"twitter:description\" content=\"M\u00fanich\/Berl\u00edn, 24 jul (dpa) - El n\u00famero de heridos del ataque perpetrado el viernes por un joven de 18 a\u00f1os en M\u00fanich ascendi\u00f3 a 35, inform\u00f3 hoy un portavoz de la Oficina Federal de Investigaci\u00f3n Criminal de Baviera, mientras contin\u00faan las investigaciones sobre los motivos del tiroteo. De ellos, diez se encuentran en estado grave,\" \/>\n\t\t<meta name=\"twitter:creator\" content=\"@nbasturias\" \/>\n\t\t<meta name=\"twitter:image\" content=\"https:\/\/candas365.es\/noticias\/wp-content\/uploads\/2015\/09\/c365noticias.jpg\" \/>\n\t\t<meta name=\"twitter:label1\" content=\"Escrito por\" \/>\n\t\t<meta name=\"twitter:data1\" content=\"Cand\u00e1s 365\" \/>\n\t\t<meta name=\"twitter:label2\" content=\"Tiempo de lectura estimado\" \/>\n\t\t<meta name=\"twitter:data2\" content=\"3 minutos\" \/>\n\t\t<script type=\"application\/ld+json\" class=\"aioseo-schema\">\n\t\t\t{\"@context\":\"https:\\\/\\\/schema.org\",\"@graph\":[{\"@type\":\"BreadcrumbList\",\"@id\":\"https:\\\/\\\/candas365.es\\\/noticias\\\/asciende-a-35-numero-de-heridos-por-ataque-de-munich\\\/#breadcrumblist\",\"itemListElement\":[{\"@type\":\"ListItem\",\"@id\":\"https:\\\/\\\/candas365.es\\\/noticias#listItem\",\"position\":1,\"name\":\"Home\",\"item\":\"https:\\\/\\\/candas365.es\\\/noticias\",\"nextItem\":{\"@type\":\"ListItem\",\"@id\":\"https:\\\/\\\/candas365.es\\\/noticias\\\/category\\\/actualidad\\\/#listItem\",\"name\":\"Actualidad\"}},{\"@type\":\"ListItem\",\"@id\":\"https:\\\/\\\/candas365.es\\\/noticias\\\/category\\\/actualidad\\\/#listItem\",\"position\":2,\"name\":\"Actualidad\",\"item\":\"https:\\\/\\\/candas365.es\\\/noticias\\\/category\\\/actualidad\\\/\",\"nextItem\":{\"@type\":\"ListItem\",\"@id\":\"https:\\\/\\\/candas365.es\\\/noticias\\\/asciende-a-35-numero-de-heridos-por-ataque-de-munich\\\/#listItem\",\"name\":\"Asciende a 35 n\\u00famero de heridos por ataque de M\\u00fanich\"},\"previousItem\":{\"@type\":\"ListItem\",\"@id\":\"https:\\\/\\\/candas365.es\\\/noticias#listItem\",\"name\":\"Home\"}},{\"@type\":\"ListItem\",\"@id\":\"https:\\\/\\\/candas365.es\\\/noticias\\\/asciende-a-35-numero-de-heridos-por-ataque-de-munich\\\/#listItem\",\"position\":3,\"name\":\"Asciende a 35 n\\u00famero de heridos por ataque de M\\u00fanich\",\"previousItem\":{\"@type\":\"ListItem\",\"@id\":\"https:\\\/\\\/candas365.es\\\/noticias\\\/category\\\/actualidad\\\/#listItem\",\"name\":\"Actualidad\"}}]},{\"@type\":\"NewsArticle\",\"@id\":\"https:\\\/\\\/candas365.es\\\/noticias\\\/asciende-a-35-numero-de-heridos-por-ataque-de-munich\\\/#newsarticle\",\"name\":\"Asciende a 35 n\\u00famero de heridos por ataque de M\\u00fanich | Cand\\u00e1s 365\",\"headline\":\"Asciende a 35 n\\u00famero de heridos por ataque de M\\u00fanich\",\"author\":{\"@id\":\"https:\\\/\\\/candas365.es\\\/noticias\\\/author\\\/admin\\\/#author\"},\"publisher\":{\"@id\":\"https:\\\/\\\/candas365.es\\\/noticias\\\/#organization\"},\"image\":{\"@type\":\"ImageObject\",\"url\":\"https:\\\/\\\/candas365.es\\\/noticias\\\/wp-content\\\/uploads\\\/2015\\\/09\\\/c365noticias.jpg\",\"width\":655,\"height\":360},\"datePublished\":\"2016-07-24T22:11:38+02:00\",\"dateModified\":\"2016-07-24T22:11:38+02:00\",\"inLanguage\":\"es-ES\",\"mainEntityOfPage\":{\"@id\":\"https:\\\/\\\/candas365.es\\\/noticias\\\/asciende-a-35-numero-de-heridos-por-ataque-de-munich\\\/#webpage\"},\"isPartOf\":{\"@id\":\"https:\\\/\\\/candas365.es\\\/noticias\\\/asciende-a-35-numero-de-heridos-por-ataque-de-munich\\\/#webpage\"},\"articleSection\":\"Actualidad\",\"dateline\":\"Publicado el julio 24, 2016.\"},{\"@type\":\"Organization\",\"@id\":\"https:\\\/\\\/candas365.es\\\/noticias\\\/#organization\",\"name\":\"Cand\\u00e1s 365\",\"description\":\"Cand\\u00e1s 365 es un diario digital independiente, fundado en 2012, con base en Asturias. Informamos con rigor sobre actualidad, sociedad, cultura y ocio, con una mirada local y global.\",\"url\":\"https:\\\/\\\/candas365.es\\\/noticias\\\/\",\"email\":\"info@candas365.es\",\"telephone\":\"+34652131393\",\"foundingDate\":\"2012-06-10\",\"logo\":{\"@type\":\"ImageObject\",\"url\":\"https:\\\/\\\/candas365.es\\\/noticias\\\/wp-content\\\/uploads\\\/2024\\\/09\\\/Candas-365-Redes.jpg\",\"@id\":\"https:\\\/\\\/candas365.es\\\/noticias\\\/asciende-a-35-numero-de-heridos-por-ataque-de-munich\\\/#organizationLogo\",\"width\":1152,\"height\":864,\"caption\":\"Cand\\u00e1s 365 Redes\"},\"image\":{\"@id\":\"https:\\\/\\\/candas365.es\\\/noticias\\\/asciende-a-35-numero-de-heridos-por-ataque-de-munich\\\/#organizationLogo\"},\"sameAs\":[\"https:\\\/\\\/www.facebook.com\\\/Nachofdezber\",\"https:\\\/\\\/x.com\\\/NabercoDigital\",\"https:\\\/\\\/www.instagram.com\\\/nachofdezber\\\/\",\"https:\\\/\\\/www.youtube.com\\\/channel\\\/UCZP-2wLEB9Rv6erhFmqVnvg\"],\"address\":{\"@id\":\"https:\\\/\\\/candas365.es\\\/noticias\\\/#postaladdress\",\"@type\":\"PostalAddress\",\"streetAddress\":\"san antonio 4, san antonio 4\",\"postalCode\":\"33430\",\"addressLocality\":\"Cand\\u00e1s\",\"addressRegion\":\"Asturias\",\"addressCountry\":\"ES\"}},{\"@type\":\"Person\",\"@id\":\"https:\\\/\\\/candas365.es\\\/noticias\\\/author\\\/admin\\\/#author\",\"url\":\"https:\\\/\\\/candas365.es\\\/noticias\\\/author\\\/admin\\\/\",\"name\":\"Cand\\u00e1s 365\",\"image\":{\"@type\":\"ImageObject\",\"@id\":\"https:\\\/\\\/candas365.es\\\/noticias\\\/asciende-a-35-numero-de-heridos-por-ataque-de-munich\\\/#authorImage\",\"url\":\"https:\\\/\\\/secure.gravatar.com\\\/avatar\\\/496a8e03d0c493ede1718b7934145dbdf8d89be1036b0eec9544e1094c9de390?s=96&d=mm&r=g\",\"width\":96,\"height\":96,\"caption\":\"Cand\\u00e1s 365\"},\"sameAs\":[\"https:\\\/\\\/www.facebook.com\\\/carrenoactualidad\",\"https:\\\/\\\/twitter.com\\\/nbasturias\",\"https:\\\/\\\/www.instagram.com\\\/nachofdezber\\\/\",\"https:\\\/\\\/www.youtube.com\\\/channel\\\/UCZP-2wLEB9Rv6erhFmqVnvg\"]},{\"@type\":\"WebPage\",\"@id\":\"https:\\\/\\\/candas365.es\\\/noticias\\\/asciende-a-35-numero-de-heridos-por-ataque-de-munich\\\/#webpage\",\"url\":\"https:\\\/\\\/candas365.es\\\/noticias\\\/asciende-a-35-numero-de-heridos-por-ataque-de-munich\\\/\",\"name\":\"Asciende a 35 n\\u00famero de heridos por ataque de M\\u00fanich | Cand\\u00e1s 365\",\"description\":\"M\\u00fanich\\\/Berl\\u00edn, 24 jul (dpa) - El n\\u00famero de heridos del ataque perpetrado el viernes por un joven de 18 a\\u00f1os en M\\u00fanich ascendi\\u00f3 a 35, inform\\u00f3 hoy un portavoz de la Oficina Federal de Investigaci\\u00f3n Criminal de Baviera, mientras contin\\u00faan las investigaciones sobre los motivos del tiroteo. De ellos, diez se encuentran en estado grave,\",\"inLanguage\":\"es-ES\",\"isPartOf\":{\"@id\":\"https:\\\/\\\/candas365.es\\\/noticias\\\/#website\"},\"breadcrumb\":{\"@id\":\"https:\\\/\\\/candas365.es\\\/noticias\\\/asciende-a-35-numero-de-heridos-por-ataque-de-munich\\\/#breadcrumblist\"},\"author\":{\"@id\":\"https:\\\/\\\/candas365.es\\\/noticias\\\/author\\\/admin\\\/#author\"},\"creator\":{\"@id\":\"https:\\\/\\\/candas365.es\\\/noticias\\\/author\\\/admin\\\/#author\"},\"image\":{\"@type\":\"ImageObject\",\"url\":\"https:\\\/\\\/candas365.es\\\/noticias\\\/wp-content\\\/uploads\\\/2015\\\/09\\\/c365noticias.jpg\",\"@id\":\"https:\\\/\\\/candas365.es\\\/noticias\\\/asciende-a-35-numero-de-heridos-por-ataque-de-munich\\\/#mainImage\",\"width\":655,\"height\":360},\"primaryImageOfPage\":{\"@id\":\"https:\\\/\\\/candas365.es\\\/noticias\\\/asciende-a-35-numero-de-heridos-por-ataque-de-munich\\\/#mainImage\"},\"datePublished\":\"2016-07-24T22:11:38+02:00\",\"dateModified\":\"2016-07-24T22:11:38+02:00\"},{\"@type\":\"WebSite\",\"@id\":\"https:\\\/\\\/candas365.es\\\/noticias\\\/#website\",\"url\":\"https:\\\/\\\/candas365.es\\\/noticias\\\/\",\"name\":\"Cand\\u00e1s 365\",\"alternateName\":\"Cand\\u00e1s 365 Noticias\",\"description\":\"Actualidad desde Carre\\u00f1o para el mundo\",\"inLanguage\":\"es-ES\",\"publisher\":{\"@id\":\"https:\\\/\\\/candas365.es\\\/noticias\\\/#organization\"}}]}\n\t\t<\/script>\n\t\t<!-- All in One SEO Pro -->\r\n\t\t<title>Asciende a 35 n\u00famero de heridos por ataque de M\u00fanich | Cand\u00e1s 365<\/title>\n\n","aioseo_head_json":{"title":"Asciende a 35 n\u00famero de heridos por ataque de M\u00fanich | Cand\u00e1s 365","description":"M\u00fanich\/Berl\u00edn, 24 jul (dpa) - El n\u00famero de heridos del ataque perpetrado el viernes por un joven de 18 a\u00f1os en M\u00fanich ascendi\u00f3 a 35, inform\u00f3 hoy un portavoz de la Oficina Federal de Investigaci\u00f3n Criminal de Baviera, mientras contin\u00faan las investigaciones sobre los motivos del tiroteo. De ellos, diez se encuentran en estado grave,","canonical_url":"https:\/\/candas365.es\/noticias\/asciende-a-35-numero-de-heridos-por-ataque-de-munich\/","robots":"max-image-preview:large","keywords":"actualidad","webmasterTools":{"google-site-verification":"UA-32230408-1","msvalidate.01":"354F3CDFB2DA171B47FBE9ABF1F88D5","miscellaneous":""},"schema":{"@context":"https:\/\/schema.org","@graph":[{"@type":"BreadcrumbList","@id":"https:\/\/candas365.es\/noticias\/asciende-a-35-numero-de-heridos-por-ataque-de-munich\/#breadcrumblist","itemListElement":[{"@type":"ListItem","@id":"https:\/\/candas365.es\/noticias#listItem","position":1,"name":"Home","item":"https:\/\/candas365.es\/noticias","nextItem":{"@type":"ListItem","@id":"https:\/\/candas365.es\/noticias\/category\/actualidad\/#listItem","name":"Actualidad"}},{"@type":"ListItem","@id":"https:\/\/candas365.es\/noticias\/category\/actualidad\/#listItem","position":2,"name":"Actualidad","item":"https:\/\/candas365.es\/noticias\/category\/actualidad\/","nextItem":{"@type":"ListItem","@id":"https:\/\/candas365.es\/noticias\/asciende-a-35-numero-de-heridos-por-ataque-de-munich\/#listItem","name":"Asciende a 35 n\u00famero de heridos por ataque de M\u00fanich"},"previousItem":{"@type":"ListItem","@id":"https:\/\/candas365.es\/noticias#listItem","name":"Home"}},{"@type":"ListItem","@id":"https:\/\/candas365.es\/noticias\/asciende-a-35-numero-de-heridos-por-ataque-de-munich\/#listItem","position":3,"name":"Asciende a 35 n\u00famero de heridos por ataque de M\u00fanich","previousItem":{"@type":"ListItem","@id":"https:\/\/candas365.es\/noticias\/category\/actualidad\/#listItem","name":"Actualidad"}}]},{"@type":"NewsArticle","@id":"https:\/\/candas365.es\/noticias\/asciende-a-35-numero-de-heridos-por-ataque-de-munich\/#newsarticle","name":"Asciende a 35 n\u00famero de heridos por ataque de M\u00fanich | Cand\u00e1s 365","headline":"Asciende a 35 n\u00famero de heridos por ataque de M\u00fanich","author":{"@id":"https:\/\/candas365.es\/noticias\/author\/admin\/#author"},"publisher":{"@id":"https:\/\/candas365.es\/noticias\/#organization"},"image":{"@type":"ImageObject","url":"https:\/\/candas365.es\/noticias\/wp-content\/uploads\/2015\/09\/c365noticias.jpg","width":655,"height":360},"datePublished":"2016-07-24T22:11:38+02:00","dateModified":"2016-07-24T22:11:38+02:00","inLanguage":"es-ES","mainEntityOfPage":{"@id":"https:\/\/candas365.es\/noticias\/asciende-a-35-numero-de-heridos-por-ataque-de-munich\/#webpage"},"isPartOf":{"@id":"https:\/\/candas365.es\/noticias\/asciende-a-35-numero-de-heridos-por-ataque-de-munich\/#webpage"},"articleSection":"Actualidad","dateline":"Publicado el julio 24, 2016."},{"@type":"Organization","@id":"https:\/\/candas365.es\/noticias\/#organization","name":"Cand\u00e1s 365","description":"Cand\u00e1s 365 es un diario digital independiente, fundado en 2012, con base en Asturias. Informamos con rigor sobre actualidad, sociedad, cultura y ocio, con una mirada local y global.","url":"https:\/\/candas365.es\/noticias\/","email":"info@candas365.es","telephone":"+34652131393","foundingDate":"2012-06-10","logo":{"@type":"ImageObject","url":"https:\/\/candas365.es\/noticias\/wp-content\/uploads\/2024\/09\/Candas-365-Redes.jpg","@id":"https:\/\/candas365.es\/noticias\/asciende-a-35-numero-de-heridos-por-ataque-de-munich\/#organizationLogo","width":1152,"height":864,"caption":"Cand\u00e1s 365 Redes"},"image":{"@id":"https:\/\/candas365.es\/noticias\/asciende-a-35-numero-de-heridos-por-ataque-de-munich\/#organizationLogo"},"sameAs":["https:\/\/www.facebook.com\/Nachofdezber","https:\/\/x.com\/NabercoDigital","https:\/\/www.instagram.com\/nachofdezber\/","https:\/\/www.youtube.com\/channel\/UCZP-2wLEB9Rv6erhFmqVnvg"],"address":{"@id":"https:\/\/candas365.es\/noticias\/#postaladdress","@type":"PostalAddress","streetAddress":"san antonio 4, san antonio 4","postalCode":"33430","addressLocality":"Cand\u00e1s","addressRegion":"Asturias","addressCountry":"ES"}},{"@type":"Person","@id":"https:\/\/candas365.es\/noticias\/author\/admin\/#author","url":"https:\/\/candas365.es\/noticias\/author\/admin\/","name":"Cand\u00e1s 365","image":{"@type":"ImageObject","@id":"https:\/\/candas365.es\/noticias\/asciende-a-35-numero-de-heridos-por-ataque-de-munich\/#authorImage","url":"https:\/\/secure.gravatar.com\/avatar\/496a8e03d0c493ede1718b7934145dbdf8d89be1036b0eec9544e1094c9de390?s=96&d=mm&r=g","width":96,"height":96,"caption":"Cand\u00e1s 365"},"sameAs":["https:\/\/www.facebook.com\/carrenoactualidad","https:\/\/twitter.com\/nbasturias","https:\/\/www.instagram.com\/nachofdezber\/","https:\/\/www.youtube.com\/channel\/UCZP-2wLEB9Rv6erhFmqVnvg"]},{"@type":"WebPage","@id":"https:\/\/candas365.es\/noticias\/asciende-a-35-numero-de-heridos-por-ataque-de-munich\/#webpage","url":"https:\/\/candas365.es\/noticias\/asciende-a-35-numero-de-heridos-por-ataque-de-munich\/","name":"Asciende a 35 n\u00famero de heridos por ataque de M\u00fanich | Cand\u00e1s 365","description":"M\u00fanich\/Berl\u00edn, 24 jul (dpa) - El n\u00famero de heridos del ataque perpetrado el viernes por un joven de 18 a\u00f1os en M\u00fanich ascendi\u00f3 a 35, inform\u00f3 hoy un portavoz de la Oficina Federal de Investigaci\u00f3n Criminal de Baviera, mientras contin\u00faan las investigaciones sobre los motivos del tiroteo. De ellos, diez se encuentran en estado grave,","inLanguage":"es-ES","isPartOf":{"@id":"https:\/\/candas365.es\/noticias\/#website"},"breadcrumb":{"@id":"https:\/\/candas365.es\/noticias\/asciende-a-35-numero-de-heridos-por-ataque-de-munich\/#breadcrumblist"},"author":{"@id":"https:\/\/candas365.es\/noticias\/author\/admin\/#author"},"creator":{"@id":"https:\/\/candas365.es\/noticias\/author\/admin\/#author"},"image":{"@type":"ImageObject","url":"https:\/\/candas365.es\/noticias\/wp-content\/uploads\/2015\/09\/c365noticias.jpg","@id":"https:\/\/candas365.es\/noticias\/asciende-a-35-numero-de-heridos-por-ataque-de-munich\/#mainImage","width":655,"height":360},"primaryImageOfPage":{"@id":"https:\/\/candas365.es\/noticias\/asciende-a-35-numero-de-heridos-por-ataque-de-munich\/#mainImage"},"datePublished":"2016-07-24T22:11:38+02:00","dateModified":"2016-07-24T22:11:38+02:00"},{"@type":"WebSite","@id":"https:\/\/candas365.es\/noticias\/#website","url":"https:\/\/candas365.es\/noticias\/","name":"Cand\u00e1s 365","alternateName":"Cand\u00e1s 365 Noticias","description":"Actualidad desde Carre\u00f1o para el mundo","inLanguage":"es-ES","publisher":{"@id":"https:\/\/candas365.es\/noticias\/#organization"}}]},"og:locale":"es_ES","og:site_name":"Cand\u00e1s 365","og:type":"article","og:title":"Asciende a 35 n\u00famero de heridos por ataque de M\u00fanich | Cand\u00e1s 365","og:description":"M\u00fanich\/Berl\u00edn, 24 jul (dpa) - El n\u00famero de heridos del ataque perpetrado el viernes por un joven de 18 a\u00f1os en M\u00fanich ascendi\u00f3 a 35, inform\u00f3 hoy un portavoz de la Oficina Federal de Investigaci\u00f3n Criminal de Baviera, mientras contin\u00faan las investigaciones sobre los motivos del tiroteo. De ellos, diez se encuentran en estado grave,","og:url":"https:\/\/candas365.es\/noticias\/asciende-a-35-numero-de-heridos-por-ataque-de-munich\/","og:image":"https:\/\/candas365.es\/noticias\/wp-content\/uploads\/2015\/09\/c365noticias.jpg","og:image:secure_url":"https:\/\/candas365.es\/noticias\/wp-content\/uploads\/2015\/09\/c365noticias.jpg","og:image:width":655,"og:image:height":360,"article:published_time":"2016-07-24T20:41:38+00:00","article:modified_time":"2016-07-24T20:41:38+00:00","article:publisher":"https:\/\/www.facebook.com\/Nachofdezber","article:author":"https:\/\/www.facebook.com\/carrenoactualidad","twitter:card":"summary_large_image","twitter:site":"@NabercoDigital","twitter:title":"Asciende a 35 n\u00famero de heridos por ataque de M\u00fanich | Cand\u00e1s 365","twitter:description":"M\u00fanich\/Berl\u00edn, 24 jul (dpa) - El n\u00famero de heridos del ataque perpetrado el viernes por un joven de 18 a\u00f1os en M\u00fanich ascendi\u00f3 a 35, inform\u00f3 hoy un portavoz de la Oficina Federal de Investigaci\u00f3n Criminal de Baviera, mientras contin\u00faan las investigaciones sobre los motivos del tiroteo. De ellos, diez se encuentran en estado grave,","twitter:creator":"@nbasturias","twitter:image":"https:\/\/candas365.es\/noticias\/wp-content\/uploads\/2015\/09\/c365noticias.jpg","twitter:label1":"Escrito por","twitter:data1":"Cand\u00e1s 365","twitter:label2":"Tiempo de lectura estimado","twitter:data2":"3 minutos"},"aioseo_meta_data":{"post_id":"32594","title":null,"description":null,"keywords":null,"keyphrases":null,"primary_term":null,"canonical_url":null,"og_title":null,"og_description":null,"og_object_type":"default","og_image_type":"default","og_image_url":null,"og_image_width":null,"og_image_height":null,"og_image_custom_url":null,"og_image_custom_fields":null,"og_video":null,"og_custom_url":null,"og_article_section":null,"og_article_tags":null,"twitter_use_og":false,"twitter_card":"default","twitter_image_type":"default","twitter_image_url":null,"twitter_image_custom_url":null,"twitter_image_custom_fields":null,"twitter_title":null,"twitter_description":null,"schema":{"blockGraphs":[],"customGraphs":[],"default":{"data":{"Article":[],"Course":[],"Dataset":[],"FAQPage":[],"Movie":[],"Person":[],"Product":[],"ProductReview":[],"Car":[],"Recipe":[],"Service":[],"SoftwareApplication":[],"WebPage":[]},"graphName":"","isEnabled":true},"graphs":[],"defaultGraph":"","defaultPostTypeGraph":""},"schema_type":null,"schema_type_options":null,"pillar_content":false,"robots_default":true,"robots_noindex":false,"robots_noarchive":false,"robots_nosnippet":false,"robots_nofollow":false,"robots_noimageindex":false,"robots_noodp":false,"robots_notranslate":false,"robots_max_snippet":null,"robots_max_videopreview":null,"robots_max_imagepreview":"large","priority":null,"frequency":null,"location":null,"local_seo":null,"seo_analyzer_scan_date":"2025-08-24 15:38:09","breadcrumb_settings":null,"limit_modified_date":false,"reviewed_by":null,"open_ai":null,"ai":null,"created":"2020-12-21 13:04:47","updated":"2025-08-24 15:38:09"},"aioseo_breadcrumb":"<div class=\"aioseo-breadcrumbs\"><span class=\"aioseo-breadcrumb\">\n\t<a href=\"https:\/\/candas365.es\/noticias\" title=\"Home\">Home<\/a>\n<\/span><span class=\"aioseo-breadcrumb-separator\">&ndash;<\/span><span class=\"aioseo-breadcrumb\">\n\t<a href=\"https:\/\/candas365.es\/noticias\/category\/actualidad\/\" title=\"Actualidad\">Actualidad<\/a>\n<\/span><span class=\"aioseo-breadcrumb-separator\">&ndash;<\/span><span class=\"aioseo-breadcrumb\">\n\tAsciende a 35 n\u00famero de heridos por ataque de M\u00fanich\n<\/span><\/div>","aioseo_breadcrumb_json":[{"label":"Home","link":"https:\/\/candas365.es\/noticias"},{"label":"Actualidad","link":"https:\/\/candas365.es\/noticias\/category\/actualidad\/"},{"label":"Asciende a 35 n\u00famero de heridos por ataque de M\u00fanich","link":"https:\/\/candas365.es\/noticias\/asciende-a-35-numero-de-heridos-por-ataque-de-munich\/"}],"_links":{"self":[{"href":"https:\/\/candas365.es\/noticias\/wp-json\/wp\/v2\/posts\/32594","targetHints":{"allow":["GET"]}}],"collection":[{"href":"https:\/\/candas365.es\/noticias\/wp-json\/wp\/v2\/posts"}],"about":[{"href":"https:\/\/candas365.es\/noticias\/wp-json\/wp\/v2\/types\/post"}],"author":[{"embeddable":true,"href":"https:\/\/candas365.es\/noticias\/wp-json\/wp\/v2\/users\/1"}],"replies":[{"embeddable":true,"href":"https:\/\/candas365.es\/noticias\/wp-json\/wp\/v2\/comments?post=32594"}],"version-history":[{"count":0,"href":"https:\/\/candas365.es\/noticias\/wp-json\/wp\/v2\/posts\/32594\/revisions"}],"wp:featuredmedia":[{"embeddable":true,"href":"https:\/\/candas365.es\/noticias\/wp-json\/wp\/v2\/media\/16457"}],"wp:attachment":[{"href":"https:\/\/candas365.es\/noticias\/wp-json\/wp\/v2\/media?parent=32594"}],"wp:term":[{"taxonomy":"category","embeddable":true,"href":"https:\/\/candas365.es\/noticias\/wp-json\/wp\/v2\/categories?post=32594"},{"taxonomy":"post_tag","embeddable":true,"href":"https:\/\/candas365.es\/noticias\/wp-json\/wp\/v2\/tags?post=32594"}],"curies":[{"name":"wp","href":"https:\/\/api.w.org\/{rel}","templated":true}]}}