{"id":32592,"date":"2016-07-24T22:11:01","date_gmt":"2016-07-24T20:41:01","guid":{"rendered":"http:\/\/candas365.es\/noticias\/?p=32592"},"modified":"2016-07-24T22:11:01","modified_gmt":"2016-07-24T20:41:01","slug":"el-bayern-munich-se-impuso-al-spvgg-landshut","status":"publish","type":"post","link":"https:\/\/candas365.es\/noticias\/el-bayern-munich-se-impuso-al-spvgg-landshut\/","title":{"rendered":"El Bayern M\u00fanich se impuso al SpVgg Landshut"},"content":{"rendered":"<p>Landshut (Alemania), 24 jul (dpa) &#8211; El Bayern M\u00fanich se impuso el s\u00e1bado 3-0 al humilde SpVgg Landshut en un partido de pretemporada marcado por el dolor en Alemania tras el ataque del viernes en un centro comercial de la capital b\u00e1vara.<\/p>\n<p>Tras un minuto de silencio en homenaje a las v\u00edctimas, el campe\u00f3n alem\u00e1n se impuso en campo rival con goles de Franck Rib\u00e9ry (34 minutos), David Alaba (39&#8242;) y el juvenil Daniel H\u00e4gler (79&#8242;).<\/p>\n<p>El equipo dirigido por Carlo Ancelotti no brill\u00f3 y sac\u00f3 una diferencia relativamente exigua ante un rival que milita en la liga regional de Baviera. <\/p>\n<p>El campe\u00f3n alem\u00e1n sum\u00f3 de todas formas su tercera victoria consecutiva en la pretemporada despu\u00e9s de la victoria por 4-3 sobre el Lippstadt el s\u00e1bado pasado y el 1-0 ante el Manchester City el mi\u00e9rcoles.<\/p>\n<p>En el encuentro, disputado ante 7.500 espectadores, Ancelotti opt\u00f3 por reservar a los espa\u00f1oles Xabi Alonso y Thiago Alc\u00e1ntara, que regresaron reci\u00e9n esta semana a las pr\u00e1cticas tras su participaci\u00f3n en la Eurocopa de Francia. El lunes, el equipo viajar\u00e1 a Estados Unidos para continuar all\u00ed su pretemporada.<\/p>\n<p>M\u00e1s all\u00e1 de lo deportivo, el partido estuvo marcado por la consternaci\u00f3n despu\u00e9s del tiroteo perpetrado en M\u00fanich por un joven alem\u00e1n-iran\u00ed de 18 a\u00f1os, quien mat\u00f3 a nueve personas antes de quitarse la vida. Ambos equipos lucieron crespones de luto.<\/p>\n<p>\u00abEstamos horrorizados por este abominable hecho\u00bb, se\u00f1al\u00f3 Karl-Heinz Rummenigge, el jefe de la junta directiva del Bayern.<\/p>\n","protected":false},"excerpt":{"rendered":"<p>Landshut (Alemania), 24 jul (dpa) &#8211; El Bayern M\u00fanich se impuso el s\u00e1bado 3-0 al humilde SpVgg Landshut en un partido de pretemporada marcado por el dolor en Alemania tras el ataque del viernes en un centro comercial de la capital b\u00e1vara. Tras un minuto de silencio en homenaje a las v\u00edctimas, el campe\u00f3n alem\u00e1n<\/p>\n","protected":false},"author":1,"featured_media":21654,"comment_status":"closed","ping_status":"closed","sticky":false,"template":"","format":"standard","meta":{"footnotes":""},"categories":[343],"tags":[],"class_list":{"0":"post-32592","1":"post","2":"type-post","3":"status-publish","4":"format-standard","5":"has-post-thumbnail","7":"category-actualidad"},"aioseo_notices":[],"aioseo_head":"\n\t\t<!-- All in One SEO Pro 4.9.6.2 - aioseo.com -->\n\t<meta name=\"description\" content=\"Landshut (Alemania), 24 jul (dpa) - El Bayern M\u00fanich se impuso el s\u00e1bado 3-0 al humilde SpVgg Landshut en un partido de pretemporada marcado por el dolor en Alemania tras el ataque del viernes en un centro comercial de la capital b\u00e1vara. Tras un minuto de silencio en homenaje a las v\u00edctimas, el campe\u00f3n alem\u00e1n\" \/>\n\t<meta name=\"robots\" content=\"max-image-preview:large\" \/>\n\t<meta name=\"author\" content=\"Cand\u00e1s 365\"\/>\n\t<meta name=\"google-site-verification\" content=\"UA-32230408-1\" \/>\n\t<meta name=\"msvalidate.01\" content=\"354F3CDFB2DA171B47FBE9ABF1F88D5\" \/>\n\t<meta name=\"keywords\" content=\"actualidad\" \/>\n\t<link rel=\"canonical\" href=\"https:\/\/candas365.es\/noticias\/el-bayern-munich-se-impuso-al-spvgg-landshut\/\" \/>\n\t<meta name=\"generator\" content=\"All in One SEO Pro (AIOSEO) 4.9.6.2\" \/>\n\t\t<meta property=\"og:locale\" content=\"es_ES\" \/>\n\t\t<meta property=\"og:site_name\" content=\"Cand\u00e1s 365\" \/>\n\t\t<meta property=\"og:type\" content=\"article\" \/>\n\t\t<meta property=\"og:title\" content=\"El Bayern M\u00fanich se impuso al SpVgg Landshut | Cand\u00e1s 365\" \/>\n\t\t<meta property=\"og:description\" content=\"Landshut (Alemania), 24 jul (dpa) - El Bayern M\u00fanich se impuso el s\u00e1bado 3-0 al humilde SpVgg Landshut en un partido de pretemporada marcado por el dolor en Alemania tras el ataque del viernes en un centro comercial de la capital b\u00e1vara. Tras un minuto de silencio en homenaje a las v\u00edctimas, el campe\u00f3n alem\u00e1n\" \/>\n\t\t<meta property=\"og:url\" content=\"https:\/\/candas365.es\/noticias\/el-bayern-munich-se-impuso-al-spvgg-landshut\/\" \/>\n\t\t<meta property=\"og:image\" content=\"https:\/\/candas365.es\/noticias\/wp-content\/uploads\/2015\/12\/bayern.jpg\" \/>\n\t\t<meta property=\"og:image:secure_url\" content=\"https:\/\/candas365.es\/noticias\/wp-content\/uploads\/2015\/12\/bayern.jpg\" \/>\n\t\t<meta property=\"og:image:width\" content=\"655\" \/>\n\t\t<meta property=\"og:image:height\" content=\"360\" \/>\n\t\t<meta property=\"article:published_time\" content=\"2016-07-24T20:41:01+00:00\" \/>\n\t\t<meta property=\"article:modified_time\" content=\"2016-07-24T20:41:01+00:00\" \/>\n\t\t<meta property=\"article:publisher\" content=\"https:\/\/www.facebook.com\/Nachofdezber\" \/>\n\t\t<meta property=\"article:author\" content=\"https:\/\/www.facebook.com\/carrenoactualidad\" \/>\n\t\t<meta name=\"twitter:card\" content=\"summary_large_image\" \/>\n\t\t<meta name=\"twitter:site\" content=\"@NabercoDigital\" \/>\n\t\t<meta name=\"twitter:title\" content=\"El Bayern M\u00fanich se impuso al SpVgg Landshut | Cand\u00e1s 365\" \/>\n\t\t<meta name=\"twitter:description\" content=\"Landshut (Alemania), 24 jul (dpa) - El Bayern M\u00fanich se impuso el s\u00e1bado 3-0 al humilde SpVgg Landshut en un partido de pretemporada marcado por el dolor en Alemania tras el ataque del viernes en un centro comercial de la capital b\u00e1vara. Tras un minuto de silencio en homenaje a las v\u00edctimas, el campe\u00f3n alem\u00e1n\" \/>\n\t\t<meta name=\"twitter:creator\" content=\"@nbasturias\" \/>\n\t\t<meta name=\"twitter:image\" content=\"https:\/\/candas365.es\/noticias\/wp-content\/uploads\/2015\/12\/bayern.jpg\" \/>\n\t\t<meta name=\"twitter:label1\" content=\"Escrito por\" \/>\n\t\t<meta name=\"twitter:data1\" content=\"Cand\u00e1s 365\" \/>\n\t\t<meta name=\"twitter:label2\" content=\"Tiempo de lectura estimado\" \/>\n\t\t<meta name=\"twitter:data2\" content=\"1 minuto\" \/>\n\t\t<script type=\"application\/ld+json\" class=\"aioseo-schema\">\n\t\t\t{\"@context\":\"https:\\\/\\\/schema.org\",\"@graph\":[{\"@type\":\"BreadcrumbList\",\"@id\":\"https:\\\/\\\/candas365.es\\\/noticias\\\/el-bayern-munich-se-impuso-al-spvgg-landshut\\\/#breadcrumblist\",\"itemListElement\":[{\"@type\":\"ListItem\",\"@id\":\"https:\\\/\\\/candas365.es\\\/noticias#listItem\",\"position\":1,\"name\":\"Home\",\"item\":\"https:\\\/\\\/candas365.es\\\/noticias\",\"nextItem\":{\"@type\":\"ListItem\",\"@id\":\"https:\\\/\\\/candas365.es\\\/noticias\\\/category\\\/actualidad\\\/#listItem\",\"name\":\"Actualidad\"}},{\"@type\":\"ListItem\",\"@id\":\"https:\\\/\\\/candas365.es\\\/noticias\\\/category\\\/actualidad\\\/#listItem\",\"position\":2,\"name\":\"Actualidad\",\"item\":\"https:\\\/\\\/candas365.es\\\/noticias\\\/category\\\/actualidad\\\/\",\"nextItem\":{\"@type\":\"ListItem\",\"@id\":\"https:\\\/\\\/candas365.es\\\/noticias\\\/el-bayern-munich-se-impuso-al-spvgg-landshut\\\/#listItem\",\"name\":\"El Bayern M\\u00fanich se impuso al SpVgg Landshut\"},\"previousItem\":{\"@type\":\"ListItem\",\"@id\":\"https:\\\/\\\/candas365.es\\\/noticias#listItem\",\"name\":\"Home\"}},{\"@type\":\"ListItem\",\"@id\":\"https:\\\/\\\/candas365.es\\\/noticias\\\/el-bayern-munich-se-impuso-al-spvgg-landshut\\\/#listItem\",\"position\":3,\"name\":\"El Bayern M\\u00fanich se impuso al SpVgg Landshut\",\"previousItem\":{\"@type\":\"ListItem\",\"@id\":\"https:\\\/\\\/candas365.es\\\/noticias\\\/category\\\/actualidad\\\/#listItem\",\"name\":\"Actualidad\"}}]},{\"@type\":\"NewsArticle\",\"@id\":\"https:\\\/\\\/candas365.es\\\/noticias\\\/el-bayern-munich-se-impuso-al-spvgg-landshut\\\/#newsarticle\",\"name\":\"El Bayern M\\u00fanich se impuso al SpVgg Landshut | Cand\\u00e1s 365\",\"headline\":\"El Bayern M\\u00fanich se impuso al SpVgg Landshut\",\"author\":{\"@id\":\"https:\\\/\\\/candas365.es\\\/noticias\\\/author\\\/admin\\\/#author\"},\"publisher\":{\"@id\":\"https:\\\/\\\/candas365.es\\\/noticias\\\/#organization\"},\"image\":{\"@type\":\"ImageObject\",\"url\":\"https:\\\/\\\/candas365.es\\\/noticias\\\/wp-content\\\/uploads\\\/2015\\\/12\\\/bayern.jpg\",\"width\":655,\"height\":360},\"datePublished\":\"2016-07-24T22:11:01+02:00\",\"dateModified\":\"2016-07-24T22:11:01+02:00\",\"inLanguage\":\"es-ES\",\"mainEntityOfPage\":{\"@id\":\"https:\\\/\\\/candas365.es\\\/noticias\\\/el-bayern-munich-se-impuso-al-spvgg-landshut\\\/#webpage\"},\"isPartOf\":{\"@id\":\"https:\\\/\\\/candas365.es\\\/noticias\\\/el-bayern-munich-se-impuso-al-spvgg-landshut\\\/#webpage\"},\"articleSection\":\"Actualidad\",\"dateline\":\"Publicado el julio 24, 2016.\"},{\"@type\":\"Organization\",\"@id\":\"https:\\\/\\\/candas365.es\\\/noticias\\\/#organization\",\"name\":\"Cand\\u00e1s 365\",\"description\":\"Cand\\u00e1s 365 es un diario digital independiente, fundado en 2012, con base en Asturias. Informamos con rigor sobre actualidad, sociedad, cultura y ocio, con una mirada local y global.\",\"url\":\"https:\\\/\\\/candas365.es\\\/noticias\\\/\",\"email\":\"info@candas365.es\",\"telephone\":\"+34652131393\",\"foundingDate\":\"2012-06-10\",\"logo\":{\"@type\":\"ImageObject\",\"url\":\"https:\\\/\\\/candas365.es\\\/noticias\\\/wp-content\\\/uploads\\\/2024\\\/09\\\/Candas-365-Redes.jpg\",\"@id\":\"https:\\\/\\\/candas365.es\\\/noticias\\\/el-bayern-munich-se-impuso-al-spvgg-landshut\\\/#organizationLogo\",\"width\":1152,\"height\":864,\"caption\":\"Cand\\u00e1s 365 Redes\"},\"image\":{\"@id\":\"https:\\\/\\\/candas365.es\\\/noticias\\\/el-bayern-munich-se-impuso-al-spvgg-landshut\\\/#organizationLogo\"},\"sameAs\":[\"https:\\\/\\\/www.facebook.com\\\/Nachofdezber\",\"https:\\\/\\\/x.com\\\/NabercoDigital\",\"https:\\\/\\\/www.instagram.com\\\/nachofdezber\\\/\",\"https:\\\/\\\/www.youtube.com\\\/channel\\\/UCZP-2wLEB9Rv6erhFmqVnvg\"],\"address\":{\"@id\":\"https:\\\/\\\/candas365.es\\\/noticias\\\/#postaladdress\",\"@type\":\"PostalAddress\",\"streetAddress\":\"san antonio 4, san antonio 4\",\"postalCode\":\"33430\",\"addressLocality\":\"Cand\\u00e1s\",\"addressRegion\":\"Asturias\",\"addressCountry\":\"ES\"}},{\"@type\":\"Person\",\"@id\":\"https:\\\/\\\/candas365.es\\\/noticias\\\/author\\\/admin\\\/#author\",\"url\":\"https:\\\/\\\/candas365.es\\\/noticias\\\/author\\\/admin\\\/\",\"name\":\"Cand\\u00e1s 365\",\"image\":{\"@type\":\"ImageObject\",\"@id\":\"https:\\\/\\\/candas365.es\\\/noticias\\\/el-bayern-munich-se-impuso-al-spvgg-landshut\\\/#authorImage\",\"url\":\"https:\\\/\\\/secure.gravatar.com\\\/avatar\\\/496a8e03d0c493ede1718b7934145dbdf8d89be1036b0eec9544e1094c9de390?s=96&d=mm&r=g\",\"width\":96,\"height\":96,\"caption\":\"Cand\\u00e1s 365\"},\"sameAs\":[\"https:\\\/\\\/www.facebook.com\\\/carrenoactualidad\",\"https:\\\/\\\/twitter.com\\\/nbasturias\",\"https:\\\/\\\/www.instagram.com\\\/nachofdezber\\\/\",\"https:\\\/\\\/www.youtube.com\\\/channel\\\/UCZP-2wLEB9Rv6erhFmqVnvg\"]},{\"@type\":\"WebPage\",\"@id\":\"https:\\\/\\\/candas365.es\\\/noticias\\\/el-bayern-munich-se-impuso-al-spvgg-landshut\\\/#webpage\",\"url\":\"https:\\\/\\\/candas365.es\\\/noticias\\\/el-bayern-munich-se-impuso-al-spvgg-landshut\\\/\",\"name\":\"El Bayern M\\u00fanich se impuso al SpVgg Landshut | Cand\\u00e1s 365\",\"description\":\"Landshut (Alemania), 24 jul (dpa) - El Bayern M\\u00fanich se impuso el s\\u00e1bado 3-0 al humilde SpVgg Landshut en un partido de pretemporada marcado por el dolor en Alemania tras el ataque del viernes en un centro comercial de la capital b\\u00e1vara. Tras un minuto de silencio en homenaje a las v\\u00edctimas, el campe\\u00f3n alem\\u00e1n\",\"inLanguage\":\"es-ES\",\"isPartOf\":{\"@id\":\"https:\\\/\\\/candas365.es\\\/noticias\\\/#website\"},\"breadcrumb\":{\"@id\":\"https:\\\/\\\/candas365.es\\\/noticias\\\/el-bayern-munich-se-impuso-al-spvgg-landshut\\\/#breadcrumblist\"},\"author\":{\"@id\":\"https:\\\/\\\/candas365.es\\\/noticias\\\/author\\\/admin\\\/#author\"},\"creator\":{\"@id\":\"https:\\\/\\\/candas365.es\\\/noticias\\\/author\\\/admin\\\/#author\"},\"image\":{\"@type\":\"ImageObject\",\"url\":\"https:\\\/\\\/candas365.es\\\/noticias\\\/wp-content\\\/uploads\\\/2015\\\/12\\\/bayern.jpg\",\"@id\":\"https:\\\/\\\/candas365.es\\\/noticias\\\/el-bayern-munich-se-impuso-al-spvgg-landshut\\\/#mainImage\",\"width\":655,\"height\":360},\"primaryImageOfPage\":{\"@id\":\"https:\\\/\\\/candas365.es\\\/noticias\\\/el-bayern-munich-se-impuso-al-spvgg-landshut\\\/#mainImage\"},\"datePublished\":\"2016-07-24T22:11:01+02:00\",\"dateModified\":\"2016-07-24T22:11:01+02:00\"},{\"@type\":\"WebSite\",\"@id\":\"https:\\\/\\\/candas365.es\\\/noticias\\\/#website\",\"url\":\"https:\\\/\\\/candas365.es\\\/noticias\\\/\",\"name\":\"Cand\\u00e1s 365\",\"alternateName\":\"Cand\\u00e1s 365 Noticias\",\"description\":\"Actualidad desde Carre\\u00f1o para el mundo\",\"inLanguage\":\"es-ES\",\"publisher\":{\"@id\":\"https:\\\/\\\/candas365.es\\\/noticias\\\/#organization\"}}]}\n\t\t<\/script>\n\t\t<!-- All in One SEO Pro -->\r\n\t\t<title>El Bayern M\u00fanich se impuso al SpVgg Landshut | Cand\u00e1s 365<\/title>\n\n","aioseo_head_json":{"title":"El Bayern M\u00fanich se impuso al SpVgg Landshut | Cand\u00e1s 365","description":"Landshut (Alemania), 24 jul (dpa) - El Bayern M\u00fanich se impuso el s\u00e1bado 3-0 al humilde SpVgg Landshut en un partido de pretemporada marcado por el dolor en Alemania tras el ataque del viernes en un centro comercial de la capital b\u00e1vara. Tras un minuto de silencio en homenaje a las v\u00edctimas, el campe\u00f3n alem\u00e1n","canonical_url":"https:\/\/candas365.es\/noticias\/el-bayern-munich-se-impuso-al-spvgg-landshut\/","robots":"max-image-preview:large","keywords":"actualidad","webmasterTools":{"google-site-verification":"UA-32230408-1","msvalidate.01":"354F3CDFB2DA171B47FBE9ABF1F88D5","miscellaneous":""},"schema":{"@context":"https:\/\/schema.org","@graph":[{"@type":"BreadcrumbList","@id":"https:\/\/candas365.es\/noticias\/el-bayern-munich-se-impuso-al-spvgg-landshut\/#breadcrumblist","itemListElement":[{"@type":"ListItem","@id":"https:\/\/candas365.es\/noticias#listItem","position":1,"name":"Home","item":"https:\/\/candas365.es\/noticias","nextItem":{"@type":"ListItem","@id":"https:\/\/candas365.es\/noticias\/category\/actualidad\/#listItem","name":"Actualidad"}},{"@type":"ListItem","@id":"https:\/\/candas365.es\/noticias\/category\/actualidad\/#listItem","position":2,"name":"Actualidad","item":"https:\/\/candas365.es\/noticias\/category\/actualidad\/","nextItem":{"@type":"ListItem","@id":"https:\/\/candas365.es\/noticias\/el-bayern-munich-se-impuso-al-spvgg-landshut\/#listItem","name":"El Bayern M\u00fanich se impuso al SpVgg Landshut"},"previousItem":{"@type":"ListItem","@id":"https:\/\/candas365.es\/noticias#listItem","name":"Home"}},{"@type":"ListItem","@id":"https:\/\/candas365.es\/noticias\/el-bayern-munich-se-impuso-al-spvgg-landshut\/#listItem","position":3,"name":"El Bayern M\u00fanich se impuso al SpVgg Landshut","previousItem":{"@type":"ListItem","@id":"https:\/\/candas365.es\/noticias\/category\/actualidad\/#listItem","name":"Actualidad"}}]},{"@type":"NewsArticle","@id":"https:\/\/candas365.es\/noticias\/el-bayern-munich-se-impuso-al-spvgg-landshut\/#newsarticle","name":"El Bayern M\u00fanich se impuso al SpVgg Landshut | Cand\u00e1s 365","headline":"El Bayern M\u00fanich se impuso al SpVgg Landshut","author":{"@id":"https:\/\/candas365.es\/noticias\/author\/admin\/#author"},"publisher":{"@id":"https:\/\/candas365.es\/noticias\/#organization"},"image":{"@type":"ImageObject","url":"https:\/\/candas365.es\/noticias\/wp-content\/uploads\/2015\/12\/bayern.jpg","width":655,"height":360},"datePublished":"2016-07-24T22:11:01+02:00","dateModified":"2016-07-24T22:11:01+02:00","inLanguage":"es-ES","mainEntityOfPage":{"@id":"https:\/\/candas365.es\/noticias\/el-bayern-munich-se-impuso-al-spvgg-landshut\/#webpage"},"isPartOf":{"@id":"https:\/\/candas365.es\/noticias\/el-bayern-munich-se-impuso-al-spvgg-landshut\/#webpage"},"articleSection":"Actualidad","dateline":"Publicado el julio 24, 2016."},{"@type":"Organization","@id":"https:\/\/candas365.es\/noticias\/#organization","name":"Cand\u00e1s 365","description":"Cand\u00e1s 365 es un diario digital independiente, fundado en 2012, con base en Asturias. Informamos con rigor sobre actualidad, sociedad, cultura y ocio, con una mirada local y global.","url":"https:\/\/candas365.es\/noticias\/","email":"info@candas365.es","telephone":"+34652131393","foundingDate":"2012-06-10","logo":{"@type":"ImageObject","url":"https:\/\/candas365.es\/noticias\/wp-content\/uploads\/2024\/09\/Candas-365-Redes.jpg","@id":"https:\/\/candas365.es\/noticias\/el-bayern-munich-se-impuso-al-spvgg-landshut\/#organizationLogo","width":1152,"height":864,"caption":"Cand\u00e1s 365 Redes"},"image":{"@id":"https:\/\/candas365.es\/noticias\/el-bayern-munich-se-impuso-al-spvgg-landshut\/#organizationLogo"},"sameAs":["https:\/\/www.facebook.com\/Nachofdezber","https:\/\/x.com\/NabercoDigital","https:\/\/www.instagram.com\/nachofdezber\/","https:\/\/www.youtube.com\/channel\/UCZP-2wLEB9Rv6erhFmqVnvg"],"address":{"@id":"https:\/\/candas365.es\/noticias\/#postaladdress","@type":"PostalAddress","streetAddress":"san antonio 4, san antonio 4","postalCode":"33430","addressLocality":"Cand\u00e1s","addressRegion":"Asturias","addressCountry":"ES"}},{"@type":"Person","@id":"https:\/\/candas365.es\/noticias\/author\/admin\/#author","url":"https:\/\/candas365.es\/noticias\/author\/admin\/","name":"Cand\u00e1s 365","image":{"@type":"ImageObject","@id":"https:\/\/candas365.es\/noticias\/el-bayern-munich-se-impuso-al-spvgg-landshut\/#authorImage","url":"https:\/\/secure.gravatar.com\/avatar\/496a8e03d0c493ede1718b7934145dbdf8d89be1036b0eec9544e1094c9de390?s=96&d=mm&r=g","width":96,"height":96,"caption":"Cand\u00e1s 365"},"sameAs":["https:\/\/www.facebook.com\/carrenoactualidad","https:\/\/twitter.com\/nbasturias","https:\/\/www.instagram.com\/nachofdezber\/","https:\/\/www.youtube.com\/channel\/UCZP-2wLEB9Rv6erhFmqVnvg"]},{"@type":"WebPage","@id":"https:\/\/candas365.es\/noticias\/el-bayern-munich-se-impuso-al-spvgg-landshut\/#webpage","url":"https:\/\/candas365.es\/noticias\/el-bayern-munich-se-impuso-al-spvgg-landshut\/","name":"El Bayern M\u00fanich se impuso al SpVgg Landshut | Cand\u00e1s 365","description":"Landshut (Alemania), 24 jul (dpa) - El Bayern M\u00fanich se impuso el s\u00e1bado 3-0 al humilde SpVgg Landshut en un partido de pretemporada marcado por el dolor en Alemania tras el ataque del viernes en un centro comercial de la capital b\u00e1vara. Tras un minuto de silencio en homenaje a las v\u00edctimas, el campe\u00f3n alem\u00e1n","inLanguage":"es-ES","isPartOf":{"@id":"https:\/\/candas365.es\/noticias\/#website"},"breadcrumb":{"@id":"https:\/\/candas365.es\/noticias\/el-bayern-munich-se-impuso-al-spvgg-landshut\/#breadcrumblist"},"author":{"@id":"https:\/\/candas365.es\/noticias\/author\/admin\/#author"},"creator":{"@id":"https:\/\/candas365.es\/noticias\/author\/admin\/#author"},"image":{"@type":"ImageObject","url":"https:\/\/candas365.es\/noticias\/wp-content\/uploads\/2015\/12\/bayern.jpg","@id":"https:\/\/candas365.es\/noticias\/el-bayern-munich-se-impuso-al-spvgg-landshut\/#mainImage","width":655,"height":360},"primaryImageOfPage":{"@id":"https:\/\/candas365.es\/noticias\/el-bayern-munich-se-impuso-al-spvgg-landshut\/#mainImage"},"datePublished":"2016-07-24T22:11:01+02:00","dateModified":"2016-07-24T22:11:01+02:00"},{"@type":"WebSite","@id":"https:\/\/candas365.es\/noticias\/#website","url":"https:\/\/candas365.es\/noticias\/","name":"Cand\u00e1s 365","alternateName":"Cand\u00e1s 365 Noticias","description":"Actualidad desde Carre\u00f1o para el mundo","inLanguage":"es-ES","publisher":{"@id":"https:\/\/candas365.es\/noticias\/#organization"}}]},"og:locale":"es_ES","og:site_name":"Cand\u00e1s 365","og:type":"article","og:title":"El Bayern M\u00fanich se impuso al SpVgg Landshut | Cand\u00e1s 365","og:description":"Landshut (Alemania), 24 jul (dpa) - El Bayern M\u00fanich se impuso el s\u00e1bado 3-0 al humilde SpVgg Landshut en un partido de pretemporada marcado por el dolor en Alemania tras el ataque del viernes en un centro comercial de la capital b\u00e1vara. Tras un minuto de silencio en homenaje a las v\u00edctimas, el campe\u00f3n alem\u00e1n","og:url":"https:\/\/candas365.es\/noticias\/el-bayern-munich-se-impuso-al-spvgg-landshut\/","og:image":"https:\/\/candas365.es\/noticias\/wp-content\/uploads\/2015\/12\/bayern.jpg","og:image:secure_url":"https:\/\/candas365.es\/noticias\/wp-content\/uploads\/2015\/12\/bayern.jpg","og:image:width":655,"og:image:height":360,"article:published_time":"2016-07-24T20:41:01+00:00","article:modified_time":"2016-07-24T20:41:01+00:00","article:publisher":"https:\/\/www.facebook.com\/Nachofdezber","article:author":"https:\/\/www.facebook.com\/carrenoactualidad","twitter:card":"summary_large_image","twitter:site":"@NabercoDigital","twitter:title":"El Bayern M\u00fanich se impuso al SpVgg Landshut | Cand\u00e1s 365","twitter:description":"Landshut (Alemania), 24 jul (dpa) - El Bayern M\u00fanich se impuso el s\u00e1bado 3-0 al humilde SpVgg Landshut en un partido de pretemporada marcado por el dolor en Alemania tras el ataque del viernes en un centro comercial de la capital b\u00e1vara. Tras un minuto de silencio en homenaje a las v\u00edctimas, el campe\u00f3n alem\u00e1n","twitter:creator":"@nbasturias","twitter:image":"https:\/\/candas365.es\/noticias\/wp-content\/uploads\/2015\/12\/bayern.jpg","twitter:label1":"Escrito por","twitter:data1":"Cand\u00e1s 365","twitter:label2":"Tiempo de lectura estimado","twitter:data2":"1 minuto"},"aioseo_meta_data":{"post_id":"32592","title":null,"description":null,"keywords":null,"keyphrases":null,"primary_term":null,"canonical_url":null,"og_title":null,"og_description":null,"og_object_type":"default","og_image_type":"default","og_image_url":null,"og_image_width":null,"og_image_height":null,"og_image_custom_url":null,"og_image_custom_fields":null,"og_video":null,"og_custom_url":null,"og_article_section":null,"og_article_tags":null,"twitter_use_og":false,"twitter_card":"default","twitter_image_type":"default","twitter_image_url":null,"twitter_image_custom_url":null,"twitter_image_custom_fields":null,"twitter_title":null,"twitter_description":null,"schema":{"blockGraphs":[],"customGraphs":[],"default":{"data":{"Article":[],"Course":[],"Dataset":[],"FAQPage":[],"Movie":[],"Person":[],"Product":[],"ProductReview":[],"Car":[],"Recipe":[],"Service":[],"SoftwareApplication":[],"WebPage":[]},"graphName":"","isEnabled":true},"graphs":[],"defaultGraph":"","defaultPostTypeGraph":""},"schema_type":null,"schema_type_options":null,"pillar_content":false,"robots_default":true,"robots_noindex":false,"robots_noarchive":false,"robots_nosnippet":false,"robots_nofollow":false,"robots_noimageindex":false,"robots_noodp":false,"robots_notranslate":false,"robots_max_snippet":null,"robots_max_videopreview":null,"robots_max_imagepreview":"large","priority":null,"frequency":null,"location":null,"local_seo":null,"seo_analyzer_scan_date":"2025-08-24 15:37:13","breadcrumb_settings":null,"limit_modified_date":false,"reviewed_by":null,"open_ai":null,"ai":null,"created":"2020-12-21 11:36:36","updated":"2025-08-24 15:37:13"},"aioseo_breadcrumb":"<div class=\"aioseo-breadcrumbs\"><span class=\"aioseo-breadcrumb\">\n\t<a href=\"https:\/\/candas365.es\/noticias\" title=\"Home\">Home<\/a>\n<\/span><span class=\"aioseo-breadcrumb-separator\">&ndash;<\/span><span class=\"aioseo-breadcrumb\">\n\t<a href=\"https:\/\/candas365.es\/noticias\/category\/actualidad\/\" title=\"Actualidad\">Actualidad<\/a>\n<\/span><span class=\"aioseo-breadcrumb-separator\">&ndash;<\/span><span class=\"aioseo-breadcrumb\">\n\tEl Bayern M\u00fanich se impuso al SpVgg Landshut\n<\/span><\/div>","aioseo_breadcrumb_json":[{"label":"Home","link":"https:\/\/candas365.es\/noticias"},{"label":"Actualidad","link":"https:\/\/candas365.es\/noticias\/category\/actualidad\/"},{"label":"El Bayern M\u00fanich se impuso al SpVgg Landshut","link":"https:\/\/candas365.es\/noticias\/el-bayern-munich-se-impuso-al-spvgg-landshut\/"}],"_links":{"self":[{"href":"https:\/\/candas365.es\/noticias\/wp-json\/wp\/v2\/posts\/32592","targetHints":{"allow":["GET"]}}],"collection":[{"href":"https:\/\/candas365.es\/noticias\/wp-json\/wp\/v2\/posts"}],"about":[{"href":"https:\/\/candas365.es\/noticias\/wp-json\/wp\/v2\/types\/post"}],"author":[{"embeddable":true,"href":"https:\/\/candas365.es\/noticias\/wp-json\/wp\/v2\/users\/1"}],"replies":[{"embeddable":true,"href":"https:\/\/candas365.es\/noticias\/wp-json\/wp\/v2\/comments?post=32592"}],"version-history":[{"count":0,"href":"https:\/\/candas365.es\/noticias\/wp-json\/wp\/v2\/posts\/32592\/revisions"}],"wp:featuredmedia":[{"embeddable":true,"href":"https:\/\/candas365.es\/noticias\/wp-json\/wp\/v2\/media\/21654"}],"wp:attachment":[{"href":"https:\/\/candas365.es\/noticias\/wp-json\/wp\/v2\/media?parent=32592"}],"wp:term":[{"taxonomy":"category","embeddable":true,"href":"https:\/\/candas365.es\/noticias\/wp-json\/wp\/v2\/categories?post=32592"},{"taxonomy":"post_tag","embeddable":true,"href":"https:\/\/candas365.es\/noticias\/wp-json\/wp\/v2\/tags?post=32592"}],"curies":[{"name":"wp","href":"https:\/\/api.w.org\/{rel}","templated":true}]}}