{"id":32590,"date":"2016-07-24T22:09:54","date_gmt":"2016-07-24T20:39:54","guid":{"rendered":"http:\/\/candas365.es\/noticias\/?p=32590"},"modified":"2016-07-24T22:09:54","modified_gmt":"2016-07-24T20:39:54","slug":"festival-de-bayreuth-suspende-la-alfombra-roja-tras-ataque-de-munich","status":"publish","type":"post","link":"https:\/\/candas365.es\/noticias\/festival-de-bayreuth-suspende-la-alfombra-roja-tras-ataque-de-munich\/","title":{"rendered":"Festival de Bayreuth suspende la alfombra roja tras ataque de M\u00fanich"},"content":{"rendered":"<p>M\u00fanich\/Bayreuth (Alemania), 24 jul (dpa) &#8211; Como muestra de respeto a los nueve fallecidos en el ataque perpetrado el viernes en M\u00fanich, el Festival de Bayreuth decidi\u00f3 cancelar la alfombra roja, confirmaron el s\u00e1bado los organizadores.<\/p>\n<p>Adem\u00e1s de suspenderse el desfile de personajes destacados ante la multitud de fot\u00f3grafos que cada a\u00f1o se concentran en el festival, una cita obligada para los apasionados de las \u00f3peras de Richard Wagner, deja de celebrarse la tradicional recepci\u00f3n oficial. <\/p>\n<p>El Festival de \u00d3pera comenzar\u00e1 el pr\u00f3ximo lunes 25 de julio en la localidad del sur de Alemania.<\/p>\n<p>El programa oper\u00edstico se mantiene tal y como estaba previsto. Ante el entusiasta p\u00fablico se estrenar\u00e1 un nueva representaci\u00f3n de \u00abParsifal\u00bb, de Wagner. <\/p>\n<p>\u00ab&#8216;Parsifal&#8217; es una obra que incluye un mensaje de paz y de conciliaci\u00f3n\u00bb, dijo un portavoz del festival. <\/p>\n<p>Las autoridades locales tambi\u00e9n expresaron su pesar por lo ocurrido. \u00abMostramos nuestras condolencias y nuestro p\u00e9same a los familiares de las v\u00edctimas en estas horas dif\u00edciles\u00bb, se\u00f1al\u00f3 la alcaldesa de Bayreuth, Merk-Erbe. <\/p>\n<p>El inicio de esta cita cultural que los aficionados a la \u00f3pera marcan en rojo en el calendario ven\u00eda precedida de cierta pol\u00e9mica. No en vano, el director let\u00f3n Andris Nelson decidi\u00f3 abandonar el mando del festival a finales de junio, tan solo unas semanas antes del estreno de un nuevo \u00abParsifal\u00bb.<\/p>\n<p>\u00abLamentablemente las condiciones del Festival de Bayreuth de este a\u00f1o no han hecho posible la atm\u00f3sfera que Andris Nelson necesita para llevar a cabo su trabajo art\u00edstico\u00bb, escribieron sus organizadores en un comunicado de prensa sobre las razones que llevaron a anular el contrato poco antes de la inauguraci\u00f3n en aquel entonces. Asimismo, destacaron que aceptaron \u00abcon pesar\u00bb la solicitud del director let\u00f3n. <\/p>\n<p>Diferentes opiniones en diversas cuestiones hab\u00edan generado una atm\u00f3sfera que no era agradable para ninguno de los participantes, indicaron desde la gerencia del festival en la m\u00edtica Colina Verde, en la ciudad del sur de Alemania. <\/p>\n<p>\u00abNosotros, y tambi\u00e9n Katharina Wagner (bisnieta de Richard Wagner), nos esforzamos en los \u00faltimos dos, tres d\u00edas en evitar que se fuera\u00bb, asegur\u00f3 a dpa el portavoz del festival wagneriano, Peter Emmerich. <\/p>\n<p>El diario alem\u00e1n \u00abNordbayerische Kurier\u00bb inform\u00f3 de una disputa entre Nelson y el director musical de Bayreuth, Christian Thielemann. Adem\u00e1s, desde el festival apuntan que tambi\u00e9n podr\u00eda haber supuesto un problema el incremento de las medidas de seguridad. <\/p>\n<p>Nelson ya dirigi\u00f3 de 2010 a 2014 la exitosa puesta en escena de \u00abLohengrin\u00bb de Hans Neuenfels. En esta edici\u00f3n fue elegido para ser el director musical del nuevo \u00abParsifal\u00bb, que es el \u00fanico estreno de la temporada y cuya direcci\u00f3n art\u00edstica corresponde a Uwe Erich Laufenberg.<\/p>\n","protected":false},"excerpt":{"rendered":"<p>M\u00fanich\/Bayreuth (Alemania), 24 jul (dpa) &#8211; Como muestra de respeto a los nueve fallecidos en el ataque perpetrado el viernes en M\u00fanich, el Festival de Bayreuth decidi\u00f3 cancelar la alfombra roja, confirmaron el s\u00e1bado los organizadores. Adem\u00e1s de suspenderse el desfile de personajes destacados ante la multitud de fot\u00f3grafos que cada a\u00f1o se concentran en<\/p>\n","protected":false},"author":1,"featured_media":16457,"comment_status":"closed","ping_status":"closed","sticky":false,"template":"","format":"standard","meta":{"footnotes":""},"categories":[343],"tags":[],"class_list":{"0":"post-32590","1":"post","2":"type-post","3":"status-publish","4":"format-standard","5":"has-post-thumbnail","7":"category-actualidad"},"aioseo_notices":[],"aioseo_head":"\n\t\t<!-- All in One SEO Pro 4.9.6.2 - aioseo.com -->\n\t<meta name=\"description\" content=\"M\u00fanich\/Bayreuth (Alemania), 24 jul (dpa) - Como muestra de respeto a los nueve fallecidos en el ataque perpetrado el viernes en M\u00fanich, el Festival de Bayreuth decidi\u00f3 cancelar la alfombra roja, confirmaron el s\u00e1bado los organizadores. Adem\u00e1s de suspenderse el desfile de personajes destacados ante la multitud de fot\u00f3grafos que cada a\u00f1o se concentran en\" \/>\n\t<meta name=\"robots\" content=\"max-image-preview:large\" \/>\n\t<meta name=\"author\" content=\"Cand\u00e1s 365\"\/>\n\t<meta name=\"google-site-verification\" content=\"UA-32230408-1\" \/>\n\t<meta name=\"msvalidate.01\" content=\"354F3CDFB2DA171B47FBE9ABF1F88D5\" \/>\n\t<meta name=\"keywords\" content=\"actualidad\" \/>\n\t<link rel=\"canonical\" href=\"https:\/\/candas365.es\/noticias\/festival-de-bayreuth-suspende-la-alfombra-roja-tras-ataque-de-munich\/\" \/>\n\t<meta name=\"generator\" content=\"All in One SEO Pro (AIOSEO) 4.9.6.2\" \/>\n\t\t<meta property=\"og:locale\" content=\"es_ES\" \/>\n\t\t<meta property=\"og:site_name\" content=\"Cand\u00e1s 365\" \/>\n\t\t<meta property=\"og:type\" content=\"article\" \/>\n\t\t<meta property=\"og:title\" content=\"Festival de Bayreuth suspende la alfombra roja tras ataque de M\u00fanich | Cand\u00e1s 365\" \/>\n\t\t<meta property=\"og:description\" content=\"M\u00fanich\/Bayreuth (Alemania), 24 jul (dpa) - Como muestra de respeto a los nueve fallecidos en el ataque perpetrado el viernes en M\u00fanich, el Festival de Bayreuth decidi\u00f3 cancelar la alfombra roja, confirmaron el s\u00e1bado los organizadores. Adem\u00e1s de suspenderse el desfile de personajes destacados ante la multitud de fot\u00f3grafos que cada a\u00f1o se concentran en\" \/>\n\t\t<meta property=\"og:url\" content=\"https:\/\/candas365.es\/noticias\/festival-de-bayreuth-suspende-la-alfombra-roja-tras-ataque-de-munich\/\" \/>\n\t\t<meta property=\"og:image\" content=\"https:\/\/candas365.es\/noticias\/wp-content\/uploads\/2015\/09\/c365noticias.jpg\" \/>\n\t\t<meta property=\"og:image:secure_url\" content=\"https:\/\/candas365.es\/noticias\/wp-content\/uploads\/2015\/09\/c365noticias.jpg\" \/>\n\t\t<meta property=\"og:image:width\" content=\"655\" \/>\n\t\t<meta property=\"og:image:height\" content=\"360\" \/>\n\t\t<meta property=\"article:published_time\" content=\"2016-07-24T20:39:54+00:00\" \/>\n\t\t<meta property=\"article:modified_time\" content=\"2016-07-24T20:39:54+00:00\" \/>\n\t\t<meta property=\"article:publisher\" content=\"https:\/\/www.facebook.com\/Nachofdezber\" \/>\n\t\t<meta property=\"article:author\" content=\"https:\/\/www.facebook.com\/carrenoactualidad\" \/>\n\t\t<meta name=\"twitter:card\" content=\"summary_large_image\" \/>\n\t\t<meta name=\"twitter:site\" content=\"@NabercoDigital\" \/>\n\t\t<meta name=\"twitter:title\" content=\"Festival de Bayreuth suspende la alfombra roja tras ataque de M\u00fanich | Cand\u00e1s 365\" \/>\n\t\t<meta name=\"twitter:description\" content=\"M\u00fanich\/Bayreuth (Alemania), 24 jul (dpa) - Como muestra de respeto a los nueve fallecidos en el ataque perpetrado el viernes en M\u00fanich, el Festival de Bayreuth decidi\u00f3 cancelar la alfombra roja, confirmaron el s\u00e1bado los organizadores. Adem\u00e1s de suspenderse el desfile de personajes destacados ante la multitud de fot\u00f3grafos que cada a\u00f1o se concentran en\" \/>\n\t\t<meta name=\"twitter:creator\" content=\"@nbasturias\" \/>\n\t\t<meta name=\"twitter:image\" content=\"https:\/\/candas365.es\/noticias\/wp-content\/uploads\/2015\/09\/c365noticias.jpg\" \/>\n\t\t<meta name=\"twitter:label1\" content=\"Escrito por\" \/>\n\t\t<meta name=\"twitter:data1\" content=\"Cand\u00e1s 365\" \/>\n\t\t<meta name=\"twitter:label2\" content=\"Tiempo de lectura estimado\" \/>\n\t\t<meta name=\"twitter:data2\" content=\"2 minutos\" \/>\n\t\t<script type=\"application\/ld+json\" class=\"aioseo-schema\">\n\t\t\t{\"@context\":\"https:\\\/\\\/schema.org\",\"@graph\":[{\"@type\":\"BreadcrumbList\",\"@id\":\"https:\\\/\\\/candas365.es\\\/noticias\\\/festival-de-bayreuth-suspende-la-alfombra-roja-tras-ataque-de-munich\\\/#breadcrumblist\",\"itemListElement\":[{\"@type\":\"ListItem\",\"@id\":\"https:\\\/\\\/candas365.es\\\/noticias#listItem\",\"position\":1,\"name\":\"Home\",\"item\":\"https:\\\/\\\/candas365.es\\\/noticias\",\"nextItem\":{\"@type\":\"ListItem\",\"@id\":\"https:\\\/\\\/candas365.es\\\/noticias\\\/category\\\/actualidad\\\/#listItem\",\"name\":\"Actualidad\"}},{\"@type\":\"ListItem\",\"@id\":\"https:\\\/\\\/candas365.es\\\/noticias\\\/category\\\/actualidad\\\/#listItem\",\"position\":2,\"name\":\"Actualidad\",\"item\":\"https:\\\/\\\/candas365.es\\\/noticias\\\/category\\\/actualidad\\\/\",\"nextItem\":{\"@type\":\"ListItem\",\"@id\":\"https:\\\/\\\/candas365.es\\\/noticias\\\/festival-de-bayreuth-suspende-la-alfombra-roja-tras-ataque-de-munich\\\/#listItem\",\"name\":\"Festival de Bayreuth suspende la alfombra roja tras ataque de M\\u00fanich\"},\"previousItem\":{\"@type\":\"ListItem\",\"@id\":\"https:\\\/\\\/candas365.es\\\/noticias#listItem\",\"name\":\"Home\"}},{\"@type\":\"ListItem\",\"@id\":\"https:\\\/\\\/candas365.es\\\/noticias\\\/festival-de-bayreuth-suspende-la-alfombra-roja-tras-ataque-de-munich\\\/#listItem\",\"position\":3,\"name\":\"Festival de Bayreuth suspende la alfombra roja tras ataque de M\\u00fanich\",\"previousItem\":{\"@type\":\"ListItem\",\"@id\":\"https:\\\/\\\/candas365.es\\\/noticias\\\/category\\\/actualidad\\\/#listItem\",\"name\":\"Actualidad\"}}]},{\"@type\":\"NewsArticle\",\"@id\":\"https:\\\/\\\/candas365.es\\\/noticias\\\/festival-de-bayreuth-suspende-la-alfombra-roja-tras-ataque-de-munich\\\/#newsarticle\",\"name\":\"Festival de Bayreuth suspende la alfombra roja tras ataque de M\\u00fanich | Cand\\u00e1s 365\",\"headline\":\"Festival de Bayreuth suspende la alfombra roja tras ataque de M\\u00fanich\",\"author\":{\"@id\":\"https:\\\/\\\/candas365.es\\\/noticias\\\/author\\\/admin\\\/#author\"},\"publisher\":{\"@id\":\"https:\\\/\\\/candas365.es\\\/noticias\\\/#organization\"},\"image\":{\"@type\":\"ImageObject\",\"url\":\"https:\\\/\\\/candas365.es\\\/noticias\\\/wp-content\\\/uploads\\\/2015\\\/09\\\/c365noticias.jpg\",\"width\":655,\"height\":360},\"datePublished\":\"2016-07-24T22:09:54+02:00\",\"dateModified\":\"2016-07-24T22:09:54+02:00\",\"inLanguage\":\"es-ES\",\"mainEntityOfPage\":{\"@id\":\"https:\\\/\\\/candas365.es\\\/noticias\\\/festival-de-bayreuth-suspende-la-alfombra-roja-tras-ataque-de-munich\\\/#webpage\"},\"isPartOf\":{\"@id\":\"https:\\\/\\\/candas365.es\\\/noticias\\\/festival-de-bayreuth-suspende-la-alfombra-roja-tras-ataque-de-munich\\\/#webpage\"},\"articleSection\":\"Actualidad\",\"dateline\":\"Publicado el julio 24, 2016.\"},{\"@type\":\"Organization\",\"@id\":\"https:\\\/\\\/candas365.es\\\/noticias\\\/#organization\",\"name\":\"Cand\\u00e1s 365\",\"description\":\"Cand\\u00e1s 365 es un diario digital independiente, fundado en 2012, con base en Asturias. Informamos con rigor sobre actualidad, sociedad, cultura y ocio, con una mirada local y global.\",\"url\":\"https:\\\/\\\/candas365.es\\\/noticias\\\/\",\"email\":\"info@candas365.es\",\"telephone\":\"+34652131393\",\"foundingDate\":\"2012-06-10\",\"logo\":{\"@type\":\"ImageObject\",\"url\":\"https:\\\/\\\/candas365.es\\\/noticias\\\/wp-content\\\/uploads\\\/2024\\\/09\\\/Candas-365-Redes.jpg\",\"@id\":\"https:\\\/\\\/candas365.es\\\/noticias\\\/festival-de-bayreuth-suspende-la-alfombra-roja-tras-ataque-de-munich\\\/#organizationLogo\",\"width\":1152,\"height\":864,\"caption\":\"Cand\\u00e1s 365 Redes\"},\"image\":{\"@id\":\"https:\\\/\\\/candas365.es\\\/noticias\\\/festival-de-bayreuth-suspende-la-alfombra-roja-tras-ataque-de-munich\\\/#organizationLogo\"},\"sameAs\":[\"https:\\\/\\\/www.facebook.com\\\/Nachofdezber\",\"https:\\\/\\\/x.com\\\/NabercoDigital\",\"https:\\\/\\\/www.instagram.com\\\/nachofdezber\\\/\",\"https:\\\/\\\/www.youtube.com\\\/channel\\\/UCZP-2wLEB9Rv6erhFmqVnvg\"],\"address\":{\"@id\":\"https:\\\/\\\/candas365.es\\\/noticias\\\/#postaladdress\",\"@type\":\"PostalAddress\",\"streetAddress\":\"san antonio 4, san antonio 4\",\"postalCode\":\"33430\",\"addressLocality\":\"Cand\\u00e1s\",\"addressRegion\":\"Asturias\",\"addressCountry\":\"ES\"}},{\"@type\":\"Person\",\"@id\":\"https:\\\/\\\/candas365.es\\\/noticias\\\/author\\\/admin\\\/#author\",\"url\":\"https:\\\/\\\/candas365.es\\\/noticias\\\/author\\\/admin\\\/\",\"name\":\"Cand\\u00e1s 365\",\"image\":{\"@type\":\"ImageObject\",\"@id\":\"https:\\\/\\\/candas365.es\\\/noticias\\\/festival-de-bayreuth-suspende-la-alfombra-roja-tras-ataque-de-munich\\\/#authorImage\",\"url\":\"https:\\\/\\\/secure.gravatar.com\\\/avatar\\\/496a8e03d0c493ede1718b7934145dbdf8d89be1036b0eec9544e1094c9de390?s=96&d=mm&r=g\",\"width\":96,\"height\":96,\"caption\":\"Cand\\u00e1s 365\"},\"sameAs\":[\"https:\\\/\\\/www.facebook.com\\\/carrenoactualidad\",\"https:\\\/\\\/twitter.com\\\/nbasturias\",\"https:\\\/\\\/www.instagram.com\\\/nachofdezber\\\/\",\"https:\\\/\\\/www.youtube.com\\\/channel\\\/UCZP-2wLEB9Rv6erhFmqVnvg\"]},{\"@type\":\"WebPage\",\"@id\":\"https:\\\/\\\/candas365.es\\\/noticias\\\/festival-de-bayreuth-suspende-la-alfombra-roja-tras-ataque-de-munich\\\/#webpage\",\"url\":\"https:\\\/\\\/candas365.es\\\/noticias\\\/festival-de-bayreuth-suspende-la-alfombra-roja-tras-ataque-de-munich\\\/\",\"name\":\"Festival de Bayreuth suspende la alfombra roja tras ataque de M\\u00fanich | Cand\\u00e1s 365\",\"description\":\"M\\u00fanich\\\/Bayreuth (Alemania), 24 jul (dpa) - Como muestra de respeto a los nueve fallecidos en el ataque perpetrado el viernes en M\\u00fanich, el Festival de Bayreuth decidi\\u00f3 cancelar la alfombra roja, confirmaron el s\\u00e1bado los organizadores. Adem\\u00e1s de suspenderse el desfile de personajes destacados ante la multitud de fot\\u00f3grafos que cada a\\u00f1o se concentran en\",\"inLanguage\":\"es-ES\",\"isPartOf\":{\"@id\":\"https:\\\/\\\/candas365.es\\\/noticias\\\/#website\"},\"breadcrumb\":{\"@id\":\"https:\\\/\\\/candas365.es\\\/noticias\\\/festival-de-bayreuth-suspende-la-alfombra-roja-tras-ataque-de-munich\\\/#breadcrumblist\"},\"author\":{\"@id\":\"https:\\\/\\\/candas365.es\\\/noticias\\\/author\\\/admin\\\/#author\"},\"creator\":{\"@id\":\"https:\\\/\\\/candas365.es\\\/noticias\\\/author\\\/admin\\\/#author\"},\"image\":{\"@type\":\"ImageObject\",\"url\":\"https:\\\/\\\/candas365.es\\\/noticias\\\/wp-content\\\/uploads\\\/2015\\\/09\\\/c365noticias.jpg\",\"@id\":\"https:\\\/\\\/candas365.es\\\/noticias\\\/festival-de-bayreuth-suspende-la-alfombra-roja-tras-ataque-de-munich\\\/#mainImage\",\"width\":655,\"height\":360},\"primaryImageOfPage\":{\"@id\":\"https:\\\/\\\/candas365.es\\\/noticias\\\/festival-de-bayreuth-suspende-la-alfombra-roja-tras-ataque-de-munich\\\/#mainImage\"},\"datePublished\":\"2016-07-24T22:09:54+02:00\",\"dateModified\":\"2016-07-24T22:09:54+02:00\"},{\"@type\":\"WebSite\",\"@id\":\"https:\\\/\\\/candas365.es\\\/noticias\\\/#website\",\"url\":\"https:\\\/\\\/candas365.es\\\/noticias\\\/\",\"name\":\"Cand\\u00e1s 365\",\"alternateName\":\"Cand\\u00e1s 365 Noticias\",\"description\":\"Actualidad desde Carre\\u00f1o para el mundo\",\"inLanguage\":\"es-ES\",\"publisher\":{\"@id\":\"https:\\\/\\\/candas365.es\\\/noticias\\\/#organization\"}}]}\n\t\t<\/script>\n\t\t<!-- All in One SEO Pro -->\r\n\t\t<title>Festival de Bayreuth suspende la alfombra roja tras ataque de M\u00fanich | Cand\u00e1s 365<\/title>\n\n","aioseo_head_json":{"title":"Festival de Bayreuth suspende la alfombra roja tras ataque de M\u00fanich | Cand\u00e1s 365","description":"M\u00fanich\/Bayreuth (Alemania), 24 jul (dpa) - Como muestra de respeto a los nueve fallecidos en el ataque perpetrado el viernes en M\u00fanich, el Festival de Bayreuth decidi\u00f3 cancelar la alfombra roja, confirmaron el s\u00e1bado los organizadores. Adem\u00e1s de suspenderse el desfile de personajes destacados ante la multitud de fot\u00f3grafos que cada a\u00f1o se concentran en","canonical_url":"https:\/\/candas365.es\/noticias\/festival-de-bayreuth-suspende-la-alfombra-roja-tras-ataque-de-munich\/","robots":"max-image-preview:large","keywords":"actualidad","webmasterTools":{"google-site-verification":"UA-32230408-1","msvalidate.01":"354F3CDFB2DA171B47FBE9ABF1F88D5","miscellaneous":""},"schema":{"@context":"https:\/\/schema.org","@graph":[{"@type":"BreadcrumbList","@id":"https:\/\/candas365.es\/noticias\/festival-de-bayreuth-suspende-la-alfombra-roja-tras-ataque-de-munich\/#breadcrumblist","itemListElement":[{"@type":"ListItem","@id":"https:\/\/candas365.es\/noticias#listItem","position":1,"name":"Home","item":"https:\/\/candas365.es\/noticias","nextItem":{"@type":"ListItem","@id":"https:\/\/candas365.es\/noticias\/category\/actualidad\/#listItem","name":"Actualidad"}},{"@type":"ListItem","@id":"https:\/\/candas365.es\/noticias\/category\/actualidad\/#listItem","position":2,"name":"Actualidad","item":"https:\/\/candas365.es\/noticias\/category\/actualidad\/","nextItem":{"@type":"ListItem","@id":"https:\/\/candas365.es\/noticias\/festival-de-bayreuth-suspende-la-alfombra-roja-tras-ataque-de-munich\/#listItem","name":"Festival de Bayreuth suspende la alfombra roja tras ataque de M\u00fanich"},"previousItem":{"@type":"ListItem","@id":"https:\/\/candas365.es\/noticias#listItem","name":"Home"}},{"@type":"ListItem","@id":"https:\/\/candas365.es\/noticias\/festival-de-bayreuth-suspende-la-alfombra-roja-tras-ataque-de-munich\/#listItem","position":3,"name":"Festival de Bayreuth suspende la alfombra roja tras ataque de M\u00fanich","previousItem":{"@type":"ListItem","@id":"https:\/\/candas365.es\/noticias\/category\/actualidad\/#listItem","name":"Actualidad"}}]},{"@type":"NewsArticle","@id":"https:\/\/candas365.es\/noticias\/festival-de-bayreuth-suspende-la-alfombra-roja-tras-ataque-de-munich\/#newsarticle","name":"Festival de Bayreuth suspende la alfombra roja tras ataque de M\u00fanich | Cand\u00e1s 365","headline":"Festival de Bayreuth suspende la alfombra roja tras ataque de M\u00fanich","author":{"@id":"https:\/\/candas365.es\/noticias\/author\/admin\/#author"},"publisher":{"@id":"https:\/\/candas365.es\/noticias\/#organization"},"image":{"@type":"ImageObject","url":"https:\/\/candas365.es\/noticias\/wp-content\/uploads\/2015\/09\/c365noticias.jpg","width":655,"height":360},"datePublished":"2016-07-24T22:09:54+02:00","dateModified":"2016-07-24T22:09:54+02:00","inLanguage":"es-ES","mainEntityOfPage":{"@id":"https:\/\/candas365.es\/noticias\/festival-de-bayreuth-suspende-la-alfombra-roja-tras-ataque-de-munich\/#webpage"},"isPartOf":{"@id":"https:\/\/candas365.es\/noticias\/festival-de-bayreuth-suspende-la-alfombra-roja-tras-ataque-de-munich\/#webpage"},"articleSection":"Actualidad","dateline":"Publicado el julio 24, 2016."},{"@type":"Organization","@id":"https:\/\/candas365.es\/noticias\/#organization","name":"Cand\u00e1s 365","description":"Cand\u00e1s 365 es un diario digital independiente, fundado en 2012, con base en Asturias. Informamos con rigor sobre actualidad, sociedad, cultura y ocio, con una mirada local y global.","url":"https:\/\/candas365.es\/noticias\/","email":"info@candas365.es","telephone":"+34652131393","foundingDate":"2012-06-10","logo":{"@type":"ImageObject","url":"https:\/\/candas365.es\/noticias\/wp-content\/uploads\/2024\/09\/Candas-365-Redes.jpg","@id":"https:\/\/candas365.es\/noticias\/festival-de-bayreuth-suspende-la-alfombra-roja-tras-ataque-de-munich\/#organizationLogo","width":1152,"height":864,"caption":"Cand\u00e1s 365 Redes"},"image":{"@id":"https:\/\/candas365.es\/noticias\/festival-de-bayreuth-suspende-la-alfombra-roja-tras-ataque-de-munich\/#organizationLogo"},"sameAs":["https:\/\/www.facebook.com\/Nachofdezber","https:\/\/x.com\/NabercoDigital","https:\/\/www.instagram.com\/nachofdezber\/","https:\/\/www.youtube.com\/channel\/UCZP-2wLEB9Rv6erhFmqVnvg"],"address":{"@id":"https:\/\/candas365.es\/noticias\/#postaladdress","@type":"PostalAddress","streetAddress":"san antonio 4, san antonio 4","postalCode":"33430","addressLocality":"Cand\u00e1s","addressRegion":"Asturias","addressCountry":"ES"}},{"@type":"Person","@id":"https:\/\/candas365.es\/noticias\/author\/admin\/#author","url":"https:\/\/candas365.es\/noticias\/author\/admin\/","name":"Cand\u00e1s 365","image":{"@type":"ImageObject","@id":"https:\/\/candas365.es\/noticias\/festival-de-bayreuth-suspende-la-alfombra-roja-tras-ataque-de-munich\/#authorImage","url":"https:\/\/secure.gravatar.com\/avatar\/496a8e03d0c493ede1718b7934145dbdf8d89be1036b0eec9544e1094c9de390?s=96&d=mm&r=g","width":96,"height":96,"caption":"Cand\u00e1s 365"},"sameAs":["https:\/\/www.facebook.com\/carrenoactualidad","https:\/\/twitter.com\/nbasturias","https:\/\/www.instagram.com\/nachofdezber\/","https:\/\/www.youtube.com\/channel\/UCZP-2wLEB9Rv6erhFmqVnvg"]},{"@type":"WebPage","@id":"https:\/\/candas365.es\/noticias\/festival-de-bayreuth-suspende-la-alfombra-roja-tras-ataque-de-munich\/#webpage","url":"https:\/\/candas365.es\/noticias\/festival-de-bayreuth-suspende-la-alfombra-roja-tras-ataque-de-munich\/","name":"Festival de Bayreuth suspende la alfombra roja tras ataque de M\u00fanich | Cand\u00e1s 365","description":"M\u00fanich\/Bayreuth (Alemania), 24 jul (dpa) - Como muestra de respeto a los nueve fallecidos en el ataque perpetrado el viernes en M\u00fanich, el Festival de Bayreuth decidi\u00f3 cancelar la alfombra roja, confirmaron el s\u00e1bado los organizadores. Adem\u00e1s de suspenderse el desfile de personajes destacados ante la multitud de fot\u00f3grafos que cada a\u00f1o se concentran en","inLanguage":"es-ES","isPartOf":{"@id":"https:\/\/candas365.es\/noticias\/#website"},"breadcrumb":{"@id":"https:\/\/candas365.es\/noticias\/festival-de-bayreuth-suspende-la-alfombra-roja-tras-ataque-de-munich\/#breadcrumblist"},"author":{"@id":"https:\/\/candas365.es\/noticias\/author\/admin\/#author"},"creator":{"@id":"https:\/\/candas365.es\/noticias\/author\/admin\/#author"},"image":{"@type":"ImageObject","url":"https:\/\/candas365.es\/noticias\/wp-content\/uploads\/2015\/09\/c365noticias.jpg","@id":"https:\/\/candas365.es\/noticias\/festival-de-bayreuth-suspende-la-alfombra-roja-tras-ataque-de-munich\/#mainImage","width":655,"height":360},"primaryImageOfPage":{"@id":"https:\/\/candas365.es\/noticias\/festival-de-bayreuth-suspende-la-alfombra-roja-tras-ataque-de-munich\/#mainImage"},"datePublished":"2016-07-24T22:09:54+02:00","dateModified":"2016-07-24T22:09:54+02:00"},{"@type":"WebSite","@id":"https:\/\/candas365.es\/noticias\/#website","url":"https:\/\/candas365.es\/noticias\/","name":"Cand\u00e1s 365","alternateName":"Cand\u00e1s 365 Noticias","description":"Actualidad desde Carre\u00f1o para el mundo","inLanguage":"es-ES","publisher":{"@id":"https:\/\/candas365.es\/noticias\/#organization"}}]},"og:locale":"es_ES","og:site_name":"Cand\u00e1s 365","og:type":"article","og:title":"Festival de Bayreuth suspende la alfombra roja tras ataque de M\u00fanich | Cand\u00e1s 365","og:description":"M\u00fanich\/Bayreuth (Alemania), 24 jul (dpa) - Como muestra de respeto a los nueve fallecidos en el ataque perpetrado el viernes en M\u00fanich, el Festival de Bayreuth decidi\u00f3 cancelar la alfombra roja, confirmaron el s\u00e1bado los organizadores. Adem\u00e1s de suspenderse el desfile de personajes destacados ante la multitud de fot\u00f3grafos que cada a\u00f1o se concentran en","og:url":"https:\/\/candas365.es\/noticias\/festival-de-bayreuth-suspende-la-alfombra-roja-tras-ataque-de-munich\/","og:image":"https:\/\/candas365.es\/noticias\/wp-content\/uploads\/2015\/09\/c365noticias.jpg","og:image:secure_url":"https:\/\/candas365.es\/noticias\/wp-content\/uploads\/2015\/09\/c365noticias.jpg","og:image:width":655,"og:image:height":360,"article:published_time":"2016-07-24T20:39:54+00:00","article:modified_time":"2016-07-24T20:39:54+00:00","article:publisher":"https:\/\/www.facebook.com\/Nachofdezber","article:author":"https:\/\/www.facebook.com\/carrenoactualidad","twitter:card":"summary_large_image","twitter:site":"@NabercoDigital","twitter:title":"Festival de Bayreuth suspende la alfombra roja tras ataque de M\u00fanich | Cand\u00e1s 365","twitter:description":"M\u00fanich\/Bayreuth (Alemania), 24 jul (dpa) - Como muestra de respeto a los nueve fallecidos en el ataque perpetrado el viernes en M\u00fanich, el Festival de Bayreuth decidi\u00f3 cancelar la alfombra roja, confirmaron el s\u00e1bado los organizadores. Adem\u00e1s de suspenderse el desfile de personajes destacados ante la multitud de fot\u00f3grafos que cada a\u00f1o se concentran en","twitter:creator":"@nbasturias","twitter:image":"https:\/\/candas365.es\/noticias\/wp-content\/uploads\/2015\/09\/c365noticias.jpg","twitter:label1":"Escrito por","twitter:data1":"Cand\u00e1s 365","twitter:label2":"Tiempo de lectura estimado","twitter:data2":"2 minutos"},"aioseo_meta_data":{"post_id":"32590","title":null,"description":null,"keywords":null,"keyphrases":null,"primary_term":null,"canonical_url":null,"og_title":null,"og_description":null,"og_object_type":"default","og_image_type":"default","og_image_url":null,"og_image_width":null,"og_image_height":null,"og_image_custom_url":null,"og_image_custom_fields":null,"og_video":null,"og_custom_url":null,"og_article_section":null,"og_article_tags":null,"twitter_use_og":false,"twitter_card":"default","twitter_image_type":"default","twitter_image_url":null,"twitter_image_custom_url":null,"twitter_image_custom_fields":null,"twitter_title":null,"twitter_description":null,"schema":{"blockGraphs":[],"customGraphs":[],"default":{"data":{"Article":[],"Course":[],"Dataset":[],"FAQPage":[],"Movie":[],"Person":[],"Product":[],"ProductReview":[],"Car":[],"Recipe":[],"Service":[],"SoftwareApplication":[],"WebPage":[]},"graphName":"","isEnabled":true},"graphs":[],"defaultGraph":"","defaultPostTypeGraph":""},"schema_type":null,"schema_type_options":null,"pillar_content":false,"robots_default":true,"robots_noindex":false,"robots_noarchive":false,"robots_nosnippet":false,"robots_nofollow":false,"robots_noimageindex":false,"robots_noodp":false,"robots_notranslate":false,"robots_max_snippet":null,"robots_max_videopreview":null,"robots_max_imagepreview":"large","priority":null,"frequency":null,"location":null,"local_seo":null,"seo_analyzer_scan_date":"2025-08-24 15:37:12","breadcrumb_settings":null,"limit_modified_date":false,"reviewed_by":null,"open_ai":null,"ai":null,"created":"2020-12-21 13:04:47","updated":"2025-08-24 15:37:12"},"aioseo_breadcrumb":"<div class=\"aioseo-breadcrumbs\"><span class=\"aioseo-breadcrumb\">\n\t<a href=\"https:\/\/candas365.es\/noticias\" title=\"Home\">Home<\/a>\n<\/span><span class=\"aioseo-breadcrumb-separator\">&ndash;<\/span><span class=\"aioseo-breadcrumb\">\n\t<a href=\"https:\/\/candas365.es\/noticias\/category\/actualidad\/\" title=\"Actualidad\">Actualidad<\/a>\n<\/span><span class=\"aioseo-breadcrumb-separator\">&ndash;<\/span><span class=\"aioseo-breadcrumb\">\n\tFestival de Bayreuth suspende la alfombra roja tras ataque de M\u00fanich\n<\/span><\/div>","aioseo_breadcrumb_json":[{"label":"Home","link":"https:\/\/candas365.es\/noticias"},{"label":"Actualidad","link":"https:\/\/candas365.es\/noticias\/category\/actualidad\/"},{"label":"Festival de Bayreuth suspende la alfombra roja tras ataque de M\u00fanich","link":"https:\/\/candas365.es\/noticias\/festival-de-bayreuth-suspende-la-alfombra-roja-tras-ataque-de-munich\/"}],"_links":{"self":[{"href":"https:\/\/candas365.es\/noticias\/wp-json\/wp\/v2\/posts\/32590","targetHints":{"allow":["GET"]}}],"collection":[{"href":"https:\/\/candas365.es\/noticias\/wp-json\/wp\/v2\/posts"}],"about":[{"href":"https:\/\/candas365.es\/noticias\/wp-json\/wp\/v2\/types\/post"}],"author":[{"embeddable":true,"href":"https:\/\/candas365.es\/noticias\/wp-json\/wp\/v2\/users\/1"}],"replies":[{"embeddable":true,"href":"https:\/\/candas365.es\/noticias\/wp-json\/wp\/v2\/comments?post=32590"}],"version-history":[{"count":0,"href":"https:\/\/candas365.es\/noticias\/wp-json\/wp\/v2\/posts\/32590\/revisions"}],"wp:featuredmedia":[{"embeddable":true,"href":"https:\/\/candas365.es\/noticias\/wp-json\/wp\/v2\/media\/16457"}],"wp:attachment":[{"href":"https:\/\/candas365.es\/noticias\/wp-json\/wp\/v2\/media?parent=32590"}],"wp:term":[{"taxonomy":"category","embeddable":true,"href":"https:\/\/candas365.es\/noticias\/wp-json\/wp\/v2\/categories?post=32590"},{"taxonomy":"post_tag","embeddable":true,"href":"https:\/\/candas365.es\/noticias\/wp-json\/wp\/v2\/tags?post=32590"}],"curies":[{"name":"wp","href":"https:\/\/api.w.org\/{rel}","templated":true}]}}