{"id":32556,"date":"2016-07-24T00:21:08","date_gmt":"2016-07-23T22:51:08","guid":{"rendered":"http:\/\/candas365.es\/noticias\/?p=32556"},"modified":"2016-07-24T00:21:08","modified_gmt":"2016-07-23T22:51:08","slug":"el-ataque-de-munich-un-tiroteo-clasico","status":"publish","type":"post","link":"https:\/\/candas365.es\/noticias\/el-ataque-de-munich-un-tiroteo-clasico\/","title":{"rendered":"El ataque de M\u00fanich, un \u00abtiroteo cl\u00e1sico\u00bb"},"content":{"rendered":"<p>M\u00fanich, 23 jul (dpa) &#8211; El ataque perpetrado el viernes en M\u00fanich que caus\u00f3 un total de diez muertos, entre ellos el propio autor del tiroteo, es a ojos de los investigadores un \u00abtiroteo cl\u00e1sico\u00bb que no tiene ning\u00fan tipo de conexi\u00f3n con la organizaci\u00f3n terrorista Estado Isl\u00e1mico, dijo hoy el jefe de la polic\u00eda de M\u00fanich, Hubertus Andr\u00e4.<\/p>\n<p>No obstante, las fuerzas de seguridad consideran que puede tener relaci\u00f3n con el atentado que hace cinco a\u00f1os cometi\u00f3 el noruego Anders Behring Breivik en la isla de Utoya. \u00abEsa relaci\u00f3n est\u00e1 a mano\u00bb, apunt\u00f3 Andr\u00e4.<\/p>\n<p>No en vano, el viernes se cumpl\u00eda el quinto aniversario de la matanza ocurrida en Noruega, en el que fueron asesinadas 77 personas.<\/p>\n<p>El autor de la masacre, un estudiante de 18 a\u00f1os nacido y criado en Alemania, se cobr\u00f3 la vida de nueve personas antes de suicidarse.<\/p>\n<p>Las v\u00edctimas son en su mayor\u00eda menores de edad, seg\u00fan confirm\u00f3 la polic\u00eda de M\u00fanich. Se registr\u00f3 el fallecimiento de tres adolescentes de 14 a\u00f1os y dos de 15 a\u00f1os. Adem\u00e1s, entre los asesinados se encuentran otras cuatro personas de 17, 19, 20 y 45 a\u00f1os.<\/p>\n<p>Entre los fallecidos no se encuentra ning\u00fan turista o ciudadano extranjero, agreg\u00f3 la polic\u00eda.<\/p>\n<p>El joven que perpetr\u00f3 el ataque pudo haber utilizado la red social Facebook como gancho para atraer a sus v\u00edctimas al centro comercial en el que tuvo lugar el tiroteo, dijo un portavoz de la polic\u00eda.<\/p>\n<p>Los investigadores est\u00e1n comprobando si el atacante pudo haber utilizado un perfil falso para publicar un mensaje ofreciendo comida gratis a usuarios j\u00f3venes.<\/p>\n<p>\u00ab\u00c9l iba a invitarles a algo, pero a algo que no fuese muy caro. Esa era seguramente la invitaci\u00f3n\u00bb, dijo el jefe de la Oficina Federal de Investigaci\u00f3n Criminal de Baviera, Robert Heimberger.<\/p>\n<p>\u00abVenid a las 16 horas\u00bb, rezaba el mensaje que las fuerzas de seguridad intentan determinar si efectivamente fue escrito por el autor del tiroteo.<\/p>\n<p>A ojos de los investigadores, lo ocurrido ayer en M\u00fanich responde a los c\u00e1nones a un \u00abtiroteo cl\u00e1sico\u00bb que no tiene ning\u00fan tipo de conexi\u00f3n con la organizaci\u00f3n terrorista Estado Isl\u00e1mico.<\/p>\n<p>Las fuerzas de seguridad creen que el atacante podr\u00eda sufrir problemas psiqui\u00e1tricos. El fiscal Thomas Steinkraus-Koch, que tambi\u00e9n compareci\u00f3 en la rueda de prensa, dijo que podr\u00eda sufrir alguna enfermedad de tipo \u00abdepresivo\u00bb.<\/p>\n<p>Por el momento, los investigadores no ven indicios de que el joven pudiese haber podido contar con c\u00f3mplices para perpetrar el ataque. Durante su comparecencia ante los medios de comunicaci\u00f3n explicaron que el atacante utiliz\u00f3 una pistola del calibre 9 adquirida de manera ilegal para perpetrar el tiroteo.<\/p>\n<p>El jefe de la Oficina de Investigaci\u00f3n Criminal de Baviera, Robert Heimberger, tambi\u00e9n desvel\u00f3 que en el interior de la mochila del joven los agentes encontraron 300 balas.<\/p>\n<p>Asimismo, durante el registro de su habitaci\u00f3n se encontraron evidencias de su inter\u00e9s por anteriores matanzas, de las que recopilaba informaci\u00f3n.<\/p>\n<p>\u00abEl tema de los tiroteos lo manten\u00eda intensamente ocupado\u00bb, dijo el jefe de polic\u00eda de M\u00fanich.<\/p>\n<p>&nbsp;<\/p>\n","protected":false},"excerpt":{"rendered":"<p>M\u00fanich, 23 jul (dpa) &#8211; El ataque perpetrado el viernes en M\u00fanich que caus\u00f3 un total de diez muertos, entre ellos el propio autor del tiroteo, es a ojos de los investigadores un \u00abtiroteo cl\u00e1sico\u00bb que no tiene ning\u00fan tipo de conexi\u00f3n con la organizaci\u00f3n terrorista Estado Isl\u00e1mico, dijo hoy el jefe de la polic\u00eda<\/p>\n","protected":false},"author":1,"featured_media":16457,"comment_status":"closed","ping_status":"closed","sticky":false,"template":"","format":"standard","meta":{"footnotes":""},"categories":[343],"tags":[],"class_list":{"0":"post-32556","1":"post","2":"type-post","3":"status-publish","4":"format-standard","5":"has-post-thumbnail","7":"category-actualidad"},"aioseo_notices":[],"aioseo_head":"\n\t\t<!-- All in One SEO Pro 4.9.6.2 - aioseo.com -->\n\t<meta name=\"description\" content=\"M\u00fanich, 23 jul (dpa) - El ataque perpetrado el viernes en M\u00fanich que caus\u00f3 un total de diez muertos, entre ellos el propio autor del tiroteo, es a ojos de los investigadores un &quot;tiroteo cl\u00e1sico&quot; que no tiene ning\u00fan tipo de conexi\u00f3n con la organizaci\u00f3n terrorista Estado Isl\u00e1mico, dijo hoy el jefe de la polic\u00eda\" \/>\n\t<meta name=\"robots\" content=\"max-image-preview:large\" \/>\n\t<meta name=\"author\" content=\"Cand\u00e1s 365\"\/>\n\t<meta name=\"google-site-verification\" content=\"UA-32230408-1\" \/>\n\t<meta name=\"msvalidate.01\" content=\"354F3CDFB2DA171B47FBE9ABF1F88D5\" \/>\n\t<meta name=\"keywords\" content=\"actualidad\" \/>\n\t<link rel=\"canonical\" href=\"https:\/\/candas365.es\/noticias\/el-ataque-de-munich-un-tiroteo-clasico\/\" \/>\n\t<meta name=\"generator\" content=\"All in One SEO Pro (AIOSEO) 4.9.6.2\" \/>\n\t\t<meta property=\"og:locale\" content=\"es_ES\" \/>\n\t\t<meta property=\"og:site_name\" content=\"Cand\u00e1s 365\" \/>\n\t\t<meta property=\"og:type\" content=\"article\" \/>\n\t\t<meta property=\"og:title\" content=\"El ataque de M\u00fanich, un \u00abtiroteo cl\u00e1sico\u00bb | Cand\u00e1s 365\" \/>\n\t\t<meta property=\"og:description\" content=\"M\u00fanich, 23 jul (dpa) - El ataque perpetrado el viernes en M\u00fanich que caus\u00f3 un total de diez muertos, entre ellos el propio autor del tiroteo, es a ojos de los investigadores un &quot;tiroteo cl\u00e1sico&quot; que no tiene ning\u00fan tipo de conexi\u00f3n con la organizaci\u00f3n terrorista Estado Isl\u00e1mico, dijo hoy el jefe de la polic\u00eda\" \/>\n\t\t<meta property=\"og:url\" content=\"https:\/\/candas365.es\/noticias\/el-ataque-de-munich-un-tiroteo-clasico\/\" \/>\n\t\t<meta property=\"og:image\" content=\"https:\/\/candas365.es\/noticias\/wp-content\/uploads\/2015\/09\/c365noticias.jpg\" \/>\n\t\t<meta property=\"og:image:secure_url\" content=\"https:\/\/candas365.es\/noticias\/wp-content\/uploads\/2015\/09\/c365noticias.jpg\" \/>\n\t\t<meta property=\"og:image:width\" content=\"655\" \/>\n\t\t<meta property=\"og:image:height\" content=\"360\" \/>\n\t\t<meta property=\"article:published_time\" content=\"2016-07-23T22:51:08+00:00\" \/>\n\t\t<meta property=\"article:modified_time\" content=\"2016-07-23T22:51:08+00:00\" \/>\n\t\t<meta property=\"article:publisher\" content=\"https:\/\/www.facebook.com\/Nachofdezber\" \/>\n\t\t<meta property=\"article:author\" content=\"https:\/\/www.facebook.com\/carrenoactualidad\" \/>\n\t\t<meta name=\"twitter:card\" content=\"summary_large_image\" \/>\n\t\t<meta name=\"twitter:site\" content=\"@NabercoDigital\" \/>\n\t\t<meta name=\"twitter:title\" content=\"El ataque de M\u00fanich, un \u00abtiroteo cl\u00e1sico\u00bb | Cand\u00e1s 365\" \/>\n\t\t<meta name=\"twitter:description\" content=\"M\u00fanich, 23 jul (dpa) - El ataque perpetrado el viernes en M\u00fanich que caus\u00f3 un total de diez muertos, entre ellos el propio autor del tiroteo, es a ojos de los investigadores un &quot;tiroteo cl\u00e1sico&quot; que no tiene ning\u00fan tipo de conexi\u00f3n con la organizaci\u00f3n terrorista Estado Isl\u00e1mico, dijo hoy el jefe de la polic\u00eda\" \/>\n\t\t<meta name=\"twitter:creator\" content=\"@nbasturias\" \/>\n\t\t<meta name=\"twitter:image\" content=\"https:\/\/candas365.es\/noticias\/wp-content\/uploads\/2015\/09\/c365noticias.jpg\" \/>\n\t\t<meta name=\"twitter:label1\" content=\"Escrito por\" \/>\n\t\t<meta name=\"twitter:data1\" content=\"Cand\u00e1s 365\" \/>\n\t\t<meta name=\"twitter:label2\" content=\"Tiempo de lectura estimado\" \/>\n\t\t<meta name=\"twitter:data2\" content=\"3 minutos\" \/>\n\t\t<script type=\"application\/ld+json\" class=\"aioseo-schema\">\n\t\t\t{\"@context\":\"https:\\\/\\\/schema.org\",\"@graph\":[{\"@type\":\"BreadcrumbList\",\"@id\":\"https:\\\/\\\/candas365.es\\\/noticias\\\/el-ataque-de-munich-un-tiroteo-clasico\\\/#breadcrumblist\",\"itemListElement\":[{\"@type\":\"ListItem\",\"@id\":\"https:\\\/\\\/candas365.es\\\/noticias#listItem\",\"position\":1,\"name\":\"Home\",\"item\":\"https:\\\/\\\/candas365.es\\\/noticias\",\"nextItem\":{\"@type\":\"ListItem\",\"@id\":\"https:\\\/\\\/candas365.es\\\/noticias\\\/category\\\/actualidad\\\/#listItem\",\"name\":\"Actualidad\"}},{\"@type\":\"ListItem\",\"@id\":\"https:\\\/\\\/candas365.es\\\/noticias\\\/category\\\/actualidad\\\/#listItem\",\"position\":2,\"name\":\"Actualidad\",\"item\":\"https:\\\/\\\/candas365.es\\\/noticias\\\/category\\\/actualidad\\\/\",\"nextItem\":{\"@type\":\"ListItem\",\"@id\":\"https:\\\/\\\/candas365.es\\\/noticias\\\/el-ataque-de-munich-un-tiroteo-clasico\\\/#listItem\",\"name\":\"El ataque de M\\u00fanich, un \\u00abtiroteo cl\\u00e1sico\\u00bb\"},\"previousItem\":{\"@type\":\"ListItem\",\"@id\":\"https:\\\/\\\/candas365.es\\\/noticias#listItem\",\"name\":\"Home\"}},{\"@type\":\"ListItem\",\"@id\":\"https:\\\/\\\/candas365.es\\\/noticias\\\/el-ataque-de-munich-un-tiroteo-clasico\\\/#listItem\",\"position\":3,\"name\":\"El ataque de M\\u00fanich, un \\u00abtiroteo cl\\u00e1sico\\u00bb\",\"previousItem\":{\"@type\":\"ListItem\",\"@id\":\"https:\\\/\\\/candas365.es\\\/noticias\\\/category\\\/actualidad\\\/#listItem\",\"name\":\"Actualidad\"}}]},{\"@type\":\"NewsArticle\",\"@id\":\"https:\\\/\\\/candas365.es\\\/noticias\\\/el-ataque-de-munich-un-tiroteo-clasico\\\/#newsarticle\",\"name\":\"El ataque de M\\u00fanich, un \\u00abtiroteo cl\\u00e1sico\\u00bb | Cand\\u00e1s 365\",\"headline\":\"El ataque de M\\u00fanich, un \\u00abtiroteo cl\\u00e1sico\\u00bb\",\"author\":{\"@id\":\"https:\\\/\\\/candas365.es\\\/noticias\\\/author\\\/admin\\\/#author\"},\"publisher\":{\"@id\":\"https:\\\/\\\/candas365.es\\\/noticias\\\/#organization\"},\"image\":{\"@type\":\"ImageObject\",\"url\":\"https:\\\/\\\/candas365.es\\\/noticias\\\/wp-content\\\/uploads\\\/2015\\\/09\\\/c365noticias.jpg\",\"width\":655,\"height\":360},\"datePublished\":\"2016-07-24T00:21:08+02:00\",\"dateModified\":\"2016-07-24T00:21:08+02:00\",\"inLanguage\":\"es-ES\",\"mainEntityOfPage\":{\"@id\":\"https:\\\/\\\/candas365.es\\\/noticias\\\/el-ataque-de-munich-un-tiroteo-clasico\\\/#webpage\"},\"isPartOf\":{\"@id\":\"https:\\\/\\\/candas365.es\\\/noticias\\\/el-ataque-de-munich-un-tiroteo-clasico\\\/#webpage\"},\"articleSection\":\"Actualidad\",\"dateline\":\"Publicado el julio 24, 2016.\"},{\"@type\":\"Organization\",\"@id\":\"https:\\\/\\\/candas365.es\\\/noticias\\\/#organization\",\"name\":\"Cand\\u00e1s 365\",\"description\":\"Cand\\u00e1s 365 es un diario digital independiente, fundado en 2012, con base en Asturias. Informamos con rigor sobre actualidad, sociedad, cultura y ocio, con una mirada local y global.\",\"url\":\"https:\\\/\\\/candas365.es\\\/noticias\\\/\",\"email\":\"info@candas365.es\",\"telephone\":\"+34652131393\",\"foundingDate\":\"2012-06-10\",\"logo\":{\"@type\":\"ImageObject\",\"url\":\"https:\\\/\\\/candas365.es\\\/noticias\\\/wp-content\\\/uploads\\\/2024\\\/09\\\/Candas-365-Redes.jpg\",\"@id\":\"https:\\\/\\\/candas365.es\\\/noticias\\\/el-ataque-de-munich-un-tiroteo-clasico\\\/#organizationLogo\",\"width\":1152,\"height\":864,\"caption\":\"Cand\\u00e1s 365 Redes\"},\"image\":{\"@id\":\"https:\\\/\\\/candas365.es\\\/noticias\\\/el-ataque-de-munich-un-tiroteo-clasico\\\/#organizationLogo\"},\"sameAs\":[\"https:\\\/\\\/www.facebook.com\\\/Nachofdezber\",\"https:\\\/\\\/x.com\\\/NabercoDigital\",\"https:\\\/\\\/www.instagram.com\\\/nachofdezber\\\/\",\"https:\\\/\\\/www.youtube.com\\\/channel\\\/UCZP-2wLEB9Rv6erhFmqVnvg\"],\"address\":{\"@id\":\"https:\\\/\\\/candas365.es\\\/noticias\\\/#postaladdress\",\"@type\":\"PostalAddress\",\"streetAddress\":\"san antonio 4, san antonio 4\",\"postalCode\":\"33430\",\"addressLocality\":\"Cand\\u00e1s\",\"addressRegion\":\"Asturias\",\"addressCountry\":\"ES\"}},{\"@type\":\"Person\",\"@id\":\"https:\\\/\\\/candas365.es\\\/noticias\\\/author\\\/admin\\\/#author\",\"url\":\"https:\\\/\\\/candas365.es\\\/noticias\\\/author\\\/admin\\\/\",\"name\":\"Cand\\u00e1s 365\",\"image\":{\"@type\":\"ImageObject\",\"@id\":\"https:\\\/\\\/candas365.es\\\/noticias\\\/el-ataque-de-munich-un-tiroteo-clasico\\\/#authorImage\",\"url\":\"https:\\\/\\\/secure.gravatar.com\\\/avatar\\\/496a8e03d0c493ede1718b7934145dbdf8d89be1036b0eec9544e1094c9de390?s=96&d=mm&r=g\",\"width\":96,\"height\":96,\"caption\":\"Cand\\u00e1s 365\"},\"sameAs\":[\"https:\\\/\\\/www.facebook.com\\\/carrenoactualidad\",\"https:\\\/\\\/twitter.com\\\/nbasturias\",\"https:\\\/\\\/www.instagram.com\\\/nachofdezber\\\/\",\"https:\\\/\\\/www.youtube.com\\\/channel\\\/UCZP-2wLEB9Rv6erhFmqVnvg\"]},{\"@type\":\"WebPage\",\"@id\":\"https:\\\/\\\/candas365.es\\\/noticias\\\/el-ataque-de-munich-un-tiroteo-clasico\\\/#webpage\",\"url\":\"https:\\\/\\\/candas365.es\\\/noticias\\\/el-ataque-de-munich-un-tiroteo-clasico\\\/\",\"name\":\"El ataque de M\\u00fanich, un \\u00abtiroteo cl\\u00e1sico\\u00bb | Cand\\u00e1s 365\",\"description\":\"M\\u00fanich, 23 jul (dpa) - El ataque perpetrado el viernes en M\\u00fanich que caus\\u00f3 un total de diez muertos, entre ellos el propio autor del tiroteo, es a ojos de los investigadores un \\\"tiroteo cl\\u00e1sico\\\" que no tiene ning\\u00fan tipo de conexi\\u00f3n con la organizaci\\u00f3n terrorista Estado Isl\\u00e1mico, dijo hoy el jefe de la polic\\u00eda\",\"inLanguage\":\"es-ES\",\"isPartOf\":{\"@id\":\"https:\\\/\\\/candas365.es\\\/noticias\\\/#website\"},\"breadcrumb\":{\"@id\":\"https:\\\/\\\/candas365.es\\\/noticias\\\/el-ataque-de-munich-un-tiroteo-clasico\\\/#breadcrumblist\"},\"author\":{\"@id\":\"https:\\\/\\\/candas365.es\\\/noticias\\\/author\\\/admin\\\/#author\"},\"creator\":{\"@id\":\"https:\\\/\\\/candas365.es\\\/noticias\\\/author\\\/admin\\\/#author\"},\"image\":{\"@type\":\"ImageObject\",\"url\":\"https:\\\/\\\/candas365.es\\\/noticias\\\/wp-content\\\/uploads\\\/2015\\\/09\\\/c365noticias.jpg\",\"@id\":\"https:\\\/\\\/candas365.es\\\/noticias\\\/el-ataque-de-munich-un-tiroteo-clasico\\\/#mainImage\",\"width\":655,\"height\":360},\"primaryImageOfPage\":{\"@id\":\"https:\\\/\\\/candas365.es\\\/noticias\\\/el-ataque-de-munich-un-tiroteo-clasico\\\/#mainImage\"},\"datePublished\":\"2016-07-24T00:21:08+02:00\",\"dateModified\":\"2016-07-24T00:21:08+02:00\"},{\"@type\":\"WebSite\",\"@id\":\"https:\\\/\\\/candas365.es\\\/noticias\\\/#website\",\"url\":\"https:\\\/\\\/candas365.es\\\/noticias\\\/\",\"name\":\"Cand\\u00e1s 365\",\"alternateName\":\"Cand\\u00e1s 365 Noticias\",\"description\":\"Actualidad desde Carre\\u00f1o para el mundo\",\"inLanguage\":\"es-ES\",\"publisher\":{\"@id\":\"https:\\\/\\\/candas365.es\\\/noticias\\\/#organization\"}}]}\n\t\t<\/script>\n\t\t<!-- All in One SEO Pro -->\r\n\t\t<title>El ataque de M\u00fanich, un \u00abtiroteo cl\u00e1sico\u00bb | Cand\u00e1s 365<\/title>\n\n","aioseo_head_json":{"title":"El ataque de M\u00fanich, un \u00abtiroteo cl\u00e1sico\u00bb | Cand\u00e1s 365","description":"M\u00fanich, 23 jul (dpa) - El ataque perpetrado el viernes en M\u00fanich que caus\u00f3 un total de diez muertos, entre ellos el propio autor del tiroteo, es a ojos de los investigadores un \"tiroteo cl\u00e1sico\" que no tiene ning\u00fan tipo de conexi\u00f3n con la organizaci\u00f3n terrorista Estado Isl\u00e1mico, dijo hoy el jefe de la polic\u00eda","canonical_url":"https:\/\/candas365.es\/noticias\/el-ataque-de-munich-un-tiroteo-clasico\/","robots":"max-image-preview:large","keywords":"actualidad","webmasterTools":{"google-site-verification":"UA-32230408-1","msvalidate.01":"354F3CDFB2DA171B47FBE9ABF1F88D5","miscellaneous":""},"schema":{"@context":"https:\/\/schema.org","@graph":[{"@type":"BreadcrumbList","@id":"https:\/\/candas365.es\/noticias\/el-ataque-de-munich-un-tiroteo-clasico\/#breadcrumblist","itemListElement":[{"@type":"ListItem","@id":"https:\/\/candas365.es\/noticias#listItem","position":1,"name":"Home","item":"https:\/\/candas365.es\/noticias","nextItem":{"@type":"ListItem","@id":"https:\/\/candas365.es\/noticias\/category\/actualidad\/#listItem","name":"Actualidad"}},{"@type":"ListItem","@id":"https:\/\/candas365.es\/noticias\/category\/actualidad\/#listItem","position":2,"name":"Actualidad","item":"https:\/\/candas365.es\/noticias\/category\/actualidad\/","nextItem":{"@type":"ListItem","@id":"https:\/\/candas365.es\/noticias\/el-ataque-de-munich-un-tiroteo-clasico\/#listItem","name":"El ataque de M\u00fanich, un \u00abtiroteo cl\u00e1sico\u00bb"},"previousItem":{"@type":"ListItem","@id":"https:\/\/candas365.es\/noticias#listItem","name":"Home"}},{"@type":"ListItem","@id":"https:\/\/candas365.es\/noticias\/el-ataque-de-munich-un-tiroteo-clasico\/#listItem","position":3,"name":"El ataque de M\u00fanich, un \u00abtiroteo cl\u00e1sico\u00bb","previousItem":{"@type":"ListItem","@id":"https:\/\/candas365.es\/noticias\/category\/actualidad\/#listItem","name":"Actualidad"}}]},{"@type":"NewsArticle","@id":"https:\/\/candas365.es\/noticias\/el-ataque-de-munich-un-tiroteo-clasico\/#newsarticle","name":"El ataque de M\u00fanich, un \u00abtiroteo cl\u00e1sico\u00bb | Cand\u00e1s 365","headline":"El ataque de M\u00fanich, un \u00abtiroteo cl\u00e1sico\u00bb","author":{"@id":"https:\/\/candas365.es\/noticias\/author\/admin\/#author"},"publisher":{"@id":"https:\/\/candas365.es\/noticias\/#organization"},"image":{"@type":"ImageObject","url":"https:\/\/candas365.es\/noticias\/wp-content\/uploads\/2015\/09\/c365noticias.jpg","width":655,"height":360},"datePublished":"2016-07-24T00:21:08+02:00","dateModified":"2016-07-24T00:21:08+02:00","inLanguage":"es-ES","mainEntityOfPage":{"@id":"https:\/\/candas365.es\/noticias\/el-ataque-de-munich-un-tiroteo-clasico\/#webpage"},"isPartOf":{"@id":"https:\/\/candas365.es\/noticias\/el-ataque-de-munich-un-tiroteo-clasico\/#webpage"},"articleSection":"Actualidad","dateline":"Publicado el julio 24, 2016."},{"@type":"Organization","@id":"https:\/\/candas365.es\/noticias\/#organization","name":"Cand\u00e1s 365","description":"Cand\u00e1s 365 es un diario digital independiente, fundado en 2012, con base en Asturias. Informamos con rigor sobre actualidad, sociedad, cultura y ocio, con una mirada local y global.","url":"https:\/\/candas365.es\/noticias\/","email":"info@candas365.es","telephone":"+34652131393","foundingDate":"2012-06-10","logo":{"@type":"ImageObject","url":"https:\/\/candas365.es\/noticias\/wp-content\/uploads\/2024\/09\/Candas-365-Redes.jpg","@id":"https:\/\/candas365.es\/noticias\/el-ataque-de-munich-un-tiroteo-clasico\/#organizationLogo","width":1152,"height":864,"caption":"Cand\u00e1s 365 Redes"},"image":{"@id":"https:\/\/candas365.es\/noticias\/el-ataque-de-munich-un-tiroteo-clasico\/#organizationLogo"},"sameAs":["https:\/\/www.facebook.com\/Nachofdezber","https:\/\/x.com\/NabercoDigital","https:\/\/www.instagram.com\/nachofdezber\/","https:\/\/www.youtube.com\/channel\/UCZP-2wLEB9Rv6erhFmqVnvg"],"address":{"@id":"https:\/\/candas365.es\/noticias\/#postaladdress","@type":"PostalAddress","streetAddress":"san antonio 4, san antonio 4","postalCode":"33430","addressLocality":"Cand\u00e1s","addressRegion":"Asturias","addressCountry":"ES"}},{"@type":"Person","@id":"https:\/\/candas365.es\/noticias\/author\/admin\/#author","url":"https:\/\/candas365.es\/noticias\/author\/admin\/","name":"Cand\u00e1s 365","image":{"@type":"ImageObject","@id":"https:\/\/candas365.es\/noticias\/el-ataque-de-munich-un-tiroteo-clasico\/#authorImage","url":"https:\/\/secure.gravatar.com\/avatar\/496a8e03d0c493ede1718b7934145dbdf8d89be1036b0eec9544e1094c9de390?s=96&d=mm&r=g","width":96,"height":96,"caption":"Cand\u00e1s 365"},"sameAs":["https:\/\/www.facebook.com\/carrenoactualidad","https:\/\/twitter.com\/nbasturias","https:\/\/www.instagram.com\/nachofdezber\/","https:\/\/www.youtube.com\/channel\/UCZP-2wLEB9Rv6erhFmqVnvg"]},{"@type":"WebPage","@id":"https:\/\/candas365.es\/noticias\/el-ataque-de-munich-un-tiroteo-clasico\/#webpage","url":"https:\/\/candas365.es\/noticias\/el-ataque-de-munich-un-tiroteo-clasico\/","name":"El ataque de M\u00fanich, un \u00abtiroteo cl\u00e1sico\u00bb | Cand\u00e1s 365","description":"M\u00fanich, 23 jul (dpa) - El ataque perpetrado el viernes en M\u00fanich que caus\u00f3 un total de diez muertos, entre ellos el propio autor del tiroteo, es a ojos de los investigadores un \"tiroteo cl\u00e1sico\" que no tiene ning\u00fan tipo de conexi\u00f3n con la organizaci\u00f3n terrorista Estado Isl\u00e1mico, dijo hoy el jefe de la polic\u00eda","inLanguage":"es-ES","isPartOf":{"@id":"https:\/\/candas365.es\/noticias\/#website"},"breadcrumb":{"@id":"https:\/\/candas365.es\/noticias\/el-ataque-de-munich-un-tiroteo-clasico\/#breadcrumblist"},"author":{"@id":"https:\/\/candas365.es\/noticias\/author\/admin\/#author"},"creator":{"@id":"https:\/\/candas365.es\/noticias\/author\/admin\/#author"},"image":{"@type":"ImageObject","url":"https:\/\/candas365.es\/noticias\/wp-content\/uploads\/2015\/09\/c365noticias.jpg","@id":"https:\/\/candas365.es\/noticias\/el-ataque-de-munich-un-tiroteo-clasico\/#mainImage","width":655,"height":360},"primaryImageOfPage":{"@id":"https:\/\/candas365.es\/noticias\/el-ataque-de-munich-un-tiroteo-clasico\/#mainImage"},"datePublished":"2016-07-24T00:21:08+02:00","dateModified":"2016-07-24T00:21:08+02:00"},{"@type":"WebSite","@id":"https:\/\/candas365.es\/noticias\/#website","url":"https:\/\/candas365.es\/noticias\/","name":"Cand\u00e1s 365","alternateName":"Cand\u00e1s 365 Noticias","description":"Actualidad desde Carre\u00f1o para el mundo","inLanguage":"es-ES","publisher":{"@id":"https:\/\/candas365.es\/noticias\/#organization"}}]},"og:locale":"es_ES","og:site_name":"Cand\u00e1s 365","og:type":"article","og:title":"El ataque de M\u00fanich, un \u00abtiroteo cl\u00e1sico\u00bb | Cand\u00e1s 365","og:description":"M\u00fanich, 23 jul (dpa) - El ataque perpetrado el viernes en M\u00fanich que caus\u00f3 un total de diez muertos, entre ellos el propio autor del tiroteo, es a ojos de los investigadores un &quot;tiroteo cl\u00e1sico&quot; que no tiene ning\u00fan tipo de conexi\u00f3n con la organizaci\u00f3n terrorista Estado Isl\u00e1mico, dijo hoy el jefe de la polic\u00eda","og:url":"https:\/\/candas365.es\/noticias\/el-ataque-de-munich-un-tiroteo-clasico\/","og:image":"https:\/\/candas365.es\/noticias\/wp-content\/uploads\/2015\/09\/c365noticias.jpg","og:image:secure_url":"https:\/\/candas365.es\/noticias\/wp-content\/uploads\/2015\/09\/c365noticias.jpg","og:image:width":655,"og:image:height":360,"article:published_time":"2016-07-23T22:51:08+00:00","article:modified_time":"2016-07-23T22:51:08+00:00","article:publisher":"https:\/\/www.facebook.com\/Nachofdezber","article:author":"https:\/\/www.facebook.com\/carrenoactualidad","twitter:card":"summary_large_image","twitter:site":"@NabercoDigital","twitter:title":"El ataque de M\u00fanich, un \u00abtiroteo cl\u00e1sico\u00bb | Cand\u00e1s 365","twitter:description":"M\u00fanich, 23 jul (dpa) - El ataque perpetrado el viernes en M\u00fanich que caus\u00f3 un total de diez muertos, entre ellos el propio autor del tiroteo, es a ojos de los investigadores un &quot;tiroteo cl\u00e1sico&quot; que no tiene ning\u00fan tipo de conexi\u00f3n con la organizaci\u00f3n terrorista Estado Isl\u00e1mico, dijo hoy el jefe de la polic\u00eda","twitter:creator":"@nbasturias","twitter:image":"https:\/\/candas365.es\/noticias\/wp-content\/uploads\/2015\/09\/c365noticias.jpg","twitter:label1":"Escrito por","twitter:data1":"Cand\u00e1s 365","twitter:label2":"Tiempo de lectura estimado","twitter:data2":"3 minutos"},"aioseo_meta_data":{"post_id":"32556","title":null,"description":null,"keywords":null,"keyphrases":null,"primary_term":null,"canonical_url":null,"og_title":null,"og_description":null,"og_object_type":"default","og_image_type":"default","og_image_url":null,"og_image_width":null,"og_image_height":null,"og_image_custom_url":null,"og_image_custom_fields":null,"og_video":null,"og_custom_url":null,"og_article_section":null,"og_article_tags":null,"twitter_use_og":false,"twitter_card":"default","twitter_image_type":"default","twitter_image_url":null,"twitter_image_custom_url":null,"twitter_image_custom_fields":null,"twitter_title":null,"twitter_description":null,"schema":{"blockGraphs":[],"customGraphs":[],"default":{"data":{"Article":[],"Course":[],"Dataset":[],"FAQPage":[],"Movie":[],"Person":[],"Product":[],"ProductReview":[],"Car":[],"Recipe":[],"Service":[],"SoftwareApplication":[],"WebPage":[]},"graphName":"","isEnabled":true},"graphs":[],"defaultGraph":"","defaultPostTypeGraph":""},"schema_type":null,"schema_type_options":null,"pillar_content":false,"robots_default":true,"robots_noindex":false,"robots_noarchive":false,"robots_nosnippet":false,"robots_nofollow":false,"robots_noimageindex":false,"robots_noodp":false,"robots_notranslate":false,"robots_max_snippet":null,"robots_max_videopreview":null,"robots_max_imagepreview":"large","priority":null,"frequency":null,"location":null,"local_seo":null,"seo_analyzer_scan_date":"2025-08-24 15:34:10","breadcrumb_settings":null,"limit_modified_date":false,"reviewed_by":null,"open_ai":null,"ai":null,"created":"2020-12-21 13:04:47","updated":"2025-08-24 15:34:10"},"aioseo_breadcrumb":"<div class=\"aioseo-breadcrumbs\"><span class=\"aioseo-breadcrumb\">\n\t<a href=\"https:\/\/candas365.es\/noticias\" title=\"Home\">Home<\/a>\n<\/span><span class=\"aioseo-breadcrumb-separator\">&ndash;<\/span><span class=\"aioseo-breadcrumb\">\n\t<a href=\"https:\/\/candas365.es\/noticias\/category\/actualidad\/\" title=\"Actualidad\">Actualidad<\/a>\n<\/span><span class=\"aioseo-breadcrumb-separator\">&ndash;<\/span><span class=\"aioseo-breadcrumb\">\n\tEl ataque de M\u00fanich, un \u00abtiroteo cl\u00e1sico\u00bb\n<\/span><\/div>","aioseo_breadcrumb_json":[{"label":"Home","link":"https:\/\/candas365.es\/noticias"},{"label":"Actualidad","link":"https:\/\/candas365.es\/noticias\/category\/actualidad\/"},{"label":"El ataque de M\u00fanich, un \u00abtiroteo cl\u00e1sico\u00bb","link":"https:\/\/candas365.es\/noticias\/el-ataque-de-munich-un-tiroteo-clasico\/"}],"_links":{"self":[{"href":"https:\/\/candas365.es\/noticias\/wp-json\/wp\/v2\/posts\/32556","targetHints":{"allow":["GET"]}}],"collection":[{"href":"https:\/\/candas365.es\/noticias\/wp-json\/wp\/v2\/posts"}],"about":[{"href":"https:\/\/candas365.es\/noticias\/wp-json\/wp\/v2\/types\/post"}],"author":[{"embeddable":true,"href":"https:\/\/candas365.es\/noticias\/wp-json\/wp\/v2\/users\/1"}],"replies":[{"embeddable":true,"href":"https:\/\/candas365.es\/noticias\/wp-json\/wp\/v2\/comments?post=32556"}],"version-history":[{"count":0,"href":"https:\/\/candas365.es\/noticias\/wp-json\/wp\/v2\/posts\/32556\/revisions"}],"wp:featuredmedia":[{"embeddable":true,"href":"https:\/\/candas365.es\/noticias\/wp-json\/wp\/v2\/media\/16457"}],"wp:attachment":[{"href":"https:\/\/candas365.es\/noticias\/wp-json\/wp\/v2\/media?parent=32556"}],"wp:term":[{"taxonomy":"category","embeddable":true,"href":"https:\/\/candas365.es\/noticias\/wp-json\/wp\/v2\/categories?post=32556"},{"taxonomy":"post_tag","embeddable":true,"href":"https:\/\/candas365.es\/noticias\/wp-json\/wp\/v2\/tags?post=32556"}],"curies":[{"name":"wp","href":"https:\/\/api.w.org\/{rel}","templated":true}]}}