{"id":32554,"date":"2016-07-24T00:20:15","date_gmt":"2016-07-23T22:50:15","guid":{"rendered":"http:\/\/candas365.es\/noticias\/?p=32554"},"modified":"2016-07-24T00:20:15","modified_gmt":"2016-07-23T22:50:15","slug":"merkel-vamos-a-descubrir-que-hay-realmente-detras-del-ataque","status":"publish","type":"post","link":"https:\/\/candas365.es\/noticias\/merkel-vamos-a-descubrir-que-hay-realmente-detras-del-ataque\/","title":{"rendered":"Merkel: \u00abVamos a descubrir qu\u00e9 hay realmente detr\u00e1s del ataque\u00bb"},"content":{"rendered":"<p><img fetchpriority=\"high\" decoding=\"async\" class=\"alignleft size-medium wp-image-14622\" src=\"https:\/\/candas365.es\/noticias\/wp-content\/uploads\/2015\/08\/merkel-360x198.jpg\" alt=\"merkel\" width=\"360\" height=\"198\" srcset=\"https:\/\/candas365.es\/noticias\/wp-content\/uploads\/2015\/08\/merkel-360x198.jpg 360w, https:\/\/candas365.es\/noticias\/wp-content\/uploads\/2015\/08\/merkel-650x357.jpg 650w, https:\/\/candas365.es\/noticias\/wp-content\/uploads\/2015\/08\/merkel-150x82.jpg 150w, https:\/\/candas365.es\/noticias\/wp-content\/uploads\/2015\/08\/merkel-450x247.jpg 450w, https:\/\/candas365.es\/noticias\/wp-content\/uploads\/2015\/08\/merkel.jpg 655w\" sizes=\"(max-width: 360px) 100vw, 360px\" \/>Berl\u00edn, 23 jul (dpa) &#8211; La canciller alemana, Angela Merkel, se comprometi\u00f3 hoy a descubrir los motivos que llevaron a un joven de 18 a\u00f1os a matar a nueve personas, la mayor\u00eda menores de edad, en la tarde del viernes en M\u00fanich.<\/p>\n<p>\u00abVamos a descubrir qu\u00e9 hay realmente detr\u00e1s de este ataque perpetrado en M\u00fanich\u00bb, dijo la mandataria en una declaraci\u00f3n ofrecida esta tarde.<\/p>\n<p>La pol\u00edtica conservadora lament\u00f3 lo ocurrido en la capital b\u00e1vara y se\u00f1al\u00f3 que las fuerzas de seguridad continuar\u00e1n trabajando para seguir garantizando la libertad y la vida de todas las personas en Alemania.<\/p>\n<p>\u00abDejamos atr\u00e1s, sobre todo los ciudadanos de M\u00fanich, una tarde y una noche de terror. Todos nosotros estamos todav\u00eda impresionados por las im\u00e1genes y el relato de los testigos\u00bb, declar\u00f3 al comienzo de su intervenci\u00f3n.<\/p>\n<p>Asimismo, expres\u00f3 su p\u00e9same a los familiares de las v\u00edctimas mortales que se cobr\u00f3 el ataque.<\/p>\n<p>\u00abTodos, digo todos hablando tambi\u00e9n en nombre del Gobierno alem\u00e1n, lamentamos profundamente la p\u00e9rdida de las personas que no volver\u00e1n a estar al lado de sus seres queridos\u00bb, dijo.<\/p>\n<p>Merkel se refiri\u00f3 al fatal destino de los fallecidos, quienes, destac\u00f3, tan s\u00f3lo quer\u00edan pasar una tarde tranquila de compras o comer algo r\u00e1pidamente.<\/p>\n<p>\u00abA las familias, a los padres e hijos para quienes hoy todo parece no tener sentido y todo parece vac\u00edo, les digo personalmente y en nombre de much\u00edsimas personas de Alemania que compartimos su dolor, que pensamos en ellos, sufrimos con ellos\u00bb, asegur\u00f3 la canciller.<\/p>\n<p>Tambi\u00e9n tuvo palabras de \u00e1nimo para los heridos, 16 en total, quienes, recalc\u00f3, \u00abtendr\u00e1n todo el apoyo que necesiten\u00bb.<\/p>\n<p>La dirigente germana no quiso terminar su intervenci\u00f3n en la Canciller\u00eda de Berl\u00edn sin agradecer a las fuerzas de seguridad el trabajo desempe\u00f1ado en las \u00faltimas horas, a quienes felicit\u00f3 por su labor y profesionalidad.<\/p>\n<p>Angela Merkel record\u00f3 los recientes ataques ocurridos en Niza (Francia) y en el sur de Alemania, cuando un solicitante de asilo atac\u00f3 con un hacha y un cuchillo a los pasajeros de un tren regional.<\/p>\n<p>\u00abEstos ataques siempre se producen en lugares en los que nos podr\u00edamos encontrar todos, as\u00ed que puedo entender a la gente que hoy se pregunta si estamos seguros\u00bb, declar\u00f3 la canciller.<\/p>\n<p>Adem\u00e1s, la pol\u00edtica agradeci\u00f3 a las muestras de solidaridad llegadas de todas las partes del mundo.<\/p>\n<p>&nbsp;<\/p>\n","protected":false},"excerpt":{"rendered":"<p>Berl\u00edn, 23 jul (dpa) &#8211; La canciller alemana, Angela Merkel, se comprometi\u00f3 hoy a descubrir los motivos que llevaron a un joven de 18 a\u00f1os a matar a nueve personas, la mayor\u00eda menores de edad, en la tarde del viernes en M\u00fanich. \u00abVamos a descubrir qu\u00e9 hay realmente detr\u00e1s de este ataque perpetrado en M\u00fanich\u00bb,<\/p>\n","protected":false},"author":1,"featured_media":14622,"comment_status":"closed","ping_status":"closed","sticky":false,"template":"","format":"standard","meta":{"footnotes":""},"categories":[343],"tags":[],"class_list":{"0":"post-32554","1":"post","2":"type-post","3":"status-publish","4":"format-standard","5":"has-post-thumbnail","7":"category-actualidad"},"aioseo_notices":[],"aioseo_head":"\n\t\t<!-- All in One SEO Pro 4.9.6.2 - aioseo.com -->\n\t<meta name=\"description\" content=\"Berl\u00edn, 23 jul (dpa) - La canciller alemana, Angela Merkel, se comprometi\u00f3 hoy a descubrir los motivos que llevaron a un joven de 18 a\u00f1os a matar a nueve personas, la mayor\u00eda menores de edad, en la tarde del viernes en M\u00fanich. &quot;Vamos a descubrir qu\u00e9 hay realmente detr\u00e1s de este ataque perpetrado en M\u00fanich&quot;,\" \/>\n\t<meta name=\"robots\" content=\"max-image-preview:large\" \/>\n\t<meta name=\"author\" content=\"Cand\u00e1s 365\"\/>\n\t<meta name=\"google-site-verification\" content=\"UA-32230408-1\" \/>\n\t<meta name=\"msvalidate.01\" content=\"354F3CDFB2DA171B47FBE9ABF1F88D5\" \/>\n\t<meta name=\"keywords\" content=\"actualidad\" \/>\n\t<link rel=\"canonical\" href=\"https:\/\/candas365.es\/noticias\/merkel-vamos-a-descubrir-que-hay-realmente-detras-del-ataque\/\" \/>\n\t<meta name=\"generator\" content=\"All in One SEO Pro (AIOSEO) 4.9.6.2\" \/>\n\t\t<meta property=\"og:locale\" content=\"es_ES\" \/>\n\t\t<meta property=\"og:site_name\" content=\"Cand\u00e1s 365\" \/>\n\t\t<meta property=\"og:type\" content=\"article\" \/>\n\t\t<meta property=\"og:title\" content=\"Merkel: \u00abVamos a descubrir qu\u00e9 hay realmente detr\u00e1s del ataque\u00bb | Cand\u00e1s 365\" \/>\n\t\t<meta property=\"og:description\" content=\"Berl\u00edn, 23 jul (dpa) - La canciller alemana, Angela Merkel, se comprometi\u00f3 hoy a descubrir los motivos que llevaron a un joven de 18 a\u00f1os a matar a nueve personas, la mayor\u00eda menores de edad, en la tarde del viernes en M\u00fanich. &quot;Vamos a descubrir qu\u00e9 hay realmente detr\u00e1s de este ataque perpetrado en M\u00fanich&quot;,\" \/>\n\t\t<meta property=\"og:url\" content=\"https:\/\/candas365.es\/noticias\/merkel-vamos-a-descubrir-que-hay-realmente-detras-del-ataque\/\" \/>\n\t\t<meta property=\"og:image\" content=\"https:\/\/candas365.es\/noticias\/wp-content\/uploads\/2015\/08\/merkel.jpg\" \/>\n\t\t<meta property=\"og:image:secure_url\" content=\"https:\/\/candas365.es\/noticias\/wp-content\/uploads\/2015\/08\/merkel.jpg\" \/>\n\t\t<meta property=\"og:image:width\" content=\"655\" \/>\n\t\t<meta property=\"og:image:height\" content=\"360\" \/>\n\t\t<meta property=\"article:published_time\" content=\"2016-07-23T22:50:15+00:00\" \/>\n\t\t<meta property=\"article:modified_time\" content=\"2016-07-23T22:50:15+00:00\" \/>\n\t\t<meta property=\"article:publisher\" content=\"https:\/\/www.facebook.com\/Nachofdezber\" \/>\n\t\t<meta property=\"article:author\" content=\"https:\/\/www.facebook.com\/carrenoactualidad\" \/>\n\t\t<meta name=\"twitter:card\" content=\"summary_large_image\" \/>\n\t\t<meta name=\"twitter:site\" content=\"@NabercoDigital\" \/>\n\t\t<meta name=\"twitter:title\" content=\"Merkel: \u00abVamos a descubrir qu\u00e9 hay realmente detr\u00e1s del ataque\u00bb | Cand\u00e1s 365\" \/>\n\t\t<meta name=\"twitter:description\" content=\"Berl\u00edn, 23 jul (dpa) - La canciller alemana, Angela Merkel, se comprometi\u00f3 hoy a descubrir los motivos que llevaron a un joven de 18 a\u00f1os a matar a nueve personas, la mayor\u00eda menores de edad, en la tarde del viernes en M\u00fanich. &quot;Vamos a descubrir qu\u00e9 hay realmente detr\u00e1s de este ataque perpetrado en M\u00fanich&quot;,\" \/>\n\t\t<meta name=\"twitter:creator\" content=\"@nbasturias\" \/>\n\t\t<meta name=\"twitter:image\" content=\"https:\/\/candas365.es\/noticias\/wp-content\/uploads\/2015\/08\/merkel.jpg\" \/>\n\t\t<meta name=\"twitter:label1\" content=\"Escrito por\" \/>\n\t\t<meta name=\"twitter:data1\" content=\"Cand\u00e1s 365\" \/>\n\t\t<meta name=\"twitter:label2\" content=\"Tiempo de lectura estimado\" \/>\n\t\t<meta name=\"twitter:data2\" content=\"2 minutos\" \/>\n\t\t<script type=\"application\/ld+json\" class=\"aioseo-schema\">\n\t\t\t{\"@context\":\"https:\\\/\\\/schema.org\",\"@graph\":[{\"@type\":\"BreadcrumbList\",\"@id\":\"https:\\\/\\\/candas365.es\\\/noticias\\\/merkel-vamos-a-descubrir-que-hay-realmente-detras-del-ataque\\\/#breadcrumblist\",\"itemListElement\":[{\"@type\":\"ListItem\",\"@id\":\"https:\\\/\\\/candas365.es\\\/noticias#listItem\",\"position\":1,\"name\":\"Home\",\"item\":\"https:\\\/\\\/candas365.es\\\/noticias\",\"nextItem\":{\"@type\":\"ListItem\",\"@id\":\"https:\\\/\\\/candas365.es\\\/noticias\\\/category\\\/actualidad\\\/#listItem\",\"name\":\"Actualidad\"}},{\"@type\":\"ListItem\",\"@id\":\"https:\\\/\\\/candas365.es\\\/noticias\\\/category\\\/actualidad\\\/#listItem\",\"position\":2,\"name\":\"Actualidad\",\"item\":\"https:\\\/\\\/candas365.es\\\/noticias\\\/category\\\/actualidad\\\/\",\"nextItem\":{\"@type\":\"ListItem\",\"@id\":\"https:\\\/\\\/candas365.es\\\/noticias\\\/merkel-vamos-a-descubrir-que-hay-realmente-detras-del-ataque\\\/#listItem\",\"name\":\"Merkel: \\u00abVamos a descubrir qu\\u00e9 hay realmente detr\\u00e1s del ataque\\u00bb\"},\"previousItem\":{\"@type\":\"ListItem\",\"@id\":\"https:\\\/\\\/candas365.es\\\/noticias#listItem\",\"name\":\"Home\"}},{\"@type\":\"ListItem\",\"@id\":\"https:\\\/\\\/candas365.es\\\/noticias\\\/merkel-vamos-a-descubrir-que-hay-realmente-detras-del-ataque\\\/#listItem\",\"position\":3,\"name\":\"Merkel: \\u00abVamos a descubrir qu\\u00e9 hay realmente detr\\u00e1s del ataque\\u00bb\",\"previousItem\":{\"@type\":\"ListItem\",\"@id\":\"https:\\\/\\\/candas365.es\\\/noticias\\\/category\\\/actualidad\\\/#listItem\",\"name\":\"Actualidad\"}}]},{\"@type\":\"NewsArticle\",\"@id\":\"https:\\\/\\\/candas365.es\\\/noticias\\\/merkel-vamos-a-descubrir-que-hay-realmente-detras-del-ataque\\\/#newsarticle\",\"name\":\"Merkel: \\u00abVamos a descubrir qu\\u00e9 hay realmente detr\\u00e1s del ataque\\u00bb | Cand\\u00e1s 365\",\"headline\":\"Merkel: \\u00abVamos a descubrir qu\\u00e9 hay realmente detr\\u00e1s del ataque\\u00bb\",\"author\":{\"@id\":\"https:\\\/\\\/candas365.es\\\/noticias\\\/author\\\/admin\\\/#author\"},\"publisher\":{\"@id\":\"https:\\\/\\\/candas365.es\\\/noticias\\\/#organization\"},\"image\":{\"@type\":\"ImageObject\",\"url\":\"https:\\\/\\\/candas365.es\\\/noticias\\\/wp-content\\\/uploads\\\/2015\\\/08\\\/merkel.jpg\",\"width\":655,\"height\":360},\"datePublished\":\"2016-07-24T00:20:15+02:00\",\"dateModified\":\"2016-07-24T00:20:15+02:00\",\"inLanguage\":\"es-ES\",\"mainEntityOfPage\":{\"@id\":\"https:\\\/\\\/candas365.es\\\/noticias\\\/merkel-vamos-a-descubrir-que-hay-realmente-detras-del-ataque\\\/#webpage\"},\"isPartOf\":{\"@id\":\"https:\\\/\\\/candas365.es\\\/noticias\\\/merkel-vamos-a-descubrir-que-hay-realmente-detras-del-ataque\\\/#webpage\"},\"articleSection\":\"Actualidad\",\"dateline\":\"Publicado el julio 24, 2016.\"},{\"@type\":\"Organization\",\"@id\":\"https:\\\/\\\/candas365.es\\\/noticias\\\/#organization\",\"name\":\"Cand\\u00e1s 365\",\"description\":\"Cand\\u00e1s 365 es un diario digital independiente, fundado en 2012, con base en Asturias. Informamos con rigor sobre actualidad, sociedad, cultura y ocio, con una mirada local y global.\",\"url\":\"https:\\\/\\\/candas365.es\\\/noticias\\\/\",\"email\":\"info@candas365.es\",\"telephone\":\"+34652131393\",\"foundingDate\":\"2012-06-10\",\"logo\":{\"@type\":\"ImageObject\",\"url\":\"https:\\\/\\\/candas365.es\\\/noticias\\\/wp-content\\\/uploads\\\/2024\\\/09\\\/Candas-365-Redes.jpg\",\"@id\":\"https:\\\/\\\/candas365.es\\\/noticias\\\/merkel-vamos-a-descubrir-que-hay-realmente-detras-del-ataque\\\/#organizationLogo\",\"width\":1152,\"height\":864,\"caption\":\"Cand\\u00e1s 365 Redes\"},\"image\":{\"@id\":\"https:\\\/\\\/candas365.es\\\/noticias\\\/merkel-vamos-a-descubrir-que-hay-realmente-detras-del-ataque\\\/#organizationLogo\"},\"sameAs\":[\"https:\\\/\\\/www.facebook.com\\\/Nachofdezber\",\"https:\\\/\\\/x.com\\\/NabercoDigital\",\"https:\\\/\\\/www.instagram.com\\\/nachofdezber\\\/\",\"https:\\\/\\\/www.youtube.com\\\/channel\\\/UCZP-2wLEB9Rv6erhFmqVnvg\"],\"address\":{\"@id\":\"https:\\\/\\\/candas365.es\\\/noticias\\\/#postaladdress\",\"@type\":\"PostalAddress\",\"streetAddress\":\"san antonio 4, san antonio 4\",\"postalCode\":\"33430\",\"addressLocality\":\"Cand\\u00e1s\",\"addressRegion\":\"Asturias\",\"addressCountry\":\"ES\"}},{\"@type\":\"Person\",\"@id\":\"https:\\\/\\\/candas365.es\\\/noticias\\\/author\\\/admin\\\/#author\",\"url\":\"https:\\\/\\\/candas365.es\\\/noticias\\\/author\\\/admin\\\/\",\"name\":\"Cand\\u00e1s 365\",\"image\":{\"@type\":\"ImageObject\",\"@id\":\"https:\\\/\\\/candas365.es\\\/noticias\\\/merkel-vamos-a-descubrir-que-hay-realmente-detras-del-ataque\\\/#authorImage\",\"url\":\"https:\\\/\\\/secure.gravatar.com\\\/avatar\\\/496a8e03d0c493ede1718b7934145dbdf8d89be1036b0eec9544e1094c9de390?s=96&d=mm&r=g\",\"width\":96,\"height\":96,\"caption\":\"Cand\\u00e1s 365\"},\"sameAs\":[\"https:\\\/\\\/www.facebook.com\\\/carrenoactualidad\",\"https:\\\/\\\/twitter.com\\\/nbasturias\",\"https:\\\/\\\/www.instagram.com\\\/nachofdezber\\\/\",\"https:\\\/\\\/www.youtube.com\\\/channel\\\/UCZP-2wLEB9Rv6erhFmqVnvg\"]},{\"@type\":\"WebPage\",\"@id\":\"https:\\\/\\\/candas365.es\\\/noticias\\\/merkel-vamos-a-descubrir-que-hay-realmente-detras-del-ataque\\\/#webpage\",\"url\":\"https:\\\/\\\/candas365.es\\\/noticias\\\/merkel-vamos-a-descubrir-que-hay-realmente-detras-del-ataque\\\/\",\"name\":\"Merkel: \\u00abVamos a descubrir qu\\u00e9 hay realmente detr\\u00e1s del ataque\\u00bb | Cand\\u00e1s 365\",\"description\":\"Berl\\u00edn, 23 jul (dpa) - La canciller alemana, Angela Merkel, se comprometi\\u00f3 hoy a descubrir los motivos que llevaron a un joven de 18 a\\u00f1os a matar a nueve personas, la mayor\\u00eda menores de edad, en la tarde del viernes en M\\u00fanich. \\\"Vamos a descubrir qu\\u00e9 hay realmente detr\\u00e1s de este ataque perpetrado en M\\u00fanich\\\",\",\"inLanguage\":\"es-ES\",\"isPartOf\":{\"@id\":\"https:\\\/\\\/candas365.es\\\/noticias\\\/#website\"},\"breadcrumb\":{\"@id\":\"https:\\\/\\\/candas365.es\\\/noticias\\\/merkel-vamos-a-descubrir-que-hay-realmente-detras-del-ataque\\\/#breadcrumblist\"},\"author\":{\"@id\":\"https:\\\/\\\/candas365.es\\\/noticias\\\/author\\\/admin\\\/#author\"},\"creator\":{\"@id\":\"https:\\\/\\\/candas365.es\\\/noticias\\\/author\\\/admin\\\/#author\"},\"image\":{\"@type\":\"ImageObject\",\"url\":\"https:\\\/\\\/candas365.es\\\/noticias\\\/wp-content\\\/uploads\\\/2015\\\/08\\\/merkel.jpg\",\"@id\":\"https:\\\/\\\/candas365.es\\\/noticias\\\/merkel-vamos-a-descubrir-que-hay-realmente-detras-del-ataque\\\/#mainImage\",\"width\":655,\"height\":360},\"primaryImageOfPage\":{\"@id\":\"https:\\\/\\\/candas365.es\\\/noticias\\\/merkel-vamos-a-descubrir-que-hay-realmente-detras-del-ataque\\\/#mainImage\"},\"datePublished\":\"2016-07-24T00:20:15+02:00\",\"dateModified\":\"2016-07-24T00:20:15+02:00\"},{\"@type\":\"WebSite\",\"@id\":\"https:\\\/\\\/candas365.es\\\/noticias\\\/#website\",\"url\":\"https:\\\/\\\/candas365.es\\\/noticias\\\/\",\"name\":\"Cand\\u00e1s 365\",\"alternateName\":\"Cand\\u00e1s 365 Noticias\",\"description\":\"Actualidad desde Carre\\u00f1o para el mundo\",\"inLanguage\":\"es-ES\",\"publisher\":{\"@id\":\"https:\\\/\\\/candas365.es\\\/noticias\\\/#organization\"}}]}\n\t\t<\/script>\n\t\t<!-- All in One SEO Pro -->\r\n\t\t<title>Merkel: \u00abVamos a descubrir qu\u00e9 hay realmente detr\u00e1s del ataque\u00bb | Cand\u00e1s 365<\/title>\n\n","aioseo_head_json":{"title":"Merkel: \u00abVamos a descubrir qu\u00e9 hay realmente detr\u00e1s del ataque\u00bb | Cand\u00e1s 365","description":"Berl\u00edn, 23 jul (dpa) - La canciller alemana, Angela Merkel, se comprometi\u00f3 hoy a descubrir los motivos que llevaron a un joven de 18 a\u00f1os a matar a nueve personas, la mayor\u00eda menores de edad, en la tarde del viernes en M\u00fanich. \"Vamos a descubrir qu\u00e9 hay realmente detr\u00e1s de este ataque perpetrado en M\u00fanich\",","canonical_url":"https:\/\/candas365.es\/noticias\/merkel-vamos-a-descubrir-que-hay-realmente-detras-del-ataque\/","robots":"max-image-preview:large","keywords":"actualidad","webmasterTools":{"google-site-verification":"UA-32230408-1","msvalidate.01":"354F3CDFB2DA171B47FBE9ABF1F88D5","miscellaneous":""},"schema":{"@context":"https:\/\/schema.org","@graph":[{"@type":"BreadcrumbList","@id":"https:\/\/candas365.es\/noticias\/merkel-vamos-a-descubrir-que-hay-realmente-detras-del-ataque\/#breadcrumblist","itemListElement":[{"@type":"ListItem","@id":"https:\/\/candas365.es\/noticias#listItem","position":1,"name":"Home","item":"https:\/\/candas365.es\/noticias","nextItem":{"@type":"ListItem","@id":"https:\/\/candas365.es\/noticias\/category\/actualidad\/#listItem","name":"Actualidad"}},{"@type":"ListItem","@id":"https:\/\/candas365.es\/noticias\/category\/actualidad\/#listItem","position":2,"name":"Actualidad","item":"https:\/\/candas365.es\/noticias\/category\/actualidad\/","nextItem":{"@type":"ListItem","@id":"https:\/\/candas365.es\/noticias\/merkel-vamos-a-descubrir-que-hay-realmente-detras-del-ataque\/#listItem","name":"Merkel: \u00abVamos a descubrir qu\u00e9 hay realmente detr\u00e1s del ataque\u00bb"},"previousItem":{"@type":"ListItem","@id":"https:\/\/candas365.es\/noticias#listItem","name":"Home"}},{"@type":"ListItem","@id":"https:\/\/candas365.es\/noticias\/merkel-vamos-a-descubrir-que-hay-realmente-detras-del-ataque\/#listItem","position":3,"name":"Merkel: \u00abVamos a descubrir qu\u00e9 hay realmente detr\u00e1s del ataque\u00bb","previousItem":{"@type":"ListItem","@id":"https:\/\/candas365.es\/noticias\/category\/actualidad\/#listItem","name":"Actualidad"}}]},{"@type":"NewsArticle","@id":"https:\/\/candas365.es\/noticias\/merkel-vamos-a-descubrir-que-hay-realmente-detras-del-ataque\/#newsarticle","name":"Merkel: \u00abVamos a descubrir qu\u00e9 hay realmente detr\u00e1s del ataque\u00bb | Cand\u00e1s 365","headline":"Merkel: \u00abVamos a descubrir qu\u00e9 hay realmente detr\u00e1s del ataque\u00bb","author":{"@id":"https:\/\/candas365.es\/noticias\/author\/admin\/#author"},"publisher":{"@id":"https:\/\/candas365.es\/noticias\/#organization"},"image":{"@type":"ImageObject","url":"https:\/\/candas365.es\/noticias\/wp-content\/uploads\/2015\/08\/merkel.jpg","width":655,"height":360},"datePublished":"2016-07-24T00:20:15+02:00","dateModified":"2016-07-24T00:20:15+02:00","inLanguage":"es-ES","mainEntityOfPage":{"@id":"https:\/\/candas365.es\/noticias\/merkel-vamos-a-descubrir-que-hay-realmente-detras-del-ataque\/#webpage"},"isPartOf":{"@id":"https:\/\/candas365.es\/noticias\/merkel-vamos-a-descubrir-que-hay-realmente-detras-del-ataque\/#webpage"},"articleSection":"Actualidad","dateline":"Publicado el julio 24, 2016."},{"@type":"Organization","@id":"https:\/\/candas365.es\/noticias\/#organization","name":"Cand\u00e1s 365","description":"Cand\u00e1s 365 es un diario digital independiente, fundado en 2012, con base en Asturias. Informamos con rigor sobre actualidad, sociedad, cultura y ocio, con una mirada local y global.","url":"https:\/\/candas365.es\/noticias\/","email":"info@candas365.es","telephone":"+34652131393","foundingDate":"2012-06-10","logo":{"@type":"ImageObject","url":"https:\/\/candas365.es\/noticias\/wp-content\/uploads\/2024\/09\/Candas-365-Redes.jpg","@id":"https:\/\/candas365.es\/noticias\/merkel-vamos-a-descubrir-que-hay-realmente-detras-del-ataque\/#organizationLogo","width":1152,"height":864,"caption":"Cand\u00e1s 365 Redes"},"image":{"@id":"https:\/\/candas365.es\/noticias\/merkel-vamos-a-descubrir-que-hay-realmente-detras-del-ataque\/#organizationLogo"},"sameAs":["https:\/\/www.facebook.com\/Nachofdezber","https:\/\/x.com\/NabercoDigital","https:\/\/www.instagram.com\/nachofdezber\/","https:\/\/www.youtube.com\/channel\/UCZP-2wLEB9Rv6erhFmqVnvg"],"address":{"@id":"https:\/\/candas365.es\/noticias\/#postaladdress","@type":"PostalAddress","streetAddress":"san antonio 4, san antonio 4","postalCode":"33430","addressLocality":"Cand\u00e1s","addressRegion":"Asturias","addressCountry":"ES"}},{"@type":"Person","@id":"https:\/\/candas365.es\/noticias\/author\/admin\/#author","url":"https:\/\/candas365.es\/noticias\/author\/admin\/","name":"Cand\u00e1s 365","image":{"@type":"ImageObject","@id":"https:\/\/candas365.es\/noticias\/merkel-vamos-a-descubrir-que-hay-realmente-detras-del-ataque\/#authorImage","url":"https:\/\/secure.gravatar.com\/avatar\/496a8e03d0c493ede1718b7934145dbdf8d89be1036b0eec9544e1094c9de390?s=96&d=mm&r=g","width":96,"height":96,"caption":"Cand\u00e1s 365"},"sameAs":["https:\/\/www.facebook.com\/carrenoactualidad","https:\/\/twitter.com\/nbasturias","https:\/\/www.instagram.com\/nachofdezber\/","https:\/\/www.youtube.com\/channel\/UCZP-2wLEB9Rv6erhFmqVnvg"]},{"@type":"WebPage","@id":"https:\/\/candas365.es\/noticias\/merkel-vamos-a-descubrir-que-hay-realmente-detras-del-ataque\/#webpage","url":"https:\/\/candas365.es\/noticias\/merkel-vamos-a-descubrir-que-hay-realmente-detras-del-ataque\/","name":"Merkel: \u00abVamos a descubrir qu\u00e9 hay realmente detr\u00e1s del ataque\u00bb | Cand\u00e1s 365","description":"Berl\u00edn, 23 jul (dpa) - La canciller alemana, Angela Merkel, se comprometi\u00f3 hoy a descubrir los motivos que llevaron a un joven de 18 a\u00f1os a matar a nueve personas, la mayor\u00eda menores de edad, en la tarde del viernes en M\u00fanich. \"Vamos a descubrir qu\u00e9 hay realmente detr\u00e1s de este ataque perpetrado en M\u00fanich\",","inLanguage":"es-ES","isPartOf":{"@id":"https:\/\/candas365.es\/noticias\/#website"},"breadcrumb":{"@id":"https:\/\/candas365.es\/noticias\/merkel-vamos-a-descubrir-que-hay-realmente-detras-del-ataque\/#breadcrumblist"},"author":{"@id":"https:\/\/candas365.es\/noticias\/author\/admin\/#author"},"creator":{"@id":"https:\/\/candas365.es\/noticias\/author\/admin\/#author"},"image":{"@type":"ImageObject","url":"https:\/\/candas365.es\/noticias\/wp-content\/uploads\/2015\/08\/merkel.jpg","@id":"https:\/\/candas365.es\/noticias\/merkel-vamos-a-descubrir-que-hay-realmente-detras-del-ataque\/#mainImage","width":655,"height":360},"primaryImageOfPage":{"@id":"https:\/\/candas365.es\/noticias\/merkel-vamos-a-descubrir-que-hay-realmente-detras-del-ataque\/#mainImage"},"datePublished":"2016-07-24T00:20:15+02:00","dateModified":"2016-07-24T00:20:15+02:00"},{"@type":"WebSite","@id":"https:\/\/candas365.es\/noticias\/#website","url":"https:\/\/candas365.es\/noticias\/","name":"Cand\u00e1s 365","alternateName":"Cand\u00e1s 365 Noticias","description":"Actualidad desde Carre\u00f1o para el mundo","inLanguage":"es-ES","publisher":{"@id":"https:\/\/candas365.es\/noticias\/#organization"}}]},"og:locale":"es_ES","og:site_name":"Cand\u00e1s 365","og:type":"article","og:title":"Merkel: \u00abVamos a descubrir qu\u00e9 hay realmente detr\u00e1s del ataque\u00bb | Cand\u00e1s 365","og:description":"Berl\u00edn, 23 jul (dpa) - La canciller alemana, Angela Merkel, se comprometi\u00f3 hoy a descubrir los motivos que llevaron a un joven de 18 a\u00f1os a matar a nueve personas, la mayor\u00eda menores de edad, en la tarde del viernes en M\u00fanich. &quot;Vamos a descubrir qu\u00e9 hay realmente detr\u00e1s de este ataque perpetrado en M\u00fanich&quot;,","og:url":"https:\/\/candas365.es\/noticias\/merkel-vamos-a-descubrir-que-hay-realmente-detras-del-ataque\/","og:image":"https:\/\/candas365.es\/noticias\/wp-content\/uploads\/2015\/08\/merkel.jpg","og:image:secure_url":"https:\/\/candas365.es\/noticias\/wp-content\/uploads\/2015\/08\/merkel.jpg","og:image:width":655,"og:image:height":360,"article:published_time":"2016-07-23T22:50:15+00:00","article:modified_time":"2016-07-23T22:50:15+00:00","article:publisher":"https:\/\/www.facebook.com\/Nachofdezber","article:author":"https:\/\/www.facebook.com\/carrenoactualidad","twitter:card":"summary_large_image","twitter:site":"@NabercoDigital","twitter:title":"Merkel: \u00abVamos a descubrir qu\u00e9 hay realmente detr\u00e1s del ataque\u00bb | Cand\u00e1s 365","twitter:description":"Berl\u00edn, 23 jul (dpa) - La canciller alemana, Angela Merkel, se comprometi\u00f3 hoy a descubrir los motivos que llevaron a un joven de 18 a\u00f1os a matar a nueve personas, la mayor\u00eda menores de edad, en la tarde del viernes en M\u00fanich. &quot;Vamos a descubrir qu\u00e9 hay realmente detr\u00e1s de este ataque perpetrado en M\u00fanich&quot;,","twitter:creator":"@nbasturias","twitter:image":"https:\/\/candas365.es\/noticias\/wp-content\/uploads\/2015\/08\/merkel.jpg","twitter:label1":"Escrito por","twitter:data1":"Cand\u00e1s 365","twitter:label2":"Tiempo de lectura estimado","twitter:data2":"2 minutos"},"aioseo_meta_data":{"post_id":"32554","title":null,"description":null,"keywords":null,"keyphrases":null,"primary_term":null,"canonical_url":null,"og_title":null,"og_description":null,"og_object_type":"default","og_image_type":"default","og_image_url":null,"og_image_width":null,"og_image_height":null,"og_image_custom_url":null,"og_image_custom_fields":null,"og_video":null,"og_custom_url":null,"og_article_section":null,"og_article_tags":null,"twitter_use_og":false,"twitter_card":"default","twitter_image_type":"default","twitter_image_url":null,"twitter_image_custom_url":null,"twitter_image_custom_fields":null,"twitter_title":null,"twitter_description":null,"schema":{"blockGraphs":[],"customGraphs":[],"default":{"data":{"Article":[],"Course":[],"Dataset":[],"FAQPage":[],"Movie":[],"Person":[],"Product":[],"ProductReview":[],"Car":[],"Recipe":[],"Service":[],"SoftwareApplication":[],"WebPage":[]},"graphName":"","isEnabled":true},"graphs":[]},"schema_type":null,"schema_type_options":null,"pillar_content":false,"robots_default":true,"robots_noindex":false,"robots_noarchive":false,"robots_nosnippet":false,"robots_nofollow":false,"robots_noimageindex":false,"robots_noodp":false,"robots_notranslate":false,"robots_max_snippet":null,"robots_max_videopreview":null,"robots_max_imagepreview":"large","priority":null,"frequency":null,"location":null,"local_seo":null,"seo_analyzer_scan_date":"2025-08-24 15:34:09","breadcrumb_settings":null,"limit_modified_date":false,"reviewed_by":null,"open_ai":null,"ai":null,"created":"2020-12-21 13:04:46","updated":"2025-08-24 15:34:09"},"aioseo_breadcrumb":"<div class=\"aioseo-breadcrumbs\"><span class=\"aioseo-breadcrumb\">\n\t<a href=\"https:\/\/candas365.es\/noticias\" title=\"Home\">Home<\/a>\n<\/span><span class=\"aioseo-breadcrumb-separator\">&ndash;<\/span><span class=\"aioseo-breadcrumb\">\n\t<a href=\"https:\/\/candas365.es\/noticias\/category\/actualidad\/\" title=\"Actualidad\">Actualidad<\/a>\n<\/span><span class=\"aioseo-breadcrumb-separator\">&ndash;<\/span><span class=\"aioseo-breadcrumb\">\n\tMerkel: \u00abVamos a descubrir qu\u00e9 hay realmente detr\u00e1s del ataque\u00bb\n<\/span><\/div>","aioseo_breadcrumb_json":[{"label":"Home","link":"https:\/\/candas365.es\/noticias"},{"label":"Actualidad","link":"https:\/\/candas365.es\/noticias\/category\/actualidad\/"},{"label":"Merkel: \u00abVamos a descubrir qu\u00e9 hay realmente detr\u00e1s del ataque\u00bb","link":"https:\/\/candas365.es\/noticias\/merkel-vamos-a-descubrir-que-hay-realmente-detras-del-ataque\/"}],"_links":{"self":[{"href":"https:\/\/candas365.es\/noticias\/wp-json\/wp\/v2\/posts\/32554","targetHints":{"allow":["GET"]}}],"collection":[{"href":"https:\/\/candas365.es\/noticias\/wp-json\/wp\/v2\/posts"}],"about":[{"href":"https:\/\/candas365.es\/noticias\/wp-json\/wp\/v2\/types\/post"}],"author":[{"embeddable":true,"href":"https:\/\/candas365.es\/noticias\/wp-json\/wp\/v2\/users\/1"}],"replies":[{"embeddable":true,"href":"https:\/\/candas365.es\/noticias\/wp-json\/wp\/v2\/comments?post=32554"}],"version-history":[{"count":0,"href":"https:\/\/candas365.es\/noticias\/wp-json\/wp\/v2\/posts\/32554\/revisions"}],"wp:featuredmedia":[{"embeddable":true,"href":"https:\/\/candas365.es\/noticias\/wp-json\/wp\/v2\/media\/14622"}],"wp:attachment":[{"href":"https:\/\/candas365.es\/noticias\/wp-json\/wp\/v2\/media?parent=32554"}],"wp:term":[{"taxonomy":"category","embeddable":true,"href":"https:\/\/candas365.es\/noticias\/wp-json\/wp\/v2\/categories?post=32554"},{"taxonomy":"post_tag","embeddable":true,"href":"https:\/\/candas365.es\/noticias\/wp-json\/wp\/v2\/tags?post=32554"}],"curies":[{"name":"wp","href":"https:\/\/api.w.org\/{rel}","templated":true}]}}