{"id":32552,"date":"2016-07-24T00:18:10","date_gmt":"2016-07-23T22:48:10","guid":{"rendered":"http:\/\/candas365.es\/noticias\/?p=32552"},"modified":"2016-07-24T00:18:10","modified_gmt":"2016-07-23T22:48:10","slug":"sue-jin-kang-se-despide-del-ballet-de-stuttgart","status":"publish","type":"post","link":"https:\/\/candas365.es\/noticias\/sue-jin-kang-se-despide-del-ballet-de-stuttgart\/","title":{"rendered":"Sue Jin Kang se despide del Ballet de Stuttgart"},"content":{"rendered":"<p>Stuttgart, 23 jul (dpa) &#8211; Para Sue Jin Kang, primera solista del Ballet de Stuttgart y actual directora del Korea National Ballet, el teatro es como un para\u00edso.<\/p>\n<p>\u00abEl mundo afuera es duro, lleno de guerra, terror y criminalidad\u00bb, se lament\u00f3 la bailarina ante el \u00abStuttgarter Zeitung\u00bb y el \u00abStuttgarter Nachrichten\u00bb, dos peri\u00f3dicos de la capital del estado de Baden-Wurtemberg, en el sur de Alemania. <\/p>\n<p>\u00abCada vez que entro a la \u00f3pera me siento como Alicia en el Pa\u00eds de las Maravillas. Nosotros los bailarines vivimos para nuestro arte, y \u00e9ste representa una convivencia pac\u00edfica\u00bb, agreg\u00f3. <\/p>\n<p>La artista coreana se sumergi\u00f3 ayer por \u00faltima vez en el papel de Tatiana en la obra \u00abOnegin\u00bb, presentada en Stuttgart. Tras esa actuaci\u00f3n ha decidido quitarse definitivamente las zapatillas de ballet. \u00abY cuando digo que es la \u00faltima (actuaci\u00f3n) es realmente la \u00faltima\u00bb, afirm\u00f3.<\/p>\n<p>\u00bfEchar\u00e1 de menos su vida como bailarina? \u00abNo, no echar\u00e9 nada de menos. Ser\u00eda grave si no tuviera nada por delante\u00bb, asegur\u00f3. Pero como directora de la compa\u00f1\u00eda en Se\u00fal no tendr\u00e1 \u00abtiempo para a\u00f1orar nada\u00bb. <\/p>\n<p>Sue Jin Kang lleg\u00f3 en 1986 a Stuttgart. El director art\u00edstico Reid Anderson la convirti\u00f3 en 1997 en primera solista y es considerada una de las bailarinas m\u00e1s apreciadas. Su repertorio comprende un sinn\u00famero de papeles importantes en obras cl\u00e1sicas, neocl\u00e1sicas y contempor\u00e1neas.<\/p>\n<p>En 1999 gan\u00f3 el premio Prix Benois de la Danse por su actuaci\u00f3n en el papel principal de \u00abLa dama de las camelias\u00bb, del core\u00f3grafo John Neumeier.<\/p>\n","protected":false},"excerpt":{"rendered":"<p>Stuttgart, 23 jul (dpa) &#8211; Para Sue Jin Kang, primera solista del Ballet de Stuttgart y actual directora del Korea National Ballet, el teatro es como un para\u00edso. \u00abEl mundo afuera es duro, lleno de guerra, terror y criminalidad\u00bb, se lament\u00f3 la bailarina ante el \u00abStuttgarter Zeitung\u00bb y el \u00abStuttgarter Nachrichten\u00bb, dos peri\u00f3dicos de la<\/p>\n","protected":false},"author":1,"featured_media":16457,"comment_status":"closed","ping_status":"closed","sticky":false,"template":"","format":"standard","meta":{"footnotes":""},"categories":[343],"tags":[],"class_list":{"0":"post-32552","1":"post","2":"type-post","3":"status-publish","4":"format-standard","5":"has-post-thumbnail","7":"category-actualidad"},"aioseo_notices":[],"aioseo_head":"\n\t\t<!-- All in One SEO Pro 4.9.6.2 - aioseo.com -->\n\t<meta name=\"description\" content=\"Stuttgart, 23 jul (dpa) - Para Sue Jin Kang, primera solista del Ballet de Stuttgart y actual directora del Korea National Ballet, el teatro es como un para\u00edso. &quot;El mundo afuera es duro, lleno de guerra, terror y criminalidad&quot;, se lament\u00f3 la bailarina ante el &quot;Stuttgarter Zeitung&quot; y el &quot;Stuttgarter Nachrichten&quot;, dos peri\u00f3dicos de la\" \/>\n\t<meta name=\"robots\" content=\"max-image-preview:large\" \/>\n\t<meta name=\"author\" content=\"Cand\u00e1s 365\"\/>\n\t<meta name=\"google-site-verification\" content=\"UA-32230408-1\" \/>\n\t<meta name=\"msvalidate.01\" content=\"354F3CDFB2DA171B47FBE9ABF1F88D5\" \/>\n\t<meta name=\"keywords\" content=\"actualidad\" \/>\n\t<link rel=\"canonical\" href=\"https:\/\/candas365.es\/noticias\/sue-jin-kang-se-despide-del-ballet-de-stuttgart\/\" \/>\n\t<meta name=\"generator\" content=\"All in One SEO Pro (AIOSEO) 4.9.6.2\" \/>\n\t\t<meta property=\"og:locale\" content=\"es_ES\" \/>\n\t\t<meta property=\"og:site_name\" content=\"Cand\u00e1s 365\" \/>\n\t\t<meta property=\"og:type\" content=\"article\" \/>\n\t\t<meta property=\"og:title\" content=\"Sue Jin Kang se despide del Ballet de Stuttgart | Cand\u00e1s 365\" \/>\n\t\t<meta property=\"og:description\" content=\"Stuttgart, 23 jul (dpa) - Para Sue Jin Kang, primera solista del Ballet de Stuttgart y actual directora del Korea National Ballet, el teatro es como un para\u00edso. &quot;El mundo afuera es duro, lleno de guerra, terror y criminalidad&quot;, se lament\u00f3 la bailarina ante el &quot;Stuttgarter Zeitung&quot; y el &quot;Stuttgarter Nachrichten&quot;, dos peri\u00f3dicos de la\" \/>\n\t\t<meta property=\"og:url\" content=\"https:\/\/candas365.es\/noticias\/sue-jin-kang-se-despide-del-ballet-de-stuttgart\/\" \/>\n\t\t<meta property=\"og:image\" content=\"https:\/\/candas365.es\/noticias\/wp-content\/uploads\/2015\/09\/c365noticias.jpg\" \/>\n\t\t<meta property=\"og:image:secure_url\" content=\"https:\/\/candas365.es\/noticias\/wp-content\/uploads\/2015\/09\/c365noticias.jpg\" \/>\n\t\t<meta property=\"og:image:width\" content=\"655\" \/>\n\t\t<meta property=\"og:image:height\" content=\"360\" \/>\n\t\t<meta property=\"article:published_time\" content=\"2016-07-23T22:48:10+00:00\" \/>\n\t\t<meta property=\"article:modified_time\" content=\"2016-07-23T22:48:10+00:00\" \/>\n\t\t<meta property=\"article:publisher\" content=\"https:\/\/www.facebook.com\/Nachofdezber\" \/>\n\t\t<meta property=\"article:author\" content=\"https:\/\/www.facebook.com\/carrenoactualidad\" \/>\n\t\t<meta name=\"twitter:card\" content=\"summary_large_image\" \/>\n\t\t<meta name=\"twitter:site\" content=\"@NabercoDigital\" \/>\n\t\t<meta name=\"twitter:title\" content=\"Sue Jin Kang se despide del Ballet de Stuttgart | Cand\u00e1s 365\" \/>\n\t\t<meta name=\"twitter:description\" content=\"Stuttgart, 23 jul (dpa) - Para Sue Jin Kang, primera solista del Ballet de Stuttgart y actual directora del Korea National Ballet, el teatro es como un para\u00edso. &quot;El mundo afuera es duro, lleno de guerra, terror y criminalidad&quot;, se lament\u00f3 la bailarina ante el &quot;Stuttgarter Zeitung&quot; y el &quot;Stuttgarter Nachrichten&quot;, dos peri\u00f3dicos de la\" \/>\n\t\t<meta name=\"twitter:creator\" content=\"@nbasturias\" \/>\n\t\t<meta name=\"twitter:image\" content=\"https:\/\/candas365.es\/noticias\/wp-content\/uploads\/2015\/09\/c365noticias.jpg\" \/>\n\t\t<meta name=\"twitter:label1\" content=\"Escrito por\" \/>\n\t\t<meta name=\"twitter:data1\" content=\"Cand\u00e1s 365\" \/>\n\t\t<meta name=\"twitter:label2\" content=\"Tiempo de lectura estimado\" \/>\n\t\t<meta name=\"twitter:data2\" content=\"1 minuto\" \/>\n\t\t<script type=\"application\/ld+json\" class=\"aioseo-schema\">\n\t\t\t{\"@context\":\"https:\\\/\\\/schema.org\",\"@graph\":[{\"@type\":\"BreadcrumbList\",\"@id\":\"https:\\\/\\\/candas365.es\\\/noticias\\\/sue-jin-kang-se-despide-del-ballet-de-stuttgart\\\/#breadcrumblist\",\"itemListElement\":[{\"@type\":\"ListItem\",\"@id\":\"https:\\\/\\\/candas365.es\\\/noticias#listItem\",\"position\":1,\"name\":\"Home\",\"item\":\"https:\\\/\\\/candas365.es\\\/noticias\",\"nextItem\":{\"@type\":\"ListItem\",\"@id\":\"https:\\\/\\\/candas365.es\\\/noticias\\\/category\\\/actualidad\\\/#listItem\",\"name\":\"Actualidad\"}},{\"@type\":\"ListItem\",\"@id\":\"https:\\\/\\\/candas365.es\\\/noticias\\\/category\\\/actualidad\\\/#listItem\",\"position\":2,\"name\":\"Actualidad\",\"item\":\"https:\\\/\\\/candas365.es\\\/noticias\\\/category\\\/actualidad\\\/\",\"nextItem\":{\"@type\":\"ListItem\",\"@id\":\"https:\\\/\\\/candas365.es\\\/noticias\\\/sue-jin-kang-se-despide-del-ballet-de-stuttgart\\\/#listItem\",\"name\":\"Sue Jin Kang se despide del Ballet de Stuttgart\"},\"previousItem\":{\"@type\":\"ListItem\",\"@id\":\"https:\\\/\\\/candas365.es\\\/noticias#listItem\",\"name\":\"Home\"}},{\"@type\":\"ListItem\",\"@id\":\"https:\\\/\\\/candas365.es\\\/noticias\\\/sue-jin-kang-se-despide-del-ballet-de-stuttgart\\\/#listItem\",\"position\":3,\"name\":\"Sue Jin Kang se despide del Ballet de Stuttgart\",\"previousItem\":{\"@type\":\"ListItem\",\"@id\":\"https:\\\/\\\/candas365.es\\\/noticias\\\/category\\\/actualidad\\\/#listItem\",\"name\":\"Actualidad\"}}]},{\"@type\":\"NewsArticle\",\"@id\":\"https:\\\/\\\/candas365.es\\\/noticias\\\/sue-jin-kang-se-despide-del-ballet-de-stuttgart\\\/#newsarticle\",\"name\":\"Sue Jin Kang se despide del Ballet de Stuttgart | Cand\\u00e1s 365\",\"headline\":\"Sue Jin Kang se despide del Ballet de Stuttgart\",\"author\":{\"@id\":\"https:\\\/\\\/candas365.es\\\/noticias\\\/author\\\/admin\\\/#author\"},\"publisher\":{\"@id\":\"https:\\\/\\\/candas365.es\\\/noticias\\\/#organization\"},\"image\":{\"@type\":\"ImageObject\",\"url\":\"https:\\\/\\\/candas365.es\\\/noticias\\\/wp-content\\\/uploads\\\/2015\\\/09\\\/c365noticias.jpg\",\"width\":655,\"height\":360},\"datePublished\":\"2016-07-24T00:18:10+02:00\",\"dateModified\":\"2016-07-24T00:18:10+02:00\",\"inLanguage\":\"es-ES\",\"mainEntityOfPage\":{\"@id\":\"https:\\\/\\\/candas365.es\\\/noticias\\\/sue-jin-kang-se-despide-del-ballet-de-stuttgart\\\/#webpage\"},\"isPartOf\":{\"@id\":\"https:\\\/\\\/candas365.es\\\/noticias\\\/sue-jin-kang-se-despide-del-ballet-de-stuttgart\\\/#webpage\"},\"articleSection\":\"Actualidad\",\"dateline\":\"Publicado el julio 24, 2016.\"},{\"@type\":\"Organization\",\"@id\":\"https:\\\/\\\/candas365.es\\\/noticias\\\/#organization\",\"name\":\"Cand\\u00e1s 365\",\"description\":\"Cand\\u00e1s 365 es un diario digital independiente, fundado en 2012, con base en Asturias. Informamos con rigor sobre actualidad, sociedad, cultura y ocio, con una mirada local y global.\",\"url\":\"https:\\\/\\\/candas365.es\\\/noticias\\\/\",\"email\":\"info@candas365.es\",\"telephone\":\"+34652131393\",\"foundingDate\":\"2012-06-10\",\"logo\":{\"@type\":\"ImageObject\",\"url\":\"https:\\\/\\\/candas365.es\\\/noticias\\\/wp-content\\\/uploads\\\/2024\\\/09\\\/Candas-365-Redes.jpg\",\"@id\":\"https:\\\/\\\/candas365.es\\\/noticias\\\/sue-jin-kang-se-despide-del-ballet-de-stuttgart\\\/#organizationLogo\",\"width\":1152,\"height\":864,\"caption\":\"Cand\\u00e1s 365 Redes\"},\"image\":{\"@id\":\"https:\\\/\\\/candas365.es\\\/noticias\\\/sue-jin-kang-se-despide-del-ballet-de-stuttgart\\\/#organizationLogo\"},\"sameAs\":[\"https:\\\/\\\/www.facebook.com\\\/Nachofdezber\",\"https:\\\/\\\/x.com\\\/NabercoDigital\",\"https:\\\/\\\/www.instagram.com\\\/nachofdezber\\\/\",\"https:\\\/\\\/www.youtube.com\\\/channel\\\/UCZP-2wLEB9Rv6erhFmqVnvg\"],\"address\":{\"@id\":\"https:\\\/\\\/candas365.es\\\/noticias\\\/#postaladdress\",\"@type\":\"PostalAddress\",\"streetAddress\":\"san antonio 4, san antonio 4\",\"postalCode\":\"33430\",\"addressLocality\":\"Cand\\u00e1s\",\"addressRegion\":\"Asturias\",\"addressCountry\":\"ES\"}},{\"@type\":\"Person\",\"@id\":\"https:\\\/\\\/candas365.es\\\/noticias\\\/author\\\/admin\\\/#author\",\"url\":\"https:\\\/\\\/candas365.es\\\/noticias\\\/author\\\/admin\\\/\",\"name\":\"Cand\\u00e1s 365\",\"image\":{\"@type\":\"ImageObject\",\"@id\":\"https:\\\/\\\/candas365.es\\\/noticias\\\/sue-jin-kang-se-despide-del-ballet-de-stuttgart\\\/#authorImage\",\"url\":\"https:\\\/\\\/secure.gravatar.com\\\/avatar\\\/496a8e03d0c493ede1718b7934145dbdf8d89be1036b0eec9544e1094c9de390?s=96&d=mm&r=g\",\"width\":96,\"height\":96,\"caption\":\"Cand\\u00e1s 365\"},\"sameAs\":[\"https:\\\/\\\/www.facebook.com\\\/carrenoactualidad\",\"https:\\\/\\\/twitter.com\\\/nbasturias\",\"https:\\\/\\\/www.instagram.com\\\/nachofdezber\\\/\",\"https:\\\/\\\/www.youtube.com\\\/channel\\\/UCZP-2wLEB9Rv6erhFmqVnvg\"]},{\"@type\":\"WebPage\",\"@id\":\"https:\\\/\\\/candas365.es\\\/noticias\\\/sue-jin-kang-se-despide-del-ballet-de-stuttgart\\\/#webpage\",\"url\":\"https:\\\/\\\/candas365.es\\\/noticias\\\/sue-jin-kang-se-despide-del-ballet-de-stuttgart\\\/\",\"name\":\"Sue Jin Kang se despide del Ballet de Stuttgart | Cand\\u00e1s 365\",\"description\":\"Stuttgart, 23 jul (dpa) - Para Sue Jin Kang, primera solista del Ballet de Stuttgart y actual directora del Korea National Ballet, el teatro es como un para\\u00edso. \\\"El mundo afuera es duro, lleno de guerra, terror y criminalidad\\\", se lament\\u00f3 la bailarina ante el \\\"Stuttgarter Zeitung\\\" y el \\\"Stuttgarter Nachrichten\\\", dos peri\\u00f3dicos de la\",\"inLanguage\":\"es-ES\",\"isPartOf\":{\"@id\":\"https:\\\/\\\/candas365.es\\\/noticias\\\/#website\"},\"breadcrumb\":{\"@id\":\"https:\\\/\\\/candas365.es\\\/noticias\\\/sue-jin-kang-se-despide-del-ballet-de-stuttgart\\\/#breadcrumblist\"},\"author\":{\"@id\":\"https:\\\/\\\/candas365.es\\\/noticias\\\/author\\\/admin\\\/#author\"},\"creator\":{\"@id\":\"https:\\\/\\\/candas365.es\\\/noticias\\\/author\\\/admin\\\/#author\"},\"image\":{\"@type\":\"ImageObject\",\"url\":\"https:\\\/\\\/candas365.es\\\/noticias\\\/wp-content\\\/uploads\\\/2015\\\/09\\\/c365noticias.jpg\",\"@id\":\"https:\\\/\\\/candas365.es\\\/noticias\\\/sue-jin-kang-se-despide-del-ballet-de-stuttgart\\\/#mainImage\",\"width\":655,\"height\":360},\"primaryImageOfPage\":{\"@id\":\"https:\\\/\\\/candas365.es\\\/noticias\\\/sue-jin-kang-se-despide-del-ballet-de-stuttgart\\\/#mainImage\"},\"datePublished\":\"2016-07-24T00:18:10+02:00\",\"dateModified\":\"2016-07-24T00:18:10+02:00\"},{\"@type\":\"WebSite\",\"@id\":\"https:\\\/\\\/candas365.es\\\/noticias\\\/#website\",\"url\":\"https:\\\/\\\/candas365.es\\\/noticias\\\/\",\"name\":\"Cand\\u00e1s 365\",\"alternateName\":\"Cand\\u00e1s 365 Noticias\",\"description\":\"Actualidad desde Carre\\u00f1o para el mundo\",\"inLanguage\":\"es-ES\",\"publisher\":{\"@id\":\"https:\\\/\\\/candas365.es\\\/noticias\\\/#organization\"}}]}\n\t\t<\/script>\n\t\t<!-- All in One SEO Pro -->\r\n\t\t<title>Sue Jin Kang se despide del Ballet de Stuttgart | Cand\u00e1s 365<\/title>\n\n","aioseo_head_json":{"title":"Sue Jin Kang se despide del Ballet de Stuttgart | Cand\u00e1s 365","description":"Stuttgart, 23 jul (dpa) - Para Sue Jin Kang, primera solista del Ballet de Stuttgart y actual directora del Korea National Ballet, el teatro es como un para\u00edso. \"El mundo afuera es duro, lleno de guerra, terror y criminalidad\", se lament\u00f3 la bailarina ante el \"Stuttgarter Zeitung\" y el \"Stuttgarter Nachrichten\", dos peri\u00f3dicos de la","canonical_url":"https:\/\/candas365.es\/noticias\/sue-jin-kang-se-despide-del-ballet-de-stuttgart\/","robots":"max-image-preview:large","keywords":"actualidad","webmasterTools":{"google-site-verification":"UA-32230408-1","msvalidate.01":"354F3CDFB2DA171B47FBE9ABF1F88D5","miscellaneous":""},"schema":{"@context":"https:\/\/schema.org","@graph":[{"@type":"BreadcrumbList","@id":"https:\/\/candas365.es\/noticias\/sue-jin-kang-se-despide-del-ballet-de-stuttgart\/#breadcrumblist","itemListElement":[{"@type":"ListItem","@id":"https:\/\/candas365.es\/noticias#listItem","position":1,"name":"Home","item":"https:\/\/candas365.es\/noticias","nextItem":{"@type":"ListItem","@id":"https:\/\/candas365.es\/noticias\/category\/actualidad\/#listItem","name":"Actualidad"}},{"@type":"ListItem","@id":"https:\/\/candas365.es\/noticias\/category\/actualidad\/#listItem","position":2,"name":"Actualidad","item":"https:\/\/candas365.es\/noticias\/category\/actualidad\/","nextItem":{"@type":"ListItem","@id":"https:\/\/candas365.es\/noticias\/sue-jin-kang-se-despide-del-ballet-de-stuttgart\/#listItem","name":"Sue Jin Kang se despide del Ballet de Stuttgart"},"previousItem":{"@type":"ListItem","@id":"https:\/\/candas365.es\/noticias#listItem","name":"Home"}},{"@type":"ListItem","@id":"https:\/\/candas365.es\/noticias\/sue-jin-kang-se-despide-del-ballet-de-stuttgart\/#listItem","position":3,"name":"Sue Jin Kang se despide del Ballet de Stuttgart","previousItem":{"@type":"ListItem","@id":"https:\/\/candas365.es\/noticias\/category\/actualidad\/#listItem","name":"Actualidad"}}]},{"@type":"NewsArticle","@id":"https:\/\/candas365.es\/noticias\/sue-jin-kang-se-despide-del-ballet-de-stuttgart\/#newsarticle","name":"Sue Jin Kang se despide del Ballet de Stuttgart | Cand\u00e1s 365","headline":"Sue Jin Kang se despide del Ballet de Stuttgart","author":{"@id":"https:\/\/candas365.es\/noticias\/author\/admin\/#author"},"publisher":{"@id":"https:\/\/candas365.es\/noticias\/#organization"},"image":{"@type":"ImageObject","url":"https:\/\/candas365.es\/noticias\/wp-content\/uploads\/2015\/09\/c365noticias.jpg","width":655,"height":360},"datePublished":"2016-07-24T00:18:10+02:00","dateModified":"2016-07-24T00:18:10+02:00","inLanguage":"es-ES","mainEntityOfPage":{"@id":"https:\/\/candas365.es\/noticias\/sue-jin-kang-se-despide-del-ballet-de-stuttgart\/#webpage"},"isPartOf":{"@id":"https:\/\/candas365.es\/noticias\/sue-jin-kang-se-despide-del-ballet-de-stuttgart\/#webpage"},"articleSection":"Actualidad","dateline":"Publicado el julio 24, 2016."},{"@type":"Organization","@id":"https:\/\/candas365.es\/noticias\/#organization","name":"Cand\u00e1s 365","description":"Cand\u00e1s 365 es un diario digital independiente, fundado en 2012, con base en Asturias. Informamos con rigor sobre actualidad, sociedad, cultura y ocio, con una mirada local y global.","url":"https:\/\/candas365.es\/noticias\/","email":"info@candas365.es","telephone":"+34652131393","foundingDate":"2012-06-10","logo":{"@type":"ImageObject","url":"https:\/\/candas365.es\/noticias\/wp-content\/uploads\/2024\/09\/Candas-365-Redes.jpg","@id":"https:\/\/candas365.es\/noticias\/sue-jin-kang-se-despide-del-ballet-de-stuttgart\/#organizationLogo","width":1152,"height":864,"caption":"Cand\u00e1s 365 Redes"},"image":{"@id":"https:\/\/candas365.es\/noticias\/sue-jin-kang-se-despide-del-ballet-de-stuttgart\/#organizationLogo"},"sameAs":["https:\/\/www.facebook.com\/Nachofdezber","https:\/\/x.com\/NabercoDigital","https:\/\/www.instagram.com\/nachofdezber\/","https:\/\/www.youtube.com\/channel\/UCZP-2wLEB9Rv6erhFmqVnvg"],"address":{"@id":"https:\/\/candas365.es\/noticias\/#postaladdress","@type":"PostalAddress","streetAddress":"san antonio 4, san antonio 4","postalCode":"33430","addressLocality":"Cand\u00e1s","addressRegion":"Asturias","addressCountry":"ES"}},{"@type":"Person","@id":"https:\/\/candas365.es\/noticias\/author\/admin\/#author","url":"https:\/\/candas365.es\/noticias\/author\/admin\/","name":"Cand\u00e1s 365","image":{"@type":"ImageObject","@id":"https:\/\/candas365.es\/noticias\/sue-jin-kang-se-despide-del-ballet-de-stuttgart\/#authorImage","url":"https:\/\/secure.gravatar.com\/avatar\/496a8e03d0c493ede1718b7934145dbdf8d89be1036b0eec9544e1094c9de390?s=96&d=mm&r=g","width":96,"height":96,"caption":"Cand\u00e1s 365"},"sameAs":["https:\/\/www.facebook.com\/carrenoactualidad","https:\/\/twitter.com\/nbasturias","https:\/\/www.instagram.com\/nachofdezber\/","https:\/\/www.youtube.com\/channel\/UCZP-2wLEB9Rv6erhFmqVnvg"]},{"@type":"WebPage","@id":"https:\/\/candas365.es\/noticias\/sue-jin-kang-se-despide-del-ballet-de-stuttgart\/#webpage","url":"https:\/\/candas365.es\/noticias\/sue-jin-kang-se-despide-del-ballet-de-stuttgart\/","name":"Sue Jin Kang se despide del Ballet de Stuttgart | Cand\u00e1s 365","description":"Stuttgart, 23 jul (dpa) - Para Sue Jin Kang, primera solista del Ballet de Stuttgart y actual directora del Korea National Ballet, el teatro es como un para\u00edso. \"El mundo afuera es duro, lleno de guerra, terror y criminalidad\", se lament\u00f3 la bailarina ante el \"Stuttgarter Zeitung\" y el \"Stuttgarter Nachrichten\", dos peri\u00f3dicos de la","inLanguage":"es-ES","isPartOf":{"@id":"https:\/\/candas365.es\/noticias\/#website"},"breadcrumb":{"@id":"https:\/\/candas365.es\/noticias\/sue-jin-kang-se-despide-del-ballet-de-stuttgart\/#breadcrumblist"},"author":{"@id":"https:\/\/candas365.es\/noticias\/author\/admin\/#author"},"creator":{"@id":"https:\/\/candas365.es\/noticias\/author\/admin\/#author"},"image":{"@type":"ImageObject","url":"https:\/\/candas365.es\/noticias\/wp-content\/uploads\/2015\/09\/c365noticias.jpg","@id":"https:\/\/candas365.es\/noticias\/sue-jin-kang-se-despide-del-ballet-de-stuttgart\/#mainImage","width":655,"height":360},"primaryImageOfPage":{"@id":"https:\/\/candas365.es\/noticias\/sue-jin-kang-se-despide-del-ballet-de-stuttgart\/#mainImage"},"datePublished":"2016-07-24T00:18:10+02:00","dateModified":"2016-07-24T00:18:10+02:00"},{"@type":"WebSite","@id":"https:\/\/candas365.es\/noticias\/#website","url":"https:\/\/candas365.es\/noticias\/","name":"Cand\u00e1s 365","alternateName":"Cand\u00e1s 365 Noticias","description":"Actualidad desde Carre\u00f1o para el mundo","inLanguage":"es-ES","publisher":{"@id":"https:\/\/candas365.es\/noticias\/#organization"}}]},"og:locale":"es_ES","og:site_name":"Cand\u00e1s 365","og:type":"article","og:title":"Sue Jin Kang se despide del Ballet de Stuttgart | Cand\u00e1s 365","og:description":"Stuttgart, 23 jul (dpa) - Para Sue Jin Kang, primera solista del Ballet de Stuttgart y actual directora del Korea National Ballet, el teatro es como un para\u00edso. &quot;El mundo afuera es duro, lleno de guerra, terror y criminalidad&quot;, se lament\u00f3 la bailarina ante el &quot;Stuttgarter Zeitung&quot; y el &quot;Stuttgarter Nachrichten&quot;, dos peri\u00f3dicos de la","og:url":"https:\/\/candas365.es\/noticias\/sue-jin-kang-se-despide-del-ballet-de-stuttgart\/","og:image":"https:\/\/candas365.es\/noticias\/wp-content\/uploads\/2015\/09\/c365noticias.jpg","og:image:secure_url":"https:\/\/candas365.es\/noticias\/wp-content\/uploads\/2015\/09\/c365noticias.jpg","og:image:width":655,"og:image:height":360,"article:published_time":"2016-07-23T22:48:10+00:00","article:modified_time":"2016-07-23T22:48:10+00:00","article:publisher":"https:\/\/www.facebook.com\/Nachofdezber","article:author":"https:\/\/www.facebook.com\/carrenoactualidad","twitter:card":"summary_large_image","twitter:site":"@NabercoDigital","twitter:title":"Sue Jin Kang se despide del Ballet de Stuttgart | Cand\u00e1s 365","twitter:description":"Stuttgart, 23 jul (dpa) - Para Sue Jin Kang, primera solista del Ballet de Stuttgart y actual directora del Korea National Ballet, el teatro es como un para\u00edso. &quot;El mundo afuera es duro, lleno de guerra, terror y criminalidad&quot;, se lament\u00f3 la bailarina ante el &quot;Stuttgarter Zeitung&quot; y el &quot;Stuttgarter Nachrichten&quot;, dos peri\u00f3dicos de la","twitter:creator":"@nbasturias","twitter:image":"https:\/\/candas365.es\/noticias\/wp-content\/uploads\/2015\/09\/c365noticias.jpg","twitter:label1":"Escrito por","twitter:data1":"Cand\u00e1s 365","twitter:label2":"Tiempo de lectura estimado","twitter:data2":"1 minuto"},"aioseo_meta_data":{"post_id":"32552","title":null,"description":null,"keywords":null,"keyphrases":null,"primary_term":null,"canonical_url":null,"og_title":null,"og_description":null,"og_object_type":"default","og_image_type":"default","og_image_url":null,"og_image_width":null,"og_image_height":null,"og_image_custom_url":null,"og_image_custom_fields":null,"og_video":null,"og_custom_url":null,"og_article_section":null,"og_article_tags":null,"twitter_use_og":false,"twitter_card":"default","twitter_image_type":"default","twitter_image_url":null,"twitter_image_custom_url":null,"twitter_image_custom_fields":null,"twitter_title":null,"twitter_description":null,"schema":{"blockGraphs":[],"customGraphs":[],"default":{"data":{"Article":[],"Course":[],"Dataset":[],"FAQPage":[],"Movie":[],"Person":[],"Product":[],"ProductReview":[],"Car":[],"Recipe":[],"Service":[],"SoftwareApplication":[],"WebPage":[]},"graphName":"","isEnabled":true},"graphs":[]},"schema_type":null,"schema_type_options":null,"pillar_content":false,"robots_default":true,"robots_noindex":false,"robots_noarchive":false,"robots_nosnippet":false,"robots_nofollow":false,"robots_noimageindex":false,"robots_noodp":false,"robots_notranslate":false,"robots_max_snippet":null,"robots_max_videopreview":null,"robots_max_imagepreview":"large","priority":null,"frequency":null,"location":null,"local_seo":null,"seo_analyzer_scan_date":"2025-08-24 15:34:08","breadcrumb_settings":null,"limit_modified_date":false,"reviewed_by":null,"open_ai":null,"ai":null,"created":"2020-12-21 13:03:56","updated":"2025-08-24 15:34:08"},"aioseo_breadcrumb":"<div class=\"aioseo-breadcrumbs\"><span class=\"aioseo-breadcrumb\">\n\t<a href=\"https:\/\/candas365.es\/noticias\" title=\"Home\">Home<\/a>\n<\/span><span class=\"aioseo-breadcrumb-separator\">&ndash;<\/span><span class=\"aioseo-breadcrumb\">\n\t<a href=\"https:\/\/candas365.es\/noticias\/category\/actualidad\/\" title=\"Actualidad\">Actualidad<\/a>\n<\/span><span class=\"aioseo-breadcrumb-separator\">&ndash;<\/span><span class=\"aioseo-breadcrumb\">\n\tSue Jin Kang se despide del Ballet de Stuttgart\n<\/span><\/div>","aioseo_breadcrumb_json":[{"label":"Home","link":"https:\/\/candas365.es\/noticias"},{"label":"Actualidad","link":"https:\/\/candas365.es\/noticias\/category\/actualidad\/"},{"label":"Sue Jin Kang se despide del Ballet de Stuttgart","link":"https:\/\/candas365.es\/noticias\/sue-jin-kang-se-despide-del-ballet-de-stuttgart\/"}],"_links":{"self":[{"href":"https:\/\/candas365.es\/noticias\/wp-json\/wp\/v2\/posts\/32552","targetHints":{"allow":["GET"]}}],"collection":[{"href":"https:\/\/candas365.es\/noticias\/wp-json\/wp\/v2\/posts"}],"about":[{"href":"https:\/\/candas365.es\/noticias\/wp-json\/wp\/v2\/types\/post"}],"author":[{"embeddable":true,"href":"https:\/\/candas365.es\/noticias\/wp-json\/wp\/v2\/users\/1"}],"replies":[{"embeddable":true,"href":"https:\/\/candas365.es\/noticias\/wp-json\/wp\/v2\/comments?post=32552"}],"version-history":[{"count":0,"href":"https:\/\/candas365.es\/noticias\/wp-json\/wp\/v2\/posts\/32552\/revisions"}],"wp:featuredmedia":[{"embeddable":true,"href":"https:\/\/candas365.es\/noticias\/wp-json\/wp\/v2\/media\/16457"}],"wp:attachment":[{"href":"https:\/\/candas365.es\/noticias\/wp-json\/wp\/v2\/media?parent=32552"}],"wp:term":[{"taxonomy":"category","embeddable":true,"href":"https:\/\/candas365.es\/noticias\/wp-json\/wp\/v2\/categories?post=32552"},{"taxonomy":"post_tag","embeddable":true,"href":"https:\/\/candas365.es\/noticias\/wp-json\/wp\/v2\/tags?post=32552"}],"curies":[{"name":"wp","href":"https:\/\/api.w.org\/{rel}","templated":true}]}}