{"id":32465,"date":"2016-07-22T15:34:58","date_gmt":"2016-07-22T14:04:58","guid":{"rendered":"http:\/\/candas365.es\/noticias\/?p=32465"},"modified":"2016-07-22T15:34:58","modified_gmt":"2016-07-22T14:04:58","slug":"cambio-de-lider-en-el-gran-premio-de-hungria","status":"publish","type":"post","link":"https:\/\/candas365.es\/noticias\/cambio-de-lider-en-el-gran-premio-de-hungria\/","title":{"rendered":"\u00bfCambio de l\u00edder en el Gran Premio de Hungr\u00eda?"},"content":{"rendered":"<p>Budapest, 22 jul (dpa) &#8211; Despu\u00e9s de 126 d\u00edas en el primer puesto del campeonato de F\u00f3rmula 1, el alem\u00e1n Nico Rosberg puede temer por primera vez en la temporada por su liderato cuando se dispute el domingo el Gran Premio de Hungr\u00eda.<\/p>\n<p>\u00abEntre nosotros funciona todo con rachas. Ya va siendo hora de que se acabe la suya\u00bb, brome\u00f3 el actual l\u00edder sobre la remontada de su compa\u00f1ero en Mercedes, el brit\u00e1nico Lewis Hamilton, quien consigui\u00f3 recortar la ventaja a un s\u00f3lo punto.<\/p>\n<p>Rosberg comenz\u00f3 la temporada arrasando y tras ganar las primeras cuatro carreras parec\u00eda marchar directo rumbo a su primer t\u00edtulo en la m\u00e1xima categor\u00eda del motor. Sin embargo, fue perdiendo terreno al tiempo que crec\u00eda Hamilton, su eterno rival.<\/p>\n<p>El brit\u00e1nico se impuso hace dos semanas en Silverstone para quedar al acecho de un Rosberg que qued\u00f3 apenas tercero tras una penalizaci\u00f3n por recibir una indicaci\u00f3n de su equipo por radio. Y ahora est\u00e1 listo para dar el golpe en Hungaroring.<\/p>\n<p>\u00abSiento el fuego dentro de m\u00ed\u00bb, afirm\u00f3 el campe\u00f3n de la temporada pasada. \u00abMe siento fresco, fuerte y confiado\u00bb, a\u00f1adi\u00f3.<\/p>\n<p>Con una quinta victoria en Hungr\u00eda, Hamilton no s\u00f3lo podr\u00eda dejar atr\u00e1s a Michael Schumacher, cuatro veces ganador en Budapest, sino tambi\u00e9n empezar la segunda mitad de la temporada en Alemania como l\u00edder.<\/p>\n<p>Este escenario es una pesadilla para Rosberg tras su espectacular inicio de temporada. Dsde el choque con Hamilton en Barcelona en mayo el piloto alem\u00e1n no ha levantado cabeza.<\/p>\n<p>\u00abHasta ahora he tenido la mejor temporada de todos los pilotos, en eso me concentro\u00bb, se\u00f1al\u00f3 hoy no obstante Rosberg. \u00abPara m\u00ed lo mejor es concentrarme en cada carrera, no miro la imagen completa. A\u00fan queda un largo camino\u00bb, expres\u00f3.<\/p>\n<p>La ventaja de 43 puntos se ha quedado en casi nada a falta de tan s\u00f3lo once carreras, pero Rosberg no ve motivos para desesperarse. \u00abSiempre fui realista\u00bb, dijo el alem\u00e1n en una reciente entrevista con \u00abThe Guardian\u00bb. \u00abYa sab\u00eda que iban a llegar momentos dif\u00edciles\u00bb, a\u00f1adi\u00f3.<\/p>\n<p>Pese a que en Mercedes aseguran que todav\u00eda nada est\u00e1 definido, parece claro que el ganador del t\u00edtulo saldr\u00e1 de los dos pilotos de la escuder\u00eda. El tercero, el finland\u00e9s Kimi R\u00e4ikk\u00f6nen, se encuentra a 62 puntos, y el alem\u00e1n Sebastian Vettel, con la otra Ferrari, a 70.<\/p>\n<p>Como es ya habitual en los \u00faltimos tiempos, la dura competencia entre sus dos pilotos es la mayor amenaza hoy para Mercedes. \u00abPuede que ya hayamos superado la primera mitad del a\u00f1o, pero ahora empieza lo m\u00e1s duro\u00bb, vaticin\u00f3 el jefe del equipo, Toto Wolff.<\/p>\n<p><span class=\" readonly\" title=\"\"><em>Por Christian Hollmann <\/em><\/span><\/p>\n","protected":false},"excerpt":{"rendered":"<p>Budapest, 22 jul (dpa) &#8211; Despu\u00e9s de 126 d\u00edas en el primer puesto del campeonato de F\u00f3rmula 1, el alem\u00e1n Nico Rosberg puede temer por primera vez en la temporada por su liderato cuando se dispute el domingo el Gran Premio de Hungr\u00eda. \u00abEntre nosotros funciona todo con rachas. Ya va siendo hora de que<\/p>\n","protected":false},"author":1,"featured_media":31822,"comment_status":"closed","ping_status":"closed","sticky":false,"template":"","format":"standard","meta":{"footnotes":""},"categories":[343],"tags":[],"class_list":{"0":"post-32465","1":"post","2":"type-post","3":"status-publish","4":"format-standard","5":"has-post-thumbnail","7":"category-actualidad"},"aioseo_notices":[],"aioseo_head":"\n\t\t<!-- All in One SEO Pro 4.9.6.2 - aioseo.com -->\n\t<meta name=\"description\" content=\"Budapest, 22 jul (dpa) - Despu\u00e9s de 126 d\u00edas en el primer puesto del campeonato de F\u00f3rmula 1, el alem\u00e1n Nico Rosberg puede temer por primera vez en la temporada por su liderato cuando se dispute el domingo el Gran Premio de Hungr\u00eda. &quot;Entre nosotros funciona todo con rachas. Ya va siendo hora de que\" \/>\n\t<meta name=\"robots\" content=\"max-image-preview:large\" \/>\n\t<meta name=\"author\" content=\"Cand\u00e1s 365\"\/>\n\t<meta name=\"google-site-verification\" content=\"UA-32230408-1\" \/>\n\t<meta name=\"msvalidate.01\" content=\"354F3CDFB2DA171B47FBE9ABF1F88D5\" \/>\n\t<meta name=\"keywords\" content=\"actualidad\" \/>\n\t<link rel=\"canonical\" href=\"https:\/\/candas365.es\/noticias\/cambio-de-lider-en-el-gran-premio-de-hungria\/\" \/>\n\t<meta name=\"generator\" content=\"All in One SEO Pro (AIOSEO) 4.9.6.2\" \/>\n\t\t<meta property=\"og:locale\" content=\"es_ES\" \/>\n\t\t<meta property=\"og:site_name\" content=\"Cand\u00e1s 365\" \/>\n\t\t<meta property=\"og:type\" content=\"article\" \/>\n\t\t<meta property=\"og:title\" content=\"\u00bfCambio de l\u00edder en el Gran Premio de Hungr\u00eda? | Cand\u00e1s 365\" \/>\n\t\t<meta property=\"og:description\" content=\"Budapest, 22 jul (dpa) - Despu\u00e9s de 126 d\u00edas en el primer puesto del campeonato de F\u00f3rmula 1, el alem\u00e1n Nico Rosberg puede temer por primera vez en la temporada por su liderato cuando se dispute el domingo el Gran Premio de Hungr\u00eda. &quot;Entre nosotros funciona todo con rachas. Ya va siendo hora de que\" \/>\n\t\t<meta property=\"og:url\" content=\"https:\/\/candas365.es\/noticias\/cambio-de-lider-en-el-gran-premio-de-hungria\/\" \/>\n\t\t<meta property=\"og:image\" content=\"https:\/\/candas365.es\/noticias\/wp-content\/uploads\/2016\/07\/Rosberg.jpg\" \/>\n\t\t<meta property=\"og:image:secure_url\" content=\"https:\/\/candas365.es\/noticias\/wp-content\/uploads\/2016\/07\/Rosberg.jpg\" \/>\n\t\t<meta property=\"og:image:width\" content=\"655\" \/>\n\t\t<meta property=\"og:image:height\" content=\"360\" \/>\n\t\t<meta property=\"article:published_time\" content=\"2016-07-22T14:04:58+00:00\" \/>\n\t\t<meta property=\"article:modified_time\" content=\"2016-07-22T14:04:58+00:00\" \/>\n\t\t<meta property=\"article:publisher\" content=\"https:\/\/www.facebook.com\/Nachofdezber\" \/>\n\t\t<meta property=\"article:author\" content=\"https:\/\/www.facebook.com\/carrenoactualidad\" \/>\n\t\t<meta name=\"twitter:card\" content=\"summary_large_image\" \/>\n\t\t<meta name=\"twitter:site\" content=\"@NabercoDigital\" \/>\n\t\t<meta name=\"twitter:title\" content=\"\u00bfCambio de l\u00edder en el Gran Premio de Hungr\u00eda? | Cand\u00e1s 365\" \/>\n\t\t<meta name=\"twitter:description\" content=\"Budapest, 22 jul (dpa) - Despu\u00e9s de 126 d\u00edas en el primer puesto del campeonato de F\u00f3rmula 1, el alem\u00e1n Nico Rosberg puede temer por primera vez en la temporada por su liderato cuando se dispute el domingo el Gran Premio de Hungr\u00eda. &quot;Entre nosotros funciona todo con rachas. Ya va siendo hora de que\" \/>\n\t\t<meta name=\"twitter:creator\" content=\"@nbasturias\" \/>\n\t\t<meta name=\"twitter:image\" content=\"https:\/\/candas365.es\/noticias\/wp-content\/uploads\/2016\/07\/Rosberg.jpg\" \/>\n\t\t<meta name=\"twitter:label1\" content=\"Escrito por\" \/>\n\t\t<meta name=\"twitter:data1\" content=\"Cand\u00e1s 365\" \/>\n\t\t<meta name=\"twitter:label2\" content=\"Tiempo de lectura estimado\" \/>\n\t\t<meta name=\"twitter:data2\" content=\"2 minutos\" \/>\n\t\t<script type=\"application\/ld+json\" class=\"aioseo-schema\">\n\t\t\t{\"@context\":\"https:\\\/\\\/schema.org\",\"@graph\":[{\"@type\":\"BreadcrumbList\",\"@id\":\"https:\\\/\\\/candas365.es\\\/noticias\\\/cambio-de-lider-en-el-gran-premio-de-hungria\\\/#breadcrumblist\",\"itemListElement\":[{\"@type\":\"ListItem\",\"@id\":\"https:\\\/\\\/candas365.es\\\/noticias#listItem\",\"position\":1,\"name\":\"Home\",\"item\":\"https:\\\/\\\/candas365.es\\\/noticias\",\"nextItem\":{\"@type\":\"ListItem\",\"@id\":\"https:\\\/\\\/candas365.es\\\/noticias\\\/category\\\/actualidad\\\/#listItem\",\"name\":\"Actualidad\"}},{\"@type\":\"ListItem\",\"@id\":\"https:\\\/\\\/candas365.es\\\/noticias\\\/category\\\/actualidad\\\/#listItem\",\"position\":2,\"name\":\"Actualidad\",\"item\":\"https:\\\/\\\/candas365.es\\\/noticias\\\/category\\\/actualidad\\\/\",\"nextItem\":{\"@type\":\"ListItem\",\"@id\":\"https:\\\/\\\/candas365.es\\\/noticias\\\/cambio-de-lider-en-el-gran-premio-de-hungria\\\/#listItem\",\"name\":\"\\u00bfCambio de l\\u00edder en el Gran Premio de Hungr\\u00eda?\"},\"previousItem\":{\"@type\":\"ListItem\",\"@id\":\"https:\\\/\\\/candas365.es\\\/noticias#listItem\",\"name\":\"Home\"}},{\"@type\":\"ListItem\",\"@id\":\"https:\\\/\\\/candas365.es\\\/noticias\\\/cambio-de-lider-en-el-gran-premio-de-hungria\\\/#listItem\",\"position\":3,\"name\":\"\\u00bfCambio de l\\u00edder en el Gran Premio de Hungr\\u00eda?\",\"previousItem\":{\"@type\":\"ListItem\",\"@id\":\"https:\\\/\\\/candas365.es\\\/noticias\\\/category\\\/actualidad\\\/#listItem\",\"name\":\"Actualidad\"}}]},{\"@type\":\"NewsArticle\",\"@id\":\"https:\\\/\\\/candas365.es\\\/noticias\\\/cambio-de-lider-en-el-gran-premio-de-hungria\\\/#newsarticle\",\"name\":\"\\u00bfCambio de l\\u00edder en el Gran Premio de Hungr\\u00eda? | Cand\\u00e1s 365\",\"headline\":\"\\u00bfCambio de l\\u00edder en el Gran Premio de Hungr\\u00eda?\",\"author\":{\"@id\":\"https:\\\/\\\/candas365.es\\\/noticias\\\/author\\\/admin\\\/#author\"},\"publisher\":{\"@id\":\"https:\\\/\\\/candas365.es\\\/noticias\\\/#organization\"},\"image\":{\"@type\":\"ImageObject\",\"url\":\"https:\\\/\\\/candas365.es\\\/noticias\\\/wp-content\\\/uploads\\\/2016\\\/07\\\/Rosberg.jpg\",\"width\":655,\"height\":360},\"datePublished\":\"2016-07-22T15:34:58+02:00\",\"dateModified\":\"2016-07-22T15:34:58+02:00\",\"inLanguage\":\"es-ES\",\"mainEntityOfPage\":{\"@id\":\"https:\\\/\\\/candas365.es\\\/noticias\\\/cambio-de-lider-en-el-gran-premio-de-hungria\\\/#webpage\"},\"isPartOf\":{\"@id\":\"https:\\\/\\\/candas365.es\\\/noticias\\\/cambio-de-lider-en-el-gran-premio-de-hungria\\\/#webpage\"},\"articleSection\":\"Actualidad\",\"dateline\":\"Publicado el julio 22, 2016.\"},{\"@type\":\"Organization\",\"@id\":\"https:\\\/\\\/candas365.es\\\/noticias\\\/#organization\",\"name\":\"Cand\\u00e1s 365\",\"description\":\"Cand\\u00e1s 365 es un diario digital independiente, fundado en 2012, con base en Asturias. Informamos con rigor sobre actualidad, sociedad, cultura y ocio, con una mirada local y global.\",\"url\":\"https:\\\/\\\/candas365.es\\\/noticias\\\/\",\"email\":\"info@candas365.es\",\"telephone\":\"+34652131393\",\"foundingDate\":\"2012-06-10\",\"logo\":{\"@type\":\"ImageObject\",\"url\":\"https:\\\/\\\/candas365.es\\\/noticias\\\/wp-content\\\/uploads\\\/2024\\\/09\\\/Candas-365-Redes.jpg\",\"@id\":\"https:\\\/\\\/candas365.es\\\/noticias\\\/cambio-de-lider-en-el-gran-premio-de-hungria\\\/#organizationLogo\",\"width\":1152,\"height\":864,\"caption\":\"Cand\\u00e1s 365 Redes\"},\"image\":{\"@id\":\"https:\\\/\\\/candas365.es\\\/noticias\\\/cambio-de-lider-en-el-gran-premio-de-hungria\\\/#organizationLogo\"},\"sameAs\":[\"https:\\\/\\\/www.facebook.com\\\/Nachofdezber\",\"https:\\\/\\\/x.com\\\/NabercoDigital\",\"https:\\\/\\\/www.instagram.com\\\/nachofdezber\\\/\",\"https:\\\/\\\/www.youtube.com\\\/channel\\\/UCZP-2wLEB9Rv6erhFmqVnvg\"],\"address\":{\"@id\":\"https:\\\/\\\/candas365.es\\\/noticias\\\/#postaladdress\",\"@type\":\"PostalAddress\",\"streetAddress\":\"san antonio 4, san antonio 4\",\"postalCode\":\"33430\",\"addressLocality\":\"Cand\\u00e1s\",\"addressRegion\":\"Asturias\",\"addressCountry\":\"ES\"}},{\"@type\":\"Person\",\"@id\":\"https:\\\/\\\/candas365.es\\\/noticias\\\/author\\\/admin\\\/#author\",\"url\":\"https:\\\/\\\/candas365.es\\\/noticias\\\/author\\\/admin\\\/\",\"name\":\"Cand\\u00e1s 365\",\"image\":{\"@type\":\"ImageObject\",\"@id\":\"https:\\\/\\\/candas365.es\\\/noticias\\\/cambio-de-lider-en-el-gran-premio-de-hungria\\\/#authorImage\",\"url\":\"https:\\\/\\\/secure.gravatar.com\\\/avatar\\\/496a8e03d0c493ede1718b7934145dbdf8d89be1036b0eec9544e1094c9de390?s=96&d=mm&r=g\",\"width\":96,\"height\":96,\"caption\":\"Cand\\u00e1s 365\"},\"sameAs\":[\"https:\\\/\\\/www.facebook.com\\\/carrenoactualidad\",\"https:\\\/\\\/twitter.com\\\/nbasturias\",\"https:\\\/\\\/www.instagram.com\\\/nachofdezber\\\/\",\"https:\\\/\\\/www.youtube.com\\\/channel\\\/UCZP-2wLEB9Rv6erhFmqVnvg\"]},{\"@type\":\"WebPage\",\"@id\":\"https:\\\/\\\/candas365.es\\\/noticias\\\/cambio-de-lider-en-el-gran-premio-de-hungria\\\/#webpage\",\"url\":\"https:\\\/\\\/candas365.es\\\/noticias\\\/cambio-de-lider-en-el-gran-premio-de-hungria\\\/\",\"name\":\"\\u00bfCambio de l\\u00edder en el Gran Premio de Hungr\\u00eda? | Cand\\u00e1s 365\",\"description\":\"Budapest, 22 jul (dpa) - Despu\\u00e9s de 126 d\\u00edas en el primer puesto del campeonato de F\\u00f3rmula 1, el alem\\u00e1n Nico Rosberg puede temer por primera vez en la temporada por su liderato cuando se dispute el domingo el Gran Premio de Hungr\\u00eda. \\\"Entre nosotros funciona todo con rachas. Ya va siendo hora de que\",\"inLanguage\":\"es-ES\",\"isPartOf\":{\"@id\":\"https:\\\/\\\/candas365.es\\\/noticias\\\/#website\"},\"breadcrumb\":{\"@id\":\"https:\\\/\\\/candas365.es\\\/noticias\\\/cambio-de-lider-en-el-gran-premio-de-hungria\\\/#breadcrumblist\"},\"author\":{\"@id\":\"https:\\\/\\\/candas365.es\\\/noticias\\\/author\\\/admin\\\/#author\"},\"creator\":{\"@id\":\"https:\\\/\\\/candas365.es\\\/noticias\\\/author\\\/admin\\\/#author\"},\"image\":{\"@type\":\"ImageObject\",\"url\":\"https:\\\/\\\/candas365.es\\\/noticias\\\/wp-content\\\/uploads\\\/2016\\\/07\\\/Rosberg.jpg\",\"@id\":\"https:\\\/\\\/candas365.es\\\/noticias\\\/cambio-de-lider-en-el-gran-premio-de-hungria\\\/#mainImage\",\"width\":655,\"height\":360},\"primaryImageOfPage\":{\"@id\":\"https:\\\/\\\/candas365.es\\\/noticias\\\/cambio-de-lider-en-el-gran-premio-de-hungria\\\/#mainImage\"},\"datePublished\":\"2016-07-22T15:34:58+02:00\",\"dateModified\":\"2016-07-22T15:34:58+02:00\"},{\"@type\":\"WebSite\",\"@id\":\"https:\\\/\\\/candas365.es\\\/noticias\\\/#website\",\"url\":\"https:\\\/\\\/candas365.es\\\/noticias\\\/\",\"name\":\"Cand\\u00e1s 365\",\"alternateName\":\"Cand\\u00e1s 365 Noticias\",\"description\":\"Actualidad desde Carre\\u00f1o para el mundo\",\"inLanguage\":\"es-ES\",\"publisher\":{\"@id\":\"https:\\\/\\\/candas365.es\\\/noticias\\\/#organization\"}}]}\n\t\t<\/script>\n\t\t<!-- All in One SEO Pro -->\r\n\t\t<title>\u00bfCambio de l\u00edder en el Gran Premio de Hungr\u00eda? | Cand\u00e1s 365<\/title>\n\n","aioseo_head_json":{"title":"\u00bfCambio de l\u00edder en el Gran Premio de Hungr\u00eda? | Cand\u00e1s 365","description":"Budapest, 22 jul (dpa) - Despu\u00e9s de 126 d\u00edas en el primer puesto del campeonato de F\u00f3rmula 1, el alem\u00e1n Nico Rosberg puede temer por primera vez en la temporada por su liderato cuando se dispute el domingo el Gran Premio de Hungr\u00eda. \"Entre nosotros funciona todo con rachas. Ya va siendo hora de que","canonical_url":"https:\/\/candas365.es\/noticias\/cambio-de-lider-en-el-gran-premio-de-hungria\/","robots":"max-image-preview:large","keywords":"actualidad","webmasterTools":{"google-site-verification":"UA-32230408-1","msvalidate.01":"354F3CDFB2DA171B47FBE9ABF1F88D5","miscellaneous":""},"schema":{"@context":"https:\/\/schema.org","@graph":[{"@type":"BreadcrumbList","@id":"https:\/\/candas365.es\/noticias\/cambio-de-lider-en-el-gran-premio-de-hungria\/#breadcrumblist","itemListElement":[{"@type":"ListItem","@id":"https:\/\/candas365.es\/noticias#listItem","position":1,"name":"Home","item":"https:\/\/candas365.es\/noticias","nextItem":{"@type":"ListItem","@id":"https:\/\/candas365.es\/noticias\/category\/actualidad\/#listItem","name":"Actualidad"}},{"@type":"ListItem","@id":"https:\/\/candas365.es\/noticias\/category\/actualidad\/#listItem","position":2,"name":"Actualidad","item":"https:\/\/candas365.es\/noticias\/category\/actualidad\/","nextItem":{"@type":"ListItem","@id":"https:\/\/candas365.es\/noticias\/cambio-de-lider-en-el-gran-premio-de-hungria\/#listItem","name":"\u00bfCambio de l\u00edder en el Gran Premio de Hungr\u00eda?"},"previousItem":{"@type":"ListItem","@id":"https:\/\/candas365.es\/noticias#listItem","name":"Home"}},{"@type":"ListItem","@id":"https:\/\/candas365.es\/noticias\/cambio-de-lider-en-el-gran-premio-de-hungria\/#listItem","position":3,"name":"\u00bfCambio de l\u00edder en el Gran Premio de Hungr\u00eda?","previousItem":{"@type":"ListItem","@id":"https:\/\/candas365.es\/noticias\/category\/actualidad\/#listItem","name":"Actualidad"}}]},{"@type":"NewsArticle","@id":"https:\/\/candas365.es\/noticias\/cambio-de-lider-en-el-gran-premio-de-hungria\/#newsarticle","name":"\u00bfCambio de l\u00edder en el Gran Premio de Hungr\u00eda? | Cand\u00e1s 365","headline":"\u00bfCambio de l\u00edder en el Gran Premio de Hungr\u00eda?","author":{"@id":"https:\/\/candas365.es\/noticias\/author\/admin\/#author"},"publisher":{"@id":"https:\/\/candas365.es\/noticias\/#organization"},"image":{"@type":"ImageObject","url":"https:\/\/candas365.es\/noticias\/wp-content\/uploads\/2016\/07\/Rosberg.jpg","width":655,"height":360},"datePublished":"2016-07-22T15:34:58+02:00","dateModified":"2016-07-22T15:34:58+02:00","inLanguage":"es-ES","mainEntityOfPage":{"@id":"https:\/\/candas365.es\/noticias\/cambio-de-lider-en-el-gran-premio-de-hungria\/#webpage"},"isPartOf":{"@id":"https:\/\/candas365.es\/noticias\/cambio-de-lider-en-el-gran-premio-de-hungria\/#webpage"},"articleSection":"Actualidad","dateline":"Publicado el julio 22, 2016."},{"@type":"Organization","@id":"https:\/\/candas365.es\/noticias\/#organization","name":"Cand\u00e1s 365","description":"Cand\u00e1s 365 es un diario digital independiente, fundado en 2012, con base en Asturias. Informamos con rigor sobre actualidad, sociedad, cultura y ocio, con una mirada local y global.","url":"https:\/\/candas365.es\/noticias\/","email":"info@candas365.es","telephone":"+34652131393","foundingDate":"2012-06-10","logo":{"@type":"ImageObject","url":"https:\/\/candas365.es\/noticias\/wp-content\/uploads\/2024\/09\/Candas-365-Redes.jpg","@id":"https:\/\/candas365.es\/noticias\/cambio-de-lider-en-el-gran-premio-de-hungria\/#organizationLogo","width":1152,"height":864,"caption":"Cand\u00e1s 365 Redes"},"image":{"@id":"https:\/\/candas365.es\/noticias\/cambio-de-lider-en-el-gran-premio-de-hungria\/#organizationLogo"},"sameAs":["https:\/\/www.facebook.com\/Nachofdezber","https:\/\/x.com\/NabercoDigital","https:\/\/www.instagram.com\/nachofdezber\/","https:\/\/www.youtube.com\/channel\/UCZP-2wLEB9Rv6erhFmqVnvg"],"address":{"@id":"https:\/\/candas365.es\/noticias\/#postaladdress","@type":"PostalAddress","streetAddress":"san antonio 4, san antonio 4","postalCode":"33430","addressLocality":"Cand\u00e1s","addressRegion":"Asturias","addressCountry":"ES"}},{"@type":"Person","@id":"https:\/\/candas365.es\/noticias\/author\/admin\/#author","url":"https:\/\/candas365.es\/noticias\/author\/admin\/","name":"Cand\u00e1s 365","image":{"@type":"ImageObject","@id":"https:\/\/candas365.es\/noticias\/cambio-de-lider-en-el-gran-premio-de-hungria\/#authorImage","url":"https:\/\/secure.gravatar.com\/avatar\/496a8e03d0c493ede1718b7934145dbdf8d89be1036b0eec9544e1094c9de390?s=96&d=mm&r=g","width":96,"height":96,"caption":"Cand\u00e1s 365"},"sameAs":["https:\/\/www.facebook.com\/carrenoactualidad","https:\/\/twitter.com\/nbasturias","https:\/\/www.instagram.com\/nachofdezber\/","https:\/\/www.youtube.com\/channel\/UCZP-2wLEB9Rv6erhFmqVnvg"]},{"@type":"WebPage","@id":"https:\/\/candas365.es\/noticias\/cambio-de-lider-en-el-gran-premio-de-hungria\/#webpage","url":"https:\/\/candas365.es\/noticias\/cambio-de-lider-en-el-gran-premio-de-hungria\/","name":"\u00bfCambio de l\u00edder en el Gran Premio de Hungr\u00eda? | Cand\u00e1s 365","description":"Budapest, 22 jul (dpa) - Despu\u00e9s de 126 d\u00edas en el primer puesto del campeonato de F\u00f3rmula 1, el alem\u00e1n Nico Rosberg puede temer por primera vez en la temporada por su liderato cuando se dispute el domingo el Gran Premio de Hungr\u00eda. \"Entre nosotros funciona todo con rachas. Ya va siendo hora de que","inLanguage":"es-ES","isPartOf":{"@id":"https:\/\/candas365.es\/noticias\/#website"},"breadcrumb":{"@id":"https:\/\/candas365.es\/noticias\/cambio-de-lider-en-el-gran-premio-de-hungria\/#breadcrumblist"},"author":{"@id":"https:\/\/candas365.es\/noticias\/author\/admin\/#author"},"creator":{"@id":"https:\/\/candas365.es\/noticias\/author\/admin\/#author"},"image":{"@type":"ImageObject","url":"https:\/\/candas365.es\/noticias\/wp-content\/uploads\/2016\/07\/Rosberg.jpg","@id":"https:\/\/candas365.es\/noticias\/cambio-de-lider-en-el-gran-premio-de-hungria\/#mainImage","width":655,"height":360},"primaryImageOfPage":{"@id":"https:\/\/candas365.es\/noticias\/cambio-de-lider-en-el-gran-premio-de-hungria\/#mainImage"},"datePublished":"2016-07-22T15:34:58+02:00","dateModified":"2016-07-22T15:34:58+02:00"},{"@type":"WebSite","@id":"https:\/\/candas365.es\/noticias\/#website","url":"https:\/\/candas365.es\/noticias\/","name":"Cand\u00e1s 365","alternateName":"Cand\u00e1s 365 Noticias","description":"Actualidad desde Carre\u00f1o para el mundo","inLanguage":"es-ES","publisher":{"@id":"https:\/\/candas365.es\/noticias\/#organization"}}]},"og:locale":"es_ES","og:site_name":"Cand\u00e1s 365","og:type":"article","og:title":"\u00bfCambio de l\u00edder en el Gran Premio de Hungr\u00eda? | Cand\u00e1s 365","og:description":"Budapest, 22 jul (dpa) - Despu\u00e9s de 126 d\u00edas en el primer puesto del campeonato de F\u00f3rmula 1, el alem\u00e1n Nico Rosberg puede temer por primera vez en la temporada por su liderato cuando se dispute el domingo el Gran Premio de Hungr\u00eda. &quot;Entre nosotros funciona todo con rachas. Ya va siendo hora de que","og:url":"https:\/\/candas365.es\/noticias\/cambio-de-lider-en-el-gran-premio-de-hungria\/","og:image":"https:\/\/candas365.es\/noticias\/wp-content\/uploads\/2016\/07\/Rosberg.jpg","og:image:secure_url":"https:\/\/candas365.es\/noticias\/wp-content\/uploads\/2016\/07\/Rosberg.jpg","og:image:width":655,"og:image:height":360,"article:published_time":"2016-07-22T14:04:58+00:00","article:modified_time":"2016-07-22T14:04:58+00:00","article:publisher":"https:\/\/www.facebook.com\/Nachofdezber","article:author":"https:\/\/www.facebook.com\/carrenoactualidad","twitter:card":"summary_large_image","twitter:site":"@NabercoDigital","twitter:title":"\u00bfCambio de l\u00edder en el Gran Premio de Hungr\u00eda? | Cand\u00e1s 365","twitter:description":"Budapest, 22 jul (dpa) - Despu\u00e9s de 126 d\u00edas en el primer puesto del campeonato de F\u00f3rmula 1, el alem\u00e1n Nico Rosberg puede temer por primera vez en la temporada por su liderato cuando se dispute el domingo el Gran Premio de Hungr\u00eda. &quot;Entre nosotros funciona todo con rachas. Ya va siendo hora de que","twitter:creator":"@nbasturias","twitter:image":"https:\/\/candas365.es\/noticias\/wp-content\/uploads\/2016\/07\/Rosberg.jpg","twitter:label1":"Escrito por","twitter:data1":"Cand\u00e1s 365","twitter:label2":"Tiempo de lectura estimado","twitter:data2":"2 minutos"},"aioseo_meta_data":{"post_id":"32465","title":null,"description":null,"keywords":null,"keyphrases":null,"primary_term":null,"canonical_url":null,"og_title":null,"og_description":null,"og_object_type":"default","og_image_type":"default","og_image_url":null,"og_image_width":null,"og_image_height":null,"og_image_custom_url":null,"og_image_custom_fields":null,"og_video":null,"og_custom_url":null,"og_article_section":null,"og_article_tags":null,"twitter_use_og":false,"twitter_card":"default","twitter_image_type":"default","twitter_image_url":null,"twitter_image_custom_url":null,"twitter_image_custom_fields":null,"twitter_title":null,"twitter_description":null,"schema":{"blockGraphs":[],"customGraphs":[],"default":{"data":{"Article":[],"Course":[],"Dataset":[],"FAQPage":[],"Movie":[],"Person":[],"Product":[],"ProductReview":[],"Car":[],"Recipe":[],"Service":[],"SoftwareApplication":[],"WebPage":[]},"graphName":"","isEnabled":true},"graphs":[],"defaultGraph":"","defaultPostTypeGraph":""},"schema_type":null,"schema_type_options":null,"pillar_content":false,"robots_default":true,"robots_noindex":false,"robots_noarchive":false,"robots_nosnippet":false,"robots_nofollow":false,"robots_noimageindex":false,"robots_noodp":false,"robots_notranslate":false,"robots_max_snippet":null,"robots_max_videopreview":null,"robots_max_imagepreview":"large","priority":null,"frequency":null,"location":null,"local_seo":null,"seo_analyzer_scan_date":"2025-08-24 15:26:08","breadcrumb_settings":null,"limit_modified_date":false,"reviewed_by":null,"open_ai":null,"ai":null,"created":"2020-12-21 13:03:55","updated":"2025-08-24 15:26:08"},"aioseo_breadcrumb":"<div class=\"aioseo-breadcrumbs\"><span class=\"aioseo-breadcrumb\">\n\t<a href=\"https:\/\/candas365.es\/noticias\" title=\"Home\">Home<\/a>\n<\/span><span class=\"aioseo-breadcrumb-separator\">&ndash;<\/span><span class=\"aioseo-breadcrumb\">\n\t<a href=\"https:\/\/candas365.es\/noticias\/category\/actualidad\/\" title=\"Actualidad\">Actualidad<\/a>\n<\/span><span class=\"aioseo-breadcrumb-separator\">&ndash;<\/span><span class=\"aioseo-breadcrumb\">\n\t\u00bfCambio de l\u00edder en el Gran Premio de Hungr\u00eda?\n<\/span><\/div>","aioseo_breadcrumb_json":[{"label":"Home","link":"https:\/\/candas365.es\/noticias"},{"label":"Actualidad","link":"https:\/\/candas365.es\/noticias\/category\/actualidad\/"},{"label":"\u00bfCambio de l\u00edder en el Gran Premio de Hungr\u00eda?","link":"https:\/\/candas365.es\/noticias\/cambio-de-lider-en-el-gran-premio-de-hungria\/"}],"_links":{"self":[{"href":"https:\/\/candas365.es\/noticias\/wp-json\/wp\/v2\/posts\/32465","targetHints":{"allow":["GET"]}}],"collection":[{"href":"https:\/\/candas365.es\/noticias\/wp-json\/wp\/v2\/posts"}],"about":[{"href":"https:\/\/candas365.es\/noticias\/wp-json\/wp\/v2\/types\/post"}],"author":[{"embeddable":true,"href":"https:\/\/candas365.es\/noticias\/wp-json\/wp\/v2\/users\/1"}],"replies":[{"embeddable":true,"href":"https:\/\/candas365.es\/noticias\/wp-json\/wp\/v2\/comments?post=32465"}],"version-history":[{"count":0,"href":"https:\/\/candas365.es\/noticias\/wp-json\/wp\/v2\/posts\/32465\/revisions"}],"wp:featuredmedia":[{"embeddable":true,"href":"https:\/\/candas365.es\/noticias\/wp-json\/wp\/v2\/media\/31822"}],"wp:attachment":[{"href":"https:\/\/candas365.es\/noticias\/wp-json\/wp\/v2\/media?parent=32465"}],"wp:term":[{"taxonomy":"category","embeddable":true,"href":"https:\/\/candas365.es\/noticias\/wp-json\/wp\/v2\/categories?post=32465"},{"taxonomy":"post_tag","embeddable":true,"href":"https:\/\/candas365.es\/noticias\/wp-json\/wp\/v2\/tags?post=32465"}],"curies":[{"name":"wp","href":"https:\/\/api.w.org\/{rel}","templated":true}]}}