{"id":32461,"date":"2016-07-22T15:27:37","date_gmt":"2016-07-22T13:57:37","guid":{"rendered":"http:\/\/candas365.es\/noticias\/?p=32461"},"modified":"2016-07-22T15:27:37","modified_gmt":"2016-07-22T13:57:37","slug":"el-bce-dispuesto-a-actuar-contra-posibles-efectos-del-brexit","status":"publish","type":"post","link":"https:\/\/candas365.es\/noticias\/el-bce-dispuesto-a-actuar-contra-posibles-efectos-del-brexit\/","title":{"rendered":"El BCE, dispuesto a actuar contra posibles efectos del \u00abBrexit\u00bb"},"content":{"rendered":"<p><img fetchpriority=\"high\" decoding=\"async\" class=\"alignleft size-medium wp-image-102\" src=\"https:\/\/candas365.es\/noticias\/wp-content\/uploads\/2014\/09\/europa-360x269.jpg\" alt=\"europa\" width=\"360\" height=\"269\" srcset=\"https:\/\/candas365.es\/noticias\/wp-content\/uploads\/2014\/09\/europa.jpg 360w, https:\/\/candas365.es\/noticias\/wp-content\/uploads\/2014\/09\/europa-150x112.jpg 150w, https:\/\/candas365.es\/noticias\/wp-content\/uploads\/2014\/09\/europa-80x60.jpg 80w, https:\/\/candas365.es\/noticias\/wp-content\/uploads\/2014\/09\/europa-265x198.jpg 265w, https:\/\/candas365.es\/noticias\/wp-content\/uploads\/2014\/09\/europa-90x67.jpg 90w\" sizes=\"(max-width: 360px) 100vw, 360px\" \/>Fr\u00e1ncfort, 21 jul (dpa) &#8211; El Banco Central Europeo (BCE) lanz\u00f3 hoy un mensaje tranquilizador a la zona euro al anunciar que est\u00e1 dispuesto a ampliar sus medidas anticrisis para contrarrestar los posibles efectos negativos de la salida del Reino Unido de la Uni\u00f3n Europea.<\/p>\n<p>\u00abEl Banco Central Europeo va a actuar usando todos los instrumentos disponibles dentro de su mandato si es necesario\u00bb, comunic\u00f3 hoy el presidente de la entidad, Mario Draghi, tras una sesi\u00f3n del Consejo de Gobierno en la que se resolvi\u00f3 mantener las tasas en el m\u00ednimo hist\u00f3rico de cero por ciento.<\/p>\n<p>\u00abHay disposici\u00f3n, voluntad y capacidad para hacerlo\u00bb, insisti\u00f3 Draghi. El BCE \u00abseguir\u00e1 vigilando muy de cerca\u00bb la evoluci\u00f3n en la zona euro, asegur\u00f3, y aclar\u00f3 que a\u00fan no han sido analizados instrumentos espec\u00edficos.<\/p>\n<p>El italiano admiti\u00f3 que la votaci\u00f3n a favor del llamado \u00abBrexit\u00bb es un \u00abviento en contra\u00bb para el crecimiento de la eurozona, pero llam\u00f3 a tomar con cautela las estimaciones que circulan sobre las consecuencias econ\u00f3micas de la separaci\u00f3n de los brit\u00e1nicos.<\/p>\n<p>\u00abEs demasiado prematuro pronosticar cu\u00e1l ser\u00e1 el impacto final. Lo \u00fanico que podemos decir es que hay un riesgo a la baja\u00bb.<\/p>\n<p>Al mismo tiempo, Draghi calific\u00f3 de \u00abalentadora\u00bb la resiliencia mostrada por los mercados financieros de la zona tras el refer\u00e9ndum del 23 de junio, que atribuy\u00f3 en parte a \u00abse\u00f1ales firmes\u00bb de los bancos centrales.<\/p>\n<p>Los economistas esperan que el banco emisor relaje a\u00fan m\u00e1s su pol\u00edtica monetaria en la pr\u00f3xima sesi\u00f3n del 8 de septiembre. Draghi indic\u00f3 que para entonces tendr\u00e1 a disposici\u00f3n los pron\u00f3sticos de inflaci\u00f3n y coyuntura para la zona de 19 pa\u00edses.<\/p>\n<p>El presidente del BCE constat\u00f3 que el crecimiento econ\u00f3mico del espacio monetario se sigue sustentando sobre la demanda dom\u00e9stica y que la recuperaci\u00f3n econ\u00f3mica transcurre a un ritmo moderado.<\/p>\n<p>\u00abEl mensaje que emana de la eurozona es que la recuperaci\u00f3n est\u00e1 en marcha a un ritmo m\u00e1s lento en medio de grandes incertidumbres que llegan desde varias partes del planeta\u00bb, dijo Draghi.<\/p>\n<p>En cuanto a la inflaci\u00f3n, el BCE espera que comience a trepar a finales de 2016 y que contin\u00fae aumentando en 2017 y 2018. El \u00edndice de los precios al consumidor se situ\u00f3 en junio en el 0,1 por ciento, muy lejos a\u00fan del objetivo cercano pero inferior al 2,0 por ciento.<\/p>\n<p>El BCE extrem\u00f3 las medidas en marzo pasado para combatir la miniinflaci\u00f3n, reduciendo por primera vez a cero por ciento las tasas y poniendo en marcha un programa de compra de deuda soberana por 80.000 millones de euros (88.000 millones de d\u00f3lares) al mes.<\/p>\n<p>Desde junio comenz\u00f3 tambi\u00e9n a adquirir t\u00edtulos de empresas y ya acumula deuda corporativa por 10.400 millones de euros.<\/p>\n<p>El programa se extender\u00e1 hasta marzo de 2017 pero podr\u00eda continuar en caso de necesidad, explic\u00f3 Draghi, y anticip\u00f3 que los intereses se mantendr\u00e1n extremadamente bajos por largo tiempo y m\u00e1s all\u00e1 del programa de compra de deuda.<\/p>\n<p>Estas inyecciones masivas de dinero est\u00e1n destinadas a incentivar los pr\u00e9stamos de bancos a empresas y familias e impulsar la econom\u00eda real.<\/p>\n<p>En otro orden, Draghi respald\u00f3 que los pa\u00edses tomen medidas para apuntalar a sus bancos al ser preguntado sobre la situaci\u00f3n de la banca de Italia y Portugal. \u00abNo lo consideramos un riesgo sino una cuesti\u00f3n que hay que afrontar\u00bb, coment\u00f3.<\/p>\n<p>Respecto a la multa que ser\u00e1 impuesta a Espa\u00f1a por incumplir los objetivos de d\u00e9ficit, el directivo bancario se limit\u00f3 a responder que \u00abla decisi\u00f3n de sancionar a Espa\u00f1a o a otros pa\u00edses est\u00e1 enteramente en manos de la Comisi\u00f3n Europea\u00bb.<\/p>\n<p><span class=\" readonly\" title=\"\"><em>Por J\u00f6rn Bender y Mar\u00eda Laura Ar\u00e1oz <\/em><\/span><\/p>\n","protected":false},"excerpt":{"rendered":"<p>Fr\u00e1ncfort, 21 jul (dpa) &#8211; El Banco Central Europeo (BCE) lanz\u00f3 hoy un mensaje tranquilizador a la zona euro al anunciar que est\u00e1 dispuesto a ampliar sus medidas anticrisis para contrarrestar los posibles efectos negativos de la salida del Reino Unido de la Uni\u00f3n Europea. \u00abEl Banco Central Europeo va a actuar usando todos los<\/p>\n","protected":false},"author":1,"featured_media":16457,"comment_status":"closed","ping_status":"closed","sticky":false,"template":"","format":"standard","meta":{"footnotes":""},"categories":[343],"tags":[],"class_list":{"0":"post-32461","1":"post","2":"type-post","3":"status-publish","4":"format-standard","5":"has-post-thumbnail","7":"category-actualidad"},"aioseo_notices":[],"aioseo_head":"\n\t\t<!-- All in One SEO Pro 4.9.6.2 - aioseo.com -->\n\t<meta name=\"description\" content=\"Fr\u00e1ncfort, 21 jul (dpa) - El Banco Central Europeo (BCE) lanz\u00f3 hoy un mensaje tranquilizador a la zona euro al anunciar que est\u00e1 dispuesto a ampliar sus medidas anticrisis para contrarrestar los posibles efectos negativos de la salida del Reino Unido de la Uni\u00f3n Europea. &quot;El Banco Central Europeo va a actuar usando todos los\" \/>\n\t<meta name=\"robots\" content=\"max-image-preview:large\" \/>\n\t<meta name=\"author\" content=\"Cand\u00e1s 365\"\/>\n\t<meta name=\"google-site-verification\" content=\"UA-32230408-1\" \/>\n\t<meta name=\"msvalidate.01\" content=\"354F3CDFB2DA171B47FBE9ABF1F88D5\" \/>\n\t<meta name=\"keywords\" content=\"actualidad\" \/>\n\t<link rel=\"canonical\" href=\"https:\/\/candas365.es\/noticias\/el-bce-dispuesto-a-actuar-contra-posibles-efectos-del-brexit\/\" \/>\n\t<meta name=\"generator\" content=\"All in One SEO Pro (AIOSEO) 4.9.6.2\" \/>\n\t\t<meta property=\"og:locale\" content=\"es_ES\" \/>\n\t\t<meta property=\"og:site_name\" content=\"Cand\u00e1s 365\" \/>\n\t\t<meta property=\"og:type\" content=\"article\" \/>\n\t\t<meta property=\"og:title\" content=\"El BCE, dispuesto a actuar contra posibles efectos del \u00abBrexit\u00bb | Cand\u00e1s 365\" \/>\n\t\t<meta property=\"og:description\" content=\"Fr\u00e1ncfort, 21 jul (dpa) - El Banco Central Europeo (BCE) lanz\u00f3 hoy un mensaje tranquilizador a la zona euro al anunciar que est\u00e1 dispuesto a ampliar sus medidas anticrisis para contrarrestar los posibles efectos negativos de la salida del Reino Unido de la Uni\u00f3n Europea. &quot;El Banco Central Europeo va a actuar usando todos los\" \/>\n\t\t<meta property=\"og:url\" content=\"https:\/\/candas365.es\/noticias\/el-bce-dispuesto-a-actuar-contra-posibles-efectos-del-brexit\/\" \/>\n\t\t<meta property=\"og:image\" content=\"https:\/\/candas365.es\/noticias\/wp-content\/uploads\/2015\/09\/c365noticias.jpg\" \/>\n\t\t<meta property=\"og:image:secure_url\" content=\"https:\/\/candas365.es\/noticias\/wp-content\/uploads\/2015\/09\/c365noticias.jpg\" \/>\n\t\t<meta property=\"og:image:width\" content=\"655\" \/>\n\t\t<meta property=\"og:image:height\" content=\"360\" \/>\n\t\t<meta property=\"article:published_time\" content=\"2016-07-22T13:57:37+00:00\" \/>\n\t\t<meta property=\"article:modified_time\" content=\"2016-07-22T13:57:37+00:00\" \/>\n\t\t<meta property=\"article:publisher\" content=\"https:\/\/www.facebook.com\/Nachofdezber\" \/>\n\t\t<meta property=\"article:author\" content=\"https:\/\/www.facebook.com\/carrenoactualidad\" \/>\n\t\t<meta name=\"twitter:card\" content=\"summary_large_image\" \/>\n\t\t<meta name=\"twitter:site\" content=\"@NabercoDigital\" \/>\n\t\t<meta name=\"twitter:title\" content=\"El BCE, dispuesto a actuar contra posibles efectos del \u00abBrexit\u00bb | Cand\u00e1s 365\" \/>\n\t\t<meta name=\"twitter:description\" content=\"Fr\u00e1ncfort, 21 jul (dpa) - El Banco Central Europeo (BCE) lanz\u00f3 hoy un mensaje tranquilizador a la zona euro al anunciar que est\u00e1 dispuesto a ampliar sus medidas anticrisis para contrarrestar los posibles efectos negativos de la salida del Reino Unido de la Uni\u00f3n Europea. &quot;El Banco Central Europeo va a actuar usando todos los\" \/>\n\t\t<meta name=\"twitter:creator\" content=\"@nbasturias\" \/>\n\t\t<meta name=\"twitter:image\" content=\"https:\/\/candas365.es\/noticias\/wp-content\/uploads\/2015\/09\/c365noticias.jpg\" \/>\n\t\t<meta name=\"twitter:label1\" content=\"Escrito por\" \/>\n\t\t<meta name=\"twitter:data1\" content=\"Cand\u00e1s 365\" \/>\n\t\t<meta name=\"twitter:label2\" content=\"Tiempo de lectura estimado\" \/>\n\t\t<meta name=\"twitter:data2\" content=\"3 minutos\" \/>\n\t\t<script type=\"application\/ld+json\" class=\"aioseo-schema\">\n\t\t\t{\"@context\":\"https:\\\/\\\/schema.org\",\"@graph\":[{\"@type\":\"BreadcrumbList\",\"@id\":\"https:\\\/\\\/candas365.es\\\/noticias\\\/el-bce-dispuesto-a-actuar-contra-posibles-efectos-del-brexit\\\/#breadcrumblist\",\"itemListElement\":[{\"@type\":\"ListItem\",\"@id\":\"https:\\\/\\\/candas365.es\\\/noticias#listItem\",\"position\":1,\"name\":\"Home\",\"item\":\"https:\\\/\\\/candas365.es\\\/noticias\",\"nextItem\":{\"@type\":\"ListItem\",\"@id\":\"https:\\\/\\\/candas365.es\\\/noticias\\\/category\\\/actualidad\\\/#listItem\",\"name\":\"Actualidad\"}},{\"@type\":\"ListItem\",\"@id\":\"https:\\\/\\\/candas365.es\\\/noticias\\\/category\\\/actualidad\\\/#listItem\",\"position\":2,\"name\":\"Actualidad\",\"item\":\"https:\\\/\\\/candas365.es\\\/noticias\\\/category\\\/actualidad\\\/\",\"nextItem\":{\"@type\":\"ListItem\",\"@id\":\"https:\\\/\\\/candas365.es\\\/noticias\\\/el-bce-dispuesto-a-actuar-contra-posibles-efectos-del-brexit\\\/#listItem\",\"name\":\"El BCE, dispuesto a actuar contra posibles efectos del \\u00abBrexit\\u00bb\"},\"previousItem\":{\"@type\":\"ListItem\",\"@id\":\"https:\\\/\\\/candas365.es\\\/noticias#listItem\",\"name\":\"Home\"}},{\"@type\":\"ListItem\",\"@id\":\"https:\\\/\\\/candas365.es\\\/noticias\\\/el-bce-dispuesto-a-actuar-contra-posibles-efectos-del-brexit\\\/#listItem\",\"position\":3,\"name\":\"El BCE, dispuesto a actuar contra posibles efectos del \\u00abBrexit\\u00bb\",\"previousItem\":{\"@type\":\"ListItem\",\"@id\":\"https:\\\/\\\/candas365.es\\\/noticias\\\/category\\\/actualidad\\\/#listItem\",\"name\":\"Actualidad\"}}]},{\"@type\":\"NewsArticle\",\"@id\":\"https:\\\/\\\/candas365.es\\\/noticias\\\/el-bce-dispuesto-a-actuar-contra-posibles-efectos-del-brexit\\\/#newsarticle\",\"name\":\"El BCE, dispuesto a actuar contra posibles efectos del \\u00abBrexit\\u00bb | Cand\\u00e1s 365\",\"headline\":\"El BCE, dispuesto a actuar contra posibles efectos del \\u00abBrexit\\u00bb\",\"author\":{\"@id\":\"https:\\\/\\\/candas365.es\\\/noticias\\\/author\\\/admin\\\/#author\"},\"publisher\":{\"@id\":\"https:\\\/\\\/candas365.es\\\/noticias\\\/#organization\"},\"image\":{\"@type\":\"ImageObject\",\"url\":\"https:\\\/\\\/candas365.es\\\/noticias\\\/wp-content\\\/uploads\\\/2015\\\/09\\\/c365noticias.jpg\",\"width\":655,\"height\":360},\"datePublished\":\"2016-07-22T15:27:37+02:00\",\"dateModified\":\"2016-07-22T15:27:37+02:00\",\"inLanguage\":\"es-ES\",\"mainEntityOfPage\":{\"@id\":\"https:\\\/\\\/candas365.es\\\/noticias\\\/el-bce-dispuesto-a-actuar-contra-posibles-efectos-del-brexit\\\/#webpage\"},\"isPartOf\":{\"@id\":\"https:\\\/\\\/candas365.es\\\/noticias\\\/el-bce-dispuesto-a-actuar-contra-posibles-efectos-del-brexit\\\/#webpage\"},\"articleSection\":\"Actualidad\",\"dateline\":\"Publicado el julio 22, 2016.\"},{\"@type\":\"Organization\",\"@id\":\"https:\\\/\\\/candas365.es\\\/noticias\\\/#organization\",\"name\":\"Cand\\u00e1s 365\",\"description\":\"Cand\\u00e1s 365 es un diario digital independiente, fundado en 2012, con base en Asturias. Informamos con rigor sobre actualidad, sociedad, cultura y ocio, con una mirada local y global.\",\"url\":\"https:\\\/\\\/candas365.es\\\/noticias\\\/\",\"email\":\"info@candas365.es\",\"telephone\":\"+34652131393\",\"foundingDate\":\"2012-06-10\",\"logo\":{\"@type\":\"ImageObject\",\"url\":\"https:\\\/\\\/candas365.es\\\/noticias\\\/wp-content\\\/uploads\\\/2024\\\/09\\\/Candas-365-Redes.jpg\",\"@id\":\"https:\\\/\\\/candas365.es\\\/noticias\\\/el-bce-dispuesto-a-actuar-contra-posibles-efectos-del-brexit\\\/#organizationLogo\",\"width\":1152,\"height\":864,\"caption\":\"Cand\\u00e1s 365 Redes\"},\"image\":{\"@id\":\"https:\\\/\\\/candas365.es\\\/noticias\\\/el-bce-dispuesto-a-actuar-contra-posibles-efectos-del-brexit\\\/#organizationLogo\"},\"sameAs\":[\"https:\\\/\\\/www.facebook.com\\\/Nachofdezber\",\"https:\\\/\\\/x.com\\\/NabercoDigital\",\"https:\\\/\\\/www.instagram.com\\\/nachofdezber\\\/\",\"https:\\\/\\\/www.youtube.com\\\/channel\\\/UCZP-2wLEB9Rv6erhFmqVnvg\"],\"address\":{\"@id\":\"https:\\\/\\\/candas365.es\\\/noticias\\\/#postaladdress\",\"@type\":\"PostalAddress\",\"streetAddress\":\"san antonio 4, san antonio 4\",\"postalCode\":\"33430\",\"addressLocality\":\"Cand\\u00e1s\",\"addressRegion\":\"Asturias\",\"addressCountry\":\"ES\"}},{\"@type\":\"Person\",\"@id\":\"https:\\\/\\\/candas365.es\\\/noticias\\\/author\\\/admin\\\/#author\",\"url\":\"https:\\\/\\\/candas365.es\\\/noticias\\\/author\\\/admin\\\/\",\"name\":\"Cand\\u00e1s 365\",\"image\":{\"@type\":\"ImageObject\",\"@id\":\"https:\\\/\\\/candas365.es\\\/noticias\\\/el-bce-dispuesto-a-actuar-contra-posibles-efectos-del-brexit\\\/#authorImage\",\"url\":\"https:\\\/\\\/secure.gravatar.com\\\/avatar\\\/496a8e03d0c493ede1718b7934145dbdf8d89be1036b0eec9544e1094c9de390?s=96&d=mm&r=g\",\"width\":96,\"height\":96,\"caption\":\"Cand\\u00e1s 365\"},\"sameAs\":[\"https:\\\/\\\/www.facebook.com\\\/carrenoactualidad\",\"https:\\\/\\\/twitter.com\\\/nbasturias\",\"https:\\\/\\\/www.instagram.com\\\/nachofdezber\\\/\",\"https:\\\/\\\/www.youtube.com\\\/channel\\\/UCZP-2wLEB9Rv6erhFmqVnvg\"]},{\"@type\":\"WebPage\",\"@id\":\"https:\\\/\\\/candas365.es\\\/noticias\\\/el-bce-dispuesto-a-actuar-contra-posibles-efectos-del-brexit\\\/#webpage\",\"url\":\"https:\\\/\\\/candas365.es\\\/noticias\\\/el-bce-dispuesto-a-actuar-contra-posibles-efectos-del-brexit\\\/\",\"name\":\"El BCE, dispuesto a actuar contra posibles efectos del \\u00abBrexit\\u00bb | Cand\\u00e1s 365\",\"description\":\"Fr\\u00e1ncfort, 21 jul (dpa) - El Banco Central Europeo (BCE) lanz\\u00f3 hoy un mensaje tranquilizador a la zona euro al anunciar que est\\u00e1 dispuesto a ampliar sus medidas anticrisis para contrarrestar los posibles efectos negativos de la salida del Reino Unido de la Uni\\u00f3n Europea. \\\"El Banco Central Europeo va a actuar usando todos los\",\"inLanguage\":\"es-ES\",\"isPartOf\":{\"@id\":\"https:\\\/\\\/candas365.es\\\/noticias\\\/#website\"},\"breadcrumb\":{\"@id\":\"https:\\\/\\\/candas365.es\\\/noticias\\\/el-bce-dispuesto-a-actuar-contra-posibles-efectos-del-brexit\\\/#breadcrumblist\"},\"author\":{\"@id\":\"https:\\\/\\\/candas365.es\\\/noticias\\\/author\\\/admin\\\/#author\"},\"creator\":{\"@id\":\"https:\\\/\\\/candas365.es\\\/noticias\\\/author\\\/admin\\\/#author\"},\"image\":{\"@type\":\"ImageObject\",\"url\":\"https:\\\/\\\/candas365.es\\\/noticias\\\/wp-content\\\/uploads\\\/2015\\\/09\\\/c365noticias.jpg\",\"@id\":\"https:\\\/\\\/candas365.es\\\/noticias\\\/el-bce-dispuesto-a-actuar-contra-posibles-efectos-del-brexit\\\/#mainImage\",\"width\":655,\"height\":360},\"primaryImageOfPage\":{\"@id\":\"https:\\\/\\\/candas365.es\\\/noticias\\\/el-bce-dispuesto-a-actuar-contra-posibles-efectos-del-brexit\\\/#mainImage\"},\"datePublished\":\"2016-07-22T15:27:37+02:00\",\"dateModified\":\"2016-07-22T15:27:37+02:00\"},{\"@type\":\"WebSite\",\"@id\":\"https:\\\/\\\/candas365.es\\\/noticias\\\/#website\",\"url\":\"https:\\\/\\\/candas365.es\\\/noticias\\\/\",\"name\":\"Cand\\u00e1s 365\",\"alternateName\":\"Cand\\u00e1s 365 Noticias\",\"description\":\"Actualidad desde Carre\\u00f1o para el mundo\",\"inLanguage\":\"es-ES\",\"publisher\":{\"@id\":\"https:\\\/\\\/candas365.es\\\/noticias\\\/#organization\"}}]}\n\t\t<\/script>\n\t\t<!-- All in One SEO Pro -->\r\n\t\t<title>El BCE, dispuesto a actuar contra posibles efectos del \u00abBrexit\u00bb | Cand\u00e1s 365<\/title>\n\n","aioseo_head_json":{"title":"El BCE, dispuesto a actuar contra posibles efectos del \u00abBrexit\u00bb | Cand\u00e1s 365","description":"Fr\u00e1ncfort, 21 jul (dpa) - El Banco Central Europeo (BCE) lanz\u00f3 hoy un mensaje tranquilizador a la zona euro al anunciar que est\u00e1 dispuesto a ampliar sus medidas anticrisis para contrarrestar los posibles efectos negativos de la salida del Reino Unido de la Uni\u00f3n Europea. \"El Banco Central Europeo va a actuar usando todos los","canonical_url":"https:\/\/candas365.es\/noticias\/el-bce-dispuesto-a-actuar-contra-posibles-efectos-del-brexit\/","robots":"max-image-preview:large","keywords":"actualidad","webmasterTools":{"google-site-verification":"UA-32230408-1","msvalidate.01":"354F3CDFB2DA171B47FBE9ABF1F88D5","miscellaneous":""},"schema":{"@context":"https:\/\/schema.org","@graph":[{"@type":"BreadcrumbList","@id":"https:\/\/candas365.es\/noticias\/el-bce-dispuesto-a-actuar-contra-posibles-efectos-del-brexit\/#breadcrumblist","itemListElement":[{"@type":"ListItem","@id":"https:\/\/candas365.es\/noticias#listItem","position":1,"name":"Home","item":"https:\/\/candas365.es\/noticias","nextItem":{"@type":"ListItem","@id":"https:\/\/candas365.es\/noticias\/category\/actualidad\/#listItem","name":"Actualidad"}},{"@type":"ListItem","@id":"https:\/\/candas365.es\/noticias\/category\/actualidad\/#listItem","position":2,"name":"Actualidad","item":"https:\/\/candas365.es\/noticias\/category\/actualidad\/","nextItem":{"@type":"ListItem","@id":"https:\/\/candas365.es\/noticias\/el-bce-dispuesto-a-actuar-contra-posibles-efectos-del-brexit\/#listItem","name":"El BCE, dispuesto a actuar contra posibles efectos del \u00abBrexit\u00bb"},"previousItem":{"@type":"ListItem","@id":"https:\/\/candas365.es\/noticias#listItem","name":"Home"}},{"@type":"ListItem","@id":"https:\/\/candas365.es\/noticias\/el-bce-dispuesto-a-actuar-contra-posibles-efectos-del-brexit\/#listItem","position":3,"name":"El BCE, dispuesto a actuar contra posibles efectos del \u00abBrexit\u00bb","previousItem":{"@type":"ListItem","@id":"https:\/\/candas365.es\/noticias\/category\/actualidad\/#listItem","name":"Actualidad"}}]},{"@type":"NewsArticle","@id":"https:\/\/candas365.es\/noticias\/el-bce-dispuesto-a-actuar-contra-posibles-efectos-del-brexit\/#newsarticle","name":"El BCE, dispuesto a actuar contra posibles efectos del \u00abBrexit\u00bb | Cand\u00e1s 365","headline":"El BCE, dispuesto a actuar contra posibles efectos del \u00abBrexit\u00bb","author":{"@id":"https:\/\/candas365.es\/noticias\/author\/admin\/#author"},"publisher":{"@id":"https:\/\/candas365.es\/noticias\/#organization"},"image":{"@type":"ImageObject","url":"https:\/\/candas365.es\/noticias\/wp-content\/uploads\/2015\/09\/c365noticias.jpg","width":655,"height":360},"datePublished":"2016-07-22T15:27:37+02:00","dateModified":"2016-07-22T15:27:37+02:00","inLanguage":"es-ES","mainEntityOfPage":{"@id":"https:\/\/candas365.es\/noticias\/el-bce-dispuesto-a-actuar-contra-posibles-efectos-del-brexit\/#webpage"},"isPartOf":{"@id":"https:\/\/candas365.es\/noticias\/el-bce-dispuesto-a-actuar-contra-posibles-efectos-del-brexit\/#webpage"},"articleSection":"Actualidad","dateline":"Publicado el julio 22, 2016."},{"@type":"Organization","@id":"https:\/\/candas365.es\/noticias\/#organization","name":"Cand\u00e1s 365","description":"Cand\u00e1s 365 es un diario digital independiente, fundado en 2012, con base en Asturias. Informamos con rigor sobre actualidad, sociedad, cultura y ocio, con una mirada local y global.","url":"https:\/\/candas365.es\/noticias\/","email":"info@candas365.es","telephone":"+34652131393","foundingDate":"2012-06-10","logo":{"@type":"ImageObject","url":"https:\/\/candas365.es\/noticias\/wp-content\/uploads\/2024\/09\/Candas-365-Redes.jpg","@id":"https:\/\/candas365.es\/noticias\/el-bce-dispuesto-a-actuar-contra-posibles-efectos-del-brexit\/#organizationLogo","width":1152,"height":864,"caption":"Cand\u00e1s 365 Redes"},"image":{"@id":"https:\/\/candas365.es\/noticias\/el-bce-dispuesto-a-actuar-contra-posibles-efectos-del-brexit\/#organizationLogo"},"sameAs":["https:\/\/www.facebook.com\/Nachofdezber","https:\/\/x.com\/NabercoDigital","https:\/\/www.instagram.com\/nachofdezber\/","https:\/\/www.youtube.com\/channel\/UCZP-2wLEB9Rv6erhFmqVnvg"],"address":{"@id":"https:\/\/candas365.es\/noticias\/#postaladdress","@type":"PostalAddress","streetAddress":"san antonio 4, san antonio 4","postalCode":"33430","addressLocality":"Cand\u00e1s","addressRegion":"Asturias","addressCountry":"ES"}},{"@type":"Person","@id":"https:\/\/candas365.es\/noticias\/author\/admin\/#author","url":"https:\/\/candas365.es\/noticias\/author\/admin\/","name":"Cand\u00e1s 365","image":{"@type":"ImageObject","@id":"https:\/\/candas365.es\/noticias\/el-bce-dispuesto-a-actuar-contra-posibles-efectos-del-brexit\/#authorImage","url":"https:\/\/secure.gravatar.com\/avatar\/496a8e03d0c493ede1718b7934145dbdf8d89be1036b0eec9544e1094c9de390?s=96&d=mm&r=g","width":96,"height":96,"caption":"Cand\u00e1s 365"},"sameAs":["https:\/\/www.facebook.com\/carrenoactualidad","https:\/\/twitter.com\/nbasturias","https:\/\/www.instagram.com\/nachofdezber\/","https:\/\/www.youtube.com\/channel\/UCZP-2wLEB9Rv6erhFmqVnvg"]},{"@type":"WebPage","@id":"https:\/\/candas365.es\/noticias\/el-bce-dispuesto-a-actuar-contra-posibles-efectos-del-brexit\/#webpage","url":"https:\/\/candas365.es\/noticias\/el-bce-dispuesto-a-actuar-contra-posibles-efectos-del-brexit\/","name":"El BCE, dispuesto a actuar contra posibles efectos del \u00abBrexit\u00bb | Cand\u00e1s 365","description":"Fr\u00e1ncfort, 21 jul (dpa) - El Banco Central Europeo (BCE) lanz\u00f3 hoy un mensaje tranquilizador a la zona euro al anunciar que est\u00e1 dispuesto a ampliar sus medidas anticrisis para contrarrestar los posibles efectos negativos de la salida del Reino Unido de la Uni\u00f3n Europea. \"El Banco Central Europeo va a actuar usando todos los","inLanguage":"es-ES","isPartOf":{"@id":"https:\/\/candas365.es\/noticias\/#website"},"breadcrumb":{"@id":"https:\/\/candas365.es\/noticias\/el-bce-dispuesto-a-actuar-contra-posibles-efectos-del-brexit\/#breadcrumblist"},"author":{"@id":"https:\/\/candas365.es\/noticias\/author\/admin\/#author"},"creator":{"@id":"https:\/\/candas365.es\/noticias\/author\/admin\/#author"},"image":{"@type":"ImageObject","url":"https:\/\/candas365.es\/noticias\/wp-content\/uploads\/2015\/09\/c365noticias.jpg","@id":"https:\/\/candas365.es\/noticias\/el-bce-dispuesto-a-actuar-contra-posibles-efectos-del-brexit\/#mainImage","width":655,"height":360},"primaryImageOfPage":{"@id":"https:\/\/candas365.es\/noticias\/el-bce-dispuesto-a-actuar-contra-posibles-efectos-del-brexit\/#mainImage"},"datePublished":"2016-07-22T15:27:37+02:00","dateModified":"2016-07-22T15:27:37+02:00"},{"@type":"WebSite","@id":"https:\/\/candas365.es\/noticias\/#website","url":"https:\/\/candas365.es\/noticias\/","name":"Cand\u00e1s 365","alternateName":"Cand\u00e1s 365 Noticias","description":"Actualidad desde Carre\u00f1o para el mundo","inLanguage":"es-ES","publisher":{"@id":"https:\/\/candas365.es\/noticias\/#organization"}}]},"og:locale":"es_ES","og:site_name":"Cand\u00e1s 365","og:type":"article","og:title":"El BCE, dispuesto a actuar contra posibles efectos del \u00abBrexit\u00bb | Cand\u00e1s 365","og:description":"Fr\u00e1ncfort, 21 jul (dpa) - El Banco Central Europeo (BCE) lanz\u00f3 hoy un mensaje tranquilizador a la zona euro al anunciar que est\u00e1 dispuesto a ampliar sus medidas anticrisis para contrarrestar los posibles efectos negativos de la salida del Reino Unido de la Uni\u00f3n Europea. &quot;El Banco Central Europeo va a actuar usando todos los","og:url":"https:\/\/candas365.es\/noticias\/el-bce-dispuesto-a-actuar-contra-posibles-efectos-del-brexit\/","og:image":"https:\/\/candas365.es\/noticias\/wp-content\/uploads\/2015\/09\/c365noticias.jpg","og:image:secure_url":"https:\/\/candas365.es\/noticias\/wp-content\/uploads\/2015\/09\/c365noticias.jpg","og:image:width":655,"og:image:height":360,"article:published_time":"2016-07-22T13:57:37+00:00","article:modified_time":"2016-07-22T13:57:37+00:00","article:publisher":"https:\/\/www.facebook.com\/Nachofdezber","article:author":"https:\/\/www.facebook.com\/carrenoactualidad","twitter:card":"summary_large_image","twitter:site":"@NabercoDigital","twitter:title":"El BCE, dispuesto a actuar contra posibles efectos del \u00abBrexit\u00bb | Cand\u00e1s 365","twitter:description":"Fr\u00e1ncfort, 21 jul (dpa) - El Banco Central Europeo (BCE) lanz\u00f3 hoy un mensaje tranquilizador a la zona euro al anunciar que est\u00e1 dispuesto a ampliar sus medidas anticrisis para contrarrestar los posibles efectos negativos de la salida del Reino Unido de la Uni\u00f3n Europea. &quot;El Banco Central Europeo va a actuar usando todos los","twitter:creator":"@nbasturias","twitter:image":"https:\/\/candas365.es\/noticias\/wp-content\/uploads\/2015\/09\/c365noticias.jpg","twitter:label1":"Escrito por","twitter:data1":"Cand\u00e1s 365","twitter:label2":"Tiempo de lectura estimado","twitter:data2":"3 minutos"},"aioseo_meta_data":{"post_id":"32461","title":null,"description":null,"keywords":null,"keyphrases":null,"primary_term":null,"canonical_url":null,"og_title":null,"og_description":null,"og_object_type":"default","og_image_type":"default","og_image_url":null,"og_image_width":null,"og_image_height":null,"og_image_custom_url":null,"og_image_custom_fields":null,"og_video":null,"og_custom_url":null,"og_article_section":null,"og_article_tags":null,"twitter_use_og":false,"twitter_card":"default","twitter_image_type":"default","twitter_image_url":null,"twitter_image_custom_url":null,"twitter_image_custom_fields":null,"twitter_title":null,"twitter_description":null,"schema":{"blockGraphs":[],"customGraphs":[],"default":{"data":{"Article":[],"Course":[],"Dataset":[],"FAQPage":[],"Movie":[],"Person":[],"Product":[],"ProductReview":[],"Car":[],"Recipe":[],"Service":[],"SoftwareApplication":[],"WebPage":[]},"graphName":"","isEnabled":true},"graphs":[]},"schema_type":null,"schema_type_options":null,"pillar_content":false,"robots_default":true,"robots_noindex":false,"robots_noarchive":false,"robots_nosnippet":false,"robots_nofollow":false,"robots_noimageindex":false,"robots_noodp":false,"robots_notranslate":false,"robots_max_snippet":null,"robots_max_videopreview":null,"robots_max_imagepreview":"large","priority":null,"frequency":null,"location":null,"local_seo":null,"seo_analyzer_scan_date":"2025-08-24 15:24:15","breadcrumb_settings":null,"limit_modified_date":false,"reviewed_by":null,"open_ai":null,"ai":null,"created":"2020-12-21 13:03:55","updated":"2025-08-24 15:24:15"},"aioseo_breadcrumb":"<div class=\"aioseo-breadcrumbs\"><span class=\"aioseo-breadcrumb\">\n\t<a href=\"https:\/\/candas365.es\/noticias\" title=\"Home\">Home<\/a>\n<\/span><span class=\"aioseo-breadcrumb-separator\">&ndash;<\/span><span class=\"aioseo-breadcrumb\">\n\t<a href=\"https:\/\/candas365.es\/noticias\/category\/actualidad\/\" title=\"Actualidad\">Actualidad<\/a>\n<\/span><span class=\"aioseo-breadcrumb-separator\">&ndash;<\/span><span class=\"aioseo-breadcrumb\">\n\tEl BCE, dispuesto a actuar contra posibles efectos del \u00abBrexit\u00bb\n<\/span><\/div>","aioseo_breadcrumb_json":[{"label":"Home","link":"https:\/\/candas365.es\/noticias"},{"label":"Actualidad","link":"https:\/\/candas365.es\/noticias\/category\/actualidad\/"},{"label":"El BCE, dispuesto a actuar contra posibles efectos del \u00abBrexit\u00bb","link":"https:\/\/candas365.es\/noticias\/el-bce-dispuesto-a-actuar-contra-posibles-efectos-del-brexit\/"}],"_links":{"self":[{"href":"https:\/\/candas365.es\/noticias\/wp-json\/wp\/v2\/posts\/32461","targetHints":{"allow":["GET"]}}],"collection":[{"href":"https:\/\/candas365.es\/noticias\/wp-json\/wp\/v2\/posts"}],"about":[{"href":"https:\/\/candas365.es\/noticias\/wp-json\/wp\/v2\/types\/post"}],"author":[{"embeddable":true,"href":"https:\/\/candas365.es\/noticias\/wp-json\/wp\/v2\/users\/1"}],"replies":[{"embeddable":true,"href":"https:\/\/candas365.es\/noticias\/wp-json\/wp\/v2\/comments?post=32461"}],"version-history":[{"count":0,"href":"https:\/\/candas365.es\/noticias\/wp-json\/wp\/v2\/posts\/32461\/revisions"}],"wp:featuredmedia":[{"embeddable":true,"href":"https:\/\/candas365.es\/noticias\/wp-json\/wp\/v2\/media\/16457"}],"wp:attachment":[{"href":"https:\/\/candas365.es\/noticias\/wp-json\/wp\/v2\/media?parent=32461"}],"wp:term":[{"taxonomy":"category","embeddable":true,"href":"https:\/\/candas365.es\/noticias\/wp-json\/wp\/v2\/categories?post=32461"},{"taxonomy":"post_tag","embeddable":true,"href":"https:\/\/candas365.es\/noticias\/wp-json\/wp\/v2\/tags?post=32461"}],"curies":[{"name":"wp","href":"https:\/\/api.w.org\/{rel}","templated":true}]}}