{"id":32459,"date":"2016-07-22T15:24:36","date_gmt":"2016-07-22T13:54:36","guid":{"rendered":"http:\/\/candas365.es\/noticias\/?p=32459"},"modified":"2016-07-22T15:24:36","modified_gmt":"2016-07-22T13:54:36","slug":"guardiola-admite-interes-del-manchester-city-por-leroy-sane","status":"publish","type":"post","link":"https:\/\/candas365.es\/noticias\/guardiola-admite-interes-del-manchester-city-por-leroy-sane\/","title":{"rendered":"Guardiola admite inter\u00e9s del Manchester City por Leroy San\u00e9"},"content":{"rendered":"<p><span class=\"dateline\">M\u00fanich, 21 jul <span class=\"credit\">(dpa)<\/span> &#8211; <\/span>El entrenador del Manchester City, el espa\u00f1ol Josep Guardiola, admiti\u00f3 ayer que su equipo ya inici\u00f3 conversaciones para contratar al delantero del Schalke Leroy San\u00e9, aunque todav\u00eda las negociaciones est\u00e1n lejos de concretarse.<\/p>\n<p>\u00abSan\u00e9 es todav\u00eda jugador del Schalke\u00bb, asegur\u00f3 Guardiola tras el amistoso que su equipo perdi\u00f3 1-0 ante el Bayern M\u00fanich. \u00abPor supuesto que hablamos con \u00e9l, y el Schalke sabe de nuestro inter\u00e9s\u00bb, a\u00f1adi\u00f3 el t\u00e9cnico espa\u00f1ol.<\/p>\n<p>Seg\u00fan el ex entrenador del Barcelona y el Bayern, \u00ablas negociaciones est\u00e1n muy lejos, pero eso es hoy\u00bb, con lo que dio a entender que no sabe lo que puede suceder la pr\u00f3xima semana.<\/p>\n<p>El Schalke, por su parte, ya hizo p\u00fablico que la intenci\u00f3n del codiciado internacional alem\u00e1n de 20 a\u00f1os es marcharse.<\/p>\n","protected":false},"excerpt":{"rendered":"<p>M\u00fanich, 21 jul (dpa) &#8211; El entrenador del Manchester City, el espa\u00f1ol Josep Guardiola, admiti\u00f3 ayer que su equipo ya inici\u00f3 conversaciones para contratar al delantero del Schalke Leroy San\u00e9, aunque todav\u00eda las negociaciones est\u00e1n lejos de concretarse. \u00abSan\u00e9 es todav\u00eda jugador del Schalke\u00bb, asegur\u00f3 Guardiola tras el amistoso que su equipo perdi\u00f3 1-0 ante<\/p>\n","protected":false},"author":1,"featured_media":16457,"comment_status":"closed","ping_status":"closed","sticky":false,"template":"","format":"standard","meta":{"footnotes":""},"categories":[343],"tags":[],"class_list":{"0":"post-32459","1":"post","2":"type-post","3":"status-publish","4":"format-standard","5":"has-post-thumbnail","7":"category-actualidad"},"aioseo_notices":[],"aioseo_head":"\n\t\t<!-- All in One SEO Pro 4.9.6.2 - aioseo.com -->\n\t<meta name=\"description\" content=\"M\u00fanich, 21 jul (dpa) - El entrenador del Manchester City, el espa\u00f1ol Josep Guardiola, admiti\u00f3 ayer que su equipo ya inici\u00f3 conversaciones para contratar al delantero del Schalke Leroy San\u00e9, aunque todav\u00eda las negociaciones est\u00e1n lejos de concretarse. &quot;San\u00e9 es todav\u00eda jugador del Schalke&quot;, asegur\u00f3 Guardiola tras el amistoso que su equipo perdi\u00f3 1-0 ante\" \/>\n\t<meta name=\"robots\" content=\"max-image-preview:large\" \/>\n\t<meta name=\"author\" content=\"Cand\u00e1s 365\"\/>\n\t<meta name=\"google-site-verification\" content=\"UA-32230408-1\" \/>\n\t<meta name=\"msvalidate.01\" content=\"354F3CDFB2DA171B47FBE9ABF1F88D5\" \/>\n\t<meta name=\"keywords\" content=\"actualidad\" \/>\n\t<link rel=\"canonical\" href=\"https:\/\/candas365.es\/noticias\/guardiola-admite-interes-del-manchester-city-por-leroy-sane\/\" \/>\n\t<meta name=\"generator\" content=\"All in One SEO Pro (AIOSEO) 4.9.6.2\" \/>\n\t\t<meta property=\"og:locale\" content=\"es_ES\" \/>\n\t\t<meta property=\"og:site_name\" content=\"Cand\u00e1s 365\" \/>\n\t\t<meta property=\"og:type\" content=\"article\" \/>\n\t\t<meta property=\"og:title\" content=\"Guardiola admite inter\u00e9s del Manchester City por Leroy San\u00e9 | Cand\u00e1s 365\" \/>\n\t\t<meta property=\"og:description\" content=\"M\u00fanich, 21 jul (dpa) - El entrenador del Manchester City, el espa\u00f1ol Josep Guardiola, admiti\u00f3 ayer que su equipo ya inici\u00f3 conversaciones para contratar al delantero del Schalke Leroy San\u00e9, aunque todav\u00eda las negociaciones est\u00e1n lejos de concretarse. &quot;San\u00e9 es todav\u00eda jugador del Schalke&quot;, asegur\u00f3 Guardiola tras el amistoso que su equipo perdi\u00f3 1-0 ante\" \/>\n\t\t<meta property=\"og:url\" content=\"https:\/\/candas365.es\/noticias\/guardiola-admite-interes-del-manchester-city-por-leroy-sane\/\" \/>\n\t\t<meta property=\"og:image\" content=\"https:\/\/candas365.es\/noticias\/wp-content\/uploads\/2015\/09\/c365noticias.jpg\" \/>\n\t\t<meta property=\"og:image:secure_url\" content=\"https:\/\/candas365.es\/noticias\/wp-content\/uploads\/2015\/09\/c365noticias.jpg\" \/>\n\t\t<meta property=\"og:image:width\" content=\"655\" \/>\n\t\t<meta property=\"og:image:height\" content=\"360\" \/>\n\t\t<meta property=\"article:published_time\" content=\"2016-07-22T13:54:36+00:00\" \/>\n\t\t<meta property=\"article:modified_time\" content=\"2016-07-22T13:54:36+00:00\" \/>\n\t\t<meta property=\"article:publisher\" content=\"https:\/\/www.facebook.com\/Nachofdezber\" \/>\n\t\t<meta property=\"article:author\" content=\"https:\/\/www.facebook.com\/carrenoactualidad\" \/>\n\t\t<meta name=\"twitter:card\" content=\"summary_large_image\" \/>\n\t\t<meta name=\"twitter:site\" content=\"@NabercoDigital\" \/>\n\t\t<meta name=\"twitter:title\" content=\"Guardiola admite inter\u00e9s del Manchester City por Leroy San\u00e9 | Cand\u00e1s 365\" \/>\n\t\t<meta name=\"twitter:description\" content=\"M\u00fanich, 21 jul (dpa) - El entrenador del Manchester City, el espa\u00f1ol Josep Guardiola, admiti\u00f3 ayer que su equipo ya inici\u00f3 conversaciones para contratar al delantero del Schalke Leroy San\u00e9, aunque todav\u00eda las negociaciones est\u00e1n lejos de concretarse. &quot;San\u00e9 es todav\u00eda jugador del Schalke&quot;, asegur\u00f3 Guardiola tras el amistoso que su equipo perdi\u00f3 1-0 ante\" \/>\n\t\t<meta name=\"twitter:creator\" content=\"@nbasturias\" \/>\n\t\t<meta name=\"twitter:image\" content=\"https:\/\/candas365.es\/noticias\/wp-content\/uploads\/2015\/09\/c365noticias.jpg\" \/>\n\t\t<meta name=\"twitter:label1\" content=\"Escrito por\" \/>\n\t\t<meta name=\"twitter:data1\" content=\"Cand\u00e1s 365\" \/>\n\t\t<meta name=\"twitter:label2\" content=\"Tiempo de lectura estimado\" \/>\n\t\t<meta name=\"twitter:data2\" content=\"1 minuto\" \/>\n\t\t<script type=\"application\/ld+json\" class=\"aioseo-schema\">\n\t\t\t{\"@context\":\"https:\\\/\\\/schema.org\",\"@graph\":[{\"@type\":\"BreadcrumbList\",\"@id\":\"https:\\\/\\\/candas365.es\\\/noticias\\\/guardiola-admite-interes-del-manchester-city-por-leroy-sane\\\/#breadcrumblist\",\"itemListElement\":[{\"@type\":\"ListItem\",\"@id\":\"https:\\\/\\\/candas365.es\\\/noticias#listItem\",\"position\":1,\"name\":\"Home\",\"item\":\"https:\\\/\\\/candas365.es\\\/noticias\",\"nextItem\":{\"@type\":\"ListItem\",\"@id\":\"https:\\\/\\\/candas365.es\\\/noticias\\\/category\\\/actualidad\\\/#listItem\",\"name\":\"Actualidad\"}},{\"@type\":\"ListItem\",\"@id\":\"https:\\\/\\\/candas365.es\\\/noticias\\\/category\\\/actualidad\\\/#listItem\",\"position\":2,\"name\":\"Actualidad\",\"item\":\"https:\\\/\\\/candas365.es\\\/noticias\\\/category\\\/actualidad\\\/\",\"nextItem\":{\"@type\":\"ListItem\",\"@id\":\"https:\\\/\\\/candas365.es\\\/noticias\\\/guardiola-admite-interes-del-manchester-city-por-leroy-sane\\\/#listItem\",\"name\":\"Guardiola admite inter\\u00e9s del Manchester City por Leroy San\\u00e9\"},\"previousItem\":{\"@type\":\"ListItem\",\"@id\":\"https:\\\/\\\/candas365.es\\\/noticias#listItem\",\"name\":\"Home\"}},{\"@type\":\"ListItem\",\"@id\":\"https:\\\/\\\/candas365.es\\\/noticias\\\/guardiola-admite-interes-del-manchester-city-por-leroy-sane\\\/#listItem\",\"position\":3,\"name\":\"Guardiola admite inter\\u00e9s del Manchester City por Leroy San\\u00e9\",\"previousItem\":{\"@type\":\"ListItem\",\"@id\":\"https:\\\/\\\/candas365.es\\\/noticias\\\/category\\\/actualidad\\\/#listItem\",\"name\":\"Actualidad\"}}]},{\"@type\":\"NewsArticle\",\"@id\":\"https:\\\/\\\/candas365.es\\\/noticias\\\/guardiola-admite-interes-del-manchester-city-por-leroy-sane\\\/#newsarticle\",\"name\":\"Guardiola admite inter\\u00e9s del Manchester City por Leroy San\\u00e9 | Cand\\u00e1s 365\",\"headline\":\"Guardiola admite inter\\u00e9s del Manchester City por Leroy San\\u00e9\",\"author\":{\"@id\":\"https:\\\/\\\/candas365.es\\\/noticias\\\/author\\\/admin\\\/#author\"},\"publisher\":{\"@id\":\"https:\\\/\\\/candas365.es\\\/noticias\\\/#organization\"},\"image\":{\"@type\":\"ImageObject\",\"url\":\"https:\\\/\\\/candas365.es\\\/noticias\\\/wp-content\\\/uploads\\\/2015\\\/09\\\/c365noticias.jpg\",\"width\":655,\"height\":360},\"datePublished\":\"2016-07-22T15:24:36+02:00\",\"dateModified\":\"2016-07-22T15:24:36+02:00\",\"inLanguage\":\"es-ES\",\"mainEntityOfPage\":{\"@id\":\"https:\\\/\\\/candas365.es\\\/noticias\\\/guardiola-admite-interes-del-manchester-city-por-leroy-sane\\\/#webpage\"},\"isPartOf\":{\"@id\":\"https:\\\/\\\/candas365.es\\\/noticias\\\/guardiola-admite-interes-del-manchester-city-por-leroy-sane\\\/#webpage\"},\"articleSection\":\"Actualidad\",\"dateline\":\"Publicado el julio 22, 2016.\"},{\"@type\":\"Organization\",\"@id\":\"https:\\\/\\\/candas365.es\\\/noticias\\\/#organization\",\"name\":\"Cand\\u00e1s 365\",\"description\":\"Cand\\u00e1s 365 es un diario digital independiente, fundado en 2012, con base en Asturias. Informamos con rigor sobre actualidad, sociedad, cultura y ocio, con una mirada local y global.\",\"url\":\"https:\\\/\\\/candas365.es\\\/noticias\\\/\",\"email\":\"info@candas365.es\",\"telephone\":\"+34652131393\",\"foundingDate\":\"2012-06-10\",\"logo\":{\"@type\":\"ImageObject\",\"url\":\"https:\\\/\\\/candas365.es\\\/noticias\\\/wp-content\\\/uploads\\\/2024\\\/09\\\/Candas-365-Redes.jpg\",\"@id\":\"https:\\\/\\\/candas365.es\\\/noticias\\\/guardiola-admite-interes-del-manchester-city-por-leroy-sane\\\/#organizationLogo\",\"width\":1152,\"height\":864,\"caption\":\"Cand\\u00e1s 365 Redes\"},\"image\":{\"@id\":\"https:\\\/\\\/candas365.es\\\/noticias\\\/guardiola-admite-interes-del-manchester-city-por-leroy-sane\\\/#organizationLogo\"},\"sameAs\":[\"https:\\\/\\\/www.facebook.com\\\/Nachofdezber\",\"https:\\\/\\\/x.com\\\/NabercoDigital\",\"https:\\\/\\\/www.instagram.com\\\/nachofdezber\\\/\",\"https:\\\/\\\/www.youtube.com\\\/channel\\\/UCZP-2wLEB9Rv6erhFmqVnvg\"],\"address\":{\"@id\":\"https:\\\/\\\/candas365.es\\\/noticias\\\/#postaladdress\",\"@type\":\"PostalAddress\",\"streetAddress\":\"san antonio 4, san antonio 4\",\"postalCode\":\"33430\",\"addressLocality\":\"Cand\\u00e1s\",\"addressRegion\":\"Asturias\",\"addressCountry\":\"ES\"}},{\"@type\":\"Person\",\"@id\":\"https:\\\/\\\/candas365.es\\\/noticias\\\/author\\\/admin\\\/#author\",\"url\":\"https:\\\/\\\/candas365.es\\\/noticias\\\/author\\\/admin\\\/\",\"name\":\"Cand\\u00e1s 365\",\"image\":{\"@type\":\"ImageObject\",\"@id\":\"https:\\\/\\\/candas365.es\\\/noticias\\\/guardiola-admite-interes-del-manchester-city-por-leroy-sane\\\/#authorImage\",\"url\":\"https:\\\/\\\/secure.gravatar.com\\\/avatar\\\/496a8e03d0c493ede1718b7934145dbdf8d89be1036b0eec9544e1094c9de390?s=96&d=mm&r=g\",\"width\":96,\"height\":96,\"caption\":\"Cand\\u00e1s 365\"},\"sameAs\":[\"https:\\\/\\\/www.facebook.com\\\/carrenoactualidad\",\"https:\\\/\\\/twitter.com\\\/nbasturias\",\"https:\\\/\\\/www.instagram.com\\\/nachofdezber\\\/\",\"https:\\\/\\\/www.youtube.com\\\/channel\\\/UCZP-2wLEB9Rv6erhFmqVnvg\"]},{\"@type\":\"WebPage\",\"@id\":\"https:\\\/\\\/candas365.es\\\/noticias\\\/guardiola-admite-interes-del-manchester-city-por-leroy-sane\\\/#webpage\",\"url\":\"https:\\\/\\\/candas365.es\\\/noticias\\\/guardiola-admite-interes-del-manchester-city-por-leroy-sane\\\/\",\"name\":\"Guardiola admite inter\\u00e9s del Manchester City por Leroy San\\u00e9 | Cand\\u00e1s 365\",\"description\":\"M\\u00fanich, 21 jul (dpa) - El entrenador del Manchester City, el espa\\u00f1ol Josep Guardiola, admiti\\u00f3 ayer que su equipo ya inici\\u00f3 conversaciones para contratar al delantero del Schalke Leroy San\\u00e9, aunque todav\\u00eda las negociaciones est\\u00e1n lejos de concretarse. \\\"San\\u00e9 es todav\\u00eda jugador del Schalke\\\", asegur\\u00f3 Guardiola tras el amistoso que su equipo perdi\\u00f3 1-0 ante\",\"inLanguage\":\"es-ES\",\"isPartOf\":{\"@id\":\"https:\\\/\\\/candas365.es\\\/noticias\\\/#website\"},\"breadcrumb\":{\"@id\":\"https:\\\/\\\/candas365.es\\\/noticias\\\/guardiola-admite-interes-del-manchester-city-por-leroy-sane\\\/#breadcrumblist\"},\"author\":{\"@id\":\"https:\\\/\\\/candas365.es\\\/noticias\\\/author\\\/admin\\\/#author\"},\"creator\":{\"@id\":\"https:\\\/\\\/candas365.es\\\/noticias\\\/author\\\/admin\\\/#author\"},\"image\":{\"@type\":\"ImageObject\",\"url\":\"https:\\\/\\\/candas365.es\\\/noticias\\\/wp-content\\\/uploads\\\/2015\\\/09\\\/c365noticias.jpg\",\"@id\":\"https:\\\/\\\/candas365.es\\\/noticias\\\/guardiola-admite-interes-del-manchester-city-por-leroy-sane\\\/#mainImage\",\"width\":655,\"height\":360},\"primaryImageOfPage\":{\"@id\":\"https:\\\/\\\/candas365.es\\\/noticias\\\/guardiola-admite-interes-del-manchester-city-por-leroy-sane\\\/#mainImage\"},\"datePublished\":\"2016-07-22T15:24:36+02:00\",\"dateModified\":\"2016-07-22T15:24:36+02:00\"},{\"@type\":\"WebSite\",\"@id\":\"https:\\\/\\\/candas365.es\\\/noticias\\\/#website\",\"url\":\"https:\\\/\\\/candas365.es\\\/noticias\\\/\",\"name\":\"Cand\\u00e1s 365\",\"alternateName\":\"Cand\\u00e1s 365 Noticias\",\"description\":\"Actualidad desde Carre\\u00f1o para el mundo\",\"inLanguage\":\"es-ES\",\"publisher\":{\"@id\":\"https:\\\/\\\/candas365.es\\\/noticias\\\/#organization\"}}]}\n\t\t<\/script>\n\t\t<!-- All in One SEO Pro -->\r\n\t\t<title>Guardiola admite inter\u00e9s del Manchester City por Leroy San\u00e9 | Cand\u00e1s 365<\/title>\n\n","aioseo_head_json":{"title":"Guardiola admite inter\u00e9s del Manchester City por Leroy San\u00e9 | Cand\u00e1s 365","description":"M\u00fanich, 21 jul (dpa) - El entrenador del Manchester City, el espa\u00f1ol Josep Guardiola, admiti\u00f3 ayer que su equipo ya inici\u00f3 conversaciones para contratar al delantero del Schalke Leroy San\u00e9, aunque todav\u00eda las negociaciones est\u00e1n lejos de concretarse. \"San\u00e9 es todav\u00eda jugador del Schalke\", asegur\u00f3 Guardiola tras el amistoso que su equipo perdi\u00f3 1-0 ante","canonical_url":"https:\/\/candas365.es\/noticias\/guardiola-admite-interes-del-manchester-city-por-leroy-sane\/","robots":"max-image-preview:large","keywords":"actualidad","webmasterTools":{"google-site-verification":"UA-32230408-1","msvalidate.01":"354F3CDFB2DA171B47FBE9ABF1F88D5","miscellaneous":""},"schema":{"@context":"https:\/\/schema.org","@graph":[{"@type":"BreadcrumbList","@id":"https:\/\/candas365.es\/noticias\/guardiola-admite-interes-del-manchester-city-por-leroy-sane\/#breadcrumblist","itemListElement":[{"@type":"ListItem","@id":"https:\/\/candas365.es\/noticias#listItem","position":1,"name":"Home","item":"https:\/\/candas365.es\/noticias","nextItem":{"@type":"ListItem","@id":"https:\/\/candas365.es\/noticias\/category\/actualidad\/#listItem","name":"Actualidad"}},{"@type":"ListItem","@id":"https:\/\/candas365.es\/noticias\/category\/actualidad\/#listItem","position":2,"name":"Actualidad","item":"https:\/\/candas365.es\/noticias\/category\/actualidad\/","nextItem":{"@type":"ListItem","@id":"https:\/\/candas365.es\/noticias\/guardiola-admite-interes-del-manchester-city-por-leroy-sane\/#listItem","name":"Guardiola admite inter\u00e9s del Manchester City por Leroy San\u00e9"},"previousItem":{"@type":"ListItem","@id":"https:\/\/candas365.es\/noticias#listItem","name":"Home"}},{"@type":"ListItem","@id":"https:\/\/candas365.es\/noticias\/guardiola-admite-interes-del-manchester-city-por-leroy-sane\/#listItem","position":3,"name":"Guardiola admite inter\u00e9s del Manchester City por Leroy San\u00e9","previousItem":{"@type":"ListItem","@id":"https:\/\/candas365.es\/noticias\/category\/actualidad\/#listItem","name":"Actualidad"}}]},{"@type":"NewsArticle","@id":"https:\/\/candas365.es\/noticias\/guardiola-admite-interes-del-manchester-city-por-leroy-sane\/#newsarticle","name":"Guardiola admite inter\u00e9s del Manchester City por Leroy San\u00e9 | Cand\u00e1s 365","headline":"Guardiola admite inter\u00e9s del Manchester City por Leroy San\u00e9","author":{"@id":"https:\/\/candas365.es\/noticias\/author\/admin\/#author"},"publisher":{"@id":"https:\/\/candas365.es\/noticias\/#organization"},"image":{"@type":"ImageObject","url":"https:\/\/candas365.es\/noticias\/wp-content\/uploads\/2015\/09\/c365noticias.jpg","width":655,"height":360},"datePublished":"2016-07-22T15:24:36+02:00","dateModified":"2016-07-22T15:24:36+02:00","inLanguage":"es-ES","mainEntityOfPage":{"@id":"https:\/\/candas365.es\/noticias\/guardiola-admite-interes-del-manchester-city-por-leroy-sane\/#webpage"},"isPartOf":{"@id":"https:\/\/candas365.es\/noticias\/guardiola-admite-interes-del-manchester-city-por-leroy-sane\/#webpage"},"articleSection":"Actualidad","dateline":"Publicado el julio 22, 2016."},{"@type":"Organization","@id":"https:\/\/candas365.es\/noticias\/#organization","name":"Cand\u00e1s 365","description":"Cand\u00e1s 365 es un diario digital independiente, fundado en 2012, con base en Asturias. Informamos con rigor sobre actualidad, sociedad, cultura y ocio, con una mirada local y global.","url":"https:\/\/candas365.es\/noticias\/","email":"info@candas365.es","telephone":"+34652131393","foundingDate":"2012-06-10","logo":{"@type":"ImageObject","url":"https:\/\/candas365.es\/noticias\/wp-content\/uploads\/2024\/09\/Candas-365-Redes.jpg","@id":"https:\/\/candas365.es\/noticias\/guardiola-admite-interes-del-manchester-city-por-leroy-sane\/#organizationLogo","width":1152,"height":864,"caption":"Cand\u00e1s 365 Redes"},"image":{"@id":"https:\/\/candas365.es\/noticias\/guardiola-admite-interes-del-manchester-city-por-leroy-sane\/#organizationLogo"},"sameAs":["https:\/\/www.facebook.com\/Nachofdezber","https:\/\/x.com\/NabercoDigital","https:\/\/www.instagram.com\/nachofdezber\/","https:\/\/www.youtube.com\/channel\/UCZP-2wLEB9Rv6erhFmqVnvg"],"address":{"@id":"https:\/\/candas365.es\/noticias\/#postaladdress","@type":"PostalAddress","streetAddress":"san antonio 4, san antonio 4","postalCode":"33430","addressLocality":"Cand\u00e1s","addressRegion":"Asturias","addressCountry":"ES"}},{"@type":"Person","@id":"https:\/\/candas365.es\/noticias\/author\/admin\/#author","url":"https:\/\/candas365.es\/noticias\/author\/admin\/","name":"Cand\u00e1s 365","image":{"@type":"ImageObject","@id":"https:\/\/candas365.es\/noticias\/guardiola-admite-interes-del-manchester-city-por-leroy-sane\/#authorImage","url":"https:\/\/secure.gravatar.com\/avatar\/496a8e03d0c493ede1718b7934145dbdf8d89be1036b0eec9544e1094c9de390?s=96&d=mm&r=g","width":96,"height":96,"caption":"Cand\u00e1s 365"},"sameAs":["https:\/\/www.facebook.com\/carrenoactualidad","https:\/\/twitter.com\/nbasturias","https:\/\/www.instagram.com\/nachofdezber\/","https:\/\/www.youtube.com\/channel\/UCZP-2wLEB9Rv6erhFmqVnvg"]},{"@type":"WebPage","@id":"https:\/\/candas365.es\/noticias\/guardiola-admite-interes-del-manchester-city-por-leroy-sane\/#webpage","url":"https:\/\/candas365.es\/noticias\/guardiola-admite-interes-del-manchester-city-por-leroy-sane\/","name":"Guardiola admite inter\u00e9s del Manchester City por Leroy San\u00e9 | Cand\u00e1s 365","description":"M\u00fanich, 21 jul (dpa) - El entrenador del Manchester City, el espa\u00f1ol Josep Guardiola, admiti\u00f3 ayer que su equipo ya inici\u00f3 conversaciones para contratar al delantero del Schalke Leroy San\u00e9, aunque todav\u00eda las negociaciones est\u00e1n lejos de concretarse. \"San\u00e9 es todav\u00eda jugador del Schalke\", asegur\u00f3 Guardiola tras el amistoso que su equipo perdi\u00f3 1-0 ante","inLanguage":"es-ES","isPartOf":{"@id":"https:\/\/candas365.es\/noticias\/#website"},"breadcrumb":{"@id":"https:\/\/candas365.es\/noticias\/guardiola-admite-interes-del-manchester-city-por-leroy-sane\/#breadcrumblist"},"author":{"@id":"https:\/\/candas365.es\/noticias\/author\/admin\/#author"},"creator":{"@id":"https:\/\/candas365.es\/noticias\/author\/admin\/#author"},"image":{"@type":"ImageObject","url":"https:\/\/candas365.es\/noticias\/wp-content\/uploads\/2015\/09\/c365noticias.jpg","@id":"https:\/\/candas365.es\/noticias\/guardiola-admite-interes-del-manchester-city-por-leroy-sane\/#mainImage","width":655,"height":360},"primaryImageOfPage":{"@id":"https:\/\/candas365.es\/noticias\/guardiola-admite-interes-del-manchester-city-por-leroy-sane\/#mainImage"},"datePublished":"2016-07-22T15:24:36+02:00","dateModified":"2016-07-22T15:24:36+02:00"},{"@type":"WebSite","@id":"https:\/\/candas365.es\/noticias\/#website","url":"https:\/\/candas365.es\/noticias\/","name":"Cand\u00e1s 365","alternateName":"Cand\u00e1s 365 Noticias","description":"Actualidad desde Carre\u00f1o para el mundo","inLanguage":"es-ES","publisher":{"@id":"https:\/\/candas365.es\/noticias\/#organization"}}]},"og:locale":"es_ES","og:site_name":"Cand\u00e1s 365","og:type":"article","og:title":"Guardiola admite inter\u00e9s del Manchester City por Leroy San\u00e9 | Cand\u00e1s 365","og:description":"M\u00fanich, 21 jul (dpa) - El entrenador del Manchester City, el espa\u00f1ol Josep Guardiola, admiti\u00f3 ayer que su equipo ya inici\u00f3 conversaciones para contratar al delantero del Schalke Leroy San\u00e9, aunque todav\u00eda las negociaciones est\u00e1n lejos de concretarse. &quot;San\u00e9 es todav\u00eda jugador del Schalke&quot;, asegur\u00f3 Guardiola tras el amistoso que su equipo perdi\u00f3 1-0 ante","og:url":"https:\/\/candas365.es\/noticias\/guardiola-admite-interes-del-manchester-city-por-leroy-sane\/","og:image":"https:\/\/candas365.es\/noticias\/wp-content\/uploads\/2015\/09\/c365noticias.jpg","og:image:secure_url":"https:\/\/candas365.es\/noticias\/wp-content\/uploads\/2015\/09\/c365noticias.jpg","og:image:width":655,"og:image:height":360,"article:published_time":"2016-07-22T13:54:36+00:00","article:modified_time":"2016-07-22T13:54:36+00:00","article:publisher":"https:\/\/www.facebook.com\/Nachofdezber","article:author":"https:\/\/www.facebook.com\/carrenoactualidad","twitter:card":"summary_large_image","twitter:site":"@NabercoDigital","twitter:title":"Guardiola admite inter\u00e9s del Manchester City por Leroy San\u00e9 | Cand\u00e1s 365","twitter:description":"M\u00fanich, 21 jul (dpa) - El entrenador del Manchester City, el espa\u00f1ol Josep Guardiola, admiti\u00f3 ayer que su equipo ya inici\u00f3 conversaciones para contratar al delantero del Schalke Leroy San\u00e9, aunque todav\u00eda las negociaciones est\u00e1n lejos de concretarse. &quot;San\u00e9 es todav\u00eda jugador del Schalke&quot;, asegur\u00f3 Guardiola tras el amistoso que su equipo perdi\u00f3 1-0 ante","twitter:creator":"@nbasturias","twitter:image":"https:\/\/candas365.es\/noticias\/wp-content\/uploads\/2015\/09\/c365noticias.jpg","twitter:label1":"Escrito por","twitter:data1":"Cand\u00e1s 365","twitter:label2":"Tiempo de lectura estimado","twitter:data2":"1 minuto"},"aioseo_meta_data":{"post_id":"32459","title":null,"description":null,"keywords":null,"keyphrases":null,"primary_term":null,"canonical_url":null,"og_title":null,"og_description":null,"og_object_type":"default","og_image_type":"default","og_image_url":null,"og_image_width":null,"og_image_height":null,"og_image_custom_url":null,"og_image_custom_fields":null,"og_video":null,"og_custom_url":null,"og_article_section":null,"og_article_tags":null,"twitter_use_og":false,"twitter_card":"default","twitter_image_type":"default","twitter_image_url":null,"twitter_image_custom_url":null,"twitter_image_custom_fields":null,"twitter_title":null,"twitter_description":null,"schema":{"blockGraphs":[],"customGraphs":[],"default":{"data":{"Article":[],"Course":[],"Dataset":[],"FAQPage":[],"Movie":[],"Person":[],"Product":[],"ProductReview":[],"Car":[],"Recipe":[],"Service":[],"SoftwareApplication":[],"WebPage":[]},"graphName":"","isEnabled":true},"graphs":[]},"schema_type":null,"schema_type_options":null,"pillar_content":false,"robots_default":true,"robots_noindex":false,"robots_noarchive":false,"robots_nosnippet":false,"robots_nofollow":false,"robots_noimageindex":false,"robots_noodp":false,"robots_notranslate":false,"robots_max_snippet":null,"robots_max_videopreview":null,"robots_max_imagepreview":"large","priority":null,"frequency":null,"location":null,"local_seo":null,"seo_analyzer_scan_date":"2025-08-24 15:24:14","breadcrumb_settings":null,"limit_modified_date":false,"reviewed_by":null,"open_ai":null,"ai":null,"created":"2020-12-21 13:03:55","updated":"2025-08-24 15:24:14"},"aioseo_breadcrumb":"<div class=\"aioseo-breadcrumbs\"><span class=\"aioseo-breadcrumb\">\n\t<a href=\"https:\/\/candas365.es\/noticias\" title=\"Home\">Home<\/a>\n<\/span><span class=\"aioseo-breadcrumb-separator\">&ndash;<\/span><span class=\"aioseo-breadcrumb\">\n\t<a href=\"https:\/\/candas365.es\/noticias\/category\/actualidad\/\" title=\"Actualidad\">Actualidad<\/a>\n<\/span><span class=\"aioseo-breadcrumb-separator\">&ndash;<\/span><span class=\"aioseo-breadcrumb\">\n\tGuardiola admite inter\u00e9s del Manchester City por Leroy San\u00e9\n<\/span><\/div>","aioseo_breadcrumb_json":[{"label":"Home","link":"https:\/\/candas365.es\/noticias"},{"label":"Actualidad","link":"https:\/\/candas365.es\/noticias\/category\/actualidad\/"},{"label":"Guardiola admite inter\u00e9s del Manchester City por Leroy San\u00e9","link":"https:\/\/candas365.es\/noticias\/guardiola-admite-interes-del-manchester-city-por-leroy-sane\/"}],"_links":{"self":[{"href":"https:\/\/candas365.es\/noticias\/wp-json\/wp\/v2\/posts\/32459","targetHints":{"allow":["GET"]}}],"collection":[{"href":"https:\/\/candas365.es\/noticias\/wp-json\/wp\/v2\/posts"}],"about":[{"href":"https:\/\/candas365.es\/noticias\/wp-json\/wp\/v2\/types\/post"}],"author":[{"embeddable":true,"href":"https:\/\/candas365.es\/noticias\/wp-json\/wp\/v2\/users\/1"}],"replies":[{"embeddable":true,"href":"https:\/\/candas365.es\/noticias\/wp-json\/wp\/v2\/comments?post=32459"}],"version-history":[{"count":0,"href":"https:\/\/candas365.es\/noticias\/wp-json\/wp\/v2\/posts\/32459\/revisions"}],"wp:featuredmedia":[{"embeddable":true,"href":"https:\/\/candas365.es\/noticias\/wp-json\/wp\/v2\/media\/16457"}],"wp:attachment":[{"href":"https:\/\/candas365.es\/noticias\/wp-json\/wp\/v2\/media?parent=32459"}],"wp:term":[{"taxonomy":"category","embeddable":true,"href":"https:\/\/candas365.es\/noticias\/wp-json\/wp\/v2\/categories?post=32459"},{"taxonomy":"post_tag","embeddable":true,"href":"https:\/\/candas365.es\/noticias\/wp-json\/wp\/v2\/tags?post=32459"}],"curies":[{"name":"wp","href":"https:\/\/api.w.org\/{rel}","templated":true}]}}