{"id":32443,"date":"2016-07-22T15:10:14","date_gmt":"2016-07-22T13:40:14","guid":{"rendered":"http:\/\/candas365.es\/noticias\/?p=32443"},"modified":"2016-07-22T15:10:14","modified_gmt":"2016-07-22T13:40:14","slug":"merkel-y-may-buscan-acercar-posiciones-tras-brexit-del-reino-unido","status":"publish","type":"post","link":"https:\/\/candas365.es\/noticias\/merkel-y-may-buscan-acercar-posiciones-tras-brexit-del-reino-unido\/","title":{"rendered":"Merkel y May buscan acercar posiciones tras \u00abBrexit\u00bb del Reino Unido"},"content":{"rendered":"<p>Berl\u00edn, 20 jul (dpa) &#8211; La nueva primera ministra brit\u00e1nica, Theresa May, se reuni\u00f3 hoy en Berl\u00edn con la canciller alemana Angela Merkel para acercar posiciones tras la decisi\u00f3n del Reino Unido se salirse de la Uni\u00f3n Europea (UE).<\/p>\n<p>Las dos mandatarias se mostraron afables en su primer encuentro, cuyo broche final es una cena en la Canciller\u00eda. \u00abAc\u00e1 tiene a dos mujeres que quieren hacer su trabajo para las poblaciones del Reino Unido y de Alemania\u00bb, dijo May preguntada por periodistas sobre la primera impresi\u00f3n.<\/p>\n<p>La pol\u00edtica conservadora eligi\u00f3 a Alemania como destino de su primer viaje como premier al exterior. Ma\u00f1ana se reunir\u00e1 en Par\u00eds con el presidente franc\u00e9s, Fran\u00e7ois Hollande.<\/p>\n<p>En la capital alemana, May defendi\u00f3 sus planes de elaborar con tiempo la postura de su pa\u00eds para entablar negociaciones formales invocando el art\u00edculo 50 del Tratado de Lisboa para la salida de la UE. \u00abNo invocaremos el art\u00edculo mientras nuestros objetivos no est\u00e9n claros y esto no ser\u00e1 antes de fin de a\u00f1o\u00bb, fue rotunda May.<\/p>\n<p>Respecto a uno de los puntos m\u00e1s delicados de las futuras negociaciones, el de si los brit\u00e1nicos podr\u00e1n seguir siendo parte del mercado \u00fanico sin la libre circulaci\u00f3n para ciudadanos de la UE, May explic\u00f3 que entiende el resultado del plebiscito como un encargo para limitar la inmigraci\u00f3n. <\/p>\n<p>\u00abEsto va a ser tema de nuestras conversaciones\u00bb, coment\u00f3. \u00abQueremos llevar a la inmigraci\u00f3n a niveles sostenibles\u00bb.<\/p>\n<p>Por su parte, Merkel dijo hoy que comprende la decisi\u00f3n de la flamante primera ministra brit\u00e1nica de demorar hasta el a\u00f1o pr\u00f3ximo la solicitud formal de salida del Reino Unido, pero dijo que espera hasta entonces una \u00abposici\u00f3n bien definida\u00bb de Londres.<\/p>\n<p>\u00abEs por el bien de todos que el Reino Unido solicite la salida con una posici\u00f3n de negociaci\u00f3n muy bien definida\u00bb, dijo la mandataria alemana tras recibir con honores militares a May en la sede de la Canciller\u00eda en Berl\u00edn.<\/p>\n<p>\u00abUna buena preparaci\u00f3n es importante y por el bien de la Uni\u00f3n Europea. Por eso esperaremos y sobre esta base celebraremos las negociaciones\u00bb, continu\u00f3 Merkel.<\/p>\n","protected":false},"excerpt":{"rendered":"<p>Berl\u00edn, 20 jul (dpa) &#8211; La nueva primera ministra brit\u00e1nica, Theresa May, se reuni\u00f3 hoy en Berl\u00edn con la canciller alemana Angela Merkel para acercar posiciones tras la decisi\u00f3n del Reino Unido se salirse de la Uni\u00f3n Europea (UE). Las dos mandatarias se mostraron afables en su primer encuentro, cuyo broche final es una cena<\/p>\n","protected":false},"author":1,"featured_media":16457,"comment_status":"closed","ping_status":"closed","sticky":false,"template":"","format":"standard","meta":{"footnotes":""},"categories":[343],"tags":[],"class_list":{"0":"post-32443","1":"post","2":"type-post","3":"status-publish","4":"format-standard","5":"has-post-thumbnail","7":"category-actualidad"},"aioseo_notices":[],"aioseo_head":"\n\t\t<!-- All in One SEO Pro 4.9.6.2 - aioseo.com -->\n\t<meta name=\"description\" content=\"Berl\u00edn, 20 jul (dpa) - La nueva primera ministra brit\u00e1nica, Theresa May, se reuni\u00f3 hoy en Berl\u00edn con la canciller alemana Angela Merkel para acercar posiciones tras la decisi\u00f3n del Reino Unido se salirse de la Uni\u00f3n Europea (UE). Las dos mandatarias se mostraron afables en su primer encuentro, cuyo broche final es una cena\" \/>\n\t<meta name=\"robots\" content=\"max-image-preview:large\" \/>\n\t<meta name=\"author\" content=\"Cand\u00e1s 365\"\/>\n\t<meta name=\"google-site-verification\" content=\"UA-32230408-1\" \/>\n\t<meta name=\"msvalidate.01\" content=\"354F3CDFB2DA171B47FBE9ABF1F88D5\" \/>\n\t<meta name=\"keywords\" content=\"actualidad\" \/>\n\t<link rel=\"canonical\" href=\"https:\/\/candas365.es\/noticias\/merkel-y-may-buscan-acercar-posiciones-tras-brexit-del-reino-unido\/\" \/>\n\t<meta name=\"generator\" content=\"All in One SEO Pro (AIOSEO) 4.9.6.2\" \/>\n\t\t<meta property=\"og:locale\" content=\"es_ES\" \/>\n\t\t<meta property=\"og:site_name\" content=\"Cand\u00e1s 365\" \/>\n\t\t<meta property=\"og:type\" content=\"article\" \/>\n\t\t<meta property=\"og:title\" content=\"Merkel y May buscan acercar posiciones tras \u00abBrexit\u00bb del Reino Unido | Cand\u00e1s 365\" \/>\n\t\t<meta property=\"og:description\" content=\"Berl\u00edn, 20 jul (dpa) - La nueva primera ministra brit\u00e1nica, Theresa May, se reuni\u00f3 hoy en Berl\u00edn con la canciller alemana Angela Merkel para acercar posiciones tras la decisi\u00f3n del Reino Unido se salirse de la Uni\u00f3n Europea (UE). Las dos mandatarias se mostraron afables en su primer encuentro, cuyo broche final es una cena\" \/>\n\t\t<meta property=\"og:url\" content=\"https:\/\/candas365.es\/noticias\/merkel-y-may-buscan-acercar-posiciones-tras-brexit-del-reino-unido\/\" \/>\n\t\t<meta property=\"og:image\" content=\"https:\/\/candas365.es\/noticias\/wp-content\/uploads\/2015\/09\/c365noticias.jpg\" \/>\n\t\t<meta property=\"og:image:secure_url\" content=\"https:\/\/candas365.es\/noticias\/wp-content\/uploads\/2015\/09\/c365noticias.jpg\" \/>\n\t\t<meta property=\"og:image:width\" content=\"655\" \/>\n\t\t<meta property=\"og:image:height\" content=\"360\" \/>\n\t\t<meta property=\"article:published_time\" content=\"2016-07-22T13:40:14+00:00\" \/>\n\t\t<meta property=\"article:modified_time\" content=\"2016-07-22T13:40:14+00:00\" \/>\n\t\t<meta property=\"article:publisher\" content=\"https:\/\/www.facebook.com\/Nachofdezber\" \/>\n\t\t<meta property=\"article:author\" content=\"https:\/\/www.facebook.com\/carrenoactualidad\" \/>\n\t\t<meta name=\"twitter:card\" content=\"summary_large_image\" \/>\n\t\t<meta name=\"twitter:site\" content=\"@NabercoDigital\" \/>\n\t\t<meta name=\"twitter:title\" content=\"Merkel y May buscan acercar posiciones tras \u00abBrexit\u00bb del Reino Unido | Cand\u00e1s 365\" \/>\n\t\t<meta name=\"twitter:description\" content=\"Berl\u00edn, 20 jul (dpa) - La nueva primera ministra brit\u00e1nica, Theresa May, se reuni\u00f3 hoy en Berl\u00edn con la canciller alemana Angela Merkel para acercar posiciones tras la decisi\u00f3n del Reino Unido se salirse de la Uni\u00f3n Europea (UE). Las dos mandatarias se mostraron afables en su primer encuentro, cuyo broche final es una cena\" \/>\n\t\t<meta name=\"twitter:creator\" content=\"@nbasturias\" \/>\n\t\t<meta name=\"twitter:image\" content=\"https:\/\/candas365.es\/noticias\/wp-content\/uploads\/2015\/09\/c365noticias.jpg\" \/>\n\t\t<meta name=\"twitter:label1\" content=\"Escrito por\" \/>\n\t\t<meta name=\"twitter:data1\" content=\"Cand\u00e1s 365\" \/>\n\t\t<meta name=\"twitter:label2\" content=\"Tiempo de lectura estimado\" \/>\n\t\t<meta name=\"twitter:data2\" content=\"2 minutos\" \/>\n\t\t<script type=\"application\/ld+json\" class=\"aioseo-schema\">\n\t\t\t{\"@context\":\"https:\\\/\\\/schema.org\",\"@graph\":[{\"@type\":\"BreadcrumbList\",\"@id\":\"https:\\\/\\\/candas365.es\\\/noticias\\\/merkel-y-may-buscan-acercar-posiciones-tras-brexit-del-reino-unido\\\/#breadcrumblist\",\"itemListElement\":[{\"@type\":\"ListItem\",\"@id\":\"https:\\\/\\\/candas365.es\\\/noticias#listItem\",\"position\":1,\"name\":\"Home\",\"item\":\"https:\\\/\\\/candas365.es\\\/noticias\",\"nextItem\":{\"@type\":\"ListItem\",\"@id\":\"https:\\\/\\\/candas365.es\\\/noticias\\\/category\\\/actualidad\\\/#listItem\",\"name\":\"Actualidad\"}},{\"@type\":\"ListItem\",\"@id\":\"https:\\\/\\\/candas365.es\\\/noticias\\\/category\\\/actualidad\\\/#listItem\",\"position\":2,\"name\":\"Actualidad\",\"item\":\"https:\\\/\\\/candas365.es\\\/noticias\\\/category\\\/actualidad\\\/\",\"nextItem\":{\"@type\":\"ListItem\",\"@id\":\"https:\\\/\\\/candas365.es\\\/noticias\\\/merkel-y-may-buscan-acercar-posiciones-tras-brexit-del-reino-unido\\\/#listItem\",\"name\":\"Merkel y May buscan acercar posiciones tras \\u00abBrexit\\u00bb del Reino Unido\"},\"previousItem\":{\"@type\":\"ListItem\",\"@id\":\"https:\\\/\\\/candas365.es\\\/noticias#listItem\",\"name\":\"Home\"}},{\"@type\":\"ListItem\",\"@id\":\"https:\\\/\\\/candas365.es\\\/noticias\\\/merkel-y-may-buscan-acercar-posiciones-tras-brexit-del-reino-unido\\\/#listItem\",\"position\":3,\"name\":\"Merkel y May buscan acercar posiciones tras \\u00abBrexit\\u00bb del Reino Unido\",\"previousItem\":{\"@type\":\"ListItem\",\"@id\":\"https:\\\/\\\/candas365.es\\\/noticias\\\/category\\\/actualidad\\\/#listItem\",\"name\":\"Actualidad\"}}]},{\"@type\":\"NewsArticle\",\"@id\":\"https:\\\/\\\/candas365.es\\\/noticias\\\/merkel-y-may-buscan-acercar-posiciones-tras-brexit-del-reino-unido\\\/#newsarticle\",\"name\":\"Merkel y May buscan acercar posiciones tras \\u00abBrexit\\u00bb del Reino Unido | Cand\\u00e1s 365\",\"headline\":\"Merkel y May buscan acercar posiciones tras \\u00abBrexit\\u00bb del Reino Unido\",\"author\":{\"@id\":\"https:\\\/\\\/candas365.es\\\/noticias\\\/author\\\/admin\\\/#author\"},\"publisher\":{\"@id\":\"https:\\\/\\\/candas365.es\\\/noticias\\\/#organization\"},\"image\":{\"@type\":\"ImageObject\",\"url\":\"https:\\\/\\\/candas365.es\\\/noticias\\\/wp-content\\\/uploads\\\/2015\\\/09\\\/c365noticias.jpg\",\"width\":655,\"height\":360},\"datePublished\":\"2016-07-22T15:10:14+02:00\",\"dateModified\":\"2016-07-22T15:10:14+02:00\",\"inLanguage\":\"es-ES\",\"mainEntityOfPage\":{\"@id\":\"https:\\\/\\\/candas365.es\\\/noticias\\\/merkel-y-may-buscan-acercar-posiciones-tras-brexit-del-reino-unido\\\/#webpage\"},\"isPartOf\":{\"@id\":\"https:\\\/\\\/candas365.es\\\/noticias\\\/merkel-y-may-buscan-acercar-posiciones-tras-brexit-del-reino-unido\\\/#webpage\"},\"articleSection\":\"Actualidad\",\"dateline\":\"Publicado el julio 22, 2016.\"},{\"@type\":\"Organization\",\"@id\":\"https:\\\/\\\/candas365.es\\\/noticias\\\/#organization\",\"name\":\"Cand\\u00e1s 365\",\"description\":\"Cand\\u00e1s 365 es un diario digital independiente, fundado en 2012, con base en Asturias. Informamos con rigor sobre actualidad, sociedad, cultura y ocio, con una mirada local y global.\",\"url\":\"https:\\\/\\\/candas365.es\\\/noticias\\\/\",\"email\":\"info@candas365.es\",\"telephone\":\"+34652131393\",\"foundingDate\":\"2012-06-10\",\"logo\":{\"@type\":\"ImageObject\",\"url\":\"https:\\\/\\\/candas365.es\\\/noticias\\\/wp-content\\\/uploads\\\/2024\\\/09\\\/Candas-365-Redes.jpg\",\"@id\":\"https:\\\/\\\/candas365.es\\\/noticias\\\/merkel-y-may-buscan-acercar-posiciones-tras-brexit-del-reino-unido\\\/#organizationLogo\",\"width\":1152,\"height\":864,\"caption\":\"Cand\\u00e1s 365 Redes\"},\"image\":{\"@id\":\"https:\\\/\\\/candas365.es\\\/noticias\\\/merkel-y-may-buscan-acercar-posiciones-tras-brexit-del-reino-unido\\\/#organizationLogo\"},\"sameAs\":[\"https:\\\/\\\/www.facebook.com\\\/Nachofdezber\",\"https:\\\/\\\/x.com\\\/NabercoDigital\",\"https:\\\/\\\/www.instagram.com\\\/nachofdezber\\\/\",\"https:\\\/\\\/www.youtube.com\\\/channel\\\/UCZP-2wLEB9Rv6erhFmqVnvg\"],\"address\":{\"@id\":\"https:\\\/\\\/candas365.es\\\/noticias\\\/#postaladdress\",\"@type\":\"PostalAddress\",\"streetAddress\":\"san antonio 4, san antonio 4\",\"postalCode\":\"33430\",\"addressLocality\":\"Cand\\u00e1s\",\"addressRegion\":\"Asturias\",\"addressCountry\":\"ES\"}},{\"@type\":\"Person\",\"@id\":\"https:\\\/\\\/candas365.es\\\/noticias\\\/author\\\/admin\\\/#author\",\"url\":\"https:\\\/\\\/candas365.es\\\/noticias\\\/author\\\/admin\\\/\",\"name\":\"Cand\\u00e1s 365\",\"image\":{\"@type\":\"ImageObject\",\"@id\":\"https:\\\/\\\/candas365.es\\\/noticias\\\/merkel-y-may-buscan-acercar-posiciones-tras-brexit-del-reino-unido\\\/#authorImage\",\"url\":\"https:\\\/\\\/secure.gravatar.com\\\/avatar\\\/496a8e03d0c493ede1718b7934145dbdf8d89be1036b0eec9544e1094c9de390?s=96&d=mm&r=g\",\"width\":96,\"height\":96,\"caption\":\"Cand\\u00e1s 365\"},\"sameAs\":[\"https:\\\/\\\/www.facebook.com\\\/carrenoactualidad\",\"https:\\\/\\\/twitter.com\\\/nbasturias\",\"https:\\\/\\\/www.instagram.com\\\/nachofdezber\\\/\",\"https:\\\/\\\/www.youtube.com\\\/channel\\\/UCZP-2wLEB9Rv6erhFmqVnvg\"]},{\"@type\":\"WebPage\",\"@id\":\"https:\\\/\\\/candas365.es\\\/noticias\\\/merkel-y-may-buscan-acercar-posiciones-tras-brexit-del-reino-unido\\\/#webpage\",\"url\":\"https:\\\/\\\/candas365.es\\\/noticias\\\/merkel-y-may-buscan-acercar-posiciones-tras-brexit-del-reino-unido\\\/\",\"name\":\"Merkel y May buscan acercar posiciones tras \\u00abBrexit\\u00bb del Reino Unido | Cand\\u00e1s 365\",\"description\":\"Berl\\u00edn, 20 jul (dpa) - La nueva primera ministra brit\\u00e1nica, Theresa May, se reuni\\u00f3 hoy en Berl\\u00edn con la canciller alemana Angela Merkel para acercar posiciones tras la decisi\\u00f3n del Reino Unido se salirse de la Uni\\u00f3n Europea (UE). Las dos mandatarias se mostraron afables en su primer encuentro, cuyo broche final es una cena\",\"inLanguage\":\"es-ES\",\"isPartOf\":{\"@id\":\"https:\\\/\\\/candas365.es\\\/noticias\\\/#website\"},\"breadcrumb\":{\"@id\":\"https:\\\/\\\/candas365.es\\\/noticias\\\/merkel-y-may-buscan-acercar-posiciones-tras-brexit-del-reino-unido\\\/#breadcrumblist\"},\"author\":{\"@id\":\"https:\\\/\\\/candas365.es\\\/noticias\\\/author\\\/admin\\\/#author\"},\"creator\":{\"@id\":\"https:\\\/\\\/candas365.es\\\/noticias\\\/author\\\/admin\\\/#author\"},\"image\":{\"@type\":\"ImageObject\",\"url\":\"https:\\\/\\\/candas365.es\\\/noticias\\\/wp-content\\\/uploads\\\/2015\\\/09\\\/c365noticias.jpg\",\"@id\":\"https:\\\/\\\/candas365.es\\\/noticias\\\/merkel-y-may-buscan-acercar-posiciones-tras-brexit-del-reino-unido\\\/#mainImage\",\"width\":655,\"height\":360},\"primaryImageOfPage\":{\"@id\":\"https:\\\/\\\/candas365.es\\\/noticias\\\/merkel-y-may-buscan-acercar-posiciones-tras-brexit-del-reino-unido\\\/#mainImage\"},\"datePublished\":\"2016-07-22T15:10:14+02:00\",\"dateModified\":\"2016-07-22T15:10:14+02:00\"},{\"@type\":\"WebSite\",\"@id\":\"https:\\\/\\\/candas365.es\\\/noticias\\\/#website\",\"url\":\"https:\\\/\\\/candas365.es\\\/noticias\\\/\",\"name\":\"Cand\\u00e1s 365\",\"alternateName\":\"Cand\\u00e1s 365 Noticias\",\"description\":\"Actualidad desde Carre\\u00f1o para el mundo\",\"inLanguage\":\"es-ES\",\"publisher\":{\"@id\":\"https:\\\/\\\/candas365.es\\\/noticias\\\/#organization\"}}]}\n\t\t<\/script>\n\t\t<!-- All in One SEO Pro -->\r\n\t\t<title>Merkel y May buscan acercar posiciones tras \u00abBrexit\u00bb del Reino Unido | Cand\u00e1s 365<\/title>\n\n","aioseo_head_json":{"title":"Merkel y May buscan acercar posiciones tras \u00abBrexit\u00bb del Reino Unido | Cand\u00e1s 365","description":"Berl\u00edn, 20 jul (dpa) - La nueva primera ministra brit\u00e1nica, Theresa May, se reuni\u00f3 hoy en Berl\u00edn con la canciller alemana Angela Merkel para acercar posiciones tras la decisi\u00f3n del Reino Unido se salirse de la Uni\u00f3n Europea (UE). Las dos mandatarias se mostraron afables en su primer encuentro, cuyo broche final es una cena","canonical_url":"https:\/\/candas365.es\/noticias\/merkel-y-may-buscan-acercar-posiciones-tras-brexit-del-reino-unido\/","robots":"max-image-preview:large","keywords":"actualidad","webmasterTools":{"google-site-verification":"UA-32230408-1","msvalidate.01":"354F3CDFB2DA171B47FBE9ABF1F88D5","miscellaneous":""},"schema":{"@context":"https:\/\/schema.org","@graph":[{"@type":"BreadcrumbList","@id":"https:\/\/candas365.es\/noticias\/merkel-y-may-buscan-acercar-posiciones-tras-brexit-del-reino-unido\/#breadcrumblist","itemListElement":[{"@type":"ListItem","@id":"https:\/\/candas365.es\/noticias#listItem","position":1,"name":"Home","item":"https:\/\/candas365.es\/noticias","nextItem":{"@type":"ListItem","@id":"https:\/\/candas365.es\/noticias\/category\/actualidad\/#listItem","name":"Actualidad"}},{"@type":"ListItem","@id":"https:\/\/candas365.es\/noticias\/category\/actualidad\/#listItem","position":2,"name":"Actualidad","item":"https:\/\/candas365.es\/noticias\/category\/actualidad\/","nextItem":{"@type":"ListItem","@id":"https:\/\/candas365.es\/noticias\/merkel-y-may-buscan-acercar-posiciones-tras-brexit-del-reino-unido\/#listItem","name":"Merkel y May buscan acercar posiciones tras \u00abBrexit\u00bb del Reino Unido"},"previousItem":{"@type":"ListItem","@id":"https:\/\/candas365.es\/noticias#listItem","name":"Home"}},{"@type":"ListItem","@id":"https:\/\/candas365.es\/noticias\/merkel-y-may-buscan-acercar-posiciones-tras-brexit-del-reino-unido\/#listItem","position":3,"name":"Merkel y May buscan acercar posiciones tras \u00abBrexit\u00bb del Reino Unido","previousItem":{"@type":"ListItem","@id":"https:\/\/candas365.es\/noticias\/category\/actualidad\/#listItem","name":"Actualidad"}}]},{"@type":"NewsArticle","@id":"https:\/\/candas365.es\/noticias\/merkel-y-may-buscan-acercar-posiciones-tras-brexit-del-reino-unido\/#newsarticle","name":"Merkel y May buscan acercar posiciones tras \u00abBrexit\u00bb del Reino Unido | Cand\u00e1s 365","headline":"Merkel y May buscan acercar posiciones tras \u00abBrexit\u00bb del Reino Unido","author":{"@id":"https:\/\/candas365.es\/noticias\/author\/admin\/#author"},"publisher":{"@id":"https:\/\/candas365.es\/noticias\/#organization"},"image":{"@type":"ImageObject","url":"https:\/\/candas365.es\/noticias\/wp-content\/uploads\/2015\/09\/c365noticias.jpg","width":655,"height":360},"datePublished":"2016-07-22T15:10:14+02:00","dateModified":"2016-07-22T15:10:14+02:00","inLanguage":"es-ES","mainEntityOfPage":{"@id":"https:\/\/candas365.es\/noticias\/merkel-y-may-buscan-acercar-posiciones-tras-brexit-del-reino-unido\/#webpage"},"isPartOf":{"@id":"https:\/\/candas365.es\/noticias\/merkel-y-may-buscan-acercar-posiciones-tras-brexit-del-reino-unido\/#webpage"},"articleSection":"Actualidad","dateline":"Publicado el julio 22, 2016."},{"@type":"Organization","@id":"https:\/\/candas365.es\/noticias\/#organization","name":"Cand\u00e1s 365","description":"Cand\u00e1s 365 es un diario digital independiente, fundado en 2012, con base en Asturias. Informamos con rigor sobre actualidad, sociedad, cultura y ocio, con una mirada local y global.","url":"https:\/\/candas365.es\/noticias\/","email":"info@candas365.es","telephone":"+34652131393","foundingDate":"2012-06-10","logo":{"@type":"ImageObject","url":"https:\/\/candas365.es\/noticias\/wp-content\/uploads\/2024\/09\/Candas-365-Redes.jpg","@id":"https:\/\/candas365.es\/noticias\/merkel-y-may-buscan-acercar-posiciones-tras-brexit-del-reino-unido\/#organizationLogo","width":1152,"height":864,"caption":"Cand\u00e1s 365 Redes"},"image":{"@id":"https:\/\/candas365.es\/noticias\/merkel-y-may-buscan-acercar-posiciones-tras-brexit-del-reino-unido\/#organizationLogo"},"sameAs":["https:\/\/www.facebook.com\/Nachofdezber","https:\/\/x.com\/NabercoDigital","https:\/\/www.instagram.com\/nachofdezber\/","https:\/\/www.youtube.com\/channel\/UCZP-2wLEB9Rv6erhFmqVnvg"],"address":{"@id":"https:\/\/candas365.es\/noticias\/#postaladdress","@type":"PostalAddress","streetAddress":"san antonio 4, san antonio 4","postalCode":"33430","addressLocality":"Cand\u00e1s","addressRegion":"Asturias","addressCountry":"ES"}},{"@type":"Person","@id":"https:\/\/candas365.es\/noticias\/author\/admin\/#author","url":"https:\/\/candas365.es\/noticias\/author\/admin\/","name":"Cand\u00e1s 365","image":{"@type":"ImageObject","@id":"https:\/\/candas365.es\/noticias\/merkel-y-may-buscan-acercar-posiciones-tras-brexit-del-reino-unido\/#authorImage","url":"https:\/\/secure.gravatar.com\/avatar\/496a8e03d0c493ede1718b7934145dbdf8d89be1036b0eec9544e1094c9de390?s=96&d=mm&r=g","width":96,"height":96,"caption":"Cand\u00e1s 365"},"sameAs":["https:\/\/www.facebook.com\/carrenoactualidad","https:\/\/twitter.com\/nbasturias","https:\/\/www.instagram.com\/nachofdezber\/","https:\/\/www.youtube.com\/channel\/UCZP-2wLEB9Rv6erhFmqVnvg"]},{"@type":"WebPage","@id":"https:\/\/candas365.es\/noticias\/merkel-y-may-buscan-acercar-posiciones-tras-brexit-del-reino-unido\/#webpage","url":"https:\/\/candas365.es\/noticias\/merkel-y-may-buscan-acercar-posiciones-tras-brexit-del-reino-unido\/","name":"Merkel y May buscan acercar posiciones tras \u00abBrexit\u00bb del Reino Unido | Cand\u00e1s 365","description":"Berl\u00edn, 20 jul (dpa) - La nueva primera ministra brit\u00e1nica, Theresa May, se reuni\u00f3 hoy en Berl\u00edn con la canciller alemana Angela Merkel para acercar posiciones tras la decisi\u00f3n del Reino Unido se salirse de la Uni\u00f3n Europea (UE). Las dos mandatarias se mostraron afables en su primer encuentro, cuyo broche final es una cena","inLanguage":"es-ES","isPartOf":{"@id":"https:\/\/candas365.es\/noticias\/#website"},"breadcrumb":{"@id":"https:\/\/candas365.es\/noticias\/merkel-y-may-buscan-acercar-posiciones-tras-brexit-del-reino-unido\/#breadcrumblist"},"author":{"@id":"https:\/\/candas365.es\/noticias\/author\/admin\/#author"},"creator":{"@id":"https:\/\/candas365.es\/noticias\/author\/admin\/#author"},"image":{"@type":"ImageObject","url":"https:\/\/candas365.es\/noticias\/wp-content\/uploads\/2015\/09\/c365noticias.jpg","@id":"https:\/\/candas365.es\/noticias\/merkel-y-may-buscan-acercar-posiciones-tras-brexit-del-reino-unido\/#mainImage","width":655,"height":360},"primaryImageOfPage":{"@id":"https:\/\/candas365.es\/noticias\/merkel-y-may-buscan-acercar-posiciones-tras-brexit-del-reino-unido\/#mainImage"},"datePublished":"2016-07-22T15:10:14+02:00","dateModified":"2016-07-22T15:10:14+02:00"},{"@type":"WebSite","@id":"https:\/\/candas365.es\/noticias\/#website","url":"https:\/\/candas365.es\/noticias\/","name":"Cand\u00e1s 365","alternateName":"Cand\u00e1s 365 Noticias","description":"Actualidad desde Carre\u00f1o para el mundo","inLanguage":"es-ES","publisher":{"@id":"https:\/\/candas365.es\/noticias\/#organization"}}]},"og:locale":"es_ES","og:site_name":"Cand\u00e1s 365","og:type":"article","og:title":"Merkel y May buscan acercar posiciones tras \u00abBrexit\u00bb del Reino Unido | Cand\u00e1s 365","og:description":"Berl\u00edn, 20 jul (dpa) - La nueva primera ministra brit\u00e1nica, Theresa May, se reuni\u00f3 hoy en Berl\u00edn con la canciller alemana Angela Merkel para acercar posiciones tras la decisi\u00f3n del Reino Unido se salirse de la Uni\u00f3n Europea (UE). Las dos mandatarias se mostraron afables en su primer encuentro, cuyo broche final es una cena","og:url":"https:\/\/candas365.es\/noticias\/merkel-y-may-buscan-acercar-posiciones-tras-brexit-del-reino-unido\/","og:image":"https:\/\/candas365.es\/noticias\/wp-content\/uploads\/2015\/09\/c365noticias.jpg","og:image:secure_url":"https:\/\/candas365.es\/noticias\/wp-content\/uploads\/2015\/09\/c365noticias.jpg","og:image:width":655,"og:image:height":360,"article:published_time":"2016-07-22T13:40:14+00:00","article:modified_time":"2016-07-22T13:40:14+00:00","article:publisher":"https:\/\/www.facebook.com\/Nachofdezber","article:author":"https:\/\/www.facebook.com\/carrenoactualidad","twitter:card":"summary_large_image","twitter:site":"@NabercoDigital","twitter:title":"Merkel y May buscan acercar posiciones tras \u00abBrexit\u00bb del Reino Unido | Cand\u00e1s 365","twitter:description":"Berl\u00edn, 20 jul (dpa) - La nueva primera ministra brit\u00e1nica, Theresa May, se reuni\u00f3 hoy en Berl\u00edn con la canciller alemana Angela Merkel para acercar posiciones tras la decisi\u00f3n del Reino Unido se salirse de la Uni\u00f3n Europea (UE). Las dos mandatarias se mostraron afables en su primer encuentro, cuyo broche final es una cena","twitter:creator":"@nbasturias","twitter:image":"https:\/\/candas365.es\/noticias\/wp-content\/uploads\/2015\/09\/c365noticias.jpg","twitter:label1":"Escrito por","twitter:data1":"Cand\u00e1s 365","twitter:label2":"Tiempo de lectura estimado","twitter:data2":"2 minutos"},"aioseo_meta_data":{"post_id":"32443","title":null,"description":null,"keywords":null,"keyphrases":null,"primary_term":null,"canonical_url":null,"og_title":null,"og_description":null,"og_object_type":"default","og_image_type":"default","og_image_url":null,"og_image_width":null,"og_image_height":null,"og_image_custom_url":null,"og_image_custom_fields":null,"og_video":null,"og_custom_url":null,"og_article_section":null,"og_article_tags":null,"twitter_use_og":false,"twitter_card":"default","twitter_image_type":"default","twitter_image_url":null,"twitter_image_custom_url":null,"twitter_image_custom_fields":null,"twitter_title":null,"twitter_description":null,"schema":{"blockGraphs":[],"customGraphs":[],"default":{"data":{"Article":[],"Course":[],"Dataset":[],"FAQPage":[],"Movie":[],"Person":[],"Product":[],"ProductReview":[],"Car":[],"Recipe":[],"Service":[],"SoftwareApplication":[],"WebPage":[]},"graphName":"","isEnabled":true},"graphs":[]},"schema_type":null,"schema_type_options":null,"pillar_content":false,"robots_default":true,"robots_noindex":false,"robots_noarchive":false,"robots_nosnippet":false,"robots_nofollow":false,"robots_noimageindex":false,"robots_noodp":false,"robots_notranslate":false,"robots_max_snippet":null,"robots_max_videopreview":null,"robots_max_imagepreview":"large","priority":null,"frequency":null,"location":null,"local_seo":null,"seo_analyzer_scan_date":"2025-08-24 15:22:24","breadcrumb_settings":null,"limit_modified_date":false,"reviewed_by":null,"open_ai":null,"ai":null,"created":"2020-12-21 13:03:42","updated":"2025-08-24 15:22:24"},"aioseo_breadcrumb":"<div class=\"aioseo-breadcrumbs\"><span class=\"aioseo-breadcrumb\">\n\t<a href=\"https:\/\/candas365.es\/noticias\" title=\"Home\">Home<\/a>\n<\/span><span class=\"aioseo-breadcrumb-separator\">&ndash;<\/span><span class=\"aioseo-breadcrumb\">\n\t<a href=\"https:\/\/candas365.es\/noticias\/category\/actualidad\/\" title=\"Actualidad\">Actualidad<\/a>\n<\/span><span class=\"aioseo-breadcrumb-separator\">&ndash;<\/span><span class=\"aioseo-breadcrumb\">\n\tMerkel y May buscan acercar posiciones tras \u00abBrexit\u00bb del Reino Unido\n<\/span><\/div>","aioseo_breadcrumb_json":[{"label":"Home","link":"https:\/\/candas365.es\/noticias"},{"label":"Actualidad","link":"https:\/\/candas365.es\/noticias\/category\/actualidad\/"},{"label":"Merkel y May buscan acercar posiciones tras \u00abBrexit\u00bb del Reino Unido","link":"https:\/\/candas365.es\/noticias\/merkel-y-may-buscan-acercar-posiciones-tras-brexit-del-reino-unido\/"}],"_links":{"self":[{"href":"https:\/\/candas365.es\/noticias\/wp-json\/wp\/v2\/posts\/32443","targetHints":{"allow":["GET"]}}],"collection":[{"href":"https:\/\/candas365.es\/noticias\/wp-json\/wp\/v2\/posts"}],"about":[{"href":"https:\/\/candas365.es\/noticias\/wp-json\/wp\/v2\/types\/post"}],"author":[{"embeddable":true,"href":"https:\/\/candas365.es\/noticias\/wp-json\/wp\/v2\/users\/1"}],"replies":[{"embeddable":true,"href":"https:\/\/candas365.es\/noticias\/wp-json\/wp\/v2\/comments?post=32443"}],"version-history":[{"count":0,"href":"https:\/\/candas365.es\/noticias\/wp-json\/wp\/v2\/posts\/32443\/revisions"}],"wp:featuredmedia":[{"embeddable":true,"href":"https:\/\/candas365.es\/noticias\/wp-json\/wp\/v2\/media\/16457"}],"wp:attachment":[{"href":"https:\/\/candas365.es\/noticias\/wp-json\/wp\/v2\/media?parent=32443"}],"wp:term":[{"taxonomy":"category","embeddable":true,"href":"https:\/\/candas365.es\/noticias\/wp-json\/wp\/v2\/categories?post=32443"},{"taxonomy":"post_tag","embeddable":true,"href":"https:\/\/candas365.es\/noticias\/wp-json\/wp\/v2\/tags?post=32443"}],"curies":[{"name":"wp","href":"https:\/\/api.w.org\/{rel}","templated":true}]}}