{"id":32385,"date":"2016-07-21T04:01:24","date_gmt":"2016-07-21T02:31:24","guid":{"rendered":"http:\/\/candas365.es\/noticias\/?p=32385"},"modified":"2016-07-21T04:01:24","modified_gmt":"2016-07-21T02:31:24","slug":"alemania-trata-de-confirmar-si-el-ei-ordeno-el-ataque-en-el-tren","status":"publish","type":"post","link":"https:\/\/candas365.es\/noticias\/alemania-trata-de-confirmar-si-el-ei-ordeno-el-ataque-en-el-tren\/","title":{"rendered":"Alemania trata de confirmar si el EI orden\u00f3 el ataque en el tren"},"content":{"rendered":"<p>Wurzburgo\/Berl\u00edn\/Karlsruhe, 20 jul (dpa) &#8211; Alemania contin\u00faa tratando de aclarar los motivos que llevaron a un joven refugiado a cometer este lunes un brutal ataque contra los pasajeros de un tren regional que circulaba por el sur del pa\u00eds.<\/p>\n<p>La Fiscal\u00eda general asumi\u00f3 hoy las investigaciones del caso por sospecha de que se trat\u00f3 de un acto terrorista cometido \u00abcomo miembro del llamado Estado Isl\u00e1mico (EI)\u00bb.<\/p>\n<p>El afgano de 17 a\u00f1os caus\u00f3 heridas con hacha y cuchillo a cinco personas, cuatro de ellas miembros de una familia de Hong Kong que se encontraban de vacaciones en el pa\u00eds.<\/p>\n<p>La Fiscal\u00eda General se encarga en Alemania de las investigaciones de actos terroristas.<\/p>\n<p>Seg\u00fan inform\u00f3 esta ma\u00f1ana el ministro alem\u00e1n del Interior, Thomas de Mazi\u00e9re, el refugiado actu\u00f3 en solitario tras sentirse \u00abincitado\u00bb por la propaganda del Estado Isl\u00e1mico.<\/p>\n<p>El pol\u00edtico conservador indic\u00f3 que el v\u00eddeo en el que el joven asegura ser un soldado de la milicia terrorista no contiene ning\u00fan indicio que lleve a pensar que el EI le orden\u00f3 perpetrar el ataque.<\/p>\n<p>\u00abLo ocurrido fue un acto brutal de violencia indiscriminada\u00bb, sostuvo el responsable de Interior germano.<\/p>\n<p>Sobre el estado de salud de las cinco v\u00edctimas que dej\u00f3 el ataque, Thomas de Mazi\u00e9re se\u00f1al\u00f3 que todav\u00eda no est\u00e1 claro si todas ellas sobrevivir\u00e1n. Dos de ellas se encuentran en estado cr\u00edtico, inform\u00f3 hoy la polic\u00eda alemana.<\/p>\n<p>\u00abRezo por su recuperaci\u00f3n\u00bb, declar\u00f3 el ministro.<\/p>\n<p>El pol\u00edtico dijo que no se puede descartar que exista una relaci\u00f3n entre la masiva llegada de refugiados al pa\u00eds centroeuropeo, m\u00e1s de un mill\u00f3n el pasado a\u00f1o, y el terrorismo.<\/p>\n<p>\u00abHay indicios de terrorismo internacional entre los refugiados pero en la mayor\u00eda de los casos estos indicios se han demostrado falsos y en otros todav\u00eda deben ser comprobados, aunque no se puede decir que entre ambos no exista un nexo\u00bb, apunt\u00f3.<\/p>\n<p>De Mazi\u00e9re reconoci\u00f3 adem\u00e1s que todav\u00eda no se ha podido precisar si el v\u00eddeo en el que el menor se autodefine como un soldado de EI fue grabado con anterioridad o posterioridad al atentado perpetrado en Niza (sur de Francia) el 14 de julio.<\/p>\n<p>Las autoridades alemanas confirmaron este martes la autenticidad del video del joven afgano que hab\u00eda sido publicado en Internet por un \u00f3rgano de informaci\u00f3n del Estado Isl\u00e1mico (EI).<\/p>\n<p>\u00abEl hombre del video es el atacante de Wurzburgo\u00bb, dijo un portavoz del ministro del Interior de Baviera, Joachim Herrmann, a dpa.<\/p>\n<p>El video hab\u00eda sido publicado por Amak, una plataforma de propaganda de la milicia terrorista Estado Isl\u00e1mico (EI).<\/p>\n<p>\u00abSoy un soldado del Estado Isl\u00e1mico y doy inicio a una operaci\u00f3n sagrada en Alemania\u00bb, dice el hombre en el video, en el que habla en past\u00fan, mientras que blande un cuchillo de cocina. Seg\u00fan los subt\u00edtulos en \u00e1rabe del video, el joven manifiesta su intenci\u00f3n de cometer un atentado suicida.<\/p>\n<p>Las autoridades indicaron que la identidad del atacante pudo ser determinada a partir de una comparaci\u00f3n de im\u00e1genes de la Oficina Federal de Investigaci\u00f3n Criminal. Adem\u00e1s, el vocero explic\u00f3 que los testigos reconocieron que el video hab\u00eda sido grabado en Wurzburgo.<\/p>\n<p>&nbsp;<\/p>\n","protected":false},"excerpt":{"rendered":"<p>Wurzburgo\/Berl\u00edn\/Karlsruhe, 20 jul (dpa) &#8211; Alemania contin\u00faa tratando de aclarar los motivos que llevaron a un joven refugiado a cometer este lunes un brutal ataque contra los pasajeros de un tren regional que circulaba por el sur del pa\u00eds. La Fiscal\u00eda general asumi\u00f3 hoy las investigaciones del caso por sospecha de que se trat\u00f3 de<\/p>\n","protected":false},"author":1,"featured_media":16457,"comment_status":"closed","ping_status":"closed","sticky":false,"template":"","format":"standard","meta":{"footnotes":""},"categories":[343],"tags":[],"class_list":{"0":"post-32385","1":"post","2":"type-post","3":"status-publish","4":"format-standard","5":"has-post-thumbnail","7":"category-actualidad"},"aioseo_notices":[],"aioseo_head":"\n\t\t<!-- All in One SEO Pro 4.9.6.2 - aioseo.com -->\n\t<meta name=\"description\" content=\"Wurzburgo\/Berl\u00edn\/Karlsruhe, 20 jul (dpa) - Alemania contin\u00faa tratando de aclarar los motivos que llevaron a un joven refugiado a cometer este lunes un brutal ataque contra los pasajeros de un tren regional que circulaba por el sur del pa\u00eds. La Fiscal\u00eda general asumi\u00f3 hoy las investigaciones del caso por sospecha de que se trat\u00f3 de\" \/>\n\t<meta name=\"robots\" content=\"max-image-preview:large\" \/>\n\t<meta name=\"author\" content=\"Cand\u00e1s 365\"\/>\n\t<meta name=\"google-site-verification\" content=\"UA-32230408-1\" \/>\n\t<meta name=\"msvalidate.01\" content=\"354F3CDFB2DA171B47FBE9ABF1F88D5\" \/>\n\t<meta name=\"keywords\" content=\"actualidad\" \/>\n\t<link rel=\"canonical\" href=\"https:\/\/candas365.es\/noticias\/alemania-trata-de-confirmar-si-el-ei-ordeno-el-ataque-en-el-tren\/\" \/>\n\t<meta name=\"generator\" content=\"All in One SEO Pro (AIOSEO) 4.9.6.2\" \/>\n\t\t<meta property=\"og:locale\" content=\"es_ES\" \/>\n\t\t<meta property=\"og:site_name\" content=\"Cand\u00e1s 365\" \/>\n\t\t<meta property=\"og:type\" content=\"article\" \/>\n\t\t<meta property=\"og:title\" content=\"Alemania trata de confirmar si el EI orden\u00f3 el ataque en el tren | Cand\u00e1s 365\" \/>\n\t\t<meta property=\"og:description\" content=\"Wurzburgo\/Berl\u00edn\/Karlsruhe, 20 jul (dpa) - Alemania contin\u00faa tratando de aclarar los motivos que llevaron a un joven refugiado a cometer este lunes un brutal ataque contra los pasajeros de un tren regional que circulaba por el sur del pa\u00eds. La Fiscal\u00eda general asumi\u00f3 hoy las investigaciones del caso por sospecha de que se trat\u00f3 de\" \/>\n\t\t<meta property=\"og:url\" content=\"https:\/\/candas365.es\/noticias\/alemania-trata-de-confirmar-si-el-ei-ordeno-el-ataque-en-el-tren\/\" \/>\n\t\t<meta property=\"og:image\" content=\"https:\/\/candas365.es\/noticias\/wp-content\/uploads\/2015\/09\/c365noticias.jpg\" \/>\n\t\t<meta property=\"og:image:secure_url\" content=\"https:\/\/candas365.es\/noticias\/wp-content\/uploads\/2015\/09\/c365noticias.jpg\" \/>\n\t\t<meta property=\"og:image:width\" content=\"655\" \/>\n\t\t<meta property=\"og:image:height\" content=\"360\" \/>\n\t\t<meta property=\"article:published_time\" content=\"2016-07-21T02:31:24+00:00\" \/>\n\t\t<meta property=\"article:modified_time\" content=\"2016-07-21T02:31:24+00:00\" \/>\n\t\t<meta property=\"article:publisher\" content=\"https:\/\/www.facebook.com\/Nachofdezber\" \/>\n\t\t<meta property=\"article:author\" content=\"https:\/\/www.facebook.com\/carrenoactualidad\" \/>\n\t\t<meta name=\"twitter:card\" content=\"summary_large_image\" \/>\n\t\t<meta name=\"twitter:site\" content=\"@NabercoDigital\" \/>\n\t\t<meta name=\"twitter:title\" content=\"Alemania trata de confirmar si el EI orden\u00f3 el ataque en el tren | Cand\u00e1s 365\" \/>\n\t\t<meta name=\"twitter:description\" content=\"Wurzburgo\/Berl\u00edn\/Karlsruhe, 20 jul (dpa) - Alemania contin\u00faa tratando de aclarar los motivos que llevaron a un joven refugiado a cometer este lunes un brutal ataque contra los pasajeros de un tren regional que circulaba por el sur del pa\u00eds. La Fiscal\u00eda general asumi\u00f3 hoy las investigaciones del caso por sospecha de que se trat\u00f3 de\" \/>\n\t\t<meta name=\"twitter:creator\" content=\"@nbasturias\" \/>\n\t\t<meta name=\"twitter:image\" content=\"https:\/\/candas365.es\/noticias\/wp-content\/uploads\/2015\/09\/c365noticias.jpg\" \/>\n\t\t<meta name=\"twitter:label1\" content=\"Escrito por\" \/>\n\t\t<meta name=\"twitter:data1\" content=\"Cand\u00e1s 365\" \/>\n\t\t<meta name=\"twitter:label2\" content=\"Tiempo de lectura estimado\" \/>\n\t\t<meta name=\"twitter:data2\" content=\"3 minutos\" \/>\n\t\t<script type=\"application\/ld+json\" class=\"aioseo-schema\">\n\t\t\t{\"@context\":\"https:\\\/\\\/schema.org\",\"@graph\":[{\"@type\":\"BreadcrumbList\",\"@id\":\"https:\\\/\\\/candas365.es\\\/noticias\\\/alemania-trata-de-confirmar-si-el-ei-ordeno-el-ataque-en-el-tren\\\/#breadcrumblist\",\"itemListElement\":[{\"@type\":\"ListItem\",\"@id\":\"https:\\\/\\\/candas365.es\\\/noticias#listItem\",\"position\":1,\"name\":\"Home\",\"item\":\"https:\\\/\\\/candas365.es\\\/noticias\",\"nextItem\":{\"@type\":\"ListItem\",\"@id\":\"https:\\\/\\\/candas365.es\\\/noticias\\\/category\\\/actualidad\\\/#listItem\",\"name\":\"Actualidad\"}},{\"@type\":\"ListItem\",\"@id\":\"https:\\\/\\\/candas365.es\\\/noticias\\\/category\\\/actualidad\\\/#listItem\",\"position\":2,\"name\":\"Actualidad\",\"item\":\"https:\\\/\\\/candas365.es\\\/noticias\\\/category\\\/actualidad\\\/\",\"nextItem\":{\"@type\":\"ListItem\",\"@id\":\"https:\\\/\\\/candas365.es\\\/noticias\\\/alemania-trata-de-confirmar-si-el-ei-ordeno-el-ataque-en-el-tren\\\/#listItem\",\"name\":\"Alemania trata de confirmar si el EI orden\\u00f3 el ataque en el tren\"},\"previousItem\":{\"@type\":\"ListItem\",\"@id\":\"https:\\\/\\\/candas365.es\\\/noticias#listItem\",\"name\":\"Home\"}},{\"@type\":\"ListItem\",\"@id\":\"https:\\\/\\\/candas365.es\\\/noticias\\\/alemania-trata-de-confirmar-si-el-ei-ordeno-el-ataque-en-el-tren\\\/#listItem\",\"position\":3,\"name\":\"Alemania trata de confirmar si el EI orden\\u00f3 el ataque en el tren\",\"previousItem\":{\"@type\":\"ListItem\",\"@id\":\"https:\\\/\\\/candas365.es\\\/noticias\\\/category\\\/actualidad\\\/#listItem\",\"name\":\"Actualidad\"}}]},{\"@type\":\"NewsArticle\",\"@id\":\"https:\\\/\\\/candas365.es\\\/noticias\\\/alemania-trata-de-confirmar-si-el-ei-ordeno-el-ataque-en-el-tren\\\/#newsarticle\",\"name\":\"Alemania trata de confirmar si el EI orden\\u00f3 el ataque en el tren | Cand\\u00e1s 365\",\"headline\":\"Alemania trata de confirmar si el EI orden\\u00f3 el ataque en el tren\",\"author\":{\"@id\":\"https:\\\/\\\/candas365.es\\\/noticias\\\/author\\\/admin\\\/#author\"},\"publisher\":{\"@id\":\"https:\\\/\\\/candas365.es\\\/noticias\\\/#organization\"},\"image\":{\"@type\":\"ImageObject\",\"url\":\"https:\\\/\\\/candas365.es\\\/noticias\\\/wp-content\\\/uploads\\\/2015\\\/09\\\/c365noticias.jpg\",\"width\":655,\"height\":360},\"datePublished\":\"2016-07-21T04:01:24+02:00\",\"dateModified\":\"2016-07-21T04:01:24+02:00\",\"inLanguage\":\"es-ES\",\"mainEntityOfPage\":{\"@id\":\"https:\\\/\\\/candas365.es\\\/noticias\\\/alemania-trata-de-confirmar-si-el-ei-ordeno-el-ataque-en-el-tren\\\/#webpage\"},\"isPartOf\":{\"@id\":\"https:\\\/\\\/candas365.es\\\/noticias\\\/alemania-trata-de-confirmar-si-el-ei-ordeno-el-ataque-en-el-tren\\\/#webpage\"},\"articleSection\":\"Actualidad\",\"dateline\":\"Publicado el julio 21, 2016.\"},{\"@type\":\"Organization\",\"@id\":\"https:\\\/\\\/candas365.es\\\/noticias\\\/#organization\",\"name\":\"Cand\\u00e1s 365\",\"description\":\"Cand\\u00e1s 365 es un diario digital independiente, fundado en 2012, con base en Asturias. Informamos con rigor sobre actualidad, sociedad, cultura y ocio, con una mirada local y global.\",\"url\":\"https:\\\/\\\/candas365.es\\\/noticias\\\/\",\"email\":\"info@candas365.es\",\"telephone\":\"+34652131393\",\"foundingDate\":\"2012-06-10\",\"logo\":{\"@type\":\"ImageObject\",\"url\":\"https:\\\/\\\/candas365.es\\\/noticias\\\/wp-content\\\/uploads\\\/2024\\\/09\\\/Candas-365-Redes.jpg\",\"@id\":\"https:\\\/\\\/candas365.es\\\/noticias\\\/alemania-trata-de-confirmar-si-el-ei-ordeno-el-ataque-en-el-tren\\\/#organizationLogo\",\"width\":1152,\"height\":864,\"caption\":\"Cand\\u00e1s 365 Redes\"},\"image\":{\"@id\":\"https:\\\/\\\/candas365.es\\\/noticias\\\/alemania-trata-de-confirmar-si-el-ei-ordeno-el-ataque-en-el-tren\\\/#organizationLogo\"},\"sameAs\":[\"https:\\\/\\\/www.facebook.com\\\/Nachofdezber\",\"https:\\\/\\\/x.com\\\/NabercoDigital\",\"https:\\\/\\\/www.instagram.com\\\/nachofdezber\\\/\",\"https:\\\/\\\/www.youtube.com\\\/channel\\\/UCZP-2wLEB9Rv6erhFmqVnvg\"],\"address\":{\"@id\":\"https:\\\/\\\/candas365.es\\\/noticias\\\/#postaladdress\",\"@type\":\"PostalAddress\",\"streetAddress\":\"san antonio 4, san antonio 4\",\"postalCode\":\"33430\",\"addressLocality\":\"Cand\\u00e1s\",\"addressRegion\":\"Asturias\",\"addressCountry\":\"ES\"}},{\"@type\":\"Person\",\"@id\":\"https:\\\/\\\/candas365.es\\\/noticias\\\/author\\\/admin\\\/#author\",\"url\":\"https:\\\/\\\/candas365.es\\\/noticias\\\/author\\\/admin\\\/\",\"name\":\"Cand\\u00e1s 365\",\"image\":{\"@type\":\"ImageObject\",\"@id\":\"https:\\\/\\\/candas365.es\\\/noticias\\\/alemania-trata-de-confirmar-si-el-ei-ordeno-el-ataque-en-el-tren\\\/#authorImage\",\"url\":\"https:\\\/\\\/secure.gravatar.com\\\/avatar\\\/496a8e03d0c493ede1718b7934145dbdf8d89be1036b0eec9544e1094c9de390?s=96&d=mm&r=g\",\"width\":96,\"height\":96,\"caption\":\"Cand\\u00e1s 365\"},\"sameAs\":[\"https:\\\/\\\/www.facebook.com\\\/carrenoactualidad\",\"https:\\\/\\\/twitter.com\\\/nbasturias\",\"https:\\\/\\\/www.instagram.com\\\/nachofdezber\\\/\",\"https:\\\/\\\/www.youtube.com\\\/channel\\\/UCZP-2wLEB9Rv6erhFmqVnvg\"]},{\"@type\":\"WebPage\",\"@id\":\"https:\\\/\\\/candas365.es\\\/noticias\\\/alemania-trata-de-confirmar-si-el-ei-ordeno-el-ataque-en-el-tren\\\/#webpage\",\"url\":\"https:\\\/\\\/candas365.es\\\/noticias\\\/alemania-trata-de-confirmar-si-el-ei-ordeno-el-ataque-en-el-tren\\\/\",\"name\":\"Alemania trata de confirmar si el EI orden\\u00f3 el ataque en el tren | Cand\\u00e1s 365\",\"description\":\"Wurzburgo\\\/Berl\\u00edn\\\/Karlsruhe, 20 jul (dpa) - Alemania contin\\u00faa tratando de aclarar los motivos que llevaron a un joven refugiado a cometer este lunes un brutal ataque contra los pasajeros de un tren regional que circulaba por el sur del pa\\u00eds. La Fiscal\\u00eda general asumi\\u00f3 hoy las investigaciones del caso por sospecha de que se trat\\u00f3 de\",\"inLanguage\":\"es-ES\",\"isPartOf\":{\"@id\":\"https:\\\/\\\/candas365.es\\\/noticias\\\/#website\"},\"breadcrumb\":{\"@id\":\"https:\\\/\\\/candas365.es\\\/noticias\\\/alemania-trata-de-confirmar-si-el-ei-ordeno-el-ataque-en-el-tren\\\/#breadcrumblist\"},\"author\":{\"@id\":\"https:\\\/\\\/candas365.es\\\/noticias\\\/author\\\/admin\\\/#author\"},\"creator\":{\"@id\":\"https:\\\/\\\/candas365.es\\\/noticias\\\/author\\\/admin\\\/#author\"},\"image\":{\"@type\":\"ImageObject\",\"url\":\"https:\\\/\\\/candas365.es\\\/noticias\\\/wp-content\\\/uploads\\\/2015\\\/09\\\/c365noticias.jpg\",\"@id\":\"https:\\\/\\\/candas365.es\\\/noticias\\\/alemania-trata-de-confirmar-si-el-ei-ordeno-el-ataque-en-el-tren\\\/#mainImage\",\"width\":655,\"height\":360},\"primaryImageOfPage\":{\"@id\":\"https:\\\/\\\/candas365.es\\\/noticias\\\/alemania-trata-de-confirmar-si-el-ei-ordeno-el-ataque-en-el-tren\\\/#mainImage\"},\"datePublished\":\"2016-07-21T04:01:24+02:00\",\"dateModified\":\"2016-07-21T04:01:24+02:00\"},{\"@type\":\"WebSite\",\"@id\":\"https:\\\/\\\/candas365.es\\\/noticias\\\/#website\",\"url\":\"https:\\\/\\\/candas365.es\\\/noticias\\\/\",\"name\":\"Cand\\u00e1s 365\",\"alternateName\":\"Cand\\u00e1s 365 Noticias\",\"description\":\"Actualidad desde Carre\\u00f1o para el mundo\",\"inLanguage\":\"es-ES\",\"publisher\":{\"@id\":\"https:\\\/\\\/candas365.es\\\/noticias\\\/#organization\"}}]}\n\t\t<\/script>\n\t\t<!-- All in One SEO Pro -->\r\n\t\t<title>Alemania trata de confirmar si el EI orden\u00f3 el ataque en el tren | Cand\u00e1s 365<\/title>\n\n","aioseo_head_json":{"title":"Alemania trata de confirmar si el EI orden\u00f3 el ataque en el tren | Cand\u00e1s 365","description":"Wurzburgo\/Berl\u00edn\/Karlsruhe, 20 jul (dpa) - Alemania contin\u00faa tratando de aclarar los motivos que llevaron a un joven refugiado a cometer este lunes un brutal ataque contra los pasajeros de un tren regional que circulaba por el sur del pa\u00eds. La Fiscal\u00eda general asumi\u00f3 hoy las investigaciones del caso por sospecha de que se trat\u00f3 de","canonical_url":"https:\/\/candas365.es\/noticias\/alemania-trata-de-confirmar-si-el-ei-ordeno-el-ataque-en-el-tren\/","robots":"max-image-preview:large","keywords":"actualidad","webmasterTools":{"google-site-verification":"UA-32230408-1","msvalidate.01":"354F3CDFB2DA171B47FBE9ABF1F88D5","miscellaneous":""},"schema":{"@context":"https:\/\/schema.org","@graph":[{"@type":"BreadcrumbList","@id":"https:\/\/candas365.es\/noticias\/alemania-trata-de-confirmar-si-el-ei-ordeno-el-ataque-en-el-tren\/#breadcrumblist","itemListElement":[{"@type":"ListItem","@id":"https:\/\/candas365.es\/noticias#listItem","position":1,"name":"Home","item":"https:\/\/candas365.es\/noticias","nextItem":{"@type":"ListItem","@id":"https:\/\/candas365.es\/noticias\/category\/actualidad\/#listItem","name":"Actualidad"}},{"@type":"ListItem","@id":"https:\/\/candas365.es\/noticias\/category\/actualidad\/#listItem","position":2,"name":"Actualidad","item":"https:\/\/candas365.es\/noticias\/category\/actualidad\/","nextItem":{"@type":"ListItem","@id":"https:\/\/candas365.es\/noticias\/alemania-trata-de-confirmar-si-el-ei-ordeno-el-ataque-en-el-tren\/#listItem","name":"Alemania trata de confirmar si el EI orden\u00f3 el ataque en el tren"},"previousItem":{"@type":"ListItem","@id":"https:\/\/candas365.es\/noticias#listItem","name":"Home"}},{"@type":"ListItem","@id":"https:\/\/candas365.es\/noticias\/alemania-trata-de-confirmar-si-el-ei-ordeno-el-ataque-en-el-tren\/#listItem","position":3,"name":"Alemania trata de confirmar si el EI orden\u00f3 el ataque en el tren","previousItem":{"@type":"ListItem","@id":"https:\/\/candas365.es\/noticias\/category\/actualidad\/#listItem","name":"Actualidad"}}]},{"@type":"NewsArticle","@id":"https:\/\/candas365.es\/noticias\/alemania-trata-de-confirmar-si-el-ei-ordeno-el-ataque-en-el-tren\/#newsarticle","name":"Alemania trata de confirmar si el EI orden\u00f3 el ataque en el tren | Cand\u00e1s 365","headline":"Alemania trata de confirmar si el EI orden\u00f3 el ataque en el tren","author":{"@id":"https:\/\/candas365.es\/noticias\/author\/admin\/#author"},"publisher":{"@id":"https:\/\/candas365.es\/noticias\/#organization"},"image":{"@type":"ImageObject","url":"https:\/\/candas365.es\/noticias\/wp-content\/uploads\/2015\/09\/c365noticias.jpg","width":655,"height":360},"datePublished":"2016-07-21T04:01:24+02:00","dateModified":"2016-07-21T04:01:24+02:00","inLanguage":"es-ES","mainEntityOfPage":{"@id":"https:\/\/candas365.es\/noticias\/alemania-trata-de-confirmar-si-el-ei-ordeno-el-ataque-en-el-tren\/#webpage"},"isPartOf":{"@id":"https:\/\/candas365.es\/noticias\/alemania-trata-de-confirmar-si-el-ei-ordeno-el-ataque-en-el-tren\/#webpage"},"articleSection":"Actualidad","dateline":"Publicado el julio 21, 2016."},{"@type":"Organization","@id":"https:\/\/candas365.es\/noticias\/#organization","name":"Cand\u00e1s 365","description":"Cand\u00e1s 365 es un diario digital independiente, fundado en 2012, con base en Asturias. Informamos con rigor sobre actualidad, sociedad, cultura y ocio, con una mirada local y global.","url":"https:\/\/candas365.es\/noticias\/","email":"info@candas365.es","telephone":"+34652131393","foundingDate":"2012-06-10","logo":{"@type":"ImageObject","url":"https:\/\/candas365.es\/noticias\/wp-content\/uploads\/2024\/09\/Candas-365-Redes.jpg","@id":"https:\/\/candas365.es\/noticias\/alemania-trata-de-confirmar-si-el-ei-ordeno-el-ataque-en-el-tren\/#organizationLogo","width":1152,"height":864,"caption":"Cand\u00e1s 365 Redes"},"image":{"@id":"https:\/\/candas365.es\/noticias\/alemania-trata-de-confirmar-si-el-ei-ordeno-el-ataque-en-el-tren\/#organizationLogo"},"sameAs":["https:\/\/www.facebook.com\/Nachofdezber","https:\/\/x.com\/NabercoDigital","https:\/\/www.instagram.com\/nachofdezber\/","https:\/\/www.youtube.com\/channel\/UCZP-2wLEB9Rv6erhFmqVnvg"],"address":{"@id":"https:\/\/candas365.es\/noticias\/#postaladdress","@type":"PostalAddress","streetAddress":"san antonio 4, san antonio 4","postalCode":"33430","addressLocality":"Cand\u00e1s","addressRegion":"Asturias","addressCountry":"ES"}},{"@type":"Person","@id":"https:\/\/candas365.es\/noticias\/author\/admin\/#author","url":"https:\/\/candas365.es\/noticias\/author\/admin\/","name":"Cand\u00e1s 365","image":{"@type":"ImageObject","@id":"https:\/\/candas365.es\/noticias\/alemania-trata-de-confirmar-si-el-ei-ordeno-el-ataque-en-el-tren\/#authorImage","url":"https:\/\/secure.gravatar.com\/avatar\/496a8e03d0c493ede1718b7934145dbdf8d89be1036b0eec9544e1094c9de390?s=96&d=mm&r=g","width":96,"height":96,"caption":"Cand\u00e1s 365"},"sameAs":["https:\/\/www.facebook.com\/carrenoactualidad","https:\/\/twitter.com\/nbasturias","https:\/\/www.instagram.com\/nachofdezber\/","https:\/\/www.youtube.com\/channel\/UCZP-2wLEB9Rv6erhFmqVnvg"]},{"@type":"WebPage","@id":"https:\/\/candas365.es\/noticias\/alemania-trata-de-confirmar-si-el-ei-ordeno-el-ataque-en-el-tren\/#webpage","url":"https:\/\/candas365.es\/noticias\/alemania-trata-de-confirmar-si-el-ei-ordeno-el-ataque-en-el-tren\/","name":"Alemania trata de confirmar si el EI orden\u00f3 el ataque en el tren | Cand\u00e1s 365","description":"Wurzburgo\/Berl\u00edn\/Karlsruhe, 20 jul (dpa) - Alemania contin\u00faa tratando de aclarar los motivos que llevaron a un joven refugiado a cometer este lunes un brutal ataque contra los pasajeros de un tren regional que circulaba por el sur del pa\u00eds. La Fiscal\u00eda general asumi\u00f3 hoy las investigaciones del caso por sospecha de que se trat\u00f3 de","inLanguage":"es-ES","isPartOf":{"@id":"https:\/\/candas365.es\/noticias\/#website"},"breadcrumb":{"@id":"https:\/\/candas365.es\/noticias\/alemania-trata-de-confirmar-si-el-ei-ordeno-el-ataque-en-el-tren\/#breadcrumblist"},"author":{"@id":"https:\/\/candas365.es\/noticias\/author\/admin\/#author"},"creator":{"@id":"https:\/\/candas365.es\/noticias\/author\/admin\/#author"},"image":{"@type":"ImageObject","url":"https:\/\/candas365.es\/noticias\/wp-content\/uploads\/2015\/09\/c365noticias.jpg","@id":"https:\/\/candas365.es\/noticias\/alemania-trata-de-confirmar-si-el-ei-ordeno-el-ataque-en-el-tren\/#mainImage","width":655,"height":360},"primaryImageOfPage":{"@id":"https:\/\/candas365.es\/noticias\/alemania-trata-de-confirmar-si-el-ei-ordeno-el-ataque-en-el-tren\/#mainImage"},"datePublished":"2016-07-21T04:01:24+02:00","dateModified":"2016-07-21T04:01:24+02:00"},{"@type":"WebSite","@id":"https:\/\/candas365.es\/noticias\/#website","url":"https:\/\/candas365.es\/noticias\/","name":"Cand\u00e1s 365","alternateName":"Cand\u00e1s 365 Noticias","description":"Actualidad desde Carre\u00f1o para el mundo","inLanguage":"es-ES","publisher":{"@id":"https:\/\/candas365.es\/noticias\/#organization"}}]},"og:locale":"es_ES","og:site_name":"Cand\u00e1s 365","og:type":"article","og:title":"Alemania trata de confirmar si el EI orden\u00f3 el ataque en el tren | Cand\u00e1s 365","og:description":"Wurzburgo\/Berl\u00edn\/Karlsruhe, 20 jul (dpa) - Alemania contin\u00faa tratando de aclarar los motivos que llevaron a un joven refugiado a cometer este lunes un brutal ataque contra los pasajeros de un tren regional que circulaba por el sur del pa\u00eds. La Fiscal\u00eda general asumi\u00f3 hoy las investigaciones del caso por sospecha de que se trat\u00f3 de","og:url":"https:\/\/candas365.es\/noticias\/alemania-trata-de-confirmar-si-el-ei-ordeno-el-ataque-en-el-tren\/","og:image":"https:\/\/candas365.es\/noticias\/wp-content\/uploads\/2015\/09\/c365noticias.jpg","og:image:secure_url":"https:\/\/candas365.es\/noticias\/wp-content\/uploads\/2015\/09\/c365noticias.jpg","og:image:width":655,"og:image:height":360,"article:published_time":"2016-07-21T02:31:24+00:00","article:modified_time":"2016-07-21T02:31:24+00:00","article:publisher":"https:\/\/www.facebook.com\/Nachofdezber","article:author":"https:\/\/www.facebook.com\/carrenoactualidad","twitter:card":"summary_large_image","twitter:site":"@NabercoDigital","twitter:title":"Alemania trata de confirmar si el EI orden\u00f3 el ataque en el tren | Cand\u00e1s 365","twitter:description":"Wurzburgo\/Berl\u00edn\/Karlsruhe, 20 jul (dpa) - Alemania contin\u00faa tratando de aclarar los motivos que llevaron a un joven refugiado a cometer este lunes un brutal ataque contra los pasajeros de un tren regional que circulaba por el sur del pa\u00eds. La Fiscal\u00eda general asumi\u00f3 hoy las investigaciones del caso por sospecha de que se trat\u00f3 de","twitter:creator":"@nbasturias","twitter:image":"https:\/\/candas365.es\/noticias\/wp-content\/uploads\/2015\/09\/c365noticias.jpg","twitter:label1":"Escrito por","twitter:data1":"Cand\u00e1s 365","twitter:label2":"Tiempo de lectura estimado","twitter:data2":"3 minutos"},"aioseo_meta_data":{"post_id":"32385","title":null,"description":null,"keywords":null,"keyphrases":null,"primary_term":null,"canonical_url":null,"og_title":null,"og_description":null,"og_object_type":"default","og_image_type":"default","og_image_url":null,"og_image_width":null,"og_image_height":null,"og_image_custom_url":null,"og_image_custom_fields":null,"og_video":null,"og_custom_url":null,"og_article_section":null,"og_article_tags":null,"twitter_use_og":false,"twitter_card":"default","twitter_image_type":"default","twitter_image_url":null,"twitter_image_custom_url":null,"twitter_image_custom_fields":null,"twitter_title":null,"twitter_description":null,"schema":{"blockGraphs":[],"customGraphs":[],"default":{"data":{"Article":[],"Course":[],"Dataset":[],"FAQPage":[],"Movie":[],"Person":[],"Product":[],"ProductReview":[],"Car":[],"Recipe":[],"Service":[],"SoftwareApplication":[],"WebPage":[]},"graphName":"","isEnabled":true},"graphs":[]},"schema_type":null,"schema_type_options":null,"pillar_content":false,"robots_default":true,"robots_noindex":false,"robots_noarchive":false,"robots_nosnippet":false,"robots_nofollow":false,"robots_noimageindex":false,"robots_noodp":false,"robots_notranslate":false,"robots_max_snippet":null,"robots_max_videopreview":null,"robots_max_imagepreview":"large","priority":null,"frequency":null,"location":null,"local_seo":null,"seo_analyzer_scan_date":"2025-08-24 15:18:15","breadcrumb_settings":null,"limit_modified_date":false,"reviewed_by":null,"open_ai":null,"ai":null,"created":"2020-12-21 13:03:41","updated":"2025-08-24 15:18:15"},"aioseo_breadcrumb":"<div class=\"aioseo-breadcrumbs\"><span class=\"aioseo-breadcrumb\">\n\t<a href=\"https:\/\/candas365.es\/noticias\" title=\"Home\">Home<\/a>\n<\/span><span class=\"aioseo-breadcrumb-separator\">&ndash;<\/span><span class=\"aioseo-breadcrumb\">\n\t<a href=\"https:\/\/candas365.es\/noticias\/category\/actualidad\/\" title=\"Actualidad\">Actualidad<\/a>\n<\/span><span class=\"aioseo-breadcrumb-separator\">&ndash;<\/span><span class=\"aioseo-breadcrumb\">\n\tAlemania trata de confirmar si el EI orden\u00f3 el ataque en el tren\n<\/span><\/div>","aioseo_breadcrumb_json":[{"label":"Home","link":"https:\/\/candas365.es\/noticias"},{"label":"Actualidad","link":"https:\/\/candas365.es\/noticias\/category\/actualidad\/"},{"label":"Alemania trata de confirmar si el EI orden\u00f3 el ataque en el tren","link":"https:\/\/candas365.es\/noticias\/alemania-trata-de-confirmar-si-el-ei-ordeno-el-ataque-en-el-tren\/"}],"_links":{"self":[{"href":"https:\/\/candas365.es\/noticias\/wp-json\/wp\/v2\/posts\/32385","targetHints":{"allow":["GET"]}}],"collection":[{"href":"https:\/\/candas365.es\/noticias\/wp-json\/wp\/v2\/posts"}],"about":[{"href":"https:\/\/candas365.es\/noticias\/wp-json\/wp\/v2\/types\/post"}],"author":[{"embeddable":true,"href":"https:\/\/candas365.es\/noticias\/wp-json\/wp\/v2\/users\/1"}],"replies":[{"embeddable":true,"href":"https:\/\/candas365.es\/noticias\/wp-json\/wp\/v2\/comments?post=32385"}],"version-history":[{"count":0,"href":"https:\/\/candas365.es\/noticias\/wp-json\/wp\/v2\/posts\/32385\/revisions"}],"wp:featuredmedia":[{"embeddable":true,"href":"https:\/\/candas365.es\/noticias\/wp-json\/wp\/v2\/media\/16457"}],"wp:attachment":[{"href":"https:\/\/candas365.es\/noticias\/wp-json\/wp\/v2\/media?parent=32385"}],"wp:term":[{"taxonomy":"category","embeddable":true,"href":"https:\/\/candas365.es\/noticias\/wp-json\/wp\/v2\/categories?post=32385"},{"taxonomy":"post_tag","embeddable":true,"href":"https:\/\/candas365.es\/noticias\/wp-json\/wp\/v2\/tags?post=32385"}],"curies":[{"name":"wp","href":"https:\/\/api.w.org\/{rel}","templated":true}]}}