{"id":32383,"date":"2016-07-21T03:59:17","date_gmt":"2016-07-21T02:29:17","guid":{"rendered":"http:\/\/candas365.es\/noticias\/?p=32383"},"modified":"2016-07-21T03:59:17","modified_gmt":"2016-07-21T02:29:17","slug":"ataque-cometido-por-refugiado-podria-dar-alas-al-populismo","status":"publish","type":"post","link":"https:\/\/candas365.es\/noticias\/ataque-cometido-por-refugiado-podria-dar-alas-al-populismo\/","title":{"rendered":"Ataque cometido por refugiado podr\u00eda dar alas al populismo"},"content":{"rendered":"<p>Berl\u00edn, 20 jul (dpa) &#8211; El brutal ataque perpetrado el lunes por un joven refugiado de 17 a\u00f1os en un tren regional en el sur de Alemania amenaza con reavivar el debate sobre la pol\u00edtica migratoria impulsada por el Gobierno de Angela Merkel, muy cuestionada por el partido populista de derechas Alternativa para Alemania (AfD).<\/p>\n<p>El adolescente agredi\u00f3 con un hacha y un cuchillo a los viajeros que viajaban en el convoy, causando cinco heridos, cuatro de ellos de gravedad, y dejando en estado de shock a los 14 pasajeros restantes que presenciaron el ataque.<\/p>\n<p>El joven, de nacionalidad afgana, se hab\u00eda registrado el pasado a\u00f1o como solicitante de asilo en el pa\u00eds. Su crimen sit\u00faa de nuevo a los migrantes en el punto de mira, tal y como ocurri\u00f3 en Nochevieja cuando cientos de mujeres sufrieron agresiones sexuales que fueron cometidas presuntamente por hombres procedentes de pa\u00edses \u00e1rabes.<\/p>\n<p>El suceso caus\u00f3 por aquel entonces una gran conmoci\u00f3n en Alemania y tanto representantes p\u00fablicos como miembros del Gobierno de Merkel pidieron no instrumentalizar lo ocurrido relacionando los hechos con la masiva llegada de refugiados.<\/p>\n<p>La advertencia supon\u00eda un intento del Ejecutivo alem\u00e1n de evitar la estigmatizaci\u00f3n de la poblaci\u00f3n migrante y, de paso, buscaba servir como muro de contenci\u00f3n para evitar que movimientos populistas como AfD sacasen r\u00e9dito pol\u00edtico a lo sucedido.<\/p>\n<p>\u00ab\u00bfYa es Alemania lo suficientemente multicolor y abierta al mundo para usted, se\u00f1ora Merkel?\u00bb, le espet\u00f3 la l\u00edder de Alternativa para Alemania, Frauke Petry, en aquel momento a la canciller en una pregunta ret\u00f3rica que sonaba a una especie de \u00abconfirmaci\u00f3n\u00bb de su tesis antimigratoria.<\/p>\n<p>Tres meses despu\u00e9s, en las elecciones regionales celebradas en marzo en tres estados federados del pa\u00eds, AfD registr\u00f3 un avance hist\u00f3rico que lleg\u00f3 a cambiar el mapa pol\u00edtico de Alemania y evidenci\u00f3 s\u00edntomas de desgaste en los partidos tradicionales.<\/p>\n<p>Los resultados electorales fueron interpretados como un castigo a la pol\u00edtica de refugiados de la mandataria germana.<\/p>\n<p>Asimismo, mostraban las primeras se\u00f1ales de que la sociedad alemana acusaba un cierto grado de polarizaci\u00f3n, con ciudadanos abiertos a la acogida de peticionarios de asilo y otros manifest\u00e1ndose en las calles para reclamar la dimisi\u00f3n de la canciller y exigir el freno de la ola migratoria.<\/p>\n<p>Merkel, que demostr\u00f3 liderazgo durante la crisis del euro que sacudi\u00f3 a la UE y las negociaciones de los rescates griegos, deber\u00e1 ahora tomar de nuevo las riendas para evitar que la tensi\u00f3n social en la locomotora de Europa vaya en aumento.<\/p>\n<p>Sin duda, el Gobierno federal pondr\u00e1 en ello todo su empe\u00f1o, tambi\u00e9n porque el calendario avanza y el pr\u00f3ximo a\u00f1o se celebran elecciones generales en el pa\u00eds.<\/p>\n<p>La cita supondr\u00e1 una prueba de fuego para el partido conservador que lidera la mandataria, aunque todav\u00eda no est\u00e1 claro si Merkel se presentar\u00e1 a la reelecci\u00f3n.<\/p>\n<p>Ese ser\u00e1 el momento en el que se demuestre si se cumple la frase \u00abLo vamos a conseguir\u00bb, que la pol\u00edtica cristianodem\u00f3crata repiti\u00f3 hasta la saciedad durante la gesti\u00f3n de la crisis migratoria.<\/p>\n<p>Tras la masiva llegada de refugiados a Alemania, la clave ser\u00e1 comprobar si los ataques terroristas logran transformar a una sociedad como la germana.<\/p>\n<p>Tambi\u00e9n habr\u00e1 que ver hasta qu\u00e9 punto la cultura de bienvenida que el pa\u00eds centroeuropeo mostr\u00f3 al mundo hace justo un a\u00f1o se mantiene en tiempos de incertidumbre, en los que los atentados yihadistas han puesto un pie en Europa y amenazan con quedarse.<\/p>\n<p><span class=\" readonly\" title=\"\"><em>Por Mar\u00eda Prieto<\/em><\/span><\/p>\n","protected":false},"excerpt":{"rendered":"<p>Berl\u00edn, 20 jul (dpa) &#8211; El brutal ataque perpetrado el lunes por un joven refugiado de 17 a\u00f1os en un tren regional en el sur de Alemania amenaza con reavivar el debate sobre la pol\u00edtica migratoria impulsada por el Gobierno de Angela Merkel, muy cuestionada por el partido populista de derechas Alternativa para Alemania (AfD).<\/p>\n","protected":false},"author":1,"featured_media":16457,"comment_status":"closed","ping_status":"closed","sticky":false,"template":"","format":"standard","meta":{"footnotes":""},"categories":[343],"tags":[],"class_list":{"0":"post-32383","1":"post","2":"type-post","3":"status-publish","4":"format-standard","5":"has-post-thumbnail","7":"category-actualidad"},"aioseo_notices":[],"aioseo_head":"\n\t\t<!-- All in One SEO Pro 4.9.6.2 - aioseo.com -->\n\t<meta name=\"description\" content=\"Berl\u00edn, 20 jul (dpa) - El brutal ataque perpetrado el lunes por un joven refugiado de 17 a\u00f1os en un tren regional en el sur de Alemania amenaza con reavivar el debate sobre la pol\u00edtica migratoria impulsada por el Gobierno de Angela Merkel, muy cuestionada por el partido populista de derechas Alternativa para Alemania (AfD).\" \/>\n\t<meta name=\"robots\" content=\"max-image-preview:large\" \/>\n\t<meta name=\"author\" content=\"Cand\u00e1s 365\"\/>\n\t<meta name=\"google-site-verification\" content=\"UA-32230408-1\" \/>\n\t<meta name=\"msvalidate.01\" content=\"354F3CDFB2DA171B47FBE9ABF1F88D5\" \/>\n\t<meta name=\"keywords\" content=\"actualidad\" \/>\n\t<link rel=\"canonical\" href=\"https:\/\/candas365.es\/noticias\/ataque-cometido-por-refugiado-podria-dar-alas-al-populismo\/\" \/>\n\t<meta name=\"generator\" content=\"All in One SEO Pro (AIOSEO) 4.9.6.2\" \/>\n\t\t<meta property=\"og:locale\" content=\"es_ES\" \/>\n\t\t<meta property=\"og:site_name\" content=\"Cand\u00e1s 365\" \/>\n\t\t<meta property=\"og:type\" content=\"article\" \/>\n\t\t<meta property=\"og:title\" content=\"Ataque cometido por refugiado podr\u00eda dar alas al populismo | Cand\u00e1s 365\" \/>\n\t\t<meta property=\"og:description\" content=\"Berl\u00edn, 20 jul (dpa) - El brutal ataque perpetrado el lunes por un joven refugiado de 17 a\u00f1os en un tren regional en el sur de Alemania amenaza con reavivar el debate sobre la pol\u00edtica migratoria impulsada por el Gobierno de Angela Merkel, muy cuestionada por el partido populista de derechas Alternativa para Alemania (AfD).\" \/>\n\t\t<meta property=\"og:url\" content=\"https:\/\/candas365.es\/noticias\/ataque-cometido-por-refugiado-podria-dar-alas-al-populismo\/\" \/>\n\t\t<meta property=\"og:image\" content=\"https:\/\/candas365.es\/noticias\/wp-content\/uploads\/2015\/09\/c365noticias.jpg\" \/>\n\t\t<meta property=\"og:image:secure_url\" content=\"https:\/\/candas365.es\/noticias\/wp-content\/uploads\/2015\/09\/c365noticias.jpg\" \/>\n\t\t<meta property=\"og:image:width\" content=\"655\" \/>\n\t\t<meta property=\"og:image:height\" content=\"360\" \/>\n\t\t<meta property=\"article:published_time\" content=\"2016-07-21T02:29:17+00:00\" \/>\n\t\t<meta property=\"article:modified_time\" content=\"2016-07-21T02:29:17+00:00\" \/>\n\t\t<meta property=\"article:publisher\" content=\"https:\/\/www.facebook.com\/Nachofdezber\" \/>\n\t\t<meta property=\"article:author\" content=\"https:\/\/www.facebook.com\/carrenoactualidad\" \/>\n\t\t<meta name=\"twitter:card\" content=\"summary_large_image\" \/>\n\t\t<meta name=\"twitter:site\" content=\"@NabercoDigital\" \/>\n\t\t<meta name=\"twitter:title\" content=\"Ataque cometido por refugiado podr\u00eda dar alas al populismo | Cand\u00e1s 365\" \/>\n\t\t<meta name=\"twitter:description\" content=\"Berl\u00edn, 20 jul (dpa) - El brutal ataque perpetrado el lunes por un joven refugiado de 17 a\u00f1os en un tren regional en el sur de Alemania amenaza con reavivar el debate sobre la pol\u00edtica migratoria impulsada por el Gobierno de Angela Merkel, muy cuestionada por el partido populista de derechas Alternativa para Alemania (AfD).\" \/>\n\t\t<meta name=\"twitter:creator\" content=\"@nbasturias\" \/>\n\t\t<meta name=\"twitter:image\" content=\"https:\/\/candas365.es\/noticias\/wp-content\/uploads\/2015\/09\/c365noticias.jpg\" \/>\n\t\t<meta name=\"twitter:label1\" content=\"Escrito por\" \/>\n\t\t<meta name=\"twitter:data1\" content=\"Cand\u00e1s 365\" \/>\n\t\t<meta name=\"twitter:label2\" content=\"Tiempo de lectura estimado\" \/>\n\t\t<meta name=\"twitter:data2\" content=\"3 minutos\" \/>\n\t\t<script type=\"application\/ld+json\" class=\"aioseo-schema\">\n\t\t\t{\"@context\":\"https:\\\/\\\/schema.org\",\"@graph\":[{\"@type\":\"BreadcrumbList\",\"@id\":\"https:\\\/\\\/candas365.es\\\/noticias\\\/ataque-cometido-por-refugiado-podria-dar-alas-al-populismo\\\/#breadcrumblist\",\"itemListElement\":[{\"@type\":\"ListItem\",\"@id\":\"https:\\\/\\\/candas365.es\\\/noticias#listItem\",\"position\":1,\"name\":\"Home\",\"item\":\"https:\\\/\\\/candas365.es\\\/noticias\",\"nextItem\":{\"@type\":\"ListItem\",\"@id\":\"https:\\\/\\\/candas365.es\\\/noticias\\\/category\\\/actualidad\\\/#listItem\",\"name\":\"Actualidad\"}},{\"@type\":\"ListItem\",\"@id\":\"https:\\\/\\\/candas365.es\\\/noticias\\\/category\\\/actualidad\\\/#listItem\",\"position\":2,\"name\":\"Actualidad\",\"item\":\"https:\\\/\\\/candas365.es\\\/noticias\\\/category\\\/actualidad\\\/\",\"nextItem\":{\"@type\":\"ListItem\",\"@id\":\"https:\\\/\\\/candas365.es\\\/noticias\\\/ataque-cometido-por-refugiado-podria-dar-alas-al-populismo\\\/#listItem\",\"name\":\"Ataque cometido por refugiado podr\\u00eda dar alas al populismo\"},\"previousItem\":{\"@type\":\"ListItem\",\"@id\":\"https:\\\/\\\/candas365.es\\\/noticias#listItem\",\"name\":\"Home\"}},{\"@type\":\"ListItem\",\"@id\":\"https:\\\/\\\/candas365.es\\\/noticias\\\/ataque-cometido-por-refugiado-podria-dar-alas-al-populismo\\\/#listItem\",\"position\":3,\"name\":\"Ataque cometido por refugiado podr\\u00eda dar alas al populismo\",\"previousItem\":{\"@type\":\"ListItem\",\"@id\":\"https:\\\/\\\/candas365.es\\\/noticias\\\/category\\\/actualidad\\\/#listItem\",\"name\":\"Actualidad\"}}]},{\"@type\":\"NewsArticle\",\"@id\":\"https:\\\/\\\/candas365.es\\\/noticias\\\/ataque-cometido-por-refugiado-podria-dar-alas-al-populismo\\\/#newsarticle\",\"name\":\"Ataque cometido por refugiado podr\\u00eda dar alas al populismo | Cand\\u00e1s 365\",\"headline\":\"Ataque cometido por refugiado podr\\u00eda dar alas al populismo\",\"author\":{\"@id\":\"https:\\\/\\\/candas365.es\\\/noticias\\\/author\\\/admin\\\/#author\"},\"publisher\":{\"@id\":\"https:\\\/\\\/candas365.es\\\/noticias\\\/#organization\"},\"image\":{\"@type\":\"ImageObject\",\"url\":\"https:\\\/\\\/candas365.es\\\/noticias\\\/wp-content\\\/uploads\\\/2015\\\/09\\\/c365noticias.jpg\",\"width\":655,\"height\":360},\"datePublished\":\"2016-07-21T03:59:17+02:00\",\"dateModified\":\"2016-07-21T03:59:17+02:00\",\"inLanguage\":\"es-ES\",\"mainEntityOfPage\":{\"@id\":\"https:\\\/\\\/candas365.es\\\/noticias\\\/ataque-cometido-por-refugiado-podria-dar-alas-al-populismo\\\/#webpage\"},\"isPartOf\":{\"@id\":\"https:\\\/\\\/candas365.es\\\/noticias\\\/ataque-cometido-por-refugiado-podria-dar-alas-al-populismo\\\/#webpage\"},\"articleSection\":\"Actualidad\",\"dateline\":\"Publicado el julio 21, 2016.\"},{\"@type\":\"Organization\",\"@id\":\"https:\\\/\\\/candas365.es\\\/noticias\\\/#organization\",\"name\":\"Cand\\u00e1s 365\",\"description\":\"Cand\\u00e1s 365 es un diario digital independiente, fundado en 2012, con base en Asturias. Informamos con rigor sobre actualidad, sociedad, cultura y ocio, con una mirada local y global.\",\"url\":\"https:\\\/\\\/candas365.es\\\/noticias\\\/\",\"email\":\"info@candas365.es\",\"telephone\":\"+34652131393\",\"foundingDate\":\"2012-06-10\",\"logo\":{\"@type\":\"ImageObject\",\"url\":\"https:\\\/\\\/candas365.es\\\/noticias\\\/wp-content\\\/uploads\\\/2024\\\/09\\\/Candas-365-Redes.jpg\",\"@id\":\"https:\\\/\\\/candas365.es\\\/noticias\\\/ataque-cometido-por-refugiado-podria-dar-alas-al-populismo\\\/#organizationLogo\",\"width\":1152,\"height\":864,\"caption\":\"Cand\\u00e1s 365 Redes\"},\"image\":{\"@id\":\"https:\\\/\\\/candas365.es\\\/noticias\\\/ataque-cometido-por-refugiado-podria-dar-alas-al-populismo\\\/#organizationLogo\"},\"sameAs\":[\"https:\\\/\\\/www.facebook.com\\\/Nachofdezber\",\"https:\\\/\\\/x.com\\\/NabercoDigital\",\"https:\\\/\\\/www.instagram.com\\\/nachofdezber\\\/\",\"https:\\\/\\\/www.youtube.com\\\/channel\\\/UCZP-2wLEB9Rv6erhFmqVnvg\"],\"address\":{\"@id\":\"https:\\\/\\\/candas365.es\\\/noticias\\\/#postaladdress\",\"@type\":\"PostalAddress\",\"streetAddress\":\"san antonio 4, san antonio 4\",\"postalCode\":\"33430\",\"addressLocality\":\"Cand\\u00e1s\",\"addressRegion\":\"Asturias\",\"addressCountry\":\"ES\"}},{\"@type\":\"Person\",\"@id\":\"https:\\\/\\\/candas365.es\\\/noticias\\\/author\\\/admin\\\/#author\",\"url\":\"https:\\\/\\\/candas365.es\\\/noticias\\\/author\\\/admin\\\/\",\"name\":\"Cand\\u00e1s 365\",\"image\":{\"@type\":\"ImageObject\",\"@id\":\"https:\\\/\\\/candas365.es\\\/noticias\\\/ataque-cometido-por-refugiado-podria-dar-alas-al-populismo\\\/#authorImage\",\"url\":\"https:\\\/\\\/secure.gravatar.com\\\/avatar\\\/496a8e03d0c493ede1718b7934145dbdf8d89be1036b0eec9544e1094c9de390?s=96&d=mm&r=g\",\"width\":96,\"height\":96,\"caption\":\"Cand\\u00e1s 365\"},\"sameAs\":[\"https:\\\/\\\/www.facebook.com\\\/carrenoactualidad\",\"https:\\\/\\\/twitter.com\\\/nbasturias\",\"https:\\\/\\\/www.instagram.com\\\/nachofdezber\\\/\",\"https:\\\/\\\/www.youtube.com\\\/channel\\\/UCZP-2wLEB9Rv6erhFmqVnvg\"]},{\"@type\":\"WebPage\",\"@id\":\"https:\\\/\\\/candas365.es\\\/noticias\\\/ataque-cometido-por-refugiado-podria-dar-alas-al-populismo\\\/#webpage\",\"url\":\"https:\\\/\\\/candas365.es\\\/noticias\\\/ataque-cometido-por-refugiado-podria-dar-alas-al-populismo\\\/\",\"name\":\"Ataque cometido por refugiado podr\\u00eda dar alas al populismo | Cand\\u00e1s 365\",\"description\":\"Berl\\u00edn, 20 jul (dpa) - El brutal ataque perpetrado el lunes por un joven refugiado de 17 a\\u00f1os en un tren regional en el sur de Alemania amenaza con reavivar el debate sobre la pol\\u00edtica migratoria impulsada por el Gobierno de Angela Merkel, muy cuestionada por el partido populista de derechas Alternativa para Alemania (AfD).\",\"inLanguage\":\"es-ES\",\"isPartOf\":{\"@id\":\"https:\\\/\\\/candas365.es\\\/noticias\\\/#website\"},\"breadcrumb\":{\"@id\":\"https:\\\/\\\/candas365.es\\\/noticias\\\/ataque-cometido-por-refugiado-podria-dar-alas-al-populismo\\\/#breadcrumblist\"},\"author\":{\"@id\":\"https:\\\/\\\/candas365.es\\\/noticias\\\/author\\\/admin\\\/#author\"},\"creator\":{\"@id\":\"https:\\\/\\\/candas365.es\\\/noticias\\\/author\\\/admin\\\/#author\"},\"image\":{\"@type\":\"ImageObject\",\"url\":\"https:\\\/\\\/candas365.es\\\/noticias\\\/wp-content\\\/uploads\\\/2015\\\/09\\\/c365noticias.jpg\",\"@id\":\"https:\\\/\\\/candas365.es\\\/noticias\\\/ataque-cometido-por-refugiado-podria-dar-alas-al-populismo\\\/#mainImage\",\"width\":655,\"height\":360},\"primaryImageOfPage\":{\"@id\":\"https:\\\/\\\/candas365.es\\\/noticias\\\/ataque-cometido-por-refugiado-podria-dar-alas-al-populismo\\\/#mainImage\"},\"datePublished\":\"2016-07-21T03:59:17+02:00\",\"dateModified\":\"2016-07-21T03:59:17+02:00\"},{\"@type\":\"WebSite\",\"@id\":\"https:\\\/\\\/candas365.es\\\/noticias\\\/#website\",\"url\":\"https:\\\/\\\/candas365.es\\\/noticias\\\/\",\"name\":\"Cand\\u00e1s 365\",\"alternateName\":\"Cand\\u00e1s 365 Noticias\",\"description\":\"Actualidad desde Carre\\u00f1o para el mundo\",\"inLanguage\":\"es-ES\",\"publisher\":{\"@id\":\"https:\\\/\\\/candas365.es\\\/noticias\\\/#organization\"}}]}\n\t\t<\/script>\n\t\t<!-- All in One SEO Pro -->\r\n\t\t<title>Ataque cometido por refugiado podr\u00eda dar alas al populismo | Cand\u00e1s 365<\/title>\n\n","aioseo_head_json":{"title":"Ataque cometido por refugiado podr\u00eda dar alas al populismo | Cand\u00e1s 365","description":"Berl\u00edn, 20 jul (dpa) - El brutal ataque perpetrado el lunes por un joven refugiado de 17 a\u00f1os en un tren regional en el sur de Alemania amenaza con reavivar el debate sobre la pol\u00edtica migratoria impulsada por el Gobierno de Angela Merkel, muy cuestionada por el partido populista de derechas Alternativa para Alemania (AfD).","canonical_url":"https:\/\/candas365.es\/noticias\/ataque-cometido-por-refugiado-podria-dar-alas-al-populismo\/","robots":"max-image-preview:large","keywords":"actualidad","webmasterTools":{"google-site-verification":"UA-32230408-1","msvalidate.01":"354F3CDFB2DA171B47FBE9ABF1F88D5","miscellaneous":""},"schema":{"@context":"https:\/\/schema.org","@graph":[{"@type":"BreadcrumbList","@id":"https:\/\/candas365.es\/noticias\/ataque-cometido-por-refugiado-podria-dar-alas-al-populismo\/#breadcrumblist","itemListElement":[{"@type":"ListItem","@id":"https:\/\/candas365.es\/noticias#listItem","position":1,"name":"Home","item":"https:\/\/candas365.es\/noticias","nextItem":{"@type":"ListItem","@id":"https:\/\/candas365.es\/noticias\/category\/actualidad\/#listItem","name":"Actualidad"}},{"@type":"ListItem","@id":"https:\/\/candas365.es\/noticias\/category\/actualidad\/#listItem","position":2,"name":"Actualidad","item":"https:\/\/candas365.es\/noticias\/category\/actualidad\/","nextItem":{"@type":"ListItem","@id":"https:\/\/candas365.es\/noticias\/ataque-cometido-por-refugiado-podria-dar-alas-al-populismo\/#listItem","name":"Ataque cometido por refugiado podr\u00eda dar alas al populismo"},"previousItem":{"@type":"ListItem","@id":"https:\/\/candas365.es\/noticias#listItem","name":"Home"}},{"@type":"ListItem","@id":"https:\/\/candas365.es\/noticias\/ataque-cometido-por-refugiado-podria-dar-alas-al-populismo\/#listItem","position":3,"name":"Ataque cometido por refugiado podr\u00eda dar alas al populismo","previousItem":{"@type":"ListItem","@id":"https:\/\/candas365.es\/noticias\/category\/actualidad\/#listItem","name":"Actualidad"}}]},{"@type":"NewsArticle","@id":"https:\/\/candas365.es\/noticias\/ataque-cometido-por-refugiado-podria-dar-alas-al-populismo\/#newsarticle","name":"Ataque cometido por refugiado podr\u00eda dar alas al populismo | Cand\u00e1s 365","headline":"Ataque cometido por refugiado podr\u00eda dar alas al populismo","author":{"@id":"https:\/\/candas365.es\/noticias\/author\/admin\/#author"},"publisher":{"@id":"https:\/\/candas365.es\/noticias\/#organization"},"image":{"@type":"ImageObject","url":"https:\/\/candas365.es\/noticias\/wp-content\/uploads\/2015\/09\/c365noticias.jpg","width":655,"height":360},"datePublished":"2016-07-21T03:59:17+02:00","dateModified":"2016-07-21T03:59:17+02:00","inLanguage":"es-ES","mainEntityOfPage":{"@id":"https:\/\/candas365.es\/noticias\/ataque-cometido-por-refugiado-podria-dar-alas-al-populismo\/#webpage"},"isPartOf":{"@id":"https:\/\/candas365.es\/noticias\/ataque-cometido-por-refugiado-podria-dar-alas-al-populismo\/#webpage"},"articleSection":"Actualidad","dateline":"Publicado el julio 21, 2016."},{"@type":"Organization","@id":"https:\/\/candas365.es\/noticias\/#organization","name":"Cand\u00e1s 365","description":"Cand\u00e1s 365 es un diario digital independiente, fundado en 2012, con base en Asturias. Informamos con rigor sobre actualidad, sociedad, cultura y ocio, con una mirada local y global.","url":"https:\/\/candas365.es\/noticias\/","email":"info@candas365.es","telephone":"+34652131393","foundingDate":"2012-06-10","logo":{"@type":"ImageObject","url":"https:\/\/candas365.es\/noticias\/wp-content\/uploads\/2024\/09\/Candas-365-Redes.jpg","@id":"https:\/\/candas365.es\/noticias\/ataque-cometido-por-refugiado-podria-dar-alas-al-populismo\/#organizationLogo","width":1152,"height":864,"caption":"Cand\u00e1s 365 Redes"},"image":{"@id":"https:\/\/candas365.es\/noticias\/ataque-cometido-por-refugiado-podria-dar-alas-al-populismo\/#organizationLogo"},"sameAs":["https:\/\/www.facebook.com\/Nachofdezber","https:\/\/x.com\/NabercoDigital","https:\/\/www.instagram.com\/nachofdezber\/","https:\/\/www.youtube.com\/channel\/UCZP-2wLEB9Rv6erhFmqVnvg"],"address":{"@id":"https:\/\/candas365.es\/noticias\/#postaladdress","@type":"PostalAddress","streetAddress":"san antonio 4, san antonio 4","postalCode":"33430","addressLocality":"Cand\u00e1s","addressRegion":"Asturias","addressCountry":"ES"}},{"@type":"Person","@id":"https:\/\/candas365.es\/noticias\/author\/admin\/#author","url":"https:\/\/candas365.es\/noticias\/author\/admin\/","name":"Cand\u00e1s 365","image":{"@type":"ImageObject","@id":"https:\/\/candas365.es\/noticias\/ataque-cometido-por-refugiado-podria-dar-alas-al-populismo\/#authorImage","url":"https:\/\/secure.gravatar.com\/avatar\/496a8e03d0c493ede1718b7934145dbdf8d89be1036b0eec9544e1094c9de390?s=96&d=mm&r=g","width":96,"height":96,"caption":"Cand\u00e1s 365"},"sameAs":["https:\/\/www.facebook.com\/carrenoactualidad","https:\/\/twitter.com\/nbasturias","https:\/\/www.instagram.com\/nachofdezber\/","https:\/\/www.youtube.com\/channel\/UCZP-2wLEB9Rv6erhFmqVnvg"]},{"@type":"WebPage","@id":"https:\/\/candas365.es\/noticias\/ataque-cometido-por-refugiado-podria-dar-alas-al-populismo\/#webpage","url":"https:\/\/candas365.es\/noticias\/ataque-cometido-por-refugiado-podria-dar-alas-al-populismo\/","name":"Ataque cometido por refugiado podr\u00eda dar alas al populismo | Cand\u00e1s 365","description":"Berl\u00edn, 20 jul (dpa) - El brutal ataque perpetrado el lunes por un joven refugiado de 17 a\u00f1os en un tren regional en el sur de Alemania amenaza con reavivar el debate sobre la pol\u00edtica migratoria impulsada por el Gobierno de Angela Merkel, muy cuestionada por el partido populista de derechas Alternativa para Alemania (AfD).","inLanguage":"es-ES","isPartOf":{"@id":"https:\/\/candas365.es\/noticias\/#website"},"breadcrumb":{"@id":"https:\/\/candas365.es\/noticias\/ataque-cometido-por-refugiado-podria-dar-alas-al-populismo\/#breadcrumblist"},"author":{"@id":"https:\/\/candas365.es\/noticias\/author\/admin\/#author"},"creator":{"@id":"https:\/\/candas365.es\/noticias\/author\/admin\/#author"},"image":{"@type":"ImageObject","url":"https:\/\/candas365.es\/noticias\/wp-content\/uploads\/2015\/09\/c365noticias.jpg","@id":"https:\/\/candas365.es\/noticias\/ataque-cometido-por-refugiado-podria-dar-alas-al-populismo\/#mainImage","width":655,"height":360},"primaryImageOfPage":{"@id":"https:\/\/candas365.es\/noticias\/ataque-cometido-por-refugiado-podria-dar-alas-al-populismo\/#mainImage"},"datePublished":"2016-07-21T03:59:17+02:00","dateModified":"2016-07-21T03:59:17+02:00"},{"@type":"WebSite","@id":"https:\/\/candas365.es\/noticias\/#website","url":"https:\/\/candas365.es\/noticias\/","name":"Cand\u00e1s 365","alternateName":"Cand\u00e1s 365 Noticias","description":"Actualidad desde Carre\u00f1o para el mundo","inLanguage":"es-ES","publisher":{"@id":"https:\/\/candas365.es\/noticias\/#organization"}}]},"og:locale":"es_ES","og:site_name":"Cand\u00e1s 365","og:type":"article","og:title":"Ataque cometido por refugiado podr\u00eda dar alas al populismo | Cand\u00e1s 365","og:description":"Berl\u00edn, 20 jul (dpa) - El brutal ataque perpetrado el lunes por un joven refugiado de 17 a\u00f1os en un tren regional en el sur de Alemania amenaza con reavivar el debate sobre la pol\u00edtica migratoria impulsada por el Gobierno de Angela Merkel, muy cuestionada por el partido populista de derechas Alternativa para Alemania (AfD).","og:url":"https:\/\/candas365.es\/noticias\/ataque-cometido-por-refugiado-podria-dar-alas-al-populismo\/","og:image":"https:\/\/candas365.es\/noticias\/wp-content\/uploads\/2015\/09\/c365noticias.jpg","og:image:secure_url":"https:\/\/candas365.es\/noticias\/wp-content\/uploads\/2015\/09\/c365noticias.jpg","og:image:width":655,"og:image:height":360,"article:published_time":"2016-07-21T02:29:17+00:00","article:modified_time":"2016-07-21T02:29:17+00:00","article:publisher":"https:\/\/www.facebook.com\/Nachofdezber","article:author":"https:\/\/www.facebook.com\/carrenoactualidad","twitter:card":"summary_large_image","twitter:site":"@NabercoDigital","twitter:title":"Ataque cometido por refugiado podr\u00eda dar alas al populismo | Cand\u00e1s 365","twitter:description":"Berl\u00edn, 20 jul (dpa) - El brutal ataque perpetrado el lunes por un joven refugiado de 17 a\u00f1os en un tren regional en el sur de Alemania amenaza con reavivar el debate sobre la pol\u00edtica migratoria impulsada por el Gobierno de Angela Merkel, muy cuestionada por el partido populista de derechas Alternativa para Alemania (AfD).","twitter:creator":"@nbasturias","twitter:image":"https:\/\/candas365.es\/noticias\/wp-content\/uploads\/2015\/09\/c365noticias.jpg","twitter:label1":"Escrito por","twitter:data1":"Cand\u00e1s 365","twitter:label2":"Tiempo de lectura estimado","twitter:data2":"3 minutos"},"aioseo_meta_data":{"post_id":"32383","title":null,"description":null,"keywords":null,"keyphrases":null,"primary_term":null,"canonical_url":null,"og_title":null,"og_description":null,"og_object_type":"default","og_image_type":"default","og_image_url":null,"og_image_width":null,"og_image_height":null,"og_image_custom_url":null,"og_image_custom_fields":null,"og_video":null,"og_custom_url":null,"og_article_section":null,"og_article_tags":null,"twitter_use_og":false,"twitter_card":"default","twitter_image_type":"default","twitter_image_url":null,"twitter_image_custom_url":null,"twitter_image_custom_fields":null,"twitter_title":null,"twitter_description":null,"schema":{"blockGraphs":[],"customGraphs":[],"default":{"data":{"Article":[],"Course":[],"Dataset":[],"FAQPage":[],"Movie":[],"Person":[],"Product":[],"ProductReview":[],"Car":[],"Recipe":[],"Service":[],"SoftwareApplication":[],"WebPage":[]},"graphName":"","isEnabled":true},"graphs":[],"defaultGraph":"","defaultPostTypeGraph":""},"schema_type":null,"schema_type_options":null,"pillar_content":false,"robots_default":true,"robots_noindex":false,"robots_noarchive":false,"robots_nosnippet":false,"robots_nofollow":false,"robots_noimageindex":false,"robots_noodp":false,"robots_notranslate":false,"robots_max_snippet":null,"robots_max_videopreview":null,"robots_max_imagepreview":"large","priority":null,"frequency":null,"location":null,"local_seo":null,"seo_analyzer_scan_date":"2025-08-24 15:18:14","breadcrumb_settings":null,"limit_modified_date":false,"reviewed_by":null,"open_ai":null,"ai":null,"created":"2020-12-21 13:03:41","updated":"2025-08-24 15:18:14"},"aioseo_breadcrumb":"<div class=\"aioseo-breadcrumbs\"><span class=\"aioseo-breadcrumb\">\n\t<a href=\"https:\/\/candas365.es\/noticias\" title=\"Home\">Home<\/a>\n<\/span><span class=\"aioseo-breadcrumb-separator\">&ndash;<\/span><span class=\"aioseo-breadcrumb\">\n\t<a href=\"https:\/\/candas365.es\/noticias\/category\/actualidad\/\" title=\"Actualidad\">Actualidad<\/a>\n<\/span><span class=\"aioseo-breadcrumb-separator\">&ndash;<\/span><span class=\"aioseo-breadcrumb\">\n\tAtaque cometido por refugiado podr\u00eda dar alas al populismo\n<\/span><\/div>","aioseo_breadcrumb_json":[{"label":"Home","link":"https:\/\/candas365.es\/noticias"},{"label":"Actualidad","link":"https:\/\/candas365.es\/noticias\/category\/actualidad\/"},{"label":"Ataque cometido por refugiado podr\u00eda dar alas al populismo","link":"https:\/\/candas365.es\/noticias\/ataque-cometido-por-refugiado-podria-dar-alas-al-populismo\/"}],"_links":{"self":[{"href":"https:\/\/candas365.es\/noticias\/wp-json\/wp\/v2\/posts\/32383","targetHints":{"allow":["GET"]}}],"collection":[{"href":"https:\/\/candas365.es\/noticias\/wp-json\/wp\/v2\/posts"}],"about":[{"href":"https:\/\/candas365.es\/noticias\/wp-json\/wp\/v2\/types\/post"}],"author":[{"embeddable":true,"href":"https:\/\/candas365.es\/noticias\/wp-json\/wp\/v2\/users\/1"}],"replies":[{"embeddable":true,"href":"https:\/\/candas365.es\/noticias\/wp-json\/wp\/v2\/comments?post=32383"}],"version-history":[{"count":0,"href":"https:\/\/candas365.es\/noticias\/wp-json\/wp\/v2\/posts\/32383\/revisions"}],"wp:featuredmedia":[{"embeddable":true,"href":"https:\/\/candas365.es\/noticias\/wp-json\/wp\/v2\/media\/16457"}],"wp:attachment":[{"href":"https:\/\/candas365.es\/noticias\/wp-json\/wp\/v2\/media?parent=32383"}],"wp:term":[{"taxonomy":"category","embeddable":true,"href":"https:\/\/candas365.es\/noticias\/wp-json\/wp\/v2\/categories?post=32383"},{"taxonomy":"post_tag","embeddable":true,"href":"https:\/\/candas365.es\/noticias\/wp-json\/wp\/v2\/tags?post=32383"}],"curies":[{"name":"wp","href":"https:\/\/api.w.org\/{rel}","templated":true}]}}