{"id":32379,"date":"2016-07-21T02:40:59","date_gmt":"2016-07-21T01:10:59","guid":{"rendered":"http:\/\/candas365.es\/noticias\/?p=32379"},"modified":"2016-07-21T02:40:59","modified_gmt":"2016-07-21T01:10:59","slug":"radicalizacion-expres-el-miedo-a-los-lobos-solitarios","status":"publish","type":"post","link":"https:\/\/candas365.es\/noticias\/radicalizacion-expres-el-miedo-a-los-lobos-solitarios\/","title":{"rendered":"Radicalizaci\u00f3n \u00abexpr\u00e9s\u00bb: El miedo a los \u00ablobos solitarios\u00bb"},"content":{"rendered":"<p>M\u00fanich, 20 jul (dpa) &#8211; Par\u00eds, Bruselas, Estambul, Niza y ahora un tren regional en Alemania. Lejos de las grandes ciudades y las grandes concentraciones de personas, en un lugar cerca de la localidad de Wurzburgo, un refugiado de 17 a\u00f1os ataca a los pasajeros de un tren con un hacha y un cuchillo. En un video asegura que es combatiente de la milicia terrorista Estado Isl\u00e1mico (EI).<\/p>\n<p>Parece que el terrorismo ha alcanzado una nueva dimensi\u00f3n. Se trata de personas que no est\u00e1n conectadas, que pasan desapercibidas, que se han radicalizado en un tiempo muy breve y que con art\u00edculos de uso cotidiano pueden dejar la impronta del horror en lugares insospechados. Es el tipo de terrorismo que m\u00e1s temen las fuerzas de seguridad, pues apenas hay medios para prevenirlo. <\/p>\n<p>\u00abNo me siento del todo seguro\u00bb es una frase que se escucha a menudo. Y preocupa tambi\u00e9n ante grandes eventos como puede ser la fiesta de la cerveza en M\u00fanich, la Oktoberfest. Los viajeros evitan Turqu\u00eda y Egipto. <\/p>\n<p>\u00abClaro que la sensaci\u00f3n de seguridad se resiente, pero el efecto m\u00e1s importante es pol\u00edtico\u00bb, asegura Peter Neumann, del Centro Internacional para la Radicalizaci\u00f3n en el King&#8217;s College de Londres. <\/p>\n<p>\u00abEsa es precisamente la estrategia del Estado Isl\u00e1mico: fomentar la polarizaci\u00f3n con ataques impredecibles\u00bb, dijo Neumann. \u00abEs una especie de c\u00edrculo vicioso: reforzar los extremos en ambos lados de la poblaci\u00f3n, en el lado de los populistas de derecha y de los islamistas\u00bb. Y la derecha gana por todas partes. Ah\u00ed est\u00e1 el ejemplo del Frente Nacional en Francia, Alternativa para Alemania (AfD) en Alemania o el Partido para la Libertad (FP\u00d6) en Austria.<\/p>\n<p>Los expertos consideran adem\u00e1s que se ha llegado a un nivel alarmante de arbitrariedad en la elecci\u00f3n del lugar y de las v\u00edctimas. \u00abLos atacantes, como se conoce de la literatura, tienen un objetivo que ven como la causa de su sufrimiento. El puesto de trabajo del que han sido despedidos, la escuela en la que no han tenido \u00e9xito\u00bb, explica el director del Departamento de Criminolog\u00eda en la ciudad alemana de Wiesbaden, Martin Rettenberger. El Estado Isl\u00e1mico, sin embargo, tan s\u00f3lo tiene un objetivo y lo infame es que ese objetivo est\u00e1 en cualquier parte. <\/p>\n<p>\u00abEs el Estado Isl\u00e1mico el que ofrece a los lobos solitarios una plataforma en la que proyectarse y, adem\u00e1s, les permite convertir sus problemas personales en un proyecto pol\u00edtico\u00bb, dijo Neumann. \u00abEl EI les da la licencia, les deja utilizar la marca Estado Isl\u00e1mico por decirlo de alguna forma\u00bb, agreg\u00f3. <\/p>\n<p>Seg\u00fan se\u00f1ala Neumann, el EI ya en septiembre de 2014 propuso ataques como los de Niza y Wurzburgo, cuando propuso no atacar con armas, sino con todos los medios al alcance como cuchillos, hachas, coches. Pero lo realmente novedoso para los expertos es el ritmo de radicalizaci\u00f3n, hasta tal punto que Neumann habla de \u00abradicalizaciones expr\u00e9s\u00bb: \u00abNormalmente estar\u00edamos hablando de meses o incluso a\u00f1os\u00bb, pero aqu\u00ed apenas fueron unas semanas o incluso d\u00edas. \u00abEso es un nuevo nivel\u00bb.<\/p>\n<p>Seg\u00fan los testigos, el autor de 17 a\u00f1os de Wurzburgo no hab\u00eda dado muestras hasta ahora de estar radicalizado o ser fan\u00e1tico. \u00abNi el concepto de seguridad m\u00e1s amplio e intensivo puede descartar ese tipo de ataques\u00bb, dijo el ministro del Interior de la regi\u00f3n de Baviera, Joachim Herrmann. <\/p>\n<p>\u00ab\u00bfY d\u00f3nde puede uno sentirse seguro? \u00bfen casa? \u00bfen las monta\u00f1as? Los pol\u00edticos no dejan de advertir que no hay que dejarse intimidar. \u00abTenemos que seguir con nuestra vida, de lo contrario han ganado los terroristas\u00bb, se afirma. La probabilidad de un accidente mortal es mucho mayor. \u00abEl riesgo de ser v\u00edctima de un ataque terrorista o de un acto violento en Alemania sigue siendo muy bajo. Y eso no cambia con unos ataques aislados\u00bb, dijo Rettenberger. <\/p>\n<p>Son muchos los que intentan mostrar solidaridad con las v\u00edctimas. Miles de personas se congregaron en Niza, edificios emblem\u00e1ticos fueron iluminados con los tres colores de la bandera francesa, el azul, el blanco y el rojo.<\/p>\n<p>Y ese tipo de muestras de solidaridad son valiosas, se\u00f1ala el presidente de la asociaci\u00f3n de psic\u00f3logos alemanes, Michael Kr\u00e4mer. Pueden ayudar a lidiar con los miedos, pues \u00abuno vive el sentimiento de comunidad: no nos dejamos intimidar\u00bb. Pero Kr\u00e4mer apunta que tambi\u00e9n se puede llegar a dar un embotamiento. \u00abTal como est\u00e1 la situaci\u00f3n ahora, no creo que los alemanes dejen que se vea afectada su vida ni aquello que la hace agradable\u00bb. <\/p>\n<p>El ministro del Interior de la regi\u00f3n de Baviera ha instado a la poblaci\u00f3n a alertar a las fuerzas de seguridad y les ha se\u00f1alado que m\u00e1s vale que se excedan que se queden cortos. \u00abYo creo que es un mensaje correcto el de controlar unos a otros. Pero tambi\u00e9n creo que tenemos que tener cuidado de no caer en la histeria\u00bb, agrega Rettenberger, quien advierte de que se puedan ver limitadas las libertades. M\u00e1s vigilancia significa tambi\u00e9n una p\u00e9rdida en libertad, agrega.<\/p>\n<p>Lo que precisamente no queda claro en ataques como el de Wurzburgo o el de Niza es si m\u00e1s vigilancia habr\u00eda podido impedir el ataque.<\/p>\n<p>Por Sabine Dobel <\/p>\n","protected":false},"excerpt":{"rendered":"<p>M\u00fanich, 20 jul (dpa) &#8211; Par\u00eds, Bruselas, Estambul, Niza y ahora un tren regional en Alemania. Lejos de las grandes ciudades y las grandes concentraciones de personas, en un lugar cerca de la localidad de Wurzburgo, un refugiado de 17 a\u00f1os ataca a los pasajeros de un tren con un hacha y un cuchillo. En<\/p>\n","protected":false},"author":1,"featured_media":16457,"comment_status":"closed","ping_status":"closed","sticky":false,"template":"","format":"standard","meta":{"footnotes":""},"categories":[343],"tags":[],"class_list":{"0":"post-32379","1":"post","2":"type-post","3":"status-publish","4":"format-standard","5":"has-post-thumbnail","7":"category-actualidad"},"aioseo_notices":[],"aioseo_head":"\n\t\t<!-- All in One SEO Pro 4.9.6.2 - aioseo.com -->\n\t<meta name=\"description\" content=\"M\u00fanich, 20 jul (dpa) - Par\u00eds, Bruselas, Estambul, Niza y ahora un tren regional en Alemania. Lejos de las grandes ciudades y las grandes concentraciones de personas, en un lugar cerca de la localidad de Wurzburgo, un refugiado de 17 a\u00f1os ataca a los pasajeros de un tren con un hacha y un cuchillo. En\" \/>\n\t<meta name=\"robots\" content=\"max-image-preview:large\" \/>\n\t<meta name=\"author\" content=\"Cand\u00e1s 365\"\/>\n\t<meta name=\"google-site-verification\" content=\"UA-32230408-1\" \/>\n\t<meta name=\"msvalidate.01\" content=\"354F3CDFB2DA171B47FBE9ABF1F88D5\" \/>\n\t<meta name=\"keywords\" content=\"actualidad\" \/>\n\t<link rel=\"canonical\" href=\"https:\/\/candas365.es\/noticias\/radicalizacion-expres-el-miedo-a-los-lobos-solitarios\/\" \/>\n\t<meta name=\"generator\" content=\"All in One SEO Pro (AIOSEO) 4.9.6.2\" \/>\n\t\t<meta property=\"og:locale\" content=\"es_ES\" \/>\n\t\t<meta property=\"og:site_name\" content=\"Cand\u00e1s 365\" \/>\n\t\t<meta property=\"og:type\" content=\"article\" \/>\n\t\t<meta property=\"og:title\" content=\"Radicalizaci\u00f3n \u00abexpr\u00e9s\u00bb: El miedo a los \u00ablobos solitarios\u00bb | Cand\u00e1s 365\" \/>\n\t\t<meta property=\"og:description\" content=\"M\u00fanich, 20 jul (dpa) - Par\u00eds, Bruselas, Estambul, Niza y ahora un tren regional en Alemania. Lejos de las grandes ciudades y las grandes concentraciones de personas, en un lugar cerca de la localidad de Wurzburgo, un refugiado de 17 a\u00f1os ataca a los pasajeros de un tren con un hacha y un cuchillo. En\" \/>\n\t\t<meta property=\"og:url\" content=\"https:\/\/candas365.es\/noticias\/radicalizacion-expres-el-miedo-a-los-lobos-solitarios\/\" \/>\n\t\t<meta property=\"og:image\" content=\"https:\/\/candas365.es\/noticias\/wp-content\/uploads\/2015\/09\/c365noticias.jpg\" \/>\n\t\t<meta property=\"og:image:secure_url\" content=\"https:\/\/candas365.es\/noticias\/wp-content\/uploads\/2015\/09\/c365noticias.jpg\" \/>\n\t\t<meta property=\"og:image:width\" content=\"655\" \/>\n\t\t<meta property=\"og:image:height\" content=\"360\" \/>\n\t\t<meta property=\"article:published_time\" content=\"2016-07-21T01:10:59+00:00\" \/>\n\t\t<meta property=\"article:modified_time\" content=\"2016-07-21T01:10:59+00:00\" \/>\n\t\t<meta property=\"article:publisher\" content=\"https:\/\/www.facebook.com\/Nachofdezber\" \/>\n\t\t<meta property=\"article:author\" content=\"https:\/\/www.facebook.com\/carrenoactualidad\" \/>\n\t\t<meta name=\"twitter:card\" content=\"summary_large_image\" \/>\n\t\t<meta name=\"twitter:site\" content=\"@NabercoDigital\" \/>\n\t\t<meta name=\"twitter:title\" content=\"Radicalizaci\u00f3n \u00abexpr\u00e9s\u00bb: El miedo a los \u00ablobos solitarios\u00bb | Cand\u00e1s 365\" \/>\n\t\t<meta name=\"twitter:description\" content=\"M\u00fanich, 20 jul (dpa) - Par\u00eds, Bruselas, Estambul, Niza y ahora un tren regional en Alemania. Lejos de las grandes ciudades y las grandes concentraciones de personas, en un lugar cerca de la localidad de Wurzburgo, un refugiado de 17 a\u00f1os ataca a los pasajeros de un tren con un hacha y un cuchillo. En\" \/>\n\t\t<meta name=\"twitter:creator\" content=\"@nbasturias\" \/>\n\t\t<meta name=\"twitter:image\" content=\"https:\/\/candas365.es\/noticias\/wp-content\/uploads\/2015\/09\/c365noticias.jpg\" \/>\n\t\t<meta name=\"twitter:label1\" content=\"Escrito por\" \/>\n\t\t<meta name=\"twitter:data1\" content=\"Cand\u00e1s 365\" \/>\n\t\t<meta name=\"twitter:label2\" content=\"Tiempo de lectura estimado\" \/>\n\t\t<meta name=\"twitter:data2\" content=\"5 minutos\" \/>\n\t\t<script type=\"application\/ld+json\" class=\"aioseo-schema\">\n\t\t\t{\"@context\":\"https:\\\/\\\/schema.org\",\"@graph\":[{\"@type\":\"BreadcrumbList\",\"@id\":\"https:\\\/\\\/candas365.es\\\/noticias\\\/radicalizacion-expres-el-miedo-a-los-lobos-solitarios\\\/#breadcrumblist\",\"itemListElement\":[{\"@type\":\"ListItem\",\"@id\":\"https:\\\/\\\/candas365.es\\\/noticias#listItem\",\"position\":1,\"name\":\"Home\",\"item\":\"https:\\\/\\\/candas365.es\\\/noticias\",\"nextItem\":{\"@type\":\"ListItem\",\"@id\":\"https:\\\/\\\/candas365.es\\\/noticias\\\/category\\\/actualidad\\\/#listItem\",\"name\":\"Actualidad\"}},{\"@type\":\"ListItem\",\"@id\":\"https:\\\/\\\/candas365.es\\\/noticias\\\/category\\\/actualidad\\\/#listItem\",\"position\":2,\"name\":\"Actualidad\",\"item\":\"https:\\\/\\\/candas365.es\\\/noticias\\\/category\\\/actualidad\\\/\",\"nextItem\":{\"@type\":\"ListItem\",\"@id\":\"https:\\\/\\\/candas365.es\\\/noticias\\\/radicalizacion-expres-el-miedo-a-los-lobos-solitarios\\\/#listItem\",\"name\":\"Radicalizaci\\u00f3n \\u00abexpr\\u00e9s\\u00bb: El miedo a los \\u00ablobos solitarios\\u00bb\"},\"previousItem\":{\"@type\":\"ListItem\",\"@id\":\"https:\\\/\\\/candas365.es\\\/noticias#listItem\",\"name\":\"Home\"}},{\"@type\":\"ListItem\",\"@id\":\"https:\\\/\\\/candas365.es\\\/noticias\\\/radicalizacion-expres-el-miedo-a-los-lobos-solitarios\\\/#listItem\",\"position\":3,\"name\":\"Radicalizaci\\u00f3n \\u00abexpr\\u00e9s\\u00bb: El miedo a los \\u00ablobos solitarios\\u00bb\",\"previousItem\":{\"@type\":\"ListItem\",\"@id\":\"https:\\\/\\\/candas365.es\\\/noticias\\\/category\\\/actualidad\\\/#listItem\",\"name\":\"Actualidad\"}}]},{\"@type\":\"NewsArticle\",\"@id\":\"https:\\\/\\\/candas365.es\\\/noticias\\\/radicalizacion-expres-el-miedo-a-los-lobos-solitarios\\\/#newsarticle\",\"name\":\"Radicalizaci\\u00f3n \\u00abexpr\\u00e9s\\u00bb: El miedo a los \\u00ablobos solitarios\\u00bb | Cand\\u00e1s 365\",\"headline\":\"Radicalizaci\\u00f3n \\u00abexpr\\u00e9s\\u00bb: El miedo a los \\u00ablobos solitarios\\u00bb\",\"author\":{\"@id\":\"https:\\\/\\\/candas365.es\\\/noticias\\\/author\\\/admin\\\/#author\"},\"publisher\":{\"@id\":\"https:\\\/\\\/candas365.es\\\/noticias\\\/#organization\"},\"image\":{\"@type\":\"ImageObject\",\"url\":\"https:\\\/\\\/candas365.es\\\/noticias\\\/wp-content\\\/uploads\\\/2015\\\/09\\\/c365noticias.jpg\",\"width\":655,\"height\":360},\"datePublished\":\"2016-07-21T02:40:59+02:00\",\"dateModified\":\"2016-07-21T02:40:59+02:00\",\"inLanguage\":\"es-ES\",\"mainEntityOfPage\":{\"@id\":\"https:\\\/\\\/candas365.es\\\/noticias\\\/radicalizacion-expres-el-miedo-a-los-lobos-solitarios\\\/#webpage\"},\"isPartOf\":{\"@id\":\"https:\\\/\\\/candas365.es\\\/noticias\\\/radicalizacion-expres-el-miedo-a-los-lobos-solitarios\\\/#webpage\"},\"articleSection\":\"Actualidad\",\"dateline\":\"Publicado el julio 21, 2016.\"},{\"@type\":\"Organization\",\"@id\":\"https:\\\/\\\/candas365.es\\\/noticias\\\/#organization\",\"name\":\"Cand\\u00e1s 365\",\"description\":\"Cand\\u00e1s 365 es un diario digital independiente, fundado en 2012, con base en Asturias. Informamos con rigor sobre actualidad, sociedad, cultura y ocio, con una mirada local y global.\",\"url\":\"https:\\\/\\\/candas365.es\\\/noticias\\\/\",\"email\":\"info@candas365.es\",\"telephone\":\"+34652131393\",\"foundingDate\":\"2012-06-10\",\"logo\":{\"@type\":\"ImageObject\",\"url\":\"https:\\\/\\\/candas365.es\\\/noticias\\\/wp-content\\\/uploads\\\/2024\\\/09\\\/Candas-365-Redes.jpg\",\"@id\":\"https:\\\/\\\/candas365.es\\\/noticias\\\/radicalizacion-expres-el-miedo-a-los-lobos-solitarios\\\/#organizationLogo\",\"width\":1152,\"height\":864,\"caption\":\"Cand\\u00e1s 365 Redes\"},\"image\":{\"@id\":\"https:\\\/\\\/candas365.es\\\/noticias\\\/radicalizacion-expres-el-miedo-a-los-lobos-solitarios\\\/#organizationLogo\"},\"sameAs\":[\"https:\\\/\\\/www.facebook.com\\\/Nachofdezber\",\"https:\\\/\\\/x.com\\\/NabercoDigital\",\"https:\\\/\\\/www.instagram.com\\\/nachofdezber\\\/\",\"https:\\\/\\\/www.youtube.com\\\/channel\\\/UCZP-2wLEB9Rv6erhFmqVnvg\"],\"address\":{\"@id\":\"https:\\\/\\\/candas365.es\\\/noticias\\\/#postaladdress\",\"@type\":\"PostalAddress\",\"streetAddress\":\"san antonio 4, san antonio 4\",\"postalCode\":\"33430\",\"addressLocality\":\"Cand\\u00e1s\",\"addressRegion\":\"Asturias\",\"addressCountry\":\"ES\"}},{\"@type\":\"Person\",\"@id\":\"https:\\\/\\\/candas365.es\\\/noticias\\\/author\\\/admin\\\/#author\",\"url\":\"https:\\\/\\\/candas365.es\\\/noticias\\\/author\\\/admin\\\/\",\"name\":\"Cand\\u00e1s 365\",\"image\":{\"@type\":\"ImageObject\",\"@id\":\"https:\\\/\\\/candas365.es\\\/noticias\\\/radicalizacion-expres-el-miedo-a-los-lobos-solitarios\\\/#authorImage\",\"url\":\"https:\\\/\\\/secure.gravatar.com\\\/avatar\\\/496a8e03d0c493ede1718b7934145dbdf8d89be1036b0eec9544e1094c9de390?s=96&d=mm&r=g\",\"width\":96,\"height\":96,\"caption\":\"Cand\\u00e1s 365\"},\"sameAs\":[\"https:\\\/\\\/www.facebook.com\\\/carrenoactualidad\",\"https:\\\/\\\/twitter.com\\\/nbasturias\",\"https:\\\/\\\/www.instagram.com\\\/nachofdezber\\\/\",\"https:\\\/\\\/www.youtube.com\\\/channel\\\/UCZP-2wLEB9Rv6erhFmqVnvg\"]},{\"@type\":\"WebPage\",\"@id\":\"https:\\\/\\\/candas365.es\\\/noticias\\\/radicalizacion-expres-el-miedo-a-los-lobos-solitarios\\\/#webpage\",\"url\":\"https:\\\/\\\/candas365.es\\\/noticias\\\/radicalizacion-expres-el-miedo-a-los-lobos-solitarios\\\/\",\"name\":\"Radicalizaci\\u00f3n \\u00abexpr\\u00e9s\\u00bb: El miedo a los \\u00ablobos solitarios\\u00bb | Cand\\u00e1s 365\",\"description\":\"M\\u00fanich, 20 jul (dpa) - Par\\u00eds, Bruselas, Estambul, Niza y ahora un tren regional en Alemania. Lejos de las grandes ciudades y las grandes concentraciones de personas, en un lugar cerca de la localidad de Wurzburgo, un refugiado de 17 a\\u00f1os ataca a los pasajeros de un tren con un hacha y un cuchillo. En\",\"inLanguage\":\"es-ES\",\"isPartOf\":{\"@id\":\"https:\\\/\\\/candas365.es\\\/noticias\\\/#website\"},\"breadcrumb\":{\"@id\":\"https:\\\/\\\/candas365.es\\\/noticias\\\/radicalizacion-expres-el-miedo-a-los-lobos-solitarios\\\/#breadcrumblist\"},\"author\":{\"@id\":\"https:\\\/\\\/candas365.es\\\/noticias\\\/author\\\/admin\\\/#author\"},\"creator\":{\"@id\":\"https:\\\/\\\/candas365.es\\\/noticias\\\/author\\\/admin\\\/#author\"},\"image\":{\"@type\":\"ImageObject\",\"url\":\"https:\\\/\\\/candas365.es\\\/noticias\\\/wp-content\\\/uploads\\\/2015\\\/09\\\/c365noticias.jpg\",\"@id\":\"https:\\\/\\\/candas365.es\\\/noticias\\\/radicalizacion-expres-el-miedo-a-los-lobos-solitarios\\\/#mainImage\",\"width\":655,\"height\":360},\"primaryImageOfPage\":{\"@id\":\"https:\\\/\\\/candas365.es\\\/noticias\\\/radicalizacion-expres-el-miedo-a-los-lobos-solitarios\\\/#mainImage\"},\"datePublished\":\"2016-07-21T02:40:59+02:00\",\"dateModified\":\"2016-07-21T02:40:59+02:00\"},{\"@type\":\"WebSite\",\"@id\":\"https:\\\/\\\/candas365.es\\\/noticias\\\/#website\",\"url\":\"https:\\\/\\\/candas365.es\\\/noticias\\\/\",\"name\":\"Cand\\u00e1s 365\",\"alternateName\":\"Cand\\u00e1s 365 Noticias\",\"description\":\"Actualidad desde Carre\\u00f1o para el mundo\",\"inLanguage\":\"es-ES\",\"publisher\":{\"@id\":\"https:\\\/\\\/candas365.es\\\/noticias\\\/#organization\"}}]}\n\t\t<\/script>\n\t\t<!-- All in One SEO Pro -->\r\n\t\t<title>Radicalizaci\u00f3n \u00abexpr\u00e9s\u00bb: El miedo a los \u00ablobos solitarios\u00bb | Cand\u00e1s 365<\/title>\n\n","aioseo_head_json":{"title":"Radicalizaci\u00f3n \u00abexpr\u00e9s\u00bb: El miedo a los \u00ablobos solitarios\u00bb | Cand\u00e1s 365","description":"M\u00fanich, 20 jul (dpa) - Par\u00eds, Bruselas, Estambul, Niza y ahora un tren regional en Alemania. Lejos de las grandes ciudades y las grandes concentraciones de personas, en un lugar cerca de la localidad de Wurzburgo, un refugiado de 17 a\u00f1os ataca a los pasajeros de un tren con un hacha y un cuchillo. En","canonical_url":"https:\/\/candas365.es\/noticias\/radicalizacion-expres-el-miedo-a-los-lobos-solitarios\/","robots":"max-image-preview:large","keywords":"actualidad","webmasterTools":{"google-site-verification":"UA-32230408-1","msvalidate.01":"354F3CDFB2DA171B47FBE9ABF1F88D5","miscellaneous":""},"schema":{"@context":"https:\/\/schema.org","@graph":[{"@type":"BreadcrumbList","@id":"https:\/\/candas365.es\/noticias\/radicalizacion-expres-el-miedo-a-los-lobos-solitarios\/#breadcrumblist","itemListElement":[{"@type":"ListItem","@id":"https:\/\/candas365.es\/noticias#listItem","position":1,"name":"Home","item":"https:\/\/candas365.es\/noticias","nextItem":{"@type":"ListItem","@id":"https:\/\/candas365.es\/noticias\/category\/actualidad\/#listItem","name":"Actualidad"}},{"@type":"ListItem","@id":"https:\/\/candas365.es\/noticias\/category\/actualidad\/#listItem","position":2,"name":"Actualidad","item":"https:\/\/candas365.es\/noticias\/category\/actualidad\/","nextItem":{"@type":"ListItem","@id":"https:\/\/candas365.es\/noticias\/radicalizacion-expres-el-miedo-a-los-lobos-solitarios\/#listItem","name":"Radicalizaci\u00f3n \u00abexpr\u00e9s\u00bb: El miedo a los \u00ablobos solitarios\u00bb"},"previousItem":{"@type":"ListItem","@id":"https:\/\/candas365.es\/noticias#listItem","name":"Home"}},{"@type":"ListItem","@id":"https:\/\/candas365.es\/noticias\/radicalizacion-expres-el-miedo-a-los-lobos-solitarios\/#listItem","position":3,"name":"Radicalizaci\u00f3n \u00abexpr\u00e9s\u00bb: El miedo a los \u00ablobos solitarios\u00bb","previousItem":{"@type":"ListItem","@id":"https:\/\/candas365.es\/noticias\/category\/actualidad\/#listItem","name":"Actualidad"}}]},{"@type":"NewsArticle","@id":"https:\/\/candas365.es\/noticias\/radicalizacion-expres-el-miedo-a-los-lobos-solitarios\/#newsarticle","name":"Radicalizaci\u00f3n \u00abexpr\u00e9s\u00bb: El miedo a los \u00ablobos solitarios\u00bb | Cand\u00e1s 365","headline":"Radicalizaci\u00f3n \u00abexpr\u00e9s\u00bb: El miedo a los \u00ablobos solitarios\u00bb","author":{"@id":"https:\/\/candas365.es\/noticias\/author\/admin\/#author"},"publisher":{"@id":"https:\/\/candas365.es\/noticias\/#organization"},"image":{"@type":"ImageObject","url":"https:\/\/candas365.es\/noticias\/wp-content\/uploads\/2015\/09\/c365noticias.jpg","width":655,"height":360},"datePublished":"2016-07-21T02:40:59+02:00","dateModified":"2016-07-21T02:40:59+02:00","inLanguage":"es-ES","mainEntityOfPage":{"@id":"https:\/\/candas365.es\/noticias\/radicalizacion-expres-el-miedo-a-los-lobos-solitarios\/#webpage"},"isPartOf":{"@id":"https:\/\/candas365.es\/noticias\/radicalizacion-expres-el-miedo-a-los-lobos-solitarios\/#webpage"},"articleSection":"Actualidad","dateline":"Publicado el julio 21, 2016."},{"@type":"Organization","@id":"https:\/\/candas365.es\/noticias\/#organization","name":"Cand\u00e1s 365","description":"Cand\u00e1s 365 es un diario digital independiente, fundado en 2012, con base en Asturias. Informamos con rigor sobre actualidad, sociedad, cultura y ocio, con una mirada local y global.","url":"https:\/\/candas365.es\/noticias\/","email":"info@candas365.es","telephone":"+34652131393","foundingDate":"2012-06-10","logo":{"@type":"ImageObject","url":"https:\/\/candas365.es\/noticias\/wp-content\/uploads\/2024\/09\/Candas-365-Redes.jpg","@id":"https:\/\/candas365.es\/noticias\/radicalizacion-expres-el-miedo-a-los-lobos-solitarios\/#organizationLogo","width":1152,"height":864,"caption":"Cand\u00e1s 365 Redes"},"image":{"@id":"https:\/\/candas365.es\/noticias\/radicalizacion-expres-el-miedo-a-los-lobos-solitarios\/#organizationLogo"},"sameAs":["https:\/\/www.facebook.com\/Nachofdezber","https:\/\/x.com\/NabercoDigital","https:\/\/www.instagram.com\/nachofdezber\/","https:\/\/www.youtube.com\/channel\/UCZP-2wLEB9Rv6erhFmqVnvg"],"address":{"@id":"https:\/\/candas365.es\/noticias\/#postaladdress","@type":"PostalAddress","streetAddress":"san antonio 4, san antonio 4","postalCode":"33430","addressLocality":"Cand\u00e1s","addressRegion":"Asturias","addressCountry":"ES"}},{"@type":"Person","@id":"https:\/\/candas365.es\/noticias\/author\/admin\/#author","url":"https:\/\/candas365.es\/noticias\/author\/admin\/","name":"Cand\u00e1s 365","image":{"@type":"ImageObject","@id":"https:\/\/candas365.es\/noticias\/radicalizacion-expres-el-miedo-a-los-lobos-solitarios\/#authorImage","url":"https:\/\/secure.gravatar.com\/avatar\/496a8e03d0c493ede1718b7934145dbdf8d89be1036b0eec9544e1094c9de390?s=96&d=mm&r=g","width":96,"height":96,"caption":"Cand\u00e1s 365"},"sameAs":["https:\/\/www.facebook.com\/carrenoactualidad","https:\/\/twitter.com\/nbasturias","https:\/\/www.instagram.com\/nachofdezber\/","https:\/\/www.youtube.com\/channel\/UCZP-2wLEB9Rv6erhFmqVnvg"]},{"@type":"WebPage","@id":"https:\/\/candas365.es\/noticias\/radicalizacion-expres-el-miedo-a-los-lobos-solitarios\/#webpage","url":"https:\/\/candas365.es\/noticias\/radicalizacion-expres-el-miedo-a-los-lobos-solitarios\/","name":"Radicalizaci\u00f3n \u00abexpr\u00e9s\u00bb: El miedo a los \u00ablobos solitarios\u00bb | Cand\u00e1s 365","description":"M\u00fanich, 20 jul (dpa) - Par\u00eds, Bruselas, Estambul, Niza y ahora un tren regional en Alemania. Lejos de las grandes ciudades y las grandes concentraciones de personas, en un lugar cerca de la localidad de Wurzburgo, un refugiado de 17 a\u00f1os ataca a los pasajeros de un tren con un hacha y un cuchillo. En","inLanguage":"es-ES","isPartOf":{"@id":"https:\/\/candas365.es\/noticias\/#website"},"breadcrumb":{"@id":"https:\/\/candas365.es\/noticias\/radicalizacion-expres-el-miedo-a-los-lobos-solitarios\/#breadcrumblist"},"author":{"@id":"https:\/\/candas365.es\/noticias\/author\/admin\/#author"},"creator":{"@id":"https:\/\/candas365.es\/noticias\/author\/admin\/#author"},"image":{"@type":"ImageObject","url":"https:\/\/candas365.es\/noticias\/wp-content\/uploads\/2015\/09\/c365noticias.jpg","@id":"https:\/\/candas365.es\/noticias\/radicalizacion-expres-el-miedo-a-los-lobos-solitarios\/#mainImage","width":655,"height":360},"primaryImageOfPage":{"@id":"https:\/\/candas365.es\/noticias\/radicalizacion-expres-el-miedo-a-los-lobos-solitarios\/#mainImage"},"datePublished":"2016-07-21T02:40:59+02:00","dateModified":"2016-07-21T02:40:59+02:00"},{"@type":"WebSite","@id":"https:\/\/candas365.es\/noticias\/#website","url":"https:\/\/candas365.es\/noticias\/","name":"Cand\u00e1s 365","alternateName":"Cand\u00e1s 365 Noticias","description":"Actualidad desde Carre\u00f1o para el mundo","inLanguage":"es-ES","publisher":{"@id":"https:\/\/candas365.es\/noticias\/#organization"}}]},"og:locale":"es_ES","og:site_name":"Cand\u00e1s 365","og:type":"article","og:title":"Radicalizaci\u00f3n \u00abexpr\u00e9s\u00bb: El miedo a los \u00ablobos solitarios\u00bb | Cand\u00e1s 365","og:description":"M\u00fanich, 20 jul (dpa) - Par\u00eds, Bruselas, Estambul, Niza y ahora un tren regional en Alemania. Lejos de las grandes ciudades y las grandes concentraciones de personas, en un lugar cerca de la localidad de Wurzburgo, un refugiado de 17 a\u00f1os ataca a los pasajeros de un tren con un hacha y un cuchillo. En","og:url":"https:\/\/candas365.es\/noticias\/radicalizacion-expres-el-miedo-a-los-lobos-solitarios\/","og:image":"https:\/\/candas365.es\/noticias\/wp-content\/uploads\/2015\/09\/c365noticias.jpg","og:image:secure_url":"https:\/\/candas365.es\/noticias\/wp-content\/uploads\/2015\/09\/c365noticias.jpg","og:image:width":655,"og:image:height":360,"article:published_time":"2016-07-21T01:10:59+00:00","article:modified_time":"2016-07-21T01:10:59+00:00","article:publisher":"https:\/\/www.facebook.com\/Nachofdezber","article:author":"https:\/\/www.facebook.com\/carrenoactualidad","twitter:card":"summary_large_image","twitter:site":"@NabercoDigital","twitter:title":"Radicalizaci\u00f3n \u00abexpr\u00e9s\u00bb: El miedo a los \u00ablobos solitarios\u00bb | Cand\u00e1s 365","twitter:description":"M\u00fanich, 20 jul (dpa) - Par\u00eds, Bruselas, Estambul, Niza y ahora un tren regional en Alemania. Lejos de las grandes ciudades y las grandes concentraciones de personas, en un lugar cerca de la localidad de Wurzburgo, un refugiado de 17 a\u00f1os ataca a los pasajeros de un tren con un hacha y un cuchillo. En","twitter:creator":"@nbasturias","twitter:image":"https:\/\/candas365.es\/noticias\/wp-content\/uploads\/2015\/09\/c365noticias.jpg","twitter:label1":"Escrito por","twitter:data1":"Cand\u00e1s 365","twitter:label2":"Tiempo de lectura estimado","twitter:data2":"5 minutos"},"aioseo_meta_data":{"post_id":"32379","title":null,"description":null,"keywords":null,"keyphrases":null,"primary_term":null,"canonical_url":null,"og_title":null,"og_description":null,"og_object_type":"default","og_image_type":"default","og_image_url":null,"og_image_width":null,"og_image_height":null,"og_image_custom_url":null,"og_image_custom_fields":null,"og_video":null,"og_custom_url":null,"og_article_section":null,"og_article_tags":null,"twitter_use_og":false,"twitter_card":"default","twitter_image_type":"default","twitter_image_url":null,"twitter_image_custom_url":null,"twitter_image_custom_fields":null,"twitter_title":null,"twitter_description":null,"schema":{"blockGraphs":[],"customGraphs":[],"default":{"data":{"Article":[],"Course":[],"Dataset":[],"FAQPage":[],"Movie":[],"Person":[],"Product":[],"ProductReview":[],"Car":[],"Recipe":[],"Service":[],"SoftwareApplication":[],"WebPage":[]},"graphName":"","isEnabled":true},"graphs":[],"defaultGraph":"","defaultPostTypeGraph":""},"schema_type":null,"schema_type_options":null,"pillar_content":false,"robots_default":true,"robots_noindex":false,"robots_noarchive":false,"robots_nosnippet":false,"robots_nofollow":false,"robots_noimageindex":false,"robots_noodp":false,"robots_notranslate":false,"robots_max_snippet":null,"robots_max_videopreview":null,"robots_max_imagepreview":"large","priority":null,"frequency":null,"location":null,"local_seo":null,"seo_analyzer_scan_date":"2025-08-24 15:18:12","breadcrumb_settings":null,"limit_modified_date":false,"reviewed_by":null,"open_ai":null,"ai":null,"created":"2020-12-21 13:03:41","updated":"2025-08-24 15:18:12"},"aioseo_breadcrumb":"<div class=\"aioseo-breadcrumbs\"><span class=\"aioseo-breadcrumb\">\n\t<a href=\"https:\/\/candas365.es\/noticias\" title=\"Home\">Home<\/a>\n<\/span><span class=\"aioseo-breadcrumb-separator\">&ndash;<\/span><span class=\"aioseo-breadcrumb\">\n\t<a href=\"https:\/\/candas365.es\/noticias\/category\/actualidad\/\" title=\"Actualidad\">Actualidad<\/a>\n<\/span><span class=\"aioseo-breadcrumb-separator\">&ndash;<\/span><span class=\"aioseo-breadcrumb\">\n\tRadicalizaci\u00f3n \u00abexpr\u00e9s\u00bb: El miedo a los \u00ablobos solitarios\u00bb\n<\/span><\/div>","aioseo_breadcrumb_json":[{"label":"Home","link":"https:\/\/candas365.es\/noticias"},{"label":"Actualidad","link":"https:\/\/candas365.es\/noticias\/category\/actualidad\/"},{"label":"Radicalizaci\u00f3n \u00abexpr\u00e9s\u00bb: El miedo a los \u00ablobos solitarios\u00bb","link":"https:\/\/candas365.es\/noticias\/radicalizacion-expres-el-miedo-a-los-lobos-solitarios\/"}],"_links":{"self":[{"href":"https:\/\/candas365.es\/noticias\/wp-json\/wp\/v2\/posts\/32379","targetHints":{"allow":["GET"]}}],"collection":[{"href":"https:\/\/candas365.es\/noticias\/wp-json\/wp\/v2\/posts"}],"about":[{"href":"https:\/\/candas365.es\/noticias\/wp-json\/wp\/v2\/types\/post"}],"author":[{"embeddable":true,"href":"https:\/\/candas365.es\/noticias\/wp-json\/wp\/v2\/users\/1"}],"replies":[{"embeddable":true,"href":"https:\/\/candas365.es\/noticias\/wp-json\/wp\/v2\/comments?post=32379"}],"version-history":[{"count":0,"href":"https:\/\/candas365.es\/noticias\/wp-json\/wp\/v2\/posts\/32379\/revisions"}],"wp:featuredmedia":[{"embeddable":true,"href":"https:\/\/candas365.es\/noticias\/wp-json\/wp\/v2\/media\/16457"}],"wp:attachment":[{"href":"https:\/\/candas365.es\/noticias\/wp-json\/wp\/v2\/media?parent=32379"}],"wp:term":[{"taxonomy":"category","embeddable":true,"href":"https:\/\/candas365.es\/noticias\/wp-json\/wp\/v2\/categories?post=32379"},{"taxonomy":"post_tag","embeddable":true,"href":"https:\/\/candas365.es\/noticias\/wp-json\/wp\/v2\/tags?post=32379"}],"curies":[{"name":"wp","href":"https:\/\/api.w.org\/{rel}","templated":true}]}}