{"id":32373,"date":"2016-07-21T02:37:43","date_gmt":"2016-07-21T01:07:43","guid":{"rendered":"http:\/\/candas365.es\/noticias\/?p=32373"},"modified":"2016-07-21T02:37:43","modified_gmt":"2016-07-21T01:07:43","slug":"demanda-colectiva-contra-volkswagen-en-espana-por-su-presunto-fraude","status":"publish","type":"post","link":"https:\/\/candas365.es\/noticias\/demanda-colectiva-contra-volkswagen-en-espana-por-su-presunto-fraude\/","title":{"rendered":"Demanda colectiva contra Volkswagen en Espa\u00f1a por su presunto fraude"},"content":{"rendered":"<p>Madrid, 20 jul (dpa) &#8211; La Organizaci\u00f3n de Consumidores y Usuarios de Espa\u00f1a (OCU) present\u00f3 este martes una demanda colectiva contra el grupo Volkswagen-Audi por la presunta manipulaci\u00f3n de los motores di\u00e9sel para rebajar las emisiones contaminantes.<\/p>\n<p>En ella, m\u00e1s de 4.000 afectados reclaman el reconocimiento de los hechos, la reparaci\u00f3n de los veh\u00edculos en un plazo menor a un mes y compensaciones econ\u00f3micas de hasta 2.000 euros.<\/p>\n<p>\u00abEn el caso de que el fabricante decida seguir haciendo o\u00eddos sordos, ser\u00e1n los tribunales los que decidir\u00e1n si los consumidores enga\u00f1ados tienen derecho a alg\u00fan tipo de compensaci\u00f3n como la que han recibido los afectados por este esc\u00e1ndalo en EEUU\u00bb, advirti\u00f3 la OCU.<\/p>\n<p>Desde la organizaci\u00f3n critican que el grupo alem\u00e1n dilat\u00f3 \u00abde manera injustificada\u00bb el plazo para la reparaci\u00f3n de los veh\u00edculos afectados y asegur\u00f3 que esto supuso un \u00abtrastorno\u00bb para sus propietarios.<\/p>\n<p>\u00abA la intranquilidad causada por el anuncio de la manipulaci\u00f3n del software suman ahora la incertidumbre sobre el nivel de emisiones de sus coches\u00bb, expresaron.<\/p>\n<p>El segundo mayor fabricante de coches del mundo qued\u00f3 sumido en una gran crisis al salir a la luz que truc\u00f3 los motores de 11 millones de veh\u00edculos en todo el mundo para simular menores emisiones de gases contaminantes.<\/p>\n<p>A finales de junio se acord\u00f3 que s\u00f3lo en Estados Unidos la automotriz alemana tendr\u00e1 que asumir costes por unos 14.700 millones de d\u00f3lares (13.300 millones de euros) en concepto de indemnizaciones.<\/p>\n<p>Hace unos d\u00edas, la Audiencia Nacional de Espa\u00f1a imput\u00f3 a Volkswagen Alemania delitos \u00abde defraudaci\u00f3n\u00bb con perjuicio a \u00abuna generalidad de personas\u00bb, fraude de las subvenciones y contra el medio ambiente.<\/p>\n","protected":false},"excerpt":{"rendered":"<p>Madrid, 20 jul (dpa) &#8211; La Organizaci\u00f3n de Consumidores y Usuarios de Espa\u00f1a (OCU) present\u00f3 este martes una demanda colectiva contra el grupo Volkswagen-Audi por la presunta manipulaci\u00f3n de los motores di\u00e9sel para rebajar las emisiones contaminantes. En ella, m\u00e1s de 4.000 afectados reclaman el reconocimiento de los hechos, la reparaci\u00f3n de los veh\u00edculos en<\/p>\n","protected":false},"author":1,"featured_media":11776,"comment_status":"closed","ping_status":"closed","sticky":false,"template":"","format":"standard","meta":{"footnotes":""},"categories":[343],"tags":[],"class_list":{"0":"post-32373","1":"post","2":"type-post","3":"status-publish","4":"format-standard","5":"has-post-thumbnail","7":"category-actualidad"},"aioseo_notices":[],"aioseo_head":"\n\t\t<!-- All in One SEO Pro 4.9.6.2 - aioseo.com -->\n\t<meta name=\"description\" content=\"Madrid, 20 jul (dpa) - La Organizaci\u00f3n de Consumidores y Usuarios de Espa\u00f1a (OCU) present\u00f3 este martes una demanda colectiva contra el grupo Volkswagen-Audi por la presunta manipulaci\u00f3n de los motores di\u00e9sel para rebajar las emisiones contaminantes. En ella, m\u00e1s de 4.000 afectados reclaman el reconocimiento de los hechos, la reparaci\u00f3n de los veh\u00edculos en\" \/>\n\t<meta name=\"robots\" content=\"max-image-preview:large\" \/>\n\t<meta name=\"author\" content=\"Cand\u00e1s 365\"\/>\n\t<meta name=\"google-site-verification\" content=\"UA-32230408-1\" \/>\n\t<meta name=\"msvalidate.01\" content=\"354F3CDFB2DA171B47FBE9ABF1F88D5\" \/>\n\t<meta name=\"keywords\" content=\"actualidad\" \/>\n\t<link rel=\"canonical\" href=\"https:\/\/candas365.es\/noticias\/demanda-colectiva-contra-volkswagen-en-espana-por-su-presunto-fraude\/\" \/>\n\t<meta name=\"generator\" content=\"All in One SEO Pro (AIOSEO) 4.9.6.2\" \/>\n\t\t<meta property=\"og:locale\" content=\"es_ES\" \/>\n\t\t<meta property=\"og:site_name\" content=\"Cand\u00e1s 365\" \/>\n\t\t<meta property=\"og:type\" content=\"article\" \/>\n\t\t<meta property=\"og:title\" content=\"Demanda colectiva contra Volkswagen en Espa\u00f1a por su presunto fraude | Cand\u00e1s 365\" \/>\n\t\t<meta property=\"og:description\" content=\"Madrid, 20 jul (dpa) - La Organizaci\u00f3n de Consumidores y Usuarios de Espa\u00f1a (OCU) present\u00f3 este martes una demanda colectiva contra el grupo Volkswagen-Audi por la presunta manipulaci\u00f3n de los motores di\u00e9sel para rebajar las emisiones contaminantes. En ella, m\u00e1s de 4.000 afectados reclaman el reconocimiento de los hechos, la reparaci\u00f3n de los veh\u00edculos en\" \/>\n\t\t<meta property=\"og:url\" content=\"https:\/\/candas365.es\/noticias\/demanda-colectiva-contra-volkswagen-en-espana-por-su-presunto-fraude\/\" \/>\n\t\t<meta property=\"og:image\" content=\"https:\/\/candas365.es\/noticias\/wp-content\/uploads\/2015\/06\/carretera.jpg\" \/>\n\t\t<meta property=\"og:image:secure_url\" content=\"https:\/\/candas365.es\/noticias\/wp-content\/uploads\/2015\/06\/carretera.jpg\" \/>\n\t\t<meta property=\"og:image:width\" content=\"655\" \/>\n\t\t<meta property=\"og:image:height\" content=\"360\" \/>\n\t\t<meta property=\"article:published_time\" content=\"2016-07-21T01:07:43+00:00\" \/>\n\t\t<meta property=\"article:modified_time\" content=\"2016-07-21T01:07:43+00:00\" \/>\n\t\t<meta property=\"article:publisher\" content=\"https:\/\/www.facebook.com\/Nachofdezber\" \/>\n\t\t<meta property=\"article:author\" content=\"https:\/\/www.facebook.com\/carrenoactualidad\" \/>\n\t\t<meta name=\"twitter:card\" content=\"summary_large_image\" \/>\n\t\t<meta name=\"twitter:site\" content=\"@NabercoDigital\" \/>\n\t\t<meta name=\"twitter:title\" content=\"Demanda colectiva contra Volkswagen en Espa\u00f1a por su presunto fraude | Cand\u00e1s 365\" \/>\n\t\t<meta name=\"twitter:description\" content=\"Madrid, 20 jul (dpa) - La Organizaci\u00f3n de Consumidores y Usuarios de Espa\u00f1a (OCU) present\u00f3 este martes una demanda colectiva contra el grupo Volkswagen-Audi por la presunta manipulaci\u00f3n de los motores di\u00e9sel para rebajar las emisiones contaminantes. En ella, m\u00e1s de 4.000 afectados reclaman el reconocimiento de los hechos, la reparaci\u00f3n de los veh\u00edculos en\" \/>\n\t\t<meta name=\"twitter:creator\" content=\"@nbasturias\" \/>\n\t\t<meta name=\"twitter:image\" content=\"https:\/\/candas365.es\/noticias\/wp-content\/uploads\/2015\/06\/carretera.jpg\" \/>\n\t\t<meta name=\"twitter:label1\" content=\"Escrito por\" \/>\n\t\t<meta name=\"twitter:data1\" content=\"Cand\u00e1s 365\" \/>\n\t\t<meta name=\"twitter:label2\" content=\"Tiempo de lectura estimado\" \/>\n\t\t<meta name=\"twitter:data2\" content=\"1 minuto\" \/>\n\t\t<script type=\"application\/ld+json\" class=\"aioseo-schema\">\n\t\t\t{\"@context\":\"https:\\\/\\\/schema.org\",\"@graph\":[{\"@type\":\"BreadcrumbList\",\"@id\":\"https:\\\/\\\/candas365.es\\\/noticias\\\/demanda-colectiva-contra-volkswagen-en-espana-por-su-presunto-fraude\\\/#breadcrumblist\",\"itemListElement\":[{\"@type\":\"ListItem\",\"@id\":\"https:\\\/\\\/candas365.es\\\/noticias#listItem\",\"position\":1,\"name\":\"Home\",\"item\":\"https:\\\/\\\/candas365.es\\\/noticias\",\"nextItem\":{\"@type\":\"ListItem\",\"@id\":\"https:\\\/\\\/candas365.es\\\/noticias\\\/category\\\/actualidad\\\/#listItem\",\"name\":\"Actualidad\"}},{\"@type\":\"ListItem\",\"@id\":\"https:\\\/\\\/candas365.es\\\/noticias\\\/category\\\/actualidad\\\/#listItem\",\"position\":2,\"name\":\"Actualidad\",\"item\":\"https:\\\/\\\/candas365.es\\\/noticias\\\/category\\\/actualidad\\\/\",\"nextItem\":{\"@type\":\"ListItem\",\"@id\":\"https:\\\/\\\/candas365.es\\\/noticias\\\/demanda-colectiva-contra-volkswagen-en-espana-por-su-presunto-fraude\\\/#listItem\",\"name\":\"Demanda colectiva contra Volkswagen en Espa\\u00f1a por su presunto fraude\"},\"previousItem\":{\"@type\":\"ListItem\",\"@id\":\"https:\\\/\\\/candas365.es\\\/noticias#listItem\",\"name\":\"Home\"}},{\"@type\":\"ListItem\",\"@id\":\"https:\\\/\\\/candas365.es\\\/noticias\\\/demanda-colectiva-contra-volkswagen-en-espana-por-su-presunto-fraude\\\/#listItem\",\"position\":3,\"name\":\"Demanda colectiva contra Volkswagen en Espa\\u00f1a por su presunto fraude\",\"previousItem\":{\"@type\":\"ListItem\",\"@id\":\"https:\\\/\\\/candas365.es\\\/noticias\\\/category\\\/actualidad\\\/#listItem\",\"name\":\"Actualidad\"}}]},{\"@type\":\"NewsArticle\",\"@id\":\"https:\\\/\\\/candas365.es\\\/noticias\\\/demanda-colectiva-contra-volkswagen-en-espana-por-su-presunto-fraude\\\/#newsarticle\",\"name\":\"Demanda colectiva contra Volkswagen en Espa\\u00f1a por su presunto fraude | Cand\\u00e1s 365\",\"headline\":\"Demanda colectiva contra Volkswagen en Espa\\u00f1a por su presunto fraude\",\"author\":{\"@id\":\"https:\\\/\\\/candas365.es\\\/noticias\\\/author\\\/admin\\\/#author\"},\"publisher\":{\"@id\":\"https:\\\/\\\/candas365.es\\\/noticias\\\/#organization\"},\"image\":{\"@type\":\"ImageObject\",\"url\":\"https:\\\/\\\/candas365.es\\\/noticias\\\/wp-content\\\/uploads\\\/2015\\\/06\\\/carretera.jpg\",\"width\":655,\"height\":360},\"datePublished\":\"2016-07-21T02:37:43+02:00\",\"dateModified\":\"2016-07-21T02:37:43+02:00\",\"inLanguage\":\"es-ES\",\"mainEntityOfPage\":{\"@id\":\"https:\\\/\\\/candas365.es\\\/noticias\\\/demanda-colectiva-contra-volkswagen-en-espana-por-su-presunto-fraude\\\/#webpage\"},\"isPartOf\":{\"@id\":\"https:\\\/\\\/candas365.es\\\/noticias\\\/demanda-colectiva-contra-volkswagen-en-espana-por-su-presunto-fraude\\\/#webpage\"},\"articleSection\":\"Actualidad\",\"dateline\":\"Publicado el julio 21, 2016.\"},{\"@type\":\"Organization\",\"@id\":\"https:\\\/\\\/candas365.es\\\/noticias\\\/#organization\",\"name\":\"Cand\\u00e1s 365\",\"description\":\"Cand\\u00e1s 365 es un diario digital independiente, fundado en 2012, con base en Asturias. Informamos con rigor sobre actualidad, sociedad, cultura y ocio, con una mirada local y global.\",\"url\":\"https:\\\/\\\/candas365.es\\\/noticias\\\/\",\"email\":\"info@candas365.es\",\"telephone\":\"+34652131393\",\"foundingDate\":\"2012-06-10\",\"logo\":{\"@type\":\"ImageObject\",\"url\":\"https:\\\/\\\/candas365.es\\\/noticias\\\/wp-content\\\/uploads\\\/2024\\\/09\\\/Candas-365-Redes.jpg\",\"@id\":\"https:\\\/\\\/candas365.es\\\/noticias\\\/demanda-colectiva-contra-volkswagen-en-espana-por-su-presunto-fraude\\\/#organizationLogo\",\"width\":1152,\"height\":864,\"caption\":\"Cand\\u00e1s 365 Redes\"},\"image\":{\"@id\":\"https:\\\/\\\/candas365.es\\\/noticias\\\/demanda-colectiva-contra-volkswagen-en-espana-por-su-presunto-fraude\\\/#organizationLogo\"},\"sameAs\":[\"https:\\\/\\\/www.facebook.com\\\/Nachofdezber\",\"https:\\\/\\\/x.com\\\/NabercoDigital\",\"https:\\\/\\\/www.instagram.com\\\/nachofdezber\\\/\",\"https:\\\/\\\/www.youtube.com\\\/channel\\\/UCZP-2wLEB9Rv6erhFmqVnvg\"],\"address\":{\"@id\":\"https:\\\/\\\/candas365.es\\\/noticias\\\/#postaladdress\",\"@type\":\"PostalAddress\",\"streetAddress\":\"san antonio 4, san antonio 4\",\"postalCode\":\"33430\",\"addressLocality\":\"Cand\\u00e1s\",\"addressRegion\":\"Asturias\",\"addressCountry\":\"ES\"}},{\"@type\":\"Person\",\"@id\":\"https:\\\/\\\/candas365.es\\\/noticias\\\/author\\\/admin\\\/#author\",\"url\":\"https:\\\/\\\/candas365.es\\\/noticias\\\/author\\\/admin\\\/\",\"name\":\"Cand\\u00e1s 365\",\"image\":{\"@type\":\"ImageObject\",\"@id\":\"https:\\\/\\\/candas365.es\\\/noticias\\\/demanda-colectiva-contra-volkswagen-en-espana-por-su-presunto-fraude\\\/#authorImage\",\"url\":\"https:\\\/\\\/secure.gravatar.com\\\/avatar\\\/496a8e03d0c493ede1718b7934145dbdf8d89be1036b0eec9544e1094c9de390?s=96&d=mm&r=g\",\"width\":96,\"height\":96,\"caption\":\"Cand\\u00e1s 365\"},\"sameAs\":[\"https:\\\/\\\/www.facebook.com\\\/carrenoactualidad\",\"https:\\\/\\\/twitter.com\\\/nbasturias\",\"https:\\\/\\\/www.instagram.com\\\/nachofdezber\\\/\",\"https:\\\/\\\/www.youtube.com\\\/channel\\\/UCZP-2wLEB9Rv6erhFmqVnvg\"]},{\"@type\":\"WebPage\",\"@id\":\"https:\\\/\\\/candas365.es\\\/noticias\\\/demanda-colectiva-contra-volkswagen-en-espana-por-su-presunto-fraude\\\/#webpage\",\"url\":\"https:\\\/\\\/candas365.es\\\/noticias\\\/demanda-colectiva-contra-volkswagen-en-espana-por-su-presunto-fraude\\\/\",\"name\":\"Demanda colectiva contra Volkswagen en Espa\\u00f1a por su presunto fraude | Cand\\u00e1s 365\",\"description\":\"Madrid, 20 jul (dpa) - La Organizaci\\u00f3n de Consumidores y Usuarios de Espa\\u00f1a (OCU) present\\u00f3 este martes una demanda colectiva contra el grupo Volkswagen-Audi por la presunta manipulaci\\u00f3n de los motores di\\u00e9sel para rebajar las emisiones contaminantes. En ella, m\\u00e1s de 4.000 afectados reclaman el reconocimiento de los hechos, la reparaci\\u00f3n de los veh\\u00edculos en\",\"inLanguage\":\"es-ES\",\"isPartOf\":{\"@id\":\"https:\\\/\\\/candas365.es\\\/noticias\\\/#website\"},\"breadcrumb\":{\"@id\":\"https:\\\/\\\/candas365.es\\\/noticias\\\/demanda-colectiva-contra-volkswagen-en-espana-por-su-presunto-fraude\\\/#breadcrumblist\"},\"author\":{\"@id\":\"https:\\\/\\\/candas365.es\\\/noticias\\\/author\\\/admin\\\/#author\"},\"creator\":{\"@id\":\"https:\\\/\\\/candas365.es\\\/noticias\\\/author\\\/admin\\\/#author\"},\"image\":{\"@type\":\"ImageObject\",\"url\":\"https:\\\/\\\/candas365.es\\\/noticias\\\/wp-content\\\/uploads\\\/2015\\\/06\\\/carretera.jpg\",\"@id\":\"https:\\\/\\\/candas365.es\\\/noticias\\\/demanda-colectiva-contra-volkswagen-en-espana-por-su-presunto-fraude\\\/#mainImage\",\"width\":655,\"height\":360},\"primaryImageOfPage\":{\"@id\":\"https:\\\/\\\/candas365.es\\\/noticias\\\/demanda-colectiva-contra-volkswagen-en-espana-por-su-presunto-fraude\\\/#mainImage\"},\"datePublished\":\"2016-07-21T02:37:43+02:00\",\"dateModified\":\"2016-07-21T02:37:43+02:00\"},{\"@type\":\"WebSite\",\"@id\":\"https:\\\/\\\/candas365.es\\\/noticias\\\/#website\",\"url\":\"https:\\\/\\\/candas365.es\\\/noticias\\\/\",\"name\":\"Cand\\u00e1s 365\",\"alternateName\":\"Cand\\u00e1s 365 Noticias\",\"description\":\"Actualidad desde Carre\\u00f1o para el mundo\",\"inLanguage\":\"es-ES\",\"publisher\":{\"@id\":\"https:\\\/\\\/candas365.es\\\/noticias\\\/#organization\"}}]}\n\t\t<\/script>\n\t\t<!-- All in One SEO Pro -->\r\n\t\t<title>Demanda colectiva contra Volkswagen en Espa\u00f1a por su presunto fraude | Cand\u00e1s 365<\/title>\n\n","aioseo_head_json":{"title":"Demanda colectiva contra Volkswagen en Espa\u00f1a por su presunto fraude | Cand\u00e1s 365","description":"Madrid, 20 jul (dpa) - La Organizaci\u00f3n de Consumidores y Usuarios de Espa\u00f1a (OCU) present\u00f3 este martes una demanda colectiva contra el grupo Volkswagen-Audi por la presunta manipulaci\u00f3n de los motores di\u00e9sel para rebajar las emisiones contaminantes. En ella, m\u00e1s de 4.000 afectados reclaman el reconocimiento de los hechos, la reparaci\u00f3n de los veh\u00edculos en","canonical_url":"https:\/\/candas365.es\/noticias\/demanda-colectiva-contra-volkswagen-en-espana-por-su-presunto-fraude\/","robots":"max-image-preview:large","keywords":"actualidad","webmasterTools":{"google-site-verification":"UA-32230408-1","msvalidate.01":"354F3CDFB2DA171B47FBE9ABF1F88D5","miscellaneous":""},"schema":{"@context":"https:\/\/schema.org","@graph":[{"@type":"BreadcrumbList","@id":"https:\/\/candas365.es\/noticias\/demanda-colectiva-contra-volkswagen-en-espana-por-su-presunto-fraude\/#breadcrumblist","itemListElement":[{"@type":"ListItem","@id":"https:\/\/candas365.es\/noticias#listItem","position":1,"name":"Home","item":"https:\/\/candas365.es\/noticias","nextItem":{"@type":"ListItem","@id":"https:\/\/candas365.es\/noticias\/category\/actualidad\/#listItem","name":"Actualidad"}},{"@type":"ListItem","@id":"https:\/\/candas365.es\/noticias\/category\/actualidad\/#listItem","position":2,"name":"Actualidad","item":"https:\/\/candas365.es\/noticias\/category\/actualidad\/","nextItem":{"@type":"ListItem","@id":"https:\/\/candas365.es\/noticias\/demanda-colectiva-contra-volkswagen-en-espana-por-su-presunto-fraude\/#listItem","name":"Demanda colectiva contra Volkswagen en Espa\u00f1a por su presunto fraude"},"previousItem":{"@type":"ListItem","@id":"https:\/\/candas365.es\/noticias#listItem","name":"Home"}},{"@type":"ListItem","@id":"https:\/\/candas365.es\/noticias\/demanda-colectiva-contra-volkswagen-en-espana-por-su-presunto-fraude\/#listItem","position":3,"name":"Demanda colectiva contra Volkswagen en Espa\u00f1a por su presunto fraude","previousItem":{"@type":"ListItem","@id":"https:\/\/candas365.es\/noticias\/category\/actualidad\/#listItem","name":"Actualidad"}}]},{"@type":"NewsArticle","@id":"https:\/\/candas365.es\/noticias\/demanda-colectiva-contra-volkswagen-en-espana-por-su-presunto-fraude\/#newsarticle","name":"Demanda colectiva contra Volkswagen en Espa\u00f1a por su presunto fraude | Cand\u00e1s 365","headline":"Demanda colectiva contra Volkswagen en Espa\u00f1a por su presunto fraude","author":{"@id":"https:\/\/candas365.es\/noticias\/author\/admin\/#author"},"publisher":{"@id":"https:\/\/candas365.es\/noticias\/#organization"},"image":{"@type":"ImageObject","url":"https:\/\/candas365.es\/noticias\/wp-content\/uploads\/2015\/06\/carretera.jpg","width":655,"height":360},"datePublished":"2016-07-21T02:37:43+02:00","dateModified":"2016-07-21T02:37:43+02:00","inLanguage":"es-ES","mainEntityOfPage":{"@id":"https:\/\/candas365.es\/noticias\/demanda-colectiva-contra-volkswagen-en-espana-por-su-presunto-fraude\/#webpage"},"isPartOf":{"@id":"https:\/\/candas365.es\/noticias\/demanda-colectiva-contra-volkswagen-en-espana-por-su-presunto-fraude\/#webpage"},"articleSection":"Actualidad","dateline":"Publicado el julio 21, 2016."},{"@type":"Organization","@id":"https:\/\/candas365.es\/noticias\/#organization","name":"Cand\u00e1s 365","description":"Cand\u00e1s 365 es un diario digital independiente, fundado en 2012, con base en Asturias. Informamos con rigor sobre actualidad, sociedad, cultura y ocio, con una mirada local y global.","url":"https:\/\/candas365.es\/noticias\/","email":"info@candas365.es","telephone":"+34652131393","foundingDate":"2012-06-10","logo":{"@type":"ImageObject","url":"https:\/\/candas365.es\/noticias\/wp-content\/uploads\/2024\/09\/Candas-365-Redes.jpg","@id":"https:\/\/candas365.es\/noticias\/demanda-colectiva-contra-volkswagen-en-espana-por-su-presunto-fraude\/#organizationLogo","width":1152,"height":864,"caption":"Cand\u00e1s 365 Redes"},"image":{"@id":"https:\/\/candas365.es\/noticias\/demanda-colectiva-contra-volkswagen-en-espana-por-su-presunto-fraude\/#organizationLogo"},"sameAs":["https:\/\/www.facebook.com\/Nachofdezber","https:\/\/x.com\/NabercoDigital","https:\/\/www.instagram.com\/nachofdezber\/","https:\/\/www.youtube.com\/channel\/UCZP-2wLEB9Rv6erhFmqVnvg"],"address":{"@id":"https:\/\/candas365.es\/noticias\/#postaladdress","@type":"PostalAddress","streetAddress":"san antonio 4, san antonio 4","postalCode":"33430","addressLocality":"Cand\u00e1s","addressRegion":"Asturias","addressCountry":"ES"}},{"@type":"Person","@id":"https:\/\/candas365.es\/noticias\/author\/admin\/#author","url":"https:\/\/candas365.es\/noticias\/author\/admin\/","name":"Cand\u00e1s 365","image":{"@type":"ImageObject","@id":"https:\/\/candas365.es\/noticias\/demanda-colectiva-contra-volkswagen-en-espana-por-su-presunto-fraude\/#authorImage","url":"https:\/\/secure.gravatar.com\/avatar\/496a8e03d0c493ede1718b7934145dbdf8d89be1036b0eec9544e1094c9de390?s=96&d=mm&r=g","width":96,"height":96,"caption":"Cand\u00e1s 365"},"sameAs":["https:\/\/www.facebook.com\/carrenoactualidad","https:\/\/twitter.com\/nbasturias","https:\/\/www.instagram.com\/nachofdezber\/","https:\/\/www.youtube.com\/channel\/UCZP-2wLEB9Rv6erhFmqVnvg"]},{"@type":"WebPage","@id":"https:\/\/candas365.es\/noticias\/demanda-colectiva-contra-volkswagen-en-espana-por-su-presunto-fraude\/#webpage","url":"https:\/\/candas365.es\/noticias\/demanda-colectiva-contra-volkswagen-en-espana-por-su-presunto-fraude\/","name":"Demanda colectiva contra Volkswagen en Espa\u00f1a por su presunto fraude | Cand\u00e1s 365","description":"Madrid, 20 jul (dpa) - La Organizaci\u00f3n de Consumidores y Usuarios de Espa\u00f1a (OCU) present\u00f3 este martes una demanda colectiva contra el grupo Volkswagen-Audi por la presunta manipulaci\u00f3n de los motores di\u00e9sel para rebajar las emisiones contaminantes. En ella, m\u00e1s de 4.000 afectados reclaman el reconocimiento de los hechos, la reparaci\u00f3n de los veh\u00edculos en","inLanguage":"es-ES","isPartOf":{"@id":"https:\/\/candas365.es\/noticias\/#website"},"breadcrumb":{"@id":"https:\/\/candas365.es\/noticias\/demanda-colectiva-contra-volkswagen-en-espana-por-su-presunto-fraude\/#breadcrumblist"},"author":{"@id":"https:\/\/candas365.es\/noticias\/author\/admin\/#author"},"creator":{"@id":"https:\/\/candas365.es\/noticias\/author\/admin\/#author"},"image":{"@type":"ImageObject","url":"https:\/\/candas365.es\/noticias\/wp-content\/uploads\/2015\/06\/carretera.jpg","@id":"https:\/\/candas365.es\/noticias\/demanda-colectiva-contra-volkswagen-en-espana-por-su-presunto-fraude\/#mainImage","width":655,"height":360},"primaryImageOfPage":{"@id":"https:\/\/candas365.es\/noticias\/demanda-colectiva-contra-volkswagen-en-espana-por-su-presunto-fraude\/#mainImage"},"datePublished":"2016-07-21T02:37:43+02:00","dateModified":"2016-07-21T02:37:43+02:00"},{"@type":"WebSite","@id":"https:\/\/candas365.es\/noticias\/#website","url":"https:\/\/candas365.es\/noticias\/","name":"Cand\u00e1s 365","alternateName":"Cand\u00e1s 365 Noticias","description":"Actualidad desde Carre\u00f1o para el mundo","inLanguage":"es-ES","publisher":{"@id":"https:\/\/candas365.es\/noticias\/#organization"}}]},"og:locale":"es_ES","og:site_name":"Cand\u00e1s 365","og:type":"article","og:title":"Demanda colectiva contra Volkswagen en Espa\u00f1a por su presunto fraude | Cand\u00e1s 365","og:description":"Madrid, 20 jul (dpa) - La Organizaci\u00f3n de Consumidores y Usuarios de Espa\u00f1a (OCU) present\u00f3 este martes una demanda colectiva contra el grupo Volkswagen-Audi por la presunta manipulaci\u00f3n de los motores di\u00e9sel para rebajar las emisiones contaminantes. En ella, m\u00e1s de 4.000 afectados reclaman el reconocimiento de los hechos, la reparaci\u00f3n de los veh\u00edculos en","og:url":"https:\/\/candas365.es\/noticias\/demanda-colectiva-contra-volkswagen-en-espana-por-su-presunto-fraude\/","og:image":"https:\/\/candas365.es\/noticias\/wp-content\/uploads\/2015\/06\/carretera.jpg","og:image:secure_url":"https:\/\/candas365.es\/noticias\/wp-content\/uploads\/2015\/06\/carretera.jpg","og:image:width":655,"og:image:height":360,"article:published_time":"2016-07-21T01:07:43+00:00","article:modified_time":"2016-07-21T01:07:43+00:00","article:publisher":"https:\/\/www.facebook.com\/Nachofdezber","article:author":"https:\/\/www.facebook.com\/carrenoactualidad","twitter:card":"summary_large_image","twitter:site":"@NabercoDigital","twitter:title":"Demanda colectiva contra Volkswagen en Espa\u00f1a por su presunto fraude | Cand\u00e1s 365","twitter:description":"Madrid, 20 jul (dpa) - La Organizaci\u00f3n de Consumidores y Usuarios de Espa\u00f1a (OCU) present\u00f3 este martes una demanda colectiva contra el grupo Volkswagen-Audi por la presunta manipulaci\u00f3n de los motores di\u00e9sel para rebajar las emisiones contaminantes. En ella, m\u00e1s de 4.000 afectados reclaman el reconocimiento de los hechos, la reparaci\u00f3n de los veh\u00edculos en","twitter:creator":"@nbasturias","twitter:image":"https:\/\/candas365.es\/noticias\/wp-content\/uploads\/2015\/06\/carretera.jpg","twitter:label1":"Escrito por","twitter:data1":"Cand\u00e1s 365","twitter:label2":"Tiempo de lectura estimado","twitter:data2":"1 minuto"},"aioseo_meta_data":{"post_id":"32373","title":null,"description":null,"keywords":null,"keyphrases":null,"primary_term":null,"canonical_url":null,"og_title":null,"og_description":null,"og_object_type":"default","og_image_type":"default","og_image_url":null,"og_image_width":null,"og_image_height":null,"og_image_custom_url":null,"og_image_custom_fields":null,"og_video":null,"og_custom_url":null,"og_article_section":null,"og_article_tags":null,"twitter_use_og":false,"twitter_card":"default","twitter_image_type":"default","twitter_image_url":null,"twitter_image_custom_url":null,"twitter_image_custom_fields":null,"twitter_title":null,"twitter_description":null,"schema":{"blockGraphs":[],"customGraphs":[],"default":{"data":{"Article":[],"Course":[],"Dataset":[],"FAQPage":[],"Movie":[],"Person":[],"Product":[],"ProductReview":[],"Car":[],"Recipe":[],"Service":[],"SoftwareApplication":[],"WebPage":[]},"graphName":"","isEnabled":true},"graphs":[],"defaultGraph":"","defaultPostTypeGraph":""},"schema_type":null,"schema_type_options":null,"pillar_content":false,"robots_default":true,"robots_noindex":false,"robots_noarchive":false,"robots_nosnippet":false,"robots_nofollow":false,"robots_noimageindex":false,"robots_noodp":false,"robots_notranslate":false,"robots_max_snippet":null,"robots_max_videopreview":null,"robots_max_imagepreview":"large","priority":null,"frequency":null,"location":null,"local_seo":null,"seo_analyzer_scan_date":"2025-08-24 15:17:10","breadcrumb_settings":null,"limit_modified_date":false,"reviewed_by":null,"open_ai":null,"ai":null,"created":"2020-12-21 13:03:41","updated":"2025-08-24 15:17:10"},"aioseo_breadcrumb":"<div class=\"aioseo-breadcrumbs\"><span class=\"aioseo-breadcrumb\">\n\t<a href=\"https:\/\/candas365.es\/noticias\" title=\"Home\">Home<\/a>\n<\/span><span class=\"aioseo-breadcrumb-separator\">&ndash;<\/span><span class=\"aioseo-breadcrumb\">\n\t<a href=\"https:\/\/candas365.es\/noticias\/category\/actualidad\/\" title=\"Actualidad\">Actualidad<\/a>\n<\/span><span class=\"aioseo-breadcrumb-separator\">&ndash;<\/span><span class=\"aioseo-breadcrumb\">\n\tDemanda colectiva contra Volkswagen en Espa\u00f1a por su presunto fraude\n<\/span><\/div>","aioseo_breadcrumb_json":[{"label":"Home","link":"https:\/\/candas365.es\/noticias"},{"label":"Actualidad","link":"https:\/\/candas365.es\/noticias\/category\/actualidad\/"},{"label":"Demanda colectiva contra Volkswagen en Espa\u00f1a por su presunto fraude","link":"https:\/\/candas365.es\/noticias\/demanda-colectiva-contra-volkswagen-en-espana-por-su-presunto-fraude\/"}],"_links":{"self":[{"href":"https:\/\/candas365.es\/noticias\/wp-json\/wp\/v2\/posts\/32373","targetHints":{"allow":["GET"]}}],"collection":[{"href":"https:\/\/candas365.es\/noticias\/wp-json\/wp\/v2\/posts"}],"about":[{"href":"https:\/\/candas365.es\/noticias\/wp-json\/wp\/v2\/types\/post"}],"author":[{"embeddable":true,"href":"https:\/\/candas365.es\/noticias\/wp-json\/wp\/v2\/users\/1"}],"replies":[{"embeddable":true,"href":"https:\/\/candas365.es\/noticias\/wp-json\/wp\/v2\/comments?post=32373"}],"version-history":[{"count":0,"href":"https:\/\/candas365.es\/noticias\/wp-json\/wp\/v2\/posts\/32373\/revisions"}],"wp:featuredmedia":[{"embeddable":true,"href":"https:\/\/candas365.es\/noticias\/wp-json\/wp\/v2\/media\/11776"}],"wp:attachment":[{"href":"https:\/\/candas365.es\/noticias\/wp-json\/wp\/v2\/media?parent=32373"}],"wp:term":[{"taxonomy":"category","embeddable":true,"href":"https:\/\/candas365.es\/noticias\/wp-json\/wp\/v2\/categories?post=32373"},{"taxonomy":"post_tag","embeddable":true,"href":"https:\/\/candas365.es\/noticias\/wp-json\/wp\/v2\/tags?post=32373"}],"curies":[{"name":"wp","href":"https:\/\/api.w.org\/{rel}","templated":true}]}}