{"id":32363,"date":"2016-07-21T02:08:27","date_gmt":"2016-07-21T00:38:27","guid":{"rendered":"http:\/\/candas365.es\/noticias\/?p=32363"},"modified":"2016-07-21T02:08:27","modified_gmt":"2016-07-21T00:38:27","slug":"ancelotti-asegura-que-el-bayern-no-necesita-realizar-mas-fichajes","status":"publish","type":"post","link":"https:\/\/candas365.es\/noticias\/ancelotti-asegura-que-el-bayern-no-necesita-realizar-mas-fichajes\/","title":{"rendered":"Ancelotti asegura que el Bayern no necesita realizar m\u00e1s fichajes"},"content":{"rendered":"<p>M\u00fanich, 19 jul (dpa) &#8211; Incluso despu\u00e9s de que se confirmase la baja por lesi\u00f3n de Arjen Robben, el entrenador del Bayern de M\u00fanich, Carlo Ancelotti, dijo hoy que no ve necesario acometer nuevos fichajes para reforzar el equipo.<\/p>\n<p>\u00abNuestro equipo es muy bueno, todas las posiciones est\u00e1n cubiertas, no necesitamos nuevos jugadores para esta temporada\u00bb, se\u00f1al\u00f3 el t\u00e9cnico italiano durante una rueda de prensa en la capital b\u00e1vara.<\/p>\n<p>Robben estar\u00e1 apartado alrededor de seis semanas de los terrenos de juego despu\u00e9s de lesionarse el s\u00e1bado en un amistoso que el Bayern disput\u00f3 frente al Lippstadt, un equipo de la liga regional.<\/p>\n<p>Robben sufre de nuevo problemas en sus abductores y tras su lesi\u00f3n muscular est\u00e1 en el aire que pueda estar disponible para el comienzo de la Bundesliga el 26 de agosto, una jornada en la que el club muniqu\u00e9s medir\u00e1 sus fuerzas ante el Werder Bremen.<\/p>\n<p>\u00abNo estoy contento, pero espero que pueda estar listo para el comienzo de la temporada\u00bb, reconoci\u00f3 Ancelotti.<\/p>\n<p>Ante las preguntas de los periodistas, el t\u00e9cnico del Bayern insisti\u00f3 en que personalmente no tiene intenci\u00f3n de cerrar nuevas incorporaciones. Recientemente se especulaba con el posible fichaje de Leroy San\u00e9, pero en la actualidad se cree que el futbolista del Schalke podr\u00eda haber llegado a un acuerdo con el Manchester City de Josep Guardiola.<\/p>\n<p>Asimismo, el entrenador italiano evit\u00f3 referirse al futuro de Mario G\u00f6tze. \u00abPor el momento es un jugador del Bayern y como tal lo seguimos tratando, no hay novedades al respecto\u00bb, se\u00f1al\u00f3 en relaci\u00f3n a un posible regreso del internacional al Borussia Dortmund.<\/p>\n<p>Tras ser presentado oficialmente la pasada semana como entrenador del Bayern, Ancelotti afronta ma\u00f1ana su primer gran amistoso en el banquillo del club muniqu\u00e9s, ante el City de Guardiola, su predecesor en M\u00fanich.<\/p>\n<p>Las comparaciones entre los dos entrenadores ser\u00e1n inevitables, como tambi\u00e9n lo fueron el s\u00e1bado, cuando Ancelotti se estren\u00f3 como t\u00e9cnico del club alem\u00e1n.<\/p>\n<p>En su debut, el italiano no se vio acompa\u00f1ado por la suerte. A la victoria p\u00edrrica por 4-3 lograda ante el Lippstadt, un equipo menor de la liga regional alemana, se sum\u00f3 la baja de Robben, que se vio obligado a abandonar el campo a los 35 minutos de juego por problemas en los abductores.<\/p>\n","protected":false},"excerpt":{"rendered":"<p>M\u00fanich, 19 jul (dpa) &#8211; Incluso despu\u00e9s de que se confirmase la baja por lesi\u00f3n de Arjen Robben, el entrenador del Bayern de M\u00fanich, Carlo Ancelotti, dijo hoy que no ve necesario acometer nuevos fichajes para reforzar el equipo. \u00abNuestro equipo es muy bueno, todas las posiciones est\u00e1n cubiertas, no necesitamos nuevos jugadores para esta<\/p>\n","protected":false},"author":1,"featured_media":21654,"comment_status":"closed","ping_status":"closed","sticky":false,"template":"","format":"standard","meta":{"footnotes":""},"categories":[343],"tags":[],"class_list":{"0":"post-32363","1":"post","2":"type-post","3":"status-publish","4":"format-standard","5":"has-post-thumbnail","7":"category-actualidad"},"aioseo_notices":[],"aioseo_head":"\n\t\t<!-- All in One SEO Pro 4.9.6.2 - aioseo.com -->\n\t<meta name=\"description\" content=\"M\u00fanich, 19 jul (dpa) - Incluso despu\u00e9s de que se confirmase la baja por lesi\u00f3n de Arjen Robben, el entrenador del Bayern de M\u00fanich, Carlo Ancelotti, dijo hoy que no ve necesario acometer nuevos fichajes para reforzar el equipo. &quot;Nuestro equipo es muy bueno, todas las posiciones est\u00e1n cubiertas, no necesitamos nuevos jugadores para esta\" \/>\n\t<meta name=\"robots\" content=\"max-image-preview:large\" \/>\n\t<meta name=\"author\" content=\"Cand\u00e1s 365\"\/>\n\t<meta name=\"google-site-verification\" content=\"UA-32230408-1\" \/>\n\t<meta name=\"msvalidate.01\" content=\"354F3CDFB2DA171B47FBE9ABF1F88D5\" \/>\n\t<meta name=\"keywords\" content=\"actualidad\" \/>\n\t<link rel=\"canonical\" href=\"https:\/\/candas365.es\/noticias\/ancelotti-asegura-que-el-bayern-no-necesita-realizar-mas-fichajes\/\" \/>\n\t<meta name=\"generator\" content=\"All in One SEO Pro (AIOSEO) 4.9.6.2\" \/>\n\t\t<meta property=\"og:locale\" content=\"es_ES\" \/>\n\t\t<meta property=\"og:site_name\" content=\"Cand\u00e1s 365\" \/>\n\t\t<meta property=\"og:type\" content=\"article\" \/>\n\t\t<meta property=\"og:title\" content=\"Ancelotti asegura que el Bayern no necesita realizar m\u00e1s fichajes | Cand\u00e1s 365\" \/>\n\t\t<meta property=\"og:description\" content=\"M\u00fanich, 19 jul (dpa) - Incluso despu\u00e9s de que se confirmase la baja por lesi\u00f3n de Arjen Robben, el entrenador del Bayern de M\u00fanich, Carlo Ancelotti, dijo hoy que no ve necesario acometer nuevos fichajes para reforzar el equipo. &quot;Nuestro equipo es muy bueno, todas las posiciones est\u00e1n cubiertas, no necesitamos nuevos jugadores para esta\" \/>\n\t\t<meta property=\"og:url\" content=\"https:\/\/candas365.es\/noticias\/ancelotti-asegura-que-el-bayern-no-necesita-realizar-mas-fichajes\/\" \/>\n\t\t<meta property=\"og:image\" content=\"https:\/\/candas365.es\/noticias\/wp-content\/uploads\/2015\/12\/bayern.jpg\" \/>\n\t\t<meta property=\"og:image:secure_url\" content=\"https:\/\/candas365.es\/noticias\/wp-content\/uploads\/2015\/12\/bayern.jpg\" \/>\n\t\t<meta property=\"og:image:width\" content=\"655\" \/>\n\t\t<meta property=\"og:image:height\" content=\"360\" \/>\n\t\t<meta property=\"article:published_time\" content=\"2016-07-21T00:38:27+00:00\" \/>\n\t\t<meta property=\"article:modified_time\" content=\"2016-07-21T00:38:27+00:00\" \/>\n\t\t<meta property=\"article:publisher\" content=\"https:\/\/www.facebook.com\/Nachofdezber\" \/>\n\t\t<meta property=\"article:author\" content=\"https:\/\/www.facebook.com\/carrenoactualidad\" \/>\n\t\t<meta name=\"twitter:card\" content=\"summary_large_image\" \/>\n\t\t<meta name=\"twitter:site\" content=\"@NabercoDigital\" \/>\n\t\t<meta name=\"twitter:title\" content=\"Ancelotti asegura que el Bayern no necesita realizar m\u00e1s fichajes | Cand\u00e1s 365\" \/>\n\t\t<meta name=\"twitter:description\" content=\"M\u00fanich, 19 jul (dpa) - Incluso despu\u00e9s de que se confirmase la baja por lesi\u00f3n de Arjen Robben, el entrenador del Bayern de M\u00fanich, Carlo Ancelotti, dijo hoy que no ve necesario acometer nuevos fichajes para reforzar el equipo. &quot;Nuestro equipo es muy bueno, todas las posiciones est\u00e1n cubiertas, no necesitamos nuevos jugadores para esta\" \/>\n\t\t<meta name=\"twitter:creator\" content=\"@nbasturias\" \/>\n\t\t<meta name=\"twitter:image\" content=\"https:\/\/candas365.es\/noticias\/wp-content\/uploads\/2015\/12\/bayern.jpg\" \/>\n\t\t<meta name=\"twitter:label1\" content=\"Escrito por\" \/>\n\t\t<meta name=\"twitter:data1\" content=\"Cand\u00e1s 365\" \/>\n\t\t<meta name=\"twitter:label2\" content=\"Tiempo de lectura estimado\" \/>\n\t\t<meta name=\"twitter:data2\" content=\"2 minutos\" \/>\n\t\t<script type=\"application\/ld+json\" class=\"aioseo-schema\">\n\t\t\t{\"@context\":\"https:\\\/\\\/schema.org\",\"@graph\":[{\"@type\":\"BreadcrumbList\",\"@id\":\"https:\\\/\\\/candas365.es\\\/noticias\\\/ancelotti-asegura-que-el-bayern-no-necesita-realizar-mas-fichajes\\\/#breadcrumblist\",\"itemListElement\":[{\"@type\":\"ListItem\",\"@id\":\"https:\\\/\\\/candas365.es\\\/noticias#listItem\",\"position\":1,\"name\":\"Home\",\"item\":\"https:\\\/\\\/candas365.es\\\/noticias\",\"nextItem\":{\"@type\":\"ListItem\",\"@id\":\"https:\\\/\\\/candas365.es\\\/noticias\\\/category\\\/actualidad\\\/#listItem\",\"name\":\"Actualidad\"}},{\"@type\":\"ListItem\",\"@id\":\"https:\\\/\\\/candas365.es\\\/noticias\\\/category\\\/actualidad\\\/#listItem\",\"position\":2,\"name\":\"Actualidad\",\"item\":\"https:\\\/\\\/candas365.es\\\/noticias\\\/category\\\/actualidad\\\/\",\"nextItem\":{\"@type\":\"ListItem\",\"@id\":\"https:\\\/\\\/candas365.es\\\/noticias\\\/ancelotti-asegura-que-el-bayern-no-necesita-realizar-mas-fichajes\\\/#listItem\",\"name\":\"Ancelotti asegura que el Bayern no necesita realizar m\\u00e1s fichajes\"},\"previousItem\":{\"@type\":\"ListItem\",\"@id\":\"https:\\\/\\\/candas365.es\\\/noticias#listItem\",\"name\":\"Home\"}},{\"@type\":\"ListItem\",\"@id\":\"https:\\\/\\\/candas365.es\\\/noticias\\\/ancelotti-asegura-que-el-bayern-no-necesita-realizar-mas-fichajes\\\/#listItem\",\"position\":3,\"name\":\"Ancelotti asegura que el Bayern no necesita realizar m\\u00e1s fichajes\",\"previousItem\":{\"@type\":\"ListItem\",\"@id\":\"https:\\\/\\\/candas365.es\\\/noticias\\\/category\\\/actualidad\\\/#listItem\",\"name\":\"Actualidad\"}}]},{\"@type\":\"NewsArticle\",\"@id\":\"https:\\\/\\\/candas365.es\\\/noticias\\\/ancelotti-asegura-que-el-bayern-no-necesita-realizar-mas-fichajes\\\/#newsarticle\",\"name\":\"Ancelotti asegura que el Bayern no necesita realizar m\\u00e1s fichajes | Cand\\u00e1s 365\",\"headline\":\"Ancelotti asegura que el Bayern no necesita realizar m\\u00e1s fichajes\",\"author\":{\"@id\":\"https:\\\/\\\/candas365.es\\\/noticias\\\/author\\\/admin\\\/#author\"},\"publisher\":{\"@id\":\"https:\\\/\\\/candas365.es\\\/noticias\\\/#organization\"},\"image\":{\"@type\":\"ImageObject\",\"url\":\"https:\\\/\\\/candas365.es\\\/noticias\\\/wp-content\\\/uploads\\\/2015\\\/12\\\/bayern.jpg\",\"width\":655,\"height\":360},\"datePublished\":\"2016-07-21T02:08:27+02:00\",\"dateModified\":\"2016-07-21T02:08:27+02:00\",\"inLanguage\":\"es-ES\",\"mainEntityOfPage\":{\"@id\":\"https:\\\/\\\/candas365.es\\\/noticias\\\/ancelotti-asegura-que-el-bayern-no-necesita-realizar-mas-fichajes\\\/#webpage\"},\"isPartOf\":{\"@id\":\"https:\\\/\\\/candas365.es\\\/noticias\\\/ancelotti-asegura-que-el-bayern-no-necesita-realizar-mas-fichajes\\\/#webpage\"},\"articleSection\":\"Actualidad\",\"dateline\":\"Publicado el julio 21, 2016.\"},{\"@type\":\"Organization\",\"@id\":\"https:\\\/\\\/candas365.es\\\/noticias\\\/#organization\",\"name\":\"Cand\\u00e1s 365\",\"description\":\"Cand\\u00e1s 365 es un diario digital independiente, fundado en 2012, con base en Asturias. Informamos con rigor sobre actualidad, sociedad, cultura y ocio, con una mirada local y global.\",\"url\":\"https:\\\/\\\/candas365.es\\\/noticias\\\/\",\"email\":\"info@candas365.es\",\"telephone\":\"+34652131393\",\"foundingDate\":\"2012-06-10\",\"logo\":{\"@type\":\"ImageObject\",\"url\":\"https:\\\/\\\/candas365.es\\\/noticias\\\/wp-content\\\/uploads\\\/2024\\\/09\\\/Candas-365-Redes.jpg\",\"@id\":\"https:\\\/\\\/candas365.es\\\/noticias\\\/ancelotti-asegura-que-el-bayern-no-necesita-realizar-mas-fichajes\\\/#organizationLogo\",\"width\":1152,\"height\":864,\"caption\":\"Cand\\u00e1s 365 Redes\"},\"image\":{\"@id\":\"https:\\\/\\\/candas365.es\\\/noticias\\\/ancelotti-asegura-que-el-bayern-no-necesita-realizar-mas-fichajes\\\/#organizationLogo\"},\"sameAs\":[\"https:\\\/\\\/www.facebook.com\\\/Nachofdezber\",\"https:\\\/\\\/x.com\\\/NabercoDigital\",\"https:\\\/\\\/www.instagram.com\\\/nachofdezber\\\/\",\"https:\\\/\\\/www.youtube.com\\\/channel\\\/UCZP-2wLEB9Rv6erhFmqVnvg\"],\"address\":{\"@id\":\"https:\\\/\\\/candas365.es\\\/noticias\\\/#postaladdress\",\"@type\":\"PostalAddress\",\"streetAddress\":\"san antonio 4, san antonio 4\",\"postalCode\":\"33430\",\"addressLocality\":\"Cand\\u00e1s\",\"addressRegion\":\"Asturias\",\"addressCountry\":\"ES\"}},{\"@type\":\"Person\",\"@id\":\"https:\\\/\\\/candas365.es\\\/noticias\\\/author\\\/admin\\\/#author\",\"url\":\"https:\\\/\\\/candas365.es\\\/noticias\\\/author\\\/admin\\\/\",\"name\":\"Cand\\u00e1s 365\",\"image\":{\"@type\":\"ImageObject\",\"@id\":\"https:\\\/\\\/candas365.es\\\/noticias\\\/ancelotti-asegura-que-el-bayern-no-necesita-realizar-mas-fichajes\\\/#authorImage\",\"url\":\"https:\\\/\\\/secure.gravatar.com\\\/avatar\\\/496a8e03d0c493ede1718b7934145dbdf8d89be1036b0eec9544e1094c9de390?s=96&d=mm&r=g\",\"width\":96,\"height\":96,\"caption\":\"Cand\\u00e1s 365\"},\"sameAs\":[\"https:\\\/\\\/www.facebook.com\\\/carrenoactualidad\",\"https:\\\/\\\/twitter.com\\\/nbasturias\",\"https:\\\/\\\/www.instagram.com\\\/nachofdezber\\\/\",\"https:\\\/\\\/www.youtube.com\\\/channel\\\/UCZP-2wLEB9Rv6erhFmqVnvg\"]},{\"@type\":\"WebPage\",\"@id\":\"https:\\\/\\\/candas365.es\\\/noticias\\\/ancelotti-asegura-que-el-bayern-no-necesita-realizar-mas-fichajes\\\/#webpage\",\"url\":\"https:\\\/\\\/candas365.es\\\/noticias\\\/ancelotti-asegura-que-el-bayern-no-necesita-realizar-mas-fichajes\\\/\",\"name\":\"Ancelotti asegura que el Bayern no necesita realizar m\\u00e1s fichajes | Cand\\u00e1s 365\",\"description\":\"M\\u00fanich, 19 jul (dpa) - Incluso despu\\u00e9s de que se confirmase la baja por lesi\\u00f3n de Arjen Robben, el entrenador del Bayern de M\\u00fanich, Carlo Ancelotti, dijo hoy que no ve necesario acometer nuevos fichajes para reforzar el equipo. \\\"Nuestro equipo es muy bueno, todas las posiciones est\\u00e1n cubiertas, no necesitamos nuevos jugadores para esta\",\"inLanguage\":\"es-ES\",\"isPartOf\":{\"@id\":\"https:\\\/\\\/candas365.es\\\/noticias\\\/#website\"},\"breadcrumb\":{\"@id\":\"https:\\\/\\\/candas365.es\\\/noticias\\\/ancelotti-asegura-que-el-bayern-no-necesita-realizar-mas-fichajes\\\/#breadcrumblist\"},\"author\":{\"@id\":\"https:\\\/\\\/candas365.es\\\/noticias\\\/author\\\/admin\\\/#author\"},\"creator\":{\"@id\":\"https:\\\/\\\/candas365.es\\\/noticias\\\/author\\\/admin\\\/#author\"},\"image\":{\"@type\":\"ImageObject\",\"url\":\"https:\\\/\\\/candas365.es\\\/noticias\\\/wp-content\\\/uploads\\\/2015\\\/12\\\/bayern.jpg\",\"@id\":\"https:\\\/\\\/candas365.es\\\/noticias\\\/ancelotti-asegura-que-el-bayern-no-necesita-realizar-mas-fichajes\\\/#mainImage\",\"width\":655,\"height\":360},\"primaryImageOfPage\":{\"@id\":\"https:\\\/\\\/candas365.es\\\/noticias\\\/ancelotti-asegura-que-el-bayern-no-necesita-realizar-mas-fichajes\\\/#mainImage\"},\"datePublished\":\"2016-07-21T02:08:27+02:00\",\"dateModified\":\"2016-07-21T02:08:27+02:00\"},{\"@type\":\"WebSite\",\"@id\":\"https:\\\/\\\/candas365.es\\\/noticias\\\/#website\",\"url\":\"https:\\\/\\\/candas365.es\\\/noticias\\\/\",\"name\":\"Cand\\u00e1s 365\",\"alternateName\":\"Cand\\u00e1s 365 Noticias\",\"description\":\"Actualidad desde Carre\\u00f1o para el mundo\",\"inLanguage\":\"es-ES\",\"publisher\":{\"@id\":\"https:\\\/\\\/candas365.es\\\/noticias\\\/#organization\"}}]}\n\t\t<\/script>\n\t\t<!-- All in One SEO Pro -->\r\n\t\t<title>Ancelotti asegura que el Bayern no necesita realizar m\u00e1s fichajes | Cand\u00e1s 365<\/title>\n\n","aioseo_head_json":{"title":"Ancelotti asegura que el Bayern no necesita realizar m\u00e1s fichajes | Cand\u00e1s 365","description":"M\u00fanich, 19 jul (dpa) - Incluso despu\u00e9s de que se confirmase la baja por lesi\u00f3n de Arjen Robben, el entrenador del Bayern de M\u00fanich, Carlo Ancelotti, dijo hoy que no ve necesario acometer nuevos fichajes para reforzar el equipo. \"Nuestro equipo es muy bueno, todas las posiciones est\u00e1n cubiertas, no necesitamos nuevos jugadores para esta","canonical_url":"https:\/\/candas365.es\/noticias\/ancelotti-asegura-que-el-bayern-no-necesita-realizar-mas-fichajes\/","robots":"max-image-preview:large","keywords":"actualidad","webmasterTools":{"google-site-verification":"UA-32230408-1","msvalidate.01":"354F3CDFB2DA171B47FBE9ABF1F88D5","miscellaneous":""},"schema":{"@context":"https:\/\/schema.org","@graph":[{"@type":"BreadcrumbList","@id":"https:\/\/candas365.es\/noticias\/ancelotti-asegura-que-el-bayern-no-necesita-realizar-mas-fichajes\/#breadcrumblist","itemListElement":[{"@type":"ListItem","@id":"https:\/\/candas365.es\/noticias#listItem","position":1,"name":"Home","item":"https:\/\/candas365.es\/noticias","nextItem":{"@type":"ListItem","@id":"https:\/\/candas365.es\/noticias\/category\/actualidad\/#listItem","name":"Actualidad"}},{"@type":"ListItem","@id":"https:\/\/candas365.es\/noticias\/category\/actualidad\/#listItem","position":2,"name":"Actualidad","item":"https:\/\/candas365.es\/noticias\/category\/actualidad\/","nextItem":{"@type":"ListItem","@id":"https:\/\/candas365.es\/noticias\/ancelotti-asegura-que-el-bayern-no-necesita-realizar-mas-fichajes\/#listItem","name":"Ancelotti asegura que el Bayern no necesita realizar m\u00e1s fichajes"},"previousItem":{"@type":"ListItem","@id":"https:\/\/candas365.es\/noticias#listItem","name":"Home"}},{"@type":"ListItem","@id":"https:\/\/candas365.es\/noticias\/ancelotti-asegura-que-el-bayern-no-necesita-realizar-mas-fichajes\/#listItem","position":3,"name":"Ancelotti asegura que el Bayern no necesita realizar m\u00e1s fichajes","previousItem":{"@type":"ListItem","@id":"https:\/\/candas365.es\/noticias\/category\/actualidad\/#listItem","name":"Actualidad"}}]},{"@type":"NewsArticle","@id":"https:\/\/candas365.es\/noticias\/ancelotti-asegura-que-el-bayern-no-necesita-realizar-mas-fichajes\/#newsarticle","name":"Ancelotti asegura que el Bayern no necesita realizar m\u00e1s fichajes | Cand\u00e1s 365","headline":"Ancelotti asegura que el Bayern no necesita realizar m\u00e1s fichajes","author":{"@id":"https:\/\/candas365.es\/noticias\/author\/admin\/#author"},"publisher":{"@id":"https:\/\/candas365.es\/noticias\/#organization"},"image":{"@type":"ImageObject","url":"https:\/\/candas365.es\/noticias\/wp-content\/uploads\/2015\/12\/bayern.jpg","width":655,"height":360},"datePublished":"2016-07-21T02:08:27+02:00","dateModified":"2016-07-21T02:08:27+02:00","inLanguage":"es-ES","mainEntityOfPage":{"@id":"https:\/\/candas365.es\/noticias\/ancelotti-asegura-que-el-bayern-no-necesita-realizar-mas-fichajes\/#webpage"},"isPartOf":{"@id":"https:\/\/candas365.es\/noticias\/ancelotti-asegura-que-el-bayern-no-necesita-realizar-mas-fichajes\/#webpage"},"articleSection":"Actualidad","dateline":"Publicado el julio 21, 2016."},{"@type":"Organization","@id":"https:\/\/candas365.es\/noticias\/#organization","name":"Cand\u00e1s 365","description":"Cand\u00e1s 365 es un diario digital independiente, fundado en 2012, con base en Asturias. Informamos con rigor sobre actualidad, sociedad, cultura y ocio, con una mirada local y global.","url":"https:\/\/candas365.es\/noticias\/","email":"info@candas365.es","telephone":"+34652131393","foundingDate":"2012-06-10","logo":{"@type":"ImageObject","url":"https:\/\/candas365.es\/noticias\/wp-content\/uploads\/2024\/09\/Candas-365-Redes.jpg","@id":"https:\/\/candas365.es\/noticias\/ancelotti-asegura-que-el-bayern-no-necesita-realizar-mas-fichajes\/#organizationLogo","width":1152,"height":864,"caption":"Cand\u00e1s 365 Redes"},"image":{"@id":"https:\/\/candas365.es\/noticias\/ancelotti-asegura-que-el-bayern-no-necesita-realizar-mas-fichajes\/#organizationLogo"},"sameAs":["https:\/\/www.facebook.com\/Nachofdezber","https:\/\/x.com\/NabercoDigital","https:\/\/www.instagram.com\/nachofdezber\/","https:\/\/www.youtube.com\/channel\/UCZP-2wLEB9Rv6erhFmqVnvg"],"address":{"@id":"https:\/\/candas365.es\/noticias\/#postaladdress","@type":"PostalAddress","streetAddress":"san antonio 4, san antonio 4","postalCode":"33430","addressLocality":"Cand\u00e1s","addressRegion":"Asturias","addressCountry":"ES"}},{"@type":"Person","@id":"https:\/\/candas365.es\/noticias\/author\/admin\/#author","url":"https:\/\/candas365.es\/noticias\/author\/admin\/","name":"Cand\u00e1s 365","image":{"@type":"ImageObject","@id":"https:\/\/candas365.es\/noticias\/ancelotti-asegura-que-el-bayern-no-necesita-realizar-mas-fichajes\/#authorImage","url":"https:\/\/secure.gravatar.com\/avatar\/496a8e03d0c493ede1718b7934145dbdf8d89be1036b0eec9544e1094c9de390?s=96&d=mm&r=g","width":96,"height":96,"caption":"Cand\u00e1s 365"},"sameAs":["https:\/\/www.facebook.com\/carrenoactualidad","https:\/\/twitter.com\/nbasturias","https:\/\/www.instagram.com\/nachofdezber\/","https:\/\/www.youtube.com\/channel\/UCZP-2wLEB9Rv6erhFmqVnvg"]},{"@type":"WebPage","@id":"https:\/\/candas365.es\/noticias\/ancelotti-asegura-que-el-bayern-no-necesita-realizar-mas-fichajes\/#webpage","url":"https:\/\/candas365.es\/noticias\/ancelotti-asegura-que-el-bayern-no-necesita-realizar-mas-fichajes\/","name":"Ancelotti asegura que el Bayern no necesita realizar m\u00e1s fichajes | Cand\u00e1s 365","description":"M\u00fanich, 19 jul (dpa) - Incluso despu\u00e9s de que se confirmase la baja por lesi\u00f3n de Arjen Robben, el entrenador del Bayern de M\u00fanich, Carlo Ancelotti, dijo hoy que no ve necesario acometer nuevos fichajes para reforzar el equipo. \"Nuestro equipo es muy bueno, todas las posiciones est\u00e1n cubiertas, no necesitamos nuevos jugadores para esta","inLanguage":"es-ES","isPartOf":{"@id":"https:\/\/candas365.es\/noticias\/#website"},"breadcrumb":{"@id":"https:\/\/candas365.es\/noticias\/ancelotti-asegura-que-el-bayern-no-necesita-realizar-mas-fichajes\/#breadcrumblist"},"author":{"@id":"https:\/\/candas365.es\/noticias\/author\/admin\/#author"},"creator":{"@id":"https:\/\/candas365.es\/noticias\/author\/admin\/#author"},"image":{"@type":"ImageObject","url":"https:\/\/candas365.es\/noticias\/wp-content\/uploads\/2015\/12\/bayern.jpg","@id":"https:\/\/candas365.es\/noticias\/ancelotti-asegura-que-el-bayern-no-necesita-realizar-mas-fichajes\/#mainImage","width":655,"height":360},"primaryImageOfPage":{"@id":"https:\/\/candas365.es\/noticias\/ancelotti-asegura-que-el-bayern-no-necesita-realizar-mas-fichajes\/#mainImage"},"datePublished":"2016-07-21T02:08:27+02:00","dateModified":"2016-07-21T02:08:27+02:00"},{"@type":"WebSite","@id":"https:\/\/candas365.es\/noticias\/#website","url":"https:\/\/candas365.es\/noticias\/","name":"Cand\u00e1s 365","alternateName":"Cand\u00e1s 365 Noticias","description":"Actualidad desde Carre\u00f1o para el mundo","inLanguage":"es-ES","publisher":{"@id":"https:\/\/candas365.es\/noticias\/#organization"}}]},"og:locale":"es_ES","og:site_name":"Cand\u00e1s 365","og:type":"article","og:title":"Ancelotti asegura que el Bayern no necesita realizar m\u00e1s fichajes | Cand\u00e1s 365","og:description":"M\u00fanich, 19 jul (dpa) - Incluso despu\u00e9s de que se confirmase la baja por lesi\u00f3n de Arjen Robben, el entrenador del Bayern de M\u00fanich, Carlo Ancelotti, dijo hoy que no ve necesario acometer nuevos fichajes para reforzar el equipo. &quot;Nuestro equipo es muy bueno, todas las posiciones est\u00e1n cubiertas, no necesitamos nuevos jugadores para esta","og:url":"https:\/\/candas365.es\/noticias\/ancelotti-asegura-que-el-bayern-no-necesita-realizar-mas-fichajes\/","og:image":"https:\/\/candas365.es\/noticias\/wp-content\/uploads\/2015\/12\/bayern.jpg","og:image:secure_url":"https:\/\/candas365.es\/noticias\/wp-content\/uploads\/2015\/12\/bayern.jpg","og:image:width":655,"og:image:height":360,"article:published_time":"2016-07-21T00:38:27+00:00","article:modified_time":"2016-07-21T00:38:27+00:00","article:publisher":"https:\/\/www.facebook.com\/Nachofdezber","article:author":"https:\/\/www.facebook.com\/carrenoactualidad","twitter:card":"summary_large_image","twitter:site":"@NabercoDigital","twitter:title":"Ancelotti asegura que el Bayern no necesita realizar m\u00e1s fichajes | Cand\u00e1s 365","twitter:description":"M\u00fanich, 19 jul (dpa) - Incluso despu\u00e9s de que se confirmase la baja por lesi\u00f3n de Arjen Robben, el entrenador del Bayern de M\u00fanich, Carlo Ancelotti, dijo hoy que no ve necesario acometer nuevos fichajes para reforzar el equipo. &quot;Nuestro equipo es muy bueno, todas las posiciones est\u00e1n cubiertas, no necesitamos nuevos jugadores para esta","twitter:creator":"@nbasturias","twitter:image":"https:\/\/candas365.es\/noticias\/wp-content\/uploads\/2015\/12\/bayern.jpg","twitter:label1":"Escrito por","twitter:data1":"Cand\u00e1s 365","twitter:label2":"Tiempo de lectura estimado","twitter:data2":"2 minutos"},"aioseo_meta_data":{"post_id":"32363","title":null,"description":null,"keywords":null,"keyphrases":null,"primary_term":null,"canonical_url":null,"og_title":null,"og_description":null,"og_object_type":"default","og_image_type":"default","og_image_url":null,"og_image_width":null,"og_image_height":null,"og_image_custom_url":null,"og_image_custom_fields":null,"og_video":null,"og_custom_url":null,"og_article_section":null,"og_article_tags":null,"twitter_use_og":false,"twitter_card":"default","twitter_image_type":"default","twitter_image_url":null,"twitter_image_custom_url":null,"twitter_image_custom_fields":null,"twitter_title":null,"twitter_description":null,"schema":{"blockGraphs":[],"customGraphs":[],"default":{"data":{"Article":[],"Course":[],"Dataset":[],"FAQPage":[],"Movie":[],"Person":[],"Product":[],"ProductReview":[],"Car":[],"Recipe":[],"Service":[],"SoftwareApplication":[],"WebPage":[]},"graphName":"","isEnabled":true},"graphs":[],"defaultGraph":"","defaultPostTypeGraph":""},"schema_type":null,"schema_type_options":null,"pillar_content":false,"robots_default":true,"robots_noindex":false,"robots_noarchive":false,"robots_nosnippet":false,"robots_nofollow":false,"robots_noimageindex":false,"robots_noodp":false,"robots_notranslate":false,"robots_max_snippet":null,"robots_max_videopreview":null,"robots_max_imagepreview":"large","priority":null,"frequency":null,"location":null,"local_seo":null,"seo_analyzer_scan_date":"2025-08-24 15:16:12","breadcrumb_settings":null,"limit_modified_date":false,"reviewed_by":null,"open_ai":null,"ai":null,"created":"2020-12-21 13:03:40","updated":"2025-08-24 15:16:12"},"aioseo_breadcrumb":"<div class=\"aioseo-breadcrumbs\"><span class=\"aioseo-breadcrumb\">\n\t<a href=\"https:\/\/candas365.es\/noticias\" title=\"Home\">Home<\/a>\n<\/span><span class=\"aioseo-breadcrumb-separator\">&ndash;<\/span><span class=\"aioseo-breadcrumb\">\n\t<a href=\"https:\/\/candas365.es\/noticias\/category\/actualidad\/\" title=\"Actualidad\">Actualidad<\/a>\n<\/span><span class=\"aioseo-breadcrumb-separator\">&ndash;<\/span><span class=\"aioseo-breadcrumb\">\n\tAncelotti asegura que el Bayern no necesita realizar m\u00e1s fichajes\n<\/span><\/div>","aioseo_breadcrumb_json":[{"label":"Home","link":"https:\/\/candas365.es\/noticias"},{"label":"Actualidad","link":"https:\/\/candas365.es\/noticias\/category\/actualidad\/"},{"label":"Ancelotti asegura que el Bayern no necesita realizar m\u00e1s fichajes","link":"https:\/\/candas365.es\/noticias\/ancelotti-asegura-que-el-bayern-no-necesita-realizar-mas-fichajes\/"}],"_links":{"self":[{"href":"https:\/\/candas365.es\/noticias\/wp-json\/wp\/v2\/posts\/32363","targetHints":{"allow":["GET"]}}],"collection":[{"href":"https:\/\/candas365.es\/noticias\/wp-json\/wp\/v2\/posts"}],"about":[{"href":"https:\/\/candas365.es\/noticias\/wp-json\/wp\/v2\/types\/post"}],"author":[{"embeddable":true,"href":"https:\/\/candas365.es\/noticias\/wp-json\/wp\/v2\/users\/1"}],"replies":[{"embeddable":true,"href":"https:\/\/candas365.es\/noticias\/wp-json\/wp\/v2\/comments?post=32363"}],"version-history":[{"count":0,"href":"https:\/\/candas365.es\/noticias\/wp-json\/wp\/v2\/posts\/32363\/revisions"}],"wp:featuredmedia":[{"embeddable":true,"href":"https:\/\/candas365.es\/noticias\/wp-json\/wp\/v2\/media\/21654"}],"wp:attachment":[{"href":"https:\/\/candas365.es\/noticias\/wp-json\/wp\/v2\/media?parent=32363"}],"wp:term":[{"taxonomy":"category","embeddable":true,"href":"https:\/\/candas365.es\/noticias\/wp-json\/wp\/v2\/categories?post=32363"},{"taxonomy":"post_tag","embeddable":true,"href":"https:\/\/candas365.es\/noticias\/wp-json\/wp\/v2\/tags?post=32363"}],"curies":[{"name":"wp","href":"https:\/\/api.w.org\/{rel}","templated":true}]}}