{"id":32357,"date":"2016-07-21T01:58:39","date_gmt":"2016-07-21T00:28:39","guid":{"rendered":"http:\/\/candas365.es\/noticias\/?p=32357"},"modified":"2016-07-21T01:58:39","modified_gmt":"2016-07-21T00:28:39","slug":"tres-alemanes-en-lista-de-candidatos-a-mejor-jugador-de-la-uefa","status":"publish","type":"post","link":"https:\/\/candas365.es\/noticias\/tres-alemanes-en-lista-de-candidatos-a-mejor-jugador-de-la-uefa\/","title":{"rendered":"Tres alemanes en lista de candidatos a mejor jugador de la UEFA"},"content":{"rendered":"<p>Nyon (Suiza), 19 jul (dpa) &#8211; Los alemanes Thomas M\u00fcller, Manuel Neuer y Toni Kroos de la selecci\u00f3n campeona del mundo se encuentran entre los diez finalistas de la preselecci\u00f3n de la UEFA para elegir al mejor futbolista de la temporada 2015\/16 en Europa.<\/p>\n<p>El ente rector del f\u00fatbol europeo anunci\u00f3 este lunes su preselecci\u00f3n y en ella casi la mitad son jugadores del Real Madrid, \u00faltimo campe\u00f3n de la Liga de Campeones: los portugueses Cristiano Ronaldo y Pepe, el alem\u00e1n Toni Kroos y el gal\u00e9s Gareth Bale.<\/p>\n<p>En total, son siete los jugadores que militan en la Liga espa\u00f1ola e integran la lista, ya que a ellos se suman el argentino Lionel Messi, el uruguayo Luis Su\u00e1rez (ambos del Barcelona) y el franc\u00e9s Antoine Griezmann, del Atl\u00e9tico Madrid.<\/p>\n<p>Los alemanes Thomas M\u00fcller y Manuel Neuer, del Bayern M\u00fanich, y el veterano arquero italiano Gianluigi Buffon, de la Juventus, completan la n\u00f3mina.<\/p>\n<p>Los jugadores fueron seleccionados por el voto de periodistas de cada una de las 55 asociaciones miembro de la UEFA (Uni\u00f3n Europea de F\u00fatbol Asociado).<\/p>\n<p>Cada periodista debi\u00f3 seleccionar a los que consider\u00f3 los cinco mejores futbolistas, recibiendo el primero cinco puntos, el segundo cuatro, y as\u00ed sucesivamente.<\/p>\n<p>Los diez preseleccionados participar\u00e1n ahora en una segunda votaci\u00f3n que determinar\u00e1 a los tres finalistas, que ser\u00e1n anunciados el 5 de agosto. El ganador del premio ser\u00e1 dado a conocer 20 d\u00edas despu\u00e9s en M\u00f3naco durante el sorteo de la fase de grupos de la Liga de Campeones.<\/p>\n<p>Messi obtuvo el a\u00f1o pasado su tercer galard\u00f3n, aunque en esta ocasi\u00f3n el gran candidato parece ser Cristiano Ronaldo, ganador del premio en 2014, quien adem\u00e1s de conquistar la Champions obtuvo recientemente la Eurocopa con la selecci\u00f3n de Portugal.<\/p>\n","protected":false},"excerpt":{"rendered":"<p>Nyon (Suiza), 19 jul (dpa) &#8211; Los alemanes Thomas M\u00fcller, Manuel Neuer y Toni Kroos de la selecci\u00f3n campeona del mundo se encuentran entre los diez finalistas de la preselecci\u00f3n de la UEFA para elegir al mejor futbolista de la temporada 2015\/16 en Europa. El ente rector del f\u00fatbol europeo anunci\u00f3 este lunes su preselecci\u00f3n<\/p>\n","protected":false},"author":1,"featured_media":16457,"comment_status":"closed","ping_status":"closed","sticky":false,"template":"","format":"standard","meta":{"footnotes":""},"categories":[343],"tags":[],"class_list":{"0":"post-32357","1":"post","2":"type-post","3":"status-publish","4":"format-standard","5":"has-post-thumbnail","7":"category-actualidad"},"aioseo_notices":[],"aioseo_head":"\n\t\t<!-- All in One SEO Pro 4.9.6.2 - aioseo.com -->\n\t<meta name=\"description\" content=\"Nyon (Suiza), 19 jul (dpa) - Los alemanes Thomas M\u00fcller, Manuel Neuer y Toni Kroos de la selecci\u00f3n campeona del mundo se encuentran entre los diez finalistas de la preselecci\u00f3n de la UEFA para elegir al mejor futbolista de la temporada 2015\/16 en Europa. El ente rector del f\u00fatbol europeo anunci\u00f3 este lunes su preselecci\u00f3n\" \/>\n\t<meta name=\"robots\" content=\"max-image-preview:large\" \/>\n\t<meta name=\"author\" content=\"Cand\u00e1s 365\"\/>\n\t<meta name=\"google-site-verification\" content=\"UA-32230408-1\" \/>\n\t<meta name=\"msvalidate.01\" content=\"354F3CDFB2DA171B47FBE9ABF1F88D5\" \/>\n\t<meta name=\"keywords\" content=\"actualidad\" \/>\n\t<link rel=\"canonical\" href=\"https:\/\/candas365.es\/noticias\/tres-alemanes-en-lista-de-candidatos-a-mejor-jugador-de-la-uefa\/\" \/>\n\t<meta name=\"generator\" content=\"All in One SEO Pro (AIOSEO) 4.9.6.2\" \/>\n\t\t<meta property=\"og:locale\" content=\"es_ES\" \/>\n\t\t<meta property=\"og:site_name\" content=\"Cand\u00e1s 365\" \/>\n\t\t<meta property=\"og:type\" content=\"article\" \/>\n\t\t<meta property=\"og:title\" content=\"Tres alemanes en lista de candidatos a mejor jugador de la UEFA | Cand\u00e1s 365\" \/>\n\t\t<meta property=\"og:description\" content=\"Nyon (Suiza), 19 jul (dpa) - Los alemanes Thomas M\u00fcller, Manuel Neuer y Toni Kroos de la selecci\u00f3n campeona del mundo se encuentran entre los diez finalistas de la preselecci\u00f3n de la UEFA para elegir al mejor futbolista de la temporada 2015\/16 en Europa. El ente rector del f\u00fatbol europeo anunci\u00f3 este lunes su preselecci\u00f3n\" \/>\n\t\t<meta property=\"og:url\" content=\"https:\/\/candas365.es\/noticias\/tres-alemanes-en-lista-de-candidatos-a-mejor-jugador-de-la-uefa\/\" \/>\n\t\t<meta property=\"og:image\" content=\"https:\/\/candas365.es\/noticias\/wp-content\/uploads\/2015\/09\/c365noticias.jpg\" \/>\n\t\t<meta property=\"og:image:secure_url\" content=\"https:\/\/candas365.es\/noticias\/wp-content\/uploads\/2015\/09\/c365noticias.jpg\" \/>\n\t\t<meta property=\"og:image:width\" content=\"655\" \/>\n\t\t<meta property=\"og:image:height\" content=\"360\" \/>\n\t\t<meta property=\"article:published_time\" content=\"2016-07-21T00:28:39+00:00\" \/>\n\t\t<meta property=\"article:modified_time\" content=\"2016-07-21T00:28:39+00:00\" \/>\n\t\t<meta property=\"article:publisher\" content=\"https:\/\/www.facebook.com\/Nachofdezber\" \/>\n\t\t<meta property=\"article:author\" content=\"https:\/\/www.facebook.com\/carrenoactualidad\" \/>\n\t\t<meta name=\"twitter:card\" content=\"summary_large_image\" \/>\n\t\t<meta name=\"twitter:site\" content=\"@NabercoDigital\" \/>\n\t\t<meta name=\"twitter:title\" content=\"Tres alemanes en lista de candidatos a mejor jugador de la UEFA | Cand\u00e1s 365\" \/>\n\t\t<meta name=\"twitter:description\" content=\"Nyon (Suiza), 19 jul (dpa) - Los alemanes Thomas M\u00fcller, Manuel Neuer y Toni Kroos de la selecci\u00f3n campeona del mundo se encuentran entre los diez finalistas de la preselecci\u00f3n de la UEFA para elegir al mejor futbolista de la temporada 2015\/16 en Europa. El ente rector del f\u00fatbol europeo anunci\u00f3 este lunes su preselecci\u00f3n\" \/>\n\t\t<meta name=\"twitter:creator\" content=\"@nbasturias\" \/>\n\t\t<meta name=\"twitter:image\" content=\"https:\/\/candas365.es\/noticias\/wp-content\/uploads\/2015\/09\/c365noticias.jpg\" \/>\n\t\t<meta name=\"twitter:label1\" content=\"Escrito por\" \/>\n\t\t<meta name=\"twitter:data1\" content=\"Cand\u00e1s 365\" \/>\n\t\t<meta name=\"twitter:label2\" content=\"Tiempo de lectura estimado\" \/>\n\t\t<meta name=\"twitter:data2\" content=\"2 minutos\" \/>\n\t\t<script type=\"application\/ld+json\" class=\"aioseo-schema\">\n\t\t\t{\"@context\":\"https:\\\/\\\/schema.org\",\"@graph\":[{\"@type\":\"BreadcrumbList\",\"@id\":\"https:\\\/\\\/candas365.es\\\/noticias\\\/tres-alemanes-en-lista-de-candidatos-a-mejor-jugador-de-la-uefa\\\/#breadcrumblist\",\"itemListElement\":[{\"@type\":\"ListItem\",\"@id\":\"https:\\\/\\\/candas365.es\\\/noticias#listItem\",\"position\":1,\"name\":\"Home\",\"item\":\"https:\\\/\\\/candas365.es\\\/noticias\",\"nextItem\":{\"@type\":\"ListItem\",\"@id\":\"https:\\\/\\\/candas365.es\\\/noticias\\\/category\\\/actualidad\\\/#listItem\",\"name\":\"Actualidad\"}},{\"@type\":\"ListItem\",\"@id\":\"https:\\\/\\\/candas365.es\\\/noticias\\\/category\\\/actualidad\\\/#listItem\",\"position\":2,\"name\":\"Actualidad\",\"item\":\"https:\\\/\\\/candas365.es\\\/noticias\\\/category\\\/actualidad\\\/\",\"nextItem\":{\"@type\":\"ListItem\",\"@id\":\"https:\\\/\\\/candas365.es\\\/noticias\\\/tres-alemanes-en-lista-de-candidatos-a-mejor-jugador-de-la-uefa\\\/#listItem\",\"name\":\"Tres alemanes en lista de candidatos a mejor jugador de la UEFA\"},\"previousItem\":{\"@type\":\"ListItem\",\"@id\":\"https:\\\/\\\/candas365.es\\\/noticias#listItem\",\"name\":\"Home\"}},{\"@type\":\"ListItem\",\"@id\":\"https:\\\/\\\/candas365.es\\\/noticias\\\/tres-alemanes-en-lista-de-candidatos-a-mejor-jugador-de-la-uefa\\\/#listItem\",\"position\":3,\"name\":\"Tres alemanes en lista de candidatos a mejor jugador de la UEFA\",\"previousItem\":{\"@type\":\"ListItem\",\"@id\":\"https:\\\/\\\/candas365.es\\\/noticias\\\/category\\\/actualidad\\\/#listItem\",\"name\":\"Actualidad\"}}]},{\"@type\":\"NewsArticle\",\"@id\":\"https:\\\/\\\/candas365.es\\\/noticias\\\/tres-alemanes-en-lista-de-candidatos-a-mejor-jugador-de-la-uefa\\\/#newsarticle\",\"name\":\"Tres alemanes en lista de candidatos a mejor jugador de la UEFA | Cand\\u00e1s 365\",\"headline\":\"Tres alemanes en lista de candidatos a mejor jugador de la UEFA\",\"author\":{\"@id\":\"https:\\\/\\\/candas365.es\\\/noticias\\\/author\\\/admin\\\/#author\"},\"publisher\":{\"@id\":\"https:\\\/\\\/candas365.es\\\/noticias\\\/#organization\"},\"image\":{\"@type\":\"ImageObject\",\"url\":\"https:\\\/\\\/candas365.es\\\/noticias\\\/wp-content\\\/uploads\\\/2015\\\/09\\\/c365noticias.jpg\",\"width\":655,\"height\":360},\"datePublished\":\"2016-07-21T01:58:39+02:00\",\"dateModified\":\"2016-07-21T01:58:39+02:00\",\"inLanguage\":\"es-ES\",\"mainEntityOfPage\":{\"@id\":\"https:\\\/\\\/candas365.es\\\/noticias\\\/tres-alemanes-en-lista-de-candidatos-a-mejor-jugador-de-la-uefa\\\/#webpage\"},\"isPartOf\":{\"@id\":\"https:\\\/\\\/candas365.es\\\/noticias\\\/tres-alemanes-en-lista-de-candidatos-a-mejor-jugador-de-la-uefa\\\/#webpage\"},\"articleSection\":\"Actualidad\",\"dateline\":\"Publicado el julio 21, 2016.\"},{\"@type\":\"Organization\",\"@id\":\"https:\\\/\\\/candas365.es\\\/noticias\\\/#organization\",\"name\":\"Cand\\u00e1s 365\",\"description\":\"Cand\\u00e1s 365 es un diario digital independiente, fundado en 2012, con base en Asturias. Informamos con rigor sobre actualidad, sociedad, cultura y ocio, con una mirada local y global.\",\"url\":\"https:\\\/\\\/candas365.es\\\/noticias\\\/\",\"email\":\"info@candas365.es\",\"telephone\":\"+34652131393\",\"foundingDate\":\"2012-06-10\",\"logo\":{\"@type\":\"ImageObject\",\"url\":\"https:\\\/\\\/candas365.es\\\/noticias\\\/wp-content\\\/uploads\\\/2024\\\/09\\\/Candas-365-Redes.jpg\",\"@id\":\"https:\\\/\\\/candas365.es\\\/noticias\\\/tres-alemanes-en-lista-de-candidatos-a-mejor-jugador-de-la-uefa\\\/#organizationLogo\",\"width\":1152,\"height\":864,\"caption\":\"Cand\\u00e1s 365 Redes\"},\"image\":{\"@id\":\"https:\\\/\\\/candas365.es\\\/noticias\\\/tres-alemanes-en-lista-de-candidatos-a-mejor-jugador-de-la-uefa\\\/#organizationLogo\"},\"sameAs\":[\"https:\\\/\\\/www.facebook.com\\\/Nachofdezber\",\"https:\\\/\\\/x.com\\\/NabercoDigital\",\"https:\\\/\\\/www.instagram.com\\\/nachofdezber\\\/\",\"https:\\\/\\\/www.youtube.com\\\/channel\\\/UCZP-2wLEB9Rv6erhFmqVnvg\"],\"address\":{\"@id\":\"https:\\\/\\\/candas365.es\\\/noticias\\\/#postaladdress\",\"@type\":\"PostalAddress\",\"streetAddress\":\"san antonio 4, san antonio 4\",\"postalCode\":\"33430\",\"addressLocality\":\"Cand\\u00e1s\",\"addressRegion\":\"Asturias\",\"addressCountry\":\"ES\"}},{\"@type\":\"Person\",\"@id\":\"https:\\\/\\\/candas365.es\\\/noticias\\\/author\\\/admin\\\/#author\",\"url\":\"https:\\\/\\\/candas365.es\\\/noticias\\\/author\\\/admin\\\/\",\"name\":\"Cand\\u00e1s 365\",\"image\":{\"@type\":\"ImageObject\",\"@id\":\"https:\\\/\\\/candas365.es\\\/noticias\\\/tres-alemanes-en-lista-de-candidatos-a-mejor-jugador-de-la-uefa\\\/#authorImage\",\"url\":\"https:\\\/\\\/secure.gravatar.com\\\/avatar\\\/496a8e03d0c493ede1718b7934145dbdf8d89be1036b0eec9544e1094c9de390?s=96&d=mm&r=g\",\"width\":96,\"height\":96,\"caption\":\"Cand\\u00e1s 365\"},\"sameAs\":[\"https:\\\/\\\/www.facebook.com\\\/carrenoactualidad\",\"https:\\\/\\\/twitter.com\\\/nbasturias\",\"https:\\\/\\\/www.instagram.com\\\/nachofdezber\\\/\",\"https:\\\/\\\/www.youtube.com\\\/channel\\\/UCZP-2wLEB9Rv6erhFmqVnvg\"]},{\"@type\":\"WebPage\",\"@id\":\"https:\\\/\\\/candas365.es\\\/noticias\\\/tres-alemanes-en-lista-de-candidatos-a-mejor-jugador-de-la-uefa\\\/#webpage\",\"url\":\"https:\\\/\\\/candas365.es\\\/noticias\\\/tres-alemanes-en-lista-de-candidatos-a-mejor-jugador-de-la-uefa\\\/\",\"name\":\"Tres alemanes en lista de candidatos a mejor jugador de la UEFA | Cand\\u00e1s 365\",\"description\":\"Nyon (Suiza), 19 jul (dpa) - Los alemanes Thomas M\\u00fcller, Manuel Neuer y Toni Kroos de la selecci\\u00f3n campeona del mundo se encuentran entre los diez finalistas de la preselecci\\u00f3n de la UEFA para elegir al mejor futbolista de la temporada 2015\\\/16 en Europa. El ente rector del f\\u00fatbol europeo anunci\\u00f3 este lunes su preselecci\\u00f3n\",\"inLanguage\":\"es-ES\",\"isPartOf\":{\"@id\":\"https:\\\/\\\/candas365.es\\\/noticias\\\/#website\"},\"breadcrumb\":{\"@id\":\"https:\\\/\\\/candas365.es\\\/noticias\\\/tres-alemanes-en-lista-de-candidatos-a-mejor-jugador-de-la-uefa\\\/#breadcrumblist\"},\"author\":{\"@id\":\"https:\\\/\\\/candas365.es\\\/noticias\\\/author\\\/admin\\\/#author\"},\"creator\":{\"@id\":\"https:\\\/\\\/candas365.es\\\/noticias\\\/author\\\/admin\\\/#author\"},\"image\":{\"@type\":\"ImageObject\",\"url\":\"https:\\\/\\\/candas365.es\\\/noticias\\\/wp-content\\\/uploads\\\/2015\\\/09\\\/c365noticias.jpg\",\"@id\":\"https:\\\/\\\/candas365.es\\\/noticias\\\/tres-alemanes-en-lista-de-candidatos-a-mejor-jugador-de-la-uefa\\\/#mainImage\",\"width\":655,\"height\":360},\"primaryImageOfPage\":{\"@id\":\"https:\\\/\\\/candas365.es\\\/noticias\\\/tres-alemanes-en-lista-de-candidatos-a-mejor-jugador-de-la-uefa\\\/#mainImage\"},\"datePublished\":\"2016-07-21T01:58:39+02:00\",\"dateModified\":\"2016-07-21T01:58:39+02:00\"},{\"@type\":\"WebSite\",\"@id\":\"https:\\\/\\\/candas365.es\\\/noticias\\\/#website\",\"url\":\"https:\\\/\\\/candas365.es\\\/noticias\\\/\",\"name\":\"Cand\\u00e1s 365\",\"alternateName\":\"Cand\\u00e1s 365 Noticias\",\"description\":\"Actualidad desde Carre\\u00f1o para el mundo\",\"inLanguage\":\"es-ES\",\"publisher\":{\"@id\":\"https:\\\/\\\/candas365.es\\\/noticias\\\/#organization\"}}]}\n\t\t<\/script>\n\t\t<!-- All in One SEO Pro -->\r\n\t\t<title>Tres alemanes en lista de candidatos a mejor jugador de la UEFA | Cand\u00e1s 365<\/title>\n\n","aioseo_head_json":{"title":"Tres alemanes en lista de candidatos a mejor jugador de la UEFA | Cand\u00e1s 365","description":"Nyon (Suiza), 19 jul (dpa) - Los alemanes Thomas M\u00fcller, Manuel Neuer y Toni Kroos de la selecci\u00f3n campeona del mundo se encuentran entre los diez finalistas de la preselecci\u00f3n de la UEFA para elegir al mejor futbolista de la temporada 2015\/16 en Europa. El ente rector del f\u00fatbol europeo anunci\u00f3 este lunes su preselecci\u00f3n","canonical_url":"https:\/\/candas365.es\/noticias\/tres-alemanes-en-lista-de-candidatos-a-mejor-jugador-de-la-uefa\/","robots":"max-image-preview:large","keywords":"actualidad","webmasterTools":{"google-site-verification":"UA-32230408-1","msvalidate.01":"354F3CDFB2DA171B47FBE9ABF1F88D5","miscellaneous":""},"schema":{"@context":"https:\/\/schema.org","@graph":[{"@type":"BreadcrumbList","@id":"https:\/\/candas365.es\/noticias\/tres-alemanes-en-lista-de-candidatos-a-mejor-jugador-de-la-uefa\/#breadcrumblist","itemListElement":[{"@type":"ListItem","@id":"https:\/\/candas365.es\/noticias#listItem","position":1,"name":"Home","item":"https:\/\/candas365.es\/noticias","nextItem":{"@type":"ListItem","@id":"https:\/\/candas365.es\/noticias\/category\/actualidad\/#listItem","name":"Actualidad"}},{"@type":"ListItem","@id":"https:\/\/candas365.es\/noticias\/category\/actualidad\/#listItem","position":2,"name":"Actualidad","item":"https:\/\/candas365.es\/noticias\/category\/actualidad\/","nextItem":{"@type":"ListItem","@id":"https:\/\/candas365.es\/noticias\/tres-alemanes-en-lista-de-candidatos-a-mejor-jugador-de-la-uefa\/#listItem","name":"Tres alemanes en lista de candidatos a mejor jugador de la UEFA"},"previousItem":{"@type":"ListItem","@id":"https:\/\/candas365.es\/noticias#listItem","name":"Home"}},{"@type":"ListItem","@id":"https:\/\/candas365.es\/noticias\/tres-alemanes-en-lista-de-candidatos-a-mejor-jugador-de-la-uefa\/#listItem","position":3,"name":"Tres alemanes en lista de candidatos a mejor jugador de la UEFA","previousItem":{"@type":"ListItem","@id":"https:\/\/candas365.es\/noticias\/category\/actualidad\/#listItem","name":"Actualidad"}}]},{"@type":"NewsArticle","@id":"https:\/\/candas365.es\/noticias\/tres-alemanes-en-lista-de-candidatos-a-mejor-jugador-de-la-uefa\/#newsarticle","name":"Tres alemanes en lista de candidatos a mejor jugador de la UEFA | Cand\u00e1s 365","headline":"Tres alemanes en lista de candidatos a mejor jugador de la UEFA","author":{"@id":"https:\/\/candas365.es\/noticias\/author\/admin\/#author"},"publisher":{"@id":"https:\/\/candas365.es\/noticias\/#organization"},"image":{"@type":"ImageObject","url":"https:\/\/candas365.es\/noticias\/wp-content\/uploads\/2015\/09\/c365noticias.jpg","width":655,"height":360},"datePublished":"2016-07-21T01:58:39+02:00","dateModified":"2016-07-21T01:58:39+02:00","inLanguage":"es-ES","mainEntityOfPage":{"@id":"https:\/\/candas365.es\/noticias\/tres-alemanes-en-lista-de-candidatos-a-mejor-jugador-de-la-uefa\/#webpage"},"isPartOf":{"@id":"https:\/\/candas365.es\/noticias\/tres-alemanes-en-lista-de-candidatos-a-mejor-jugador-de-la-uefa\/#webpage"},"articleSection":"Actualidad","dateline":"Publicado el julio 21, 2016."},{"@type":"Organization","@id":"https:\/\/candas365.es\/noticias\/#organization","name":"Cand\u00e1s 365","description":"Cand\u00e1s 365 es un diario digital independiente, fundado en 2012, con base en Asturias. Informamos con rigor sobre actualidad, sociedad, cultura y ocio, con una mirada local y global.","url":"https:\/\/candas365.es\/noticias\/","email":"info@candas365.es","telephone":"+34652131393","foundingDate":"2012-06-10","logo":{"@type":"ImageObject","url":"https:\/\/candas365.es\/noticias\/wp-content\/uploads\/2024\/09\/Candas-365-Redes.jpg","@id":"https:\/\/candas365.es\/noticias\/tres-alemanes-en-lista-de-candidatos-a-mejor-jugador-de-la-uefa\/#organizationLogo","width":1152,"height":864,"caption":"Cand\u00e1s 365 Redes"},"image":{"@id":"https:\/\/candas365.es\/noticias\/tres-alemanes-en-lista-de-candidatos-a-mejor-jugador-de-la-uefa\/#organizationLogo"},"sameAs":["https:\/\/www.facebook.com\/Nachofdezber","https:\/\/x.com\/NabercoDigital","https:\/\/www.instagram.com\/nachofdezber\/","https:\/\/www.youtube.com\/channel\/UCZP-2wLEB9Rv6erhFmqVnvg"],"address":{"@id":"https:\/\/candas365.es\/noticias\/#postaladdress","@type":"PostalAddress","streetAddress":"san antonio 4, san antonio 4","postalCode":"33430","addressLocality":"Cand\u00e1s","addressRegion":"Asturias","addressCountry":"ES"}},{"@type":"Person","@id":"https:\/\/candas365.es\/noticias\/author\/admin\/#author","url":"https:\/\/candas365.es\/noticias\/author\/admin\/","name":"Cand\u00e1s 365","image":{"@type":"ImageObject","@id":"https:\/\/candas365.es\/noticias\/tres-alemanes-en-lista-de-candidatos-a-mejor-jugador-de-la-uefa\/#authorImage","url":"https:\/\/secure.gravatar.com\/avatar\/496a8e03d0c493ede1718b7934145dbdf8d89be1036b0eec9544e1094c9de390?s=96&d=mm&r=g","width":96,"height":96,"caption":"Cand\u00e1s 365"},"sameAs":["https:\/\/www.facebook.com\/carrenoactualidad","https:\/\/twitter.com\/nbasturias","https:\/\/www.instagram.com\/nachofdezber\/","https:\/\/www.youtube.com\/channel\/UCZP-2wLEB9Rv6erhFmqVnvg"]},{"@type":"WebPage","@id":"https:\/\/candas365.es\/noticias\/tres-alemanes-en-lista-de-candidatos-a-mejor-jugador-de-la-uefa\/#webpage","url":"https:\/\/candas365.es\/noticias\/tres-alemanes-en-lista-de-candidatos-a-mejor-jugador-de-la-uefa\/","name":"Tres alemanes en lista de candidatos a mejor jugador de la UEFA | Cand\u00e1s 365","description":"Nyon (Suiza), 19 jul (dpa) - Los alemanes Thomas M\u00fcller, Manuel Neuer y Toni Kroos de la selecci\u00f3n campeona del mundo se encuentran entre los diez finalistas de la preselecci\u00f3n de la UEFA para elegir al mejor futbolista de la temporada 2015\/16 en Europa. El ente rector del f\u00fatbol europeo anunci\u00f3 este lunes su preselecci\u00f3n","inLanguage":"es-ES","isPartOf":{"@id":"https:\/\/candas365.es\/noticias\/#website"},"breadcrumb":{"@id":"https:\/\/candas365.es\/noticias\/tres-alemanes-en-lista-de-candidatos-a-mejor-jugador-de-la-uefa\/#breadcrumblist"},"author":{"@id":"https:\/\/candas365.es\/noticias\/author\/admin\/#author"},"creator":{"@id":"https:\/\/candas365.es\/noticias\/author\/admin\/#author"},"image":{"@type":"ImageObject","url":"https:\/\/candas365.es\/noticias\/wp-content\/uploads\/2015\/09\/c365noticias.jpg","@id":"https:\/\/candas365.es\/noticias\/tres-alemanes-en-lista-de-candidatos-a-mejor-jugador-de-la-uefa\/#mainImage","width":655,"height":360},"primaryImageOfPage":{"@id":"https:\/\/candas365.es\/noticias\/tres-alemanes-en-lista-de-candidatos-a-mejor-jugador-de-la-uefa\/#mainImage"},"datePublished":"2016-07-21T01:58:39+02:00","dateModified":"2016-07-21T01:58:39+02:00"},{"@type":"WebSite","@id":"https:\/\/candas365.es\/noticias\/#website","url":"https:\/\/candas365.es\/noticias\/","name":"Cand\u00e1s 365","alternateName":"Cand\u00e1s 365 Noticias","description":"Actualidad desde Carre\u00f1o para el mundo","inLanguage":"es-ES","publisher":{"@id":"https:\/\/candas365.es\/noticias\/#organization"}}]},"og:locale":"es_ES","og:site_name":"Cand\u00e1s 365","og:type":"article","og:title":"Tres alemanes en lista de candidatos a mejor jugador de la UEFA | Cand\u00e1s 365","og:description":"Nyon (Suiza), 19 jul (dpa) - Los alemanes Thomas M\u00fcller, Manuel Neuer y Toni Kroos de la selecci\u00f3n campeona del mundo se encuentran entre los diez finalistas de la preselecci\u00f3n de la UEFA para elegir al mejor futbolista de la temporada 2015\/16 en Europa. El ente rector del f\u00fatbol europeo anunci\u00f3 este lunes su preselecci\u00f3n","og:url":"https:\/\/candas365.es\/noticias\/tres-alemanes-en-lista-de-candidatos-a-mejor-jugador-de-la-uefa\/","og:image":"https:\/\/candas365.es\/noticias\/wp-content\/uploads\/2015\/09\/c365noticias.jpg","og:image:secure_url":"https:\/\/candas365.es\/noticias\/wp-content\/uploads\/2015\/09\/c365noticias.jpg","og:image:width":655,"og:image:height":360,"article:published_time":"2016-07-21T00:28:39+00:00","article:modified_time":"2016-07-21T00:28:39+00:00","article:publisher":"https:\/\/www.facebook.com\/Nachofdezber","article:author":"https:\/\/www.facebook.com\/carrenoactualidad","twitter:card":"summary_large_image","twitter:site":"@NabercoDigital","twitter:title":"Tres alemanes en lista de candidatos a mejor jugador de la UEFA | Cand\u00e1s 365","twitter:description":"Nyon (Suiza), 19 jul (dpa) - Los alemanes Thomas M\u00fcller, Manuel Neuer y Toni Kroos de la selecci\u00f3n campeona del mundo se encuentran entre los diez finalistas de la preselecci\u00f3n de la UEFA para elegir al mejor futbolista de la temporada 2015\/16 en Europa. El ente rector del f\u00fatbol europeo anunci\u00f3 este lunes su preselecci\u00f3n","twitter:creator":"@nbasturias","twitter:image":"https:\/\/candas365.es\/noticias\/wp-content\/uploads\/2015\/09\/c365noticias.jpg","twitter:label1":"Escrito por","twitter:data1":"Cand\u00e1s 365","twitter:label2":"Tiempo de lectura estimado","twitter:data2":"2 minutos"},"aioseo_meta_data":{"post_id":"32357","title":null,"description":null,"keywords":null,"keyphrases":null,"primary_term":null,"canonical_url":null,"og_title":null,"og_description":null,"og_object_type":"default","og_image_type":"default","og_image_url":null,"og_image_width":null,"og_image_height":null,"og_image_custom_url":null,"og_image_custom_fields":null,"og_video":null,"og_custom_url":null,"og_article_section":null,"og_article_tags":null,"twitter_use_og":false,"twitter_card":"default","twitter_image_type":"default","twitter_image_url":null,"twitter_image_custom_url":null,"twitter_image_custom_fields":null,"twitter_title":null,"twitter_description":null,"schema":{"blockGraphs":[],"customGraphs":[],"default":{"data":{"Article":[],"Course":[],"Dataset":[],"FAQPage":[],"Movie":[],"Person":[],"Product":[],"ProductReview":[],"Car":[],"Recipe":[],"Service":[],"SoftwareApplication":[],"WebPage":[]},"graphName":"","isEnabled":true},"graphs":[]},"schema_type":null,"schema_type_options":null,"pillar_content":false,"robots_default":true,"robots_noindex":false,"robots_noarchive":false,"robots_nosnippet":false,"robots_nofollow":false,"robots_noimageindex":false,"robots_noodp":false,"robots_notranslate":false,"robots_max_snippet":null,"robots_max_videopreview":null,"robots_max_imagepreview":"large","priority":null,"frequency":null,"location":null,"local_seo":null,"seo_analyzer_scan_date":"2025-08-24 15:16:09","breadcrumb_settings":null,"limit_modified_date":false,"reviewed_by":null,"open_ai":null,"ai":null,"created":"2020-12-21 13:03:40","updated":"2025-08-24 15:16:09"},"aioseo_breadcrumb":"<div class=\"aioseo-breadcrumbs\"><span class=\"aioseo-breadcrumb\">\n\t<a href=\"https:\/\/candas365.es\/noticias\" title=\"Home\">Home<\/a>\n<\/span><span class=\"aioseo-breadcrumb-separator\">&ndash;<\/span><span class=\"aioseo-breadcrumb\">\n\t<a href=\"https:\/\/candas365.es\/noticias\/category\/actualidad\/\" title=\"Actualidad\">Actualidad<\/a>\n<\/span><span class=\"aioseo-breadcrumb-separator\">&ndash;<\/span><span class=\"aioseo-breadcrumb\">\n\tTres alemanes en lista de candidatos a mejor jugador de la UEFA\n<\/span><\/div>","aioseo_breadcrumb_json":[{"label":"Home","link":"https:\/\/candas365.es\/noticias"},{"label":"Actualidad","link":"https:\/\/candas365.es\/noticias\/category\/actualidad\/"},{"label":"Tres alemanes en lista de candidatos a mejor jugador de la UEFA","link":"https:\/\/candas365.es\/noticias\/tres-alemanes-en-lista-de-candidatos-a-mejor-jugador-de-la-uefa\/"}],"_links":{"self":[{"href":"https:\/\/candas365.es\/noticias\/wp-json\/wp\/v2\/posts\/32357","targetHints":{"allow":["GET"]}}],"collection":[{"href":"https:\/\/candas365.es\/noticias\/wp-json\/wp\/v2\/posts"}],"about":[{"href":"https:\/\/candas365.es\/noticias\/wp-json\/wp\/v2\/types\/post"}],"author":[{"embeddable":true,"href":"https:\/\/candas365.es\/noticias\/wp-json\/wp\/v2\/users\/1"}],"replies":[{"embeddable":true,"href":"https:\/\/candas365.es\/noticias\/wp-json\/wp\/v2\/comments?post=32357"}],"version-history":[{"count":0,"href":"https:\/\/candas365.es\/noticias\/wp-json\/wp\/v2\/posts\/32357\/revisions"}],"wp:featuredmedia":[{"embeddable":true,"href":"https:\/\/candas365.es\/noticias\/wp-json\/wp\/v2\/media\/16457"}],"wp:attachment":[{"href":"https:\/\/candas365.es\/noticias\/wp-json\/wp\/v2\/media?parent=32357"}],"wp:term":[{"taxonomy":"category","embeddable":true,"href":"https:\/\/candas365.es\/noticias\/wp-json\/wp\/v2\/categories?post=32357"},{"taxonomy":"post_tag","embeddable":true,"href":"https:\/\/candas365.es\/noticias\/wp-json\/wp\/v2\/tags?post=32357"}],"curies":[{"name":"wp","href":"https:\/\/api.w.org\/{rel}","templated":true}]}}