{"id":32355,"date":"2016-07-21T01:11:14","date_gmt":"2016-07-20T23:41:14","guid":{"rendered":"http:\/\/candas365.es\/noticias\/?p=32355"},"modified":"2016-07-21T01:11:14","modified_gmt":"2016-07-20T23:41:14","slug":"joachim-herrmann-no-hay-indicios-de-que-el-atacante-del-tren-fuese-de-ei","status":"publish","type":"post","link":"https:\/\/candas365.es\/noticias\/joachim-herrmann-no-hay-indicios-de-que-el-atacante-del-tren-fuese-de-ei\/","title":{"rendered":"Joachim Herrmann \u00abNo hay indicios de que el atacante del tren fuese de EI\u00bb"},"content":{"rendered":"<p><img fetchpriority=\"high\" decoding=\"async\" class=\"alignleft size-medium wp-image-16457\" src=\"https:\/\/candas365.es\/noticias\/wp-content\/uploads\/2015\/09\/c365noticias-360x198.jpg\" alt=\"c365noticias\" width=\"360\" height=\"198\" srcset=\"https:\/\/candas365.es\/noticias\/wp-content\/uploads\/2015\/09\/c365noticias-360x198.jpg 360w, https:\/\/candas365.es\/noticias\/wp-content\/uploads\/2015\/09\/c365noticias-650x357.jpg 650w, https:\/\/candas365.es\/noticias\/wp-content\/uploads\/2015\/09\/c365noticias-150x82.jpg 150w, https:\/\/candas365.es\/noticias\/wp-content\/uploads\/2015\/09\/c365noticias-450x247.jpg 450w, https:\/\/candas365.es\/noticias\/wp-content\/uploads\/2015\/09\/c365noticias.jpg 655w\" sizes=\"(max-width: 360px) 100vw, 360px\" \/>M\u00fanich, 19 jul (dpa) &#8211; El ministro del Interior de Baviera, Joachim Herrmann, declar\u00f3 hoy que no existen indicios de que el joven afgano que atac\u00f3 con un hacha y un cuchillo a los viajeros de un tren regional sea un miembro de la milicia terrorista Estado Isl\u00e1mico (EI).<\/p>\n<p>El pol\u00edtico conservador confirm\u00f3, no obstante, que, durante los registros realizados en la habitaci\u00f3n del atacante los investigadores encontraron una bandera del EI pintada a mano as\u00ed como otros documentos escritos con graf\u00eda \u00e1rabe y latina.<\/p>\n<p>\u00abEn su cuarto se encontraron notas en el idioma past\u00fan y todo indica a que el adolescente se radicaliz\u00f3 solo. Su entorno apunta a que era un chico tranquilo pero no un radical ni un fan\u00e1tico y no se explican lo ocurrido\u00bb, se\u00f1al\u00f3 Herrmann.<\/p>\n<p>En este sentido, apunt\u00f3 que el joven, de confesi\u00f3n musulmana, no acud\u00eda todas las semanas a la mezquita.<\/p>\n<p>Poco despu\u00e9s de que se hiciese p\u00fablico el hallazgo de la bandera de Estado Isl\u00e1mico en el cuarto del atacante, la milicia terrorista se atribuy\u00f3 la autor\u00eda del ataque asegurando que el joven afgano era uno de sus combatientes.<\/p>\n<p>Se trata de una informaci\u00f3n publicada por la agencia Amaq, cercana a Estado Isl\u00e1mico. Tambi\u00e9n la radio del EI, Al Bayan, habl\u00f3 de \u00abun soldado del Estado Isl\u00e1mico\u00bb que atac\u00f3 Alemania por formar parte de la \u00abcoalici\u00f3n de cruzados\u00bb que combate a la milicia. La reivindicaci\u00f3n no ha sido confirmada oficialmente.<\/p>\n<p>Sin embargo, el pol\u00edtico b\u00e1varo s\u00ed indic\u00f3 que los testigos presentes en el tren declararon que el joven habr\u00eda gritado \u00abAllahu Akbar\u00bb (\u00abDios es grande\u00bb) en el momento de perpetrar el ataque.<\/p>\n<p>Desde el entorno del menor no se explican lo ocurrido y los trabajadores del centro de refugiados de la localidad de Ochsenfurt donde residi\u00f3 durante varios meses se mostraron afectados al enterarse de la noticia.<\/p>\n<p>\u00abEstamos en contacto estrecho con los refugiados y al respecto s\u00f3lo podemos decir cosas buenas\u00bb, asegur\u00f3 una portavoz del personal que trabaja en el albergue.<\/p>\n<p>Entre los m\u00e1s de 250 refugiados que en la actualidad residen en este centro se encuentran alrededor de 60 menores que llegaron solos a Alemania.<\/p>\n<p>\u00abEntre nosotros no ha habido por el momento ning\u00fan incidente. El trato de unos con otros es bueno y de car\u00e1cter pac\u00edfico, por eso estamos todos horrorizados y tristes\u00bb, se\u00f1al\u00f3.<\/p>\n<p>Seg\u00fan datos del Ministerio del Interior de Baviera, el adolescente lleg\u00f3 solo a Alemania hace alrededor de dos a\u00f1os y en 2015 se inscribi\u00f3 como solicitante de asilo ante las autoridades del pa\u00eds centroeuropeo.<\/p>\n<p>Tras residir desde marzo en el centro de Ochsenfurt, el joven se mud\u00f3 recientemente a la casa de una familia de acogida.<\/p>\n<p>El ataque perpetrado por el menor anoche en un tren regional que cubr\u00eda el trayecto entre las poblaciones de Trechtlingen y Wurzburgo caus\u00f3 cinco heridos, cuatro de ellos de gravedad y otro de menor consideraci\u00f3n. Adem\u00e1s, los 14 restantes pasajeros que viajaban en el convoy se encuentran en estado de shock tras lo ocurrido.<\/p>\n<p>Las v\u00edctimas que revisten una mayor gravedad son miembros de una familia originaria de Hong Kong que se encontraban de viaje en Alemania.<\/p>\n<p>El autor fue abatido por la polic\u00eda despu\u00e9s de que intentase atacar de forma violenta a los agentes con las armas blancas que portaba.<\/p>\n<p>&nbsp;<\/p>\n","protected":false},"excerpt":{"rendered":"<p>M\u00fanich, 19 jul (dpa) &#8211; El ministro del Interior de Baviera, Joachim Herrmann, declar\u00f3 hoy que no existen indicios de que el joven afgano que atac\u00f3 con un hacha y un cuchillo a los viajeros de un tren regional sea un miembro de la milicia terrorista Estado Isl\u00e1mico (EI). El pol\u00edtico conservador confirm\u00f3, no obstante,<\/p>\n","protected":false},"author":1,"featured_media":16457,"comment_status":"closed","ping_status":"closed","sticky":false,"template":"","format":"standard","meta":{"footnotes":""},"categories":[343],"tags":[],"class_list":{"0":"post-32355","1":"post","2":"type-post","3":"status-publish","4":"format-standard","5":"has-post-thumbnail","7":"category-actualidad"},"aioseo_notices":[],"aioseo_head":"\n\t\t<!-- All in One SEO Pro 4.9.6.2 - aioseo.com -->\n\t<meta name=\"description\" content=\"M\u00fanich, 19 jul (dpa) - El ministro del Interior de Baviera, Joachim Herrmann, declar\u00f3 hoy que no existen indicios de que el joven afgano que atac\u00f3 con un hacha y un cuchillo a los viajeros de un tren regional sea un miembro de la milicia terrorista Estado Isl\u00e1mico (EI). El pol\u00edtico conservador confirm\u00f3, no obstante,\" \/>\n\t<meta name=\"robots\" content=\"max-image-preview:large\" \/>\n\t<meta name=\"author\" content=\"Cand\u00e1s 365\"\/>\n\t<meta name=\"google-site-verification\" content=\"UA-32230408-1\" \/>\n\t<meta name=\"msvalidate.01\" content=\"354F3CDFB2DA171B47FBE9ABF1F88D5\" \/>\n\t<meta name=\"keywords\" content=\"actualidad\" \/>\n\t<link rel=\"canonical\" href=\"https:\/\/candas365.es\/noticias\/joachim-herrmann-no-hay-indicios-de-que-el-atacante-del-tren-fuese-de-ei\/\" \/>\n\t<meta name=\"generator\" content=\"All in One SEO Pro (AIOSEO) 4.9.6.2\" \/>\n\t\t<meta property=\"og:locale\" content=\"es_ES\" \/>\n\t\t<meta property=\"og:site_name\" content=\"Cand\u00e1s 365\" \/>\n\t\t<meta property=\"og:type\" content=\"article\" \/>\n\t\t<meta property=\"og:title\" content=\"Joachim Herrmann \u00abNo hay indicios de que el atacante del tren fuese de EI\u00bb | Cand\u00e1s 365\" \/>\n\t\t<meta property=\"og:description\" content=\"M\u00fanich, 19 jul (dpa) - El ministro del Interior de Baviera, Joachim Herrmann, declar\u00f3 hoy que no existen indicios de que el joven afgano que atac\u00f3 con un hacha y un cuchillo a los viajeros de un tren regional sea un miembro de la milicia terrorista Estado Isl\u00e1mico (EI). El pol\u00edtico conservador confirm\u00f3, no obstante,\" \/>\n\t\t<meta property=\"og:url\" content=\"https:\/\/candas365.es\/noticias\/joachim-herrmann-no-hay-indicios-de-que-el-atacante-del-tren-fuese-de-ei\/\" \/>\n\t\t<meta property=\"og:image\" content=\"https:\/\/candas365.es\/noticias\/wp-content\/uploads\/2015\/09\/c365noticias.jpg\" \/>\n\t\t<meta property=\"og:image:secure_url\" content=\"https:\/\/candas365.es\/noticias\/wp-content\/uploads\/2015\/09\/c365noticias.jpg\" \/>\n\t\t<meta property=\"og:image:width\" content=\"655\" \/>\n\t\t<meta property=\"og:image:height\" content=\"360\" \/>\n\t\t<meta property=\"article:published_time\" content=\"2016-07-20T23:41:14+00:00\" \/>\n\t\t<meta property=\"article:modified_time\" content=\"2016-07-20T23:41:14+00:00\" \/>\n\t\t<meta property=\"article:publisher\" content=\"https:\/\/www.facebook.com\/Nachofdezber\" \/>\n\t\t<meta property=\"article:author\" content=\"https:\/\/www.facebook.com\/carrenoactualidad\" \/>\n\t\t<meta name=\"twitter:card\" content=\"summary_large_image\" \/>\n\t\t<meta name=\"twitter:site\" content=\"@NabercoDigital\" \/>\n\t\t<meta name=\"twitter:title\" content=\"Joachim Herrmann \u00abNo hay indicios de que el atacante del tren fuese de EI\u00bb | Cand\u00e1s 365\" \/>\n\t\t<meta name=\"twitter:description\" content=\"M\u00fanich, 19 jul (dpa) - El ministro del Interior de Baviera, Joachim Herrmann, declar\u00f3 hoy que no existen indicios de que el joven afgano que atac\u00f3 con un hacha y un cuchillo a los viajeros de un tren regional sea un miembro de la milicia terrorista Estado Isl\u00e1mico (EI). El pol\u00edtico conservador confirm\u00f3, no obstante,\" \/>\n\t\t<meta name=\"twitter:creator\" content=\"@nbasturias\" \/>\n\t\t<meta name=\"twitter:image\" content=\"https:\/\/candas365.es\/noticias\/wp-content\/uploads\/2015\/09\/c365noticias.jpg\" \/>\n\t\t<meta name=\"twitter:label1\" content=\"Escrito por\" \/>\n\t\t<meta name=\"twitter:data1\" content=\"Cand\u00e1s 365\" \/>\n\t\t<meta name=\"twitter:label2\" content=\"Tiempo de lectura estimado\" \/>\n\t\t<meta name=\"twitter:data2\" content=\"3 minutos\" \/>\n\t\t<script type=\"application\/ld+json\" class=\"aioseo-schema\">\n\t\t\t{\"@context\":\"https:\\\/\\\/schema.org\",\"@graph\":[{\"@type\":\"BreadcrumbList\",\"@id\":\"https:\\\/\\\/candas365.es\\\/noticias\\\/joachim-herrmann-no-hay-indicios-de-que-el-atacante-del-tren-fuese-de-ei\\\/#breadcrumblist\",\"itemListElement\":[{\"@type\":\"ListItem\",\"@id\":\"https:\\\/\\\/candas365.es\\\/noticias#listItem\",\"position\":1,\"name\":\"Home\",\"item\":\"https:\\\/\\\/candas365.es\\\/noticias\",\"nextItem\":{\"@type\":\"ListItem\",\"@id\":\"https:\\\/\\\/candas365.es\\\/noticias\\\/category\\\/actualidad\\\/#listItem\",\"name\":\"Actualidad\"}},{\"@type\":\"ListItem\",\"@id\":\"https:\\\/\\\/candas365.es\\\/noticias\\\/category\\\/actualidad\\\/#listItem\",\"position\":2,\"name\":\"Actualidad\",\"item\":\"https:\\\/\\\/candas365.es\\\/noticias\\\/category\\\/actualidad\\\/\",\"nextItem\":{\"@type\":\"ListItem\",\"@id\":\"https:\\\/\\\/candas365.es\\\/noticias\\\/joachim-herrmann-no-hay-indicios-de-que-el-atacante-del-tren-fuese-de-ei\\\/#listItem\",\"name\":\"Joachim Herrmann \\u00abNo hay indicios de que el atacante del tren fuese de EI\\u00bb\"},\"previousItem\":{\"@type\":\"ListItem\",\"@id\":\"https:\\\/\\\/candas365.es\\\/noticias#listItem\",\"name\":\"Home\"}},{\"@type\":\"ListItem\",\"@id\":\"https:\\\/\\\/candas365.es\\\/noticias\\\/joachim-herrmann-no-hay-indicios-de-que-el-atacante-del-tren-fuese-de-ei\\\/#listItem\",\"position\":3,\"name\":\"Joachim Herrmann \\u00abNo hay indicios de que el atacante del tren fuese de EI\\u00bb\",\"previousItem\":{\"@type\":\"ListItem\",\"@id\":\"https:\\\/\\\/candas365.es\\\/noticias\\\/category\\\/actualidad\\\/#listItem\",\"name\":\"Actualidad\"}}]},{\"@type\":\"NewsArticle\",\"@id\":\"https:\\\/\\\/candas365.es\\\/noticias\\\/joachim-herrmann-no-hay-indicios-de-que-el-atacante-del-tren-fuese-de-ei\\\/#newsarticle\",\"name\":\"Joachim Herrmann \\u00abNo hay indicios de que el atacante del tren fuese de EI\\u00bb | Cand\\u00e1s 365\",\"headline\":\"Joachim Herrmann \\u00abNo hay indicios de que el atacante del tren fuese de EI\\u00bb\",\"author\":{\"@id\":\"https:\\\/\\\/candas365.es\\\/noticias\\\/author\\\/admin\\\/#author\"},\"publisher\":{\"@id\":\"https:\\\/\\\/candas365.es\\\/noticias\\\/#organization\"},\"image\":{\"@type\":\"ImageObject\",\"url\":\"https:\\\/\\\/candas365.es\\\/noticias\\\/wp-content\\\/uploads\\\/2015\\\/09\\\/c365noticias.jpg\",\"width\":655,\"height\":360},\"datePublished\":\"2016-07-21T01:11:14+02:00\",\"dateModified\":\"2016-07-21T01:11:14+02:00\",\"inLanguage\":\"es-ES\",\"mainEntityOfPage\":{\"@id\":\"https:\\\/\\\/candas365.es\\\/noticias\\\/joachim-herrmann-no-hay-indicios-de-que-el-atacante-del-tren-fuese-de-ei\\\/#webpage\"},\"isPartOf\":{\"@id\":\"https:\\\/\\\/candas365.es\\\/noticias\\\/joachim-herrmann-no-hay-indicios-de-que-el-atacante-del-tren-fuese-de-ei\\\/#webpage\"},\"articleSection\":\"Actualidad\",\"dateline\":\"Publicado el julio 21, 2016.\"},{\"@type\":\"Organization\",\"@id\":\"https:\\\/\\\/candas365.es\\\/noticias\\\/#organization\",\"name\":\"Cand\\u00e1s 365\",\"description\":\"Cand\\u00e1s 365 es un diario digital independiente, fundado en 2012, con base en Asturias. Informamos con rigor sobre actualidad, sociedad, cultura y ocio, con una mirada local y global.\",\"url\":\"https:\\\/\\\/candas365.es\\\/noticias\\\/\",\"email\":\"info@candas365.es\",\"telephone\":\"+34652131393\",\"foundingDate\":\"2012-06-10\",\"logo\":{\"@type\":\"ImageObject\",\"url\":\"https:\\\/\\\/candas365.es\\\/noticias\\\/wp-content\\\/uploads\\\/2024\\\/09\\\/Candas-365-Redes.jpg\",\"@id\":\"https:\\\/\\\/candas365.es\\\/noticias\\\/joachim-herrmann-no-hay-indicios-de-que-el-atacante-del-tren-fuese-de-ei\\\/#organizationLogo\",\"width\":1152,\"height\":864,\"caption\":\"Cand\\u00e1s 365 Redes\"},\"image\":{\"@id\":\"https:\\\/\\\/candas365.es\\\/noticias\\\/joachim-herrmann-no-hay-indicios-de-que-el-atacante-del-tren-fuese-de-ei\\\/#organizationLogo\"},\"sameAs\":[\"https:\\\/\\\/www.facebook.com\\\/Nachofdezber\",\"https:\\\/\\\/x.com\\\/NabercoDigital\",\"https:\\\/\\\/www.instagram.com\\\/nachofdezber\\\/\",\"https:\\\/\\\/www.youtube.com\\\/channel\\\/UCZP-2wLEB9Rv6erhFmqVnvg\"],\"address\":{\"@id\":\"https:\\\/\\\/candas365.es\\\/noticias\\\/#postaladdress\",\"@type\":\"PostalAddress\",\"streetAddress\":\"san antonio 4, san antonio 4\",\"postalCode\":\"33430\",\"addressLocality\":\"Cand\\u00e1s\",\"addressRegion\":\"Asturias\",\"addressCountry\":\"ES\"}},{\"@type\":\"Person\",\"@id\":\"https:\\\/\\\/candas365.es\\\/noticias\\\/author\\\/admin\\\/#author\",\"url\":\"https:\\\/\\\/candas365.es\\\/noticias\\\/author\\\/admin\\\/\",\"name\":\"Cand\\u00e1s 365\",\"image\":{\"@type\":\"ImageObject\",\"@id\":\"https:\\\/\\\/candas365.es\\\/noticias\\\/joachim-herrmann-no-hay-indicios-de-que-el-atacante-del-tren-fuese-de-ei\\\/#authorImage\",\"url\":\"https:\\\/\\\/secure.gravatar.com\\\/avatar\\\/496a8e03d0c493ede1718b7934145dbdf8d89be1036b0eec9544e1094c9de390?s=96&d=mm&r=g\",\"width\":96,\"height\":96,\"caption\":\"Cand\\u00e1s 365\"},\"sameAs\":[\"https:\\\/\\\/www.facebook.com\\\/carrenoactualidad\",\"https:\\\/\\\/twitter.com\\\/nbasturias\",\"https:\\\/\\\/www.instagram.com\\\/nachofdezber\\\/\",\"https:\\\/\\\/www.youtube.com\\\/channel\\\/UCZP-2wLEB9Rv6erhFmqVnvg\"]},{\"@type\":\"WebPage\",\"@id\":\"https:\\\/\\\/candas365.es\\\/noticias\\\/joachim-herrmann-no-hay-indicios-de-que-el-atacante-del-tren-fuese-de-ei\\\/#webpage\",\"url\":\"https:\\\/\\\/candas365.es\\\/noticias\\\/joachim-herrmann-no-hay-indicios-de-que-el-atacante-del-tren-fuese-de-ei\\\/\",\"name\":\"Joachim Herrmann \\u00abNo hay indicios de que el atacante del tren fuese de EI\\u00bb | Cand\\u00e1s 365\",\"description\":\"M\\u00fanich, 19 jul (dpa) - El ministro del Interior de Baviera, Joachim Herrmann, declar\\u00f3 hoy que no existen indicios de que el joven afgano que atac\\u00f3 con un hacha y un cuchillo a los viajeros de un tren regional sea un miembro de la milicia terrorista Estado Isl\\u00e1mico (EI). El pol\\u00edtico conservador confirm\\u00f3, no obstante,\",\"inLanguage\":\"es-ES\",\"isPartOf\":{\"@id\":\"https:\\\/\\\/candas365.es\\\/noticias\\\/#website\"},\"breadcrumb\":{\"@id\":\"https:\\\/\\\/candas365.es\\\/noticias\\\/joachim-herrmann-no-hay-indicios-de-que-el-atacante-del-tren-fuese-de-ei\\\/#breadcrumblist\"},\"author\":{\"@id\":\"https:\\\/\\\/candas365.es\\\/noticias\\\/author\\\/admin\\\/#author\"},\"creator\":{\"@id\":\"https:\\\/\\\/candas365.es\\\/noticias\\\/author\\\/admin\\\/#author\"},\"image\":{\"@type\":\"ImageObject\",\"url\":\"https:\\\/\\\/candas365.es\\\/noticias\\\/wp-content\\\/uploads\\\/2015\\\/09\\\/c365noticias.jpg\",\"@id\":\"https:\\\/\\\/candas365.es\\\/noticias\\\/joachim-herrmann-no-hay-indicios-de-que-el-atacante-del-tren-fuese-de-ei\\\/#mainImage\",\"width\":655,\"height\":360},\"primaryImageOfPage\":{\"@id\":\"https:\\\/\\\/candas365.es\\\/noticias\\\/joachim-herrmann-no-hay-indicios-de-que-el-atacante-del-tren-fuese-de-ei\\\/#mainImage\"},\"datePublished\":\"2016-07-21T01:11:14+02:00\",\"dateModified\":\"2016-07-21T01:11:14+02:00\"},{\"@type\":\"WebSite\",\"@id\":\"https:\\\/\\\/candas365.es\\\/noticias\\\/#website\",\"url\":\"https:\\\/\\\/candas365.es\\\/noticias\\\/\",\"name\":\"Cand\\u00e1s 365\",\"alternateName\":\"Cand\\u00e1s 365 Noticias\",\"description\":\"Actualidad desde Carre\\u00f1o para el mundo\",\"inLanguage\":\"es-ES\",\"publisher\":{\"@id\":\"https:\\\/\\\/candas365.es\\\/noticias\\\/#organization\"}}]}\n\t\t<\/script>\n\t\t<!-- All in One SEO Pro -->\r\n\t\t<title>Joachim Herrmann \u00abNo hay indicios de que el atacante del tren fuese de EI\u00bb | Cand\u00e1s 365<\/title>\n\n","aioseo_head_json":{"title":"Joachim Herrmann \u00abNo hay indicios de que el atacante del tren fuese de EI\u00bb | Cand\u00e1s 365","description":"M\u00fanich, 19 jul (dpa) - El ministro del Interior de Baviera, Joachim Herrmann, declar\u00f3 hoy que no existen indicios de que el joven afgano que atac\u00f3 con un hacha y un cuchillo a los viajeros de un tren regional sea un miembro de la milicia terrorista Estado Isl\u00e1mico (EI). El pol\u00edtico conservador confirm\u00f3, no obstante,","canonical_url":"https:\/\/candas365.es\/noticias\/joachim-herrmann-no-hay-indicios-de-que-el-atacante-del-tren-fuese-de-ei\/","robots":"max-image-preview:large","keywords":"actualidad","webmasterTools":{"google-site-verification":"UA-32230408-1","msvalidate.01":"354F3CDFB2DA171B47FBE9ABF1F88D5","miscellaneous":""},"schema":{"@context":"https:\/\/schema.org","@graph":[{"@type":"BreadcrumbList","@id":"https:\/\/candas365.es\/noticias\/joachim-herrmann-no-hay-indicios-de-que-el-atacante-del-tren-fuese-de-ei\/#breadcrumblist","itemListElement":[{"@type":"ListItem","@id":"https:\/\/candas365.es\/noticias#listItem","position":1,"name":"Home","item":"https:\/\/candas365.es\/noticias","nextItem":{"@type":"ListItem","@id":"https:\/\/candas365.es\/noticias\/category\/actualidad\/#listItem","name":"Actualidad"}},{"@type":"ListItem","@id":"https:\/\/candas365.es\/noticias\/category\/actualidad\/#listItem","position":2,"name":"Actualidad","item":"https:\/\/candas365.es\/noticias\/category\/actualidad\/","nextItem":{"@type":"ListItem","@id":"https:\/\/candas365.es\/noticias\/joachim-herrmann-no-hay-indicios-de-que-el-atacante-del-tren-fuese-de-ei\/#listItem","name":"Joachim Herrmann \u00abNo hay indicios de que el atacante del tren fuese de EI\u00bb"},"previousItem":{"@type":"ListItem","@id":"https:\/\/candas365.es\/noticias#listItem","name":"Home"}},{"@type":"ListItem","@id":"https:\/\/candas365.es\/noticias\/joachim-herrmann-no-hay-indicios-de-que-el-atacante-del-tren-fuese-de-ei\/#listItem","position":3,"name":"Joachim Herrmann \u00abNo hay indicios de que el atacante del tren fuese de EI\u00bb","previousItem":{"@type":"ListItem","@id":"https:\/\/candas365.es\/noticias\/category\/actualidad\/#listItem","name":"Actualidad"}}]},{"@type":"NewsArticle","@id":"https:\/\/candas365.es\/noticias\/joachim-herrmann-no-hay-indicios-de-que-el-atacante-del-tren-fuese-de-ei\/#newsarticle","name":"Joachim Herrmann \u00abNo hay indicios de que el atacante del tren fuese de EI\u00bb | Cand\u00e1s 365","headline":"Joachim Herrmann \u00abNo hay indicios de que el atacante del tren fuese de EI\u00bb","author":{"@id":"https:\/\/candas365.es\/noticias\/author\/admin\/#author"},"publisher":{"@id":"https:\/\/candas365.es\/noticias\/#organization"},"image":{"@type":"ImageObject","url":"https:\/\/candas365.es\/noticias\/wp-content\/uploads\/2015\/09\/c365noticias.jpg","width":655,"height":360},"datePublished":"2016-07-21T01:11:14+02:00","dateModified":"2016-07-21T01:11:14+02:00","inLanguage":"es-ES","mainEntityOfPage":{"@id":"https:\/\/candas365.es\/noticias\/joachim-herrmann-no-hay-indicios-de-que-el-atacante-del-tren-fuese-de-ei\/#webpage"},"isPartOf":{"@id":"https:\/\/candas365.es\/noticias\/joachim-herrmann-no-hay-indicios-de-que-el-atacante-del-tren-fuese-de-ei\/#webpage"},"articleSection":"Actualidad","dateline":"Publicado el julio 21, 2016."},{"@type":"Organization","@id":"https:\/\/candas365.es\/noticias\/#organization","name":"Cand\u00e1s 365","description":"Cand\u00e1s 365 es un diario digital independiente, fundado en 2012, con base en Asturias. Informamos con rigor sobre actualidad, sociedad, cultura y ocio, con una mirada local y global.","url":"https:\/\/candas365.es\/noticias\/","email":"info@candas365.es","telephone":"+34652131393","foundingDate":"2012-06-10","logo":{"@type":"ImageObject","url":"https:\/\/candas365.es\/noticias\/wp-content\/uploads\/2024\/09\/Candas-365-Redes.jpg","@id":"https:\/\/candas365.es\/noticias\/joachim-herrmann-no-hay-indicios-de-que-el-atacante-del-tren-fuese-de-ei\/#organizationLogo","width":1152,"height":864,"caption":"Cand\u00e1s 365 Redes"},"image":{"@id":"https:\/\/candas365.es\/noticias\/joachim-herrmann-no-hay-indicios-de-que-el-atacante-del-tren-fuese-de-ei\/#organizationLogo"},"sameAs":["https:\/\/www.facebook.com\/Nachofdezber","https:\/\/x.com\/NabercoDigital","https:\/\/www.instagram.com\/nachofdezber\/","https:\/\/www.youtube.com\/channel\/UCZP-2wLEB9Rv6erhFmqVnvg"],"address":{"@id":"https:\/\/candas365.es\/noticias\/#postaladdress","@type":"PostalAddress","streetAddress":"san antonio 4, san antonio 4","postalCode":"33430","addressLocality":"Cand\u00e1s","addressRegion":"Asturias","addressCountry":"ES"}},{"@type":"Person","@id":"https:\/\/candas365.es\/noticias\/author\/admin\/#author","url":"https:\/\/candas365.es\/noticias\/author\/admin\/","name":"Cand\u00e1s 365","image":{"@type":"ImageObject","@id":"https:\/\/candas365.es\/noticias\/joachim-herrmann-no-hay-indicios-de-que-el-atacante-del-tren-fuese-de-ei\/#authorImage","url":"https:\/\/secure.gravatar.com\/avatar\/496a8e03d0c493ede1718b7934145dbdf8d89be1036b0eec9544e1094c9de390?s=96&d=mm&r=g","width":96,"height":96,"caption":"Cand\u00e1s 365"},"sameAs":["https:\/\/www.facebook.com\/carrenoactualidad","https:\/\/twitter.com\/nbasturias","https:\/\/www.instagram.com\/nachofdezber\/","https:\/\/www.youtube.com\/channel\/UCZP-2wLEB9Rv6erhFmqVnvg"]},{"@type":"WebPage","@id":"https:\/\/candas365.es\/noticias\/joachim-herrmann-no-hay-indicios-de-que-el-atacante-del-tren-fuese-de-ei\/#webpage","url":"https:\/\/candas365.es\/noticias\/joachim-herrmann-no-hay-indicios-de-que-el-atacante-del-tren-fuese-de-ei\/","name":"Joachim Herrmann \u00abNo hay indicios de que el atacante del tren fuese de EI\u00bb | Cand\u00e1s 365","description":"M\u00fanich, 19 jul (dpa) - El ministro del Interior de Baviera, Joachim Herrmann, declar\u00f3 hoy que no existen indicios de que el joven afgano que atac\u00f3 con un hacha y un cuchillo a los viajeros de un tren regional sea un miembro de la milicia terrorista Estado Isl\u00e1mico (EI). El pol\u00edtico conservador confirm\u00f3, no obstante,","inLanguage":"es-ES","isPartOf":{"@id":"https:\/\/candas365.es\/noticias\/#website"},"breadcrumb":{"@id":"https:\/\/candas365.es\/noticias\/joachim-herrmann-no-hay-indicios-de-que-el-atacante-del-tren-fuese-de-ei\/#breadcrumblist"},"author":{"@id":"https:\/\/candas365.es\/noticias\/author\/admin\/#author"},"creator":{"@id":"https:\/\/candas365.es\/noticias\/author\/admin\/#author"},"image":{"@type":"ImageObject","url":"https:\/\/candas365.es\/noticias\/wp-content\/uploads\/2015\/09\/c365noticias.jpg","@id":"https:\/\/candas365.es\/noticias\/joachim-herrmann-no-hay-indicios-de-que-el-atacante-del-tren-fuese-de-ei\/#mainImage","width":655,"height":360},"primaryImageOfPage":{"@id":"https:\/\/candas365.es\/noticias\/joachim-herrmann-no-hay-indicios-de-que-el-atacante-del-tren-fuese-de-ei\/#mainImage"},"datePublished":"2016-07-21T01:11:14+02:00","dateModified":"2016-07-21T01:11:14+02:00"},{"@type":"WebSite","@id":"https:\/\/candas365.es\/noticias\/#website","url":"https:\/\/candas365.es\/noticias\/","name":"Cand\u00e1s 365","alternateName":"Cand\u00e1s 365 Noticias","description":"Actualidad desde Carre\u00f1o para el mundo","inLanguage":"es-ES","publisher":{"@id":"https:\/\/candas365.es\/noticias\/#organization"}}]},"og:locale":"es_ES","og:site_name":"Cand\u00e1s 365","og:type":"article","og:title":"Joachim Herrmann \u00abNo hay indicios de que el atacante del tren fuese de EI\u00bb | Cand\u00e1s 365","og:description":"M\u00fanich, 19 jul (dpa) - El ministro del Interior de Baviera, Joachim Herrmann, declar\u00f3 hoy que no existen indicios de que el joven afgano que atac\u00f3 con un hacha y un cuchillo a los viajeros de un tren regional sea un miembro de la milicia terrorista Estado Isl\u00e1mico (EI). El pol\u00edtico conservador confirm\u00f3, no obstante,","og:url":"https:\/\/candas365.es\/noticias\/joachim-herrmann-no-hay-indicios-de-que-el-atacante-del-tren-fuese-de-ei\/","og:image":"https:\/\/candas365.es\/noticias\/wp-content\/uploads\/2015\/09\/c365noticias.jpg","og:image:secure_url":"https:\/\/candas365.es\/noticias\/wp-content\/uploads\/2015\/09\/c365noticias.jpg","og:image:width":655,"og:image:height":360,"article:published_time":"2016-07-20T23:41:14+00:00","article:modified_time":"2016-07-20T23:41:14+00:00","article:publisher":"https:\/\/www.facebook.com\/Nachofdezber","article:author":"https:\/\/www.facebook.com\/carrenoactualidad","twitter:card":"summary_large_image","twitter:site":"@NabercoDigital","twitter:title":"Joachim Herrmann \u00abNo hay indicios de que el atacante del tren fuese de EI\u00bb | Cand\u00e1s 365","twitter:description":"M\u00fanich, 19 jul (dpa) - El ministro del Interior de Baviera, Joachim Herrmann, declar\u00f3 hoy que no existen indicios de que el joven afgano que atac\u00f3 con un hacha y un cuchillo a los viajeros de un tren regional sea un miembro de la milicia terrorista Estado Isl\u00e1mico (EI). El pol\u00edtico conservador confirm\u00f3, no obstante,","twitter:creator":"@nbasturias","twitter:image":"https:\/\/candas365.es\/noticias\/wp-content\/uploads\/2015\/09\/c365noticias.jpg","twitter:label1":"Escrito por","twitter:data1":"Cand\u00e1s 365","twitter:label2":"Tiempo de lectura estimado","twitter:data2":"3 minutos"},"aioseo_meta_data":{"post_id":"32355","title":null,"description":null,"keywords":null,"keyphrases":null,"primary_term":null,"canonical_url":null,"og_title":null,"og_description":null,"og_object_type":"default","og_image_type":"default","og_image_url":null,"og_image_width":null,"og_image_height":null,"og_image_custom_url":null,"og_image_custom_fields":null,"og_video":null,"og_custom_url":null,"og_article_section":null,"og_article_tags":null,"twitter_use_og":false,"twitter_card":"default","twitter_image_type":"default","twitter_image_url":null,"twitter_image_custom_url":null,"twitter_image_custom_fields":null,"twitter_title":null,"twitter_description":null,"schema":{"blockGraphs":[],"customGraphs":[],"default":{"data":{"Article":[],"Course":[],"Dataset":[],"FAQPage":[],"Movie":[],"Person":[],"Product":[],"ProductReview":[],"Car":[],"Recipe":[],"Service":[],"SoftwareApplication":[],"WebPage":[]},"graphName":"","isEnabled":true},"graphs":[]},"schema_type":null,"schema_type_options":null,"pillar_content":false,"robots_default":true,"robots_noindex":false,"robots_noarchive":false,"robots_nosnippet":false,"robots_nofollow":false,"robots_noimageindex":false,"robots_noodp":false,"robots_notranslate":false,"robots_max_snippet":null,"robots_max_videopreview":null,"robots_max_imagepreview":"large","priority":null,"frequency":null,"location":null,"local_seo":null,"seo_analyzer_scan_date":"2025-08-24 15:15:11","breadcrumb_settings":null,"limit_modified_date":false,"reviewed_by":null,"open_ai":null,"ai":null,"created":"2020-12-21 13:03:40","updated":"2025-08-24 15:15:11"},"aioseo_breadcrumb":"<div class=\"aioseo-breadcrumbs\"><span class=\"aioseo-breadcrumb\">\n\t<a href=\"https:\/\/candas365.es\/noticias\" title=\"Home\">Home<\/a>\n<\/span><span class=\"aioseo-breadcrumb-separator\">&ndash;<\/span><span class=\"aioseo-breadcrumb\">\n\t<a href=\"https:\/\/candas365.es\/noticias\/category\/actualidad\/\" title=\"Actualidad\">Actualidad<\/a>\n<\/span><span class=\"aioseo-breadcrumb-separator\">&ndash;<\/span><span class=\"aioseo-breadcrumb\">\n\tJoachim Herrmann \u00abNo hay indicios de que el atacante del tren fuese de EI\u00bb\n<\/span><\/div>","aioseo_breadcrumb_json":[{"label":"Home","link":"https:\/\/candas365.es\/noticias"},{"label":"Actualidad","link":"https:\/\/candas365.es\/noticias\/category\/actualidad\/"},{"label":"Joachim Herrmann \u00abNo hay indicios de que el atacante del tren fuese de EI\u00bb","link":"https:\/\/candas365.es\/noticias\/joachim-herrmann-no-hay-indicios-de-que-el-atacante-del-tren-fuese-de-ei\/"}],"_links":{"self":[{"href":"https:\/\/candas365.es\/noticias\/wp-json\/wp\/v2\/posts\/32355","targetHints":{"allow":["GET"]}}],"collection":[{"href":"https:\/\/candas365.es\/noticias\/wp-json\/wp\/v2\/posts"}],"about":[{"href":"https:\/\/candas365.es\/noticias\/wp-json\/wp\/v2\/types\/post"}],"author":[{"embeddable":true,"href":"https:\/\/candas365.es\/noticias\/wp-json\/wp\/v2\/users\/1"}],"replies":[{"embeddable":true,"href":"https:\/\/candas365.es\/noticias\/wp-json\/wp\/v2\/comments?post=32355"}],"version-history":[{"count":0,"href":"https:\/\/candas365.es\/noticias\/wp-json\/wp\/v2\/posts\/32355\/revisions"}],"wp:featuredmedia":[{"embeddable":true,"href":"https:\/\/candas365.es\/noticias\/wp-json\/wp\/v2\/media\/16457"}],"wp:attachment":[{"href":"https:\/\/candas365.es\/noticias\/wp-json\/wp\/v2\/media?parent=32355"}],"wp:term":[{"taxonomy":"category","embeddable":true,"href":"https:\/\/candas365.es\/noticias\/wp-json\/wp\/v2\/categories?post=32355"},{"taxonomy":"post_tag","embeddable":true,"href":"https:\/\/candas365.es\/noticias\/wp-json\/wp\/v2\/tags?post=32355"}],"curies":[{"name":"wp","href":"https:\/\/api.w.org\/{rel}","templated":true}]}}