{"id":32353,"date":"2016-07-21T01:08:29","date_gmt":"2016-07-20T23:38:29","guid":{"rendered":"http:\/\/candas365.es\/noticias\/?p=32353"},"modified":"2016-07-21T01:08:29","modified_gmt":"2016-07-20T23:38:29","slug":"beckenbauer-a-favor-de-que-hoeness-retome-la-presidencia-del-bayern","status":"publish","type":"post","link":"https:\/\/candas365.es\/noticias\/beckenbauer-a-favor-de-que-hoeness-retome-la-presidencia-del-bayern\/","title":{"rendered":"Beckenbauer, a favor de que Hoeness retome la presidencia del Bayern"},"content":{"rendered":"<p>M\u00fanich, 19 jul\u00a0(dpa)\u00a0&#8211; El presidente honor\u00edfico del Bayern de M\u00fanich, Franz Beckenbauer, se mostr\u00f3 hoy a favor de que Uli Hoeness retome las riendas del club muniqu\u00e9s, una vez que ya ha cumplido su condena por evasi\u00f3n fiscal.<\/p>\n<p>\u00abEl Bayern necesita a Uli Hoeness y Uli Hoeness necesita al Bayern. Tambi\u00e9n en un club que funciona bien y que cosecha \u00e9xitos no debemos renunciar a la experiencia de Uli. \u00c9l siempre lo da todo. Me alegrar\u00eda de su regreso\u00bb, asegur\u00f3 Beckenbauer en declaraciones al diario \u00abBild\u00bb.<\/p>\n<p>En los \u00faltimos tiempos, en el Bayern se han intensificado las se\u00f1ales que apuntar\u00edan a una posible vuelta de Hoeness a la c\u00fapula del conjunto muniqu\u00e9s. De hecho, se espera que el directivo d\u00e9 a conocer una decisi\u00f3n al respecto antes de que termine el mes de julio.<\/p>\n<p>La pr\u00f3xima junta general del club tendr\u00e1 lugar en noviembre, momento en el que tambi\u00e9n se termina el mandato de quien fue nombrado su sucesor, Karl Hopfner, despu\u00e9s de que Hoeness tuviese que abandonar la presidencia del conjunto b\u00e1varo para ingresar en prisi\u00f3n tras ser condenado a tres a\u00f1os y medio de c\u00e1rcel por fraude fiscal.<\/p>\n<p>En febrero de este a\u00f1o, el ex presidente del Bayern recuper\u00f3 su libertad despu\u00e9s de pasar 21 meses entre rejas.<\/p>\n<p>&nbsp;<\/p>\n","protected":false},"excerpt":{"rendered":"<p>M\u00fanich, 19 jul\u00a0(dpa)\u00a0&#8211; El presidente honor\u00edfico del Bayern de M\u00fanich, Franz Beckenbauer, se mostr\u00f3 hoy a favor de que Uli Hoeness retome las riendas del club muniqu\u00e9s, una vez que ya ha cumplido su condena por evasi\u00f3n fiscal. \u00abEl Bayern necesita a Uli Hoeness y Uli Hoeness necesita al Bayern. Tambi\u00e9n en un club que<\/p>\n","protected":false},"author":1,"featured_media":21654,"comment_status":"closed","ping_status":"closed","sticky":false,"template":"","format":"standard","meta":{"footnotes":""},"categories":[343],"tags":[],"class_list":{"0":"post-32353","1":"post","2":"type-post","3":"status-publish","4":"format-standard","5":"has-post-thumbnail","7":"category-actualidad"},"aioseo_notices":[],"aioseo_head":"\n\t\t<!-- All in One SEO Pro 4.9.6.2 - aioseo.com -->\n\t<meta name=\"description\" content=\"M\u00fanich, 19 jul (dpa) - El presidente honor\u00edfico del Bayern de M\u00fanich, Franz Beckenbauer, se mostr\u00f3 hoy a favor de que Uli Hoeness retome las riendas del club muniqu\u00e9s, una vez que ya ha cumplido su condena por evasi\u00f3n fiscal. &quot;El Bayern necesita a Uli Hoeness y Uli Hoeness necesita al Bayern. Tambi\u00e9n en un club que\" \/>\n\t<meta name=\"robots\" content=\"max-image-preview:large\" \/>\n\t<meta name=\"author\" content=\"Cand\u00e1s 365\"\/>\n\t<meta name=\"google-site-verification\" content=\"UA-32230408-1\" \/>\n\t<meta name=\"msvalidate.01\" content=\"354F3CDFB2DA171B47FBE9ABF1F88D5\" \/>\n\t<meta name=\"keywords\" content=\"actualidad\" \/>\n\t<link rel=\"canonical\" href=\"https:\/\/candas365.es\/noticias\/beckenbauer-a-favor-de-que-hoeness-retome-la-presidencia-del-bayern\/\" \/>\n\t<meta name=\"generator\" content=\"All in One SEO Pro (AIOSEO) 4.9.6.2\" \/>\n\t\t<meta property=\"og:locale\" content=\"es_ES\" \/>\n\t\t<meta property=\"og:site_name\" content=\"Cand\u00e1s 365\" \/>\n\t\t<meta property=\"og:type\" content=\"article\" \/>\n\t\t<meta property=\"og:title\" content=\"Beckenbauer, a favor de que Hoeness retome la presidencia del Bayern | Cand\u00e1s 365\" \/>\n\t\t<meta property=\"og:description\" content=\"M\u00fanich, 19 jul (dpa) - El presidente honor\u00edfico del Bayern de M\u00fanich, Franz Beckenbauer, se mostr\u00f3 hoy a favor de que Uli Hoeness retome las riendas del club muniqu\u00e9s, una vez que ya ha cumplido su condena por evasi\u00f3n fiscal. &quot;El Bayern necesita a Uli Hoeness y Uli Hoeness necesita al Bayern. Tambi\u00e9n en un club que\" \/>\n\t\t<meta property=\"og:url\" content=\"https:\/\/candas365.es\/noticias\/beckenbauer-a-favor-de-que-hoeness-retome-la-presidencia-del-bayern\/\" \/>\n\t\t<meta property=\"og:image\" content=\"https:\/\/candas365.es\/noticias\/wp-content\/uploads\/2015\/12\/bayern.jpg\" \/>\n\t\t<meta property=\"og:image:secure_url\" content=\"https:\/\/candas365.es\/noticias\/wp-content\/uploads\/2015\/12\/bayern.jpg\" \/>\n\t\t<meta property=\"og:image:width\" content=\"655\" \/>\n\t\t<meta property=\"og:image:height\" content=\"360\" \/>\n\t\t<meta property=\"article:published_time\" content=\"2016-07-20T23:38:29+00:00\" \/>\n\t\t<meta property=\"article:modified_time\" content=\"2016-07-20T23:38:29+00:00\" \/>\n\t\t<meta property=\"article:publisher\" content=\"https:\/\/www.facebook.com\/Nachofdezber\" \/>\n\t\t<meta property=\"article:author\" content=\"https:\/\/www.facebook.com\/carrenoactualidad\" \/>\n\t\t<meta name=\"twitter:card\" content=\"summary_large_image\" \/>\n\t\t<meta name=\"twitter:site\" content=\"@NabercoDigital\" \/>\n\t\t<meta name=\"twitter:title\" content=\"Beckenbauer, a favor de que Hoeness retome la presidencia del Bayern | Cand\u00e1s 365\" \/>\n\t\t<meta name=\"twitter:description\" content=\"M\u00fanich, 19 jul (dpa) - El presidente honor\u00edfico del Bayern de M\u00fanich, Franz Beckenbauer, se mostr\u00f3 hoy a favor de que Uli Hoeness retome las riendas del club muniqu\u00e9s, una vez que ya ha cumplido su condena por evasi\u00f3n fiscal. &quot;El Bayern necesita a Uli Hoeness y Uli Hoeness necesita al Bayern. Tambi\u00e9n en un club que\" \/>\n\t\t<meta name=\"twitter:creator\" content=\"@nbasturias\" \/>\n\t\t<meta name=\"twitter:image\" content=\"https:\/\/candas365.es\/noticias\/wp-content\/uploads\/2015\/12\/bayern.jpg\" \/>\n\t\t<meta name=\"twitter:label1\" content=\"Escrito por\" \/>\n\t\t<meta name=\"twitter:data1\" content=\"Cand\u00e1s 365\" \/>\n\t\t<meta name=\"twitter:label2\" content=\"Tiempo de lectura estimado\" \/>\n\t\t<meta name=\"twitter:data2\" content=\"1 minuto\" \/>\n\t\t<script type=\"application\/ld+json\" class=\"aioseo-schema\">\n\t\t\t{\"@context\":\"https:\\\/\\\/schema.org\",\"@graph\":[{\"@type\":\"BreadcrumbList\",\"@id\":\"https:\\\/\\\/candas365.es\\\/noticias\\\/beckenbauer-a-favor-de-que-hoeness-retome-la-presidencia-del-bayern\\\/#breadcrumblist\",\"itemListElement\":[{\"@type\":\"ListItem\",\"@id\":\"https:\\\/\\\/candas365.es\\\/noticias#listItem\",\"position\":1,\"name\":\"Home\",\"item\":\"https:\\\/\\\/candas365.es\\\/noticias\",\"nextItem\":{\"@type\":\"ListItem\",\"@id\":\"https:\\\/\\\/candas365.es\\\/noticias\\\/category\\\/actualidad\\\/#listItem\",\"name\":\"Actualidad\"}},{\"@type\":\"ListItem\",\"@id\":\"https:\\\/\\\/candas365.es\\\/noticias\\\/category\\\/actualidad\\\/#listItem\",\"position\":2,\"name\":\"Actualidad\",\"item\":\"https:\\\/\\\/candas365.es\\\/noticias\\\/category\\\/actualidad\\\/\",\"nextItem\":{\"@type\":\"ListItem\",\"@id\":\"https:\\\/\\\/candas365.es\\\/noticias\\\/beckenbauer-a-favor-de-que-hoeness-retome-la-presidencia-del-bayern\\\/#listItem\",\"name\":\"Beckenbauer, a favor de que Hoeness retome la presidencia del Bayern\"},\"previousItem\":{\"@type\":\"ListItem\",\"@id\":\"https:\\\/\\\/candas365.es\\\/noticias#listItem\",\"name\":\"Home\"}},{\"@type\":\"ListItem\",\"@id\":\"https:\\\/\\\/candas365.es\\\/noticias\\\/beckenbauer-a-favor-de-que-hoeness-retome-la-presidencia-del-bayern\\\/#listItem\",\"position\":3,\"name\":\"Beckenbauer, a favor de que Hoeness retome la presidencia del Bayern\",\"previousItem\":{\"@type\":\"ListItem\",\"@id\":\"https:\\\/\\\/candas365.es\\\/noticias\\\/category\\\/actualidad\\\/#listItem\",\"name\":\"Actualidad\"}}]},{\"@type\":\"NewsArticle\",\"@id\":\"https:\\\/\\\/candas365.es\\\/noticias\\\/beckenbauer-a-favor-de-que-hoeness-retome-la-presidencia-del-bayern\\\/#newsarticle\",\"name\":\"Beckenbauer, a favor de que Hoeness retome la presidencia del Bayern | Cand\\u00e1s 365\",\"headline\":\"Beckenbauer, a favor de que Hoeness retome la presidencia del Bayern\",\"author\":{\"@id\":\"https:\\\/\\\/candas365.es\\\/noticias\\\/author\\\/admin\\\/#author\"},\"publisher\":{\"@id\":\"https:\\\/\\\/candas365.es\\\/noticias\\\/#organization\"},\"image\":{\"@type\":\"ImageObject\",\"url\":\"https:\\\/\\\/candas365.es\\\/noticias\\\/wp-content\\\/uploads\\\/2015\\\/12\\\/bayern.jpg\",\"width\":655,\"height\":360},\"datePublished\":\"2016-07-21T01:08:29+02:00\",\"dateModified\":\"2016-07-21T01:08:29+02:00\",\"inLanguage\":\"es-ES\",\"mainEntityOfPage\":{\"@id\":\"https:\\\/\\\/candas365.es\\\/noticias\\\/beckenbauer-a-favor-de-que-hoeness-retome-la-presidencia-del-bayern\\\/#webpage\"},\"isPartOf\":{\"@id\":\"https:\\\/\\\/candas365.es\\\/noticias\\\/beckenbauer-a-favor-de-que-hoeness-retome-la-presidencia-del-bayern\\\/#webpage\"},\"articleSection\":\"Actualidad\",\"dateline\":\"Publicado el julio 21, 2016.\"},{\"@type\":\"Organization\",\"@id\":\"https:\\\/\\\/candas365.es\\\/noticias\\\/#organization\",\"name\":\"Cand\\u00e1s 365\",\"description\":\"Cand\\u00e1s 365 es un diario digital independiente, fundado en 2012, con base en Asturias. Informamos con rigor sobre actualidad, sociedad, cultura y ocio, con una mirada local y global.\",\"url\":\"https:\\\/\\\/candas365.es\\\/noticias\\\/\",\"email\":\"info@candas365.es\",\"telephone\":\"+34652131393\",\"foundingDate\":\"2012-06-10\",\"logo\":{\"@type\":\"ImageObject\",\"url\":\"https:\\\/\\\/candas365.es\\\/noticias\\\/wp-content\\\/uploads\\\/2024\\\/09\\\/Candas-365-Redes.jpg\",\"@id\":\"https:\\\/\\\/candas365.es\\\/noticias\\\/beckenbauer-a-favor-de-que-hoeness-retome-la-presidencia-del-bayern\\\/#organizationLogo\",\"width\":1152,\"height\":864,\"caption\":\"Cand\\u00e1s 365 Redes\"},\"image\":{\"@id\":\"https:\\\/\\\/candas365.es\\\/noticias\\\/beckenbauer-a-favor-de-que-hoeness-retome-la-presidencia-del-bayern\\\/#organizationLogo\"},\"sameAs\":[\"https:\\\/\\\/www.facebook.com\\\/Nachofdezber\",\"https:\\\/\\\/x.com\\\/NabercoDigital\",\"https:\\\/\\\/www.instagram.com\\\/nachofdezber\\\/\",\"https:\\\/\\\/www.youtube.com\\\/channel\\\/UCZP-2wLEB9Rv6erhFmqVnvg\"],\"address\":{\"@id\":\"https:\\\/\\\/candas365.es\\\/noticias\\\/#postaladdress\",\"@type\":\"PostalAddress\",\"streetAddress\":\"san antonio 4, san antonio 4\",\"postalCode\":\"33430\",\"addressLocality\":\"Cand\\u00e1s\",\"addressRegion\":\"Asturias\",\"addressCountry\":\"ES\"}},{\"@type\":\"Person\",\"@id\":\"https:\\\/\\\/candas365.es\\\/noticias\\\/author\\\/admin\\\/#author\",\"url\":\"https:\\\/\\\/candas365.es\\\/noticias\\\/author\\\/admin\\\/\",\"name\":\"Cand\\u00e1s 365\",\"image\":{\"@type\":\"ImageObject\",\"@id\":\"https:\\\/\\\/candas365.es\\\/noticias\\\/beckenbauer-a-favor-de-que-hoeness-retome-la-presidencia-del-bayern\\\/#authorImage\",\"url\":\"https:\\\/\\\/secure.gravatar.com\\\/avatar\\\/496a8e03d0c493ede1718b7934145dbdf8d89be1036b0eec9544e1094c9de390?s=96&d=mm&r=g\",\"width\":96,\"height\":96,\"caption\":\"Cand\\u00e1s 365\"},\"sameAs\":[\"https:\\\/\\\/www.facebook.com\\\/carrenoactualidad\",\"https:\\\/\\\/twitter.com\\\/nbasturias\",\"https:\\\/\\\/www.instagram.com\\\/nachofdezber\\\/\",\"https:\\\/\\\/www.youtube.com\\\/channel\\\/UCZP-2wLEB9Rv6erhFmqVnvg\"]},{\"@type\":\"WebPage\",\"@id\":\"https:\\\/\\\/candas365.es\\\/noticias\\\/beckenbauer-a-favor-de-que-hoeness-retome-la-presidencia-del-bayern\\\/#webpage\",\"url\":\"https:\\\/\\\/candas365.es\\\/noticias\\\/beckenbauer-a-favor-de-que-hoeness-retome-la-presidencia-del-bayern\\\/\",\"name\":\"Beckenbauer, a favor de que Hoeness retome la presidencia del Bayern | Cand\\u00e1s 365\",\"description\":\"M\\u00fanich, 19 jul (dpa) - El presidente honor\\u00edfico del Bayern de M\\u00fanich, Franz Beckenbauer, se mostr\\u00f3 hoy a favor de que Uli Hoeness retome las riendas del club muniqu\\u00e9s, una vez que ya ha cumplido su condena por evasi\\u00f3n fiscal. \\\"El Bayern necesita a Uli Hoeness y Uli Hoeness necesita al Bayern. Tambi\\u00e9n en un club que\",\"inLanguage\":\"es-ES\",\"isPartOf\":{\"@id\":\"https:\\\/\\\/candas365.es\\\/noticias\\\/#website\"},\"breadcrumb\":{\"@id\":\"https:\\\/\\\/candas365.es\\\/noticias\\\/beckenbauer-a-favor-de-que-hoeness-retome-la-presidencia-del-bayern\\\/#breadcrumblist\"},\"author\":{\"@id\":\"https:\\\/\\\/candas365.es\\\/noticias\\\/author\\\/admin\\\/#author\"},\"creator\":{\"@id\":\"https:\\\/\\\/candas365.es\\\/noticias\\\/author\\\/admin\\\/#author\"},\"image\":{\"@type\":\"ImageObject\",\"url\":\"https:\\\/\\\/candas365.es\\\/noticias\\\/wp-content\\\/uploads\\\/2015\\\/12\\\/bayern.jpg\",\"@id\":\"https:\\\/\\\/candas365.es\\\/noticias\\\/beckenbauer-a-favor-de-que-hoeness-retome-la-presidencia-del-bayern\\\/#mainImage\",\"width\":655,\"height\":360},\"primaryImageOfPage\":{\"@id\":\"https:\\\/\\\/candas365.es\\\/noticias\\\/beckenbauer-a-favor-de-que-hoeness-retome-la-presidencia-del-bayern\\\/#mainImage\"},\"datePublished\":\"2016-07-21T01:08:29+02:00\",\"dateModified\":\"2016-07-21T01:08:29+02:00\"},{\"@type\":\"WebSite\",\"@id\":\"https:\\\/\\\/candas365.es\\\/noticias\\\/#website\",\"url\":\"https:\\\/\\\/candas365.es\\\/noticias\\\/\",\"name\":\"Cand\\u00e1s 365\",\"alternateName\":\"Cand\\u00e1s 365 Noticias\",\"description\":\"Actualidad desde Carre\\u00f1o para el mundo\",\"inLanguage\":\"es-ES\",\"publisher\":{\"@id\":\"https:\\\/\\\/candas365.es\\\/noticias\\\/#organization\"}}]}\n\t\t<\/script>\n\t\t<!-- All in One SEO Pro -->\r\n\t\t<title>Beckenbauer, a favor de que Hoeness retome la presidencia del Bayern | Cand\u00e1s 365<\/title>\n\n","aioseo_head_json":{"title":"Beckenbauer, a favor de que Hoeness retome la presidencia del Bayern | Cand\u00e1s 365","description":"M\u00fanich, 19 jul (dpa) - El presidente honor\u00edfico del Bayern de M\u00fanich, Franz Beckenbauer, se mostr\u00f3 hoy a favor de que Uli Hoeness retome las riendas del club muniqu\u00e9s, una vez que ya ha cumplido su condena por evasi\u00f3n fiscal. \"El Bayern necesita a Uli Hoeness y Uli Hoeness necesita al Bayern. Tambi\u00e9n en un club que","canonical_url":"https:\/\/candas365.es\/noticias\/beckenbauer-a-favor-de-que-hoeness-retome-la-presidencia-del-bayern\/","robots":"max-image-preview:large","keywords":"actualidad","webmasterTools":{"google-site-verification":"UA-32230408-1","msvalidate.01":"354F3CDFB2DA171B47FBE9ABF1F88D5","miscellaneous":""},"schema":{"@context":"https:\/\/schema.org","@graph":[{"@type":"BreadcrumbList","@id":"https:\/\/candas365.es\/noticias\/beckenbauer-a-favor-de-que-hoeness-retome-la-presidencia-del-bayern\/#breadcrumblist","itemListElement":[{"@type":"ListItem","@id":"https:\/\/candas365.es\/noticias#listItem","position":1,"name":"Home","item":"https:\/\/candas365.es\/noticias","nextItem":{"@type":"ListItem","@id":"https:\/\/candas365.es\/noticias\/category\/actualidad\/#listItem","name":"Actualidad"}},{"@type":"ListItem","@id":"https:\/\/candas365.es\/noticias\/category\/actualidad\/#listItem","position":2,"name":"Actualidad","item":"https:\/\/candas365.es\/noticias\/category\/actualidad\/","nextItem":{"@type":"ListItem","@id":"https:\/\/candas365.es\/noticias\/beckenbauer-a-favor-de-que-hoeness-retome-la-presidencia-del-bayern\/#listItem","name":"Beckenbauer, a favor de que Hoeness retome la presidencia del Bayern"},"previousItem":{"@type":"ListItem","@id":"https:\/\/candas365.es\/noticias#listItem","name":"Home"}},{"@type":"ListItem","@id":"https:\/\/candas365.es\/noticias\/beckenbauer-a-favor-de-que-hoeness-retome-la-presidencia-del-bayern\/#listItem","position":3,"name":"Beckenbauer, a favor de que Hoeness retome la presidencia del Bayern","previousItem":{"@type":"ListItem","@id":"https:\/\/candas365.es\/noticias\/category\/actualidad\/#listItem","name":"Actualidad"}}]},{"@type":"NewsArticle","@id":"https:\/\/candas365.es\/noticias\/beckenbauer-a-favor-de-que-hoeness-retome-la-presidencia-del-bayern\/#newsarticle","name":"Beckenbauer, a favor de que Hoeness retome la presidencia del Bayern | Cand\u00e1s 365","headline":"Beckenbauer, a favor de que Hoeness retome la presidencia del Bayern","author":{"@id":"https:\/\/candas365.es\/noticias\/author\/admin\/#author"},"publisher":{"@id":"https:\/\/candas365.es\/noticias\/#organization"},"image":{"@type":"ImageObject","url":"https:\/\/candas365.es\/noticias\/wp-content\/uploads\/2015\/12\/bayern.jpg","width":655,"height":360},"datePublished":"2016-07-21T01:08:29+02:00","dateModified":"2016-07-21T01:08:29+02:00","inLanguage":"es-ES","mainEntityOfPage":{"@id":"https:\/\/candas365.es\/noticias\/beckenbauer-a-favor-de-que-hoeness-retome-la-presidencia-del-bayern\/#webpage"},"isPartOf":{"@id":"https:\/\/candas365.es\/noticias\/beckenbauer-a-favor-de-que-hoeness-retome-la-presidencia-del-bayern\/#webpage"},"articleSection":"Actualidad","dateline":"Publicado el julio 21, 2016."},{"@type":"Organization","@id":"https:\/\/candas365.es\/noticias\/#organization","name":"Cand\u00e1s 365","description":"Cand\u00e1s 365 es un diario digital independiente, fundado en 2012, con base en Asturias. Informamos con rigor sobre actualidad, sociedad, cultura y ocio, con una mirada local y global.","url":"https:\/\/candas365.es\/noticias\/","email":"info@candas365.es","telephone":"+34652131393","foundingDate":"2012-06-10","logo":{"@type":"ImageObject","url":"https:\/\/candas365.es\/noticias\/wp-content\/uploads\/2024\/09\/Candas-365-Redes.jpg","@id":"https:\/\/candas365.es\/noticias\/beckenbauer-a-favor-de-que-hoeness-retome-la-presidencia-del-bayern\/#organizationLogo","width":1152,"height":864,"caption":"Cand\u00e1s 365 Redes"},"image":{"@id":"https:\/\/candas365.es\/noticias\/beckenbauer-a-favor-de-que-hoeness-retome-la-presidencia-del-bayern\/#organizationLogo"},"sameAs":["https:\/\/www.facebook.com\/Nachofdezber","https:\/\/x.com\/NabercoDigital","https:\/\/www.instagram.com\/nachofdezber\/","https:\/\/www.youtube.com\/channel\/UCZP-2wLEB9Rv6erhFmqVnvg"],"address":{"@id":"https:\/\/candas365.es\/noticias\/#postaladdress","@type":"PostalAddress","streetAddress":"san antonio 4, san antonio 4","postalCode":"33430","addressLocality":"Cand\u00e1s","addressRegion":"Asturias","addressCountry":"ES"}},{"@type":"Person","@id":"https:\/\/candas365.es\/noticias\/author\/admin\/#author","url":"https:\/\/candas365.es\/noticias\/author\/admin\/","name":"Cand\u00e1s 365","image":{"@type":"ImageObject","@id":"https:\/\/candas365.es\/noticias\/beckenbauer-a-favor-de-que-hoeness-retome-la-presidencia-del-bayern\/#authorImage","url":"https:\/\/secure.gravatar.com\/avatar\/496a8e03d0c493ede1718b7934145dbdf8d89be1036b0eec9544e1094c9de390?s=96&d=mm&r=g","width":96,"height":96,"caption":"Cand\u00e1s 365"},"sameAs":["https:\/\/www.facebook.com\/carrenoactualidad","https:\/\/twitter.com\/nbasturias","https:\/\/www.instagram.com\/nachofdezber\/","https:\/\/www.youtube.com\/channel\/UCZP-2wLEB9Rv6erhFmqVnvg"]},{"@type":"WebPage","@id":"https:\/\/candas365.es\/noticias\/beckenbauer-a-favor-de-que-hoeness-retome-la-presidencia-del-bayern\/#webpage","url":"https:\/\/candas365.es\/noticias\/beckenbauer-a-favor-de-que-hoeness-retome-la-presidencia-del-bayern\/","name":"Beckenbauer, a favor de que Hoeness retome la presidencia del Bayern | Cand\u00e1s 365","description":"M\u00fanich, 19 jul (dpa) - El presidente honor\u00edfico del Bayern de M\u00fanich, Franz Beckenbauer, se mostr\u00f3 hoy a favor de que Uli Hoeness retome las riendas del club muniqu\u00e9s, una vez que ya ha cumplido su condena por evasi\u00f3n fiscal. \"El Bayern necesita a Uli Hoeness y Uli Hoeness necesita al Bayern. Tambi\u00e9n en un club que","inLanguage":"es-ES","isPartOf":{"@id":"https:\/\/candas365.es\/noticias\/#website"},"breadcrumb":{"@id":"https:\/\/candas365.es\/noticias\/beckenbauer-a-favor-de-que-hoeness-retome-la-presidencia-del-bayern\/#breadcrumblist"},"author":{"@id":"https:\/\/candas365.es\/noticias\/author\/admin\/#author"},"creator":{"@id":"https:\/\/candas365.es\/noticias\/author\/admin\/#author"},"image":{"@type":"ImageObject","url":"https:\/\/candas365.es\/noticias\/wp-content\/uploads\/2015\/12\/bayern.jpg","@id":"https:\/\/candas365.es\/noticias\/beckenbauer-a-favor-de-que-hoeness-retome-la-presidencia-del-bayern\/#mainImage","width":655,"height":360},"primaryImageOfPage":{"@id":"https:\/\/candas365.es\/noticias\/beckenbauer-a-favor-de-que-hoeness-retome-la-presidencia-del-bayern\/#mainImage"},"datePublished":"2016-07-21T01:08:29+02:00","dateModified":"2016-07-21T01:08:29+02:00"},{"@type":"WebSite","@id":"https:\/\/candas365.es\/noticias\/#website","url":"https:\/\/candas365.es\/noticias\/","name":"Cand\u00e1s 365","alternateName":"Cand\u00e1s 365 Noticias","description":"Actualidad desde Carre\u00f1o para el mundo","inLanguage":"es-ES","publisher":{"@id":"https:\/\/candas365.es\/noticias\/#organization"}}]},"og:locale":"es_ES","og:site_name":"Cand\u00e1s 365","og:type":"article","og:title":"Beckenbauer, a favor de que Hoeness retome la presidencia del Bayern | Cand\u00e1s 365","og:description":"M\u00fanich, 19 jul (dpa) - El presidente honor\u00edfico del Bayern de M\u00fanich, Franz Beckenbauer, se mostr\u00f3 hoy a favor de que Uli Hoeness retome las riendas del club muniqu\u00e9s, una vez que ya ha cumplido su condena por evasi\u00f3n fiscal. &quot;El Bayern necesita a Uli Hoeness y Uli Hoeness necesita al Bayern. Tambi\u00e9n en un club que","og:url":"https:\/\/candas365.es\/noticias\/beckenbauer-a-favor-de-que-hoeness-retome-la-presidencia-del-bayern\/","og:image":"https:\/\/candas365.es\/noticias\/wp-content\/uploads\/2015\/12\/bayern.jpg","og:image:secure_url":"https:\/\/candas365.es\/noticias\/wp-content\/uploads\/2015\/12\/bayern.jpg","og:image:width":655,"og:image:height":360,"article:published_time":"2016-07-20T23:38:29+00:00","article:modified_time":"2016-07-20T23:38:29+00:00","article:publisher":"https:\/\/www.facebook.com\/Nachofdezber","article:author":"https:\/\/www.facebook.com\/carrenoactualidad","twitter:card":"summary_large_image","twitter:site":"@NabercoDigital","twitter:title":"Beckenbauer, a favor de que Hoeness retome la presidencia del Bayern | Cand\u00e1s 365","twitter:description":"M\u00fanich, 19 jul (dpa) - El presidente honor\u00edfico del Bayern de M\u00fanich, Franz Beckenbauer, se mostr\u00f3 hoy a favor de que Uli Hoeness retome las riendas del club muniqu\u00e9s, una vez que ya ha cumplido su condena por evasi\u00f3n fiscal. &quot;El Bayern necesita a Uli Hoeness y Uli Hoeness necesita al Bayern. Tambi\u00e9n en un club que","twitter:creator":"@nbasturias","twitter:image":"https:\/\/candas365.es\/noticias\/wp-content\/uploads\/2015\/12\/bayern.jpg","twitter:label1":"Escrito por","twitter:data1":"Cand\u00e1s 365","twitter:label2":"Tiempo de lectura estimado","twitter:data2":"1 minuto"},"aioseo_meta_data":{"post_id":"32353","title":null,"description":null,"keywords":null,"keyphrases":null,"primary_term":null,"canonical_url":null,"og_title":null,"og_description":null,"og_object_type":"default","og_image_type":"default","og_image_url":null,"og_image_width":null,"og_image_height":null,"og_image_custom_url":null,"og_image_custom_fields":null,"og_video":null,"og_custom_url":null,"og_article_section":null,"og_article_tags":null,"twitter_use_og":false,"twitter_card":"default","twitter_image_type":"default","twitter_image_url":null,"twitter_image_custom_url":null,"twitter_image_custom_fields":null,"twitter_title":null,"twitter_description":null,"schema":{"blockGraphs":[],"customGraphs":[],"default":{"data":{"Article":[],"Course":[],"Dataset":[],"FAQPage":[],"Movie":[],"Person":[],"Product":[],"ProductReview":[],"Car":[],"Recipe":[],"Service":[],"SoftwareApplication":[],"WebPage":[]},"graphName":"","isEnabled":true},"graphs":[],"defaultGraph":"","defaultPostTypeGraph":""},"schema_type":null,"schema_type_options":null,"pillar_content":false,"robots_default":true,"robots_noindex":false,"robots_noarchive":false,"robots_nosnippet":false,"robots_nofollow":false,"robots_noimageindex":false,"robots_noodp":false,"robots_notranslate":false,"robots_max_snippet":null,"robots_max_videopreview":null,"robots_max_imagepreview":"large","priority":null,"frequency":null,"location":null,"local_seo":null,"seo_analyzer_scan_date":"2025-08-24 15:15:10","breadcrumb_settings":null,"limit_modified_date":false,"reviewed_by":null,"open_ai":null,"ai":null,"created":"2020-12-21 13:03:40","updated":"2025-08-24 15:15:10"},"aioseo_breadcrumb":"<div class=\"aioseo-breadcrumbs\"><span class=\"aioseo-breadcrumb\">\n\t<a href=\"https:\/\/candas365.es\/noticias\" title=\"Home\">Home<\/a>\n<\/span><span class=\"aioseo-breadcrumb-separator\">&ndash;<\/span><span class=\"aioseo-breadcrumb\">\n\t<a href=\"https:\/\/candas365.es\/noticias\/category\/actualidad\/\" title=\"Actualidad\">Actualidad<\/a>\n<\/span><span class=\"aioseo-breadcrumb-separator\">&ndash;<\/span><span class=\"aioseo-breadcrumb\">\n\tBeckenbauer, a favor de que Hoeness retome la presidencia del Bayern\n<\/span><\/div>","aioseo_breadcrumb_json":[{"label":"Home","link":"https:\/\/candas365.es\/noticias"},{"label":"Actualidad","link":"https:\/\/candas365.es\/noticias\/category\/actualidad\/"},{"label":"Beckenbauer, a favor de que Hoeness retome la presidencia del Bayern","link":"https:\/\/candas365.es\/noticias\/beckenbauer-a-favor-de-que-hoeness-retome-la-presidencia-del-bayern\/"}],"_links":{"self":[{"href":"https:\/\/candas365.es\/noticias\/wp-json\/wp\/v2\/posts\/32353","targetHints":{"allow":["GET"]}}],"collection":[{"href":"https:\/\/candas365.es\/noticias\/wp-json\/wp\/v2\/posts"}],"about":[{"href":"https:\/\/candas365.es\/noticias\/wp-json\/wp\/v2\/types\/post"}],"author":[{"embeddable":true,"href":"https:\/\/candas365.es\/noticias\/wp-json\/wp\/v2\/users\/1"}],"replies":[{"embeddable":true,"href":"https:\/\/candas365.es\/noticias\/wp-json\/wp\/v2\/comments?post=32353"}],"version-history":[{"count":0,"href":"https:\/\/candas365.es\/noticias\/wp-json\/wp\/v2\/posts\/32353\/revisions"}],"wp:featuredmedia":[{"embeddable":true,"href":"https:\/\/candas365.es\/noticias\/wp-json\/wp\/v2\/media\/21654"}],"wp:attachment":[{"href":"https:\/\/candas365.es\/noticias\/wp-json\/wp\/v2\/media?parent=32353"}],"wp:term":[{"taxonomy":"category","embeddable":true,"href":"https:\/\/candas365.es\/noticias\/wp-json\/wp\/v2\/categories?post=32353"},{"taxonomy":"post_tag","embeddable":true,"href":"https:\/\/candas365.es\/noticias\/wp-json\/wp\/v2\/tags?post=32353"}],"curies":[{"name":"wp","href":"https:\/\/api.w.org\/{rel}","templated":true}]}}