{"id":32349,"date":"2016-07-21T01:06:06","date_gmt":"2016-07-20T23:36:06","guid":{"rendered":"http:\/\/candas365.es\/noticias\/?p=32349"},"modified":"2016-07-21T01:06:06","modified_gmt":"2016-07-20T23:36:06","slug":"la-fiscalia-alemana-acuso-a-jefe-de-estacion-de-causar-accidente-ferroviario","status":"publish","type":"post","link":"https:\/\/candas365.es\/noticias\/la-fiscalia-alemana-acuso-a-jefe-de-estacion-de-causar-accidente-ferroviario\/","title":{"rendered":"La fiscal\u00eda alemana acus\u00f3 a jefe de estaci\u00f3n de causar accidente ferroviario"},"content":{"rendered":"<p><span class=\"dateline\">Bad Aibling (Alemania), 19 jul <span class=\"credit\">(dpa)<\/span> &#8211; <\/span>La fiscal\u00eda alemana acus\u00f3 este lunes formalmente a un jefe de estaci\u00f3n de haber causado el accidente ferroviario que acab\u00f3 con la vida de 12 personas en el sur del pa\u00eds en febrero pasado.<\/p>\n<p>El hombre de 39 a\u00f1os est\u00e1 acusado de homicidio imprudente en 12 casos y lesiones corporales en 89 casos, al parecer por haber estado jugando con su tel\u00e9fono m\u00f3vil.<\/p>\n<p>La fiscal\u00eda comunic\u00f3 que existe la sospecha \u00abde que el jefe de estaci\u00f3n estuvo distra\u00eddo por el uso de un juego de computadora en Internet hasta inmediatamente antes de la colisi\u00f3n de los trenes, contraviniendo el reglamento\u00bb.<\/p>\n<p>\u00abSi hubiera actuado conforme las reglas, conforme su deber, esta colisi\u00f3n no habr\u00eda ocurrido\u00bb, se\u00f1ala la acusaci\u00f3n.<\/p>\n<p>Dos trenes suburbanos chocaron frontalmente cerca de la ciudad de Bad Aibling, al sur de M\u00fanich, despu\u00e9s de que quedara aparentemente desactivado el sistema de freno autom\u00e1tico que previene choques en esta v\u00eda.<\/p>\n<p>El accidente, ocurrido en la ma\u00f1ana del 9 de febrero, caus\u00f3 la muerte de 12 personas y heridas a 89.<\/p>\n<p>De acuerdo con las investigaciones, el jefe de estaci\u00f3n de Bad Aibling permiti\u00f3 el paso de ambos trenes en la v\u00eda \u00fanica al enviar una se\u00f1al indebida. Tras recibirla, uno de los dos convoyes, que ten\u00eda entre tres y cuatro minutos de retraso, se puso en marcha cuando no debi\u00f3 haberlo hecho.<\/p>\n<p>Al percatarse del error, el jefe de estaci\u00f3n lanz\u00f3 una se\u00f1al de emergencia, pero \u00e9sta no fue tenida en cuenta por los maquinistas, que figuran entre los fallecidos.<\/p>\n<p>El acusado, cuya identidad est\u00e1 protegida por las leyes alemanas de privacidad, se neg\u00f3 a testificar en un primer momento pero m\u00e1s tarde ofreci\u00f3 una declaraci\u00f3n. Se encuentra en prisi\u00f3n preventiva.<\/p>\n<p>El hecho de que el accidente se produjese justamente en un feriado de carnaval evit\u00f3 que el n\u00famero de v\u00edctimas fuese m\u00e1s alto. El trayecto es frecuentado por las ma\u00f1anas por muchos ni\u00f1os y adolescentes que van a la escuela.<\/p>\n<p>&nbsp;<\/p>\n","protected":false},"excerpt":{"rendered":"<p>Bad Aibling (Alemania), 19 jul (dpa) &#8211; La fiscal\u00eda alemana acus\u00f3 este lunes formalmente a un jefe de estaci\u00f3n de haber causado el accidente ferroviario que acab\u00f3 con la vida de 12 personas en el sur del pa\u00eds en febrero pasado. El hombre de 39 a\u00f1os est\u00e1 acusado de homicidio imprudente en 12 casos y<\/p>\n","protected":false},"author":1,"featured_media":16457,"comment_status":"closed","ping_status":"closed","sticky":false,"template":"","format":"standard","meta":{"footnotes":""},"categories":[343],"tags":[],"class_list":{"0":"post-32349","1":"post","2":"type-post","3":"status-publish","4":"format-standard","5":"has-post-thumbnail","7":"category-actualidad"},"aioseo_notices":[],"aioseo_head":"\n\t\t<!-- All in One SEO Pro 4.9.6.2 - aioseo.com -->\n\t<meta name=\"description\" content=\"Bad Aibling (Alemania), 19 jul (dpa) - La fiscal\u00eda alemana acus\u00f3 este lunes formalmente a un jefe de estaci\u00f3n de haber causado el accidente ferroviario que acab\u00f3 con la vida de 12 personas en el sur del pa\u00eds en febrero pasado. El hombre de 39 a\u00f1os est\u00e1 acusado de homicidio imprudente en 12 casos y\" \/>\n\t<meta name=\"robots\" content=\"max-image-preview:large\" \/>\n\t<meta name=\"author\" content=\"Cand\u00e1s 365\"\/>\n\t<meta name=\"google-site-verification\" content=\"UA-32230408-1\" \/>\n\t<meta name=\"msvalidate.01\" content=\"354F3CDFB2DA171B47FBE9ABF1F88D5\" \/>\n\t<meta name=\"keywords\" content=\"actualidad\" \/>\n\t<link rel=\"canonical\" href=\"https:\/\/candas365.es\/noticias\/la-fiscalia-alemana-acuso-a-jefe-de-estacion-de-causar-accidente-ferroviario\/\" \/>\n\t<meta name=\"generator\" content=\"All in One SEO Pro (AIOSEO) 4.9.6.2\" \/>\n\t\t<meta property=\"og:locale\" content=\"es_ES\" \/>\n\t\t<meta property=\"og:site_name\" content=\"Cand\u00e1s 365\" \/>\n\t\t<meta property=\"og:type\" content=\"article\" \/>\n\t\t<meta property=\"og:title\" content=\"La fiscal\u00eda alemana acus\u00f3 a jefe de estaci\u00f3n de causar accidente ferroviario | Cand\u00e1s 365\" \/>\n\t\t<meta property=\"og:description\" content=\"Bad Aibling (Alemania), 19 jul (dpa) - La fiscal\u00eda alemana acus\u00f3 este lunes formalmente a un jefe de estaci\u00f3n de haber causado el accidente ferroviario que acab\u00f3 con la vida de 12 personas en el sur del pa\u00eds en febrero pasado. El hombre de 39 a\u00f1os est\u00e1 acusado de homicidio imprudente en 12 casos y\" \/>\n\t\t<meta property=\"og:url\" content=\"https:\/\/candas365.es\/noticias\/la-fiscalia-alemana-acuso-a-jefe-de-estacion-de-causar-accidente-ferroviario\/\" \/>\n\t\t<meta property=\"og:image\" content=\"https:\/\/candas365.es\/noticias\/wp-content\/uploads\/2015\/09\/c365noticias.jpg\" \/>\n\t\t<meta property=\"og:image:secure_url\" content=\"https:\/\/candas365.es\/noticias\/wp-content\/uploads\/2015\/09\/c365noticias.jpg\" \/>\n\t\t<meta property=\"og:image:width\" content=\"655\" \/>\n\t\t<meta property=\"og:image:height\" content=\"360\" \/>\n\t\t<meta property=\"article:published_time\" content=\"2016-07-20T23:36:06+00:00\" \/>\n\t\t<meta property=\"article:modified_time\" content=\"2016-07-20T23:36:06+00:00\" \/>\n\t\t<meta property=\"article:publisher\" content=\"https:\/\/www.facebook.com\/Nachofdezber\" \/>\n\t\t<meta property=\"article:author\" content=\"https:\/\/www.facebook.com\/carrenoactualidad\" \/>\n\t\t<meta name=\"twitter:card\" content=\"summary_large_image\" \/>\n\t\t<meta name=\"twitter:site\" content=\"@NabercoDigital\" \/>\n\t\t<meta name=\"twitter:title\" content=\"La fiscal\u00eda alemana acus\u00f3 a jefe de estaci\u00f3n de causar accidente ferroviario | Cand\u00e1s 365\" \/>\n\t\t<meta name=\"twitter:description\" content=\"Bad Aibling (Alemania), 19 jul (dpa) - La fiscal\u00eda alemana acus\u00f3 este lunes formalmente a un jefe de estaci\u00f3n de haber causado el accidente ferroviario que acab\u00f3 con la vida de 12 personas en el sur del pa\u00eds en febrero pasado. El hombre de 39 a\u00f1os est\u00e1 acusado de homicidio imprudente en 12 casos y\" \/>\n\t\t<meta name=\"twitter:creator\" content=\"@nbasturias\" \/>\n\t\t<meta name=\"twitter:image\" content=\"https:\/\/candas365.es\/noticias\/wp-content\/uploads\/2015\/09\/c365noticias.jpg\" \/>\n\t\t<meta name=\"twitter:label1\" content=\"Escrito por\" \/>\n\t\t<meta name=\"twitter:data1\" content=\"Cand\u00e1s 365\" \/>\n\t\t<meta name=\"twitter:label2\" content=\"Tiempo de lectura estimado\" \/>\n\t\t<meta name=\"twitter:data2\" content=\"2 minutos\" \/>\n\t\t<script type=\"application\/ld+json\" class=\"aioseo-schema\">\n\t\t\t{\"@context\":\"https:\\\/\\\/schema.org\",\"@graph\":[{\"@type\":\"BreadcrumbList\",\"@id\":\"https:\\\/\\\/candas365.es\\\/noticias\\\/la-fiscalia-alemana-acuso-a-jefe-de-estacion-de-causar-accidente-ferroviario\\\/#breadcrumblist\",\"itemListElement\":[{\"@type\":\"ListItem\",\"@id\":\"https:\\\/\\\/candas365.es\\\/noticias#listItem\",\"position\":1,\"name\":\"Home\",\"item\":\"https:\\\/\\\/candas365.es\\\/noticias\",\"nextItem\":{\"@type\":\"ListItem\",\"@id\":\"https:\\\/\\\/candas365.es\\\/noticias\\\/category\\\/actualidad\\\/#listItem\",\"name\":\"Actualidad\"}},{\"@type\":\"ListItem\",\"@id\":\"https:\\\/\\\/candas365.es\\\/noticias\\\/category\\\/actualidad\\\/#listItem\",\"position\":2,\"name\":\"Actualidad\",\"item\":\"https:\\\/\\\/candas365.es\\\/noticias\\\/category\\\/actualidad\\\/\",\"nextItem\":{\"@type\":\"ListItem\",\"@id\":\"https:\\\/\\\/candas365.es\\\/noticias\\\/la-fiscalia-alemana-acuso-a-jefe-de-estacion-de-causar-accidente-ferroviario\\\/#listItem\",\"name\":\"La fiscal\\u00eda alemana acus\\u00f3 a jefe de estaci\\u00f3n de causar accidente ferroviario\"},\"previousItem\":{\"@type\":\"ListItem\",\"@id\":\"https:\\\/\\\/candas365.es\\\/noticias#listItem\",\"name\":\"Home\"}},{\"@type\":\"ListItem\",\"@id\":\"https:\\\/\\\/candas365.es\\\/noticias\\\/la-fiscalia-alemana-acuso-a-jefe-de-estacion-de-causar-accidente-ferroviario\\\/#listItem\",\"position\":3,\"name\":\"La fiscal\\u00eda alemana acus\\u00f3 a jefe de estaci\\u00f3n de causar accidente ferroviario\",\"previousItem\":{\"@type\":\"ListItem\",\"@id\":\"https:\\\/\\\/candas365.es\\\/noticias\\\/category\\\/actualidad\\\/#listItem\",\"name\":\"Actualidad\"}}]},{\"@type\":\"NewsArticle\",\"@id\":\"https:\\\/\\\/candas365.es\\\/noticias\\\/la-fiscalia-alemana-acuso-a-jefe-de-estacion-de-causar-accidente-ferroviario\\\/#newsarticle\",\"name\":\"La fiscal\\u00eda alemana acus\\u00f3 a jefe de estaci\\u00f3n de causar accidente ferroviario | Cand\\u00e1s 365\",\"headline\":\"La fiscal\\u00eda alemana acus\\u00f3 a jefe de estaci\\u00f3n de causar accidente ferroviario\",\"author\":{\"@id\":\"https:\\\/\\\/candas365.es\\\/noticias\\\/author\\\/admin\\\/#author\"},\"publisher\":{\"@id\":\"https:\\\/\\\/candas365.es\\\/noticias\\\/#organization\"},\"image\":{\"@type\":\"ImageObject\",\"url\":\"https:\\\/\\\/candas365.es\\\/noticias\\\/wp-content\\\/uploads\\\/2015\\\/09\\\/c365noticias.jpg\",\"width\":655,\"height\":360},\"datePublished\":\"2016-07-21T01:06:06+02:00\",\"dateModified\":\"2016-07-21T01:06:06+02:00\",\"inLanguage\":\"es-ES\",\"mainEntityOfPage\":{\"@id\":\"https:\\\/\\\/candas365.es\\\/noticias\\\/la-fiscalia-alemana-acuso-a-jefe-de-estacion-de-causar-accidente-ferroviario\\\/#webpage\"},\"isPartOf\":{\"@id\":\"https:\\\/\\\/candas365.es\\\/noticias\\\/la-fiscalia-alemana-acuso-a-jefe-de-estacion-de-causar-accidente-ferroviario\\\/#webpage\"},\"articleSection\":\"Actualidad\",\"dateline\":\"Publicado el julio 21, 2016.\"},{\"@type\":\"Organization\",\"@id\":\"https:\\\/\\\/candas365.es\\\/noticias\\\/#organization\",\"name\":\"Cand\\u00e1s 365\",\"description\":\"Cand\\u00e1s 365 es un diario digital independiente, fundado en 2012, con base en Asturias. Informamos con rigor sobre actualidad, sociedad, cultura y ocio, con una mirada local y global.\",\"url\":\"https:\\\/\\\/candas365.es\\\/noticias\\\/\",\"email\":\"info@candas365.es\",\"telephone\":\"+34652131393\",\"foundingDate\":\"2012-06-10\",\"logo\":{\"@type\":\"ImageObject\",\"url\":\"https:\\\/\\\/candas365.es\\\/noticias\\\/wp-content\\\/uploads\\\/2024\\\/09\\\/Candas-365-Redes.jpg\",\"@id\":\"https:\\\/\\\/candas365.es\\\/noticias\\\/la-fiscalia-alemana-acuso-a-jefe-de-estacion-de-causar-accidente-ferroviario\\\/#organizationLogo\",\"width\":1152,\"height\":864,\"caption\":\"Cand\\u00e1s 365 Redes\"},\"image\":{\"@id\":\"https:\\\/\\\/candas365.es\\\/noticias\\\/la-fiscalia-alemana-acuso-a-jefe-de-estacion-de-causar-accidente-ferroviario\\\/#organizationLogo\"},\"sameAs\":[\"https:\\\/\\\/www.facebook.com\\\/Nachofdezber\",\"https:\\\/\\\/x.com\\\/NabercoDigital\",\"https:\\\/\\\/www.instagram.com\\\/nachofdezber\\\/\",\"https:\\\/\\\/www.youtube.com\\\/channel\\\/UCZP-2wLEB9Rv6erhFmqVnvg\"],\"address\":{\"@id\":\"https:\\\/\\\/candas365.es\\\/noticias\\\/#postaladdress\",\"@type\":\"PostalAddress\",\"streetAddress\":\"san antonio 4, san antonio 4\",\"postalCode\":\"33430\",\"addressLocality\":\"Cand\\u00e1s\",\"addressRegion\":\"Asturias\",\"addressCountry\":\"ES\"}},{\"@type\":\"Person\",\"@id\":\"https:\\\/\\\/candas365.es\\\/noticias\\\/author\\\/admin\\\/#author\",\"url\":\"https:\\\/\\\/candas365.es\\\/noticias\\\/author\\\/admin\\\/\",\"name\":\"Cand\\u00e1s 365\",\"image\":{\"@type\":\"ImageObject\",\"@id\":\"https:\\\/\\\/candas365.es\\\/noticias\\\/la-fiscalia-alemana-acuso-a-jefe-de-estacion-de-causar-accidente-ferroviario\\\/#authorImage\",\"url\":\"https:\\\/\\\/secure.gravatar.com\\\/avatar\\\/496a8e03d0c493ede1718b7934145dbdf8d89be1036b0eec9544e1094c9de390?s=96&d=mm&r=g\",\"width\":96,\"height\":96,\"caption\":\"Cand\\u00e1s 365\"},\"sameAs\":[\"https:\\\/\\\/www.facebook.com\\\/carrenoactualidad\",\"https:\\\/\\\/twitter.com\\\/nbasturias\",\"https:\\\/\\\/www.instagram.com\\\/nachofdezber\\\/\",\"https:\\\/\\\/www.youtube.com\\\/channel\\\/UCZP-2wLEB9Rv6erhFmqVnvg\"]},{\"@type\":\"WebPage\",\"@id\":\"https:\\\/\\\/candas365.es\\\/noticias\\\/la-fiscalia-alemana-acuso-a-jefe-de-estacion-de-causar-accidente-ferroviario\\\/#webpage\",\"url\":\"https:\\\/\\\/candas365.es\\\/noticias\\\/la-fiscalia-alemana-acuso-a-jefe-de-estacion-de-causar-accidente-ferroviario\\\/\",\"name\":\"La fiscal\\u00eda alemana acus\\u00f3 a jefe de estaci\\u00f3n de causar accidente ferroviario | Cand\\u00e1s 365\",\"description\":\"Bad Aibling (Alemania), 19 jul (dpa) - La fiscal\\u00eda alemana acus\\u00f3 este lunes formalmente a un jefe de estaci\\u00f3n de haber causado el accidente ferroviario que acab\\u00f3 con la vida de 12 personas en el sur del pa\\u00eds en febrero pasado. El hombre de 39 a\\u00f1os est\\u00e1 acusado de homicidio imprudente en 12 casos y\",\"inLanguage\":\"es-ES\",\"isPartOf\":{\"@id\":\"https:\\\/\\\/candas365.es\\\/noticias\\\/#website\"},\"breadcrumb\":{\"@id\":\"https:\\\/\\\/candas365.es\\\/noticias\\\/la-fiscalia-alemana-acuso-a-jefe-de-estacion-de-causar-accidente-ferroviario\\\/#breadcrumblist\"},\"author\":{\"@id\":\"https:\\\/\\\/candas365.es\\\/noticias\\\/author\\\/admin\\\/#author\"},\"creator\":{\"@id\":\"https:\\\/\\\/candas365.es\\\/noticias\\\/author\\\/admin\\\/#author\"},\"image\":{\"@type\":\"ImageObject\",\"url\":\"https:\\\/\\\/candas365.es\\\/noticias\\\/wp-content\\\/uploads\\\/2015\\\/09\\\/c365noticias.jpg\",\"@id\":\"https:\\\/\\\/candas365.es\\\/noticias\\\/la-fiscalia-alemana-acuso-a-jefe-de-estacion-de-causar-accidente-ferroviario\\\/#mainImage\",\"width\":655,\"height\":360},\"primaryImageOfPage\":{\"@id\":\"https:\\\/\\\/candas365.es\\\/noticias\\\/la-fiscalia-alemana-acuso-a-jefe-de-estacion-de-causar-accidente-ferroviario\\\/#mainImage\"},\"datePublished\":\"2016-07-21T01:06:06+02:00\",\"dateModified\":\"2016-07-21T01:06:06+02:00\"},{\"@type\":\"WebSite\",\"@id\":\"https:\\\/\\\/candas365.es\\\/noticias\\\/#website\",\"url\":\"https:\\\/\\\/candas365.es\\\/noticias\\\/\",\"name\":\"Cand\\u00e1s 365\",\"alternateName\":\"Cand\\u00e1s 365 Noticias\",\"description\":\"Actualidad desde Carre\\u00f1o para el mundo\",\"inLanguage\":\"es-ES\",\"publisher\":{\"@id\":\"https:\\\/\\\/candas365.es\\\/noticias\\\/#organization\"}}]}\n\t\t<\/script>\n\t\t<!-- All in One SEO Pro -->\r\n\t\t<title>La fiscal\u00eda alemana acus\u00f3 a jefe de estaci\u00f3n de causar accidente ferroviario | Cand\u00e1s 365<\/title>\n\n","aioseo_head_json":{"title":"La fiscal\u00eda alemana acus\u00f3 a jefe de estaci\u00f3n de causar accidente ferroviario | Cand\u00e1s 365","description":"Bad Aibling (Alemania), 19 jul (dpa) - La fiscal\u00eda alemana acus\u00f3 este lunes formalmente a un jefe de estaci\u00f3n de haber causado el accidente ferroviario que acab\u00f3 con la vida de 12 personas en el sur del pa\u00eds en febrero pasado. El hombre de 39 a\u00f1os est\u00e1 acusado de homicidio imprudente en 12 casos y","canonical_url":"https:\/\/candas365.es\/noticias\/la-fiscalia-alemana-acuso-a-jefe-de-estacion-de-causar-accidente-ferroviario\/","robots":"max-image-preview:large","keywords":"actualidad","webmasterTools":{"google-site-verification":"UA-32230408-1","msvalidate.01":"354F3CDFB2DA171B47FBE9ABF1F88D5","miscellaneous":""},"schema":{"@context":"https:\/\/schema.org","@graph":[{"@type":"BreadcrumbList","@id":"https:\/\/candas365.es\/noticias\/la-fiscalia-alemana-acuso-a-jefe-de-estacion-de-causar-accidente-ferroviario\/#breadcrumblist","itemListElement":[{"@type":"ListItem","@id":"https:\/\/candas365.es\/noticias#listItem","position":1,"name":"Home","item":"https:\/\/candas365.es\/noticias","nextItem":{"@type":"ListItem","@id":"https:\/\/candas365.es\/noticias\/category\/actualidad\/#listItem","name":"Actualidad"}},{"@type":"ListItem","@id":"https:\/\/candas365.es\/noticias\/category\/actualidad\/#listItem","position":2,"name":"Actualidad","item":"https:\/\/candas365.es\/noticias\/category\/actualidad\/","nextItem":{"@type":"ListItem","@id":"https:\/\/candas365.es\/noticias\/la-fiscalia-alemana-acuso-a-jefe-de-estacion-de-causar-accidente-ferroviario\/#listItem","name":"La fiscal\u00eda alemana acus\u00f3 a jefe de estaci\u00f3n de causar accidente ferroviario"},"previousItem":{"@type":"ListItem","@id":"https:\/\/candas365.es\/noticias#listItem","name":"Home"}},{"@type":"ListItem","@id":"https:\/\/candas365.es\/noticias\/la-fiscalia-alemana-acuso-a-jefe-de-estacion-de-causar-accidente-ferroviario\/#listItem","position":3,"name":"La fiscal\u00eda alemana acus\u00f3 a jefe de estaci\u00f3n de causar accidente ferroviario","previousItem":{"@type":"ListItem","@id":"https:\/\/candas365.es\/noticias\/category\/actualidad\/#listItem","name":"Actualidad"}}]},{"@type":"NewsArticle","@id":"https:\/\/candas365.es\/noticias\/la-fiscalia-alemana-acuso-a-jefe-de-estacion-de-causar-accidente-ferroviario\/#newsarticle","name":"La fiscal\u00eda alemana acus\u00f3 a jefe de estaci\u00f3n de causar accidente ferroviario | Cand\u00e1s 365","headline":"La fiscal\u00eda alemana acus\u00f3 a jefe de estaci\u00f3n de causar accidente ferroviario","author":{"@id":"https:\/\/candas365.es\/noticias\/author\/admin\/#author"},"publisher":{"@id":"https:\/\/candas365.es\/noticias\/#organization"},"image":{"@type":"ImageObject","url":"https:\/\/candas365.es\/noticias\/wp-content\/uploads\/2015\/09\/c365noticias.jpg","width":655,"height":360},"datePublished":"2016-07-21T01:06:06+02:00","dateModified":"2016-07-21T01:06:06+02:00","inLanguage":"es-ES","mainEntityOfPage":{"@id":"https:\/\/candas365.es\/noticias\/la-fiscalia-alemana-acuso-a-jefe-de-estacion-de-causar-accidente-ferroviario\/#webpage"},"isPartOf":{"@id":"https:\/\/candas365.es\/noticias\/la-fiscalia-alemana-acuso-a-jefe-de-estacion-de-causar-accidente-ferroviario\/#webpage"},"articleSection":"Actualidad","dateline":"Publicado el julio 21, 2016."},{"@type":"Organization","@id":"https:\/\/candas365.es\/noticias\/#organization","name":"Cand\u00e1s 365","description":"Cand\u00e1s 365 es un diario digital independiente, fundado en 2012, con base en Asturias. Informamos con rigor sobre actualidad, sociedad, cultura y ocio, con una mirada local y global.","url":"https:\/\/candas365.es\/noticias\/","email":"info@candas365.es","telephone":"+34652131393","foundingDate":"2012-06-10","logo":{"@type":"ImageObject","url":"https:\/\/candas365.es\/noticias\/wp-content\/uploads\/2024\/09\/Candas-365-Redes.jpg","@id":"https:\/\/candas365.es\/noticias\/la-fiscalia-alemana-acuso-a-jefe-de-estacion-de-causar-accidente-ferroviario\/#organizationLogo","width":1152,"height":864,"caption":"Cand\u00e1s 365 Redes"},"image":{"@id":"https:\/\/candas365.es\/noticias\/la-fiscalia-alemana-acuso-a-jefe-de-estacion-de-causar-accidente-ferroviario\/#organizationLogo"},"sameAs":["https:\/\/www.facebook.com\/Nachofdezber","https:\/\/x.com\/NabercoDigital","https:\/\/www.instagram.com\/nachofdezber\/","https:\/\/www.youtube.com\/channel\/UCZP-2wLEB9Rv6erhFmqVnvg"],"address":{"@id":"https:\/\/candas365.es\/noticias\/#postaladdress","@type":"PostalAddress","streetAddress":"san antonio 4, san antonio 4","postalCode":"33430","addressLocality":"Cand\u00e1s","addressRegion":"Asturias","addressCountry":"ES"}},{"@type":"Person","@id":"https:\/\/candas365.es\/noticias\/author\/admin\/#author","url":"https:\/\/candas365.es\/noticias\/author\/admin\/","name":"Cand\u00e1s 365","image":{"@type":"ImageObject","@id":"https:\/\/candas365.es\/noticias\/la-fiscalia-alemana-acuso-a-jefe-de-estacion-de-causar-accidente-ferroviario\/#authorImage","url":"https:\/\/secure.gravatar.com\/avatar\/496a8e03d0c493ede1718b7934145dbdf8d89be1036b0eec9544e1094c9de390?s=96&d=mm&r=g","width":96,"height":96,"caption":"Cand\u00e1s 365"},"sameAs":["https:\/\/www.facebook.com\/carrenoactualidad","https:\/\/twitter.com\/nbasturias","https:\/\/www.instagram.com\/nachofdezber\/","https:\/\/www.youtube.com\/channel\/UCZP-2wLEB9Rv6erhFmqVnvg"]},{"@type":"WebPage","@id":"https:\/\/candas365.es\/noticias\/la-fiscalia-alemana-acuso-a-jefe-de-estacion-de-causar-accidente-ferroviario\/#webpage","url":"https:\/\/candas365.es\/noticias\/la-fiscalia-alemana-acuso-a-jefe-de-estacion-de-causar-accidente-ferroviario\/","name":"La fiscal\u00eda alemana acus\u00f3 a jefe de estaci\u00f3n de causar accidente ferroviario | Cand\u00e1s 365","description":"Bad Aibling (Alemania), 19 jul (dpa) - La fiscal\u00eda alemana acus\u00f3 este lunes formalmente a un jefe de estaci\u00f3n de haber causado el accidente ferroviario que acab\u00f3 con la vida de 12 personas en el sur del pa\u00eds en febrero pasado. El hombre de 39 a\u00f1os est\u00e1 acusado de homicidio imprudente en 12 casos y","inLanguage":"es-ES","isPartOf":{"@id":"https:\/\/candas365.es\/noticias\/#website"},"breadcrumb":{"@id":"https:\/\/candas365.es\/noticias\/la-fiscalia-alemana-acuso-a-jefe-de-estacion-de-causar-accidente-ferroviario\/#breadcrumblist"},"author":{"@id":"https:\/\/candas365.es\/noticias\/author\/admin\/#author"},"creator":{"@id":"https:\/\/candas365.es\/noticias\/author\/admin\/#author"},"image":{"@type":"ImageObject","url":"https:\/\/candas365.es\/noticias\/wp-content\/uploads\/2015\/09\/c365noticias.jpg","@id":"https:\/\/candas365.es\/noticias\/la-fiscalia-alemana-acuso-a-jefe-de-estacion-de-causar-accidente-ferroviario\/#mainImage","width":655,"height":360},"primaryImageOfPage":{"@id":"https:\/\/candas365.es\/noticias\/la-fiscalia-alemana-acuso-a-jefe-de-estacion-de-causar-accidente-ferroviario\/#mainImage"},"datePublished":"2016-07-21T01:06:06+02:00","dateModified":"2016-07-21T01:06:06+02:00"},{"@type":"WebSite","@id":"https:\/\/candas365.es\/noticias\/#website","url":"https:\/\/candas365.es\/noticias\/","name":"Cand\u00e1s 365","alternateName":"Cand\u00e1s 365 Noticias","description":"Actualidad desde Carre\u00f1o para el mundo","inLanguage":"es-ES","publisher":{"@id":"https:\/\/candas365.es\/noticias\/#organization"}}]},"og:locale":"es_ES","og:site_name":"Cand\u00e1s 365","og:type":"article","og:title":"La fiscal\u00eda alemana acus\u00f3 a jefe de estaci\u00f3n de causar accidente ferroviario | Cand\u00e1s 365","og:description":"Bad Aibling (Alemania), 19 jul (dpa) - La fiscal\u00eda alemana acus\u00f3 este lunes formalmente a un jefe de estaci\u00f3n de haber causado el accidente ferroviario que acab\u00f3 con la vida de 12 personas en el sur del pa\u00eds en febrero pasado. El hombre de 39 a\u00f1os est\u00e1 acusado de homicidio imprudente en 12 casos y","og:url":"https:\/\/candas365.es\/noticias\/la-fiscalia-alemana-acuso-a-jefe-de-estacion-de-causar-accidente-ferroviario\/","og:image":"https:\/\/candas365.es\/noticias\/wp-content\/uploads\/2015\/09\/c365noticias.jpg","og:image:secure_url":"https:\/\/candas365.es\/noticias\/wp-content\/uploads\/2015\/09\/c365noticias.jpg","og:image:width":655,"og:image:height":360,"article:published_time":"2016-07-20T23:36:06+00:00","article:modified_time":"2016-07-20T23:36:06+00:00","article:publisher":"https:\/\/www.facebook.com\/Nachofdezber","article:author":"https:\/\/www.facebook.com\/carrenoactualidad","twitter:card":"summary_large_image","twitter:site":"@NabercoDigital","twitter:title":"La fiscal\u00eda alemana acus\u00f3 a jefe de estaci\u00f3n de causar accidente ferroviario | Cand\u00e1s 365","twitter:description":"Bad Aibling (Alemania), 19 jul (dpa) - La fiscal\u00eda alemana acus\u00f3 este lunes formalmente a un jefe de estaci\u00f3n de haber causado el accidente ferroviario que acab\u00f3 con la vida de 12 personas en el sur del pa\u00eds en febrero pasado. El hombre de 39 a\u00f1os est\u00e1 acusado de homicidio imprudente en 12 casos y","twitter:creator":"@nbasturias","twitter:image":"https:\/\/candas365.es\/noticias\/wp-content\/uploads\/2015\/09\/c365noticias.jpg","twitter:label1":"Escrito por","twitter:data1":"Cand\u00e1s 365","twitter:label2":"Tiempo de lectura estimado","twitter:data2":"2 minutos"},"aioseo_meta_data":{"post_id":"32349","title":null,"description":null,"keywords":null,"keyphrases":null,"primary_term":null,"canonical_url":null,"og_title":null,"og_description":null,"og_object_type":"default","og_image_type":"default","og_image_url":null,"og_image_width":null,"og_image_height":null,"og_image_custom_url":null,"og_image_custom_fields":null,"og_video":null,"og_custom_url":null,"og_article_section":null,"og_article_tags":null,"twitter_use_og":false,"twitter_card":"default","twitter_image_type":"default","twitter_image_url":null,"twitter_image_custom_url":null,"twitter_image_custom_fields":null,"twitter_title":null,"twitter_description":null,"schema":{"blockGraphs":[],"customGraphs":[],"default":{"data":{"Article":[],"Course":[],"Dataset":[],"FAQPage":[],"Movie":[],"Person":[],"Product":[],"ProductReview":[],"Car":[],"Recipe":[],"Service":[],"SoftwareApplication":[],"WebPage":[]},"graphName":"","isEnabled":true},"graphs":[],"defaultGraph":"","defaultPostTypeGraph":""},"schema_type":null,"schema_type_options":null,"pillar_content":false,"robots_default":true,"robots_noindex":false,"robots_noarchive":false,"robots_nosnippet":false,"robots_nofollow":false,"robots_noimageindex":false,"robots_noodp":false,"robots_notranslate":false,"robots_max_snippet":null,"robots_max_videopreview":null,"robots_max_imagepreview":"large","priority":null,"frequency":null,"location":null,"local_seo":null,"seo_analyzer_scan_date":"2025-08-24 15:15:08","breadcrumb_settings":null,"limit_modified_date":false,"reviewed_by":null,"open_ai":null,"ai":null,"created":"2020-12-21 13:03:40","updated":"2025-08-24 15:15:08"},"aioseo_breadcrumb":"<div class=\"aioseo-breadcrumbs\"><span class=\"aioseo-breadcrumb\">\n\t<a href=\"https:\/\/candas365.es\/noticias\" title=\"Home\">Home<\/a>\n<\/span><span class=\"aioseo-breadcrumb-separator\">&ndash;<\/span><span class=\"aioseo-breadcrumb\">\n\t<a href=\"https:\/\/candas365.es\/noticias\/category\/actualidad\/\" title=\"Actualidad\">Actualidad<\/a>\n<\/span><span class=\"aioseo-breadcrumb-separator\">&ndash;<\/span><span class=\"aioseo-breadcrumb\">\n\tLa fiscal\u00eda alemana acus\u00f3 a jefe de estaci\u00f3n de causar accidente ferroviario\n<\/span><\/div>","aioseo_breadcrumb_json":[{"label":"Home","link":"https:\/\/candas365.es\/noticias"},{"label":"Actualidad","link":"https:\/\/candas365.es\/noticias\/category\/actualidad\/"},{"label":"La fiscal\u00eda alemana acus\u00f3 a jefe de estaci\u00f3n de causar accidente ferroviario","link":"https:\/\/candas365.es\/noticias\/la-fiscalia-alemana-acuso-a-jefe-de-estacion-de-causar-accidente-ferroviario\/"}],"_links":{"self":[{"href":"https:\/\/candas365.es\/noticias\/wp-json\/wp\/v2\/posts\/32349","targetHints":{"allow":["GET"]}}],"collection":[{"href":"https:\/\/candas365.es\/noticias\/wp-json\/wp\/v2\/posts"}],"about":[{"href":"https:\/\/candas365.es\/noticias\/wp-json\/wp\/v2\/types\/post"}],"author":[{"embeddable":true,"href":"https:\/\/candas365.es\/noticias\/wp-json\/wp\/v2\/users\/1"}],"replies":[{"embeddable":true,"href":"https:\/\/candas365.es\/noticias\/wp-json\/wp\/v2\/comments?post=32349"}],"version-history":[{"count":0,"href":"https:\/\/candas365.es\/noticias\/wp-json\/wp\/v2\/posts\/32349\/revisions"}],"wp:featuredmedia":[{"embeddable":true,"href":"https:\/\/candas365.es\/noticias\/wp-json\/wp\/v2\/media\/16457"}],"wp:attachment":[{"href":"https:\/\/candas365.es\/noticias\/wp-json\/wp\/v2\/media?parent=32349"}],"wp:term":[{"taxonomy":"category","embeddable":true,"href":"https:\/\/candas365.es\/noticias\/wp-json\/wp\/v2\/categories?post=32349"},{"taxonomy":"post_tag","embeddable":true,"href":"https:\/\/candas365.es\/noticias\/wp-json\/wp\/v2\/tags?post=32349"}],"curies":[{"name":"wp","href":"https:\/\/api.w.org\/{rel}","templated":true}]}}