{"id":32313,"date":"2016-07-19T11:26:48","date_gmt":"2016-07-19T09:56:48","guid":{"rendered":"http:\/\/candas365.es\/noticias\/?p=32313"},"modified":"2016-07-19T11:26:48","modified_gmt":"2016-07-19T09:56:48","slug":"el-tribunal-de-contratacion-de-la-cam-falla-a-favor-del-gas-como-extintor-de-incendios-no-danino","status":"publish","type":"post","link":"https:\/\/candas365.es\/noticias\/el-tribunal-de-contratacion-de-la-cam-falla-a-favor-del-gas-como-extintor-de-incendios-no-danino\/","title":{"rendered":"El Tribunal de Contrataci\u00f3n de la CAM falla a favor del gas como extintor de incendios no da\u00f1ino"},"content":{"rendered":"<p><img fetchpriority=\"high\" decoding=\"async\" class=\"alignleft size-medium wp-image-32314\" src=\"https:\/\/candas365.es\/noticias\/wp-content\/uploads\/2016\/07\/1468832505_extincion_por_gas_inocuo_72dpi-360x171.jpg\" alt=\"1468832505_extincion_por_gas_inocuo_72dpi\" width=\"360\" height=\"171\" srcset=\"https:\/\/candas365.es\/noticias\/wp-content\/uploads\/2016\/07\/1468832505_extincion_por_gas_inocuo_72dpi-360x171.jpg 360w, https:\/\/candas365.es\/noticias\/wp-content\/uploads\/2016\/07\/1468832505_extincion_por_gas_inocuo_72dpi-650x308.jpg 650w, https:\/\/candas365.es\/noticias\/wp-content\/uploads\/2016\/07\/1468832505_extincion_por_gas_inocuo_72dpi-150x71.jpg 150w, https:\/\/candas365.es\/noticias\/wp-content\/uploads\/2016\/07\/1468832505_extincion_por_gas_inocuo_72dpi-450x213.jpg 450w, https:\/\/candas365.es\/noticias\/wp-content\/uploads\/2016\/07\/1468832505_extincion_por_gas_inocuo_72dpi-655x311.jpg 655w, https:\/\/candas365.es\/noticias\/wp-content\/uploads\/2016\/07\/1468832505_extincion_por_gas_inocuo_72dpi-696x332.jpg 696w, https:\/\/candas365.es\/noticias\/wp-content\/uploads\/2016\/07\/1468832505_extincion_por_gas_inocuo_72dpi.jpg 700w\" sizes=\"(max-width: 360px) 100vw, 360px\" \/>El <strong>Tribunal Administrativo de Contrataci\u00f3n P\u00fablica de la Comunidad de Madrid<\/strong> (TRLCSP) ha desestimado el recurso 71\/2016 en relaci\u00f3n al pliego de Prescripciones T\u00e9cnicas del contrato de\u00a0\u201cServicios para el traslado, dep\u00f3sito, custodia y gesti\u00f3n de archivos de los expedientes generados y archivados por el \u00c1rea de Gobierno de Desarrollo Urbano Sostenible\u201d\u00a0del Ayuntamiento de Madrid.<\/p>\n<p>En su\u00a0<a title=\"Resoluci\u00f3n 72\/2016 extinci\u00f3n de incendios por gas\" href=\"http:\/\/www.madrid.org\/cs\/Satellite?blobcol=urldata&amp;blobheader=application%2Fpdf&amp;blobheadername1=Content-Disposition&amp;blobheadervalue1=filename%3DResoluci%C3%B3n-072-2016.pdf&amp;blobkey=id&amp;blobtable=MungoBlobs&amp;blobwhere=1352906913418&amp;ssbinary=true\">resoluci\u00f3n 72\/2016<\/a>\u00a0el\u00a0<strong>Tribunal ha respaldado la buena actuaci\u00f3n de Normadat<\/strong>\u00a0al entender que sus medios e infraestructura facilitan una\u00a0<em>\u201c<\/em>mejor ejecuci\u00f3n del contrato, m\u00e1s segura y eficaz\u201d. El contrato exig\u00eda la\u00a0<a title=\"Custodia externa de archivo\" href=\"http:\/\/www.normadat.es\/servicios\/normadat\/custodia-de-archivos\"><strong>custodia de la documentaci\u00f3n<\/strong><\/a><strong>\u00a0en armarios compactos y un sistema de\u00a0<\/strong><a title=\"Normadat galardonada por sus medidas de prevenci\u00f3n contra incendios\" href=\"http:\/\/www.normadat.es\/noticias\/261-normadat-galardonada-por-su-excelencia-en-la-seguridad-y-la-proteccion-contra-incendios\"><strong>extinci\u00f3n de incendios por gas<\/strong><\/a>, <strong>ambas<\/strong>\u00a0<strong>condiciones reunidas en las instalaciones de Normadat<\/strong>.<\/p>\n<p>El tribunal considera que\u00a0\u201c<strong>los armarios compactos<\/strong>, a diferencia de las estanter\u00edas abiertas, evitan el apilamiento y permiten la colocaci\u00f3n manual en lugar de la utilizaci\u00f3n de equipos mec\u00e1nicos, <strong>minimizando el deterioro de la documentaci\u00f3n<\/strong> cada vez que se necesita acceder a ella por peticiones de consulta, peticiones que son diarias en este caso. Asimismo, con los armarios compactos, al cerrarse con juntas de goma, <strong>se aumenta la protecci\u00f3n contra el polvo y las plagas<\/strong>\u201d.<\/p>\n<p>En relaci\u00f3n al <strong>sistema de extinci\u00f3n de incendios por gas <\/strong>sostiene que\u00a0<em>\u201c<\/em>respetando la normativa de protecci\u00f3n contra incendios* para elegir el agente extintor \u2013el gas, en este caso- se ha valorado el minimizar el posible da\u00f1o que dicho agente pueda causar en la documentaci\u00f3n, teniendo en cuenta que la humedad deteriora y diluye las tintas y colas, lo que puede provocar graves p\u00e9rdidas, especialmente en los planos de arquitectura y en las firmas de los documentos\u201d.<\/p>\n<p><a href=\"http:\/\/www.normadat.es\/\">Normadat<\/a>\u00a0es experta en\u00a0<strong>externalizaci\u00f3n de procesos de negocio relativos a informaci\u00f3n (BPO)<\/strong>\u00a0cuya especialidad es la\u00a0<strong>gesti\u00f3n segura de la informaci\u00f3n. <\/strong>M\u00e1s de 20 a\u00f1os gestionando y asegurando los grandes vol\u00famenes de informaci\u00f3n que manejan y producen sus clientes en cualquier formato f\u00edsico o digital\/virtual\/electr\u00f3nico.<\/p>\n<p>Soluciones BPO como control de documentaci\u00f3n de proveedores, acceso a albaranes en 2 horas, prevenci\u00f3n del fraude o transferencia de riesgos tienen una base de servicios en custodia externa de archivo, digitalizaci\u00f3n de documentos, destrucci\u00f3n confidencial certificada, grabaci\u00f3n de datos, automatizaci\u00f3n de procesos de informaci\u00f3n, backup online, consultor\u00edas LOPD o custodia f\u00edsica de backup entre otros para garantizar y cumplir con la\u00a0<strong>disponibilidad, confidencialidad e integridad<\/strong>\u00a0de la informaci\u00f3n.<\/p>\n<p><em>*<\/em><em>(RD 314\/2006, C\u00f3digo T\u00e9cnico de Edificaci\u00f3n, DBSI, de 17 de noviembre y sus modificaciones y RD 1942\/93, de 5 de noviembre, Reglamento de Instalaciones de Protecci\u00f3n contra Incendios)<\/em><\/p>\n","protected":false},"excerpt":{"rendered":"<p>El Tribunal Administrativo de Contrataci\u00f3n P\u00fablica de la Comunidad de Madrid (TRLCSP) ha desestimado el recurso 71\/2016 en relaci\u00f3n al pliego de Prescripciones T\u00e9cnicas del contrato de\u00a0\u201cServicios para el traslado, dep\u00f3sito, custodia y gesti\u00f3n de archivos de los expedientes generados y archivados por el \u00c1rea de Gobierno de Desarrollo Urbano Sostenible\u201d\u00a0del Ayuntamiento de Madrid. En<\/p>\n","protected":false},"author":1,"featured_media":32314,"comment_status":"closed","ping_status":"closed","sticky":false,"template":"","format":"standard","meta":{"footnotes":""},"categories":[343],"tags":[],"class_list":{"0":"post-32313","1":"post","2":"type-post","3":"status-publish","4":"format-standard","5":"has-post-thumbnail","7":"category-actualidad"},"aioseo_notices":[],"aioseo_head":"\n\t\t<!-- All in One SEO Pro 4.9.6.2 - aioseo.com -->\n\t<meta name=\"description\" content=\"El Tribunal Administrativo de Contrataci\u00f3n P\u00fablica de la Comunidad de Madrid (TRLCSP) ha desestimado el recurso 71\/2016 en relaci\u00f3n al pliego de Prescripciones T\u00e9cnicas del contrato de \u201cServicios para el traslado, dep\u00f3sito, custodia y gesti\u00f3n de archivos de los expedientes generados y archivados por el \u00c1rea de Gobierno de Desarrollo Urbano Sostenible\u201d del Ayuntamiento de Madrid. En\" \/>\n\t<meta name=\"robots\" content=\"max-image-preview:large\" \/>\n\t<meta name=\"author\" content=\"Cand\u00e1s 365\"\/>\n\t<meta name=\"google-site-verification\" content=\"UA-32230408-1\" \/>\n\t<meta name=\"msvalidate.01\" content=\"354F3CDFB2DA171B47FBE9ABF1F88D5\" \/>\n\t<meta name=\"keywords\" content=\"actualidad\" \/>\n\t<link rel=\"canonical\" href=\"https:\/\/candas365.es\/noticias\/el-tribunal-de-contratacion-de-la-cam-falla-a-favor-del-gas-como-extintor-de-incendios-no-danino\/\" \/>\n\t<meta name=\"generator\" content=\"All in One SEO Pro (AIOSEO) 4.9.6.2\" \/>\n\t\t<meta property=\"og:locale\" content=\"es_ES\" \/>\n\t\t<meta property=\"og:site_name\" content=\"Cand\u00e1s 365\" \/>\n\t\t<meta property=\"og:type\" content=\"article\" \/>\n\t\t<meta property=\"og:title\" content=\"El Tribunal de Contrataci\u00f3n de la CAM falla a favor del gas como extintor de incendios no da\u00f1ino | Cand\u00e1s 365\" \/>\n\t\t<meta property=\"og:description\" content=\"El Tribunal Administrativo de Contrataci\u00f3n P\u00fablica de la Comunidad de Madrid (TRLCSP) ha desestimado el recurso 71\/2016 en relaci\u00f3n al pliego de Prescripciones T\u00e9cnicas del contrato de \u201cServicios para el traslado, dep\u00f3sito, custodia y gesti\u00f3n de archivos de los expedientes generados y archivados por el \u00c1rea de Gobierno de Desarrollo Urbano Sostenible\u201d del Ayuntamiento de Madrid. En\" \/>\n\t\t<meta property=\"og:url\" content=\"https:\/\/candas365.es\/noticias\/el-tribunal-de-contratacion-de-la-cam-falla-a-favor-del-gas-como-extintor-de-incendios-no-danino\/\" \/>\n\t\t<meta property=\"og:image\" content=\"https:\/\/candas365.es\/noticias\/wp-content\/uploads\/2016\/07\/1468832505_extincion_por_gas_inocuo_72dpi.jpg\" \/>\n\t\t<meta property=\"og:image:secure_url\" content=\"https:\/\/candas365.es\/noticias\/wp-content\/uploads\/2016\/07\/1468832505_extincion_por_gas_inocuo_72dpi.jpg\" \/>\n\t\t<meta property=\"og:image:width\" content=\"700\" \/>\n\t\t<meta property=\"og:image:height\" content=\"332\" \/>\n\t\t<meta property=\"article:published_time\" content=\"2016-07-19T09:56:48+00:00\" \/>\n\t\t<meta property=\"article:modified_time\" content=\"2016-07-19T09:56:48+00:00\" \/>\n\t\t<meta property=\"article:publisher\" content=\"https:\/\/www.facebook.com\/Nachofdezber\" \/>\n\t\t<meta property=\"article:author\" content=\"https:\/\/www.facebook.com\/carrenoactualidad\" \/>\n\t\t<meta name=\"twitter:card\" content=\"summary_large_image\" \/>\n\t\t<meta name=\"twitter:site\" content=\"@NabercoDigital\" \/>\n\t\t<meta name=\"twitter:title\" content=\"El Tribunal de Contrataci\u00f3n de la CAM falla a favor del gas como extintor de incendios no da\u00f1ino | Cand\u00e1s 365\" \/>\n\t\t<meta name=\"twitter:description\" content=\"El Tribunal Administrativo de Contrataci\u00f3n P\u00fablica de la Comunidad de Madrid (TRLCSP) ha desestimado el recurso 71\/2016 en relaci\u00f3n al pliego de Prescripciones T\u00e9cnicas del contrato de \u201cServicios para el traslado, dep\u00f3sito, custodia y gesti\u00f3n de archivos de los expedientes generados y archivados por el \u00c1rea de Gobierno de Desarrollo Urbano Sostenible\u201d del Ayuntamiento de Madrid. En\" \/>\n\t\t<meta name=\"twitter:creator\" content=\"@nbasturias\" \/>\n\t\t<meta name=\"twitter:image\" content=\"https:\/\/candas365.es\/noticias\/wp-content\/uploads\/2016\/07\/1468832505_extincion_por_gas_inocuo_72dpi.jpg\" \/>\n\t\t<meta name=\"twitter:label1\" content=\"Escrito por\" \/>\n\t\t<meta name=\"twitter:data1\" content=\"Cand\u00e1s 365\" \/>\n\t\t<meta name=\"twitter:label2\" content=\"Tiempo de lectura estimado\" \/>\n\t\t<meta name=\"twitter:data2\" content=\"2 minutos\" \/>\n\t\t<script type=\"application\/ld+json\" class=\"aioseo-schema\">\n\t\t\t{\"@context\":\"https:\\\/\\\/schema.org\",\"@graph\":[{\"@type\":\"BreadcrumbList\",\"@id\":\"https:\\\/\\\/candas365.es\\\/noticias\\\/el-tribunal-de-contratacion-de-la-cam-falla-a-favor-del-gas-como-extintor-de-incendios-no-danino\\\/#breadcrumblist\",\"itemListElement\":[{\"@type\":\"ListItem\",\"@id\":\"https:\\\/\\\/candas365.es\\\/noticias#listItem\",\"position\":1,\"name\":\"Home\",\"item\":\"https:\\\/\\\/candas365.es\\\/noticias\",\"nextItem\":{\"@type\":\"ListItem\",\"@id\":\"https:\\\/\\\/candas365.es\\\/noticias\\\/category\\\/actualidad\\\/#listItem\",\"name\":\"Actualidad\"}},{\"@type\":\"ListItem\",\"@id\":\"https:\\\/\\\/candas365.es\\\/noticias\\\/category\\\/actualidad\\\/#listItem\",\"position\":2,\"name\":\"Actualidad\",\"item\":\"https:\\\/\\\/candas365.es\\\/noticias\\\/category\\\/actualidad\\\/\",\"nextItem\":{\"@type\":\"ListItem\",\"@id\":\"https:\\\/\\\/candas365.es\\\/noticias\\\/el-tribunal-de-contratacion-de-la-cam-falla-a-favor-del-gas-como-extintor-de-incendios-no-danino\\\/#listItem\",\"name\":\"El Tribunal de Contrataci\\u00f3n de la CAM falla a favor del gas como extintor de incendios no da\\u00f1ino\"},\"previousItem\":{\"@type\":\"ListItem\",\"@id\":\"https:\\\/\\\/candas365.es\\\/noticias#listItem\",\"name\":\"Home\"}},{\"@type\":\"ListItem\",\"@id\":\"https:\\\/\\\/candas365.es\\\/noticias\\\/el-tribunal-de-contratacion-de-la-cam-falla-a-favor-del-gas-como-extintor-de-incendios-no-danino\\\/#listItem\",\"position\":3,\"name\":\"El Tribunal de Contrataci\\u00f3n de la CAM falla a favor del gas como extintor de incendios no da\\u00f1ino\",\"previousItem\":{\"@type\":\"ListItem\",\"@id\":\"https:\\\/\\\/candas365.es\\\/noticias\\\/category\\\/actualidad\\\/#listItem\",\"name\":\"Actualidad\"}}]},{\"@type\":\"NewsArticle\",\"@id\":\"https:\\\/\\\/candas365.es\\\/noticias\\\/el-tribunal-de-contratacion-de-la-cam-falla-a-favor-del-gas-como-extintor-de-incendios-no-danino\\\/#newsarticle\",\"name\":\"El Tribunal de Contrataci\\u00f3n de la CAM falla a favor del gas como extintor de incendios no da\\u00f1ino | Cand\\u00e1s 365\",\"headline\":\"El Tribunal de Contrataci\\u00f3n de la CAM falla a favor del gas como extintor de incendios no da\\u00f1ino\",\"author\":{\"@id\":\"https:\\\/\\\/candas365.es\\\/noticias\\\/author\\\/admin\\\/#author\"},\"publisher\":{\"@id\":\"https:\\\/\\\/candas365.es\\\/noticias\\\/#organization\"},\"image\":{\"@type\":\"ImageObject\",\"url\":\"https:\\\/\\\/candas365.es\\\/noticias\\\/wp-content\\\/uploads\\\/2016\\\/07\\\/1468832505_extincion_por_gas_inocuo_72dpi.jpg\",\"width\":700,\"height\":332},\"datePublished\":\"2016-07-19T11:26:48+02:00\",\"dateModified\":\"2016-07-19T11:26:48+02:00\",\"inLanguage\":\"es-ES\",\"mainEntityOfPage\":{\"@id\":\"https:\\\/\\\/candas365.es\\\/noticias\\\/el-tribunal-de-contratacion-de-la-cam-falla-a-favor-del-gas-como-extintor-de-incendios-no-danino\\\/#webpage\"},\"isPartOf\":{\"@id\":\"https:\\\/\\\/candas365.es\\\/noticias\\\/el-tribunal-de-contratacion-de-la-cam-falla-a-favor-del-gas-como-extintor-de-incendios-no-danino\\\/#webpage\"},\"articleSection\":\"Actualidad\",\"dateline\":\"Publicado el julio 19, 2016.\"},{\"@type\":\"Organization\",\"@id\":\"https:\\\/\\\/candas365.es\\\/noticias\\\/#organization\",\"name\":\"Cand\\u00e1s 365\",\"description\":\"Cand\\u00e1s 365 es un diario digital independiente, fundado en 2012, con base en Asturias. Informamos con rigor sobre actualidad, sociedad, cultura y ocio, con una mirada local y global.\",\"url\":\"https:\\\/\\\/candas365.es\\\/noticias\\\/\",\"email\":\"info@candas365.es\",\"telephone\":\"+34652131393\",\"foundingDate\":\"2012-06-10\",\"logo\":{\"@type\":\"ImageObject\",\"url\":\"https:\\\/\\\/candas365.es\\\/noticias\\\/wp-content\\\/uploads\\\/2024\\\/09\\\/Candas-365-Redes.jpg\",\"@id\":\"https:\\\/\\\/candas365.es\\\/noticias\\\/el-tribunal-de-contratacion-de-la-cam-falla-a-favor-del-gas-como-extintor-de-incendios-no-danino\\\/#organizationLogo\",\"width\":1152,\"height\":864,\"caption\":\"Cand\\u00e1s 365 Redes\"},\"image\":{\"@id\":\"https:\\\/\\\/candas365.es\\\/noticias\\\/el-tribunal-de-contratacion-de-la-cam-falla-a-favor-del-gas-como-extintor-de-incendios-no-danino\\\/#organizationLogo\"},\"sameAs\":[\"https:\\\/\\\/www.facebook.com\\\/Nachofdezber\",\"https:\\\/\\\/x.com\\\/NabercoDigital\",\"https:\\\/\\\/www.instagram.com\\\/nachofdezber\\\/\",\"https:\\\/\\\/www.youtube.com\\\/channel\\\/UCZP-2wLEB9Rv6erhFmqVnvg\"],\"address\":{\"@id\":\"https:\\\/\\\/candas365.es\\\/noticias\\\/#postaladdress\",\"@type\":\"PostalAddress\",\"streetAddress\":\"san antonio 4, san antonio 4\",\"postalCode\":\"33430\",\"addressLocality\":\"Cand\\u00e1s\",\"addressRegion\":\"Asturias\",\"addressCountry\":\"ES\"}},{\"@type\":\"Person\",\"@id\":\"https:\\\/\\\/candas365.es\\\/noticias\\\/author\\\/admin\\\/#author\",\"url\":\"https:\\\/\\\/candas365.es\\\/noticias\\\/author\\\/admin\\\/\",\"name\":\"Cand\\u00e1s 365\",\"image\":{\"@type\":\"ImageObject\",\"@id\":\"https:\\\/\\\/candas365.es\\\/noticias\\\/el-tribunal-de-contratacion-de-la-cam-falla-a-favor-del-gas-como-extintor-de-incendios-no-danino\\\/#authorImage\",\"url\":\"https:\\\/\\\/secure.gravatar.com\\\/avatar\\\/496a8e03d0c493ede1718b7934145dbdf8d89be1036b0eec9544e1094c9de390?s=96&d=mm&r=g\",\"width\":96,\"height\":96,\"caption\":\"Cand\\u00e1s 365\"},\"sameAs\":[\"https:\\\/\\\/www.facebook.com\\\/carrenoactualidad\",\"https:\\\/\\\/twitter.com\\\/nbasturias\",\"https:\\\/\\\/www.instagram.com\\\/nachofdezber\\\/\",\"https:\\\/\\\/www.youtube.com\\\/channel\\\/UCZP-2wLEB9Rv6erhFmqVnvg\"]},{\"@type\":\"WebPage\",\"@id\":\"https:\\\/\\\/candas365.es\\\/noticias\\\/el-tribunal-de-contratacion-de-la-cam-falla-a-favor-del-gas-como-extintor-de-incendios-no-danino\\\/#webpage\",\"url\":\"https:\\\/\\\/candas365.es\\\/noticias\\\/el-tribunal-de-contratacion-de-la-cam-falla-a-favor-del-gas-como-extintor-de-incendios-no-danino\\\/\",\"name\":\"El Tribunal de Contrataci\\u00f3n de la CAM falla a favor del gas como extintor de incendios no da\\u00f1ino | Cand\\u00e1s 365\",\"description\":\"El Tribunal Administrativo de Contrataci\\u00f3n P\\u00fablica de la Comunidad de Madrid (TRLCSP) ha desestimado el recurso 71\\\/2016 en relaci\\u00f3n al pliego de Prescripciones T\\u00e9cnicas del contrato de \\u201cServicios para el traslado, dep\\u00f3sito, custodia y gesti\\u00f3n de archivos de los expedientes generados y archivados por el \\u00c1rea de Gobierno de Desarrollo Urbano Sostenible\\u201d del Ayuntamiento de Madrid. En\",\"inLanguage\":\"es-ES\",\"isPartOf\":{\"@id\":\"https:\\\/\\\/candas365.es\\\/noticias\\\/#website\"},\"breadcrumb\":{\"@id\":\"https:\\\/\\\/candas365.es\\\/noticias\\\/el-tribunal-de-contratacion-de-la-cam-falla-a-favor-del-gas-como-extintor-de-incendios-no-danino\\\/#breadcrumblist\"},\"author\":{\"@id\":\"https:\\\/\\\/candas365.es\\\/noticias\\\/author\\\/admin\\\/#author\"},\"creator\":{\"@id\":\"https:\\\/\\\/candas365.es\\\/noticias\\\/author\\\/admin\\\/#author\"},\"image\":{\"@type\":\"ImageObject\",\"url\":\"https:\\\/\\\/candas365.es\\\/noticias\\\/wp-content\\\/uploads\\\/2016\\\/07\\\/1468832505_extincion_por_gas_inocuo_72dpi.jpg\",\"@id\":\"https:\\\/\\\/candas365.es\\\/noticias\\\/el-tribunal-de-contratacion-de-la-cam-falla-a-favor-del-gas-como-extintor-de-incendios-no-danino\\\/#mainImage\",\"width\":700,\"height\":332},\"primaryImageOfPage\":{\"@id\":\"https:\\\/\\\/candas365.es\\\/noticias\\\/el-tribunal-de-contratacion-de-la-cam-falla-a-favor-del-gas-como-extintor-de-incendios-no-danino\\\/#mainImage\"},\"datePublished\":\"2016-07-19T11:26:48+02:00\",\"dateModified\":\"2016-07-19T11:26:48+02:00\"},{\"@type\":\"WebSite\",\"@id\":\"https:\\\/\\\/candas365.es\\\/noticias\\\/#website\",\"url\":\"https:\\\/\\\/candas365.es\\\/noticias\\\/\",\"name\":\"Cand\\u00e1s 365\",\"alternateName\":\"Cand\\u00e1s 365 Noticias\",\"description\":\"Actualidad desde Carre\\u00f1o para el mundo\",\"inLanguage\":\"es-ES\",\"publisher\":{\"@id\":\"https:\\\/\\\/candas365.es\\\/noticias\\\/#organization\"}}]}\n\t\t<\/script>\n\t\t<!-- All in One SEO Pro -->\r\n\t\t<title>El Tribunal de Contrataci\u00f3n de la CAM falla a favor del gas como extintor de incendios no da\u00f1ino | Cand\u00e1s 365<\/title>\n\n","aioseo_head_json":{"title":"El Tribunal de Contrataci\u00f3n de la CAM falla a favor del gas como extintor de incendios no da\u00f1ino | Cand\u00e1s 365","description":"El Tribunal Administrativo de Contrataci\u00f3n P\u00fablica de la Comunidad de Madrid (TRLCSP) ha desestimado el recurso 71\/2016 en relaci\u00f3n al pliego de Prescripciones T\u00e9cnicas del contrato de \u201cServicios para el traslado, dep\u00f3sito, custodia y gesti\u00f3n de archivos de los expedientes generados y archivados por el \u00c1rea de Gobierno de Desarrollo Urbano Sostenible\u201d del Ayuntamiento de Madrid. En","canonical_url":"https:\/\/candas365.es\/noticias\/el-tribunal-de-contratacion-de-la-cam-falla-a-favor-del-gas-como-extintor-de-incendios-no-danino\/","robots":"max-image-preview:large","keywords":"actualidad","webmasterTools":{"google-site-verification":"UA-32230408-1","msvalidate.01":"354F3CDFB2DA171B47FBE9ABF1F88D5","miscellaneous":""},"schema":{"@context":"https:\/\/schema.org","@graph":[{"@type":"BreadcrumbList","@id":"https:\/\/candas365.es\/noticias\/el-tribunal-de-contratacion-de-la-cam-falla-a-favor-del-gas-como-extintor-de-incendios-no-danino\/#breadcrumblist","itemListElement":[{"@type":"ListItem","@id":"https:\/\/candas365.es\/noticias#listItem","position":1,"name":"Home","item":"https:\/\/candas365.es\/noticias","nextItem":{"@type":"ListItem","@id":"https:\/\/candas365.es\/noticias\/category\/actualidad\/#listItem","name":"Actualidad"}},{"@type":"ListItem","@id":"https:\/\/candas365.es\/noticias\/category\/actualidad\/#listItem","position":2,"name":"Actualidad","item":"https:\/\/candas365.es\/noticias\/category\/actualidad\/","nextItem":{"@type":"ListItem","@id":"https:\/\/candas365.es\/noticias\/el-tribunal-de-contratacion-de-la-cam-falla-a-favor-del-gas-como-extintor-de-incendios-no-danino\/#listItem","name":"El Tribunal de Contrataci\u00f3n de la CAM falla a favor del gas como extintor de incendios no da\u00f1ino"},"previousItem":{"@type":"ListItem","@id":"https:\/\/candas365.es\/noticias#listItem","name":"Home"}},{"@type":"ListItem","@id":"https:\/\/candas365.es\/noticias\/el-tribunal-de-contratacion-de-la-cam-falla-a-favor-del-gas-como-extintor-de-incendios-no-danino\/#listItem","position":3,"name":"El Tribunal de Contrataci\u00f3n de la CAM falla a favor del gas como extintor de incendios no da\u00f1ino","previousItem":{"@type":"ListItem","@id":"https:\/\/candas365.es\/noticias\/category\/actualidad\/#listItem","name":"Actualidad"}}]},{"@type":"NewsArticle","@id":"https:\/\/candas365.es\/noticias\/el-tribunal-de-contratacion-de-la-cam-falla-a-favor-del-gas-como-extintor-de-incendios-no-danino\/#newsarticle","name":"El Tribunal de Contrataci\u00f3n de la CAM falla a favor del gas como extintor de incendios no da\u00f1ino | Cand\u00e1s 365","headline":"El Tribunal de Contrataci\u00f3n de la CAM falla a favor del gas como extintor de incendios no da\u00f1ino","author":{"@id":"https:\/\/candas365.es\/noticias\/author\/admin\/#author"},"publisher":{"@id":"https:\/\/candas365.es\/noticias\/#organization"},"image":{"@type":"ImageObject","url":"https:\/\/candas365.es\/noticias\/wp-content\/uploads\/2016\/07\/1468832505_extincion_por_gas_inocuo_72dpi.jpg","width":700,"height":332},"datePublished":"2016-07-19T11:26:48+02:00","dateModified":"2016-07-19T11:26:48+02:00","inLanguage":"es-ES","mainEntityOfPage":{"@id":"https:\/\/candas365.es\/noticias\/el-tribunal-de-contratacion-de-la-cam-falla-a-favor-del-gas-como-extintor-de-incendios-no-danino\/#webpage"},"isPartOf":{"@id":"https:\/\/candas365.es\/noticias\/el-tribunal-de-contratacion-de-la-cam-falla-a-favor-del-gas-como-extintor-de-incendios-no-danino\/#webpage"},"articleSection":"Actualidad","dateline":"Publicado el julio 19, 2016."},{"@type":"Organization","@id":"https:\/\/candas365.es\/noticias\/#organization","name":"Cand\u00e1s 365","description":"Cand\u00e1s 365 es un diario digital independiente, fundado en 2012, con base en Asturias. Informamos con rigor sobre actualidad, sociedad, cultura y ocio, con una mirada local y global.","url":"https:\/\/candas365.es\/noticias\/","email":"info@candas365.es","telephone":"+34652131393","foundingDate":"2012-06-10","logo":{"@type":"ImageObject","url":"https:\/\/candas365.es\/noticias\/wp-content\/uploads\/2024\/09\/Candas-365-Redes.jpg","@id":"https:\/\/candas365.es\/noticias\/el-tribunal-de-contratacion-de-la-cam-falla-a-favor-del-gas-como-extintor-de-incendios-no-danino\/#organizationLogo","width":1152,"height":864,"caption":"Cand\u00e1s 365 Redes"},"image":{"@id":"https:\/\/candas365.es\/noticias\/el-tribunal-de-contratacion-de-la-cam-falla-a-favor-del-gas-como-extintor-de-incendios-no-danino\/#organizationLogo"},"sameAs":["https:\/\/www.facebook.com\/Nachofdezber","https:\/\/x.com\/NabercoDigital","https:\/\/www.instagram.com\/nachofdezber\/","https:\/\/www.youtube.com\/channel\/UCZP-2wLEB9Rv6erhFmqVnvg"],"address":{"@id":"https:\/\/candas365.es\/noticias\/#postaladdress","@type":"PostalAddress","streetAddress":"san antonio 4, san antonio 4","postalCode":"33430","addressLocality":"Cand\u00e1s","addressRegion":"Asturias","addressCountry":"ES"}},{"@type":"Person","@id":"https:\/\/candas365.es\/noticias\/author\/admin\/#author","url":"https:\/\/candas365.es\/noticias\/author\/admin\/","name":"Cand\u00e1s 365","image":{"@type":"ImageObject","@id":"https:\/\/candas365.es\/noticias\/el-tribunal-de-contratacion-de-la-cam-falla-a-favor-del-gas-como-extintor-de-incendios-no-danino\/#authorImage","url":"https:\/\/secure.gravatar.com\/avatar\/496a8e03d0c493ede1718b7934145dbdf8d89be1036b0eec9544e1094c9de390?s=96&d=mm&r=g","width":96,"height":96,"caption":"Cand\u00e1s 365"},"sameAs":["https:\/\/www.facebook.com\/carrenoactualidad","https:\/\/twitter.com\/nbasturias","https:\/\/www.instagram.com\/nachofdezber\/","https:\/\/www.youtube.com\/channel\/UCZP-2wLEB9Rv6erhFmqVnvg"]},{"@type":"WebPage","@id":"https:\/\/candas365.es\/noticias\/el-tribunal-de-contratacion-de-la-cam-falla-a-favor-del-gas-como-extintor-de-incendios-no-danino\/#webpage","url":"https:\/\/candas365.es\/noticias\/el-tribunal-de-contratacion-de-la-cam-falla-a-favor-del-gas-como-extintor-de-incendios-no-danino\/","name":"El Tribunal de Contrataci\u00f3n de la CAM falla a favor del gas como extintor de incendios no da\u00f1ino | Cand\u00e1s 365","description":"El Tribunal Administrativo de Contrataci\u00f3n P\u00fablica de la Comunidad de Madrid (TRLCSP) ha desestimado el recurso 71\/2016 en relaci\u00f3n al pliego de Prescripciones T\u00e9cnicas del contrato de \u201cServicios para el traslado, dep\u00f3sito, custodia y gesti\u00f3n de archivos de los expedientes generados y archivados por el \u00c1rea de Gobierno de Desarrollo Urbano Sostenible\u201d del Ayuntamiento de Madrid. En","inLanguage":"es-ES","isPartOf":{"@id":"https:\/\/candas365.es\/noticias\/#website"},"breadcrumb":{"@id":"https:\/\/candas365.es\/noticias\/el-tribunal-de-contratacion-de-la-cam-falla-a-favor-del-gas-como-extintor-de-incendios-no-danino\/#breadcrumblist"},"author":{"@id":"https:\/\/candas365.es\/noticias\/author\/admin\/#author"},"creator":{"@id":"https:\/\/candas365.es\/noticias\/author\/admin\/#author"},"image":{"@type":"ImageObject","url":"https:\/\/candas365.es\/noticias\/wp-content\/uploads\/2016\/07\/1468832505_extincion_por_gas_inocuo_72dpi.jpg","@id":"https:\/\/candas365.es\/noticias\/el-tribunal-de-contratacion-de-la-cam-falla-a-favor-del-gas-como-extintor-de-incendios-no-danino\/#mainImage","width":700,"height":332},"primaryImageOfPage":{"@id":"https:\/\/candas365.es\/noticias\/el-tribunal-de-contratacion-de-la-cam-falla-a-favor-del-gas-como-extintor-de-incendios-no-danino\/#mainImage"},"datePublished":"2016-07-19T11:26:48+02:00","dateModified":"2016-07-19T11:26:48+02:00"},{"@type":"WebSite","@id":"https:\/\/candas365.es\/noticias\/#website","url":"https:\/\/candas365.es\/noticias\/","name":"Cand\u00e1s 365","alternateName":"Cand\u00e1s 365 Noticias","description":"Actualidad desde Carre\u00f1o para el mundo","inLanguage":"es-ES","publisher":{"@id":"https:\/\/candas365.es\/noticias\/#organization"}}]},"og:locale":"es_ES","og:site_name":"Cand\u00e1s 365","og:type":"article","og:title":"El Tribunal de Contrataci\u00f3n de la CAM falla a favor del gas como extintor de incendios no da\u00f1ino | Cand\u00e1s 365","og:description":"El Tribunal Administrativo de Contrataci\u00f3n P\u00fablica de la Comunidad de Madrid (TRLCSP) ha desestimado el recurso 71\/2016 en relaci\u00f3n al pliego de Prescripciones T\u00e9cnicas del contrato de \u201cServicios para el traslado, dep\u00f3sito, custodia y gesti\u00f3n de archivos de los expedientes generados y archivados por el \u00c1rea de Gobierno de Desarrollo Urbano Sostenible\u201d del Ayuntamiento de Madrid. En","og:url":"https:\/\/candas365.es\/noticias\/el-tribunal-de-contratacion-de-la-cam-falla-a-favor-del-gas-como-extintor-de-incendios-no-danino\/","og:image":"https:\/\/candas365.es\/noticias\/wp-content\/uploads\/2016\/07\/1468832505_extincion_por_gas_inocuo_72dpi.jpg","og:image:secure_url":"https:\/\/candas365.es\/noticias\/wp-content\/uploads\/2016\/07\/1468832505_extincion_por_gas_inocuo_72dpi.jpg","og:image:width":700,"og:image:height":332,"article:published_time":"2016-07-19T09:56:48+00:00","article:modified_time":"2016-07-19T09:56:48+00:00","article:publisher":"https:\/\/www.facebook.com\/Nachofdezber","article:author":"https:\/\/www.facebook.com\/carrenoactualidad","twitter:card":"summary_large_image","twitter:site":"@NabercoDigital","twitter:title":"El Tribunal de Contrataci\u00f3n de la CAM falla a favor del gas como extintor de incendios no da\u00f1ino | Cand\u00e1s 365","twitter:description":"El Tribunal Administrativo de Contrataci\u00f3n P\u00fablica de la Comunidad de Madrid (TRLCSP) ha desestimado el recurso 71\/2016 en relaci\u00f3n al pliego de Prescripciones T\u00e9cnicas del contrato de \u201cServicios para el traslado, dep\u00f3sito, custodia y gesti\u00f3n de archivos de los expedientes generados y archivados por el \u00c1rea de Gobierno de Desarrollo Urbano Sostenible\u201d del Ayuntamiento de Madrid. En","twitter:creator":"@nbasturias","twitter:image":"https:\/\/candas365.es\/noticias\/wp-content\/uploads\/2016\/07\/1468832505_extincion_por_gas_inocuo_72dpi.jpg","twitter:label1":"Escrito por","twitter:data1":"Cand\u00e1s 365","twitter:label2":"Tiempo de lectura estimado","twitter:data2":"2 minutos"},"aioseo_meta_data":{"post_id":"32313","title":null,"description":null,"keywords":null,"keyphrases":null,"primary_term":null,"canonical_url":null,"og_title":null,"og_description":null,"og_object_type":"default","og_image_type":"default","og_image_url":null,"og_image_width":null,"og_image_height":null,"og_image_custom_url":null,"og_image_custom_fields":null,"og_video":null,"og_custom_url":null,"og_article_section":null,"og_article_tags":null,"twitter_use_og":false,"twitter_card":"default","twitter_image_type":"default","twitter_image_url":null,"twitter_image_custom_url":null,"twitter_image_custom_fields":null,"twitter_title":null,"twitter_description":null,"schema":{"blockGraphs":[],"customGraphs":[],"default":{"data":{"Article":[],"Course":[],"Dataset":[],"FAQPage":[],"Movie":[],"Person":[],"Product":[],"ProductReview":[],"Car":[],"Recipe":[],"Service":[],"SoftwareApplication":[],"WebPage":[]},"graphName":"","isEnabled":true},"graphs":[],"defaultGraph":"","defaultPostTypeGraph":""},"schema_type":null,"schema_type_options":null,"pillar_content":false,"robots_default":true,"robots_noindex":false,"robots_noarchive":false,"robots_nosnippet":false,"robots_nofollow":false,"robots_noimageindex":false,"robots_noodp":false,"robots_notranslate":false,"robots_max_snippet":null,"robots_max_videopreview":null,"robots_max_imagepreview":"large","priority":null,"frequency":null,"location":null,"local_seo":null,"seo_analyzer_scan_date":"2025-08-24 15:12:10","breadcrumb_settings":null,"limit_modified_date":false,"reviewed_by":null,"open_ai":null,"ai":null,"created":"2020-12-21 13:03:28","updated":"2025-08-24 15:12:10"},"aioseo_breadcrumb":"<div class=\"aioseo-breadcrumbs\"><span class=\"aioseo-breadcrumb\">\n\t<a href=\"https:\/\/candas365.es\/noticias\" title=\"Home\">Home<\/a>\n<\/span><span class=\"aioseo-breadcrumb-separator\">&ndash;<\/span><span class=\"aioseo-breadcrumb\">\n\t<a href=\"https:\/\/candas365.es\/noticias\/category\/actualidad\/\" title=\"Actualidad\">Actualidad<\/a>\n<\/span><span class=\"aioseo-breadcrumb-separator\">&ndash;<\/span><span class=\"aioseo-breadcrumb\">\n\tEl Tribunal de Contrataci\u00f3n de la CAM falla a favor del gas como extintor de incendios no da\u00f1ino\n<\/span><\/div>","aioseo_breadcrumb_json":[{"label":"Home","link":"https:\/\/candas365.es\/noticias"},{"label":"Actualidad","link":"https:\/\/candas365.es\/noticias\/category\/actualidad\/"},{"label":"El Tribunal de Contrataci\u00f3n de la CAM falla a favor del gas como extintor de incendios no da\u00f1ino","link":"https:\/\/candas365.es\/noticias\/el-tribunal-de-contratacion-de-la-cam-falla-a-favor-del-gas-como-extintor-de-incendios-no-danino\/"}],"_links":{"self":[{"href":"https:\/\/candas365.es\/noticias\/wp-json\/wp\/v2\/posts\/32313","targetHints":{"allow":["GET"]}}],"collection":[{"href":"https:\/\/candas365.es\/noticias\/wp-json\/wp\/v2\/posts"}],"about":[{"href":"https:\/\/candas365.es\/noticias\/wp-json\/wp\/v2\/types\/post"}],"author":[{"embeddable":true,"href":"https:\/\/candas365.es\/noticias\/wp-json\/wp\/v2\/users\/1"}],"replies":[{"embeddable":true,"href":"https:\/\/candas365.es\/noticias\/wp-json\/wp\/v2\/comments?post=32313"}],"version-history":[{"count":0,"href":"https:\/\/candas365.es\/noticias\/wp-json\/wp\/v2\/posts\/32313\/revisions"}],"wp:featuredmedia":[{"embeddable":true,"href":"https:\/\/candas365.es\/noticias\/wp-json\/wp\/v2\/media\/32314"}],"wp:attachment":[{"href":"https:\/\/candas365.es\/noticias\/wp-json\/wp\/v2\/media?parent=32313"}],"wp:term":[{"taxonomy":"category","embeddable":true,"href":"https:\/\/candas365.es\/noticias\/wp-json\/wp\/v2\/categories?post=32313"},{"taxonomy":"post_tag","embeddable":true,"href":"https:\/\/candas365.es\/noticias\/wp-json\/wp\/v2\/tags?post=32313"}],"curies":[{"name":"wp","href":"https:\/\/api.w.org\/{rel}","templated":true}]}}