{"id":32311,"date":"2016-07-19T11:21:28","date_gmt":"2016-07-19T09:51:28","guid":{"rendered":"http:\/\/candas365.es\/noticias\/?p=32311"},"modified":"2016-07-19T11:21:28","modified_gmt":"2016-07-19T09:51:28","slug":"espana-es-elegida-miembro-del-buro-del-comite-de-pesquerias-de-la-fao","status":"publish","type":"post","link":"https:\/\/candas365.es\/noticias\/espana-es-elegida-miembro-del-buro-del-comite-de-pesquerias-de-la-fao\/","title":{"rendered":"Espa\u00f1a es elegida miembro del Bur\u00f3 del Comit\u00e9 de Pesquer\u00edas de la FAO"},"content":{"rendered":"<p>Espa\u00f1a ha sido elegida como miembro del<strong> Bur\u00f3 del Comit\u00e9 de Pesquer\u00edas (COFI),<\/strong> de la Organizaci\u00f3n de las Naciones Unidas para la Alimentaci\u00f3n y la Agricultura (<strong>FAO<\/strong>), en representaci\u00f3n de los 47 pa\u00edses del Grupo Regional Europeo.<\/p>\n<p>Esta mesa de estudio, que se re\u00fane peri\u00f3dicamente durante el periodo bianual entre las sesiones del COFI, es un \u00f3rgano de apoyo para la preparaci\u00f3n y seguimiento de las acciones de este Comit\u00e9.<\/p>\n<p>En este \u00e1mbito, Espa\u00f1a participar\u00e1 activamente en la toma de decisiones y en la preparaci\u00f3n de los temas a debatir, aportando su experiencia tanto en la producci\u00f3n de pesca y acuicultura, como en los mercados internacionales.<\/p>\n<p><strong>Comit\u00e9 de Pesquer\u00edas<\/strong><\/p>\n<p>El Comit\u00e9 de Pesquer\u00edas fue creado en 1965 como un \u00f3rgano auxiliar del Consejo de la FAO. Se trata de un foro mundial intergubernamental para examinar las principales cuestiones y problemas internacionales de la pesca y la acuicultura. En su seno se formulan recomendaciones para los gobiernos, las organizaciones regionales de pesca, las ONG, los pescadores, la propia FAO y la comunidad internacional.<\/p>\n<p>El COFI se constituye como un lugar de negociaci\u00f3n de acuerdos mundiales e instrumentos no vinculantes, cuyas principales estrategias son fortalecer la aplicaci\u00f3n de normas mundiales bajo el marco del C\u00f3digo de Conducta de la Pesca Responsable, establecer un sistema s\u00f3lido de gobernanza internacional de la pesca y mejorar la eficacia en la gesti\u00f3n del pescado de captura.<\/p>\n<p>Entre sus estrategias tambi\u00e9n se encuentra aumentar el rendimiento y la sostenibilidad de la acuicultura, mejorar la inocuidad y la eficiencia de las pr\u00e1cticas pesqueras e incrementar la rentabilidad de la explotaci\u00f3n post-captura del pescado, en particular su comercializaci\u00f3n.<\/p>\n<p>Este comit\u00e9 se compone de dos subcomit\u00e9s, que se re\u00fanen bianualmente para tratar temas espec\u00edficos relacionados con la acuicultura (Subcomit\u00e9 de Acuicultura) y con el comercio de los productos de la pesca y de la acuicultura (Subcomit\u00e9 de Comercio Pesquero).<\/p>\n<p><strong>Colaboraci\u00f3n con la FAO<\/strong><\/p>\n<p>En el \u00faltimo a\u00f1o, Espa\u00f1a ha colaborado de manera especial con la FAO en dos importantes eventos. Por un lado, en la Conferencia sobre el C\u00f3digo de Conducta para la Pesca Responsable de la FAO, celebrada en Vigo el 8 de octubre de 2015, con motivo del 20 aniversario de su adopci\u00f3n..<\/p>\n<p>Esta Conferencia cont\u00f3 con la asistencia de la ministra de Agricultura, Alimentaci\u00f3n y Medio Ambiente, Isabel Garc\u00eda Tejerina, y con la participaci\u00f3n de 72 delegaciones compuestas de ministros, investigadores y directivos de la industria pesquera.<\/p>\n<p>Por otro lado, en diciembre de 2015 se firm\u00f3 el Acuerdo de colaboraci\u00f3n entre el Ministerio de Agricultura, Alimentaci\u00f3n y Medio Ambiente y la FAO, para el \u00abPrograma del Registro Mundial de Buques Pesqueros\u00bb. Espa\u00f1a es uno de los principales impulsores de este proyecto, con una aportaci\u00f3n en 2015 de 250.000 euros.<\/p>\n<p>Esta iniciativa de crear un registro mundial de buques busca incrementar la transparencia y rastreabilidad de los buques y sus actividades, as\u00ed como de los productos pesqueros, mediante el establecimiento de un identificador \u00fanico para cada buque y el intercambio y difusi\u00f3n de informaci\u00f3n. Se trata de una herramienta esencial en la lucha contra la pesca ilegal no declarada y no reglamentada.<\/p>\n<p><em>El contenido de este comunicado fue publicado primero en la p\u00e1gina web del CEDEX<\/em><\/p>\n","protected":false},"excerpt":{"rendered":"<p>Espa\u00f1a ha sido elegida como miembro del Bur\u00f3 del Comit\u00e9 de Pesquer\u00edas (COFI), de la Organizaci\u00f3n de las Naciones Unidas para la Alimentaci\u00f3n y la Agricultura (FAO), en representaci\u00f3n de los 47 pa\u00edses del Grupo Regional Europeo. Esta mesa de estudio, que se re\u00fane peri\u00f3dicamente durante el periodo bianual entre las sesiones del COFI, es<\/p>\n","protected":false},"author":1,"featured_media":16457,"comment_status":"closed","ping_status":"closed","sticky":false,"template":"","format":"standard","meta":{"footnotes":""},"categories":[343],"tags":[],"class_list":{"0":"post-32311","1":"post","2":"type-post","3":"status-publish","4":"format-standard","5":"has-post-thumbnail","7":"category-actualidad"},"aioseo_notices":[],"aioseo_head":"\n\t\t<!-- All in One SEO Pro 4.9.6.2 - aioseo.com -->\n\t<meta name=\"description\" content=\"Espa\u00f1a ha sido elegida como miembro del Bur\u00f3 del Comit\u00e9 de Pesquer\u00edas (COFI), de la Organizaci\u00f3n de las Naciones Unidas para la Alimentaci\u00f3n y la Agricultura (FAO), en representaci\u00f3n de los 47 pa\u00edses del Grupo Regional Europeo. Esta mesa de estudio, que se re\u00fane peri\u00f3dicamente durante el periodo bianual entre las sesiones del COFI, es\" \/>\n\t<meta name=\"robots\" content=\"max-image-preview:large\" \/>\n\t<meta name=\"author\" content=\"Cand\u00e1s 365\"\/>\n\t<meta name=\"google-site-verification\" content=\"UA-32230408-1\" \/>\n\t<meta name=\"msvalidate.01\" content=\"354F3CDFB2DA171B47FBE9ABF1F88D5\" \/>\n\t<meta name=\"keywords\" content=\"actualidad\" \/>\n\t<link rel=\"canonical\" href=\"https:\/\/candas365.es\/noticias\/espana-es-elegida-miembro-del-buro-del-comite-de-pesquerias-de-la-fao\/\" \/>\n\t<meta name=\"generator\" content=\"All in One SEO Pro (AIOSEO) 4.9.6.2\" \/>\n\t\t<meta property=\"og:locale\" content=\"es_ES\" \/>\n\t\t<meta property=\"og:site_name\" content=\"Cand\u00e1s 365\" \/>\n\t\t<meta property=\"og:type\" content=\"article\" \/>\n\t\t<meta property=\"og:title\" content=\"Espa\u00f1a es elegida miembro del Bur\u00f3 del Comit\u00e9 de Pesquer\u00edas de la FAO | Cand\u00e1s 365\" \/>\n\t\t<meta property=\"og:description\" content=\"Espa\u00f1a ha sido elegida como miembro del Bur\u00f3 del Comit\u00e9 de Pesquer\u00edas (COFI), de la Organizaci\u00f3n de las Naciones Unidas para la Alimentaci\u00f3n y la Agricultura (FAO), en representaci\u00f3n de los 47 pa\u00edses del Grupo Regional Europeo. Esta mesa de estudio, que se re\u00fane peri\u00f3dicamente durante el periodo bianual entre las sesiones del COFI, es\" \/>\n\t\t<meta property=\"og:url\" content=\"https:\/\/candas365.es\/noticias\/espana-es-elegida-miembro-del-buro-del-comite-de-pesquerias-de-la-fao\/\" \/>\n\t\t<meta property=\"og:image\" content=\"https:\/\/candas365.es\/noticias\/wp-content\/uploads\/2015\/09\/c365noticias.jpg\" \/>\n\t\t<meta property=\"og:image:secure_url\" content=\"https:\/\/candas365.es\/noticias\/wp-content\/uploads\/2015\/09\/c365noticias.jpg\" \/>\n\t\t<meta property=\"og:image:width\" content=\"655\" \/>\n\t\t<meta property=\"og:image:height\" content=\"360\" \/>\n\t\t<meta property=\"article:published_time\" content=\"2016-07-19T09:51:28+00:00\" \/>\n\t\t<meta property=\"article:modified_time\" content=\"2016-07-19T09:51:28+00:00\" \/>\n\t\t<meta property=\"article:publisher\" content=\"https:\/\/www.facebook.com\/Nachofdezber\" \/>\n\t\t<meta property=\"article:author\" content=\"https:\/\/www.facebook.com\/carrenoactualidad\" \/>\n\t\t<meta name=\"twitter:card\" content=\"summary_large_image\" \/>\n\t\t<meta name=\"twitter:site\" content=\"@NabercoDigital\" \/>\n\t\t<meta name=\"twitter:title\" content=\"Espa\u00f1a es elegida miembro del Bur\u00f3 del Comit\u00e9 de Pesquer\u00edas de la FAO | Cand\u00e1s 365\" \/>\n\t\t<meta name=\"twitter:description\" content=\"Espa\u00f1a ha sido elegida como miembro del Bur\u00f3 del Comit\u00e9 de Pesquer\u00edas (COFI), de la Organizaci\u00f3n de las Naciones Unidas para la Alimentaci\u00f3n y la Agricultura (FAO), en representaci\u00f3n de los 47 pa\u00edses del Grupo Regional Europeo. Esta mesa de estudio, que se re\u00fane peri\u00f3dicamente durante el periodo bianual entre las sesiones del COFI, es\" \/>\n\t\t<meta name=\"twitter:creator\" content=\"@nbasturias\" \/>\n\t\t<meta name=\"twitter:image\" content=\"https:\/\/candas365.es\/noticias\/wp-content\/uploads\/2015\/09\/c365noticias.jpg\" \/>\n\t\t<meta name=\"twitter:label1\" content=\"Escrito por\" \/>\n\t\t<meta name=\"twitter:data1\" content=\"Cand\u00e1s 365\" \/>\n\t\t<meta name=\"twitter:label2\" content=\"Tiempo de lectura estimado\" \/>\n\t\t<meta name=\"twitter:data2\" content=\"3 minutos\" \/>\n\t\t<script type=\"application\/ld+json\" class=\"aioseo-schema\">\n\t\t\t{\"@context\":\"https:\\\/\\\/schema.org\",\"@graph\":[{\"@type\":\"BreadcrumbList\",\"@id\":\"https:\\\/\\\/candas365.es\\\/noticias\\\/espana-es-elegida-miembro-del-buro-del-comite-de-pesquerias-de-la-fao\\\/#breadcrumblist\",\"itemListElement\":[{\"@type\":\"ListItem\",\"@id\":\"https:\\\/\\\/candas365.es\\\/noticias#listItem\",\"position\":1,\"name\":\"Home\",\"item\":\"https:\\\/\\\/candas365.es\\\/noticias\",\"nextItem\":{\"@type\":\"ListItem\",\"@id\":\"https:\\\/\\\/candas365.es\\\/noticias\\\/category\\\/actualidad\\\/#listItem\",\"name\":\"Actualidad\"}},{\"@type\":\"ListItem\",\"@id\":\"https:\\\/\\\/candas365.es\\\/noticias\\\/category\\\/actualidad\\\/#listItem\",\"position\":2,\"name\":\"Actualidad\",\"item\":\"https:\\\/\\\/candas365.es\\\/noticias\\\/category\\\/actualidad\\\/\",\"nextItem\":{\"@type\":\"ListItem\",\"@id\":\"https:\\\/\\\/candas365.es\\\/noticias\\\/espana-es-elegida-miembro-del-buro-del-comite-de-pesquerias-de-la-fao\\\/#listItem\",\"name\":\"Espa\\u00f1a es elegida miembro del Bur\\u00f3 del Comit\\u00e9 de Pesquer\\u00edas de la FAO\"},\"previousItem\":{\"@type\":\"ListItem\",\"@id\":\"https:\\\/\\\/candas365.es\\\/noticias#listItem\",\"name\":\"Home\"}},{\"@type\":\"ListItem\",\"@id\":\"https:\\\/\\\/candas365.es\\\/noticias\\\/espana-es-elegida-miembro-del-buro-del-comite-de-pesquerias-de-la-fao\\\/#listItem\",\"position\":3,\"name\":\"Espa\\u00f1a es elegida miembro del Bur\\u00f3 del Comit\\u00e9 de Pesquer\\u00edas de la FAO\",\"previousItem\":{\"@type\":\"ListItem\",\"@id\":\"https:\\\/\\\/candas365.es\\\/noticias\\\/category\\\/actualidad\\\/#listItem\",\"name\":\"Actualidad\"}}]},{\"@type\":\"NewsArticle\",\"@id\":\"https:\\\/\\\/candas365.es\\\/noticias\\\/espana-es-elegida-miembro-del-buro-del-comite-de-pesquerias-de-la-fao\\\/#newsarticle\",\"name\":\"Espa\\u00f1a es elegida miembro del Bur\\u00f3 del Comit\\u00e9 de Pesquer\\u00edas de la FAO | Cand\\u00e1s 365\",\"headline\":\"Espa\\u00f1a es elegida miembro del Bur\\u00f3 del Comit\\u00e9 de Pesquer\\u00edas de la FAO\",\"author\":{\"@id\":\"https:\\\/\\\/candas365.es\\\/noticias\\\/author\\\/admin\\\/#author\"},\"publisher\":{\"@id\":\"https:\\\/\\\/candas365.es\\\/noticias\\\/#organization\"},\"image\":{\"@type\":\"ImageObject\",\"url\":\"https:\\\/\\\/candas365.es\\\/noticias\\\/wp-content\\\/uploads\\\/2015\\\/09\\\/c365noticias.jpg\",\"width\":655,\"height\":360},\"datePublished\":\"2016-07-19T11:21:28+02:00\",\"dateModified\":\"2016-07-19T11:21:28+02:00\",\"inLanguage\":\"es-ES\",\"mainEntityOfPage\":{\"@id\":\"https:\\\/\\\/candas365.es\\\/noticias\\\/espana-es-elegida-miembro-del-buro-del-comite-de-pesquerias-de-la-fao\\\/#webpage\"},\"isPartOf\":{\"@id\":\"https:\\\/\\\/candas365.es\\\/noticias\\\/espana-es-elegida-miembro-del-buro-del-comite-de-pesquerias-de-la-fao\\\/#webpage\"},\"articleSection\":\"Actualidad\",\"dateline\":\"Publicado el julio 19, 2016.\"},{\"@type\":\"Organization\",\"@id\":\"https:\\\/\\\/candas365.es\\\/noticias\\\/#organization\",\"name\":\"Cand\\u00e1s 365\",\"description\":\"Cand\\u00e1s 365 es un diario digital independiente, fundado en 2012, con base en Asturias. Informamos con rigor sobre actualidad, sociedad, cultura y ocio, con una mirada local y global.\",\"url\":\"https:\\\/\\\/candas365.es\\\/noticias\\\/\",\"email\":\"info@candas365.es\",\"telephone\":\"+34652131393\",\"foundingDate\":\"2012-06-10\",\"logo\":{\"@type\":\"ImageObject\",\"url\":\"https:\\\/\\\/candas365.es\\\/noticias\\\/wp-content\\\/uploads\\\/2024\\\/09\\\/Candas-365-Redes.jpg\",\"@id\":\"https:\\\/\\\/candas365.es\\\/noticias\\\/espana-es-elegida-miembro-del-buro-del-comite-de-pesquerias-de-la-fao\\\/#organizationLogo\",\"width\":1152,\"height\":864,\"caption\":\"Cand\\u00e1s 365 Redes\"},\"image\":{\"@id\":\"https:\\\/\\\/candas365.es\\\/noticias\\\/espana-es-elegida-miembro-del-buro-del-comite-de-pesquerias-de-la-fao\\\/#organizationLogo\"},\"sameAs\":[\"https:\\\/\\\/www.facebook.com\\\/Nachofdezber\",\"https:\\\/\\\/x.com\\\/NabercoDigital\",\"https:\\\/\\\/www.instagram.com\\\/nachofdezber\\\/\",\"https:\\\/\\\/www.youtube.com\\\/channel\\\/UCZP-2wLEB9Rv6erhFmqVnvg\"],\"address\":{\"@id\":\"https:\\\/\\\/candas365.es\\\/noticias\\\/#postaladdress\",\"@type\":\"PostalAddress\",\"streetAddress\":\"san antonio 4, san antonio 4\",\"postalCode\":\"33430\",\"addressLocality\":\"Cand\\u00e1s\",\"addressRegion\":\"Asturias\",\"addressCountry\":\"ES\"}},{\"@type\":\"Person\",\"@id\":\"https:\\\/\\\/candas365.es\\\/noticias\\\/author\\\/admin\\\/#author\",\"url\":\"https:\\\/\\\/candas365.es\\\/noticias\\\/author\\\/admin\\\/\",\"name\":\"Cand\\u00e1s 365\",\"image\":{\"@type\":\"ImageObject\",\"@id\":\"https:\\\/\\\/candas365.es\\\/noticias\\\/espana-es-elegida-miembro-del-buro-del-comite-de-pesquerias-de-la-fao\\\/#authorImage\",\"url\":\"https:\\\/\\\/secure.gravatar.com\\\/avatar\\\/496a8e03d0c493ede1718b7934145dbdf8d89be1036b0eec9544e1094c9de390?s=96&d=mm&r=g\",\"width\":96,\"height\":96,\"caption\":\"Cand\\u00e1s 365\"},\"sameAs\":[\"https:\\\/\\\/www.facebook.com\\\/carrenoactualidad\",\"https:\\\/\\\/twitter.com\\\/nbasturias\",\"https:\\\/\\\/www.instagram.com\\\/nachofdezber\\\/\",\"https:\\\/\\\/www.youtube.com\\\/channel\\\/UCZP-2wLEB9Rv6erhFmqVnvg\"]},{\"@type\":\"WebPage\",\"@id\":\"https:\\\/\\\/candas365.es\\\/noticias\\\/espana-es-elegida-miembro-del-buro-del-comite-de-pesquerias-de-la-fao\\\/#webpage\",\"url\":\"https:\\\/\\\/candas365.es\\\/noticias\\\/espana-es-elegida-miembro-del-buro-del-comite-de-pesquerias-de-la-fao\\\/\",\"name\":\"Espa\\u00f1a es elegida miembro del Bur\\u00f3 del Comit\\u00e9 de Pesquer\\u00edas de la FAO | Cand\\u00e1s 365\",\"description\":\"Espa\\u00f1a ha sido elegida como miembro del Bur\\u00f3 del Comit\\u00e9 de Pesquer\\u00edas (COFI), de la Organizaci\\u00f3n de las Naciones Unidas para la Alimentaci\\u00f3n y la Agricultura (FAO), en representaci\\u00f3n de los 47 pa\\u00edses del Grupo Regional Europeo. Esta mesa de estudio, que se re\\u00fane peri\\u00f3dicamente durante el periodo bianual entre las sesiones del COFI, es\",\"inLanguage\":\"es-ES\",\"isPartOf\":{\"@id\":\"https:\\\/\\\/candas365.es\\\/noticias\\\/#website\"},\"breadcrumb\":{\"@id\":\"https:\\\/\\\/candas365.es\\\/noticias\\\/espana-es-elegida-miembro-del-buro-del-comite-de-pesquerias-de-la-fao\\\/#breadcrumblist\"},\"author\":{\"@id\":\"https:\\\/\\\/candas365.es\\\/noticias\\\/author\\\/admin\\\/#author\"},\"creator\":{\"@id\":\"https:\\\/\\\/candas365.es\\\/noticias\\\/author\\\/admin\\\/#author\"},\"image\":{\"@type\":\"ImageObject\",\"url\":\"https:\\\/\\\/candas365.es\\\/noticias\\\/wp-content\\\/uploads\\\/2015\\\/09\\\/c365noticias.jpg\",\"@id\":\"https:\\\/\\\/candas365.es\\\/noticias\\\/espana-es-elegida-miembro-del-buro-del-comite-de-pesquerias-de-la-fao\\\/#mainImage\",\"width\":655,\"height\":360},\"primaryImageOfPage\":{\"@id\":\"https:\\\/\\\/candas365.es\\\/noticias\\\/espana-es-elegida-miembro-del-buro-del-comite-de-pesquerias-de-la-fao\\\/#mainImage\"},\"datePublished\":\"2016-07-19T11:21:28+02:00\",\"dateModified\":\"2016-07-19T11:21:28+02:00\"},{\"@type\":\"WebSite\",\"@id\":\"https:\\\/\\\/candas365.es\\\/noticias\\\/#website\",\"url\":\"https:\\\/\\\/candas365.es\\\/noticias\\\/\",\"name\":\"Cand\\u00e1s 365\",\"alternateName\":\"Cand\\u00e1s 365 Noticias\",\"description\":\"Actualidad desde Carre\\u00f1o para el mundo\",\"inLanguage\":\"es-ES\",\"publisher\":{\"@id\":\"https:\\\/\\\/candas365.es\\\/noticias\\\/#organization\"}}]}\n\t\t<\/script>\n\t\t<!-- All in One SEO Pro -->\r\n\t\t<title>Espa\u00f1a es elegida miembro del Bur\u00f3 del Comit\u00e9 de Pesquer\u00edas de la FAO | Cand\u00e1s 365<\/title>\n\n","aioseo_head_json":{"title":"Espa\u00f1a es elegida miembro del Bur\u00f3 del Comit\u00e9 de Pesquer\u00edas de la FAO | Cand\u00e1s 365","description":"Espa\u00f1a ha sido elegida como miembro del Bur\u00f3 del Comit\u00e9 de Pesquer\u00edas (COFI), de la Organizaci\u00f3n de las Naciones Unidas para la Alimentaci\u00f3n y la Agricultura (FAO), en representaci\u00f3n de los 47 pa\u00edses del Grupo Regional Europeo. Esta mesa de estudio, que se re\u00fane peri\u00f3dicamente durante el periodo bianual entre las sesiones del COFI, es","canonical_url":"https:\/\/candas365.es\/noticias\/espana-es-elegida-miembro-del-buro-del-comite-de-pesquerias-de-la-fao\/","robots":"max-image-preview:large","keywords":"actualidad","webmasterTools":{"google-site-verification":"UA-32230408-1","msvalidate.01":"354F3CDFB2DA171B47FBE9ABF1F88D5","miscellaneous":""},"schema":{"@context":"https:\/\/schema.org","@graph":[{"@type":"BreadcrumbList","@id":"https:\/\/candas365.es\/noticias\/espana-es-elegida-miembro-del-buro-del-comite-de-pesquerias-de-la-fao\/#breadcrumblist","itemListElement":[{"@type":"ListItem","@id":"https:\/\/candas365.es\/noticias#listItem","position":1,"name":"Home","item":"https:\/\/candas365.es\/noticias","nextItem":{"@type":"ListItem","@id":"https:\/\/candas365.es\/noticias\/category\/actualidad\/#listItem","name":"Actualidad"}},{"@type":"ListItem","@id":"https:\/\/candas365.es\/noticias\/category\/actualidad\/#listItem","position":2,"name":"Actualidad","item":"https:\/\/candas365.es\/noticias\/category\/actualidad\/","nextItem":{"@type":"ListItem","@id":"https:\/\/candas365.es\/noticias\/espana-es-elegida-miembro-del-buro-del-comite-de-pesquerias-de-la-fao\/#listItem","name":"Espa\u00f1a es elegida miembro del Bur\u00f3 del Comit\u00e9 de Pesquer\u00edas de la FAO"},"previousItem":{"@type":"ListItem","@id":"https:\/\/candas365.es\/noticias#listItem","name":"Home"}},{"@type":"ListItem","@id":"https:\/\/candas365.es\/noticias\/espana-es-elegida-miembro-del-buro-del-comite-de-pesquerias-de-la-fao\/#listItem","position":3,"name":"Espa\u00f1a es elegida miembro del Bur\u00f3 del Comit\u00e9 de Pesquer\u00edas de la FAO","previousItem":{"@type":"ListItem","@id":"https:\/\/candas365.es\/noticias\/category\/actualidad\/#listItem","name":"Actualidad"}}]},{"@type":"NewsArticle","@id":"https:\/\/candas365.es\/noticias\/espana-es-elegida-miembro-del-buro-del-comite-de-pesquerias-de-la-fao\/#newsarticle","name":"Espa\u00f1a es elegida miembro del Bur\u00f3 del Comit\u00e9 de Pesquer\u00edas de la FAO | Cand\u00e1s 365","headline":"Espa\u00f1a es elegida miembro del Bur\u00f3 del Comit\u00e9 de Pesquer\u00edas de la FAO","author":{"@id":"https:\/\/candas365.es\/noticias\/author\/admin\/#author"},"publisher":{"@id":"https:\/\/candas365.es\/noticias\/#organization"},"image":{"@type":"ImageObject","url":"https:\/\/candas365.es\/noticias\/wp-content\/uploads\/2015\/09\/c365noticias.jpg","width":655,"height":360},"datePublished":"2016-07-19T11:21:28+02:00","dateModified":"2016-07-19T11:21:28+02:00","inLanguage":"es-ES","mainEntityOfPage":{"@id":"https:\/\/candas365.es\/noticias\/espana-es-elegida-miembro-del-buro-del-comite-de-pesquerias-de-la-fao\/#webpage"},"isPartOf":{"@id":"https:\/\/candas365.es\/noticias\/espana-es-elegida-miembro-del-buro-del-comite-de-pesquerias-de-la-fao\/#webpage"},"articleSection":"Actualidad","dateline":"Publicado el julio 19, 2016."},{"@type":"Organization","@id":"https:\/\/candas365.es\/noticias\/#organization","name":"Cand\u00e1s 365","description":"Cand\u00e1s 365 es un diario digital independiente, fundado en 2012, con base en Asturias. Informamos con rigor sobre actualidad, sociedad, cultura y ocio, con una mirada local y global.","url":"https:\/\/candas365.es\/noticias\/","email":"info@candas365.es","telephone":"+34652131393","foundingDate":"2012-06-10","logo":{"@type":"ImageObject","url":"https:\/\/candas365.es\/noticias\/wp-content\/uploads\/2024\/09\/Candas-365-Redes.jpg","@id":"https:\/\/candas365.es\/noticias\/espana-es-elegida-miembro-del-buro-del-comite-de-pesquerias-de-la-fao\/#organizationLogo","width":1152,"height":864,"caption":"Cand\u00e1s 365 Redes"},"image":{"@id":"https:\/\/candas365.es\/noticias\/espana-es-elegida-miembro-del-buro-del-comite-de-pesquerias-de-la-fao\/#organizationLogo"},"sameAs":["https:\/\/www.facebook.com\/Nachofdezber","https:\/\/x.com\/NabercoDigital","https:\/\/www.instagram.com\/nachofdezber\/","https:\/\/www.youtube.com\/channel\/UCZP-2wLEB9Rv6erhFmqVnvg"],"address":{"@id":"https:\/\/candas365.es\/noticias\/#postaladdress","@type":"PostalAddress","streetAddress":"san antonio 4, san antonio 4","postalCode":"33430","addressLocality":"Cand\u00e1s","addressRegion":"Asturias","addressCountry":"ES"}},{"@type":"Person","@id":"https:\/\/candas365.es\/noticias\/author\/admin\/#author","url":"https:\/\/candas365.es\/noticias\/author\/admin\/","name":"Cand\u00e1s 365","image":{"@type":"ImageObject","@id":"https:\/\/candas365.es\/noticias\/espana-es-elegida-miembro-del-buro-del-comite-de-pesquerias-de-la-fao\/#authorImage","url":"https:\/\/secure.gravatar.com\/avatar\/496a8e03d0c493ede1718b7934145dbdf8d89be1036b0eec9544e1094c9de390?s=96&d=mm&r=g","width":96,"height":96,"caption":"Cand\u00e1s 365"},"sameAs":["https:\/\/www.facebook.com\/carrenoactualidad","https:\/\/twitter.com\/nbasturias","https:\/\/www.instagram.com\/nachofdezber\/","https:\/\/www.youtube.com\/channel\/UCZP-2wLEB9Rv6erhFmqVnvg"]},{"@type":"WebPage","@id":"https:\/\/candas365.es\/noticias\/espana-es-elegida-miembro-del-buro-del-comite-de-pesquerias-de-la-fao\/#webpage","url":"https:\/\/candas365.es\/noticias\/espana-es-elegida-miembro-del-buro-del-comite-de-pesquerias-de-la-fao\/","name":"Espa\u00f1a es elegida miembro del Bur\u00f3 del Comit\u00e9 de Pesquer\u00edas de la FAO | Cand\u00e1s 365","description":"Espa\u00f1a ha sido elegida como miembro del Bur\u00f3 del Comit\u00e9 de Pesquer\u00edas (COFI), de la Organizaci\u00f3n de las Naciones Unidas para la Alimentaci\u00f3n y la Agricultura (FAO), en representaci\u00f3n de los 47 pa\u00edses del Grupo Regional Europeo. Esta mesa de estudio, que se re\u00fane peri\u00f3dicamente durante el periodo bianual entre las sesiones del COFI, es","inLanguage":"es-ES","isPartOf":{"@id":"https:\/\/candas365.es\/noticias\/#website"},"breadcrumb":{"@id":"https:\/\/candas365.es\/noticias\/espana-es-elegida-miembro-del-buro-del-comite-de-pesquerias-de-la-fao\/#breadcrumblist"},"author":{"@id":"https:\/\/candas365.es\/noticias\/author\/admin\/#author"},"creator":{"@id":"https:\/\/candas365.es\/noticias\/author\/admin\/#author"},"image":{"@type":"ImageObject","url":"https:\/\/candas365.es\/noticias\/wp-content\/uploads\/2015\/09\/c365noticias.jpg","@id":"https:\/\/candas365.es\/noticias\/espana-es-elegida-miembro-del-buro-del-comite-de-pesquerias-de-la-fao\/#mainImage","width":655,"height":360},"primaryImageOfPage":{"@id":"https:\/\/candas365.es\/noticias\/espana-es-elegida-miembro-del-buro-del-comite-de-pesquerias-de-la-fao\/#mainImage"},"datePublished":"2016-07-19T11:21:28+02:00","dateModified":"2016-07-19T11:21:28+02:00"},{"@type":"WebSite","@id":"https:\/\/candas365.es\/noticias\/#website","url":"https:\/\/candas365.es\/noticias\/","name":"Cand\u00e1s 365","alternateName":"Cand\u00e1s 365 Noticias","description":"Actualidad desde Carre\u00f1o para el mundo","inLanguage":"es-ES","publisher":{"@id":"https:\/\/candas365.es\/noticias\/#organization"}}]},"og:locale":"es_ES","og:site_name":"Cand\u00e1s 365","og:type":"article","og:title":"Espa\u00f1a es elegida miembro del Bur\u00f3 del Comit\u00e9 de Pesquer\u00edas de la FAO | Cand\u00e1s 365","og:description":"Espa\u00f1a ha sido elegida como miembro del Bur\u00f3 del Comit\u00e9 de Pesquer\u00edas (COFI), de la Organizaci\u00f3n de las Naciones Unidas para la Alimentaci\u00f3n y la Agricultura (FAO), en representaci\u00f3n de los 47 pa\u00edses del Grupo Regional Europeo. Esta mesa de estudio, que se re\u00fane peri\u00f3dicamente durante el periodo bianual entre las sesiones del COFI, es","og:url":"https:\/\/candas365.es\/noticias\/espana-es-elegida-miembro-del-buro-del-comite-de-pesquerias-de-la-fao\/","og:image":"https:\/\/candas365.es\/noticias\/wp-content\/uploads\/2015\/09\/c365noticias.jpg","og:image:secure_url":"https:\/\/candas365.es\/noticias\/wp-content\/uploads\/2015\/09\/c365noticias.jpg","og:image:width":655,"og:image:height":360,"article:published_time":"2016-07-19T09:51:28+00:00","article:modified_time":"2016-07-19T09:51:28+00:00","article:publisher":"https:\/\/www.facebook.com\/Nachofdezber","article:author":"https:\/\/www.facebook.com\/carrenoactualidad","twitter:card":"summary_large_image","twitter:site":"@NabercoDigital","twitter:title":"Espa\u00f1a es elegida miembro del Bur\u00f3 del Comit\u00e9 de Pesquer\u00edas de la FAO | Cand\u00e1s 365","twitter:description":"Espa\u00f1a ha sido elegida como miembro del Bur\u00f3 del Comit\u00e9 de Pesquer\u00edas (COFI), de la Organizaci\u00f3n de las Naciones Unidas para la Alimentaci\u00f3n y la Agricultura (FAO), en representaci\u00f3n de los 47 pa\u00edses del Grupo Regional Europeo. Esta mesa de estudio, que se re\u00fane peri\u00f3dicamente durante el periodo bianual entre las sesiones del COFI, es","twitter:creator":"@nbasturias","twitter:image":"https:\/\/candas365.es\/noticias\/wp-content\/uploads\/2015\/09\/c365noticias.jpg","twitter:label1":"Escrito por","twitter:data1":"Cand\u00e1s 365","twitter:label2":"Tiempo de lectura estimado","twitter:data2":"3 minutos"},"aioseo_meta_data":{"post_id":"32311","title":null,"description":null,"keywords":null,"keyphrases":null,"primary_term":null,"canonical_url":null,"og_title":null,"og_description":null,"og_object_type":"default","og_image_type":"default","og_image_url":null,"og_image_width":null,"og_image_height":null,"og_image_custom_url":null,"og_image_custom_fields":null,"og_video":null,"og_custom_url":null,"og_article_section":null,"og_article_tags":null,"twitter_use_og":false,"twitter_card":"default","twitter_image_type":"default","twitter_image_url":null,"twitter_image_custom_url":null,"twitter_image_custom_fields":null,"twitter_title":null,"twitter_description":null,"schema":{"blockGraphs":[],"customGraphs":[],"default":{"data":{"Article":[],"Course":[],"Dataset":[],"FAQPage":[],"Movie":[],"Person":[],"Product":[],"ProductReview":[],"Car":[],"Recipe":[],"Service":[],"SoftwareApplication":[],"WebPage":[]},"graphName":"","isEnabled":true},"graphs":[],"defaultGraph":"","defaultPostTypeGraph":""},"schema_type":null,"schema_type_options":null,"pillar_content":false,"robots_default":true,"robots_noindex":false,"robots_noarchive":false,"robots_nosnippet":false,"robots_nofollow":false,"robots_noimageindex":false,"robots_noodp":false,"robots_notranslate":false,"robots_max_snippet":null,"robots_max_videopreview":null,"robots_max_imagepreview":"large","priority":null,"frequency":null,"location":null,"local_seo":null,"seo_analyzer_scan_date":"2025-08-24 15:11:20","breadcrumb_settings":null,"limit_modified_date":false,"reviewed_by":null,"open_ai":null,"ai":null,"created":"2020-12-21 13:03:28","updated":"2025-08-24 15:11:20"},"aioseo_breadcrumb":"<div class=\"aioseo-breadcrumbs\"><span class=\"aioseo-breadcrumb\">\n\t<a href=\"https:\/\/candas365.es\/noticias\" title=\"Home\">Home<\/a>\n<\/span><span class=\"aioseo-breadcrumb-separator\">&ndash;<\/span><span class=\"aioseo-breadcrumb\">\n\t<a href=\"https:\/\/candas365.es\/noticias\/category\/actualidad\/\" title=\"Actualidad\">Actualidad<\/a>\n<\/span><span class=\"aioseo-breadcrumb-separator\">&ndash;<\/span><span class=\"aioseo-breadcrumb\">\n\tEspa\u00f1a es elegida miembro del Bur\u00f3 del Comit\u00e9 de Pesquer\u00edas de la FAO\n<\/span><\/div>","aioseo_breadcrumb_json":[{"label":"Home","link":"https:\/\/candas365.es\/noticias"},{"label":"Actualidad","link":"https:\/\/candas365.es\/noticias\/category\/actualidad\/"},{"label":"Espa\u00f1a es elegida miembro del Bur\u00f3 del Comit\u00e9 de Pesquer\u00edas de la FAO","link":"https:\/\/candas365.es\/noticias\/espana-es-elegida-miembro-del-buro-del-comite-de-pesquerias-de-la-fao\/"}],"_links":{"self":[{"href":"https:\/\/candas365.es\/noticias\/wp-json\/wp\/v2\/posts\/32311","targetHints":{"allow":["GET"]}}],"collection":[{"href":"https:\/\/candas365.es\/noticias\/wp-json\/wp\/v2\/posts"}],"about":[{"href":"https:\/\/candas365.es\/noticias\/wp-json\/wp\/v2\/types\/post"}],"author":[{"embeddable":true,"href":"https:\/\/candas365.es\/noticias\/wp-json\/wp\/v2\/users\/1"}],"replies":[{"embeddable":true,"href":"https:\/\/candas365.es\/noticias\/wp-json\/wp\/v2\/comments?post=32311"}],"version-history":[{"count":0,"href":"https:\/\/candas365.es\/noticias\/wp-json\/wp\/v2\/posts\/32311\/revisions"}],"wp:featuredmedia":[{"embeddable":true,"href":"https:\/\/candas365.es\/noticias\/wp-json\/wp\/v2\/media\/16457"}],"wp:attachment":[{"href":"https:\/\/candas365.es\/noticias\/wp-json\/wp\/v2\/media?parent=32311"}],"wp:term":[{"taxonomy":"category","embeddable":true,"href":"https:\/\/candas365.es\/noticias\/wp-json\/wp\/v2\/categories?post=32311"},{"taxonomy":"post_tag","embeddable":true,"href":"https:\/\/candas365.es\/noticias\/wp-json\/wp\/v2\/tags?post=32311"}],"curies":[{"name":"wp","href":"https:\/\/api.w.org\/{rel}","templated":true}]}}