{"id":32297,"date":"2016-07-19T11:15:32","date_gmt":"2016-07-19T09:45:32","guid":{"rendered":"http:\/\/candas365.es\/noticias\/?p=32297"},"modified":"2016-07-19T11:15:32","modified_gmt":"2016-07-19T09:45:32","slug":"distribuciones-campospan-150-anos-de-tradicion-panadera-con-cedec","status":"publish","type":"post","link":"https:\/\/candas365.es\/noticias\/distribuciones-campospan-150-anos-de-tradicion-panadera-con-cedec\/","title":{"rendered":"Distribuciones Campospan, 150 a\u00f1os de tradici\u00f3n panadera, con CEDEC"},"content":{"rendered":"<p><strong><img decoding=\"async\" class=\"alignleft size-full wp-image-32298\" src=\"https:\/\/candas365.es\/noticias\/wp-content\/uploads\/2016\/07\/1468824670_campospan.jpg\" alt=\"1468824670_campospan\" width=\"188\" height=\"156\" \/>Distribuciones Campospan\u00a0S.L.,<\/strong> es una empresa de tradici\u00f3n panadera con gran implantaci\u00f3n en Ciudad Real y toda su \u00e1rea de influencia. Con sede central en Torralba de Calatrava, la empresa est\u00e1 actualmente dirigida por la cuarta generaci\u00f3n de la misma familia.<\/p>\n<p>En estos 150 a\u00f1os de trayectoria desde su fundaci\u00f3n, <strong>Distribuciones Campospan<\/strong> ha incorporado al cat\u00e1logo de productos nuevas l\u00edneas acordes con los tiempos, como la boller\u00eda o la pasteler\u00eda, elaborados como el resto de sus productos, con ingredientes naturales en un meticuloso proceso artesanal.<\/p>\n<p>De la misma manera, <strong>Distribuciones Campospan<\/strong> han evolucionado las formas de distribuci\u00f3n, desde el reparto por fincas en sus or\u00edgenes, hasta su actual red de 27 establecimientos propios y franquiciados, convirti\u00e9ndose en todo un icono que da m\u00e1s de 42 puestos de trabajos directos y 100 indirectos en toda la provincia.<\/p>\n<p>Esta evoluci\u00f3n, sin embargo, no ha significado el abandono de las artesanales tradiciones que han acompa\u00f1ado a la empresa desde su fundaci\u00f3n. <strong>Distribuciones Campospan<\/strong> es una de las pocas panificadoras que dispone de certificado IGP (Indicaci\u00f3n Geogr\u00e1fica Protegida) para su Pan de Cruz de Ciudad Real, cuya antig\u00fcedad por referencias escritas datan de la \u00e9poca del Orden de los Caballeros Calatrava del siglo XIII.<\/p>\n<p>Su actitud inquieta, emprendedora y su obsesi\u00f3n por mantener la mayor calidad posible, convierte <strong>Distribuciones Campospan<\/strong> en todo un referente en la provincia.<\/p>\n<p><strong>Colaboraci\u00f3n con el <\/strong><strong>Centro Europeo de Evoluci\u00f3n Econ\u00f3mica S.A., CEDEC<\/strong><br \/>\nLa colaboraci\u00f3n de <strong>Distribuciones Campospan S.L.<\/strong> con la <strong>consultora estrat\u00e9gica<\/strong> para <strong>empresas,<\/strong><strong> Centro Europeo de Evoluci\u00f3n Econ\u00f3mica, S.A.,<\/strong> <strong>CEDEC<\/strong>, se inici\u00f3 en marzo de 2014.<\/p>\n<p>Mantener los est\u00e1ndares de calidad y el respeto a la tradici\u00f3n de manera continua, eficaz y rentable solo puede hacerse a trav\u00e9s de una correcta estrategia empresarial y unos m\u00e9todos de control precisos y exhaustivos, como los que se han puesto en marcha en la empresa, sentando unas s\u00f3lidas bases para la consecuci\u00f3n de la <strong>Excelencia Empresarial<\/strong> en su gesti\u00f3n.<strong>\u00a0<\/strong><\/p>\n<p><strong>Sobre CEDEC, Centro Europeo de Evoluci\u00f3n Econ\u00f3mica S.A.<\/strong><\/p>\n<p>El <strong>Centro Europeo de Evoluci\u00f3n Econ\u00f3mica S.A., CEDEC\u00a0<\/strong>es una <strong>consultora estrat\u00e9gica<\/strong> cuya finalidad es poner al alcance de las <strong>empresas<\/strong> los sistemas de organizaci\u00f3n que resulten m\u00e1s eficientes, optimizando as\u00ed sus resultados empresariales para la consecuci\u00f3n de la <strong>Excelencia Empresarial<\/strong> en todas ellas, adaptando los sistemas organizativos a las peculiaridades propias de cada tipo de empresa.<\/p>\n<p>Creada en Espa\u00f1a en 1971, en su larga trayectoria <strong>CEDEC, S.A.<\/strong> ha participado en proyectos de m\u00e1s de 50.000 empresas, en concreto m\u00e1s de 12.000 en Espa\u00f1a, ocupando una plantilla de m\u00e1s de 350 profesionales altamente cualificados en todas sus sedes, 80 de los cuales en Espa\u00f1a.<\/p>\n<p>Con <strong>sede en Bruselas<\/strong>, adem\u00e1s de <strong>Espa\u00f1a<\/strong>, la consultora estrat\u00e9gica para empresas est\u00e1 tambi\u00e9n presente en <strong>Francia, Luxemburgo, Italia y Suiza<\/strong>.<\/p>\n<p>El trabajo y consolidaci\u00f3n del <strong>Centro Europeo de Evoluci\u00f3n Econ\u00f3mica S.A. <\/strong>como consultora estrat\u00e9gica para empresas, puede verse reflejado tambi\u00e9n en los numerosos <strong>casos de \u00e9xito<\/strong> de empresas, tanto nacionales como internacionales, que ofrecen de forma desinteresada su <strong>opini\u00f3n sobre<\/strong> <strong>CEDEC\u00a0<\/strong>y que puede ser de consulta en las diferentes webs de los pa\u00edses donde est\u00e1 implantada la consultora <a href=\"http:\/\/www.cedec.es\/es\/testimonios\">http:\/\/www.cedec.es\/es\/testimonios<\/a><\/p>\n","protected":false},"excerpt":{"rendered":"<p>Distribuciones Campospan\u00a0S.L., es una empresa de tradici\u00f3n panadera con gran implantaci\u00f3n en Ciudad Real y toda su \u00e1rea de influencia. Con sede central en Torralba de Calatrava, la empresa est\u00e1 actualmente dirigida por la cuarta generaci\u00f3n de la misma familia. En estos 150 a\u00f1os de trayectoria desde su fundaci\u00f3n, Distribuciones Campospan ha incorporado al cat\u00e1logo<\/p>\n","protected":false},"author":1,"featured_media":16457,"comment_status":"closed","ping_status":"closed","sticky":false,"template":"","format":"standard","meta":{"footnotes":""},"categories":[343],"tags":[],"class_list":{"0":"post-32297","1":"post","2":"type-post","3":"status-publish","4":"format-standard","5":"has-post-thumbnail","7":"category-actualidad"},"aioseo_notices":[],"aioseo_head":"\n\t\t<!-- All in One SEO Pro 4.9.6.2 - aioseo.com -->\n\t<meta name=\"description\" content=\"Distribuciones Campospan S.L., es una empresa de tradici\u00f3n panadera con gran implantaci\u00f3n en Ciudad Real y toda su \u00e1rea de influencia. Con sede central en Torralba de Calatrava, la empresa est\u00e1 actualmente dirigida por la cuarta generaci\u00f3n de la misma familia. En estos 150 a\u00f1os de trayectoria desde su fundaci\u00f3n, Distribuciones Campospan ha incorporado al cat\u00e1logo\" \/>\n\t<meta name=\"robots\" content=\"max-image-preview:large\" \/>\n\t<meta name=\"author\" content=\"Cand\u00e1s 365\"\/>\n\t<meta name=\"google-site-verification\" content=\"UA-32230408-1\" \/>\n\t<meta name=\"msvalidate.01\" content=\"354F3CDFB2DA171B47FBE9ABF1F88D5\" \/>\n\t<meta name=\"keywords\" content=\"actualidad\" \/>\n\t<link rel=\"canonical\" href=\"https:\/\/candas365.es\/noticias\/distribuciones-campospan-150-anos-de-tradicion-panadera-con-cedec\/\" \/>\n\t<meta name=\"generator\" content=\"All in One SEO Pro (AIOSEO) 4.9.6.2\" \/>\n\t\t<meta property=\"og:locale\" content=\"es_ES\" \/>\n\t\t<meta property=\"og:site_name\" content=\"Cand\u00e1s 365\" \/>\n\t\t<meta property=\"og:type\" content=\"article\" \/>\n\t\t<meta property=\"og:title\" content=\"Distribuciones Campospan, 150 a\u00f1os de tradici\u00f3n panadera, con CEDEC | Cand\u00e1s 365\" \/>\n\t\t<meta property=\"og:description\" content=\"Distribuciones Campospan S.L., es una empresa de tradici\u00f3n panadera con gran implantaci\u00f3n en Ciudad Real y toda su \u00e1rea de influencia. Con sede central en Torralba de Calatrava, la empresa est\u00e1 actualmente dirigida por la cuarta generaci\u00f3n de la misma familia. En estos 150 a\u00f1os de trayectoria desde su fundaci\u00f3n, Distribuciones Campospan ha incorporado al cat\u00e1logo\" \/>\n\t\t<meta property=\"og:url\" content=\"https:\/\/candas365.es\/noticias\/distribuciones-campospan-150-anos-de-tradicion-panadera-con-cedec\/\" \/>\n\t\t<meta property=\"og:image\" content=\"https:\/\/candas365.es\/noticias\/wp-content\/uploads\/2015\/09\/c365noticias.jpg\" \/>\n\t\t<meta property=\"og:image:secure_url\" content=\"https:\/\/candas365.es\/noticias\/wp-content\/uploads\/2015\/09\/c365noticias.jpg\" \/>\n\t\t<meta property=\"og:image:width\" content=\"655\" \/>\n\t\t<meta property=\"og:image:height\" content=\"360\" \/>\n\t\t<meta property=\"article:published_time\" content=\"2016-07-19T09:45:32+00:00\" \/>\n\t\t<meta property=\"article:modified_time\" content=\"2016-07-19T09:45:32+00:00\" \/>\n\t\t<meta property=\"article:publisher\" content=\"https:\/\/www.facebook.com\/Nachofdezber\" \/>\n\t\t<meta property=\"article:author\" content=\"https:\/\/www.facebook.com\/carrenoactualidad\" \/>\n\t\t<meta name=\"twitter:card\" content=\"summary_large_image\" \/>\n\t\t<meta name=\"twitter:site\" content=\"@NabercoDigital\" \/>\n\t\t<meta name=\"twitter:title\" content=\"Distribuciones Campospan, 150 a\u00f1os de tradici\u00f3n panadera, con CEDEC | Cand\u00e1s 365\" \/>\n\t\t<meta name=\"twitter:description\" content=\"Distribuciones Campospan S.L., es una empresa de tradici\u00f3n panadera con gran implantaci\u00f3n en Ciudad Real y toda su \u00e1rea de influencia. Con sede central en Torralba de Calatrava, la empresa est\u00e1 actualmente dirigida por la cuarta generaci\u00f3n de la misma familia. En estos 150 a\u00f1os de trayectoria desde su fundaci\u00f3n, Distribuciones Campospan ha incorporado al cat\u00e1logo\" \/>\n\t\t<meta name=\"twitter:creator\" content=\"@nbasturias\" \/>\n\t\t<meta name=\"twitter:image\" content=\"https:\/\/candas365.es\/noticias\/wp-content\/uploads\/2015\/09\/c365noticias.jpg\" \/>\n\t\t<meta name=\"twitter:label1\" content=\"Escrito por\" \/>\n\t\t<meta name=\"twitter:data1\" content=\"Cand\u00e1s 365\" \/>\n\t\t<meta name=\"twitter:label2\" content=\"Tiempo de lectura estimado\" \/>\n\t\t<meta name=\"twitter:data2\" content=\"3 minutos\" \/>\n\t\t<script type=\"application\/ld+json\" class=\"aioseo-schema\">\n\t\t\t{\"@context\":\"https:\\\/\\\/schema.org\",\"@graph\":[{\"@type\":\"BreadcrumbList\",\"@id\":\"https:\\\/\\\/candas365.es\\\/noticias\\\/distribuciones-campospan-150-anos-de-tradicion-panadera-con-cedec\\\/#breadcrumblist\",\"itemListElement\":[{\"@type\":\"ListItem\",\"@id\":\"https:\\\/\\\/candas365.es\\\/noticias#listItem\",\"position\":1,\"name\":\"Home\",\"item\":\"https:\\\/\\\/candas365.es\\\/noticias\",\"nextItem\":{\"@type\":\"ListItem\",\"@id\":\"https:\\\/\\\/candas365.es\\\/noticias\\\/category\\\/actualidad\\\/#listItem\",\"name\":\"Actualidad\"}},{\"@type\":\"ListItem\",\"@id\":\"https:\\\/\\\/candas365.es\\\/noticias\\\/category\\\/actualidad\\\/#listItem\",\"position\":2,\"name\":\"Actualidad\",\"item\":\"https:\\\/\\\/candas365.es\\\/noticias\\\/category\\\/actualidad\\\/\",\"nextItem\":{\"@type\":\"ListItem\",\"@id\":\"https:\\\/\\\/candas365.es\\\/noticias\\\/distribuciones-campospan-150-anos-de-tradicion-panadera-con-cedec\\\/#listItem\",\"name\":\"Distribuciones Campospan, 150 a\\u00f1os de tradici\\u00f3n panadera, con CEDEC\"},\"previousItem\":{\"@type\":\"ListItem\",\"@id\":\"https:\\\/\\\/candas365.es\\\/noticias#listItem\",\"name\":\"Home\"}},{\"@type\":\"ListItem\",\"@id\":\"https:\\\/\\\/candas365.es\\\/noticias\\\/distribuciones-campospan-150-anos-de-tradicion-panadera-con-cedec\\\/#listItem\",\"position\":3,\"name\":\"Distribuciones Campospan, 150 a\\u00f1os de tradici\\u00f3n panadera, con CEDEC\",\"previousItem\":{\"@type\":\"ListItem\",\"@id\":\"https:\\\/\\\/candas365.es\\\/noticias\\\/category\\\/actualidad\\\/#listItem\",\"name\":\"Actualidad\"}}]},{\"@type\":\"NewsArticle\",\"@id\":\"https:\\\/\\\/candas365.es\\\/noticias\\\/distribuciones-campospan-150-anos-de-tradicion-panadera-con-cedec\\\/#newsarticle\",\"name\":\"Distribuciones Campospan, 150 a\\u00f1os de tradici\\u00f3n panadera, con CEDEC | Cand\\u00e1s 365\",\"headline\":\"Distribuciones Campospan, 150 a\\u00f1os de tradici\\u00f3n panadera, con CEDEC\",\"author\":{\"@id\":\"https:\\\/\\\/candas365.es\\\/noticias\\\/author\\\/admin\\\/#author\"},\"publisher\":{\"@id\":\"https:\\\/\\\/candas365.es\\\/noticias\\\/#organization\"},\"image\":{\"@type\":\"ImageObject\",\"url\":\"https:\\\/\\\/candas365.es\\\/noticias\\\/wp-content\\\/uploads\\\/2015\\\/09\\\/c365noticias.jpg\",\"width\":655,\"height\":360},\"datePublished\":\"2016-07-19T11:15:32+02:00\",\"dateModified\":\"2016-07-19T11:15:32+02:00\",\"inLanguage\":\"es-ES\",\"mainEntityOfPage\":{\"@id\":\"https:\\\/\\\/candas365.es\\\/noticias\\\/distribuciones-campospan-150-anos-de-tradicion-panadera-con-cedec\\\/#webpage\"},\"isPartOf\":{\"@id\":\"https:\\\/\\\/candas365.es\\\/noticias\\\/distribuciones-campospan-150-anos-de-tradicion-panadera-con-cedec\\\/#webpage\"},\"articleSection\":\"Actualidad\",\"dateline\":\"Publicado el julio 19, 2016.\"},{\"@type\":\"Organization\",\"@id\":\"https:\\\/\\\/candas365.es\\\/noticias\\\/#organization\",\"name\":\"Cand\\u00e1s 365\",\"description\":\"Cand\\u00e1s 365 es un diario digital independiente, fundado en 2012, con base en Asturias. Informamos con rigor sobre actualidad, sociedad, cultura y ocio, con una mirada local y global.\",\"url\":\"https:\\\/\\\/candas365.es\\\/noticias\\\/\",\"email\":\"info@candas365.es\",\"telephone\":\"+34652131393\",\"foundingDate\":\"2012-06-10\",\"logo\":{\"@type\":\"ImageObject\",\"url\":\"https:\\\/\\\/candas365.es\\\/noticias\\\/wp-content\\\/uploads\\\/2024\\\/09\\\/Candas-365-Redes.jpg\",\"@id\":\"https:\\\/\\\/candas365.es\\\/noticias\\\/distribuciones-campospan-150-anos-de-tradicion-panadera-con-cedec\\\/#organizationLogo\",\"width\":1152,\"height\":864,\"caption\":\"Cand\\u00e1s 365 Redes\"},\"image\":{\"@id\":\"https:\\\/\\\/candas365.es\\\/noticias\\\/distribuciones-campospan-150-anos-de-tradicion-panadera-con-cedec\\\/#organizationLogo\"},\"sameAs\":[\"https:\\\/\\\/www.facebook.com\\\/Nachofdezber\",\"https:\\\/\\\/x.com\\\/NabercoDigital\",\"https:\\\/\\\/www.instagram.com\\\/nachofdezber\\\/\",\"https:\\\/\\\/www.youtube.com\\\/channel\\\/UCZP-2wLEB9Rv6erhFmqVnvg\"],\"address\":{\"@id\":\"https:\\\/\\\/candas365.es\\\/noticias\\\/#postaladdress\",\"@type\":\"PostalAddress\",\"streetAddress\":\"san antonio 4, san antonio 4\",\"postalCode\":\"33430\",\"addressLocality\":\"Cand\\u00e1s\",\"addressRegion\":\"Asturias\",\"addressCountry\":\"ES\"}},{\"@type\":\"Person\",\"@id\":\"https:\\\/\\\/candas365.es\\\/noticias\\\/author\\\/admin\\\/#author\",\"url\":\"https:\\\/\\\/candas365.es\\\/noticias\\\/author\\\/admin\\\/\",\"name\":\"Cand\\u00e1s 365\",\"image\":{\"@type\":\"ImageObject\",\"@id\":\"https:\\\/\\\/candas365.es\\\/noticias\\\/distribuciones-campospan-150-anos-de-tradicion-panadera-con-cedec\\\/#authorImage\",\"url\":\"https:\\\/\\\/secure.gravatar.com\\\/avatar\\\/496a8e03d0c493ede1718b7934145dbdf8d89be1036b0eec9544e1094c9de390?s=96&d=mm&r=g\",\"width\":96,\"height\":96,\"caption\":\"Cand\\u00e1s 365\"},\"sameAs\":[\"https:\\\/\\\/www.facebook.com\\\/carrenoactualidad\",\"https:\\\/\\\/twitter.com\\\/nbasturias\",\"https:\\\/\\\/www.instagram.com\\\/nachofdezber\\\/\",\"https:\\\/\\\/www.youtube.com\\\/channel\\\/UCZP-2wLEB9Rv6erhFmqVnvg\"]},{\"@type\":\"WebPage\",\"@id\":\"https:\\\/\\\/candas365.es\\\/noticias\\\/distribuciones-campospan-150-anos-de-tradicion-panadera-con-cedec\\\/#webpage\",\"url\":\"https:\\\/\\\/candas365.es\\\/noticias\\\/distribuciones-campospan-150-anos-de-tradicion-panadera-con-cedec\\\/\",\"name\":\"Distribuciones Campospan, 150 a\\u00f1os de tradici\\u00f3n panadera, con CEDEC | Cand\\u00e1s 365\",\"description\":\"Distribuciones Campospan S.L., es una empresa de tradici\\u00f3n panadera con gran implantaci\\u00f3n en Ciudad Real y toda su \\u00e1rea de influencia. Con sede central en Torralba de Calatrava, la empresa est\\u00e1 actualmente dirigida por la cuarta generaci\\u00f3n de la misma familia. En estos 150 a\\u00f1os de trayectoria desde su fundaci\\u00f3n, Distribuciones Campospan ha incorporado al cat\\u00e1logo\",\"inLanguage\":\"es-ES\",\"isPartOf\":{\"@id\":\"https:\\\/\\\/candas365.es\\\/noticias\\\/#website\"},\"breadcrumb\":{\"@id\":\"https:\\\/\\\/candas365.es\\\/noticias\\\/distribuciones-campospan-150-anos-de-tradicion-panadera-con-cedec\\\/#breadcrumblist\"},\"author\":{\"@id\":\"https:\\\/\\\/candas365.es\\\/noticias\\\/author\\\/admin\\\/#author\"},\"creator\":{\"@id\":\"https:\\\/\\\/candas365.es\\\/noticias\\\/author\\\/admin\\\/#author\"},\"image\":{\"@type\":\"ImageObject\",\"url\":\"https:\\\/\\\/candas365.es\\\/noticias\\\/wp-content\\\/uploads\\\/2015\\\/09\\\/c365noticias.jpg\",\"@id\":\"https:\\\/\\\/candas365.es\\\/noticias\\\/distribuciones-campospan-150-anos-de-tradicion-panadera-con-cedec\\\/#mainImage\",\"width\":655,\"height\":360},\"primaryImageOfPage\":{\"@id\":\"https:\\\/\\\/candas365.es\\\/noticias\\\/distribuciones-campospan-150-anos-de-tradicion-panadera-con-cedec\\\/#mainImage\"},\"datePublished\":\"2016-07-19T11:15:32+02:00\",\"dateModified\":\"2016-07-19T11:15:32+02:00\"},{\"@type\":\"WebSite\",\"@id\":\"https:\\\/\\\/candas365.es\\\/noticias\\\/#website\",\"url\":\"https:\\\/\\\/candas365.es\\\/noticias\\\/\",\"name\":\"Cand\\u00e1s 365\",\"alternateName\":\"Cand\\u00e1s 365 Noticias\",\"description\":\"Actualidad desde Carre\\u00f1o para el mundo\",\"inLanguage\":\"es-ES\",\"publisher\":{\"@id\":\"https:\\\/\\\/candas365.es\\\/noticias\\\/#organization\"}}]}\n\t\t<\/script>\n\t\t<!-- All in One SEO Pro -->\r\n\t\t<title>Distribuciones Campospan, 150 a\u00f1os de tradici\u00f3n panadera, con CEDEC | Cand\u00e1s 365<\/title>\n\n","aioseo_head_json":{"title":"Distribuciones Campospan, 150 a\u00f1os de tradici\u00f3n panadera, con CEDEC | Cand\u00e1s 365","description":"Distribuciones Campospan S.L., es una empresa de tradici\u00f3n panadera con gran implantaci\u00f3n en Ciudad Real y toda su \u00e1rea de influencia. Con sede central en Torralba de Calatrava, la empresa est\u00e1 actualmente dirigida por la cuarta generaci\u00f3n de la misma familia. En estos 150 a\u00f1os de trayectoria desde su fundaci\u00f3n, Distribuciones Campospan ha incorporado al cat\u00e1logo","canonical_url":"https:\/\/candas365.es\/noticias\/distribuciones-campospan-150-anos-de-tradicion-panadera-con-cedec\/","robots":"max-image-preview:large","keywords":"actualidad","webmasterTools":{"google-site-verification":"UA-32230408-1","msvalidate.01":"354F3CDFB2DA171B47FBE9ABF1F88D5","miscellaneous":""},"schema":{"@context":"https:\/\/schema.org","@graph":[{"@type":"BreadcrumbList","@id":"https:\/\/candas365.es\/noticias\/distribuciones-campospan-150-anos-de-tradicion-panadera-con-cedec\/#breadcrumblist","itemListElement":[{"@type":"ListItem","@id":"https:\/\/candas365.es\/noticias#listItem","position":1,"name":"Home","item":"https:\/\/candas365.es\/noticias","nextItem":{"@type":"ListItem","@id":"https:\/\/candas365.es\/noticias\/category\/actualidad\/#listItem","name":"Actualidad"}},{"@type":"ListItem","@id":"https:\/\/candas365.es\/noticias\/category\/actualidad\/#listItem","position":2,"name":"Actualidad","item":"https:\/\/candas365.es\/noticias\/category\/actualidad\/","nextItem":{"@type":"ListItem","@id":"https:\/\/candas365.es\/noticias\/distribuciones-campospan-150-anos-de-tradicion-panadera-con-cedec\/#listItem","name":"Distribuciones Campospan, 150 a\u00f1os de tradici\u00f3n panadera, con CEDEC"},"previousItem":{"@type":"ListItem","@id":"https:\/\/candas365.es\/noticias#listItem","name":"Home"}},{"@type":"ListItem","@id":"https:\/\/candas365.es\/noticias\/distribuciones-campospan-150-anos-de-tradicion-panadera-con-cedec\/#listItem","position":3,"name":"Distribuciones Campospan, 150 a\u00f1os de tradici\u00f3n panadera, con CEDEC","previousItem":{"@type":"ListItem","@id":"https:\/\/candas365.es\/noticias\/category\/actualidad\/#listItem","name":"Actualidad"}}]},{"@type":"NewsArticle","@id":"https:\/\/candas365.es\/noticias\/distribuciones-campospan-150-anos-de-tradicion-panadera-con-cedec\/#newsarticle","name":"Distribuciones Campospan, 150 a\u00f1os de tradici\u00f3n panadera, con CEDEC | Cand\u00e1s 365","headline":"Distribuciones Campospan, 150 a\u00f1os de tradici\u00f3n panadera, con CEDEC","author":{"@id":"https:\/\/candas365.es\/noticias\/author\/admin\/#author"},"publisher":{"@id":"https:\/\/candas365.es\/noticias\/#organization"},"image":{"@type":"ImageObject","url":"https:\/\/candas365.es\/noticias\/wp-content\/uploads\/2015\/09\/c365noticias.jpg","width":655,"height":360},"datePublished":"2016-07-19T11:15:32+02:00","dateModified":"2016-07-19T11:15:32+02:00","inLanguage":"es-ES","mainEntityOfPage":{"@id":"https:\/\/candas365.es\/noticias\/distribuciones-campospan-150-anos-de-tradicion-panadera-con-cedec\/#webpage"},"isPartOf":{"@id":"https:\/\/candas365.es\/noticias\/distribuciones-campospan-150-anos-de-tradicion-panadera-con-cedec\/#webpage"},"articleSection":"Actualidad","dateline":"Publicado el julio 19, 2016."},{"@type":"Organization","@id":"https:\/\/candas365.es\/noticias\/#organization","name":"Cand\u00e1s 365","description":"Cand\u00e1s 365 es un diario digital independiente, fundado en 2012, con base en Asturias. Informamos con rigor sobre actualidad, sociedad, cultura y ocio, con una mirada local y global.","url":"https:\/\/candas365.es\/noticias\/","email":"info@candas365.es","telephone":"+34652131393","foundingDate":"2012-06-10","logo":{"@type":"ImageObject","url":"https:\/\/candas365.es\/noticias\/wp-content\/uploads\/2024\/09\/Candas-365-Redes.jpg","@id":"https:\/\/candas365.es\/noticias\/distribuciones-campospan-150-anos-de-tradicion-panadera-con-cedec\/#organizationLogo","width":1152,"height":864,"caption":"Cand\u00e1s 365 Redes"},"image":{"@id":"https:\/\/candas365.es\/noticias\/distribuciones-campospan-150-anos-de-tradicion-panadera-con-cedec\/#organizationLogo"},"sameAs":["https:\/\/www.facebook.com\/Nachofdezber","https:\/\/x.com\/NabercoDigital","https:\/\/www.instagram.com\/nachofdezber\/","https:\/\/www.youtube.com\/channel\/UCZP-2wLEB9Rv6erhFmqVnvg"],"address":{"@id":"https:\/\/candas365.es\/noticias\/#postaladdress","@type":"PostalAddress","streetAddress":"san antonio 4, san antonio 4","postalCode":"33430","addressLocality":"Cand\u00e1s","addressRegion":"Asturias","addressCountry":"ES"}},{"@type":"Person","@id":"https:\/\/candas365.es\/noticias\/author\/admin\/#author","url":"https:\/\/candas365.es\/noticias\/author\/admin\/","name":"Cand\u00e1s 365","image":{"@type":"ImageObject","@id":"https:\/\/candas365.es\/noticias\/distribuciones-campospan-150-anos-de-tradicion-panadera-con-cedec\/#authorImage","url":"https:\/\/secure.gravatar.com\/avatar\/496a8e03d0c493ede1718b7934145dbdf8d89be1036b0eec9544e1094c9de390?s=96&d=mm&r=g","width":96,"height":96,"caption":"Cand\u00e1s 365"},"sameAs":["https:\/\/www.facebook.com\/carrenoactualidad","https:\/\/twitter.com\/nbasturias","https:\/\/www.instagram.com\/nachofdezber\/","https:\/\/www.youtube.com\/channel\/UCZP-2wLEB9Rv6erhFmqVnvg"]},{"@type":"WebPage","@id":"https:\/\/candas365.es\/noticias\/distribuciones-campospan-150-anos-de-tradicion-panadera-con-cedec\/#webpage","url":"https:\/\/candas365.es\/noticias\/distribuciones-campospan-150-anos-de-tradicion-panadera-con-cedec\/","name":"Distribuciones Campospan, 150 a\u00f1os de tradici\u00f3n panadera, con CEDEC | Cand\u00e1s 365","description":"Distribuciones Campospan S.L., es una empresa de tradici\u00f3n panadera con gran implantaci\u00f3n en Ciudad Real y toda su \u00e1rea de influencia. Con sede central en Torralba de Calatrava, la empresa est\u00e1 actualmente dirigida por la cuarta generaci\u00f3n de la misma familia. En estos 150 a\u00f1os de trayectoria desde su fundaci\u00f3n, Distribuciones Campospan ha incorporado al cat\u00e1logo","inLanguage":"es-ES","isPartOf":{"@id":"https:\/\/candas365.es\/noticias\/#website"},"breadcrumb":{"@id":"https:\/\/candas365.es\/noticias\/distribuciones-campospan-150-anos-de-tradicion-panadera-con-cedec\/#breadcrumblist"},"author":{"@id":"https:\/\/candas365.es\/noticias\/author\/admin\/#author"},"creator":{"@id":"https:\/\/candas365.es\/noticias\/author\/admin\/#author"},"image":{"@type":"ImageObject","url":"https:\/\/candas365.es\/noticias\/wp-content\/uploads\/2015\/09\/c365noticias.jpg","@id":"https:\/\/candas365.es\/noticias\/distribuciones-campospan-150-anos-de-tradicion-panadera-con-cedec\/#mainImage","width":655,"height":360},"primaryImageOfPage":{"@id":"https:\/\/candas365.es\/noticias\/distribuciones-campospan-150-anos-de-tradicion-panadera-con-cedec\/#mainImage"},"datePublished":"2016-07-19T11:15:32+02:00","dateModified":"2016-07-19T11:15:32+02:00"},{"@type":"WebSite","@id":"https:\/\/candas365.es\/noticias\/#website","url":"https:\/\/candas365.es\/noticias\/","name":"Cand\u00e1s 365","alternateName":"Cand\u00e1s 365 Noticias","description":"Actualidad desde Carre\u00f1o para el mundo","inLanguage":"es-ES","publisher":{"@id":"https:\/\/candas365.es\/noticias\/#organization"}}]},"og:locale":"es_ES","og:site_name":"Cand\u00e1s 365","og:type":"article","og:title":"Distribuciones Campospan, 150 a\u00f1os de tradici\u00f3n panadera, con CEDEC | Cand\u00e1s 365","og:description":"Distribuciones Campospan S.L., es una empresa de tradici\u00f3n panadera con gran implantaci\u00f3n en Ciudad Real y toda su \u00e1rea de influencia. Con sede central en Torralba de Calatrava, la empresa est\u00e1 actualmente dirigida por la cuarta generaci\u00f3n de la misma familia. En estos 150 a\u00f1os de trayectoria desde su fundaci\u00f3n, Distribuciones Campospan ha incorporado al cat\u00e1logo","og:url":"https:\/\/candas365.es\/noticias\/distribuciones-campospan-150-anos-de-tradicion-panadera-con-cedec\/","og:image":"https:\/\/candas365.es\/noticias\/wp-content\/uploads\/2015\/09\/c365noticias.jpg","og:image:secure_url":"https:\/\/candas365.es\/noticias\/wp-content\/uploads\/2015\/09\/c365noticias.jpg","og:image:width":655,"og:image:height":360,"article:published_time":"2016-07-19T09:45:32+00:00","article:modified_time":"2016-07-19T09:45:32+00:00","article:publisher":"https:\/\/www.facebook.com\/Nachofdezber","article:author":"https:\/\/www.facebook.com\/carrenoactualidad","twitter:card":"summary_large_image","twitter:site":"@NabercoDigital","twitter:title":"Distribuciones Campospan, 150 a\u00f1os de tradici\u00f3n panadera, con CEDEC | Cand\u00e1s 365","twitter:description":"Distribuciones Campospan S.L., es una empresa de tradici\u00f3n panadera con gran implantaci\u00f3n en Ciudad Real y toda su \u00e1rea de influencia. Con sede central en Torralba de Calatrava, la empresa est\u00e1 actualmente dirigida por la cuarta generaci\u00f3n de la misma familia. En estos 150 a\u00f1os de trayectoria desde su fundaci\u00f3n, Distribuciones Campospan ha incorporado al cat\u00e1logo","twitter:creator":"@nbasturias","twitter:image":"https:\/\/candas365.es\/noticias\/wp-content\/uploads\/2015\/09\/c365noticias.jpg","twitter:label1":"Escrito por","twitter:data1":"Cand\u00e1s 365","twitter:label2":"Tiempo de lectura estimado","twitter:data2":"3 minutos"},"aioseo_meta_data":{"post_id":"32297","title":null,"description":null,"keywords":null,"keyphrases":null,"primary_term":null,"canonical_url":null,"og_title":null,"og_description":null,"og_object_type":"default","og_image_type":"default","og_image_url":null,"og_image_width":null,"og_image_height":null,"og_image_custom_url":null,"og_image_custom_fields":null,"og_video":null,"og_custom_url":null,"og_article_section":null,"og_article_tags":null,"twitter_use_og":false,"twitter_card":"default","twitter_image_type":"default","twitter_image_url":null,"twitter_image_custom_url":null,"twitter_image_custom_fields":null,"twitter_title":null,"twitter_description":null,"schema":{"blockGraphs":[],"customGraphs":[],"default":{"data":{"Article":[],"Course":[],"Dataset":[],"FAQPage":[],"Movie":[],"Person":[],"Product":[],"ProductReview":[],"Car":[],"Recipe":[],"Service":[],"SoftwareApplication":[],"WebPage":[]},"graphName":"","isEnabled":true},"graphs":[],"defaultGraph":"","defaultPostTypeGraph":""},"schema_type":null,"schema_type_options":null,"pillar_content":false,"robots_default":true,"robots_noindex":false,"robots_noarchive":false,"robots_nosnippet":false,"robots_nofollow":false,"robots_noimageindex":false,"robots_noodp":false,"robots_notranslate":false,"robots_max_snippet":null,"robots_max_videopreview":null,"robots_max_imagepreview":"large","priority":null,"frequency":null,"location":null,"local_seo":null,"seo_analyzer_scan_date":"2025-08-24 15:10:17","breadcrumb_settings":null,"limit_modified_date":false,"reviewed_by":null,"open_ai":null,"ai":null,"created":"2020-12-21 13:03:27","updated":"2025-08-24 15:10:17"},"aioseo_breadcrumb":"<div class=\"aioseo-breadcrumbs\"><span class=\"aioseo-breadcrumb\">\n\t<a href=\"https:\/\/candas365.es\/noticias\" title=\"Home\">Home<\/a>\n<\/span><span class=\"aioseo-breadcrumb-separator\">&ndash;<\/span><span class=\"aioseo-breadcrumb\">\n\t<a href=\"https:\/\/candas365.es\/noticias\/category\/actualidad\/\" title=\"Actualidad\">Actualidad<\/a>\n<\/span><span class=\"aioseo-breadcrumb-separator\">&ndash;<\/span><span class=\"aioseo-breadcrumb\">\n\tDistribuciones Campospan, 150 a\u00f1os de tradici\u00f3n panadera, con CEDEC\n<\/span><\/div>","aioseo_breadcrumb_json":[{"label":"Home","link":"https:\/\/candas365.es\/noticias"},{"label":"Actualidad","link":"https:\/\/candas365.es\/noticias\/category\/actualidad\/"},{"label":"Distribuciones Campospan, 150 a\u00f1os de tradici\u00f3n panadera, con CEDEC","link":"https:\/\/candas365.es\/noticias\/distribuciones-campospan-150-anos-de-tradicion-panadera-con-cedec\/"}],"_links":{"self":[{"href":"https:\/\/candas365.es\/noticias\/wp-json\/wp\/v2\/posts\/32297","targetHints":{"allow":["GET"]}}],"collection":[{"href":"https:\/\/candas365.es\/noticias\/wp-json\/wp\/v2\/posts"}],"about":[{"href":"https:\/\/candas365.es\/noticias\/wp-json\/wp\/v2\/types\/post"}],"author":[{"embeddable":true,"href":"https:\/\/candas365.es\/noticias\/wp-json\/wp\/v2\/users\/1"}],"replies":[{"embeddable":true,"href":"https:\/\/candas365.es\/noticias\/wp-json\/wp\/v2\/comments?post=32297"}],"version-history":[{"count":0,"href":"https:\/\/candas365.es\/noticias\/wp-json\/wp\/v2\/posts\/32297\/revisions"}],"wp:featuredmedia":[{"embeddable":true,"href":"https:\/\/candas365.es\/noticias\/wp-json\/wp\/v2\/media\/16457"}],"wp:attachment":[{"href":"https:\/\/candas365.es\/noticias\/wp-json\/wp\/v2\/media?parent=32297"}],"wp:term":[{"taxonomy":"category","embeddable":true,"href":"https:\/\/candas365.es\/noticias\/wp-json\/wp\/v2\/categories?post=32297"},{"taxonomy":"post_tag","embeddable":true,"href":"https:\/\/candas365.es\/noticias\/wp-json\/wp\/v2\/tags?post=32297"}],"curies":[{"name":"wp","href":"https:\/\/api.w.org\/{rel}","templated":true}]}}