{"id":32288,"date":"2016-07-19T11:09:02","date_gmt":"2016-07-19T09:39:02","guid":{"rendered":"http:\/\/candas365.es\/noticias\/?p=32288"},"modified":"2016-07-19T11:09:02","modified_gmt":"2016-07-19T09:39:02","slug":"empresas-alemanas-apoyan-a-empleados-en-lucha-contra-el-cancer","status":"publish","type":"post","link":"https:\/\/candas365.es\/noticias\/empresas-alemanas-apoyan-a-empleados-en-lucha-contra-el-cancer\/","title":{"rendered":"Empresas alemanas apoyan a empleados en lucha contra el c\u00e1ncer"},"content":{"rendered":"<p>Stuttgart (Alemania), 18 jul (dpa) &#8211; El aumento de las enfermedades de c\u00e1ncer y tambi\u00e9n la posibilidad de asegurarse la lealtad de la plantilla han llevado a empresas alemanas a respaldar a sus empleados en la prevenci\u00f3n, el diagn\u00f3stico y el tratamiento de esta dolencia que cuesta la vida a unas 200.000 personas por a\u00f1o en el pa\u00eds.<\/p>\n<p>\u00abA partir de ahora, los empleados con un tumor podr\u00e1n tener acceso a cuenta de la empresa a los m\u00e1s modernos m\u00e9todos de diagn\u00f3stico en este hospital\u00bb, anunci\u00f3 hoy el presidente del autopartista Bosch, Volkmar Denner.<\/p>\n<p>El conocido fabricante de componentes y tecnolog\u00eda fund\u00f3 una \u00abalianza contra el c\u00e1ncer\u00bb junto con la Fundaci\u00f3n Bosch y el hospital Robert-Bosch y en cooperaci\u00f3n con el Centro Alem\u00e1n de Investigaci\u00f3n del C\u00e1ncer (DKFZ, por sus siglas en alem\u00e1n) para la creaci\u00f3n de un centro de investigaci\u00f3n.<\/p>\n<p>Adem\u00e1s, los empleados de Bosch que padezcan c\u00e1ncer podr\u00e1n recibir un diagn\u00f3stico individual en el hospital y en el centro de investigaci\u00f3n y el tratamiento acorde. Bosch invertir\u00e1 en el proyecto cerca de un mill\u00f3n de euros anuales (1,1 millones de d\u00f3lares).<\/p>\n<p>La iniciativa de Bosch no es un fen\u00f3meno masivo, aclar\u00f3 Thomas Olbrecht, directivo de la organizaci\u00f3n EuPD Research Sustainable Management, que realiza anualmente un informe sobre la gesti\u00f3n de salud de las empresas en Alemania.<\/p>\n<p>Pero existen otros ejemplos. El especialista en t\u00e9cnica de l\u00e1ser Trumpf ofrece a sus empleados desde el a\u00f1o pasado asesoramiento y apoyo financiero si les diagnostican un c\u00e1ncer. <\/p>\n<p>Trumpf tambi\u00e9n asume los costos para el diagn\u00f3stico de un tumor, se\u00f1al\u00f3 un portavoz de la firma. Hasta ahora han recibido asesoramiento seis empleados y dos han aceptado la ayuda para el diagn\u00f3stico.<\/p>\n<p>El directivo del DKFZ Michael Boutros espera que m\u00e1s empresas sigan estos ejemplos. El hecho de que las empresas participen abarata los costes dado que se distribuyen m\u00e1s equitativamente cuanto m\u00e1s pacientes se someten a un tratamiento, argumenta.<\/p>\n<p>La secuenciaci\u00f3n y el an\u00e1lisis de tumores cuesta en Alemania unos 10.000 euros (11.000 d\u00f3lares) que no siempre son costeados por los seguros de salud, indican datos del DKFZ. <\/p>\n<p>Seg\u00fan el investigador de mercado Olbrecht, el cuidado de la salud de los empleados es algo que todav\u00eda necesita ser desarrollado en Alemania. <\/p>\n<p>Antes, las empresas trataban de mantener la mano de obra y ahorrar costes evitando bajas m\u00e9dicas, cuenta. \u00abPero ahora han reconocido que esta causalidad no funciona\u00bb. Hoy en d\u00eda, se\u00f1ala Olbrecht, la competencia por retener al personal ha pasado a un primer plano.<\/p>\n<p>El gigante de software SAP lanz\u00f3 en 2014 un programa en cooperaci\u00f3n con la empresa Molecular Health para ofrecer a sus empleados an\u00e1lisis de datos de tumores de manera gratuita.<\/p>\n<p>Tambi\u00e9n la compa\u00f1\u00eda estadounidense de tecnolog\u00eda de la informaci\u00f3n EMC, que fabrica sistemas de almacenamiento para empresas, colabora con Molecular Health para ofrecer a sus 1.200 empleados en Alemania an\u00e1lisis gratuitos de tumores.<\/p>\n<p>La jefa de recursos humanos de la empresa, Gabriele Schickl, dijo que cinco personas ya han hecho uso de este programa puesto en marcha en octubre. Estas ofertas est\u00e1n destinadas tambi\u00e9n a mejorar el atractivo de la empresa para contratar a empleados y conservarlos. \u00abLos trabajadores son nuestro bien m\u00e1s preciado. No queremos que esto sea una frase hueca\u00bb.<\/p>\n<p>Por Annika Grah <\/p>\n","protected":false},"excerpt":{"rendered":"<p>Stuttgart (Alemania), 18 jul (dpa) &#8211; El aumento de las enfermedades de c\u00e1ncer y tambi\u00e9n la posibilidad de asegurarse la lealtad de la plantilla han llevado a empresas alemanas a respaldar a sus empleados en la prevenci\u00f3n, el diagn\u00f3stico y el tratamiento de esta dolencia que cuesta la vida a unas 200.000 personas por a\u00f1o<\/p>\n","protected":false},"author":1,"featured_media":16457,"comment_status":"closed","ping_status":"closed","sticky":false,"template":"","format":"standard","meta":{"footnotes":""},"categories":[343],"tags":[],"class_list":{"0":"post-32288","1":"post","2":"type-post","3":"status-publish","4":"format-standard","5":"has-post-thumbnail","7":"category-actualidad"},"aioseo_notices":[],"aioseo_head":"\n\t\t<!-- All in One SEO Pro 4.9.6.2 - aioseo.com -->\n\t<meta name=\"description\" content=\"Stuttgart (Alemania), 18 jul (dpa) - El aumento de las enfermedades de c\u00e1ncer y tambi\u00e9n la posibilidad de asegurarse la lealtad de la plantilla han llevado a empresas alemanas a respaldar a sus empleados en la prevenci\u00f3n, el diagn\u00f3stico y el tratamiento de esta dolencia que cuesta la vida a unas 200.000 personas por a\u00f1o\" \/>\n\t<meta name=\"robots\" content=\"max-image-preview:large\" \/>\n\t<meta name=\"author\" content=\"Cand\u00e1s 365\"\/>\n\t<meta name=\"google-site-verification\" content=\"UA-32230408-1\" \/>\n\t<meta name=\"msvalidate.01\" content=\"354F3CDFB2DA171B47FBE9ABF1F88D5\" \/>\n\t<meta name=\"keywords\" content=\"actualidad\" \/>\n\t<link rel=\"canonical\" href=\"https:\/\/candas365.es\/noticias\/empresas-alemanas-apoyan-a-empleados-en-lucha-contra-el-cancer\/\" \/>\n\t<meta name=\"generator\" content=\"All in One SEO Pro (AIOSEO) 4.9.6.2\" \/>\n\t\t<meta property=\"og:locale\" content=\"es_ES\" \/>\n\t\t<meta property=\"og:site_name\" content=\"Cand\u00e1s 365\" \/>\n\t\t<meta property=\"og:type\" content=\"article\" \/>\n\t\t<meta property=\"og:title\" content=\"Empresas alemanas apoyan a empleados en lucha contra el c\u00e1ncer | Cand\u00e1s 365\" \/>\n\t\t<meta property=\"og:description\" content=\"Stuttgart (Alemania), 18 jul (dpa) - El aumento de las enfermedades de c\u00e1ncer y tambi\u00e9n la posibilidad de asegurarse la lealtad de la plantilla han llevado a empresas alemanas a respaldar a sus empleados en la prevenci\u00f3n, el diagn\u00f3stico y el tratamiento de esta dolencia que cuesta la vida a unas 200.000 personas por a\u00f1o\" \/>\n\t\t<meta property=\"og:url\" content=\"https:\/\/candas365.es\/noticias\/empresas-alemanas-apoyan-a-empleados-en-lucha-contra-el-cancer\/\" \/>\n\t\t<meta property=\"og:image\" content=\"https:\/\/candas365.es\/noticias\/wp-content\/uploads\/2015\/09\/c365noticias.jpg\" \/>\n\t\t<meta property=\"og:image:secure_url\" content=\"https:\/\/candas365.es\/noticias\/wp-content\/uploads\/2015\/09\/c365noticias.jpg\" \/>\n\t\t<meta property=\"og:image:width\" content=\"655\" \/>\n\t\t<meta property=\"og:image:height\" content=\"360\" \/>\n\t\t<meta property=\"article:published_time\" content=\"2016-07-19T09:39:02+00:00\" \/>\n\t\t<meta property=\"article:modified_time\" content=\"2016-07-19T09:39:02+00:00\" \/>\n\t\t<meta property=\"article:publisher\" content=\"https:\/\/www.facebook.com\/Nachofdezber\" \/>\n\t\t<meta property=\"article:author\" content=\"https:\/\/www.facebook.com\/carrenoactualidad\" \/>\n\t\t<meta name=\"twitter:card\" content=\"summary_large_image\" \/>\n\t\t<meta name=\"twitter:site\" content=\"@NabercoDigital\" \/>\n\t\t<meta name=\"twitter:title\" content=\"Empresas alemanas apoyan a empleados en lucha contra el c\u00e1ncer | Cand\u00e1s 365\" \/>\n\t\t<meta name=\"twitter:description\" content=\"Stuttgart (Alemania), 18 jul (dpa) - El aumento de las enfermedades de c\u00e1ncer y tambi\u00e9n la posibilidad de asegurarse la lealtad de la plantilla han llevado a empresas alemanas a respaldar a sus empleados en la prevenci\u00f3n, el diagn\u00f3stico y el tratamiento de esta dolencia que cuesta la vida a unas 200.000 personas por a\u00f1o\" \/>\n\t\t<meta name=\"twitter:creator\" content=\"@nbasturias\" \/>\n\t\t<meta name=\"twitter:image\" content=\"https:\/\/candas365.es\/noticias\/wp-content\/uploads\/2015\/09\/c365noticias.jpg\" \/>\n\t\t<meta name=\"twitter:label1\" content=\"Escrito por\" \/>\n\t\t<meta name=\"twitter:data1\" content=\"Cand\u00e1s 365\" \/>\n\t\t<meta name=\"twitter:label2\" content=\"Tiempo de lectura estimado\" \/>\n\t\t<meta name=\"twitter:data2\" content=\"3 minutos\" \/>\n\t\t<script type=\"application\/ld+json\" class=\"aioseo-schema\">\n\t\t\t{\"@context\":\"https:\\\/\\\/schema.org\",\"@graph\":[{\"@type\":\"BreadcrumbList\",\"@id\":\"https:\\\/\\\/candas365.es\\\/noticias\\\/empresas-alemanas-apoyan-a-empleados-en-lucha-contra-el-cancer\\\/#breadcrumblist\",\"itemListElement\":[{\"@type\":\"ListItem\",\"@id\":\"https:\\\/\\\/candas365.es\\\/noticias#listItem\",\"position\":1,\"name\":\"Home\",\"item\":\"https:\\\/\\\/candas365.es\\\/noticias\",\"nextItem\":{\"@type\":\"ListItem\",\"@id\":\"https:\\\/\\\/candas365.es\\\/noticias\\\/category\\\/actualidad\\\/#listItem\",\"name\":\"Actualidad\"}},{\"@type\":\"ListItem\",\"@id\":\"https:\\\/\\\/candas365.es\\\/noticias\\\/category\\\/actualidad\\\/#listItem\",\"position\":2,\"name\":\"Actualidad\",\"item\":\"https:\\\/\\\/candas365.es\\\/noticias\\\/category\\\/actualidad\\\/\",\"nextItem\":{\"@type\":\"ListItem\",\"@id\":\"https:\\\/\\\/candas365.es\\\/noticias\\\/empresas-alemanas-apoyan-a-empleados-en-lucha-contra-el-cancer\\\/#listItem\",\"name\":\"Empresas alemanas apoyan a empleados en lucha contra el c\\u00e1ncer\"},\"previousItem\":{\"@type\":\"ListItem\",\"@id\":\"https:\\\/\\\/candas365.es\\\/noticias#listItem\",\"name\":\"Home\"}},{\"@type\":\"ListItem\",\"@id\":\"https:\\\/\\\/candas365.es\\\/noticias\\\/empresas-alemanas-apoyan-a-empleados-en-lucha-contra-el-cancer\\\/#listItem\",\"position\":3,\"name\":\"Empresas alemanas apoyan a empleados en lucha contra el c\\u00e1ncer\",\"previousItem\":{\"@type\":\"ListItem\",\"@id\":\"https:\\\/\\\/candas365.es\\\/noticias\\\/category\\\/actualidad\\\/#listItem\",\"name\":\"Actualidad\"}}]},{\"@type\":\"NewsArticle\",\"@id\":\"https:\\\/\\\/candas365.es\\\/noticias\\\/empresas-alemanas-apoyan-a-empleados-en-lucha-contra-el-cancer\\\/#newsarticle\",\"name\":\"Empresas alemanas apoyan a empleados en lucha contra el c\\u00e1ncer | Cand\\u00e1s 365\",\"headline\":\"Empresas alemanas apoyan a empleados en lucha contra el c\\u00e1ncer\",\"author\":{\"@id\":\"https:\\\/\\\/candas365.es\\\/noticias\\\/author\\\/admin\\\/#author\"},\"publisher\":{\"@id\":\"https:\\\/\\\/candas365.es\\\/noticias\\\/#organization\"},\"image\":{\"@type\":\"ImageObject\",\"url\":\"https:\\\/\\\/candas365.es\\\/noticias\\\/wp-content\\\/uploads\\\/2015\\\/09\\\/c365noticias.jpg\",\"width\":655,\"height\":360},\"datePublished\":\"2016-07-19T11:09:02+02:00\",\"dateModified\":\"2016-07-19T11:09:02+02:00\",\"inLanguage\":\"es-ES\",\"mainEntityOfPage\":{\"@id\":\"https:\\\/\\\/candas365.es\\\/noticias\\\/empresas-alemanas-apoyan-a-empleados-en-lucha-contra-el-cancer\\\/#webpage\"},\"isPartOf\":{\"@id\":\"https:\\\/\\\/candas365.es\\\/noticias\\\/empresas-alemanas-apoyan-a-empleados-en-lucha-contra-el-cancer\\\/#webpage\"},\"articleSection\":\"Actualidad\",\"dateline\":\"Publicado el julio 19, 2016.\"},{\"@type\":\"Organization\",\"@id\":\"https:\\\/\\\/candas365.es\\\/noticias\\\/#organization\",\"name\":\"Cand\\u00e1s 365\",\"description\":\"Cand\\u00e1s 365 es un diario digital independiente, fundado en 2012, con base en Asturias. Informamos con rigor sobre actualidad, sociedad, cultura y ocio, con una mirada local y global.\",\"url\":\"https:\\\/\\\/candas365.es\\\/noticias\\\/\",\"email\":\"info@candas365.es\",\"telephone\":\"+34652131393\",\"foundingDate\":\"2012-06-10\",\"logo\":{\"@type\":\"ImageObject\",\"url\":\"https:\\\/\\\/candas365.es\\\/noticias\\\/wp-content\\\/uploads\\\/2024\\\/09\\\/Candas-365-Redes.jpg\",\"@id\":\"https:\\\/\\\/candas365.es\\\/noticias\\\/empresas-alemanas-apoyan-a-empleados-en-lucha-contra-el-cancer\\\/#organizationLogo\",\"width\":1152,\"height\":864,\"caption\":\"Cand\\u00e1s 365 Redes\"},\"image\":{\"@id\":\"https:\\\/\\\/candas365.es\\\/noticias\\\/empresas-alemanas-apoyan-a-empleados-en-lucha-contra-el-cancer\\\/#organizationLogo\"},\"sameAs\":[\"https:\\\/\\\/www.facebook.com\\\/Nachofdezber\",\"https:\\\/\\\/x.com\\\/NabercoDigital\",\"https:\\\/\\\/www.instagram.com\\\/nachofdezber\\\/\",\"https:\\\/\\\/www.youtube.com\\\/channel\\\/UCZP-2wLEB9Rv6erhFmqVnvg\"],\"address\":{\"@id\":\"https:\\\/\\\/candas365.es\\\/noticias\\\/#postaladdress\",\"@type\":\"PostalAddress\",\"streetAddress\":\"san antonio 4, san antonio 4\",\"postalCode\":\"33430\",\"addressLocality\":\"Cand\\u00e1s\",\"addressRegion\":\"Asturias\",\"addressCountry\":\"ES\"}},{\"@type\":\"Person\",\"@id\":\"https:\\\/\\\/candas365.es\\\/noticias\\\/author\\\/admin\\\/#author\",\"url\":\"https:\\\/\\\/candas365.es\\\/noticias\\\/author\\\/admin\\\/\",\"name\":\"Cand\\u00e1s 365\",\"image\":{\"@type\":\"ImageObject\",\"@id\":\"https:\\\/\\\/candas365.es\\\/noticias\\\/empresas-alemanas-apoyan-a-empleados-en-lucha-contra-el-cancer\\\/#authorImage\",\"url\":\"https:\\\/\\\/secure.gravatar.com\\\/avatar\\\/496a8e03d0c493ede1718b7934145dbdf8d89be1036b0eec9544e1094c9de390?s=96&d=mm&r=g\",\"width\":96,\"height\":96,\"caption\":\"Cand\\u00e1s 365\"},\"sameAs\":[\"https:\\\/\\\/www.facebook.com\\\/carrenoactualidad\",\"https:\\\/\\\/twitter.com\\\/nbasturias\",\"https:\\\/\\\/www.instagram.com\\\/nachofdezber\\\/\",\"https:\\\/\\\/www.youtube.com\\\/channel\\\/UCZP-2wLEB9Rv6erhFmqVnvg\"]},{\"@type\":\"WebPage\",\"@id\":\"https:\\\/\\\/candas365.es\\\/noticias\\\/empresas-alemanas-apoyan-a-empleados-en-lucha-contra-el-cancer\\\/#webpage\",\"url\":\"https:\\\/\\\/candas365.es\\\/noticias\\\/empresas-alemanas-apoyan-a-empleados-en-lucha-contra-el-cancer\\\/\",\"name\":\"Empresas alemanas apoyan a empleados en lucha contra el c\\u00e1ncer | Cand\\u00e1s 365\",\"description\":\"Stuttgart (Alemania), 18 jul (dpa) - El aumento de las enfermedades de c\\u00e1ncer y tambi\\u00e9n la posibilidad de asegurarse la lealtad de la plantilla han llevado a empresas alemanas a respaldar a sus empleados en la prevenci\\u00f3n, el diagn\\u00f3stico y el tratamiento de esta dolencia que cuesta la vida a unas 200.000 personas por a\\u00f1o\",\"inLanguage\":\"es-ES\",\"isPartOf\":{\"@id\":\"https:\\\/\\\/candas365.es\\\/noticias\\\/#website\"},\"breadcrumb\":{\"@id\":\"https:\\\/\\\/candas365.es\\\/noticias\\\/empresas-alemanas-apoyan-a-empleados-en-lucha-contra-el-cancer\\\/#breadcrumblist\"},\"author\":{\"@id\":\"https:\\\/\\\/candas365.es\\\/noticias\\\/author\\\/admin\\\/#author\"},\"creator\":{\"@id\":\"https:\\\/\\\/candas365.es\\\/noticias\\\/author\\\/admin\\\/#author\"},\"image\":{\"@type\":\"ImageObject\",\"url\":\"https:\\\/\\\/candas365.es\\\/noticias\\\/wp-content\\\/uploads\\\/2015\\\/09\\\/c365noticias.jpg\",\"@id\":\"https:\\\/\\\/candas365.es\\\/noticias\\\/empresas-alemanas-apoyan-a-empleados-en-lucha-contra-el-cancer\\\/#mainImage\",\"width\":655,\"height\":360},\"primaryImageOfPage\":{\"@id\":\"https:\\\/\\\/candas365.es\\\/noticias\\\/empresas-alemanas-apoyan-a-empleados-en-lucha-contra-el-cancer\\\/#mainImage\"},\"datePublished\":\"2016-07-19T11:09:02+02:00\",\"dateModified\":\"2016-07-19T11:09:02+02:00\"},{\"@type\":\"WebSite\",\"@id\":\"https:\\\/\\\/candas365.es\\\/noticias\\\/#website\",\"url\":\"https:\\\/\\\/candas365.es\\\/noticias\\\/\",\"name\":\"Cand\\u00e1s 365\",\"alternateName\":\"Cand\\u00e1s 365 Noticias\",\"description\":\"Actualidad desde Carre\\u00f1o para el mundo\",\"inLanguage\":\"es-ES\",\"publisher\":{\"@id\":\"https:\\\/\\\/candas365.es\\\/noticias\\\/#organization\"}}]}\n\t\t<\/script>\n\t\t<!-- All in One SEO Pro -->\r\n\t\t<title>Empresas alemanas apoyan a empleados en lucha contra el c\u00e1ncer | Cand\u00e1s 365<\/title>\n\n","aioseo_head_json":{"title":"Empresas alemanas apoyan a empleados en lucha contra el c\u00e1ncer | Cand\u00e1s 365","description":"Stuttgart (Alemania), 18 jul (dpa) - El aumento de las enfermedades de c\u00e1ncer y tambi\u00e9n la posibilidad de asegurarse la lealtad de la plantilla han llevado a empresas alemanas a respaldar a sus empleados en la prevenci\u00f3n, el diagn\u00f3stico y el tratamiento de esta dolencia que cuesta la vida a unas 200.000 personas por a\u00f1o","canonical_url":"https:\/\/candas365.es\/noticias\/empresas-alemanas-apoyan-a-empleados-en-lucha-contra-el-cancer\/","robots":"max-image-preview:large","keywords":"actualidad","webmasterTools":{"google-site-verification":"UA-32230408-1","msvalidate.01":"354F3CDFB2DA171B47FBE9ABF1F88D5","miscellaneous":""},"schema":{"@context":"https:\/\/schema.org","@graph":[{"@type":"BreadcrumbList","@id":"https:\/\/candas365.es\/noticias\/empresas-alemanas-apoyan-a-empleados-en-lucha-contra-el-cancer\/#breadcrumblist","itemListElement":[{"@type":"ListItem","@id":"https:\/\/candas365.es\/noticias#listItem","position":1,"name":"Home","item":"https:\/\/candas365.es\/noticias","nextItem":{"@type":"ListItem","@id":"https:\/\/candas365.es\/noticias\/category\/actualidad\/#listItem","name":"Actualidad"}},{"@type":"ListItem","@id":"https:\/\/candas365.es\/noticias\/category\/actualidad\/#listItem","position":2,"name":"Actualidad","item":"https:\/\/candas365.es\/noticias\/category\/actualidad\/","nextItem":{"@type":"ListItem","@id":"https:\/\/candas365.es\/noticias\/empresas-alemanas-apoyan-a-empleados-en-lucha-contra-el-cancer\/#listItem","name":"Empresas alemanas apoyan a empleados en lucha contra el c\u00e1ncer"},"previousItem":{"@type":"ListItem","@id":"https:\/\/candas365.es\/noticias#listItem","name":"Home"}},{"@type":"ListItem","@id":"https:\/\/candas365.es\/noticias\/empresas-alemanas-apoyan-a-empleados-en-lucha-contra-el-cancer\/#listItem","position":3,"name":"Empresas alemanas apoyan a empleados en lucha contra el c\u00e1ncer","previousItem":{"@type":"ListItem","@id":"https:\/\/candas365.es\/noticias\/category\/actualidad\/#listItem","name":"Actualidad"}}]},{"@type":"NewsArticle","@id":"https:\/\/candas365.es\/noticias\/empresas-alemanas-apoyan-a-empleados-en-lucha-contra-el-cancer\/#newsarticle","name":"Empresas alemanas apoyan a empleados en lucha contra el c\u00e1ncer | Cand\u00e1s 365","headline":"Empresas alemanas apoyan a empleados en lucha contra el c\u00e1ncer","author":{"@id":"https:\/\/candas365.es\/noticias\/author\/admin\/#author"},"publisher":{"@id":"https:\/\/candas365.es\/noticias\/#organization"},"image":{"@type":"ImageObject","url":"https:\/\/candas365.es\/noticias\/wp-content\/uploads\/2015\/09\/c365noticias.jpg","width":655,"height":360},"datePublished":"2016-07-19T11:09:02+02:00","dateModified":"2016-07-19T11:09:02+02:00","inLanguage":"es-ES","mainEntityOfPage":{"@id":"https:\/\/candas365.es\/noticias\/empresas-alemanas-apoyan-a-empleados-en-lucha-contra-el-cancer\/#webpage"},"isPartOf":{"@id":"https:\/\/candas365.es\/noticias\/empresas-alemanas-apoyan-a-empleados-en-lucha-contra-el-cancer\/#webpage"},"articleSection":"Actualidad","dateline":"Publicado el julio 19, 2016."},{"@type":"Organization","@id":"https:\/\/candas365.es\/noticias\/#organization","name":"Cand\u00e1s 365","description":"Cand\u00e1s 365 es un diario digital independiente, fundado en 2012, con base en Asturias. Informamos con rigor sobre actualidad, sociedad, cultura y ocio, con una mirada local y global.","url":"https:\/\/candas365.es\/noticias\/","email":"info@candas365.es","telephone":"+34652131393","foundingDate":"2012-06-10","logo":{"@type":"ImageObject","url":"https:\/\/candas365.es\/noticias\/wp-content\/uploads\/2024\/09\/Candas-365-Redes.jpg","@id":"https:\/\/candas365.es\/noticias\/empresas-alemanas-apoyan-a-empleados-en-lucha-contra-el-cancer\/#organizationLogo","width":1152,"height":864,"caption":"Cand\u00e1s 365 Redes"},"image":{"@id":"https:\/\/candas365.es\/noticias\/empresas-alemanas-apoyan-a-empleados-en-lucha-contra-el-cancer\/#organizationLogo"},"sameAs":["https:\/\/www.facebook.com\/Nachofdezber","https:\/\/x.com\/NabercoDigital","https:\/\/www.instagram.com\/nachofdezber\/","https:\/\/www.youtube.com\/channel\/UCZP-2wLEB9Rv6erhFmqVnvg"],"address":{"@id":"https:\/\/candas365.es\/noticias\/#postaladdress","@type":"PostalAddress","streetAddress":"san antonio 4, san antonio 4","postalCode":"33430","addressLocality":"Cand\u00e1s","addressRegion":"Asturias","addressCountry":"ES"}},{"@type":"Person","@id":"https:\/\/candas365.es\/noticias\/author\/admin\/#author","url":"https:\/\/candas365.es\/noticias\/author\/admin\/","name":"Cand\u00e1s 365","image":{"@type":"ImageObject","@id":"https:\/\/candas365.es\/noticias\/empresas-alemanas-apoyan-a-empleados-en-lucha-contra-el-cancer\/#authorImage","url":"https:\/\/secure.gravatar.com\/avatar\/496a8e03d0c493ede1718b7934145dbdf8d89be1036b0eec9544e1094c9de390?s=96&d=mm&r=g","width":96,"height":96,"caption":"Cand\u00e1s 365"},"sameAs":["https:\/\/www.facebook.com\/carrenoactualidad","https:\/\/twitter.com\/nbasturias","https:\/\/www.instagram.com\/nachofdezber\/","https:\/\/www.youtube.com\/channel\/UCZP-2wLEB9Rv6erhFmqVnvg"]},{"@type":"WebPage","@id":"https:\/\/candas365.es\/noticias\/empresas-alemanas-apoyan-a-empleados-en-lucha-contra-el-cancer\/#webpage","url":"https:\/\/candas365.es\/noticias\/empresas-alemanas-apoyan-a-empleados-en-lucha-contra-el-cancer\/","name":"Empresas alemanas apoyan a empleados en lucha contra el c\u00e1ncer | Cand\u00e1s 365","description":"Stuttgart (Alemania), 18 jul (dpa) - El aumento de las enfermedades de c\u00e1ncer y tambi\u00e9n la posibilidad de asegurarse la lealtad de la plantilla han llevado a empresas alemanas a respaldar a sus empleados en la prevenci\u00f3n, el diagn\u00f3stico y el tratamiento de esta dolencia que cuesta la vida a unas 200.000 personas por a\u00f1o","inLanguage":"es-ES","isPartOf":{"@id":"https:\/\/candas365.es\/noticias\/#website"},"breadcrumb":{"@id":"https:\/\/candas365.es\/noticias\/empresas-alemanas-apoyan-a-empleados-en-lucha-contra-el-cancer\/#breadcrumblist"},"author":{"@id":"https:\/\/candas365.es\/noticias\/author\/admin\/#author"},"creator":{"@id":"https:\/\/candas365.es\/noticias\/author\/admin\/#author"},"image":{"@type":"ImageObject","url":"https:\/\/candas365.es\/noticias\/wp-content\/uploads\/2015\/09\/c365noticias.jpg","@id":"https:\/\/candas365.es\/noticias\/empresas-alemanas-apoyan-a-empleados-en-lucha-contra-el-cancer\/#mainImage","width":655,"height":360},"primaryImageOfPage":{"@id":"https:\/\/candas365.es\/noticias\/empresas-alemanas-apoyan-a-empleados-en-lucha-contra-el-cancer\/#mainImage"},"datePublished":"2016-07-19T11:09:02+02:00","dateModified":"2016-07-19T11:09:02+02:00"},{"@type":"WebSite","@id":"https:\/\/candas365.es\/noticias\/#website","url":"https:\/\/candas365.es\/noticias\/","name":"Cand\u00e1s 365","alternateName":"Cand\u00e1s 365 Noticias","description":"Actualidad desde Carre\u00f1o para el mundo","inLanguage":"es-ES","publisher":{"@id":"https:\/\/candas365.es\/noticias\/#organization"}}]},"og:locale":"es_ES","og:site_name":"Cand\u00e1s 365","og:type":"article","og:title":"Empresas alemanas apoyan a empleados en lucha contra el c\u00e1ncer | Cand\u00e1s 365","og:description":"Stuttgart (Alemania), 18 jul (dpa) - El aumento de las enfermedades de c\u00e1ncer y tambi\u00e9n la posibilidad de asegurarse la lealtad de la plantilla han llevado a empresas alemanas a respaldar a sus empleados en la prevenci\u00f3n, el diagn\u00f3stico y el tratamiento de esta dolencia que cuesta la vida a unas 200.000 personas por a\u00f1o","og:url":"https:\/\/candas365.es\/noticias\/empresas-alemanas-apoyan-a-empleados-en-lucha-contra-el-cancer\/","og:image":"https:\/\/candas365.es\/noticias\/wp-content\/uploads\/2015\/09\/c365noticias.jpg","og:image:secure_url":"https:\/\/candas365.es\/noticias\/wp-content\/uploads\/2015\/09\/c365noticias.jpg","og:image:width":655,"og:image:height":360,"article:published_time":"2016-07-19T09:39:02+00:00","article:modified_time":"2016-07-19T09:39:02+00:00","article:publisher":"https:\/\/www.facebook.com\/Nachofdezber","article:author":"https:\/\/www.facebook.com\/carrenoactualidad","twitter:card":"summary_large_image","twitter:site":"@NabercoDigital","twitter:title":"Empresas alemanas apoyan a empleados en lucha contra el c\u00e1ncer | Cand\u00e1s 365","twitter:description":"Stuttgart (Alemania), 18 jul (dpa) - El aumento de las enfermedades de c\u00e1ncer y tambi\u00e9n la posibilidad de asegurarse la lealtad de la plantilla han llevado a empresas alemanas a respaldar a sus empleados en la prevenci\u00f3n, el diagn\u00f3stico y el tratamiento de esta dolencia que cuesta la vida a unas 200.000 personas por a\u00f1o","twitter:creator":"@nbasturias","twitter:image":"https:\/\/candas365.es\/noticias\/wp-content\/uploads\/2015\/09\/c365noticias.jpg","twitter:label1":"Escrito por","twitter:data1":"Cand\u00e1s 365","twitter:label2":"Tiempo de lectura estimado","twitter:data2":"3 minutos"},"aioseo_meta_data":{"post_id":"32288","title":null,"description":null,"keywords":null,"keyphrases":null,"primary_term":null,"canonical_url":null,"og_title":null,"og_description":null,"og_object_type":"default","og_image_type":"default","og_image_url":null,"og_image_width":null,"og_image_height":null,"og_image_custom_url":null,"og_image_custom_fields":null,"og_video":null,"og_custom_url":null,"og_article_section":null,"og_article_tags":null,"twitter_use_og":false,"twitter_card":"default","twitter_image_type":"default","twitter_image_url":null,"twitter_image_custom_url":null,"twitter_image_custom_fields":null,"twitter_title":null,"twitter_description":null,"schema":{"blockGraphs":[],"customGraphs":[],"default":{"data":{"Article":[],"Course":[],"Dataset":[],"FAQPage":[],"Movie":[],"Person":[],"Product":[],"ProductReview":[],"Car":[],"Recipe":[],"Service":[],"SoftwareApplication":[],"WebPage":[]},"graphName":"","isEnabled":true},"graphs":[],"defaultGraph":"","defaultPostTypeGraph":""},"schema_type":null,"schema_type_options":null,"pillar_content":false,"robots_default":true,"robots_noindex":false,"robots_noarchive":false,"robots_nosnippet":false,"robots_nofollow":false,"robots_noimageindex":false,"robots_noodp":false,"robots_notranslate":false,"robots_max_snippet":null,"robots_max_videopreview":null,"robots_max_imagepreview":"large","priority":null,"frequency":null,"location":null,"local_seo":null,"seo_analyzer_scan_date":"2025-08-24 15:10:13","breadcrumb_settings":null,"limit_modified_date":false,"reviewed_by":null,"open_ai":null,"ai":null,"created":"2020-12-21 13:03:27","updated":"2025-08-24 15:10:13"},"aioseo_breadcrumb":"<div class=\"aioseo-breadcrumbs\"><span class=\"aioseo-breadcrumb\">\n\t<a href=\"https:\/\/candas365.es\/noticias\" title=\"Home\">Home<\/a>\n<\/span><span class=\"aioseo-breadcrumb-separator\">&ndash;<\/span><span class=\"aioseo-breadcrumb\">\n\t<a href=\"https:\/\/candas365.es\/noticias\/category\/actualidad\/\" title=\"Actualidad\">Actualidad<\/a>\n<\/span><span class=\"aioseo-breadcrumb-separator\">&ndash;<\/span><span class=\"aioseo-breadcrumb\">\n\tEmpresas alemanas apoyan a empleados en lucha contra el c\u00e1ncer\n<\/span><\/div>","aioseo_breadcrumb_json":[{"label":"Home","link":"https:\/\/candas365.es\/noticias"},{"label":"Actualidad","link":"https:\/\/candas365.es\/noticias\/category\/actualidad\/"},{"label":"Empresas alemanas apoyan a empleados en lucha contra el c\u00e1ncer","link":"https:\/\/candas365.es\/noticias\/empresas-alemanas-apoyan-a-empleados-en-lucha-contra-el-cancer\/"}],"_links":{"self":[{"href":"https:\/\/candas365.es\/noticias\/wp-json\/wp\/v2\/posts\/32288","targetHints":{"allow":["GET"]}}],"collection":[{"href":"https:\/\/candas365.es\/noticias\/wp-json\/wp\/v2\/posts"}],"about":[{"href":"https:\/\/candas365.es\/noticias\/wp-json\/wp\/v2\/types\/post"}],"author":[{"embeddable":true,"href":"https:\/\/candas365.es\/noticias\/wp-json\/wp\/v2\/users\/1"}],"replies":[{"embeddable":true,"href":"https:\/\/candas365.es\/noticias\/wp-json\/wp\/v2\/comments?post=32288"}],"version-history":[{"count":0,"href":"https:\/\/candas365.es\/noticias\/wp-json\/wp\/v2\/posts\/32288\/revisions"}],"wp:featuredmedia":[{"embeddable":true,"href":"https:\/\/candas365.es\/noticias\/wp-json\/wp\/v2\/media\/16457"}],"wp:attachment":[{"href":"https:\/\/candas365.es\/noticias\/wp-json\/wp\/v2\/media?parent=32288"}],"wp:term":[{"taxonomy":"category","embeddable":true,"href":"https:\/\/candas365.es\/noticias\/wp-json\/wp\/v2\/categories?post=32288"},{"taxonomy":"post_tag","embeddable":true,"href":"https:\/\/candas365.es\/noticias\/wp-json\/wp\/v2\/tags?post=32288"}],"curies":[{"name":"wp","href":"https:\/\/api.w.org\/{rel}","templated":true}]}}