{"id":32278,"date":"2016-07-19T11:04:45","date_gmt":"2016-07-19T09:34:45","guid":{"rendered":"http:\/\/candas365.es\/noticias\/?p=32278"},"modified":"2016-07-19T11:04:45","modified_gmt":"2016-07-19T09:34:45","slug":"turquia-no-podra-entrar-en-ue-si-reimplanta-la-pena-de-muerte","status":"publish","type":"post","link":"https:\/\/candas365.es\/noticias\/turquia-no-podra-entrar-en-ue-si-reimplanta-la-pena-de-muerte\/","title":{"rendered":"Turqu\u00eda no podr\u00e1 entrar en UE si reimplanta la pena de muerte"},"content":{"rendered":"<p><img fetchpriority=\"high\" decoding=\"async\" class=\"alignleft size-medium wp-image-102\" src=\"https:\/\/candas365.es\/noticias\/wp-content\/uploads\/2014\/09\/europa-360x269.jpg\" alt=\"europa\" width=\"360\" height=\"269\" srcset=\"https:\/\/candas365.es\/noticias\/wp-content\/uploads\/2014\/09\/europa.jpg 360w, https:\/\/candas365.es\/noticias\/wp-content\/uploads\/2014\/09\/europa-150x112.jpg 150w, https:\/\/candas365.es\/noticias\/wp-content\/uploads\/2014\/09\/europa-80x60.jpg 80w, https:\/\/candas365.es\/noticias\/wp-content\/uploads\/2014\/09\/europa-265x198.jpg 265w, https:\/\/candas365.es\/noticias\/wp-content\/uploads\/2014\/09\/europa-90x67.jpg 90w\" sizes=\"(max-width: 360px) 100vw, 360px\" \/>Berl\u00edn, 18 jul (dpa) &#8211; El Gobierno de Alemania advirti\u00f3 hoy a Turqu\u00eda que no tendr\u00e1 posibilidad de ingresar en la Uni\u00f3n Europea si vuelve a introducir la pena de muerte.<\/p>\n<p>\u00abRechazamos categ\u00f3ricamente la pena de muerte. Un pa\u00eds que tenga la pena de muerte no puede ser miembro de la Uni\u00f3n Europea\u00bb, sostuvo el portavoz del Ejecutivo germano, Steffen Seibert.<\/p>\n<p>Al mismo tiempo calific\u00f3 de \u00abpreocupante\u00bb el hecho de que el presidente turco, Recep Tayyip Erdogan, considere la posibilidad de introducir nuevamente la pena m\u00e1xima en su pa\u00eds en reacci\u00f3n al intento de golpe de Estado protagonizado el viernes por un sector de las fuerzas armadas.<\/p>\n<p>En Turqu\u00eda no se aplica la pena de muerte desde 1984. En 2004 fue abolida por ley. Adem\u00e1s, Turqu\u00eda se comprometi\u00f3 a dejar de aplicarla al adherirse a los protocolos adicionales de la Convenci\u00f3n Europea para la Protecci\u00f3n de los Derechos Humanos.<\/p>\n<p>Las negociaciones entre Ankara y la Uni\u00f3n Europea para el ingreso de Turqu\u00eda al bloque avanzan a duras penas desde hace tiempo.<\/p>\n<p>\u00abLa UE es una comunidad de valores que ha acordado que la pena de muerte se encuentra fuera de sus valores\u00bb, dijo el portavoz de Merkel. Por ello, la reimplantaci\u00f3n de la condena m\u00e1xima \u00absignificar\u00eda el fin de las negociaciones para la incorporaci\u00f3n\u00bb.<\/p>\n","protected":false},"excerpt":{"rendered":"<p>Berl\u00edn, 18 jul (dpa) &#8211; El Gobierno de Alemania advirti\u00f3 hoy a Turqu\u00eda que no tendr\u00e1 posibilidad de ingresar en la Uni\u00f3n Europea si vuelve a introducir la pena de muerte. \u00abRechazamos categ\u00f3ricamente la pena de muerte. Un pa\u00eds que tenga la pena de muerte no puede ser miembro de la Uni\u00f3n Europea\u00bb, sostuvo el<\/p>\n","protected":false},"author":1,"featured_media":102,"comment_status":"closed","ping_status":"closed","sticky":false,"template":"","format":"standard","meta":{"footnotes":""},"categories":[343],"tags":[],"class_list":{"0":"post-32278","1":"post","2":"type-post","3":"status-publish","4":"format-standard","5":"has-post-thumbnail","7":"category-actualidad"},"aioseo_notices":[],"aioseo_head":"\n\t\t<!-- All in One SEO Pro 4.9.6.2 - aioseo.com -->\n\t<meta name=\"description\" content=\"Berl\u00edn, 18 jul (dpa) - El Gobierno de Alemania advirti\u00f3 hoy a Turqu\u00eda que no tendr\u00e1 posibilidad de ingresar en la Uni\u00f3n Europea si vuelve a introducir la pena de muerte. &quot;Rechazamos categ\u00f3ricamente la pena de muerte. Un pa\u00eds que tenga la pena de muerte no puede ser miembro de la Uni\u00f3n Europea&quot;, sostuvo el\" \/>\n\t<meta name=\"robots\" content=\"max-image-preview:large\" \/>\n\t<meta name=\"author\" content=\"Cand\u00e1s 365\"\/>\n\t<meta name=\"google-site-verification\" content=\"UA-32230408-1\" \/>\n\t<meta name=\"msvalidate.01\" content=\"354F3CDFB2DA171B47FBE9ABF1F88D5\" \/>\n\t<meta name=\"keywords\" content=\"actualidad\" \/>\n\t<link rel=\"canonical\" href=\"https:\/\/candas365.es\/noticias\/turquia-no-podra-entrar-en-ue-si-reimplanta-la-pena-de-muerte\/\" \/>\n\t<meta name=\"generator\" content=\"All in One SEO Pro (AIOSEO) 4.9.6.2\" \/>\n\t\t<meta property=\"og:locale\" content=\"es_ES\" \/>\n\t\t<meta property=\"og:site_name\" content=\"Cand\u00e1s 365\" \/>\n\t\t<meta property=\"og:type\" content=\"article\" \/>\n\t\t<meta property=\"og:title\" content=\"Turqu\u00eda no podr\u00e1 entrar en UE si reimplanta la pena de muerte | Cand\u00e1s 365\" \/>\n\t\t<meta property=\"og:description\" content=\"Berl\u00edn, 18 jul (dpa) - El Gobierno de Alemania advirti\u00f3 hoy a Turqu\u00eda que no tendr\u00e1 posibilidad de ingresar en la Uni\u00f3n Europea si vuelve a introducir la pena de muerte. &quot;Rechazamos categ\u00f3ricamente la pena de muerte. Un pa\u00eds que tenga la pena de muerte no puede ser miembro de la Uni\u00f3n Europea&quot;, sostuvo el\" \/>\n\t\t<meta property=\"og:url\" content=\"https:\/\/candas365.es\/noticias\/turquia-no-podra-entrar-en-ue-si-reimplanta-la-pena-de-muerte\/\" \/>\n\t\t<meta property=\"og:image\" content=\"https:\/\/candas365.es\/noticias\/wp-content\/uploads\/2014\/09\/europa.jpg\" \/>\n\t\t<meta property=\"og:image:secure_url\" content=\"https:\/\/candas365.es\/noticias\/wp-content\/uploads\/2014\/09\/europa.jpg\" \/>\n\t\t<meta property=\"og:image:width\" content=\"360\" \/>\n\t\t<meta property=\"og:image:height\" content=\"269\" \/>\n\t\t<meta property=\"article:published_time\" content=\"2016-07-19T09:34:45+00:00\" \/>\n\t\t<meta property=\"article:modified_time\" content=\"2016-07-19T09:34:45+00:00\" \/>\n\t\t<meta property=\"article:publisher\" content=\"https:\/\/www.facebook.com\/Nachofdezber\" \/>\n\t\t<meta property=\"article:author\" content=\"https:\/\/www.facebook.com\/carrenoactualidad\" \/>\n\t\t<meta name=\"twitter:card\" content=\"summary_large_image\" \/>\n\t\t<meta name=\"twitter:site\" content=\"@NabercoDigital\" \/>\n\t\t<meta name=\"twitter:title\" content=\"Turqu\u00eda no podr\u00e1 entrar en UE si reimplanta la pena de muerte | Cand\u00e1s 365\" \/>\n\t\t<meta name=\"twitter:description\" content=\"Berl\u00edn, 18 jul (dpa) - El Gobierno de Alemania advirti\u00f3 hoy a Turqu\u00eda que no tendr\u00e1 posibilidad de ingresar en la Uni\u00f3n Europea si vuelve a introducir la pena de muerte. &quot;Rechazamos categ\u00f3ricamente la pena de muerte. Un pa\u00eds que tenga la pena de muerte no puede ser miembro de la Uni\u00f3n Europea&quot;, sostuvo el\" \/>\n\t\t<meta name=\"twitter:creator\" content=\"@nbasturias\" \/>\n\t\t<meta name=\"twitter:image\" content=\"https:\/\/candas365.es\/noticias\/wp-content\/uploads\/2014\/09\/europa.jpg\" \/>\n\t\t<meta name=\"twitter:label1\" content=\"Escrito por\" \/>\n\t\t<meta name=\"twitter:data1\" content=\"Cand\u00e1s 365\" \/>\n\t\t<meta name=\"twitter:label2\" content=\"Tiempo de lectura estimado\" \/>\n\t\t<meta name=\"twitter:data2\" content=\"1 minuto\" \/>\n\t\t<script type=\"application\/ld+json\" class=\"aioseo-schema\">\n\t\t\t{\"@context\":\"https:\\\/\\\/schema.org\",\"@graph\":[{\"@type\":\"BreadcrumbList\",\"@id\":\"https:\\\/\\\/candas365.es\\\/noticias\\\/turquia-no-podra-entrar-en-ue-si-reimplanta-la-pena-de-muerte\\\/#breadcrumblist\",\"itemListElement\":[{\"@type\":\"ListItem\",\"@id\":\"https:\\\/\\\/candas365.es\\\/noticias#listItem\",\"position\":1,\"name\":\"Home\",\"item\":\"https:\\\/\\\/candas365.es\\\/noticias\",\"nextItem\":{\"@type\":\"ListItem\",\"@id\":\"https:\\\/\\\/candas365.es\\\/noticias\\\/category\\\/actualidad\\\/#listItem\",\"name\":\"Actualidad\"}},{\"@type\":\"ListItem\",\"@id\":\"https:\\\/\\\/candas365.es\\\/noticias\\\/category\\\/actualidad\\\/#listItem\",\"position\":2,\"name\":\"Actualidad\",\"item\":\"https:\\\/\\\/candas365.es\\\/noticias\\\/category\\\/actualidad\\\/\",\"nextItem\":{\"@type\":\"ListItem\",\"@id\":\"https:\\\/\\\/candas365.es\\\/noticias\\\/turquia-no-podra-entrar-en-ue-si-reimplanta-la-pena-de-muerte\\\/#listItem\",\"name\":\"Turqu\\u00eda no podr\\u00e1 entrar en UE si reimplanta la pena de muerte\"},\"previousItem\":{\"@type\":\"ListItem\",\"@id\":\"https:\\\/\\\/candas365.es\\\/noticias#listItem\",\"name\":\"Home\"}},{\"@type\":\"ListItem\",\"@id\":\"https:\\\/\\\/candas365.es\\\/noticias\\\/turquia-no-podra-entrar-en-ue-si-reimplanta-la-pena-de-muerte\\\/#listItem\",\"position\":3,\"name\":\"Turqu\\u00eda no podr\\u00e1 entrar en UE si reimplanta la pena de muerte\",\"previousItem\":{\"@type\":\"ListItem\",\"@id\":\"https:\\\/\\\/candas365.es\\\/noticias\\\/category\\\/actualidad\\\/#listItem\",\"name\":\"Actualidad\"}}]},{\"@type\":\"NewsArticle\",\"@id\":\"https:\\\/\\\/candas365.es\\\/noticias\\\/turquia-no-podra-entrar-en-ue-si-reimplanta-la-pena-de-muerte\\\/#newsarticle\",\"name\":\"Turqu\\u00eda no podr\\u00e1 entrar en UE si reimplanta la pena de muerte | Cand\\u00e1s 365\",\"headline\":\"Turqu\\u00eda no podr\\u00e1 entrar en UE si reimplanta la pena de muerte\",\"author\":{\"@id\":\"https:\\\/\\\/candas365.es\\\/noticias\\\/author\\\/admin\\\/#author\"},\"publisher\":{\"@id\":\"https:\\\/\\\/candas365.es\\\/noticias\\\/#organization\"},\"image\":{\"@type\":\"ImageObject\",\"url\":\"https:\\\/\\\/candas365.es\\\/noticias\\\/wp-content\\\/uploads\\\/2014\\\/09\\\/europa.jpg\",\"width\":360,\"height\":269},\"datePublished\":\"2016-07-19T11:04:45+02:00\",\"dateModified\":\"2016-07-19T11:04:45+02:00\",\"inLanguage\":\"es-ES\",\"mainEntityOfPage\":{\"@id\":\"https:\\\/\\\/candas365.es\\\/noticias\\\/turquia-no-podra-entrar-en-ue-si-reimplanta-la-pena-de-muerte\\\/#webpage\"},\"isPartOf\":{\"@id\":\"https:\\\/\\\/candas365.es\\\/noticias\\\/turquia-no-podra-entrar-en-ue-si-reimplanta-la-pena-de-muerte\\\/#webpage\"},\"articleSection\":\"Actualidad\",\"dateline\":\"Publicado el julio 19, 2016.\"},{\"@type\":\"Organization\",\"@id\":\"https:\\\/\\\/candas365.es\\\/noticias\\\/#organization\",\"name\":\"Cand\\u00e1s 365\",\"description\":\"Cand\\u00e1s 365 es un diario digital independiente, fundado en 2012, con base en Asturias. Informamos con rigor sobre actualidad, sociedad, cultura y ocio, con una mirada local y global.\",\"url\":\"https:\\\/\\\/candas365.es\\\/noticias\\\/\",\"email\":\"info@candas365.es\",\"telephone\":\"+34652131393\",\"foundingDate\":\"2012-06-10\",\"logo\":{\"@type\":\"ImageObject\",\"url\":\"https:\\\/\\\/candas365.es\\\/noticias\\\/wp-content\\\/uploads\\\/2024\\\/09\\\/Candas-365-Redes.jpg\",\"@id\":\"https:\\\/\\\/candas365.es\\\/noticias\\\/turquia-no-podra-entrar-en-ue-si-reimplanta-la-pena-de-muerte\\\/#organizationLogo\",\"width\":1152,\"height\":864,\"caption\":\"Cand\\u00e1s 365 Redes\"},\"image\":{\"@id\":\"https:\\\/\\\/candas365.es\\\/noticias\\\/turquia-no-podra-entrar-en-ue-si-reimplanta-la-pena-de-muerte\\\/#organizationLogo\"},\"sameAs\":[\"https:\\\/\\\/www.facebook.com\\\/Nachofdezber\",\"https:\\\/\\\/x.com\\\/NabercoDigital\",\"https:\\\/\\\/www.instagram.com\\\/nachofdezber\\\/\",\"https:\\\/\\\/www.youtube.com\\\/channel\\\/UCZP-2wLEB9Rv6erhFmqVnvg\"],\"address\":{\"@id\":\"https:\\\/\\\/candas365.es\\\/noticias\\\/#postaladdress\",\"@type\":\"PostalAddress\",\"streetAddress\":\"san antonio 4, san antonio 4\",\"postalCode\":\"33430\",\"addressLocality\":\"Cand\\u00e1s\",\"addressRegion\":\"Asturias\",\"addressCountry\":\"ES\"}},{\"@type\":\"Person\",\"@id\":\"https:\\\/\\\/candas365.es\\\/noticias\\\/author\\\/admin\\\/#author\",\"url\":\"https:\\\/\\\/candas365.es\\\/noticias\\\/author\\\/admin\\\/\",\"name\":\"Cand\\u00e1s 365\",\"image\":{\"@type\":\"ImageObject\",\"@id\":\"https:\\\/\\\/candas365.es\\\/noticias\\\/turquia-no-podra-entrar-en-ue-si-reimplanta-la-pena-de-muerte\\\/#authorImage\",\"url\":\"https:\\\/\\\/secure.gravatar.com\\\/avatar\\\/496a8e03d0c493ede1718b7934145dbdf8d89be1036b0eec9544e1094c9de390?s=96&d=mm&r=g\",\"width\":96,\"height\":96,\"caption\":\"Cand\\u00e1s 365\"},\"sameAs\":[\"https:\\\/\\\/www.facebook.com\\\/carrenoactualidad\",\"https:\\\/\\\/twitter.com\\\/nbasturias\",\"https:\\\/\\\/www.instagram.com\\\/nachofdezber\\\/\",\"https:\\\/\\\/www.youtube.com\\\/channel\\\/UCZP-2wLEB9Rv6erhFmqVnvg\"]},{\"@type\":\"WebPage\",\"@id\":\"https:\\\/\\\/candas365.es\\\/noticias\\\/turquia-no-podra-entrar-en-ue-si-reimplanta-la-pena-de-muerte\\\/#webpage\",\"url\":\"https:\\\/\\\/candas365.es\\\/noticias\\\/turquia-no-podra-entrar-en-ue-si-reimplanta-la-pena-de-muerte\\\/\",\"name\":\"Turqu\\u00eda no podr\\u00e1 entrar en UE si reimplanta la pena de muerte | Cand\\u00e1s 365\",\"description\":\"Berl\\u00edn, 18 jul (dpa) - El Gobierno de Alemania advirti\\u00f3 hoy a Turqu\\u00eda que no tendr\\u00e1 posibilidad de ingresar en la Uni\\u00f3n Europea si vuelve a introducir la pena de muerte. \\\"Rechazamos categ\\u00f3ricamente la pena de muerte. Un pa\\u00eds que tenga la pena de muerte no puede ser miembro de la Uni\\u00f3n Europea\\\", sostuvo el\",\"inLanguage\":\"es-ES\",\"isPartOf\":{\"@id\":\"https:\\\/\\\/candas365.es\\\/noticias\\\/#website\"},\"breadcrumb\":{\"@id\":\"https:\\\/\\\/candas365.es\\\/noticias\\\/turquia-no-podra-entrar-en-ue-si-reimplanta-la-pena-de-muerte\\\/#breadcrumblist\"},\"author\":{\"@id\":\"https:\\\/\\\/candas365.es\\\/noticias\\\/author\\\/admin\\\/#author\"},\"creator\":{\"@id\":\"https:\\\/\\\/candas365.es\\\/noticias\\\/author\\\/admin\\\/#author\"},\"image\":{\"@type\":\"ImageObject\",\"url\":\"https:\\\/\\\/candas365.es\\\/noticias\\\/wp-content\\\/uploads\\\/2014\\\/09\\\/europa.jpg\",\"@id\":\"https:\\\/\\\/candas365.es\\\/noticias\\\/turquia-no-podra-entrar-en-ue-si-reimplanta-la-pena-de-muerte\\\/#mainImage\",\"width\":360,\"height\":269},\"primaryImageOfPage\":{\"@id\":\"https:\\\/\\\/candas365.es\\\/noticias\\\/turquia-no-podra-entrar-en-ue-si-reimplanta-la-pena-de-muerte\\\/#mainImage\"},\"datePublished\":\"2016-07-19T11:04:45+02:00\",\"dateModified\":\"2016-07-19T11:04:45+02:00\"},{\"@type\":\"WebSite\",\"@id\":\"https:\\\/\\\/candas365.es\\\/noticias\\\/#website\",\"url\":\"https:\\\/\\\/candas365.es\\\/noticias\\\/\",\"name\":\"Cand\\u00e1s 365\",\"alternateName\":\"Cand\\u00e1s 365 Noticias\",\"description\":\"Actualidad desde Carre\\u00f1o para el mundo\",\"inLanguage\":\"es-ES\",\"publisher\":{\"@id\":\"https:\\\/\\\/candas365.es\\\/noticias\\\/#organization\"}}]}\n\t\t<\/script>\n\t\t<!-- All in One SEO Pro -->\r\n\t\t<title>Turqu\u00eda no podr\u00e1 entrar en UE si reimplanta la pena de muerte | Cand\u00e1s 365<\/title>\n\n","aioseo_head_json":{"title":"Turqu\u00eda no podr\u00e1 entrar en UE si reimplanta la pena de muerte | Cand\u00e1s 365","description":"Berl\u00edn, 18 jul (dpa) - El Gobierno de Alemania advirti\u00f3 hoy a Turqu\u00eda que no tendr\u00e1 posibilidad de ingresar en la Uni\u00f3n Europea si vuelve a introducir la pena de muerte. \"Rechazamos categ\u00f3ricamente la pena de muerte. Un pa\u00eds que tenga la pena de muerte no puede ser miembro de la Uni\u00f3n Europea\", sostuvo el","canonical_url":"https:\/\/candas365.es\/noticias\/turquia-no-podra-entrar-en-ue-si-reimplanta-la-pena-de-muerte\/","robots":"max-image-preview:large","keywords":"actualidad","webmasterTools":{"google-site-verification":"UA-32230408-1","msvalidate.01":"354F3CDFB2DA171B47FBE9ABF1F88D5","miscellaneous":""},"schema":{"@context":"https:\/\/schema.org","@graph":[{"@type":"BreadcrumbList","@id":"https:\/\/candas365.es\/noticias\/turquia-no-podra-entrar-en-ue-si-reimplanta-la-pena-de-muerte\/#breadcrumblist","itemListElement":[{"@type":"ListItem","@id":"https:\/\/candas365.es\/noticias#listItem","position":1,"name":"Home","item":"https:\/\/candas365.es\/noticias","nextItem":{"@type":"ListItem","@id":"https:\/\/candas365.es\/noticias\/category\/actualidad\/#listItem","name":"Actualidad"}},{"@type":"ListItem","@id":"https:\/\/candas365.es\/noticias\/category\/actualidad\/#listItem","position":2,"name":"Actualidad","item":"https:\/\/candas365.es\/noticias\/category\/actualidad\/","nextItem":{"@type":"ListItem","@id":"https:\/\/candas365.es\/noticias\/turquia-no-podra-entrar-en-ue-si-reimplanta-la-pena-de-muerte\/#listItem","name":"Turqu\u00eda no podr\u00e1 entrar en UE si reimplanta la pena de muerte"},"previousItem":{"@type":"ListItem","@id":"https:\/\/candas365.es\/noticias#listItem","name":"Home"}},{"@type":"ListItem","@id":"https:\/\/candas365.es\/noticias\/turquia-no-podra-entrar-en-ue-si-reimplanta-la-pena-de-muerte\/#listItem","position":3,"name":"Turqu\u00eda no podr\u00e1 entrar en UE si reimplanta la pena de muerte","previousItem":{"@type":"ListItem","@id":"https:\/\/candas365.es\/noticias\/category\/actualidad\/#listItem","name":"Actualidad"}}]},{"@type":"NewsArticle","@id":"https:\/\/candas365.es\/noticias\/turquia-no-podra-entrar-en-ue-si-reimplanta-la-pena-de-muerte\/#newsarticle","name":"Turqu\u00eda no podr\u00e1 entrar en UE si reimplanta la pena de muerte | Cand\u00e1s 365","headline":"Turqu\u00eda no podr\u00e1 entrar en UE si reimplanta la pena de muerte","author":{"@id":"https:\/\/candas365.es\/noticias\/author\/admin\/#author"},"publisher":{"@id":"https:\/\/candas365.es\/noticias\/#organization"},"image":{"@type":"ImageObject","url":"https:\/\/candas365.es\/noticias\/wp-content\/uploads\/2014\/09\/europa.jpg","width":360,"height":269},"datePublished":"2016-07-19T11:04:45+02:00","dateModified":"2016-07-19T11:04:45+02:00","inLanguage":"es-ES","mainEntityOfPage":{"@id":"https:\/\/candas365.es\/noticias\/turquia-no-podra-entrar-en-ue-si-reimplanta-la-pena-de-muerte\/#webpage"},"isPartOf":{"@id":"https:\/\/candas365.es\/noticias\/turquia-no-podra-entrar-en-ue-si-reimplanta-la-pena-de-muerte\/#webpage"},"articleSection":"Actualidad","dateline":"Publicado el julio 19, 2016."},{"@type":"Organization","@id":"https:\/\/candas365.es\/noticias\/#organization","name":"Cand\u00e1s 365","description":"Cand\u00e1s 365 es un diario digital independiente, fundado en 2012, con base en Asturias. Informamos con rigor sobre actualidad, sociedad, cultura y ocio, con una mirada local y global.","url":"https:\/\/candas365.es\/noticias\/","email":"info@candas365.es","telephone":"+34652131393","foundingDate":"2012-06-10","logo":{"@type":"ImageObject","url":"https:\/\/candas365.es\/noticias\/wp-content\/uploads\/2024\/09\/Candas-365-Redes.jpg","@id":"https:\/\/candas365.es\/noticias\/turquia-no-podra-entrar-en-ue-si-reimplanta-la-pena-de-muerte\/#organizationLogo","width":1152,"height":864,"caption":"Cand\u00e1s 365 Redes"},"image":{"@id":"https:\/\/candas365.es\/noticias\/turquia-no-podra-entrar-en-ue-si-reimplanta-la-pena-de-muerte\/#organizationLogo"},"sameAs":["https:\/\/www.facebook.com\/Nachofdezber","https:\/\/x.com\/NabercoDigital","https:\/\/www.instagram.com\/nachofdezber\/","https:\/\/www.youtube.com\/channel\/UCZP-2wLEB9Rv6erhFmqVnvg"],"address":{"@id":"https:\/\/candas365.es\/noticias\/#postaladdress","@type":"PostalAddress","streetAddress":"san antonio 4, san antonio 4","postalCode":"33430","addressLocality":"Cand\u00e1s","addressRegion":"Asturias","addressCountry":"ES"}},{"@type":"Person","@id":"https:\/\/candas365.es\/noticias\/author\/admin\/#author","url":"https:\/\/candas365.es\/noticias\/author\/admin\/","name":"Cand\u00e1s 365","image":{"@type":"ImageObject","@id":"https:\/\/candas365.es\/noticias\/turquia-no-podra-entrar-en-ue-si-reimplanta-la-pena-de-muerte\/#authorImage","url":"https:\/\/secure.gravatar.com\/avatar\/496a8e03d0c493ede1718b7934145dbdf8d89be1036b0eec9544e1094c9de390?s=96&d=mm&r=g","width":96,"height":96,"caption":"Cand\u00e1s 365"},"sameAs":["https:\/\/www.facebook.com\/carrenoactualidad","https:\/\/twitter.com\/nbasturias","https:\/\/www.instagram.com\/nachofdezber\/","https:\/\/www.youtube.com\/channel\/UCZP-2wLEB9Rv6erhFmqVnvg"]},{"@type":"WebPage","@id":"https:\/\/candas365.es\/noticias\/turquia-no-podra-entrar-en-ue-si-reimplanta-la-pena-de-muerte\/#webpage","url":"https:\/\/candas365.es\/noticias\/turquia-no-podra-entrar-en-ue-si-reimplanta-la-pena-de-muerte\/","name":"Turqu\u00eda no podr\u00e1 entrar en UE si reimplanta la pena de muerte | Cand\u00e1s 365","description":"Berl\u00edn, 18 jul (dpa) - El Gobierno de Alemania advirti\u00f3 hoy a Turqu\u00eda que no tendr\u00e1 posibilidad de ingresar en la Uni\u00f3n Europea si vuelve a introducir la pena de muerte. \"Rechazamos categ\u00f3ricamente la pena de muerte. Un pa\u00eds que tenga la pena de muerte no puede ser miembro de la Uni\u00f3n Europea\", sostuvo el","inLanguage":"es-ES","isPartOf":{"@id":"https:\/\/candas365.es\/noticias\/#website"},"breadcrumb":{"@id":"https:\/\/candas365.es\/noticias\/turquia-no-podra-entrar-en-ue-si-reimplanta-la-pena-de-muerte\/#breadcrumblist"},"author":{"@id":"https:\/\/candas365.es\/noticias\/author\/admin\/#author"},"creator":{"@id":"https:\/\/candas365.es\/noticias\/author\/admin\/#author"},"image":{"@type":"ImageObject","url":"https:\/\/candas365.es\/noticias\/wp-content\/uploads\/2014\/09\/europa.jpg","@id":"https:\/\/candas365.es\/noticias\/turquia-no-podra-entrar-en-ue-si-reimplanta-la-pena-de-muerte\/#mainImage","width":360,"height":269},"primaryImageOfPage":{"@id":"https:\/\/candas365.es\/noticias\/turquia-no-podra-entrar-en-ue-si-reimplanta-la-pena-de-muerte\/#mainImage"},"datePublished":"2016-07-19T11:04:45+02:00","dateModified":"2016-07-19T11:04:45+02:00"},{"@type":"WebSite","@id":"https:\/\/candas365.es\/noticias\/#website","url":"https:\/\/candas365.es\/noticias\/","name":"Cand\u00e1s 365","alternateName":"Cand\u00e1s 365 Noticias","description":"Actualidad desde Carre\u00f1o para el mundo","inLanguage":"es-ES","publisher":{"@id":"https:\/\/candas365.es\/noticias\/#organization"}}]},"og:locale":"es_ES","og:site_name":"Cand\u00e1s 365","og:type":"article","og:title":"Turqu\u00eda no podr\u00e1 entrar en UE si reimplanta la pena de muerte | Cand\u00e1s 365","og:description":"Berl\u00edn, 18 jul (dpa) - El Gobierno de Alemania advirti\u00f3 hoy a Turqu\u00eda que no tendr\u00e1 posibilidad de ingresar en la Uni\u00f3n Europea si vuelve a introducir la pena de muerte. &quot;Rechazamos categ\u00f3ricamente la pena de muerte. Un pa\u00eds que tenga la pena de muerte no puede ser miembro de la Uni\u00f3n Europea&quot;, sostuvo el","og:url":"https:\/\/candas365.es\/noticias\/turquia-no-podra-entrar-en-ue-si-reimplanta-la-pena-de-muerte\/","og:image":"https:\/\/candas365.es\/noticias\/wp-content\/uploads\/2014\/09\/europa.jpg","og:image:secure_url":"https:\/\/candas365.es\/noticias\/wp-content\/uploads\/2014\/09\/europa.jpg","og:image:width":360,"og:image:height":269,"article:published_time":"2016-07-19T09:34:45+00:00","article:modified_time":"2016-07-19T09:34:45+00:00","article:publisher":"https:\/\/www.facebook.com\/Nachofdezber","article:author":"https:\/\/www.facebook.com\/carrenoactualidad","twitter:card":"summary_large_image","twitter:site":"@NabercoDigital","twitter:title":"Turqu\u00eda no podr\u00e1 entrar en UE si reimplanta la pena de muerte | Cand\u00e1s 365","twitter:description":"Berl\u00edn, 18 jul (dpa) - El Gobierno de Alemania advirti\u00f3 hoy a Turqu\u00eda que no tendr\u00e1 posibilidad de ingresar en la Uni\u00f3n Europea si vuelve a introducir la pena de muerte. &quot;Rechazamos categ\u00f3ricamente la pena de muerte. Un pa\u00eds que tenga la pena de muerte no puede ser miembro de la Uni\u00f3n Europea&quot;, sostuvo el","twitter:creator":"@nbasturias","twitter:image":"https:\/\/candas365.es\/noticias\/wp-content\/uploads\/2014\/09\/europa.jpg","twitter:label1":"Escrito por","twitter:data1":"Cand\u00e1s 365","twitter:label2":"Tiempo de lectura estimado","twitter:data2":"1 minuto"},"aioseo_meta_data":{"post_id":"32278","title":null,"description":null,"keywords":null,"keyphrases":null,"primary_term":null,"canonical_url":null,"og_title":null,"og_description":null,"og_object_type":"default","og_image_type":"default","og_image_url":null,"og_image_width":null,"og_image_height":null,"og_image_custom_url":null,"og_image_custom_fields":null,"og_video":null,"og_custom_url":null,"og_article_section":null,"og_article_tags":null,"twitter_use_og":false,"twitter_card":"default","twitter_image_type":"default","twitter_image_url":null,"twitter_image_custom_url":null,"twitter_image_custom_fields":null,"twitter_title":null,"twitter_description":null,"schema":{"blockGraphs":[],"customGraphs":[],"default":{"data":{"Article":[],"Course":[],"Dataset":[],"FAQPage":[],"Movie":[],"Person":[],"Product":[],"ProductReview":[],"Car":[],"Recipe":[],"Service":[],"SoftwareApplication":[],"WebPage":[]},"graphName":"","isEnabled":true},"graphs":[]},"schema_type":null,"schema_type_options":null,"pillar_content":false,"robots_default":true,"robots_noindex":false,"robots_noarchive":false,"robots_nosnippet":false,"robots_nofollow":false,"robots_noimageindex":false,"robots_noodp":false,"robots_notranslate":false,"robots_max_snippet":null,"robots_max_videopreview":null,"robots_max_imagepreview":"large","priority":null,"frequency":null,"location":null,"local_seo":null,"seo_analyzer_scan_date":"2025-08-24 15:10:08","breadcrumb_settings":null,"limit_modified_date":false,"reviewed_by":null,"open_ai":null,"ai":null,"created":"2020-12-21 13:03:27","updated":"2025-08-24 15:10:08"},"aioseo_breadcrumb":"<div class=\"aioseo-breadcrumbs\"><span class=\"aioseo-breadcrumb\">\n\t<a href=\"https:\/\/candas365.es\/noticias\" title=\"Home\">Home<\/a>\n<\/span><span class=\"aioseo-breadcrumb-separator\">&ndash;<\/span><span class=\"aioseo-breadcrumb\">\n\t<a href=\"https:\/\/candas365.es\/noticias\/category\/actualidad\/\" title=\"Actualidad\">Actualidad<\/a>\n<\/span><span class=\"aioseo-breadcrumb-separator\">&ndash;<\/span><span class=\"aioseo-breadcrumb\">\n\tTurqu\u00eda no podr\u00e1 entrar en UE si reimplanta la pena de muerte\n<\/span><\/div>","aioseo_breadcrumb_json":[{"label":"Home","link":"https:\/\/candas365.es\/noticias"},{"label":"Actualidad","link":"https:\/\/candas365.es\/noticias\/category\/actualidad\/"},{"label":"Turqu\u00eda no podr\u00e1 entrar en UE si reimplanta la pena de muerte","link":"https:\/\/candas365.es\/noticias\/turquia-no-podra-entrar-en-ue-si-reimplanta-la-pena-de-muerte\/"}],"_links":{"self":[{"href":"https:\/\/candas365.es\/noticias\/wp-json\/wp\/v2\/posts\/32278","targetHints":{"allow":["GET"]}}],"collection":[{"href":"https:\/\/candas365.es\/noticias\/wp-json\/wp\/v2\/posts"}],"about":[{"href":"https:\/\/candas365.es\/noticias\/wp-json\/wp\/v2\/types\/post"}],"author":[{"embeddable":true,"href":"https:\/\/candas365.es\/noticias\/wp-json\/wp\/v2\/users\/1"}],"replies":[{"embeddable":true,"href":"https:\/\/candas365.es\/noticias\/wp-json\/wp\/v2\/comments?post=32278"}],"version-history":[{"count":0,"href":"https:\/\/candas365.es\/noticias\/wp-json\/wp\/v2\/posts\/32278\/revisions"}],"wp:featuredmedia":[{"embeddable":true,"href":"https:\/\/candas365.es\/noticias\/wp-json\/wp\/v2\/media\/102"}],"wp:attachment":[{"href":"https:\/\/candas365.es\/noticias\/wp-json\/wp\/v2\/media?parent=32278"}],"wp:term":[{"taxonomy":"category","embeddable":true,"href":"https:\/\/candas365.es\/noticias\/wp-json\/wp\/v2\/categories?post=32278"},{"taxonomy":"post_tag","embeddable":true,"href":"https:\/\/candas365.es\/noticias\/wp-json\/wp\/v2\/tags?post=32278"}],"curies":[{"name":"wp","href":"https:\/\/api.w.org\/{rel}","templated":true}]}}