{"id":32243,"date":"2016-07-17T22:18:30","date_gmt":"2016-07-17T20:48:30","guid":{"rendered":"http:\/\/candas365.es\/noticias\/?p=32243"},"modified":"2016-07-17T22:18:30","modified_gmt":"2016-07-17T20:48:30","slug":"marc-marquez-gana-por-septima-vez-en-sachsenring","status":"publish","type":"post","link":"https:\/\/candas365.es\/noticias\/marc-marquez-gana-por-septima-vez-en-sachsenring\/","title":{"rendered":"Marc M\u00e1rquez gana por s\u00e9ptima vez en Sachsenring"},"content":{"rendered":"<p><img fetchpriority=\"high\" decoding=\"async\" class=\"alignleft size-medium wp-image-32244\" src=\"https:\/\/candas365.es\/noticias\/wp-content\/uploads\/2016\/07\/marquez-360x198.jpg\" alt=\"marquez\" width=\"360\" height=\"198\" srcset=\"https:\/\/candas365.es\/noticias\/wp-content\/uploads\/2016\/07\/marquez-360x198.jpg 360w, https:\/\/candas365.es\/noticias\/wp-content\/uploads\/2016\/07\/marquez-650x357.jpg 650w, https:\/\/candas365.es\/noticias\/wp-content\/uploads\/2016\/07\/marquez-150x82.jpg 150w, https:\/\/candas365.es\/noticias\/wp-content\/uploads\/2016\/07\/marquez-450x247.jpg 450w, https:\/\/candas365.es\/noticias\/wp-content\/uploads\/2016\/07\/marquez.jpg 655w\" sizes=\"(max-width: 360px) 100vw, 360px\" \/>Hohenstein-Ernstthal (Alemania), 17 jul (dpa) &#8211; El espa\u00f1ol Marc M\u00e1rquez hizo honor a su apodo de \u00abMister Sachsenring\u00bb al imponerse hoy con su Honda por s\u00e9ptima vez consecutiva en el circuito alem\u00e1n y ganar el Gran Premio germano de motociclismo de velocidad.<\/p>\n<p>En una competencia que comenz\u00f3 bajo la lluvia y termin\u00f3 con piso seco, el espa\u00f1ol hizo gala de una estrategia perfecta para quedarse con la victoria, la s\u00e9ptima en fila que logra en Sachsenring. De esa forma, estir\u00f3 su ventaja sobre sus perseguidores en el campeonato, su compatriota Jorge Lorenzo y el italiano Valentino Rossi.<\/p>\n<p>El ex campe\u00f3n del mundo fue uno de los primeros pilotos en darse cuenta que el circuito comenzaba a secarse, y en ese momento, cambi\u00f3 su motocicleta por una calzada con neum\u00e1ticos lisos que le dio grandes dividendos.<\/p>\n<p>M\u00e1rquez, que iba noveno cuando decidi\u00f3 cambiar de moto, fue escoltado por brit\u00e1nico Cal Crutchlow (Honda) y el italiano Andrea Dovizioso (Ducati).<\/p>\n<p>Por m\u00e1s que la pista no estaba del todo seca y hab\u00eda charcos sobre el circuito, M\u00e1rquez lleg\u00f3 a girar cuatro segundos m\u00e1s r\u00e1pido que sus rivales con motos con gomas para lluvia, por lo que de manera muy veloz comenz\u00f3 a escalar posiciones, hasta tomar la punta de la competencia.<\/p>\n<p>Equivocado en su estrategia, Rossi apenas pudo terminar octavo con su Yamaha, mientras que su compa\u00f1ero de equipo Lorenzo termin\u00f3 decimoquinto.<\/p>\n<p>Con esas posiciones, M\u00e1rquez se consolid\u00f3 como l\u00edder del campeonato con 170 puntos, escoltado por Lorenzo, con 122, y Rossi, con 111.<\/p>\n<p>La pr\u00f3xima competencia del Mundial ser\u00e1 la d\u00e9cima de la temporada y se llevar\u00e1 a cabo el 14 de agosto en Austria.<\/p>\n","protected":false},"excerpt":{"rendered":"<p>Hohenstein-Ernstthal (Alemania), 17 jul (dpa) &#8211; El espa\u00f1ol Marc M\u00e1rquez hizo honor a su apodo de \u00abMister Sachsenring\u00bb al imponerse hoy con su Honda por s\u00e9ptima vez consecutiva en el circuito alem\u00e1n y ganar el Gran Premio germano de motociclismo de velocidad. En una competencia que comenz\u00f3 bajo la lluvia y termin\u00f3 con piso seco,<\/p>\n","protected":false},"author":1,"featured_media":32244,"comment_status":"closed","ping_status":"closed","sticky":false,"template":"","format":"standard","meta":{"footnotes":""},"categories":[343],"tags":[],"class_list":{"0":"post-32243","1":"post","2":"type-post","3":"status-publish","4":"format-standard","5":"has-post-thumbnail","7":"category-actualidad"},"aioseo_notices":[],"aioseo_head":"\n\t\t<!-- All in One SEO Pro 4.9.6.2 - aioseo.com -->\n\t<meta name=\"description\" content=\"Hohenstein-Ernstthal (Alemania), 17 jul (dpa) - El espa\u00f1ol Marc M\u00e1rquez hizo honor a su apodo de &quot;Mister Sachsenring&quot; al imponerse hoy con su Honda por s\u00e9ptima vez consecutiva en el circuito alem\u00e1n y ganar el Gran Premio germano de motociclismo de velocidad. En una competencia que comenz\u00f3 bajo la lluvia y termin\u00f3 con piso seco,\" \/>\n\t<meta name=\"robots\" content=\"max-image-preview:large\" \/>\n\t<meta name=\"author\" content=\"Cand\u00e1s 365\"\/>\n\t<meta name=\"google-site-verification\" content=\"UA-32230408-1\" \/>\n\t<meta name=\"msvalidate.01\" content=\"354F3CDFB2DA171B47FBE9ABF1F88D5\" \/>\n\t<meta name=\"keywords\" content=\"actualidad\" \/>\n\t<link rel=\"canonical\" href=\"https:\/\/candas365.es\/noticias\/marc-marquez-gana-por-septima-vez-en-sachsenring\/\" \/>\n\t<meta name=\"generator\" content=\"All in One SEO Pro (AIOSEO) 4.9.6.2\" \/>\n\t\t<meta property=\"og:locale\" content=\"es_ES\" \/>\n\t\t<meta property=\"og:site_name\" content=\"Cand\u00e1s 365\" \/>\n\t\t<meta property=\"og:type\" content=\"article\" \/>\n\t\t<meta property=\"og:title\" content=\"Marc M\u00e1rquez gana por s\u00e9ptima vez en Sachsenring | Cand\u00e1s 365\" \/>\n\t\t<meta property=\"og:description\" content=\"Hohenstein-Ernstthal (Alemania), 17 jul (dpa) - El espa\u00f1ol Marc M\u00e1rquez hizo honor a su apodo de &quot;Mister Sachsenring&quot; al imponerse hoy con su Honda por s\u00e9ptima vez consecutiva en el circuito alem\u00e1n y ganar el Gran Premio germano de motociclismo de velocidad. En una competencia que comenz\u00f3 bajo la lluvia y termin\u00f3 con piso seco,\" \/>\n\t\t<meta property=\"og:url\" content=\"https:\/\/candas365.es\/noticias\/marc-marquez-gana-por-septima-vez-en-sachsenring\/\" \/>\n\t\t<meta property=\"og:image\" content=\"https:\/\/candas365.es\/noticias\/wp-content\/uploads\/2016\/07\/marquez.jpg\" \/>\n\t\t<meta property=\"og:image:secure_url\" content=\"https:\/\/candas365.es\/noticias\/wp-content\/uploads\/2016\/07\/marquez.jpg\" \/>\n\t\t<meta property=\"og:image:width\" content=\"655\" \/>\n\t\t<meta property=\"og:image:height\" content=\"360\" \/>\n\t\t<meta property=\"article:published_time\" content=\"2016-07-17T20:48:30+00:00\" \/>\n\t\t<meta property=\"article:modified_time\" content=\"2016-07-17T20:48:30+00:00\" \/>\n\t\t<meta property=\"article:publisher\" content=\"https:\/\/www.facebook.com\/Nachofdezber\" \/>\n\t\t<meta property=\"article:author\" content=\"https:\/\/www.facebook.com\/carrenoactualidad\" \/>\n\t\t<meta name=\"twitter:card\" content=\"summary_large_image\" \/>\n\t\t<meta name=\"twitter:site\" content=\"@NabercoDigital\" \/>\n\t\t<meta name=\"twitter:title\" content=\"Marc M\u00e1rquez gana por s\u00e9ptima vez en Sachsenring | Cand\u00e1s 365\" \/>\n\t\t<meta name=\"twitter:description\" content=\"Hohenstein-Ernstthal (Alemania), 17 jul (dpa) - El espa\u00f1ol Marc M\u00e1rquez hizo honor a su apodo de &quot;Mister Sachsenring&quot; al imponerse hoy con su Honda por s\u00e9ptima vez consecutiva en el circuito alem\u00e1n y ganar el Gran Premio germano de motociclismo de velocidad. En una competencia que comenz\u00f3 bajo la lluvia y termin\u00f3 con piso seco,\" \/>\n\t\t<meta name=\"twitter:creator\" content=\"@nbasturias\" \/>\n\t\t<meta name=\"twitter:image\" content=\"https:\/\/candas365.es\/noticias\/wp-content\/uploads\/2016\/07\/marquez.jpg\" \/>\n\t\t<meta name=\"twitter:label1\" content=\"Escrito por\" \/>\n\t\t<meta name=\"twitter:data1\" content=\"Cand\u00e1s 365\" \/>\n\t\t<meta name=\"twitter:label2\" content=\"Tiempo de lectura estimado\" \/>\n\t\t<meta name=\"twitter:data2\" content=\"1 minuto\" \/>\n\t\t<script type=\"application\/ld+json\" class=\"aioseo-schema\">\n\t\t\t{\"@context\":\"https:\\\/\\\/schema.org\",\"@graph\":[{\"@type\":\"BreadcrumbList\",\"@id\":\"https:\\\/\\\/candas365.es\\\/noticias\\\/marc-marquez-gana-por-septima-vez-en-sachsenring\\\/#breadcrumblist\",\"itemListElement\":[{\"@type\":\"ListItem\",\"@id\":\"https:\\\/\\\/candas365.es\\\/noticias#listItem\",\"position\":1,\"name\":\"Home\",\"item\":\"https:\\\/\\\/candas365.es\\\/noticias\",\"nextItem\":{\"@type\":\"ListItem\",\"@id\":\"https:\\\/\\\/candas365.es\\\/noticias\\\/category\\\/actualidad\\\/#listItem\",\"name\":\"Actualidad\"}},{\"@type\":\"ListItem\",\"@id\":\"https:\\\/\\\/candas365.es\\\/noticias\\\/category\\\/actualidad\\\/#listItem\",\"position\":2,\"name\":\"Actualidad\",\"item\":\"https:\\\/\\\/candas365.es\\\/noticias\\\/category\\\/actualidad\\\/\",\"nextItem\":{\"@type\":\"ListItem\",\"@id\":\"https:\\\/\\\/candas365.es\\\/noticias\\\/marc-marquez-gana-por-septima-vez-en-sachsenring\\\/#listItem\",\"name\":\"Marc M\\u00e1rquez gana por s\\u00e9ptima vez en Sachsenring\"},\"previousItem\":{\"@type\":\"ListItem\",\"@id\":\"https:\\\/\\\/candas365.es\\\/noticias#listItem\",\"name\":\"Home\"}},{\"@type\":\"ListItem\",\"@id\":\"https:\\\/\\\/candas365.es\\\/noticias\\\/marc-marquez-gana-por-septima-vez-en-sachsenring\\\/#listItem\",\"position\":3,\"name\":\"Marc M\\u00e1rquez gana por s\\u00e9ptima vez en Sachsenring\",\"previousItem\":{\"@type\":\"ListItem\",\"@id\":\"https:\\\/\\\/candas365.es\\\/noticias\\\/category\\\/actualidad\\\/#listItem\",\"name\":\"Actualidad\"}}]},{\"@type\":\"NewsArticle\",\"@id\":\"https:\\\/\\\/candas365.es\\\/noticias\\\/marc-marquez-gana-por-septima-vez-en-sachsenring\\\/#newsarticle\",\"name\":\"Marc M\\u00e1rquez gana por s\\u00e9ptima vez en Sachsenring | Cand\\u00e1s 365\",\"headline\":\"Marc M\\u00e1rquez gana por s\\u00e9ptima vez en Sachsenring\",\"author\":{\"@id\":\"https:\\\/\\\/candas365.es\\\/noticias\\\/author\\\/admin\\\/#author\"},\"publisher\":{\"@id\":\"https:\\\/\\\/candas365.es\\\/noticias\\\/#organization\"},\"image\":{\"@type\":\"ImageObject\",\"url\":\"https:\\\/\\\/candas365.es\\\/noticias\\\/wp-content\\\/uploads\\\/2016\\\/07\\\/marquez.jpg\",\"width\":655,\"height\":360},\"datePublished\":\"2016-07-17T22:18:30+02:00\",\"dateModified\":\"2016-07-17T22:18:30+02:00\",\"inLanguage\":\"es-ES\",\"mainEntityOfPage\":{\"@id\":\"https:\\\/\\\/candas365.es\\\/noticias\\\/marc-marquez-gana-por-septima-vez-en-sachsenring\\\/#webpage\"},\"isPartOf\":{\"@id\":\"https:\\\/\\\/candas365.es\\\/noticias\\\/marc-marquez-gana-por-septima-vez-en-sachsenring\\\/#webpage\"},\"articleSection\":\"Actualidad\",\"dateline\":\"Publicado el julio 17, 2016.\"},{\"@type\":\"Organization\",\"@id\":\"https:\\\/\\\/candas365.es\\\/noticias\\\/#organization\",\"name\":\"Cand\\u00e1s 365\",\"description\":\"Cand\\u00e1s 365 es un diario digital independiente, fundado en 2012, con base en Asturias. Informamos con rigor sobre actualidad, sociedad, cultura y ocio, con una mirada local y global.\",\"url\":\"https:\\\/\\\/candas365.es\\\/noticias\\\/\",\"email\":\"info@candas365.es\",\"telephone\":\"+34652131393\",\"foundingDate\":\"2012-06-10\",\"logo\":{\"@type\":\"ImageObject\",\"url\":\"https:\\\/\\\/candas365.es\\\/noticias\\\/wp-content\\\/uploads\\\/2024\\\/09\\\/Candas-365-Redes.jpg\",\"@id\":\"https:\\\/\\\/candas365.es\\\/noticias\\\/marc-marquez-gana-por-septima-vez-en-sachsenring\\\/#organizationLogo\",\"width\":1152,\"height\":864,\"caption\":\"Cand\\u00e1s 365 Redes\"},\"image\":{\"@id\":\"https:\\\/\\\/candas365.es\\\/noticias\\\/marc-marquez-gana-por-septima-vez-en-sachsenring\\\/#organizationLogo\"},\"sameAs\":[\"https:\\\/\\\/www.facebook.com\\\/Nachofdezber\",\"https:\\\/\\\/x.com\\\/NabercoDigital\",\"https:\\\/\\\/www.instagram.com\\\/nachofdezber\\\/\",\"https:\\\/\\\/www.youtube.com\\\/channel\\\/UCZP-2wLEB9Rv6erhFmqVnvg\"],\"address\":{\"@id\":\"https:\\\/\\\/candas365.es\\\/noticias\\\/#postaladdress\",\"@type\":\"PostalAddress\",\"streetAddress\":\"san antonio 4, san antonio 4\",\"postalCode\":\"33430\",\"addressLocality\":\"Cand\\u00e1s\",\"addressRegion\":\"Asturias\",\"addressCountry\":\"ES\"}},{\"@type\":\"Person\",\"@id\":\"https:\\\/\\\/candas365.es\\\/noticias\\\/author\\\/admin\\\/#author\",\"url\":\"https:\\\/\\\/candas365.es\\\/noticias\\\/author\\\/admin\\\/\",\"name\":\"Cand\\u00e1s 365\",\"image\":{\"@type\":\"ImageObject\",\"@id\":\"https:\\\/\\\/candas365.es\\\/noticias\\\/marc-marquez-gana-por-septima-vez-en-sachsenring\\\/#authorImage\",\"url\":\"https:\\\/\\\/secure.gravatar.com\\\/avatar\\\/496a8e03d0c493ede1718b7934145dbdf8d89be1036b0eec9544e1094c9de390?s=96&d=mm&r=g\",\"width\":96,\"height\":96,\"caption\":\"Cand\\u00e1s 365\"},\"sameAs\":[\"https:\\\/\\\/www.facebook.com\\\/carrenoactualidad\",\"https:\\\/\\\/twitter.com\\\/nbasturias\",\"https:\\\/\\\/www.instagram.com\\\/nachofdezber\\\/\",\"https:\\\/\\\/www.youtube.com\\\/channel\\\/UCZP-2wLEB9Rv6erhFmqVnvg\"]},{\"@type\":\"WebPage\",\"@id\":\"https:\\\/\\\/candas365.es\\\/noticias\\\/marc-marquez-gana-por-septima-vez-en-sachsenring\\\/#webpage\",\"url\":\"https:\\\/\\\/candas365.es\\\/noticias\\\/marc-marquez-gana-por-septima-vez-en-sachsenring\\\/\",\"name\":\"Marc M\\u00e1rquez gana por s\\u00e9ptima vez en Sachsenring | Cand\\u00e1s 365\",\"description\":\"Hohenstein-Ernstthal (Alemania), 17 jul (dpa) - El espa\\u00f1ol Marc M\\u00e1rquez hizo honor a su apodo de \\\"Mister Sachsenring\\\" al imponerse hoy con su Honda por s\\u00e9ptima vez consecutiva en el circuito alem\\u00e1n y ganar el Gran Premio germano de motociclismo de velocidad. En una competencia que comenz\\u00f3 bajo la lluvia y termin\\u00f3 con piso seco,\",\"inLanguage\":\"es-ES\",\"isPartOf\":{\"@id\":\"https:\\\/\\\/candas365.es\\\/noticias\\\/#website\"},\"breadcrumb\":{\"@id\":\"https:\\\/\\\/candas365.es\\\/noticias\\\/marc-marquez-gana-por-septima-vez-en-sachsenring\\\/#breadcrumblist\"},\"author\":{\"@id\":\"https:\\\/\\\/candas365.es\\\/noticias\\\/author\\\/admin\\\/#author\"},\"creator\":{\"@id\":\"https:\\\/\\\/candas365.es\\\/noticias\\\/author\\\/admin\\\/#author\"},\"image\":{\"@type\":\"ImageObject\",\"url\":\"https:\\\/\\\/candas365.es\\\/noticias\\\/wp-content\\\/uploads\\\/2016\\\/07\\\/marquez.jpg\",\"@id\":\"https:\\\/\\\/candas365.es\\\/noticias\\\/marc-marquez-gana-por-septima-vez-en-sachsenring\\\/#mainImage\",\"width\":655,\"height\":360},\"primaryImageOfPage\":{\"@id\":\"https:\\\/\\\/candas365.es\\\/noticias\\\/marc-marquez-gana-por-septima-vez-en-sachsenring\\\/#mainImage\"},\"datePublished\":\"2016-07-17T22:18:30+02:00\",\"dateModified\":\"2016-07-17T22:18:30+02:00\"},{\"@type\":\"WebSite\",\"@id\":\"https:\\\/\\\/candas365.es\\\/noticias\\\/#website\",\"url\":\"https:\\\/\\\/candas365.es\\\/noticias\\\/\",\"name\":\"Cand\\u00e1s 365\",\"alternateName\":\"Cand\\u00e1s 365 Noticias\",\"description\":\"Actualidad desde Carre\\u00f1o para el mundo\",\"inLanguage\":\"es-ES\",\"publisher\":{\"@id\":\"https:\\\/\\\/candas365.es\\\/noticias\\\/#organization\"}}]}\n\t\t<\/script>\n\t\t<!-- All in One SEO Pro -->\r\n\t\t<title>Marc M\u00e1rquez gana por s\u00e9ptima vez en Sachsenring | Cand\u00e1s 365<\/title>\n\n","aioseo_head_json":{"title":"Marc M\u00e1rquez gana por s\u00e9ptima vez en Sachsenring | Cand\u00e1s 365","description":"Hohenstein-Ernstthal (Alemania), 17 jul (dpa) - El espa\u00f1ol Marc M\u00e1rquez hizo honor a su apodo de \"Mister Sachsenring\" al imponerse hoy con su Honda por s\u00e9ptima vez consecutiva en el circuito alem\u00e1n y ganar el Gran Premio germano de motociclismo de velocidad. En una competencia que comenz\u00f3 bajo la lluvia y termin\u00f3 con piso seco,","canonical_url":"https:\/\/candas365.es\/noticias\/marc-marquez-gana-por-septima-vez-en-sachsenring\/","robots":"max-image-preview:large","keywords":"actualidad","webmasterTools":{"google-site-verification":"UA-32230408-1","msvalidate.01":"354F3CDFB2DA171B47FBE9ABF1F88D5","miscellaneous":""},"schema":{"@context":"https:\/\/schema.org","@graph":[{"@type":"BreadcrumbList","@id":"https:\/\/candas365.es\/noticias\/marc-marquez-gana-por-septima-vez-en-sachsenring\/#breadcrumblist","itemListElement":[{"@type":"ListItem","@id":"https:\/\/candas365.es\/noticias#listItem","position":1,"name":"Home","item":"https:\/\/candas365.es\/noticias","nextItem":{"@type":"ListItem","@id":"https:\/\/candas365.es\/noticias\/category\/actualidad\/#listItem","name":"Actualidad"}},{"@type":"ListItem","@id":"https:\/\/candas365.es\/noticias\/category\/actualidad\/#listItem","position":2,"name":"Actualidad","item":"https:\/\/candas365.es\/noticias\/category\/actualidad\/","nextItem":{"@type":"ListItem","@id":"https:\/\/candas365.es\/noticias\/marc-marquez-gana-por-septima-vez-en-sachsenring\/#listItem","name":"Marc M\u00e1rquez gana por s\u00e9ptima vez en Sachsenring"},"previousItem":{"@type":"ListItem","@id":"https:\/\/candas365.es\/noticias#listItem","name":"Home"}},{"@type":"ListItem","@id":"https:\/\/candas365.es\/noticias\/marc-marquez-gana-por-septima-vez-en-sachsenring\/#listItem","position":3,"name":"Marc M\u00e1rquez gana por s\u00e9ptima vez en Sachsenring","previousItem":{"@type":"ListItem","@id":"https:\/\/candas365.es\/noticias\/category\/actualidad\/#listItem","name":"Actualidad"}}]},{"@type":"NewsArticle","@id":"https:\/\/candas365.es\/noticias\/marc-marquez-gana-por-septima-vez-en-sachsenring\/#newsarticle","name":"Marc M\u00e1rquez gana por s\u00e9ptima vez en Sachsenring | Cand\u00e1s 365","headline":"Marc M\u00e1rquez gana por s\u00e9ptima vez en Sachsenring","author":{"@id":"https:\/\/candas365.es\/noticias\/author\/admin\/#author"},"publisher":{"@id":"https:\/\/candas365.es\/noticias\/#organization"},"image":{"@type":"ImageObject","url":"https:\/\/candas365.es\/noticias\/wp-content\/uploads\/2016\/07\/marquez.jpg","width":655,"height":360},"datePublished":"2016-07-17T22:18:30+02:00","dateModified":"2016-07-17T22:18:30+02:00","inLanguage":"es-ES","mainEntityOfPage":{"@id":"https:\/\/candas365.es\/noticias\/marc-marquez-gana-por-septima-vez-en-sachsenring\/#webpage"},"isPartOf":{"@id":"https:\/\/candas365.es\/noticias\/marc-marquez-gana-por-septima-vez-en-sachsenring\/#webpage"},"articleSection":"Actualidad","dateline":"Publicado el julio 17, 2016."},{"@type":"Organization","@id":"https:\/\/candas365.es\/noticias\/#organization","name":"Cand\u00e1s 365","description":"Cand\u00e1s 365 es un diario digital independiente, fundado en 2012, con base en Asturias. Informamos con rigor sobre actualidad, sociedad, cultura y ocio, con una mirada local y global.","url":"https:\/\/candas365.es\/noticias\/","email":"info@candas365.es","telephone":"+34652131393","foundingDate":"2012-06-10","logo":{"@type":"ImageObject","url":"https:\/\/candas365.es\/noticias\/wp-content\/uploads\/2024\/09\/Candas-365-Redes.jpg","@id":"https:\/\/candas365.es\/noticias\/marc-marquez-gana-por-septima-vez-en-sachsenring\/#organizationLogo","width":1152,"height":864,"caption":"Cand\u00e1s 365 Redes"},"image":{"@id":"https:\/\/candas365.es\/noticias\/marc-marquez-gana-por-septima-vez-en-sachsenring\/#organizationLogo"},"sameAs":["https:\/\/www.facebook.com\/Nachofdezber","https:\/\/x.com\/NabercoDigital","https:\/\/www.instagram.com\/nachofdezber\/","https:\/\/www.youtube.com\/channel\/UCZP-2wLEB9Rv6erhFmqVnvg"],"address":{"@id":"https:\/\/candas365.es\/noticias\/#postaladdress","@type":"PostalAddress","streetAddress":"san antonio 4, san antonio 4","postalCode":"33430","addressLocality":"Cand\u00e1s","addressRegion":"Asturias","addressCountry":"ES"}},{"@type":"Person","@id":"https:\/\/candas365.es\/noticias\/author\/admin\/#author","url":"https:\/\/candas365.es\/noticias\/author\/admin\/","name":"Cand\u00e1s 365","image":{"@type":"ImageObject","@id":"https:\/\/candas365.es\/noticias\/marc-marquez-gana-por-septima-vez-en-sachsenring\/#authorImage","url":"https:\/\/secure.gravatar.com\/avatar\/496a8e03d0c493ede1718b7934145dbdf8d89be1036b0eec9544e1094c9de390?s=96&d=mm&r=g","width":96,"height":96,"caption":"Cand\u00e1s 365"},"sameAs":["https:\/\/www.facebook.com\/carrenoactualidad","https:\/\/twitter.com\/nbasturias","https:\/\/www.instagram.com\/nachofdezber\/","https:\/\/www.youtube.com\/channel\/UCZP-2wLEB9Rv6erhFmqVnvg"]},{"@type":"WebPage","@id":"https:\/\/candas365.es\/noticias\/marc-marquez-gana-por-septima-vez-en-sachsenring\/#webpage","url":"https:\/\/candas365.es\/noticias\/marc-marquez-gana-por-septima-vez-en-sachsenring\/","name":"Marc M\u00e1rquez gana por s\u00e9ptima vez en Sachsenring | Cand\u00e1s 365","description":"Hohenstein-Ernstthal (Alemania), 17 jul (dpa) - El espa\u00f1ol Marc M\u00e1rquez hizo honor a su apodo de \"Mister Sachsenring\" al imponerse hoy con su Honda por s\u00e9ptima vez consecutiva en el circuito alem\u00e1n y ganar el Gran Premio germano de motociclismo de velocidad. En una competencia que comenz\u00f3 bajo la lluvia y termin\u00f3 con piso seco,","inLanguage":"es-ES","isPartOf":{"@id":"https:\/\/candas365.es\/noticias\/#website"},"breadcrumb":{"@id":"https:\/\/candas365.es\/noticias\/marc-marquez-gana-por-septima-vez-en-sachsenring\/#breadcrumblist"},"author":{"@id":"https:\/\/candas365.es\/noticias\/author\/admin\/#author"},"creator":{"@id":"https:\/\/candas365.es\/noticias\/author\/admin\/#author"},"image":{"@type":"ImageObject","url":"https:\/\/candas365.es\/noticias\/wp-content\/uploads\/2016\/07\/marquez.jpg","@id":"https:\/\/candas365.es\/noticias\/marc-marquez-gana-por-septima-vez-en-sachsenring\/#mainImage","width":655,"height":360},"primaryImageOfPage":{"@id":"https:\/\/candas365.es\/noticias\/marc-marquez-gana-por-septima-vez-en-sachsenring\/#mainImage"},"datePublished":"2016-07-17T22:18:30+02:00","dateModified":"2016-07-17T22:18:30+02:00"},{"@type":"WebSite","@id":"https:\/\/candas365.es\/noticias\/#website","url":"https:\/\/candas365.es\/noticias\/","name":"Cand\u00e1s 365","alternateName":"Cand\u00e1s 365 Noticias","description":"Actualidad desde Carre\u00f1o para el mundo","inLanguage":"es-ES","publisher":{"@id":"https:\/\/candas365.es\/noticias\/#organization"}}]},"og:locale":"es_ES","og:site_name":"Cand\u00e1s 365","og:type":"article","og:title":"Marc M\u00e1rquez gana por s\u00e9ptima vez en Sachsenring | Cand\u00e1s 365","og:description":"Hohenstein-Ernstthal (Alemania), 17 jul (dpa) - El espa\u00f1ol Marc M\u00e1rquez hizo honor a su apodo de &quot;Mister Sachsenring&quot; al imponerse hoy con su Honda por s\u00e9ptima vez consecutiva en el circuito alem\u00e1n y ganar el Gran Premio germano de motociclismo de velocidad. En una competencia que comenz\u00f3 bajo la lluvia y termin\u00f3 con piso seco,","og:url":"https:\/\/candas365.es\/noticias\/marc-marquez-gana-por-septima-vez-en-sachsenring\/","og:image":"https:\/\/candas365.es\/noticias\/wp-content\/uploads\/2016\/07\/marquez.jpg","og:image:secure_url":"https:\/\/candas365.es\/noticias\/wp-content\/uploads\/2016\/07\/marquez.jpg","og:image:width":655,"og:image:height":360,"article:published_time":"2016-07-17T20:48:30+00:00","article:modified_time":"2016-07-17T20:48:30+00:00","article:publisher":"https:\/\/www.facebook.com\/Nachofdezber","article:author":"https:\/\/www.facebook.com\/carrenoactualidad","twitter:card":"summary_large_image","twitter:site":"@NabercoDigital","twitter:title":"Marc M\u00e1rquez gana por s\u00e9ptima vez en Sachsenring | Cand\u00e1s 365","twitter:description":"Hohenstein-Ernstthal (Alemania), 17 jul (dpa) - El espa\u00f1ol Marc M\u00e1rquez hizo honor a su apodo de &quot;Mister Sachsenring&quot; al imponerse hoy con su Honda por s\u00e9ptima vez consecutiva en el circuito alem\u00e1n y ganar el Gran Premio germano de motociclismo de velocidad. En una competencia que comenz\u00f3 bajo la lluvia y termin\u00f3 con piso seco,","twitter:creator":"@nbasturias","twitter:image":"https:\/\/candas365.es\/noticias\/wp-content\/uploads\/2016\/07\/marquez.jpg","twitter:label1":"Escrito por","twitter:data1":"Cand\u00e1s 365","twitter:label2":"Tiempo de lectura estimado","twitter:data2":"1 minuto"},"aioseo_meta_data":{"post_id":"32243","title":null,"description":null,"keywords":null,"keyphrases":null,"primary_term":null,"canonical_url":null,"og_title":null,"og_description":null,"og_object_type":"default","og_image_type":"default","og_image_url":null,"og_image_width":null,"og_image_height":null,"og_image_custom_url":null,"og_image_custom_fields":null,"og_video":null,"og_custom_url":null,"og_article_section":null,"og_article_tags":null,"twitter_use_og":false,"twitter_card":"default","twitter_image_type":"default","twitter_image_url":null,"twitter_image_custom_url":null,"twitter_image_custom_fields":null,"twitter_title":null,"twitter_description":null,"schema":{"blockGraphs":[],"customGraphs":[],"default":{"data":{"Article":[],"Course":[],"Dataset":[],"FAQPage":[],"Movie":[],"Person":[],"Product":[],"ProductReview":[],"Car":[],"Recipe":[],"Service":[],"SoftwareApplication":[],"WebPage":[]},"graphName":"","isEnabled":true},"graphs":[]},"schema_type":null,"schema_type_options":null,"pillar_content":false,"robots_default":true,"robots_noindex":false,"robots_noarchive":false,"robots_nosnippet":false,"robots_nofollow":false,"robots_noimageindex":false,"robots_noodp":false,"robots_notranslate":false,"robots_max_snippet":null,"robots_max_videopreview":null,"robots_max_imagepreview":"large","priority":null,"frequency":null,"location":null,"local_seo":null,"seo_analyzer_scan_date":"2025-08-24 15:06:13","breadcrumb_settings":null,"limit_modified_date":false,"reviewed_by":null,"open_ai":null,"ai":null,"created":"2020-12-21 13:03:27","updated":"2025-08-24 15:06:13"},"aioseo_breadcrumb":"<div class=\"aioseo-breadcrumbs\"><span class=\"aioseo-breadcrumb\">\n\t<a href=\"https:\/\/candas365.es\/noticias\" title=\"Home\">Home<\/a>\n<\/span><span class=\"aioseo-breadcrumb-separator\">&ndash;<\/span><span class=\"aioseo-breadcrumb\">\n\t<a href=\"https:\/\/candas365.es\/noticias\/category\/actualidad\/\" title=\"Actualidad\">Actualidad<\/a>\n<\/span><span class=\"aioseo-breadcrumb-separator\">&ndash;<\/span><span class=\"aioseo-breadcrumb\">\n\tMarc M\u00e1rquez gana por s\u00e9ptima vez en Sachsenring\n<\/span><\/div>","aioseo_breadcrumb_json":[{"label":"Home","link":"https:\/\/candas365.es\/noticias"},{"label":"Actualidad","link":"https:\/\/candas365.es\/noticias\/category\/actualidad\/"},{"label":"Marc M\u00e1rquez gana por s\u00e9ptima vez en Sachsenring","link":"https:\/\/candas365.es\/noticias\/marc-marquez-gana-por-septima-vez-en-sachsenring\/"}],"_links":{"self":[{"href":"https:\/\/candas365.es\/noticias\/wp-json\/wp\/v2\/posts\/32243","targetHints":{"allow":["GET"]}}],"collection":[{"href":"https:\/\/candas365.es\/noticias\/wp-json\/wp\/v2\/posts"}],"about":[{"href":"https:\/\/candas365.es\/noticias\/wp-json\/wp\/v2\/types\/post"}],"author":[{"embeddable":true,"href":"https:\/\/candas365.es\/noticias\/wp-json\/wp\/v2\/users\/1"}],"replies":[{"embeddable":true,"href":"https:\/\/candas365.es\/noticias\/wp-json\/wp\/v2\/comments?post=32243"}],"version-history":[{"count":0,"href":"https:\/\/candas365.es\/noticias\/wp-json\/wp\/v2\/posts\/32243\/revisions"}],"wp:featuredmedia":[{"embeddable":true,"href":"https:\/\/candas365.es\/noticias\/wp-json\/wp\/v2\/media\/32244"}],"wp:attachment":[{"href":"https:\/\/candas365.es\/noticias\/wp-json\/wp\/v2\/media?parent=32243"}],"wp:term":[{"taxonomy":"category","embeddable":true,"href":"https:\/\/candas365.es\/noticias\/wp-json\/wp\/v2\/categories?post=32243"},{"taxonomy":"post_tag","embeddable":true,"href":"https:\/\/candas365.es\/noticias\/wp-json\/wp\/v2\/tags?post=32243"}],"curies":[{"name":"wp","href":"https:\/\/api.w.org\/{rel}","templated":true}]}}