{"id":32241,"date":"2016-07-17T22:16:44","date_gmt":"2016-07-17T20:46:44","guid":{"rendered":"http:\/\/candas365.es\/noticias\/?p=32241"},"modified":"2016-07-17T22:16:44","modified_gmt":"2016-07-17T20:46:44","slug":"agrio-debut-de-ancelotti-con-el-bayern-munich","status":"publish","type":"post","link":"https:\/\/candas365.es\/noticias\/agrio-debut-de-ancelotti-con-el-bayern-munich\/","title":{"rendered":"Agrio debut de Ancelotti con el Bayern M\u00fanich"},"content":{"rendered":"<p><img fetchpriority=\"high\" decoding=\"async\" class=\"alignleft size-medium wp-image-21654\" src=\"https:\/\/candas365.es\/noticias\/wp-content\/uploads\/2015\/12\/bayern-360x198.jpg\" alt=\"bayern\" width=\"360\" height=\"198\" srcset=\"https:\/\/candas365.es\/noticias\/wp-content\/uploads\/2015\/12\/bayern-360x198.jpg 360w, https:\/\/candas365.es\/noticias\/wp-content\/uploads\/2015\/12\/bayern-650x357.jpg 650w, https:\/\/candas365.es\/noticias\/wp-content\/uploads\/2015\/12\/bayern-150x82.jpg 150w, https:\/\/candas365.es\/noticias\/wp-content\/uploads\/2015\/12\/bayern-450x247.jpg 450w, https:\/\/candas365.es\/noticias\/wp-content\/uploads\/2015\/12\/bayern.jpg 655w\" sizes=\"(max-width: 360px) 100vw, 360px\" \/>Lippstadt (Alemania), 17 jul (dpa) &#8211; El debut de Carlo Ancelotti como entrenador del Bayern M\u00fanich tuvo muchos m\u00e1s inconvenientes de lo esperado, con una victoria p\u00edrrica ante el Lippstadt, un equipo de una liga regional alemana, y una nueva lesi\u00f3n del holand\u00e9s Arjen Robben.<\/p>\n<p>El 4-3 que el club muniqu\u00e9s firm\u00f3 ayer ante un conjunto menor no parece ser el mejor pasaporte para el italiano de cara al partido que este mi\u00e9rcoles disputar\u00e1 el Bayern ante el Manchester City, conjunto que dirige su predecesor en M\u00fanich, Josep Guardiola.<\/p>\n<p>Las comparaciones entre los dos preparadores ser\u00e1n inevitables, como tambi\u00e9n lo fueron este s\u00e1bado, cuando Ancelotti se estren\u00f3 oficialmente en el banquillo del club muniqu\u00e9s.<\/p>\n<p>En su debut, el italiano se mostr\u00f3 relajado, una imagen totalmente opuesta a la que sol\u00eda brindar el entrenador espa\u00f1ol, cuyas reacciones y gestos en\u00e9rgicos suelen ser habituales en el transcurso de un partido.<\/p>\n<p>En su primer partido como t\u00e9cnico del conjunto b\u00e1varo, Ancelotti no pudo contar con los jugadores de la selecci\u00f3n alemana, dado que se encuentran de vacaciones despu\u00e9s de participar en la Eurocopa disputada en Francia.<\/p>\n<p>La suerte no parece estar del lado del italiano durante la pretemporada. No en vano, a los 35 minutos de su primer encuentro como entrenador sufri\u00f3 la primera baja: Arjen Robben.<\/p>\n<p>El futbolista holand\u00e9s se vio obligado a abandonar el campo al sufrir una lesi\u00f3n muscular en la pierna derecha que lo mantendr\u00e1 alejado de los terrenos de juego durante alrededor de seis semanas.<\/p>\n<p>\u00abRobben estar\u00e1 de baja posiblemente durante unas seis semanas\u00bb, se\u00f1al\u00f3 hoy el club muniqu\u00e9s a trav\u00e9s de un comunicado.<\/p>\n<p>El centrocampista holand\u00e9s hab\u00eda regresado a los entrenamientos despu\u00e9s de sufrir una lesi\u00f3n de abductores que lo mantuvo alejado de los campos durante varios meses.<\/p>\n<p>&nbsp;<\/p>\n","protected":false},"excerpt":{"rendered":"<p>Lippstadt (Alemania), 17 jul (dpa) &#8211; El debut de Carlo Ancelotti como entrenador del Bayern M\u00fanich tuvo muchos m\u00e1s inconvenientes de lo esperado, con una victoria p\u00edrrica ante el Lippstadt, un equipo de una liga regional alemana, y una nueva lesi\u00f3n del holand\u00e9s Arjen Robben. El 4-3 que el club muniqu\u00e9s firm\u00f3 ayer ante un<\/p>\n","protected":false},"author":1,"featured_media":21654,"comment_status":"closed","ping_status":"closed","sticky":false,"template":"","format":"standard","meta":{"footnotes":""},"categories":[343],"tags":[],"class_list":{"0":"post-32241","1":"post","2":"type-post","3":"status-publish","4":"format-standard","5":"has-post-thumbnail","7":"category-actualidad"},"aioseo_notices":[],"aioseo_head":"\n\t\t<!-- All in One SEO Pro 4.9.6.2 - aioseo.com -->\n\t<meta name=\"description\" content=\"Lippstadt (Alemania), 17 jul (dpa) - El debut de Carlo Ancelotti como entrenador del Bayern M\u00fanich tuvo muchos m\u00e1s inconvenientes de lo esperado, con una victoria p\u00edrrica ante el Lippstadt, un equipo de una liga regional alemana, y una nueva lesi\u00f3n del holand\u00e9s Arjen Robben. El 4-3 que el club muniqu\u00e9s firm\u00f3 ayer ante un\" \/>\n\t<meta name=\"robots\" content=\"max-image-preview:large\" \/>\n\t<meta name=\"author\" content=\"Cand\u00e1s 365\"\/>\n\t<meta name=\"google-site-verification\" content=\"UA-32230408-1\" \/>\n\t<meta name=\"msvalidate.01\" content=\"354F3CDFB2DA171B47FBE9ABF1F88D5\" \/>\n\t<meta name=\"keywords\" content=\"actualidad\" \/>\n\t<link rel=\"canonical\" href=\"https:\/\/candas365.es\/noticias\/agrio-debut-de-ancelotti-con-el-bayern-munich\/\" \/>\n\t<meta name=\"generator\" content=\"All in One SEO Pro (AIOSEO) 4.9.6.2\" \/>\n\t\t<meta property=\"og:locale\" content=\"es_ES\" \/>\n\t\t<meta property=\"og:site_name\" content=\"Cand\u00e1s 365\" \/>\n\t\t<meta property=\"og:type\" content=\"article\" \/>\n\t\t<meta property=\"og:title\" content=\"Agrio debut de Ancelotti con el Bayern M\u00fanich | Cand\u00e1s 365\" \/>\n\t\t<meta property=\"og:description\" content=\"Lippstadt (Alemania), 17 jul (dpa) - El debut de Carlo Ancelotti como entrenador del Bayern M\u00fanich tuvo muchos m\u00e1s inconvenientes de lo esperado, con una victoria p\u00edrrica ante el Lippstadt, un equipo de una liga regional alemana, y una nueva lesi\u00f3n del holand\u00e9s Arjen Robben. El 4-3 que el club muniqu\u00e9s firm\u00f3 ayer ante un\" \/>\n\t\t<meta property=\"og:url\" content=\"https:\/\/candas365.es\/noticias\/agrio-debut-de-ancelotti-con-el-bayern-munich\/\" \/>\n\t\t<meta property=\"og:image\" content=\"https:\/\/candas365.es\/noticias\/wp-content\/uploads\/2015\/12\/bayern.jpg\" \/>\n\t\t<meta property=\"og:image:secure_url\" content=\"https:\/\/candas365.es\/noticias\/wp-content\/uploads\/2015\/12\/bayern.jpg\" \/>\n\t\t<meta property=\"og:image:width\" content=\"655\" \/>\n\t\t<meta property=\"og:image:height\" content=\"360\" \/>\n\t\t<meta property=\"article:published_time\" content=\"2016-07-17T20:46:44+00:00\" \/>\n\t\t<meta property=\"article:modified_time\" content=\"2016-07-17T20:46:44+00:00\" \/>\n\t\t<meta property=\"article:publisher\" content=\"https:\/\/www.facebook.com\/Nachofdezber\" \/>\n\t\t<meta property=\"article:author\" content=\"https:\/\/www.facebook.com\/carrenoactualidad\" \/>\n\t\t<meta name=\"twitter:card\" content=\"summary_large_image\" \/>\n\t\t<meta name=\"twitter:site\" content=\"@NabercoDigital\" \/>\n\t\t<meta name=\"twitter:title\" content=\"Agrio debut de Ancelotti con el Bayern M\u00fanich | Cand\u00e1s 365\" \/>\n\t\t<meta name=\"twitter:description\" content=\"Lippstadt (Alemania), 17 jul (dpa) - El debut de Carlo Ancelotti como entrenador del Bayern M\u00fanich tuvo muchos m\u00e1s inconvenientes de lo esperado, con una victoria p\u00edrrica ante el Lippstadt, un equipo de una liga regional alemana, y una nueva lesi\u00f3n del holand\u00e9s Arjen Robben. El 4-3 que el club muniqu\u00e9s firm\u00f3 ayer ante un\" \/>\n\t\t<meta name=\"twitter:creator\" content=\"@nbasturias\" \/>\n\t\t<meta name=\"twitter:image\" content=\"https:\/\/candas365.es\/noticias\/wp-content\/uploads\/2015\/12\/bayern.jpg\" \/>\n\t\t<meta name=\"twitter:label1\" content=\"Escrito por\" \/>\n\t\t<meta name=\"twitter:data1\" content=\"Cand\u00e1s 365\" \/>\n\t\t<meta name=\"twitter:label2\" content=\"Tiempo de lectura estimado\" \/>\n\t\t<meta name=\"twitter:data2\" content=\"2 minutos\" \/>\n\t\t<script type=\"application\/ld+json\" class=\"aioseo-schema\">\n\t\t\t{\"@context\":\"https:\\\/\\\/schema.org\",\"@graph\":[{\"@type\":\"BreadcrumbList\",\"@id\":\"https:\\\/\\\/candas365.es\\\/noticias\\\/agrio-debut-de-ancelotti-con-el-bayern-munich\\\/#breadcrumblist\",\"itemListElement\":[{\"@type\":\"ListItem\",\"@id\":\"https:\\\/\\\/candas365.es\\\/noticias#listItem\",\"position\":1,\"name\":\"Home\",\"item\":\"https:\\\/\\\/candas365.es\\\/noticias\",\"nextItem\":{\"@type\":\"ListItem\",\"@id\":\"https:\\\/\\\/candas365.es\\\/noticias\\\/category\\\/actualidad\\\/#listItem\",\"name\":\"Actualidad\"}},{\"@type\":\"ListItem\",\"@id\":\"https:\\\/\\\/candas365.es\\\/noticias\\\/category\\\/actualidad\\\/#listItem\",\"position\":2,\"name\":\"Actualidad\",\"item\":\"https:\\\/\\\/candas365.es\\\/noticias\\\/category\\\/actualidad\\\/\",\"nextItem\":{\"@type\":\"ListItem\",\"@id\":\"https:\\\/\\\/candas365.es\\\/noticias\\\/agrio-debut-de-ancelotti-con-el-bayern-munich\\\/#listItem\",\"name\":\"Agrio debut de Ancelotti con el Bayern M\\u00fanich\"},\"previousItem\":{\"@type\":\"ListItem\",\"@id\":\"https:\\\/\\\/candas365.es\\\/noticias#listItem\",\"name\":\"Home\"}},{\"@type\":\"ListItem\",\"@id\":\"https:\\\/\\\/candas365.es\\\/noticias\\\/agrio-debut-de-ancelotti-con-el-bayern-munich\\\/#listItem\",\"position\":3,\"name\":\"Agrio debut de Ancelotti con el Bayern M\\u00fanich\",\"previousItem\":{\"@type\":\"ListItem\",\"@id\":\"https:\\\/\\\/candas365.es\\\/noticias\\\/category\\\/actualidad\\\/#listItem\",\"name\":\"Actualidad\"}}]},{\"@type\":\"NewsArticle\",\"@id\":\"https:\\\/\\\/candas365.es\\\/noticias\\\/agrio-debut-de-ancelotti-con-el-bayern-munich\\\/#newsarticle\",\"name\":\"Agrio debut de Ancelotti con el Bayern M\\u00fanich | Cand\\u00e1s 365\",\"headline\":\"Agrio debut de Ancelotti con el Bayern M\\u00fanich\",\"author\":{\"@id\":\"https:\\\/\\\/candas365.es\\\/noticias\\\/author\\\/admin\\\/#author\"},\"publisher\":{\"@id\":\"https:\\\/\\\/candas365.es\\\/noticias\\\/#organization\"},\"image\":{\"@type\":\"ImageObject\",\"url\":\"https:\\\/\\\/candas365.es\\\/noticias\\\/wp-content\\\/uploads\\\/2015\\\/12\\\/bayern.jpg\",\"width\":655,\"height\":360},\"datePublished\":\"2016-07-17T22:16:44+02:00\",\"dateModified\":\"2016-07-17T22:16:44+02:00\",\"inLanguage\":\"es-ES\",\"mainEntityOfPage\":{\"@id\":\"https:\\\/\\\/candas365.es\\\/noticias\\\/agrio-debut-de-ancelotti-con-el-bayern-munich\\\/#webpage\"},\"isPartOf\":{\"@id\":\"https:\\\/\\\/candas365.es\\\/noticias\\\/agrio-debut-de-ancelotti-con-el-bayern-munich\\\/#webpage\"},\"articleSection\":\"Actualidad\",\"dateline\":\"Publicado el julio 17, 2016.\"},{\"@type\":\"Organization\",\"@id\":\"https:\\\/\\\/candas365.es\\\/noticias\\\/#organization\",\"name\":\"Cand\\u00e1s 365\",\"description\":\"Cand\\u00e1s 365 es un diario digital independiente, fundado en 2012, con base en Asturias. Informamos con rigor sobre actualidad, sociedad, cultura y ocio, con una mirada local y global.\",\"url\":\"https:\\\/\\\/candas365.es\\\/noticias\\\/\",\"email\":\"info@candas365.es\",\"telephone\":\"+34652131393\",\"foundingDate\":\"2012-06-10\",\"logo\":{\"@type\":\"ImageObject\",\"url\":\"https:\\\/\\\/candas365.es\\\/noticias\\\/wp-content\\\/uploads\\\/2024\\\/09\\\/Candas-365-Redes.jpg\",\"@id\":\"https:\\\/\\\/candas365.es\\\/noticias\\\/agrio-debut-de-ancelotti-con-el-bayern-munich\\\/#organizationLogo\",\"width\":1152,\"height\":864,\"caption\":\"Cand\\u00e1s 365 Redes\"},\"image\":{\"@id\":\"https:\\\/\\\/candas365.es\\\/noticias\\\/agrio-debut-de-ancelotti-con-el-bayern-munich\\\/#organizationLogo\"},\"sameAs\":[\"https:\\\/\\\/www.facebook.com\\\/Nachofdezber\",\"https:\\\/\\\/x.com\\\/NabercoDigital\",\"https:\\\/\\\/www.instagram.com\\\/nachofdezber\\\/\",\"https:\\\/\\\/www.youtube.com\\\/channel\\\/UCZP-2wLEB9Rv6erhFmqVnvg\"],\"address\":{\"@id\":\"https:\\\/\\\/candas365.es\\\/noticias\\\/#postaladdress\",\"@type\":\"PostalAddress\",\"streetAddress\":\"san antonio 4, san antonio 4\",\"postalCode\":\"33430\",\"addressLocality\":\"Cand\\u00e1s\",\"addressRegion\":\"Asturias\",\"addressCountry\":\"ES\"}},{\"@type\":\"Person\",\"@id\":\"https:\\\/\\\/candas365.es\\\/noticias\\\/author\\\/admin\\\/#author\",\"url\":\"https:\\\/\\\/candas365.es\\\/noticias\\\/author\\\/admin\\\/\",\"name\":\"Cand\\u00e1s 365\",\"image\":{\"@type\":\"ImageObject\",\"@id\":\"https:\\\/\\\/candas365.es\\\/noticias\\\/agrio-debut-de-ancelotti-con-el-bayern-munich\\\/#authorImage\",\"url\":\"https:\\\/\\\/secure.gravatar.com\\\/avatar\\\/496a8e03d0c493ede1718b7934145dbdf8d89be1036b0eec9544e1094c9de390?s=96&d=mm&r=g\",\"width\":96,\"height\":96,\"caption\":\"Cand\\u00e1s 365\"},\"sameAs\":[\"https:\\\/\\\/www.facebook.com\\\/carrenoactualidad\",\"https:\\\/\\\/twitter.com\\\/nbasturias\",\"https:\\\/\\\/www.instagram.com\\\/nachofdezber\\\/\",\"https:\\\/\\\/www.youtube.com\\\/channel\\\/UCZP-2wLEB9Rv6erhFmqVnvg\"]},{\"@type\":\"WebPage\",\"@id\":\"https:\\\/\\\/candas365.es\\\/noticias\\\/agrio-debut-de-ancelotti-con-el-bayern-munich\\\/#webpage\",\"url\":\"https:\\\/\\\/candas365.es\\\/noticias\\\/agrio-debut-de-ancelotti-con-el-bayern-munich\\\/\",\"name\":\"Agrio debut de Ancelotti con el Bayern M\\u00fanich | Cand\\u00e1s 365\",\"description\":\"Lippstadt (Alemania), 17 jul (dpa) - El debut de Carlo Ancelotti como entrenador del Bayern M\\u00fanich tuvo muchos m\\u00e1s inconvenientes de lo esperado, con una victoria p\\u00edrrica ante el Lippstadt, un equipo de una liga regional alemana, y una nueva lesi\\u00f3n del holand\\u00e9s Arjen Robben. El 4-3 que el club muniqu\\u00e9s firm\\u00f3 ayer ante un\",\"inLanguage\":\"es-ES\",\"isPartOf\":{\"@id\":\"https:\\\/\\\/candas365.es\\\/noticias\\\/#website\"},\"breadcrumb\":{\"@id\":\"https:\\\/\\\/candas365.es\\\/noticias\\\/agrio-debut-de-ancelotti-con-el-bayern-munich\\\/#breadcrumblist\"},\"author\":{\"@id\":\"https:\\\/\\\/candas365.es\\\/noticias\\\/author\\\/admin\\\/#author\"},\"creator\":{\"@id\":\"https:\\\/\\\/candas365.es\\\/noticias\\\/author\\\/admin\\\/#author\"},\"image\":{\"@type\":\"ImageObject\",\"url\":\"https:\\\/\\\/candas365.es\\\/noticias\\\/wp-content\\\/uploads\\\/2015\\\/12\\\/bayern.jpg\",\"@id\":\"https:\\\/\\\/candas365.es\\\/noticias\\\/agrio-debut-de-ancelotti-con-el-bayern-munich\\\/#mainImage\",\"width\":655,\"height\":360},\"primaryImageOfPage\":{\"@id\":\"https:\\\/\\\/candas365.es\\\/noticias\\\/agrio-debut-de-ancelotti-con-el-bayern-munich\\\/#mainImage\"},\"datePublished\":\"2016-07-17T22:16:44+02:00\",\"dateModified\":\"2016-07-17T22:16:44+02:00\"},{\"@type\":\"WebSite\",\"@id\":\"https:\\\/\\\/candas365.es\\\/noticias\\\/#website\",\"url\":\"https:\\\/\\\/candas365.es\\\/noticias\\\/\",\"name\":\"Cand\\u00e1s 365\",\"alternateName\":\"Cand\\u00e1s 365 Noticias\",\"description\":\"Actualidad desde Carre\\u00f1o para el mundo\",\"inLanguage\":\"es-ES\",\"publisher\":{\"@id\":\"https:\\\/\\\/candas365.es\\\/noticias\\\/#organization\"}}]}\n\t\t<\/script>\n\t\t<!-- All in One SEO Pro -->\r\n\t\t<title>Agrio debut de Ancelotti con el Bayern M\u00fanich | Cand\u00e1s 365<\/title>\n\n","aioseo_head_json":{"title":"Agrio debut de Ancelotti con el Bayern M\u00fanich | Cand\u00e1s 365","description":"Lippstadt (Alemania), 17 jul (dpa) - El debut de Carlo Ancelotti como entrenador del Bayern M\u00fanich tuvo muchos m\u00e1s inconvenientes de lo esperado, con una victoria p\u00edrrica ante el Lippstadt, un equipo de una liga regional alemana, y una nueva lesi\u00f3n del holand\u00e9s Arjen Robben. El 4-3 que el club muniqu\u00e9s firm\u00f3 ayer ante un","canonical_url":"https:\/\/candas365.es\/noticias\/agrio-debut-de-ancelotti-con-el-bayern-munich\/","robots":"max-image-preview:large","keywords":"actualidad","webmasterTools":{"google-site-verification":"UA-32230408-1","msvalidate.01":"354F3CDFB2DA171B47FBE9ABF1F88D5","miscellaneous":""},"schema":{"@context":"https:\/\/schema.org","@graph":[{"@type":"BreadcrumbList","@id":"https:\/\/candas365.es\/noticias\/agrio-debut-de-ancelotti-con-el-bayern-munich\/#breadcrumblist","itemListElement":[{"@type":"ListItem","@id":"https:\/\/candas365.es\/noticias#listItem","position":1,"name":"Home","item":"https:\/\/candas365.es\/noticias","nextItem":{"@type":"ListItem","@id":"https:\/\/candas365.es\/noticias\/category\/actualidad\/#listItem","name":"Actualidad"}},{"@type":"ListItem","@id":"https:\/\/candas365.es\/noticias\/category\/actualidad\/#listItem","position":2,"name":"Actualidad","item":"https:\/\/candas365.es\/noticias\/category\/actualidad\/","nextItem":{"@type":"ListItem","@id":"https:\/\/candas365.es\/noticias\/agrio-debut-de-ancelotti-con-el-bayern-munich\/#listItem","name":"Agrio debut de Ancelotti con el Bayern M\u00fanich"},"previousItem":{"@type":"ListItem","@id":"https:\/\/candas365.es\/noticias#listItem","name":"Home"}},{"@type":"ListItem","@id":"https:\/\/candas365.es\/noticias\/agrio-debut-de-ancelotti-con-el-bayern-munich\/#listItem","position":3,"name":"Agrio debut de Ancelotti con el Bayern M\u00fanich","previousItem":{"@type":"ListItem","@id":"https:\/\/candas365.es\/noticias\/category\/actualidad\/#listItem","name":"Actualidad"}}]},{"@type":"NewsArticle","@id":"https:\/\/candas365.es\/noticias\/agrio-debut-de-ancelotti-con-el-bayern-munich\/#newsarticle","name":"Agrio debut de Ancelotti con el Bayern M\u00fanich | Cand\u00e1s 365","headline":"Agrio debut de Ancelotti con el Bayern M\u00fanich","author":{"@id":"https:\/\/candas365.es\/noticias\/author\/admin\/#author"},"publisher":{"@id":"https:\/\/candas365.es\/noticias\/#organization"},"image":{"@type":"ImageObject","url":"https:\/\/candas365.es\/noticias\/wp-content\/uploads\/2015\/12\/bayern.jpg","width":655,"height":360},"datePublished":"2016-07-17T22:16:44+02:00","dateModified":"2016-07-17T22:16:44+02:00","inLanguage":"es-ES","mainEntityOfPage":{"@id":"https:\/\/candas365.es\/noticias\/agrio-debut-de-ancelotti-con-el-bayern-munich\/#webpage"},"isPartOf":{"@id":"https:\/\/candas365.es\/noticias\/agrio-debut-de-ancelotti-con-el-bayern-munich\/#webpage"},"articleSection":"Actualidad","dateline":"Publicado el julio 17, 2016."},{"@type":"Organization","@id":"https:\/\/candas365.es\/noticias\/#organization","name":"Cand\u00e1s 365","description":"Cand\u00e1s 365 es un diario digital independiente, fundado en 2012, con base en Asturias. Informamos con rigor sobre actualidad, sociedad, cultura y ocio, con una mirada local y global.","url":"https:\/\/candas365.es\/noticias\/","email":"info@candas365.es","telephone":"+34652131393","foundingDate":"2012-06-10","logo":{"@type":"ImageObject","url":"https:\/\/candas365.es\/noticias\/wp-content\/uploads\/2024\/09\/Candas-365-Redes.jpg","@id":"https:\/\/candas365.es\/noticias\/agrio-debut-de-ancelotti-con-el-bayern-munich\/#organizationLogo","width":1152,"height":864,"caption":"Cand\u00e1s 365 Redes"},"image":{"@id":"https:\/\/candas365.es\/noticias\/agrio-debut-de-ancelotti-con-el-bayern-munich\/#organizationLogo"},"sameAs":["https:\/\/www.facebook.com\/Nachofdezber","https:\/\/x.com\/NabercoDigital","https:\/\/www.instagram.com\/nachofdezber\/","https:\/\/www.youtube.com\/channel\/UCZP-2wLEB9Rv6erhFmqVnvg"],"address":{"@id":"https:\/\/candas365.es\/noticias\/#postaladdress","@type":"PostalAddress","streetAddress":"san antonio 4, san antonio 4","postalCode":"33430","addressLocality":"Cand\u00e1s","addressRegion":"Asturias","addressCountry":"ES"}},{"@type":"Person","@id":"https:\/\/candas365.es\/noticias\/author\/admin\/#author","url":"https:\/\/candas365.es\/noticias\/author\/admin\/","name":"Cand\u00e1s 365","image":{"@type":"ImageObject","@id":"https:\/\/candas365.es\/noticias\/agrio-debut-de-ancelotti-con-el-bayern-munich\/#authorImage","url":"https:\/\/secure.gravatar.com\/avatar\/496a8e03d0c493ede1718b7934145dbdf8d89be1036b0eec9544e1094c9de390?s=96&d=mm&r=g","width":96,"height":96,"caption":"Cand\u00e1s 365"},"sameAs":["https:\/\/www.facebook.com\/carrenoactualidad","https:\/\/twitter.com\/nbasturias","https:\/\/www.instagram.com\/nachofdezber\/","https:\/\/www.youtube.com\/channel\/UCZP-2wLEB9Rv6erhFmqVnvg"]},{"@type":"WebPage","@id":"https:\/\/candas365.es\/noticias\/agrio-debut-de-ancelotti-con-el-bayern-munich\/#webpage","url":"https:\/\/candas365.es\/noticias\/agrio-debut-de-ancelotti-con-el-bayern-munich\/","name":"Agrio debut de Ancelotti con el Bayern M\u00fanich | Cand\u00e1s 365","description":"Lippstadt (Alemania), 17 jul (dpa) - El debut de Carlo Ancelotti como entrenador del Bayern M\u00fanich tuvo muchos m\u00e1s inconvenientes de lo esperado, con una victoria p\u00edrrica ante el Lippstadt, un equipo de una liga regional alemana, y una nueva lesi\u00f3n del holand\u00e9s Arjen Robben. El 4-3 que el club muniqu\u00e9s firm\u00f3 ayer ante un","inLanguage":"es-ES","isPartOf":{"@id":"https:\/\/candas365.es\/noticias\/#website"},"breadcrumb":{"@id":"https:\/\/candas365.es\/noticias\/agrio-debut-de-ancelotti-con-el-bayern-munich\/#breadcrumblist"},"author":{"@id":"https:\/\/candas365.es\/noticias\/author\/admin\/#author"},"creator":{"@id":"https:\/\/candas365.es\/noticias\/author\/admin\/#author"},"image":{"@type":"ImageObject","url":"https:\/\/candas365.es\/noticias\/wp-content\/uploads\/2015\/12\/bayern.jpg","@id":"https:\/\/candas365.es\/noticias\/agrio-debut-de-ancelotti-con-el-bayern-munich\/#mainImage","width":655,"height":360},"primaryImageOfPage":{"@id":"https:\/\/candas365.es\/noticias\/agrio-debut-de-ancelotti-con-el-bayern-munich\/#mainImage"},"datePublished":"2016-07-17T22:16:44+02:00","dateModified":"2016-07-17T22:16:44+02:00"},{"@type":"WebSite","@id":"https:\/\/candas365.es\/noticias\/#website","url":"https:\/\/candas365.es\/noticias\/","name":"Cand\u00e1s 365","alternateName":"Cand\u00e1s 365 Noticias","description":"Actualidad desde Carre\u00f1o para el mundo","inLanguage":"es-ES","publisher":{"@id":"https:\/\/candas365.es\/noticias\/#organization"}}]},"og:locale":"es_ES","og:site_name":"Cand\u00e1s 365","og:type":"article","og:title":"Agrio debut de Ancelotti con el Bayern M\u00fanich | Cand\u00e1s 365","og:description":"Lippstadt (Alemania), 17 jul (dpa) - El debut de Carlo Ancelotti como entrenador del Bayern M\u00fanich tuvo muchos m\u00e1s inconvenientes de lo esperado, con una victoria p\u00edrrica ante el Lippstadt, un equipo de una liga regional alemana, y una nueva lesi\u00f3n del holand\u00e9s Arjen Robben. El 4-3 que el club muniqu\u00e9s firm\u00f3 ayer ante un","og:url":"https:\/\/candas365.es\/noticias\/agrio-debut-de-ancelotti-con-el-bayern-munich\/","og:image":"https:\/\/candas365.es\/noticias\/wp-content\/uploads\/2015\/12\/bayern.jpg","og:image:secure_url":"https:\/\/candas365.es\/noticias\/wp-content\/uploads\/2015\/12\/bayern.jpg","og:image:width":655,"og:image:height":360,"article:published_time":"2016-07-17T20:46:44+00:00","article:modified_time":"2016-07-17T20:46:44+00:00","article:publisher":"https:\/\/www.facebook.com\/Nachofdezber","article:author":"https:\/\/www.facebook.com\/carrenoactualidad","twitter:card":"summary_large_image","twitter:site":"@NabercoDigital","twitter:title":"Agrio debut de Ancelotti con el Bayern M\u00fanich | Cand\u00e1s 365","twitter:description":"Lippstadt (Alemania), 17 jul (dpa) - El debut de Carlo Ancelotti como entrenador del Bayern M\u00fanich tuvo muchos m\u00e1s inconvenientes de lo esperado, con una victoria p\u00edrrica ante el Lippstadt, un equipo de una liga regional alemana, y una nueva lesi\u00f3n del holand\u00e9s Arjen Robben. El 4-3 que el club muniqu\u00e9s firm\u00f3 ayer ante un","twitter:creator":"@nbasturias","twitter:image":"https:\/\/candas365.es\/noticias\/wp-content\/uploads\/2015\/12\/bayern.jpg","twitter:label1":"Escrito por","twitter:data1":"Cand\u00e1s 365","twitter:label2":"Tiempo de lectura estimado","twitter:data2":"2 minutos"},"aioseo_meta_data":{"post_id":"32241","title":null,"description":null,"keywords":null,"keyphrases":null,"primary_term":null,"canonical_url":null,"og_title":null,"og_description":null,"og_object_type":"default","og_image_type":"default","og_image_url":null,"og_image_width":null,"og_image_height":null,"og_image_custom_url":null,"og_image_custom_fields":null,"og_video":null,"og_custom_url":null,"og_article_section":null,"og_article_tags":null,"twitter_use_og":false,"twitter_card":"default","twitter_image_type":"default","twitter_image_url":null,"twitter_image_custom_url":null,"twitter_image_custom_fields":null,"twitter_title":null,"twitter_description":null,"schema":{"blockGraphs":[],"customGraphs":[],"default":{"data":{"Article":[],"Course":[],"Dataset":[],"FAQPage":[],"Movie":[],"Person":[],"Product":[],"ProductReview":[],"Car":[],"Recipe":[],"Service":[],"SoftwareApplication":[],"WebPage":[]},"graphName":"","isEnabled":true},"graphs":[]},"schema_type":null,"schema_type_options":null,"pillar_content":false,"robots_default":true,"robots_noindex":false,"robots_noarchive":false,"robots_nosnippet":false,"robots_nofollow":false,"robots_noimageindex":false,"robots_noodp":false,"robots_notranslate":false,"robots_max_snippet":null,"robots_max_videopreview":null,"robots_max_imagepreview":"large","priority":null,"frequency":null,"location":null,"local_seo":null,"seo_analyzer_scan_date":"2025-08-24 15:06:12","breadcrumb_settings":null,"limit_modified_date":false,"reviewed_by":null,"open_ai":null,"ai":null,"created":"2020-12-21 13:03:27","updated":"2025-08-24 15:06:12"},"aioseo_breadcrumb":"<div class=\"aioseo-breadcrumbs\"><span class=\"aioseo-breadcrumb\">\n\t<a href=\"https:\/\/candas365.es\/noticias\" title=\"Home\">Home<\/a>\n<\/span><span class=\"aioseo-breadcrumb-separator\">&ndash;<\/span><span class=\"aioseo-breadcrumb\">\n\t<a href=\"https:\/\/candas365.es\/noticias\/category\/actualidad\/\" title=\"Actualidad\">Actualidad<\/a>\n<\/span><span class=\"aioseo-breadcrumb-separator\">&ndash;<\/span><span class=\"aioseo-breadcrumb\">\n\tAgrio debut de Ancelotti con el Bayern M\u00fanich\n<\/span><\/div>","aioseo_breadcrumb_json":[{"label":"Home","link":"https:\/\/candas365.es\/noticias"},{"label":"Actualidad","link":"https:\/\/candas365.es\/noticias\/category\/actualidad\/"},{"label":"Agrio debut de Ancelotti con el Bayern M\u00fanich","link":"https:\/\/candas365.es\/noticias\/agrio-debut-de-ancelotti-con-el-bayern-munich\/"}],"_links":{"self":[{"href":"https:\/\/candas365.es\/noticias\/wp-json\/wp\/v2\/posts\/32241","targetHints":{"allow":["GET"]}}],"collection":[{"href":"https:\/\/candas365.es\/noticias\/wp-json\/wp\/v2\/posts"}],"about":[{"href":"https:\/\/candas365.es\/noticias\/wp-json\/wp\/v2\/types\/post"}],"author":[{"embeddable":true,"href":"https:\/\/candas365.es\/noticias\/wp-json\/wp\/v2\/users\/1"}],"replies":[{"embeddable":true,"href":"https:\/\/candas365.es\/noticias\/wp-json\/wp\/v2\/comments?post=32241"}],"version-history":[{"count":0,"href":"https:\/\/candas365.es\/noticias\/wp-json\/wp\/v2\/posts\/32241\/revisions"}],"wp:featuredmedia":[{"embeddable":true,"href":"https:\/\/candas365.es\/noticias\/wp-json\/wp\/v2\/media\/21654"}],"wp:attachment":[{"href":"https:\/\/candas365.es\/noticias\/wp-json\/wp\/v2\/media?parent=32241"}],"wp:term":[{"taxonomy":"category","embeddable":true,"href":"https:\/\/candas365.es\/noticias\/wp-json\/wp\/v2\/categories?post=32241"},{"taxonomy":"post_tag","embeddable":true,"href":"https:\/\/candas365.es\/noticias\/wp-json\/wp\/v2\/tags?post=32241"}],"curies":[{"name":"wp","href":"https:\/\/api.w.org\/{rel}","templated":true}]}}