{"id":32239,"date":"2016-07-17T22:14:44","date_gmt":"2016-07-17T20:44:44","guid":{"rendered":"http:\/\/candas365.es\/noticias\/?p=32239"},"modified":"2016-07-17T22:14:44","modified_gmt":"2016-07-17T20:44:44","slug":"la-vuelta-de-goetze-al-dortmund-dependera-de-su-clausula-de-rescision","status":"publish","type":"post","link":"https:\/\/candas365.es\/noticias\/la-vuelta-de-goetze-al-dortmund-dependera-de-su-clausula-de-rescision\/","title":{"rendered":"La vuelta de Goetze al Dortmund depender\u00e1 de su cl\u00e1usula de rescisi\u00f3n"},"content":{"rendered":"<p><img fetchpriority=\"high\" decoding=\"async\" class=\"alignleft size-medium wp-image-16486\" src=\"https:\/\/candas365.es\/noticias\/wp-content\/uploads\/2015\/09\/Rummenigge-360x184.jpg\" alt=\"Rummenigge\" width=\"360\" height=\"184\" srcset=\"https:\/\/candas365.es\/noticias\/wp-content\/uploads\/2015\/09\/Rummenigge-360x184.jpg 360w, https:\/\/candas365.es\/noticias\/wp-content\/uploads\/2015\/09\/Rummenigge-650x332.jpg 650w, https:\/\/candas365.es\/noticias\/wp-content\/uploads\/2015\/09\/Rummenigge-150x77.jpg 150w, https:\/\/candas365.es\/noticias\/wp-content\/uploads\/2015\/09\/Rummenigge-450x230.jpg 450w, https:\/\/candas365.es\/noticias\/wp-content\/uploads\/2015\/09\/Rummenigge-655x334.jpg 655w, https:\/\/candas365.es\/noticias\/wp-content\/uploads\/2015\/09\/Rummenigge-304x154.jpg 304w, https:\/\/candas365.es\/noticias\/wp-content\/uploads\/2015\/09\/Rummenigge.jpg 686w\" sizes=\"(max-width: 360px) 100vw, 360px\" \/>M\u00fanich, 17 jul (dpa) &#8211; El regreso del centrocampista alem\u00e1n Mario Goetze al Borussia Dortmund parece ahora m\u00e1s probable, una vez que las conversaciones con el Bayern M\u00fanich, su club actual, diesen a entender su disposici\u00f3n a rebajar la cl\u00e1usula de rescisi\u00f3n del jugador.<\/p>\n<p>La prensa alemana inform\u00f3 hoy que el club muniqu\u00e9s querr\u00eda embolsar alrededor de 28 millones de euros (unos 31 millones de d\u00f3lares) por la venta del futbolista.<\/p>\n<p>El internacional alem\u00e1n regresar\u00eda as\u00ed al club del que sali\u00f3 en 2013 para integrarse en las filas del Bayern despu\u00e9s de que el conjunto b\u00e1varo pagase por \u00e9l 37 millones de euros, convirti\u00e9ndose el fichaje m\u00e1s caro realizado hasta la fecha en la Bundesliga.<\/p>\n<p>El director gerente del Bayern, Karl-Heinz Rummenigge, confirm\u00f3 que el club ha iniciado conversaciones con el Dortmund y con el representante de Mario Goetze para cerrar una posible salida del jugador, a quien todav\u00eda le queda un a\u00f1o de contrato en el conjunto muniqu\u00e9s.<\/p>\n<p>\u00abEl precio de la operaci\u00f3n es conocido. Una vez sea satisfecho estaremos listos para realizar el traspaso pero hay que tener un poco m\u00e1s de paciencia\u00bb, declar\u00f3 Rummenigge durante el encuentro amistoso que el Bayern disput\u00f3 este s\u00e1bado contra el Lippstadt, un equipo de la liga regional.<\/p>\n<p>Goetze, de 24 a\u00f1os, desea ser titular y contar con minutos en el campo, por lo que el regreso a su anterior club, dijo el directivo del Bayern, es una buena opci\u00f3n para el jugador.<\/p>\n<p>Rummenigge indic\u00f3 adem\u00e1s que el centrocampista germano es un gran futbolista que \u00abdesafortunadamente\u00bb no encaja en el Bayern M\u00fanich en la actualidad.<\/p>\n<p><span class=\" readonly\" title=\"\"><em>Por Klaus Bergmann <\/em><\/span><\/p>\n<p>&nbsp;<\/p>\n","protected":false},"excerpt":{"rendered":"<p>M\u00fanich, 17 jul (dpa) &#8211; El regreso del centrocampista alem\u00e1n Mario Goetze al Borussia Dortmund parece ahora m\u00e1s probable, una vez que las conversaciones con el Bayern M\u00fanich, su club actual, diesen a entender su disposici\u00f3n a rebajar la cl\u00e1usula de rescisi\u00f3n del jugador. La prensa alemana inform\u00f3 hoy que el club muniqu\u00e9s querr\u00eda embolsar<\/p>\n","protected":false},"author":1,"featured_media":16486,"comment_status":"closed","ping_status":"closed","sticky":false,"template":"","format":"standard","meta":{"footnotes":""},"categories":[343],"tags":[],"class_list":{"0":"post-32239","1":"post","2":"type-post","3":"status-publish","4":"format-standard","5":"has-post-thumbnail","7":"category-actualidad"},"aioseo_notices":[],"aioseo_head":"\n\t\t<!-- All in One SEO Pro 4.9.6.2 - aioseo.com -->\n\t<meta name=\"description\" content=\"M\u00fanich, 17 jul (dpa) - El regreso del centrocampista alem\u00e1n Mario Goetze al Borussia Dortmund parece ahora m\u00e1s probable, una vez que las conversaciones con el Bayern M\u00fanich, su club actual, diesen a entender su disposici\u00f3n a rebajar la cl\u00e1usula de rescisi\u00f3n del jugador. La prensa alemana inform\u00f3 hoy que el club muniqu\u00e9s querr\u00eda embolsar\" \/>\n\t<meta name=\"robots\" content=\"max-image-preview:large\" \/>\n\t<meta name=\"author\" content=\"Cand\u00e1s 365\"\/>\n\t<meta name=\"google-site-verification\" content=\"UA-32230408-1\" \/>\n\t<meta name=\"msvalidate.01\" content=\"354F3CDFB2DA171B47FBE9ABF1F88D5\" \/>\n\t<meta name=\"keywords\" content=\"actualidad\" \/>\n\t<link rel=\"canonical\" href=\"https:\/\/candas365.es\/noticias\/la-vuelta-de-goetze-al-dortmund-dependera-de-su-clausula-de-rescision\/\" \/>\n\t<meta name=\"generator\" content=\"All in One SEO Pro (AIOSEO) 4.9.6.2\" \/>\n\t\t<meta property=\"og:locale\" content=\"es_ES\" \/>\n\t\t<meta property=\"og:site_name\" content=\"Cand\u00e1s 365\" \/>\n\t\t<meta property=\"og:type\" content=\"article\" \/>\n\t\t<meta property=\"og:title\" content=\"La vuelta de Goetze al Dortmund depender\u00e1 de su cl\u00e1usula de rescisi\u00f3n | Cand\u00e1s 365\" \/>\n\t\t<meta property=\"og:description\" content=\"M\u00fanich, 17 jul (dpa) - El regreso del centrocampista alem\u00e1n Mario Goetze al Borussia Dortmund parece ahora m\u00e1s probable, una vez que las conversaciones con el Bayern M\u00fanich, su club actual, diesen a entender su disposici\u00f3n a rebajar la cl\u00e1usula de rescisi\u00f3n del jugador. La prensa alemana inform\u00f3 hoy que el club muniqu\u00e9s querr\u00eda embolsar\" \/>\n\t\t<meta property=\"og:url\" content=\"https:\/\/candas365.es\/noticias\/la-vuelta-de-goetze-al-dortmund-dependera-de-su-clausula-de-rescision\/\" \/>\n\t\t<meta property=\"og:image\" content=\"https:\/\/candas365.es\/noticias\/wp-content\/uploads\/2015\/09\/Rummenigge.jpg\" \/>\n\t\t<meta property=\"og:image:secure_url\" content=\"https:\/\/candas365.es\/noticias\/wp-content\/uploads\/2015\/09\/Rummenigge.jpg\" \/>\n\t\t<meta property=\"og:image:width\" content=\"686\" \/>\n\t\t<meta property=\"og:image:height\" content=\"350\" \/>\n\t\t<meta property=\"article:published_time\" content=\"2016-07-17T20:44:44+00:00\" \/>\n\t\t<meta property=\"article:modified_time\" content=\"2016-07-17T20:44:44+00:00\" \/>\n\t\t<meta property=\"article:publisher\" content=\"https:\/\/www.facebook.com\/Nachofdezber\" \/>\n\t\t<meta property=\"article:author\" content=\"https:\/\/www.facebook.com\/carrenoactualidad\" \/>\n\t\t<meta name=\"twitter:card\" content=\"summary_large_image\" \/>\n\t\t<meta name=\"twitter:site\" content=\"@NabercoDigital\" \/>\n\t\t<meta name=\"twitter:title\" content=\"La vuelta de Goetze al Dortmund depender\u00e1 de su cl\u00e1usula de rescisi\u00f3n | Cand\u00e1s 365\" \/>\n\t\t<meta name=\"twitter:description\" content=\"M\u00fanich, 17 jul (dpa) - El regreso del centrocampista alem\u00e1n Mario Goetze al Borussia Dortmund parece ahora m\u00e1s probable, una vez que las conversaciones con el Bayern M\u00fanich, su club actual, diesen a entender su disposici\u00f3n a rebajar la cl\u00e1usula de rescisi\u00f3n del jugador. La prensa alemana inform\u00f3 hoy que el club muniqu\u00e9s querr\u00eda embolsar\" \/>\n\t\t<meta name=\"twitter:creator\" content=\"@nbasturias\" \/>\n\t\t<meta name=\"twitter:image\" content=\"https:\/\/candas365.es\/noticias\/wp-content\/uploads\/2015\/09\/Rummenigge.jpg\" \/>\n\t\t<meta name=\"twitter:label1\" content=\"Escrito por\" \/>\n\t\t<meta name=\"twitter:data1\" content=\"Cand\u00e1s 365\" \/>\n\t\t<meta name=\"twitter:label2\" content=\"Tiempo de lectura estimado\" \/>\n\t\t<meta name=\"twitter:data2\" content=\"1 minuto\" \/>\n\t\t<script type=\"application\/ld+json\" class=\"aioseo-schema\">\n\t\t\t{\"@context\":\"https:\\\/\\\/schema.org\",\"@graph\":[{\"@type\":\"BreadcrumbList\",\"@id\":\"https:\\\/\\\/candas365.es\\\/noticias\\\/la-vuelta-de-goetze-al-dortmund-dependera-de-su-clausula-de-rescision\\\/#breadcrumblist\",\"itemListElement\":[{\"@type\":\"ListItem\",\"@id\":\"https:\\\/\\\/candas365.es\\\/noticias#listItem\",\"position\":1,\"name\":\"Home\",\"item\":\"https:\\\/\\\/candas365.es\\\/noticias\",\"nextItem\":{\"@type\":\"ListItem\",\"@id\":\"https:\\\/\\\/candas365.es\\\/noticias\\\/category\\\/actualidad\\\/#listItem\",\"name\":\"Actualidad\"}},{\"@type\":\"ListItem\",\"@id\":\"https:\\\/\\\/candas365.es\\\/noticias\\\/category\\\/actualidad\\\/#listItem\",\"position\":2,\"name\":\"Actualidad\",\"item\":\"https:\\\/\\\/candas365.es\\\/noticias\\\/category\\\/actualidad\\\/\",\"nextItem\":{\"@type\":\"ListItem\",\"@id\":\"https:\\\/\\\/candas365.es\\\/noticias\\\/la-vuelta-de-goetze-al-dortmund-dependera-de-su-clausula-de-rescision\\\/#listItem\",\"name\":\"La vuelta de Goetze al Dortmund depender\\u00e1 de su cl\\u00e1usula de rescisi\\u00f3n\"},\"previousItem\":{\"@type\":\"ListItem\",\"@id\":\"https:\\\/\\\/candas365.es\\\/noticias#listItem\",\"name\":\"Home\"}},{\"@type\":\"ListItem\",\"@id\":\"https:\\\/\\\/candas365.es\\\/noticias\\\/la-vuelta-de-goetze-al-dortmund-dependera-de-su-clausula-de-rescision\\\/#listItem\",\"position\":3,\"name\":\"La vuelta de Goetze al Dortmund depender\\u00e1 de su cl\\u00e1usula de rescisi\\u00f3n\",\"previousItem\":{\"@type\":\"ListItem\",\"@id\":\"https:\\\/\\\/candas365.es\\\/noticias\\\/category\\\/actualidad\\\/#listItem\",\"name\":\"Actualidad\"}}]},{\"@type\":\"NewsArticle\",\"@id\":\"https:\\\/\\\/candas365.es\\\/noticias\\\/la-vuelta-de-goetze-al-dortmund-dependera-de-su-clausula-de-rescision\\\/#newsarticle\",\"name\":\"La vuelta de Goetze al Dortmund depender\\u00e1 de su cl\\u00e1usula de rescisi\\u00f3n | Cand\\u00e1s 365\",\"headline\":\"La vuelta de Goetze al Dortmund depender\\u00e1 de su cl\\u00e1usula de rescisi\\u00f3n\",\"author\":{\"@id\":\"https:\\\/\\\/candas365.es\\\/noticias\\\/author\\\/admin\\\/#author\"},\"publisher\":{\"@id\":\"https:\\\/\\\/candas365.es\\\/noticias\\\/#organization\"},\"image\":{\"@type\":\"ImageObject\",\"url\":\"https:\\\/\\\/candas365.es\\\/noticias\\\/wp-content\\\/uploads\\\/2015\\\/09\\\/Rummenigge.jpg\",\"width\":686,\"height\":350},\"datePublished\":\"2016-07-17T22:14:44+02:00\",\"dateModified\":\"2016-07-17T22:14:44+02:00\",\"inLanguage\":\"es-ES\",\"mainEntityOfPage\":{\"@id\":\"https:\\\/\\\/candas365.es\\\/noticias\\\/la-vuelta-de-goetze-al-dortmund-dependera-de-su-clausula-de-rescision\\\/#webpage\"},\"isPartOf\":{\"@id\":\"https:\\\/\\\/candas365.es\\\/noticias\\\/la-vuelta-de-goetze-al-dortmund-dependera-de-su-clausula-de-rescision\\\/#webpage\"},\"articleSection\":\"Actualidad\",\"dateline\":\"Publicado el julio 17, 2016.\"},{\"@type\":\"Organization\",\"@id\":\"https:\\\/\\\/candas365.es\\\/noticias\\\/#organization\",\"name\":\"Cand\\u00e1s 365\",\"description\":\"Cand\\u00e1s 365 es un diario digital independiente, fundado en 2012, con base en Asturias. Informamos con rigor sobre actualidad, sociedad, cultura y ocio, con una mirada local y global.\",\"url\":\"https:\\\/\\\/candas365.es\\\/noticias\\\/\",\"email\":\"info@candas365.es\",\"telephone\":\"+34652131393\",\"foundingDate\":\"2012-06-10\",\"logo\":{\"@type\":\"ImageObject\",\"url\":\"https:\\\/\\\/candas365.es\\\/noticias\\\/wp-content\\\/uploads\\\/2024\\\/09\\\/Candas-365-Redes.jpg\",\"@id\":\"https:\\\/\\\/candas365.es\\\/noticias\\\/la-vuelta-de-goetze-al-dortmund-dependera-de-su-clausula-de-rescision\\\/#organizationLogo\",\"width\":1152,\"height\":864,\"caption\":\"Cand\\u00e1s 365 Redes\"},\"image\":{\"@id\":\"https:\\\/\\\/candas365.es\\\/noticias\\\/la-vuelta-de-goetze-al-dortmund-dependera-de-su-clausula-de-rescision\\\/#organizationLogo\"},\"sameAs\":[\"https:\\\/\\\/www.facebook.com\\\/Nachofdezber\",\"https:\\\/\\\/x.com\\\/NabercoDigital\",\"https:\\\/\\\/www.instagram.com\\\/nachofdezber\\\/\",\"https:\\\/\\\/www.youtube.com\\\/channel\\\/UCZP-2wLEB9Rv6erhFmqVnvg\"],\"address\":{\"@id\":\"https:\\\/\\\/candas365.es\\\/noticias\\\/#postaladdress\",\"@type\":\"PostalAddress\",\"streetAddress\":\"san antonio 4, san antonio 4\",\"postalCode\":\"33430\",\"addressLocality\":\"Cand\\u00e1s\",\"addressRegion\":\"Asturias\",\"addressCountry\":\"ES\"}},{\"@type\":\"Person\",\"@id\":\"https:\\\/\\\/candas365.es\\\/noticias\\\/author\\\/admin\\\/#author\",\"url\":\"https:\\\/\\\/candas365.es\\\/noticias\\\/author\\\/admin\\\/\",\"name\":\"Cand\\u00e1s 365\",\"image\":{\"@type\":\"ImageObject\",\"@id\":\"https:\\\/\\\/candas365.es\\\/noticias\\\/la-vuelta-de-goetze-al-dortmund-dependera-de-su-clausula-de-rescision\\\/#authorImage\",\"url\":\"https:\\\/\\\/secure.gravatar.com\\\/avatar\\\/496a8e03d0c493ede1718b7934145dbdf8d89be1036b0eec9544e1094c9de390?s=96&d=mm&r=g\",\"width\":96,\"height\":96,\"caption\":\"Cand\\u00e1s 365\"},\"sameAs\":[\"https:\\\/\\\/www.facebook.com\\\/carrenoactualidad\",\"https:\\\/\\\/twitter.com\\\/nbasturias\",\"https:\\\/\\\/www.instagram.com\\\/nachofdezber\\\/\",\"https:\\\/\\\/www.youtube.com\\\/channel\\\/UCZP-2wLEB9Rv6erhFmqVnvg\"]},{\"@type\":\"WebPage\",\"@id\":\"https:\\\/\\\/candas365.es\\\/noticias\\\/la-vuelta-de-goetze-al-dortmund-dependera-de-su-clausula-de-rescision\\\/#webpage\",\"url\":\"https:\\\/\\\/candas365.es\\\/noticias\\\/la-vuelta-de-goetze-al-dortmund-dependera-de-su-clausula-de-rescision\\\/\",\"name\":\"La vuelta de Goetze al Dortmund depender\\u00e1 de su cl\\u00e1usula de rescisi\\u00f3n | Cand\\u00e1s 365\",\"description\":\"M\\u00fanich, 17 jul (dpa) - El regreso del centrocampista alem\\u00e1n Mario Goetze al Borussia Dortmund parece ahora m\\u00e1s probable, una vez que las conversaciones con el Bayern M\\u00fanich, su club actual, diesen a entender su disposici\\u00f3n a rebajar la cl\\u00e1usula de rescisi\\u00f3n del jugador. La prensa alemana inform\\u00f3 hoy que el club muniqu\\u00e9s querr\\u00eda embolsar\",\"inLanguage\":\"es-ES\",\"isPartOf\":{\"@id\":\"https:\\\/\\\/candas365.es\\\/noticias\\\/#website\"},\"breadcrumb\":{\"@id\":\"https:\\\/\\\/candas365.es\\\/noticias\\\/la-vuelta-de-goetze-al-dortmund-dependera-de-su-clausula-de-rescision\\\/#breadcrumblist\"},\"author\":{\"@id\":\"https:\\\/\\\/candas365.es\\\/noticias\\\/author\\\/admin\\\/#author\"},\"creator\":{\"@id\":\"https:\\\/\\\/candas365.es\\\/noticias\\\/author\\\/admin\\\/#author\"},\"image\":{\"@type\":\"ImageObject\",\"url\":\"https:\\\/\\\/candas365.es\\\/noticias\\\/wp-content\\\/uploads\\\/2015\\\/09\\\/Rummenigge.jpg\",\"@id\":\"https:\\\/\\\/candas365.es\\\/noticias\\\/la-vuelta-de-goetze-al-dortmund-dependera-de-su-clausula-de-rescision\\\/#mainImage\",\"width\":686,\"height\":350},\"primaryImageOfPage\":{\"@id\":\"https:\\\/\\\/candas365.es\\\/noticias\\\/la-vuelta-de-goetze-al-dortmund-dependera-de-su-clausula-de-rescision\\\/#mainImage\"},\"datePublished\":\"2016-07-17T22:14:44+02:00\",\"dateModified\":\"2016-07-17T22:14:44+02:00\"},{\"@type\":\"WebSite\",\"@id\":\"https:\\\/\\\/candas365.es\\\/noticias\\\/#website\",\"url\":\"https:\\\/\\\/candas365.es\\\/noticias\\\/\",\"name\":\"Cand\\u00e1s 365\",\"alternateName\":\"Cand\\u00e1s 365 Noticias\",\"description\":\"Actualidad desde Carre\\u00f1o para el mundo\",\"inLanguage\":\"es-ES\",\"publisher\":{\"@id\":\"https:\\\/\\\/candas365.es\\\/noticias\\\/#organization\"}}]}\n\t\t<\/script>\n\t\t<!-- All in One SEO Pro -->\r\n\t\t<title>La vuelta de Goetze al Dortmund depender\u00e1 de su cl\u00e1usula de rescisi\u00f3n | Cand\u00e1s 365<\/title>\n\n","aioseo_head_json":{"title":"La vuelta de Goetze al Dortmund depender\u00e1 de su cl\u00e1usula de rescisi\u00f3n | Cand\u00e1s 365","description":"M\u00fanich, 17 jul (dpa) - El regreso del centrocampista alem\u00e1n Mario Goetze al Borussia Dortmund parece ahora m\u00e1s probable, una vez que las conversaciones con el Bayern M\u00fanich, su club actual, diesen a entender su disposici\u00f3n a rebajar la cl\u00e1usula de rescisi\u00f3n del jugador. La prensa alemana inform\u00f3 hoy que el club muniqu\u00e9s querr\u00eda embolsar","canonical_url":"https:\/\/candas365.es\/noticias\/la-vuelta-de-goetze-al-dortmund-dependera-de-su-clausula-de-rescision\/","robots":"max-image-preview:large","keywords":"actualidad","webmasterTools":{"google-site-verification":"UA-32230408-1","msvalidate.01":"354F3CDFB2DA171B47FBE9ABF1F88D5","miscellaneous":""},"schema":{"@context":"https:\/\/schema.org","@graph":[{"@type":"BreadcrumbList","@id":"https:\/\/candas365.es\/noticias\/la-vuelta-de-goetze-al-dortmund-dependera-de-su-clausula-de-rescision\/#breadcrumblist","itemListElement":[{"@type":"ListItem","@id":"https:\/\/candas365.es\/noticias#listItem","position":1,"name":"Home","item":"https:\/\/candas365.es\/noticias","nextItem":{"@type":"ListItem","@id":"https:\/\/candas365.es\/noticias\/category\/actualidad\/#listItem","name":"Actualidad"}},{"@type":"ListItem","@id":"https:\/\/candas365.es\/noticias\/category\/actualidad\/#listItem","position":2,"name":"Actualidad","item":"https:\/\/candas365.es\/noticias\/category\/actualidad\/","nextItem":{"@type":"ListItem","@id":"https:\/\/candas365.es\/noticias\/la-vuelta-de-goetze-al-dortmund-dependera-de-su-clausula-de-rescision\/#listItem","name":"La vuelta de Goetze al Dortmund depender\u00e1 de su cl\u00e1usula de rescisi\u00f3n"},"previousItem":{"@type":"ListItem","@id":"https:\/\/candas365.es\/noticias#listItem","name":"Home"}},{"@type":"ListItem","@id":"https:\/\/candas365.es\/noticias\/la-vuelta-de-goetze-al-dortmund-dependera-de-su-clausula-de-rescision\/#listItem","position":3,"name":"La vuelta de Goetze al Dortmund depender\u00e1 de su cl\u00e1usula de rescisi\u00f3n","previousItem":{"@type":"ListItem","@id":"https:\/\/candas365.es\/noticias\/category\/actualidad\/#listItem","name":"Actualidad"}}]},{"@type":"NewsArticle","@id":"https:\/\/candas365.es\/noticias\/la-vuelta-de-goetze-al-dortmund-dependera-de-su-clausula-de-rescision\/#newsarticle","name":"La vuelta de Goetze al Dortmund depender\u00e1 de su cl\u00e1usula de rescisi\u00f3n | Cand\u00e1s 365","headline":"La vuelta de Goetze al Dortmund depender\u00e1 de su cl\u00e1usula de rescisi\u00f3n","author":{"@id":"https:\/\/candas365.es\/noticias\/author\/admin\/#author"},"publisher":{"@id":"https:\/\/candas365.es\/noticias\/#organization"},"image":{"@type":"ImageObject","url":"https:\/\/candas365.es\/noticias\/wp-content\/uploads\/2015\/09\/Rummenigge.jpg","width":686,"height":350},"datePublished":"2016-07-17T22:14:44+02:00","dateModified":"2016-07-17T22:14:44+02:00","inLanguage":"es-ES","mainEntityOfPage":{"@id":"https:\/\/candas365.es\/noticias\/la-vuelta-de-goetze-al-dortmund-dependera-de-su-clausula-de-rescision\/#webpage"},"isPartOf":{"@id":"https:\/\/candas365.es\/noticias\/la-vuelta-de-goetze-al-dortmund-dependera-de-su-clausula-de-rescision\/#webpage"},"articleSection":"Actualidad","dateline":"Publicado el julio 17, 2016."},{"@type":"Organization","@id":"https:\/\/candas365.es\/noticias\/#organization","name":"Cand\u00e1s 365","description":"Cand\u00e1s 365 es un diario digital independiente, fundado en 2012, con base en Asturias. Informamos con rigor sobre actualidad, sociedad, cultura y ocio, con una mirada local y global.","url":"https:\/\/candas365.es\/noticias\/","email":"info@candas365.es","telephone":"+34652131393","foundingDate":"2012-06-10","logo":{"@type":"ImageObject","url":"https:\/\/candas365.es\/noticias\/wp-content\/uploads\/2024\/09\/Candas-365-Redes.jpg","@id":"https:\/\/candas365.es\/noticias\/la-vuelta-de-goetze-al-dortmund-dependera-de-su-clausula-de-rescision\/#organizationLogo","width":1152,"height":864,"caption":"Cand\u00e1s 365 Redes"},"image":{"@id":"https:\/\/candas365.es\/noticias\/la-vuelta-de-goetze-al-dortmund-dependera-de-su-clausula-de-rescision\/#organizationLogo"},"sameAs":["https:\/\/www.facebook.com\/Nachofdezber","https:\/\/x.com\/NabercoDigital","https:\/\/www.instagram.com\/nachofdezber\/","https:\/\/www.youtube.com\/channel\/UCZP-2wLEB9Rv6erhFmqVnvg"],"address":{"@id":"https:\/\/candas365.es\/noticias\/#postaladdress","@type":"PostalAddress","streetAddress":"san antonio 4, san antonio 4","postalCode":"33430","addressLocality":"Cand\u00e1s","addressRegion":"Asturias","addressCountry":"ES"}},{"@type":"Person","@id":"https:\/\/candas365.es\/noticias\/author\/admin\/#author","url":"https:\/\/candas365.es\/noticias\/author\/admin\/","name":"Cand\u00e1s 365","image":{"@type":"ImageObject","@id":"https:\/\/candas365.es\/noticias\/la-vuelta-de-goetze-al-dortmund-dependera-de-su-clausula-de-rescision\/#authorImage","url":"https:\/\/secure.gravatar.com\/avatar\/496a8e03d0c493ede1718b7934145dbdf8d89be1036b0eec9544e1094c9de390?s=96&d=mm&r=g","width":96,"height":96,"caption":"Cand\u00e1s 365"},"sameAs":["https:\/\/www.facebook.com\/carrenoactualidad","https:\/\/twitter.com\/nbasturias","https:\/\/www.instagram.com\/nachofdezber\/","https:\/\/www.youtube.com\/channel\/UCZP-2wLEB9Rv6erhFmqVnvg"]},{"@type":"WebPage","@id":"https:\/\/candas365.es\/noticias\/la-vuelta-de-goetze-al-dortmund-dependera-de-su-clausula-de-rescision\/#webpage","url":"https:\/\/candas365.es\/noticias\/la-vuelta-de-goetze-al-dortmund-dependera-de-su-clausula-de-rescision\/","name":"La vuelta de Goetze al Dortmund depender\u00e1 de su cl\u00e1usula de rescisi\u00f3n | Cand\u00e1s 365","description":"M\u00fanich, 17 jul (dpa) - El regreso del centrocampista alem\u00e1n Mario Goetze al Borussia Dortmund parece ahora m\u00e1s probable, una vez que las conversaciones con el Bayern M\u00fanich, su club actual, diesen a entender su disposici\u00f3n a rebajar la cl\u00e1usula de rescisi\u00f3n del jugador. La prensa alemana inform\u00f3 hoy que el club muniqu\u00e9s querr\u00eda embolsar","inLanguage":"es-ES","isPartOf":{"@id":"https:\/\/candas365.es\/noticias\/#website"},"breadcrumb":{"@id":"https:\/\/candas365.es\/noticias\/la-vuelta-de-goetze-al-dortmund-dependera-de-su-clausula-de-rescision\/#breadcrumblist"},"author":{"@id":"https:\/\/candas365.es\/noticias\/author\/admin\/#author"},"creator":{"@id":"https:\/\/candas365.es\/noticias\/author\/admin\/#author"},"image":{"@type":"ImageObject","url":"https:\/\/candas365.es\/noticias\/wp-content\/uploads\/2015\/09\/Rummenigge.jpg","@id":"https:\/\/candas365.es\/noticias\/la-vuelta-de-goetze-al-dortmund-dependera-de-su-clausula-de-rescision\/#mainImage","width":686,"height":350},"primaryImageOfPage":{"@id":"https:\/\/candas365.es\/noticias\/la-vuelta-de-goetze-al-dortmund-dependera-de-su-clausula-de-rescision\/#mainImage"},"datePublished":"2016-07-17T22:14:44+02:00","dateModified":"2016-07-17T22:14:44+02:00"},{"@type":"WebSite","@id":"https:\/\/candas365.es\/noticias\/#website","url":"https:\/\/candas365.es\/noticias\/","name":"Cand\u00e1s 365","alternateName":"Cand\u00e1s 365 Noticias","description":"Actualidad desde Carre\u00f1o para el mundo","inLanguage":"es-ES","publisher":{"@id":"https:\/\/candas365.es\/noticias\/#organization"}}]},"og:locale":"es_ES","og:site_name":"Cand\u00e1s 365","og:type":"article","og:title":"La vuelta de Goetze al Dortmund depender\u00e1 de su cl\u00e1usula de rescisi\u00f3n | Cand\u00e1s 365","og:description":"M\u00fanich, 17 jul (dpa) - El regreso del centrocampista alem\u00e1n Mario Goetze al Borussia Dortmund parece ahora m\u00e1s probable, una vez que las conversaciones con el Bayern M\u00fanich, su club actual, diesen a entender su disposici\u00f3n a rebajar la cl\u00e1usula de rescisi\u00f3n del jugador. La prensa alemana inform\u00f3 hoy que el club muniqu\u00e9s querr\u00eda embolsar","og:url":"https:\/\/candas365.es\/noticias\/la-vuelta-de-goetze-al-dortmund-dependera-de-su-clausula-de-rescision\/","og:image":"https:\/\/candas365.es\/noticias\/wp-content\/uploads\/2015\/09\/Rummenigge.jpg","og:image:secure_url":"https:\/\/candas365.es\/noticias\/wp-content\/uploads\/2015\/09\/Rummenigge.jpg","og:image:width":686,"og:image:height":350,"article:published_time":"2016-07-17T20:44:44+00:00","article:modified_time":"2016-07-17T20:44:44+00:00","article:publisher":"https:\/\/www.facebook.com\/Nachofdezber","article:author":"https:\/\/www.facebook.com\/carrenoactualidad","twitter:card":"summary_large_image","twitter:site":"@NabercoDigital","twitter:title":"La vuelta de Goetze al Dortmund depender\u00e1 de su cl\u00e1usula de rescisi\u00f3n | Cand\u00e1s 365","twitter:description":"M\u00fanich, 17 jul (dpa) - El regreso del centrocampista alem\u00e1n Mario Goetze al Borussia Dortmund parece ahora m\u00e1s probable, una vez que las conversaciones con el Bayern M\u00fanich, su club actual, diesen a entender su disposici\u00f3n a rebajar la cl\u00e1usula de rescisi\u00f3n del jugador. La prensa alemana inform\u00f3 hoy que el club muniqu\u00e9s querr\u00eda embolsar","twitter:creator":"@nbasturias","twitter:image":"https:\/\/candas365.es\/noticias\/wp-content\/uploads\/2015\/09\/Rummenigge.jpg","twitter:label1":"Escrito por","twitter:data1":"Cand\u00e1s 365","twitter:label2":"Tiempo de lectura estimado","twitter:data2":"1 minuto"},"aioseo_meta_data":{"post_id":"32239","title":null,"description":null,"keywords":null,"keyphrases":null,"primary_term":null,"canonical_url":null,"og_title":null,"og_description":null,"og_object_type":"default","og_image_type":"default","og_image_url":null,"og_image_width":null,"og_image_height":null,"og_image_custom_url":null,"og_image_custom_fields":null,"og_video":null,"og_custom_url":null,"og_article_section":null,"og_article_tags":null,"twitter_use_og":false,"twitter_card":"default","twitter_image_type":"default","twitter_image_url":null,"twitter_image_custom_url":null,"twitter_image_custom_fields":null,"twitter_title":null,"twitter_description":null,"schema":{"blockGraphs":[],"customGraphs":[],"default":{"data":{"Article":[],"Course":[],"Dataset":[],"FAQPage":[],"Movie":[],"Person":[],"Product":[],"ProductReview":[],"Car":[],"Recipe":[],"Service":[],"SoftwareApplication":[],"WebPage":[]},"graphName":"","isEnabled":true},"graphs":[],"defaultGraph":"","defaultPostTypeGraph":""},"schema_type":null,"schema_type_options":null,"pillar_content":false,"robots_default":true,"robots_noindex":false,"robots_noarchive":false,"robots_nosnippet":false,"robots_nofollow":false,"robots_noimageindex":false,"robots_noodp":false,"robots_notranslate":false,"robots_max_snippet":null,"robots_max_videopreview":null,"robots_max_imagepreview":"large","priority":null,"frequency":null,"location":null,"local_seo":null,"seo_analyzer_scan_date":"2025-08-24 15:06:11","breadcrumb_settings":null,"limit_modified_date":false,"reviewed_by":null,"open_ai":null,"ai":null,"created":"2020-12-21 13:03:27","updated":"2025-08-24 15:06:11"},"aioseo_breadcrumb":"<div class=\"aioseo-breadcrumbs\"><span class=\"aioseo-breadcrumb\">\n\t<a href=\"https:\/\/candas365.es\/noticias\" title=\"Home\">Home<\/a>\n<\/span><span class=\"aioseo-breadcrumb-separator\">&ndash;<\/span><span class=\"aioseo-breadcrumb\">\n\t<a href=\"https:\/\/candas365.es\/noticias\/category\/actualidad\/\" title=\"Actualidad\">Actualidad<\/a>\n<\/span><span class=\"aioseo-breadcrumb-separator\">&ndash;<\/span><span class=\"aioseo-breadcrumb\">\n\tLa vuelta de Goetze al Dortmund depender\u00e1 de su cl\u00e1usula de rescisi\u00f3n\n<\/span><\/div>","aioseo_breadcrumb_json":[{"label":"Home","link":"https:\/\/candas365.es\/noticias"},{"label":"Actualidad","link":"https:\/\/candas365.es\/noticias\/category\/actualidad\/"},{"label":"La vuelta de Goetze al Dortmund depender\u00e1 de su cl\u00e1usula de rescisi\u00f3n","link":"https:\/\/candas365.es\/noticias\/la-vuelta-de-goetze-al-dortmund-dependera-de-su-clausula-de-rescision\/"}],"_links":{"self":[{"href":"https:\/\/candas365.es\/noticias\/wp-json\/wp\/v2\/posts\/32239","targetHints":{"allow":["GET"]}}],"collection":[{"href":"https:\/\/candas365.es\/noticias\/wp-json\/wp\/v2\/posts"}],"about":[{"href":"https:\/\/candas365.es\/noticias\/wp-json\/wp\/v2\/types\/post"}],"author":[{"embeddable":true,"href":"https:\/\/candas365.es\/noticias\/wp-json\/wp\/v2\/users\/1"}],"replies":[{"embeddable":true,"href":"https:\/\/candas365.es\/noticias\/wp-json\/wp\/v2\/comments?post=32239"}],"version-history":[{"count":0,"href":"https:\/\/candas365.es\/noticias\/wp-json\/wp\/v2\/posts\/32239\/revisions"}],"wp:featuredmedia":[{"embeddable":true,"href":"https:\/\/candas365.es\/noticias\/wp-json\/wp\/v2\/media\/16486"}],"wp:attachment":[{"href":"https:\/\/candas365.es\/noticias\/wp-json\/wp\/v2\/media?parent=32239"}],"wp:term":[{"taxonomy":"category","embeddable":true,"href":"https:\/\/candas365.es\/noticias\/wp-json\/wp\/v2\/categories?post=32239"},{"taxonomy":"post_tag","embeddable":true,"href":"https:\/\/candas365.es\/noticias\/wp-json\/wp\/v2\/tags?post=32239"}],"curies":[{"name":"wp","href":"https:\/\/api.w.org\/{rel}","templated":true}]}}