{"id":32220,"date":"2016-07-17T21:27:59","date_gmt":"2016-07-17T19:57:59","guid":{"rendered":"http:\/\/candas365.es\/noticias\/?p=32220"},"modified":"2016-07-17T21:27:59","modified_gmt":"2016-07-17T19:57:59","slug":"base-militar-en-turquia-no-esta-bloqueada-para-soldados","status":"publish","type":"post","link":"https:\/\/candas365.es\/noticias\/base-militar-en-turquia-no-esta-bloqueada-para-soldados\/","title":{"rendered":"Base militar en Turqu\u00eda no est\u00e1 bloqueada para soldados"},"content":{"rendered":"<p>Berl\u00edn\/Estambul, 17 jul (dpa) &#8211; El intento de golpe de Estado perpetrado en Turqu\u00eda no tiene consecuencias para los soldados extranjeros desplegados en la base militar turca de Incirlik, dijo ayer un portavoz del comando de operaciones del Ej\u00e9rcito alem\u00e1n en declaraciones a dpa.<\/p>\n<p>El vocero rechaz\u00f3 as\u00ed la informaci\u00f3n proveniente de Estados Unidos que indicaba que las autoridades turcas hab\u00edan bloqueado el acceso a la base militar.<\/p>\n<p>\u00abNuestros soldados se encuentran bien, solo se han enterado del intento de golpe de Estado a trav\u00e9s de los medios de comunicaci\u00f3n\u00bb, precis\u00f3 el portavoz tras indicar que los militares pueden entrar y salir de la base siempre que se sometan a un control de pasaportes.<\/p>\n<p>Como reacci\u00f3n al intento de sublevaci\u00f3n contra el presidente turco, Recep Tayyip Erdogan, Alemania increment\u00f3 ayer las medidas de seguridad en la base de Ircirlik.<\/p>\n<p>\u00abSe trata de una actuaci\u00f3n rutinaria, es un aumento preventivo del nivel de preparaci\u00f3n para proteger a los soldados\u00bb, asegur\u00f3 un portavoz del ministerio.<\/p>\n<p>La situaci\u00f3n en la base militar es por el momento tranquila. Desde all\u00ed, Estados Unidos dirige bombardeos contra la milicia terrorista Estado Isl\u00e1mico (EI).<\/p>\n<p>Al respecto, el Pent\u00e1gono indic\u00f3 ayer que se est\u00e1 trabajando para ranudarlos en cuanto sea posible. \u00abEl Gobierno turco ha cerrado su espacio a\u00e9reo a los aviones militares y por ello las operaciones en Incirlik se han interrumpido\u00bb, dijo el portavoz Peter Cook.<\/p>\n<p>Estados Unidos est\u00e1 ajustando sus operaciones contra el EI para que el cierre de la base tenga un impacto m\u00ednimo en su campa\u00f1a, a\u00f1adi\u00f3 Cook.<\/p>\n<p>Alemania cuenta en esta base militar en Turqu\u00eda con un contingente de 240 soldados que, en el marco de la coalici\u00f3n internacional contra el EI, participan en un operativo de vuelos de reconocimiento sobre territorio sirio.<\/p>\n<p>El consulado estadounidense en la ciudad turca de Adana, en el sur del pa\u00eds, hab\u00eda publicado en su web que las autoridades turcas imped\u00edan los movimientos desde y hacia la base a\u00e9rea y que hab\u00eda sido cortado el suministro el\u00e9ctrico. \u00abPor favor eviten acercarse a la base hasta que se hayan restaurado las operaciones normales\u00bb, se\u00f1al\u00f3.<\/p>\n","protected":false},"excerpt":{"rendered":"<p>Berl\u00edn\/Estambul, 17 jul (dpa) &#8211; El intento de golpe de Estado perpetrado en Turqu\u00eda no tiene consecuencias para los soldados extranjeros desplegados en la base militar turca de Incirlik, dijo ayer un portavoz del comando de operaciones del Ej\u00e9rcito alem\u00e1n en declaraciones a dpa. El vocero rechaz\u00f3 as\u00ed la informaci\u00f3n proveniente de Estados Unidos que<\/p>\n","protected":false},"author":1,"featured_media":16457,"comment_status":"closed","ping_status":"closed","sticky":false,"template":"","format":"standard","meta":{"footnotes":""},"categories":[343],"tags":[],"class_list":{"0":"post-32220","1":"post","2":"type-post","3":"status-publish","4":"format-standard","5":"has-post-thumbnail","7":"category-actualidad"},"aioseo_notices":[],"aioseo_head":"\n\t\t<!-- All in One SEO Pro 4.9.6.2 - aioseo.com -->\n\t<meta name=\"description\" content=\"Berl\u00edn\/Estambul, 17 jul (dpa) - El intento de golpe de Estado perpetrado en Turqu\u00eda no tiene consecuencias para los soldados extranjeros desplegados en la base militar turca de Incirlik, dijo ayer un portavoz del comando de operaciones del Ej\u00e9rcito alem\u00e1n en declaraciones a dpa. El vocero rechaz\u00f3 as\u00ed la informaci\u00f3n proveniente de Estados Unidos que\" \/>\n\t<meta name=\"robots\" content=\"max-image-preview:large\" \/>\n\t<meta name=\"author\" content=\"Cand\u00e1s 365\"\/>\n\t<meta name=\"google-site-verification\" content=\"UA-32230408-1\" \/>\n\t<meta name=\"msvalidate.01\" content=\"354F3CDFB2DA171B47FBE9ABF1F88D5\" \/>\n\t<meta name=\"keywords\" content=\"actualidad\" \/>\n\t<link rel=\"canonical\" href=\"https:\/\/candas365.es\/noticias\/base-militar-en-turquia-no-esta-bloqueada-para-soldados\/\" \/>\n\t<meta name=\"generator\" content=\"All in One SEO Pro (AIOSEO) 4.9.6.2\" \/>\n\t\t<meta property=\"og:locale\" content=\"es_ES\" \/>\n\t\t<meta property=\"og:site_name\" content=\"Cand\u00e1s 365\" \/>\n\t\t<meta property=\"og:type\" content=\"article\" \/>\n\t\t<meta property=\"og:title\" content=\"Base militar en Turqu\u00eda no est\u00e1 bloqueada para soldados | Cand\u00e1s 365\" \/>\n\t\t<meta property=\"og:description\" content=\"Berl\u00edn\/Estambul, 17 jul (dpa) - El intento de golpe de Estado perpetrado en Turqu\u00eda no tiene consecuencias para los soldados extranjeros desplegados en la base militar turca de Incirlik, dijo ayer un portavoz del comando de operaciones del Ej\u00e9rcito alem\u00e1n en declaraciones a dpa. El vocero rechaz\u00f3 as\u00ed la informaci\u00f3n proveniente de Estados Unidos que\" \/>\n\t\t<meta property=\"og:url\" content=\"https:\/\/candas365.es\/noticias\/base-militar-en-turquia-no-esta-bloqueada-para-soldados\/\" \/>\n\t\t<meta property=\"og:image\" content=\"https:\/\/candas365.es\/noticias\/wp-content\/uploads\/2015\/09\/c365noticias.jpg\" \/>\n\t\t<meta property=\"og:image:secure_url\" content=\"https:\/\/candas365.es\/noticias\/wp-content\/uploads\/2015\/09\/c365noticias.jpg\" \/>\n\t\t<meta property=\"og:image:width\" content=\"655\" \/>\n\t\t<meta property=\"og:image:height\" content=\"360\" \/>\n\t\t<meta property=\"article:published_time\" content=\"2016-07-17T19:57:59+00:00\" \/>\n\t\t<meta property=\"article:modified_time\" content=\"2016-07-17T19:57:59+00:00\" \/>\n\t\t<meta property=\"article:publisher\" content=\"https:\/\/www.facebook.com\/Nachofdezber\" \/>\n\t\t<meta property=\"article:author\" content=\"https:\/\/www.facebook.com\/carrenoactualidad\" \/>\n\t\t<meta name=\"twitter:card\" content=\"summary_large_image\" \/>\n\t\t<meta name=\"twitter:site\" content=\"@NabercoDigital\" \/>\n\t\t<meta name=\"twitter:title\" content=\"Base militar en Turqu\u00eda no est\u00e1 bloqueada para soldados | Cand\u00e1s 365\" \/>\n\t\t<meta name=\"twitter:description\" content=\"Berl\u00edn\/Estambul, 17 jul (dpa) - El intento de golpe de Estado perpetrado en Turqu\u00eda no tiene consecuencias para los soldados extranjeros desplegados en la base militar turca de Incirlik, dijo ayer un portavoz del comando de operaciones del Ej\u00e9rcito alem\u00e1n en declaraciones a dpa. El vocero rechaz\u00f3 as\u00ed la informaci\u00f3n proveniente de Estados Unidos que\" \/>\n\t\t<meta name=\"twitter:creator\" content=\"@nbasturias\" \/>\n\t\t<meta name=\"twitter:image\" content=\"https:\/\/candas365.es\/noticias\/wp-content\/uploads\/2015\/09\/c365noticias.jpg\" \/>\n\t\t<meta name=\"twitter:label1\" content=\"Escrito por\" \/>\n\t\t<meta name=\"twitter:data1\" content=\"Cand\u00e1s 365\" \/>\n\t\t<meta name=\"twitter:label2\" content=\"Tiempo de lectura estimado\" \/>\n\t\t<meta name=\"twitter:data2\" content=\"2 minutos\" \/>\n\t\t<script type=\"application\/ld+json\" class=\"aioseo-schema\">\n\t\t\t{\"@context\":\"https:\\\/\\\/schema.org\",\"@graph\":[{\"@type\":\"BreadcrumbList\",\"@id\":\"https:\\\/\\\/candas365.es\\\/noticias\\\/base-militar-en-turquia-no-esta-bloqueada-para-soldados\\\/#breadcrumblist\",\"itemListElement\":[{\"@type\":\"ListItem\",\"@id\":\"https:\\\/\\\/candas365.es\\\/noticias#listItem\",\"position\":1,\"name\":\"Home\",\"item\":\"https:\\\/\\\/candas365.es\\\/noticias\",\"nextItem\":{\"@type\":\"ListItem\",\"@id\":\"https:\\\/\\\/candas365.es\\\/noticias\\\/category\\\/actualidad\\\/#listItem\",\"name\":\"Actualidad\"}},{\"@type\":\"ListItem\",\"@id\":\"https:\\\/\\\/candas365.es\\\/noticias\\\/category\\\/actualidad\\\/#listItem\",\"position\":2,\"name\":\"Actualidad\",\"item\":\"https:\\\/\\\/candas365.es\\\/noticias\\\/category\\\/actualidad\\\/\",\"nextItem\":{\"@type\":\"ListItem\",\"@id\":\"https:\\\/\\\/candas365.es\\\/noticias\\\/base-militar-en-turquia-no-esta-bloqueada-para-soldados\\\/#listItem\",\"name\":\"Base militar en Turqu\\u00eda no est\\u00e1 bloqueada para soldados\"},\"previousItem\":{\"@type\":\"ListItem\",\"@id\":\"https:\\\/\\\/candas365.es\\\/noticias#listItem\",\"name\":\"Home\"}},{\"@type\":\"ListItem\",\"@id\":\"https:\\\/\\\/candas365.es\\\/noticias\\\/base-militar-en-turquia-no-esta-bloqueada-para-soldados\\\/#listItem\",\"position\":3,\"name\":\"Base militar en Turqu\\u00eda no est\\u00e1 bloqueada para soldados\",\"previousItem\":{\"@type\":\"ListItem\",\"@id\":\"https:\\\/\\\/candas365.es\\\/noticias\\\/category\\\/actualidad\\\/#listItem\",\"name\":\"Actualidad\"}}]},{\"@type\":\"NewsArticle\",\"@id\":\"https:\\\/\\\/candas365.es\\\/noticias\\\/base-militar-en-turquia-no-esta-bloqueada-para-soldados\\\/#newsarticle\",\"name\":\"Base militar en Turqu\\u00eda no est\\u00e1 bloqueada para soldados | Cand\\u00e1s 365\",\"headline\":\"Base militar en Turqu\\u00eda no est\\u00e1 bloqueada para soldados\",\"author\":{\"@id\":\"https:\\\/\\\/candas365.es\\\/noticias\\\/author\\\/admin\\\/#author\"},\"publisher\":{\"@id\":\"https:\\\/\\\/candas365.es\\\/noticias\\\/#organization\"},\"image\":{\"@type\":\"ImageObject\",\"url\":\"https:\\\/\\\/candas365.es\\\/noticias\\\/wp-content\\\/uploads\\\/2015\\\/09\\\/c365noticias.jpg\",\"width\":655,\"height\":360},\"datePublished\":\"2016-07-17T21:27:59+02:00\",\"dateModified\":\"2016-07-17T21:27:59+02:00\",\"inLanguage\":\"es-ES\",\"mainEntityOfPage\":{\"@id\":\"https:\\\/\\\/candas365.es\\\/noticias\\\/base-militar-en-turquia-no-esta-bloqueada-para-soldados\\\/#webpage\"},\"isPartOf\":{\"@id\":\"https:\\\/\\\/candas365.es\\\/noticias\\\/base-militar-en-turquia-no-esta-bloqueada-para-soldados\\\/#webpage\"},\"articleSection\":\"Actualidad\",\"dateline\":\"Publicado el julio 17, 2016.\"},{\"@type\":\"Organization\",\"@id\":\"https:\\\/\\\/candas365.es\\\/noticias\\\/#organization\",\"name\":\"Cand\\u00e1s 365\",\"description\":\"Cand\\u00e1s 365 es un diario digital independiente, fundado en 2012, con base en Asturias. Informamos con rigor sobre actualidad, sociedad, cultura y ocio, con una mirada local y global.\",\"url\":\"https:\\\/\\\/candas365.es\\\/noticias\\\/\",\"email\":\"info@candas365.es\",\"telephone\":\"+34652131393\",\"foundingDate\":\"2012-06-10\",\"logo\":{\"@type\":\"ImageObject\",\"url\":\"https:\\\/\\\/candas365.es\\\/noticias\\\/wp-content\\\/uploads\\\/2024\\\/09\\\/Candas-365-Redes.jpg\",\"@id\":\"https:\\\/\\\/candas365.es\\\/noticias\\\/base-militar-en-turquia-no-esta-bloqueada-para-soldados\\\/#organizationLogo\",\"width\":1152,\"height\":864,\"caption\":\"Cand\\u00e1s 365 Redes\"},\"image\":{\"@id\":\"https:\\\/\\\/candas365.es\\\/noticias\\\/base-militar-en-turquia-no-esta-bloqueada-para-soldados\\\/#organizationLogo\"},\"sameAs\":[\"https:\\\/\\\/www.facebook.com\\\/Nachofdezber\",\"https:\\\/\\\/x.com\\\/NabercoDigital\",\"https:\\\/\\\/www.instagram.com\\\/nachofdezber\\\/\",\"https:\\\/\\\/www.youtube.com\\\/channel\\\/UCZP-2wLEB9Rv6erhFmqVnvg\"],\"address\":{\"@id\":\"https:\\\/\\\/candas365.es\\\/noticias\\\/#postaladdress\",\"@type\":\"PostalAddress\",\"streetAddress\":\"san antonio 4, san antonio 4\",\"postalCode\":\"33430\",\"addressLocality\":\"Cand\\u00e1s\",\"addressRegion\":\"Asturias\",\"addressCountry\":\"ES\"}},{\"@type\":\"Person\",\"@id\":\"https:\\\/\\\/candas365.es\\\/noticias\\\/author\\\/admin\\\/#author\",\"url\":\"https:\\\/\\\/candas365.es\\\/noticias\\\/author\\\/admin\\\/\",\"name\":\"Cand\\u00e1s 365\",\"image\":{\"@type\":\"ImageObject\",\"@id\":\"https:\\\/\\\/candas365.es\\\/noticias\\\/base-militar-en-turquia-no-esta-bloqueada-para-soldados\\\/#authorImage\",\"url\":\"https:\\\/\\\/secure.gravatar.com\\\/avatar\\\/496a8e03d0c493ede1718b7934145dbdf8d89be1036b0eec9544e1094c9de390?s=96&d=mm&r=g\",\"width\":96,\"height\":96,\"caption\":\"Cand\\u00e1s 365\"},\"sameAs\":[\"https:\\\/\\\/www.facebook.com\\\/carrenoactualidad\",\"https:\\\/\\\/twitter.com\\\/nbasturias\",\"https:\\\/\\\/www.instagram.com\\\/nachofdezber\\\/\",\"https:\\\/\\\/www.youtube.com\\\/channel\\\/UCZP-2wLEB9Rv6erhFmqVnvg\"]},{\"@type\":\"WebPage\",\"@id\":\"https:\\\/\\\/candas365.es\\\/noticias\\\/base-militar-en-turquia-no-esta-bloqueada-para-soldados\\\/#webpage\",\"url\":\"https:\\\/\\\/candas365.es\\\/noticias\\\/base-militar-en-turquia-no-esta-bloqueada-para-soldados\\\/\",\"name\":\"Base militar en Turqu\\u00eda no est\\u00e1 bloqueada para soldados | Cand\\u00e1s 365\",\"description\":\"Berl\\u00edn\\\/Estambul, 17 jul (dpa) - El intento de golpe de Estado perpetrado en Turqu\\u00eda no tiene consecuencias para los soldados extranjeros desplegados en la base militar turca de Incirlik, dijo ayer un portavoz del comando de operaciones del Ej\\u00e9rcito alem\\u00e1n en declaraciones a dpa. El vocero rechaz\\u00f3 as\\u00ed la informaci\\u00f3n proveniente de Estados Unidos que\",\"inLanguage\":\"es-ES\",\"isPartOf\":{\"@id\":\"https:\\\/\\\/candas365.es\\\/noticias\\\/#website\"},\"breadcrumb\":{\"@id\":\"https:\\\/\\\/candas365.es\\\/noticias\\\/base-militar-en-turquia-no-esta-bloqueada-para-soldados\\\/#breadcrumblist\"},\"author\":{\"@id\":\"https:\\\/\\\/candas365.es\\\/noticias\\\/author\\\/admin\\\/#author\"},\"creator\":{\"@id\":\"https:\\\/\\\/candas365.es\\\/noticias\\\/author\\\/admin\\\/#author\"},\"image\":{\"@type\":\"ImageObject\",\"url\":\"https:\\\/\\\/candas365.es\\\/noticias\\\/wp-content\\\/uploads\\\/2015\\\/09\\\/c365noticias.jpg\",\"@id\":\"https:\\\/\\\/candas365.es\\\/noticias\\\/base-militar-en-turquia-no-esta-bloqueada-para-soldados\\\/#mainImage\",\"width\":655,\"height\":360},\"primaryImageOfPage\":{\"@id\":\"https:\\\/\\\/candas365.es\\\/noticias\\\/base-militar-en-turquia-no-esta-bloqueada-para-soldados\\\/#mainImage\"},\"datePublished\":\"2016-07-17T21:27:59+02:00\",\"dateModified\":\"2016-07-17T21:27:59+02:00\"},{\"@type\":\"WebSite\",\"@id\":\"https:\\\/\\\/candas365.es\\\/noticias\\\/#website\",\"url\":\"https:\\\/\\\/candas365.es\\\/noticias\\\/\",\"name\":\"Cand\\u00e1s 365\",\"alternateName\":\"Cand\\u00e1s 365 Noticias\",\"description\":\"Actualidad desde Carre\\u00f1o para el mundo\",\"inLanguage\":\"es-ES\",\"publisher\":{\"@id\":\"https:\\\/\\\/candas365.es\\\/noticias\\\/#organization\"}}]}\n\t\t<\/script>\n\t\t<!-- All in One SEO Pro -->\r\n\t\t<title>Base militar en Turqu\u00eda no est\u00e1 bloqueada para soldados | Cand\u00e1s 365<\/title>\n\n","aioseo_head_json":{"title":"Base militar en Turqu\u00eda no est\u00e1 bloqueada para soldados | Cand\u00e1s 365","description":"Berl\u00edn\/Estambul, 17 jul (dpa) - El intento de golpe de Estado perpetrado en Turqu\u00eda no tiene consecuencias para los soldados extranjeros desplegados en la base militar turca de Incirlik, dijo ayer un portavoz del comando de operaciones del Ej\u00e9rcito alem\u00e1n en declaraciones a dpa. El vocero rechaz\u00f3 as\u00ed la informaci\u00f3n proveniente de Estados Unidos que","canonical_url":"https:\/\/candas365.es\/noticias\/base-militar-en-turquia-no-esta-bloqueada-para-soldados\/","robots":"max-image-preview:large","keywords":"actualidad","webmasterTools":{"google-site-verification":"UA-32230408-1","msvalidate.01":"354F3CDFB2DA171B47FBE9ABF1F88D5","miscellaneous":""},"schema":{"@context":"https:\/\/schema.org","@graph":[{"@type":"BreadcrumbList","@id":"https:\/\/candas365.es\/noticias\/base-militar-en-turquia-no-esta-bloqueada-para-soldados\/#breadcrumblist","itemListElement":[{"@type":"ListItem","@id":"https:\/\/candas365.es\/noticias#listItem","position":1,"name":"Home","item":"https:\/\/candas365.es\/noticias","nextItem":{"@type":"ListItem","@id":"https:\/\/candas365.es\/noticias\/category\/actualidad\/#listItem","name":"Actualidad"}},{"@type":"ListItem","@id":"https:\/\/candas365.es\/noticias\/category\/actualidad\/#listItem","position":2,"name":"Actualidad","item":"https:\/\/candas365.es\/noticias\/category\/actualidad\/","nextItem":{"@type":"ListItem","@id":"https:\/\/candas365.es\/noticias\/base-militar-en-turquia-no-esta-bloqueada-para-soldados\/#listItem","name":"Base militar en Turqu\u00eda no est\u00e1 bloqueada para soldados"},"previousItem":{"@type":"ListItem","@id":"https:\/\/candas365.es\/noticias#listItem","name":"Home"}},{"@type":"ListItem","@id":"https:\/\/candas365.es\/noticias\/base-militar-en-turquia-no-esta-bloqueada-para-soldados\/#listItem","position":3,"name":"Base militar en Turqu\u00eda no est\u00e1 bloqueada para soldados","previousItem":{"@type":"ListItem","@id":"https:\/\/candas365.es\/noticias\/category\/actualidad\/#listItem","name":"Actualidad"}}]},{"@type":"NewsArticle","@id":"https:\/\/candas365.es\/noticias\/base-militar-en-turquia-no-esta-bloqueada-para-soldados\/#newsarticle","name":"Base militar en Turqu\u00eda no est\u00e1 bloqueada para soldados | Cand\u00e1s 365","headline":"Base militar en Turqu\u00eda no est\u00e1 bloqueada para soldados","author":{"@id":"https:\/\/candas365.es\/noticias\/author\/admin\/#author"},"publisher":{"@id":"https:\/\/candas365.es\/noticias\/#organization"},"image":{"@type":"ImageObject","url":"https:\/\/candas365.es\/noticias\/wp-content\/uploads\/2015\/09\/c365noticias.jpg","width":655,"height":360},"datePublished":"2016-07-17T21:27:59+02:00","dateModified":"2016-07-17T21:27:59+02:00","inLanguage":"es-ES","mainEntityOfPage":{"@id":"https:\/\/candas365.es\/noticias\/base-militar-en-turquia-no-esta-bloqueada-para-soldados\/#webpage"},"isPartOf":{"@id":"https:\/\/candas365.es\/noticias\/base-militar-en-turquia-no-esta-bloqueada-para-soldados\/#webpage"},"articleSection":"Actualidad","dateline":"Publicado el julio 17, 2016."},{"@type":"Organization","@id":"https:\/\/candas365.es\/noticias\/#organization","name":"Cand\u00e1s 365","description":"Cand\u00e1s 365 es un diario digital independiente, fundado en 2012, con base en Asturias. Informamos con rigor sobre actualidad, sociedad, cultura y ocio, con una mirada local y global.","url":"https:\/\/candas365.es\/noticias\/","email":"info@candas365.es","telephone":"+34652131393","foundingDate":"2012-06-10","logo":{"@type":"ImageObject","url":"https:\/\/candas365.es\/noticias\/wp-content\/uploads\/2024\/09\/Candas-365-Redes.jpg","@id":"https:\/\/candas365.es\/noticias\/base-militar-en-turquia-no-esta-bloqueada-para-soldados\/#organizationLogo","width":1152,"height":864,"caption":"Cand\u00e1s 365 Redes"},"image":{"@id":"https:\/\/candas365.es\/noticias\/base-militar-en-turquia-no-esta-bloqueada-para-soldados\/#organizationLogo"},"sameAs":["https:\/\/www.facebook.com\/Nachofdezber","https:\/\/x.com\/NabercoDigital","https:\/\/www.instagram.com\/nachofdezber\/","https:\/\/www.youtube.com\/channel\/UCZP-2wLEB9Rv6erhFmqVnvg"],"address":{"@id":"https:\/\/candas365.es\/noticias\/#postaladdress","@type":"PostalAddress","streetAddress":"san antonio 4, san antonio 4","postalCode":"33430","addressLocality":"Cand\u00e1s","addressRegion":"Asturias","addressCountry":"ES"}},{"@type":"Person","@id":"https:\/\/candas365.es\/noticias\/author\/admin\/#author","url":"https:\/\/candas365.es\/noticias\/author\/admin\/","name":"Cand\u00e1s 365","image":{"@type":"ImageObject","@id":"https:\/\/candas365.es\/noticias\/base-militar-en-turquia-no-esta-bloqueada-para-soldados\/#authorImage","url":"https:\/\/secure.gravatar.com\/avatar\/496a8e03d0c493ede1718b7934145dbdf8d89be1036b0eec9544e1094c9de390?s=96&d=mm&r=g","width":96,"height":96,"caption":"Cand\u00e1s 365"},"sameAs":["https:\/\/www.facebook.com\/carrenoactualidad","https:\/\/twitter.com\/nbasturias","https:\/\/www.instagram.com\/nachofdezber\/","https:\/\/www.youtube.com\/channel\/UCZP-2wLEB9Rv6erhFmqVnvg"]},{"@type":"WebPage","@id":"https:\/\/candas365.es\/noticias\/base-militar-en-turquia-no-esta-bloqueada-para-soldados\/#webpage","url":"https:\/\/candas365.es\/noticias\/base-militar-en-turquia-no-esta-bloqueada-para-soldados\/","name":"Base militar en Turqu\u00eda no est\u00e1 bloqueada para soldados | Cand\u00e1s 365","description":"Berl\u00edn\/Estambul, 17 jul (dpa) - El intento de golpe de Estado perpetrado en Turqu\u00eda no tiene consecuencias para los soldados extranjeros desplegados en la base militar turca de Incirlik, dijo ayer un portavoz del comando de operaciones del Ej\u00e9rcito alem\u00e1n en declaraciones a dpa. El vocero rechaz\u00f3 as\u00ed la informaci\u00f3n proveniente de Estados Unidos que","inLanguage":"es-ES","isPartOf":{"@id":"https:\/\/candas365.es\/noticias\/#website"},"breadcrumb":{"@id":"https:\/\/candas365.es\/noticias\/base-militar-en-turquia-no-esta-bloqueada-para-soldados\/#breadcrumblist"},"author":{"@id":"https:\/\/candas365.es\/noticias\/author\/admin\/#author"},"creator":{"@id":"https:\/\/candas365.es\/noticias\/author\/admin\/#author"},"image":{"@type":"ImageObject","url":"https:\/\/candas365.es\/noticias\/wp-content\/uploads\/2015\/09\/c365noticias.jpg","@id":"https:\/\/candas365.es\/noticias\/base-militar-en-turquia-no-esta-bloqueada-para-soldados\/#mainImage","width":655,"height":360},"primaryImageOfPage":{"@id":"https:\/\/candas365.es\/noticias\/base-militar-en-turquia-no-esta-bloqueada-para-soldados\/#mainImage"},"datePublished":"2016-07-17T21:27:59+02:00","dateModified":"2016-07-17T21:27:59+02:00"},{"@type":"WebSite","@id":"https:\/\/candas365.es\/noticias\/#website","url":"https:\/\/candas365.es\/noticias\/","name":"Cand\u00e1s 365","alternateName":"Cand\u00e1s 365 Noticias","description":"Actualidad desde Carre\u00f1o para el mundo","inLanguage":"es-ES","publisher":{"@id":"https:\/\/candas365.es\/noticias\/#organization"}}]},"og:locale":"es_ES","og:site_name":"Cand\u00e1s 365","og:type":"article","og:title":"Base militar en Turqu\u00eda no est\u00e1 bloqueada para soldados | Cand\u00e1s 365","og:description":"Berl\u00edn\/Estambul, 17 jul (dpa) - El intento de golpe de Estado perpetrado en Turqu\u00eda no tiene consecuencias para los soldados extranjeros desplegados en la base militar turca de Incirlik, dijo ayer un portavoz del comando de operaciones del Ej\u00e9rcito alem\u00e1n en declaraciones a dpa. El vocero rechaz\u00f3 as\u00ed la informaci\u00f3n proveniente de Estados Unidos que","og:url":"https:\/\/candas365.es\/noticias\/base-militar-en-turquia-no-esta-bloqueada-para-soldados\/","og:image":"https:\/\/candas365.es\/noticias\/wp-content\/uploads\/2015\/09\/c365noticias.jpg","og:image:secure_url":"https:\/\/candas365.es\/noticias\/wp-content\/uploads\/2015\/09\/c365noticias.jpg","og:image:width":655,"og:image:height":360,"article:published_time":"2016-07-17T19:57:59+00:00","article:modified_time":"2016-07-17T19:57:59+00:00","article:publisher":"https:\/\/www.facebook.com\/Nachofdezber","article:author":"https:\/\/www.facebook.com\/carrenoactualidad","twitter:card":"summary_large_image","twitter:site":"@NabercoDigital","twitter:title":"Base militar en Turqu\u00eda no est\u00e1 bloqueada para soldados | Cand\u00e1s 365","twitter:description":"Berl\u00edn\/Estambul, 17 jul (dpa) - El intento de golpe de Estado perpetrado en Turqu\u00eda no tiene consecuencias para los soldados extranjeros desplegados en la base militar turca de Incirlik, dijo ayer un portavoz del comando de operaciones del Ej\u00e9rcito alem\u00e1n en declaraciones a dpa. El vocero rechaz\u00f3 as\u00ed la informaci\u00f3n proveniente de Estados Unidos que","twitter:creator":"@nbasturias","twitter:image":"https:\/\/candas365.es\/noticias\/wp-content\/uploads\/2015\/09\/c365noticias.jpg","twitter:label1":"Escrito por","twitter:data1":"Cand\u00e1s 365","twitter:label2":"Tiempo de lectura estimado","twitter:data2":"2 minutos"},"aioseo_meta_data":{"post_id":"32220","title":null,"description":null,"keywords":null,"keyphrases":null,"primary_term":null,"canonical_url":null,"og_title":null,"og_description":null,"og_object_type":"default","og_image_type":"default","og_image_url":null,"og_image_width":null,"og_image_height":null,"og_image_custom_url":null,"og_image_custom_fields":null,"og_video":null,"og_custom_url":null,"og_article_section":null,"og_article_tags":null,"twitter_use_og":false,"twitter_card":"default","twitter_image_type":"default","twitter_image_url":null,"twitter_image_custom_url":null,"twitter_image_custom_fields":null,"twitter_title":null,"twitter_description":null,"schema":{"blockGraphs":[],"customGraphs":[],"default":{"data":{"Article":[],"Course":[],"Dataset":[],"FAQPage":[],"Movie":[],"Person":[],"Product":[],"ProductReview":[],"Car":[],"Recipe":[],"Service":[],"SoftwareApplication":[],"WebPage":[]},"graphName":"","isEnabled":true},"graphs":[],"defaultGraph":"","defaultPostTypeGraph":""},"schema_type":null,"schema_type_options":null,"pillar_content":false,"robots_default":true,"robots_noindex":false,"robots_noarchive":false,"robots_nosnippet":false,"robots_nofollow":false,"robots_noimageindex":false,"robots_noodp":false,"robots_notranslate":false,"robots_max_snippet":null,"robots_max_videopreview":null,"robots_max_imagepreview":"large","priority":null,"frequency":null,"location":null,"local_seo":null,"seo_analyzer_scan_date":"2025-08-24 15:03:19","breadcrumb_settings":null,"limit_modified_date":false,"reviewed_by":null,"open_ai":null,"ai":null,"created":"2020-12-21 13:02:56","updated":"2025-08-24 15:03:19"},"aioseo_breadcrumb":"<div class=\"aioseo-breadcrumbs\"><span class=\"aioseo-breadcrumb\">\n\t<a href=\"https:\/\/candas365.es\/noticias\" title=\"Home\">Home<\/a>\n<\/span><span class=\"aioseo-breadcrumb-separator\">&ndash;<\/span><span class=\"aioseo-breadcrumb\">\n\t<a href=\"https:\/\/candas365.es\/noticias\/category\/actualidad\/\" title=\"Actualidad\">Actualidad<\/a>\n<\/span><span class=\"aioseo-breadcrumb-separator\">&ndash;<\/span><span class=\"aioseo-breadcrumb\">\n\tBase militar en Turqu\u00eda no est\u00e1 bloqueada para soldados\n<\/span><\/div>","aioseo_breadcrumb_json":[{"label":"Home","link":"https:\/\/candas365.es\/noticias"},{"label":"Actualidad","link":"https:\/\/candas365.es\/noticias\/category\/actualidad\/"},{"label":"Base militar en Turqu\u00eda no est\u00e1 bloqueada para soldados","link":"https:\/\/candas365.es\/noticias\/base-militar-en-turquia-no-esta-bloqueada-para-soldados\/"}],"_links":{"self":[{"href":"https:\/\/candas365.es\/noticias\/wp-json\/wp\/v2\/posts\/32220","targetHints":{"allow":["GET"]}}],"collection":[{"href":"https:\/\/candas365.es\/noticias\/wp-json\/wp\/v2\/posts"}],"about":[{"href":"https:\/\/candas365.es\/noticias\/wp-json\/wp\/v2\/types\/post"}],"author":[{"embeddable":true,"href":"https:\/\/candas365.es\/noticias\/wp-json\/wp\/v2\/users\/1"}],"replies":[{"embeddable":true,"href":"https:\/\/candas365.es\/noticias\/wp-json\/wp\/v2\/comments?post=32220"}],"version-history":[{"count":0,"href":"https:\/\/candas365.es\/noticias\/wp-json\/wp\/v2\/posts\/32220\/revisions"}],"wp:featuredmedia":[{"embeddable":true,"href":"https:\/\/candas365.es\/noticias\/wp-json\/wp\/v2\/media\/16457"}],"wp:attachment":[{"href":"https:\/\/candas365.es\/noticias\/wp-json\/wp\/v2\/media?parent=32220"}],"wp:term":[{"taxonomy":"category","embeddable":true,"href":"https:\/\/candas365.es\/noticias\/wp-json\/wp\/v2\/categories?post=32220"},{"taxonomy":"post_tag","embeddable":true,"href":"https:\/\/candas365.es\/noticias\/wp-json\/wp\/v2\/tags?post=32220"}],"curies":[{"name":"wp","href":"https:\/\/api.w.org\/{rel}","templated":true}]}}