{"id":32218,"date":"2016-07-17T21:18:42","date_gmt":"2016-07-17T19:48:42","guid":{"rendered":"http:\/\/candas365.es\/noticias\/?p=32218"},"modified":"2016-07-17T21:18:42","modified_gmt":"2016-07-17T19:48:42","slug":"presidente-aleman-alienta-tratado-union-europea-mercosur","status":"publish","type":"post","link":"https:\/\/candas365.es\/noticias\/presidente-aleman-alienta-tratado-union-europea-mercosur\/","title":{"rendered":"Presidente alem\u00e1n alienta tratado Uni\u00f3n Europea-Mercosur"},"content":{"rendered":"<p>Montevideo, 16 jul (dpa) \u2013 El presidente alem\u00e1n, Joachim Gauck, expres\u00f3 hoy en Montevideo su deseo de que la Uni\u00f3n Europea (UE) y el Mercosur acuerden un tratado de libre comercio que, dijo, favorecer\u00eda las relaciones econ\u00f3micas entre Alemania y Uruguay.<\/p>\n<p>\u00abUna conclusi\u00f3n exitosa de las negociaciones sobre un acuerdo comercial entre la UE y el Mercosur favorecer\u00eda por consiguiente tambi\u00e9n el desarrollo de las relaciones econ\u00f3micas entre el Uruguay y Alemania\u00bb, dijo\u00a0en el \u00faltimo d\u00eda de su visita a ese\u00a0pa\u00eds.<\/p>\n<p>Las negociaciones entre el bloque sudamericano -fundado en 1991 por Argentina, Brasil, Paraguay y Uruguay- y la UE comenzaron a fines de la d\u00e9cada de los noventa, pero tuvieron marchas y contramarchas. Con un nuevo empuje, en\u00a0mayo\u00a0pasado las partes procedieron al intercambio de ofertas de liberalizaci\u00f3n comercial.<\/p>\n<p>\u00abAlemania es el principal mercado de la UE para productos uruguayos y el pa\u00eds de Europa del que el Uruguay m\u00e1s importa\u00bb, repas\u00f3 Gauck\u00a0al disertar\u00a0en un almuerzo con empresarios\u00a0con el que se conmemor\u00f3 el cent\u00e9simo aniversario de la fundaci\u00f3n de la C\u00e1mara de Comercio Uruguayo-Alemana.<\/p>\n<p>\u00abNuestros dos pa\u00edses comparten la convicci\u00f3n b\u00e1sica de que el comercio libre, llevado a cabo siguiendo unas normas sensatas y justas, incrementa de forma duradera el bienestar y la calidad de vida\u00bb\u00a0de sus poblaciones, a\u00f1adi\u00f3 Gauck.<\/p>\n<p>\u00abEn Alemania se conocen bien los \u00e9xitos de la econom\u00eda uruguaya. Constituye un hecho alentador que, tambi\u00e9n gracias a diferentes reformas, se haya conseguido durante muchos a\u00f1os que el alto nivel de crecimiento de la econom\u00eda vaya de la mano de la estabilidad y de una mayor participaci\u00f3n en el \u00e9xito econ\u00f3mico\u00bb, dijo luego.<\/p>\n<p>\u00abPor eso abrigo el convencimiento de que el Uruguay encontrar\u00e1 respuestas acertadas a la fase actual de crecimiento d\u00e9bil y de que seguir\u00e1 aumentando el n\u00famero de empresas alemanas que se interesan por el Uruguay\u00bb, se\u00f1al\u00f3.<\/p>\n<p>Gauck lleg\u00f3 a Montevideo el jueves pasado, luego de visitar Chile. En Uruguay mantuvo reuniones con el mandatario del pa\u00eds, el onc\u00f3logo Tabar\u00e9 V\u00e1zquez, y con diversas autoridades y empresarios.<\/p>\n<p>Hoy visit\u00f3 la f\u00e1brica de manufacturas de cuero Bader, de capitales alemanes, y un centro educativo para j\u00f3venes de bajos ingresos que cuenta con apoyo de empresas de ese origen.<\/p>\n<p>Seg\u00fan el presidente alem\u00e1n, \u00abprecisamente para j\u00f3venes con un trasfondo social dif\u00edcil una buena formaci\u00f3n profesional es decisiva para su futuro. La formaci\u00f3n y las oportunidades de ascenso son condiciones fundamentales para que haya una amplia participaci\u00f3n en el \u00e9xito econ\u00f3mico\u00bb.<\/p>\n","protected":false},"excerpt":{"rendered":"<p>Montevideo, 16 jul (dpa) \u2013 El presidente alem\u00e1n, Joachim Gauck, expres\u00f3 hoy en Montevideo su deseo de que la Uni\u00f3n Europea (UE) y el Mercosur acuerden un tratado de libre comercio que, dijo, favorecer\u00eda las relaciones econ\u00f3micas entre Alemania y Uruguay. \u00abUna conclusi\u00f3n exitosa de las negociaciones sobre un acuerdo comercial entre la UE y<\/p>\n","protected":false},"author":1,"featured_media":16457,"comment_status":"closed","ping_status":"closed","sticky":false,"template":"","format":"standard","meta":{"footnotes":""},"categories":[343],"tags":[],"class_list":{"0":"post-32218","1":"post","2":"type-post","3":"status-publish","4":"format-standard","5":"has-post-thumbnail","7":"category-actualidad"},"aioseo_notices":[],"aioseo_head":"\n\t\t<!-- All in One SEO Pro 4.9.6.2 - aioseo.com -->\n\t<meta name=\"description\" content=\"Montevideo, 16 jul (dpa) \u2013 El presidente alem\u00e1n, Joachim Gauck, expres\u00f3 hoy en Montevideo su deseo de que la Uni\u00f3n Europea (UE) y el Mercosur acuerden un tratado de libre comercio que, dijo, favorecer\u00eda las relaciones econ\u00f3micas entre Alemania y Uruguay. &quot;Una conclusi\u00f3n exitosa de las negociaciones sobre un acuerdo comercial entre la UE y\" \/>\n\t<meta name=\"robots\" content=\"max-image-preview:large\" \/>\n\t<meta name=\"author\" content=\"Cand\u00e1s 365\"\/>\n\t<meta name=\"google-site-verification\" content=\"UA-32230408-1\" \/>\n\t<meta name=\"msvalidate.01\" content=\"354F3CDFB2DA171B47FBE9ABF1F88D5\" \/>\n\t<meta name=\"keywords\" content=\"actualidad\" \/>\n\t<link rel=\"canonical\" href=\"https:\/\/candas365.es\/noticias\/presidente-aleman-alienta-tratado-union-europea-mercosur\/\" \/>\n\t<meta name=\"generator\" content=\"All in One SEO Pro (AIOSEO) 4.9.6.2\" \/>\n\t\t<meta property=\"og:locale\" content=\"es_ES\" \/>\n\t\t<meta property=\"og:site_name\" content=\"Cand\u00e1s 365\" \/>\n\t\t<meta property=\"og:type\" content=\"article\" \/>\n\t\t<meta property=\"og:title\" content=\"Presidente alem\u00e1n alienta tratado Uni\u00f3n Europea-Mercosur | Cand\u00e1s 365\" \/>\n\t\t<meta property=\"og:description\" content=\"Montevideo, 16 jul (dpa) \u2013 El presidente alem\u00e1n, Joachim Gauck, expres\u00f3 hoy en Montevideo su deseo de que la Uni\u00f3n Europea (UE) y el Mercosur acuerden un tratado de libre comercio que, dijo, favorecer\u00eda las relaciones econ\u00f3micas entre Alemania y Uruguay. &quot;Una conclusi\u00f3n exitosa de las negociaciones sobre un acuerdo comercial entre la UE y\" \/>\n\t\t<meta property=\"og:url\" content=\"https:\/\/candas365.es\/noticias\/presidente-aleman-alienta-tratado-union-europea-mercosur\/\" \/>\n\t\t<meta property=\"og:image\" content=\"https:\/\/candas365.es\/noticias\/wp-content\/uploads\/2015\/09\/c365noticias.jpg\" \/>\n\t\t<meta property=\"og:image:secure_url\" content=\"https:\/\/candas365.es\/noticias\/wp-content\/uploads\/2015\/09\/c365noticias.jpg\" \/>\n\t\t<meta property=\"og:image:width\" content=\"655\" \/>\n\t\t<meta property=\"og:image:height\" content=\"360\" \/>\n\t\t<meta property=\"article:published_time\" content=\"2016-07-17T19:48:42+00:00\" \/>\n\t\t<meta property=\"article:modified_time\" content=\"2016-07-17T19:48:42+00:00\" \/>\n\t\t<meta property=\"article:publisher\" content=\"https:\/\/www.facebook.com\/Nachofdezber\" \/>\n\t\t<meta property=\"article:author\" content=\"https:\/\/www.facebook.com\/carrenoactualidad\" \/>\n\t\t<meta name=\"twitter:card\" content=\"summary_large_image\" \/>\n\t\t<meta name=\"twitter:site\" content=\"@NabercoDigital\" \/>\n\t\t<meta name=\"twitter:title\" content=\"Presidente alem\u00e1n alienta tratado Uni\u00f3n Europea-Mercosur | Cand\u00e1s 365\" \/>\n\t\t<meta name=\"twitter:description\" content=\"Montevideo, 16 jul (dpa) \u2013 El presidente alem\u00e1n, Joachim Gauck, expres\u00f3 hoy en Montevideo su deseo de que la Uni\u00f3n Europea (UE) y el Mercosur acuerden un tratado de libre comercio que, dijo, favorecer\u00eda las relaciones econ\u00f3micas entre Alemania y Uruguay. &quot;Una conclusi\u00f3n exitosa de las negociaciones sobre un acuerdo comercial entre la UE y\" \/>\n\t\t<meta name=\"twitter:creator\" content=\"@nbasturias\" \/>\n\t\t<meta name=\"twitter:image\" content=\"https:\/\/candas365.es\/noticias\/wp-content\/uploads\/2015\/09\/c365noticias.jpg\" \/>\n\t\t<meta name=\"twitter:label1\" content=\"Escrito por\" \/>\n\t\t<meta name=\"twitter:data1\" content=\"Cand\u00e1s 365\" \/>\n\t\t<meta name=\"twitter:label2\" content=\"Tiempo de lectura estimado\" \/>\n\t\t<meta name=\"twitter:data2\" content=\"2 minutos\" \/>\n\t\t<script type=\"application\/ld+json\" class=\"aioseo-schema\">\n\t\t\t{\"@context\":\"https:\\\/\\\/schema.org\",\"@graph\":[{\"@type\":\"BreadcrumbList\",\"@id\":\"https:\\\/\\\/candas365.es\\\/noticias\\\/presidente-aleman-alienta-tratado-union-europea-mercosur\\\/#breadcrumblist\",\"itemListElement\":[{\"@type\":\"ListItem\",\"@id\":\"https:\\\/\\\/candas365.es\\\/noticias#listItem\",\"position\":1,\"name\":\"Home\",\"item\":\"https:\\\/\\\/candas365.es\\\/noticias\",\"nextItem\":{\"@type\":\"ListItem\",\"@id\":\"https:\\\/\\\/candas365.es\\\/noticias\\\/category\\\/actualidad\\\/#listItem\",\"name\":\"Actualidad\"}},{\"@type\":\"ListItem\",\"@id\":\"https:\\\/\\\/candas365.es\\\/noticias\\\/category\\\/actualidad\\\/#listItem\",\"position\":2,\"name\":\"Actualidad\",\"item\":\"https:\\\/\\\/candas365.es\\\/noticias\\\/category\\\/actualidad\\\/\",\"nextItem\":{\"@type\":\"ListItem\",\"@id\":\"https:\\\/\\\/candas365.es\\\/noticias\\\/presidente-aleman-alienta-tratado-union-europea-mercosur\\\/#listItem\",\"name\":\"Presidente alem\\u00e1n alienta tratado Uni\\u00f3n Europea-Mercosur\"},\"previousItem\":{\"@type\":\"ListItem\",\"@id\":\"https:\\\/\\\/candas365.es\\\/noticias#listItem\",\"name\":\"Home\"}},{\"@type\":\"ListItem\",\"@id\":\"https:\\\/\\\/candas365.es\\\/noticias\\\/presidente-aleman-alienta-tratado-union-europea-mercosur\\\/#listItem\",\"position\":3,\"name\":\"Presidente alem\\u00e1n alienta tratado Uni\\u00f3n Europea-Mercosur\",\"previousItem\":{\"@type\":\"ListItem\",\"@id\":\"https:\\\/\\\/candas365.es\\\/noticias\\\/category\\\/actualidad\\\/#listItem\",\"name\":\"Actualidad\"}}]},{\"@type\":\"NewsArticle\",\"@id\":\"https:\\\/\\\/candas365.es\\\/noticias\\\/presidente-aleman-alienta-tratado-union-europea-mercosur\\\/#newsarticle\",\"name\":\"Presidente alem\\u00e1n alienta tratado Uni\\u00f3n Europea-Mercosur | Cand\\u00e1s 365\",\"headline\":\"Presidente alem\\u00e1n alienta tratado Uni\\u00f3n Europea-Mercosur\",\"author\":{\"@id\":\"https:\\\/\\\/candas365.es\\\/noticias\\\/author\\\/admin\\\/#author\"},\"publisher\":{\"@id\":\"https:\\\/\\\/candas365.es\\\/noticias\\\/#organization\"},\"image\":{\"@type\":\"ImageObject\",\"url\":\"https:\\\/\\\/candas365.es\\\/noticias\\\/wp-content\\\/uploads\\\/2015\\\/09\\\/c365noticias.jpg\",\"width\":655,\"height\":360},\"datePublished\":\"2016-07-17T21:18:42+02:00\",\"dateModified\":\"2016-07-17T21:18:42+02:00\",\"inLanguage\":\"es-ES\",\"mainEntityOfPage\":{\"@id\":\"https:\\\/\\\/candas365.es\\\/noticias\\\/presidente-aleman-alienta-tratado-union-europea-mercosur\\\/#webpage\"},\"isPartOf\":{\"@id\":\"https:\\\/\\\/candas365.es\\\/noticias\\\/presidente-aleman-alienta-tratado-union-europea-mercosur\\\/#webpage\"},\"articleSection\":\"Actualidad\",\"dateline\":\"Publicado el julio 17, 2016.\"},{\"@type\":\"Organization\",\"@id\":\"https:\\\/\\\/candas365.es\\\/noticias\\\/#organization\",\"name\":\"Cand\\u00e1s 365\",\"description\":\"Cand\\u00e1s 365 es un diario digital independiente, fundado en 2012, con base en Asturias. Informamos con rigor sobre actualidad, sociedad, cultura y ocio, con una mirada local y global.\",\"url\":\"https:\\\/\\\/candas365.es\\\/noticias\\\/\",\"email\":\"info@candas365.es\",\"telephone\":\"+34652131393\",\"foundingDate\":\"2012-06-10\",\"logo\":{\"@type\":\"ImageObject\",\"url\":\"https:\\\/\\\/candas365.es\\\/noticias\\\/wp-content\\\/uploads\\\/2024\\\/09\\\/Candas-365-Redes.jpg\",\"@id\":\"https:\\\/\\\/candas365.es\\\/noticias\\\/presidente-aleman-alienta-tratado-union-europea-mercosur\\\/#organizationLogo\",\"width\":1152,\"height\":864,\"caption\":\"Cand\\u00e1s 365 Redes\"},\"image\":{\"@id\":\"https:\\\/\\\/candas365.es\\\/noticias\\\/presidente-aleman-alienta-tratado-union-europea-mercosur\\\/#organizationLogo\"},\"sameAs\":[\"https:\\\/\\\/www.facebook.com\\\/Nachofdezber\",\"https:\\\/\\\/x.com\\\/NabercoDigital\",\"https:\\\/\\\/www.instagram.com\\\/nachofdezber\\\/\",\"https:\\\/\\\/www.youtube.com\\\/channel\\\/UCZP-2wLEB9Rv6erhFmqVnvg\"],\"address\":{\"@id\":\"https:\\\/\\\/candas365.es\\\/noticias\\\/#postaladdress\",\"@type\":\"PostalAddress\",\"streetAddress\":\"san antonio 4, san antonio 4\",\"postalCode\":\"33430\",\"addressLocality\":\"Cand\\u00e1s\",\"addressRegion\":\"Asturias\",\"addressCountry\":\"ES\"}},{\"@type\":\"Person\",\"@id\":\"https:\\\/\\\/candas365.es\\\/noticias\\\/author\\\/admin\\\/#author\",\"url\":\"https:\\\/\\\/candas365.es\\\/noticias\\\/author\\\/admin\\\/\",\"name\":\"Cand\\u00e1s 365\",\"image\":{\"@type\":\"ImageObject\",\"@id\":\"https:\\\/\\\/candas365.es\\\/noticias\\\/presidente-aleman-alienta-tratado-union-europea-mercosur\\\/#authorImage\",\"url\":\"https:\\\/\\\/secure.gravatar.com\\\/avatar\\\/496a8e03d0c493ede1718b7934145dbdf8d89be1036b0eec9544e1094c9de390?s=96&d=mm&r=g\",\"width\":96,\"height\":96,\"caption\":\"Cand\\u00e1s 365\"},\"sameAs\":[\"https:\\\/\\\/www.facebook.com\\\/carrenoactualidad\",\"https:\\\/\\\/twitter.com\\\/nbasturias\",\"https:\\\/\\\/www.instagram.com\\\/nachofdezber\\\/\",\"https:\\\/\\\/www.youtube.com\\\/channel\\\/UCZP-2wLEB9Rv6erhFmqVnvg\"]},{\"@type\":\"WebPage\",\"@id\":\"https:\\\/\\\/candas365.es\\\/noticias\\\/presidente-aleman-alienta-tratado-union-europea-mercosur\\\/#webpage\",\"url\":\"https:\\\/\\\/candas365.es\\\/noticias\\\/presidente-aleman-alienta-tratado-union-europea-mercosur\\\/\",\"name\":\"Presidente alem\\u00e1n alienta tratado Uni\\u00f3n Europea-Mercosur | Cand\\u00e1s 365\",\"description\":\"Montevideo, 16 jul (dpa) \\u2013 El presidente alem\\u00e1n, Joachim Gauck, expres\\u00f3 hoy en Montevideo su deseo de que la Uni\\u00f3n Europea (UE) y el Mercosur acuerden un tratado de libre comercio que, dijo, favorecer\\u00eda las relaciones econ\\u00f3micas entre Alemania y Uruguay. \\\"Una conclusi\\u00f3n exitosa de las negociaciones sobre un acuerdo comercial entre la UE y\",\"inLanguage\":\"es-ES\",\"isPartOf\":{\"@id\":\"https:\\\/\\\/candas365.es\\\/noticias\\\/#website\"},\"breadcrumb\":{\"@id\":\"https:\\\/\\\/candas365.es\\\/noticias\\\/presidente-aleman-alienta-tratado-union-europea-mercosur\\\/#breadcrumblist\"},\"author\":{\"@id\":\"https:\\\/\\\/candas365.es\\\/noticias\\\/author\\\/admin\\\/#author\"},\"creator\":{\"@id\":\"https:\\\/\\\/candas365.es\\\/noticias\\\/author\\\/admin\\\/#author\"},\"image\":{\"@type\":\"ImageObject\",\"url\":\"https:\\\/\\\/candas365.es\\\/noticias\\\/wp-content\\\/uploads\\\/2015\\\/09\\\/c365noticias.jpg\",\"@id\":\"https:\\\/\\\/candas365.es\\\/noticias\\\/presidente-aleman-alienta-tratado-union-europea-mercosur\\\/#mainImage\",\"width\":655,\"height\":360},\"primaryImageOfPage\":{\"@id\":\"https:\\\/\\\/candas365.es\\\/noticias\\\/presidente-aleman-alienta-tratado-union-europea-mercosur\\\/#mainImage\"},\"datePublished\":\"2016-07-17T21:18:42+02:00\",\"dateModified\":\"2016-07-17T21:18:42+02:00\"},{\"@type\":\"WebSite\",\"@id\":\"https:\\\/\\\/candas365.es\\\/noticias\\\/#website\",\"url\":\"https:\\\/\\\/candas365.es\\\/noticias\\\/\",\"name\":\"Cand\\u00e1s 365\",\"alternateName\":\"Cand\\u00e1s 365 Noticias\",\"description\":\"Actualidad desde Carre\\u00f1o para el mundo\",\"inLanguage\":\"es-ES\",\"publisher\":{\"@id\":\"https:\\\/\\\/candas365.es\\\/noticias\\\/#organization\"}}]}\n\t\t<\/script>\n\t\t<!-- All in One SEO Pro -->\r\n\t\t<title>Presidente alem\u00e1n alienta tratado Uni\u00f3n Europea-Mercosur | Cand\u00e1s 365<\/title>\n\n","aioseo_head_json":{"title":"Presidente alem\u00e1n alienta tratado Uni\u00f3n Europea-Mercosur | Cand\u00e1s 365","description":"Montevideo, 16 jul (dpa) \u2013 El presidente alem\u00e1n, Joachim Gauck, expres\u00f3 hoy en Montevideo su deseo de que la Uni\u00f3n Europea (UE) y el Mercosur acuerden un tratado de libre comercio que, dijo, favorecer\u00eda las relaciones econ\u00f3micas entre Alemania y Uruguay. \"Una conclusi\u00f3n exitosa de las negociaciones sobre un acuerdo comercial entre la UE y","canonical_url":"https:\/\/candas365.es\/noticias\/presidente-aleman-alienta-tratado-union-europea-mercosur\/","robots":"max-image-preview:large","keywords":"actualidad","webmasterTools":{"google-site-verification":"UA-32230408-1","msvalidate.01":"354F3CDFB2DA171B47FBE9ABF1F88D5","miscellaneous":""},"schema":{"@context":"https:\/\/schema.org","@graph":[{"@type":"BreadcrumbList","@id":"https:\/\/candas365.es\/noticias\/presidente-aleman-alienta-tratado-union-europea-mercosur\/#breadcrumblist","itemListElement":[{"@type":"ListItem","@id":"https:\/\/candas365.es\/noticias#listItem","position":1,"name":"Home","item":"https:\/\/candas365.es\/noticias","nextItem":{"@type":"ListItem","@id":"https:\/\/candas365.es\/noticias\/category\/actualidad\/#listItem","name":"Actualidad"}},{"@type":"ListItem","@id":"https:\/\/candas365.es\/noticias\/category\/actualidad\/#listItem","position":2,"name":"Actualidad","item":"https:\/\/candas365.es\/noticias\/category\/actualidad\/","nextItem":{"@type":"ListItem","@id":"https:\/\/candas365.es\/noticias\/presidente-aleman-alienta-tratado-union-europea-mercosur\/#listItem","name":"Presidente alem\u00e1n alienta tratado Uni\u00f3n Europea-Mercosur"},"previousItem":{"@type":"ListItem","@id":"https:\/\/candas365.es\/noticias#listItem","name":"Home"}},{"@type":"ListItem","@id":"https:\/\/candas365.es\/noticias\/presidente-aleman-alienta-tratado-union-europea-mercosur\/#listItem","position":3,"name":"Presidente alem\u00e1n alienta tratado Uni\u00f3n Europea-Mercosur","previousItem":{"@type":"ListItem","@id":"https:\/\/candas365.es\/noticias\/category\/actualidad\/#listItem","name":"Actualidad"}}]},{"@type":"NewsArticle","@id":"https:\/\/candas365.es\/noticias\/presidente-aleman-alienta-tratado-union-europea-mercosur\/#newsarticle","name":"Presidente alem\u00e1n alienta tratado Uni\u00f3n Europea-Mercosur | Cand\u00e1s 365","headline":"Presidente alem\u00e1n alienta tratado Uni\u00f3n Europea-Mercosur","author":{"@id":"https:\/\/candas365.es\/noticias\/author\/admin\/#author"},"publisher":{"@id":"https:\/\/candas365.es\/noticias\/#organization"},"image":{"@type":"ImageObject","url":"https:\/\/candas365.es\/noticias\/wp-content\/uploads\/2015\/09\/c365noticias.jpg","width":655,"height":360},"datePublished":"2016-07-17T21:18:42+02:00","dateModified":"2016-07-17T21:18:42+02:00","inLanguage":"es-ES","mainEntityOfPage":{"@id":"https:\/\/candas365.es\/noticias\/presidente-aleman-alienta-tratado-union-europea-mercosur\/#webpage"},"isPartOf":{"@id":"https:\/\/candas365.es\/noticias\/presidente-aleman-alienta-tratado-union-europea-mercosur\/#webpage"},"articleSection":"Actualidad","dateline":"Publicado el julio 17, 2016."},{"@type":"Organization","@id":"https:\/\/candas365.es\/noticias\/#organization","name":"Cand\u00e1s 365","description":"Cand\u00e1s 365 es un diario digital independiente, fundado en 2012, con base en Asturias. Informamos con rigor sobre actualidad, sociedad, cultura y ocio, con una mirada local y global.","url":"https:\/\/candas365.es\/noticias\/","email":"info@candas365.es","telephone":"+34652131393","foundingDate":"2012-06-10","logo":{"@type":"ImageObject","url":"https:\/\/candas365.es\/noticias\/wp-content\/uploads\/2024\/09\/Candas-365-Redes.jpg","@id":"https:\/\/candas365.es\/noticias\/presidente-aleman-alienta-tratado-union-europea-mercosur\/#organizationLogo","width":1152,"height":864,"caption":"Cand\u00e1s 365 Redes"},"image":{"@id":"https:\/\/candas365.es\/noticias\/presidente-aleman-alienta-tratado-union-europea-mercosur\/#organizationLogo"},"sameAs":["https:\/\/www.facebook.com\/Nachofdezber","https:\/\/x.com\/NabercoDigital","https:\/\/www.instagram.com\/nachofdezber\/","https:\/\/www.youtube.com\/channel\/UCZP-2wLEB9Rv6erhFmqVnvg"],"address":{"@id":"https:\/\/candas365.es\/noticias\/#postaladdress","@type":"PostalAddress","streetAddress":"san antonio 4, san antonio 4","postalCode":"33430","addressLocality":"Cand\u00e1s","addressRegion":"Asturias","addressCountry":"ES"}},{"@type":"Person","@id":"https:\/\/candas365.es\/noticias\/author\/admin\/#author","url":"https:\/\/candas365.es\/noticias\/author\/admin\/","name":"Cand\u00e1s 365","image":{"@type":"ImageObject","@id":"https:\/\/candas365.es\/noticias\/presidente-aleman-alienta-tratado-union-europea-mercosur\/#authorImage","url":"https:\/\/secure.gravatar.com\/avatar\/496a8e03d0c493ede1718b7934145dbdf8d89be1036b0eec9544e1094c9de390?s=96&d=mm&r=g","width":96,"height":96,"caption":"Cand\u00e1s 365"},"sameAs":["https:\/\/www.facebook.com\/carrenoactualidad","https:\/\/twitter.com\/nbasturias","https:\/\/www.instagram.com\/nachofdezber\/","https:\/\/www.youtube.com\/channel\/UCZP-2wLEB9Rv6erhFmqVnvg"]},{"@type":"WebPage","@id":"https:\/\/candas365.es\/noticias\/presidente-aleman-alienta-tratado-union-europea-mercosur\/#webpage","url":"https:\/\/candas365.es\/noticias\/presidente-aleman-alienta-tratado-union-europea-mercosur\/","name":"Presidente alem\u00e1n alienta tratado Uni\u00f3n Europea-Mercosur | Cand\u00e1s 365","description":"Montevideo, 16 jul (dpa) \u2013 El presidente alem\u00e1n, Joachim Gauck, expres\u00f3 hoy en Montevideo su deseo de que la Uni\u00f3n Europea (UE) y el Mercosur acuerden un tratado de libre comercio que, dijo, favorecer\u00eda las relaciones econ\u00f3micas entre Alemania y Uruguay. \"Una conclusi\u00f3n exitosa de las negociaciones sobre un acuerdo comercial entre la UE y","inLanguage":"es-ES","isPartOf":{"@id":"https:\/\/candas365.es\/noticias\/#website"},"breadcrumb":{"@id":"https:\/\/candas365.es\/noticias\/presidente-aleman-alienta-tratado-union-europea-mercosur\/#breadcrumblist"},"author":{"@id":"https:\/\/candas365.es\/noticias\/author\/admin\/#author"},"creator":{"@id":"https:\/\/candas365.es\/noticias\/author\/admin\/#author"},"image":{"@type":"ImageObject","url":"https:\/\/candas365.es\/noticias\/wp-content\/uploads\/2015\/09\/c365noticias.jpg","@id":"https:\/\/candas365.es\/noticias\/presidente-aleman-alienta-tratado-union-europea-mercosur\/#mainImage","width":655,"height":360},"primaryImageOfPage":{"@id":"https:\/\/candas365.es\/noticias\/presidente-aleman-alienta-tratado-union-europea-mercosur\/#mainImage"},"datePublished":"2016-07-17T21:18:42+02:00","dateModified":"2016-07-17T21:18:42+02:00"},{"@type":"WebSite","@id":"https:\/\/candas365.es\/noticias\/#website","url":"https:\/\/candas365.es\/noticias\/","name":"Cand\u00e1s 365","alternateName":"Cand\u00e1s 365 Noticias","description":"Actualidad desde Carre\u00f1o para el mundo","inLanguage":"es-ES","publisher":{"@id":"https:\/\/candas365.es\/noticias\/#organization"}}]},"og:locale":"es_ES","og:site_name":"Cand\u00e1s 365","og:type":"article","og:title":"Presidente alem\u00e1n alienta tratado Uni\u00f3n Europea-Mercosur | Cand\u00e1s 365","og:description":"Montevideo, 16 jul (dpa) \u2013 El presidente alem\u00e1n, Joachim Gauck, expres\u00f3 hoy en Montevideo su deseo de que la Uni\u00f3n Europea (UE) y el Mercosur acuerden un tratado de libre comercio que, dijo, favorecer\u00eda las relaciones econ\u00f3micas entre Alemania y Uruguay. &quot;Una conclusi\u00f3n exitosa de las negociaciones sobre un acuerdo comercial entre la UE y","og:url":"https:\/\/candas365.es\/noticias\/presidente-aleman-alienta-tratado-union-europea-mercosur\/","og:image":"https:\/\/candas365.es\/noticias\/wp-content\/uploads\/2015\/09\/c365noticias.jpg","og:image:secure_url":"https:\/\/candas365.es\/noticias\/wp-content\/uploads\/2015\/09\/c365noticias.jpg","og:image:width":655,"og:image:height":360,"article:published_time":"2016-07-17T19:48:42+00:00","article:modified_time":"2016-07-17T19:48:42+00:00","article:publisher":"https:\/\/www.facebook.com\/Nachofdezber","article:author":"https:\/\/www.facebook.com\/carrenoactualidad","twitter:card":"summary_large_image","twitter:site":"@NabercoDigital","twitter:title":"Presidente alem\u00e1n alienta tratado Uni\u00f3n Europea-Mercosur | Cand\u00e1s 365","twitter:description":"Montevideo, 16 jul (dpa) \u2013 El presidente alem\u00e1n, Joachim Gauck, expres\u00f3 hoy en Montevideo su deseo de que la Uni\u00f3n Europea (UE) y el Mercosur acuerden un tratado de libre comercio que, dijo, favorecer\u00eda las relaciones econ\u00f3micas entre Alemania y Uruguay. &quot;Una conclusi\u00f3n exitosa de las negociaciones sobre un acuerdo comercial entre la UE y","twitter:creator":"@nbasturias","twitter:image":"https:\/\/candas365.es\/noticias\/wp-content\/uploads\/2015\/09\/c365noticias.jpg","twitter:label1":"Escrito por","twitter:data1":"Cand\u00e1s 365","twitter:label2":"Tiempo de lectura estimado","twitter:data2":"2 minutos"},"aioseo_meta_data":{"post_id":"32218","title":null,"description":null,"keywords":null,"keyphrases":null,"primary_term":null,"canonical_url":null,"og_title":null,"og_description":null,"og_object_type":"default","og_image_type":"default","og_image_url":null,"og_image_width":null,"og_image_height":null,"og_image_custom_url":null,"og_image_custom_fields":null,"og_video":null,"og_custom_url":null,"og_article_section":null,"og_article_tags":null,"twitter_use_og":false,"twitter_card":"default","twitter_image_type":"default","twitter_image_url":null,"twitter_image_custom_url":null,"twitter_image_custom_fields":null,"twitter_title":null,"twitter_description":null,"schema":{"blockGraphs":[],"customGraphs":[],"default":{"data":{"Article":[],"Course":[],"Dataset":[],"FAQPage":[],"Movie":[],"Person":[],"Product":[],"ProductReview":[],"Car":[],"Recipe":[],"Service":[],"SoftwareApplication":[],"WebPage":[]},"graphName":"","isEnabled":true},"graphs":[],"defaultGraph":"","defaultPostTypeGraph":""},"schema_type":null,"schema_type_options":null,"pillar_content":false,"robots_default":true,"robots_noindex":false,"robots_noarchive":false,"robots_nosnippet":false,"robots_nofollow":false,"robots_noimageindex":false,"robots_noodp":false,"robots_notranslate":false,"robots_max_snippet":null,"robots_max_videopreview":null,"robots_max_imagepreview":"large","priority":null,"frequency":null,"location":null,"local_seo":null,"seo_analyzer_scan_date":"2025-08-24 15:03:18","breadcrumb_settings":null,"limit_modified_date":false,"reviewed_by":null,"open_ai":null,"ai":null,"created":"2020-12-21 13:02:56","updated":"2025-08-24 15:03:18"},"aioseo_breadcrumb":"<div class=\"aioseo-breadcrumbs\"><span class=\"aioseo-breadcrumb\">\n\t<a href=\"https:\/\/candas365.es\/noticias\" title=\"Home\">Home<\/a>\n<\/span><span class=\"aioseo-breadcrumb-separator\">&ndash;<\/span><span class=\"aioseo-breadcrumb\">\n\t<a href=\"https:\/\/candas365.es\/noticias\/category\/actualidad\/\" title=\"Actualidad\">Actualidad<\/a>\n<\/span><span class=\"aioseo-breadcrumb-separator\">&ndash;<\/span><span class=\"aioseo-breadcrumb\">\n\tPresidente alem\u00e1n alienta tratado Uni\u00f3n Europea-Mercosur\n<\/span><\/div>","aioseo_breadcrumb_json":[{"label":"Home","link":"https:\/\/candas365.es\/noticias"},{"label":"Actualidad","link":"https:\/\/candas365.es\/noticias\/category\/actualidad\/"},{"label":"Presidente alem\u00e1n alienta tratado Uni\u00f3n Europea-Mercosur","link":"https:\/\/candas365.es\/noticias\/presidente-aleman-alienta-tratado-union-europea-mercosur\/"}],"_links":{"self":[{"href":"https:\/\/candas365.es\/noticias\/wp-json\/wp\/v2\/posts\/32218","targetHints":{"allow":["GET"]}}],"collection":[{"href":"https:\/\/candas365.es\/noticias\/wp-json\/wp\/v2\/posts"}],"about":[{"href":"https:\/\/candas365.es\/noticias\/wp-json\/wp\/v2\/types\/post"}],"author":[{"embeddable":true,"href":"https:\/\/candas365.es\/noticias\/wp-json\/wp\/v2\/users\/1"}],"replies":[{"embeddable":true,"href":"https:\/\/candas365.es\/noticias\/wp-json\/wp\/v2\/comments?post=32218"}],"version-history":[{"count":0,"href":"https:\/\/candas365.es\/noticias\/wp-json\/wp\/v2\/posts\/32218\/revisions"}],"wp:featuredmedia":[{"embeddable":true,"href":"https:\/\/candas365.es\/noticias\/wp-json\/wp\/v2\/media\/16457"}],"wp:attachment":[{"href":"https:\/\/candas365.es\/noticias\/wp-json\/wp\/v2\/media?parent=32218"}],"wp:term":[{"taxonomy":"category","embeddable":true,"href":"https:\/\/candas365.es\/noticias\/wp-json\/wp\/v2\/categories?post=32218"},{"taxonomy":"post_tag","embeddable":true,"href":"https:\/\/candas365.es\/noticias\/wp-json\/wp\/v2\/tags?post=32218"}],"curies":[{"name":"wp","href":"https:\/\/api.w.org\/{rel}","templated":true}]}}