{"id":32177,"date":"2016-07-17T03:04:46","date_gmt":"2016-07-17T01:34:46","guid":{"rendered":"http:\/\/candas365.es\/noticias\/?p=32177"},"modified":"2016-07-17T15:50:39","modified_gmt":"2016-07-17T14:20:39","slug":"desaparece-un-joven-de-19-anos-en-carranques","status":"publish","type":"post","link":"https:\/\/candas365.es\/noticias\/desaparece-un-joven-de-19-anos-en-carranques\/","title":{"rendered":"Desaparece un joven de 19 a\u00f1os en la playa de Carranques, Perlora"},"content":{"rendered":"<p><img fetchpriority=\"high\" decoding=\"async\" class=\"alignleft size-medium wp-image-6463\" src=\"https:\/\/candas365.es\/noticias\/wp-content\/uploads\/2015\/02\/MiradorPerlora-306x300.jpg\" alt=\"MiradorPerlora\" width=\"306\" height=\"300\" srcset=\"https:\/\/candas365.es\/noticias\/wp-content\/uploads\/2015\/02\/MiradorPerlora-306x300.jpg 306w, https:\/\/candas365.es\/noticias\/wp-content\/uploads\/2015\/02\/MiradorPerlora-489x480.jpg 489w, https:\/\/candas365.es\/noticias\/wp-content\/uploads\/2015\/02\/MiradorPerlora-768x754.jpg 768w, https:\/\/candas365.es\/noticias\/wp-content\/uploads\/2015\/02\/MiradorPerlora-1536x1507.jpg 1536w, https:\/\/candas365.es\/noticias\/wp-content\/uploads\/2015\/02\/MiradorPerlora-150x147.jpg 150w, https:\/\/candas365.es\/noticias\/wp-content\/uploads\/2015\/02\/MiradorPerlora-450x442.jpg 450w, https:\/\/candas365.es\/noticias\/wp-content\/uploads\/2015\/02\/MiradorPerlora-1200x1178.jpg 1200w, https:\/\/candas365.es\/noticias\/wp-content\/uploads\/2015\/02\/MiradorPerlora-696x683.jpg 696w, https:\/\/candas365.es\/noticias\/wp-content\/uploads\/2015\/02\/MiradorPerlora-1068x1048.jpg 1068w, https:\/\/candas365.es\/noticias\/wp-content\/uploads\/2015\/02\/MiradorPerlora-428x420.jpg 428w, https:\/\/candas365.es\/noticias\/wp-content\/uploads\/2015\/02\/MiradorPerlora-50x50.jpg 50w, https:\/\/candas365.es\/noticias\/wp-content\/uploads\/2015\/02\/MiradorPerlora.jpg 1600w\" sizes=\"(max-width: 306px) 100vw, 306px\" \/>Seg\u00fan nota de Prensa enviada por el Ayuntamiento de Carre\u00f1o, el s\u00e1bado 16 de julio de 2016 a las ocho de la tarde se produjo un accidente en el entorno de la Playa de Carranques en el que tres personas se vieron atrapadas en la mar.<\/p>\n<p>Los afectados miembros de una familia de Oviedo hab\u00edan acudido a Perlora a pasar el d\u00eda,<\/p>\n<p>En la playa con marea baja pero con oleaje y resaca tres personas se vieron atrapadas, dos de ellas fueron rescatadas, una de ellas pudo salir del mar por su propio pie, otra fue socorrida por un miembro del equipo de salvamento que pese a estar fuera de servicio no dude en colaborar en dicho rescate, adem\u00e1s un polic\u00eda local tambi\u00e9n ayudo en las labores.<\/p>\n<p>Los j\u00f3venes vecinos de Oviedo y miembros de una familia de origen marroqu\u00ed que fueron rescatados ten\u00edan 20 y 21 a\u00f1os respectivamente, y fueron ingresados en el Hospital de Jove.<\/p>\n<p><strong>Al cierre de esta edici\u00f3n<\/strong> el tercer joven continuaba desaparecido mientras que <strong>los equipos de b\u00fasqueda continuaban intentando localizarle<\/strong>.<\/p>\n<p>&nbsp;<\/p>\n<p>&nbsp;<\/p>\n","protected":false},"excerpt":{"rendered":"<p>Seg\u00fan nota de Prensa enviada por el Ayuntamiento de Carre\u00f1o, el s\u00e1bado 16 de julio de 2016 a las ocho de la tarde se produjo un accidente en el entorno de la Playa de Carranques en el que tres personas se vieron atrapadas en la mar. Los afectados miembros de una familia de Oviedo hab\u00edan<\/p>\n","protected":false},"author":1,"featured_media":6463,"comment_status":"closed","ping_status":"closed","sticky":false,"template":"","format":"standard","meta":{"footnotes":""},"categories":[343],"tags":[],"class_list":{"0":"post-32177","1":"post","2":"type-post","3":"status-publish","4":"format-standard","5":"has-post-thumbnail","7":"category-actualidad"},"aioseo_notices":[],"aioseo_head":"\n\t\t<!-- All in One SEO Pro 4.9.6.2 - aioseo.com -->\n\t<meta name=\"description\" content=\"Seg\u00fan nota de Prensa enviada por el Ayuntamiento de Carre\u00f1o, el s\u00e1bado 16 de julio de 2016 a las ocho de la tarde se produjo un accidente en el entorno de la Playa de Carranques en el que tres personas se vieron atrapadas en la mar. Los afectados miembros de una familia de Oviedo hab\u00edan\" \/>\n\t<meta name=\"robots\" content=\"max-image-preview:large\" \/>\n\t<meta name=\"author\" content=\"Cand\u00e1s 365\"\/>\n\t<meta name=\"google-site-verification\" content=\"UA-32230408-1\" \/>\n\t<meta name=\"msvalidate.01\" content=\"354F3CDFB2DA171B47FBE9ABF1F88D5\" \/>\n\t<meta name=\"keywords\" content=\"actualidad\" \/>\n\t<link rel=\"canonical\" href=\"https:\/\/candas365.es\/noticias\/desaparece-un-joven-de-19-anos-en-carranques\/\" \/>\n\t<meta name=\"generator\" content=\"All in One SEO Pro (AIOSEO) 4.9.6.2\" \/>\n\t\t<meta property=\"og:locale\" content=\"es_ES\" \/>\n\t\t<meta property=\"og:site_name\" content=\"Cand\u00e1s 365\" \/>\n\t\t<meta property=\"og:type\" content=\"article\" \/>\n\t\t<meta property=\"og:title\" content=\"Desaparece un joven de 19 a\u00f1os en la playa de Carranques, Perlora | Cand\u00e1s 365\" \/>\n\t\t<meta property=\"og:description\" content=\"Seg\u00fan nota de Prensa enviada por el Ayuntamiento de Carre\u00f1o, el s\u00e1bado 16 de julio de 2016 a las ocho de la tarde se produjo un accidente en el entorno de la Playa de Carranques en el que tres personas se vieron atrapadas en la mar. Los afectados miembros de una familia de Oviedo hab\u00edan\" \/>\n\t\t<meta property=\"og:url\" content=\"https:\/\/candas365.es\/noticias\/desaparece-un-joven-de-19-anos-en-carranques\/\" \/>\n\t\t<meta property=\"og:image\" content=\"https:\/\/candas365.es\/noticias\/wp-content\/uploads\/2015\/02\/MiradorPerlora.jpg\" \/>\n\t\t<meta property=\"og:image:secure_url\" content=\"https:\/\/candas365.es\/noticias\/wp-content\/uploads\/2015\/02\/MiradorPerlora.jpg\" \/>\n\t\t<meta property=\"og:image:width\" content=\"1600\" \/>\n\t\t<meta property=\"og:image:height\" content=\"1570\" \/>\n\t\t<meta property=\"article:published_time\" content=\"2016-07-17T01:34:46+00:00\" \/>\n\t\t<meta property=\"article:modified_time\" content=\"2016-07-17T14:20:39+00:00\" \/>\n\t\t<meta property=\"article:publisher\" content=\"https:\/\/www.facebook.com\/Nachofdezber\" \/>\n\t\t<meta property=\"article:author\" content=\"https:\/\/www.facebook.com\/carrenoactualidad\" \/>\n\t\t<meta name=\"twitter:card\" content=\"summary_large_image\" \/>\n\t\t<meta name=\"twitter:site\" content=\"@NabercoDigital\" \/>\n\t\t<meta name=\"twitter:title\" content=\"Desaparece un joven de 19 a\u00f1os en la playa de Carranques, Perlora | Cand\u00e1s 365\" \/>\n\t\t<meta name=\"twitter:description\" content=\"Seg\u00fan nota de Prensa enviada por el Ayuntamiento de Carre\u00f1o, el s\u00e1bado 16 de julio de 2016 a las ocho de la tarde se produjo un accidente en el entorno de la Playa de Carranques en el que tres personas se vieron atrapadas en la mar. Los afectados miembros de una familia de Oviedo hab\u00edan\" \/>\n\t\t<meta name=\"twitter:creator\" content=\"@nbasturias\" \/>\n\t\t<meta name=\"twitter:image\" content=\"https:\/\/candas365.es\/noticias\/wp-content\/uploads\/2015\/02\/MiradorPerlora.jpg\" \/>\n\t\t<meta name=\"twitter:label1\" content=\"Escrito por\" \/>\n\t\t<meta name=\"twitter:data1\" content=\"Cand\u00e1s 365\" \/>\n\t\t<meta name=\"twitter:label2\" content=\"Tiempo de lectura estimado\" \/>\n\t\t<meta name=\"twitter:data2\" content=\"1 minuto\" \/>\n\t\t<script type=\"application\/ld+json\" class=\"aioseo-schema\">\n\t\t\t{\"@context\":\"https:\\\/\\\/schema.org\",\"@graph\":[{\"@type\":\"BreadcrumbList\",\"@id\":\"https:\\\/\\\/candas365.es\\\/noticias\\\/desaparece-un-joven-de-19-anos-en-carranques\\\/#breadcrumblist\",\"itemListElement\":[{\"@type\":\"ListItem\",\"@id\":\"https:\\\/\\\/candas365.es\\\/noticias#listItem\",\"position\":1,\"name\":\"Home\",\"item\":\"https:\\\/\\\/candas365.es\\\/noticias\",\"nextItem\":{\"@type\":\"ListItem\",\"@id\":\"https:\\\/\\\/candas365.es\\\/noticias\\\/category\\\/actualidad\\\/#listItem\",\"name\":\"Actualidad\"}},{\"@type\":\"ListItem\",\"@id\":\"https:\\\/\\\/candas365.es\\\/noticias\\\/category\\\/actualidad\\\/#listItem\",\"position\":2,\"name\":\"Actualidad\",\"item\":\"https:\\\/\\\/candas365.es\\\/noticias\\\/category\\\/actualidad\\\/\",\"nextItem\":{\"@type\":\"ListItem\",\"@id\":\"https:\\\/\\\/candas365.es\\\/noticias\\\/desaparece-un-joven-de-19-anos-en-carranques\\\/#listItem\",\"name\":\"Desaparece un joven de 19 a\\u00f1os en la playa de Carranques, Perlora\"},\"previousItem\":{\"@type\":\"ListItem\",\"@id\":\"https:\\\/\\\/candas365.es\\\/noticias#listItem\",\"name\":\"Home\"}},{\"@type\":\"ListItem\",\"@id\":\"https:\\\/\\\/candas365.es\\\/noticias\\\/desaparece-un-joven-de-19-anos-en-carranques\\\/#listItem\",\"position\":3,\"name\":\"Desaparece un joven de 19 a\\u00f1os en la playa de Carranques, Perlora\",\"previousItem\":{\"@type\":\"ListItem\",\"@id\":\"https:\\\/\\\/candas365.es\\\/noticias\\\/category\\\/actualidad\\\/#listItem\",\"name\":\"Actualidad\"}}]},{\"@type\":\"NewsArticle\",\"@id\":\"https:\\\/\\\/candas365.es\\\/noticias\\\/desaparece-un-joven-de-19-anos-en-carranques\\\/#newsarticle\",\"name\":\"Desaparece un joven de 19 a\\u00f1os en la playa de Carranques, Perlora | Cand\\u00e1s 365\",\"headline\":\"Desaparece un joven de 19 a\\u00f1os en la playa de Carranques, Perlora\",\"author\":{\"@id\":\"https:\\\/\\\/candas365.es\\\/noticias\\\/author\\\/admin\\\/#author\"},\"publisher\":{\"@id\":\"https:\\\/\\\/candas365.es\\\/noticias\\\/#organization\"},\"image\":{\"@type\":\"ImageObject\",\"url\":\"https:\\\/\\\/candas365.es\\\/noticias\\\/wp-content\\\/uploads\\\/2015\\\/02\\\/MiradorPerlora.jpg\",\"width\":1600,\"height\":1570},\"datePublished\":\"2016-07-17T03:04:46+02:00\",\"dateModified\":\"2016-07-17T15:50:39+02:00\",\"inLanguage\":\"es-ES\",\"mainEntityOfPage\":{\"@id\":\"https:\\\/\\\/candas365.es\\\/noticias\\\/desaparece-un-joven-de-19-anos-en-carranques\\\/#webpage\"},\"isPartOf\":{\"@id\":\"https:\\\/\\\/candas365.es\\\/noticias\\\/desaparece-un-joven-de-19-anos-en-carranques\\\/#webpage\"},\"articleSection\":\"Actualidad\",\"dateline\":\"Publicado el julio 17, 2016.\"},{\"@type\":\"Organization\",\"@id\":\"https:\\\/\\\/candas365.es\\\/noticias\\\/#organization\",\"name\":\"Cand\\u00e1s 365\",\"description\":\"Cand\\u00e1s 365 es un diario digital independiente, fundado en 2012, con base en Asturias. Informamos con rigor sobre actualidad, sociedad, cultura y ocio, con una mirada local y global.\",\"url\":\"https:\\\/\\\/candas365.es\\\/noticias\\\/\",\"email\":\"info@candas365.es\",\"telephone\":\"+34652131393\",\"foundingDate\":\"2012-06-10\",\"logo\":{\"@type\":\"ImageObject\",\"url\":\"https:\\\/\\\/candas365.es\\\/noticias\\\/wp-content\\\/uploads\\\/2024\\\/09\\\/Candas-365-Redes.jpg\",\"@id\":\"https:\\\/\\\/candas365.es\\\/noticias\\\/desaparece-un-joven-de-19-anos-en-carranques\\\/#organizationLogo\",\"width\":1152,\"height\":864,\"caption\":\"Cand\\u00e1s 365 Redes\"},\"image\":{\"@id\":\"https:\\\/\\\/candas365.es\\\/noticias\\\/desaparece-un-joven-de-19-anos-en-carranques\\\/#organizationLogo\"},\"sameAs\":[\"https:\\\/\\\/www.facebook.com\\\/Nachofdezber\",\"https:\\\/\\\/x.com\\\/NabercoDigital\",\"https:\\\/\\\/www.instagram.com\\\/nachofdezber\\\/\",\"https:\\\/\\\/www.youtube.com\\\/channel\\\/UCZP-2wLEB9Rv6erhFmqVnvg\"],\"address\":{\"@id\":\"https:\\\/\\\/candas365.es\\\/noticias\\\/#postaladdress\",\"@type\":\"PostalAddress\",\"streetAddress\":\"san antonio 4, san antonio 4\",\"postalCode\":\"33430\",\"addressLocality\":\"Cand\\u00e1s\",\"addressRegion\":\"Asturias\",\"addressCountry\":\"ES\"}},{\"@type\":\"Person\",\"@id\":\"https:\\\/\\\/candas365.es\\\/noticias\\\/author\\\/admin\\\/#author\",\"url\":\"https:\\\/\\\/candas365.es\\\/noticias\\\/author\\\/admin\\\/\",\"name\":\"Cand\\u00e1s 365\",\"image\":{\"@type\":\"ImageObject\",\"@id\":\"https:\\\/\\\/candas365.es\\\/noticias\\\/desaparece-un-joven-de-19-anos-en-carranques\\\/#authorImage\",\"url\":\"https:\\\/\\\/secure.gravatar.com\\\/avatar\\\/496a8e03d0c493ede1718b7934145dbdf8d89be1036b0eec9544e1094c9de390?s=96&d=mm&r=g\",\"width\":96,\"height\":96,\"caption\":\"Cand\\u00e1s 365\"},\"sameAs\":[\"https:\\\/\\\/www.facebook.com\\\/carrenoactualidad\",\"https:\\\/\\\/twitter.com\\\/nbasturias\",\"https:\\\/\\\/www.instagram.com\\\/nachofdezber\\\/\",\"https:\\\/\\\/www.youtube.com\\\/channel\\\/UCZP-2wLEB9Rv6erhFmqVnvg\"]},{\"@type\":\"WebPage\",\"@id\":\"https:\\\/\\\/candas365.es\\\/noticias\\\/desaparece-un-joven-de-19-anos-en-carranques\\\/#webpage\",\"url\":\"https:\\\/\\\/candas365.es\\\/noticias\\\/desaparece-un-joven-de-19-anos-en-carranques\\\/\",\"name\":\"Desaparece un joven de 19 a\\u00f1os en la playa de Carranques, Perlora | Cand\\u00e1s 365\",\"description\":\"Seg\\u00fan nota de Prensa enviada por el Ayuntamiento de Carre\\u00f1o, el s\\u00e1bado 16 de julio de 2016 a las ocho de la tarde se produjo un accidente en el entorno de la Playa de Carranques en el que tres personas se vieron atrapadas en la mar. Los afectados miembros de una familia de Oviedo hab\\u00edan\",\"inLanguage\":\"es-ES\",\"isPartOf\":{\"@id\":\"https:\\\/\\\/candas365.es\\\/noticias\\\/#website\"},\"breadcrumb\":{\"@id\":\"https:\\\/\\\/candas365.es\\\/noticias\\\/desaparece-un-joven-de-19-anos-en-carranques\\\/#breadcrumblist\"},\"author\":{\"@id\":\"https:\\\/\\\/candas365.es\\\/noticias\\\/author\\\/admin\\\/#author\"},\"creator\":{\"@id\":\"https:\\\/\\\/candas365.es\\\/noticias\\\/author\\\/admin\\\/#author\"},\"image\":{\"@type\":\"ImageObject\",\"url\":\"https:\\\/\\\/candas365.es\\\/noticias\\\/wp-content\\\/uploads\\\/2015\\\/02\\\/MiradorPerlora.jpg\",\"@id\":\"https:\\\/\\\/candas365.es\\\/noticias\\\/desaparece-un-joven-de-19-anos-en-carranques\\\/#mainImage\",\"width\":1600,\"height\":1570},\"primaryImageOfPage\":{\"@id\":\"https:\\\/\\\/candas365.es\\\/noticias\\\/desaparece-un-joven-de-19-anos-en-carranques\\\/#mainImage\"},\"datePublished\":\"2016-07-17T03:04:46+02:00\",\"dateModified\":\"2016-07-17T15:50:39+02:00\"},{\"@type\":\"WebSite\",\"@id\":\"https:\\\/\\\/candas365.es\\\/noticias\\\/#website\",\"url\":\"https:\\\/\\\/candas365.es\\\/noticias\\\/\",\"name\":\"Cand\\u00e1s 365\",\"alternateName\":\"Cand\\u00e1s 365 Noticias\",\"description\":\"Actualidad desde Carre\\u00f1o para el mundo\",\"inLanguage\":\"es-ES\",\"publisher\":{\"@id\":\"https:\\\/\\\/candas365.es\\\/noticias\\\/#organization\"}}]}\n\t\t<\/script>\n\t\t<!-- All in One SEO Pro -->\r\n\t\t<title>Desaparece un joven de 19 a\u00f1os en la playa de Carranques, Perlora | Cand\u00e1s 365<\/title>\n\n","aioseo_head_json":{"title":"Desaparece un joven de 19 a\u00f1os en la playa de Carranques, Perlora | Cand\u00e1s 365","description":"Seg\u00fan nota de Prensa enviada por el Ayuntamiento de Carre\u00f1o, el s\u00e1bado 16 de julio de 2016 a las ocho de la tarde se produjo un accidente en el entorno de la Playa de Carranques en el que tres personas se vieron atrapadas en la mar. Los afectados miembros de una familia de Oviedo hab\u00edan","canonical_url":"https:\/\/candas365.es\/noticias\/desaparece-un-joven-de-19-anos-en-carranques\/","robots":"max-image-preview:large","keywords":"actualidad","webmasterTools":{"google-site-verification":"UA-32230408-1","msvalidate.01":"354F3CDFB2DA171B47FBE9ABF1F88D5","miscellaneous":""},"schema":{"@context":"https:\/\/schema.org","@graph":[{"@type":"BreadcrumbList","@id":"https:\/\/candas365.es\/noticias\/desaparece-un-joven-de-19-anos-en-carranques\/#breadcrumblist","itemListElement":[{"@type":"ListItem","@id":"https:\/\/candas365.es\/noticias#listItem","position":1,"name":"Home","item":"https:\/\/candas365.es\/noticias","nextItem":{"@type":"ListItem","@id":"https:\/\/candas365.es\/noticias\/category\/actualidad\/#listItem","name":"Actualidad"}},{"@type":"ListItem","@id":"https:\/\/candas365.es\/noticias\/category\/actualidad\/#listItem","position":2,"name":"Actualidad","item":"https:\/\/candas365.es\/noticias\/category\/actualidad\/","nextItem":{"@type":"ListItem","@id":"https:\/\/candas365.es\/noticias\/desaparece-un-joven-de-19-anos-en-carranques\/#listItem","name":"Desaparece un joven de 19 a\u00f1os en la playa de Carranques, Perlora"},"previousItem":{"@type":"ListItem","@id":"https:\/\/candas365.es\/noticias#listItem","name":"Home"}},{"@type":"ListItem","@id":"https:\/\/candas365.es\/noticias\/desaparece-un-joven-de-19-anos-en-carranques\/#listItem","position":3,"name":"Desaparece un joven de 19 a\u00f1os en la playa de Carranques, Perlora","previousItem":{"@type":"ListItem","@id":"https:\/\/candas365.es\/noticias\/category\/actualidad\/#listItem","name":"Actualidad"}}]},{"@type":"NewsArticle","@id":"https:\/\/candas365.es\/noticias\/desaparece-un-joven-de-19-anos-en-carranques\/#newsarticle","name":"Desaparece un joven de 19 a\u00f1os en la playa de Carranques, Perlora | Cand\u00e1s 365","headline":"Desaparece un joven de 19 a\u00f1os en la playa de Carranques, Perlora","author":{"@id":"https:\/\/candas365.es\/noticias\/author\/admin\/#author"},"publisher":{"@id":"https:\/\/candas365.es\/noticias\/#organization"},"image":{"@type":"ImageObject","url":"https:\/\/candas365.es\/noticias\/wp-content\/uploads\/2015\/02\/MiradorPerlora.jpg","width":1600,"height":1570},"datePublished":"2016-07-17T03:04:46+02:00","dateModified":"2016-07-17T15:50:39+02:00","inLanguage":"es-ES","mainEntityOfPage":{"@id":"https:\/\/candas365.es\/noticias\/desaparece-un-joven-de-19-anos-en-carranques\/#webpage"},"isPartOf":{"@id":"https:\/\/candas365.es\/noticias\/desaparece-un-joven-de-19-anos-en-carranques\/#webpage"},"articleSection":"Actualidad","dateline":"Publicado el julio 17, 2016."},{"@type":"Organization","@id":"https:\/\/candas365.es\/noticias\/#organization","name":"Cand\u00e1s 365","description":"Cand\u00e1s 365 es un diario digital independiente, fundado en 2012, con base en Asturias. Informamos con rigor sobre actualidad, sociedad, cultura y ocio, con una mirada local y global.","url":"https:\/\/candas365.es\/noticias\/","email":"info@candas365.es","telephone":"+34652131393","foundingDate":"2012-06-10","logo":{"@type":"ImageObject","url":"https:\/\/candas365.es\/noticias\/wp-content\/uploads\/2024\/09\/Candas-365-Redes.jpg","@id":"https:\/\/candas365.es\/noticias\/desaparece-un-joven-de-19-anos-en-carranques\/#organizationLogo","width":1152,"height":864,"caption":"Cand\u00e1s 365 Redes"},"image":{"@id":"https:\/\/candas365.es\/noticias\/desaparece-un-joven-de-19-anos-en-carranques\/#organizationLogo"},"sameAs":["https:\/\/www.facebook.com\/Nachofdezber","https:\/\/x.com\/NabercoDigital","https:\/\/www.instagram.com\/nachofdezber\/","https:\/\/www.youtube.com\/channel\/UCZP-2wLEB9Rv6erhFmqVnvg"],"address":{"@id":"https:\/\/candas365.es\/noticias\/#postaladdress","@type":"PostalAddress","streetAddress":"san antonio 4, san antonio 4","postalCode":"33430","addressLocality":"Cand\u00e1s","addressRegion":"Asturias","addressCountry":"ES"}},{"@type":"Person","@id":"https:\/\/candas365.es\/noticias\/author\/admin\/#author","url":"https:\/\/candas365.es\/noticias\/author\/admin\/","name":"Cand\u00e1s 365","image":{"@type":"ImageObject","@id":"https:\/\/candas365.es\/noticias\/desaparece-un-joven-de-19-anos-en-carranques\/#authorImage","url":"https:\/\/secure.gravatar.com\/avatar\/496a8e03d0c493ede1718b7934145dbdf8d89be1036b0eec9544e1094c9de390?s=96&d=mm&r=g","width":96,"height":96,"caption":"Cand\u00e1s 365"},"sameAs":["https:\/\/www.facebook.com\/carrenoactualidad","https:\/\/twitter.com\/nbasturias","https:\/\/www.instagram.com\/nachofdezber\/","https:\/\/www.youtube.com\/channel\/UCZP-2wLEB9Rv6erhFmqVnvg"]},{"@type":"WebPage","@id":"https:\/\/candas365.es\/noticias\/desaparece-un-joven-de-19-anos-en-carranques\/#webpage","url":"https:\/\/candas365.es\/noticias\/desaparece-un-joven-de-19-anos-en-carranques\/","name":"Desaparece un joven de 19 a\u00f1os en la playa de Carranques, Perlora | Cand\u00e1s 365","description":"Seg\u00fan nota de Prensa enviada por el Ayuntamiento de Carre\u00f1o, el s\u00e1bado 16 de julio de 2016 a las ocho de la tarde se produjo un accidente en el entorno de la Playa de Carranques en el que tres personas se vieron atrapadas en la mar. Los afectados miembros de una familia de Oviedo hab\u00edan","inLanguage":"es-ES","isPartOf":{"@id":"https:\/\/candas365.es\/noticias\/#website"},"breadcrumb":{"@id":"https:\/\/candas365.es\/noticias\/desaparece-un-joven-de-19-anos-en-carranques\/#breadcrumblist"},"author":{"@id":"https:\/\/candas365.es\/noticias\/author\/admin\/#author"},"creator":{"@id":"https:\/\/candas365.es\/noticias\/author\/admin\/#author"},"image":{"@type":"ImageObject","url":"https:\/\/candas365.es\/noticias\/wp-content\/uploads\/2015\/02\/MiradorPerlora.jpg","@id":"https:\/\/candas365.es\/noticias\/desaparece-un-joven-de-19-anos-en-carranques\/#mainImage","width":1600,"height":1570},"primaryImageOfPage":{"@id":"https:\/\/candas365.es\/noticias\/desaparece-un-joven-de-19-anos-en-carranques\/#mainImage"},"datePublished":"2016-07-17T03:04:46+02:00","dateModified":"2016-07-17T15:50:39+02:00"},{"@type":"WebSite","@id":"https:\/\/candas365.es\/noticias\/#website","url":"https:\/\/candas365.es\/noticias\/","name":"Cand\u00e1s 365","alternateName":"Cand\u00e1s 365 Noticias","description":"Actualidad desde Carre\u00f1o para el mundo","inLanguage":"es-ES","publisher":{"@id":"https:\/\/candas365.es\/noticias\/#organization"}}]},"og:locale":"es_ES","og:site_name":"Cand\u00e1s 365","og:type":"article","og:title":"Desaparece un joven de 19 a\u00f1os en la playa de Carranques, Perlora | Cand\u00e1s 365","og:description":"Seg\u00fan nota de Prensa enviada por el Ayuntamiento de Carre\u00f1o, el s\u00e1bado 16 de julio de 2016 a las ocho de la tarde se produjo un accidente en el entorno de la Playa de Carranques en el que tres personas se vieron atrapadas en la mar. Los afectados miembros de una familia de Oviedo hab\u00edan","og:url":"https:\/\/candas365.es\/noticias\/desaparece-un-joven-de-19-anos-en-carranques\/","og:image":"https:\/\/candas365.es\/noticias\/wp-content\/uploads\/2015\/02\/MiradorPerlora.jpg","og:image:secure_url":"https:\/\/candas365.es\/noticias\/wp-content\/uploads\/2015\/02\/MiradorPerlora.jpg","og:image:width":1600,"og:image:height":1570,"article:published_time":"2016-07-17T01:34:46+00:00","article:modified_time":"2016-07-17T14:20:39+00:00","article:publisher":"https:\/\/www.facebook.com\/Nachofdezber","article:author":"https:\/\/www.facebook.com\/carrenoactualidad","twitter:card":"summary_large_image","twitter:site":"@NabercoDigital","twitter:title":"Desaparece un joven de 19 a\u00f1os en la playa de Carranques, Perlora | Cand\u00e1s 365","twitter:description":"Seg\u00fan nota de Prensa enviada por el Ayuntamiento de Carre\u00f1o, el s\u00e1bado 16 de julio de 2016 a las ocho de la tarde se produjo un accidente en el entorno de la Playa de Carranques en el que tres personas se vieron atrapadas en la mar. Los afectados miembros de una familia de Oviedo hab\u00edan","twitter:creator":"@nbasturias","twitter:image":"https:\/\/candas365.es\/noticias\/wp-content\/uploads\/2015\/02\/MiradorPerlora.jpg","twitter:label1":"Escrito por","twitter:data1":"Cand\u00e1s 365","twitter:label2":"Tiempo de lectura estimado","twitter:data2":"1 minuto"},"aioseo_meta_data":{"post_id":"32177","title":null,"description":null,"keywords":null,"keyphrases":null,"primary_term":null,"canonical_url":null,"og_title":null,"og_description":null,"og_object_type":"default","og_image_type":"default","og_image_url":null,"og_image_width":null,"og_image_height":null,"og_image_custom_url":null,"og_image_custom_fields":null,"og_video":null,"og_custom_url":null,"og_article_section":null,"og_article_tags":null,"twitter_use_og":false,"twitter_card":"default","twitter_image_type":"default","twitter_image_url":null,"twitter_image_custom_url":null,"twitter_image_custom_fields":null,"twitter_title":null,"twitter_description":null,"schema":{"blockGraphs":[],"customGraphs":[],"default":{"data":{"Article":[],"Course":[],"Dataset":[],"FAQPage":[],"Movie":[],"Person":[],"Product":[],"ProductReview":[],"Car":[],"Recipe":[],"Service":[],"SoftwareApplication":[],"WebPage":[]},"graphName":"","isEnabled":true},"graphs":[],"defaultGraph":"","defaultPostTypeGraph":""},"schema_type":null,"schema_type_options":null,"pillar_content":false,"robots_default":true,"robots_noindex":false,"robots_noarchive":false,"robots_nosnippet":false,"robots_nofollow":false,"robots_noimageindex":false,"robots_noodp":false,"robots_notranslate":false,"robots_max_snippet":null,"robots_max_videopreview":null,"robots_max_imagepreview":"large","priority":null,"frequency":null,"location":null,"local_seo":null,"seo_analyzer_scan_date":"2025-08-24 15:01:12","breadcrumb_settings":null,"limit_modified_date":false,"reviewed_by":null,"open_ai":null,"ai":null,"created":"2020-12-21 13:02:56","updated":"2025-08-24 15:01:12"},"aioseo_breadcrumb":"<div class=\"aioseo-breadcrumbs\"><span class=\"aioseo-breadcrumb\">\n\t<a href=\"https:\/\/candas365.es\/noticias\" title=\"Home\">Home<\/a>\n<\/span><span class=\"aioseo-breadcrumb-separator\">&ndash;<\/span><span class=\"aioseo-breadcrumb\">\n\t<a href=\"https:\/\/candas365.es\/noticias\/category\/actualidad\/\" title=\"Actualidad\">Actualidad<\/a>\n<\/span><span class=\"aioseo-breadcrumb-separator\">&ndash;<\/span><span class=\"aioseo-breadcrumb\">\n\tDesaparece un joven de 19 a\u00f1os en la playa de Carranques, Perlora\n<\/span><\/div>","aioseo_breadcrumb_json":[{"label":"Home","link":"https:\/\/candas365.es\/noticias"},{"label":"Actualidad","link":"https:\/\/candas365.es\/noticias\/category\/actualidad\/"},{"label":"Desaparece un joven de 19 a\u00f1os en la playa de Carranques, Perlora","link":"https:\/\/candas365.es\/noticias\/desaparece-un-joven-de-19-anos-en-carranques\/"}],"_links":{"self":[{"href":"https:\/\/candas365.es\/noticias\/wp-json\/wp\/v2\/posts\/32177","targetHints":{"allow":["GET"]}}],"collection":[{"href":"https:\/\/candas365.es\/noticias\/wp-json\/wp\/v2\/posts"}],"about":[{"href":"https:\/\/candas365.es\/noticias\/wp-json\/wp\/v2\/types\/post"}],"author":[{"embeddable":true,"href":"https:\/\/candas365.es\/noticias\/wp-json\/wp\/v2\/users\/1"}],"replies":[{"embeddable":true,"href":"https:\/\/candas365.es\/noticias\/wp-json\/wp\/v2\/comments?post=32177"}],"version-history":[{"count":0,"href":"https:\/\/candas365.es\/noticias\/wp-json\/wp\/v2\/posts\/32177\/revisions"}],"wp:featuredmedia":[{"embeddable":true,"href":"https:\/\/candas365.es\/noticias\/wp-json\/wp\/v2\/media\/6463"}],"wp:attachment":[{"href":"https:\/\/candas365.es\/noticias\/wp-json\/wp\/v2\/media?parent=32177"}],"wp:term":[{"taxonomy":"category","embeddable":true,"href":"https:\/\/candas365.es\/noticias\/wp-json\/wp\/v2\/categories?post=32177"},{"taxonomy":"post_tag","embeddable":true,"href":"https:\/\/candas365.es\/noticias\/wp-json\/wp\/v2\/tags?post=32177"}],"curies":[{"name":"wp","href":"https:\/\/api.w.org\/{rel}","templated":true}]}}