{"id":32156,"date":"2016-07-16T22:39:37","date_gmt":"2016-07-16T21:09:37","guid":{"rendered":"http:\/\/candas365.es\/noticias\/?p=32156"},"modified":"2016-07-16T22:39:37","modified_gmt":"2016-07-16T21:09:37","slug":"merkel-condena-energicamente-el-golpe-de-estado-en-turquia","status":"publish","type":"post","link":"https:\/\/candas365.es\/noticias\/merkel-condena-energicamente-el-golpe-de-estado-en-turquia\/","title":{"rendered":"Merkel condena en\u00e9rgicamente el golpe de Estado en Turqu\u00eda"},"content":{"rendered":"<p><img fetchpriority=\"high\" decoding=\"async\" class=\"alignleft size-medium wp-image-14622\" src=\"https:\/\/candas365.es\/noticias\/wp-content\/uploads\/2015\/08\/merkel-360x198.jpg\" alt=\"merkel\" width=\"360\" height=\"198\" srcset=\"https:\/\/candas365.es\/noticias\/wp-content\/uploads\/2015\/08\/merkel-360x198.jpg 360w, https:\/\/candas365.es\/noticias\/wp-content\/uploads\/2015\/08\/merkel-650x357.jpg 650w, https:\/\/candas365.es\/noticias\/wp-content\/uploads\/2015\/08\/merkel-150x82.jpg 150w, https:\/\/candas365.es\/noticias\/wp-content\/uploads\/2015\/08\/merkel-450x247.jpg 450w, https:\/\/candas365.es\/noticias\/wp-content\/uploads\/2015\/08\/merkel.jpg 655w\" sizes=\"(max-width: 360px) 100vw, 360px\" \/>Berl\u00edn, 16 jul (dpa) &#8211; La canciller alemana, Angela Merkel, manifest\u00f3 hoy su en\u00e9rgica condena al intento de golpe de Estado perpetrado anoche en Turqu\u00eda y mostr\u00f3 su apoyo al presidente del pa\u00eds, Recep Tayyip Erdogan, as\u00ed como a las instituciones democr\u00e1ticas del pa\u00eds.<\/p>\n<p>\u00abEs triste que tanta gente haya tenido que pagar con su vida este intento de golpe de Estado. El derramamiento de sangre en Turqu\u00eda tiene que terminar\u00bb, dijo la mandataria durante una declaraci\u00f3n extraordinaria realizada en la Canciller\u00eda de Berl\u00edn.<\/p>\n<p>Merkel recalc\u00f3 que Alemania est\u00e1 al lado de todos aquellos que apoyen la democracia y el Estado de derecho en Turqu\u00eda. En este sentido, dijo que un cambio en el gobierno del pa\u00eds s\u00f3lo podr\u00eda darse a trav\u00e9s de la convocatoria libre de unas elecciones.<\/p>\n<p>\u00abLos cambios pol\u00edticos deben producirse en el marco de instituciones pol\u00edticas y de conformidad con las reglas democr\u00e1ticas. Desplegar tanques en las calles y perpetrar ataques a\u00e9reos contra la propia poblaci\u00f3n no es legal\u00bb, insisti\u00f3 Merkel.<\/p>\n<p>El gabinete de crisis del Ejecutivo alem\u00e1n, indic\u00f3 la canciller, valora la actual situaci\u00f3n junto con las autoridades diplom\u00e1ticas germanas establecidas en Turqu\u00eda.<\/p>\n<p>\u00abTurqu\u00eda es un pa\u00eds al que estamos muy unidos en nuestro trabajo diario, tambi\u00e9n como socio de la OTAN y, sobre todo, a trav\u00e9s de millones de personas que residen en Alemania y cuyas ra\u00edces familiares provienen de Turqu\u00eda\u00bb, apunt\u00f3 Merkel.<\/p>\n<p>A su entender, la democracia es la piedra angular y el mayor garante de los derechos de los ciudadanos y protege a las minor\u00edas.<\/p>\n<p>Por el momento, desde Berl\u00edn se insiste a los ciudadanos alemanes que se encuentran en el pa\u00eds euroasi\u00e1tico que sigan las recomendaciones del Ministerio de Exteriores germano y que extremen las precauciones.<\/p>\n<p>Angela Merkel se refiri\u00f3 tambi\u00e9n a la situaci\u00f3n del Ej\u00e9rcito alem\u00e1n en territorio turco. As\u00ed, dijo que el Ministerio de Defensa estaba en estrecho contacto con la base militar de Ircirlik para garantizar la seguridad de los 240 soldados alemanes que est\u00e1n desplegados en la zona.<\/p>\n<p>La canciller record\u00f3 adem\u00e1s que, desde que se inici\u00f3 la intentona de golpe de Estado, estuvo en todo momento en estrecho contacto con el ministro de Exteriores, Frank-Walter Steinmeier; el vicecanciller, Sigmar Gabriel, y el jefe de su Gabinete, Peter Altmeier.<\/p>\n<p>En el momento en el que se produjo la sublevaci\u00f3n en Turqu\u00eda, Angela Merkel se encontraba en Mongolia, participando en la cumbre Asia-Europa.<\/p>\n<p>Adem\u00e1s de la canciller, otros miembros del Gobierno alem\u00e1n se pronunciaron sobre el intento de golpe de Estado perpetrado en Turqu\u00eda.<\/p>\n<p>Steinmeier, expres\u00f3 su profunda preocupaci\u00f3n por lo ocurrido. \u00abCondeno firmemente todos los intentos de alterar el orden democr\u00e1tico en Turqu\u00eda a trav\u00e9s de la violencia\u00bb, dijo el pol\u00edtico socialdem\u00f3crata en Berl\u00edn.<\/p>\n<p>El ministro llam\u00f3 asimismo a todos los actores implicados a respetar la Constituci\u00f3n y las instituciones democr\u00e1ticas. \u00abTodos los responsables deben atenerse a las reglas democr\u00e1ticas y a los principios del Estado de Derecho y hacer todo lo posible para evitar un nuevo derramamiento de sangre\u00bb, declar\u00f3.<\/p>\n","protected":false},"excerpt":{"rendered":"<p>Berl\u00edn, 16 jul (dpa) &#8211; La canciller alemana, Angela Merkel, manifest\u00f3 hoy su en\u00e9rgica condena al intento de golpe de Estado perpetrado anoche en Turqu\u00eda y mostr\u00f3 su apoyo al presidente del pa\u00eds, Recep Tayyip Erdogan, as\u00ed como a las instituciones democr\u00e1ticas del pa\u00eds. \u00abEs triste que tanta gente haya tenido que pagar con su<\/p>\n","protected":false},"author":1,"featured_media":14622,"comment_status":"closed","ping_status":"closed","sticky":false,"template":"","format":"standard","meta":{"footnotes":""},"categories":[343],"tags":[],"class_list":{"0":"post-32156","1":"post","2":"type-post","3":"status-publish","4":"format-standard","5":"has-post-thumbnail","7":"category-actualidad"},"aioseo_notices":[],"aioseo_head":"\n\t\t<!-- All in One SEO Pro 4.9.6.2 - aioseo.com -->\n\t<meta name=\"description\" content=\"Berl\u00edn, 16 jul (dpa) - La canciller alemana, Angela Merkel, manifest\u00f3 hoy su en\u00e9rgica condena al intento de golpe de Estado perpetrado anoche en Turqu\u00eda y mostr\u00f3 su apoyo al presidente del pa\u00eds, Recep Tayyip Erdogan, as\u00ed como a las instituciones democr\u00e1ticas del pa\u00eds. &quot;Es triste que tanta gente haya tenido que pagar con su\" \/>\n\t<meta name=\"robots\" content=\"max-image-preview:large\" \/>\n\t<meta name=\"author\" content=\"Cand\u00e1s 365\"\/>\n\t<meta name=\"google-site-verification\" content=\"UA-32230408-1\" \/>\n\t<meta name=\"msvalidate.01\" content=\"354F3CDFB2DA171B47FBE9ABF1F88D5\" \/>\n\t<meta name=\"keywords\" content=\"actualidad\" \/>\n\t<link rel=\"canonical\" href=\"https:\/\/candas365.es\/noticias\/merkel-condena-energicamente-el-golpe-de-estado-en-turquia\/\" \/>\n\t<meta name=\"generator\" content=\"All in One SEO Pro (AIOSEO) 4.9.6.2\" \/>\n\t\t<meta property=\"og:locale\" content=\"es_ES\" \/>\n\t\t<meta property=\"og:site_name\" content=\"Cand\u00e1s 365\" \/>\n\t\t<meta property=\"og:type\" content=\"article\" \/>\n\t\t<meta property=\"og:title\" content=\"Merkel condena en\u00e9rgicamente el golpe de Estado en Turqu\u00eda | Cand\u00e1s 365\" \/>\n\t\t<meta property=\"og:description\" content=\"Berl\u00edn, 16 jul (dpa) - La canciller alemana, Angela Merkel, manifest\u00f3 hoy su en\u00e9rgica condena al intento de golpe de Estado perpetrado anoche en Turqu\u00eda y mostr\u00f3 su apoyo al presidente del pa\u00eds, Recep Tayyip Erdogan, as\u00ed como a las instituciones democr\u00e1ticas del pa\u00eds. &quot;Es triste que tanta gente haya tenido que pagar con su\" \/>\n\t\t<meta property=\"og:url\" content=\"https:\/\/candas365.es\/noticias\/merkel-condena-energicamente-el-golpe-de-estado-en-turquia\/\" \/>\n\t\t<meta property=\"og:image\" content=\"https:\/\/candas365.es\/noticias\/wp-content\/uploads\/2015\/08\/merkel.jpg\" \/>\n\t\t<meta property=\"og:image:secure_url\" content=\"https:\/\/candas365.es\/noticias\/wp-content\/uploads\/2015\/08\/merkel.jpg\" \/>\n\t\t<meta property=\"og:image:width\" content=\"655\" \/>\n\t\t<meta property=\"og:image:height\" content=\"360\" \/>\n\t\t<meta property=\"article:published_time\" content=\"2016-07-16T21:09:37+00:00\" \/>\n\t\t<meta property=\"article:modified_time\" content=\"2016-07-16T21:09:37+00:00\" \/>\n\t\t<meta property=\"article:publisher\" content=\"https:\/\/www.facebook.com\/Nachofdezber\" \/>\n\t\t<meta property=\"article:author\" content=\"https:\/\/www.facebook.com\/carrenoactualidad\" \/>\n\t\t<meta name=\"twitter:card\" content=\"summary_large_image\" \/>\n\t\t<meta name=\"twitter:site\" content=\"@NabercoDigital\" \/>\n\t\t<meta name=\"twitter:title\" content=\"Merkel condena en\u00e9rgicamente el golpe de Estado en Turqu\u00eda | Cand\u00e1s 365\" \/>\n\t\t<meta name=\"twitter:description\" content=\"Berl\u00edn, 16 jul (dpa) - La canciller alemana, Angela Merkel, manifest\u00f3 hoy su en\u00e9rgica condena al intento de golpe de Estado perpetrado anoche en Turqu\u00eda y mostr\u00f3 su apoyo al presidente del pa\u00eds, Recep Tayyip Erdogan, as\u00ed como a las instituciones democr\u00e1ticas del pa\u00eds. &quot;Es triste que tanta gente haya tenido que pagar con su\" \/>\n\t\t<meta name=\"twitter:creator\" content=\"@nbasturias\" \/>\n\t\t<meta name=\"twitter:image\" content=\"https:\/\/candas365.es\/noticias\/wp-content\/uploads\/2015\/08\/merkel.jpg\" \/>\n\t\t<meta name=\"twitter:label1\" content=\"Escrito por\" \/>\n\t\t<meta name=\"twitter:data1\" content=\"Cand\u00e1s 365\" \/>\n\t\t<meta name=\"twitter:label2\" content=\"Tiempo de lectura estimado\" \/>\n\t\t<meta name=\"twitter:data2\" content=\"3 minutos\" \/>\n\t\t<script type=\"application\/ld+json\" class=\"aioseo-schema\">\n\t\t\t{\"@context\":\"https:\\\/\\\/schema.org\",\"@graph\":[{\"@type\":\"BreadcrumbList\",\"@id\":\"https:\\\/\\\/candas365.es\\\/noticias\\\/merkel-condena-energicamente-el-golpe-de-estado-en-turquia\\\/#breadcrumblist\",\"itemListElement\":[{\"@type\":\"ListItem\",\"@id\":\"https:\\\/\\\/candas365.es\\\/noticias#listItem\",\"position\":1,\"name\":\"Home\",\"item\":\"https:\\\/\\\/candas365.es\\\/noticias\",\"nextItem\":{\"@type\":\"ListItem\",\"@id\":\"https:\\\/\\\/candas365.es\\\/noticias\\\/category\\\/actualidad\\\/#listItem\",\"name\":\"Actualidad\"}},{\"@type\":\"ListItem\",\"@id\":\"https:\\\/\\\/candas365.es\\\/noticias\\\/category\\\/actualidad\\\/#listItem\",\"position\":2,\"name\":\"Actualidad\",\"item\":\"https:\\\/\\\/candas365.es\\\/noticias\\\/category\\\/actualidad\\\/\",\"nextItem\":{\"@type\":\"ListItem\",\"@id\":\"https:\\\/\\\/candas365.es\\\/noticias\\\/merkel-condena-energicamente-el-golpe-de-estado-en-turquia\\\/#listItem\",\"name\":\"Merkel condena en\\u00e9rgicamente el golpe de Estado en Turqu\\u00eda\"},\"previousItem\":{\"@type\":\"ListItem\",\"@id\":\"https:\\\/\\\/candas365.es\\\/noticias#listItem\",\"name\":\"Home\"}},{\"@type\":\"ListItem\",\"@id\":\"https:\\\/\\\/candas365.es\\\/noticias\\\/merkel-condena-energicamente-el-golpe-de-estado-en-turquia\\\/#listItem\",\"position\":3,\"name\":\"Merkel condena en\\u00e9rgicamente el golpe de Estado en Turqu\\u00eda\",\"previousItem\":{\"@type\":\"ListItem\",\"@id\":\"https:\\\/\\\/candas365.es\\\/noticias\\\/category\\\/actualidad\\\/#listItem\",\"name\":\"Actualidad\"}}]},{\"@type\":\"NewsArticle\",\"@id\":\"https:\\\/\\\/candas365.es\\\/noticias\\\/merkel-condena-energicamente-el-golpe-de-estado-en-turquia\\\/#newsarticle\",\"name\":\"Merkel condena en\\u00e9rgicamente el golpe de Estado en Turqu\\u00eda | Cand\\u00e1s 365\",\"headline\":\"Merkel condena en\\u00e9rgicamente el golpe de Estado en Turqu\\u00eda\",\"author\":{\"@id\":\"https:\\\/\\\/candas365.es\\\/noticias\\\/author\\\/admin\\\/#author\"},\"publisher\":{\"@id\":\"https:\\\/\\\/candas365.es\\\/noticias\\\/#organization\"},\"image\":{\"@type\":\"ImageObject\",\"url\":\"https:\\\/\\\/candas365.es\\\/noticias\\\/wp-content\\\/uploads\\\/2015\\\/08\\\/merkel.jpg\",\"width\":655,\"height\":360},\"datePublished\":\"2016-07-16T22:39:37+02:00\",\"dateModified\":\"2016-07-16T22:39:37+02:00\",\"inLanguage\":\"es-ES\",\"mainEntityOfPage\":{\"@id\":\"https:\\\/\\\/candas365.es\\\/noticias\\\/merkel-condena-energicamente-el-golpe-de-estado-en-turquia\\\/#webpage\"},\"isPartOf\":{\"@id\":\"https:\\\/\\\/candas365.es\\\/noticias\\\/merkel-condena-energicamente-el-golpe-de-estado-en-turquia\\\/#webpage\"},\"articleSection\":\"Actualidad\",\"dateline\":\"Publicado el julio 16, 2016.\"},{\"@type\":\"Organization\",\"@id\":\"https:\\\/\\\/candas365.es\\\/noticias\\\/#organization\",\"name\":\"Cand\\u00e1s 365\",\"description\":\"Cand\\u00e1s 365 es un diario digital independiente, fundado en 2012, con base en Asturias. Informamos con rigor sobre actualidad, sociedad, cultura y ocio, con una mirada local y global.\",\"url\":\"https:\\\/\\\/candas365.es\\\/noticias\\\/\",\"email\":\"info@candas365.es\",\"telephone\":\"+34652131393\",\"foundingDate\":\"2012-06-10\",\"logo\":{\"@type\":\"ImageObject\",\"url\":\"https:\\\/\\\/candas365.es\\\/noticias\\\/wp-content\\\/uploads\\\/2024\\\/09\\\/Candas-365-Redes.jpg\",\"@id\":\"https:\\\/\\\/candas365.es\\\/noticias\\\/merkel-condena-energicamente-el-golpe-de-estado-en-turquia\\\/#organizationLogo\",\"width\":1152,\"height\":864,\"caption\":\"Cand\\u00e1s 365 Redes\"},\"image\":{\"@id\":\"https:\\\/\\\/candas365.es\\\/noticias\\\/merkel-condena-energicamente-el-golpe-de-estado-en-turquia\\\/#organizationLogo\"},\"sameAs\":[\"https:\\\/\\\/www.facebook.com\\\/Nachofdezber\",\"https:\\\/\\\/x.com\\\/NabercoDigital\",\"https:\\\/\\\/www.instagram.com\\\/nachofdezber\\\/\",\"https:\\\/\\\/www.youtube.com\\\/channel\\\/UCZP-2wLEB9Rv6erhFmqVnvg\"],\"address\":{\"@id\":\"https:\\\/\\\/candas365.es\\\/noticias\\\/#postaladdress\",\"@type\":\"PostalAddress\",\"streetAddress\":\"san antonio 4, san antonio 4\",\"postalCode\":\"33430\",\"addressLocality\":\"Cand\\u00e1s\",\"addressRegion\":\"Asturias\",\"addressCountry\":\"ES\"}},{\"@type\":\"Person\",\"@id\":\"https:\\\/\\\/candas365.es\\\/noticias\\\/author\\\/admin\\\/#author\",\"url\":\"https:\\\/\\\/candas365.es\\\/noticias\\\/author\\\/admin\\\/\",\"name\":\"Cand\\u00e1s 365\",\"image\":{\"@type\":\"ImageObject\",\"@id\":\"https:\\\/\\\/candas365.es\\\/noticias\\\/merkel-condena-energicamente-el-golpe-de-estado-en-turquia\\\/#authorImage\",\"url\":\"https:\\\/\\\/secure.gravatar.com\\\/avatar\\\/496a8e03d0c493ede1718b7934145dbdf8d89be1036b0eec9544e1094c9de390?s=96&d=mm&r=g\",\"width\":96,\"height\":96,\"caption\":\"Cand\\u00e1s 365\"},\"sameAs\":[\"https:\\\/\\\/www.facebook.com\\\/carrenoactualidad\",\"https:\\\/\\\/twitter.com\\\/nbasturias\",\"https:\\\/\\\/www.instagram.com\\\/nachofdezber\\\/\",\"https:\\\/\\\/www.youtube.com\\\/channel\\\/UCZP-2wLEB9Rv6erhFmqVnvg\"]},{\"@type\":\"WebPage\",\"@id\":\"https:\\\/\\\/candas365.es\\\/noticias\\\/merkel-condena-energicamente-el-golpe-de-estado-en-turquia\\\/#webpage\",\"url\":\"https:\\\/\\\/candas365.es\\\/noticias\\\/merkel-condena-energicamente-el-golpe-de-estado-en-turquia\\\/\",\"name\":\"Merkel condena en\\u00e9rgicamente el golpe de Estado en Turqu\\u00eda | Cand\\u00e1s 365\",\"description\":\"Berl\\u00edn, 16 jul (dpa) - La canciller alemana, Angela Merkel, manifest\\u00f3 hoy su en\\u00e9rgica condena al intento de golpe de Estado perpetrado anoche en Turqu\\u00eda y mostr\\u00f3 su apoyo al presidente del pa\\u00eds, Recep Tayyip Erdogan, as\\u00ed como a las instituciones democr\\u00e1ticas del pa\\u00eds. \\\"Es triste que tanta gente haya tenido que pagar con su\",\"inLanguage\":\"es-ES\",\"isPartOf\":{\"@id\":\"https:\\\/\\\/candas365.es\\\/noticias\\\/#website\"},\"breadcrumb\":{\"@id\":\"https:\\\/\\\/candas365.es\\\/noticias\\\/merkel-condena-energicamente-el-golpe-de-estado-en-turquia\\\/#breadcrumblist\"},\"author\":{\"@id\":\"https:\\\/\\\/candas365.es\\\/noticias\\\/author\\\/admin\\\/#author\"},\"creator\":{\"@id\":\"https:\\\/\\\/candas365.es\\\/noticias\\\/author\\\/admin\\\/#author\"},\"image\":{\"@type\":\"ImageObject\",\"url\":\"https:\\\/\\\/candas365.es\\\/noticias\\\/wp-content\\\/uploads\\\/2015\\\/08\\\/merkel.jpg\",\"@id\":\"https:\\\/\\\/candas365.es\\\/noticias\\\/merkel-condena-energicamente-el-golpe-de-estado-en-turquia\\\/#mainImage\",\"width\":655,\"height\":360},\"primaryImageOfPage\":{\"@id\":\"https:\\\/\\\/candas365.es\\\/noticias\\\/merkel-condena-energicamente-el-golpe-de-estado-en-turquia\\\/#mainImage\"},\"datePublished\":\"2016-07-16T22:39:37+02:00\",\"dateModified\":\"2016-07-16T22:39:37+02:00\"},{\"@type\":\"WebSite\",\"@id\":\"https:\\\/\\\/candas365.es\\\/noticias\\\/#website\",\"url\":\"https:\\\/\\\/candas365.es\\\/noticias\\\/\",\"name\":\"Cand\\u00e1s 365\",\"alternateName\":\"Cand\\u00e1s 365 Noticias\",\"description\":\"Actualidad desde Carre\\u00f1o para el mundo\",\"inLanguage\":\"es-ES\",\"publisher\":{\"@id\":\"https:\\\/\\\/candas365.es\\\/noticias\\\/#organization\"}}]}\n\t\t<\/script>\n\t\t<!-- All in One SEO Pro -->\r\n\t\t<title>Merkel condena en\u00e9rgicamente el golpe de Estado en Turqu\u00eda | Cand\u00e1s 365<\/title>\n\n","aioseo_head_json":{"title":"Merkel condena en\u00e9rgicamente el golpe de Estado en Turqu\u00eda | Cand\u00e1s 365","description":"Berl\u00edn, 16 jul (dpa) - La canciller alemana, Angela Merkel, manifest\u00f3 hoy su en\u00e9rgica condena al intento de golpe de Estado perpetrado anoche en Turqu\u00eda y mostr\u00f3 su apoyo al presidente del pa\u00eds, Recep Tayyip Erdogan, as\u00ed como a las instituciones democr\u00e1ticas del pa\u00eds. \"Es triste que tanta gente haya tenido que pagar con su","canonical_url":"https:\/\/candas365.es\/noticias\/merkel-condena-energicamente-el-golpe-de-estado-en-turquia\/","robots":"max-image-preview:large","keywords":"actualidad","webmasterTools":{"google-site-verification":"UA-32230408-1","msvalidate.01":"354F3CDFB2DA171B47FBE9ABF1F88D5","miscellaneous":""},"schema":{"@context":"https:\/\/schema.org","@graph":[{"@type":"BreadcrumbList","@id":"https:\/\/candas365.es\/noticias\/merkel-condena-energicamente-el-golpe-de-estado-en-turquia\/#breadcrumblist","itemListElement":[{"@type":"ListItem","@id":"https:\/\/candas365.es\/noticias#listItem","position":1,"name":"Home","item":"https:\/\/candas365.es\/noticias","nextItem":{"@type":"ListItem","@id":"https:\/\/candas365.es\/noticias\/category\/actualidad\/#listItem","name":"Actualidad"}},{"@type":"ListItem","@id":"https:\/\/candas365.es\/noticias\/category\/actualidad\/#listItem","position":2,"name":"Actualidad","item":"https:\/\/candas365.es\/noticias\/category\/actualidad\/","nextItem":{"@type":"ListItem","@id":"https:\/\/candas365.es\/noticias\/merkel-condena-energicamente-el-golpe-de-estado-en-turquia\/#listItem","name":"Merkel condena en\u00e9rgicamente el golpe de Estado en Turqu\u00eda"},"previousItem":{"@type":"ListItem","@id":"https:\/\/candas365.es\/noticias#listItem","name":"Home"}},{"@type":"ListItem","@id":"https:\/\/candas365.es\/noticias\/merkel-condena-energicamente-el-golpe-de-estado-en-turquia\/#listItem","position":3,"name":"Merkel condena en\u00e9rgicamente el golpe de Estado en Turqu\u00eda","previousItem":{"@type":"ListItem","@id":"https:\/\/candas365.es\/noticias\/category\/actualidad\/#listItem","name":"Actualidad"}}]},{"@type":"NewsArticle","@id":"https:\/\/candas365.es\/noticias\/merkel-condena-energicamente-el-golpe-de-estado-en-turquia\/#newsarticle","name":"Merkel condena en\u00e9rgicamente el golpe de Estado en Turqu\u00eda | Cand\u00e1s 365","headline":"Merkel condena en\u00e9rgicamente el golpe de Estado en Turqu\u00eda","author":{"@id":"https:\/\/candas365.es\/noticias\/author\/admin\/#author"},"publisher":{"@id":"https:\/\/candas365.es\/noticias\/#organization"},"image":{"@type":"ImageObject","url":"https:\/\/candas365.es\/noticias\/wp-content\/uploads\/2015\/08\/merkel.jpg","width":655,"height":360},"datePublished":"2016-07-16T22:39:37+02:00","dateModified":"2016-07-16T22:39:37+02:00","inLanguage":"es-ES","mainEntityOfPage":{"@id":"https:\/\/candas365.es\/noticias\/merkel-condena-energicamente-el-golpe-de-estado-en-turquia\/#webpage"},"isPartOf":{"@id":"https:\/\/candas365.es\/noticias\/merkel-condena-energicamente-el-golpe-de-estado-en-turquia\/#webpage"},"articleSection":"Actualidad","dateline":"Publicado el julio 16, 2016."},{"@type":"Organization","@id":"https:\/\/candas365.es\/noticias\/#organization","name":"Cand\u00e1s 365","description":"Cand\u00e1s 365 es un diario digital independiente, fundado en 2012, con base en Asturias. Informamos con rigor sobre actualidad, sociedad, cultura y ocio, con una mirada local y global.","url":"https:\/\/candas365.es\/noticias\/","email":"info@candas365.es","telephone":"+34652131393","foundingDate":"2012-06-10","logo":{"@type":"ImageObject","url":"https:\/\/candas365.es\/noticias\/wp-content\/uploads\/2024\/09\/Candas-365-Redes.jpg","@id":"https:\/\/candas365.es\/noticias\/merkel-condena-energicamente-el-golpe-de-estado-en-turquia\/#organizationLogo","width":1152,"height":864,"caption":"Cand\u00e1s 365 Redes"},"image":{"@id":"https:\/\/candas365.es\/noticias\/merkel-condena-energicamente-el-golpe-de-estado-en-turquia\/#organizationLogo"},"sameAs":["https:\/\/www.facebook.com\/Nachofdezber","https:\/\/x.com\/NabercoDigital","https:\/\/www.instagram.com\/nachofdezber\/","https:\/\/www.youtube.com\/channel\/UCZP-2wLEB9Rv6erhFmqVnvg"],"address":{"@id":"https:\/\/candas365.es\/noticias\/#postaladdress","@type":"PostalAddress","streetAddress":"san antonio 4, san antonio 4","postalCode":"33430","addressLocality":"Cand\u00e1s","addressRegion":"Asturias","addressCountry":"ES"}},{"@type":"Person","@id":"https:\/\/candas365.es\/noticias\/author\/admin\/#author","url":"https:\/\/candas365.es\/noticias\/author\/admin\/","name":"Cand\u00e1s 365","image":{"@type":"ImageObject","@id":"https:\/\/candas365.es\/noticias\/merkel-condena-energicamente-el-golpe-de-estado-en-turquia\/#authorImage","url":"https:\/\/secure.gravatar.com\/avatar\/496a8e03d0c493ede1718b7934145dbdf8d89be1036b0eec9544e1094c9de390?s=96&d=mm&r=g","width":96,"height":96,"caption":"Cand\u00e1s 365"},"sameAs":["https:\/\/www.facebook.com\/carrenoactualidad","https:\/\/twitter.com\/nbasturias","https:\/\/www.instagram.com\/nachofdezber\/","https:\/\/www.youtube.com\/channel\/UCZP-2wLEB9Rv6erhFmqVnvg"]},{"@type":"WebPage","@id":"https:\/\/candas365.es\/noticias\/merkel-condena-energicamente-el-golpe-de-estado-en-turquia\/#webpage","url":"https:\/\/candas365.es\/noticias\/merkel-condena-energicamente-el-golpe-de-estado-en-turquia\/","name":"Merkel condena en\u00e9rgicamente el golpe de Estado en Turqu\u00eda | Cand\u00e1s 365","description":"Berl\u00edn, 16 jul (dpa) - La canciller alemana, Angela Merkel, manifest\u00f3 hoy su en\u00e9rgica condena al intento de golpe de Estado perpetrado anoche en Turqu\u00eda y mostr\u00f3 su apoyo al presidente del pa\u00eds, Recep Tayyip Erdogan, as\u00ed como a las instituciones democr\u00e1ticas del pa\u00eds. \"Es triste que tanta gente haya tenido que pagar con su","inLanguage":"es-ES","isPartOf":{"@id":"https:\/\/candas365.es\/noticias\/#website"},"breadcrumb":{"@id":"https:\/\/candas365.es\/noticias\/merkel-condena-energicamente-el-golpe-de-estado-en-turquia\/#breadcrumblist"},"author":{"@id":"https:\/\/candas365.es\/noticias\/author\/admin\/#author"},"creator":{"@id":"https:\/\/candas365.es\/noticias\/author\/admin\/#author"},"image":{"@type":"ImageObject","url":"https:\/\/candas365.es\/noticias\/wp-content\/uploads\/2015\/08\/merkel.jpg","@id":"https:\/\/candas365.es\/noticias\/merkel-condena-energicamente-el-golpe-de-estado-en-turquia\/#mainImage","width":655,"height":360},"primaryImageOfPage":{"@id":"https:\/\/candas365.es\/noticias\/merkel-condena-energicamente-el-golpe-de-estado-en-turquia\/#mainImage"},"datePublished":"2016-07-16T22:39:37+02:00","dateModified":"2016-07-16T22:39:37+02:00"},{"@type":"WebSite","@id":"https:\/\/candas365.es\/noticias\/#website","url":"https:\/\/candas365.es\/noticias\/","name":"Cand\u00e1s 365","alternateName":"Cand\u00e1s 365 Noticias","description":"Actualidad desde Carre\u00f1o para el mundo","inLanguage":"es-ES","publisher":{"@id":"https:\/\/candas365.es\/noticias\/#organization"}}]},"og:locale":"es_ES","og:site_name":"Cand\u00e1s 365","og:type":"article","og:title":"Merkel condena en\u00e9rgicamente el golpe de Estado en Turqu\u00eda | Cand\u00e1s 365","og:description":"Berl\u00edn, 16 jul (dpa) - La canciller alemana, Angela Merkel, manifest\u00f3 hoy su en\u00e9rgica condena al intento de golpe de Estado perpetrado anoche en Turqu\u00eda y mostr\u00f3 su apoyo al presidente del pa\u00eds, Recep Tayyip Erdogan, as\u00ed como a las instituciones democr\u00e1ticas del pa\u00eds. &quot;Es triste que tanta gente haya tenido que pagar con su","og:url":"https:\/\/candas365.es\/noticias\/merkel-condena-energicamente-el-golpe-de-estado-en-turquia\/","og:image":"https:\/\/candas365.es\/noticias\/wp-content\/uploads\/2015\/08\/merkel.jpg","og:image:secure_url":"https:\/\/candas365.es\/noticias\/wp-content\/uploads\/2015\/08\/merkel.jpg","og:image:width":655,"og:image:height":360,"article:published_time":"2016-07-16T21:09:37+00:00","article:modified_time":"2016-07-16T21:09:37+00:00","article:publisher":"https:\/\/www.facebook.com\/Nachofdezber","article:author":"https:\/\/www.facebook.com\/carrenoactualidad","twitter:card":"summary_large_image","twitter:site":"@NabercoDigital","twitter:title":"Merkel condena en\u00e9rgicamente el golpe de Estado en Turqu\u00eda | Cand\u00e1s 365","twitter:description":"Berl\u00edn, 16 jul (dpa) - La canciller alemana, Angela Merkel, manifest\u00f3 hoy su en\u00e9rgica condena al intento de golpe de Estado perpetrado anoche en Turqu\u00eda y mostr\u00f3 su apoyo al presidente del pa\u00eds, Recep Tayyip Erdogan, as\u00ed como a las instituciones democr\u00e1ticas del pa\u00eds. &quot;Es triste que tanta gente haya tenido que pagar con su","twitter:creator":"@nbasturias","twitter:image":"https:\/\/candas365.es\/noticias\/wp-content\/uploads\/2015\/08\/merkel.jpg","twitter:label1":"Escrito por","twitter:data1":"Cand\u00e1s 365","twitter:label2":"Tiempo de lectura estimado","twitter:data2":"3 minutos"},"aioseo_meta_data":{"post_id":"32156","title":null,"description":null,"keywords":null,"keyphrases":null,"primary_term":null,"canonical_url":null,"og_title":null,"og_description":null,"og_object_type":"default","og_image_type":"default","og_image_url":null,"og_image_width":null,"og_image_height":null,"og_image_custom_url":null,"og_image_custom_fields":null,"og_video":null,"og_custom_url":null,"og_article_section":null,"og_article_tags":null,"twitter_use_og":false,"twitter_card":"default","twitter_image_type":"default","twitter_image_url":null,"twitter_image_custom_url":null,"twitter_image_custom_fields":null,"twitter_title":null,"twitter_description":null,"schema":{"blockGraphs":[],"customGraphs":[],"default":{"data":{"Article":[],"Course":[],"Dataset":[],"FAQPage":[],"Movie":[],"Person":[],"Product":[],"ProductReview":[],"Car":[],"Recipe":[],"Service":[],"SoftwareApplication":[],"WebPage":[]},"graphName":"","isEnabled":true},"graphs":[],"defaultGraph":"","defaultPostTypeGraph":""},"schema_type":null,"schema_type_options":null,"pillar_content":false,"robots_default":true,"robots_noindex":false,"robots_noarchive":false,"robots_nosnippet":false,"robots_nofollow":false,"robots_noimageindex":false,"robots_noodp":false,"robots_notranslate":false,"robots_max_snippet":null,"robots_max_videopreview":null,"robots_max_imagepreview":"large","priority":null,"frequency":null,"location":null,"local_seo":null,"seo_analyzer_scan_date":"2025-08-24 14:59:12","breadcrumb_settings":null,"limit_modified_date":false,"reviewed_by":null,"open_ai":null,"ai":null,"created":"2020-12-21 13:02:56","updated":"2025-08-24 14:59:12"},"aioseo_breadcrumb":"<div class=\"aioseo-breadcrumbs\"><span class=\"aioseo-breadcrumb\">\n\t<a href=\"https:\/\/candas365.es\/noticias\" title=\"Home\">Home<\/a>\n<\/span><span class=\"aioseo-breadcrumb-separator\">&ndash;<\/span><span class=\"aioseo-breadcrumb\">\n\t<a href=\"https:\/\/candas365.es\/noticias\/category\/actualidad\/\" title=\"Actualidad\">Actualidad<\/a>\n<\/span><span class=\"aioseo-breadcrumb-separator\">&ndash;<\/span><span class=\"aioseo-breadcrumb\">\n\tMerkel condena en\u00e9rgicamente el golpe de Estado en Turqu\u00eda\n<\/span><\/div>","aioseo_breadcrumb_json":[{"label":"Home","link":"https:\/\/candas365.es\/noticias"},{"label":"Actualidad","link":"https:\/\/candas365.es\/noticias\/category\/actualidad\/"},{"label":"Merkel condena en\u00e9rgicamente el golpe de Estado en Turqu\u00eda","link":"https:\/\/candas365.es\/noticias\/merkel-condena-energicamente-el-golpe-de-estado-en-turquia\/"}],"_links":{"self":[{"href":"https:\/\/candas365.es\/noticias\/wp-json\/wp\/v2\/posts\/32156","targetHints":{"allow":["GET"]}}],"collection":[{"href":"https:\/\/candas365.es\/noticias\/wp-json\/wp\/v2\/posts"}],"about":[{"href":"https:\/\/candas365.es\/noticias\/wp-json\/wp\/v2\/types\/post"}],"author":[{"embeddable":true,"href":"https:\/\/candas365.es\/noticias\/wp-json\/wp\/v2\/users\/1"}],"replies":[{"embeddable":true,"href":"https:\/\/candas365.es\/noticias\/wp-json\/wp\/v2\/comments?post=32156"}],"version-history":[{"count":0,"href":"https:\/\/candas365.es\/noticias\/wp-json\/wp\/v2\/posts\/32156\/revisions"}],"wp:featuredmedia":[{"embeddable":true,"href":"https:\/\/candas365.es\/noticias\/wp-json\/wp\/v2\/media\/14622"}],"wp:attachment":[{"href":"https:\/\/candas365.es\/noticias\/wp-json\/wp\/v2\/media?parent=32156"}],"wp:term":[{"taxonomy":"category","embeddable":true,"href":"https:\/\/candas365.es\/noticias\/wp-json\/wp\/v2\/categories?post=32156"},{"taxonomy":"post_tag","embeddable":true,"href":"https:\/\/candas365.es\/noticias\/wp-json\/wp\/v2\/tags?post=32156"}],"curies":[{"name":"wp","href":"https:\/\/api.w.org\/{rel}","templated":true}]}}