{"id":32152,"date":"2016-07-16T22:25:54","date_gmt":"2016-07-16T20:55:54","guid":{"rendered":"http:\/\/candas365.es\/noticias\/?p=32152"},"modified":"2016-07-16T22:25:54","modified_gmt":"2016-07-16T20:55:54","slug":"aerolineas-alemanas-alteran-sus-vuelos-a-turquia-tras-golpe-de-estado","status":"publish","type":"post","link":"https:\/\/candas365.es\/noticias\/aerolineas-alemanas-alteran-sus-vuelos-a-turquia-tras-golpe-de-estado\/","title":{"rendered":"Aerol\u00edneas alemanas alteran sus vuelos a Turqu\u00eda tras golpe de Estado"},"content":{"rendered":"<p>Fr\u00e1ncfort, 16 jul (dpa) &#8211; Tras el intento de golpe de Estado en Turqu\u00eda, las aerol\u00edneas alemanas informaron hoy de alteraciones en sus planes de vuelo con destino al pa\u00eds del B\u00f3sforo.<\/p>\n<p>Lufthansa decidi\u00f3 cancelar dos conexiones entre Fr\u00e1ncfort y Estambul debido a la situaci\u00f3n de incertidumbre, seg\u00fan inform\u00f3 un portavoz de la compa\u00f1\u00eda.<\/p>\n<p>Con estas dos cancelaciones, son ya tres los aviones de la aerol\u00ednea germana que, a pesar de tener previstos vuelos a Turqu\u00eda para este s\u00e1bado, se quedan en tierra.<\/p>\n<p>Todav\u00eda est\u00e1 por confirmar si despegar\u00e1n otras dos aeronaves con origen Fr\u00e1ncfort y destino Antalya y Bodrum, respectivamente, que estaban planeadas para esta tarde.<\/p>\n<p>Lufthansa recomienda a sus pasajeros que est\u00e9n en contacto con la aerol\u00ednea y con las agencias de viaje para mantenerse puntualmente informados de la actual situaci\u00f3n y de las posibles modificaciones que puedan sufrir sus planes de vuelo.<\/p>\n<p>Por su parte, Air Berlin decidi\u00f3 hoy retomar sus conexiones con la regi\u00f3n tur\u00edstica de Antalya despu\u00e9s de haber cancelado anoche un vuelo que ten\u00eda previsto despegar desde Viena.<\/p>\n<p>\u00abHemos decidido reanudar los vuelos con destino a Turqu\u00eda\u00bb, se\u00f1al\u00f3 un portavoz de la compa\u00f1\u00eda. La aerol\u00ednea asegura estar en estrecho contacto con las autoridades y se mantiene vigilante ante la situaci\u00f3n pol\u00edtica del pa\u00eds.<\/p>\n<p>La regi\u00f3n de Antalya es el \u00fanico destino en Turqu\u00eda al que vuela Air Berlin. Tras el intento fallido de golpe de Estado, la aerol\u00ednea permite a los clientes que no quieran viajar al pa\u00eds del B\u00f3sforo cancelar sus vuelos sin coste alguno hasta el pr\u00f3ximo 20 de julio, seg\u00fan inform\u00f3 un vocero.<\/p>\n","protected":false},"excerpt":{"rendered":"<p>Fr\u00e1ncfort, 16 jul (dpa) &#8211; Tras el intento de golpe de Estado en Turqu\u00eda, las aerol\u00edneas alemanas informaron hoy de alteraciones en sus planes de vuelo con destino al pa\u00eds del B\u00f3sforo. Lufthansa decidi\u00f3 cancelar dos conexiones entre Fr\u00e1ncfort y Estambul debido a la situaci\u00f3n de incertidumbre, seg\u00fan inform\u00f3 un portavoz de la compa\u00f1\u00eda. Con<\/p>\n","protected":false},"author":1,"featured_media":16457,"comment_status":"closed","ping_status":"closed","sticky":false,"template":"","format":"standard","meta":{"footnotes":""},"categories":[343],"tags":[],"class_list":{"0":"post-32152","1":"post","2":"type-post","3":"status-publish","4":"format-standard","5":"has-post-thumbnail","7":"category-actualidad"},"aioseo_notices":[],"aioseo_head":"\n\t\t<!-- All in One SEO Pro 4.9.6.2 - aioseo.com -->\n\t<meta name=\"description\" content=\"Fr\u00e1ncfort, 16 jul (dpa) - Tras el intento de golpe de Estado en Turqu\u00eda, las aerol\u00edneas alemanas informaron hoy de alteraciones en sus planes de vuelo con destino al pa\u00eds del B\u00f3sforo. Lufthansa decidi\u00f3 cancelar dos conexiones entre Fr\u00e1ncfort y Estambul debido a la situaci\u00f3n de incertidumbre, seg\u00fan inform\u00f3 un portavoz de la compa\u00f1\u00eda. Con\" \/>\n\t<meta name=\"robots\" content=\"max-image-preview:large\" \/>\n\t<meta name=\"author\" content=\"Cand\u00e1s 365\"\/>\n\t<meta name=\"google-site-verification\" content=\"UA-32230408-1\" \/>\n\t<meta name=\"msvalidate.01\" content=\"354F3CDFB2DA171B47FBE9ABF1F88D5\" \/>\n\t<meta name=\"keywords\" content=\"actualidad\" \/>\n\t<link rel=\"canonical\" href=\"https:\/\/candas365.es\/noticias\/aerolineas-alemanas-alteran-sus-vuelos-a-turquia-tras-golpe-de-estado\/\" \/>\n\t<meta name=\"generator\" content=\"All in One SEO Pro (AIOSEO) 4.9.6.2\" \/>\n\t\t<meta property=\"og:locale\" content=\"es_ES\" \/>\n\t\t<meta property=\"og:site_name\" content=\"Cand\u00e1s 365\" \/>\n\t\t<meta property=\"og:type\" content=\"article\" \/>\n\t\t<meta property=\"og:title\" content=\"Aerol\u00edneas alemanas alteran sus vuelos a Turqu\u00eda tras golpe de Estado | Cand\u00e1s 365\" \/>\n\t\t<meta property=\"og:description\" content=\"Fr\u00e1ncfort, 16 jul (dpa) - Tras el intento de golpe de Estado en Turqu\u00eda, las aerol\u00edneas alemanas informaron hoy de alteraciones en sus planes de vuelo con destino al pa\u00eds del B\u00f3sforo. Lufthansa decidi\u00f3 cancelar dos conexiones entre Fr\u00e1ncfort y Estambul debido a la situaci\u00f3n de incertidumbre, seg\u00fan inform\u00f3 un portavoz de la compa\u00f1\u00eda. Con\" \/>\n\t\t<meta property=\"og:url\" content=\"https:\/\/candas365.es\/noticias\/aerolineas-alemanas-alteran-sus-vuelos-a-turquia-tras-golpe-de-estado\/\" \/>\n\t\t<meta property=\"og:image\" content=\"https:\/\/candas365.es\/noticias\/wp-content\/uploads\/2015\/09\/c365noticias.jpg\" \/>\n\t\t<meta property=\"og:image:secure_url\" content=\"https:\/\/candas365.es\/noticias\/wp-content\/uploads\/2015\/09\/c365noticias.jpg\" \/>\n\t\t<meta property=\"og:image:width\" content=\"655\" \/>\n\t\t<meta property=\"og:image:height\" content=\"360\" \/>\n\t\t<meta property=\"article:published_time\" content=\"2016-07-16T20:55:54+00:00\" \/>\n\t\t<meta property=\"article:modified_time\" content=\"2016-07-16T20:55:54+00:00\" \/>\n\t\t<meta property=\"article:publisher\" content=\"https:\/\/www.facebook.com\/Nachofdezber\" \/>\n\t\t<meta property=\"article:author\" content=\"https:\/\/www.facebook.com\/carrenoactualidad\" \/>\n\t\t<meta name=\"twitter:card\" content=\"summary_large_image\" \/>\n\t\t<meta name=\"twitter:site\" content=\"@NabercoDigital\" \/>\n\t\t<meta name=\"twitter:title\" content=\"Aerol\u00edneas alemanas alteran sus vuelos a Turqu\u00eda tras golpe de Estado | Cand\u00e1s 365\" \/>\n\t\t<meta name=\"twitter:description\" content=\"Fr\u00e1ncfort, 16 jul (dpa) - Tras el intento de golpe de Estado en Turqu\u00eda, las aerol\u00edneas alemanas informaron hoy de alteraciones en sus planes de vuelo con destino al pa\u00eds del B\u00f3sforo. Lufthansa decidi\u00f3 cancelar dos conexiones entre Fr\u00e1ncfort y Estambul debido a la situaci\u00f3n de incertidumbre, seg\u00fan inform\u00f3 un portavoz de la compa\u00f1\u00eda. Con\" \/>\n\t\t<meta name=\"twitter:creator\" content=\"@nbasturias\" \/>\n\t\t<meta name=\"twitter:image\" content=\"https:\/\/candas365.es\/noticias\/wp-content\/uploads\/2015\/09\/c365noticias.jpg\" \/>\n\t\t<meta name=\"twitter:label1\" content=\"Escrito por\" \/>\n\t\t<meta name=\"twitter:data1\" content=\"Cand\u00e1s 365\" \/>\n\t\t<meta name=\"twitter:label2\" content=\"Tiempo de lectura estimado\" \/>\n\t\t<meta name=\"twitter:data2\" content=\"1 minuto\" \/>\n\t\t<script type=\"application\/ld+json\" class=\"aioseo-schema\">\n\t\t\t{\"@context\":\"https:\\\/\\\/schema.org\",\"@graph\":[{\"@type\":\"BreadcrumbList\",\"@id\":\"https:\\\/\\\/candas365.es\\\/noticias\\\/aerolineas-alemanas-alteran-sus-vuelos-a-turquia-tras-golpe-de-estado\\\/#breadcrumblist\",\"itemListElement\":[{\"@type\":\"ListItem\",\"@id\":\"https:\\\/\\\/candas365.es\\\/noticias#listItem\",\"position\":1,\"name\":\"Home\",\"item\":\"https:\\\/\\\/candas365.es\\\/noticias\",\"nextItem\":{\"@type\":\"ListItem\",\"@id\":\"https:\\\/\\\/candas365.es\\\/noticias\\\/category\\\/actualidad\\\/#listItem\",\"name\":\"Actualidad\"}},{\"@type\":\"ListItem\",\"@id\":\"https:\\\/\\\/candas365.es\\\/noticias\\\/category\\\/actualidad\\\/#listItem\",\"position\":2,\"name\":\"Actualidad\",\"item\":\"https:\\\/\\\/candas365.es\\\/noticias\\\/category\\\/actualidad\\\/\",\"nextItem\":{\"@type\":\"ListItem\",\"@id\":\"https:\\\/\\\/candas365.es\\\/noticias\\\/aerolineas-alemanas-alteran-sus-vuelos-a-turquia-tras-golpe-de-estado\\\/#listItem\",\"name\":\"Aerol\\u00edneas alemanas alteran sus vuelos a Turqu\\u00eda tras golpe de Estado\"},\"previousItem\":{\"@type\":\"ListItem\",\"@id\":\"https:\\\/\\\/candas365.es\\\/noticias#listItem\",\"name\":\"Home\"}},{\"@type\":\"ListItem\",\"@id\":\"https:\\\/\\\/candas365.es\\\/noticias\\\/aerolineas-alemanas-alteran-sus-vuelos-a-turquia-tras-golpe-de-estado\\\/#listItem\",\"position\":3,\"name\":\"Aerol\\u00edneas alemanas alteran sus vuelos a Turqu\\u00eda tras golpe de Estado\",\"previousItem\":{\"@type\":\"ListItem\",\"@id\":\"https:\\\/\\\/candas365.es\\\/noticias\\\/category\\\/actualidad\\\/#listItem\",\"name\":\"Actualidad\"}}]},{\"@type\":\"NewsArticle\",\"@id\":\"https:\\\/\\\/candas365.es\\\/noticias\\\/aerolineas-alemanas-alteran-sus-vuelos-a-turquia-tras-golpe-de-estado\\\/#newsarticle\",\"name\":\"Aerol\\u00edneas alemanas alteran sus vuelos a Turqu\\u00eda tras golpe de Estado | Cand\\u00e1s 365\",\"headline\":\"Aerol\\u00edneas alemanas alteran sus vuelos a Turqu\\u00eda tras golpe de Estado\",\"author\":{\"@id\":\"https:\\\/\\\/candas365.es\\\/noticias\\\/author\\\/admin\\\/#author\"},\"publisher\":{\"@id\":\"https:\\\/\\\/candas365.es\\\/noticias\\\/#organization\"},\"image\":{\"@type\":\"ImageObject\",\"url\":\"https:\\\/\\\/candas365.es\\\/noticias\\\/wp-content\\\/uploads\\\/2015\\\/09\\\/c365noticias.jpg\",\"width\":655,\"height\":360},\"datePublished\":\"2016-07-16T22:25:54+02:00\",\"dateModified\":\"2016-07-16T22:25:54+02:00\",\"inLanguage\":\"es-ES\",\"mainEntityOfPage\":{\"@id\":\"https:\\\/\\\/candas365.es\\\/noticias\\\/aerolineas-alemanas-alteran-sus-vuelos-a-turquia-tras-golpe-de-estado\\\/#webpage\"},\"isPartOf\":{\"@id\":\"https:\\\/\\\/candas365.es\\\/noticias\\\/aerolineas-alemanas-alteran-sus-vuelos-a-turquia-tras-golpe-de-estado\\\/#webpage\"},\"articleSection\":\"Actualidad\",\"dateline\":\"Publicado el julio 16, 2016.\"},{\"@type\":\"Organization\",\"@id\":\"https:\\\/\\\/candas365.es\\\/noticias\\\/#organization\",\"name\":\"Cand\\u00e1s 365\",\"description\":\"Cand\\u00e1s 365 es un diario digital independiente, fundado en 2012, con base en Asturias. Informamos con rigor sobre actualidad, sociedad, cultura y ocio, con una mirada local y global.\",\"url\":\"https:\\\/\\\/candas365.es\\\/noticias\\\/\",\"email\":\"info@candas365.es\",\"telephone\":\"+34652131393\",\"foundingDate\":\"2012-06-10\",\"logo\":{\"@type\":\"ImageObject\",\"url\":\"https:\\\/\\\/candas365.es\\\/noticias\\\/wp-content\\\/uploads\\\/2024\\\/09\\\/Candas-365-Redes.jpg\",\"@id\":\"https:\\\/\\\/candas365.es\\\/noticias\\\/aerolineas-alemanas-alteran-sus-vuelos-a-turquia-tras-golpe-de-estado\\\/#organizationLogo\",\"width\":1152,\"height\":864,\"caption\":\"Cand\\u00e1s 365 Redes\"},\"image\":{\"@id\":\"https:\\\/\\\/candas365.es\\\/noticias\\\/aerolineas-alemanas-alteran-sus-vuelos-a-turquia-tras-golpe-de-estado\\\/#organizationLogo\"},\"sameAs\":[\"https:\\\/\\\/www.facebook.com\\\/Nachofdezber\",\"https:\\\/\\\/x.com\\\/NabercoDigital\",\"https:\\\/\\\/www.instagram.com\\\/nachofdezber\\\/\",\"https:\\\/\\\/www.youtube.com\\\/channel\\\/UCZP-2wLEB9Rv6erhFmqVnvg\"],\"address\":{\"@id\":\"https:\\\/\\\/candas365.es\\\/noticias\\\/#postaladdress\",\"@type\":\"PostalAddress\",\"streetAddress\":\"san antonio 4, san antonio 4\",\"postalCode\":\"33430\",\"addressLocality\":\"Cand\\u00e1s\",\"addressRegion\":\"Asturias\",\"addressCountry\":\"ES\"}},{\"@type\":\"Person\",\"@id\":\"https:\\\/\\\/candas365.es\\\/noticias\\\/author\\\/admin\\\/#author\",\"url\":\"https:\\\/\\\/candas365.es\\\/noticias\\\/author\\\/admin\\\/\",\"name\":\"Cand\\u00e1s 365\",\"image\":{\"@type\":\"ImageObject\",\"@id\":\"https:\\\/\\\/candas365.es\\\/noticias\\\/aerolineas-alemanas-alteran-sus-vuelos-a-turquia-tras-golpe-de-estado\\\/#authorImage\",\"url\":\"https:\\\/\\\/secure.gravatar.com\\\/avatar\\\/496a8e03d0c493ede1718b7934145dbdf8d89be1036b0eec9544e1094c9de390?s=96&d=mm&r=g\",\"width\":96,\"height\":96,\"caption\":\"Cand\\u00e1s 365\"},\"sameAs\":[\"https:\\\/\\\/www.facebook.com\\\/carrenoactualidad\",\"https:\\\/\\\/twitter.com\\\/nbasturias\",\"https:\\\/\\\/www.instagram.com\\\/nachofdezber\\\/\",\"https:\\\/\\\/www.youtube.com\\\/channel\\\/UCZP-2wLEB9Rv6erhFmqVnvg\"]},{\"@type\":\"WebPage\",\"@id\":\"https:\\\/\\\/candas365.es\\\/noticias\\\/aerolineas-alemanas-alteran-sus-vuelos-a-turquia-tras-golpe-de-estado\\\/#webpage\",\"url\":\"https:\\\/\\\/candas365.es\\\/noticias\\\/aerolineas-alemanas-alteran-sus-vuelos-a-turquia-tras-golpe-de-estado\\\/\",\"name\":\"Aerol\\u00edneas alemanas alteran sus vuelos a Turqu\\u00eda tras golpe de Estado | Cand\\u00e1s 365\",\"description\":\"Fr\\u00e1ncfort, 16 jul (dpa) - Tras el intento de golpe de Estado en Turqu\\u00eda, las aerol\\u00edneas alemanas informaron hoy de alteraciones en sus planes de vuelo con destino al pa\\u00eds del B\\u00f3sforo. Lufthansa decidi\\u00f3 cancelar dos conexiones entre Fr\\u00e1ncfort y Estambul debido a la situaci\\u00f3n de incertidumbre, seg\\u00fan inform\\u00f3 un portavoz de la compa\\u00f1\\u00eda. Con\",\"inLanguage\":\"es-ES\",\"isPartOf\":{\"@id\":\"https:\\\/\\\/candas365.es\\\/noticias\\\/#website\"},\"breadcrumb\":{\"@id\":\"https:\\\/\\\/candas365.es\\\/noticias\\\/aerolineas-alemanas-alteran-sus-vuelos-a-turquia-tras-golpe-de-estado\\\/#breadcrumblist\"},\"author\":{\"@id\":\"https:\\\/\\\/candas365.es\\\/noticias\\\/author\\\/admin\\\/#author\"},\"creator\":{\"@id\":\"https:\\\/\\\/candas365.es\\\/noticias\\\/author\\\/admin\\\/#author\"},\"image\":{\"@type\":\"ImageObject\",\"url\":\"https:\\\/\\\/candas365.es\\\/noticias\\\/wp-content\\\/uploads\\\/2015\\\/09\\\/c365noticias.jpg\",\"@id\":\"https:\\\/\\\/candas365.es\\\/noticias\\\/aerolineas-alemanas-alteran-sus-vuelos-a-turquia-tras-golpe-de-estado\\\/#mainImage\",\"width\":655,\"height\":360},\"primaryImageOfPage\":{\"@id\":\"https:\\\/\\\/candas365.es\\\/noticias\\\/aerolineas-alemanas-alteran-sus-vuelos-a-turquia-tras-golpe-de-estado\\\/#mainImage\"},\"datePublished\":\"2016-07-16T22:25:54+02:00\",\"dateModified\":\"2016-07-16T22:25:54+02:00\"},{\"@type\":\"WebSite\",\"@id\":\"https:\\\/\\\/candas365.es\\\/noticias\\\/#website\",\"url\":\"https:\\\/\\\/candas365.es\\\/noticias\\\/\",\"name\":\"Cand\\u00e1s 365\",\"alternateName\":\"Cand\\u00e1s 365 Noticias\",\"description\":\"Actualidad desde Carre\\u00f1o para el mundo\",\"inLanguage\":\"es-ES\",\"publisher\":{\"@id\":\"https:\\\/\\\/candas365.es\\\/noticias\\\/#organization\"}}]}\n\t\t<\/script>\n\t\t<!-- All in One SEO Pro -->\r\n\t\t<title>Aerol\u00edneas alemanas alteran sus vuelos a Turqu\u00eda tras golpe de Estado | Cand\u00e1s 365<\/title>\n\n","aioseo_head_json":{"title":"Aerol\u00edneas alemanas alteran sus vuelos a Turqu\u00eda tras golpe de Estado | Cand\u00e1s 365","description":"Fr\u00e1ncfort, 16 jul (dpa) - Tras el intento de golpe de Estado en Turqu\u00eda, las aerol\u00edneas alemanas informaron hoy de alteraciones en sus planes de vuelo con destino al pa\u00eds del B\u00f3sforo. Lufthansa decidi\u00f3 cancelar dos conexiones entre Fr\u00e1ncfort y Estambul debido a la situaci\u00f3n de incertidumbre, seg\u00fan inform\u00f3 un portavoz de la compa\u00f1\u00eda. Con","canonical_url":"https:\/\/candas365.es\/noticias\/aerolineas-alemanas-alteran-sus-vuelos-a-turquia-tras-golpe-de-estado\/","robots":"max-image-preview:large","keywords":"actualidad","webmasterTools":{"google-site-verification":"UA-32230408-1","msvalidate.01":"354F3CDFB2DA171B47FBE9ABF1F88D5","miscellaneous":""},"schema":{"@context":"https:\/\/schema.org","@graph":[{"@type":"BreadcrumbList","@id":"https:\/\/candas365.es\/noticias\/aerolineas-alemanas-alteran-sus-vuelos-a-turquia-tras-golpe-de-estado\/#breadcrumblist","itemListElement":[{"@type":"ListItem","@id":"https:\/\/candas365.es\/noticias#listItem","position":1,"name":"Home","item":"https:\/\/candas365.es\/noticias","nextItem":{"@type":"ListItem","@id":"https:\/\/candas365.es\/noticias\/category\/actualidad\/#listItem","name":"Actualidad"}},{"@type":"ListItem","@id":"https:\/\/candas365.es\/noticias\/category\/actualidad\/#listItem","position":2,"name":"Actualidad","item":"https:\/\/candas365.es\/noticias\/category\/actualidad\/","nextItem":{"@type":"ListItem","@id":"https:\/\/candas365.es\/noticias\/aerolineas-alemanas-alteran-sus-vuelos-a-turquia-tras-golpe-de-estado\/#listItem","name":"Aerol\u00edneas alemanas alteran sus vuelos a Turqu\u00eda tras golpe de Estado"},"previousItem":{"@type":"ListItem","@id":"https:\/\/candas365.es\/noticias#listItem","name":"Home"}},{"@type":"ListItem","@id":"https:\/\/candas365.es\/noticias\/aerolineas-alemanas-alteran-sus-vuelos-a-turquia-tras-golpe-de-estado\/#listItem","position":3,"name":"Aerol\u00edneas alemanas alteran sus vuelos a Turqu\u00eda tras golpe de Estado","previousItem":{"@type":"ListItem","@id":"https:\/\/candas365.es\/noticias\/category\/actualidad\/#listItem","name":"Actualidad"}}]},{"@type":"NewsArticle","@id":"https:\/\/candas365.es\/noticias\/aerolineas-alemanas-alteran-sus-vuelos-a-turquia-tras-golpe-de-estado\/#newsarticle","name":"Aerol\u00edneas alemanas alteran sus vuelos a Turqu\u00eda tras golpe de Estado | Cand\u00e1s 365","headline":"Aerol\u00edneas alemanas alteran sus vuelos a Turqu\u00eda tras golpe de Estado","author":{"@id":"https:\/\/candas365.es\/noticias\/author\/admin\/#author"},"publisher":{"@id":"https:\/\/candas365.es\/noticias\/#organization"},"image":{"@type":"ImageObject","url":"https:\/\/candas365.es\/noticias\/wp-content\/uploads\/2015\/09\/c365noticias.jpg","width":655,"height":360},"datePublished":"2016-07-16T22:25:54+02:00","dateModified":"2016-07-16T22:25:54+02:00","inLanguage":"es-ES","mainEntityOfPage":{"@id":"https:\/\/candas365.es\/noticias\/aerolineas-alemanas-alteran-sus-vuelos-a-turquia-tras-golpe-de-estado\/#webpage"},"isPartOf":{"@id":"https:\/\/candas365.es\/noticias\/aerolineas-alemanas-alteran-sus-vuelos-a-turquia-tras-golpe-de-estado\/#webpage"},"articleSection":"Actualidad","dateline":"Publicado el julio 16, 2016."},{"@type":"Organization","@id":"https:\/\/candas365.es\/noticias\/#organization","name":"Cand\u00e1s 365","description":"Cand\u00e1s 365 es un diario digital independiente, fundado en 2012, con base en Asturias. Informamos con rigor sobre actualidad, sociedad, cultura y ocio, con una mirada local y global.","url":"https:\/\/candas365.es\/noticias\/","email":"info@candas365.es","telephone":"+34652131393","foundingDate":"2012-06-10","logo":{"@type":"ImageObject","url":"https:\/\/candas365.es\/noticias\/wp-content\/uploads\/2024\/09\/Candas-365-Redes.jpg","@id":"https:\/\/candas365.es\/noticias\/aerolineas-alemanas-alteran-sus-vuelos-a-turquia-tras-golpe-de-estado\/#organizationLogo","width":1152,"height":864,"caption":"Cand\u00e1s 365 Redes"},"image":{"@id":"https:\/\/candas365.es\/noticias\/aerolineas-alemanas-alteran-sus-vuelos-a-turquia-tras-golpe-de-estado\/#organizationLogo"},"sameAs":["https:\/\/www.facebook.com\/Nachofdezber","https:\/\/x.com\/NabercoDigital","https:\/\/www.instagram.com\/nachofdezber\/","https:\/\/www.youtube.com\/channel\/UCZP-2wLEB9Rv6erhFmqVnvg"],"address":{"@id":"https:\/\/candas365.es\/noticias\/#postaladdress","@type":"PostalAddress","streetAddress":"san antonio 4, san antonio 4","postalCode":"33430","addressLocality":"Cand\u00e1s","addressRegion":"Asturias","addressCountry":"ES"}},{"@type":"Person","@id":"https:\/\/candas365.es\/noticias\/author\/admin\/#author","url":"https:\/\/candas365.es\/noticias\/author\/admin\/","name":"Cand\u00e1s 365","image":{"@type":"ImageObject","@id":"https:\/\/candas365.es\/noticias\/aerolineas-alemanas-alteran-sus-vuelos-a-turquia-tras-golpe-de-estado\/#authorImage","url":"https:\/\/secure.gravatar.com\/avatar\/496a8e03d0c493ede1718b7934145dbdf8d89be1036b0eec9544e1094c9de390?s=96&d=mm&r=g","width":96,"height":96,"caption":"Cand\u00e1s 365"},"sameAs":["https:\/\/www.facebook.com\/carrenoactualidad","https:\/\/twitter.com\/nbasturias","https:\/\/www.instagram.com\/nachofdezber\/","https:\/\/www.youtube.com\/channel\/UCZP-2wLEB9Rv6erhFmqVnvg"]},{"@type":"WebPage","@id":"https:\/\/candas365.es\/noticias\/aerolineas-alemanas-alteran-sus-vuelos-a-turquia-tras-golpe-de-estado\/#webpage","url":"https:\/\/candas365.es\/noticias\/aerolineas-alemanas-alteran-sus-vuelos-a-turquia-tras-golpe-de-estado\/","name":"Aerol\u00edneas alemanas alteran sus vuelos a Turqu\u00eda tras golpe de Estado | Cand\u00e1s 365","description":"Fr\u00e1ncfort, 16 jul (dpa) - Tras el intento de golpe de Estado en Turqu\u00eda, las aerol\u00edneas alemanas informaron hoy de alteraciones en sus planes de vuelo con destino al pa\u00eds del B\u00f3sforo. Lufthansa decidi\u00f3 cancelar dos conexiones entre Fr\u00e1ncfort y Estambul debido a la situaci\u00f3n de incertidumbre, seg\u00fan inform\u00f3 un portavoz de la compa\u00f1\u00eda. Con","inLanguage":"es-ES","isPartOf":{"@id":"https:\/\/candas365.es\/noticias\/#website"},"breadcrumb":{"@id":"https:\/\/candas365.es\/noticias\/aerolineas-alemanas-alteran-sus-vuelos-a-turquia-tras-golpe-de-estado\/#breadcrumblist"},"author":{"@id":"https:\/\/candas365.es\/noticias\/author\/admin\/#author"},"creator":{"@id":"https:\/\/candas365.es\/noticias\/author\/admin\/#author"},"image":{"@type":"ImageObject","url":"https:\/\/candas365.es\/noticias\/wp-content\/uploads\/2015\/09\/c365noticias.jpg","@id":"https:\/\/candas365.es\/noticias\/aerolineas-alemanas-alteran-sus-vuelos-a-turquia-tras-golpe-de-estado\/#mainImage","width":655,"height":360},"primaryImageOfPage":{"@id":"https:\/\/candas365.es\/noticias\/aerolineas-alemanas-alteran-sus-vuelos-a-turquia-tras-golpe-de-estado\/#mainImage"},"datePublished":"2016-07-16T22:25:54+02:00","dateModified":"2016-07-16T22:25:54+02:00"},{"@type":"WebSite","@id":"https:\/\/candas365.es\/noticias\/#website","url":"https:\/\/candas365.es\/noticias\/","name":"Cand\u00e1s 365","alternateName":"Cand\u00e1s 365 Noticias","description":"Actualidad desde Carre\u00f1o para el mundo","inLanguage":"es-ES","publisher":{"@id":"https:\/\/candas365.es\/noticias\/#organization"}}]},"og:locale":"es_ES","og:site_name":"Cand\u00e1s 365","og:type":"article","og:title":"Aerol\u00edneas alemanas alteran sus vuelos a Turqu\u00eda tras golpe de Estado | Cand\u00e1s 365","og:description":"Fr\u00e1ncfort, 16 jul (dpa) - Tras el intento de golpe de Estado en Turqu\u00eda, las aerol\u00edneas alemanas informaron hoy de alteraciones en sus planes de vuelo con destino al pa\u00eds del B\u00f3sforo. Lufthansa decidi\u00f3 cancelar dos conexiones entre Fr\u00e1ncfort y Estambul debido a la situaci\u00f3n de incertidumbre, seg\u00fan inform\u00f3 un portavoz de la compa\u00f1\u00eda. Con","og:url":"https:\/\/candas365.es\/noticias\/aerolineas-alemanas-alteran-sus-vuelos-a-turquia-tras-golpe-de-estado\/","og:image":"https:\/\/candas365.es\/noticias\/wp-content\/uploads\/2015\/09\/c365noticias.jpg","og:image:secure_url":"https:\/\/candas365.es\/noticias\/wp-content\/uploads\/2015\/09\/c365noticias.jpg","og:image:width":655,"og:image:height":360,"article:published_time":"2016-07-16T20:55:54+00:00","article:modified_time":"2016-07-16T20:55:54+00:00","article:publisher":"https:\/\/www.facebook.com\/Nachofdezber","article:author":"https:\/\/www.facebook.com\/carrenoactualidad","twitter:card":"summary_large_image","twitter:site":"@NabercoDigital","twitter:title":"Aerol\u00edneas alemanas alteran sus vuelos a Turqu\u00eda tras golpe de Estado | Cand\u00e1s 365","twitter:description":"Fr\u00e1ncfort, 16 jul (dpa) - Tras el intento de golpe de Estado en Turqu\u00eda, las aerol\u00edneas alemanas informaron hoy de alteraciones en sus planes de vuelo con destino al pa\u00eds del B\u00f3sforo. Lufthansa decidi\u00f3 cancelar dos conexiones entre Fr\u00e1ncfort y Estambul debido a la situaci\u00f3n de incertidumbre, seg\u00fan inform\u00f3 un portavoz de la compa\u00f1\u00eda. Con","twitter:creator":"@nbasturias","twitter:image":"https:\/\/candas365.es\/noticias\/wp-content\/uploads\/2015\/09\/c365noticias.jpg","twitter:label1":"Escrito por","twitter:data1":"Cand\u00e1s 365","twitter:label2":"Tiempo de lectura estimado","twitter:data2":"1 minuto"},"aioseo_meta_data":{"post_id":"32152","title":null,"description":null,"keywords":null,"keyphrases":null,"primary_term":null,"canonical_url":null,"og_title":null,"og_description":null,"og_object_type":"default","og_image_type":"default","og_image_url":null,"og_image_width":null,"og_image_height":null,"og_image_custom_url":null,"og_image_custom_fields":null,"og_video":null,"og_custom_url":null,"og_article_section":null,"og_article_tags":null,"twitter_use_og":false,"twitter_card":"default","twitter_image_type":"default","twitter_image_url":null,"twitter_image_custom_url":null,"twitter_image_custom_fields":null,"twitter_title":null,"twitter_description":null,"schema":{"blockGraphs":[],"customGraphs":[],"default":{"data":{"Article":[],"Course":[],"Dataset":[],"FAQPage":[],"Movie":[],"Person":[],"Product":[],"ProductReview":[],"Car":[],"Recipe":[],"Service":[],"SoftwareApplication":[],"WebPage":[]},"graphName":"","isEnabled":true},"graphs":[]},"schema_type":null,"schema_type_options":null,"pillar_content":false,"robots_default":true,"robots_noindex":false,"robots_noarchive":false,"robots_nosnippet":false,"robots_nofollow":false,"robots_noimageindex":false,"robots_noodp":false,"robots_notranslate":false,"robots_max_snippet":null,"robots_max_videopreview":null,"robots_max_imagepreview":"large","priority":null,"frequency":null,"location":null,"local_seo":null,"seo_analyzer_scan_date":"2025-08-24 14:59:10","breadcrumb_settings":null,"limit_modified_date":false,"reviewed_by":null,"open_ai":null,"ai":null,"created":"2020-12-21 13:02:55","updated":"2025-08-24 14:59:10"},"aioseo_breadcrumb":"<div class=\"aioseo-breadcrumbs\"><span class=\"aioseo-breadcrumb\">\n\t<a href=\"https:\/\/candas365.es\/noticias\" title=\"Home\">Home<\/a>\n<\/span><span class=\"aioseo-breadcrumb-separator\">&ndash;<\/span><span class=\"aioseo-breadcrumb\">\n\t<a href=\"https:\/\/candas365.es\/noticias\/category\/actualidad\/\" title=\"Actualidad\">Actualidad<\/a>\n<\/span><span class=\"aioseo-breadcrumb-separator\">&ndash;<\/span><span class=\"aioseo-breadcrumb\">\n\tAerol\u00edneas alemanas alteran sus vuelos a Turqu\u00eda tras golpe de Estado\n<\/span><\/div>","aioseo_breadcrumb_json":[{"label":"Home","link":"https:\/\/candas365.es\/noticias"},{"label":"Actualidad","link":"https:\/\/candas365.es\/noticias\/category\/actualidad\/"},{"label":"Aerol\u00edneas alemanas alteran sus vuelos a Turqu\u00eda tras golpe de Estado","link":"https:\/\/candas365.es\/noticias\/aerolineas-alemanas-alteran-sus-vuelos-a-turquia-tras-golpe-de-estado\/"}],"_links":{"self":[{"href":"https:\/\/candas365.es\/noticias\/wp-json\/wp\/v2\/posts\/32152","targetHints":{"allow":["GET"]}}],"collection":[{"href":"https:\/\/candas365.es\/noticias\/wp-json\/wp\/v2\/posts"}],"about":[{"href":"https:\/\/candas365.es\/noticias\/wp-json\/wp\/v2\/types\/post"}],"author":[{"embeddable":true,"href":"https:\/\/candas365.es\/noticias\/wp-json\/wp\/v2\/users\/1"}],"replies":[{"embeddable":true,"href":"https:\/\/candas365.es\/noticias\/wp-json\/wp\/v2\/comments?post=32152"}],"version-history":[{"count":0,"href":"https:\/\/candas365.es\/noticias\/wp-json\/wp\/v2\/posts\/32152\/revisions"}],"wp:featuredmedia":[{"embeddable":true,"href":"https:\/\/candas365.es\/noticias\/wp-json\/wp\/v2\/media\/16457"}],"wp:attachment":[{"href":"https:\/\/candas365.es\/noticias\/wp-json\/wp\/v2\/media?parent=32152"}],"wp:term":[{"taxonomy":"category","embeddable":true,"href":"https:\/\/candas365.es\/noticias\/wp-json\/wp\/v2\/categories?post=32152"},{"taxonomy":"post_tag","embeddable":true,"href":"https:\/\/candas365.es\/noticias\/wp-json\/wp\/v2\/tags?post=32152"}],"curies":[{"name":"wp","href":"https:\/\/api.w.org\/{rel}","templated":true}]}}