{"id":32097,"date":"2016-07-15T23:09:44","date_gmt":"2016-07-15T21:39:44","guid":{"rendered":"http:\/\/candas365.es\/noticias\/?p=32097"},"modified":"2016-07-15T23:09:44","modified_gmt":"2016-07-15T21:39:44","slug":"sin-consenso-aun-sobre-traspaso-a-venezuela-de-presidencia-mercosur","status":"publish","type":"post","link":"https:\/\/candas365.es\/noticias\/sin-consenso-aun-sobre-traspaso-a-venezuela-de-presidencia-mercosur\/","title":{"rendered":"Sin consenso a\u00fan sobre traspaso a Venezuela de presidencia Mercosur"},"content":{"rendered":"<p>Montevideo, 15 jul (dpa) &#8211; El traspaso a Venezuela de la presidencia del Mercosur \u00absigue sin consenso\u00bb, aunque \u00abse trabaja activamente\u00bb en el tema, dijo hoy el presidente de Uruguay, Tabar\u00e9 V\u00e1zquez.<\/p>\n<p>\u00abPor el momento no tenemos posici\u00f3n un\u00e1nime\u00bb al respecto, dijo V\u00e1zquez durante una rueda de prensa que ofreci\u00f3 junto al presidente de Alemania, Joachim Gauck, de visita en Montevideo.<\/p>\n<p>V\u00e1zquez record\u00f3 que Uruguay mantiene su posici\u00f3n de pasarle a Venezuela la jefatura del bloque regional, pero Paraguay se opone y Brasil pidi\u00f3 un tiempo, por lo menos hasta agosto, para definir la situaci\u00f3n. El principal argumento es la situaci\u00f3n de crisis que se vive en Venezuela.<\/p>\n<p>Este tema estuvo en la conversaci\u00f3n de hoy entre V\u00e1zquez y Gauck, pero el visitante alem\u00e1n se excus\u00f3 de opinar ya que, dijo, no tiene competencia en estas cuestiones.<\/p>\n<p>\u00abEso est\u00e1 fuera de mi competencia. Puedo imaginar las dificultades, pero no puedo responder directamente\u00bb a ese tema, agreg\u00f3 Gauck en la misma rueda de prensa.<\/p>\n<p>Otro de los temas abordados hoy fue el de las negociaciones hacia un Tratado de Libre Comercio (TLC) entre el Mercosur y la Uni\u00f3n Europea (UE).<\/p>\n<p>Seg\u00fan V\u00e1zquez, \u00abse est\u00e1 avanzando, aunque no con la velocidad deseada\u00bb por Uruguay.<\/p>\n<p>V\u00e1zquez anunci\u00f3 que en octubre volver\u00e1n a reunirse delegaciones de ambas partes en Bruselas, a los efectos de intentar dar nuevos pasos en esa direcci\u00f3n.<\/p>\n<p>El presidente uruguayo anunci\u00f3 una pr\u00f3xima visita a Alemania, en febrero, para presentar a empresarios locales el Plan Nacional Estrat\u00e9gico de Infraestructura, con el objetivo de atraer nuevas inversiones a su pa\u00eds.<\/p>\n<p>El presidente alem\u00e1n continuar\u00e1 su visita oficial a Uruguay el s\u00e1bado con reuniones pol\u00edticas, empresariales y un encuentro con j\u00f3venes uruguayos para hablar de la inserci\u00f3n social.<\/p>\n","protected":false},"excerpt":{"rendered":"<p>Montevideo, 15 jul (dpa) &#8211; El traspaso a Venezuela de la presidencia del Mercosur \u00absigue sin consenso\u00bb, aunque \u00abse trabaja activamente\u00bb en el tema, dijo hoy el presidente de Uruguay, Tabar\u00e9 V\u00e1zquez. \u00abPor el momento no tenemos posici\u00f3n un\u00e1nime\u00bb al respecto, dijo V\u00e1zquez durante una rueda de prensa que ofreci\u00f3 junto al presidente de Alemania,<\/p>\n","protected":false},"author":1,"featured_media":16457,"comment_status":"closed","ping_status":"closed","sticky":false,"template":"","format":"standard","meta":{"footnotes":""},"categories":[343],"tags":[],"class_list":{"0":"post-32097","1":"post","2":"type-post","3":"status-publish","4":"format-standard","5":"has-post-thumbnail","7":"category-actualidad"},"aioseo_notices":[],"aioseo_head":"\n\t\t<!-- All in One SEO Pro 4.9.6.2 - aioseo.com -->\n\t<meta name=\"description\" content=\"Montevideo, 15 jul (dpa) - El traspaso a Venezuela de la presidencia del Mercosur &quot;sigue sin consenso&quot;, aunque &quot;se trabaja activamente&quot; en el tema, dijo hoy el presidente de Uruguay, Tabar\u00e9 V\u00e1zquez. &quot;Por el momento no tenemos posici\u00f3n un\u00e1nime&quot; al respecto, dijo V\u00e1zquez durante una rueda de prensa que ofreci\u00f3 junto al presidente de Alemania,\" \/>\n\t<meta name=\"robots\" content=\"max-image-preview:large\" \/>\n\t<meta name=\"author\" content=\"Cand\u00e1s 365\"\/>\n\t<meta name=\"google-site-verification\" content=\"UA-32230408-1\" \/>\n\t<meta name=\"msvalidate.01\" content=\"354F3CDFB2DA171B47FBE9ABF1F88D5\" \/>\n\t<meta name=\"keywords\" content=\"actualidad\" \/>\n\t<link rel=\"canonical\" href=\"https:\/\/candas365.es\/noticias\/sin-consenso-aun-sobre-traspaso-a-venezuela-de-presidencia-mercosur\/\" \/>\n\t<meta name=\"generator\" content=\"All in One SEO Pro (AIOSEO) 4.9.6.2\" \/>\n\t\t<meta property=\"og:locale\" content=\"es_ES\" \/>\n\t\t<meta property=\"og:site_name\" content=\"Cand\u00e1s 365\" \/>\n\t\t<meta property=\"og:type\" content=\"article\" \/>\n\t\t<meta property=\"og:title\" content=\"Sin consenso a\u00fan sobre traspaso a Venezuela de presidencia Mercosur | Cand\u00e1s 365\" \/>\n\t\t<meta property=\"og:description\" content=\"Montevideo, 15 jul (dpa) - El traspaso a Venezuela de la presidencia del Mercosur &quot;sigue sin consenso&quot;, aunque &quot;se trabaja activamente&quot; en el tema, dijo hoy el presidente de Uruguay, Tabar\u00e9 V\u00e1zquez. &quot;Por el momento no tenemos posici\u00f3n un\u00e1nime&quot; al respecto, dijo V\u00e1zquez durante una rueda de prensa que ofreci\u00f3 junto al presidente de Alemania,\" \/>\n\t\t<meta property=\"og:url\" content=\"https:\/\/candas365.es\/noticias\/sin-consenso-aun-sobre-traspaso-a-venezuela-de-presidencia-mercosur\/\" \/>\n\t\t<meta property=\"og:image\" content=\"https:\/\/candas365.es\/noticias\/wp-content\/uploads\/2015\/09\/c365noticias.jpg\" \/>\n\t\t<meta property=\"og:image:secure_url\" content=\"https:\/\/candas365.es\/noticias\/wp-content\/uploads\/2015\/09\/c365noticias.jpg\" \/>\n\t\t<meta property=\"og:image:width\" content=\"655\" \/>\n\t\t<meta property=\"og:image:height\" content=\"360\" \/>\n\t\t<meta property=\"article:published_time\" content=\"2016-07-15T21:39:44+00:00\" \/>\n\t\t<meta property=\"article:modified_time\" content=\"2016-07-15T21:39:44+00:00\" \/>\n\t\t<meta property=\"article:publisher\" content=\"https:\/\/www.facebook.com\/Nachofdezber\" \/>\n\t\t<meta property=\"article:author\" content=\"https:\/\/www.facebook.com\/carrenoactualidad\" \/>\n\t\t<meta name=\"twitter:card\" content=\"summary_large_image\" \/>\n\t\t<meta name=\"twitter:site\" content=\"@NabercoDigital\" \/>\n\t\t<meta name=\"twitter:title\" content=\"Sin consenso a\u00fan sobre traspaso a Venezuela de presidencia Mercosur | Cand\u00e1s 365\" \/>\n\t\t<meta name=\"twitter:description\" content=\"Montevideo, 15 jul (dpa) - El traspaso a Venezuela de la presidencia del Mercosur &quot;sigue sin consenso&quot;, aunque &quot;se trabaja activamente&quot; en el tema, dijo hoy el presidente de Uruguay, Tabar\u00e9 V\u00e1zquez. &quot;Por el momento no tenemos posici\u00f3n un\u00e1nime&quot; al respecto, dijo V\u00e1zquez durante una rueda de prensa que ofreci\u00f3 junto al presidente de Alemania,\" \/>\n\t\t<meta name=\"twitter:creator\" content=\"@nbasturias\" \/>\n\t\t<meta name=\"twitter:image\" content=\"https:\/\/candas365.es\/noticias\/wp-content\/uploads\/2015\/09\/c365noticias.jpg\" \/>\n\t\t<meta name=\"twitter:label1\" content=\"Escrito por\" \/>\n\t\t<meta name=\"twitter:data1\" content=\"Cand\u00e1s 365\" \/>\n\t\t<meta name=\"twitter:label2\" content=\"Tiempo de lectura estimado\" \/>\n\t\t<meta name=\"twitter:data2\" content=\"2 minutos\" \/>\n\t\t<script type=\"application\/ld+json\" class=\"aioseo-schema\">\n\t\t\t{\"@context\":\"https:\\\/\\\/schema.org\",\"@graph\":[{\"@type\":\"BreadcrumbList\",\"@id\":\"https:\\\/\\\/candas365.es\\\/noticias\\\/sin-consenso-aun-sobre-traspaso-a-venezuela-de-presidencia-mercosur\\\/#breadcrumblist\",\"itemListElement\":[{\"@type\":\"ListItem\",\"@id\":\"https:\\\/\\\/candas365.es\\\/noticias#listItem\",\"position\":1,\"name\":\"Home\",\"item\":\"https:\\\/\\\/candas365.es\\\/noticias\",\"nextItem\":{\"@type\":\"ListItem\",\"@id\":\"https:\\\/\\\/candas365.es\\\/noticias\\\/category\\\/actualidad\\\/#listItem\",\"name\":\"Actualidad\"}},{\"@type\":\"ListItem\",\"@id\":\"https:\\\/\\\/candas365.es\\\/noticias\\\/category\\\/actualidad\\\/#listItem\",\"position\":2,\"name\":\"Actualidad\",\"item\":\"https:\\\/\\\/candas365.es\\\/noticias\\\/category\\\/actualidad\\\/\",\"nextItem\":{\"@type\":\"ListItem\",\"@id\":\"https:\\\/\\\/candas365.es\\\/noticias\\\/sin-consenso-aun-sobre-traspaso-a-venezuela-de-presidencia-mercosur\\\/#listItem\",\"name\":\"Sin consenso a\\u00fan sobre traspaso a Venezuela de presidencia Mercosur\"},\"previousItem\":{\"@type\":\"ListItem\",\"@id\":\"https:\\\/\\\/candas365.es\\\/noticias#listItem\",\"name\":\"Home\"}},{\"@type\":\"ListItem\",\"@id\":\"https:\\\/\\\/candas365.es\\\/noticias\\\/sin-consenso-aun-sobre-traspaso-a-venezuela-de-presidencia-mercosur\\\/#listItem\",\"position\":3,\"name\":\"Sin consenso a\\u00fan sobre traspaso a Venezuela de presidencia Mercosur\",\"previousItem\":{\"@type\":\"ListItem\",\"@id\":\"https:\\\/\\\/candas365.es\\\/noticias\\\/category\\\/actualidad\\\/#listItem\",\"name\":\"Actualidad\"}}]},{\"@type\":\"NewsArticle\",\"@id\":\"https:\\\/\\\/candas365.es\\\/noticias\\\/sin-consenso-aun-sobre-traspaso-a-venezuela-de-presidencia-mercosur\\\/#newsarticle\",\"name\":\"Sin consenso a\\u00fan sobre traspaso a Venezuela de presidencia Mercosur | Cand\\u00e1s 365\",\"headline\":\"Sin consenso a\\u00fan sobre traspaso a Venezuela de presidencia Mercosur\",\"author\":{\"@id\":\"https:\\\/\\\/candas365.es\\\/noticias\\\/author\\\/admin\\\/#author\"},\"publisher\":{\"@id\":\"https:\\\/\\\/candas365.es\\\/noticias\\\/#organization\"},\"image\":{\"@type\":\"ImageObject\",\"url\":\"https:\\\/\\\/candas365.es\\\/noticias\\\/wp-content\\\/uploads\\\/2015\\\/09\\\/c365noticias.jpg\",\"width\":655,\"height\":360},\"datePublished\":\"2016-07-15T23:09:44+02:00\",\"dateModified\":\"2016-07-15T23:09:44+02:00\",\"inLanguage\":\"es-ES\",\"mainEntityOfPage\":{\"@id\":\"https:\\\/\\\/candas365.es\\\/noticias\\\/sin-consenso-aun-sobre-traspaso-a-venezuela-de-presidencia-mercosur\\\/#webpage\"},\"isPartOf\":{\"@id\":\"https:\\\/\\\/candas365.es\\\/noticias\\\/sin-consenso-aun-sobre-traspaso-a-venezuela-de-presidencia-mercosur\\\/#webpage\"},\"articleSection\":\"Actualidad\",\"dateline\":\"Publicado el julio 15, 2016.\"},{\"@type\":\"Organization\",\"@id\":\"https:\\\/\\\/candas365.es\\\/noticias\\\/#organization\",\"name\":\"Cand\\u00e1s 365\",\"description\":\"Cand\\u00e1s 365 es un diario digital independiente, fundado en 2012, con base en Asturias. Informamos con rigor sobre actualidad, sociedad, cultura y ocio, con una mirada local y global.\",\"url\":\"https:\\\/\\\/candas365.es\\\/noticias\\\/\",\"email\":\"info@candas365.es\",\"telephone\":\"+34652131393\",\"foundingDate\":\"2012-06-10\",\"logo\":{\"@type\":\"ImageObject\",\"url\":\"https:\\\/\\\/candas365.es\\\/noticias\\\/wp-content\\\/uploads\\\/2024\\\/09\\\/Candas-365-Redes.jpg\",\"@id\":\"https:\\\/\\\/candas365.es\\\/noticias\\\/sin-consenso-aun-sobre-traspaso-a-venezuela-de-presidencia-mercosur\\\/#organizationLogo\",\"width\":1152,\"height\":864,\"caption\":\"Cand\\u00e1s 365 Redes\"},\"image\":{\"@id\":\"https:\\\/\\\/candas365.es\\\/noticias\\\/sin-consenso-aun-sobre-traspaso-a-venezuela-de-presidencia-mercosur\\\/#organizationLogo\"},\"sameAs\":[\"https:\\\/\\\/www.facebook.com\\\/Nachofdezber\",\"https:\\\/\\\/x.com\\\/NabercoDigital\",\"https:\\\/\\\/www.instagram.com\\\/nachofdezber\\\/\",\"https:\\\/\\\/www.youtube.com\\\/channel\\\/UCZP-2wLEB9Rv6erhFmqVnvg\"],\"address\":{\"@id\":\"https:\\\/\\\/candas365.es\\\/noticias\\\/#postaladdress\",\"@type\":\"PostalAddress\",\"streetAddress\":\"san antonio 4, san antonio 4\",\"postalCode\":\"33430\",\"addressLocality\":\"Cand\\u00e1s\",\"addressRegion\":\"Asturias\",\"addressCountry\":\"ES\"}},{\"@type\":\"Person\",\"@id\":\"https:\\\/\\\/candas365.es\\\/noticias\\\/author\\\/admin\\\/#author\",\"url\":\"https:\\\/\\\/candas365.es\\\/noticias\\\/author\\\/admin\\\/\",\"name\":\"Cand\\u00e1s 365\",\"image\":{\"@type\":\"ImageObject\",\"@id\":\"https:\\\/\\\/candas365.es\\\/noticias\\\/sin-consenso-aun-sobre-traspaso-a-venezuela-de-presidencia-mercosur\\\/#authorImage\",\"url\":\"https:\\\/\\\/secure.gravatar.com\\\/avatar\\\/496a8e03d0c493ede1718b7934145dbdf8d89be1036b0eec9544e1094c9de390?s=96&d=mm&r=g\",\"width\":96,\"height\":96,\"caption\":\"Cand\\u00e1s 365\"},\"sameAs\":[\"https:\\\/\\\/www.facebook.com\\\/carrenoactualidad\",\"https:\\\/\\\/twitter.com\\\/nbasturias\",\"https:\\\/\\\/www.instagram.com\\\/nachofdezber\\\/\",\"https:\\\/\\\/www.youtube.com\\\/channel\\\/UCZP-2wLEB9Rv6erhFmqVnvg\"]},{\"@type\":\"WebPage\",\"@id\":\"https:\\\/\\\/candas365.es\\\/noticias\\\/sin-consenso-aun-sobre-traspaso-a-venezuela-de-presidencia-mercosur\\\/#webpage\",\"url\":\"https:\\\/\\\/candas365.es\\\/noticias\\\/sin-consenso-aun-sobre-traspaso-a-venezuela-de-presidencia-mercosur\\\/\",\"name\":\"Sin consenso a\\u00fan sobre traspaso a Venezuela de presidencia Mercosur | Cand\\u00e1s 365\",\"description\":\"Montevideo, 15 jul (dpa) - El traspaso a Venezuela de la presidencia del Mercosur \\\"sigue sin consenso\\\", aunque \\\"se trabaja activamente\\\" en el tema, dijo hoy el presidente de Uruguay, Tabar\\u00e9 V\\u00e1zquez. \\\"Por el momento no tenemos posici\\u00f3n un\\u00e1nime\\\" al respecto, dijo V\\u00e1zquez durante una rueda de prensa que ofreci\\u00f3 junto al presidente de Alemania,\",\"inLanguage\":\"es-ES\",\"isPartOf\":{\"@id\":\"https:\\\/\\\/candas365.es\\\/noticias\\\/#website\"},\"breadcrumb\":{\"@id\":\"https:\\\/\\\/candas365.es\\\/noticias\\\/sin-consenso-aun-sobre-traspaso-a-venezuela-de-presidencia-mercosur\\\/#breadcrumblist\"},\"author\":{\"@id\":\"https:\\\/\\\/candas365.es\\\/noticias\\\/author\\\/admin\\\/#author\"},\"creator\":{\"@id\":\"https:\\\/\\\/candas365.es\\\/noticias\\\/author\\\/admin\\\/#author\"},\"image\":{\"@type\":\"ImageObject\",\"url\":\"https:\\\/\\\/candas365.es\\\/noticias\\\/wp-content\\\/uploads\\\/2015\\\/09\\\/c365noticias.jpg\",\"@id\":\"https:\\\/\\\/candas365.es\\\/noticias\\\/sin-consenso-aun-sobre-traspaso-a-venezuela-de-presidencia-mercosur\\\/#mainImage\",\"width\":655,\"height\":360},\"primaryImageOfPage\":{\"@id\":\"https:\\\/\\\/candas365.es\\\/noticias\\\/sin-consenso-aun-sobre-traspaso-a-venezuela-de-presidencia-mercosur\\\/#mainImage\"},\"datePublished\":\"2016-07-15T23:09:44+02:00\",\"dateModified\":\"2016-07-15T23:09:44+02:00\"},{\"@type\":\"WebSite\",\"@id\":\"https:\\\/\\\/candas365.es\\\/noticias\\\/#website\",\"url\":\"https:\\\/\\\/candas365.es\\\/noticias\\\/\",\"name\":\"Cand\\u00e1s 365\",\"alternateName\":\"Cand\\u00e1s 365 Noticias\",\"description\":\"Actualidad desde Carre\\u00f1o para el mundo\",\"inLanguage\":\"es-ES\",\"publisher\":{\"@id\":\"https:\\\/\\\/candas365.es\\\/noticias\\\/#organization\"}}]}\n\t\t<\/script>\n\t\t<!-- All in One SEO Pro -->\r\n\t\t<title>Sin consenso a\u00fan sobre traspaso a Venezuela de presidencia Mercosur | Cand\u00e1s 365<\/title>\n\n","aioseo_head_json":{"title":"Sin consenso a\u00fan sobre traspaso a Venezuela de presidencia Mercosur | Cand\u00e1s 365","description":"Montevideo, 15 jul (dpa) - El traspaso a Venezuela de la presidencia del Mercosur \"sigue sin consenso\", aunque \"se trabaja activamente\" en el tema, dijo hoy el presidente de Uruguay, Tabar\u00e9 V\u00e1zquez. \"Por el momento no tenemos posici\u00f3n un\u00e1nime\" al respecto, dijo V\u00e1zquez durante una rueda de prensa que ofreci\u00f3 junto al presidente de Alemania,","canonical_url":"https:\/\/candas365.es\/noticias\/sin-consenso-aun-sobre-traspaso-a-venezuela-de-presidencia-mercosur\/","robots":"max-image-preview:large","keywords":"actualidad","webmasterTools":{"google-site-verification":"UA-32230408-1","msvalidate.01":"354F3CDFB2DA171B47FBE9ABF1F88D5","miscellaneous":""},"schema":{"@context":"https:\/\/schema.org","@graph":[{"@type":"BreadcrumbList","@id":"https:\/\/candas365.es\/noticias\/sin-consenso-aun-sobre-traspaso-a-venezuela-de-presidencia-mercosur\/#breadcrumblist","itemListElement":[{"@type":"ListItem","@id":"https:\/\/candas365.es\/noticias#listItem","position":1,"name":"Home","item":"https:\/\/candas365.es\/noticias","nextItem":{"@type":"ListItem","@id":"https:\/\/candas365.es\/noticias\/category\/actualidad\/#listItem","name":"Actualidad"}},{"@type":"ListItem","@id":"https:\/\/candas365.es\/noticias\/category\/actualidad\/#listItem","position":2,"name":"Actualidad","item":"https:\/\/candas365.es\/noticias\/category\/actualidad\/","nextItem":{"@type":"ListItem","@id":"https:\/\/candas365.es\/noticias\/sin-consenso-aun-sobre-traspaso-a-venezuela-de-presidencia-mercosur\/#listItem","name":"Sin consenso a\u00fan sobre traspaso a Venezuela de presidencia Mercosur"},"previousItem":{"@type":"ListItem","@id":"https:\/\/candas365.es\/noticias#listItem","name":"Home"}},{"@type":"ListItem","@id":"https:\/\/candas365.es\/noticias\/sin-consenso-aun-sobre-traspaso-a-venezuela-de-presidencia-mercosur\/#listItem","position":3,"name":"Sin consenso a\u00fan sobre traspaso a Venezuela de presidencia Mercosur","previousItem":{"@type":"ListItem","@id":"https:\/\/candas365.es\/noticias\/category\/actualidad\/#listItem","name":"Actualidad"}}]},{"@type":"NewsArticle","@id":"https:\/\/candas365.es\/noticias\/sin-consenso-aun-sobre-traspaso-a-venezuela-de-presidencia-mercosur\/#newsarticle","name":"Sin consenso a\u00fan sobre traspaso a Venezuela de presidencia Mercosur | Cand\u00e1s 365","headline":"Sin consenso a\u00fan sobre traspaso a Venezuela de presidencia Mercosur","author":{"@id":"https:\/\/candas365.es\/noticias\/author\/admin\/#author"},"publisher":{"@id":"https:\/\/candas365.es\/noticias\/#organization"},"image":{"@type":"ImageObject","url":"https:\/\/candas365.es\/noticias\/wp-content\/uploads\/2015\/09\/c365noticias.jpg","width":655,"height":360},"datePublished":"2016-07-15T23:09:44+02:00","dateModified":"2016-07-15T23:09:44+02:00","inLanguage":"es-ES","mainEntityOfPage":{"@id":"https:\/\/candas365.es\/noticias\/sin-consenso-aun-sobre-traspaso-a-venezuela-de-presidencia-mercosur\/#webpage"},"isPartOf":{"@id":"https:\/\/candas365.es\/noticias\/sin-consenso-aun-sobre-traspaso-a-venezuela-de-presidencia-mercosur\/#webpage"},"articleSection":"Actualidad","dateline":"Publicado el julio 15, 2016."},{"@type":"Organization","@id":"https:\/\/candas365.es\/noticias\/#organization","name":"Cand\u00e1s 365","description":"Cand\u00e1s 365 es un diario digital independiente, fundado en 2012, con base en Asturias. Informamos con rigor sobre actualidad, sociedad, cultura y ocio, con una mirada local y global.","url":"https:\/\/candas365.es\/noticias\/","email":"info@candas365.es","telephone":"+34652131393","foundingDate":"2012-06-10","logo":{"@type":"ImageObject","url":"https:\/\/candas365.es\/noticias\/wp-content\/uploads\/2024\/09\/Candas-365-Redes.jpg","@id":"https:\/\/candas365.es\/noticias\/sin-consenso-aun-sobre-traspaso-a-venezuela-de-presidencia-mercosur\/#organizationLogo","width":1152,"height":864,"caption":"Cand\u00e1s 365 Redes"},"image":{"@id":"https:\/\/candas365.es\/noticias\/sin-consenso-aun-sobre-traspaso-a-venezuela-de-presidencia-mercosur\/#organizationLogo"},"sameAs":["https:\/\/www.facebook.com\/Nachofdezber","https:\/\/x.com\/NabercoDigital","https:\/\/www.instagram.com\/nachofdezber\/","https:\/\/www.youtube.com\/channel\/UCZP-2wLEB9Rv6erhFmqVnvg"],"address":{"@id":"https:\/\/candas365.es\/noticias\/#postaladdress","@type":"PostalAddress","streetAddress":"san antonio 4, san antonio 4","postalCode":"33430","addressLocality":"Cand\u00e1s","addressRegion":"Asturias","addressCountry":"ES"}},{"@type":"Person","@id":"https:\/\/candas365.es\/noticias\/author\/admin\/#author","url":"https:\/\/candas365.es\/noticias\/author\/admin\/","name":"Cand\u00e1s 365","image":{"@type":"ImageObject","@id":"https:\/\/candas365.es\/noticias\/sin-consenso-aun-sobre-traspaso-a-venezuela-de-presidencia-mercosur\/#authorImage","url":"https:\/\/secure.gravatar.com\/avatar\/496a8e03d0c493ede1718b7934145dbdf8d89be1036b0eec9544e1094c9de390?s=96&d=mm&r=g","width":96,"height":96,"caption":"Cand\u00e1s 365"},"sameAs":["https:\/\/www.facebook.com\/carrenoactualidad","https:\/\/twitter.com\/nbasturias","https:\/\/www.instagram.com\/nachofdezber\/","https:\/\/www.youtube.com\/channel\/UCZP-2wLEB9Rv6erhFmqVnvg"]},{"@type":"WebPage","@id":"https:\/\/candas365.es\/noticias\/sin-consenso-aun-sobre-traspaso-a-venezuela-de-presidencia-mercosur\/#webpage","url":"https:\/\/candas365.es\/noticias\/sin-consenso-aun-sobre-traspaso-a-venezuela-de-presidencia-mercosur\/","name":"Sin consenso a\u00fan sobre traspaso a Venezuela de presidencia Mercosur | Cand\u00e1s 365","description":"Montevideo, 15 jul (dpa) - El traspaso a Venezuela de la presidencia del Mercosur \"sigue sin consenso\", aunque \"se trabaja activamente\" en el tema, dijo hoy el presidente de Uruguay, Tabar\u00e9 V\u00e1zquez. \"Por el momento no tenemos posici\u00f3n un\u00e1nime\" al respecto, dijo V\u00e1zquez durante una rueda de prensa que ofreci\u00f3 junto al presidente de Alemania,","inLanguage":"es-ES","isPartOf":{"@id":"https:\/\/candas365.es\/noticias\/#website"},"breadcrumb":{"@id":"https:\/\/candas365.es\/noticias\/sin-consenso-aun-sobre-traspaso-a-venezuela-de-presidencia-mercosur\/#breadcrumblist"},"author":{"@id":"https:\/\/candas365.es\/noticias\/author\/admin\/#author"},"creator":{"@id":"https:\/\/candas365.es\/noticias\/author\/admin\/#author"},"image":{"@type":"ImageObject","url":"https:\/\/candas365.es\/noticias\/wp-content\/uploads\/2015\/09\/c365noticias.jpg","@id":"https:\/\/candas365.es\/noticias\/sin-consenso-aun-sobre-traspaso-a-venezuela-de-presidencia-mercosur\/#mainImage","width":655,"height":360},"primaryImageOfPage":{"@id":"https:\/\/candas365.es\/noticias\/sin-consenso-aun-sobre-traspaso-a-venezuela-de-presidencia-mercosur\/#mainImage"},"datePublished":"2016-07-15T23:09:44+02:00","dateModified":"2016-07-15T23:09:44+02:00"},{"@type":"WebSite","@id":"https:\/\/candas365.es\/noticias\/#website","url":"https:\/\/candas365.es\/noticias\/","name":"Cand\u00e1s 365","alternateName":"Cand\u00e1s 365 Noticias","description":"Actualidad desde Carre\u00f1o para el mundo","inLanguage":"es-ES","publisher":{"@id":"https:\/\/candas365.es\/noticias\/#organization"}}]},"og:locale":"es_ES","og:site_name":"Cand\u00e1s 365","og:type":"article","og:title":"Sin consenso a\u00fan sobre traspaso a Venezuela de presidencia Mercosur | Cand\u00e1s 365","og:description":"Montevideo, 15 jul (dpa) - El traspaso a Venezuela de la presidencia del Mercosur &quot;sigue sin consenso&quot;, aunque &quot;se trabaja activamente&quot; en el tema, dijo hoy el presidente de Uruguay, Tabar\u00e9 V\u00e1zquez. &quot;Por el momento no tenemos posici\u00f3n un\u00e1nime&quot; al respecto, dijo V\u00e1zquez durante una rueda de prensa que ofreci\u00f3 junto al presidente de Alemania,","og:url":"https:\/\/candas365.es\/noticias\/sin-consenso-aun-sobre-traspaso-a-venezuela-de-presidencia-mercosur\/","og:image":"https:\/\/candas365.es\/noticias\/wp-content\/uploads\/2015\/09\/c365noticias.jpg","og:image:secure_url":"https:\/\/candas365.es\/noticias\/wp-content\/uploads\/2015\/09\/c365noticias.jpg","og:image:width":655,"og:image:height":360,"article:published_time":"2016-07-15T21:39:44+00:00","article:modified_time":"2016-07-15T21:39:44+00:00","article:publisher":"https:\/\/www.facebook.com\/Nachofdezber","article:author":"https:\/\/www.facebook.com\/carrenoactualidad","twitter:card":"summary_large_image","twitter:site":"@NabercoDigital","twitter:title":"Sin consenso a\u00fan sobre traspaso a Venezuela de presidencia Mercosur | Cand\u00e1s 365","twitter:description":"Montevideo, 15 jul (dpa) - El traspaso a Venezuela de la presidencia del Mercosur &quot;sigue sin consenso&quot;, aunque &quot;se trabaja activamente&quot; en el tema, dijo hoy el presidente de Uruguay, Tabar\u00e9 V\u00e1zquez. &quot;Por el momento no tenemos posici\u00f3n un\u00e1nime&quot; al respecto, dijo V\u00e1zquez durante una rueda de prensa que ofreci\u00f3 junto al presidente de Alemania,","twitter:creator":"@nbasturias","twitter:image":"https:\/\/candas365.es\/noticias\/wp-content\/uploads\/2015\/09\/c365noticias.jpg","twitter:label1":"Escrito por","twitter:data1":"Cand\u00e1s 365","twitter:label2":"Tiempo de lectura estimado","twitter:data2":"2 minutos"},"aioseo_meta_data":{"post_id":"32097","title":null,"description":null,"keywords":null,"keyphrases":null,"primary_term":null,"canonical_url":null,"og_title":null,"og_description":null,"og_object_type":"default","og_image_type":"default","og_image_url":null,"og_image_width":null,"og_image_height":null,"og_image_custom_url":null,"og_image_custom_fields":null,"og_video":null,"og_custom_url":null,"og_article_section":null,"og_article_tags":null,"twitter_use_og":false,"twitter_card":"default","twitter_image_type":"default","twitter_image_url":null,"twitter_image_custom_url":null,"twitter_image_custom_fields":null,"twitter_title":null,"twitter_description":null,"schema":{"blockGraphs":[],"customGraphs":[],"default":{"data":{"Article":[],"Course":[],"Dataset":[],"FAQPage":[],"Movie":[],"Person":[],"Product":[],"ProductReview":[],"Car":[],"Recipe":[],"Service":[],"SoftwareApplication":[],"WebPage":[]},"graphName":"","isEnabled":true},"graphs":[],"defaultGraph":"","defaultPostTypeGraph":""},"schema_type":null,"schema_type_options":null,"pillar_content":false,"robots_default":true,"robots_noindex":false,"robots_noarchive":false,"robots_nosnippet":false,"robots_nofollow":false,"robots_noimageindex":false,"robots_noodp":false,"robots_notranslate":false,"robots_max_snippet":null,"robots_max_videopreview":null,"robots_max_imagepreview":"large","priority":null,"frequency":null,"location":null,"local_seo":null,"seo_analyzer_scan_date":"2025-08-24 14:53:13","breadcrumb_settings":null,"limit_modified_date":false,"reviewed_by":null,"open_ai":null,"ai":null,"created":"2020-12-21 13:02:41","updated":"2025-08-24 14:53:13"},"aioseo_breadcrumb":"<div class=\"aioseo-breadcrumbs\"><span class=\"aioseo-breadcrumb\">\n\t<a href=\"https:\/\/candas365.es\/noticias\" title=\"Home\">Home<\/a>\n<\/span><span class=\"aioseo-breadcrumb-separator\">&ndash;<\/span><span class=\"aioseo-breadcrumb\">\n\t<a href=\"https:\/\/candas365.es\/noticias\/category\/actualidad\/\" title=\"Actualidad\">Actualidad<\/a>\n<\/span><span class=\"aioseo-breadcrumb-separator\">&ndash;<\/span><span class=\"aioseo-breadcrumb\">\n\tSin consenso a\u00fan sobre traspaso a Venezuela de presidencia Mercosur\n<\/span><\/div>","aioseo_breadcrumb_json":[{"label":"Home","link":"https:\/\/candas365.es\/noticias"},{"label":"Actualidad","link":"https:\/\/candas365.es\/noticias\/category\/actualidad\/"},{"label":"Sin consenso a\u00fan sobre traspaso a Venezuela de presidencia Mercosur","link":"https:\/\/candas365.es\/noticias\/sin-consenso-aun-sobre-traspaso-a-venezuela-de-presidencia-mercosur\/"}],"_links":{"self":[{"href":"https:\/\/candas365.es\/noticias\/wp-json\/wp\/v2\/posts\/32097","targetHints":{"allow":["GET"]}}],"collection":[{"href":"https:\/\/candas365.es\/noticias\/wp-json\/wp\/v2\/posts"}],"about":[{"href":"https:\/\/candas365.es\/noticias\/wp-json\/wp\/v2\/types\/post"}],"author":[{"embeddable":true,"href":"https:\/\/candas365.es\/noticias\/wp-json\/wp\/v2\/users\/1"}],"replies":[{"embeddable":true,"href":"https:\/\/candas365.es\/noticias\/wp-json\/wp\/v2\/comments?post=32097"}],"version-history":[{"count":0,"href":"https:\/\/candas365.es\/noticias\/wp-json\/wp\/v2\/posts\/32097\/revisions"}],"wp:featuredmedia":[{"embeddable":true,"href":"https:\/\/candas365.es\/noticias\/wp-json\/wp\/v2\/media\/16457"}],"wp:attachment":[{"href":"https:\/\/candas365.es\/noticias\/wp-json\/wp\/v2\/media?parent=32097"}],"wp:term":[{"taxonomy":"category","embeddable":true,"href":"https:\/\/candas365.es\/noticias\/wp-json\/wp\/v2\/categories?post=32097"},{"taxonomy":"post_tag","embeddable":true,"href":"https:\/\/candas365.es\/noticias\/wp-json\/wp\/v2\/tags?post=32097"}],"curies":[{"name":"wp","href":"https:\/\/api.w.org\/{rel}","templated":true}]}}