{"id":32088,"date":"2016-07-15T23:04:02","date_gmt":"2016-07-15T21:34:02","guid":{"rendered":"http:\/\/candas365.es\/noticias\/?p=32088"},"modified":"2016-07-15T23:04:02","modified_gmt":"2016-07-15T21:34:02","slug":"steven-spielberg-procesa-sus-traumas-a-traves-de-sus-peliculas","status":"publish","type":"post","link":"https:\/\/candas365.es\/noticias\/steven-spielberg-procesa-sus-traumas-a-traves-de-sus-peliculas\/","title":{"rendered":"Steven Spielberg procesa sus traumas a trav\u00e9s de sus pel\u00edculas"},"content":{"rendered":"<p>M\u00fanich, 15 jul (dpa) &#8211; La fascinaci\u00f3n por el horror le vino al cineasta estadounidense Steven Spielberg de los miedos que lo acecharon en la infancia, seg\u00fan explic\u00f3 el director en una entrevista que publica hoy el suplemento del diario alem\u00e1n \u00abS\u00fcddeutsche Zeitung\u00bb.<\/p>\n<p>\u00abMis pesadillas eran bien v\u00edvidas\u00bb, dijo Spielberg. \u00abNo tuve una pesadilla recurrente. Pero mi poder de imaginaci\u00f3n era tan fuerte que no hab\u00eda casi nada que no me produjese un miedo terrible, hasta Disneylandia. Cuando los ni\u00f1os ven algo que no comprenden, sienten curiosidad. Pero yo reaccionaba entrando en p\u00e1nico\u00bb.<\/p>\n<p>Spielberg cont\u00f3 que ya de adulto no intent\u00f3 encontrarle una explicaci\u00f3n a tanto miedo infantil. \u00abNunca me plante\u00e9 ir a un psicoterapeuta. Si le tuviese que contar a alguien todas mis fobias no me quedar\u00eda nada con lo que poder rodar pel\u00edculas. Proceso mis traumas cont\u00e1ndoselos en la pantalla al p\u00fablico. Tengo la suerte de que mis pel\u00edculas por lo general terminan bien\u00bb.<\/p>\n<p>Preguntado por la raz\u00f3n de por qu\u00e9 nunca film\u00f3 una pel\u00edcula del Lejano Oeste, Spielberg revel\u00f3 que tiene planes al respecto. \u00abMi estreno llegar\u00e1. Estoy trabajando en un gui\u00f3n\u00bb.<\/p>\n<p>La pel\u00edcula m\u00e1s reciente de Spielberg, \u00abBig Friendly Giant\u00bb, est\u00e1 basada en un libro de Roald Dahl y gira en torno a una ni\u00f1a de diez a\u00f1os que es arrancada de un orfanato de Londres por un gigante bueno que lucha contra otros \u00abque comen a seres humanos como a patatas fritas\u00bb.<\/p>\n<p>La protagonista, Sophie, y el gigante bueno consiguen que la reina de Inglaterra env\u00ede soldados y helic\u00f3pteros contra los gigantes malos.<\/p>\n","protected":false},"excerpt":{"rendered":"<p>M\u00fanich, 15 jul (dpa) &#8211; La fascinaci\u00f3n por el horror le vino al cineasta estadounidense Steven Spielberg de los miedos que lo acecharon en la infancia, seg\u00fan explic\u00f3 el director en una entrevista que publica hoy el suplemento del diario alem\u00e1n \u00abS\u00fcddeutsche Zeitung\u00bb. \u00abMis pesadillas eran bien v\u00edvidas\u00bb, dijo Spielberg. \u00abNo tuve una pesadilla recurrente.<\/p>\n","protected":false},"author":1,"featured_media":18980,"comment_status":"closed","ping_status":"closed","sticky":false,"template":"","format":"standard","meta":{"footnotes":""},"categories":[343],"tags":[],"class_list":{"0":"post-32088","1":"post","2":"type-post","3":"status-publish","4":"format-standard","5":"has-post-thumbnail","7":"category-actualidad"},"aioseo_notices":[],"aioseo_head":"\n\t\t<!-- All in One SEO Pro 4.9.6.2 - aioseo.com -->\n\t<meta name=\"description\" content=\"M\u00fanich, 15 jul (dpa) - La fascinaci\u00f3n por el horror le vino al cineasta estadounidense Steven Spielberg de los miedos que lo acecharon en la infancia, seg\u00fan explic\u00f3 el director en una entrevista que publica hoy el suplemento del diario alem\u00e1n &quot;S\u00fcddeutsche Zeitung&quot;. &quot;Mis pesadillas eran bien v\u00edvidas&quot;, dijo Spielberg. &quot;No tuve una pesadilla recurrente.\" \/>\n\t<meta name=\"robots\" content=\"max-image-preview:large\" \/>\n\t<meta name=\"author\" content=\"Cand\u00e1s 365\"\/>\n\t<meta name=\"google-site-verification\" content=\"UA-32230408-1\" \/>\n\t<meta name=\"msvalidate.01\" content=\"354F3CDFB2DA171B47FBE9ABF1F88D5\" \/>\n\t<meta name=\"keywords\" content=\"actualidad\" \/>\n\t<link rel=\"canonical\" href=\"https:\/\/candas365.es\/noticias\/steven-spielberg-procesa-sus-traumas-a-traves-de-sus-peliculas\/\" \/>\n\t<meta name=\"generator\" content=\"All in One SEO Pro (AIOSEO) 4.9.6.2\" \/>\n\t\t<meta property=\"og:locale\" content=\"es_ES\" \/>\n\t\t<meta property=\"og:site_name\" content=\"Cand\u00e1s 365\" \/>\n\t\t<meta property=\"og:type\" content=\"article\" \/>\n\t\t<meta property=\"og:title\" content=\"Steven Spielberg procesa sus traumas a trav\u00e9s de sus pel\u00edculas | Cand\u00e1s 365\" \/>\n\t\t<meta property=\"og:description\" content=\"M\u00fanich, 15 jul (dpa) - La fascinaci\u00f3n por el horror le vino al cineasta estadounidense Steven Spielberg de los miedos que lo acecharon en la infancia, seg\u00fan explic\u00f3 el director en una entrevista que publica hoy el suplemento del diario alem\u00e1n &quot;S\u00fcddeutsche Zeitung&quot;. &quot;Mis pesadillas eran bien v\u00edvidas&quot;, dijo Spielberg. &quot;No tuve una pesadilla recurrente.\" \/>\n\t\t<meta property=\"og:url\" content=\"https:\/\/candas365.es\/noticias\/steven-spielberg-procesa-sus-traumas-a-traves-de-sus-peliculas\/\" \/>\n\t\t<meta property=\"og:image\" content=\"https:\/\/candas365.es\/noticias\/wp-content\/uploads\/2015\/11\/Grada-cine.jpg\" \/>\n\t\t<meta property=\"og:image:secure_url\" content=\"https:\/\/candas365.es\/noticias\/wp-content\/uploads\/2015\/11\/Grada-cine.jpg\" \/>\n\t\t<meta property=\"og:image:width\" content=\"655\" \/>\n\t\t<meta property=\"og:image:height\" content=\"360\" \/>\n\t\t<meta property=\"article:published_time\" content=\"2016-07-15T21:34:02+00:00\" \/>\n\t\t<meta property=\"article:modified_time\" content=\"2016-07-15T21:34:02+00:00\" \/>\n\t\t<meta property=\"article:publisher\" content=\"https:\/\/www.facebook.com\/Nachofdezber\" \/>\n\t\t<meta property=\"article:author\" content=\"https:\/\/www.facebook.com\/carrenoactualidad\" \/>\n\t\t<meta name=\"twitter:card\" content=\"summary_large_image\" \/>\n\t\t<meta name=\"twitter:site\" content=\"@NabercoDigital\" \/>\n\t\t<meta name=\"twitter:title\" content=\"Steven Spielberg procesa sus traumas a trav\u00e9s de sus pel\u00edculas | Cand\u00e1s 365\" \/>\n\t\t<meta name=\"twitter:description\" content=\"M\u00fanich, 15 jul (dpa) - La fascinaci\u00f3n por el horror le vino al cineasta estadounidense Steven Spielberg de los miedos que lo acecharon en la infancia, seg\u00fan explic\u00f3 el director en una entrevista que publica hoy el suplemento del diario alem\u00e1n &quot;S\u00fcddeutsche Zeitung&quot;. &quot;Mis pesadillas eran bien v\u00edvidas&quot;, dijo Spielberg. &quot;No tuve una pesadilla recurrente.\" \/>\n\t\t<meta name=\"twitter:creator\" content=\"@nbasturias\" \/>\n\t\t<meta name=\"twitter:image\" content=\"https:\/\/candas365.es\/noticias\/wp-content\/uploads\/2015\/11\/Grada-cine.jpg\" \/>\n\t\t<meta name=\"twitter:label1\" content=\"Escrito por\" \/>\n\t\t<meta name=\"twitter:data1\" content=\"Cand\u00e1s 365\" \/>\n\t\t<meta name=\"twitter:label2\" content=\"Tiempo de lectura estimado\" \/>\n\t\t<meta name=\"twitter:data2\" content=\"1 minuto\" \/>\n\t\t<script type=\"application\/ld+json\" class=\"aioseo-schema\">\n\t\t\t{\"@context\":\"https:\\\/\\\/schema.org\",\"@graph\":[{\"@type\":\"BreadcrumbList\",\"@id\":\"https:\\\/\\\/candas365.es\\\/noticias\\\/steven-spielberg-procesa-sus-traumas-a-traves-de-sus-peliculas\\\/#breadcrumblist\",\"itemListElement\":[{\"@type\":\"ListItem\",\"@id\":\"https:\\\/\\\/candas365.es\\\/noticias#listItem\",\"position\":1,\"name\":\"Home\",\"item\":\"https:\\\/\\\/candas365.es\\\/noticias\",\"nextItem\":{\"@type\":\"ListItem\",\"@id\":\"https:\\\/\\\/candas365.es\\\/noticias\\\/category\\\/actualidad\\\/#listItem\",\"name\":\"Actualidad\"}},{\"@type\":\"ListItem\",\"@id\":\"https:\\\/\\\/candas365.es\\\/noticias\\\/category\\\/actualidad\\\/#listItem\",\"position\":2,\"name\":\"Actualidad\",\"item\":\"https:\\\/\\\/candas365.es\\\/noticias\\\/category\\\/actualidad\\\/\",\"nextItem\":{\"@type\":\"ListItem\",\"@id\":\"https:\\\/\\\/candas365.es\\\/noticias\\\/steven-spielberg-procesa-sus-traumas-a-traves-de-sus-peliculas\\\/#listItem\",\"name\":\"Steven Spielberg procesa sus traumas a trav\\u00e9s de sus pel\\u00edculas\"},\"previousItem\":{\"@type\":\"ListItem\",\"@id\":\"https:\\\/\\\/candas365.es\\\/noticias#listItem\",\"name\":\"Home\"}},{\"@type\":\"ListItem\",\"@id\":\"https:\\\/\\\/candas365.es\\\/noticias\\\/steven-spielberg-procesa-sus-traumas-a-traves-de-sus-peliculas\\\/#listItem\",\"position\":3,\"name\":\"Steven Spielberg procesa sus traumas a trav\\u00e9s de sus pel\\u00edculas\",\"previousItem\":{\"@type\":\"ListItem\",\"@id\":\"https:\\\/\\\/candas365.es\\\/noticias\\\/category\\\/actualidad\\\/#listItem\",\"name\":\"Actualidad\"}}]},{\"@type\":\"NewsArticle\",\"@id\":\"https:\\\/\\\/candas365.es\\\/noticias\\\/steven-spielberg-procesa-sus-traumas-a-traves-de-sus-peliculas\\\/#newsarticle\",\"name\":\"Steven Spielberg procesa sus traumas a trav\\u00e9s de sus pel\\u00edculas | Cand\\u00e1s 365\",\"headline\":\"Steven Spielberg procesa sus traumas a trav\\u00e9s de sus pel\\u00edculas\",\"author\":{\"@id\":\"https:\\\/\\\/candas365.es\\\/noticias\\\/author\\\/admin\\\/#author\"},\"publisher\":{\"@id\":\"https:\\\/\\\/candas365.es\\\/noticias\\\/#organization\"},\"image\":{\"@type\":\"ImageObject\",\"url\":\"https:\\\/\\\/candas365.es\\\/noticias\\\/wp-content\\\/uploads\\\/2015\\\/11\\\/Grada-cine.jpg\",\"width\":655,\"height\":360},\"datePublished\":\"2016-07-15T23:04:02+02:00\",\"dateModified\":\"2016-07-15T23:04:02+02:00\",\"inLanguage\":\"es-ES\",\"mainEntityOfPage\":{\"@id\":\"https:\\\/\\\/candas365.es\\\/noticias\\\/steven-spielberg-procesa-sus-traumas-a-traves-de-sus-peliculas\\\/#webpage\"},\"isPartOf\":{\"@id\":\"https:\\\/\\\/candas365.es\\\/noticias\\\/steven-spielberg-procesa-sus-traumas-a-traves-de-sus-peliculas\\\/#webpage\"},\"articleSection\":\"Actualidad\",\"dateline\":\"Publicado el julio 15, 2016.\"},{\"@type\":\"Organization\",\"@id\":\"https:\\\/\\\/candas365.es\\\/noticias\\\/#organization\",\"name\":\"Cand\\u00e1s 365\",\"description\":\"Cand\\u00e1s 365 es un diario digital independiente, fundado en 2012, con base en Asturias. Informamos con rigor sobre actualidad, sociedad, cultura y ocio, con una mirada local y global.\",\"url\":\"https:\\\/\\\/candas365.es\\\/noticias\\\/\",\"email\":\"info@candas365.es\",\"telephone\":\"+34652131393\",\"foundingDate\":\"2012-06-10\",\"logo\":{\"@type\":\"ImageObject\",\"url\":\"https:\\\/\\\/candas365.es\\\/noticias\\\/wp-content\\\/uploads\\\/2024\\\/09\\\/Candas-365-Redes.jpg\",\"@id\":\"https:\\\/\\\/candas365.es\\\/noticias\\\/steven-spielberg-procesa-sus-traumas-a-traves-de-sus-peliculas\\\/#organizationLogo\",\"width\":1152,\"height\":864,\"caption\":\"Cand\\u00e1s 365 Redes\"},\"image\":{\"@id\":\"https:\\\/\\\/candas365.es\\\/noticias\\\/steven-spielberg-procesa-sus-traumas-a-traves-de-sus-peliculas\\\/#organizationLogo\"},\"sameAs\":[\"https:\\\/\\\/www.facebook.com\\\/Nachofdezber\",\"https:\\\/\\\/x.com\\\/NabercoDigital\",\"https:\\\/\\\/www.instagram.com\\\/nachofdezber\\\/\",\"https:\\\/\\\/www.youtube.com\\\/channel\\\/UCZP-2wLEB9Rv6erhFmqVnvg\"],\"address\":{\"@id\":\"https:\\\/\\\/candas365.es\\\/noticias\\\/#postaladdress\",\"@type\":\"PostalAddress\",\"streetAddress\":\"san antonio 4, san antonio 4\",\"postalCode\":\"33430\",\"addressLocality\":\"Cand\\u00e1s\",\"addressRegion\":\"Asturias\",\"addressCountry\":\"ES\"}},{\"@type\":\"Person\",\"@id\":\"https:\\\/\\\/candas365.es\\\/noticias\\\/author\\\/admin\\\/#author\",\"url\":\"https:\\\/\\\/candas365.es\\\/noticias\\\/author\\\/admin\\\/\",\"name\":\"Cand\\u00e1s 365\",\"image\":{\"@type\":\"ImageObject\",\"@id\":\"https:\\\/\\\/candas365.es\\\/noticias\\\/steven-spielberg-procesa-sus-traumas-a-traves-de-sus-peliculas\\\/#authorImage\",\"url\":\"https:\\\/\\\/secure.gravatar.com\\\/avatar\\\/496a8e03d0c493ede1718b7934145dbdf8d89be1036b0eec9544e1094c9de390?s=96&d=mm&r=g\",\"width\":96,\"height\":96,\"caption\":\"Cand\\u00e1s 365\"},\"sameAs\":[\"https:\\\/\\\/www.facebook.com\\\/carrenoactualidad\",\"https:\\\/\\\/twitter.com\\\/nbasturias\",\"https:\\\/\\\/www.instagram.com\\\/nachofdezber\\\/\",\"https:\\\/\\\/www.youtube.com\\\/channel\\\/UCZP-2wLEB9Rv6erhFmqVnvg\"]},{\"@type\":\"WebPage\",\"@id\":\"https:\\\/\\\/candas365.es\\\/noticias\\\/steven-spielberg-procesa-sus-traumas-a-traves-de-sus-peliculas\\\/#webpage\",\"url\":\"https:\\\/\\\/candas365.es\\\/noticias\\\/steven-spielberg-procesa-sus-traumas-a-traves-de-sus-peliculas\\\/\",\"name\":\"Steven Spielberg procesa sus traumas a trav\\u00e9s de sus pel\\u00edculas | Cand\\u00e1s 365\",\"description\":\"M\\u00fanich, 15 jul (dpa) - La fascinaci\\u00f3n por el horror le vino al cineasta estadounidense Steven Spielberg de los miedos que lo acecharon en la infancia, seg\\u00fan explic\\u00f3 el director en una entrevista que publica hoy el suplemento del diario alem\\u00e1n \\\"S\\u00fcddeutsche Zeitung\\\". \\\"Mis pesadillas eran bien v\\u00edvidas\\\", dijo Spielberg. \\\"No tuve una pesadilla recurrente.\",\"inLanguage\":\"es-ES\",\"isPartOf\":{\"@id\":\"https:\\\/\\\/candas365.es\\\/noticias\\\/#website\"},\"breadcrumb\":{\"@id\":\"https:\\\/\\\/candas365.es\\\/noticias\\\/steven-spielberg-procesa-sus-traumas-a-traves-de-sus-peliculas\\\/#breadcrumblist\"},\"author\":{\"@id\":\"https:\\\/\\\/candas365.es\\\/noticias\\\/author\\\/admin\\\/#author\"},\"creator\":{\"@id\":\"https:\\\/\\\/candas365.es\\\/noticias\\\/author\\\/admin\\\/#author\"},\"image\":{\"@type\":\"ImageObject\",\"url\":\"https:\\\/\\\/candas365.es\\\/noticias\\\/wp-content\\\/uploads\\\/2015\\\/11\\\/Grada-cine.jpg\",\"@id\":\"https:\\\/\\\/candas365.es\\\/noticias\\\/steven-spielberg-procesa-sus-traumas-a-traves-de-sus-peliculas\\\/#mainImage\",\"width\":655,\"height\":360},\"primaryImageOfPage\":{\"@id\":\"https:\\\/\\\/candas365.es\\\/noticias\\\/steven-spielberg-procesa-sus-traumas-a-traves-de-sus-peliculas\\\/#mainImage\"},\"datePublished\":\"2016-07-15T23:04:02+02:00\",\"dateModified\":\"2016-07-15T23:04:02+02:00\"},{\"@type\":\"WebSite\",\"@id\":\"https:\\\/\\\/candas365.es\\\/noticias\\\/#website\",\"url\":\"https:\\\/\\\/candas365.es\\\/noticias\\\/\",\"name\":\"Cand\\u00e1s 365\",\"alternateName\":\"Cand\\u00e1s 365 Noticias\",\"description\":\"Actualidad desde Carre\\u00f1o para el mundo\",\"inLanguage\":\"es-ES\",\"publisher\":{\"@id\":\"https:\\\/\\\/candas365.es\\\/noticias\\\/#organization\"}}]}\n\t\t<\/script>\n\t\t<!-- All in One SEO Pro -->\r\n\t\t<title>Steven Spielberg procesa sus traumas a trav\u00e9s de sus pel\u00edculas | Cand\u00e1s 365<\/title>\n\n","aioseo_head_json":{"title":"Steven Spielberg procesa sus traumas a trav\u00e9s de sus pel\u00edculas | Cand\u00e1s 365","description":"M\u00fanich, 15 jul (dpa) - La fascinaci\u00f3n por el horror le vino al cineasta estadounidense Steven Spielberg de los miedos que lo acecharon en la infancia, seg\u00fan explic\u00f3 el director en una entrevista que publica hoy el suplemento del diario alem\u00e1n \"S\u00fcddeutsche Zeitung\". \"Mis pesadillas eran bien v\u00edvidas\", dijo Spielberg. \"No tuve una pesadilla recurrente.","canonical_url":"https:\/\/candas365.es\/noticias\/steven-spielberg-procesa-sus-traumas-a-traves-de-sus-peliculas\/","robots":"max-image-preview:large","keywords":"actualidad","webmasterTools":{"google-site-verification":"UA-32230408-1","msvalidate.01":"354F3CDFB2DA171B47FBE9ABF1F88D5","miscellaneous":""},"schema":{"@context":"https:\/\/schema.org","@graph":[{"@type":"BreadcrumbList","@id":"https:\/\/candas365.es\/noticias\/steven-spielberg-procesa-sus-traumas-a-traves-de-sus-peliculas\/#breadcrumblist","itemListElement":[{"@type":"ListItem","@id":"https:\/\/candas365.es\/noticias#listItem","position":1,"name":"Home","item":"https:\/\/candas365.es\/noticias","nextItem":{"@type":"ListItem","@id":"https:\/\/candas365.es\/noticias\/category\/actualidad\/#listItem","name":"Actualidad"}},{"@type":"ListItem","@id":"https:\/\/candas365.es\/noticias\/category\/actualidad\/#listItem","position":2,"name":"Actualidad","item":"https:\/\/candas365.es\/noticias\/category\/actualidad\/","nextItem":{"@type":"ListItem","@id":"https:\/\/candas365.es\/noticias\/steven-spielberg-procesa-sus-traumas-a-traves-de-sus-peliculas\/#listItem","name":"Steven Spielberg procesa sus traumas a trav\u00e9s de sus pel\u00edculas"},"previousItem":{"@type":"ListItem","@id":"https:\/\/candas365.es\/noticias#listItem","name":"Home"}},{"@type":"ListItem","@id":"https:\/\/candas365.es\/noticias\/steven-spielberg-procesa-sus-traumas-a-traves-de-sus-peliculas\/#listItem","position":3,"name":"Steven Spielberg procesa sus traumas a trav\u00e9s de sus pel\u00edculas","previousItem":{"@type":"ListItem","@id":"https:\/\/candas365.es\/noticias\/category\/actualidad\/#listItem","name":"Actualidad"}}]},{"@type":"NewsArticle","@id":"https:\/\/candas365.es\/noticias\/steven-spielberg-procesa-sus-traumas-a-traves-de-sus-peliculas\/#newsarticle","name":"Steven Spielberg procesa sus traumas a trav\u00e9s de sus pel\u00edculas | Cand\u00e1s 365","headline":"Steven Spielberg procesa sus traumas a trav\u00e9s de sus pel\u00edculas","author":{"@id":"https:\/\/candas365.es\/noticias\/author\/admin\/#author"},"publisher":{"@id":"https:\/\/candas365.es\/noticias\/#organization"},"image":{"@type":"ImageObject","url":"https:\/\/candas365.es\/noticias\/wp-content\/uploads\/2015\/11\/Grada-cine.jpg","width":655,"height":360},"datePublished":"2016-07-15T23:04:02+02:00","dateModified":"2016-07-15T23:04:02+02:00","inLanguage":"es-ES","mainEntityOfPage":{"@id":"https:\/\/candas365.es\/noticias\/steven-spielberg-procesa-sus-traumas-a-traves-de-sus-peliculas\/#webpage"},"isPartOf":{"@id":"https:\/\/candas365.es\/noticias\/steven-spielberg-procesa-sus-traumas-a-traves-de-sus-peliculas\/#webpage"},"articleSection":"Actualidad","dateline":"Publicado el julio 15, 2016."},{"@type":"Organization","@id":"https:\/\/candas365.es\/noticias\/#organization","name":"Cand\u00e1s 365","description":"Cand\u00e1s 365 es un diario digital independiente, fundado en 2012, con base en Asturias. Informamos con rigor sobre actualidad, sociedad, cultura y ocio, con una mirada local y global.","url":"https:\/\/candas365.es\/noticias\/","email":"info@candas365.es","telephone":"+34652131393","foundingDate":"2012-06-10","logo":{"@type":"ImageObject","url":"https:\/\/candas365.es\/noticias\/wp-content\/uploads\/2024\/09\/Candas-365-Redes.jpg","@id":"https:\/\/candas365.es\/noticias\/steven-spielberg-procesa-sus-traumas-a-traves-de-sus-peliculas\/#organizationLogo","width":1152,"height":864,"caption":"Cand\u00e1s 365 Redes"},"image":{"@id":"https:\/\/candas365.es\/noticias\/steven-spielberg-procesa-sus-traumas-a-traves-de-sus-peliculas\/#organizationLogo"},"sameAs":["https:\/\/www.facebook.com\/Nachofdezber","https:\/\/x.com\/NabercoDigital","https:\/\/www.instagram.com\/nachofdezber\/","https:\/\/www.youtube.com\/channel\/UCZP-2wLEB9Rv6erhFmqVnvg"],"address":{"@id":"https:\/\/candas365.es\/noticias\/#postaladdress","@type":"PostalAddress","streetAddress":"san antonio 4, san antonio 4","postalCode":"33430","addressLocality":"Cand\u00e1s","addressRegion":"Asturias","addressCountry":"ES"}},{"@type":"Person","@id":"https:\/\/candas365.es\/noticias\/author\/admin\/#author","url":"https:\/\/candas365.es\/noticias\/author\/admin\/","name":"Cand\u00e1s 365","image":{"@type":"ImageObject","@id":"https:\/\/candas365.es\/noticias\/steven-spielberg-procesa-sus-traumas-a-traves-de-sus-peliculas\/#authorImage","url":"https:\/\/secure.gravatar.com\/avatar\/496a8e03d0c493ede1718b7934145dbdf8d89be1036b0eec9544e1094c9de390?s=96&d=mm&r=g","width":96,"height":96,"caption":"Cand\u00e1s 365"},"sameAs":["https:\/\/www.facebook.com\/carrenoactualidad","https:\/\/twitter.com\/nbasturias","https:\/\/www.instagram.com\/nachofdezber\/","https:\/\/www.youtube.com\/channel\/UCZP-2wLEB9Rv6erhFmqVnvg"]},{"@type":"WebPage","@id":"https:\/\/candas365.es\/noticias\/steven-spielberg-procesa-sus-traumas-a-traves-de-sus-peliculas\/#webpage","url":"https:\/\/candas365.es\/noticias\/steven-spielberg-procesa-sus-traumas-a-traves-de-sus-peliculas\/","name":"Steven Spielberg procesa sus traumas a trav\u00e9s de sus pel\u00edculas | Cand\u00e1s 365","description":"M\u00fanich, 15 jul (dpa) - La fascinaci\u00f3n por el horror le vino al cineasta estadounidense Steven Spielberg de los miedos que lo acecharon en la infancia, seg\u00fan explic\u00f3 el director en una entrevista que publica hoy el suplemento del diario alem\u00e1n \"S\u00fcddeutsche Zeitung\". \"Mis pesadillas eran bien v\u00edvidas\", dijo Spielberg. \"No tuve una pesadilla recurrente.","inLanguage":"es-ES","isPartOf":{"@id":"https:\/\/candas365.es\/noticias\/#website"},"breadcrumb":{"@id":"https:\/\/candas365.es\/noticias\/steven-spielberg-procesa-sus-traumas-a-traves-de-sus-peliculas\/#breadcrumblist"},"author":{"@id":"https:\/\/candas365.es\/noticias\/author\/admin\/#author"},"creator":{"@id":"https:\/\/candas365.es\/noticias\/author\/admin\/#author"},"image":{"@type":"ImageObject","url":"https:\/\/candas365.es\/noticias\/wp-content\/uploads\/2015\/11\/Grada-cine.jpg","@id":"https:\/\/candas365.es\/noticias\/steven-spielberg-procesa-sus-traumas-a-traves-de-sus-peliculas\/#mainImage","width":655,"height":360},"primaryImageOfPage":{"@id":"https:\/\/candas365.es\/noticias\/steven-spielberg-procesa-sus-traumas-a-traves-de-sus-peliculas\/#mainImage"},"datePublished":"2016-07-15T23:04:02+02:00","dateModified":"2016-07-15T23:04:02+02:00"},{"@type":"WebSite","@id":"https:\/\/candas365.es\/noticias\/#website","url":"https:\/\/candas365.es\/noticias\/","name":"Cand\u00e1s 365","alternateName":"Cand\u00e1s 365 Noticias","description":"Actualidad desde Carre\u00f1o para el mundo","inLanguage":"es-ES","publisher":{"@id":"https:\/\/candas365.es\/noticias\/#organization"}}]},"og:locale":"es_ES","og:site_name":"Cand\u00e1s 365","og:type":"article","og:title":"Steven Spielberg procesa sus traumas a trav\u00e9s de sus pel\u00edculas | Cand\u00e1s 365","og:description":"M\u00fanich, 15 jul (dpa) - La fascinaci\u00f3n por el horror le vino al cineasta estadounidense Steven Spielberg de los miedos que lo acecharon en la infancia, seg\u00fan explic\u00f3 el director en una entrevista que publica hoy el suplemento del diario alem\u00e1n &quot;S\u00fcddeutsche Zeitung&quot;. &quot;Mis pesadillas eran bien v\u00edvidas&quot;, dijo Spielberg. &quot;No tuve una pesadilla recurrente.","og:url":"https:\/\/candas365.es\/noticias\/steven-spielberg-procesa-sus-traumas-a-traves-de-sus-peliculas\/","og:image":"https:\/\/candas365.es\/noticias\/wp-content\/uploads\/2015\/11\/Grada-cine.jpg","og:image:secure_url":"https:\/\/candas365.es\/noticias\/wp-content\/uploads\/2015\/11\/Grada-cine.jpg","og:image:width":655,"og:image:height":360,"article:published_time":"2016-07-15T21:34:02+00:00","article:modified_time":"2016-07-15T21:34:02+00:00","article:publisher":"https:\/\/www.facebook.com\/Nachofdezber","article:author":"https:\/\/www.facebook.com\/carrenoactualidad","twitter:card":"summary_large_image","twitter:site":"@NabercoDigital","twitter:title":"Steven Spielberg procesa sus traumas a trav\u00e9s de sus pel\u00edculas | Cand\u00e1s 365","twitter:description":"M\u00fanich, 15 jul (dpa) - La fascinaci\u00f3n por el horror le vino al cineasta estadounidense Steven Spielberg de los miedos que lo acecharon en la infancia, seg\u00fan explic\u00f3 el director en una entrevista que publica hoy el suplemento del diario alem\u00e1n &quot;S\u00fcddeutsche Zeitung&quot;. &quot;Mis pesadillas eran bien v\u00edvidas&quot;, dijo Spielberg. &quot;No tuve una pesadilla recurrente.","twitter:creator":"@nbasturias","twitter:image":"https:\/\/candas365.es\/noticias\/wp-content\/uploads\/2015\/11\/Grada-cine.jpg","twitter:label1":"Escrito por","twitter:data1":"Cand\u00e1s 365","twitter:label2":"Tiempo de lectura estimado","twitter:data2":"1 minuto"},"aioseo_meta_data":{"post_id":"32088","title":null,"description":null,"keywords":null,"keyphrases":null,"primary_term":null,"canonical_url":null,"og_title":null,"og_description":null,"og_object_type":"default","og_image_type":"default","og_image_url":null,"og_image_width":null,"og_image_height":null,"og_image_custom_url":null,"og_image_custom_fields":null,"og_video":null,"og_custom_url":null,"og_article_section":null,"og_article_tags":null,"twitter_use_og":false,"twitter_card":"default","twitter_image_type":"default","twitter_image_url":null,"twitter_image_custom_url":null,"twitter_image_custom_fields":null,"twitter_title":null,"twitter_description":null,"schema":{"blockGraphs":[],"customGraphs":[],"default":{"data":{"Article":[],"Course":[],"Dataset":[],"FAQPage":[],"Movie":[],"Person":[],"Product":[],"ProductReview":[],"Car":[],"Recipe":[],"Service":[],"SoftwareApplication":[],"WebPage":[]},"graphName":"","isEnabled":true},"graphs":[],"defaultGraph":"","defaultPostTypeGraph":""},"schema_type":null,"schema_type_options":null,"pillar_content":false,"robots_default":true,"robots_noindex":false,"robots_noarchive":false,"robots_nosnippet":false,"robots_nofollow":false,"robots_noimageindex":false,"robots_noodp":false,"robots_notranslate":false,"robots_max_snippet":null,"robots_max_videopreview":null,"robots_max_imagepreview":"large","priority":null,"frequency":null,"location":null,"local_seo":null,"seo_analyzer_scan_date":"2025-08-24 14:53:08","breadcrumb_settings":null,"limit_modified_date":false,"reviewed_by":null,"open_ai":null,"ai":null,"created":"2020-12-21 13:02:41","updated":"2025-08-24 14:53:08"},"aioseo_breadcrumb":"<div class=\"aioseo-breadcrumbs\"><span class=\"aioseo-breadcrumb\">\n\t<a href=\"https:\/\/candas365.es\/noticias\" title=\"Home\">Home<\/a>\n<\/span><span class=\"aioseo-breadcrumb-separator\">&ndash;<\/span><span class=\"aioseo-breadcrumb\">\n\t<a href=\"https:\/\/candas365.es\/noticias\/category\/actualidad\/\" title=\"Actualidad\">Actualidad<\/a>\n<\/span><span class=\"aioseo-breadcrumb-separator\">&ndash;<\/span><span class=\"aioseo-breadcrumb\">\n\tSteven Spielberg procesa sus traumas a trav\u00e9s de sus pel\u00edculas\n<\/span><\/div>","aioseo_breadcrumb_json":[{"label":"Home","link":"https:\/\/candas365.es\/noticias"},{"label":"Actualidad","link":"https:\/\/candas365.es\/noticias\/category\/actualidad\/"},{"label":"Steven Spielberg procesa sus traumas a trav\u00e9s de sus pel\u00edculas","link":"https:\/\/candas365.es\/noticias\/steven-spielberg-procesa-sus-traumas-a-traves-de-sus-peliculas\/"}],"_links":{"self":[{"href":"https:\/\/candas365.es\/noticias\/wp-json\/wp\/v2\/posts\/32088","targetHints":{"allow":["GET"]}}],"collection":[{"href":"https:\/\/candas365.es\/noticias\/wp-json\/wp\/v2\/posts"}],"about":[{"href":"https:\/\/candas365.es\/noticias\/wp-json\/wp\/v2\/types\/post"}],"author":[{"embeddable":true,"href":"https:\/\/candas365.es\/noticias\/wp-json\/wp\/v2\/users\/1"}],"replies":[{"embeddable":true,"href":"https:\/\/candas365.es\/noticias\/wp-json\/wp\/v2\/comments?post=32088"}],"version-history":[{"count":0,"href":"https:\/\/candas365.es\/noticias\/wp-json\/wp\/v2\/posts\/32088\/revisions"}],"wp:featuredmedia":[{"embeddable":true,"href":"https:\/\/candas365.es\/noticias\/wp-json\/wp\/v2\/media\/18980"}],"wp:attachment":[{"href":"https:\/\/candas365.es\/noticias\/wp-json\/wp\/v2\/media?parent=32088"}],"wp:term":[{"taxonomy":"category","embeddable":true,"href":"https:\/\/candas365.es\/noticias\/wp-json\/wp\/v2\/categories?post=32088"},{"taxonomy":"post_tag","embeddable":true,"href":"https:\/\/candas365.es\/noticias\/wp-json\/wp\/v2\/tags?post=32088"}],"curies":[{"name":"wp","href":"https:\/\/api.w.org\/{rel}","templated":true}]}}