{"id":32072,"date":"2016-07-15T22:42:19","date_gmt":"2016-07-15T21:12:19","guid":{"rendered":"http:\/\/candas365.es\/noticias\/?p=32072"},"modified":"2016-07-15T22:42:19","modified_gmt":"2016-07-15T21:12:19","slug":"presidencia-alemana-lamenta-invitacion-a-complice-de-colonia-dignidad","status":"publish","type":"post","link":"https:\/\/candas365.es\/noticias\/presidencia-alemana-lamenta-invitacion-a-complice-de-colonia-dignidad\/","title":{"rendered":"Presidencia alemana lamenta invitaci\u00f3n a c\u00f3mplice de Colonia Dignidad"},"content":{"rendered":"<p>Santiago de Chile\/Montevideo, 15 jul (dpa) &#8211; La presidencia alemana lament\u00f3 ayer la invitaci\u00f3n a un condenado por complicidad en los abusos en Colonia Dignidad a una recepci\u00f3n ofrecida en la embajada alemana en Santiago de Chile en honor del presidente germano, Joachim Gauck.<\/p>\n<p>\u00abLe pusimos gran empe\u00f1o a seleccionar cuidadosamente a los invitados, sobre todo a ra\u00edz de la historia de Colonia Dignidad\u00bb, dijo una portavoz del presidente alem\u00e1n. \u00abLamentamos por las v\u00edctimas que no se haya atendido esta norma\u00bb.<\/p>\n<p>El abogado Winfried Hempel, representante de m\u00e1s de cien colonos que demandar\u00e1n una reparaci\u00f3n econ\u00f3mica al Estado chileno por las violaciones de sus derechos humanos ocurridas en Dignidad, elogi\u00f3 la r\u00e1pida reacci\u00f3n de la presidencia germana, pero indic\u00f3 a dpa que lo sucedido \u00abno es un hecho aislado, s\u00f3lo es la guinda de la torta\u00bb.<\/p>\n<p>\u00abEl gobierno alem\u00e1n desde los a\u00f1os 70 hasta el 2016 sigue cometiendo errores tan groseros como el de anoche. Cada vez que llega la gente de la embajada a Villa Baviera (ex colonia Dignidad) se juntan a almorzar con Reinhard Zeitner y con la jerarqu\u00eda de la Colonia y no con la v\u00edctimas\u00bb, asever\u00f3.<\/p>\n<p>Entre los invitados a la recepci\u00f3n en honor de Gauck efectuada en la embajada alemana en Santiago este mi\u00e9rcoles estuvo Reinhard Zeitner, condenado en un proceso a tres a\u00f1os de prisi\u00f3n por abuso de menores.<\/p>\n<p>Zeitner estuvo tres meses en prisi\u00f3n preventiva mientras dur\u00f3 el proceso en su contra y cuando se dict\u00f3 la sentencia qued\u00f3 con remisi\u00f3n de la pena en un r\u00e9gimen de libertad vigilada durante cuatro a\u00f1os, per\u00edodo que concluy\u00f3 recientemente.<\/p>\n<p>Actualmente es uno de los cuatro integrantes del directorio de un holding de empresas que administra los bienes de Villa Baviera, entre los cuales est\u00e1n sus 14.000 hect\u00e1reas, donde se fabrican m\u00faltiples productos agr\u00edcolas y tambi\u00e9n se ofrecen programas a turistas que incluyen folclore b\u00e1varo.<\/p>\n<p>Villa Baviera est\u00e1 ubicada en la comuna de Parral, unos 350 kil\u00f3metros al sur de Santiago.<\/p>\n<p>Durante la dictadura de Pinochet sirvi\u00f3 de centro de torturas, arresto y desaparici\u00f3n de opositores al r\u00e9gimen militar y antes y despu\u00e9s de ese gobierno fue sindicada por abusos a los derechos humanos de los colonos.<\/p>\n<p>Seg\u00fan Hempel, Zeitner \u00abfue un mando medio que andaba con pistola al cinto como parte del grupo de seguridad de Paul Schaefer\u00bb, el fallecido ex fundador de Dignidad.<\/p>\n<p>Sin embargo, el jurista indic\u00f3 que m\u00e1s que la presencia de Zeitner anoche en la recepci\u00f3n en la embajada, lamenta que durante la visita a Chile del presidente Gauck no tuvo un encuentro con v\u00edctimas de la Colonia Dignidad \u00aben el contexto que corresponde, privadamente\u00bb.<\/p>\n<p>El abogado Hern\u00e1n Fern\u00e1ndez, quien descubri\u00f3 a Schaefer cuando huy\u00f3 hacia Argentina tras ser condenado en Chile, tramita actualmente en el juzgado de Parral una querella por asociaci\u00f3n il\u00edcita en contra de los jerarcas de la Colonia que incluye a Zeitner.<\/p>\n<p>Durante la pol\u00e9mica velada, Zeitner increp\u00f3 al director de la pel\u00edcula \u00abColonia\u00bb, Florian Gallenberger, afirmando que en su cinta \u00abhay pasajes que no se ajustan a la realidad\u00bb de lo ocurrido en Colonia Dignidad. Gallenberger reaccion\u00f3 molesto por estas cr\u00edticas.<\/p>\n<p>Efra\u00edn Vedder, otro colono chileno secuestrado en la d\u00e9cada del 70, explic\u00f3 a dpa que \u00abla embajada siempre invita a las dos partes\u00bb. \u00abYo fui para all\u00e1\u00bb, agreg\u00f3.<\/p>\n<p>Gauck viaj\u00f3 ayer a Montevideo para iniciar una visita oficial al Uruguay.<\/p>\n<p>Durante su presencia en Chile, se reuni\u00f3 con cuatro representantes de la sociedad civil, entre ellos Margarita Romero de la Asociaci\u00f3n por la Memoria y los Derechos Humanos Colonia Dignidad, a quien prometi\u00f3 \u00abhacer todo lo posible\u00bb por avanzar en la verdad y la justicia en los casos de violaciones de los derechos humanos en la ex Colonia Dignidad.<\/p>\n<p>Esta asociaci\u00f3n present\u00f3 el lunes una querella judicial en contra de varios militares identificados y otros que resulten responsables por la desaparici\u00f3n de 100 opositores a la dictadura de Pinochet (1973-1990) al interior de Colonia Dignidad.<\/p>\n<p>Otra querella, en contra del Estado chileno, fue anunciada por el abogado Hempel, quien solicitar\u00e1 100 millones de d\u00f3lares en reparaci\u00f3n para m\u00e1s de un centenar de v\u00edctimas de la Colonia, a quienes representa.    <\/p>\n<p>El presidente Gauck dijo en una conferencia conjunta con la presidenta Michele Bachelet que descartaba otorgar reparaciones econ\u00f3micas para las v\u00edctimas de violaciones de los derechos humanos ocurridas en Colonia Dignidad.<\/p>\n<p>En abril, el Gobierno alem\u00e1n anunci\u00f3 la desclasificaci\u00f3n de los archivos oficiales que tiene sobre Colonia Dignidad. \u00abHe decidido adelantar la desclasificaci\u00f3n para que los investigadores y los medios\u00bb tengan acceso a la informaci\u00f3n, dijo entonces el ministro de Exteriores, Frank-Walter Steinmeier.<\/p>\n<p>Durante la dictadura de Pinochet sirvi\u00f3 de centro de torturas, arresto y desaparici\u00f3n de opositores al r\u00e9gimen militar y antes y despu\u00e9s de ese gobierno fue sindicada por abusos a los derechos humanos de los colonos. Schaefer cumpli\u00f3 condena por estos delitos y muri\u00f3 en la c\u00e1rcel. <\/p>\n","protected":false},"excerpt":{"rendered":"<p>Santiago de Chile\/Montevideo, 15 jul (dpa) &#8211; La presidencia alemana lament\u00f3 ayer la invitaci\u00f3n a un condenado por complicidad en los abusos en Colonia Dignidad a una recepci\u00f3n ofrecida en la embajada alemana en Santiago de Chile en honor del presidente germano, Joachim Gauck. \u00abLe pusimos gran empe\u00f1o a seleccionar cuidadosamente a los invitados, sobre<\/p>\n","protected":false},"author":1,"featured_media":16457,"comment_status":"closed","ping_status":"closed","sticky":false,"template":"","format":"standard","meta":{"footnotes":""},"categories":[343],"tags":[],"class_list":{"0":"post-32072","1":"post","2":"type-post","3":"status-publish","4":"format-standard","5":"has-post-thumbnail","7":"category-actualidad"},"aioseo_notices":[],"aioseo_head":"\n\t\t<!-- All in One SEO Pro 4.9.6.2 - aioseo.com -->\n\t<meta name=\"description\" content=\"Santiago de Chile\/Montevideo, 15 jul (dpa) - La presidencia alemana lament\u00f3 ayer la invitaci\u00f3n a un condenado por complicidad en los abusos en Colonia Dignidad a una recepci\u00f3n ofrecida en la embajada alemana en Santiago de Chile en honor del presidente germano, Joachim Gauck. &quot;Le pusimos gran empe\u00f1o a seleccionar cuidadosamente a los invitados, sobre\" \/>\n\t<meta name=\"robots\" content=\"max-image-preview:large\" \/>\n\t<meta name=\"author\" content=\"Cand\u00e1s 365\"\/>\n\t<meta name=\"google-site-verification\" content=\"UA-32230408-1\" \/>\n\t<meta name=\"msvalidate.01\" content=\"354F3CDFB2DA171B47FBE9ABF1F88D5\" \/>\n\t<meta name=\"keywords\" content=\"actualidad\" \/>\n\t<link rel=\"canonical\" href=\"https:\/\/candas365.es\/noticias\/presidencia-alemana-lamenta-invitacion-a-complice-de-colonia-dignidad\/\" \/>\n\t<meta name=\"generator\" content=\"All in One SEO Pro (AIOSEO) 4.9.6.2\" \/>\n\t\t<meta property=\"og:locale\" content=\"es_ES\" \/>\n\t\t<meta property=\"og:site_name\" content=\"Cand\u00e1s 365\" \/>\n\t\t<meta property=\"og:type\" content=\"article\" \/>\n\t\t<meta property=\"og:title\" content=\"Presidencia alemana lamenta invitaci\u00f3n a c\u00f3mplice de Colonia Dignidad | Cand\u00e1s 365\" \/>\n\t\t<meta property=\"og:description\" content=\"Santiago de Chile\/Montevideo, 15 jul (dpa) - La presidencia alemana lament\u00f3 ayer la invitaci\u00f3n a un condenado por complicidad en los abusos en Colonia Dignidad a una recepci\u00f3n ofrecida en la embajada alemana en Santiago de Chile en honor del presidente germano, Joachim Gauck. &quot;Le pusimos gran empe\u00f1o a seleccionar cuidadosamente a los invitados, sobre\" \/>\n\t\t<meta property=\"og:url\" content=\"https:\/\/candas365.es\/noticias\/presidencia-alemana-lamenta-invitacion-a-complice-de-colonia-dignidad\/\" \/>\n\t\t<meta property=\"og:image\" content=\"https:\/\/candas365.es\/noticias\/wp-content\/uploads\/2015\/09\/c365noticias.jpg\" \/>\n\t\t<meta property=\"og:image:secure_url\" content=\"https:\/\/candas365.es\/noticias\/wp-content\/uploads\/2015\/09\/c365noticias.jpg\" \/>\n\t\t<meta property=\"og:image:width\" content=\"655\" \/>\n\t\t<meta property=\"og:image:height\" content=\"360\" \/>\n\t\t<meta property=\"article:published_time\" content=\"2016-07-15T21:12:19+00:00\" \/>\n\t\t<meta property=\"article:modified_time\" content=\"2016-07-15T21:12:19+00:00\" \/>\n\t\t<meta property=\"article:publisher\" content=\"https:\/\/www.facebook.com\/Nachofdezber\" \/>\n\t\t<meta property=\"article:author\" content=\"https:\/\/www.facebook.com\/carrenoactualidad\" \/>\n\t\t<meta name=\"twitter:card\" content=\"summary_large_image\" \/>\n\t\t<meta name=\"twitter:site\" content=\"@NabercoDigital\" \/>\n\t\t<meta name=\"twitter:title\" content=\"Presidencia alemana lamenta invitaci\u00f3n a c\u00f3mplice de Colonia Dignidad | Cand\u00e1s 365\" \/>\n\t\t<meta name=\"twitter:description\" content=\"Santiago de Chile\/Montevideo, 15 jul (dpa) - La presidencia alemana lament\u00f3 ayer la invitaci\u00f3n a un condenado por complicidad en los abusos en Colonia Dignidad a una recepci\u00f3n ofrecida en la embajada alemana en Santiago de Chile en honor del presidente germano, Joachim Gauck. &quot;Le pusimos gran empe\u00f1o a seleccionar cuidadosamente a los invitados, sobre\" \/>\n\t\t<meta name=\"twitter:creator\" content=\"@nbasturias\" \/>\n\t\t<meta name=\"twitter:image\" content=\"https:\/\/candas365.es\/noticias\/wp-content\/uploads\/2015\/09\/c365noticias.jpg\" \/>\n\t\t<meta name=\"twitter:label1\" content=\"Escrito por\" \/>\n\t\t<meta name=\"twitter:data1\" content=\"Cand\u00e1s 365\" \/>\n\t\t<meta name=\"twitter:label2\" content=\"Tiempo de lectura estimado\" \/>\n\t\t<meta name=\"twitter:data2\" content=\"4 minutos\" \/>\n\t\t<script type=\"application\/ld+json\" class=\"aioseo-schema\">\n\t\t\t{\"@context\":\"https:\\\/\\\/schema.org\",\"@graph\":[{\"@type\":\"BreadcrumbList\",\"@id\":\"https:\\\/\\\/candas365.es\\\/noticias\\\/presidencia-alemana-lamenta-invitacion-a-complice-de-colonia-dignidad\\\/#breadcrumblist\",\"itemListElement\":[{\"@type\":\"ListItem\",\"@id\":\"https:\\\/\\\/candas365.es\\\/noticias#listItem\",\"position\":1,\"name\":\"Home\",\"item\":\"https:\\\/\\\/candas365.es\\\/noticias\",\"nextItem\":{\"@type\":\"ListItem\",\"@id\":\"https:\\\/\\\/candas365.es\\\/noticias\\\/category\\\/actualidad\\\/#listItem\",\"name\":\"Actualidad\"}},{\"@type\":\"ListItem\",\"@id\":\"https:\\\/\\\/candas365.es\\\/noticias\\\/category\\\/actualidad\\\/#listItem\",\"position\":2,\"name\":\"Actualidad\",\"item\":\"https:\\\/\\\/candas365.es\\\/noticias\\\/category\\\/actualidad\\\/\",\"nextItem\":{\"@type\":\"ListItem\",\"@id\":\"https:\\\/\\\/candas365.es\\\/noticias\\\/presidencia-alemana-lamenta-invitacion-a-complice-de-colonia-dignidad\\\/#listItem\",\"name\":\"Presidencia alemana lamenta invitaci\\u00f3n a c\\u00f3mplice de Colonia Dignidad\"},\"previousItem\":{\"@type\":\"ListItem\",\"@id\":\"https:\\\/\\\/candas365.es\\\/noticias#listItem\",\"name\":\"Home\"}},{\"@type\":\"ListItem\",\"@id\":\"https:\\\/\\\/candas365.es\\\/noticias\\\/presidencia-alemana-lamenta-invitacion-a-complice-de-colonia-dignidad\\\/#listItem\",\"position\":3,\"name\":\"Presidencia alemana lamenta invitaci\\u00f3n a c\\u00f3mplice de Colonia Dignidad\",\"previousItem\":{\"@type\":\"ListItem\",\"@id\":\"https:\\\/\\\/candas365.es\\\/noticias\\\/category\\\/actualidad\\\/#listItem\",\"name\":\"Actualidad\"}}]},{\"@type\":\"NewsArticle\",\"@id\":\"https:\\\/\\\/candas365.es\\\/noticias\\\/presidencia-alemana-lamenta-invitacion-a-complice-de-colonia-dignidad\\\/#newsarticle\",\"name\":\"Presidencia alemana lamenta invitaci\\u00f3n a c\\u00f3mplice de Colonia Dignidad | Cand\\u00e1s 365\",\"headline\":\"Presidencia alemana lamenta invitaci\\u00f3n a c\\u00f3mplice de Colonia Dignidad\",\"author\":{\"@id\":\"https:\\\/\\\/candas365.es\\\/noticias\\\/author\\\/admin\\\/#author\"},\"publisher\":{\"@id\":\"https:\\\/\\\/candas365.es\\\/noticias\\\/#organization\"},\"image\":{\"@type\":\"ImageObject\",\"url\":\"https:\\\/\\\/candas365.es\\\/noticias\\\/wp-content\\\/uploads\\\/2015\\\/09\\\/c365noticias.jpg\",\"width\":655,\"height\":360},\"datePublished\":\"2016-07-15T22:42:19+02:00\",\"dateModified\":\"2016-07-15T22:42:19+02:00\",\"inLanguage\":\"es-ES\",\"mainEntityOfPage\":{\"@id\":\"https:\\\/\\\/candas365.es\\\/noticias\\\/presidencia-alemana-lamenta-invitacion-a-complice-de-colonia-dignidad\\\/#webpage\"},\"isPartOf\":{\"@id\":\"https:\\\/\\\/candas365.es\\\/noticias\\\/presidencia-alemana-lamenta-invitacion-a-complice-de-colonia-dignidad\\\/#webpage\"},\"articleSection\":\"Actualidad\",\"dateline\":\"Publicado el julio 15, 2016.\"},{\"@type\":\"Organization\",\"@id\":\"https:\\\/\\\/candas365.es\\\/noticias\\\/#organization\",\"name\":\"Cand\\u00e1s 365\",\"description\":\"Cand\\u00e1s 365 es un diario digital independiente, fundado en 2012, con base en Asturias. Informamos con rigor sobre actualidad, sociedad, cultura y ocio, con una mirada local y global.\",\"url\":\"https:\\\/\\\/candas365.es\\\/noticias\\\/\",\"email\":\"info@candas365.es\",\"telephone\":\"+34652131393\",\"foundingDate\":\"2012-06-10\",\"logo\":{\"@type\":\"ImageObject\",\"url\":\"https:\\\/\\\/candas365.es\\\/noticias\\\/wp-content\\\/uploads\\\/2024\\\/09\\\/Candas-365-Redes.jpg\",\"@id\":\"https:\\\/\\\/candas365.es\\\/noticias\\\/presidencia-alemana-lamenta-invitacion-a-complice-de-colonia-dignidad\\\/#organizationLogo\",\"width\":1152,\"height\":864,\"caption\":\"Cand\\u00e1s 365 Redes\"},\"image\":{\"@id\":\"https:\\\/\\\/candas365.es\\\/noticias\\\/presidencia-alemana-lamenta-invitacion-a-complice-de-colonia-dignidad\\\/#organizationLogo\"},\"sameAs\":[\"https:\\\/\\\/www.facebook.com\\\/Nachofdezber\",\"https:\\\/\\\/x.com\\\/NabercoDigital\",\"https:\\\/\\\/www.instagram.com\\\/nachofdezber\\\/\",\"https:\\\/\\\/www.youtube.com\\\/channel\\\/UCZP-2wLEB9Rv6erhFmqVnvg\"],\"address\":{\"@id\":\"https:\\\/\\\/candas365.es\\\/noticias\\\/#postaladdress\",\"@type\":\"PostalAddress\",\"streetAddress\":\"san antonio 4, san antonio 4\",\"postalCode\":\"33430\",\"addressLocality\":\"Cand\\u00e1s\",\"addressRegion\":\"Asturias\",\"addressCountry\":\"ES\"}},{\"@type\":\"Person\",\"@id\":\"https:\\\/\\\/candas365.es\\\/noticias\\\/author\\\/admin\\\/#author\",\"url\":\"https:\\\/\\\/candas365.es\\\/noticias\\\/author\\\/admin\\\/\",\"name\":\"Cand\\u00e1s 365\",\"image\":{\"@type\":\"ImageObject\",\"@id\":\"https:\\\/\\\/candas365.es\\\/noticias\\\/presidencia-alemana-lamenta-invitacion-a-complice-de-colonia-dignidad\\\/#authorImage\",\"url\":\"https:\\\/\\\/secure.gravatar.com\\\/avatar\\\/496a8e03d0c493ede1718b7934145dbdf8d89be1036b0eec9544e1094c9de390?s=96&d=mm&r=g\",\"width\":96,\"height\":96,\"caption\":\"Cand\\u00e1s 365\"},\"sameAs\":[\"https:\\\/\\\/www.facebook.com\\\/carrenoactualidad\",\"https:\\\/\\\/twitter.com\\\/nbasturias\",\"https:\\\/\\\/www.instagram.com\\\/nachofdezber\\\/\",\"https:\\\/\\\/www.youtube.com\\\/channel\\\/UCZP-2wLEB9Rv6erhFmqVnvg\"]},{\"@type\":\"WebPage\",\"@id\":\"https:\\\/\\\/candas365.es\\\/noticias\\\/presidencia-alemana-lamenta-invitacion-a-complice-de-colonia-dignidad\\\/#webpage\",\"url\":\"https:\\\/\\\/candas365.es\\\/noticias\\\/presidencia-alemana-lamenta-invitacion-a-complice-de-colonia-dignidad\\\/\",\"name\":\"Presidencia alemana lamenta invitaci\\u00f3n a c\\u00f3mplice de Colonia Dignidad | Cand\\u00e1s 365\",\"description\":\"Santiago de Chile\\\/Montevideo, 15 jul (dpa) - La presidencia alemana lament\\u00f3 ayer la invitaci\\u00f3n a un condenado por complicidad en los abusos en Colonia Dignidad a una recepci\\u00f3n ofrecida en la embajada alemana en Santiago de Chile en honor del presidente germano, Joachim Gauck. \\\"Le pusimos gran empe\\u00f1o a seleccionar cuidadosamente a los invitados, sobre\",\"inLanguage\":\"es-ES\",\"isPartOf\":{\"@id\":\"https:\\\/\\\/candas365.es\\\/noticias\\\/#website\"},\"breadcrumb\":{\"@id\":\"https:\\\/\\\/candas365.es\\\/noticias\\\/presidencia-alemana-lamenta-invitacion-a-complice-de-colonia-dignidad\\\/#breadcrumblist\"},\"author\":{\"@id\":\"https:\\\/\\\/candas365.es\\\/noticias\\\/author\\\/admin\\\/#author\"},\"creator\":{\"@id\":\"https:\\\/\\\/candas365.es\\\/noticias\\\/author\\\/admin\\\/#author\"},\"image\":{\"@type\":\"ImageObject\",\"url\":\"https:\\\/\\\/candas365.es\\\/noticias\\\/wp-content\\\/uploads\\\/2015\\\/09\\\/c365noticias.jpg\",\"@id\":\"https:\\\/\\\/candas365.es\\\/noticias\\\/presidencia-alemana-lamenta-invitacion-a-complice-de-colonia-dignidad\\\/#mainImage\",\"width\":655,\"height\":360},\"primaryImageOfPage\":{\"@id\":\"https:\\\/\\\/candas365.es\\\/noticias\\\/presidencia-alemana-lamenta-invitacion-a-complice-de-colonia-dignidad\\\/#mainImage\"},\"datePublished\":\"2016-07-15T22:42:19+02:00\",\"dateModified\":\"2016-07-15T22:42:19+02:00\"},{\"@type\":\"WebSite\",\"@id\":\"https:\\\/\\\/candas365.es\\\/noticias\\\/#website\",\"url\":\"https:\\\/\\\/candas365.es\\\/noticias\\\/\",\"name\":\"Cand\\u00e1s 365\",\"alternateName\":\"Cand\\u00e1s 365 Noticias\",\"description\":\"Actualidad desde Carre\\u00f1o para el mundo\",\"inLanguage\":\"es-ES\",\"publisher\":{\"@id\":\"https:\\\/\\\/candas365.es\\\/noticias\\\/#organization\"}}]}\n\t\t<\/script>\n\t\t<!-- All in One SEO Pro -->\r\n\t\t<title>Presidencia alemana lamenta invitaci\u00f3n a c\u00f3mplice de Colonia Dignidad | Cand\u00e1s 365<\/title>\n\n","aioseo_head_json":{"title":"Presidencia alemana lamenta invitaci\u00f3n a c\u00f3mplice de Colonia Dignidad | Cand\u00e1s 365","description":"Santiago de Chile\/Montevideo, 15 jul (dpa) - La presidencia alemana lament\u00f3 ayer la invitaci\u00f3n a un condenado por complicidad en los abusos en Colonia Dignidad a una recepci\u00f3n ofrecida en la embajada alemana en Santiago de Chile en honor del presidente germano, Joachim Gauck. \"Le pusimos gran empe\u00f1o a seleccionar cuidadosamente a los invitados, sobre","canonical_url":"https:\/\/candas365.es\/noticias\/presidencia-alemana-lamenta-invitacion-a-complice-de-colonia-dignidad\/","robots":"max-image-preview:large","keywords":"actualidad","webmasterTools":{"google-site-verification":"UA-32230408-1","msvalidate.01":"354F3CDFB2DA171B47FBE9ABF1F88D5","miscellaneous":""},"schema":{"@context":"https:\/\/schema.org","@graph":[{"@type":"BreadcrumbList","@id":"https:\/\/candas365.es\/noticias\/presidencia-alemana-lamenta-invitacion-a-complice-de-colonia-dignidad\/#breadcrumblist","itemListElement":[{"@type":"ListItem","@id":"https:\/\/candas365.es\/noticias#listItem","position":1,"name":"Home","item":"https:\/\/candas365.es\/noticias","nextItem":{"@type":"ListItem","@id":"https:\/\/candas365.es\/noticias\/category\/actualidad\/#listItem","name":"Actualidad"}},{"@type":"ListItem","@id":"https:\/\/candas365.es\/noticias\/category\/actualidad\/#listItem","position":2,"name":"Actualidad","item":"https:\/\/candas365.es\/noticias\/category\/actualidad\/","nextItem":{"@type":"ListItem","@id":"https:\/\/candas365.es\/noticias\/presidencia-alemana-lamenta-invitacion-a-complice-de-colonia-dignidad\/#listItem","name":"Presidencia alemana lamenta invitaci\u00f3n a c\u00f3mplice de Colonia Dignidad"},"previousItem":{"@type":"ListItem","@id":"https:\/\/candas365.es\/noticias#listItem","name":"Home"}},{"@type":"ListItem","@id":"https:\/\/candas365.es\/noticias\/presidencia-alemana-lamenta-invitacion-a-complice-de-colonia-dignidad\/#listItem","position":3,"name":"Presidencia alemana lamenta invitaci\u00f3n a c\u00f3mplice de Colonia Dignidad","previousItem":{"@type":"ListItem","@id":"https:\/\/candas365.es\/noticias\/category\/actualidad\/#listItem","name":"Actualidad"}}]},{"@type":"NewsArticle","@id":"https:\/\/candas365.es\/noticias\/presidencia-alemana-lamenta-invitacion-a-complice-de-colonia-dignidad\/#newsarticle","name":"Presidencia alemana lamenta invitaci\u00f3n a c\u00f3mplice de Colonia Dignidad | Cand\u00e1s 365","headline":"Presidencia alemana lamenta invitaci\u00f3n a c\u00f3mplice de Colonia Dignidad","author":{"@id":"https:\/\/candas365.es\/noticias\/author\/admin\/#author"},"publisher":{"@id":"https:\/\/candas365.es\/noticias\/#organization"},"image":{"@type":"ImageObject","url":"https:\/\/candas365.es\/noticias\/wp-content\/uploads\/2015\/09\/c365noticias.jpg","width":655,"height":360},"datePublished":"2016-07-15T22:42:19+02:00","dateModified":"2016-07-15T22:42:19+02:00","inLanguage":"es-ES","mainEntityOfPage":{"@id":"https:\/\/candas365.es\/noticias\/presidencia-alemana-lamenta-invitacion-a-complice-de-colonia-dignidad\/#webpage"},"isPartOf":{"@id":"https:\/\/candas365.es\/noticias\/presidencia-alemana-lamenta-invitacion-a-complice-de-colonia-dignidad\/#webpage"},"articleSection":"Actualidad","dateline":"Publicado el julio 15, 2016."},{"@type":"Organization","@id":"https:\/\/candas365.es\/noticias\/#organization","name":"Cand\u00e1s 365","description":"Cand\u00e1s 365 es un diario digital independiente, fundado en 2012, con base en Asturias. Informamos con rigor sobre actualidad, sociedad, cultura y ocio, con una mirada local y global.","url":"https:\/\/candas365.es\/noticias\/","email":"info@candas365.es","telephone":"+34652131393","foundingDate":"2012-06-10","logo":{"@type":"ImageObject","url":"https:\/\/candas365.es\/noticias\/wp-content\/uploads\/2024\/09\/Candas-365-Redes.jpg","@id":"https:\/\/candas365.es\/noticias\/presidencia-alemana-lamenta-invitacion-a-complice-de-colonia-dignidad\/#organizationLogo","width":1152,"height":864,"caption":"Cand\u00e1s 365 Redes"},"image":{"@id":"https:\/\/candas365.es\/noticias\/presidencia-alemana-lamenta-invitacion-a-complice-de-colonia-dignidad\/#organizationLogo"},"sameAs":["https:\/\/www.facebook.com\/Nachofdezber","https:\/\/x.com\/NabercoDigital","https:\/\/www.instagram.com\/nachofdezber\/","https:\/\/www.youtube.com\/channel\/UCZP-2wLEB9Rv6erhFmqVnvg"],"address":{"@id":"https:\/\/candas365.es\/noticias\/#postaladdress","@type":"PostalAddress","streetAddress":"san antonio 4, san antonio 4","postalCode":"33430","addressLocality":"Cand\u00e1s","addressRegion":"Asturias","addressCountry":"ES"}},{"@type":"Person","@id":"https:\/\/candas365.es\/noticias\/author\/admin\/#author","url":"https:\/\/candas365.es\/noticias\/author\/admin\/","name":"Cand\u00e1s 365","image":{"@type":"ImageObject","@id":"https:\/\/candas365.es\/noticias\/presidencia-alemana-lamenta-invitacion-a-complice-de-colonia-dignidad\/#authorImage","url":"https:\/\/secure.gravatar.com\/avatar\/496a8e03d0c493ede1718b7934145dbdf8d89be1036b0eec9544e1094c9de390?s=96&d=mm&r=g","width":96,"height":96,"caption":"Cand\u00e1s 365"},"sameAs":["https:\/\/www.facebook.com\/carrenoactualidad","https:\/\/twitter.com\/nbasturias","https:\/\/www.instagram.com\/nachofdezber\/","https:\/\/www.youtube.com\/channel\/UCZP-2wLEB9Rv6erhFmqVnvg"]},{"@type":"WebPage","@id":"https:\/\/candas365.es\/noticias\/presidencia-alemana-lamenta-invitacion-a-complice-de-colonia-dignidad\/#webpage","url":"https:\/\/candas365.es\/noticias\/presidencia-alemana-lamenta-invitacion-a-complice-de-colonia-dignidad\/","name":"Presidencia alemana lamenta invitaci\u00f3n a c\u00f3mplice de Colonia Dignidad | Cand\u00e1s 365","description":"Santiago de Chile\/Montevideo, 15 jul (dpa) - La presidencia alemana lament\u00f3 ayer la invitaci\u00f3n a un condenado por complicidad en los abusos en Colonia Dignidad a una recepci\u00f3n ofrecida en la embajada alemana en Santiago de Chile en honor del presidente germano, Joachim Gauck. \"Le pusimos gran empe\u00f1o a seleccionar cuidadosamente a los invitados, sobre","inLanguage":"es-ES","isPartOf":{"@id":"https:\/\/candas365.es\/noticias\/#website"},"breadcrumb":{"@id":"https:\/\/candas365.es\/noticias\/presidencia-alemana-lamenta-invitacion-a-complice-de-colonia-dignidad\/#breadcrumblist"},"author":{"@id":"https:\/\/candas365.es\/noticias\/author\/admin\/#author"},"creator":{"@id":"https:\/\/candas365.es\/noticias\/author\/admin\/#author"},"image":{"@type":"ImageObject","url":"https:\/\/candas365.es\/noticias\/wp-content\/uploads\/2015\/09\/c365noticias.jpg","@id":"https:\/\/candas365.es\/noticias\/presidencia-alemana-lamenta-invitacion-a-complice-de-colonia-dignidad\/#mainImage","width":655,"height":360},"primaryImageOfPage":{"@id":"https:\/\/candas365.es\/noticias\/presidencia-alemana-lamenta-invitacion-a-complice-de-colonia-dignidad\/#mainImage"},"datePublished":"2016-07-15T22:42:19+02:00","dateModified":"2016-07-15T22:42:19+02:00"},{"@type":"WebSite","@id":"https:\/\/candas365.es\/noticias\/#website","url":"https:\/\/candas365.es\/noticias\/","name":"Cand\u00e1s 365","alternateName":"Cand\u00e1s 365 Noticias","description":"Actualidad desde Carre\u00f1o para el mundo","inLanguage":"es-ES","publisher":{"@id":"https:\/\/candas365.es\/noticias\/#organization"}}]},"og:locale":"es_ES","og:site_name":"Cand\u00e1s 365","og:type":"article","og:title":"Presidencia alemana lamenta invitaci\u00f3n a c\u00f3mplice de Colonia Dignidad | Cand\u00e1s 365","og:description":"Santiago de Chile\/Montevideo, 15 jul (dpa) - La presidencia alemana lament\u00f3 ayer la invitaci\u00f3n a un condenado por complicidad en los abusos en Colonia Dignidad a una recepci\u00f3n ofrecida en la embajada alemana en Santiago de Chile en honor del presidente germano, Joachim Gauck. &quot;Le pusimos gran empe\u00f1o a seleccionar cuidadosamente a los invitados, sobre","og:url":"https:\/\/candas365.es\/noticias\/presidencia-alemana-lamenta-invitacion-a-complice-de-colonia-dignidad\/","og:image":"https:\/\/candas365.es\/noticias\/wp-content\/uploads\/2015\/09\/c365noticias.jpg","og:image:secure_url":"https:\/\/candas365.es\/noticias\/wp-content\/uploads\/2015\/09\/c365noticias.jpg","og:image:width":655,"og:image:height":360,"article:published_time":"2016-07-15T21:12:19+00:00","article:modified_time":"2016-07-15T21:12:19+00:00","article:publisher":"https:\/\/www.facebook.com\/Nachofdezber","article:author":"https:\/\/www.facebook.com\/carrenoactualidad","twitter:card":"summary_large_image","twitter:site":"@NabercoDigital","twitter:title":"Presidencia alemana lamenta invitaci\u00f3n a c\u00f3mplice de Colonia Dignidad | Cand\u00e1s 365","twitter:description":"Santiago de Chile\/Montevideo, 15 jul (dpa) - La presidencia alemana lament\u00f3 ayer la invitaci\u00f3n a un condenado por complicidad en los abusos en Colonia Dignidad a una recepci\u00f3n ofrecida en la embajada alemana en Santiago de Chile en honor del presidente germano, Joachim Gauck. &quot;Le pusimos gran empe\u00f1o a seleccionar cuidadosamente a los invitados, sobre","twitter:creator":"@nbasturias","twitter:image":"https:\/\/candas365.es\/noticias\/wp-content\/uploads\/2015\/09\/c365noticias.jpg","twitter:label1":"Escrito por","twitter:data1":"Cand\u00e1s 365","twitter:label2":"Tiempo de lectura estimado","twitter:data2":"4 minutos"},"aioseo_meta_data":{"post_id":"32072","title":null,"description":null,"keywords":null,"keyphrases":null,"primary_term":null,"canonical_url":null,"og_title":null,"og_description":null,"og_object_type":"default","og_image_type":"default","og_image_url":null,"og_image_width":null,"og_image_height":null,"og_image_custom_url":null,"og_image_custom_fields":null,"og_video":null,"og_custom_url":null,"og_article_section":null,"og_article_tags":null,"twitter_use_og":false,"twitter_card":"default","twitter_image_type":"default","twitter_image_url":null,"twitter_image_custom_url":null,"twitter_image_custom_fields":null,"twitter_title":null,"twitter_description":null,"schema":{"blockGraphs":[],"customGraphs":[],"default":{"data":{"Article":[],"Course":[],"Dataset":[],"FAQPage":[],"Movie":[],"Person":[],"Product":[],"ProductReview":[],"Car":[],"Recipe":[],"Service":[],"SoftwareApplication":[],"WebPage":[]},"graphName":"","isEnabled":true},"graphs":[],"defaultGraph":"","defaultPostTypeGraph":""},"schema_type":null,"schema_type_options":null,"pillar_content":false,"robots_default":true,"robots_noindex":false,"robots_noarchive":false,"robots_nosnippet":false,"robots_nofollow":false,"robots_noimageindex":false,"robots_noodp":false,"robots_notranslate":false,"robots_max_snippet":null,"robots_max_videopreview":null,"robots_max_imagepreview":"large","priority":null,"frequency":null,"location":null,"local_seo":null,"seo_analyzer_scan_date":"2025-08-24 14:51:10","breadcrumb_settings":null,"limit_modified_date":false,"reviewed_by":null,"open_ai":null,"ai":null,"created":"2020-12-21 13:02:41","updated":"2025-08-24 14:51:10"},"aioseo_breadcrumb":"<div class=\"aioseo-breadcrumbs\"><span class=\"aioseo-breadcrumb\">\n\t<a href=\"https:\/\/candas365.es\/noticias\" title=\"Home\">Home<\/a>\n<\/span><span class=\"aioseo-breadcrumb-separator\">&ndash;<\/span><span class=\"aioseo-breadcrumb\">\n\t<a href=\"https:\/\/candas365.es\/noticias\/category\/actualidad\/\" title=\"Actualidad\">Actualidad<\/a>\n<\/span><span class=\"aioseo-breadcrumb-separator\">&ndash;<\/span><span class=\"aioseo-breadcrumb\">\n\tPresidencia alemana lamenta invitaci\u00f3n a c\u00f3mplice de Colonia Dignidad\n<\/span><\/div>","aioseo_breadcrumb_json":[{"label":"Home","link":"https:\/\/candas365.es\/noticias"},{"label":"Actualidad","link":"https:\/\/candas365.es\/noticias\/category\/actualidad\/"},{"label":"Presidencia alemana lamenta invitaci\u00f3n a c\u00f3mplice de Colonia Dignidad","link":"https:\/\/candas365.es\/noticias\/presidencia-alemana-lamenta-invitacion-a-complice-de-colonia-dignidad\/"}],"_links":{"self":[{"href":"https:\/\/candas365.es\/noticias\/wp-json\/wp\/v2\/posts\/32072","targetHints":{"allow":["GET"]}}],"collection":[{"href":"https:\/\/candas365.es\/noticias\/wp-json\/wp\/v2\/posts"}],"about":[{"href":"https:\/\/candas365.es\/noticias\/wp-json\/wp\/v2\/types\/post"}],"author":[{"embeddable":true,"href":"https:\/\/candas365.es\/noticias\/wp-json\/wp\/v2\/users\/1"}],"replies":[{"embeddable":true,"href":"https:\/\/candas365.es\/noticias\/wp-json\/wp\/v2\/comments?post=32072"}],"version-history":[{"count":0,"href":"https:\/\/candas365.es\/noticias\/wp-json\/wp\/v2\/posts\/32072\/revisions"}],"wp:featuredmedia":[{"embeddable":true,"href":"https:\/\/candas365.es\/noticias\/wp-json\/wp\/v2\/media\/16457"}],"wp:attachment":[{"href":"https:\/\/candas365.es\/noticias\/wp-json\/wp\/v2\/media?parent=32072"}],"wp:term":[{"taxonomy":"category","embeddable":true,"href":"https:\/\/candas365.es\/noticias\/wp-json\/wp\/v2\/categories?post=32072"},{"taxonomy":"post_tag","embeddable":true,"href":"https:\/\/candas365.es\/noticias\/wp-json\/wp\/v2\/tags?post=32072"}],"curies":[{"name":"wp","href":"https:\/\/api.w.org\/{rel}","templated":true}]}}