{"id":32025,"date":"2016-07-15T01:24:51","date_gmt":"2016-07-14T23:54:51","guid":{"rendered":"http:\/\/candas365.es\/noticias\/?p=32025"},"modified":"2016-07-15T01:24:51","modified_gmt":"2016-07-14T23:54:51","slug":"hoeness-volvera-a-ser-el-hombre-fuerte-del-bayern","status":"publish","type":"post","link":"https:\/\/candas365.es\/noticias\/hoeness-volvera-a-ser-el-hombre-fuerte-del-bayern\/","title":{"rendered":"Hoeness volver\u00e1 a ser el \u00abhombre fuerte\u00bb del Bayern"},"content":{"rendered":"<p>M\u00fanich, 14 jul (dpa) &#8211; Tras cumplir una condena de c\u00e1rcel por evasi\u00f3n fiscal millonaria, Uli Hoeness se apresta a recuperar el poder en el Bayern M\u00fanich, afirm\u00f3 hoy el peri\u00f3dico deportivo alem\u00e1n \u00abKicker\u00bb en base a informaci\u00f3n del entorno del club.<\/p>\n<p>Seg\u00fan la publicaci\u00f3n, Hoeness, de 64 a\u00f1os, podr\u00eda asumir los cargos de presidente del club y presidente del Consejo de Supervisi\u00f3n y volver a formar d\u00fao con el titular del holding Bayern M\u00fcnchen AG, Karl-Heinz Rummenigge, para dirigir a la instituci\u00f3n de mayor \u00e9xito del f\u00fatbol alem\u00e1n.<\/p>\n<p>\u00abUli es tan importante para este club. Sin \u00e9l, el Bayern no estar\u00eda donde est\u00e1\u00bb, sostuvo hoy el capit\u00e1n del equipo, Philipp Lahm, en una comparecencia ante la prensa. Lahm dijo que el asunto no es algo que se hable en el equipo. \u00abEs algo que tiene que decidir el propio Uli\u00bb, dijo el zaguero.<\/p>\n<p>La decisi\u00f3n sobre el futuro de Hoeness ser\u00e1 dada a conocer antes de finales de julio, agrega la nota.<\/p>\n<p>En la actualidad ocupa ambos cargos Karl Hopfner, quien en varias oportunidades asegur\u00f3 que no se pondr\u00eda en el camino si Hoeness quisiese regresar a la presidencia.<\/p>\n<p>Sin embargo, no mostr\u00f3 la misma disposici\u00f3n en el caso de la titularidad del \u00f3rgano de vigilancia. \u00abAqu\u00ed hablamos del cargo de presidencia. Lo dem\u00e1s habr\u00e1 que aclararlo\u00bb, dijo tras la temporada pasada. El Consejo de Supervisi\u00f3n del Bayern se re\u00fane en noviembre pr\u00f3ximo.<\/p>\n<p>El ex futbolista est\u00e1 en libertad condicional desde finales de febrero despu\u00e9s de cumplir la mitad de una condena de tres a\u00f1os y medio de prisi\u00f3n por evadir impuestos por 28,5 millones de euros (31 millones de d\u00f3lares) a trav\u00e9s de cuentas en Suiza.<\/p>\n<p>Hoeness sigue siendo muy querido y respetado en el club, donde mantuvo un cargo de asistente en el equipo juvenil gracias a que goz\u00f3 un r\u00e9gimen abierto durante la pena de prisi\u00f3n.<\/p>\n","protected":false},"excerpt":{"rendered":"<p>M\u00fanich, 14 jul (dpa) &#8211; Tras cumplir una condena de c\u00e1rcel por evasi\u00f3n fiscal millonaria, Uli Hoeness se apresta a recuperar el poder en el Bayern M\u00fanich, afirm\u00f3 hoy el peri\u00f3dico deportivo alem\u00e1n \u00abKicker\u00bb en base a informaci\u00f3n del entorno del club. Seg\u00fan la publicaci\u00f3n, Hoeness, de 64 a\u00f1os, podr\u00eda asumir los cargos de presidente<\/p>\n","protected":false},"author":1,"featured_media":21654,"comment_status":"closed","ping_status":"closed","sticky":false,"template":"","format":"standard","meta":{"footnotes":""},"categories":[343],"tags":[],"class_list":{"0":"post-32025","1":"post","2":"type-post","3":"status-publish","4":"format-standard","5":"has-post-thumbnail","7":"category-actualidad"},"aioseo_notices":[],"aioseo_head":"\n\t\t<!-- All in One SEO Pro 4.9.6.2 - aioseo.com -->\n\t<meta name=\"description\" content=\"M\u00fanich, 14 jul (dpa) - Tras cumplir una condena de c\u00e1rcel por evasi\u00f3n fiscal millonaria, Uli Hoeness se apresta a recuperar el poder en el Bayern M\u00fanich, afirm\u00f3 hoy el peri\u00f3dico deportivo alem\u00e1n &quot;Kicker&quot; en base a informaci\u00f3n del entorno del club. Seg\u00fan la publicaci\u00f3n, Hoeness, de 64 a\u00f1os, podr\u00eda asumir los cargos de presidente\" \/>\n\t<meta name=\"robots\" content=\"max-image-preview:large\" \/>\n\t<meta name=\"author\" content=\"Cand\u00e1s 365\"\/>\n\t<meta name=\"google-site-verification\" content=\"UA-32230408-1\" \/>\n\t<meta name=\"msvalidate.01\" content=\"354F3CDFB2DA171B47FBE9ABF1F88D5\" \/>\n\t<meta name=\"keywords\" content=\"actualidad\" \/>\n\t<link rel=\"canonical\" href=\"https:\/\/candas365.es\/noticias\/hoeness-volvera-a-ser-el-hombre-fuerte-del-bayern\/\" \/>\n\t<meta name=\"generator\" content=\"All in One SEO Pro (AIOSEO) 4.9.6.2\" \/>\n\t\t<meta property=\"og:locale\" content=\"es_ES\" \/>\n\t\t<meta property=\"og:site_name\" content=\"Cand\u00e1s 365\" \/>\n\t\t<meta property=\"og:type\" content=\"article\" \/>\n\t\t<meta property=\"og:title\" content=\"Hoeness volver\u00e1 a ser el \u00abhombre fuerte\u00bb del Bayern | Cand\u00e1s 365\" \/>\n\t\t<meta property=\"og:description\" content=\"M\u00fanich, 14 jul (dpa) - Tras cumplir una condena de c\u00e1rcel por evasi\u00f3n fiscal millonaria, Uli Hoeness se apresta a recuperar el poder en el Bayern M\u00fanich, afirm\u00f3 hoy el peri\u00f3dico deportivo alem\u00e1n &quot;Kicker&quot; en base a informaci\u00f3n del entorno del club. Seg\u00fan la publicaci\u00f3n, Hoeness, de 64 a\u00f1os, podr\u00eda asumir los cargos de presidente\" \/>\n\t\t<meta property=\"og:url\" content=\"https:\/\/candas365.es\/noticias\/hoeness-volvera-a-ser-el-hombre-fuerte-del-bayern\/\" \/>\n\t\t<meta property=\"og:image\" content=\"https:\/\/candas365.es\/noticias\/wp-content\/uploads\/2015\/12\/bayern.jpg\" \/>\n\t\t<meta property=\"og:image:secure_url\" content=\"https:\/\/candas365.es\/noticias\/wp-content\/uploads\/2015\/12\/bayern.jpg\" \/>\n\t\t<meta property=\"og:image:width\" content=\"655\" \/>\n\t\t<meta property=\"og:image:height\" content=\"360\" \/>\n\t\t<meta property=\"article:published_time\" content=\"2016-07-14T23:54:51+00:00\" \/>\n\t\t<meta property=\"article:modified_time\" content=\"2016-07-14T23:54:51+00:00\" \/>\n\t\t<meta property=\"article:publisher\" content=\"https:\/\/www.facebook.com\/Nachofdezber\" \/>\n\t\t<meta property=\"article:author\" content=\"https:\/\/www.facebook.com\/carrenoactualidad\" \/>\n\t\t<meta name=\"twitter:card\" content=\"summary_large_image\" \/>\n\t\t<meta name=\"twitter:site\" content=\"@NabercoDigital\" \/>\n\t\t<meta name=\"twitter:title\" content=\"Hoeness volver\u00e1 a ser el \u00abhombre fuerte\u00bb del Bayern | Cand\u00e1s 365\" \/>\n\t\t<meta name=\"twitter:description\" content=\"M\u00fanich, 14 jul (dpa) - Tras cumplir una condena de c\u00e1rcel por evasi\u00f3n fiscal millonaria, Uli Hoeness se apresta a recuperar el poder en el Bayern M\u00fanich, afirm\u00f3 hoy el peri\u00f3dico deportivo alem\u00e1n &quot;Kicker&quot; en base a informaci\u00f3n del entorno del club. Seg\u00fan la publicaci\u00f3n, Hoeness, de 64 a\u00f1os, podr\u00eda asumir los cargos de presidente\" \/>\n\t\t<meta name=\"twitter:creator\" content=\"@nbasturias\" \/>\n\t\t<meta name=\"twitter:image\" content=\"https:\/\/candas365.es\/noticias\/wp-content\/uploads\/2015\/12\/bayern.jpg\" \/>\n\t\t<meta name=\"twitter:label1\" content=\"Escrito por\" \/>\n\t\t<meta name=\"twitter:data1\" content=\"Cand\u00e1s 365\" \/>\n\t\t<meta name=\"twitter:label2\" content=\"Tiempo de lectura estimado\" \/>\n\t\t<meta name=\"twitter:data2\" content=\"2 minutos\" \/>\n\t\t<script type=\"application\/ld+json\" class=\"aioseo-schema\">\n\t\t\t{\"@context\":\"https:\\\/\\\/schema.org\",\"@graph\":[{\"@type\":\"BreadcrumbList\",\"@id\":\"https:\\\/\\\/candas365.es\\\/noticias\\\/hoeness-volvera-a-ser-el-hombre-fuerte-del-bayern\\\/#breadcrumblist\",\"itemListElement\":[{\"@type\":\"ListItem\",\"@id\":\"https:\\\/\\\/candas365.es\\\/noticias#listItem\",\"position\":1,\"name\":\"Home\",\"item\":\"https:\\\/\\\/candas365.es\\\/noticias\",\"nextItem\":{\"@type\":\"ListItem\",\"@id\":\"https:\\\/\\\/candas365.es\\\/noticias\\\/category\\\/actualidad\\\/#listItem\",\"name\":\"Actualidad\"}},{\"@type\":\"ListItem\",\"@id\":\"https:\\\/\\\/candas365.es\\\/noticias\\\/category\\\/actualidad\\\/#listItem\",\"position\":2,\"name\":\"Actualidad\",\"item\":\"https:\\\/\\\/candas365.es\\\/noticias\\\/category\\\/actualidad\\\/\",\"nextItem\":{\"@type\":\"ListItem\",\"@id\":\"https:\\\/\\\/candas365.es\\\/noticias\\\/hoeness-volvera-a-ser-el-hombre-fuerte-del-bayern\\\/#listItem\",\"name\":\"Hoeness volver\\u00e1 a ser el \\u00abhombre fuerte\\u00bb del Bayern\"},\"previousItem\":{\"@type\":\"ListItem\",\"@id\":\"https:\\\/\\\/candas365.es\\\/noticias#listItem\",\"name\":\"Home\"}},{\"@type\":\"ListItem\",\"@id\":\"https:\\\/\\\/candas365.es\\\/noticias\\\/hoeness-volvera-a-ser-el-hombre-fuerte-del-bayern\\\/#listItem\",\"position\":3,\"name\":\"Hoeness volver\\u00e1 a ser el \\u00abhombre fuerte\\u00bb del Bayern\",\"previousItem\":{\"@type\":\"ListItem\",\"@id\":\"https:\\\/\\\/candas365.es\\\/noticias\\\/category\\\/actualidad\\\/#listItem\",\"name\":\"Actualidad\"}}]},{\"@type\":\"NewsArticle\",\"@id\":\"https:\\\/\\\/candas365.es\\\/noticias\\\/hoeness-volvera-a-ser-el-hombre-fuerte-del-bayern\\\/#newsarticle\",\"name\":\"Hoeness volver\\u00e1 a ser el \\u00abhombre fuerte\\u00bb del Bayern | Cand\\u00e1s 365\",\"headline\":\"Hoeness volver\\u00e1 a ser el \\u00abhombre fuerte\\u00bb del Bayern\",\"author\":{\"@id\":\"https:\\\/\\\/candas365.es\\\/noticias\\\/author\\\/admin\\\/#author\"},\"publisher\":{\"@id\":\"https:\\\/\\\/candas365.es\\\/noticias\\\/#organization\"},\"image\":{\"@type\":\"ImageObject\",\"url\":\"https:\\\/\\\/candas365.es\\\/noticias\\\/wp-content\\\/uploads\\\/2015\\\/12\\\/bayern.jpg\",\"width\":655,\"height\":360},\"datePublished\":\"2016-07-15T01:24:51+02:00\",\"dateModified\":\"2016-07-15T01:24:51+02:00\",\"inLanguage\":\"es-ES\",\"mainEntityOfPage\":{\"@id\":\"https:\\\/\\\/candas365.es\\\/noticias\\\/hoeness-volvera-a-ser-el-hombre-fuerte-del-bayern\\\/#webpage\"},\"isPartOf\":{\"@id\":\"https:\\\/\\\/candas365.es\\\/noticias\\\/hoeness-volvera-a-ser-el-hombre-fuerte-del-bayern\\\/#webpage\"},\"articleSection\":\"Actualidad\",\"dateline\":\"Publicado el julio 15, 2016.\"},{\"@type\":\"Organization\",\"@id\":\"https:\\\/\\\/candas365.es\\\/noticias\\\/#organization\",\"name\":\"Cand\\u00e1s 365\",\"description\":\"Cand\\u00e1s 365 es un diario digital independiente, fundado en 2012, con base en Asturias. Informamos con rigor sobre actualidad, sociedad, cultura y ocio, con una mirada local y global.\",\"url\":\"https:\\\/\\\/candas365.es\\\/noticias\\\/\",\"email\":\"info@candas365.es\",\"telephone\":\"+34652131393\",\"foundingDate\":\"2012-06-10\",\"logo\":{\"@type\":\"ImageObject\",\"url\":\"https:\\\/\\\/candas365.es\\\/noticias\\\/wp-content\\\/uploads\\\/2024\\\/09\\\/Candas-365-Redes.jpg\",\"@id\":\"https:\\\/\\\/candas365.es\\\/noticias\\\/hoeness-volvera-a-ser-el-hombre-fuerte-del-bayern\\\/#organizationLogo\",\"width\":1152,\"height\":864,\"caption\":\"Cand\\u00e1s 365 Redes\"},\"image\":{\"@id\":\"https:\\\/\\\/candas365.es\\\/noticias\\\/hoeness-volvera-a-ser-el-hombre-fuerte-del-bayern\\\/#organizationLogo\"},\"sameAs\":[\"https:\\\/\\\/www.facebook.com\\\/Nachofdezber\",\"https:\\\/\\\/x.com\\\/NabercoDigital\",\"https:\\\/\\\/www.instagram.com\\\/nachofdezber\\\/\",\"https:\\\/\\\/www.youtube.com\\\/channel\\\/UCZP-2wLEB9Rv6erhFmqVnvg\"],\"address\":{\"@id\":\"https:\\\/\\\/candas365.es\\\/noticias\\\/#postaladdress\",\"@type\":\"PostalAddress\",\"streetAddress\":\"san antonio 4, san antonio 4\",\"postalCode\":\"33430\",\"addressLocality\":\"Cand\\u00e1s\",\"addressRegion\":\"Asturias\",\"addressCountry\":\"ES\"}},{\"@type\":\"Person\",\"@id\":\"https:\\\/\\\/candas365.es\\\/noticias\\\/author\\\/admin\\\/#author\",\"url\":\"https:\\\/\\\/candas365.es\\\/noticias\\\/author\\\/admin\\\/\",\"name\":\"Cand\\u00e1s 365\",\"image\":{\"@type\":\"ImageObject\",\"@id\":\"https:\\\/\\\/candas365.es\\\/noticias\\\/hoeness-volvera-a-ser-el-hombre-fuerte-del-bayern\\\/#authorImage\",\"url\":\"https:\\\/\\\/secure.gravatar.com\\\/avatar\\\/496a8e03d0c493ede1718b7934145dbdf8d89be1036b0eec9544e1094c9de390?s=96&d=mm&r=g\",\"width\":96,\"height\":96,\"caption\":\"Cand\\u00e1s 365\"},\"sameAs\":[\"https:\\\/\\\/www.facebook.com\\\/carrenoactualidad\",\"https:\\\/\\\/twitter.com\\\/nbasturias\",\"https:\\\/\\\/www.instagram.com\\\/nachofdezber\\\/\",\"https:\\\/\\\/www.youtube.com\\\/channel\\\/UCZP-2wLEB9Rv6erhFmqVnvg\"]},{\"@type\":\"WebPage\",\"@id\":\"https:\\\/\\\/candas365.es\\\/noticias\\\/hoeness-volvera-a-ser-el-hombre-fuerte-del-bayern\\\/#webpage\",\"url\":\"https:\\\/\\\/candas365.es\\\/noticias\\\/hoeness-volvera-a-ser-el-hombre-fuerte-del-bayern\\\/\",\"name\":\"Hoeness volver\\u00e1 a ser el \\u00abhombre fuerte\\u00bb del Bayern | Cand\\u00e1s 365\",\"description\":\"M\\u00fanich, 14 jul (dpa) - Tras cumplir una condena de c\\u00e1rcel por evasi\\u00f3n fiscal millonaria, Uli Hoeness se apresta a recuperar el poder en el Bayern M\\u00fanich, afirm\\u00f3 hoy el peri\\u00f3dico deportivo alem\\u00e1n \\\"Kicker\\\" en base a informaci\\u00f3n del entorno del club. Seg\\u00fan la publicaci\\u00f3n, Hoeness, de 64 a\\u00f1os, podr\\u00eda asumir los cargos de presidente\",\"inLanguage\":\"es-ES\",\"isPartOf\":{\"@id\":\"https:\\\/\\\/candas365.es\\\/noticias\\\/#website\"},\"breadcrumb\":{\"@id\":\"https:\\\/\\\/candas365.es\\\/noticias\\\/hoeness-volvera-a-ser-el-hombre-fuerte-del-bayern\\\/#breadcrumblist\"},\"author\":{\"@id\":\"https:\\\/\\\/candas365.es\\\/noticias\\\/author\\\/admin\\\/#author\"},\"creator\":{\"@id\":\"https:\\\/\\\/candas365.es\\\/noticias\\\/author\\\/admin\\\/#author\"},\"image\":{\"@type\":\"ImageObject\",\"url\":\"https:\\\/\\\/candas365.es\\\/noticias\\\/wp-content\\\/uploads\\\/2015\\\/12\\\/bayern.jpg\",\"@id\":\"https:\\\/\\\/candas365.es\\\/noticias\\\/hoeness-volvera-a-ser-el-hombre-fuerte-del-bayern\\\/#mainImage\",\"width\":655,\"height\":360},\"primaryImageOfPage\":{\"@id\":\"https:\\\/\\\/candas365.es\\\/noticias\\\/hoeness-volvera-a-ser-el-hombre-fuerte-del-bayern\\\/#mainImage\"},\"datePublished\":\"2016-07-15T01:24:51+02:00\",\"dateModified\":\"2016-07-15T01:24:51+02:00\"},{\"@type\":\"WebSite\",\"@id\":\"https:\\\/\\\/candas365.es\\\/noticias\\\/#website\",\"url\":\"https:\\\/\\\/candas365.es\\\/noticias\\\/\",\"name\":\"Cand\\u00e1s 365\",\"alternateName\":\"Cand\\u00e1s 365 Noticias\",\"description\":\"Actualidad desde Carre\\u00f1o para el mundo\",\"inLanguage\":\"es-ES\",\"publisher\":{\"@id\":\"https:\\\/\\\/candas365.es\\\/noticias\\\/#organization\"}}]}\n\t\t<\/script>\n\t\t<!-- All in One SEO Pro -->\r\n\t\t<title>Hoeness volver\u00e1 a ser el \u00abhombre fuerte\u00bb del Bayern | Cand\u00e1s 365<\/title>\n\n","aioseo_head_json":{"title":"Hoeness volver\u00e1 a ser el \u00abhombre fuerte\u00bb del Bayern | Cand\u00e1s 365","description":"M\u00fanich, 14 jul (dpa) - Tras cumplir una condena de c\u00e1rcel por evasi\u00f3n fiscal millonaria, Uli Hoeness se apresta a recuperar el poder en el Bayern M\u00fanich, afirm\u00f3 hoy el peri\u00f3dico deportivo alem\u00e1n \"Kicker\" en base a informaci\u00f3n del entorno del club. Seg\u00fan la publicaci\u00f3n, Hoeness, de 64 a\u00f1os, podr\u00eda asumir los cargos de presidente","canonical_url":"https:\/\/candas365.es\/noticias\/hoeness-volvera-a-ser-el-hombre-fuerte-del-bayern\/","robots":"max-image-preview:large","keywords":"actualidad","webmasterTools":{"google-site-verification":"UA-32230408-1","msvalidate.01":"354F3CDFB2DA171B47FBE9ABF1F88D5","miscellaneous":""},"schema":{"@context":"https:\/\/schema.org","@graph":[{"@type":"BreadcrumbList","@id":"https:\/\/candas365.es\/noticias\/hoeness-volvera-a-ser-el-hombre-fuerte-del-bayern\/#breadcrumblist","itemListElement":[{"@type":"ListItem","@id":"https:\/\/candas365.es\/noticias#listItem","position":1,"name":"Home","item":"https:\/\/candas365.es\/noticias","nextItem":{"@type":"ListItem","@id":"https:\/\/candas365.es\/noticias\/category\/actualidad\/#listItem","name":"Actualidad"}},{"@type":"ListItem","@id":"https:\/\/candas365.es\/noticias\/category\/actualidad\/#listItem","position":2,"name":"Actualidad","item":"https:\/\/candas365.es\/noticias\/category\/actualidad\/","nextItem":{"@type":"ListItem","@id":"https:\/\/candas365.es\/noticias\/hoeness-volvera-a-ser-el-hombre-fuerte-del-bayern\/#listItem","name":"Hoeness volver\u00e1 a ser el \u00abhombre fuerte\u00bb del Bayern"},"previousItem":{"@type":"ListItem","@id":"https:\/\/candas365.es\/noticias#listItem","name":"Home"}},{"@type":"ListItem","@id":"https:\/\/candas365.es\/noticias\/hoeness-volvera-a-ser-el-hombre-fuerte-del-bayern\/#listItem","position":3,"name":"Hoeness volver\u00e1 a ser el \u00abhombre fuerte\u00bb del Bayern","previousItem":{"@type":"ListItem","@id":"https:\/\/candas365.es\/noticias\/category\/actualidad\/#listItem","name":"Actualidad"}}]},{"@type":"NewsArticle","@id":"https:\/\/candas365.es\/noticias\/hoeness-volvera-a-ser-el-hombre-fuerte-del-bayern\/#newsarticle","name":"Hoeness volver\u00e1 a ser el \u00abhombre fuerte\u00bb del Bayern | Cand\u00e1s 365","headline":"Hoeness volver\u00e1 a ser el \u00abhombre fuerte\u00bb del Bayern","author":{"@id":"https:\/\/candas365.es\/noticias\/author\/admin\/#author"},"publisher":{"@id":"https:\/\/candas365.es\/noticias\/#organization"},"image":{"@type":"ImageObject","url":"https:\/\/candas365.es\/noticias\/wp-content\/uploads\/2015\/12\/bayern.jpg","width":655,"height":360},"datePublished":"2016-07-15T01:24:51+02:00","dateModified":"2016-07-15T01:24:51+02:00","inLanguage":"es-ES","mainEntityOfPage":{"@id":"https:\/\/candas365.es\/noticias\/hoeness-volvera-a-ser-el-hombre-fuerte-del-bayern\/#webpage"},"isPartOf":{"@id":"https:\/\/candas365.es\/noticias\/hoeness-volvera-a-ser-el-hombre-fuerte-del-bayern\/#webpage"},"articleSection":"Actualidad","dateline":"Publicado el julio 15, 2016."},{"@type":"Organization","@id":"https:\/\/candas365.es\/noticias\/#organization","name":"Cand\u00e1s 365","description":"Cand\u00e1s 365 es un diario digital independiente, fundado en 2012, con base en Asturias. Informamos con rigor sobre actualidad, sociedad, cultura y ocio, con una mirada local y global.","url":"https:\/\/candas365.es\/noticias\/","email":"info@candas365.es","telephone":"+34652131393","foundingDate":"2012-06-10","logo":{"@type":"ImageObject","url":"https:\/\/candas365.es\/noticias\/wp-content\/uploads\/2024\/09\/Candas-365-Redes.jpg","@id":"https:\/\/candas365.es\/noticias\/hoeness-volvera-a-ser-el-hombre-fuerte-del-bayern\/#organizationLogo","width":1152,"height":864,"caption":"Cand\u00e1s 365 Redes"},"image":{"@id":"https:\/\/candas365.es\/noticias\/hoeness-volvera-a-ser-el-hombre-fuerte-del-bayern\/#organizationLogo"},"sameAs":["https:\/\/www.facebook.com\/Nachofdezber","https:\/\/x.com\/NabercoDigital","https:\/\/www.instagram.com\/nachofdezber\/","https:\/\/www.youtube.com\/channel\/UCZP-2wLEB9Rv6erhFmqVnvg"],"address":{"@id":"https:\/\/candas365.es\/noticias\/#postaladdress","@type":"PostalAddress","streetAddress":"san antonio 4, san antonio 4","postalCode":"33430","addressLocality":"Cand\u00e1s","addressRegion":"Asturias","addressCountry":"ES"}},{"@type":"Person","@id":"https:\/\/candas365.es\/noticias\/author\/admin\/#author","url":"https:\/\/candas365.es\/noticias\/author\/admin\/","name":"Cand\u00e1s 365","image":{"@type":"ImageObject","@id":"https:\/\/candas365.es\/noticias\/hoeness-volvera-a-ser-el-hombre-fuerte-del-bayern\/#authorImage","url":"https:\/\/secure.gravatar.com\/avatar\/496a8e03d0c493ede1718b7934145dbdf8d89be1036b0eec9544e1094c9de390?s=96&d=mm&r=g","width":96,"height":96,"caption":"Cand\u00e1s 365"},"sameAs":["https:\/\/www.facebook.com\/carrenoactualidad","https:\/\/twitter.com\/nbasturias","https:\/\/www.instagram.com\/nachofdezber\/","https:\/\/www.youtube.com\/channel\/UCZP-2wLEB9Rv6erhFmqVnvg"]},{"@type":"WebPage","@id":"https:\/\/candas365.es\/noticias\/hoeness-volvera-a-ser-el-hombre-fuerte-del-bayern\/#webpage","url":"https:\/\/candas365.es\/noticias\/hoeness-volvera-a-ser-el-hombre-fuerte-del-bayern\/","name":"Hoeness volver\u00e1 a ser el \u00abhombre fuerte\u00bb del Bayern | Cand\u00e1s 365","description":"M\u00fanich, 14 jul (dpa) - Tras cumplir una condena de c\u00e1rcel por evasi\u00f3n fiscal millonaria, Uli Hoeness se apresta a recuperar el poder en el Bayern M\u00fanich, afirm\u00f3 hoy el peri\u00f3dico deportivo alem\u00e1n \"Kicker\" en base a informaci\u00f3n del entorno del club. Seg\u00fan la publicaci\u00f3n, Hoeness, de 64 a\u00f1os, podr\u00eda asumir los cargos de presidente","inLanguage":"es-ES","isPartOf":{"@id":"https:\/\/candas365.es\/noticias\/#website"},"breadcrumb":{"@id":"https:\/\/candas365.es\/noticias\/hoeness-volvera-a-ser-el-hombre-fuerte-del-bayern\/#breadcrumblist"},"author":{"@id":"https:\/\/candas365.es\/noticias\/author\/admin\/#author"},"creator":{"@id":"https:\/\/candas365.es\/noticias\/author\/admin\/#author"},"image":{"@type":"ImageObject","url":"https:\/\/candas365.es\/noticias\/wp-content\/uploads\/2015\/12\/bayern.jpg","@id":"https:\/\/candas365.es\/noticias\/hoeness-volvera-a-ser-el-hombre-fuerte-del-bayern\/#mainImage","width":655,"height":360},"primaryImageOfPage":{"@id":"https:\/\/candas365.es\/noticias\/hoeness-volvera-a-ser-el-hombre-fuerte-del-bayern\/#mainImage"},"datePublished":"2016-07-15T01:24:51+02:00","dateModified":"2016-07-15T01:24:51+02:00"},{"@type":"WebSite","@id":"https:\/\/candas365.es\/noticias\/#website","url":"https:\/\/candas365.es\/noticias\/","name":"Cand\u00e1s 365","alternateName":"Cand\u00e1s 365 Noticias","description":"Actualidad desde Carre\u00f1o para el mundo","inLanguage":"es-ES","publisher":{"@id":"https:\/\/candas365.es\/noticias\/#organization"}}]},"og:locale":"es_ES","og:site_name":"Cand\u00e1s 365","og:type":"article","og:title":"Hoeness volver\u00e1 a ser el \u00abhombre fuerte\u00bb del Bayern | Cand\u00e1s 365","og:description":"M\u00fanich, 14 jul (dpa) - Tras cumplir una condena de c\u00e1rcel por evasi\u00f3n fiscal millonaria, Uli Hoeness se apresta a recuperar el poder en el Bayern M\u00fanich, afirm\u00f3 hoy el peri\u00f3dico deportivo alem\u00e1n &quot;Kicker&quot; en base a informaci\u00f3n del entorno del club. Seg\u00fan la publicaci\u00f3n, Hoeness, de 64 a\u00f1os, podr\u00eda asumir los cargos de presidente","og:url":"https:\/\/candas365.es\/noticias\/hoeness-volvera-a-ser-el-hombre-fuerte-del-bayern\/","og:image":"https:\/\/candas365.es\/noticias\/wp-content\/uploads\/2015\/12\/bayern.jpg","og:image:secure_url":"https:\/\/candas365.es\/noticias\/wp-content\/uploads\/2015\/12\/bayern.jpg","og:image:width":655,"og:image:height":360,"article:published_time":"2016-07-14T23:54:51+00:00","article:modified_time":"2016-07-14T23:54:51+00:00","article:publisher":"https:\/\/www.facebook.com\/Nachofdezber","article:author":"https:\/\/www.facebook.com\/carrenoactualidad","twitter:card":"summary_large_image","twitter:site":"@NabercoDigital","twitter:title":"Hoeness volver\u00e1 a ser el \u00abhombre fuerte\u00bb del Bayern | Cand\u00e1s 365","twitter:description":"M\u00fanich, 14 jul (dpa) - Tras cumplir una condena de c\u00e1rcel por evasi\u00f3n fiscal millonaria, Uli Hoeness se apresta a recuperar el poder en el Bayern M\u00fanich, afirm\u00f3 hoy el peri\u00f3dico deportivo alem\u00e1n &quot;Kicker&quot; en base a informaci\u00f3n del entorno del club. Seg\u00fan la publicaci\u00f3n, Hoeness, de 64 a\u00f1os, podr\u00eda asumir los cargos de presidente","twitter:creator":"@nbasturias","twitter:image":"https:\/\/candas365.es\/noticias\/wp-content\/uploads\/2015\/12\/bayern.jpg","twitter:label1":"Escrito por","twitter:data1":"Cand\u00e1s 365","twitter:label2":"Tiempo de lectura estimado","twitter:data2":"2 minutos"},"aioseo_meta_data":{"post_id":"32025","title":null,"description":null,"keywords":null,"keyphrases":null,"primary_term":null,"canonical_url":null,"og_title":null,"og_description":null,"og_object_type":"default","og_image_type":"default","og_image_url":null,"og_image_width":null,"og_image_height":null,"og_image_custom_url":null,"og_image_custom_fields":null,"og_video":null,"og_custom_url":null,"og_article_section":null,"og_article_tags":null,"twitter_use_og":false,"twitter_card":"default","twitter_image_type":"default","twitter_image_url":null,"twitter_image_custom_url":null,"twitter_image_custom_fields":null,"twitter_title":null,"twitter_description":null,"schema":{"blockGraphs":[],"customGraphs":[],"default":{"data":{"Article":[],"Course":[],"Dataset":[],"FAQPage":[],"Movie":[],"Person":[],"Product":[],"ProductReview":[],"Car":[],"Recipe":[],"Service":[],"SoftwareApplication":[],"WebPage":[]},"graphName":"","isEnabled":true},"graphs":[],"defaultGraph":"","defaultPostTypeGraph":""},"schema_type":null,"schema_type_options":null,"pillar_content":false,"robots_default":true,"robots_noindex":false,"robots_noarchive":false,"robots_nosnippet":false,"robots_nofollow":false,"robots_noimageindex":false,"robots_noodp":false,"robots_notranslate":false,"robots_max_snippet":null,"robots_max_videopreview":null,"robots_max_imagepreview":"large","priority":null,"frequency":null,"location":null,"local_seo":null,"seo_analyzer_scan_date":"2025-08-24 14:47:14","breadcrumb_settings":null,"limit_modified_date":false,"reviewed_by":null,"open_ai":null,"ai":null,"created":"2020-12-21 13:02:40","updated":"2025-08-24 14:47:14"},"aioseo_breadcrumb":"<div class=\"aioseo-breadcrumbs\"><span class=\"aioseo-breadcrumb\">\n\t<a href=\"https:\/\/candas365.es\/noticias\" title=\"Home\">Home<\/a>\n<\/span><span class=\"aioseo-breadcrumb-separator\">&ndash;<\/span><span class=\"aioseo-breadcrumb\">\n\t<a href=\"https:\/\/candas365.es\/noticias\/category\/actualidad\/\" title=\"Actualidad\">Actualidad<\/a>\n<\/span><span class=\"aioseo-breadcrumb-separator\">&ndash;<\/span><span class=\"aioseo-breadcrumb\">\n\tHoeness volver\u00e1 a ser el \u00abhombre fuerte\u00bb del Bayern\n<\/span><\/div>","aioseo_breadcrumb_json":[{"label":"Home","link":"https:\/\/candas365.es\/noticias"},{"label":"Actualidad","link":"https:\/\/candas365.es\/noticias\/category\/actualidad\/"},{"label":"Hoeness volver\u00e1 a ser el \u00abhombre fuerte\u00bb del Bayern","link":"https:\/\/candas365.es\/noticias\/hoeness-volvera-a-ser-el-hombre-fuerte-del-bayern\/"}],"_links":{"self":[{"href":"https:\/\/candas365.es\/noticias\/wp-json\/wp\/v2\/posts\/32025","targetHints":{"allow":["GET"]}}],"collection":[{"href":"https:\/\/candas365.es\/noticias\/wp-json\/wp\/v2\/posts"}],"about":[{"href":"https:\/\/candas365.es\/noticias\/wp-json\/wp\/v2\/types\/post"}],"author":[{"embeddable":true,"href":"https:\/\/candas365.es\/noticias\/wp-json\/wp\/v2\/users\/1"}],"replies":[{"embeddable":true,"href":"https:\/\/candas365.es\/noticias\/wp-json\/wp\/v2\/comments?post=32025"}],"version-history":[{"count":0,"href":"https:\/\/candas365.es\/noticias\/wp-json\/wp\/v2\/posts\/32025\/revisions"}],"wp:featuredmedia":[{"embeddable":true,"href":"https:\/\/candas365.es\/noticias\/wp-json\/wp\/v2\/media\/21654"}],"wp:attachment":[{"href":"https:\/\/candas365.es\/noticias\/wp-json\/wp\/v2\/media?parent=32025"}],"wp:term":[{"taxonomy":"category","embeddable":true,"href":"https:\/\/candas365.es\/noticias\/wp-json\/wp\/v2\/categories?post=32025"},{"taxonomy":"post_tag","embeddable":true,"href":"https:\/\/candas365.es\/noticias\/wp-json\/wp\/v2\/tags?post=32025"}],"curies":[{"name":"wp","href":"https:\/\/api.w.org\/{rel}","templated":true}]}}