{"id":31961,"date":"2016-07-13T22:15:20","date_gmt":"2016-07-13T20:45:20","guid":{"rendered":"http:\/\/candas365.es\/noticias\/?p=31961"},"modified":"2016-07-13T22:15:20","modified_gmt":"2016-07-13T20:45:20","slug":"uruguay-espera-al-presidente-aleman-para-explorar-nuevos-negocios","status":"publish","type":"post","link":"https:\/\/candas365.es\/noticias\/uruguay-espera-al-presidente-aleman-para-explorar-nuevos-negocios\/","title":{"rendered":"Uruguay espera al presidente alem\u00e1n para explorar nuevos negocios"},"content":{"rendered":"<p>Montevideo, 13 jul (dpa) &#8211; El presidente de Alemania, Joachim Gauck, es esperado ma\u00f1ana en Uruguay para una visita de tres d\u00edas durante los cuales se explorar\u00e1n las posibilidades de nuevos negocios entre los dos pa\u00edses.<\/p>\n<p>Gauck ser\u00e1 recibido por el presidente Tabar\u00e9 V\u00e1zquez, el canciller Rodolfo Nin Novoa, y el titular del Congreso y vicepresidente uruguayo, Ra\u00fal Sendic, con quienes hablar\u00e1 adem\u00e1s sobre el proceso de negociaci\u00f3n de un Tratado de Libre Comercio entre el Mercosur y la Uni\u00f3n Europea (UE).<\/p>\n<p>La agenda oficial del presidente alem\u00e1n incluye tambi\u00e9n encuentros con inversores germanos radicados en el pa\u00eds sudamericano y con empresarios uruguayos, que aspiran a aumentar sus ventas a Alemania, la cuarta econom\u00eda mundial.<\/p>\n<p>Alemania se posiciona en el quinto lugar del ranking de destinos exportaci\u00f3n de productos uruguayos, principalmente carne bovina, cueros y soja.<\/p>\n<p>Los exportadores uruguayos ven potencialidades para colocar tambi\u00e9n en ese mercado europeo sustancias qu\u00edmicas, productos de caucho y pl\u00e1stico, alimentos, bebidas y tabaco, entre otros productos.<\/p>\n<p>En Uruguay, a su vez, hay 40 empresas de origen alem\u00e1n que se orientan primordialmente a actividades tales como industria qu\u00edmica y farmac\u00e9utica, transporte y log\u00edstica, maquinarias, energ\u00eda el\u00e9ctrica, telecomunicaciones y agronegocios.<\/p>\n<p>Muchas de ellas est\u00e1n nucleadas en la C\u00e1mara de Comercio e Industria Uruguayo-Alemana, que aprovechar\u00e1 esta visita para celebrar sus 100 a\u00f1os de existencia.<\/p>\n<p>El viernes habr\u00e1 un encuentro empresarial, en el que participar\u00e1n los presidentes V\u00e1zquez y Gauck, reuni\u00f3n que se repetir\u00e1 el s\u00e1bado al mediod\u00eda con la presencia de diversas figuras del \u00e1mbito pol\u00edtico y empresarial, a nivel nacional e internacional.<\/p>\n<p>Para el \u00faltimo d\u00eda de esta visita, el visitante alem\u00e1n reserv\u00f3 dos momentos de su agenda para recorrer primero un centro educativo de nivel secundario que apunta a la formaci\u00f3n profesional de j\u00f3venes en estado de vulnerabilidad social y posteriormente debatir sobre la inclusi\u00f3n social de los j\u00f3venes en Uruguay.<\/p>\n<p>Junto con el presidente Gauck viajan el CEO de las C\u00e1maras Alemanas en el Extranjero (DIHK), Martin Wansleben; la presidenta del Sindicato de Educaci\u00f3n y Ciencia (GEW), Marlis Tepe, y el CEO de la empresa ENERCON, Hans-Dieter Kettwig, uno de los principales inversores en el programa de cambio de matriz energ\u00e9tica en Uruguay.<\/p>\n<p>Gauck pondr\u00e1 fin a su visita oficial a Uruguay el s\u00e1bado al atardecer.<\/p>\n<p>&nbsp;<\/p>\n","protected":false},"excerpt":{"rendered":"<p>Montevideo, 13 jul (dpa) &#8211; El presidente de Alemania, Joachim Gauck, es esperado ma\u00f1ana en Uruguay para una visita de tres d\u00edas durante los cuales se explorar\u00e1n las posibilidades de nuevos negocios entre los dos pa\u00edses. Gauck ser\u00e1 recibido por el presidente Tabar\u00e9 V\u00e1zquez, el canciller Rodolfo Nin Novoa, y el titular del Congreso y<\/p>\n","protected":false},"author":1,"featured_media":16457,"comment_status":"closed","ping_status":"closed","sticky":false,"template":"","format":"standard","meta":{"footnotes":""},"categories":[343],"tags":[],"class_list":{"0":"post-31961","1":"post","2":"type-post","3":"status-publish","4":"format-standard","5":"has-post-thumbnail","7":"category-actualidad"},"aioseo_notices":[],"aioseo_head":"\n\t\t<!-- All in One SEO Pro 4.9.6.2 - aioseo.com -->\n\t<meta name=\"description\" content=\"Montevideo, 13 jul (dpa) - El presidente de Alemania, Joachim Gauck, es esperado ma\u00f1ana en Uruguay para una visita de tres d\u00edas durante los cuales se explorar\u00e1n las posibilidades de nuevos negocios entre los dos pa\u00edses. Gauck ser\u00e1 recibido por el presidente Tabar\u00e9 V\u00e1zquez, el canciller Rodolfo Nin Novoa, y el titular del Congreso y\" \/>\n\t<meta name=\"robots\" content=\"max-image-preview:large\" \/>\n\t<meta name=\"author\" content=\"Cand\u00e1s 365\"\/>\n\t<meta name=\"google-site-verification\" content=\"UA-32230408-1\" \/>\n\t<meta name=\"msvalidate.01\" content=\"354F3CDFB2DA171B47FBE9ABF1F88D5\" \/>\n\t<meta name=\"keywords\" content=\"actualidad\" \/>\n\t<link rel=\"canonical\" href=\"https:\/\/candas365.es\/noticias\/uruguay-espera-al-presidente-aleman-para-explorar-nuevos-negocios\/\" \/>\n\t<meta name=\"generator\" content=\"All in One SEO Pro (AIOSEO) 4.9.6.2\" \/>\n\t\t<meta property=\"og:locale\" content=\"es_ES\" \/>\n\t\t<meta property=\"og:site_name\" content=\"Cand\u00e1s 365\" \/>\n\t\t<meta property=\"og:type\" content=\"article\" \/>\n\t\t<meta property=\"og:title\" content=\"Uruguay espera al presidente alem\u00e1n para explorar nuevos negocios | Cand\u00e1s 365\" \/>\n\t\t<meta property=\"og:description\" content=\"Montevideo, 13 jul (dpa) - El presidente de Alemania, Joachim Gauck, es esperado ma\u00f1ana en Uruguay para una visita de tres d\u00edas durante los cuales se explorar\u00e1n las posibilidades de nuevos negocios entre los dos pa\u00edses. Gauck ser\u00e1 recibido por el presidente Tabar\u00e9 V\u00e1zquez, el canciller Rodolfo Nin Novoa, y el titular del Congreso y\" \/>\n\t\t<meta property=\"og:url\" content=\"https:\/\/candas365.es\/noticias\/uruguay-espera-al-presidente-aleman-para-explorar-nuevos-negocios\/\" \/>\n\t\t<meta property=\"og:image\" content=\"https:\/\/candas365.es\/noticias\/wp-content\/uploads\/2015\/09\/c365noticias.jpg\" \/>\n\t\t<meta property=\"og:image:secure_url\" content=\"https:\/\/candas365.es\/noticias\/wp-content\/uploads\/2015\/09\/c365noticias.jpg\" \/>\n\t\t<meta property=\"og:image:width\" content=\"655\" \/>\n\t\t<meta property=\"og:image:height\" content=\"360\" \/>\n\t\t<meta property=\"article:published_time\" content=\"2016-07-13T20:45:20+00:00\" \/>\n\t\t<meta property=\"article:modified_time\" content=\"2016-07-13T20:45:20+00:00\" \/>\n\t\t<meta property=\"article:publisher\" content=\"https:\/\/www.facebook.com\/Nachofdezber\" \/>\n\t\t<meta property=\"article:author\" content=\"https:\/\/www.facebook.com\/carrenoactualidad\" \/>\n\t\t<meta name=\"twitter:card\" content=\"summary_large_image\" \/>\n\t\t<meta name=\"twitter:site\" content=\"@NabercoDigital\" \/>\n\t\t<meta name=\"twitter:title\" content=\"Uruguay espera al presidente alem\u00e1n para explorar nuevos negocios | Cand\u00e1s 365\" \/>\n\t\t<meta name=\"twitter:description\" content=\"Montevideo, 13 jul (dpa) - El presidente de Alemania, Joachim Gauck, es esperado ma\u00f1ana en Uruguay para una visita de tres d\u00edas durante los cuales se explorar\u00e1n las posibilidades de nuevos negocios entre los dos pa\u00edses. Gauck ser\u00e1 recibido por el presidente Tabar\u00e9 V\u00e1zquez, el canciller Rodolfo Nin Novoa, y el titular del Congreso y\" \/>\n\t\t<meta name=\"twitter:creator\" content=\"@nbasturias\" \/>\n\t\t<meta name=\"twitter:image\" content=\"https:\/\/candas365.es\/noticias\/wp-content\/uploads\/2015\/09\/c365noticias.jpg\" \/>\n\t\t<meta name=\"twitter:label1\" content=\"Escrito por\" \/>\n\t\t<meta name=\"twitter:data1\" content=\"Cand\u00e1s 365\" \/>\n\t\t<meta name=\"twitter:label2\" content=\"Tiempo de lectura estimado\" \/>\n\t\t<meta name=\"twitter:data2\" content=\"2 minutos\" \/>\n\t\t<script type=\"application\/ld+json\" class=\"aioseo-schema\">\n\t\t\t{\"@context\":\"https:\\\/\\\/schema.org\",\"@graph\":[{\"@type\":\"BreadcrumbList\",\"@id\":\"https:\\\/\\\/candas365.es\\\/noticias\\\/uruguay-espera-al-presidente-aleman-para-explorar-nuevos-negocios\\\/#breadcrumblist\",\"itemListElement\":[{\"@type\":\"ListItem\",\"@id\":\"https:\\\/\\\/candas365.es\\\/noticias#listItem\",\"position\":1,\"name\":\"Home\",\"item\":\"https:\\\/\\\/candas365.es\\\/noticias\",\"nextItem\":{\"@type\":\"ListItem\",\"@id\":\"https:\\\/\\\/candas365.es\\\/noticias\\\/category\\\/actualidad\\\/#listItem\",\"name\":\"Actualidad\"}},{\"@type\":\"ListItem\",\"@id\":\"https:\\\/\\\/candas365.es\\\/noticias\\\/category\\\/actualidad\\\/#listItem\",\"position\":2,\"name\":\"Actualidad\",\"item\":\"https:\\\/\\\/candas365.es\\\/noticias\\\/category\\\/actualidad\\\/\",\"nextItem\":{\"@type\":\"ListItem\",\"@id\":\"https:\\\/\\\/candas365.es\\\/noticias\\\/uruguay-espera-al-presidente-aleman-para-explorar-nuevos-negocios\\\/#listItem\",\"name\":\"Uruguay espera al presidente alem\\u00e1n para explorar nuevos negocios\"},\"previousItem\":{\"@type\":\"ListItem\",\"@id\":\"https:\\\/\\\/candas365.es\\\/noticias#listItem\",\"name\":\"Home\"}},{\"@type\":\"ListItem\",\"@id\":\"https:\\\/\\\/candas365.es\\\/noticias\\\/uruguay-espera-al-presidente-aleman-para-explorar-nuevos-negocios\\\/#listItem\",\"position\":3,\"name\":\"Uruguay espera al presidente alem\\u00e1n para explorar nuevos negocios\",\"previousItem\":{\"@type\":\"ListItem\",\"@id\":\"https:\\\/\\\/candas365.es\\\/noticias\\\/category\\\/actualidad\\\/#listItem\",\"name\":\"Actualidad\"}}]},{\"@type\":\"NewsArticle\",\"@id\":\"https:\\\/\\\/candas365.es\\\/noticias\\\/uruguay-espera-al-presidente-aleman-para-explorar-nuevos-negocios\\\/#newsarticle\",\"name\":\"Uruguay espera al presidente alem\\u00e1n para explorar nuevos negocios | Cand\\u00e1s 365\",\"headline\":\"Uruguay espera al presidente alem\\u00e1n para explorar nuevos negocios\",\"author\":{\"@id\":\"https:\\\/\\\/candas365.es\\\/noticias\\\/author\\\/admin\\\/#author\"},\"publisher\":{\"@id\":\"https:\\\/\\\/candas365.es\\\/noticias\\\/#organization\"},\"image\":{\"@type\":\"ImageObject\",\"url\":\"https:\\\/\\\/candas365.es\\\/noticias\\\/wp-content\\\/uploads\\\/2015\\\/09\\\/c365noticias.jpg\",\"width\":655,\"height\":360},\"datePublished\":\"2016-07-13T22:15:20+02:00\",\"dateModified\":\"2016-07-13T22:15:20+02:00\",\"inLanguage\":\"es-ES\",\"mainEntityOfPage\":{\"@id\":\"https:\\\/\\\/candas365.es\\\/noticias\\\/uruguay-espera-al-presidente-aleman-para-explorar-nuevos-negocios\\\/#webpage\"},\"isPartOf\":{\"@id\":\"https:\\\/\\\/candas365.es\\\/noticias\\\/uruguay-espera-al-presidente-aleman-para-explorar-nuevos-negocios\\\/#webpage\"},\"articleSection\":\"Actualidad\",\"dateline\":\"Publicado el julio 13, 2016.\"},{\"@type\":\"Organization\",\"@id\":\"https:\\\/\\\/candas365.es\\\/noticias\\\/#organization\",\"name\":\"Cand\\u00e1s 365\",\"description\":\"Cand\\u00e1s 365 es un diario digital independiente, fundado en 2012, con base en Asturias. Informamos con rigor sobre actualidad, sociedad, cultura y ocio, con una mirada local y global.\",\"url\":\"https:\\\/\\\/candas365.es\\\/noticias\\\/\",\"email\":\"info@candas365.es\",\"telephone\":\"+34652131393\",\"foundingDate\":\"2012-06-10\",\"logo\":{\"@type\":\"ImageObject\",\"url\":\"https:\\\/\\\/candas365.es\\\/noticias\\\/wp-content\\\/uploads\\\/2024\\\/09\\\/Candas-365-Redes.jpg\",\"@id\":\"https:\\\/\\\/candas365.es\\\/noticias\\\/uruguay-espera-al-presidente-aleman-para-explorar-nuevos-negocios\\\/#organizationLogo\",\"width\":1152,\"height\":864,\"caption\":\"Cand\\u00e1s 365 Redes\"},\"image\":{\"@id\":\"https:\\\/\\\/candas365.es\\\/noticias\\\/uruguay-espera-al-presidente-aleman-para-explorar-nuevos-negocios\\\/#organizationLogo\"},\"sameAs\":[\"https:\\\/\\\/www.facebook.com\\\/Nachofdezber\",\"https:\\\/\\\/x.com\\\/NabercoDigital\",\"https:\\\/\\\/www.instagram.com\\\/nachofdezber\\\/\",\"https:\\\/\\\/www.youtube.com\\\/channel\\\/UCZP-2wLEB9Rv6erhFmqVnvg\"],\"address\":{\"@id\":\"https:\\\/\\\/candas365.es\\\/noticias\\\/#postaladdress\",\"@type\":\"PostalAddress\",\"streetAddress\":\"san antonio 4, san antonio 4\",\"postalCode\":\"33430\",\"addressLocality\":\"Cand\\u00e1s\",\"addressRegion\":\"Asturias\",\"addressCountry\":\"ES\"}},{\"@type\":\"Person\",\"@id\":\"https:\\\/\\\/candas365.es\\\/noticias\\\/author\\\/admin\\\/#author\",\"url\":\"https:\\\/\\\/candas365.es\\\/noticias\\\/author\\\/admin\\\/\",\"name\":\"Cand\\u00e1s 365\",\"image\":{\"@type\":\"ImageObject\",\"@id\":\"https:\\\/\\\/candas365.es\\\/noticias\\\/uruguay-espera-al-presidente-aleman-para-explorar-nuevos-negocios\\\/#authorImage\",\"url\":\"https:\\\/\\\/secure.gravatar.com\\\/avatar\\\/496a8e03d0c493ede1718b7934145dbdf8d89be1036b0eec9544e1094c9de390?s=96&d=mm&r=g\",\"width\":96,\"height\":96,\"caption\":\"Cand\\u00e1s 365\"},\"sameAs\":[\"https:\\\/\\\/www.facebook.com\\\/carrenoactualidad\",\"https:\\\/\\\/twitter.com\\\/nbasturias\",\"https:\\\/\\\/www.instagram.com\\\/nachofdezber\\\/\",\"https:\\\/\\\/www.youtube.com\\\/channel\\\/UCZP-2wLEB9Rv6erhFmqVnvg\"]},{\"@type\":\"WebPage\",\"@id\":\"https:\\\/\\\/candas365.es\\\/noticias\\\/uruguay-espera-al-presidente-aleman-para-explorar-nuevos-negocios\\\/#webpage\",\"url\":\"https:\\\/\\\/candas365.es\\\/noticias\\\/uruguay-espera-al-presidente-aleman-para-explorar-nuevos-negocios\\\/\",\"name\":\"Uruguay espera al presidente alem\\u00e1n para explorar nuevos negocios | Cand\\u00e1s 365\",\"description\":\"Montevideo, 13 jul (dpa) - El presidente de Alemania, Joachim Gauck, es esperado ma\\u00f1ana en Uruguay para una visita de tres d\\u00edas durante los cuales se explorar\\u00e1n las posibilidades de nuevos negocios entre los dos pa\\u00edses. Gauck ser\\u00e1 recibido por el presidente Tabar\\u00e9 V\\u00e1zquez, el canciller Rodolfo Nin Novoa, y el titular del Congreso y\",\"inLanguage\":\"es-ES\",\"isPartOf\":{\"@id\":\"https:\\\/\\\/candas365.es\\\/noticias\\\/#website\"},\"breadcrumb\":{\"@id\":\"https:\\\/\\\/candas365.es\\\/noticias\\\/uruguay-espera-al-presidente-aleman-para-explorar-nuevos-negocios\\\/#breadcrumblist\"},\"author\":{\"@id\":\"https:\\\/\\\/candas365.es\\\/noticias\\\/author\\\/admin\\\/#author\"},\"creator\":{\"@id\":\"https:\\\/\\\/candas365.es\\\/noticias\\\/author\\\/admin\\\/#author\"},\"image\":{\"@type\":\"ImageObject\",\"url\":\"https:\\\/\\\/candas365.es\\\/noticias\\\/wp-content\\\/uploads\\\/2015\\\/09\\\/c365noticias.jpg\",\"@id\":\"https:\\\/\\\/candas365.es\\\/noticias\\\/uruguay-espera-al-presidente-aleman-para-explorar-nuevos-negocios\\\/#mainImage\",\"width\":655,\"height\":360},\"primaryImageOfPage\":{\"@id\":\"https:\\\/\\\/candas365.es\\\/noticias\\\/uruguay-espera-al-presidente-aleman-para-explorar-nuevos-negocios\\\/#mainImage\"},\"datePublished\":\"2016-07-13T22:15:20+02:00\",\"dateModified\":\"2016-07-13T22:15:20+02:00\"},{\"@type\":\"WebSite\",\"@id\":\"https:\\\/\\\/candas365.es\\\/noticias\\\/#website\",\"url\":\"https:\\\/\\\/candas365.es\\\/noticias\\\/\",\"name\":\"Cand\\u00e1s 365\",\"alternateName\":\"Cand\\u00e1s 365 Noticias\",\"description\":\"Actualidad desde Carre\\u00f1o para el mundo\",\"inLanguage\":\"es-ES\",\"publisher\":{\"@id\":\"https:\\\/\\\/candas365.es\\\/noticias\\\/#organization\"}}]}\n\t\t<\/script>\n\t\t<!-- All in One SEO Pro -->\r\n\t\t<title>Uruguay espera al presidente alem\u00e1n para explorar nuevos negocios | Cand\u00e1s 365<\/title>\n\n","aioseo_head_json":{"title":"Uruguay espera al presidente alem\u00e1n para explorar nuevos negocios | Cand\u00e1s 365","description":"Montevideo, 13 jul (dpa) - El presidente de Alemania, Joachim Gauck, es esperado ma\u00f1ana en Uruguay para una visita de tres d\u00edas durante los cuales se explorar\u00e1n las posibilidades de nuevos negocios entre los dos pa\u00edses. Gauck ser\u00e1 recibido por el presidente Tabar\u00e9 V\u00e1zquez, el canciller Rodolfo Nin Novoa, y el titular del Congreso y","canonical_url":"https:\/\/candas365.es\/noticias\/uruguay-espera-al-presidente-aleman-para-explorar-nuevos-negocios\/","robots":"max-image-preview:large","keywords":"actualidad","webmasterTools":{"google-site-verification":"UA-32230408-1","msvalidate.01":"354F3CDFB2DA171B47FBE9ABF1F88D5","miscellaneous":""},"schema":{"@context":"https:\/\/schema.org","@graph":[{"@type":"BreadcrumbList","@id":"https:\/\/candas365.es\/noticias\/uruguay-espera-al-presidente-aleman-para-explorar-nuevos-negocios\/#breadcrumblist","itemListElement":[{"@type":"ListItem","@id":"https:\/\/candas365.es\/noticias#listItem","position":1,"name":"Home","item":"https:\/\/candas365.es\/noticias","nextItem":{"@type":"ListItem","@id":"https:\/\/candas365.es\/noticias\/category\/actualidad\/#listItem","name":"Actualidad"}},{"@type":"ListItem","@id":"https:\/\/candas365.es\/noticias\/category\/actualidad\/#listItem","position":2,"name":"Actualidad","item":"https:\/\/candas365.es\/noticias\/category\/actualidad\/","nextItem":{"@type":"ListItem","@id":"https:\/\/candas365.es\/noticias\/uruguay-espera-al-presidente-aleman-para-explorar-nuevos-negocios\/#listItem","name":"Uruguay espera al presidente alem\u00e1n para explorar nuevos negocios"},"previousItem":{"@type":"ListItem","@id":"https:\/\/candas365.es\/noticias#listItem","name":"Home"}},{"@type":"ListItem","@id":"https:\/\/candas365.es\/noticias\/uruguay-espera-al-presidente-aleman-para-explorar-nuevos-negocios\/#listItem","position":3,"name":"Uruguay espera al presidente alem\u00e1n para explorar nuevos negocios","previousItem":{"@type":"ListItem","@id":"https:\/\/candas365.es\/noticias\/category\/actualidad\/#listItem","name":"Actualidad"}}]},{"@type":"NewsArticle","@id":"https:\/\/candas365.es\/noticias\/uruguay-espera-al-presidente-aleman-para-explorar-nuevos-negocios\/#newsarticle","name":"Uruguay espera al presidente alem\u00e1n para explorar nuevos negocios | Cand\u00e1s 365","headline":"Uruguay espera al presidente alem\u00e1n para explorar nuevos negocios","author":{"@id":"https:\/\/candas365.es\/noticias\/author\/admin\/#author"},"publisher":{"@id":"https:\/\/candas365.es\/noticias\/#organization"},"image":{"@type":"ImageObject","url":"https:\/\/candas365.es\/noticias\/wp-content\/uploads\/2015\/09\/c365noticias.jpg","width":655,"height":360},"datePublished":"2016-07-13T22:15:20+02:00","dateModified":"2016-07-13T22:15:20+02:00","inLanguage":"es-ES","mainEntityOfPage":{"@id":"https:\/\/candas365.es\/noticias\/uruguay-espera-al-presidente-aleman-para-explorar-nuevos-negocios\/#webpage"},"isPartOf":{"@id":"https:\/\/candas365.es\/noticias\/uruguay-espera-al-presidente-aleman-para-explorar-nuevos-negocios\/#webpage"},"articleSection":"Actualidad","dateline":"Publicado el julio 13, 2016."},{"@type":"Organization","@id":"https:\/\/candas365.es\/noticias\/#organization","name":"Cand\u00e1s 365","description":"Cand\u00e1s 365 es un diario digital independiente, fundado en 2012, con base en Asturias. Informamos con rigor sobre actualidad, sociedad, cultura y ocio, con una mirada local y global.","url":"https:\/\/candas365.es\/noticias\/","email":"info@candas365.es","telephone":"+34652131393","foundingDate":"2012-06-10","logo":{"@type":"ImageObject","url":"https:\/\/candas365.es\/noticias\/wp-content\/uploads\/2024\/09\/Candas-365-Redes.jpg","@id":"https:\/\/candas365.es\/noticias\/uruguay-espera-al-presidente-aleman-para-explorar-nuevos-negocios\/#organizationLogo","width":1152,"height":864,"caption":"Cand\u00e1s 365 Redes"},"image":{"@id":"https:\/\/candas365.es\/noticias\/uruguay-espera-al-presidente-aleman-para-explorar-nuevos-negocios\/#organizationLogo"},"sameAs":["https:\/\/www.facebook.com\/Nachofdezber","https:\/\/x.com\/NabercoDigital","https:\/\/www.instagram.com\/nachofdezber\/","https:\/\/www.youtube.com\/channel\/UCZP-2wLEB9Rv6erhFmqVnvg"],"address":{"@id":"https:\/\/candas365.es\/noticias\/#postaladdress","@type":"PostalAddress","streetAddress":"san antonio 4, san antonio 4","postalCode":"33430","addressLocality":"Cand\u00e1s","addressRegion":"Asturias","addressCountry":"ES"}},{"@type":"Person","@id":"https:\/\/candas365.es\/noticias\/author\/admin\/#author","url":"https:\/\/candas365.es\/noticias\/author\/admin\/","name":"Cand\u00e1s 365","image":{"@type":"ImageObject","@id":"https:\/\/candas365.es\/noticias\/uruguay-espera-al-presidente-aleman-para-explorar-nuevos-negocios\/#authorImage","url":"https:\/\/secure.gravatar.com\/avatar\/496a8e03d0c493ede1718b7934145dbdf8d89be1036b0eec9544e1094c9de390?s=96&d=mm&r=g","width":96,"height":96,"caption":"Cand\u00e1s 365"},"sameAs":["https:\/\/www.facebook.com\/carrenoactualidad","https:\/\/twitter.com\/nbasturias","https:\/\/www.instagram.com\/nachofdezber\/","https:\/\/www.youtube.com\/channel\/UCZP-2wLEB9Rv6erhFmqVnvg"]},{"@type":"WebPage","@id":"https:\/\/candas365.es\/noticias\/uruguay-espera-al-presidente-aleman-para-explorar-nuevos-negocios\/#webpage","url":"https:\/\/candas365.es\/noticias\/uruguay-espera-al-presidente-aleman-para-explorar-nuevos-negocios\/","name":"Uruguay espera al presidente alem\u00e1n para explorar nuevos negocios | Cand\u00e1s 365","description":"Montevideo, 13 jul (dpa) - El presidente de Alemania, Joachim Gauck, es esperado ma\u00f1ana en Uruguay para una visita de tres d\u00edas durante los cuales se explorar\u00e1n las posibilidades de nuevos negocios entre los dos pa\u00edses. Gauck ser\u00e1 recibido por el presidente Tabar\u00e9 V\u00e1zquez, el canciller Rodolfo Nin Novoa, y el titular del Congreso y","inLanguage":"es-ES","isPartOf":{"@id":"https:\/\/candas365.es\/noticias\/#website"},"breadcrumb":{"@id":"https:\/\/candas365.es\/noticias\/uruguay-espera-al-presidente-aleman-para-explorar-nuevos-negocios\/#breadcrumblist"},"author":{"@id":"https:\/\/candas365.es\/noticias\/author\/admin\/#author"},"creator":{"@id":"https:\/\/candas365.es\/noticias\/author\/admin\/#author"},"image":{"@type":"ImageObject","url":"https:\/\/candas365.es\/noticias\/wp-content\/uploads\/2015\/09\/c365noticias.jpg","@id":"https:\/\/candas365.es\/noticias\/uruguay-espera-al-presidente-aleman-para-explorar-nuevos-negocios\/#mainImage","width":655,"height":360},"primaryImageOfPage":{"@id":"https:\/\/candas365.es\/noticias\/uruguay-espera-al-presidente-aleman-para-explorar-nuevos-negocios\/#mainImage"},"datePublished":"2016-07-13T22:15:20+02:00","dateModified":"2016-07-13T22:15:20+02:00"},{"@type":"WebSite","@id":"https:\/\/candas365.es\/noticias\/#website","url":"https:\/\/candas365.es\/noticias\/","name":"Cand\u00e1s 365","alternateName":"Cand\u00e1s 365 Noticias","description":"Actualidad desde Carre\u00f1o para el mundo","inLanguage":"es-ES","publisher":{"@id":"https:\/\/candas365.es\/noticias\/#organization"}}]},"og:locale":"es_ES","og:site_name":"Cand\u00e1s 365","og:type":"article","og:title":"Uruguay espera al presidente alem\u00e1n para explorar nuevos negocios | Cand\u00e1s 365","og:description":"Montevideo, 13 jul (dpa) - El presidente de Alemania, Joachim Gauck, es esperado ma\u00f1ana en Uruguay para una visita de tres d\u00edas durante los cuales se explorar\u00e1n las posibilidades de nuevos negocios entre los dos pa\u00edses. Gauck ser\u00e1 recibido por el presidente Tabar\u00e9 V\u00e1zquez, el canciller Rodolfo Nin Novoa, y el titular del Congreso y","og:url":"https:\/\/candas365.es\/noticias\/uruguay-espera-al-presidente-aleman-para-explorar-nuevos-negocios\/","og:image":"https:\/\/candas365.es\/noticias\/wp-content\/uploads\/2015\/09\/c365noticias.jpg","og:image:secure_url":"https:\/\/candas365.es\/noticias\/wp-content\/uploads\/2015\/09\/c365noticias.jpg","og:image:width":655,"og:image:height":360,"article:published_time":"2016-07-13T20:45:20+00:00","article:modified_time":"2016-07-13T20:45:20+00:00","article:publisher":"https:\/\/www.facebook.com\/Nachofdezber","article:author":"https:\/\/www.facebook.com\/carrenoactualidad","twitter:card":"summary_large_image","twitter:site":"@NabercoDigital","twitter:title":"Uruguay espera al presidente alem\u00e1n para explorar nuevos negocios | Cand\u00e1s 365","twitter:description":"Montevideo, 13 jul (dpa) - El presidente de Alemania, Joachim Gauck, es esperado ma\u00f1ana en Uruguay para una visita de tres d\u00edas durante los cuales se explorar\u00e1n las posibilidades de nuevos negocios entre los dos pa\u00edses. Gauck ser\u00e1 recibido por el presidente Tabar\u00e9 V\u00e1zquez, el canciller Rodolfo Nin Novoa, y el titular del Congreso y","twitter:creator":"@nbasturias","twitter:image":"https:\/\/candas365.es\/noticias\/wp-content\/uploads\/2015\/09\/c365noticias.jpg","twitter:label1":"Escrito por","twitter:data1":"Cand\u00e1s 365","twitter:label2":"Tiempo de lectura estimado","twitter:data2":"2 minutos"},"aioseo_meta_data":{"post_id":"31961","title":null,"description":null,"keywords":null,"keyphrases":null,"primary_term":null,"canonical_url":null,"og_title":null,"og_description":null,"og_object_type":"default","og_image_type":"default","og_image_url":null,"og_image_width":null,"og_image_height":null,"og_image_custom_url":null,"og_image_custom_fields":null,"og_video":null,"og_custom_url":null,"og_article_section":null,"og_article_tags":null,"twitter_use_og":false,"twitter_card":"default","twitter_image_type":"default","twitter_image_url":null,"twitter_image_custom_url":null,"twitter_image_custom_fields":null,"twitter_title":null,"twitter_description":null,"schema":{"blockGraphs":[],"customGraphs":[],"default":{"data":{"Article":[],"Course":[],"Dataset":[],"FAQPage":[],"Movie":[],"Person":[],"Product":[],"ProductReview":[],"Car":[],"Recipe":[],"Service":[],"SoftwareApplication":[],"WebPage":[]},"graphName":"","isEnabled":true},"graphs":[],"defaultGraph":"","defaultPostTypeGraph":""},"schema_type":null,"schema_type_options":null,"pillar_content":false,"robots_default":true,"robots_noindex":false,"robots_noarchive":false,"robots_nosnippet":false,"robots_nofollow":false,"robots_noimageindex":false,"robots_noodp":false,"robots_notranslate":false,"robots_max_snippet":null,"robots_max_videopreview":null,"robots_max_imagepreview":"large","priority":null,"frequency":null,"location":null,"local_seo":null,"seo_analyzer_scan_date":"2025-08-24 14:41:09","breadcrumb_settings":null,"limit_modified_date":false,"reviewed_by":null,"open_ai":null,"ai":null,"created":"2020-12-21 13:02:21","updated":"2025-08-24 14:41:09"},"aioseo_breadcrumb":"<div class=\"aioseo-breadcrumbs\"><span class=\"aioseo-breadcrumb\">\n\t<a href=\"https:\/\/candas365.es\/noticias\" title=\"Home\">Home<\/a>\n<\/span><span class=\"aioseo-breadcrumb-separator\">&ndash;<\/span><span class=\"aioseo-breadcrumb\">\n\t<a href=\"https:\/\/candas365.es\/noticias\/category\/actualidad\/\" title=\"Actualidad\">Actualidad<\/a>\n<\/span><span class=\"aioseo-breadcrumb-separator\">&ndash;<\/span><span class=\"aioseo-breadcrumb\">\n\tUruguay espera al presidente alem\u00e1n para explorar nuevos negocios\n<\/span><\/div>","aioseo_breadcrumb_json":[{"label":"Home","link":"https:\/\/candas365.es\/noticias"},{"label":"Actualidad","link":"https:\/\/candas365.es\/noticias\/category\/actualidad\/"},{"label":"Uruguay espera al presidente alem\u00e1n para explorar nuevos negocios","link":"https:\/\/candas365.es\/noticias\/uruguay-espera-al-presidente-aleman-para-explorar-nuevos-negocios\/"}],"_links":{"self":[{"href":"https:\/\/candas365.es\/noticias\/wp-json\/wp\/v2\/posts\/31961","targetHints":{"allow":["GET"]}}],"collection":[{"href":"https:\/\/candas365.es\/noticias\/wp-json\/wp\/v2\/posts"}],"about":[{"href":"https:\/\/candas365.es\/noticias\/wp-json\/wp\/v2\/types\/post"}],"author":[{"embeddable":true,"href":"https:\/\/candas365.es\/noticias\/wp-json\/wp\/v2\/users\/1"}],"replies":[{"embeddable":true,"href":"https:\/\/candas365.es\/noticias\/wp-json\/wp\/v2\/comments?post=31961"}],"version-history":[{"count":0,"href":"https:\/\/candas365.es\/noticias\/wp-json\/wp\/v2\/posts\/31961\/revisions"}],"wp:featuredmedia":[{"embeddable":true,"href":"https:\/\/candas365.es\/noticias\/wp-json\/wp\/v2\/media\/16457"}],"wp:attachment":[{"href":"https:\/\/candas365.es\/noticias\/wp-json\/wp\/v2\/media?parent=31961"}],"wp:term":[{"taxonomy":"category","embeddable":true,"href":"https:\/\/candas365.es\/noticias\/wp-json\/wp\/v2\/categories?post=31961"},{"taxonomy":"post_tag","embeddable":true,"href":"https:\/\/candas365.es\/noticias\/wp-json\/wp\/v2\/tags?post=31961"}],"curies":[{"name":"wp","href":"https:\/\/api.w.org\/{rel}","templated":true}]}}