{"id":31959,"date":"2016-07-13T22:14:17","date_gmt":"2016-07-13T20:44:17","guid":{"rendered":"http:\/\/candas365.es\/noticias\/?p=31959"},"modified":"2016-07-13T22:14:17","modified_gmt":"2016-07-13T20:44:17","slug":"merkel-sin-nuevas-expectativas-sobre-brexit-ya-se-ha-dicho-todo","status":"publish","type":"post","link":"https:\/\/candas365.es\/noticias\/merkel-sin-nuevas-expectativas-sobre-brexit-ya-se-ha-dicho-todo\/","title":{"rendered":"Merkel, sin nuevas expectativas sobre \u00abBrexit\u00bb: \u00abYa se ha dicho todo\u00bb"},"content":{"rendered":"<p>Berl\u00edn, 13 jul (dpa) &#8211; La canciller alemana, Angela Merkel, no tiene ninguna expectativa nueva de cara a las negociaciones de la nueva primera ministra brit\u00e1nica, Theresa May, con la Uni\u00f3n Europea (UE) sobre la salida de Reino Unido, inform\u00f3 hoy su portavoz, Steffen Seibert.<\/p>\n<p>La canciller alemana se alegra de trabajar con la futura primera ministra de Reino Unido, Theresa May, y se pondr\u00e1 en contacto con ella pronto, asegur\u00f3 el portavoz.<\/p>\n<p>\u00abAhora queremos que el lado brit\u00e1nico tome sus decisiones. No hay a d\u00eda de hoy nuevas expectativas. Ya se ha dicho todo\u00bb, respondi\u00f3 al ser preguntado por las futuras negociaciones de May con la UE sobre el \u00abBrexit\u00bb.<\/p>\n<p>Se debe llevar a cabo el proceso interno en Reino Unido y despu\u00e9s Londres deber\u00e1 dirigirse a la UE, indic\u00f3. Merkel ya dijo claramente que lamenta la decisi\u00f3n de los ciudadados y que supone un punto de inflexi\u00f3n en la historia de la UE, record\u00f3.<\/p>\n<p>Sin embargo, los otros 27 pa\u00edses de la UE tienen la fortaleza para ser una Europa exitosa y reclamaron que no se convierta el proceso en una partida de ajedrez con interrupciones, afirm\u00f3 Seibert.<\/p>\n<p>Respecto de las comparaciones entre Merkel y May, el portavoz no quiso entrar en valoraciones. \u00abEso es, creo yo, cosa de los periodistas. La canciller alemana no se ha encontrado a\u00fan con la se\u00f1ora May personalmente. Por ello, no puede juzgar ella misma si pueden hacerse comparaciones\u00bb, agreg\u00f3.<\/p>\n<p>May ser\u00e1 nombrada hoy por la reina Isabel II como sucesora de David Cameron como nueva primera ministra de Reino Unido. Cameron anunci\u00f3 su dimisi\u00f3n tras el resultado del refer\u00e9ndum en el que la mayor\u00eda de los brit\u00e1nicos vot\u00f3 a favor de dejar la UE.<\/p>\n<p>&nbsp;<\/p>\n","protected":false},"excerpt":{"rendered":"<p>Berl\u00edn, 13 jul (dpa) &#8211; La canciller alemana, Angela Merkel, no tiene ninguna expectativa nueva de cara a las negociaciones de la nueva primera ministra brit\u00e1nica, Theresa May, con la Uni\u00f3n Europea (UE) sobre la salida de Reino Unido, inform\u00f3 hoy su portavoz, Steffen Seibert. La canciller alemana se alegra de trabajar con la futura<\/p>\n","protected":false},"author":1,"featured_media":14622,"comment_status":"closed","ping_status":"closed","sticky":false,"template":"","format":"standard","meta":{"footnotes":""},"categories":[343],"tags":[],"class_list":{"0":"post-31959","1":"post","2":"type-post","3":"status-publish","4":"format-standard","5":"has-post-thumbnail","7":"category-actualidad"},"aioseo_notices":[],"aioseo_head":"\n\t\t<!-- All in One SEO Pro 4.9.6.2 - aioseo.com -->\n\t<meta name=\"description\" content=\"Berl\u00edn, 13 jul (dpa) - La canciller alemana, Angela Merkel, no tiene ninguna expectativa nueva de cara a las negociaciones de la nueva primera ministra brit\u00e1nica, Theresa May, con la Uni\u00f3n Europea (UE) sobre la salida de Reino Unido, inform\u00f3 hoy su portavoz, Steffen Seibert. La canciller alemana se alegra de trabajar con la futura\" \/>\n\t<meta name=\"robots\" content=\"max-image-preview:large\" \/>\n\t<meta name=\"author\" content=\"Cand\u00e1s 365\"\/>\n\t<meta name=\"google-site-verification\" content=\"UA-32230408-1\" \/>\n\t<meta name=\"msvalidate.01\" content=\"354F3CDFB2DA171B47FBE9ABF1F88D5\" \/>\n\t<meta name=\"keywords\" content=\"actualidad\" \/>\n\t<link rel=\"canonical\" href=\"https:\/\/candas365.es\/noticias\/merkel-sin-nuevas-expectativas-sobre-brexit-ya-se-ha-dicho-todo\/\" \/>\n\t<meta name=\"generator\" content=\"All in One SEO Pro (AIOSEO) 4.9.6.2\" \/>\n\t\t<meta property=\"og:locale\" content=\"es_ES\" \/>\n\t\t<meta property=\"og:site_name\" content=\"Cand\u00e1s 365\" \/>\n\t\t<meta property=\"og:type\" content=\"article\" \/>\n\t\t<meta property=\"og:title\" content=\"Merkel, sin nuevas expectativas sobre \u00abBrexit\u00bb: \u00abYa se ha dicho todo\u00bb | Cand\u00e1s 365\" \/>\n\t\t<meta property=\"og:description\" content=\"Berl\u00edn, 13 jul (dpa) - La canciller alemana, Angela Merkel, no tiene ninguna expectativa nueva de cara a las negociaciones de la nueva primera ministra brit\u00e1nica, Theresa May, con la Uni\u00f3n Europea (UE) sobre la salida de Reino Unido, inform\u00f3 hoy su portavoz, Steffen Seibert. La canciller alemana se alegra de trabajar con la futura\" \/>\n\t\t<meta property=\"og:url\" content=\"https:\/\/candas365.es\/noticias\/merkel-sin-nuevas-expectativas-sobre-brexit-ya-se-ha-dicho-todo\/\" \/>\n\t\t<meta property=\"og:image\" content=\"https:\/\/candas365.es\/noticias\/wp-content\/uploads\/2015\/08\/merkel.jpg\" \/>\n\t\t<meta property=\"og:image:secure_url\" content=\"https:\/\/candas365.es\/noticias\/wp-content\/uploads\/2015\/08\/merkel.jpg\" \/>\n\t\t<meta property=\"og:image:width\" content=\"655\" \/>\n\t\t<meta property=\"og:image:height\" content=\"360\" \/>\n\t\t<meta property=\"article:published_time\" content=\"2016-07-13T20:44:17+00:00\" \/>\n\t\t<meta property=\"article:modified_time\" content=\"2016-07-13T20:44:17+00:00\" \/>\n\t\t<meta property=\"article:publisher\" content=\"https:\/\/www.facebook.com\/Nachofdezber\" \/>\n\t\t<meta property=\"article:author\" content=\"https:\/\/www.facebook.com\/carrenoactualidad\" \/>\n\t\t<meta name=\"twitter:card\" content=\"summary_large_image\" \/>\n\t\t<meta name=\"twitter:site\" content=\"@NabercoDigital\" \/>\n\t\t<meta name=\"twitter:title\" content=\"Merkel, sin nuevas expectativas sobre \u00abBrexit\u00bb: \u00abYa se ha dicho todo\u00bb | Cand\u00e1s 365\" \/>\n\t\t<meta name=\"twitter:description\" content=\"Berl\u00edn, 13 jul (dpa) - La canciller alemana, Angela Merkel, no tiene ninguna expectativa nueva de cara a las negociaciones de la nueva primera ministra brit\u00e1nica, Theresa May, con la Uni\u00f3n Europea (UE) sobre la salida de Reino Unido, inform\u00f3 hoy su portavoz, Steffen Seibert. La canciller alemana se alegra de trabajar con la futura\" \/>\n\t\t<meta name=\"twitter:creator\" content=\"@nbasturias\" \/>\n\t\t<meta name=\"twitter:image\" content=\"https:\/\/candas365.es\/noticias\/wp-content\/uploads\/2015\/08\/merkel.jpg\" \/>\n\t\t<meta name=\"twitter:label1\" content=\"Escrito por\" \/>\n\t\t<meta name=\"twitter:data1\" content=\"Cand\u00e1s 365\" \/>\n\t\t<meta name=\"twitter:label2\" content=\"Tiempo de lectura estimado\" \/>\n\t\t<meta name=\"twitter:data2\" content=\"1 minuto\" \/>\n\t\t<script type=\"application\/ld+json\" class=\"aioseo-schema\">\n\t\t\t{\"@context\":\"https:\\\/\\\/schema.org\",\"@graph\":[{\"@type\":\"BreadcrumbList\",\"@id\":\"https:\\\/\\\/candas365.es\\\/noticias\\\/merkel-sin-nuevas-expectativas-sobre-brexit-ya-se-ha-dicho-todo\\\/#breadcrumblist\",\"itemListElement\":[{\"@type\":\"ListItem\",\"@id\":\"https:\\\/\\\/candas365.es\\\/noticias#listItem\",\"position\":1,\"name\":\"Home\",\"item\":\"https:\\\/\\\/candas365.es\\\/noticias\",\"nextItem\":{\"@type\":\"ListItem\",\"@id\":\"https:\\\/\\\/candas365.es\\\/noticias\\\/category\\\/actualidad\\\/#listItem\",\"name\":\"Actualidad\"}},{\"@type\":\"ListItem\",\"@id\":\"https:\\\/\\\/candas365.es\\\/noticias\\\/category\\\/actualidad\\\/#listItem\",\"position\":2,\"name\":\"Actualidad\",\"item\":\"https:\\\/\\\/candas365.es\\\/noticias\\\/category\\\/actualidad\\\/\",\"nextItem\":{\"@type\":\"ListItem\",\"@id\":\"https:\\\/\\\/candas365.es\\\/noticias\\\/merkel-sin-nuevas-expectativas-sobre-brexit-ya-se-ha-dicho-todo\\\/#listItem\",\"name\":\"Merkel, sin nuevas expectativas sobre \\u00abBrexit\\u00bb: \\u00abYa se ha dicho todo\\u00bb\"},\"previousItem\":{\"@type\":\"ListItem\",\"@id\":\"https:\\\/\\\/candas365.es\\\/noticias#listItem\",\"name\":\"Home\"}},{\"@type\":\"ListItem\",\"@id\":\"https:\\\/\\\/candas365.es\\\/noticias\\\/merkel-sin-nuevas-expectativas-sobre-brexit-ya-se-ha-dicho-todo\\\/#listItem\",\"position\":3,\"name\":\"Merkel, sin nuevas expectativas sobre \\u00abBrexit\\u00bb: \\u00abYa se ha dicho todo\\u00bb\",\"previousItem\":{\"@type\":\"ListItem\",\"@id\":\"https:\\\/\\\/candas365.es\\\/noticias\\\/category\\\/actualidad\\\/#listItem\",\"name\":\"Actualidad\"}}]},{\"@type\":\"NewsArticle\",\"@id\":\"https:\\\/\\\/candas365.es\\\/noticias\\\/merkel-sin-nuevas-expectativas-sobre-brexit-ya-se-ha-dicho-todo\\\/#newsarticle\",\"name\":\"Merkel, sin nuevas expectativas sobre \\u00abBrexit\\u00bb: \\u00abYa se ha dicho todo\\u00bb | Cand\\u00e1s 365\",\"headline\":\"Merkel, sin nuevas expectativas sobre \\u00abBrexit\\u00bb: \\u00abYa se ha dicho todo\\u00bb\",\"author\":{\"@id\":\"https:\\\/\\\/candas365.es\\\/noticias\\\/author\\\/admin\\\/#author\"},\"publisher\":{\"@id\":\"https:\\\/\\\/candas365.es\\\/noticias\\\/#organization\"},\"image\":{\"@type\":\"ImageObject\",\"url\":\"https:\\\/\\\/candas365.es\\\/noticias\\\/wp-content\\\/uploads\\\/2015\\\/08\\\/merkel.jpg\",\"width\":655,\"height\":360},\"datePublished\":\"2016-07-13T22:14:17+02:00\",\"dateModified\":\"2016-07-13T22:14:17+02:00\",\"inLanguage\":\"es-ES\",\"mainEntityOfPage\":{\"@id\":\"https:\\\/\\\/candas365.es\\\/noticias\\\/merkel-sin-nuevas-expectativas-sobre-brexit-ya-se-ha-dicho-todo\\\/#webpage\"},\"isPartOf\":{\"@id\":\"https:\\\/\\\/candas365.es\\\/noticias\\\/merkel-sin-nuevas-expectativas-sobre-brexit-ya-se-ha-dicho-todo\\\/#webpage\"},\"articleSection\":\"Actualidad\",\"dateline\":\"Publicado el julio 13, 2016.\"},{\"@type\":\"Organization\",\"@id\":\"https:\\\/\\\/candas365.es\\\/noticias\\\/#organization\",\"name\":\"Cand\\u00e1s 365\",\"description\":\"Cand\\u00e1s 365 es un diario digital independiente, fundado en 2012, con base en Asturias. Informamos con rigor sobre actualidad, sociedad, cultura y ocio, con una mirada local y global.\",\"url\":\"https:\\\/\\\/candas365.es\\\/noticias\\\/\",\"email\":\"info@candas365.es\",\"telephone\":\"+34652131393\",\"foundingDate\":\"2012-06-10\",\"logo\":{\"@type\":\"ImageObject\",\"url\":\"https:\\\/\\\/candas365.es\\\/noticias\\\/wp-content\\\/uploads\\\/2024\\\/09\\\/Candas-365-Redes.jpg\",\"@id\":\"https:\\\/\\\/candas365.es\\\/noticias\\\/merkel-sin-nuevas-expectativas-sobre-brexit-ya-se-ha-dicho-todo\\\/#organizationLogo\",\"width\":1152,\"height\":864,\"caption\":\"Cand\\u00e1s 365 Redes\"},\"image\":{\"@id\":\"https:\\\/\\\/candas365.es\\\/noticias\\\/merkel-sin-nuevas-expectativas-sobre-brexit-ya-se-ha-dicho-todo\\\/#organizationLogo\"},\"sameAs\":[\"https:\\\/\\\/www.facebook.com\\\/Nachofdezber\",\"https:\\\/\\\/x.com\\\/NabercoDigital\",\"https:\\\/\\\/www.instagram.com\\\/nachofdezber\\\/\",\"https:\\\/\\\/www.youtube.com\\\/channel\\\/UCZP-2wLEB9Rv6erhFmqVnvg\"],\"address\":{\"@id\":\"https:\\\/\\\/candas365.es\\\/noticias\\\/#postaladdress\",\"@type\":\"PostalAddress\",\"streetAddress\":\"san antonio 4, san antonio 4\",\"postalCode\":\"33430\",\"addressLocality\":\"Cand\\u00e1s\",\"addressRegion\":\"Asturias\",\"addressCountry\":\"ES\"}},{\"@type\":\"Person\",\"@id\":\"https:\\\/\\\/candas365.es\\\/noticias\\\/author\\\/admin\\\/#author\",\"url\":\"https:\\\/\\\/candas365.es\\\/noticias\\\/author\\\/admin\\\/\",\"name\":\"Cand\\u00e1s 365\",\"image\":{\"@type\":\"ImageObject\",\"@id\":\"https:\\\/\\\/candas365.es\\\/noticias\\\/merkel-sin-nuevas-expectativas-sobre-brexit-ya-se-ha-dicho-todo\\\/#authorImage\",\"url\":\"https:\\\/\\\/secure.gravatar.com\\\/avatar\\\/496a8e03d0c493ede1718b7934145dbdf8d89be1036b0eec9544e1094c9de390?s=96&d=mm&r=g\",\"width\":96,\"height\":96,\"caption\":\"Cand\\u00e1s 365\"},\"sameAs\":[\"https:\\\/\\\/www.facebook.com\\\/carrenoactualidad\",\"https:\\\/\\\/twitter.com\\\/nbasturias\",\"https:\\\/\\\/www.instagram.com\\\/nachofdezber\\\/\",\"https:\\\/\\\/www.youtube.com\\\/channel\\\/UCZP-2wLEB9Rv6erhFmqVnvg\"]},{\"@type\":\"WebPage\",\"@id\":\"https:\\\/\\\/candas365.es\\\/noticias\\\/merkel-sin-nuevas-expectativas-sobre-brexit-ya-se-ha-dicho-todo\\\/#webpage\",\"url\":\"https:\\\/\\\/candas365.es\\\/noticias\\\/merkel-sin-nuevas-expectativas-sobre-brexit-ya-se-ha-dicho-todo\\\/\",\"name\":\"Merkel, sin nuevas expectativas sobre \\u00abBrexit\\u00bb: \\u00abYa se ha dicho todo\\u00bb | Cand\\u00e1s 365\",\"description\":\"Berl\\u00edn, 13 jul (dpa) - La canciller alemana, Angela Merkel, no tiene ninguna expectativa nueva de cara a las negociaciones de la nueva primera ministra brit\\u00e1nica, Theresa May, con la Uni\\u00f3n Europea (UE) sobre la salida de Reino Unido, inform\\u00f3 hoy su portavoz, Steffen Seibert. La canciller alemana se alegra de trabajar con la futura\",\"inLanguage\":\"es-ES\",\"isPartOf\":{\"@id\":\"https:\\\/\\\/candas365.es\\\/noticias\\\/#website\"},\"breadcrumb\":{\"@id\":\"https:\\\/\\\/candas365.es\\\/noticias\\\/merkel-sin-nuevas-expectativas-sobre-brexit-ya-se-ha-dicho-todo\\\/#breadcrumblist\"},\"author\":{\"@id\":\"https:\\\/\\\/candas365.es\\\/noticias\\\/author\\\/admin\\\/#author\"},\"creator\":{\"@id\":\"https:\\\/\\\/candas365.es\\\/noticias\\\/author\\\/admin\\\/#author\"},\"image\":{\"@type\":\"ImageObject\",\"url\":\"https:\\\/\\\/candas365.es\\\/noticias\\\/wp-content\\\/uploads\\\/2015\\\/08\\\/merkel.jpg\",\"@id\":\"https:\\\/\\\/candas365.es\\\/noticias\\\/merkel-sin-nuevas-expectativas-sobre-brexit-ya-se-ha-dicho-todo\\\/#mainImage\",\"width\":655,\"height\":360},\"primaryImageOfPage\":{\"@id\":\"https:\\\/\\\/candas365.es\\\/noticias\\\/merkel-sin-nuevas-expectativas-sobre-brexit-ya-se-ha-dicho-todo\\\/#mainImage\"},\"datePublished\":\"2016-07-13T22:14:17+02:00\",\"dateModified\":\"2016-07-13T22:14:17+02:00\"},{\"@type\":\"WebSite\",\"@id\":\"https:\\\/\\\/candas365.es\\\/noticias\\\/#website\",\"url\":\"https:\\\/\\\/candas365.es\\\/noticias\\\/\",\"name\":\"Cand\\u00e1s 365\",\"alternateName\":\"Cand\\u00e1s 365 Noticias\",\"description\":\"Actualidad desde Carre\\u00f1o para el mundo\",\"inLanguage\":\"es-ES\",\"publisher\":{\"@id\":\"https:\\\/\\\/candas365.es\\\/noticias\\\/#organization\"}}]}\n\t\t<\/script>\n\t\t<!-- All in One SEO Pro -->\r\n\t\t<title>Merkel, sin nuevas expectativas sobre \u00abBrexit\u00bb: \u00abYa se ha dicho todo\u00bb | Cand\u00e1s 365<\/title>\n\n","aioseo_head_json":{"title":"Merkel, sin nuevas expectativas sobre \u00abBrexit\u00bb: \u00abYa se ha dicho todo\u00bb | Cand\u00e1s 365","description":"Berl\u00edn, 13 jul (dpa) - La canciller alemana, Angela Merkel, no tiene ninguna expectativa nueva de cara a las negociaciones de la nueva primera ministra brit\u00e1nica, Theresa May, con la Uni\u00f3n Europea (UE) sobre la salida de Reino Unido, inform\u00f3 hoy su portavoz, Steffen Seibert. La canciller alemana se alegra de trabajar con la futura","canonical_url":"https:\/\/candas365.es\/noticias\/merkel-sin-nuevas-expectativas-sobre-brexit-ya-se-ha-dicho-todo\/","robots":"max-image-preview:large","keywords":"actualidad","webmasterTools":{"google-site-verification":"UA-32230408-1","msvalidate.01":"354F3CDFB2DA171B47FBE9ABF1F88D5","miscellaneous":""},"schema":{"@context":"https:\/\/schema.org","@graph":[{"@type":"BreadcrumbList","@id":"https:\/\/candas365.es\/noticias\/merkel-sin-nuevas-expectativas-sobre-brexit-ya-se-ha-dicho-todo\/#breadcrumblist","itemListElement":[{"@type":"ListItem","@id":"https:\/\/candas365.es\/noticias#listItem","position":1,"name":"Home","item":"https:\/\/candas365.es\/noticias","nextItem":{"@type":"ListItem","@id":"https:\/\/candas365.es\/noticias\/category\/actualidad\/#listItem","name":"Actualidad"}},{"@type":"ListItem","@id":"https:\/\/candas365.es\/noticias\/category\/actualidad\/#listItem","position":2,"name":"Actualidad","item":"https:\/\/candas365.es\/noticias\/category\/actualidad\/","nextItem":{"@type":"ListItem","@id":"https:\/\/candas365.es\/noticias\/merkel-sin-nuevas-expectativas-sobre-brexit-ya-se-ha-dicho-todo\/#listItem","name":"Merkel, sin nuevas expectativas sobre \u00abBrexit\u00bb: \u00abYa se ha dicho todo\u00bb"},"previousItem":{"@type":"ListItem","@id":"https:\/\/candas365.es\/noticias#listItem","name":"Home"}},{"@type":"ListItem","@id":"https:\/\/candas365.es\/noticias\/merkel-sin-nuevas-expectativas-sobre-brexit-ya-se-ha-dicho-todo\/#listItem","position":3,"name":"Merkel, sin nuevas expectativas sobre \u00abBrexit\u00bb: \u00abYa se ha dicho todo\u00bb","previousItem":{"@type":"ListItem","@id":"https:\/\/candas365.es\/noticias\/category\/actualidad\/#listItem","name":"Actualidad"}}]},{"@type":"NewsArticle","@id":"https:\/\/candas365.es\/noticias\/merkel-sin-nuevas-expectativas-sobre-brexit-ya-se-ha-dicho-todo\/#newsarticle","name":"Merkel, sin nuevas expectativas sobre \u00abBrexit\u00bb: \u00abYa se ha dicho todo\u00bb | Cand\u00e1s 365","headline":"Merkel, sin nuevas expectativas sobre \u00abBrexit\u00bb: \u00abYa se ha dicho todo\u00bb","author":{"@id":"https:\/\/candas365.es\/noticias\/author\/admin\/#author"},"publisher":{"@id":"https:\/\/candas365.es\/noticias\/#organization"},"image":{"@type":"ImageObject","url":"https:\/\/candas365.es\/noticias\/wp-content\/uploads\/2015\/08\/merkel.jpg","width":655,"height":360},"datePublished":"2016-07-13T22:14:17+02:00","dateModified":"2016-07-13T22:14:17+02:00","inLanguage":"es-ES","mainEntityOfPage":{"@id":"https:\/\/candas365.es\/noticias\/merkel-sin-nuevas-expectativas-sobre-brexit-ya-se-ha-dicho-todo\/#webpage"},"isPartOf":{"@id":"https:\/\/candas365.es\/noticias\/merkel-sin-nuevas-expectativas-sobre-brexit-ya-se-ha-dicho-todo\/#webpage"},"articleSection":"Actualidad","dateline":"Publicado el julio 13, 2016."},{"@type":"Organization","@id":"https:\/\/candas365.es\/noticias\/#organization","name":"Cand\u00e1s 365","description":"Cand\u00e1s 365 es un diario digital independiente, fundado en 2012, con base en Asturias. Informamos con rigor sobre actualidad, sociedad, cultura y ocio, con una mirada local y global.","url":"https:\/\/candas365.es\/noticias\/","email":"info@candas365.es","telephone":"+34652131393","foundingDate":"2012-06-10","logo":{"@type":"ImageObject","url":"https:\/\/candas365.es\/noticias\/wp-content\/uploads\/2024\/09\/Candas-365-Redes.jpg","@id":"https:\/\/candas365.es\/noticias\/merkel-sin-nuevas-expectativas-sobre-brexit-ya-se-ha-dicho-todo\/#organizationLogo","width":1152,"height":864,"caption":"Cand\u00e1s 365 Redes"},"image":{"@id":"https:\/\/candas365.es\/noticias\/merkel-sin-nuevas-expectativas-sobre-brexit-ya-se-ha-dicho-todo\/#organizationLogo"},"sameAs":["https:\/\/www.facebook.com\/Nachofdezber","https:\/\/x.com\/NabercoDigital","https:\/\/www.instagram.com\/nachofdezber\/","https:\/\/www.youtube.com\/channel\/UCZP-2wLEB9Rv6erhFmqVnvg"],"address":{"@id":"https:\/\/candas365.es\/noticias\/#postaladdress","@type":"PostalAddress","streetAddress":"san antonio 4, san antonio 4","postalCode":"33430","addressLocality":"Cand\u00e1s","addressRegion":"Asturias","addressCountry":"ES"}},{"@type":"Person","@id":"https:\/\/candas365.es\/noticias\/author\/admin\/#author","url":"https:\/\/candas365.es\/noticias\/author\/admin\/","name":"Cand\u00e1s 365","image":{"@type":"ImageObject","@id":"https:\/\/candas365.es\/noticias\/merkel-sin-nuevas-expectativas-sobre-brexit-ya-se-ha-dicho-todo\/#authorImage","url":"https:\/\/secure.gravatar.com\/avatar\/496a8e03d0c493ede1718b7934145dbdf8d89be1036b0eec9544e1094c9de390?s=96&d=mm&r=g","width":96,"height":96,"caption":"Cand\u00e1s 365"},"sameAs":["https:\/\/www.facebook.com\/carrenoactualidad","https:\/\/twitter.com\/nbasturias","https:\/\/www.instagram.com\/nachofdezber\/","https:\/\/www.youtube.com\/channel\/UCZP-2wLEB9Rv6erhFmqVnvg"]},{"@type":"WebPage","@id":"https:\/\/candas365.es\/noticias\/merkel-sin-nuevas-expectativas-sobre-brexit-ya-se-ha-dicho-todo\/#webpage","url":"https:\/\/candas365.es\/noticias\/merkel-sin-nuevas-expectativas-sobre-brexit-ya-se-ha-dicho-todo\/","name":"Merkel, sin nuevas expectativas sobre \u00abBrexit\u00bb: \u00abYa se ha dicho todo\u00bb | Cand\u00e1s 365","description":"Berl\u00edn, 13 jul (dpa) - La canciller alemana, Angela Merkel, no tiene ninguna expectativa nueva de cara a las negociaciones de la nueva primera ministra brit\u00e1nica, Theresa May, con la Uni\u00f3n Europea (UE) sobre la salida de Reino Unido, inform\u00f3 hoy su portavoz, Steffen Seibert. La canciller alemana se alegra de trabajar con la futura","inLanguage":"es-ES","isPartOf":{"@id":"https:\/\/candas365.es\/noticias\/#website"},"breadcrumb":{"@id":"https:\/\/candas365.es\/noticias\/merkel-sin-nuevas-expectativas-sobre-brexit-ya-se-ha-dicho-todo\/#breadcrumblist"},"author":{"@id":"https:\/\/candas365.es\/noticias\/author\/admin\/#author"},"creator":{"@id":"https:\/\/candas365.es\/noticias\/author\/admin\/#author"},"image":{"@type":"ImageObject","url":"https:\/\/candas365.es\/noticias\/wp-content\/uploads\/2015\/08\/merkel.jpg","@id":"https:\/\/candas365.es\/noticias\/merkel-sin-nuevas-expectativas-sobre-brexit-ya-se-ha-dicho-todo\/#mainImage","width":655,"height":360},"primaryImageOfPage":{"@id":"https:\/\/candas365.es\/noticias\/merkel-sin-nuevas-expectativas-sobre-brexit-ya-se-ha-dicho-todo\/#mainImage"},"datePublished":"2016-07-13T22:14:17+02:00","dateModified":"2016-07-13T22:14:17+02:00"},{"@type":"WebSite","@id":"https:\/\/candas365.es\/noticias\/#website","url":"https:\/\/candas365.es\/noticias\/","name":"Cand\u00e1s 365","alternateName":"Cand\u00e1s 365 Noticias","description":"Actualidad desde Carre\u00f1o para el mundo","inLanguage":"es-ES","publisher":{"@id":"https:\/\/candas365.es\/noticias\/#organization"}}]},"og:locale":"es_ES","og:site_name":"Cand\u00e1s 365","og:type":"article","og:title":"Merkel, sin nuevas expectativas sobre \u00abBrexit\u00bb: \u00abYa se ha dicho todo\u00bb | Cand\u00e1s 365","og:description":"Berl\u00edn, 13 jul (dpa) - La canciller alemana, Angela Merkel, no tiene ninguna expectativa nueva de cara a las negociaciones de la nueva primera ministra brit\u00e1nica, Theresa May, con la Uni\u00f3n Europea (UE) sobre la salida de Reino Unido, inform\u00f3 hoy su portavoz, Steffen Seibert. La canciller alemana se alegra de trabajar con la futura","og:url":"https:\/\/candas365.es\/noticias\/merkel-sin-nuevas-expectativas-sobre-brexit-ya-se-ha-dicho-todo\/","og:image":"https:\/\/candas365.es\/noticias\/wp-content\/uploads\/2015\/08\/merkel.jpg","og:image:secure_url":"https:\/\/candas365.es\/noticias\/wp-content\/uploads\/2015\/08\/merkel.jpg","og:image:width":655,"og:image:height":360,"article:published_time":"2016-07-13T20:44:17+00:00","article:modified_time":"2016-07-13T20:44:17+00:00","article:publisher":"https:\/\/www.facebook.com\/Nachofdezber","article:author":"https:\/\/www.facebook.com\/carrenoactualidad","twitter:card":"summary_large_image","twitter:site":"@NabercoDigital","twitter:title":"Merkel, sin nuevas expectativas sobre \u00abBrexit\u00bb: \u00abYa se ha dicho todo\u00bb | Cand\u00e1s 365","twitter:description":"Berl\u00edn, 13 jul (dpa) - La canciller alemana, Angela Merkel, no tiene ninguna expectativa nueva de cara a las negociaciones de la nueva primera ministra brit\u00e1nica, Theresa May, con la Uni\u00f3n Europea (UE) sobre la salida de Reino Unido, inform\u00f3 hoy su portavoz, Steffen Seibert. La canciller alemana se alegra de trabajar con la futura","twitter:creator":"@nbasturias","twitter:image":"https:\/\/candas365.es\/noticias\/wp-content\/uploads\/2015\/08\/merkel.jpg","twitter:label1":"Escrito por","twitter:data1":"Cand\u00e1s 365","twitter:label2":"Tiempo de lectura estimado","twitter:data2":"1 minuto"},"aioseo_meta_data":{"post_id":"31959","title":null,"description":null,"keywords":null,"keyphrases":null,"primary_term":null,"canonical_url":null,"og_title":null,"og_description":null,"og_object_type":"default","og_image_type":"default","og_image_url":null,"og_image_width":null,"og_image_height":null,"og_image_custom_url":null,"og_image_custom_fields":null,"og_video":null,"og_custom_url":null,"og_article_section":null,"og_article_tags":null,"twitter_use_og":false,"twitter_card":"default","twitter_image_type":"default","twitter_image_url":null,"twitter_image_custom_url":null,"twitter_image_custom_fields":null,"twitter_title":null,"twitter_description":null,"schema":{"blockGraphs":[],"customGraphs":[],"default":{"data":{"Article":[],"Course":[],"Dataset":[],"FAQPage":[],"Movie":[],"Person":[],"Product":[],"ProductReview":[],"Car":[],"Recipe":[],"Service":[],"SoftwareApplication":[],"WebPage":[]},"graphName":"","isEnabled":true},"graphs":[],"defaultGraph":"","defaultPostTypeGraph":""},"schema_type":null,"schema_type_options":null,"pillar_content":false,"robots_default":true,"robots_noindex":false,"robots_noarchive":false,"robots_nosnippet":false,"robots_nofollow":false,"robots_noimageindex":false,"robots_noodp":false,"robots_notranslate":false,"robots_max_snippet":null,"robots_max_videopreview":null,"robots_max_imagepreview":"large","priority":null,"frequency":null,"location":null,"local_seo":null,"seo_analyzer_scan_date":"2025-08-24 14:39:17","breadcrumb_settings":null,"limit_modified_date":false,"reviewed_by":null,"open_ai":null,"ai":null,"created":"2020-12-21 13:02:21","updated":"2025-08-24 14:39:17"},"aioseo_breadcrumb":"<div class=\"aioseo-breadcrumbs\"><span class=\"aioseo-breadcrumb\">\n\t<a href=\"https:\/\/candas365.es\/noticias\" title=\"Home\">Home<\/a>\n<\/span><span class=\"aioseo-breadcrumb-separator\">&ndash;<\/span><span class=\"aioseo-breadcrumb\">\n\t<a href=\"https:\/\/candas365.es\/noticias\/category\/actualidad\/\" title=\"Actualidad\">Actualidad<\/a>\n<\/span><span class=\"aioseo-breadcrumb-separator\">&ndash;<\/span><span class=\"aioseo-breadcrumb\">\n\tMerkel, sin nuevas expectativas sobre \u00abBrexit\u00bb: \u00abYa se ha dicho todo\u00bb\n<\/span><\/div>","aioseo_breadcrumb_json":[{"label":"Home","link":"https:\/\/candas365.es\/noticias"},{"label":"Actualidad","link":"https:\/\/candas365.es\/noticias\/category\/actualidad\/"},{"label":"Merkel, sin nuevas expectativas sobre \u00abBrexit\u00bb: \u00abYa se ha dicho todo\u00bb","link":"https:\/\/candas365.es\/noticias\/merkel-sin-nuevas-expectativas-sobre-brexit-ya-se-ha-dicho-todo\/"}],"_links":{"self":[{"href":"https:\/\/candas365.es\/noticias\/wp-json\/wp\/v2\/posts\/31959","targetHints":{"allow":["GET"]}}],"collection":[{"href":"https:\/\/candas365.es\/noticias\/wp-json\/wp\/v2\/posts"}],"about":[{"href":"https:\/\/candas365.es\/noticias\/wp-json\/wp\/v2\/types\/post"}],"author":[{"embeddable":true,"href":"https:\/\/candas365.es\/noticias\/wp-json\/wp\/v2\/users\/1"}],"replies":[{"embeddable":true,"href":"https:\/\/candas365.es\/noticias\/wp-json\/wp\/v2\/comments?post=31959"}],"version-history":[{"count":0,"href":"https:\/\/candas365.es\/noticias\/wp-json\/wp\/v2\/posts\/31959\/revisions"}],"wp:featuredmedia":[{"embeddable":true,"href":"https:\/\/candas365.es\/noticias\/wp-json\/wp\/v2\/media\/14622"}],"wp:attachment":[{"href":"https:\/\/candas365.es\/noticias\/wp-json\/wp\/v2\/media?parent=31959"}],"wp:term":[{"taxonomy":"category","embeddable":true,"href":"https:\/\/candas365.es\/noticias\/wp-json\/wp\/v2\/categories?post=31959"},{"taxonomy":"post_tag","embeddable":true,"href":"https:\/\/candas365.es\/noticias\/wp-json\/wp\/v2\/tags?post=31959"}],"curies":[{"name":"wp","href":"https:\/\/api.w.org\/{rel}","templated":true}]}}