{"id":31955,"date":"2016-07-13T22:11:08","date_gmt":"2016-07-13T20:41:08","guid":{"rendered":"http:\/\/candas365.es\/noticias\/?p=31955"},"modified":"2016-07-13T22:11:08","modified_gmt":"2016-07-13T20:41:08","slug":"berlin-acuerda-papel-mas-global-del-pais-en-politica-de-seguridad","status":"publish","type":"post","link":"https:\/\/candas365.es\/noticias\/berlin-acuerda-papel-mas-global-del-pais-en-politica-de-seguridad\/","title":{"rendered":"Berl\u00edn acuerda papel m\u00e1s \u00abglobal\u00bb del pa\u00eds en pol\u00edtica de seguridad"},"content":{"rendered":"<p>Berl\u00edn, 13 jul (dpa) &#8211; El Gobierno de Alemania reformul\u00f3 hoy su pol\u00edtica de seguridad y aprob\u00f3 la posibilidad de que el Ej\u00e9rcito germano act\u00fae en caso de atentados terroristas en el pa\u00eds, abrir la instituci\u00f3n a extranjeros de la Uni\u00f3n Europea (UE) y m\u00e1s responsabilidad en la OTAN.<\/p>\n<p>El Ejecutivo acord\u00f3 hoy la revisi\u00f3n del conocido como \u00abLibro Blanco\u00bb que re\u00fane las directrices en pol\u00edtica de seguridad y que incluye un papel m\u00e1s activo de Alemania en el mundo. \u00abEl horizonte de pol\u00edtica de seguridad de Alemania es global\u00bb, escribieron los expertos en el libro de 83 p\u00e1ginas, que revisa el adoptado en 2006.<\/p>\n<p>Para las misiones del Ej\u00e9rcito alem\u00e1n en el interior del pa\u00eds no ser\u00e1 necesario modificar la Constituci\u00f3n, algo a lo que se opon\u00eda firmemente el Partido Socialdem\u00f3crata (SPD). El nuevo \u00abLibro Blanco\u00bb deja claro que las misiones de los soldados en \u00abgrandes situaciones de terrorismo\u00bb deben ser conforme a la Constituci\u00f3n.<\/p>\n<p>Otra de las novedades es la apertura del Ej\u00e9rcito alem\u00e1n a ciudadanos de pa\u00edses de la UE. Hasta ahora s\u00f3lo los alemanes pod\u00edan convertirse en soldados. No obstante, la Asociaci\u00f3n del Ej\u00e9rcito alem\u00e1n rechaz\u00f3 dicha apertura.<\/p>\n<p>El nuevo \u00abLibro Blanco\u00bb tiene en cuenta la crisis de Ucrania, que desencaden\u00f3 tensiones con Rusia, el avance de la organizaci\u00f3n terrorista Estado Isl\u00e1mico (EI) y el creciente peligro de ataques a trav\u00e9s de Internet. Sustituye al aprobado en 2006 con el que el Gobierno alem\u00e1n reaccion\u00f3 al cambio de la situaci\u00f3n de seguridad tras los atentados del 11 de septiembre de 2001 en los Estados Unidos. Desde 1969 se han aprobado once \u00abLibros Blancos\u00bb.<\/p>\n<p>&nbsp;<\/p>\n","protected":false},"excerpt":{"rendered":"<p>Berl\u00edn, 13 jul (dpa) &#8211; El Gobierno de Alemania reformul\u00f3 hoy su pol\u00edtica de seguridad y aprob\u00f3 la posibilidad de que el Ej\u00e9rcito germano act\u00fae en caso de atentados terroristas en el pa\u00eds, abrir la instituci\u00f3n a extranjeros de la Uni\u00f3n Europea (UE) y m\u00e1s responsabilidad en la OTAN. El Ejecutivo acord\u00f3 hoy la revisi\u00f3n<\/p>\n","protected":false},"author":1,"featured_media":16457,"comment_status":"closed","ping_status":"closed","sticky":false,"template":"","format":"standard","meta":{"footnotes":""},"categories":[343],"tags":[],"class_list":{"0":"post-31955","1":"post","2":"type-post","3":"status-publish","4":"format-standard","5":"has-post-thumbnail","7":"category-actualidad"},"aioseo_notices":[],"aioseo_head":"\n\t\t<!-- All in One SEO Pro 4.9.6.2 - aioseo.com -->\n\t<meta name=\"description\" content=\"Berl\u00edn, 13 jul (dpa) - El Gobierno de Alemania reformul\u00f3 hoy su pol\u00edtica de seguridad y aprob\u00f3 la posibilidad de que el Ej\u00e9rcito germano act\u00fae en caso de atentados terroristas en el pa\u00eds, abrir la instituci\u00f3n a extranjeros de la Uni\u00f3n Europea (UE) y m\u00e1s responsabilidad en la OTAN. El Ejecutivo acord\u00f3 hoy la revisi\u00f3n\" \/>\n\t<meta name=\"robots\" content=\"max-image-preview:large\" \/>\n\t<meta name=\"author\" content=\"Cand\u00e1s 365\"\/>\n\t<meta name=\"google-site-verification\" content=\"UA-32230408-1\" \/>\n\t<meta name=\"msvalidate.01\" content=\"354F3CDFB2DA171B47FBE9ABF1F88D5\" \/>\n\t<meta name=\"keywords\" content=\"actualidad\" \/>\n\t<link rel=\"canonical\" href=\"https:\/\/candas365.es\/noticias\/berlin-acuerda-papel-mas-global-del-pais-en-politica-de-seguridad\/\" \/>\n\t<meta name=\"generator\" content=\"All in One SEO Pro (AIOSEO) 4.9.6.2\" \/>\n\t\t<meta property=\"og:locale\" content=\"es_ES\" \/>\n\t\t<meta property=\"og:site_name\" content=\"Cand\u00e1s 365\" \/>\n\t\t<meta property=\"og:type\" content=\"article\" \/>\n\t\t<meta property=\"og:title\" content=\"Berl\u00edn acuerda papel m\u00e1s \u00abglobal\u00bb del pa\u00eds en pol\u00edtica de seguridad | Cand\u00e1s 365\" \/>\n\t\t<meta property=\"og:description\" content=\"Berl\u00edn, 13 jul (dpa) - El Gobierno de Alemania reformul\u00f3 hoy su pol\u00edtica de seguridad y aprob\u00f3 la posibilidad de que el Ej\u00e9rcito germano act\u00fae en caso de atentados terroristas en el pa\u00eds, abrir la instituci\u00f3n a extranjeros de la Uni\u00f3n Europea (UE) y m\u00e1s responsabilidad en la OTAN. El Ejecutivo acord\u00f3 hoy la revisi\u00f3n\" \/>\n\t\t<meta property=\"og:url\" content=\"https:\/\/candas365.es\/noticias\/berlin-acuerda-papel-mas-global-del-pais-en-politica-de-seguridad\/\" \/>\n\t\t<meta property=\"og:image\" content=\"https:\/\/candas365.es\/noticias\/wp-content\/uploads\/2015\/09\/c365noticias.jpg\" \/>\n\t\t<meta property=\"og:image:secure_url\" content=\"https:\/\/candas365.es\/noticias\/wp-content\/uploads\/2015\/09\/c365noticias.jpg\" \/>\n\t\t<meta property=\"og:image:width\" content=\"655\" \/>\n\t\t<meta property=\"og:image:height\" content=\"360\" \/>\n\t\t<meta property=\"article:published_time\" content=\"2016-07-13T20:41:08+00:00\" \/>\n\t\t<meta property=\"article:modified_time\" content=\"2016-07-13T20:41:08+00:00\" \/>\n\t\t<meta property=\"article:publisher\" content=\"https:\/\/www.facebook.com\/Nachofdezber\" \/>\n\t\t<meta property=\"article:author\" content=\"https:\/\/www.facebook.com\/carrenoactualidad\" \/>\n\t\t<meta name=\"twitter:card\" content=\"summary_large_image\" \/>\n\t\t<meta name=\"twitter:site\" content=\"@NabercoDigital\" \/>\n\t\t<meta name=\"twitter:title\" content=\"Berl\u00edn acuerda papel m\u00e1s \u00abglobal\u00bb del pa\u00eds en pol\u00edtica de seguridad | Cand\u00e1s 365\" \/>\n\t\t<meta name=\"twitter:description\" content=\"Berl\u00edn, 13 jul (dpa) - El Gobierno de Alemania reformul\u00f3 hoy su pol\u00edtica de seguridad y aprob\u00f3 la posibilidad de que el Ej\u00e9rcito germano act\u00fae en caso de atentados terroristas en el pa\u00eds, abrir la instituci\u00f3n a extranjeros de la Uni\u00f3n Europea (UE) y m\u00e1s responsabilidad en la OTAN. El Ejecutivo acord\u00f3 hoy la revisi\u00f3n\" \/>\n\t\t<meta name=\"twitter:creator\" content=\"@nbasturias\" \/>\n\t\t<meta name=\"twitter:image\" content=\"https:\/\/candas365.es\/noticias\/wp-content\/uploads\/2015\/09\/c365noticias.jpg\" \/>\n\t\t<meta name=\"twitter:label1\" content=\"Escrito por\" \/>\n\t\t<meta name=\"twitter:data1\" content=\"Cand\u00e1s 365\" \/>\n\t\t<meta name=\"twitter:label2\" content=\"Tiempo de lectura estimado\" \/>\n\t\t<meta name=\"twitter:data2\" content=\"1 minuto\" \/>\n\t\t<script type=\"application\/ld+json\" class=\"aioseo-schema\">\n\t\t\t{\"@context\":\"https:\\\/\\\/schema.org\",\"@graph\":[{\"@type\":\"BreadcrumbList\",\"@id\":\"https:\\\/\\\/candas365.es\\\/noticias\\\/berlin-acuerda-papel-mas-global-del-pais-en-politica-de-seguridad\\\/#breadcrumblist\",\"itemListElement\":[{\"@type\":\"ListItem\",\"@id\":\"https:\\\/\\\/candas365.es\\\/noticias#listItem\",\"position\":1,\"name\":\"Home\",\"item\":\"https:\\\/\\\/candas365.es\\\/noticias\",\"nextItem\":{\"@type\":\"ListItem\",\"@id\":\"https:\\\/\\\/candas365.es\\\/noticias\\\/category\\\/actualidad\\\/#listItem\",\"name\":\"Actualidad\"}},{\"@type\":\"ListItem\",\"@id\":\"https:\\\/\\\/candas365.es\\\/noticias\\\/category\\\/actualidad\\\/#listItem\",\"position\":2,\"name\":\"Actualidad\",\"item\":\"https:\\\/\\\/candas365.es\\\/noticias\\\/category\\\/actualidad\\\/\",\"nextItem\":{\"@type\":\"ListItem\",\"@id\":\"https:\\\/\\\/candas365.es\\\/noticias\\\/berlin-acuerda-papel-mas-global-del-pais-en-politica-de-seguridad\\\/#listItem\",\"name\":\"Berl\\u00edn acuerda papel m\\u00e1s \\u00abglobal\\u00bb del pa\\u00eds en pol\\u00edtica de seguridad\"},\"previousItem\":{\"@type\":\"ListItem\",\"@id\":\"https:\\\/\\\/candas365.es\\\/noticias#listItem\",\"name\":\"Home\"}},{\"@type\":\"ListItem\",\"@id\":\"https:\\\/\\\/candas365.es\\\/noticias\\\/berlin-acuerda-papel-mas-global-del-pais-en-politica-de-seguridad\\\/#listItem\",\"position\":3,\"name\":\"Berl\\u00edn acuerda papel m\\u00e1s \\u00abglobal\\u00bb del pa\\u00eds en pol\\u00edtica de seguridad\",\"previousItem\":{\"@type\":\"ListItem\",\"@id\":\"https:\\\/\\\/candas365.es\\\/noticias\\\/category\\\/actualidad\\\/#listItem\",\"name\":\"Actualidad\"}}]},{\"@type\":\"NewsArticle\",\"@id\":\"https:\\\/\\\/candas365.es\\\/noticias\\\/berlin-acuerda-papel-mas-global-del-pais-en-politica-de-seguridad\\\/#newsarticle\",\"name\":\"Berl\\u00edn acuerda papel m\\u00e1s \\u00abglobal\\u00bb del pa\\u00eds en pol\\u00edtica de seguridad | Cand\\u00e1s 365\",\"headline\":\"Berl\\u00edn acuerda papel m\\u00e1s \\u00abglobal\\u00bb del pa\\u00eds en pol\\u00edtica de seguridad\",\"author\":{\"@id\":\"https:\\\/\\\/candas365.es\\\/noticias\\\/author\\\/admin\\\/#author\"},\"publisher\":{\"@id\":\"https:\\\/\\\/candas365.es\\\/noticias\\\/#organization\"},\"image\":{\"@type\":\"ImageObject\",\"url\":\"https:\\\/\\\/candas365.es\\\/noticias\\\/wp-content\\\/uploads\\\/2015\\\/09\\\/c365noticias.jpg\",\"width\":655,\"height\":360},\"datePublished\":\"2016-07-13T22:11:08+02:00\",\"dateModified\":\"2016-07-13T22:11:08+02:00\",\"inLanguage\":\"es-ES\",\"mainEntityOfPage\":{\"@id\":\"https:\\\/\\\/candas365.es\\\/noticias\\\/berlin-acuerda-papel-mas-global-del-pais-en-politica-de-seguridad\\\/#webpage\"},\"isPartOf\":{\"@id\":\"https:\\\/\\\/candas365.es\\\/noticias\\\/berlin-acuerda-papel-mas-global-del-pais-en-politica-de-seguridad\\\/#webpage\"},\"articleSection\":\"Actualidad\",\"dateline\":\"Publicado el julio 13, 2016.\"},{\"@type\":\"Organization\",\"@id\":\"https:\\\/\\\/candas365.es\\\/noticias\\\/#organization\",\"name\":\"Cand\\u00e1s 365\",\"description\":\"Cand\\u00e1s 365 es un diario digital independiente, fundado en 2012, con base en Asturias. Informamos con rigor sobre actualidad, sociedad, cultura y ocio, con una mirada local y global.\",\"url\":\"https:\\\/\\\/candas365.es\\\/noticias\\\/\",\"email\":\"info@candas365.es\",\"telephone\":\"+34652131393\",\"foundingDate\":\"2012-06-10\",\"logo\":{\"@type\":\"ImageObject\",\"url\":\"https:\\\/\\\/candas365.es\\\/noticias\\\/wp-content\\\/uploads\\\/2024\\\/09\\\/Candas-365-Redes.jpg\",\"@id\":\"https:\\\/\\\/candas365.es\\\/noticias\\\/berlin-acuerda-papel-mas-global-del-pais-en-politica-de-seguridad\\\/#organizationLogo\",\"width\":1152,\"height\":864,\"caption\":\"Cand\\u00e1s 365 Redes\"},\"image\":{\"@id\":\"https:\\\/\\\/candas365.es\\\/noticias\\\/berlin-acuerda-papel-mas-global-del-pais-en-politica-de-seguridad\\\/#organizationLogo\"},\"sameAs\":[\"https:\\\/\\\/www.facebook.com\\\/Nachofdezber\",\"https:\\\/\\\/x.com\\\/NabercoDigital\",\"https:\\\/\\\/www.instagram.com\\\/nachofdezber\\\/\",\"https:\\\/\\\/www.youtube.com\\\/channel\\\/UCZP-2wLEB9Rv6erhFmqVnvg\"],\"address\":{\"@id\":\"https:\\\/\\\/candas365.es\\\/noticias\\\/#postaladdress\",\"@type\":\"PostalAddress\",\"streetAddress\":\"san antonio 4, san antonio 4\",\"postalCode\":\"33430\",\"addressLocality\":\"Cand\\u00e1s\",\"addressRegion\":\"Asturias\",\"addressCountry\":\"ES\"}},{\"@type\":\"Person\",\"@id\":\"https:\\\/\\\/candas365.es\\\/noticias\\\/author\\\/admin\\\/#author\",\"url\":\"https:\\\/\\\/candas365.es\\\/noticias\\\/author\\\/admin\\\/\",\"name\":\"Cand\\u00e1s 365\",\"image\":{\"@type\":\"ImageObject\",\"@id\":\"https:\\\/\\\/candas365.es\\\/noticias\\\/berlin-acuerda-papel-mas-global-del-pais-en-politica-de-seguridad\\\/#authorImage\",\"url\":\"https:\\\/\\\/secure.gravatar.com\\\/avatar\\\/496a8e03d0c493ede1718b7934145dbdf8d89be1036b0eec9544e1094c9de390?s=96&d=mm&r=g\",\"width\":96,\"height\":96,\"caption\":\"Cand\\u00e1s 365\"},\"sameAs\":[\"https:\\\/\\\/www.facebook.com\\\/carrenoactualidad\",\"https:\\\/\\\/twitter.com\\\/nbasturias\",\"https:\\\/\\\/www.instagram.com\\\/nachofdezber\\\/\",\"https:\\\/\\\/www.youtube.com\\\/channel\\\/UCZP-2wLEB9Rv6erhFmqVnvg\"]},{\"@type\":\"WebPage\",\"@id\":\"https:\\\/\\\/candas365.es\\\/noticias\\\/berlin-acuerda-papel-mas-global-del-pais-en-politica-de-seguridad\\\/#webpage\",\"url\":\"https:\\\/\\\/candas365.es\\\/noticias\\\/berlin-acuerda-papel-mas-global-del-pais-en-politica-de-seguridad\\\/\",\"name\":\"Berl\\u00edn acuerda papel m\\u00e1s \\u00abglobal\\u00bb del pa\\u00eds en pol\\u00edtica de seguridad | Cand\\u00e1s 365\",\"description\":\"Berl\\u00edn, 13 jul (dpa) - El Gobierno de Alemania reformul\\u00f3 hoy su pol\\u00edtica de seguridad y aprob\\u00f3 la posibilidad de que el Ej\\u00e9rcito germano act\\u00fae en caso de atentados terroristas en el pa\\u00eds, abrir la instituci\\u00f3n a extranjeros de la Uni\\u00f3n Europea (UE) y m\\u00e1s responsabilidad en la OTAN. El Ejecutivo acord\\u00f3 hoy la revisi\\u00f3n\",\"inLanguage\":\"es-ES\",\"isPartOf\":{\"@id\":\"https:\\\/\\\/candas365.es\\\/noticias\\\/#website\"},\"breadcrumb\":{\"@id\":\"https:\\\/\\\/candas365.es\\\/noticias\\\/berlin-acuerda-papel-mas-global-del-pais-en-politica-de-seguridad\\\/#breadcrumblist\"},\"author\":{\"@id\":\"https:\\\/\\\/candas365.es\\\/noticias\\\/author\\\/admin\\\/#author\"},\"creator\":{\"@id\":\"https:\\\/\\\/candas365.es\\\/noticias\\\/author\\\/admin\\\/#author\"},\"image\":{\"@type\":\"ImageObject\",\"url\":\"https:\\\/\\\/candas365.es\\\/noticias\\\/wp-content\\\/uploads\\\/2015\\\/09\\\/c365noticias.jpg\",\"@id\":\"https:\\\/\\\/candas365.es\\\/noticias\\\/berlin-acuerda-papel-mas-global-del-pais-en-politica-de-seguridad\\\/#mainImage\",\"width\":655,\"height\":360},\"primaryImageOfPage\":{\"@id\":\"https:\\\/\\\/candas365.es\\\/noticias\\\/berlin-acuerda-papel-mas-global-del-pais-en-politica-de-seguridad\\\/#mainImage\"},\"datePublished\":\"2016-07-13T22:11:08+02:00\",\"dateModified\":\"2016-07-13T22:11:08+02:00\"},{\"@type\":\"WebSite\",\"@id\":\"https:\\\/\\\/candas365.es\\\/noticias\\\/#website\",\"url\":\"https:\\\/\\\/candas365.es\\\/noticias\\\/\",\"name\":\"Cand\\u00e1s 365\",\"alternateName\":\"Cand\\u00e1s 365 Noticias\",\"description\":\"Actualidad desde Carre\\u00f1o para el mundo\",\"inLanguage\":\"es-ES\",\"publisher\":{\"@id\":\"https:\\\/\\\/candas365.es\\\/noticias\\\/#organization\"}}]}\n\t\t<\/script>\n\t\t<!-- All in One SEO Pro -->\r\n\t\t<title>Berl\u00edn acuerda papel m\u00e1s \u00abglobal\u00bb del pa\u00eds en pol\u00edtica de seguridad | Cand\u00e1s 365<\/title>\n\n","aioseo_head_json":{"title":"Berl\u00edn acuerda papel m\u00e1s \u00abglobal\u00bb del pa\u00eds en pol\u00edtica de seguridad | Cand\u00e1s 365","description":"Berl\u00edn, 13 jul (dpa) - El Gobierno de Alemania reformul\u00f3 hoy su pol\u00edtica de seguridad y aprob\u00f3 la posibilidad de que el Ej\u00e9rcito germano act\u00fae en caso de atentados terroristas en el pa\u00eds, abrir la instituci\u00f3n a extranjeros de la Uni\u00f3n Europea (UE) y m\u00e1s responsabilidad en la OTAN. El Ejecutivo acord\u00f3 hoy la revisi\u00f3n","canonical_url":"https:\/\/candas365.es\/noticias\/berlin-acuerda-papel-mas-global-del-pais-en-politica-de-seguridad\/","robots":"max-image-preview:large","keywords":"actualidad","webmasterTools":{"google-site-verification":"UA-32230408-1","msvalidate.01":"354F3CDFB2DA171B47FBE9ABF1F88D5","miscellaneous":""},"schema":{"@context":"https:\/\/schema.org","@graph":[{"@type":"BreadcrumbList","@id":"https:\/\/candas365.es\/noticias\/berlin-acuerda-papel-mas-global-del-pais-en-politica-de-seguridad\/#breadcrumblist","itemListElement":[{"@type":"ListItem","@id":"https:\/\/candas365.es\/noticias#listItem","position":1,"name":"Home","item":"https:\/\/candas365.es\/noticias","nextItem":{"@type":"ListItem","@id":"https:\/\/candas365.es\/noticias\/category\/actualidad\/#listItem","name":"Actualidad"}},{"@type":"ListItem","@id":"https:\/\/candas365.es\/noticias\/category\/actualidad\/#listItem","position":2,"name":"Actualidad","item":"https:\/\/candas365.es\/noticias\/category\/actualidad\/","nextItem":{"@type":"ListItem","@id":"https:\/\/candas365.es\/noticias\/berlin-acuerda-papel-mas-global-del-pais-en-politica-de-seguridad\/#listItem","name":"Berl\u00edn acuerda papel m\u00e1s \u00abglobal\u00bb del pa\u00eds en pol\u00edtica de seguridad"},"previousItem":{"@type":"ListItem","@id":"https:\/\/candas365.es\/noticias#listItem","name":"Home"}},{"@type":"ListItem","@id":"https:\/\/candas365.es\/noticias\/berlin-acuerda-papel-mas-global-del-pais-en-politica-de-seguridad\/#listItem","position":3,"name":"Berl\u00edn acuerda papel m\u00e1s \u00abglobal\u00bb del pa\u00eds en pol\u00edtica de seguridad","previousItem":{"@type":"ListItem","@id":"https:\/\/candas365.es\/noticias\/category\/actualidad\/#listItem","name":"Actualidad"}}]},{"@type":"NewsArticle","@id":"https:\/\/candas365.es\/noticias\/berlin-acuerda-papel-mas-global-del-pais-en-politica-de-seguridad\/#newsarticle","name":"Berl\u00edn acuerda papel m\u00e1s \u00abglobal\u00bb del pa\u00eds en pol\u00edtica de seguridad | Cand\u00e1s 365","headline":"Berl\u00edn acuerda papel m\u00e1s \u00abglobal\u00bb del pa\u00eds en pol\u00edtica de seguridad","author":{"@id":"https:\/\/candas365.es\/noticias\/author\/admin\/#author"},"publisher":{"@id":"https:\/\/candas365.es\/noticias\/#organization"},"image":{"@type":"ImageObject","url":"https:\/\/candas365.es\/noticias\/wp-content\/uploads\/2015\/09\/c365noticias.jpg","width":655,"height":360},"datePublished":"2016-07-13T22:11:08+02:00","dateModified":"2016-07-13T22:11:08+02:00","inLanguage":"es-ES","mainEntityOfPage":{"@id":"https:\/\/candas365.es\/noticias\/berlin-acuerda-papel-mas-global-del-pais-en-politica-de-seguridad\/#webpage"},"isPartOf":{"@id":"https:\/\/candas365.es\/noticias\/berlin-acuerda-papel-mas-global-del-pais-en-politica-de-seguridad\/#webpage"},"articleSection":"Actualidad","dateline":"Publicado el julio 13, 2016."},{"@type":"Organization","@id":"https:\/\/candas365.es\/noticias\/#organization","name":"Cand\u00e1s 365","description":"Cand\u00e1s 365 es un diario digital independiente, fundado en 2012, con base en Asturias. Informamos con rigor sobre actualidad, sociedad, cultura y ocio, con una mirada local y global.","url":"https:\/\/candas365.es\/noticias\/","email":"info@candas365.es","telephone":"+34652131393","foundingDate":"2012-06-10","logo":{"@type":"ImageObject","url":"https:\/\/candas365.es\/noticias\/wp-content\/uploads\/2024\/09\/Candas-365-Redes.jpg","@id":"https:\/\/candas365.es\/noticias\/berlin-acuerda-papel-mas-global-del-pais-en-politica-de-seguridad\/#organizationLogo","width":1152,"height":864,"caption":"Cand\u00e1s 365 Redes"},"image":{"@id":"https:\/\/candas365.es\/noticias\/berlin-acuerda-papel-mas-global-del-pais-en-politica-de-seguridad\/#organizationLogo"},"sameAs":["https:\/\/www.facebook.com\/Nachofdezber","https:\/\/x.com\/NabercoDigital","https:\/\/www.instagram.com\/nachofdezber\/","https:\/\/www.youtube.com\/channel\/UCZP-2wLEB9Rv6erhFmqVnvg"],"address":{"@id":"https:\/\/candas365.es\/noticias\/#postaladdress","@type":"PostalAddress","streetAddress":"san antonio 4, san antonio 4","postalCode":"33430","addressLocality":"Cand\u00e1s","addressRegion":"Asturias","addressCountry":"ES"}},{"@type":"Person","@id":"https:\/\/candas365.es\/noticias\/author\/admin\/#author","url":"https:\/\/candas365.es\/noticias\/author\/admin\/","name":"Cand\u00e1s 365","image":{"@type":"ImageObject","@id":"https:\/\/candas365.es\/noticias\/berlin-acuerda-papel-mas-global-del-pais-en-politica-de-seguridad\/#authorImage","url":"https:\/\/secure.gravatar.com\/avatar\/496a8e03d0c493ede1718b7934145dbdf8d89be1036b0eec9544e1094c9de390?s=96&d=mm&r=g","width":96,"height":96,"caption":"Cand\u00e1s 365"},"sameAs":["https:\/\/www.facebook.com\/carrenoactualidad","https:\/\/twitter.com\/nbasturias","https:\/\/www.instagram.com\/nachofdezber\/","https:\/\/www.youtube.com\/channel\/UCZP-2wLEB9Rv6erhFmqVnvg"]},{"@type":"WebPage","@id":"https:\/\/candas365.es\/noticias\/berlin-acuerda-papel-mas-global-del-pais-en-politica-de-seguridad\/#webpage","url":"https:\/\/candas365.es\/noticias\/berlin-acuerda-papel-mas-global-del-pais-en-politica-de-seguridad\/","name":"Berl\u00edn acuerda papel m\u00e1s \u00abglobal\u00bb del pa\u00eds en pol\u00edtica de seguridad | Cand\u00e1s 365","description":"Berl\u00edn, 13 jul (dpa) - El Gobierno de Alemania reformul\u00f3 hoy su pol\u00edtica de seguridad y aprob\u00f3 la posibilidad de que el Ej\u00e9rcito germano act\u00fae en caso de atentados terroristas en el pa\u00eds, abrir la instituci\u00f3n a extranjeros de la Uni\u00f3n Europea (UE) y m\u00e1s responsabilidad en la OTAN. El Ejecutivo acord\u00f3 hoy la revisi\u00f3n","inLanguage":"es-ES","isPartOf":{"@id":"https:\/\/candas365.es\/noticias\/#website"},"breadcrumb":{"@id":"https:\/\/candas365.es\/noticias\/berlin-acuerda-papel-mas-global-del-pais-en-politica-de-seguridad\/#breadcrumblist"},"author":{"@id":"https:\/\/candas365.es\/noticias\/author\/admin\/#author"},"creator":{"@id":"https:\/\/candas365.es\/noticias\/author\/admin\/#author"},"image":{"@type":"ImageObject","url":"https:\/\/candas365.es\/noticias\/wp-content\/uploads\/2015\/09\/c365noticias.jpg","@id":"https:\/\/candas365.es\/noticias\/berlin-acuerda-papel-mas-global-del-pais-en-politica-de-seguridad\/#mainImage","width":655,"height":360},"primaryImageOfPage":{"@id":"https:\/\/candas365.es\/noticias\/berlin-acuerda-papel-mas-global-del-pais-en-politica-de-seguridad\/#mainImage"},"datePublished":"2016-07-13T22:11:08+02:00","dateModified":"2016-07-13T22:11:08+02:00"},{"@type":"WebSite","@id":"https:\/\/candas365.es\/noticias\/#website","url":"https:\/\/candas365.es\/noticias\/","name":"Cand\u00e1s 365","alternateName":"Cand\u00e1s 365 Noticias","description":"Actualidad desde Carre\u00f1o para el mundo","inLanguage":"es-ES","publisher":{"@id":"https:\/\/candas365.es\/noticias\/#organization"}}]},"og:locale":"es_ES","og:site_name":"Cand\u00e1s 365","og:type":"article","og:title":"Berl\u00edn acuerda papel m\u00e1s \u00abglobal\u00bb del pa\u00eds en pol\u00edtica de seguridad | Cand\u00e1s 365","og:description":"Berl\u00edn, 13 jul (dpa) - El Gobierno de Alemania reformul\u00f3 hoy su pol\u00edtica de seguridad y aprob\u00f3 la posibilidad de que el Ej\u00e9rcito germano act\u00fae en caso de atentados terroristas en el pa\u00eds, abrir la instituci\u00f3n a extranjeros de la Uni\u00f3n Europea (UE) y m\u00e1s responsabilidad en la OTAN. El Ejecutivo acord\u00f3 hoy la revisi\u00f3n","og:url":"https:\/\/candas365.es\/noticias\/berlin-acuerda-papel-mas-global-del-pais-en-politica-de-seguridad\/","og:image":"https:\/\/candas365.es\/noticias\/wp-content\/uploads\/2015\/09\/c365noticias.jpg","og:image:secure_url":"https:\/\/candas365.es\/noticias\/wp-content\/uploads\/2015\/09\/c365noticias.jpg","og:image:width":655,"og:image:height":360,"article:published_time":"2016-07-13T20:41:08+00:00","article:modified_time":"2016-07-13T20:41:08+00:00","article:publisher":"https:\/\/www.facebook.com\/Nachofdezber","article:author":"https:\/\/www.facebook.com\/carrenoactualidad","twitter:card":"summary_large_image","twitter:site":"@NabercoDigital","twitter:title":"Berl\u00edn acuerda papel m\u00e1s \u00abglobal\u00bb del pa\u00eds en pol\u00edtica de seguridad | Cand\u00e1s 365","twitter:description":"Berl\u00edn, 13 jul (dpa) - El Gobierno de Alemania reformul\u00f3 hoy su pol\u00edtica de seguridad y aprob\u00f3 la posibilidad de que el Ej\u00e9rcito germano act\u00fae en caso de atentados terroristas en el pa\u00eds, abrir la instituci\u00f3n a extranjeros de la Uni\u00f3n Europea (UE) y m\u00e1s responsabilidad en la OTAN. El Ejecutivo acord\u00f3 hoy la revisi\u00f3n","twitter:creator":"@nbasturias","twitter:image":"https:\/\/candas365.es\/noticias\/wp-content\/uploads\/2015\/09\/c365noticias.jpg","twitter:label1":"Escrito por","twitter:data1":"Cand\u00e1s 365","twitter:label2":"Tiempo de lectura estimado","twitter:data2":"1 minuto"},"aioseo_meta_data":{"post_id":"31955","title":null,"description":null,"keywords":null,"keyphrases":null,"primary_term":null,"canonical_url":null,"og_title":null,"og_description":null,"og_object_type":"default","og_image_type":"default","og_image_url":null,"og_image_width":null,"og_image_height":null,"og_image_custom_url":null,"og_image_custom_fields":null,"og_video":null,"og_custom_url":null,"og_article_section":null,"og_article_tags":null,"twitter_use_og":false,"twitter_card":"default","twitter_image_type":"default","twitter_image_url":null,"twitter_image_custom_url":null,"twitter_image_custom_fields":null,"twitter_title":null,"twitter_description":null,"schema":{"blockGraphs":[],"customGraphs":[],"default":{"data":{"Article":[],"Course":[],"Dataset":[],"FAQPage":[],"Movie":[],"Person":[],"Product":[],"ProductReview":[],"Car":[],"Recipe":[],"Service":[],"SoftwareApplication":[],"WebPage":[]},"graphName":"","isEnabled":true},"graphs":[],"defaultGraph":"","defaultPostTypeGraph":""},"schema_type":null,"schema_type_options":null,"pillar_content":false,"robots_default":true,"robots_noindex":false,"robots_noarchive":false,"robots_nosnippet":false,"robots_nofollow":false,"robots_noimageindex":false,"robots_noodp":false,"robots_notranslate":false,"robots_max_snippet":null,"robots_max_videopreview":null,"robots_max_imagepreview":"large","priority":null,"frequency":null,"location":null,"local_seo":null,"seo_analyzer_scan_date":"2025-08-24 14:39:15","breadcrumb_settings":null,"limit_modified_date":false,"reviewed_by":null,"open_ai":null,"ai":null,"created":"2020-12-21 13:02:21","updated":"2025-08-24 14:39:15"},"aioseo_breadcrumb":"<div class=\"aioseo-breadcrumbs\"><span class=\"aioseo-breadcrumb\">\n\t<a href=\"https:\/\/candas365.es\/noticias\" title=\"Home\">Home<\/a>\n<\/span><span class=\"aioseo-breadcrumb-separator\">&ndash;<\/span><span class=\"aioseo-breadcrumb\">\n\t<a href=\"https:\/\/candas365.es\/noticias\/category\/actualidad\/\" title=\"Actualidad\">Actualidad<\/a>\n<\/span><span class=\"aioseo-breadcrumb-separator\">&ndash;<\/span><span class=\"aioseo-breadcrumb\">\n\tBerl\u00edn acuerda papel m\u00e1s \u00abglobal\u00bb del pa\u00eds en pol\u00edtica de seguridad\n<\/span><\/div>","aioseo_breadcrumb_json":[{"label":"Home","link":"https:\/\/candas365.es\/noticias"},{"label":"Actualidad","link":"https:\/\/candas365.es\/noticias\/category\/actualidad\/"},{"label":"Berl\u00edn acuerda papel m\u00e1s \u00abglobal\u00bb del pa\u00eds en pol\u00edtica de seguridad","link":"https:\/\/candas365.es\/noticias\/berlin-acuerda-papel-mas-global-del-pais-en-politica-de-seguridad\/"}],"_links":{"self":[{"href":"https:\/\/candas365.es\/noticias\/wp-json\/wp\/v2\/posts\/31955","targetHints":{"allow":["GET"]}}],"collection":[{"href":"https:\/\/candas365.es\/noticias\/wp-json\/wp\/v2\/posts"}],"about":[{"href":"https:\/\/candas365.es\/noticias\/wp-json\/wp\/v2\/types\/post"}],"author":[{"embeddable":true,"href":"https:\/\/candas365.es\/noticias\/wp-json\/wp\/v2\/users\/1"}],"replies":[{"embeddable":true,"href":"https:\/\/candas365.es\/noticias\/wp-json\/wp\/v2\/comments?post=31955"}],"version-history":[{"count":0,"href":"https:\/\/candas365.es\/noticias\/wp-json\/wp\/v2\/posts\/31955\/revisions"}],"wp:featuredmedia":[{"embeddable":true,"href":"https:\/\/candas365.es\/noticias\/wp-json\/wp\/v2\/media\/16457"}],"wp:attachment":[{"href":"https:\/\/candas365.es\/noticias\/wp-json\/wp\/v2\/media?parent=31955"}],"wp:term":[{"taxonomy":"category","embeddable":true,"href":"https:\/\/candas365.es\/noticias\/wp-json\/wp\/v2\/categories?post=31955"},{"taxonomy":"post_tag","embeddable":true,"href":"https:\/\/candas365.es\/noticias\/wp-json\/wp\/v2\/tags?post=31955"}],"curies":[{"name":"wp","href":"https:\/\/api.w.org\/{rel}","templated":true}]}}