{"id":31953,"date":"2016-07-13T22:09:46","date_gmt":"2016-07-13T20:39:46","guid":{"rendered":"http:\/\/candas365.es\/noticias\/?p=31953"},"modified":"2016-07-13T22:09:46","modified_gmt":"2016-07-13T20:39:46","slug":"redada-en-alemania-contra-comentarios-de-odio-en-internet","status":"publish","type":"post","link":"https:\/\/candas365.es\/noticias\/redada-en-alemania-contra-comentarios-de-odio-en-internet\/","title":{"rendered":"Redada en Alemania contra comentarios de odio en Internet"},"content":{"rendered":"<p>M\u00fanich, 13 jul (dpa) &#8211; Las autoridades alemanas registraron hoy en 14 estados federados las viviendas de 60 personas acusadas de publicar comentarios llenos de odio en Internet, inform\u00f3 la Polic\u00eda Criminal de Alemania (BKA).<\/p>\n<p>\u00abTenemos principios morales tanto offline como online\u00bb, afirm\u00f3 el ministro de Interior alem\u00e1n, Thomas de Maizi\u00e8re, en Berl\u00edn. La violencia verbal es inaceptable y abre el camino a la violencia real, alert\u00f3. \u00abNo hay ning\u00fan espacio donde no se aplique la ley en Alemania\u00bb, declar\u00f3. \u00abLa ley tambi\u00e9n se aplica en Internet\u00bb.<\/p>\n<p>Mientras, el ministro de Justicia alem\u00e1n, Heiko Maas, alab\u00f3 la redada llevada a cabo por la BKA junto con la polic\u00eda b\u00e1vara. \u00abLa acci\u00f3n decidida de las autoridades deber\u00eda llevar a todo el mundo a pens\u00e1rselo dos veces antes de publicar algo en Facebook\u00bb, dijo.<\/p>\n<p>\u00abInternet no es un espacio libre de ley. No hay tolerancia alguna para los delitos cometidos en Internet\u00bb, asegur\u00f3. \u00abTanto anal\u00f3gicamente como digitalmente: no debemos dejar espacio a los provocadores radicales. La mayor\u00eda silenciosa no debe callar ya m\u00e1s tiempo\u00bb, agreg\u00f3.<\/p>\n<p>En el centro de la operaci\u00f3n se encuentra una investigaci\u00f3n de la Fiscal\u00eda de Kempten y la Polic\u00eda Criminal de Baviera contra 36 miembros de un grupo de Facebook que durante meses publicaron mensajes que glorificaban el nacionalsocialismo e incitaban al odio xen\u00f3fobo.<\/p>\n<p>Los principales acusados de este caso son los dos administradores del grupo de Facebook, un hombre de 42 a\u00f1os de Ostallg\u00e4u y uno de 37 a\u00f1os procedente de N\u00faremberg.<\/p>\n<p>El objetivo es actuar de manera decidida contra el fuerte incremento del radicalismo verbal y de los delitos relacionados con ello en Internet, escribi\u00f3 la BKA en un comunicado de prensa.<\/p>\n<p>\u00abLa acci\u00f3n de hoy deja claro que las autoridades act\u00faan de manera decidida contra el odio y las campa\u00f1as de difamaci\u00f3n en Internet\u00bb, declar\u00f3 el presidente de la BKA, Holger M\u00fcnch, seg\u00fan recoge el comunicado de prensa.<\/p>\n<p>\u00abEl n\u00famero de actos criminales de odio de origen derechista en Internet ha aumentado notablemente en relaci\u00f3n con la situaci\u00f3n de los refugiados en Europa\u00bb, indic\u00f3. \u00abEl odio en Internet no debe envenenar el clima social\u00bb, agreg\u00f3.<\/p>\n<p>\u00abLos ataques a centros de refugiados son con frecuencia el resultado de una radicalizaci\u00f3n que tambi\u00e9n comenz\u00f3 en las redes sociales. Por ello debemos actuar consecuentemente contra los contenidos que violan la ley en Internet\u00bb, afirm\u00f3.<\/p>\n<p>Los registros se llevaron a cabo en viviendas ubicadas en los estados federados de Baviera, Bremen, Turingia, Baden-W\u00fcrttemberg, Hamburgo, Baja Sajonia, Brandenburgo, Renania Palatinado, Sajonia Anhalt, Mecklenburg-Antepomerania, Berl\u00edn, Renania del Norte-Westfalia, Sajonia y Hessen.<\/p>\n<p>La ley alemana restringe la libertad de expresi\u00f3n en casos relacionados con la incitaci\u00f3n a la violencia, apolog\u00eda del nazismo, discriminaci\u00f3n racial o negaci\u00f3n del Holocausto.<\/p>\n<p>&nbsp;<\/p>\n","protected":false},"excerpt":{"rendered":"<p>M\u00fanich, 13 jul (dpa) &#8211; Las autoridades alemanas registraron hoy en 14 estados federados las viviendas de 60 personas acusadas de publicar comentarios llenos de odio en Internet, inform\u00f3 la Polic\u00eda Criminal de Alemania (BKA). \u00abTenemos principios morales tanto offline como online\u00bb, afirm\u00f3 el ministro de Interior alem\u00e1n, Thomas de Maizi\u00e8re, en Berl\u00edn. La violencia<\/p>\n","protected":false},"author":1,"featured_media":16457,"comment_status":"closed","ping_status":"closed","sticky":false,"template":"","format":"standard","meta":{"footnotes":""},"categories":[343],"tags":[],"class_list":{"0":"post-31953","1":"post","2":"type-post","3":"status-publish","4":"format-standard","5":"has-post-thumbnail","7":"category-actualidad"},"aioseo_notices":[],"aioseo_head":"\n\t\t<!-- All in One SEO Pro 4.9.6.2 - aioseo.com -->\n\t<meta name=\"description\" content=\"M\u00fanich, 13 jul (dpa) - Las autoridades alemanas registraron hoy en 14 estados federados las viviendas de 60 personas acusadas de publicar comentarios llenos de odio en Internet, inform\u00f3 la Polic\u00eda Criminal de Alemania (BKA). &quot;Tenemos principios morales tanto offline como online&quot;, afirm\u00f3 el ministro de Interior alem\u00e1n, Thomas de Maizi\u00e8re, en Berl\u00edn. La violencia\" \/>\n\t<meta name=\"robots\" content=\"max-image-preview:large\" \/>\n\t<meta name=\"author\" content=\"Cand\u00e1s 365\"\/>\n\t<meta name=\"google-site-verification\" content=\"UA-32230408-1\" \/>\n\t<meta name=\"msvalidate.01\" content=\"354F3CDFB2DA171B47FBE9ABF1F88D5\" \/>\n\t<meta name=\"keywords\" content=\"actualidad\" \/>\n\t<link rel=\"canonical\" href=\"https:\/\/candas365.es\/noticias\/redada-en-alemania-contra-comentarios-de-odio-en-internet\/\" \/>\n\t<meta name=\"generator\" content=\"All in One SEO Pro (AIOSEO) 4.9.6.2\" \/>\n\t\t<meta property=\"og:locale\" content=\"es_ES\" \/>\n\t\t<meta property=\"og:site_name\" content=\"Cand\u00e1s 365\" \/>\n\t\t<meta property=\"og:type\" content=\"article\" \/>\n\t\t<meta property=\"og:title\" content=\"Redada en Alemania contra comentarios de odio en Internet | Cand\u00e1s 365\" \/>\n\t\t<meta property=\"og:description\" content=\"M\u00fanich, 13 jul (dpa) - Las autoridades alemanas registraron hoy en 14 estados federados las viviendas de 60 personas acusadas de publicar comentarios llenos de odio en Internet, inform\u00f3 la Polic\u00eda Criminal de Alemania (BKA). &quot;Tenemos principios morales tanto offline como online&quot;, afirm\u00f3 el ministro de Interior alem\u00e1n, Thomas de Maizi\u00e8re, en Berl\u00edn. La violencia\" \/>\n\t\t<meta property=\"og:url\" content=\"https:\/\/candas365.es\/noticias\/redada-en-alemania-contra-comentarios-de-odio-en-internet\/\" \/>\n\t\t<meta property=\"og:image\" content=\"https:\/\/candas365.es\/noticias\/wp-content\/uploads\/2015\/09\/c365noticias.jpg\" \/>\n\t\t<meta property=\"og:image:secure_url\" content=\"https:\/\/candas365.es\/noticias\/wp-content\/uploads\/2015\/09\/c365noticias.jpg\" \/>\n\t\t<meta property=\"og:image:width\" content=\"655\" \/>\n\t\t<meta property=\"og:image:height\" content=\"360\" \/>\n\t\t<meta property=\"article:published_time\" content=\"2016-07-13T20:39:46+00:00\" \/>\n\t\t<meta property=\"article:modified_time\" content=\"2016-07-13T20:39:46+00:00\" \/>\n\t\t<meta property=\"article:publisher\" content=\"https:\/\/www.facebook.com\/Nachofdezber\" \/>\n\t\t<meta property=\"article:author\" content=\"https:\/\/www.facebook.com\/carrenoactualidad\" \/>\n\t\t<meta name=\"twitter:card\" content=\"summary_large_image\" \/>\n\t\t<meta name=\"twitter:site\" content=\"@NabercoDigital\" \/>\n\t\t<meta name=\"twitter:title\" content=\"Redada en Alemania contra comentarios de odio en Internet | Cand\u00e1s 365\" \/>\n\t\t<meta name=\"twitter:description\" content=\"M\u00fanich, 13 jul (dpa) - Las autoridades alemanas registraron hoy en 14 estados federados las viviendas de 60 personas acusadas de publicar comentarios llenos de odio en Internet, inform\u00f3 la Polic\u00eda Criminal de Alemania (BKA). &quot;Tenemos principios morales tanto offline como online&quot;, afirm\u00f3 el ministro de Interior alem\u00e1n, Thomas de Maizi\u00e8re, en Berl\u00edn. La violencia\" \/>\n\t\t<meta name=\"twitter:creator\" content=\"@nbasturias\" \/>\n\t\t<meta name=\"twitter:image\" content=\"https:\/\/candas365.es\/noticias\/wp-content\/uploads\/2015\/09\/c365noticias.jpg\" \/>\n\t\t<meta name=\"twitter:label1\" content=\"Escrito por\" \/>\n\t\t<meta name=\"twitter:data1\" content=\"Cand\u00e1s 365\" \/>\n\t\t<meta name=\"twitter:label2\" content=\"Tiempo de lectura estimado\" \/>\n\t\t<meta name=\"twitter:data2\" content=\"2 minutos\" \/>\n\t\t<script type=\"application\/ld+json\" class=\"aioseo-schema\">\n\t\t\t{\"@context\":\"https:\\\/\\\/schema.org\",\"@graph\":[{\"@type\":\"BreadcrumbList\",\"@id\":\"https:\\\/\\\/candas365.es\\\/noticias\\\/redada-en-alemania-contra-comentarios-de-odio-en-internet\\\/#breadcrumblist\",\"itemListElement\":[{\"@type\":\"ListItem\",\"@id\":\"https:\\\/\\\/candas365.es\\\/noticias#listItem\",\"position\":1,\"name\":\"Home\",\"item\":\"https:\\\/\\\/candas365.es\\\/noticias\",\"nextItem\":{\"@type\":\"ListItem\",\"@id\":\"https:\\\/\\\/candas365.es\\\/noticias\\\/category\\\/actualidad\\\/#listItem\",\"name\":\"Actualidad\"}},{\"@type\":\"ListItem\",\"@id\":\"https:\\\/\\\/candas365.es\\\/noticias\\\/category\\\/actualidad\\\/#listItem\",\"position\":2,\"name\":\"Actualidad\",\"item\":\"https:\\\/\\\/candas365.es\\\/noticias\\\/category\\\/actualidad\\\/\",\"nextItem\":{\"@type\":\"ListItem\",\"@id\":\"https:\\\/\\\/candas365.es\\\/noticias\\\/redada-en-alemania-contra-comentarios-de-odio-en-internet\\\/#listItem\",\"name\":\"Redada en Alemania contra comentarios de odio en Internet\"},\"previousItem\":{\"@type\":\"ListItem\",\"@id\":\"https:\\\/\\\/candas365.es\\\/noticias#listItem\",\"name\":\"Home\"}},{\"@type\":\"ListItem\",\"@id\":\"https:\\\/\\\/candas365.es\\\/noticias\\\/redada-en-alemania-contra-comentarios-de-odio-en-internet\\\/#listItem\",\"position\":3,\"name\":\"Redada en Alemania contra comentarios de odio en Internet\",\"previousItem\":{\"@type\":\"ListItem\",\"@id\":\"https:\\\/\\\/candas365.es\\\/noticias\\\/category\\\/actualidad\\\/#listItem\",\"name\":\"Actualidad\"}}]},{\"@type\":\"NewsArticle\",\"@id\":\"https:\\\/\\\/candas365.es\\\/noticias\\\/redada-en-alemania-contra-comentarios-de-odio-en-internet\\\/#newsarticle\",\"name\":\"Redada en Alemania contra comentarios de odio en Internet | Cand\\u00e1s 365\",\"headline\":\"Redada en Alemania contra comentarios de odio en Internet\",\"author\":{\"@id\":\"https:\\\/\\\/candas365.es\\\/noticias\\\/author\\\/admin\\\/#author\"},\"publisher\":{\"@id\":\"https:\\\/\\\/candas365.es\\\/noticias\\\/#organization\"},\"image\":{\"@type\":\"ImageObject\",\"url\":\"https:\\\/\\\/candas365.es\\\/noticias\\\/wp-content\\\/uploads\\\/2015\\\/09\\\/c365noticias.jpg\",\"width\":655,\"height\":360},\"datePublished\":\"2016-07-13T22:09:46+02:00\",\"dateModified\":\"2016-07-13T22:09:46+02:00\",\"inLanguage\":\"es-ES\",\"mainEntityOfPage\":{\"@id\":\"https:\\\/\\\/candas365.es\\\/noticias\\\/redada-en-alemania-contra-comentarios-de-odio-en-internet\\\/#webpage\"},\"isPartOf\":{\"@id\":\"https:\\\/\\\/candas365.es\\\/noticias\\\/redada-en-alemania-contra-comentarios-de-odio-en-internet\\\/#webpage\"},\"articleSection\":\"Actualidad\",\"dateline\":\"Publicado el julio 13, 2016.\"},{\"@type\":\"Organization\",\"@id\":\"https:\\\/\\\/candas365.es\\\/noticias\\\/#organization\",\"name\":\"Cand\\u00e1s 365\",\"description\":\"Cand\\u00e1s 365 es un diario digital independiente, fundado en 2012, con base en Asturias. Informamos con rigor sobre actualidad, sociedad, cultura y ocio, con una mirada local y global.\",\"url\":\"https:\\\/\\\/candas365.es\\\/noticias\\\/\",\"email\":\"info@candas365.es\",\"telephone\":\"+34652131393\",\"foundingDate\":\"2012-06-10\",\"logo\":{\"@type\":\"ImageObject\",\"url\":\"https:\\\/\\\/candas365.es\\\/noticias\\\/wp-content\\\/uploads\\\/2024\\\/09\\\/Candas-365-Redes.jpg\",\"@id\":\"https:\\\/\\\/candas365.es\\\/noticias\\\/redada-en-alemania-contra-comentarios-de-odio-en-internet\\\/#organizationLogo\",\"width\":1152,\"height\":864,\"caption\":\"Cand\\u00e1s 365 Redes\"},\"image\":{\"@id\":\"https:\\\/\\\/candas365.es\\\/noticias\\\/redada-en-alemania-contra-comentarios-de-odio-en-internet\\\/#organizationLogo\"},\"sameAs\":[\"https:\\\/\\\/www.facebook.com\\\/Nachofdezber\",\"https:\\\/\\\/x.com\\\/NabercoDigital\",\"https:\\\/\\\/www.instagram.com\\\/nachofdezber\\\/\",\"https:\\\/\\\/www.youtube.com\\\/channel\\\/UCZP-2wLEB9Rv6erhFmqVnvg\"],\"address\":{\"@id\":\"https:\\\/\\\/candas365.es\\\/noticias\\\/#postaladdress\",\"@type\":\"PostalAddress\",\"streetAddress\":\"san antonio 4, san antonio 4\",\"postalCode\":\"33430\",\"addressLocality\":\"Cand\\u00e1s\",\"addressRegion\":\"Asturias\",\"addressCountry\":\"ES\"}},{\"@type\":\"Person\",\"@id\":\"https:\\\/\\\/candas365.es\\\/noticias\\\/author\\\/admin\\\/#author\",\"url\":\"https:\\\/\\\/candas365.es\\\/noticias\\\/author\\\/admin\\\/\",\"name\":\"Cand\\u00e1s 365\",\"image\":{\"@type\":\"ImageObject\",\"@id\":\"https:\\\/\\\/candas365.es\\\/noticias\\\/redada-en-alemania-contra-comentarios-de-odio-en-internet\\\/#authorImage\",\"url\":\"https:\\\/\\\/secure.gravatar.com\\\/avatar\\\/496a8e03d0c493ede1718b7934145dbdf8d89be1036b0eec9544e1094c9de390?s=96&d=mm&r=g\",\"width\":96,\"height\":96,\"caption\":\"Cand\\u00e1s 365\"},\"sameAs\":[\"https:\\\/\\\/www.facebook.com\\\/carrenoactualidad\",\"https:\\\/\\\/twitter.com\\\/nbasturias\",\"https:\\\/\\\/www.instagram.com\\\/nachofdezber\\\/\",\"https:\\\/\\\/www.youtube.com\\\/channel\\\/UCZP-2wLEB9Rv6erhFmqVnvg\"]},{\"@type\":\"WebPage\",\"@id\":\"https:\\\/\\\/candas365.es\\\/noticias\\\/redada-en-alemania-contra-comentarios-de-odio-en-internet\\\/#webpage\",\"url\":\"https:\\\/\\\/candas365.es\\\/noticias\\\/redada-en-alemania-contra-comentarios-de-odio-en-internet\\\/\",\"name\":\"Redada en Alemania contra comentarios de odio en Internet | Cand\\u00e1s 365\",\"description\":\"M\\u00fanich, 13 jul (dpa) - Las autoridades alemanas registraron hoy en 14 estados federados las viviendas de 60 personas acusadas de publicar comentarios llenos de odio en Internet, inform\\u00f3 la Polic\\u00eda Criminal de Alemania (BKA). \\\"Tenemos principios morales tanto offline como online\\\", afirm\\u00f3 el ministro de Interior alem\\u00e1n, Thomas de Maizi\\u00e8re, en Berl\\u00edn. La violencia\",\"inLanguage\":\"es-ES\",\"isPartOf\":{\"@id\":\"https:\\\/\\\/candas365.es\\\/noticias\\\/#website\"},\"breadcrumb\":{\"@id\":\"https:\\\/\\\/candas365.es\\\/noticias\\\/redada-en-alemania-contra-comentarios-de-odio-en-internet\\\/#breadcrumblist\"},\"author\":{\"@id\":\"https:\\\/\\\/candas365.es\\\/noticias\\\/author\\\/admin\\\/#author\"},\"creator\":{\"@id\":\"https:\\\/\\\/candas365.es\\\/noticias\\\/author\\\/admin\\\/#author\"},\"image\":{\"@type\":\"ImageObject\",\"url\":\"https:\\\/\\\/candas365.es\\\/noticias\\\/wp-content\\\/uploads\\\/2015\\\/09\\\/c365noticias.jpg\",\"@id\":\"https:\\\/\\\/candas365.es\\\/noticias\\\/redada-en-alemania-contra-comentarios-de-odio-en-internet\\\/#mainImage\",\"width\":655,\"height\":360},\"primaryImageOfPage\":{\"@id\":\"https:\\\/\\\/candas365.es\\\/noticias\\\/redada-en-alemania-contra-comentarios-de-odio-en-internet\\\/#mainImage\"},\"datePublished\":\"2016-07-13T22:09:46+02:00\",\"dateModified\":\"2016-07-13T22:09:46+02:00\"},{\"@type\":\"WebSite\",\"@id\":\"https:\\\/\\\/candas365.es\\\/noticias\\\/#website\",\"url\":\"https:\\\/\\\/candas365.es\\\/noticias\\\/\",\"name\":\"Cand\\u00e1s 365\",\"alternateName\":\"Cand\\u00e1s 365 Noticias\",\"description\":\"Actualidad desde Carre\\u00f1o para el mundo\",\"inLanguage\":\"es-ES\",\"publisher\":{\"@id\":\"https:\\\/\\\/candas365.es\\\/noticias\\\/#organization\"}}]}\n\t\t<\/script>\n\t\t<!-- All in One SEO Pro -->\r\n\t\t<title>Redada en Alemania contra comentarios de odio en Internet | Cand\u00e1s 365<\/title>\n\n","aioseo_head_json":{"title":"Redada en Alemania contra comentarios de odio en Internet | Cand\u00e1s 365","description":"M\u00fanich, 13 jul (dpa) - Las autoridades alemanas registraron hoy en 14 estados federados las viviendas de 60 personas acusadas de publicar comentarios llenos de odio en Internet, inform\u00f3 la Polic\u00eda Criminal de Alemania (BKA). \"Tenemos principios morales tanto offline como online\", afirm\u00f3 el ministro de Interior alem\u00e1n, Thomas de Maizi\u00e8re, en Berl\u00edn. La violencia","canonical_url":"https:\/\/candas365.es\/noticias\/redada-en-alemania-contra-comentarios-de-odio-en-internet\/","robots":"max-image-preview:large","keywords":"actualidad","webmasterTools":{"google-site-verification":"UA-32230408-1","msvalidate.01":"354F3CDFB2DA171B47FBE9ABF1F88D5","miscellaneous":""},"schema":{"@context":"https:\/\/schema.org","@graph":[{"@type":"BreadcrumbList","@id":"https:\/\/candas365.es\/noticias\/redada-en-alemania-contra-comentarios-de-odio-en-internet\/#breadcrumblist","itemListElement":[{"@type":"ListItem","@id":"https:\/\/candas365.es\/noticias#listItem","position":1,"name":"Home","item":"https:\/\/candas365.es\/noticias","nextItem":{"@type":"ListItem","@id":"https:\/\/candas365.es\/noticias\/category\/actualidad\/#listItem","name":"Actualidad"}},{"@type":"ListItem","@id":"https:\/\/candas365.es\/noticias\/category\/actualidad\/#listItem","position":2,"name":"Actualidad","item":"https:\/\/candas365.es\/noticias\/category\/actualidad\/","nextItem":{"@type":"ListItem","@id":"https:\/\/candas365.es\/noticias\/redada-en-alemania-contra-comentarios-de-odio-en-internet\/#listItem","name":"Redada en Alemania contra comentarios de odio en Internet"},"previousItem":{"@type":"ListItem","@id":"https:\/\/candas365.es\/noticias#listItem","name":"Home"}},{"@type":"ListItem","@id":"https:\/\/candas365.es\/noticias\/redada-en-alemania-contra-comentarios-de-odio-en-internet\/#listItem","position":3,"name":"Redada en Alemania contra comentarios de odio en Internet","previousItem":{"@type":"ListItem","@id":"https:\/\/candas365.es\/noticias\/category\/actualidad\/#listItem","name":"Actualidad"}}]},{"@type":"NewsArticle","@id":"https:\/\/candas365.es\/noticias\/redada-en-alemania-contra-comentarios-de-odio-en-internet\/#newsarticle","name":"Redada en Alemania contra comentarios de odio en Internet | Cand\u00e1s 365","headline":"Redada en Alemania contra comentarios de odio en Internet","author":{"@id":"https:\/\/candas365.es\/noticias\/author\/admin\/#author"},"publisher":{"@id":"https:\/\/candas365.es\/noticias\/#organization"},"image":{"@type":"ImageObject","url":"https:\/\/candas365.es\/noticias\/wp-content\/uploads\/2015\/09\/c365noticias.jpg","width":655,"height":360},"datePublished":"2016-07-13T22:09:46+02:00","dateModified":"2016-07-13T22:09:46+02:00","inLanguage":"es-ES","mainEntityOfPage":{"@id":"https:\/\/candas365.es\/noticias\/redada-en-alemania-contra-comentarios-de-odio-en-internet\/#webpage"},"isPartOf":{"@id":"https:\/\/candas365.es\/noticias\/redada-en-alemania-contra-comentarios-de-odio-en-internet\/#webpage"},"articleSection":"Actualidad","dateline":"Publicado el julio 13, 2016."},{"@type":"Organization","@id":"https:\/\/candas365.es\/noticias\/#organization","name":"Cand\u00e1s 365","description":"Cand\u00e1s 365 es un diario digital independiente, fundado en 2012, con base en Asturias. Informamos con rigor sobre actualidad, sociedad, cultura y ocio, con una mirada local y global.","url":"https:\/\/candas365.es\/noticias\/","email":"info@candas365.es","telephone":"+34652131393","foundingDate":"2012-06-10","logo":{"@type":"ImageObject","url":"https:\/\/candas365.es\/noticias\/wp-content\/uploads\/2024\/09\/Candas-365-Redes.jpg","@id":"https:\/\/candas365.es\/noticias\/redada-en-alemania-contra-comentarios-de-odio-en-internet\/#organizationLogo","width":1152,"height":864,"caption":"Cand\u00e1s 365 Redes"},"image":{"@id":"https:\/\/candas365.es\/noticias\/redada-en-alemania-contra-comentarios-de-odio-en-internet\/#organizationLogo"},"sameAs":["https:\/\/www.facebook.com\/Nachofdezber","https:\/\/x.com\/NabercoDigital","https:\/\/www.instagram.com\/nachofdezber\/","https:\/\/www.youtube.com\/channel\/UCZP-2wLEB9Rv6erhFmqVnvg"],"address":{"@id":"https:\/\/candas365.es\/noticias\/#postaladdress","@type":"PostalAddress","streetAddress":"san antonio 4, san antonio 4","postalCode":"33430","addressLocality":"Cand\u00e1s","addressRegion":"Asturias","addressCountry":"ES"}},{"@type":"Person","@id":"https:\/\/candas365.es\/noticias\/author\/admin\/#author","url":"https:\/\/candas365.es\/noticias\/author\/admin\/","name":"Cand\u00e1s 365","image":{"@type":"ImageObject","@id":"https:\/\/candas365.es\/noticias\/redada-en-alemania-contra-comentarios-de-odio-en-internet\/#authorImage","url":"https:\/\/secure.gravatar.com\/avatar\/496a8e03d0c493ede1718b7934145dbdf8d89be1036b0eec9544e1094c9de390?s=96&d=mm&r=g","width":96,"height":96,"caption":"Cand\u00e1s 365"},"sameAs":["https:\/\/www.facebook.com\/carrenoactualidad","https:\/\/twitter.com\/nbasturias","https:\/\/www.instagram.com\/nachofdezber\/","https:\/\/www.youtube.com\/channel\/UCZP-2wLEB9Rv6erhFmqVnvg"]},{"@type":"WebPage","@id":"https:\/\/candas365.es\/noticias\/redada-en-alemania-contra-comentarios-de-odio-en-internet\/#webpage","url":"https:\/\/candas365.es\/noticias\/redada-en-alemania-contra-comentarios-de-odio-en-internet\/","name":"Redada en Alemania contra comentarios de odio en Internet | Cand\u00e1s 365","description":"M\u00fanich, 13 jul (dpa) - Las autoridades alemanas registraron hoy en 14 estados federados las viviendas de 60 personas acusadas de publicar comentarios llenos de odio en Internet, inform\u00f3 la Polic\u00eda Criminal de Alemania (BKA). \"Tenemos principios morales tanto offline como online\", afirm\u00f3 el ministro de Interior alem\u00e1n, Thomas de Maizi\u00e8re, en Berl\u00edn. La violencia","inLanguage":"es-ES","isPartOf":{"@id":"https:\/\/candas365.es\/noticias\/#website"},"breadcrumb":{"@id":"https:\/\/candas365.es\/noticias\/redada-en-alemania-contra-comentarios-de-odio-en-internet\/#breadcrumblist"},"author":{"@id":"https:\/\/candas365.es\/noticias\/author\/admin\/#author"},"creator":{"@id":"https:\/\/candas365.es\/noticias\/author\/admin\/#author"},"image":{"@type":"ImageObject","url":"https:\/\/candas365.es\/noticias\/wp-content\/uploads\/2015\/09\/c365noticias.jpg","@id":"https:\/\/candas365.es\/noticias\/redada-en-alemania-contra-comentarios-de-odio-en-internet\/#mainImage","width":655,"height":360},"primaryImageOfPage":{"@id":"https:\/\/candas365.es\/noticias\/redada-en-alemania-contra-comentarios-de-odio-en-internet\/#mainImage"},"datePublished":"2016-07-13T22:09:46+02:00","dateModified":"2016-07-13T22:09:46+02:00"},{"@type":"WebSite","@id":"https:\/\/candas365.es\/noticias\/#website","url":"https:\/\/candas365.es\/noticias\/","name":"Cand\u00e1s 365","alternateName":"Cand\u00e1s 365 Noticias","description":"Actualidad desde Carre\u00f1o para el mundo","inLanguage":"es-ES","publisher":{"@id":"https:\/\/candas365.es\/noticias\/#organization"}}]},"og:locale":"es_ES","og:site_name":"Cand\u00e1s 365","og:type":"article","og:title":"Redada en Alemania contra comentarios de odio en Internet | Cand\u00e1s 365","og:description":"M\u00fanich, 13 jul (dpa) - Las autoridades alemanas registraron hoy en 14 estados federados las viviendas de 60 personas acusadas de publicar comentarios llenos de odio en Internet, inform\u00f3 la Polic\u00eda Criminal de Alemania (BKA). &quot;Tenemos principios morales tanto offline como online&quot;, afirm\u00f3 el ministro de Interior alem\u00e1n, Thomas de Maizi\u00e8re, en Berl\u00edn. La violencia","og:url":"https:\/\/candas365.es\/noticias\/redada-en-alemania-contra-comentarios-de-odio-en-internet\/","og:image":"https:\/\/candas365.es\/noticias\/wp-content\/uploads\/2015\/09\/c365noticias.jpg","og:image:secure_url":"https:\/\/candas365.es\/noticias\/wp-content\/uploads\/2015\/09\/c365noticias.jpg","og:image:width":655,"og:image:height":360,"article:published_time":"2016-07-13T20:39:46+00:00","article:modified_time":"2016-07-13T20:39:46+00:00","article:publisher":"https:\/\/www.facebook.com\/Nachofdezber","article:author":"https:\/\/www.facebook.com\/carrenoactualidad","twitter:card":"summary_large_image","twitter:site":"@NabercoDigital","twitter:title":"Redada en Alemania contra comentarios de odio en Internet | Cand\u00e1s 365","twitter:description":"M\u00fanich, 13 jul (dpa) - Las autoridades alemanas registraron hoy en 14 estados federados las viviendas de 60 personas acusadas de publicar comentarios llenos de odio en Internet, inform\u00f3 la Polic\u00eda Criminal de Alemania (BKA). &quot;Tenemos principios morales tanto offline como online&quot;, afirm\u00f3 el ministro de Interior alem\u00e1n, Thomas de Maizi\u00e8re, en Berl\u00edn. La violencia","twitter:creator":"@nbasturias","twitter:image":"https:\/\/candas365.es\/noticias\/wp-content\/uploads\/2015\/09\/c365noticias.jpg","twitter:label1":"Escrito por","twitter:data1":"Cand\u00e1s 365","twitter:label2":"Tiempo de lectura estimado","twitter:data2":"2 minutos"},"aioseo_meta_data":{"post_id":"31953","title":null,"description":null,"keywords":null,"keyphrases":null,"primary_term":null,"canonical_url":null,"og_title":null,"og_description":null,"og_object_type":"default","og_image_type":"default","og_image_url":null,"og_image_width":null,"og_image_height":null,"og_image_custom_url":null,"og_image_custom_fields":null,"og_video":null,"og_custom_url":null,"og_article_section":null,"og_article_tags":null,"twitter_use_og":false,"twitter_card":"default","twitter_image_type":"default","twitter_image_url":null,"twitter_image_custom_url":null,"twitter_image_custom_fields":null,"twitter_title":null,"twitter_description":null,"schema":{"blockGraphs":[],"customGraphs":[],"default":{"data":{"Article":[],"Course":[],"Dataset":[],"FAQPage":[],"Movie":[],"Person":[],"Product":[],"ProductReview":[],"Car":[],"Recipe":[],"Service":[],"SoftwareApplication":[],"WebPage":[]},"graphName":"","isEnabled":true},"graphs":[]},"schema_type":null,"schema_type_options":null,"pillar_content":false,"robots_default":true,"robots_noindex":false,"robots_noarchive":false,"robots_nosnippet":false,"robots_nofollow":false,"robots_noimageindex":false,"robots_noodp":false,"robots_notranslate":false,"robots_max_snippet":null,"robots_max_videopreview":null,"robots_max_imagepreview":"large","priority":null,"frequency":null,"location":null,"local_seo":null,"seo_analyzer_scan_date":"2025-08-24 14:39:14","breadcrumb_settings":null,"limit_modified_date":false,"reviewed_by":null,"open_ai":null,"ai":null,"created":"2020-12-21 13:02:21","updated":"2025-08-24 14:39:14"},"aioseo_breadcrumb":"<div class=\"aioseo-breadcrumbs\"><span class=\"aioseo-breadcrumb\">\n\t<a href=\"https:\/\/candas365.es\/noticias\" title=\"Home\">Home<\/a>\n<\/span><span class=\"aioseo-breadcrumb-separator\">&ndash;<\/span><span class=\"aioseo-breadcrumb\">\n\t<a href=\"https:\/\/candas365.es\/noticias\/category\/actualidad\/\" title=\"Actualidad\">Actualidad<\/a>\n<\/span><span class=\"aioseo-breadcrumb-separator\">&ndash;<\/span><span class=\"aioseo-breadcrumb\">\n\tRedada en Alemania contra comentarios de odio en Internet\n<\/span><\/div>","aioseo_breadcrumb_json":[{"label":"Home","link":"https:\/\/candas365.es\/noticias"},{"label":"Actualidad","link":"https:\/\/candas365.es\/noticias\/category\/actualidad\/"},{"label":"Redada en Alemania contra comentarios de odio en Internet","link":"https:\/\/candas365.es\/noticias\/redada-en-alemania-contra-comentarios-de-odio-en-internet\/"}],"_links":{"self":[{"href":"https:\/\/candas365.es\/noticias\/wp-json\/wp\/v2\/posts\/31953","targetHints":{"allow":["GET"]}}],"collection":[{"href":"https:\/\/candas365.es\/noticias\/wp-json\/wp\/v2\/posts"}],"about":[{"href":"https:\/\/candas365.es\/noticias\/wp-json\/wp\/v2\/types\/post"}],"author":[{"embeddable":true,"href":"https:\/\/candas365.es\/noticias\/wp-json\/wp\/v2\/users\/1"}],"replies":[{"embeddable":true,"href":"https:\/\/candas365.es\/noticias\/wp-json\/wp\/v2\/comments?post=31953"}],"version-history":[{"count":0,"href":"https:\/\/candas365.es\/noticias\/wp-json\/wp\/v2\/posts\/31953\/revisions"}],"wp:featuredmedia":[{"embeddable":true,"href":"https:\/\/candas365.es\/noticias\/wp-json\/wp\/v2\/media\/16457"}],"wp:attachment":[{"href":"https:\/\/candas365.es\/noticias\/wp-json\/wp\/v2\/media?parent=31953"}],"wp:term":[{"taxonomy":"category","embeddable":true,"href":"https:\/\/candas365.es\/noticias\/wp-json\/wp\/v2\/categories?post=31953"},{"taxonomy":"post_tag","embeddable":true,"href":"https:\/\/candas365.es\/noticias\/wp-json\/wp\/v2\/tags?post=31953"}],"curies":[{"name":"wp","href":"https:\/\/api.w.org\/{rel}","templated":true}]}}