{"id":31951,"date":"2016-07-13T22:08:47","date_gmt":"2016-07-13T20:38:47","guid":{"rendered":"http:\/\/candas365.es\/noticias\/?p=31951"},"modified":"2016-07-13T22:08:47","modified_gmt":"2016-07-13T20:38:47","slug":"alemania-amenaza-con-retirar-sus-tropas-de-turquia","status":"publish","type":"post","link":"https:\/\/candas365.es\/noticias\/alemania-amenaza-con-retirar-sus-tropas-de-turquia\/","title":{"rendered":"Alemania amenaza con retirar sus tropas de Turqu\u00eda"},"content":{"rendered":"<p>Berl\u00edn, 13 jul (dpa) &#8211; El vicecanciller alem\u00e1n, Sigmar Gabriel, amenaz\u00f3 con retirar a los soldados del Ej\u00e9rcito destacados en la base a\u00e9rea de Incirlik, ubicada en el sur de Turqu\u00eda, si se mantiene la prohibici\u00f3n de que los diputados alemanes puedan visitar a los soldados.<\/p>\n<p>\u00abEl ej\u00e9rcito alem\u00e1n es un ej\u00e9rcito del Parlamento\u00bb, afirm\u00f3 el l\u00edder socialdem\u00f3crata en declaraciones que public\u00f3 hoy el diario alem\u00e1n \u00abMitteldeutsche Zeitung\u00bb. \u00abY si el Parlamento no puede visitar a su Ej\u00e9rcito, entonces el Ej\u00e9rcito no puede quedarse all\u00ed. Est\u00e1 totalmente claro\u00bb, agreg\u00f3.<\/p>\n<p>Previamente el presidente del Bundestag, Norbert Lammert, hab\u00eda calificado como una opci\u00f3n retirar a las tropas de Incirlik.<\/p>\n<p>El Gobierno turco reaccion\u00f3 prohibiendo a una delegaci\u00f3n germana viajar a mediados de julio a la base de Incirlik despu\u00e9s de que el Bundestag aprobara en junio una declaraci\u00f3n en la que calificaba de \u00abgenocidio\u00bb la masacre perpetrada por el Imperio Otomano a los armenios hace 100 a\u00f1os.<\/p>\n<p>La canciller alemana, Angela Merkel, habl\u00f3 el pasado fin de semana con el presidente turco, Recep Tayyip Erdogan, en el marco de la cumbre de la OTAN en Varsovia en un intento por alcanzar un acuerdo sobre el asunto. Mientras, los expertos en Defensa de todas las fracciones parlamentarias anunciaron su intenci\u00f3n de viajar en septiembre a la base a\u00e9rea para visitar a los soldados en Turqu\u00eda.<\/p>\n<p>Alemania tiene alrededor de 250 soldados y seis aviones de reconocimiento modelo Tornado en esa base. Desde all\u00ed participa desde principios de a\u00f1o en la campa\u00f1a a\u00e9rea liderada por Estados Unidos contra el grupo terrorista Estado Isl\u00e1mico en Irak y Siria.<\/p>\n","protected":false},"excerpt":{"rendered":"<p>Berl\u00edn, 13 jul (dpa) &#8211; El vicecanciller alem\u00e1n, Sigmar Gabriel, amenaz\u00f3 con retirar a los soldados del Ej\u00e9rcito destacados en la base a\u00e9rea de Incirlik, ubicada en el sur de Turqu\u00eda, si se mantiene la prohibici\u00f3n de que los diputados alemanes puedan visitar a los soldados. \u00abEl ej\u00e9rcito alem\u00e1n es un ej\u00e9rcito del Parlamento\u00bb, afirm\u00f3<\/p>\n","protected":false},"author":1,"featured_media":16457,"comment_status":"closed","ping_status":"closed","sticky":false,"template":"","format":"standard","meta":{"footnotes":""},"categories":[343],"tags":[],"class_list":{"0":"post-31951","1":"post","2":"type-post","3":"status-publish","4":"format-standard","5":"has-post-thumbnail","7":"category-actualidad"},"aioseo_notices":[],"aioseo_head":"\n\t\t<!-- All in One SEO Pro 4.9.6.2 - aioseo.com -->\n\t<meta name=\"description\" content=\"Berl\u00edn, 13 jul (dpa) - El vicecanciller alem\u00e1n, Sigmar Gabriel, amenaz\u00f3 con retirar a los soldados del Ej\u00e9rcito destacados en la base a\u00e9rea de Incirlik, ubicada en el sur de Turqu\u00eda, si se mantiene la prohibici\u00f3n de que los diputados alemanes puedan visitar a los soldados. &quot;El ej\u00e9rcito alem\u00e1n es un ej\u00e9rcito del Parlamento&quot;, afirm\u00f3\" \/>\n\t<meta name=\"robots\" content=\"max-image-preview:large\" \/>\n\t<meta name=\"author\" content=\"Cand\u00e1s 365\"\/>\n\t<meta name=\"google-site-verification\" content=\"UA-32230408-1\" \/>\n\t<meta name=\"msvalidate.01\" content=\"354F3CDFB2DA171B47FBE9ABF1F88D5\" \/>\n\t<meta name=\"keywords\" content=\"actualidad\" \/>\n\t<link rel=\"canonical\" href=\"https:\/\/candas365.es\/noticias\/alemania-amenaza-con-retirar-sus-tropas-de-turquia\/\" \/>\n\t<meta name=\"generator\" content=\"All in One SEO Pro (AIOSEO) 4.9.6.2\" \/>\n\t\t<meta property=\"og:locale\" content=\"es_ES\" \/>\n\t\t<meta property=\"og:site_name\" content=\"Cand\u00e1s 365\" \/>\n\t\t<meta property=\"og:type\" content=\"article\" \/>\n\t\t<meta property=\"og:title\" content=\"Alemania amenaza con retirar sus tropas de Turqu\u00eda | Cand\u00e1s 365\" \/>\n\t\t<meta property=\"og:description\" content=\"Berl\u00edn, 13 jul (dpa) - El vicecanciller alem\u00e1n, Sigmar Gabriel, amenaz\u00f3 con retirar a los soldados del Ej\u00e9rcito destacados en la base a\u00e9rea de Incirlik, ubicada en el sur de Turqu\u00eda, si se mantiene la prohibici\u00f3n de que los diputados alemanes puedan visitar a los soldados. &quot;El ej\u00e9rcito alem\u00e1n es un ej\u00e9rcito del Parlamento&quot;, afirm\u00f3\" \/>\n\t\t<meta property=\"og:url\" content=\"https:\/\/candas365.es\/noticias\/alemania-amenaza-con-retirar-sus-tropas-de-turquia\/\" \/>\n\t\t<meta property=\"og:image\" content=\"https:\/\/candas365.es\/noticias\/wp-content\/uploads\/2015\/09\/c365noticias.jpg\" \/>\n\t\t<meta property=\"og:image:secure_url\" content=\"https:\/\/candas365.es\/noticias\/wp-content\/uploads\/2015\/09\/c365noticias.jpg\" \/>\n\t\t<meta property=\"og:image:width\" content=\"655\" \/>\n\t\t<meta property=\"og:image:height\" content=\"360\" \/>\n\t\t<meta property=\"article:published_time\" content=\"2016-07-13T20:38:47+00:00\" \/>\n\t\t<meta property=\"article:modified_time\" content=\"2016-07-13T20:38:47+00:00\" \/>\n\t\t<meta property=\"article:publisher\" content=\"https:\/\/www.facebook.com\/Nachofdezber\" \/>\n\t\t<meta property=\"article:author\" content=\"https:\/\/www.facebook.com\/carrenoactualidad\" \/>\n\t\t<meta name=\"twitter:card\" content=\"summary_large_image\" \/>\n\t\t<meta name=\"twitter:site\" content=\"@NabercoDigital\" \/>\n\t\t<meta name=\"twitter:title\" content=\"Alemania amenaza con retirar sus tropas de Turqu\u00eda | Cand\u00e1s 365\" \/>\n\t\t<meta name=\"twitter:description\" content=\"Berl\u00edn, 13 jul (dpa) - El vicecanciller alem\u00e1n, Sigmar Gabriel, amenaz\u00f3 con retirar a los soldados del Ej\u00e9rcito destacados en la base a\u00e9rea de Incirlik, ubicada en el sur de Turqu\u00eda, si se mantiene la prohibici\u00f3n de que los diputados alemanes puedan visitar a los soldados. &quot;El ej\u00e9rcito alem\u00e1n es un ej\u00e9rcito del Parlamento&quot;, afirm\u00f3\" \/>\n\t\t<meta name=\"twitter:creator\" content=\"@nbasturias\" \/>\n\t\t<meta name=\"twitter:image\" content=\"https:\/\/candas365.es\/noticias\/wp-content\/uploads\/2015\/09\/c365noticias.jpg\" \/>\n\t\t<meta name=\"twitter:label1\" content=\"Escrito por\" \/>\n\t\t<meta name=\"twitter:data1\" content=\"Cand\u00e1s 365\" \/>\n\t\t<meta name=\"twitter:label2\" content=\"Tiempo de lectura estimado\" \/>\n\t\t<meta name=\"twitter:data2\" content=\"1 minuto\" \/>\n\t\t<script type=\"application\/ld+json\" class=\"aioseo-schema\">\n\t\t\t{\"@context\":\"https:\\\/\\\/schema.org\",\"@graph\":[{\"@type\":\"BreadcrumbList\",\"@id\":\"https:\\\/\\\/candas365.es\\\/noticias\\\/alemania-amenaza-con-retirar-sus-tropas-de-turquia\\\/#breadcrumblist\",\"itemListElement\":[{\"@type\":\"ListItem\",\"@id\":\"https:\\\/\\\/candas365.es\\\/noticias#listItem\",\"position\":1,\"name\":\"Home\",\"item\":\"https:\\\/\\\/candas365.es\\\/noticias\",\"nextItem\":{\"@type\":\"ListItem\",\"@id\":\"https:\\\/\\\/candas365.es\\\/noticias\\\/category\\\/actualidad\\\/#listItem\",\"name\":\"Actualidad\"}},{\"@type\":\"ListItem\",\"@id\":\"https:\\\/\\\/candas365.es\\\/noticias\\\/category\\\/actualidad\\\/#listItem\",\"position\":2,\"name\":\"Actualidad\",\"item\":\"https:\\\/\\\/candas365.es\\\/noticias\\\/category\\\/actualidad\\\/\",\"nextItem\":{\"@type\":\"ListItem\",\"@id\":\"https:\\\/\\\/candas365.es\\\/noticias\\\/alemania-amenaza-con-retirar-sus-tropas-de-turquia\\\/#listItem\",\"name\":\"Alemania amenaza con retirar sus tropas de Turqu\\u00eda\"},\"previousItem\":{\"@type\":\"ListItem\",\"@id\":\"https:\\\/\\\/candas365.es\\\/noticias#listItem\",\"name\":\"Home\"}},{\"@type\":\"ListItem\",\"@id\":\"https:\\\/\\\/candas365.es\\\/noticias\\\/alemania-amenaza-con-retirar-sus-tropas-de-turquia\\\/#listItem\",\"position\":3,\"name\":\"Alemania amenaza con retirar sus tropas de Turqu\\u00eda\",\"previousItem\":{\"@type\":\"ListItem\",\"@id\":\"https:\\\/\\\/candas365.es\\\/noticias\\\/category\\\/actualidad\\\/#listItem\",\"name\":\"Actualidad\"}}]},{\"@type\":\"NewsArticle\",\"@id\":\"https:\\\/\\\/candas365.es\\\/noticias\\\/alemania-amenaza-con-retirar-sus-tropas-de-turquia\\\/#newsarticle\",\"name\":\"Alemania amenaza con retirar sus tropas de Turqu\\u00eda | Cand\\u00e1s 365\",\"headline\":\"Alemania amenaza con retirar sus tropas de Turqu\\u00eda\",\"author\":{\"@id\":\"https:\\\/\\\/candas365.es\\\/noticias\\\/author\\\/admin\\\/#author\"},\"publisher\":{\"@id\":\"https:\\\/\\\/candas365.es\\\/noticias\\\/#organization\"},\"image\":{\"@type\":\"ImageObject\",\"url\":\"https:\\\/\\\/candas365.es\\\/noticias\\\/wp-content\\\/uploads\\\/2015\\\/09\\\/c365noticias.jpg\",\"width\":655,\"height\":360},\"datePublished\":\"2016-07-13T22:08:47+02:00\",\"dateModified\":\"2016-07-13T22:08:47+02:00\",\"inLanguage\":\"es-ES\",\"mainEntityOfPage\":{\"@id\":\"https:\\\/\\\/candas365.es\\\/noticias\\\/alemania-amenaza-con-retirar-sus-tropas-de-turquia\\\/#webpage\"},\"isPartOf\":{\"@id\":\"https:\\\/\\\/candas365.es\\\/noticias\\\/alemania-amenaza-con-retirar-sus-tropas-de-turquia\\\/#webpage\"},\"articleSection\":\"Actualidad\",\"dateline\":\"Publicado el julio 13, 2016.\"},{\"@type\":\"Organization\",\"@id\":\"https:\\\/\\\/candas365.es\\\/noticias\\\/#organization\",\"name\":\"Cand\\u00e1s 365\",\"description\":\"Cand\\u00e1s 365 es un diario digital independiente, fundado en 2012, con base en Asturias. Informamos con rigor sobre actualidad, sociedad, cultura y ocio, con una mirada local y global.\",\"url\":\"https:\\\/\\\/candas365.es\\\/noticias\\\/\",\"email\":\"info@candas365.es\",\"telephone\":\"+34652131393\",\"foundingDate\":\"2012-06-10\",\"logo\":{\"@type\":\"ImageObject\",\"url\":\"https:\\\/\\\/candas365.es\\\/noticias\\\/wp-content\\\/uploads\\\/2024\\\/09\\\/Candas-365-Redes.jpg\",\"@id\":\"https:\\\/\\\/candas365.es\\\/noticias\\\/alemania-amenaza-con-retirar-sus-tropas-de-turquia\\\/#organizationLogo\",\"width\":1152,\"height\":864,\"caption\":\"Cand\\u00e1s 365 Redes\"},\"image\":{\"@id\":\"https:\\\/\\\/candas365.es\\\/noticias\\\/alemania-amenaza-con-retirar-sus-tropas-de-turquia\\\/#organizationLogo\"},\"sameAs\":[\"https:\\\/\\\/www.facebook.com\\\/Nachofdezber\",\"https:\\\/\\\/x.com\\\/NabercoDigital\",\"https:\\\/\\\/www.instagram.com\\\/nachofdezber\\\/\",\"https:\\\/\\\/www.youtube.com\\\/channel\\\/UCZP-2wLEB9Rv6erhFmqVnvg\"],\"address\":{\"@id\":\"https:\\\/\\\/candas365.es\\\/noticias\\\/#postaladdress\",\"@type\":\"PostalAddress\",\"streetAddress\":\"san antonio 4, san antonio 4\",\"postalCode\":\"33430\",\"addressLocality\":\"Cand\\u00e1s\",\"addressRegion\":\"Asturias\",\"addressCountry\":\"ES\"}},{\"@type\":\"Person\",\"@id\":\"https:\\\/\\\/candas365.es\\\/noticias\\\/author\\\/admin\\\/#author\",\"url\":\"https:\\\/\\\/candas365.es\\\/noticias\\\/author\\\/admin\\\/\",\"name\":\"Cand\\u00e1s 365\",\"image\":{\"@type\":\"ImageObject\",\"@id\":\"https:\\\/\\\/candas365.es\\\/noticias\\\/alemania-amenaza-con-retirar-sus-tropas-de-turquia\\\/#authorImage\",\"url\":\"https:\\\/\\\/secure.gravatar.com\\\/avatar\\\/496a8e03d0c493ede1718b7934145dbdf8d89be1036b0eec9544e1094c9de390?s=96&d=mm&r=g\",\"width\":96,\"height\":96,\"caption\":\"Cand\\u00e1s 365\"},\"sameAs\":[\"https:\\\/\\\/www.facebook.com\\\/carrenoactualidad\",\"https:\\\/\\\/twitter.com\\\/nbasturias\",\"https:\\\/\\\/www.instagram.com\\\/nachofdezber\\\/\",\"https:\\\/\\\/www.youtube.com\\\/channel\\\/UCZP-2wLEB9Rv6erhFmqVnvg\"]},{\"@type\":\"WebPage\",\"@id\":\"https:\\\/\\\/candas365.es\\\/noticias\\\/alemania-amenaza-con-retirar-sus-tropas-de-turquia\\\/#webpage\",\"url\":\"https:\\\/\\\/candas365.es\\\/noticias\\\/alemania-amenaza-con-retirar-sus-tropas-de-turquia\\\/\",\"name\":\"Alemania amenaza con retirar sus tropas de Turqu\\u00eda | Cand\\u00e1s 365\",\"description\":\"Berl\\u00edn, 13 jul (dpa) - El vicecanciller alem\\u00e1n, Sigmar Gabriel, amenaz\\u00f3 con retirar a los soldados del Ej\\u00e9rcito destacados en la base a\\u00e9rea de Incirlik, ubicada en el sur de Turqu\\u00eda, si se mantiene la prohibici\\u00f3n de que los diputados alemanes puedan visitar a los soldados. \\\"El ej\\u00e9rcito alem\\u00e1n es un ej\\u00e9rcito del Parlamento\\\", afirm\\u00f3\",\"inLanguage\":\"es-ES\",\"isPartOf\":{\"@id\":\"https:\\\/\\\/candas365.es\\\/noticias\\\/#website\"},\"breadcrumb\":{\"@id\":\"https:\\\/\\\/candas365.es\\\/noticias\\\/alemania-amenaza-con-retirar-sus-tropas-de-turquia\\\/#breadcrumblist\"},\"author\":{\"@id\":\"https:\\\/\\\/candas365.es\\\/noticias\\\/author\\\/admin\\\/#author\"},\"creator\":{\"@id\":\"https:\\\/\\\/candas365.es\\\/noticias\\\/author\\\/admin\\\/#author\"},\"image\":{\"@type\":\"ImageObject\",\"url\":\"https:\\\/\\\/candas365.es\\\/noticias\\\/wp-content\\\/uploads\\\/2015\\\/09\\\/c365noticias.jpg\",\"@id\":\"https:\\\/\\\/candas365.es\\\/noticias\\\/alemania-amenaza-con-retirar-sus-tropas-de-turquia\\\/#mainImage\",\"width\":655,\"height\":360},\"primaryImageOfPage\":{\"@id\":\"https:\\\/\\\/candas365.es\\\/noticias\\\/alemania-amenaza-con-retirar-sus-tropas-de-turquia\\\/#mainImage\"},\"datePublished\":\"2016-07-13T22:08:47+02:00\",\"dateModified\":\"2016-07-13T22:08:47+02:00\"},{\"@type\":\"WebSite\",\"@id\":\"https:\\\/\\\/candas365.es\\\/noticias\\\/#website\",\"url\":\"https:\\\/\\\/candas365.es\\\/noticias\\\/\",\"name\":\"Cand\\u00e1s 365\",\"alternateName\":\"Cand\\u00e1s 365 Noticias\",\"description\":\"Actualidad desde Carre\\u00f1o para el mundo\",\"inLanguage\":\"es-ES\",\"publisher\":{\"@id\":\"https:\\\/\\\/candas365.es\\\/noticias\\\/#organization\"}}]}\n\t\t<\/script>\n\t\t<!-- All in One SEO Pro -->\r\n\t\t<title>Alemania amenaza con retirar sus tropas de Turqu\u00eda | Cand\u00e1s 365<\/title>\n\n","aioseo_head_json":{"title":"Alemania amenaza con retirar sus tropas de Turqu\u00eda | Cand\u00e1s 365","description":"Berl\u00edn, 13 jul (dpa) - El vicecanciller alem\u00e1n, Sigmar Gabriel, amenaz\u00f3 con retirar a los soldados del Ej\u00e9rcito destacados en la base a\u00e9rea de Incirlik, ubicada en el sur de Turqu\u00eda, si se mantiene la prohibici\u00f3n de que los diputados alemanes puedan visitar a los soldados. \"El ej\u00e9rcito alem\u00e1n es un ej\u00e9rcito del Parlamento\", afirm\u00f3","canonical_url":"https:\/\/candas365.es\/noticias\/alemania-amenaza-con-retirar-sus-tropas-de-turquia\/","robots":"max-image-preview:large","keywords":"actualidad","webmasterTools":{"google-site-verification":"UA-32230408-1","msvalidate.01":"354F3CDFB2DA171B47FBE9ABF1F88D5","miscellaneous":""},"schema":{"@context":"https:\/\/schema.org","@graph":[{"@type":"BreadcrumbList","@id":"https:\/\/candas365.es\/noticias\/alemania-amenaza-con-retirar-sus-tropas-de-turquia\/#breadcrumblist","itemListElement":[{"@type":"ListItem","@id":"https:\/\/candas365.es\/noticias#listItem","position":1,"name":"Home","item":"https:\/\/candas365.es\/noticias","nextItem":{"@type":"ListItem","@id":"https:\/\/candas365.es\/noticias\/category\/actualidad\/#listItem","name":"Actualidad"}},{"@type":"ListItem","@id":"https:\/\/candas365.es\/noticias\/category\/actualidad\/#listItem","position":2,"name":"Actualidad","item":"https:\/\/candas365.es\/noticias\/category\/actualidad\/","nextItem":{"@type":"ListItem","@id":"https:\/\/candas365.es\/noticias\/alemania-amenaza-con-retirar-sus-tropas-de-turquia\/#listItem","name":"Alemania amenaza con retirar sus tropas de Turqu\u00eda"},"previousItem":{"@type":"ListItem","@id":"https:\/\/candas365.es\/noticias#listItem","name":"Home"}},{"@type":"ListItem","@id":"https:\/\/candas365.es\/noticias\/alemania-amenaza-con-retirar-sus-tropas-de-turquia\/#listItem","position":3,"name":"Alemania amenaza con retirar sus tropas de Turqu\u00eda","previousItem":{"@type":"ListItem","@id":"https:\/\/candas365.es\/noticias\/category\/actualidad\/#listItem","name":"Actualidad"}}]},{"@type":"NewsArticle","@id":"https:\/\/candas365.es\/noticias\/alemania-amenaza-con-retirar-sus-tropas-de-turquia\/#newsarticle","name":"Alemania amenaza con retirar sus tropas de Turqu\u00eda | Cand\u00e1s 365","headline":"Alemania amenaza con retirar sus tropas de Turqu\u00eda","author":{"@id":"https:\/\/candas365.es\/noticias\/author\/admin\/#author"},"publisher":{"@id":"https:\/\/candas365.es\/noticias\/#organization"},"image":{"@type":"ImageObject","url":"https:\/\/candas365.es\/noticias\/wp-content\/uploads\/2015\/09\/c365noticias.jpg","width":655,"height":360},"datePublished":"2016-07-13T22:08:47+02:00","dateModified":"2016-07-13T22:08:47+02:00","inLanguage":"es-ES","mainEntityOfPage":{"@id":"https:\/\/candas365.es\/noticias\/alemania-amenaza-con-retirar-sus-tropas-de-turquia\/#webpage"},"isPartOf":{"@id":"https:\/\/candas365.es\/noticias\/alemania-amenaza-con-retirar-sus-tropas-de-turquia\/#webpage"},"articleSection":"Actualidad","dateline":"Publicado el julio 13, 2016."},{"@type":"Organization","@id":"https:\/\/candas365.es\/noticias\/#organization","name":"Cand\u00e1s 365","description":"Cand\u00e1s 365 es un diario digital independiente, fundado en 2012, con base en Asturias. Informamos con rigor sobre actualidad, sociedad, cultura y ocio, con una mirada local y global.","url":"https:\/\/candas365.es\/noticias\/","email":"info@candas365.es","telephone":"+34652131393","foundingDate":"2012-06-10","logo":{"@type":"ImageObject","url":"https:\/\/candas365.es\/noticias\/wp-content\/uploads\/2024\/09\/Candas-365-Redes.jpg","@id":"https:\/\/candas365.es\/noticias\/alemania-amenaza-con-retirar-sus-tropas-de-turquia\/#organizationLogo","width":1152,"height":864,"caption":"Cand\u00e1s 365 Redes"},"image":{"@id":"https:\/\/candas365.es\/noticias\/alemania-amenaza-con-retirar-sus-tropas-de-turquia\/#organizationLogo"},"sameAs":["https:\/\/www.facebook.com\/Nachofdezber","https:\/\/x.com\/NabercoDigital","https:\/\/www.instagram.com\/nachofdezber\/","https:\/\/www.youtube.com\/channel\/UCZP-2wLEB9Rv6erhFmqVnvg"],"address":{"@id":"https:\/\/candas365.es\/noticias\/#postaladdress","@type":"PostalAddress","streetAddress":"san antonio 4, san antonio 4","postalCode":"33430","addressLocality":"Cand\u00e1s","addressRegion":"Asturias","addressCountry":"ES"}},{"@type":"Person","@id":"https:\/\/candas365.es\/noticias\/author\/admin\/#author","url":"https:\/\/candas365.es\/noticias\/author\/admin\/","name":"Cand\u00e1s 365","image":{"@type":"ImageObject","@id":"https:\/\/candas365.es\/noticias\/alemania-amenaza-con-retirar-sus-tropas-de-turquia\/#authorImage","url":"https:\/\/secure.gravatar.com\/avatar\/496a8e03d0c493ede1718b7934145dbdf8d89be1036b0eec9544e1094c9de390?s=96&d=mm&r=g","width":96,"height":96,"caption":"Cand\u00e1s 365"},"sameAs":["https:\/\/www.facebook.com\/carrenoactualidad","https:\/\/twitter.com\/nbasturias","https:\/\/www.instagram.com\/nachofdezber\/","https:\/\/www.youtube.com\/channel\/UCZP-2wLEB9Rv6erhFmqVnvg"]},{"@type":"WebPage","@id":"https:\/\/candas365.es\/noticias\/alemania-amenaza-con-retirar-sus-tropas-de-turquia\/#webpage","url":"https:\/\/candas365.es\/noticias\/alemania-amenaza-con-retirar-sus-tropas-de-turquia\/","name":"Alemania amenaza con retirar sus tropas de Turqu\u00eda | Cand\u00e1s 365","description":"Berl\u00edn, 13 jul (dpa) - El vicecanciller alem\u00e1n, Sigmar Gabriel, amenaz\u00f3 con retirar a los soldados del Ej\u00e9rcito destacados en la base a\u00e9rea de Incirlik, ubicada en el sur de Turqu\u00eda, si se mantiene la prohibici\u00f3n de que los diputados alemanes puedan visitar a los soldados. \"El ej\u00e9rcito alem\u00e1n es un ej\u00e9rcito del Parlamento\", afirm\u00f3","inLanguage":"es-ES","isPartOf":{"@id":"https:\/\/candas365.es\/noticias\/#website"},"breadcrumb":{"@id":"https:\/\/candas365.es\/noticias\/alemania-amenaza-con-retirar-sus-tropas-de-turquia\/#breadcrumblist"},"author":{"@id":"https:\/\/candas365.es\/noticias\/author\/admin\/#author"},"creator":{"@id":"https:\/\/candas365.es\/noticias\/author\/admin\/#author"},"image":{"@type":"ImageObject","url":"https:\/\/candas365.es\/noticias\/wp-content\/uploads\/2015\/09\/c365noticias.jpg","@id":"https:\/\/candas365.es\/noticias\/alemania-amenaza-con-retirar-sus-tropas-de-turquia\/#mainImage","width":655,"height":360},"primaryImageOfPage":{"@id":"https:\/\/candas365.es\/noticias\/alemania-amenaza-con-retirar-sus-tropas-de-turquia\/#mainImage"},"datePublished":"2016-07-13T22:08:47+02:00","dateModified":"2016-07-13T22:08:47+02:00"},{"@type":"WebSite","@id":"https:\/\/candas365.es\/noticias\/#website","url":"https:\/\/candas365.es\/noticias\/","name":"Cand\u00e1s 365","alternateName":"Cand\u00e1s 365 Noticias","description":"Actualidad desde Carre\u00f1o para el mundo","inLanguage":"es-ES","publisher":{"@id":"https:\/\/candas365.es\/noticias\/#organization"}}]},"og:locale":"es_ES","og:site_name":"Cand\u00e1s 365","og:type":"article","og:title":"Alemania amenaza con retirar sus tropas de Turqu\u00eda | Cand\u00e1s 365","og:description":"Berl\u00edn, 13 jul (dpa) - El vicecanciller alem\u00e1n, Sigmar Gabriel, amenaz\u00f3 con retirar a los soldados del Ej\u00e9rcito destacados en la base a\u00e9rea de Incirlik, ubicada en el sur de Turqu\u00eda, si se mantiene la prohibici\u00f3n de que los diputados alemanes puedan visitar a los soldados. &quot;El ej\u00e9rcito alem\u00e1n es un ej\u00e9rcito del Parlamento&quot;, afirm\u00f3","og:url":"https:\/\/candas365.es\/noticias\/alemania-amenaza-con-retirar-sus-tropas-de-turquia\/","og:image":"https:\/\/candas365.es\/noticias\/wp-content\/uploads\/2015\/09\/c365noticias.jpg","og:image:secure_url":"https:\/\/candas365.es\/noticias\/wp-content\/uploads\/2015\/09\/c365noticias.jpg","og:image:width":655,"og:image:height":360,"article:published_time":"2016-07-13T20:38:47+00:00","article:modified_time":"2016-07-13T20:38:47+00:00","article:publisher":"https:\/\/www.facebook.com\/Nachofdezber","article:author":"https:\/\/www.facebook.com\/carrenoactualidad","twitter:card":"summary_large_image","twitter:site":"@NabercoDigital","twitter:title":"Alemania amenaza con retirar sus tropas de Turqu\u00eda | Cand\u00e1s 365","twitter:description":"Berl\u00edn, 13 jul (dpa) - El vicecanciller alem\u00e1n, Sigmar Gabriel, amenaz\u00f3 con retirar a los soldados del Ej\u00e9rcito destacados en la base a\u00e9rea de Incirlik, ubicada en el sur de Turqu\u00eda, si se mantiene la prohibici\u00f3n de que los diputados alemanes puedan visitar a los soldados. &quot;El ej\u00e9rcito alem\u00e1n es un ej\u00e9rcito del Parlamento&quot;, afirm\u00f3","twitter:creator":"@nbasturias","twitter:image":"https:\/\/candas365.es\/noticias\/wp-content\/uploads\/2015\/09\/c365noticias.jpg","twitter:label1":"Escrito por","twitter:data1":"Cand\u00e1s 365","twitter:label2":"Tiempo de lectura estimado","twitter:data2":"1 minuto"},"aioseo_meta_data":{"post_id":"31951","title":null,"description":null,"keywords":null,"keyphrases":null,"primary_term":null,"canonical_url":null,"og_title":null,"og_description":null,"og_object_type":"default","og_image_type":"default","og_image_url":null,"og_image_width":null,"og_image_height":null,"og_image_custom_url":null,"og_image_custom_fields":null,"og_video":null,"og_custom_url":null,"og_article_section":null,"og_article_tags":null,"twitter_use_og":false,"twitter_card":"default","twitter_image_type":"default","twitter_image_url":null,"twitter_image_custom_url":null,"twitter_image_custom_fields":null,"twitter_title":null,"twitter_description":null,"schema":{"blockGraphs":[],"customGraphs":[],"default":{"data":{"Article":[],"Course":[],"Dataset":[],"FAQPage":[],"Movie":[],"Person":[],"Product":[],"ProductReview":[],"Car":[],"Recipe":[],"Service":[],"SoftwareApplication":[],"WebPage":[]},"graphName":"","isEnabled":true},"graphs":[],"defaultGraph":"","defaultPostTypeGraph":""},"schema_type":null,"schema_type_options":null,"pillar_content":false,"robots_default":true,"robots_noindex":false,"robots_noarchive":false,"robots_nosnippet":false,"robots_nofollow":false,"robots_noimageindex":false,"robots_noodp":false,"robots_notranslate":false,"robots_max_snippet":null,"robots_max_videopreview":null,"robots_max_imagepreview":"large","priority":null,"frequency":null,"location":null,"local_seo":null,"seo_analyzer_scan_date":"2025-08-24 14:39:13","breadcrumb_settings":null,"limit_modified_date":false,"reviewed_by":null,"open_ai":null,"ai":null,"created":"2020-12-21 13:02:21","updated":"2025-08-24 14:39:13"},"aioseo_breadcrumb":"<div class=\"aioseo-breadcrumbs\"><span class=\"aioseo-breadcrumb\">\n\t<a href=\"https:\/\/candas365.es\/noticias\" title=\"Home\">Home<\/a>\n<\/span><span class=\"aioseo-breadcrumb-separator\">&ndash;<\/span><span class=\"aioseo-breadcrumb\">\n\t<a href=\"https:\/\/candas365.es\/noticias\/category\/actualidad\/\" title=\"Actualidad\">Actualidad<\/a>\n<\/span><span class=\"aioseo-breadcrumb-separator\">&ndash;<\/span><span class=\"aioseo-breadcrumb\">\n\tAlemania amenaza con retirar sus tropas de Turqu\u00eda\n<\/span><\/div>","aioseo_breadcrumb_json":[{"label":"Home","link":"https:\/\/candas365.es\/noticias"},{"label":"Actualidad","link":"https:\/\/candas365.es\/noticias\/category\/actualidad\/"},{"label":"Alemania amenaza con retirar sus tropas de Turqu\u00eda","link":"https:\/\/candas365.es\/noticias\/alemania-amenaza-con-retirar-sus-tropas-de-turquia\/"}],"_links":{"self":[{"href":"https:\/\/candas365.es\/noticias\/wp-json\/wp\/v2\/posts\/31951","targetHints":{"allow":["GET"]}}],"collection":[{"href":"https:\/\/candas365.es\/noticias\/wp-json\/wp\/v2\/posts"}],"about":[{"href":"https:\/\/candas365.es\/noticias\/wp-json\/wp\/v2\/types\/post"}],"author":[{"embeddable":true,"href":"https:\/\/candas365.es\/noticias\/wp-json\/wp\/v2\/users\/1"}],"replies":[{"embeddable":true,"href":"https:\/\/candas365.es\/noticias\/wp-json\/wp\/v2\/comments?post=31951"}],"version-history":[{"count":0,"href":"https:\/\/candas365.es\/noticias\/wp-json\/wp\/v2\/posts\/31951\/revisions"}],"wp:featuredmedia":[{"embeddable":true,"href":"https:\/\/candas365.es\/noticias\/wp-json\/wp\/v2\/media\/16457"}],"wp:attachment":[{"href":"https:\/\/candas365.es\/noticias\/wp-json\/wp\/v2\/media?parent=31951"}],"wp:term":[{"taxonomy":"category","embeddable":true,"href":"https:\/\/candas365.es\/noticias\/wp-json\/wp\/v2\/categories?post=31951"},{"taxonomy":"post_tag","embeddable":true,"href":"https:\/\/candas365.es\/noticias\/wp-json\/wp\/v2\/tags?post=31951"}],"curies":[{"name":"wp","href":"https:\/\/api.w.org\/{rel}","templated":true}]}}