{"id":31949,"date":"2016-07-13T22:07:52","date_gmt":"2016-07-13T20:37:52","guid":{"rendered":"http:\/\/candas365.es\/noticias\/?p=31949"},"modified":"2016-07-13T22:07:52","modified_gmt":"2016-07-13T20:37:52","slug":"el-famoso-comisario-sueco-wallander-llega-a-una-opera-en-alemania","status":"publish","type":"post","link":"https:\/\/candas365.es\/noticias\/el-famoso-comisario-sueco-wallander-llega-a-una-opera-en-alemania\/","title":{"rendered":"El famoso comisario sueco Wallander llega a una \u00f3pera en Alemania"},"content":{"rendered":"<p>T\u00fcbingen (Alemania), 13 jul (dpa) &#8211; Kurt Wallander, el famoso comisario de las novelas del autor sueco Henning Mankell, se convierte en personaje de una \u00f3pera que podr\u00e1 verse el viernes en T\u00fcbingen.<\/p>\n<p>La \u00f3pera \u00abW &#8211; The Truth Beyond\u00bb, en la que el comisario ir\u00e1 en busca de la verdad, promete \u00abuna historia de memoria, olvido, amor e identidad\u00bb.<\/p>\n<p>El caso que tendr\u00e1 que desentra\u00f1ar Wallander a las puertas de su jubilaci\u00f3n gira en torno a un preso liberado, que el comisario detuvo hace tiempo. \u00bfTodo fue realmente como se plante\u00f3 entonces?<\/p>\n<p>Un total de 120 actores participan en la producci\u00f3n, entre los que se encuentran seis solistas del coro de la Universidad de T\u00fcbingen y de la Filarm\u00f3nica de Reutlingen.<\/p>\n<p>La direcci\u00f3n corre a cargo del director musical de la Universidad de T\u00fcbingen, Philipp Amelung, del que parti\u00f3 la idea del proyecto.<\/p>\n<p>Cuando hace un a\u00f1o dirigi\u00f3 una pieza del compositor contempor\u00e1neo sueco Fredik Sixten, se sinti\u00f3 como el depresivo Wallander. Desde entonces su objetivo fue aunar este personaje con la m\u00fasica de Sixten.<\/p>\n<p>En enero de 2013 Amelung se encontr\u00f3 con Mankell. La idea de crear una \u00f3pera all\u00ed donde termina el \u00faltimo libro de Wallander le gust\u00f3 al famoso escritor. \u00abCon el abordo estaba seguro de que iba a funcionar y de que iba a ser grandioso\u00bb, afirm\u00f3 Amelung.<\/p>\n<p>El director musical est\u00e1 feliz de haber podido tener un encuentro con Mankell antes de su grave c\u00e1ncer, que acab\u00f3 con la vida del escritor en octubre de 2015 a la edad de 67 a\u00f1os.<\/p>\n<p>Amelung le encarg\u00f3 la m\u00fasica al compositor Sixten y el texto oper\u00edstico al libretista Klas Abrahamsson. Mientras, la puesta en escena corre a cargo de la directora Julia Riegel.<\/p>\n<p>Tras tres representaciones en T\u00fcbingen (15, 16 y 18 de julio) la \u00f3pera viajar\u00e1 en agosto a la ciudad sueca de Ystad, la ciudad de Wallander.<\/p>\n","protected":false},"excerpt":{"rendered":"<p>T\u00fcbingen (Alemania), 13 jul (dpa) &#8211; Kurt Wallander, el famoso comisario de las novelas del autor sueco Henning Mankell, se convierte en personaje de una \u00f3pera que podr\u00e1 verse el viernes en T\u00fcbingen. La \u00f3pera \u00abW &#8211; The Truth Beyond\u00bb, en la que el comisario ir\u00e1 en busca de la verdad, promete \u00abuna historia de<\/p>\n","protected":false},"author":1,"featured_media":16457,"comment_status":"closed","ping_status":"closed","sticky":false,"template":"","format":"standard","meta":{"footnotes":""},"categories":[343],"tags":[],"class_list":{"0":"post-31949","1":"post","2":"type-post","3":"status-publish","4":"format-standard","5":"has-post-thumbnail","7":"category-actualidad"},"aioseo_notices":[],"aioseo_head":"\n\t\t<!-- All in One SEO Pro 4.9.6.2 - aioseo.com -->\n\t<meta name=\"description\" content=\"T\u00fcbingen (Alemania), 13 jul (dpa) - Kurt Wallander, el famoso comisario de las novelas del autor sueco Henning Mankell, se convierte en personaje de una \u00f3pera que podr\u00e1 verse el viernes en T\u00fcbingen. La \u00f3pera &quot;W - The Truth Beyond&quot;, en la que el comisario ir\u00e1 en busca de la verdad, promete &quot;una historia de\" \/>\n\t<meta name=\"robots\" content=\"max-image-preview:large\" \/>\n\t<meta name=\"author\" content=\"Cand\u00e1s 365\"\/>\n\t<meta name=\"google-site-verification\" content=\"UA-32230408-1\" \/>\n\t<meta name=\"msvalidate.01\" content=\"354F3CDFB2DA171B47FBE9ABF1F88D5\" \/>\n\t<meta name=\"keywords\" content=\"actualidad\" \/>\n\t<link rel=\"canonical\" href=\"https:\/\/candas365.es\/noticias\/el-famoso-comisario-sueco-wallander-llega-a-una-opera-en-alemania\/\" \/>\n\t<meta name=\"generator\" content=\"All in One SEO Pro (AIOSEO) 4.9.6.2\" \/>\n\t\t<meta property=\"og:locale\" content=\"es_ES\" \/>\n\t\t<meta property=\"og:site_name\" content=\"Cand\u00e1s 365\" \/>\n\t\t<meta property=\"og:type\" content=\"article\" \/>\n\t\t<meta property=\"og:title\" content=\"El famoso comisario sueco Wallander llega a una \u00f3pera en Alemania | Cand\u00e1s 365\" \/>\n\t\t<meta property=\"og:description\" content=\"T\u00fcbingen (Alemania), 13 jul (dpa) - Kurt Wallander, el famoso comisario de las novelas del autor sueco Henning Mankell, se convierte en personaje de una \u00f3pera que podr\u00e1 verse el viernes en T\u00fcbingen. La \u00f3pera &quot;W - The Truth Beyond&quot;, en la que el comisario ir\u00e1 en busca de la verdad, promete &quot;una historia de\" \/>\n\t\t<meta property=\"og:url\" content=\"https:\/\/candas365.es\/noticias\/el-famoso-comisario-sueco-wallander-llega-a-una-opera-en-alemania\/\" \/>\n\t\t<meta property=\"og:image\" content=\"https:\/\/candas365.es\/noticias\/wp-content\/uploads\/2015\/09\/c365noticias.jpg\" \/>\n\t\t<meta property=\"og:image:secure_url\" content=\"https:\/\/candas365.es\/noticias\/wp-content\/uploads\/2015\/09\/c365noticias.jpg\" \/>\n\t\t<meta property=\"og:image:width\" content=\"655\" \/>\n\t\t<meta property=\"og:image:height\" content=\"360\" \/>\n\t\t<meta property=\"article:published_time\" content=\"2016-07-13T20:37:52+00:00\" \/>\n\t\t<meta property=\"article:modified_time\" content=\"2016-07-13T20:37:52+00:00\" \/>\n\t\t<meta property=\"article:publisher\" content=\"https:\/\/www.facebook.com\/Nachofdezber\" \/>\n\t\t<meta property=\"article:author\" content=\"https:\/\/www.facebook.com\/carrenoactualidad\" \/>\n\t\t<meta name=\"twitter:card\" content=\"summary_large_image\" \/>\n\t\t<meta name=\"twitter:site\" content=\"@NabercoDigital\" \/>\n\t\t<meta name=\"twitter:title\" content=\"El famoso comisario sueco Wallander llega a una \u00f3pera en Alemania | Cand\u00e1s 365\" \/>\n\t\t<meta name=\"twitter:description\" content=\"T\u00fcbingen (Alemania), 13 jul (dpa) - Kurt Wallander, el famoso comisario de las novelas del autor sueco Henning Mankell, se convierte en personaje de una \u00f3pera que podr\u00e1 verse el viernes en T\u00fcbingen. La \u00f3pera &quot;W - The Truth Beyond&quot;, en la que el comisario ir\u00e1 en busca de la verdad, promete &quot;una historia de\" \/>\n\t\t<meta name=\"twitter:creator\" content=\"@nbasturias\" \/>\n\t\t<meta name=\"twitter:image\" content=\"https:\/\/candas365.es\/noticias\/wp-content\/uploads\/2015\/09\/c365noticias.jpg\" \/>\n\t\t<meta name=\"twitter:label1\" content=\"Escrito por\" \/>\n\t\t<meta name=\"twitter:data1\" content=\"Cand\u00e1s 365\" \/>\n\t\t<meta name=\"twitter:label2\" content=\"Tiempo de lectura estimado\" \/>\n\t\t<meta name=\"twitter:data2\" content=\"2 minutos\" \/>\n\t\t<script type=\"application\/ld+json\" class=\"aioseo-schema\">\n\t\t\t{\"@context\":\"https:\\\/\\\/schema.org\",\"@graph\":[{\"@type\":\"BreadcrumbList\",\"@id\":\"https:\\\/\\\/candas365.es\\\/noticias\\\/el-famoso-comisario-sueco-wallander-llega-a-una-opera-en-alemania\\\/#breadcrumblist\",\"itemListElement\":[{\"@type\":\"ListItem\",\"@id\":\"https:\\\/\\\/candas365.es\\\/noticias#listItem\",\"position\":1,\"name\":\"Home\",\"item\":\"https:\\\/\\\/candas365.es\\\/noticias\",\"nextItem\":{\"@type\":\"ListItem\",\"@id\":\"https:\\\/\\\/candas365.es\\\/noticias\\\/category\\\/actualidad\\\/#listItem\",\"name\":\"Actualidad\"}},{\"@type\":\"ListItem\",\"@id\":\"https:\\\/\\\/candas365.es\\\/noticias\\\/category\\\/actualidad\\\/#listItem\",\"position\":2,\"name\":\"Actualidad\",\"item\":\"https:\\\/\\\/candas365.es\\\/noticias\\\/category\\\/actualidad\\\/\",\"nextItem\":{\"@type\":\"ListItem\",\"@id\":\"https:\\\/\\\/candas365.es\\\/noticias\\\/el-famoso-comisario-sueco-wallander-llega-a-una-opera-en-alemania\\\/#listItem\",\"name\":\"El famoso comisario sueco Wallander llega a una \\u00f3pera en Alemania\"},\"previousItem\":{\"@type\":\"ListItem\",\"@id\":\"https:\\\/\\\/candas365.es\\\/noticias#listItem\",\"name\":\"Home\"}},{\"@type\":\"ListItem\",\"@id\":\"https:\\\/\\\/candas365.es\\\/noticias\\\/el-famoso-comisario-sueco-wallander-llega-a-una-opera-en-alemania\\\/#listItem\",\"position\":3,\"name\":\"El famoso comisario sueco Wallander llega a una \\u00f3pera en Alemania\",\"previousItem\":{\"@type\":\"ListItem\",\"@id\":\"https:\\\/\\\/candas365.es\\\/noticias\\\/category\\\/actualidad\\\/#listItem\",\"name\":\"Actualidad\"}}]},{\"@type\":\"NewsArticle\",\"@id\":\"https:\\\/\\\/candas365.es\\\/noticias\\\/el-famoso-comisario-sueco-wallander-llega-a-una-opera-en-alemania\\\/#newsarticle\",\"name\":\"El famoso comisario sueco Wallander llega a una \\u00f3pera en Alemania | Cand\\u00e1s 365\",\"headline\":\"El famoso comisario sueco Wallander llega a una \\u00f3pera en Alemania\",\"author\":{\"@id\":\"https:\\\/\\\/candas365.es\\\/noticias\\\/author\\\/admin\\\/#author\"},\"publisher\":{\"@id\":\"https:\\\/\\\/candas365.es\\\/noticias\\\/#organization\"},\"image\":{\"@type\":\"ImageObject\",\"url\":\"https:\\\/\\\/candas365.es\\\/noticias\\\/wp-content\\\/uploads\\\/2015\\\/09\\\/c365noticias.jpg\",\"width\":655,\"height\":360},\"datePublished\":\"2016-07-13T22:07:52+02:00\",\"dateModified\":\"2016-07-13T22:07:52+02:00\",\"inLanguage\":\"es-ES\",\"mainEntityOfPage\":{\"@id\":\"https:\\\/\\\/candas365.es\\\/noticias\\\/el-famoso-comisario-sueco-wallander-llega-a-una-opera-en-alemania\\\/#webpage\"},\"isPartOf\":{\"@id\":\"https:\\\/\\\/candas365.es\\\/noticias\\\/el-famoso-comisario-sueco-wallander-llega-a-una-opera-en-alemania\\\/#webpage\"},\"articleSection\":\"Actualidad\",\"dateline\":\"Publicado el julio 13, 2016.\"},{\"@type\":\"Organization\",\"@id\":\"https:\\\/\\\/candas365.es\\\/noticias\\\/#organization\",\"name\":\"Cand\\u00e1s 365\",\"description\":\"Cand\\u00e1s 365 es un diario digital independiente, fundado en 2012, con base en Asturias. Informamos con rigor sobre actualidad, sociedad, cultura y ocio, con una mirada local y global.\",\"url\":\"https:\\\/\\\/candas365.es\\\/noticias\\\/\",\"email\":\"info@candas365.es\",\"telephone\":\"+34652131393\",\"foundingDate\":\"2012-06-10\",\"logo\":{\"@type\":\"ImageObject\",\"url\":\"https:\\\/\\\/candas365.es\\\/noticias\\\/wp-content\\\/uploads\\\/2024\\\/09\\\/Candas-365-Redes.jpg\",\"@id\":\"https:\\\/\\\/candas365.es\\\/noticias\\\/el-famoso-comisario-sueco-wallander-llega-a-una-opera-en-alemania\\\/#organizationLogo\",\"width\":1152,\"height\":864,\"caption\":\"Cand\\u00e1s 365 Redes\"},\"image\":{\"@id\":\"https:\\\/\\\/candas365.es\\\/noticias\\\/el-famoso-comisario-sueco-wallander-llega-a-una-opera-en-alemania\\\/#organizationLogo\"},\"sameAs\":[\"https:\\\/\\\/www.facebook.com\\\/Nachofdezber\",\"https:\\\/\\\/x.com\\\/NabercoDigital\",\"https:\\\/\\\/www.instagram.com\\\/nachofdezber\\\/\",\"https:\\\/\\\/www.youtube.com\\\/channel\\\/UCZP-2wLEB9Rv6erhFmqVnvg\"],\"address\":{\"@id\":\"https:\\\/\\\/candas365.es\\\/noticias\\\/#postaladdress\",\"@type\":\"PostalAddress\",\"streetAddress\":\"san antonio 4, san antonio 4\",\"postalCode\":\"33430\",\"addressLocality\":\"Cand\\u00e1s\",\"addressRegion\":\"Asturias\",\"addressCountry\":\"ES\"}},{\"@type\":\"Person\",\"@id\":\"https:\\\/\\\/candas365.es\\\/noticias\\\/author\\\/admin\\\/#author\",\"url\":\"https:\\\/\\\/candas365.es\\\/noticias\\\/author\\\/admin\\\/\",\"name\":\"Cand\\u00e1s 365\",\"image\":{\"@type\":\"ImageObject\",\"@id\":\"https:\\\/\\\/candas365.es\\\/noticias\\\/el-famoso-comisario-sueco-wallander-llega-a-una-opera-en-alemania\\\/#authorImage\",\"url\":\"https:\\\/\\\/secure.gravatar.com\\\/avatar\\\/496a8e03d0c493ede1718b7934145dbdf8d89be1036b0eec9544e1094c9de390?s=96&d=mm&r=g\",\"width\":96,\"height\":96,\"caption\":\"Cand\\u00e1s 365\"},\"sameAs\":[\"https:\\\/\\\/www.facebook.com\\\/carrenoactualidad\",\"https:\\\/\\\/twitter.com\\\/nbasturias\",\"https:\\\/\\\/www.instagram.com\\\/nachofdezber\\\/\",\"https:\\\/\\\/www.youtube.com\\\/channel\\\/UCZP-2wLEB9Rv6erhFmqVnvg\"]},{\"@type\":\"WebPage\",\"@id\":\"https:\\\/\\\/candas365.es\\\/noticias\\\/el-famoso-comisario-sueco-wallander-llega-a-una-opera-en-alemania\\\/#webpage\",\"url\":\"https:\\\/\\\/candas365.es\\\/noticias\\\/el-famoso-comisario-sueco-wallander-llega-a-una-opera-en-alemania\\\/\",\"name\":\"El famoso comisario sueco Wallander llega a una \\u00f3pera en Alemania | Cand\\u00e1s 365\",\"description\":\"T\\u00fcbingen (Alemania), 13 jul (dpa) - Kurt Wallander, el famoso comisario de las novelas del autor sueco Henning Mankell, se convierte en personaje de una \\u00f3pera que podr\\u00e1 verse el viernes en T\\u00fcbingen. La \\u00f3pera \\\"W - The Truth Beyond\\\", en la que el comisario ir\\u00e1 en busca de la verdad, promete \\\"una historia de\",\"inLanguage\":\"es-ES\",\"isPartOf\":{\"@id\":\"https:\\\/\\\/candas365.es\\\/noticias\\\/#website\"},\"breadcrumb\":{\"@id\":\"https:\\\/\\\/candas365.es\\\/noticias\\\/el-famoso-comisario-sueco-wallander-llega-a-una-opera-en-alemania\\\/#breadcrumblist\"},\"author\":{\"@id\":\"https:\\\/\\\/candas365.es\\\/noticias\\\/author\\\/admin\\\/#author\"},\"creator\":{\"@id\":\"https:\\\/\\\/candas365.es\\\/noticias\\\/author\\\/admin\\\/#author\"},\"image\":{\"@type\":\"ImageObject\",\"url\":\"https:\\\/\\\/candas365.es\\\/noticias\\\/wp-content\\\/uploads\\\/2015\\\/09\\\/c365noticias.jpg\",\"@id\":\"https:\\\/\\\/candas365.es\\\/noticias\\\/el-famoso-comisario-sueco-wallander-llega-a-una-opera-en-alemania\\\/#mainImage\",\"width\":655,\"height\":360},\"primaryImageOfPage\":{\"@id\":\"https:\\\/\\\/candas365.es\\\/noticias\\\/el-famoso-comisario-sueco-wallander-llega-a-una-opera-en-alemania\\\/#mainImage\"},\"datePublished\":\"2016-07-13T22:07:52+02:00\",\"dateModified\":\"2016-07-13T22:07:52+02:00\"},{\"@type\":\"WebSite\",\"@id\":\"https:\\\/\\\/candas365.es\\\/noticias\\\/#website\",\"url\":\"https:\\\/\\\/candas365.es\\\/noticias\\\/\",\"name\":\"Cand\\u00e1s 365\",\"alternateName\":\"Cand\\u00e1s 365 Noticias\",\"description\":\"Actualidad desde Carre\\u00f1o para el mundo\",\"inLanguage\":\"es-ES\",\"publisher\":{\"@id\":\"https:\\\/\\\/candas365.es\\\/noticias\\\/#organization\"}}]}\n\t\t<\/script>\n\t\t<!-- All in One SEO Pro -->\r\n\t\t<title>El famoso comisario sueco Wallander llega a una \u00f3pera en Alemania | Cand\u00e1s 365<\/title>\n\n","aioseo_head_json":{"title":"El famoso comisario sueco Wallander llega a una \u00f3pera en Alemania | Cand\u00e1s 365","description":"T\u00fcbingen (Alemania), 13 jul (dpa) - Kurt Wallander, el famoso comisario de las novelas del autor sueco Henning Mankell, se convierte en personaje de una \u00f3pera que podr\u00e1 verse el viernes en T\u00fcbingen. La \u00f3pera \"W - The Truth Beyond\", en la que el comisario ir\u00e1 en busca de la verdad, promete \"una historia de","canonical_url":"https:\/\/candas365.es\/noticias\/el-famoso-comisario-sueco-wallander-llega-a-una-opera-en-alemania\/","robots":"max-image-preview:large","keywords":"actualidad","webmasterTools":{"google-site-verification":"UA-32230408-1","msvalidate.01":"354F3CDFB2DA171B47FBE9ABF1F88D5","miscellaneous":""},"schema":{"@context":"https:\/\/schema.org","@graph":[{"@type":"BreadcrumbList","@id":"https:\/\/candas365.es\/noticias\/el-famoso-comisario-sueco-wallander-llega-a-una-opera-en-alemania\/#breadcrumblist","itemListElement":[{"@type":"ListItem","@id":"https:\/\/candas365.es\/noticias#listItem","position":1,"name":"Home","item":"https:\/\/candas365.es\/noticias","nextItem":{"@type":"ListItem","@id":"https:\/\/candas365.es\/noticias\/category\/actualidad\/#listItem","name":"Actualidad"}},{"@type":"ListItem","@id":"https:\/\/candas365.es\/noticias\/category\/actualidad\/#listItem","position":2,"name":"Actualidad","item":"https:\/\/candas365.es\/noticias\/category\/actualidad\/","nextItem":{"@type":"ListItem","@id":"https:\/\/candas365.es\/noticias\/el-famoso-comisario-sueco-wallander-llega-a-una-opera-en-alemania\/#listItem","name":"El famoso comisario sueco Wallander llega a una \u00f3pera en Alemania"},"previousItem":{"@type":"ListItem","@id":"https:\/\/candas365.es\/noticias#listItem","name":"Home"}},{"@type":"ListItem","@id":"https:\/\/candas365.es\/noticias\/el-famoso-comisario-sueco-wallander-llega-a-una-opera-en-alemania\/#listItem","position":3,"name":"El famoso comisario sueco Wallander llega a una \u00f3pera en Alemania","previousItem":{"@type":"ListItem","@id":"https:\/\/candas365.es\/noticias\/category\/actualidad\/#listItem","name":"Actualidad"}}]},{"@type":"NewsArticle","@id":"https:\/\/candas365.es\/noticias\/el-famoso-comisario-sueco-wallander-llega-a-una-opera-en-alemania\/#newsarticle","name":"El famoso comisario sueco Wallander llega a una \u00f3pera en Alemania | Cand\u00e1s 365","headline":"El famoso comisario sueco Wallander llega a una \u00f3pera en Alemania","author":{"@id":"https:\/\/candas365.es\/noticias\/author\/admin\/#author"},"publisher":{"@id":"https:\/\/candas365.es\/noticias\/#organization"},"image":{"@type":"ImageObject","url":"https:\/\/candas365.es\/noticias\/wp-content\/uploads\/2015\/09\/c365noticias.jpg","width":655,"height":360},"datePublished":"2016-07-13T22:07:52+02:00","dateModified":"2016-07-13T22:07:52+02:00","inLanguage":"es-ES","mainEntityOfPage":{"@id":"https:\/\/candas365.es\/noticias\/el-famoso-comisario-sueco-wallander-llega-a-una-opera-en-alemania\/#webpage"},"isPartOf":{"@id":"https:\/\/candas365.es\/noticias\/el-famoso-comisario-sueco-wallander-llega-a-una-opera-en-alemania\/#webpage"},"articleSection":"Actualidad","dateline":"Publicado el julio 13, 2016."},{"@type":"Organization","@id":"https:\/\/candas365.es\/noticias\/#organization","name":"Cand\u00e1s 365","description":"Cand\u00e1s 365 es un diario digital independiente, fundado en 2012, con base en Asturias. Informamos con rigor sobre actualidad, sociedad, cultura y ocio, con una mirada local y global.","url":"https:\/\/candas365.es\/noticias\/","email":"info@candas365.es","telephone":"+34652131393","foundingDate":"2012-06-10","logo":{"@type":"ImageObject","url":"https:\/\/candas365.es\/noticias\/wp-content\/uploads\/2024\/09\/Candas-365-Redes.jpg","@id":"https:\/\/candas365.es\/noticias\/el-famoso-comisario-sueco-wallander-llega-a-una-opera-en-alemania\/#organizationLogo","width":1152,"height":864,"caption":"Cand\u00e1s 365 Redes"},"image":{"@id":"https:\/\/candas365.es\/noticias\/el-famoso-comisario-sueco-wallander-llega-a-una-opera-en-alemania\/#organizationLogo"},"sameAs":["https:\/\/www.facebook.com\/Nachofdezber","https:\/\/x.com\/NabercoDigital","https:\/\/www.instagram.com\/nachofdezber\/","https:\/\/www.youtube.com\/channel\/UCZP-2wLEB9Rv6erhFmqVnvg"],"address":{"@id":"https:\/\/candas365.es\/noticias\/#postaladdress","@type":"PostalAddress","streetAddress":"san antonio 4, san antonio 4","postalCode":"33430","addressLocality":"Cand\u00e1s","addressRegion":"Asturias","addressCountry":"ES"}},{"@type":"Person","@id":"https:\/\/candas365.es\/noticias\/author\/admin\/#author","url":"https:\/\/candas365.es\/noticias\/author\/admin\/","name":"Cand\u00e1s 365","image":{"@type":"ImageObject","@id":"https:\/\/candas365.es\/noticias\/el-famoso-comisario-sueco-wallander-llega-a-una-opera-en-alemania\/#authorImage","url":"https:\/\/secure.gravatar.com\/avatar\/496a8e03d0c493ede1718b7934145dbdf8d89be1036b0eec9544e1094c9de390?s=96&d=mm&r=g","width":96,"height":96,"caption":"Cand\u00e1s 365"},"sameAs":["https:\/\/www.facebook.com\/carrenoactualidad","https:\/\/twitter.com\/nbasturias","https:\/\/www.instagram.com\/nachofdezber\/","https:\/\/www.youtube.com\/channel\/UCZP-2wLEB9Rv6erhFmqVnvg"]},{"@type":"WebPage","@id":"https:\/\/candas365.es\/noticias\/el-famoso-comisario-sueco-wallander-llega-a-una-opera-en-alemania\/#webpage","url":"https:\/\/candas365.es\/noticias\/el-famoso-comisario-sueco-wallander-llega-a-una-opera-en-alemania\/","name":"El famoso comisario sueco Wallander llega a una \u00f3pera en Alemania | Cand\u00e1s 365","description":"T\u00fcbingen (Alemania), 13 jul (dpa) - Kurt Wallander, el famoso comisario de las novelas del autor sueco Henning Mankell, se convierte en personaje de una \u00f3pera que podr\u00e1 verse el viernes en T\u00fcbingen. La \u00f3pera \"W - The Truth Beyond\", en la que el comisario ir\u00e1 en busca de la verdad, promete \"una historia de","inLanguage":"es-ES","isPartOf":{"@id":"https:\/\/candas365.es\/noticias\/#website"},"breadcrumb":{"@id":"https:\/\/candas365.es\/noticias\/el-famoso-comisario-sueco-wallander-llega-a-una-opera-en-alemania\/#breadcrumblist"},"author":{"@id":"https:\/\/candas365.es\/noticias\/author\/admin\/#author"},"creator":{"@id":"https:\/\/candas365.es\/noticias\/author\/admin\/#author"},"image":{"@type":"ImageObject","url":"https:\/\/candas365.es\/noticias\/wp-content\/uploads\/2015\/09\/c365noticias.jpg","@id":"https:\/\/candas365.es\/noticias\/el-famoso-comisario-sueco-wallander-llega-a-una-opera-en-alemania\/#mainImage","width":655,"height":360},"primaryImageOfPage":{"@id":"https:\/\/candas365.es\/noticias\/el-famoso-comisario-sueco-wallander-llega-a-una-opera-en-alemania\/#mainImage"},"datePublished":"2016-07-13T22:07:52+02:00","dateModified":"2016-07-13T22:07:52+02:00"},{"@type":"WebSite","@id":"https:\/\/candas365.es\/noticias\/#website","url":"https:\/\/candas365.es\/noticias\/","name":"Cand\u00e1s 365","alternateName":"Cand\u00e1s 365 Noticias","description":"Actualidad desde Carre\u00f1o para el mundo","inLanguage":"es-ES","publisher":{"@id":"https:\/\/candas365.es\/noticias\/#organization"}}]},"og:locale":"es_ES","og:site_name":"Cand\u00e1s 365","og:type":"article","og:title":"El famoso comisario sueco Wallander llega a una \u00f3pera en Alemania | Cand\u00e1s 365","og:description":"T\u00fcbingen (Alemania), 13 jul (dpa) - Kurt Wallander, el famoso comisario de las novelas del autor sueco Henning Mankell, se convierte en personaje de una \u00f3pera que podr\u00e1 verse el viernes en T\u00fcbingen. La \u00f3pera &quot;W - The Truth Beyond&quot;, en la que el comisario ir\u00e1 en busca de la verdad, promete &quot;una historia de","og:url":"https:\/\/candas365.es\/noticias\/el-famoso-comisario-sueco-wallander-llega-a-una-opera-en-alemania\/","og:image":"https:\/\/candas365.es\/noticias\/wp-content\/uploads\/2015\/09\/c365noticias.jpg","og:image:secure_url":"https:\/\/candas365.es\/noticias\/wp-content\/uploads\/2015\/09\/c365noticias.jpg","og:image:width":655,"og:image:height":360,"article:published_time":"2016-07-13T20:37:52+00:00","article:modified_time":"2016-07-13T20:37:52+00:00","article:publisher":"https:\/\/www.facebook.com\/Nachofdezber","article:author":"https:\/\/www.facebook.com\/carrenoactualidad","twitter:card":"summary_large_image","twitter:site":"@NabercoDigital","twitter:title":"El famoso comisario sueco Wallander llega a una \u00f3pera en Alemania | Cand\u00e1s 365","twitter:description":"T\u00fcbingen (Alemania), 13 jul (dpa) - Kurt Wallander, el famoso comisario de las novelas del autor sueco Henning Mankell, se convierte en personaje de una \u00f3pera que podr\u00e1 verse el viernes en T\u00fcbingen. La \u00f3pera &quot;W - The Truth Beyond&quot;, en la que el comisario ir\u00e1 en busca de la verdad, promete &quot;una historia de","twitter:creator":"@nbasturias","twitter:image":"https:\/\/candas365.es\/noticias\/wp-content\/uploads\/2015\/09\/c365noticias.jpg","twitter:label1":"Escrito por","twitter:data1":"Cand\u00e1s 365","twitter:label2":"Tiempo de lectura estimado","twitter:data2":"2 minutos"},"aioseo_meta_data":{"post_id":"31949","title":null,"description":null,"keywords":null,"keyphrases":null,"primary_term":null,"canonical_url":null,"og_title":null,"og_description":null,"og_object_type":"default","og_image_type":"default","og_image_url":null,"og_image_width":null,"og_image_height":null,"og_image_custom_url":null,"og_image_custom_fields":null,"og_video":null,"og_custom_url":null,"og_article_section":null,"og_article_tags":null,"twitter_use_og":false,"twitter_card":"default","twitter_image_type":"default","twitter_image_url":null,"twitter_image_custom_url":null,"twitter_image_custom_fields":null,"twitter_title":null,"twitter_description":null,"schema":{"blockGraphs":[],"customGraphs":[],"default":{"data":{"Article":[],"Course":[],"Dataset":[],"FAQPage":[],"Movie":[],"Person":[],"Product":[],"ProductReview":[],"Car":[],"Recipe":[],"Service":[],"SoftwareApplication":[],"WebPage":[]},"graphName":"","isEnabled":true},"graphs":[]},"schema_type":null,"schema_type_options":null,"pillar_content":false,"robots_default":true,"robots_noindex":false,"robots_noarchive":false,"robots_nosnippet":false,"robots_nofollow":false,"robots_noimageindex":false,"robots_noodp":false,"robots_notranslate":false,"robots_max_snippet":null,"robots_max_videopreview":null,"robots_max_imagepreview":"large","priority":null,"frequency":null,"location":null,"local_seo":null,"seo_analyzer_scan_date":"2025-08-24 14:39:11","breadcrumb_settings":null,"limit_modified_date":false,"reviewed_by":null,"open_ai":null,"ai":null,"created":"2020-12-21 13:02:21","updated":"2025-08-24 14:39:11"},"aioseo_breadcrumb":"<div class=\"aioseo-breadcrumbs\"><span class=\"aioseo-breadcrumb\">\n\t<a href=\"https:\/\/candas365.es\/noticias\" title=\"Home\">Home<\/a>\n<\/span><span class=\"aioseo-breadcrumb-separator\">&ndash;<\/span><span class=\"aioseo-breadcrumb\">\n\t<a href=\"https:\/\/candas365.es\/noticias\/category\/actualidad\/\" title=\"Actualidad\">Actualidad<\/a>\n<\/span><span class=\"aioseo-breadcrumb-separator\">&ndash;<\/span><span class=\"aioseo-breadcrumb\">\n\tEl famoso comisario sueco Wallander llega a una \u00f3pera en Alemania\n<\/span><\/div>","aioseo_breadcrumb_json":[{"label":"Home","link":"https:\/\/candas365.es\/noticias"},{"label":"Actualidad","link":"https:\/\/candas365.es\/noticias\/category\/actualidad\/"},{"label":"El famoso comisario sueco Wallander llega a una \u00f3pera en Alemania","link":"https:\/\/candas365.es\/noticias\/el-famoso-comisario-sueco-wallander-llega-a-una-opera-en-alemania\/"}],"_links":{"self":[{"href":"https:\/\/candas365.es\/noticias\/wp-json\/wp\/v2\/posts\/31949","targetHints":{"allow":["GET"]}}],"collection":[{"href":"https:\/\/candas365.es\/noticias\/wp-json\/wp\/v2\/posts"}],"about":[{"href":"https:\/\/candas365.es\/noticias\/wp-json\/wp\/v2\/types\/post"}],"author":[{"embeddable":true,"href":"https:\/\/candas365.es\/noticias\/wp-json\/wp\/v2\/users\/1"}],"replies":[{"embeddable":true,"href":"https:\/\/candas365.es\/noticias\/wp-json\/wp\/v2\/comments?post=31949"}],"version-history":[{"count":0,"href":"https:\/\/candas365.es\/noticias\/wp-json\/wp\/v2\/posts\/31949\/revisions"}],"wp:featuredmedia":[{"embeddable":true,"href":"https:\/\/candas365.es\/noticias\/wp-json\/wp\/v2\/media\/16457"}],"wp:attachment":[{"href":"https:\/\/candas365.es\/noticias\/wp-json\/wp\/v2\/media?parent=31949"}],"wp:term":[{"taxonomy":"category","embeddable":true,"href":"https:\/\/candas365.es\/noticias\/wp-json\/wp\/v2\/categories?post=31949"},{"taxonomy":"post_tag","embeddable":true,"href":"https:\/\/candas365.es\/noticias\/wp-json\/wp\/v2\/tags?post=31949"}],"curies":[{"name":"wp","href":"https:\/\/api.w.org\/{rel}","templated":true}]}}