{"id":31941,"date":"2016-07-13T21:57:45","date_gmt":"2016-07-13T20:27:45","guid":{"rendered":"http:\/\/candas365.es\/noticias\/?p=31941"},"modified":"2016-07-13T21:57:45","modified_gmt":"2016-07-13T20:27:45","slug":"presidente-gauck-descarto-reparacion-economica-por-colonia-dignidad","status":"publish","type":"post","link":"https:\/\/candas365.es\/noticias\/presidente-gauck-descarto-reparacion-economica-por-colonia-dignidad\/","title":{"rendered":"Presidente Gauck descart\u00f3 reparaci\u00f3n econ\u00f3mica por Colonia Dignidad"},"content":{"rendered":"<p>Santiago de Chile, 12 jul (dpa) \u2013 El presidente alem\u00e1n Joachim Gauck descart\u00f3 reparaciones econ\u00f3micas para las v\u00edctimas de violaciones a los derechos humanos ocurridas en la Colonia Dignidad, un asentamiento de alemanes que durante la dictadura de Augusto Pinochet funcion\u00f3 como un centro de detenci\u00f3n clandestino en Chile.<\/p>\n<p>El mandatario dijo, empero, estar disponible para otorgar ayuda psicosocial a las v\u00edctimas y tambi\u00e9n para ayudar a construir lugares de memoria hist\u00f3rica que recuerden los excesos ocurridos en all\u00ed.<\/p>\n<p>\u00abYo tengo experiencia en estas cosas\u00bb, indic\u00f3.<\/p>\n<p>Gauck inici\u00f3 hoy una visita oficial a Chile y a primera hora recibi\u00f3 honores militares cuando ingres\u00f3 al palacio de La Moneda, donde se entrevist\u00f3 con la presidenta chilena Michelle Bachelet.<\/p>\n<p>Ma\u00f1ana sostendr\u00e1 un encuentro con las organizaciones civiles chilenas, entre ellas algunos representantes de las v\u00edctimas de Colonia Dignidad.<\/p>\n<p>Durante una conferencia conjunta con Bachelet, Gauck fue tajante para indicar que su pa\u00eds \u00abno acepta reclamos de reparaci\u00f3n econ\u00f3mica\u00bb de parte de las v\u00edctimas e indic\u00f3 que Alemania no contribuy\u00f3 a la instalaci\u00f3n de la dictadura de Pinochet \u00abni particip\u00f3 en la misma\u00bb.<\/p>\n<p>El mandatario anunci\u00f3 disposici\u00f3n para dar \u00abapoyo psicosocial y ayuda a personas en situaci\u00f3n dif\u00edcil\u00bb tras su experiencia dolorosa en Colonia Dignidad y tambi\u00e9n para contribuir a la memoria hist\u00f3rica, ayudando a construir lugares de homenaje a las v\u00edctimas.<\/p>\n<p>El mandatario reiter\u00f3 el compromiso anunciado por el canciller alem\u00e1n, Frank-Walter Steinmeier, de acelerar la desclasificaci\u00f3n de archivos de Colonia Dignidad \u00abpara esclarecer la verdad de este cap\u00edtulo obscuro\u00bb. Demand\u00f3 que Chile haga lo mismo con miles de fichas encontradas bajo tierra en el recinto de la Colonia.<\/p>\n<p>Gauck inst\u00f3 a \u00abun esfuerzo conjunto por la recuperaci\u00f3n de la memoria hist\u00f3rica\u00bb.<\/p>\n<p>Dignidad funcion\u00f3 en Parral, 300 kil\u00f3metros al sur de Santiago de Chile, como centro de tortura y arresto de presos pol\u00edticos opositores a la dictadura de Pinochet (1973-1990).<\/p>\n<p>Durante su conferencia, el presidente Gauck dijo que Chile y Alemania son \u00abpa\u00edses unidos por la estabilidad\u00bb y elogi\u00f3 los esfuerzos del gobierno de Bachelet por impulsar una nueva Constituci\u00f3n con participaci\u00f3n de los ciudadanos.<\/p>\n<p>\u00abEs un elemento pol\u00edtico muy innovador\u00bb, asever\u00f3.<\/p>\n<p>El mandatario dijo, asimismo, que dialog\u00f3 con Bachelet en torno a la situaci\u00f3n pol\u00edtica en la regi\u00f3n, sobre el impacto de la decisi\u00f3n del Reino Unido de salir de la Uni\u00f3n Europea e indic\u00f3 su agrado porque \u00abnuestro modelo de econom\u00eda social de mercado sea un producto de exportaci\u00f3n, y no s\u00f3lo los autom\u00f3viles\u00bb.<\/p>\n<p>&nbsp;<\/p>\n","protected":false},"excerpt":{"rendered":"<p>Santiago de Chile, 12 jul (dpa) \u2013 El presidente alem\u00e1n Joachim Gauck descart\u00f3 reparaciones econ\u00f3micas para las v\u00edctimas de violaciones a los derechos humanos ocurridas en la Colonia Dignidad, un asentamiento de alemanes que durante la dictadura de Augusto Pinochet funcion\u00f3 como un centro de detenci\u00f3n clandestino en Chile. El mandatario dijo, empero, estar disponible<\/p>\n","protected":false},"author":1,"featured_media":16457,"comment_status":"closed","ping_status":"closed","sticky":false,"template":"","format":"standard","meta":{"footnotes":""},"categories":[343],"tags":[],"class_list":{"0":"post-31941","1":"post","2":"type-post","3":"status-publish","4":"format-standard","5":"has-post-thumbnail","7":"category-actualidad"},"aioseo_notices":[],"aioseo_head":"\n\t\t<!-- All in One SEO Pro 4.9.6.2 - aioseo.com -->\n\t<meta name=\"description\" content=\"Santiago de Chile, 12 jul (dpa) \u2013 El presidente alem\u00e1n Joachim Gauck descart\u00f3 reparaciones econ\u00f3micas para las v\u00edctimas de violaciones a los derechos humanos ocurridas en la Colonia Dignidad, un asentamiento de alemanes que durante la dictadura de Augusto Pinochet funcion\u00f3 como un centro de detenci\u00f3n clandestino en Chile. El mandatario dijo, empero, estar disponible\" \/>\n\t<meta name=\"robots\" content=\"max-image-preview:large\" \/>\n\t<meta name=\"author\" content=\"Cand\u00e1s 365\"\/>\n\t<meta name=\"google-site-verification\" content=\"UA-32230408-1\" \/>\n\t<meta name=\"msvalidate.01\" content=\"354F3CDFB2DA171B47FBE9ABF1F88D5\" \/>\n\t<meta name=\"keywords\" content=\"actualidad\" \/>\n\t<link rel=\"canonical\" href=\"https:\/\/candas365.es\/noticias\/presidente-gauck-descarto-reparacion-economica-por-colonia-dignidad\/\" \/>\n\t<meta name=\"generator\" content=\"All in One SEO Pro (AIOSEO) 4.9.6.2\" \/>\n\t\t<meta property=\"og:locale\" content=\"es_ES\" \/>\n\t\t<meta property=\"og:site_name\" content=\"Cand\u00e1s 365\" \/>\n\t\t<meta property=\"og:type\" content=\"article\" \/>\n\t\t<meta property=\"og:title\" content=\"Presidente Gauck descart\u00f3 reparaci\u00f3n econ\u00f3mica por Colonia Dignidad | Cand\u00e1s 365\" \/>\n\t\t<meta property=\"og:description\" content=\"Santiago de Chile, 12 jul (dpa) \u2013 El presidente alem\u00e1n Joachim Gauck descart\u00f3 reparaciones econ\u00f3micas para las v\u00edctimas de violaciones a los derechos humanos ocurridas en la Colonia Dignidad, un asentamiento de alemanes que durante la dictadura de Augusto Pinochet funcion\u00f3 como un centro de detenci\u00f3n clandestino en Chile. El mandatario dijo, empero, estar disponible\" \/>\n\t\t<meta property=\"og:url\" content=\"https:\/\/candas365.es\/noticias\/presidente-gauck-descarto-reparacion-economica-por-colonia-dignidad\/\" \/>\n\t\t<meta property=\"og:image\" content=\"https:\/\/candas365.es\/noticias\/wp-content\/uploads\/2015\/09\/c365noticias.jpg\" \/>\n\t\t<meta property=\"og:image:secure_url\" content=\"https:\/\/candas365.es\/noticias\/wp-content\/uploads\/2015\/09\/c365noticias.jpg\" \/>\n\t\t<meta property=\"og:image:width\" content=\"655\" \/>\n\t\t<meta property=\"og:image:height\" content=\"360\" \/>\n\t\t<meta property=\"article:published_time\" content=\"2016-07-13T20:27:45+00:00\" \/>\n\t\t<meta property=\"article:modified_time\" content=\"2016-07-13T20:27:45+00:00\" \/>\n\t\t<meta property=\"article:publisher\" content=\"https:\/\/www.facebook.com\/Nachofdezber\" \/>\n\t\t<meta property=\"article:author\" content=\"https:\/\/www.facebook.com\/carrenoactualidad\" \/>\n\t\t<meta name=\"twitter:card\" content=\"summary_large_image\" \/>\n\t\t<meta name=\"twitter:site\" content=\"@NabercoDigital\" \/>\n\t\t<meta name=\"twitter:title\" content=\"Presidente Gauck descart\u00f3 reparaci\u00f3n econ\u00f3mica por Colonia Dignidad | Cand\u00e1s 365\" \/>\n\t\t<meta name=\"twitter:description\" content=\"Santiago de Chile, 12 jul (dpa) \u2013 El presidente alem\u00e1n Joachim Gauck descart\u00f3 reparaciones econ\u00f3micas para las v\u00edctimas de violaciones a los derechos humanos ocurridas en la Colonia Dignidad, un asentamiento de alemanes que durante la dictadura de Augusto Pinochet funcion\u00f3 como un centro de detenci\u00f3n clandestino en Chile. El mandatario dijo, empero, estar disponible\" \/>\n\t\t<meta name=\"twitter:creator\" content=\"@nbasturias\" \/>\n\t\t<meta name=\"twitter:image\" content=\"https:\/\/candas365.es\/noticias\/wp-content\/uploads\/2015\/09\/c365noticias.jpg\" \/>\n\t\t<meta name=\"twitter:label1\" content=\"Escrito por\" \/>\n\t\t<meta name=\"twitter:data1\" content=\"Cand\u00e1s 365\" \/>\n\t\t<meta name=\"twitter:label2\" content=\"Tiempo de lectura estimado\" \/>\n\t\t<meta name=\"twitter:data2\" content=\"2 minutos\" \/>\n\t\t<script type=\"application\/ld+json\" class=\"aioseo-schema\">\n\t\t\t{\"@context\":\"https:\\\/\\\/schema.org\",\"@graph\":[{\"@type\":\"BreadcrumbList\",\"@id\":\"https:\\\/\\\/candas365.es\\\/noticias\\\/presidente-gauck-descarto-reparacion-economica-por-colonia-dignidad\\\/#breadcrumblist\",\"itemListElement\":[{\"@type\":\"ListItem\",\"@id\":\"https:\\\/\\\/candas365.es\\\/noticias#listItem\",\"position\":1,\"name\":\"Home\",\"item\":\"https:\\\/\\\/candas365.es\\\/noticias\",\"nextItem\":{\"@type\":\"ListItem\",\"@id\":\"https:\\\/\\\/candas365.es\\\/noticias\\\/category\\\/actualidad\\\/#listItem\",\"name\":\"Actualidad\"}},{\"@type\":\"ListItem\",\"@id\":\"https:\\\/\\\/candas365.es\\\/noticias\\\/category\\\/actualidad\\\/#listItem\",\"position\":2,\"name\":\"Actualidad\",\"item\":\"https:\\\/\\\/candas365.es\\\/noticias\\\/category\\\/actualidad\\\/\",\"nextItem\":{\"@type\":\"ListItem\",\"@id\":\"https:\\\/\\\/candas365.es\\\/noticias\\\/presidente-gauck-descarto-reparacion-economica-por-colonia-dignidad\\\/#listItem\",\"name\":\"Presidente Gauck descart\\u00f3 reparaci\\u00f3n econ\\u00f3mica por Colonia Dignidad\"},\"previousItem\":{\"@type\":\"ListItem\",\"@id\":\"https:\\\/\\\/candas365.es\\\/noticias#listItem\",\"name\":\"Home\"}},{\"@type\":\"ListItem\",\"@id\":\"https:\\\/\\\/candas365.es\\\/noticias\\\/presidente-gauck-descarto-reparacion-economica-por-colonia-dignidad\\\/#listItem\",\"position\":3,\"name\":\"Presidente Gauck descart\\u00f3 reparaci\\u00f3n econ\\u00f3mica por Colonia Dignidad\",\"previousItem\":{\"@type\":\"ListItem\",\"@id\":\"https:\\\/\\\/candas365.es\\\/noticias\\\/category\\\/actualidad\\\/#listItem\",\"name\":\"Actualidad\"}}]},{\"@type\":\"NewsArticle\",\"@id\":\"https:\\\/\\\/candas365.es\\\/noticias\\\/presidente-gauck-descarto-reparacion-economica-por-colonia-dignidad\\\/#newsarticle\",\"name\":\"Presidente Gauck descart\\u00f3 reparaci\\u00f3n econ\\u00f3mica por Colonia Dignidad | Cand\\u00e1s 365\",\"headline\":\"Presidente Gauck descart\\u00f3 reparaci\\u00f3n econ\\u00f3mica por Colonia Dignidad\",\"author\":{\"@id\":\"https:\\\/\\\/candas365.es\\\/noticias\\\/author\\\/admin\\\/#author\"},\"publisher\":{\"@id\":\"https:\\\/\\\/candas365.es\\\/noticias\\\/#organization\"},\"image\":{\"@type\":\"ImageObject\",\"url\":\"https:\\\/\\\/candas365.es\\\/noticias\\\/wp-content\\\/uploads\\\/2015\\\/09\\\/c365noticias.jpg\",\"width\":655,\"height\":360},\"datePublished\":\"2016-07-13T21:57:45+02:00\",\"dateModified\":\"2016-07-13T21:57:45+02:00\",\"inLanguage\":\"es-ES\",\"mainEntityOfPage\":{\"@id\":\"https:\\\/\\\/candas365.es\\\/noticias\\\/presidente-gauck-descarto-reparacion-economica-por-colonia-dignidad\\\/#webpage\"},\"isPartOf\":{\"@id\":\"https:\\\/\\\/candas365.es\\\/noticias\\\/presidente-gauck-descarto-reparacion-economica-por-colonia-dignidad\\\/#webpage\"},\"articleSection\":\"Actualidad\",\"dateline\":\"Publicado el julio 13, 2016.\"},{\"@type\":\"Organization\",\"@id\":\"https:\\\/\\\/candas365.es\\\/noticias\\\/#organization\",\"name\":\"Cand\\u00e1s 365\",\"description\":\"Cand\\u00e1s 365 es un diario digital independiente, fundado en 2012, con base en Asturias. Informamos con rigor sobre actualidad, sociedad, cultura y ocio, con una mirada local y global.\",\"url\":\"https:\\\/\\\/candas365.es\\\/noticias\\\/\",\"email\":\"info@candas365.es\",\"telephone\":\"+34652131393\",\"foundingDate\":\"2012-06-10\",\"logo\":{\"@type\":\"ImageObject\",\"url\":\"https:\\\/\\\/candas365.es\\\/noticias\\\/wp-content\\\/uploads\\\/2024\\\/09\\\/Candas-365-Redes.jpg\",\"@id\":\"https:\\\/\\\/candas365.es\\\/noticias\\\/presidente-gauck-descarto-reparacion-economica-por-colonia-dignidad\\\/#organizationLogo\",\"width\":1152,\"height\":864,\"caption\":\"Cand\\u00e1s 365 Redes\"},\"image\":{\"@id\":\"https:\\\/\\\/candas365.es\\\/noticias\\\/presidente-gauck-descarto-reparacion-economica-por-colonia-dignidad\\\/#organizationLogo\"},\"sameAs\":[\"https:\\\/\\\/www.facebook.com\\\/Nachofdezber\",\"https:\\\/\\\/x.com\\\/NabercoDigital\",\"https:\\\/\\\/www.instagram.com\\\/nachofdezber\\\/\",\"https:\\\/\\\/www.youtube.com\\\/channel\\\/UCZP-2wLEB9Rv6erhFmqVnvg\"],\"address\":{\"@id\":\"https:\\\/\\\/candas365.es\\\/noticias\\\/#postaladdress\",\"@type\":\"PostalAddress\",\"streetAddress\":\"san antonio 4, san antonio 4\",\"postalCode\":\"33430\",\"addressLocality\":\"Cand\\u00e1s\",\"addressRegion\":\"Asturias\",\"addressCountry\":\"ES\"}},{\"@type\":\"Person\",\"@id\":\"https:\\\/\\\/candas365.es\\\/noticias\\\/author\\\/admin\\\/#author\",\"url\":\"https:\\\/\\\/candas365.es\\\/noticias\\\/author\\\/admin\\\/\",\"name\":\"Cand\\u00e1s 365\",\"image\":{\"@type\":\"ImageObject\",\"@id\":\"https:\\\/\\\/candas365.es\\\/noticias\\\/presidente-gauck-descarto-reparacion-economica-por-colonia-dignidad\\\/#authorImage\",\"url\":\"https:\\\/\\\/secure.gravatar.com\\\/avatar\\\/496a8e03d0c493ede1718b7934145dbdf8d89be1036b0eec9544e1094c9de390?s=96&d=mm&r=g\",\"width\":96,\"height\":96,\"caption\":\"Cand\\u00e1s 365\"},\"sameAs\":[\"https:\\\/\\\/www.facebook.com\\\/carrenoactualidad\",\"https:\\\/\\\/twitter.com\\\/nbasturias\",\"https:\\\/\\\/www.instagram.com\\\/nachofdezber\\\/\",\"https:\\\/\\\/www.youtube.com\\\/channel\\\/UCZP-2wLEB9Rv6erhFmqVnvg\"]},{\"@type\":\"WebPage\",\"@id\":\"https:\\\/\\\/candas365.es\\\/noticias\\\/presidente-gauck-descarto-reparacion-economica-por-colonia-dignidad\\\/#webpage\",\"url\":\"https:\\\/\\\/candas365.es\\\/noticias\\\/presidente-gauck-descarto-reparacion-economica-por-colonia-dignidad\\\/\",\"name\":\"Presidente Gauck descart\\u00f3 reparaci\\u00f3n econ\\u00f3mica por Colonia Dignidad | Cand\\u00e1s 365\",\"description\":\"Santiago de Chile, 12 jul (dpa) \\u2013 El presidente alem\\u00e1n Joachim Gauck descart\\u00f3 reparaciones econ\\u00f3micas para las v\\u00edctimas de violaciones a los derechos humanos ocurridas en la Colonia Dignidad, un asentamiento de alemanes que durante la dictadura de Augusto Pinochet funcion\\u00f3 como un centro de detenci\\u00f3n clandestino en Chile. El mandatario dijo, empero, estar disponible\",\"inLanguage\":\"es-ES\",\"isPartOf\":{\"@id\":\"https:\\\/\\\/candas365.es\\\/noticias\\\/#website\"},\"breadcrumb\":{\"@id\":\"https:\\\/\\\/candas365.es\\\/noticias\\\/presidente-gauck-descarto-reparacion-economica-por-colonia-dignidad\\\/#breadcrumblist\"},\"author\":{\"@id\":\"https:\\\/\\\/candas365.es\\\/noticias\\\/author\\\/admin\\\/#author\"},\"creator\":{\"@id\":\"https:\\\/\\\/candas365.es\\\/noticias\\\/author\\\/admin\\\/#author\"},\"image\":{\"@type\":\"ImageObject\",\"url\":\"https:\\\/\\\/candas365.es\\\/noticias\\\/wp-content\\\/uploads\\\/2015\\\/09\\\/c365noticias.jpg\",\"@id\":\"https:\\\/\\\/candas365.es\\\/noticias\\\/presidente-gauck-descarto-reparacion-economica-por-colonia-dignidad\\\/#mainImage\",\"width\":655,\"height\":360},\"primaryImageOfPage\":{\"@id\":\"https:\\\/\\\/candas365.es\\\/noticias\\\/presidente-gauck-descarto-reparacion-economica-por-colonia-dignidad\\\/#mainImage\"},\"datePublished\":\"2016-07-13T21:57:45+02:00\",\"dateModified\":\"2016-07-13T21:57:45+02:00\"},{\"@type\":\"WebSite\",\"@id\":\"https:\\\/\\\/candas365.es\\\/noticias\\\/#website\",\"url\":\"https:\\\/\\\/candas365.es\\\/noticias\\\/\",\"name\":\"Cand\\u00e1s 365\",\"alternateName\":\"Cand\\u00e1s 365 Noticias\",\"description\":\"Actualidad desde Carre\\u00f1o para el mundo\",\"inLanguage\":\"es-ES\",\"publisher\":{\"@id\":\"https:\\\/\\\/candas365.es\\\/noticias\\\/#organization\"}}]}\n\t\t<\/script>\n\t\t<!-- All in One SEO Pro -->\r\n\t\t<title>Presidente Gauck descart\u00f3 reparaci\u00f3n econ\u00f3mica por Colonia Dignidad | Cand\u00e1s 365<\/title>\n\n","aioseo_head_json":{"title":"Presidente Gauck descart\u00f3 reparaci\u00f3n econ\u00f3mica por Colonia Dignidad | Cand\u00e1s 365","description":"Santiago de Chile, 12 jul (dpa) \u2013 El presidente alem\u00e1n Joachim Gauck descart\u00f3 reparaciones econ\u00f3micas para las v\u00edctimas de violaciones a los derechos humanos ocurridas en la Colonia Dignidad, un asentamiento de alemanes que durante la dictadura de Augusto Pinochet funcion\u00f3 como un centro de detenci\u00f3n clandestino en Chile. El mandatario dijo, empero, estar disponible","canonical_url":"https:\/\/candas365.es\/noticias\/presidente-gauck-descarto-reparacion-economica-por-colonia-dignidad\/","robots":"max-image-preview:large","keywords":"actualidad","webmasterTools":{"google-site-verification":"UA-32230408-1","msvalidate.01":"354F3CDFB2DA171B47FBE9ABF1F88D5","miscellaneous":""},"schema":{"@context":"https:\/\/schema.org","@graph":[{"@type":"BreadcrumbList","@id":"https:\/\/candas365.es\/noticias\/presidente-gauck-descarto-reparacion-economica-por-colonia-dignidad\/#breadcrumblist","itemListElement":[{"@type":"ListItem","@id":"https:\/\/candas365.es\/noticias#listItem","position":1,"name":"Home","item":"https:\/\/candas365.es\/noticias","nextItem":{"@type":"ListItem","@id":"https:\/\/candas365.es\/noticias\/category\/actualidad\/#listItem","name":"Actualidad"}},{"@type":"ListItem","@id":"https:\/\/candas365.es\/noticias\/category\/actualidad\/#listItem","position":2,"name":"Actualidad","item":"https:\/\/candas365.es\/noticias\/category\/actualidad\/","nextItem":{"@type":"ListItem","@id":"https:\/\/candas365.es\/noticias\/presidente-gauck-descarto-reparacion-economica-por-colonia-dignidad\/#listItem","name":"Presidente Gauck descart\u00f3 reparaci\u00f3n econ\u00f3mica por Colonia Dignidad"},"previousItem":{"@type":"ListItem","@id":"https:\/\/candas365.es\/noticias#listItem","name":"Home"}},{"@type":"ListItem","@id":"https:\/\/candas365.es\/noticias\/presidente-gauck-descarto-reparacion-economica-por-colonia-dignidad\/#listItem","position":3,"name":"Presidente Gauck descart\u00f3 reparaci\u00f3n econ\u00f3mica por Colonia Dignidad","previousItem":{"@type":"ListItem","@id":"https:\/\/candas365.es\/noticias\/category\/actualidad\/#listItem","name":"Actualidad"}}]},{"@type":"NewsArticle","@id":"https:\/\/candas365.es\/noticias\/presidente-gauck-descarto-reparacion-economica-por-colonia-dignidad\/#newsarticle","name":"Presidente Gauck descart\u00f3 reparaci\u00f3n econ\u00f3mica por Colonia Dignidad | Cand\u00e1s 365","headline":"Presidente Gauck descart\u00f3 reparaci\u00f3n econ\u00f3mica por Colonia Dignidad","author":{"@id":"https:\/\/candas365.es\/noticias\/author\/admin\/#author"},"publisher":{"@id":"https:\/\/candas365.es\/noticias\/#organization"},"image":{"@type":"ImageObject","url":"https:\/\/candas365.es\/noticias\/wp-content\/uploads\/2015\/09\/c365noticias.jpg","width":655,"height":360},"datePublished":"2016-07-13T21:57:45+02:00","dateModified":"2016-07-13T21:57:45+02:00","inLanguage":"es-ES","mainEntityOfPage":{"@id":"https:\/\/candas365.es\/noticias\/presidente-gauck-descarto-reparacion-economica-por-colonia-dignidad\/#webpage"},"isPartOf":{"@id":"https:\/\/candas365.es\/noticias\/presidente-gauck-descarto-reparacion-economica-por-colonia-dignidad\/#webpage"},"articleSection":"Actualidad","dateline":"Publicado el julio 13, 2016."},{"@type":"Organization","@id":"https:\/\/candas365.es\/noticias\/#organization","name":"Cand\u00e1s 365","description":"Cand\u00e1s 365 es un diario digital independiente, fundado en 2012, con base en Asturias. Informamos con rigor sobre actualidad, sociedad, cultura y ocio, con una mirada local y global.","url":"https:\/\/candas365.es\/noticias\/","email":"info@candas365.es","telephone":"+34652131393","foundingDate":"2012-06-10","logo":{"@type":"ImageObject","url":"https:\/\/candas365.es\/noticias\/wp-content\/uploads\/2024\/09\/Candas-365-Redes.jpg","@id":"https:\/\/candas365.es\/noticias\/presidente-gauck-descarto-reparacion-economica-por-colonia-dignidad\/#organizationLogo","width":1152,"height":864,"caption":"Cand\u00e1s 365 Redes"},"image":{"@id":"https:\/\/candas365.es\/noticias\/presidente-gauck-descarto-reparacion-economica-por-colonia-dignidad\/#organizationLogo"},"sameAs":["https:\/\/www.facebook.com\/Nachofdezber","https:\/\/x.com\/NabercoDigital","https:\/\/www.instagram.com\/nachofdezber\/","https:\/\/www.youtube.com\/channel\/UCZP-2wLEB9Rv6erhFmqVnvg"],"address":{"@id":"https:\/\/candas365.es\/noticias\/#postaladdress","@type":"PostalAddress","streetAddress":"san antonio 4, san antonio 4","postalCode":"33430","addressLocality":"Cand\u00e1s","addressRegion":"Asturias","addressCountry":"ES"}},{"@type":"Person","@id":"https:\/\/candas365.es\/noticias\/author\/admin\/#author","url":"https:\/\/candas365.es\/noticias\/author\/admin\/","name":"Cand\u00e1s 365","image":{"@type":"ImageObject","@id":"https:\/\/candas365.es\/noticias\/presidente-gauck-descarto-reparacion-economica-por-colonia-dignidad\/#authorImage","url":"https:\/\/secure.gravatar.com\/avatar\/496a8e03d0c493ede1718b7934145dbdf8d89be1036b0eec9544e1094c9de390?s=96&d=mm&r=g","width":96,"height":96,"caption":"Cand\u00e1s 365"},"sameAs":["https:\/\/www.facebook.com\/carrenoactualidad","https:\/\/twitter.com\/nbasturias","https:\/\/www.instagram.com\/nachofdezber\/","https:\/\/www.youtube.com\/channel\/UCZP-2wLEB9Rv6erhFmqVnvg"]},{"@type":"WebPage","@id":"https:\/\/candas365.es\/noticias\/presidente-gauck-descarto-reparacion-economica-por-colonia-dignidad\/#webpage","url":"https:\/\/candas365.es\/noticias\/presidente-gauck-descarto-reparacion-economica-por-colonia-dignidad\/","name":"Presidente Gauck descart\u00f3 reparaci\u00f3n econ\u00f3mica por Colonia Dignidad | Cand\u00e1s 365","description":"Santiago de Chile, 12 jul (dpa) \u2013 El presidente alem\u00e1n Joachim Gauck descart\u00f3 reparaciones econ\u00f3micas para las v\u00edctimas de violaciones a los derechos humanos ocurridas en la Colonia Dignidad, un asentamiento de alemanes que durante la dictadura de Augusto Pinochet funcion\u00f3 como un centro de detenci\u00f3n clandestino en Chile. El mandatario dijo, empero, estar disponible","inLanguage":"es-ES","isPartOf":{"@id":"https:\/\/candas365.es\/noticias\/#website"},"breadcrumb":{"@id":"https:\/\/candas365.es\/noticias\/presidente-gauck-descarto-reparacion-economica-por-colonia-dignidad\/#breadcrumblist"},"author":{"@id":"https:\/\/candas365.es\/noticias\/author\/admin\/#author"},"creator":{"@id":"https:\/\/candas365.es\/noticias\/author\/admin\/#author"},"image":{"@type":"ImageObject","url":"https:\/\/candas365.es\/noticias\/wp-content\/uploads\/2015\/09\/c365noticias.jpg","@id":"https:\/\/candas365.es\/noticias\/presidente-gauck-descarto-reparacion-economica-por-colonia-dignidad\/#mainImage","width":655,"height":360},"primaryImageOfPage":{"@id":"https:\/\/candas365.es\/noticias\/presidente-gauck-descarto-reparacion-economica-por-colonia-dignidad\/#mainImage"},"datePublished":"2016-07-13T21:57:45+02:00","dateModified":"2016-07-13T21:57:45+02:00"},{"@type":"WebSite","@id":"https:\/\/candas365.es\/noticias\/#website","url":"https:\/\/candas365.es\/noticias\/","name":"Cand\u00e1s 365","alternateName":"Cand\u00e1s 365 Noticias","description":"Actualidad desde Carre\u00f1o para el mundo","inLanguage":"es-ES","publisher":{"@id":"https:\/\/candas365.es\/noticias\/#organization"}}]},"og:locale":"es_ES","og:site_name":"Cand\u00e1s 365","og:type":"article","og:title":"Presidente Gauck descart\u00f3 reparaci\u00f3n econ\u00f3mica por Colonia Dignidad | Cand\u00e1s 365","og:description":"Santiago de Chile, 12 jul (dpa) \u2013 El presidente alem\u00e1n Joachim Gauck descart\u00f3 reparaciones econ\u00f3micas para las v\u00edctimas de violaciones a los derechos humanos ocurridas en la Colonia Dignidad, un asentamiento de alemanes que durante la dictadura de Augusto Pinochet funcion\u00f3 como un centro de detenci\u00f3n clandestino en Chile. El mandatario dijo, empero, estar disponible","og:url":"https:\/\/candas365.es\/noticias\/presidente-gauck-descarto-reparacion-economica-por-colonia-dignidad\/","og:image":"https:\/\/candas365.es\/noticias\/wp-content\/uploads\/2015\/09\/c365noticias.jpg","og:image:secure_url":"https:\/\/candas365.es\/noticias\/wp-content\/uploads\/2015\/09\/c365noticias.jpg","og:image:width":655,"og:image:height":360,"article:published_time":"2016-07-13T20:27:45+00:00","article:modified_time":"2016-07-13T20:27:45+00:00","article:publisher":"https:\/\/www.facebook.com\/Nachofdezber","article:author":"https:\/\/www.facebook.com\/carrenoactualidad","twitter:card":"summary_large_image","twitter:site":"@NabercoDigital","twitter:title":"Presidente Gauck descart\u00f3 reparaci\u00f3n econ\u00f3mica por Colonia Dignidad | Cand\u00e1s 365","twitter:description":"Santiago de Chile, 12 jul (dpa) \u2013 El presidente alem\u00e1n Joachim Gauck descart\u00f3 reparaciones econ\u00f3micas para las v\u00edctimas de violaciones a los derechos humanos ocurridas en la Colonia Dignidad, un asentamiento de alemanes que durante la dictadura de Augusto Pinochet funcion\u00f3 como un centro de detenci\u00f3n clandestino en Chile. El mandatario dijo, empero, estar disponible","twitter:creator":"@nbasturias","twitter:image":"https:\/\/candas365.es\/noticias\/wp-content\/uploads\/2015\/09\/c365noticias.jpg","twitter:label1":"Escrito por","twitter:data1":"Cand\u00e1s 365","twitter:label2":"Tiempo de lectura estimado","twitter:data2":"2 minutos"},"aioseo_meta_data":{"post_id":"31941","title":null,"description":null,"keywords":null,"keyphrases":null,"primary_term":null,"canonical_url":null,"og_title":null,"og_description":null,"og_object_type":"default","og_image_type":"default","og_image_url":null,"og_image_width":null,"og_image_height":null,"og_image_custom_url":null,"og_image_custom_fields":null,"og_video":null,"og_custom_url":null,"og_article_section":null,"og_article_tags":null,"twitter_use_og":false,"twitter_card":"default","twitter_image_type":"default","twitter_image_url":null,"twitter_image_custom_url":null,"twitter_image_custom_fields":null,"twitter_title":null,"twitter_description":null,"schema":{"blockGraphs":[],"customGraphs":[],"default":{"data":{"Article":[],"Course":[],"Dataset":[],"FAQPage":[],"Movie":[],"Person":[],"Product":[],"ProductReview":[],"Car":[],"Recipe":[],"Service":[],"SoftwareApplication":[],"WebPage":[]},"graphName":"","isEnabled":true},"graphs":[]},"schema_type":null,"schema_type_options":null,"pillar_content":false,"robots_default":true,"robots_noindex":false,"robots_noarchive":false,"robots_nosnippet":false,"robots_nofollow":false,"robots_noimageindex":false,"robots_noodp":false,"robots_notranslate":false,"robots_max_snippet":null,"robots_max_videopreview":null,"robots_max_imagepreview":"large","priority":null,"frequency":null,"location":null,"local_seo":null,"seo_analyzer_scan_date":"2025-08-24 14:39:07","breadcrumb_settings":null,"limit_modified_date":false,"reviewed_by":null,"open_ai":null,"ai":null,"created":"2020-12-21 13:02:21","updated":"2025-08-24 14:39:07"},"aioseo_breadcrumb":"<div class=\"aioseo-breadcrumbs\"><span class=\"aioseo-breadcrumb\">\n\t<a href=\"https:\/\/candas365.es\/noticias\" title=\"Home\">Home<\/a>\n<\/span><span class=\"aioseo-breadcrumb-separator\">&ndash;<\/span><span class=\"aioseo-breadcrumb\">\n\t<a href=\"https:\/\/candas365.es\/noticias\/category\/actualidad\/\" title=\"Actualidad\">Actualidad<\/a>\n<\/span><span class=\"aioseo-breadcrumb-separator\">&ndash;<\/span><span class=\"aioseo-breadcrumb\">\n\tPresidente Gauck descart\u00f3 reparaci\u00f3n econ\u00f3mica por Colonia Dignidad\n<\/span><\/div>","aioseo_breadcrumb_json":[{"label":"Home","link":"https:\/\/candas365.es\/noticias"},{"label":"Actualidad","link":"https:\/\/candas365.es\/noticias\/category\/actualidad\/"},{"label":"Presidente Gauck descart\u00f3 reparaci\u00f3n econ\u00f3mica por Colonia Dignidad","link":"https:\/\/candas365.es\/noticias\/presidente-gauck-descarto-reparacion-economica-por-colonia-dignidad\/"}],"_links":{"self":[{"href":"https:\/\/candas365.es\/noticias\/wp-json\/wp\/v2\/posts\/31941","targetHints":{"allow":["GET"]}}],"collection":[{"href":"https:\/\/candas365.es\/noticias\/wp-json\/wp\/v2\/posts"}],"about":[{"href":"https:\/\/candas365.es\/noticias\/wp-json\/wp\/v2\/types\/post"}],"author":[{"embeddable":true,"href":"https:\/\/candas365.es\/noticias\/wp-json\/wp\/v2\/users\/1"}],"replies":[{"embeddable":true,"href":"https:\/\/candas365.es\/noticias\/wp-json\/wp\/v2\/comments?post=31941"}],"version-history":[{"count":0,"href":"https:\/\/candas365.es\/noticias\/wp-json\/wp\/v2\/posts\/31941\/revisions"}],"wp:featuredmedia":[{"embeddable":true,"href":"https:\/\/candas365.es\/noticias\/wp-json\/wp\/v2\/media\/16457"}],"wp:attachment":[{"href":"https:\/\/candas365.es\/noticias\/wp-json\/wp\/v2\/media?parent=31941"}],"wp:term":[{"taxonomy":"category","embeddable":true,"href":"https:\/\/candas365.es\/noticias\/wp-json\/wp\/v2\/categories?post=31941"},{"taxonomy":"post_tag","embeddable":true,"href":"https:\/\/candas365.es\/noticias\/wp-json\/wp\/v2\/tags?post=31941"}],"curies":[{"name":"wp","href":"https:\/\/api.w.org\/{rel}","templated":true}]}}