{"id":31909,"date":"2016-07-12T21:02:34","date_gmt":"2016-07-12T19:32:34","guid":{"rendered":"http:\/\/candas365.es\/noticias\/?p=31909"},"modified":"2016-07-12T21:02:34","modified_gmt":"2016-07-12T19:32:34","slug":"comienza-juicio-en-alemania-contra-mujer-acusada-de-matar-a-sus-bebes","status":"publish","type":"post","link":"https:\/\/candas365.es\/noticias\/comienza-juicio-en-alemania-contra-mujer-acusada-de-matar-a-sus-bebes\/","title":{"rendered":"Comienza juicio en Alemania contra mujer acusada de matar a sus beb\u00e9s"},"content":{"rendered":"<p>Coburg\/Wallenfels (Alemania), 12 jul (dpa) &#8211; En Alemania comenz\u00f3 hoy el juicio contra una madre acusada de matar a cuatro de los ocho beb\u00e9s encontrados sin vida en su casa y contra el padre, acusado de colaborar. <\/p>\n<p>Los ocho beb\u00e9s muertos fueron hallados en noviembre en su casa en la localidad de Wallenfels, un pueblo de menos de 3.000 habitantes, situado en la regi\u00f3n b\u00e1vara de Alta Franconia, a medio camino entre Berl\u00edn y M\u00fanich.<\/p>\n<p>La acusada, de 45 a\u00f1os, confes\u00f3 los hechos al inicio del juicio en el tribunal de Coburg, en el norte del estado alem\u00e1n de Baviera. A trav\u00e9s de una declaraci\u00f3n le\u00edda por su abogado, explic\u00f3 que envolvi\u00f3 la cabeza de los ocho reci\u00e9n nacidos en toallas y los apretaba si mostraban signos de vida, para despu\u00e9s esconderlos en un trastero.<\/p>\n<p>La mujer, que dio a luz en la cocina o en el sal\u00f3n de la casa sin ayuda de ning\u00fan m\u00e9dico y sin la presencia de su marido, no sabe exactamente cu\u00e1ntos de los reci\u00e9n nacidos viv\u00edan despu\u00e9s del alumbramiento. Si fueron dos, tres o cuatro, indic\u00f3 el abogado. <\/p>\n<p>La mujer reprimi\u00f3 tanto el embarazo cada vez, que el momento de dar a luz le sorprendi\u00f3 siempre, tambi\u00e9n porque su marido no quer\u00eda tener m\u00e1s hijos, agreg\u00f3. Su madre y su marido la presionaron para que se ligara las trompas, pero ella siempre lo rechaz\u00f3.<\/p>\n<p>La Fiscal\u00eda acusa a la madre de haber matado presuntamente a cuatro de estos ocho beb\u00e9s sobre los que se pudo probar que nacieron con vida. <\/p>\n<p>El progenitor, de 55 a\u00f1os, tambi\u00e9n es juzgado por el tribunal, acusado de haber ayudado a la mujer. Ambos quer\u00edan continuar con sus vidas sin las limitaciones que implican tener nuevos hijos, indic\u00f3 la Fiscal\u00eda.<\/p>\n<p>\u00abNo quer\u00eda m\u00e1s hijos\u00bb, declar\u00f3 el hombre al juez. \u00c9l ten\u00eda ya un hijo y una hija de un primer matrimonio, al igual que su mujer. Ya los primeros gemelos que tuvieron en 2001 no los quer\u00eda realmente, indic\u00f3. Sin embargo, tras estas dos ni\u00f1as la pareja tuvo otra ni\u00f1a m\u00e1s que hoy tiene 14 a\u00f1os. Tras este nacimiento la mujer comenz\u00f3, seg\u00fan su abogado, a matar a los reci\u00e9n nacidos. <\/p>\n<p>En cuatro de los ocho cad\u00e1veres de beb\u00e9s encontrados en la casa familiar las autoridades no pudieron certificar si nacieron con vida o hubieran podido sobrevivir. <\/p>\n<p>La hija del hombre de su primer matrimonio fue la que encontr\u00f3 los primeros cad\u00e1veres de los beb\u00e9s en la casa en la que viv\u00eda con su padre, su mujer y sus hijos en com\u00fan. Su padre le hab\u00eda hablado de los nacimientos y los hijos muertos, lo que le llev\u00f3 a registrar la casa en noviembre aprovechando que el hombre estaba fuera. <\/p>\n<p>Los cuerpos de los ocho beb\u00e9s estaban envueltos en bolsas de pl\u00e1stico y toallas y escondidos en un trastero de la vivienda, que antiugamente era una sauna. Poco despu\u00e9s del descubrimiento, la madre fue detenida en una pensi\u00f3n cercana donde se encontraba con su nueva pareja y confes\u00f3 los hechos ante el fiscal. <\/p>\n","protected":false},"excerpt":{"rendered":"<p>Coburg\/Wallenfels (Alemania), 12 jul (dpa) &#8211; En Alemania comenz\u00f3 hoy el juicio contra una madre acusada de matar a cuatro de los ocho beb\u00e9s encontrados sin vida en su casa y contra el padre, acusado de colaborar. Los ocho beb\u00e9s muertos fueron hallados en noviembre en su casa en la localidad de Wallenfels, un pueblo<\/p>\n","protected":false},"author":1,"featured_media":16457,"comment_status":"closed","ping_status":"closed","sticky":false,"template":"","format":"standard","meta":{"footnotes":""},"categories":[343],"tags":[],"class_list":{"0":"post-31909","1":"post","2":"type-post","3":"status-publish","4":"format-standard","5":"has-post-thumbnail","7":"category-actualidad"},"aioseo_notices":[],"aioseo_head":"\n\t\t<!-- All in One SEO Pro 4.9.6.2 - aioseo.com -->\n\t<meta name=\"description\" content=\"Coburg\/Wallenfels (Alemania), 12 jul (dpa) - En Alemania comenz\u00f3 hoy el juicio contra una madre acusada de matar a cuatro de los ocho beb\u00e9s encontrados sin vida en su casa y contra el padre, acusado de colaborar. Los ocho beb\u00e9s muertos fueron hallados en noviembre en su casa en la localidad de Wallenfels, un pueblo\" \/>\n\t<meta name=\"robots\" content=\"max-image-preview:large\" \/>\n\t<meta name=\"author\" content=\"Cand\u00e1s 365\"\/>\n\t<meta name=\"google-site-verification\" content=\"UA-32230408-1\" \/>\n\t<meta name=\"msvalidate.01\" content=\"354F3CDFB2DA171B47FBE9ABF1F88D5\" \/>\n\t<meta name=\"keywords\" content=\"actualidad\" \/>\n\t<link rel=\"canonical\" href=\"https:\/\/candas365.es\/noticias\/comienza-juicio-en-alemania-contra-mujer-acusada-de-matar-a-sus-bebes\/\" \/>\n\t<meta name=\"generator\" content=\"All in One SEO Pro (AIOSEO) 4.9.6.2\" \/>\n\t\t<meta property=\"og:locale\" content=\"es_ES\" \/>\n\t\t<meta property=\"og:site_name\" content=\"Cand\u00e1s 365\" \/>\n\t\t<meta property=\"og:type\" content=\"article\" \/>\n\t\t<meta property=\"og:title\" content=\"Comienza juicio en Alemania contra mujer acusada de matar a sus beb\u00e9s | Cand\u00e1s 365\" \/>\n\t\t<meta property=\"og:description\" content=\"Coburg\/Wallenfels (Alemania), 12 jul (dpa) - En Alemania comenz\u00f3 hoy el juicio contra una madre acusada de matar a cuatro de los ocho beb\u00e9s encontrados sin vida en su casa y contra el padre, acusado de colaborar. Los ocho beb\u00e9s muertos fueron hallados en noviembre en su casa en la localidad de Wallenfels, un pueblo\" \/>\n\t\t<meta property=\"og:url\" content=\"https:\/\/candas365.es\/noticias\/comienza-juicio-en-alemania-contra-mujer-acusada-de-matar-a-sus-bebes\/\" \/>\n\t\t<meta property=\"og:image\" content=\"https:\/\/candas365.es\/noticias\/wp-content\/uploads\/2015\/09\/c365noticias.jpg\" \/>\n\t\t<meta property=\"og:image:secure_url\" content=\"https:\/\/candas365.es\/noticias\/wp-content\/uploads\/2015\/09\/c365noticias.jpg\" \/>\n\t\t<meta property=\"og:image:width\" content=\"655\" \/>\n\t\t<meta property=\"og:image:height\" content=\"360\" \/>\n\t\t<meta property=\"article:published_time\" content=\"2016-07-12T19:32:34+00:00\" \/>\n\t\t<meta property=\"article:modified_time\" content=\"2016-07-12T19:32:34+00:00\" \/>\n\t\t<meta property=\"article:publisher\" content=\"https:\/\/www.facebook.com\/Nachofdezber\" \/>\n\t\t<meta property=\"article:author\" content=\"https:\/\/www.facebook.com\/carrenoactualidad\" \/>\n\t\t<meta name=\"twitter:card\" content=\"summary_large_image\" \/>\n\t\t<meta name=\"twitter:site\" content=\"@NabercoDigital\" \/>\n\t\t<meta name=\"twitter:title\" content=\"Comienza juicio en Alemania contra mujer acusada de matar a sus beb\u00e9s | Cand\u00e1s 365\" \/>\n\t\t<meta name=\"twitter:description\" content=\"Coburg\/Wallenfels (Alemania), 12 jul (dpa) - En Alemania comenz\u00f3 hoy el juicio contra una madre acusada de matar a cuatro de los ocho beb\u00e9s encontrados sin vida en su casa y contra el padre, acusado de colaborar. Los ocho beb\u00e9s muertos fueron hallados en noviembre en su casa en la localidad de Wallenfels, un pueblo\" \/>\n\t\t<meta name=\"twitter:creator\" content=\"@nbasturias\" \/>\n\t\t<meta name=\"twitter:image\" content=\"https:\/\/candas365.es\/noticias\/wp-content\/uploads\/2015\/09\/c365noticias.jpg\" \/>\n\t\t<meta name=\"twitter:label1\" content=\"Escrito por\" \/>\n\t\t<meta name=\"twitter:data1\" content=\"Cand\u00e1s 365\" \/>\n\t\t<meta name=\"twitter:label2\" content=\"Tiempo de lectura estimado\" \/>\n\t\t<meta name=\"twitter:data2\" content=\"3 minutos\" \/>\n\t\t<script type=\"application\/ld+json\" class=\"aioseo-schema\">\n\t\t\t{\"@context\":\"https:\\\/\\\/schema.org\",\"@graph\":[{\"@type\":\"BreadcrumbList\",\"@id\":\"https:\\\/\\\/candas365.es\\\/noticias\\\/comienza-juicio-en-alemania-contra-mujer-acusada-de-matar-a-sus-bebes\\\/#breadcrumblist\",\"itemListElement\":[{\"@type\":\"ListItem\",\"@id\":\"https:\\\/\\\/candas365.es\\\/noticias#listItem\",\"position\":1,\"name\":\"Home\",\"item\":\"https:\\\/\\\/candas365.es\\\/noticias\",\"nextItem\":{\"@type\":\"ListItem\",\"@id\":\"https:\\\/\\\/candas365.es\\\/noticias\\\/category\\\/actualidad\\\/#listItem\",\"name\":\"Actualidad\"}},{\"@type\":\"ListItem\",\"@id\":\"https:\\\/\\\/candas365.es\\\/noticias\\\/category\\\/actualidad\\\/#listItem\",\"position\":2,\"name\":\"Actualidad\",\"item\":\"https:\\\/\\\/candas365.es\\\/noticias\\\/category\\\/actualidad\\\/\",\"nextItem\":{\"@type\":\"ListItem\",\"@id\":\"https:\\\/\\\/candas365.es\\\/noticias\\\/comienza-juicio-en-alemania-contra-mujer-acusada-de-matar-a-sus-bebes\\\/#listItem\",\"name\":\"Comienza juicio en Alemania contra mujer acusada de matar a sus beb\\u00e9s\"},\"previousItem\":{\"@type\":\"ListItem\",\"@id\":\"https:\\\/\\\/candas365.es\\\/noticias#listItem\",\"name\":\"Home\"}},{\"@type\":\"ListItem\",\"@id\":\"https:\\\/\\\/candas365.es\\\/noticias\\\/comienza-juicio-en-alemania-contra-mujer-acusada-de-matar-a-sus-bebes\\\/#listItem\",\"position\":3,\"name\":\"Comienza juicio en Alemania contra mujer acusada de matar a sus beb\\u00e9s\",\"previousItem\":{\"@type\":\"ListItem\",\"@id\":\"https:\\\/\\\/candas365.es\\\/noticias\\\/category\\\/actualidad\\\/#listItem\",\"name\":\"Actualidad\"}}]},{\"@type\":\"NewsArticle\",\"@id\":\"https:\\\/\\\/candas365.es\\\/noticias\\\/comienza-juicio-en-alemania-contra-mujer-acusada-de-matar-a-sus-bebes\\\/#newsarticle\",\"name\":\"Comienza juicio en Alemania contra mujer acusada de matar a sus beb\\u00e9s | Cand\\u00e1s 365\",\"headline\":\"Comienza juicio en Alemania contra mujer acusada de matar a sus beb\\u00e9s\",\"author\":{\"@id\":\"https:\\\/\\\/candas365.es\\\/noticias\\\/author\\\/admin\\\/#author\"},\"publisher\":{\"@id\":\"https:\\\/\\\/candas365.es\\\/noticias\\\/#organization\"},\"image\":{\"@type\":\"ImageObject\",\"url\":\"https:\\\/\\\/candas365.es\\\/noticias\\\/wp-content\\\/uploads\\\/2015\\\/09\\\/c365noticias.jpg\",\"width\":655,\"height\":360},\"datePublished\":\"2016-07-12T21:02:34+02:00\",\"dateModified\":\"2016-07-12T21:02:34+02:00\",\"inLanguage\":\"es-ES\",\"mainEntityOfPage\":{\"@id\":\"https:\\\/\\\/candas365.es\\\/noticias\\\/comienza-juicio-en-alemania-contra-mujer-acusada-de-matar-a-sus-bebes\\\/#webpage\"},\"isPartOf\":{\"@id\":\"https:\\\/\\\/candas365.es\\\/noticias\\\/comienza-juicio-en-alemania-contra-mujer-acusada-de-matar-a-sus-bebes\\\/#webpage\"},\"articleSection\":\"Actualidad\",\"dateline\":\"Publicado el julio 12, 2016.\"},{\"@type\":\"Organization\",\"@id\":\"https:\\\/\\\/candas365.es\\\/noticias\\\/#organization\",\"name\":\"Cand\\u00e1s 365\",\"description\":\"Cand\\u00e1s 365 es un diario digital independiente, fundado en 2012, con base en Asturias. Informamos con rigor sobre actualidad, sociedad, cultura y ocio, con una mirada local y global.\",\"url\":\"https:\\\/\\\/candas365.es\\\/noticias\\\/\",\"email\":\"info@candas365.es\",\"telephone\":\"+34652131393\",\"foundingDate\":\"2012-06-10\",\"logo\":{\"@type\":\"ImageObject\",\"url\":\"https:\\\/\\\/candas365.es\\\/noticias\\\/wp-content\\\/uploads\\\/2024\\\/09\\\/Candas-365-Redes.jpg\",\"@id\":\"https:\\\/\\\/candas365.es\\\/noticias\\\/comienza-juicio-en-alemania-contra-mujer-acusada-de-matar-a-sus-bebes\\\/#organizationLogo\",\"width\":1152,\"height\":864,\"caption\":\"Cand\\u00e1s 365 Redes\"},\"image\":{\"@id\":\"https:\\\/\\\/candas365.es\\\/noticias\\\/comienza-juicio-en-alemania-contra-mujer-acusada-de-matar-a-sus-bebes\\\/#organizationLogo\"},\"sameAs\":[\"https:\\\/\\\/www.facebook.com\\\/Nachofdezber\",\"https:\\\/\\\/x.com\\\/NabercoDigital\",\"https:\\\/\\\/www.instagram.com\\\/nachofdezber\\\/\",\"https:\\\/\\\/www.youtube.com\\\/channel\\\/UCZP-2wLEB9Rv6erhFmqVnvg\"],\"address\":{\"@id\":\"https:\\\/\\\/candas365.es\\\/noticias\\\/#postaladdress\",\"@type\":\"PostalAddress\",\"streetAddress\":\"san antonio 4, san antonio 4\",\"postalCode\":\"33430\",\"addressLocality\":\"Cand\\u00e1s\",\"addressRegion\":\"Asturias\",\"addressCountry\":\"ES\"}},{\"@type\":\"Person\",\"@id\":\"https:\\\/\\\/candas365.es\\\/noticias\\\/author\\\/admin\\\/#author\",\"url\":\"https:\\\/\\\/candas365.es\\\/noticias\\\/author\\\/admin\\\/\",\"name\":\"Cand\\u00e1s 365\",\"image\":{\"@type\":\"ImageObject\",\"@id\":\"https:\\\/\\\/candas365.es\\\/noticias\\\/comienza-juicio-en-alemania-contra-mujer-acusada-de-matar-a-sus-bebes\\\/#authorImage\",\"url\":\"https:\\\/\\\/secure.gravatar.com\\\/avatar\\\/496a8e03d0c493ede1718b7934145dbdf8d89be1036b0eec9544e1094c9de390?s=96&d=mm&r=g\",\"width\":96,\"height\":96,\"caption\":\"Cand\\u00e1s 365\"},\"sameAs\":[\"https:\\\/\\\/www.facebook.com\\\/carrenoactualidad\",\"https:\\\/\\\/twitter.com\\\/nbasturias\",\"https:\\\/\\\/www.instagram.com\\\/nachofdezber\\\/\",\"https:\\\/\\\/www.youtube.com\\\/channel\\\/UCZP-2wLEB9Rv6erhFmqVnvg\"]},{\"@type\":\"WebPage\",\"@id\":\"https:\\\/\\\/candas365.es\\\/noticias\\\/comienza-juicio-en-alemania-contra-mujer-acusada-de-matar-a-sus-bebes\\\/#webpage\",\"url\":\"https:\\\/\\\/candas365.es\\\/noticias\\\/comienza-juicio-en-alemania-contra-mujer-acusada-de-matar-a-sus-bebes\\\/\",\"name\":\"Comienza juicio en Alemania contra mujer acusada de matar a sus beb\\u00e9s | Cand\\u00e1s 365\",\"description\":\"Coburg\\\/Wallenfels (Alemania), 12 jul (dpa) - En Alemania comenz\\u00f3 hoy el juicio contra una madre acusada de matar a cuatro de los ocho beb\\u00e9s encontrados sin vida en su casa y contra el padre, acusado de colaborar. Los ocho beb\\u00e9s muertos fueron hallados en noviembre en su casa en la localidad de Wallenfels, un pueblo\",\"inLanguage\":\"es-ES\",\"isPartOf\":{\"@id\":\"https:\\\/\\\/candas365.es\\\/noticias\\\/#website\"},\"breadcrumb\":{\"@id\":\"https:\\\/\\\/candas365.es\\\/noticias\\\/comienza-juicio-en-alemania-contra-mujer-acusada-de-matar-a-sus-bebes\\\/#breadcrumblist\"},\"author\":{\"@id\":\"https:\\\/\\\/candas365.es\\\/noticias\\\/author\\\/admin\\\/#author\"},\"creator\":{\"@id\":\"https:\\\/\\\/candas365.es\\\/noticias\\\/author\\\/admin\\\/#author\"},\"image\":{\"@type\":\"ImageObject\",\"url\":\"https:\\\/\\\/candas365.es\\\/noticias\\\/wp-content\\\/uploads\\\/2015\\\/09\\\/c365noticias.jpg\",\"@id\":\"https:\\\/\\\/candas365.es\\\/noticias\\\/comienza-juicio-en-alemania-contra-mujer-acusada-de-matar-a-sus-bebes\\\/#mainImage\",\"width\":655,\"height\":360},\"primaryImageOfPage\":{\"@id\":\"https:\\\/\\\/candas365.es\\\/noticias\\\/comienza-juicio-en-alemania-contra-mujer-acusada-de-matar-a-sus-bebes\\\/#mainImage\"},\"datePublished\":\"2016-07-12T21:02:34+02:00\",\"dateModified\":\"2016-07-12T21:02:34+02:00\"},{\"@type\":\"WebSite\",\"@id\":\"https:\\\/\\\/candas365.es\\\/noticias\\\/#website\",\"url\":\"https:\\\/\\\/candas365.es\\\/noticias\\\/\",\"name\":\"Cand\\u00e1s 365\",\"alternateName\":\"Cand\\u00e1s 365 Noticias\",\"description\":\"Actualidad desde Carre\\u00f1o para el mundo\",\"inLanguage\":\"es-ES\",\"publisher\":{\"@id\":\"https:\\\/\\\/candas365.es\\\/noticias\\\/#organization\"}}]}\n\t\t<\/script>\n\t\t<!-- All in One SEO Pro -->\r\n\t\t<title>Comienza juicio en Alemania contra mujer acusada de matar a sus beb\u00e9s | Cand\u00e1s 365<\/title>\n\n","aioseo_head_json":{"title":"Comienza juicio en Alemania contra mujer acusada de matar a sus beb\u00e9s | Cand\u00e1s 365","description":"Coburg\/Wallenfels (Alemania), 12 jul (dpa) - En Alemania comenz\u00f3 hoy el juicio contra una madre acusada de matar a cuatro de los ocho beb\u00e9s encontrados sin vida en su casa y contra el padre, acusado de colaborar. Los ocho beb\u00e9s muertos fueron hallados en noviembre en su casa en la localidad de Wallenfels, un pueblo","canonical_url":"https:\/\/candas365.es\/noticias\/comienza-juicio-en-alemania-contra-mujer-acusada-de-matar-a-sus-bebes\/","robots":"max-image-preview:large","keywords":"actualidad","webmasterTools":{"google-site-verification":"UA-32230408-1","msvalidate.01":"354F3CDFB2DA171B47FBE9ABF1F88D5","miscellaneous":""},"schema":{"@context":"https:\/\/schema.org","@graph":[{"@type":"BreadcrumbList","@id":"https:\/\/candas365.es\/noticias\/comienza-juicio-en-alemania-contra-mujer-acusada-de-matar-a-sus-bebes\/#breadcrumblist","itemListElement":[{"@type":"ListItem","@id":"https:\/\/candas365.es\/noticias#listItem","position":1,"name":"Home","item":"https:\/\/candas365.es\/noticias","nextItem":{"@type":"ListItem","@id":"https:\/\/candas365.es\/noticias\/category\/actualidad\/#listItem","name":"Actualidad"}},{"@type":"ListItem","@id":"https:\/\/candas365.es\/noticias\/category\/actualidad\/#listItem","position":2,"name":"Actualidad","item":"https:\/\/candas365.es\/noticias\/category\/actualidad\/","nextItem":{"@type":"ListItem","@id":"https:\/\/candas365.es\/noticias\/comienza-juicio-en-alemania-contra-mujer-acusada-de-matar-a-sus-bebes\/#listItem","name":"Comienza juicio en Alemania contra mujer acusada de matar a sus beb\u00e9s"},"previousItem":{"@type":"ListItem","@id":"https:\/\/candas365.es\/noticias#listItem","name":"Home"}},{"@type":"ListItem","@id":"https:\/\/candas365.es\/noticias\/comienza-juicio-en-alemania-contra-mujer-acusada-de-matar-a-sus-bebes\/#listItem","position":3,"name":"Comienza juicio en Alemania contra mujer acusada de matar a sus beb\u00e9s","previousItem":{"@type":"ListItem","@id":"https:\/\/candas365.es\/noticias\/category\/actualidad\/#listItem","name":"Actualidad"}}]},{"@type":"NewsArticle","@id":"https:\/\/candas365.es\/noticias\/comienza-juicio-en-alemania-contra-mujer-acusada-de-matar-a-sus-bebes\/#newsarticle","name":"Comienza juicio en Alemania contra mujer acusada de matar a sus beb\u00e9s | Cand\u00e1s 365","headline":"Comienza juicio en Alemania contra mujer acusada de matar a sus beb\u00e9s","author":{"@id":"https:\/\/candas365.es\/noticias\/author\/admin\/#author"},"publisher":{"@id":"https:\/\/candas365.es\/noticias\/#organization"},"image":{"@type":"ImageObject","url":"https:\/\/candas365.es\/noticias\/wp-content\/uploads\/2015\/09\/c365noticias.jpg","width":655,"height":360},"datePublished":"2016-07-12T21:02:34+02:00","dateModified":"2016-07-12T21:02:34+02:00","inLanguage":"es-ES","mainEntityOfPage":{"@id":"https:\/\/candas365.es\/noticias\/comienza-juicio-en-alemania-contra-mujer-acusada-de-matar-a-sus-bebes\/#webpage"},"isPartOf":{"@id":"https:\/\/candas365.es\/noticias\/comienza-juicio-en-alemania-contra-mujer-acusada-de-matar-a-sus-bebes\/#webpage"},"articleSection":"Actualidad","dateline":"Publicado el julio 12, 2016."},{"@type":"Organization","@id":"https:\/\/candas365.es\/noticias\/#organization","name":"Cand\u00e1s 365","description":"Cand\u00e1s 365 es un diario digital independiente, fundado en 2012, con base en Asturias. Informamos con rigor sobre actualidad, sociedad, cultura y ocio, con una mirada local y global.","url":"https:\/\/candas365.es\/noticias\/","email":"info@candas365.es","telephone":"+34652131393","foundingDate":"2012-06-10","logo":{"@type":"ImageObject","url":"https:\/\/candas365.es\/noticias\/wp-content\/uploads\/2024\/09\/Candas-365-Redes.jpg","@id":"https:\/\/candas365.es\/noticias\/comienza-juicio-en-alemania-contra-mujer-acusada-de-matar-a-sus-bebes\/#organizationLogo","width":1152,"height":864,"caption":"Cand\u00e1s 365 Redes"},"image":{"@id":"https:\/\/candas365.es\/noticias\/comienza-juicio-en-alemania-contra-mujer-acusada-de-matar-a-sus-bebes\/#organizationLogo"},"sameAs":["https:\/\/www.facebook.com\/Nachofdezber","https:\/\/x.com\/NabercoDigital","https:\/\/www.instagram.com\/nachofdezber\/","https:\/\/www.youtube.com\/channel\/UCZP-2wLEB9Rv6erhFmqVnvg"],"address":{"@id":"https:\/\/candas365.es\/noticias\/#postaladdress","@type":"PostalAddress","streetAddress":"san antonio 4, san antonio 4","postalCode":"33430","addressLocality":"Cand\u00e1s","addressRegion":"Asturias","addressCountry":"ES"}},{"@type":"Person","@id":"https:\/\/candas365.es\/noticias\/author\/admin\/#author","url":"https:\/\/candas365.es\/noticias\/author\/admin\/","name":"Cand\u00e1s 365","image":{"@type":"ImageObject","@id":"https:\/\/candas365.es\/noticias\/comienza-juicio-en-alemania-contra-mujer-acusada-de-matar-a-sus-bebes\/#authorImage","url":"https:\/\/secure.gravatar.com\/avatar\/496a8e03d0c493ede1718b7934145dbdf8d89be1036b0eec9544e1094c9de390?s=96&d=mm&r=g","width":96,"height":96,"caption":"Cand\u00e1s 365"},"sameAs":["https:\/\/www.facebook.com\/carrenoactualidad","https:\/\/twitter.com\/nbasturias","https:\/\/www.instagram.com\/nachofdezber\/","https:\/\/www.youtube.com\/channel\/UCZP-2wLEB9Rv6erhFmqVnvg"]},{"@type":"WebPage","@id":"https:\/\/candas365.es\/noticias\/comienza-juicio-en-alemania-contra-mujer-acusada-de-matar-a-sus-bebes\/#webpage","url":"https:\/\/candas365.es\/noticias\/comienza-juicio-en-alemania-contra-mujer-acusada-de-matar-a-sus-bebes\/","name":"Comienza juicio en Alemania contra mujer acusada de matar a sus beb\u00e9s | Cand\u00e1s 365","description":"Coburg\/Wallenfels (Alemania), 12 jul (dpa) - En Alemania comenz\u00f3 hoy el juicio contra una madre acusada de matar a cuatro de los ocho beb\u00e9s encontrados sin vida en su casa y contra el padre, acusado de colaborar. Los ocho beb\u00e9s muertos fueron hallados en noviembre en su casa en la localidad de Wallenfels, un pueblo","inLanguage":"es-ES","isPartOf":{"@id":"https:\/\/candas365.es\/noticias\/#website"},"breadcrumb":{"@id":"https:\/\/candas365.es\/noticias\/comienza-juicio-en-alemania-contra-mujer-acusada-de-matar-a-sus-bebes\/#breadcrumblist"},"author":{"@id":"https:\/\/candas365.es\/noticias\/author\/admin\/#author"},"creator":{"@id":"https:\/\/candas365.es\/noticias\/author\/admin\/#author"},"image":{"@type":"ImageObject","url":"https:\/\/candas365.es\/noticias\/wp-content\/uploads\/2015\/09\/c365noticias.jpg","@id":"https:\/\/candas365.es\/noticias\/comienza-juicio-en-alemania-contra-mujer-acusada-de-matar-a-sus-bebes\/#mainImage","width":655,"height":360},"primaryImageOfPage":{"@id":"https:\/\/candas365.es\/noticias\/comienza-juicio-en-alemania-contra-mujer-acusada-de-matar-a-sus-bebes\/#mainImage"},"datePublished":"2016-07-12T21:02:34+02:00","dateModified":"2016-07-12T21:02:34+02:00"},{"@type":"WebSite","@id":"https:\/\/candas365.es\/noticias\/#website","url":"https:\/\/candas365.es\/noticias\/","name":"Cand\u00e1s 365","alternateName":"Cand\u00e1s 365 Noticias","description":"Actualidad desde Carre\u00f1o para el mundo","inLanguage":"es-ES","publisher":{"@id":"https:\/\/candas365.es\/noticias\/#organization"}}]},"og:locale":"es_ES","og:site_name":"Cand\u00e1s 365","og:type":"article","og:title":"Comienza juicio en Alemania contra mujer acusada de matar a sus beb\u00e9s | Cand\u00e1s 365","og:description":"Coburg\/Wallenfels (Alemania), 12 jul (dpa) - En Alemania comenz\u00f3 hoy el juicio contra una madre acusada de matar a cuatro de los ocho beb\u00e9s encontrados sin vida en su casa y contra el padre, acusado de colaborar. Los ocho beb\u00e9s muertos fueron hallados en noviembre en su casa en la localidad de Wallenfels, un pueblo","og:url":"https:\/\/candas365.es\/noticias\/comienza-juicio-en-alemania-contra-mujer-acusada-de-matar-a-sus-bebes\/","og:image":"https:\/\/candas365.es\/noticias\/wp-content\/uploads\/2015\/09\/c365noticias.jpg","og:image:secure_url":"https:\/\/candas365.es\/noticias\/wp-content\/uploads\/2015\/09\/c365noticias.jpg","og:image:width":655,"og:image:height":360,"article:published_time":"2016-07-12T19:32:34+00:00","article:modified_time":"2016-07-12T19:32:34+00:00","article:publisher":"https:\/\/www.facebook.com\/Nachofdezber","article:author":"https:\/\/www.facebook.com\/carrenoactualidad","twitter:card":"summary_large_image","twitter:site":"@NabercoDigital","twitter:title":"Comienza juicio en Alemania contra mujer acusada de matar a sus beb\u00e9s | Cand\u00e1s 365","twitter:description":"Coburg\/Wallenfels (Alemania), 12 jul (dpa) - En Alemania comenz\u00f3 hoy el juicio contra una madre acusada de matar a cuatro de los ocho beb\u00e9s encontrados sin vida en su casa y contra el padre, acusado de colaborar. Los ocho beb\u00e9s muertos fueron hallados en noviembre en su casa en la localidad de Wallenfels, un pueblo","twitter:creator":"@nbasturias","twitter:image":"https:\/\/candas365.es\/noticias\/wp-content\/uploads\/2015\/09\/c365noticias.jpg","twitter:label1":"Escrito por","twitter:data1":"Cand\u00e1s 365","twitter:label2":"Tiempo de lectura estimado","twitter:data2":"3 minutos"},"aioseo_meta_data":{"post_id":"31909","title":null,"description":null,"keywords":null,"keyphrases":null,"primary_term":null,"canonical_url":null,"og_title":null,"og_description":null,"og_object_type":"default","og_image_type":"default","og_image_url":null,"og_image_width":null,"og_image_height":null,"og_image_custom_url":null,"og_image_custom_fields":null,"og_video":null,"og_custom_url":null,"og_article_section":null,"og_article_tags":null,"twitter_use_og":false,"twitter_card":"default","twitter_image_type":"default","twitter_image_url":null,"twitter_image_custom_url":null,"twitter_image_custom_fields":null,"twitter_title":null,"twitter_description":null,"schema":{"blockGraphs":[],"customGraphs":[],"default":{"data":{"Article":[],"Course":[],"Dataset":[],"FAQPage":[],"Movie":[],"Person":[],"Product":[],"ProductReview":[],"Car":[],"Recipe":[],"Service":[],"SoftwareApplication":[],"WebPage":[]},"graphName":"","isEnabled":true},"graphs":[]},"schema_type":null,"schema_type_options":null,"pillar_content":false,"robots_default":true,"robots_noindex":false,"robots_noarchive":false,"robots_nosnippet":false,"robots_nofollow":false,"robots_noimageindex":false,"robots_noodp":false,"robots_notranslate":false,"robots_max_snippet":null,"robots_max_videopreview":null,"robots_max_imagepreview":"large","priority":null,"frequency":null,"location":null,"local_seo":null,"seo_analyzer_scan_date":"2025-08-24 14:36:09","breadcrumb_settings":null,"limit_modified_date":false,"reviewed_by":null,"open_ai":null,"ai":null,"created":"2020-12-21 13:02:20","updated":"2025-08-24 14:36:09"},"aioseo_breadcrumb":"<div class=\"aioseo-breadcrumbs\"><span class=\"aioseo-breadcrumb\">\n\t<a href=\"https:\/\/candas365.es\/noticias\" title=\"Home\">Home<\/a>\n<\/span><span class=\"aioseo-breadcrumb-separator\">&ndash;<\/span><span class=\"aioseo-breadcrumb\">\n\t<a href=\"https:\/\/candas365.es\/noticias\/category\/actualidad\/\" title=\"Actualidad\">Actualidad<\/a>\n<\/span><span class=\"aioseo-breadcrumb-separator\">&ndash;<\/span><span class=\"aioseo-breadcrumb\">\n\tComienza juicio en Alemania contra mujer acusada de matar a sus beb\u00e9s\n<\/span><\/div>","aioseo_breadcrumb_json":[{"label":"Home","link":"https:\/\/candas365.es\/noticias"},{"label":"Actualidad","link":"https:\/\/candas365.es\/noticias\/category\/actualidad\/"},{"label":"Comienza juicio en Alemania contra mujer acusada de matar a sus beb\u00e9s","link":"https:\/\/candas365.es\/noticias\/comienza-juicio-en-alemania-contra-mujer-acusada-de-matar-a-sus-bebes\/"}],"_links":{"self":[{"href":"https:\/\/candas365.es\/noticias\/wp-json\/wp\/v2\/posts\/31909","targetHints":{"allow":["GET"]}}],"collection":[{"href":"https:\/\/candas365.es\/noticias\/wp-json\/wp\/v2\/posts"}],"about":[{"href":"https:\/\/candas365.es\/noticias\/wp-json\/wp\/v2\/types\/post"}],"author":[{"embeddable":true,"href":"https:\/\/candas365.es\/noticias\/wp-json\/wp\/v2\/users\/1"}],"replies":[{"embeddable":true,"href":"https:\/\/candas365.es\/noticias\/wp-json\/wp\/v2\/comments?post=31909"}],"version-history":[{"count":0,"href":"https:\/\/candas365.es\/noticias\/wp-json\/wp\/v2\/posts\/31909\/revisions"}],"wp:featuredmedia":[{"embeddable":true,"href":"https:\/\/candas365.es\/noticias\/wp-json\/wp\/v2\/media\/16457"}],"wp:attachment":[{"href":"https:\/\/candas365.es\/noticias\/wp-json\/wp\/v2\/media?parent=31909"}],"wp:term":[{"taxonomy":"category","embeddable":true,"href":"https:\/\/candas365.es\/noticias\/wp-json\/wp\/v2\/categories?post=31909"},{"taxonomy":"post_tag","embeddable":true,"href":"https:\/\/candas365.es\/noticias\/wp-json\/wp\/v2\/tags?post=31909"}],"curies":[{"name":"wp","href":"https:\/\/api.w.org\/{rel}","templated":true}]}}