{"id":31907,"date":"2016-07-12T21:01:30","date_gmt":"2016-07-12T19:31:30","guid":{"rendered":"http:\/\/candas365.es\/noticias\/?p=31907"},"modified":"2016-07-12T21:01:30","modified_gmt":"2016-07-12T19:31:30","slug":"alemania-e-irlanda-piden-rapido-posicionamiento-a-londres-para-brexit","status":"publish","type":"post","link":"https:\/\/candas365.es\/noticias\/alemania-e-irlanda-piden-rapido-posicionamiento-a-londres-para-brexit\/","title":{"rendered":"Alemania e Irlanda piden r\u00e1pido posicionamiento a Londres para Brexit"},"content":{"rendered":"<p>Berl\u00edn, 12 jul (dpa) &#8211; Alemania e Irlanda solicitaron hoy un r\u00e1pido posicionamiento del Gobierno brit\u00e1nico de cara a su salida de la Uni\u00f3n Europea (UE). <\/p>\n<p>\u00abEl deber de la futura primera ministra (brit\u00e1nica, Theresa May) ser\u00e1 tambi\u00e9n dar claridad a la cuesti\u00f3n de qu\u00e9 relaci\u00f3n le gustar\u00eda mantener en un futuro al Reino Unido con la UE\u00bb, dijo la canciller alemana, Angela Merkel, tras un encuentro con el primer ministro de Irlanda, Enda Kenny, en Berl\u00edn. <\/p>\n<p>La mandataria alemana insisti\u00f3 en que la decisi\u00f3n de cu\u00e1ndo solicitar formalmente la salida de la UE recae como es natural en el Gobierno de Londres. <\/p>\n<p>\u00abEsperamos que el tiempo de espera sea relativamente corto\u00bb, declar\u00f3 por su parte Kenny. Sin embargo, la futura primera ministra brit\u00e1nica Theresa May debe tener la posibilidad de evaluar la situaci\u00f3n y fijar una estrategia, apunt\u00f3. <\/p>\n<p>May asumir\u00e1 el cargo ma\u00f1ana mi\u00e9rcoles. Merkel y Kenny recordaron que las negociaciones no podr\u00e1n comenzar hasta que se presente la solicitud oficial de abandonar la UE. <\/p>\n<p>La isla de Irlanda ser\u00e1 probablemente la m\u00e1s afectada por la decisi\u00f3n de los brit\u00e1nicos de dejar de formar parte de la UE, indic\u00f3 Kenny. \u00abSi Reino Unido tiene acceso al mercado \u00fanico entonces las cosas estar\u00e1n m\u00e1s o menos como ahora. Pero esto tendr\u00e1 un precio\u00bb, indic\u00f3 con la mirada puesta en el requisito de que el Gobierno brit\u00e1nico acepte el libre movimiento de personas sin restricciones.<\/p>\n<p>Kenny se mostr\u00f3 preocupado por el efecto sobre su pa\u00eds debido a la dependencia de la econom\u00eda brit\u00e1nica. Mientras, respecto a Irlanda del Norte, que como parte del Reino Unido tambi\u00e9n abandonar\u00e1 la UE, el primer ministro irland\u00e9s se\u00f1al\u00f3 la importancia de continuar con los esfuerzos para mantener la paz y la estabilidad. <\/p>\n<p>\u00abLa paz no puede nunca darse por garantizada\u00bb, asegur\u00f3. \u00abEsto es el motivo por el que recuerdo a la gente el valor de la UE, que es un proceso de paz en s\u00ed mismo\u00bb, agreg\u00f3. <\/p>\n","protected":false},"excerpt":{"rendered":"<p>Berl\u00edn, 12 jul (dpa) &#8211; Alemania e Irlanda solicitaron hoy un r\u00e1pido posicionamiento del Gobierno brit\u00e1nico de cara a su salida de la Uni\u00f3n Europea (UE). \u00abEl deber de la futura primera ministra (brit\u00e1nica, Theresa May) ser\u00e1 tambi\u00e9n dar claridad a la cuesti\u00f3n de qu\u00e9 relaci\u00f3n le gustar\u00eda mantener en un futuro al Reino Unido<\/p>\n","protected":false},"author":1,"featured_media":16457,"comment_status":"closed","ping_status":"closed","sticky":false,"template":"","format":"standard","meta":{"footnotes":""},"categories":[343],"tags":[],"class_list":{"0":"post-31907","1":"post","2":"type-post","3":"status-publish","4":"format-standard","5":"has-post-thumbnail","7":"category-actualidad"},"aioseo_notices":[],"aioseo_head":"\n\t\t<!-- All in One SEO Pro 4.9.6.2 - aioseo.com -->\n\t<meta name=\"description\" content=\"Berl\u00edn, 12 jul (dpa) - Alemania e Irlanda solicitaron hoy un r\u00e1pido posicionamiento del Gobierno brit\u00e1nico de cara a su salida de la Uni\u00f3n Europea (UE). &quot;El deber de la futura primera ministra (brit\u00e1nica, Theresa May) ser\u00e1 tambi\u00e9n dar claridad a la cuesti\u00f3n de qu\u00e9 relaci\u00f3n le gustar\u00eda mantener en un futuro al Reino Unido\" \/>\n\t<meta name=\"robots\" content=\"max-image-preview:large\" \/>\n\t<meta name=\"author\" content=\"Cand\u00e1s 365\"\/>\n\t<meta name=\"google-site-verification\" content=\"UA-32230408-1\" \/>\n\t<meta name=\"msvalidate.01\" content=\"354F3CDFB2DA171B47FBE9ABF1F88D5\" \/>\n\t<meta name=\"keywords\" content=\"actualidad\" \/>\n\t<link rel=\"canonical\" href=\"https:\/\/candas365.es\/noticias\/alemania-e-irlanda-piden-rapido-posicionamiento-a-londres-para-brexit\/\" \/>\n\t<meta name=\"generator\" content=\"All in One SEO Pro (AIOSEO) 4.9.6.2\" \/>\n\t\t<meta property=\"og:locale\" content=\"es_ES\" \/>\n\t\t<meta property=\"og:site_name\" content=\"Cand\u00e1s 365\" \/>\n\t\t<meta property=\"og:type\" content=\"article\" \/>\n\t\t<meta property=\"og:title\" content=\"Alemania e Irlanda piden r\u00e1pido posicionamiento a Londres para Brexit | Cand\u00e1s 365\" \/>\n\t\t<meta property=\"og:description\" content=\"Berl\u00edn, 12 jul (dpa) - Alemania e Irlanda solicitaron hoy un r\u00e1pido posicionamiento del Gobierno brit\u00e1nico de cara a su salida de la Uni\u00f3n Europea (UE). &quot;El deber de la futura primera ministra (brit\u00e1nica, Theresa May) ser\u00e1 tambi\u00e9n dar claridad a la cuesti\u00f3n de qu\u00e9 relaci\u00f3n le gustar\u00eda mantener en un futuro al Reino Unido\" \/>\n\t\t<meta property=\"og:url\" content=\"https:\/\/candas365.es\/noticias\/alemania-e-irlanda-piden-rapido-posicionamiento-a-londres-para-brexit\/\" \/>\n\t\t<meta property=\"og:image\" content=\"https:\/\/candas365.es\/noticias\/wp-content\/uploads\/2015\/09\/c365noticias.jpg\" \/>\n\t\t<meta property=\"og:image:secure_url\" content=\"https:\/\/candas365.es\/noticias\/wp-content\/uploads\/2015\/09\/c365noticias.jpg\" \/>\n\t\t<meta property=\"og:image:width\" content=\"655\" \/>\n\t\t<meta property=\"og:image:height\" content=\"360\" \/>\n\t\t<meta property=\"article:published_time\" content=\"2016-07-12T19:31:30+00:00\" \/>\n\t\t<meta property=\"article:modified_time\" content=\"2016-07-12T19:31:30+00:00\" \/>\n\t\t<meta property=\"article:publisher\" content=\"https:\/\/www.facebook.com\/Nachofdezber\" \/>\n\t\t<meta property=\"article:author\" content=\"https:\/\/www.facebook.com\/carrenoactualidad\" \/>\n\t\t<meta name=\"twitter:card\" content=\"summary_large_image\" \/>\n\t\t<meta name=\"twitter:site\" content=\"@NabercoDigital\" \/>\n\t\t<meta name=\"twitter:title\" content=\"Alemania e Irlanda piden r\u00e1pido posicionamiento a Londres para Brexit | Cand\u00e1s 365\" \/>\n\t\t<meta name=\"twitter:description\" content=\"Berl\u00edn, 12 jul (dpa) - Alemania e Irlanda solicitaron hoy un r\u00e1pido posicionamiento del Gobierno brit\u00e1nico de cara a su salida de la Uni\u00f3n Europea (UE). &quot;El deber de la futura primera ministra (brit\u00e1nica, Theresa May) ser\u00e1 tambi\u00e9n dar claridad a la cuesti\u00f3n de qu\u00e9 relaci\u00f3n le gustar\u00eda mantener en un futuro al Reino Unido\" \/>\n\t\t<meta name=\"twitter:creator\" content=\"@nbasturias\" \/>\n\t\t<meta name=\"twitter:image\" content=\"https:\/\/candas365.es\/noticias\/wp-content\/uploads\/2015\/09\/c365noticias.jpg\" \/>\n\t\t<meta name=\"twitter:label1\" content=\"Escrito por\" \/>\n\t\t<meta name=\"twitter:data1\" content=\"Cand\u00e1s 365\" \/>\n\t\t<meta name=\"twitter:label2\" content=\"Tiempo de lectura estimado\" \/>\n\t\t<meta name=\"twitter:data2\" content=\"2 minutos\" \/>\n\t\t<script type=\"application\/ld+json\" class=\"aioseo-schema\">\n\t\t\t{\"@context\":\"https:\\\/\\\/schema.org\",\"@graph\":[{\"@type\":\"BreadcrumbList\",\"@id\":\"https:\\\/\\\/candas365.es\\\/noticias\\\/alemania-e-irlanda-piden-rapido-posicionamiento-a-londres-para-brexit\\\/#breadcrumblist\",\"itemListElement\":[{\"@type\":\"ListItem\",\"@id\":\"https:\\\/\\\/candas365.es\\\/noticias#listItem\",\"position\":1,\"name\":\"Home\",\"item\":\"https:\\\/\\\/candas365.es\\\/noticias\",\"nextItem\":{\"@type\":\"ListItem\",\"@id\":\"https:\\\/\\\/candas365.es\\\/noticias\\\/category\\\/actualidad\\\/#listItem\",\"name\":\"Actualidad\"}},{\"@type\":\"ListItem\",\"@id\":\"https:\\\/\\\/candas365.es\\\/noticias\\\/category\\\/actualidad\\\/#listItem\",\"position\":2,\"name\":\"Actualidad\",\"item\":\"https:\\\/\\\/candas365.es\\\/noticias\\\/category\\\/actualidad\\\/\",\"nextItem\":{\"@type\":\"ListItem\",\"@id\":\"https:\\\/\\\/candas365.es\\\/noticias\\\/alemania-e-irlanda-piden-rapido-posicionamiento-a-londres-para-brexit\\\/#listItem\",\"name\":\"Alemania e Irlanda piden r\\u00e1pido posicionamiento a Londres para Brexit\"},\"previousItem\":{\"@type\":\"ListItem\",\"@id\":\"https:\\\/\\\/candas365.es\\\/noticias#listItem\",\"name\":\"Home\"}},{\"@type\":\"ListItem\",\"@id\":\"https:\\\/\\\/candas365.es\\\/noticias\\\/alemania-e-irlanda-piden-rapido-posicionamiento-a-londres-para-brexit\\\/#listItem\",\"position\":3,\"name\":\"Alemania e Irlanda piden r\\u00e1pido posicionamiento a Londres para Brexit\",\"previousItem\":{\"@type\":\"ListItem\",\"@id\":\"https:\\\/\\\/candas365.es\\\/noticias\\\/category\\\/actualidad\\\/#listItem\",\"name\":\"Actualidad\"}}]},{\"@type\":\"NewsArticle\",\"@id\":\"https:\\\/\\\/candas365.es\\\/noticias\\\/alemania-e-irlanda-piden-rapido-posicionamiento-a-londres-para-brexit\\\/#newsarticle\",\"name\":\"Alemania e Irlanda piden r\\u00e1pido posicionamiento a Londres para Brexit | Cand\\u00e1s 365\",\"headline\":\"Alemania e Irlanda piden r\\u00e1pido posicionamiento a Londres para Brexit\",\"author\":{\"@id\":\"https:\\\/\\\/candas365.es\\\/noticias\\\/author\\\/admin\\\/#author\"},\"publisher\":{\"@id\":\"https:\\\/\\\/candas365.es\\\/noticias\\\/#organization\"},\"image\":{\"@type\":\"ImageObject\",\"url\":\"https:\\\/\\\/candas365.es\\\/noticias\\\/wp-content\\\/uploads\\\/2015\\\/09\\\/c365noticias.jpg\",\"width\":655,\"height\":360},\"datePublished\":\"2016-07-12T21:01:30+02:00\",\"dateModified\":\"2016-07-12T21:01:30+02:00\",\"inLanguage\":\"es-ES\",\"mainEntityOfPage\":{\"@id\":\"https:\\\/\\\/candas365.es\\\/noticias\\\/alemania-e-irlanda-piden-rapido-posicionamiento-a-londres-para-brexit\\\/#webpage\"},\"isPartOf\":{\"@id\":\"https:\\\/\\\/candas365.es\\\/noticias\\\/alemania-e-irlanda-piden-rapido-posicionamiento-a-londres-para-brexit\\\/#webpage\"},\"articleSection\":\"Actualidad\",\"dateline\":\"Publicado el julio 12, 2016.\"},{\"@type\":\"Organization\",\"@id\":\"https:\\\/\\\/candas365.es\\\/noticias\\\/#organization\",\"name\":\"Cand\\u00e1s 365\",\"description\":\"Cand\\u00e1s 365 es un diario digital independiente, fundado en 2012, con base en Asturias. Informamos con rigor sobre actualidad, sociedad, cultura y ocio, con una mirada local y global.\",\"url\":\"https:\\\/\\\/candas365.es\\\/noticias\\\/\",\"email\":\"info@candas365.es\",\"telephone\":\"+34652131393\",\"foundingDate\":\"2012-06-10\",\"logo\":{\"@type\":\"ImageObject\",\"url\":\"https:\\\/\\\/candas365.es\\\/noticias\\\/wp-content\\\/uploads\\\/2024\\\/09\\\/Candas-365-Redes.jpg\",\"@id\":\"https:\\\/\\\/candas365.es\\\/noticias\\\/alemania-e-irlanda-piden-rapido-posicionamiento-a-londres-para-brexit\\\/#organizationLogo\",\"width\":1152,\"height\":864,\"caption\":\"Cand\\u00e1s 365 Redes\"},\"image\":{\"@id\":\"https:\\\/\\\/candas365.es\\\/noticias\\\/alemania-e-irlanda-piden-rapido-posicionamiento-a-londres-para-brexit\\\/#organizationLogo\"},\"sameAs\":[\"https:\\\/\\\/www.facebook.com\\\/Nachofdezber\",\"https:\\\/\\\/x.com\\\/NabercoDigital\",\"https:\\\/\\\/www.instagram.com\\\/nachofdezber\\\/\",\"https:\\\/\\\/www.youtube.com\\\/channel\\\/UCZP-2wLEB9Rv6erhFmqVnvg\"],\"address\":{\"@id\":\"https:\\\/\\\/candas365.es\\\/noticias\\\/#postaladdress\",\"@type\":\"PostalAddress\",\"streetAddress\":\"san antonio 4, san antonio 4\",\"postalCode\":\"33430\",\"addressLocality\":\"Cand\\u00e1s\",\"addressRegion\":\"Asturias\",\"addressCountry\":\"ES\"}},{\"@type\":\"Person\",\"@id\":\"https:\\\/\\\/candas365.es\\\/noticias\\\/author\\\/admin\\\/#author\",\"url\":\"https:\\\/\\\/candas365.es\\\/noticias\\\/author\\\/admin\\\/\",\"name\":\"Cand\\u00e1s 365\",\"image\":{\"@type\":\"ImageObject\",\"@id\":\"https:\\\/\\\/candas365.es\\\/noticias\\\/alemania-e-irlanda-piden-rapido-posicionamiento-a-londres-para-brexit\\\/#authorImage\",\"url\":\"https:\\\/\\\/secure.gravatar.com\\\/avatar\\\/496a8e03d0c493ede1718b7934145dbdf8d89be1036b0eec9544e1094c9de390?s=96&d=mm&r=g\",\"width\":96,\"height\":96,\"caption\":\"Cand\\u00e1s 365\"},\"sameAs\":[\"https:\\\/\\\/www.facebook.com\\\/carrenoactualidad\",\"https:\\\/\\\/twitter.com\\\/nbasturias\",\"https:\\\/\\\/www.instagram.com\\\/nachofdezber\\\/\",\"https:\\\/\\\/www.youtube.com\\\/channel\\\/UCZP-2wLEB9Rv6erhFmqVnvg\"]},{\"@type\":\"WebPage\",\"@id\":\"https:\\\/\\\/candas365.es\\\/noticias\\\/alemania-e-irlanda-piden-rapido-posicionamiento-a-londres-para-brexit\\\/#webpage\",\"url\":\"https:\\\/\\\/candas365.es\\\/noticias\\\/alemania-e-irlanda-piden-rapido-posicionamiento-a-londres-para-brexit\\\/\",\"name\":\"Alemania e Irlanda piden r\\u00e1pido posicionamiento a Londres para Brexit | Cand\\u00e1s 365\",\"description\":\"Berl\\u00edn, 12 jul (dpa) - Alemania e Irlanda solicitaron hoy un r\\u00e1pido posicionamiento del Gobierno brit\\u00e1nico de cara a su salida de la Uni\\u00f3n Europea (UE). \\\"El deber de la futura primera ministra (brit\\u00e1nica, Theresa May) ser\\u00e1 tambi\\u00e9n dar claridad a la cuesti\\u00f3n de qu\\u00e9 relaci\\u00f3n le gustar\\u00eda mantener en un futuro al Reino Unido\",\"inLanguage\":\"es-ES\",\"isPartOf\":{\"@id\":\"https:\\\/\\\/candas365.es\\\/noticias\\\/#website\"},\"breadcrumb\":{\"@id\":\"https:\\\/\\\/candas365.es\\\/noticias\\\/alemania-e-irlanda-piden-rapido-posicionamiento-a-londres-para-brexit\\\/#breadcrumblist\"},\"author\":{\"@id\":\"https:\\\/\\\/candas365.es\\\/noticias\\\/author\\\/admin\\\/#author\"},\"creator\":{\"@id\":\"https:\\\/\\\/candas365.es\\\/noticias\\\/author\\\/admin\\\/#author\"},\"image\":{\"@type\":\"ImageObject\",\"url\":\"https:\\\/\\\/candas365.es\\\/noticias\\\/wp-content\\\/uploads\\\/2015\\\/09\\\/c365noticias.jpg\",\"@id\":\"https:\\\/\\\/candas365.es\\\/noticias\\\/alemania-e-irlanda-piden-rapido-posicionamiento-a-londres-para-brexit\\\/#mainImage\",\"width\":655,\"height\":360},\"primaryImageOfPage\":{\"@id\":\"https:\\\/\\\/candas365.es\\\/noticias\\\/alemania-e-irlanda-piden-rapido-posicionamiento-a-londres-para-brexit\\\/#mainImage\"},\"datePublished\":\"2016-07-12T21:01:30+02:00\",\"dateModified\":\"2016-07-12T21:01:30+02:00\"},{\"@type\":\"WebSite\",\"@id\":\"https:\\\/\\\/candas365.es\\\/noticias\\\/#website\",\"url\":\"https:\\\/\\\/candas365.es\\\/noticias\\\/\",\"name\":\"Cand\\u00e1s 365\",\"alternateName\":\"Cand\\u00e1s 365 Noticias\",\"description\":\"Actualidad desde Carre\\u00f1o para el mundo\",\"inLanguage\":\"es-ES\",\"publisher\":{\"@id\":\"https:\\\/\\\/candas365.es\\\/noticias\\\/#organization\"}}]}\n\t\t<\/script>\n\t\t<!-- All in One SEO Pro -->\r\n\t\t<title>Alemania e Irlanda piden r\u00e1pido posicionamiento a Londres para Brexit | Cand\u00e1s 365<\/title>\n\n","aioseo_head_json":{"title":"Alemania e Irlanda piden r\u00e1pido posicionamiento a Londres para Brexit | Cand\u00e1s 365","description":"Berl\u00edn, 12 jul (dpa) - Alemania e Irlanda solicitaron hoy un r\u00e1pido posicionamiento del Gobierno brit\u00e1nico de cara a su salida de la Uni\u00f3n Europea (UE). \"El deber de la futura primera ministra (brit\u00e1nica, Theresa May) ser\u00e1 tambi\u00e9n dar claridad a la cuesti\u00f3n de qu\u00e9 relaci\u00f3n le gustar\u00eda mantener en un futuro al Reino Unido","canonical_url":"https:\/\/candas365.es\/noticias\/alemania-e-irlanda-piden-rapido-posicionamiento-a-londres-para-brexit\/","robots":"max-image-preview:large","keywords":"actualidad","webmasterTools":{"google-site-verification":"UA-32230408-1","msvalidate.01":"354F3CDFB2DA171B47FBE9ABF1F88D5","miscellaneous":""},"schema":{"@context":"https:\/\/schema.org","@graph":[{"@type":"BreadcrumbList","@id":"https:\/\/candas365.es\/noticias\/alemania-e-irlanda-piden-rapido-posicionamiento-a-londres-para-brexit\/#breadcrumblist","itemListElement":[{"@type":"ListItem","@id":"https:\/\/candas365.es\/noticias#listItem","position":1,"name":"Home","item":"https:\/\/candas365.es\/noticias","nextItem":{"@type":"ListItem","@id":"https:\/\/candas365.es\/noticias\/category\/actualidad\/#listItem","name":"Actualidad"}},{"@type":"ListItem","@id":"https:\/\/candas365.es\/noticias\/category\/actualidad\/#listItem","position":2,"name":"Actualidad","item":"https:\/\/candas365.es\/noticias\/category\/actualidad\/","nextItem":{"@type":"ListItem","@id":"https:\/\/candas365.es\/noticias\/alemania-e-irlanda-piden-rapido-posicionamiento-a-londres-para-brexit\/#listItem","name":"Alemania e Irlanda piden r\u00e1pido posicionamiento a Londres para Brexit"},"previousItem":{"@type":"ListItem","@id":"https:\/\/candas365.es\/noticias#listItem","name":"Home"}},{"@type":"ListItem","@id":"https:\/\/candas365.es\/noticias\/alemania-e-irlanda-piden-rapido-posicionamiento-a-londres-para-brexit\/#listItem","position":3,"name":"Alemania e Irlanda piden r\u00e1pido posicionamiento a Londres para Brexit","previousItem":{"@type":"ListItem","@id":"https:\/\/candas365.es\/noticias\/category\/actualidad\/#listItem","name":"Actualidad"}}]},{"@type":"NewsArticle","@id":"https:\/\/candas365.es\/noticias\/alemania-e-irlanda-piden-rapido-posicionamiento-a-londres-para-brexit\/#newsarticle","name":"Alemania e Irlanda piden r\u00e1pido posicionamiento a Londres para Brexit | Cand\u00e1s 365","headline":"Alemania e Irlanda piden r\u00e1pido posicionamiento a Londres para Brexit","author":{"@id":"https:\/\/candas365.es\/noticias\/author\/admin\/#author"},"publisher":{"@id":"https:\/\/candas365.es\/noticias\/#organization"},"image":{"@type":"ImageObject","url":"https:\/\/candas365.es\/noticias\/wp-content\/uploads\/2015\/09\/c365noticias.jpg","width":655,"height":360},"datePublished":"2016-07-12T21:01:30+02:00","dateModified":"2016-07-12T21:01:30+02:00","inLanguage":"es-ES","mainEntityOfPage":{"@id":"https:\/\/candas365.es\/noticias\/alemania-e-irlanda-piden-rapido-posicionamiento-a-londres-para-brexit\/#webpage"},"isPartOf":{"@id":"https:\/\/candas365.es\/noticias\/alemania-e-irlanda-piden-rapido-posicionamiento-a-londres-para-brexit\/#webpage"},"articleSection":"Actualidad","dateline":"Publicado el julio 12, 2016."},{"@type":"Organization","@id":"https:\/\/candas365.es\/noticias\/#organization","name":"Cand\u00e1s 365","description":"Cand\u00e1s 365 es un diario digital independiente, fundado en 2012, con base en Asturias. Informamos con rigor sobre actualidad, sociedad, cultura y ocio, con una mirada local y global.","url":"https:\/\/candas365.es\/noticias\/","email":"info@candas365.es","telephone":"+34652131393","foundingDate":"2012-06-10","logo":{"@type":"ImageObject","url":"https:\/\/candas365.es\/noticias\/wp-content\/uploads\/2024\/09\/Candas-365-Redes.jpg","@id":"https:\/\/candas365.es\/noticias\/alemania-e-irlanda-piden-rapido-posicionamiento-a-londres-para-brexit\/#organizationLogo","width":1152,"height":864,"caption":"Cand\u00e1s 365 Redes"},"image":{"@id":"https:\/\/candas365.es\/noticias\/alemania-e-irlanda-piden-rapido-posicionamiento-a-londres-para-brexit\/#organizationLogo"},"sameAs":["https:\/\/www.facebook.com\/Nachofdezber","https:\/\/x.com\/NabercoDigital","https:\/\/www.instagram.com\/nachofdezber\/","https:\/\/www.youtube.com\/channel\/UCZP-2wLEB9Rv6erhFmqVnvg"],"address":{"@id":"https:\/\/candas365.es\/noticias\/#postaladdress","@type":"PostalAddress","streetAddress":"san antonio 4, san antonio 4","postalCode":"33430","addressLocality":"Cand\u00e1s","addressRegion":"Asturias","addressCountry":"ES"}},{"@type":"Person","@id":"https:\/\/candas365.es\/noticias\/author\/admin\/#author","url":"https:\/\/candas365.es\/noticias\/author\/admin\/","name":"Cand\u00e1s 365","image":{"@type":"ImageObject","@id":"https:\/\/candas365.es\/noticias\/alemania-e-irlanda-piden-rapido-posicionamiento-a-londres-para-brexit\/#authorImage","url":"https:\/\/secure.gravatar.com\/avatar\/496a8e03d0c493ede1718b7934145dbdf8d89be1036b0eec9544e1094c9de390?s=96&d=mm&r=g","width":96,"height":96,"caption":"Cand\u00e1s 365"},"sameAs":["https:\/\/www.facebook.com\/carrenoactualidad","https:\/\/twitter.com\/nbasturias","https:\/\/www.instagram.com\/nachofdezber\/","https:\/\/www.youtube.com\/channel\/UCZP-2wLEB9Rv6erhFmqVnvg"]},{"@type":"WebPage","@id":"https:\/\/candas365.es\/noticias\/alemania-e-irlanda-piden-rapido-posicionamiento-a-londres-para-brexit\/#webpage","url":"https:\/\/candas365.es\/noticias\/alemania-e-irlanda-piden-rapido-posicionamiento-a-londres-para-brexit\/","name":"Alemania e Irlanda piden r\u00e1pido posicionamiento a Londres para Brexit | Cand\u00e1s 365","description":"Berl\u00edn, 12 jul (dpa) - Alemania e Irlanda solicitaron hoy un r\u00e1pido posicionamiento del Gobierno brit\u00e1nico de cara a su salida de la Uni\u00f3n Europea (UE). \"El deber de la futura primera ministra (brit\u00e1nica, Theresa May) ser\u00e1 tambi\u00e9n dar claridad a la cuesti\u00f3n de qu\u00e9 relaci\u00f3n le gustar\u00eda mantener en un futuro al Reino Unido","inLanguage":"es-ES","isPartOf":{"@id":"https:\/\/candas365.es\/noticias\/#website"},"breadcrumb":{"@id":"https:\/\/candas365.es\/noticias\/alemania-e-irlanda-piden-rapido-posicionamiento-a-londres-para-brexit\/#breadcrumblist"},"author":{"@id":"https:\/\/candas365.es\/noticias\/author\/admin\/#author"},"creator":{"@id":"https:\/\/candas365.es\/noticias\/author\/admin\/#author"},"image":{"@type":"ImageObject","url":"https:\/\/candas365.es\/noticias\/wp-content\/uploads\/2015\/09\/c365noticias.jpg","@id":"https:\/\/candas365.es\/noticias\/alemania-e-irlanda-piden-rapido-posicionamiento-a-londres-para-brexit\/#mainImage","width":655,"height":360},"primaryImageOfPage":{"@id":"https:\/\/candas365.es\/noticias\/alemania-e-irlanda-piden-rapido-posicionamiento-a-londres-para-brexit\/#mainImage"},"datePublished":"2016-07-12T21:01:30+02:00","dateModified":"2016-07-12T21:01:30+02:00"},{"@type":"WebSite","@id":"https:\/\/candas365.es\/noticias\/#website","url":"https:\/\/candas365.es\/noticias\/","name":"Cand\u00e1s 365","alternateName":"Cand\u00e1s 365 Noticias","description":"Actualidad desde Carre\u00f1o para el mundo","inLanguage":"es-ES","publisher":{"@id":"https:\/\/candas365.es\/noticias\/#organization"}}]},"og:locale":"es_ES","og:site_name":"Cand\u00e1s 365","og:type":"article","og:title":"Alemania e Irlanda piden r\u00e1pido posicionamiento a Londres para Brexit | Cand\u00e1s 365","og:description":"Berl\u00edn, 12 jul (dpa) - Alemania e Irlanda solicitaron hoy un r\u00e1pido posicionamiento del Gobierno brit\u00e1nico de cara a su salida de la Uni\u00f3n Europea (UE). &quot;El deber de la futura primera ministra (brit\u00e1nica, Theresa May) ser\u00e1 tambi\u00e9n dar claridad a la cuesti\u00f3n de qu\u00e9 relaci\u00f3n le gustar\u00eda mantener en un futuro al Reino Unido","og:url":"https:\/\/candas365.es\/noticias\/alemania-e-irlanda-piden-rapido-posicionamiento-a-londres-para-brexit\/","og:image":"https:\/\/candas365.es\/noticias\/wp-content\/uploads\/2015\/09\/c365noticias.jpg","og:image:secure_url":"https:\/\/candas365.es\/noticias\/wp-content\/uploads\/2015\/09\/c365noticias.jpg","og:image:width":655,"og:image:height":360,"article:published_time":"2016-07-12T19:31:30+00:00","article:modified_time":"2016-07-12T19:31:30+00:00","article:publisher":"https:\/\/www.facebook.com\/Nachofdezber","article:author":"https:\/\/www.facebook.com\/carrenoactualidad","twitter:card":"summary_large_image","twitter:site":"@NabercoDigital","twitter:title":"Alemania e Irlanda piden r\u00e1pido posicionamiento a Londres para Brexit | Cand\u00e1s 365","twitter:description":"Berl\u00edn, 12 jul (dpa) - Alemania e Irlanda solicitaron hoy un r\u00e1pido posicionamiento del Gobierno brit\u00e1nico de cara a su salida de la Uni\u00f3n Europea (UE). &quot;El deber de la futura primera ministra (brit\u00e1nica, Theresa May) ser\u00e1 tambi\u00e9n dar claridad a la cuesti\u00f3n de qu\u00e9 relaci\u00f3n le gustar\u00eda mantener en un futuro al Reino Unido","twitter:creator":"@nbasturias","twitter:image":"https:\/\/candas365.es\/noticias\/wp-content\/uploads\/2015\/09\/c365noticias.jpg","twitter:label1":"Escrito por","twitter:data1":"Cand\u00e1s 365","twitter:label2":"Tiempo de lectura estimado","twitter:data2":"2 minutos"},"aioseo_meta_data":{"post_id":"31907","title":null,"description":null,"keywords":null,"keyphrases":null,"primary_term":null,"canonical_url":null,"og_title":null,"og_description":null,"og_object_type":"default","og_image_type":"default","og_image_url":null,"og_image_width":null,"og_image_height":null,"og_image_custom_url":null,"og_image_custom_fields":null,"og_video":null,"og_custom_url":null,"og_article_section":null,"og_article_tags":null,"twitter_use_og":false,"twitter_card":"default","twitter_image_type":"default","twitter_image_url":null,"twitter_image_custom_url":null,"twitter_image_custom_fields":null,"twitter_title":null,"twitter_description":null,"schema":{"blockGraphs":[],"customGraphs":[],"default":{"data":{"Article":[],"Course":[],"Dataset":[],"FAQPage":[],"Movie":[],"Person":[],"Product":[],"ProductReview":[],"Car":[],"Recipe":[],"Service":[],"SoftwareApplication":[],"WebPage":[]},"graphName":"","isEnabled":true},"graphs":[],"defaultGraph":"","defaultPostTypeGraph":""},"schema_type":null,"schema_type_options":null,"pillar_content":false,"robots_default":true,"robots_noindex":false,"robots_noarchive":false,"robots_nosnippet":false,"robots_nofollow":false,"robots_noimageindex":false,"robots_noodp":false,"robots_notranslate":false,"robots_max_snippet":null,"robots_max_videopreview":null,"robots_max_imagepreview":"large","priority":null,"frequency":null,"location":null,"local_seo":null,"seo_analyzer_scan_date":"2025-08-24 14:35:13","breadcrumb_settings":null,"limit_modified_date":false,"reviewed_by":null,"open_ai":null,"ai":null,"created":"2020-12-21 13:02:20","updated":"2025-08-24 14:35:13"},"aioseo_breadcrumb":"<div class=\"aioseo-breadcrumbs\"><span class=\"aioseo-breadcrumb\">\n\t<a href=\"https:\/\/candas365.es\/noticias\" title=\"Home\">Home<\/a>\n<\/span><span class=\"aioseo-breadcrumb-separator\">&ndash;<\/span><span class=\"aioseo-breadcrumb\">\n\t<a href=\"https:\/\/candas365.es\/noticias\/category\/actualidad\/\" title=\"Actualidad\">Actualidad<\/a>\n<\/span><span class=\"aioseo-breadcrumb-separator\">&ndash;<\/span><span class=\"aioseo-breadcrumb\">\n\tAlemania e Irlanda piden r\u00e1pido posicionamiento a Londres para Brexit\n<\/span><\/div>","aioseo_breadcrumb_json":[{"label":"Home","link":"https:\/\/candas365.es\/noticias"},{"label":"Actualidad","link":"https:\/\/candas365.es\/noticias\/category\/actualidad\/"},{"label":"Alemania e Irlanda piden r\u00e1pido posicionamiento a Londres para Brexit","link":"https:\/\/candas365.es\/noticias\/alemania-e-irlanda-piden-rapido-posicionamiento-a-londres-para-brexit\/"}],"_links":{"self":[{"href":"https:\/\/candas365.es\/noticias\/wp-json\/wp\/v2\/posts\/31907","targetHints":{"allow":["GET"]}}],"collection":[{"href":"https:\/\/candas365.es\/noticias\/wp-json\/wp\/v2\/posts"}],"about":[{"href":"https:\/\/candas365.es\/noticias\/wp-json\/wp\/v2\/types\/post"}],"author":[{"embeddable":true,"href":"https:\/\/candas365.es\/noticias\/wp-json\/wp\/v2\/users\/1"}],"replies":[{"embeddable":true,"href":"https:\/\/candas365.es\/noticias\/wp-json\/wp\/v2\/comments?post=31907"}],"version-history":[{"count":0,"href":"https:\/\/candas365.es\/noticias\/wp-json\/wp\/v2\/posts\/31907\/revisions"}],"wp:featuredmedia":[{"embeddable":true,"href":"https:\/\/candas365.es\/noticias\/wp-json\/wp\/v2\/media\/16457"}],"wp:attachment":[{"href":"https:\/\/candas365.es\/noticias\/wp-json\/wp\/v2\/media?parent=31907"}],"wp:term":[{"taxonomy":"category","embeddable":true,"href":"https:\/\/candas365.es\/noticias\/wp-json\/wp\/v2\/categories?post=31907"},{"taxonomy":"post_tag","embeddable":true,"href":"https:\/\/candas365.es\/noticias\/wp-json\/wp\/v2\/tags?post=31907"}],"curies":[{"name":"wp","href":"https:\/\/api.w.org\/{rel}","templated":true}]}}