{"id":31903,"date":"2016-07-12T20:54:18","date_gmt":"2016-07-12T19:24:18","guid":{"rendered":"http:\/\/candas365.es\/noticias\/?p=31903"},"modified":"2016-07-12T20:54:18","modified_gmt":"2016-07-12T19:24:18","slug":"merkel-no-hay-aun-ninguna-crisis-por-problemas-de-bancos-italianos","status":"publish","type":"post","link":"https:\/\/candas365.es\/noticias\/merkel-no-hay-aun-ninguna-crisis-por-problemas-de-bancos-italianos\/","title":{"rendered":"Merkel: No hay a\u00fan ninguna crisis por problemas de bancos italianos"},"content":{"rendered":"<p>Berl\u00edn, 12 jul (dpa) &#8211; La canciller alemana, Angela Merkel, asegur\u00f3 hoy que los problemas de los bancos italianos no desencadenar\u00e1n crisis alguna. <\/p>\n<p>\u00abNo veo ning\u00fan desarrollo cr\u00edtico en conjunto\u00bb, afirm\u00f3 la l\u00edder cristianodem\u00f3crata en Berl\u00edn, al mismo tiempo que se remiti\u00f3 a las conversaciones entre Bruselas y Roma, as\u00ed como al encuentro de ministros de Finanzas de la Uni\u00f3n Europea (UE) en Bruselas. <\/p>\n<p>\u00abEstoy muy convencida de que estas cuestiones podr\u00e1n solucionarse correctamente\u00bb, agreg\u00f3. <\/p>\n<p>Por su parte, pol\u00edticos y economistas alemanes rechazaron un programa de rescate para los bancos italianos en crisis y advirtieron que deben cumplirse las normas, en declaraciones publicadas hoy por los medios germanos. <\/p>\n<p>\u00abLas reglas para desmantelar y sanear los bancos con problemas las debe cumplir tambi\u00e9n el Gobierno italiano\u00bb, afirm\u00f3 el portavoz de pol\u00edtica econ\u00f3mica del grupo parlamentario de la Uni\u00f3n -formada por la Uni\u00f3n Cristianodem\u00f3crata (CDU) y Uni\u00f3n Cristianosocial (CSU)-, Joachim Pfeiffer, al grupo medi\u00e1tico Redaktionsnetzwerk Deutschland.<\/p>\n<p>\u00abRomper esta regla ser\u00eda inaceptable\u00bb, apunt\u00f3 al mismo tiempo que acus\u00f3 al Gobierno italiano de no haber hecho nada tras los malos resultados registrados por sus bancos en los tests de estr\u00e9s de 2014. <\/p>\n<p>Por su parte, el Partido Socialdem\u00f3crata (SPD) solicit\u00f3 tambi\u00e9n el cumplimiento de las reglas. \u00abLa credibilidad de las normas para proteger a todos los contribuyentes en Europa no puede ser puesta en duda a la primera oportunidad\u00bb, declar\u00f3 el vicepresidente del grupo parlamentario del SPD, Carsten Schneider. <\/p>\n<p>El presidente del prestigioso grupo de los cinco \u00absabios\u00bb, el consejo econ\u00f3mico que asesora al Gobierno alem\u00e1n, Christoph Schmidt, rechaz\u00f3 tambi\u00e9n la posibilidad de salvar los bancos italianos con dinero de los impuestos, seg\u00fan declaraciones publicadas hoy en el diario alem\u00e1n \u00abRheinischer Post\u00bb. <\/p>\n<p>\u00abEl riesgo aumenta cuando en la Uni\u00f3n Europea (UE) se pone de nuevo en duda el marco del desmantelamiento bancario\u00bb, indic\u00f3 Schmidt. \u00abSer fieles a las reglas ser\u00eda un camino para recuperar la confianza perdida en la estabilidad de la eurozona\u00bb, afirm\u00f3. <\/p>\n<p>Los bancos italianos tienen cr\u00e9ditos morosos por valor de cerca de 360.000 millones de euros. El Gobierno del primer ministro italiano, Matteo Renzi, quiere apoyar a los bancos arruinados con ayuda de las arcas p\u00fablicas. <\/p>\n<p>De acuerdo con las nuevas reglas bancarias de la UE, creadas sobre la base de las experiencias en la crisis financiera de 2008\/2009, las ayudas s\u00f3lo podr\u00e1n concederse despu\u00e9s de que los accionistas y los acreedores privados asuman p\u00e9rdidas (\u00abBail-in\u00bb), record\u00f3 el experto. <\/p>\n<p>\u00abNaturalmente, es muy desagradable para la pol\u00edtica italiana hacer part\u00edcipes de las p\u00e9rdidas a acreedores locales y con ello a electores\u00bb, afirm\u00f3 Schmidt. Sin embargo, la protecci\u00f3n monitoria de los peque\u00f1os inversores italianos no es raz\u00f3n alguna para quebrantar las leyes de la UE, agreg\u00f3. <\/p>\n<p>Los ministros de Finanzas de la UE se re\u00fanen hoy en Bruselas para discutir sobre la situaci\u00f3n. En la reciente cumbre de la UE, Renzi present\u00f3 su plan de apoyar a los bancos en crisis con dinero estatal por un volumen de 40.000 millones de euros (44.300 millones de d\u00f3lares). <\/p>\n","protected":false},"excerpt":{"rendered":"<p>Berl\u00edn, 12 jul (dpa) &#8211; La canciller alemana, Angela Merkel, asegur\u00f3 hoy que los problemas de los bancos italianos no desencadenar\u00e1n crisis alguna. \u00abNo veo ning\u00fan desarrollo cr\u00edtico en conjunto\u00bb, afirm\u00f3 la l\u00edder cristianodem\u00f3crata en Berl\u00edn, al mismo tiempo que se remiti\u00f3 a las conversaciones entre Bruselas y Roma, as\u00ed como al encuentro de ministros<\/p>\n","protected":false},"author":1,"featured_media":14622,"comment_status":"closed","ping_status":"closed","sticky":false,"template":"","format":"standard","meta":{"footnotes":""},"categories":[343],"tags":[],"class_list":{"0":"post-31903","1":"post","2":"type-post","3":"status-publish","4":"format-standard","5":"has-post-thumbnail","7":"category-actualidad"},"aioseo_notices":[],"aioseo_head":"\n\t\t<!-- All in One SEO Pro 4.9.6.2 - aioseo.com -->\n\t<meta name=\"description\" content=\"Berl\u00edn, 12 jul (dpa) - La canciller alemana, Angela Merkel, asegur\u00f3 hoy que los problemas de los bancos italianos no desencadenar\u00e1n crisis alguna. &quot;No veo ning\u00fan desarrollo cr\u00edtico en conjunto&quot;, afirm\u00f3 la l\u00edder cristianodem\u00f3crata en Berl\u00edn, al mismo tiempo que se remiti\u00f3 a las conversaciones entre Bruselas y Roma, as\u00ed como al encuentro de ministros\" \/>\n\t<meta name=\"robots\" content=\"max-image-preview:large\" \/>\n\t<meta name=\"author\" content=\"Cand\u00e1s 365\"\/>\n\t<meta name=\"google-site-verification\" content=\"UA-32230408-1\" \/>\n\t<meta name=\"msvalidate.01\" content=\"354F3CDFB2DA171B47FBE9ABF1F88D5\" \/>\n\t<meta name=\"keywords\" content=\"actualidad\" \/>\n\t<link rel=\"canonical\" href=\"https:\/\/candas365.es\/noticias\/merkel-no-hay-aun-ninguna-crisis-por-problemas-de-bancos-italianos\/\" \/>\n\t<meta name=\"generator\" content=\"All in One SEO Pro (AIOSEO) 4.9.6.2\" \/>\n\t\t<meta property=\"og:locale\" content=\"es_ES\" \/>\n\t\t<meta property=\"og:site_name\" content=\"Cand\u00e1s 365\" \/>\n\t\t<meta property=\"og:type\" content=\"article\" \/>\n\t\t<meta property=\"og:title\" content=\"Merkel: No hay a\u00fan ninguna crisis por problemas de bancos italianos | Cand\u00e1s 365\" \/>\n\t\t<meta property=\"og:description\" content=\"Berl\u00edn, 12 jul (dpa) - La canciller alemana, Angela Merkel, asegur\u00f3 hoy que los problemas de los bancos italianos no desencadenar\u00e1n crisis alguna. &quot;No veo ning\u00fan desarrollo cr\u00edtico en conjunto&quot;, afirm\u00f3 la l\u00edder cristianodem\u00f3crata en Berl\u00edn, al mismo tiempo que se remiti\u00f3 a las conversaciones entre Bruselas y Roma, as\u00ed como al encuentro de ministros\" \/>\n\t\t<meta property=\"og:url\" content=\"https:\/\/candas365.es\/noticias\/merkel-no-hay-aun-ninguna-crisis-por-problemas-de-bancos-italianos\/\" \/>\n\t\t<meta property=\"og:image\" content=\"https:\/\/candas365.es\/noticias\/wp-content\/uploads\/2015\/08\/merkel.jpg\" \/>\n\t\t<meta property=\"og:image:secure_url\" content=\"https:\/\/candas365.es\/noticias\/wp-content\/uploads\/2015\/08\/merkel.jpg\" \/>\n\t\t<meta property=\"og:image:width\" content=\"655\" \/>\n\t\t<meta property=\"og:image:height\" content=\"360\" \/>\n\t\t<meta property=\"article:published_time\" content=\"2016-07-12T19:24:18+00:00\" \/>\n\t\t<meta property=\"article:modified_time\" content=\"2016-07-12T19:24:18+00:00\" \/>\n\t\t<meta property=\"article:publisher\" content=\"https:\/\/www.facebook.com\/Nachofdezber\" \/>\n\t\t<meta property=\"article:author\" content=\"https:\/\/www.facebook.com\/carrenoactualidad\" \/>\n\t\t<meta name=\"twitter:card\" content=\"summary_large_image\" \/>\n\t\t<meta name=\"twitter:site\" content=\"@NabercoDigital\" \/>\n\t\t<meta name=\"twitter:title\" content=\"Merkel: No hay a\u00fan ninguna crisis por problemas de bancos italianos | Cand\u00e1s 365\" \/>\n\t\t<meta name=\"twitter:description\" content=\"Berl\u00edn, 12 jul (dpa) - La canciller alemana, Angela Merkel, asegur\u00f3 hoy que los problemas de los bancos italianos no desencadenar\u00e1n crisis alguna. &quot;No veo ning\u00fan desarrollo cr\u00edtico en conjunto&quot;, afirm\u00f3 la l\u00edder cristianodem\u00f3crata en Berl\u00edn, al mismo tiempo que se remiti\u00f3 a las conversaciones entre Bruselas y Roma, as\u00ed como al encuentro de ministros\" \/>\n\t\t<meta name=\"twitter:creator\" content=\"@nbasturias\" \/>\n\t\t<meta name=\"twitter:image\" content=\"https:\/\/candas365.es\/noticias\/wp-content\/uploads\/2015\/08\/merkel.jpg\" \/>\n\t\t<meta name=\"twitter:label1\" content=\"Escrito por\" \/>\n\t\t<meta name=\"twitter:data1\" content=\"Cand\u00e1s 365\" \/>\n\t\t<meta name=\"twitter:label2\" content=\"Tiempo de lectura estimado\" \/>\n\t\t<meta name=\"twitter:data2\" content=\"3 minutos\" \/>\n\t\t<script type=\"application\/ld+json\" class=\"aioseo-schema\">\n\t\t\t{\"@context\":\"https:\\\/\\\/schema.org\",\"@graph\":[{\"@type\":\"BreadcrumbList\",\"@id\":\"https:\\\/\\\/candas365.es\\\/noticias\\\/merkel-no-hay-aun-ninguna-crisis-por-problemas-de-bancos-italianos\\\/#breadcrumblist\",\"itemListElement\":[{\"@type\":\"ListItem\",\"@id\":\"https:\\\/\\\/candas365.es\\\/noticias#listItem\",\"position\":1,\"name\":\"Home\",\"item\":\"https:\\\/\\\/candas365.es\\\/noticias\",\"nextItem\":{\"@type\":\"ListItem\",\"@id\":\"https:\\\/\\\/candas365.es\\\/noticias\\\/category\\\/actualidad\\\/#listItem\",\"name\":\"Actualidad\"}},{\"@type\":\"ListItem\",\"@id\":\"https:\\\/\\\/candas365.es\\\/noticias\\\/category\\\/actualidad\\\/#listItem\",\"position\":2,\"name\":\"Actualidad\",\"item\":\"https:\\\/\\\/candas365.es\\\/noticias\\\/category\\\/actualidad\\\/\",\"nextItem\":{\"@type\":\"ListItem\",\"@id\":\"https:\\\/\\\/candas365.es\\\/noticias\\\/merkel-no-hay-aun-ninguna-crisis-por-problemas-de-bancos-italianos\\\/#listItem\",\"name\":\"Merkel: No hay a\\u00fan ninguna crisis por problemas de bancos italianos\"},\"previousItem\":{\"@type\":\"ListItem\",\"@id\":\"https:\\\/\\\/candas365.es\\\/noticias#listItem\",\"name\":\"Home\"}},{\"@type\":\"ListItem\",\"@id\":\"https:\\\/\\\/candas365.es\\\/noticias\\\/merkel-no-hay-aun-ninguna-crisis-por-problemas-de-bancos-italianos\\\/#listItem\",\"position\":3,\"name\":\"Merkel: No hay a\\u00fan ninguna crisis por problemas de bancos italianos\",\"previousItem\":{\"@type\":\"ListItem\",\"@id\":\"https:\\\/\\\/candas365.es\\\/noticias\\\/category\\\/actualidad\\\/#listItem\",\"name\":\"Actualidad\"}}]},{\"@type\":\"NewsArticle\",\"@id\":\"https:\\\/\\\/candas365.es\\\/noticias\\\/merkel-no-hay-aun-ninguna-crisis-por-problemas-de-bancos-italianos\\\/#newsarticle\",\"name\":\"Merkel: No hay a\\u00fan ninguna crisis por problemas de bancos italianos | Cand\\u00e1s 365\",\"headline\":\"Merkel: No hay a\\u00fan ninguna crisis por problemas de bancos italianos\",\"author\":{\"@id\":\"https:\\\/\\\/candas365.es\\\/noticias\\\/author\\\/admin\\\/#author\"},\"publisher\":{\"@id\":\"https:\\\/\\\/candas365.es\\\/noticias\\\/#organization\"},\"image\":{\"@type\":\"ImageObject\",\"url\":\"https:\\\/\\\/candas365.es\\\/noticias\\\/wp-content\\\/uploads\\\/2015\\\/08\\\/merkel.jpg\",\"width\":655,\"height\":360},\"datePublished\":\"2016-07-12T20:54:18+02:00\",\"dateModified\":\"2016-07-12T20:54:18+02:00\",\"inLanguage\":\"es-ES\",\"mainEntityOfPage\":{\"@id\":\"https:\\\/\\\/candas365.es\\\/noticias\\\/merkel-no-hay-aun-ninguna-crisis-por-problemas-de-bancos-italianos\\\/#webpage\"},\"isPartOf\":{\"@id\":\"https:\\\/\\\/candas365.es\\\/noticias\\\/merkel-no-hay-aun-ninguna-crisis-por-problemas-de-bancos-italianos\\\/#webpage\"},\"articleSection\":\"Actualidad\",\"dateline\":\"Publicado el julio 12, 2016.\"},{\"@type\":\"Organization\",\"@id\":\"https:\\\/\\\/candas365.es\\\/noticias\\\/#organization\",\"name\":\"Cand\\u00e1s 365\",\"description\":\"Cand\\u00e1s 365 es un diario digital independiente, fundado en 2012, con base en Asturias. Informamos con rigor sobre actualidad, sociedad, cultura y ocio, con una mirada local y global.\",\"url\":\"https:\\\/\\\/candas365.es\\\/noticias\\\/\",\"email\":\"info@candas365.es\",\"telephone\":\"+34652131393\",\"foundingDate\":\"2012-06-10\",\"logo\":{\"@type\":\"ImageObject\",\"url\":\"https:\\\/\\\/candas365.es\\\/noticias\\\/wp-content\\\/uploads\\\/2024\\\/09\\\/Candas-365-Redes.jpg\",\"@id\":\"https:\\\/\\\/candas365.es\\\/noticias\\\/merkel-no-hay-aun-ninguna-crisis-por-problemas-de-bancos-italianos\\\/#organizationLogo\",\"width\":1152,\"height\":864,\"caption\":\"Cand\\u00e1s 365 Redes\"},\"image\":{\"@id\":\"https:\\\/\\\/candas365.es\\\/noticias\\\/merkel-no-hay-aun-ninguna-crisis-por-problemas-de-bancos-italianos\\\/#organizationLogo\"},\"sameAs\":[\"https:\\\/\\\/www.facebook.com\\\/Nachofdezber\",\"https:\\\/\\\/x.com\\\/NabercoDigital\",\"https:\\\/\\\/www.instagram.com\\\/nachofdezber\\\/\",\"https:\\\/\\\/www.youtube.com\\\/channel\\\/UCZP-2wLEB9Rv6erhFmqVnvg\"],\"address\":{\"@id\":\"https:\\\/\\\/candas365.es\\\/noticias\\\/#postaladdress\",\"@type\":\"PostalAddress\",\"streetAddress\":\"san antonio 4, san antonio 4\",\"postalCode\":\"33430\",\"addressLocality\":\"Cand\\u00e1s\",\"addressRegion\":\"Asturias\",\"addressCountry\":\"ES\"}},{\"@type\":\"Person\",\"@id\":\"https:\\\/\\\/candas365.es\\\/noticias\\\/author\\\/admin\\\/#author\",\"url\":\"https:\\\/\\\/candas365.es\\\/noticias\\\/author\\\/admin\\\/\",\"name\":\"Cand\\u00e1s 365\",\"image\":{\"@type\":\"ImageObject\",\"@id\":\"https:\\\/\\\/candas365.es\\\/noticias\\\/merkel-no-hay-aun-ninguna-crisis-por-problemas-de-bancos-italianos\\\/#authorImage\",\"url\":\"https:\\\/\\\/secure.gravatar.com\\\/avatar\\\/496a8e03d0c493ede1718b7934145dbdf8d89be1036b0eec9544e1094c9de390?s=96&d=mm&r=g\",\"width\":96,\"height\":96,\"caption\":\"Cand\\u00e1s 365\"},\"sameAs\":[\"https:\\\/\\\/www.facebook.com\\\/carrenoactualidad\",\"https:\\\/\\\/twitter.com\\\/nbasturias\",\"https:\\\/\\\/www.instagram.com\\\/nachofdezber\\\/\",\"https:\\\/\\\/www.youtube.com\\\/channel\\\/UCZP-2wLEB9Rv6erhFmqVnvg\"]},{\"@type\":\"WebPage\",\"@id\":\"https:\\\/\\\/candas365.es\\\/noticias\\\/merkel-no-hay-aun-ninguna-crisis-por-problemas-de-bancos-italianos\\\/#webpage\",\"url\":\"https:\\\/\\\/candas365.es\\\/noticias\\\/merkel-no-hay-aun-ninguna-crisis-por-problemas-de-bancos-italianos\\\/\",\"name\":\"Merkel: No hay a\\u00fan ninguna crisis por problemas de bancos italianos | Cand\\u00e1s 365\",\"description\":\"Berl\\u00edn, 12 jul (dpa) - La canciller alemana, Angela Merkel, asegur\\u00f3 hoy que los problemas de los bancos italianos no desencadenar\\u00e1n crisis alguna. \\\"No veo ning\\u00fan desarrollo cr\\u00edtico en conjunto\\\", afirm\\u00f3 la l\\u00edder cristianodem\\u00f3crata en Berl\\u00edn, al mismo tiempo que se remiti\\u00f3 a las conversaciones entre Bruselas y Roma, as\\u00ed como al encuentro de ministros\",\"inLanguage\":\"es-ES\",\"isPartOf\":{\"@id\":\"https:\\\/\\\/candas365.es\\\/noticias\\\/#website\"},\"breadcrumb\":{\"@id\":\"https:\\\/\\\/candas365.es\\\/noticias\\\/merkel-no-hay-aun-ninguna-crisis-por-problemas-de-bancos-italianos\\\/#breadcrumblist\"},\"author\":{\"@id\":\"https:\\\/\\\/candas365.es\\\/noticias\\\/author\\\/admin\\\/#author\"},\"creator\":{\"@id\":\"https:\\\/\\\/candas365.es\\\/noticias\\\/author\\\/admin\\\/#author\"},\"image\":{\"@type\":\"ImageObject\",\"url\":\"https:\\\/\\\/candas365.es\\\/noticias\\\/wp-content\\\/uploads\\\/2015\\\/08\\\/merkel.jpg\",\"@id\":\"https:\\\/\\\/candas365.es\\\/noticias\\\/merkel-no-hay-aun-ninguna-crisis-por-problemas-de-bancos-italianos\\\/#mainImage\",\"width\":655,\"height\":360},\"primaryImageOfPage\":{\"@id\":\"https:\\\/\\\/candas365.es\\\/noticias\\\/merkel-no-hay-aun-ninguna-crisis-por-problemas-de-bancos-italianos\\\/#mainImage\"},\"datePublished\":\"2016-07-12T20:54:18+02:00\",\"dateModified\":\"2016-07-12T20:54:18+02:00\"},{\"@type\":\"WebSite\",\"@id\":\"https:\\\/\\\/candas365.es\\\/noticias\\\/#website\",\"url\":\"https:\\\/\\\/candas365.es\\\/noticias\\\/\",\"name\":\"Cand\\u00e1s 365\",\"alternateName\":\"Cand\\u00e1s 365 Noticias\",\"description\":\"Actualidad desde Carre\\u00f1o para el mundo\",\"inLanguage\":\"es-ES\",\"publisher\":{\"@id\":\"https:\\\/\\\/candas365.es\\\/noticias\\\/#organization\"}}]}\n\t\t<\/script>\n\t\t<!-- All in One SEO Pro -->\r\n\t\t<title>Merkel: No hay a\u00fan ninguna crisis por problemas de bancos italianos | Cand\u00e1s 365<\/title>\n\n","aioseo_head_json":{"title":"Merkel: No hay a\u00fan ninguna crisis por problemas de bancos italianos | Cand\u00e1s 365","description":"Berl\u00edn, 12 jul (dpa) - La canciller alemana, Angela Merkel, asegur\u00f3 hoy que los problemas de los bancos italianos no desencadenar\u00e1n crisis alguna. \"No veo ning\u00fan desarrollo cr\u00edtico en conjunto\", afirm\u00f3 la l\u00edder cristianodem\u00f3crata en Berl\u00edn, al mismo tiempo que se remiti\u00f3 a las conversaciones entre Bruselas y Roma, as\u00ed como al encuentro de ministros","canonical_url":"https:\/\/candas365.es\/noticias\/merkel-no-hay-aun-ninguna-crisis-por-problemas-de-bancos-italianos\/","robots":"max-image-preview:large","keywords":"actualidad","webmasterTools":{"google-site-verification":"UA-32230408-1","msvalidate.01":"354F3CDFB2DA171B47FBE9ABF1F88D5","miscellaneous":""},"schema":{"@context":"https:\/\/schema.org","@graph":[{"@type":"BreadcrumbList","@id":"https:\/\/candas365.es\/noticias\/merkel-no-hay-aun-ninguna-crisis-por-problemas-de-bancos-italianos\/#breadcrumblist","itemListElement":[{"@type":"ListItem","@id":"https:\/\/candas365.es\/noticias#listItem","position":1,"name":"Home","item":"https:\/\/candas365.es\/noticias","nextItem":{"@type":"ListItem","@id":"https:\/\/candas365.es\/noticias\/category\/actualidad\/#listItem","name":"Actualidad"}},{"@type":"ListItem","@id":"https:\/\/candas365.es\/noticias\/category\/actualidad\/#listItem","position":2,"name":"Actualidad","item":"https:\/\/candas365.es\/noticias\/category\/actualidad\/","nextItem":{"@type":"ListItem","@id":"https:\/\/candas365.es\/noticias\/merkel-no-hay-aun-ninguna-crisis-por-problemas-de-bancos-italianos\/#listItem","name":"Merkel: No hay a\u00fan ninguna crisis por problemas de bancos italianos"},"previousItem":{"@type":"ListItem","@id":"https:\/\/candas365.es\/noticias#listItem","name":"Home"}},{"@type":"ListItem","@id":"https:\/\/candas365.es\/noticias\/merkel-no-hay-aun-ninguna-crisis-por-problemas-de-bancos-italianos\/#listItem","position":3,"name":"Merkel: No hay a\u00fan ninguna crisis por problemas de bancos italianos","previousItem":{"@type":"ListItem","@id":"https:\/\/candas365.es\/noticias\/category\/actualidad\/#listItem","name":"Actualidad"}}]},{"@type":"NewsArticle","@id":"https:\/\/candas365.es\/noticias\/merkel-no-hay-aun-ninguna-crisis-por-problemas-de-bancos-italianos\/#newsarticle","name":"Merkel: No hay a\u00fan ninguna crisis por problemas de bancos italianos | Cand\u00e1s 365","headline":"Merkel: No hay a\u00fan ninguna crisis por problemas de bancos italianos","author":{"@id":"https:\/\/candas365.es\/noticias\/author\/admin\/#author"},"publisher":{"@id":"https:\/\/candas365.es\/noticias\/#organization"},"image":{"@type":"ImageObject","url":"https:\/\/candas365.es\/noticias\/wp-content\/uploads\/2015\/08\/merkel.jpg","width":655,"height":360},"datePublished":"2016-07-12T20:54:18+02:00","dateModified":"2016-07-12T20:54:18+02:00","inLanguage":"es-ES","mainEntityOfPage":{"@id":"https:\/\/candas365.es\/noticias\/merkel-no-hay-aun-ninguna-crisis-por-problemas-de-bancos-italianos\/#webpage"},"isPartOf":{"@id":"https:\/\/candas365.es\/noticias\/merkel-no-hay-aun-ninguna-crisis-por-problemas-de-bancos-italianos\/#webpage"},"articleSection":"Actualidad","dateline":"Publicado el julio 12, 2016."},{"@type":"Organization","@id":"https:\/\/candas365.es\/noticias\/#organization","name":"Cand\u00e1s 365","description":"Cand\u00e1s 365 es un diario digital independiente, fundado en 2012, con base en Asturias. Informamos con rigor sobre actualidad, sociedad, cultura y ocio, con una mirada local y global.","url":"https:\/\/candas365.es\/noticias\/","email":"info@candas365.es","telephone":"+34652131393","foundingDate":"2012-06-10","logo":{"@type":"ImageObject","url":"https:\/\/candas365.es\/noticias\/wp-content\/uploads\/2024\/09\/Candas-365-Redes.jpg","@id":"https:\/\/candas365.es\/noticias\/merkel-no-hay-aun-ninguna-crisis-por-problemas-de-bancos-italianos\/#organizationLogo","width":1152,"height":864,"caption":"Cand\u00e1s 365 Redes"},"image":{"@id":"https:\/\/candas365.es\/noticias\/merkel-no-hay-aun-ninguna-crisis-por-problemas-de-bancos-italianos\/#organizationLogo"},"sameAs":["https:\/\/www.facebook.com\/Nachofdezber","https:\/\/x.com\/NabercoDigital","https:\/\/www.instagram.com\/nachofdezber\/","https:\/\/www.youtube.com\/channel\/UCZP-2wLEB9Rv6erhFmqVnvg"],"address":{"@id":"https:\/\/candas365.es\/noticias\/#postaladdress","@type":"PostalAddress","streetAddress":"san antonio 4, san antonio 4","postalCode":"33430","addressLocality":"Cand\u00e1s","addressRegion":"Asturias","addressCountry":"ES"}},{"@type":"Person","@id":"https:\/\/candas365.es\/noticias\/author\/admin\/#author","url":"https:\/\/candas365.es\/noticias\/author\/admin\/","name":"Cand\u00e1s 365","image":{"@type":"ImageObject","@id":"https:\/\/candas365.es\/noticias\/merkel-no-hay-aun-ninguna-crisis-por-problemas-de-bancos-italianos\/#authorImage","url":"https:\/\/secure.gravatar.com\/avatar\/496a8e03d0c493ede1718b7934145dbdf8d89be1036b0eec9544e1094c9de390?s=96&d=mm&r=g","width":96,"height":96,"caption":"Cand\u00e1s 365"},"sameAs":["https:\/\/www.facebook.com\/carrenoactualidad","https:\/\/twitter.com\/nbasturias","https:\/\/www.instagram.com\/nachofdezber\/","https:\/\/www.youtube.com\/channel\/UCZP-2wLEB9Rv6erhFmqVnvg"]},{"@type":"WebPage","@id":"https:\/\/candas365.es\/noticias\/merkel-no-hay-aun-ninguna-crisis-por-problemas-de-bancos-italianos\/#webpage","url":"https:\/\/candas365.es\/noticias\/merkel-no-hay-aun-ninguna-crisis-por-problemas-de-bancos-italianos\/","name":"Merkel: No hay a\u00fan ninguna crisis por problemas de bancos italianos | Cand\u00e1s 365","description":"Berl\u00edn, 12 jul (dpa) - La canciller alemana, Angela Merkel, asegur\u00f3 hoy que los problemas de los bancos italianos no desencadenar\u00e1n crisis alguna. \"No veo ning\u00fan desarrollo cr\u00edtico en conjunto\", afirm\u00f3 la l\u00edder cristianodem\u00f3crata en Berl\u00edn, al mismo tiempo que se remiti\u00f3 a las conversaciones entre Bruselas y Roma, as\u00ed como al encuentro de ministros","inLanguage":"es-ES","isPartOf":{"@id":"https:\/\/candas365.es\/noticias\/#website"},"breadcrumb":{"@id":"https:\/\/candas365.es\/noticias\/merkel-no-hay-aun-ninguna-crisis-por-problemas-de-bancos-italianos\/#breadcrumblist"},"author":{"@id":"https:\/\/candas365.es\/noticias\/author\/admin\/#author"},"creator":{"@id":"https:\/\/candas365.es\/noticias\/author\/admin\/#author"},"image":{"@type":"ImageObject","url":"https:\/\/candas365.es\/noticias\/wp-content\/uploads\/2015\/08\/merkel.jpg","@id":"https:\/\/candas365.es\/noticias\/merkel-no-hay-aun-ninguna-crisis-por-problemas-de-bancos-italianos\/#mainImage","width":655,"height":360},"primaryImageOfPage":{"@id":"https:\/\/candas365.es\/noticias\/merkel-no-hay-aun-ninguna-crisis-por-problemas-de-bancos-italianos\/#mainImage"},"datePublished":"2016-07-12T20:54:18+02:00","dateModified":"2016-07-12T20:54:18+02:00"},{"@type":"WebSite","@id":"https:\/\/candas365.es\/noticias\/#website","url":"https:\/\/candas365.es\/noticias\/","name":"Cand\u00e1s 365","alternateName":"Cand\u00e1s 365 Noticias","description":"Actualidad desde Carre\u00f1o para el mundo","inLanguage":"es-ES","publisher":{"@id":"https:\/\/candas365.es\/noticias\/#organization"}}]},"og:locale":"es_ES","og:site_name":"Cand\u00e1s 365","og:type":"article","og:title":"Merkel: No hay a\u00fan ninguna crisis por problemas de bancos italianos | Cand\u00e1s 365","og:description":"Berl\u00edn, 12 jul (dpa) - La canciller alemana, Angela Merkel, asegur\u00f3 hoy que los problemas de los bancos italianos no desencadenar\u00e1n crisis alguna. &quot;No veo ning\u00fan desarrollo cr\u00edtico en conjunto&quot;, afirm\u00f3 la l\u00edder cristianodem\u00f3crata en Berl\u00edn, al mismo tiempo que se remiti\u00f3 a las conversaciones entre Bruselas y Roma, as\u00ed como al encuentro de ministros","og:url":"https:\/\/candas365.es\/noticias\/merkel-no-hay-aun-ninguna-crisis-por-problemas-de-bancos-italianos\/","og:image":"https:\/\/candas365.es\/noticias\/wp-content\/uploads\/2015\/08\/merkel.jpg","og:image:secure_url":"https:\/\/candas365.es\/noticias\/wp-content\/uploads\/2015\/08\/merkel.jpg","og:image:width":655,"og:image:height":360,"article:published_time":"2016-07-12T19:24:18+00:00","article:modified_time":"2016-07-12T19:24:18+00:00","article:publisher":"https:\/\/www.facebook.com\/Nachofdezber","article:author":"https:\/\/www.facebook.com\/carrenoactualidad","twitter:card":"summary_large_image","twitter:site":"@NabercoDigital","twitter:title":"Merkel: No hay a\u00fan ninguna crisis por problemas de bancos italianos | Cand\u00e1s 365","twitter:description":"Berl\u00edn, 12 jul (dpa) - La canciller alemana, Angela Merkel, asegur\u00f3 hoy que los problemas de los bancos italianos no desencadenar\u00e1n crisis alguna. &quot;No veo ning\u00fan desarrollo cr\u00edtico en conjunto&quot;, afirm\u00f3 la l\u00edder cristianodem\u00f3crata en Berl\u00edn, al mismo tiempo que se remiti\u00f3 a las conversaciones entre Bruselas y Roma, as\u00ed como al encuentro de ministros","twitter:creator":"@nbasturias","twitter:image":"https:\/\/candas365.es\/noticias\/wp-content\/uploads\/2015\/08\/merkel.jpg","twitter:label1":"Escrito por","twitter:data1":"Cand\u00e1s 365","twitter:label2":"Tiempo de lectura estimado","twitter:data2":"3 minutos"},"aioseo_meta_data":{"post_id":"31903","title":null,"description":null,"keywords":null,"keyphrases":null,"primary_term":null,"canonical_url":null,"og_title":null,"og_description":null,"og_object_type":"default","og_image_type":"default","og_image_url":null,"og_image_width":null,"og_image_height":null,"og_image_custom_url":null,"og_image_custom_fields":null,"og_video":null,"og_custom_url":null,"og_article_section":null,"og_article_tags":null,"twitter_use_og":false,"twitter_card":"default","twitter_image_type":"default","twitter_image_url":null,"twitter_image_custom_url":null,"twitter_image_custom_fields":null,"twitter_title":null,"twitter_description":null,"schema":{"blockGraphs":[],"customGraphs":[],"default":{"data":{"Article":[],"Course":[],"Dataset":[],"FAQPage":[],"Movie":[],"Person":[],"Product":[],"ProductReview":[],"Car":[],"Recipe":[],"Service":[],"SoftwareApplication":[],"WebPage":[]},"graphName":"","isEnabled":true},"graphs":[],"defaultGraph":"","defaultPostTypeGraph":""},"schema_type":null,"schema_type_options":null,"pillar_content":false,"robots_default":true,"robots_noindex":false,"robots_noarchive":false,"robots_nosnippet":false,"robots_nofollow":false,"robots_noimageindex":false,"robots_noodp":false,"robots_notranslate":false,"robots_max_snippet":null,"robots_max_videopreview":null,"robots_max_imagepreview":"large","priority":null,"frequency":null,"location":null,"local_seo":null,"seo_analyzer_scan_date":"2025-08-24 14:35:10","breadcrumb_settings":null,"limit_modified_date":false,"reviewed_by":null,"open_ai":null,"ai":null,"created":"2020-12-21 13:02:20","updated":"2025-08-24 14:35:10"},"aioseo_breadcrumb":"<div class=\"aioseo-breadcrumbs\"><span class=\"aioseo-breadcrumb\">\n\t<a href=\"https:\/\/candas365.es\/noticias\" title=\"Home\">Home<\/a>\n<\/span><span class=\"aioseo-breadcrumb-separator\">&ndash;<\/span><span class=\"aioseo-breadcrumb\">\n\t<a href=\"https:\/\/candas365.es\/noticias\/category\/actualidad\/\" title=\"Actualidad\">Actualidad<\/a>\n<\/span><span class=\"aioseo-breadcrumb-separator\">&ndash;<\/span><span class=\"aioseo-breadcrumb\">\n\tMerkel: No hay a\u00fan ninguna crisis por problemas de bancos italianos\n<\/span><\/div>","aioseo_breadcrumb_json":[{"label":"Home","link":"https:\/\/candas365.es\/noticias"},{"label":"Actualidad","link":"https:\/\/candas365.es\/noticias\/category\/actualidad\/"},{"label":"Merkel: No hay a\u00fan ninguna crisis por problemas de bancos italianos","link":"https:\/\/candas365.es\/noticias\/merkel-no-hay-aun-ninguna-crisis-por-problemas-de-bancos-italianos\/"}],"_links":{"self":[{"href":"https:\/\/candas365.es\/noticias\/wp-json\/wp\/v2\/posts\/31903","targetHints":{"allow":["GET"]}}],"collection":[{"href":"https:\/\/candas365.es\/noticias\/wp-json\/wp\/v2\/posts"}],"about":[{"href":"https:\/\/candas365.es\/noticias\/wp-json\/wp\/v2\/types\/post"}],"author":[{"embeddable":true,"href":"https:\/\/candas365.es\/noticias\/wp-json\/wp\/v2\/users\/1"}],"replies":[{"embeddable":true,"href":"https:\/\/candas365.es\/noticias\/wp-json\/wp\/v2\/comments?post=31903"}],"version-history":[{"count":0,"href":"https:\/\/candas365.es\/noticias\/wp-json\/wp\/v2\/posts\/31903\/revisions"}],"wp:featuredmedia":[{"embeddable":true,"href":"https:\/\/candas365.es\/noticias\/wp-json\/wp\/v2\/media\/14622"}],"wp:attachment":[{"href":"https:\/\/candas365.es\/noticias\/wp-json\/wp\/v2\/media?parent=31903"}],"wp:term":[{"taxonomy":"category","embeddable":true,"href":"https:\/\/candas365.es\/noticias\/wp-json\/wp\/v2\/categories?post=31903"},{"taxonomy":"post_tag","embeddable":true,"href":"https:\/\/candas365.es\/noticias\/wp-json\/wp\/v2\/tags?post=31903"}],"curies":[{"name":"wp","href":"https:\/\/api.w.org\/{rel}","templated":true}]}}