{"id":31899,"date":"2016-07-12T20:52:27","date_gmt":"2016-07-12T19:22:27","guid":{"rendered":"http:\/\/candas365.es\/noticias\/?p=31899"},"modified":"2016-07-12T20:52:27","modified_gmt":"2016-07-12T19:22:27","slug":"joachim-low-seguira-al-frente-de-la-seleccion-alemana-hasta-2018","status":"publish","type":"post","link":"https:\/\/candas365.es\/noticias\/joachim-low-seguira-al-frente-de-la-seleccion-alemana-hasta-2018\/","title":{"rendered":"Joachim L\u00f6w seguir\u00e1 al frente de la selecci\u00f3n alemana hasta 2018"},"content":{"rendered":"<p>Fr\u00e1ncfort, 12 jul (dpa) &#8211; El seleccionador alem\u00e1n, Joachim L\u00f6w, cumplir\u00e1 con su contrato vigente y seguir\u00e1 al frente del equipo hasta el Mundial de Rusia 2018, anunci\u00f3 hoy la Federaci\u00f3n Alemana de F\u00fatbol (DFB). <\/p>\n<p>L\u00f6w y el presidente de la DFB, Reinhard Grindel, mantuvieron hoy una conversaci\u00f3n telef\u00f3nica sobre el futuro del t\u00e9cnico alem\u00e1n en medio de rumores que apuntaban a una posible salida antes de finalizar el contrato, despu\u00e9s de que Alemania quedara eliminada en semifinales de la Eurocopa ante Francia.<\/p>\n<p>\u00abTras un par de d\u00edas de descanso y distancia\u00bb el entrenador de 56 a\u00f1os asegur\u00f3 que su motivaci\u00f3n por continuar con la selecci\u00f3n alemana hasta el Mundial de Rusia de 2018 sigue siendo grande, seg\u00fan un comunicado de la DFB. <\/p>\n<p>\u00abJogi L\u00f6w es el mejor entrenador para este equipo\u00bb, explic\u00f3 Grindel. Dentro de la c\u00fapula de la DFB nunca hubo duda alguna de que L\u00f6w no quisiera continuar su camino con decisi\u00f3n y aspirar al \u00abgran objetivo com\u00fan\u00bb de defender el t\u00edtulo de campeones del mundo en dos a\u00f1os, agreg\u00f3.<\/p>\n<p>Con L\u00f6w como seleccionador, Alemania fue campeona del mundo en Brasil 2014, lleg\u00f3 a la final de la Eurocopa 2008 y fue semifinalista en el Mundial de Sud\u00e1frica 2010 y los torneos continentales de 2012 y 2016.<\/p>\n<p>El t\u00e9cnico asumi\u00f3 el puesto en 2006 como sucesor de J\u00fcrgen Klinsmann, de quien fue ayudante en la Copa del Mundo de Alemania, donde el equipo alcanz\u00f3 tambi\u00e9n la ronda de los cuatro mejores.<\/p>\n<p>Tras la derrota 2-0 ante Francia, L\u00f6w hab\u00eda dejado abierto su futuro. Sin embargo, nunca hubo grandes dudas de que fuera a continuar con su trabajo como seleccionador. <\/p>\n<p>El primer partido de Alemania tras la Eurocopa de Francia tendr\u00e1 lugar el 31 de agosto en un amistoso ante Finlandia en la ciudad germana de M\u00f6nchengladbach. Cuatro d\u00edas despu\u00e9s la campeona del mundo jugar\u00e1 en Oslo ante Noruega en la clasificaci\u00f3n para el Mundial de Rusia. <\/p>\n","protected":false},"excerpt":{"rendered":"<p>Fr\u00e1ncfort, 12 jul (dpa) &#8211; El seleccionador alem\u00e1n, Joachim L\u00f6w, cumplir\u00e1 con su contrato vigente y seguir\u00e1 al frente del equipo hasta el Mundial de Rusia 2018, anunci\u00f3 hoy la Federaci\u00f3n Alemana de F\u00fatbol (DFB). L\u00f6w y el presidente de la DFB, Reinhard Grindel, mantuvieron hoy una conversaci\u00f3n telef\u00f3nica sobre el futuro del t\u00e9cnico alem\u00e1n<\/p>\n","protected":false},"author":1,"featured_media":16457,"comment_status":"closed","ping_status":"closed","sticky":false,"template":"","format":"standard","meta":{"footnotes":""},"categories":[343],"tags":[],"class_list":{"0":"post-31899","1":"post","2":"type-post","3":"status-publish","4":"format-standard","5":"has-post-thumbnail","7":"category-actualidad"},"aioseo_notices":[],"aioseo_head":"\n\t\t<!-- All in One SEO Pro 4.9.6.2 - aioseo.com -->\n\t<meta name=\"description\" content=\"Fr\u00e1ncfort, 12 jul (dpa) - El seleccionador alem\u00e1n, Joachim L\u00f6w, cumplir\u00e1 con su contrato vigente y seguir\u00e1 al frente del equipo hasta el Mundial de Rusia 2018, anunci\u00f3 hoy la Federaci\u00f3n Alemana de F\u00fatbol (DFB). L\u00f6w y el presidente de la DFB, Reinhard Grindel, mantuvieron hoy una conversaci\u00f3n telef\u00f3nica sobre el futuro del t\u00e9cnico alem\u00e1n\" \/>\n\t<meta name=\"robots\" content=\"max-image-preview:large\" \/>\n\t<meta name=\"author\" content=\"Cand\u00e1s 365\"\/>\n\t<meta name=\"google-site-verification\" content=\"UA-32230408-1\" \/>\n\t<meta name=\"msvalidate.01\" content=\"354F3CDFB2DA171B47FBE9ABF1F88D5\" \/>\n\t<meta name=\"keywords\" content=\"actualidad\" \/>\n\t<link rel=\"canonical\" href=\"https:\/\/candas365.es\/noticias\/joachim-low-seguira-al-frente-de-la-seleccion-alemana-hasta-2018\/\" \/>\n\t<meta name=\"generator\" content=\"All in One SEO Pro (AIOSEO) 4.9.6.2\" \/>\n\t\t<meta property=\"og:locale\" content=\"es_ES\" \/>\n\t\t<meta property=\"og:site_name\" content=\"Cand\u00e1s 365\" \/>\n\t\t<meta property=\"og:type\" content=\"article\" \/>\n\t\t<meta property=\"og:title\" content=\"Joachim L\u00f6w seguir\u00e1 al frente de la selecci\u00f3n alemana hasta 2018 | Cand\u00e1s 365\" \/>\n\t\t<meta property=\"og:description\" content=\"Fr\u00e1ncfort, 12 jul (dpa) - El seleccionador alem\u00e1n, Joachim L\u00f6w, cumplir\u00e1 con su contrato vigente y seguir\u00e1 al frente del equipo hasta el Mundial de Rusia 2018, anunci\u00f3 hoy la Federaci\u00f3n Alemana de F\u00fatbol (DFB). L\u00f6w y el presidente de la DFB, Reinhard Grindel, mantuvieron hoy una conversaci\u00f3n telef\u00f3nica sobre el futuro del t\u00e9cnico alem\u00e1n\" \/>\n\t\t<meta property=\"og:url\" content=\"https:\/\/candas365.es\/noticias\/joachim-low-seguira-al-frente-de-la-seleccion-alemana-hasta-2018\/\" \/>\n\t\t<meta property=\"og:image\" content=\"https:\/\/candas365.es\/noticias\/wp-content\/uploads\/2015\/09\/c365noticias.jpg\" \/>\n\t\t<meta property=\"og:image:secure_url\" content=\"https:\/\/candas365.es\/noticias\/wp-content\/uploads\/2015\/09\/c365noticias.jpg\" \/>\n\t\t<meta property=\"og:image:width\" content=\"655\" \/>\n\t\t<meta property=\"og:image:height\" content=\"360\" \/>\n\t\t<meta property=\"article:published_time\" content=\"2016-07-12T19:22:27+00:00\" \/>\n\t\t<meta property=\"article:modified_time\" content=\"2016-07-12T19:22:27+00:00\" \/>\n\t\t<meta property=\"article:publisher\" content=\"https:\/\/www.facebook.com\/Nachofdezber\" \/>\n\t\t<meta property=\"article:author\" content=\"https:\/\/www.facebook.com\/carrenoactualidad\" \/>\n\t\t<meta name=\"twitter:card\" content=\"summary_large_image\" \/>\n\t\t<meta name=\"twitter:site\" content=\"@NabercoDigital\" \/>\n\t\t<meta name=\"twitter:title\" content=\"Joachim L\u00f6w seguir\u00e1 al frente de la selecci\u00f3n alemana hasta 2018 | Cand\u00e1s 365\" \/>\n\t\t<meta name=\"twitter:description\" content=\"Fr\u00e1ncfort, 12 jul (dpa) - El seleccionador alem\u00e1n, Joachim L\u00f6w, cumplir\u00e1 con su contrato vigente y seguir\u00e1 al frente del equipo hasta el Mundial de Rusia 2018, anunci\u00f3 hoy la Federaci\u00f3n Alemana de F\u00fatbol (DFB). L\u00f6w y el presidente de la DFB, Reinhard Grindel, mantuvieron hoy una conversaci\u00f3n telef\u00f3nica sobre el futuro del t\u00e9cnico alem\u00e1n\" \/>\n\t\t<meta name=\"twitter:creator\" content=\"@nbasturias\" \/>\n\t\t<meta name=\"twitter:image\" content=\"https:\/\/candas365.es\/noticias\/wp-content\/uploads\/2015\/09\/c365noticias.jpg\" \/>\n\t\t<meta name=\"twitter:label1\" content=\"Escrito por\" \/>\n\t\t<meta name=\"twitter:data1\" content=\"Cand\u00e1s 365\" \/>\n\t\t<meta name=\"twitter:label2\" content=\"Tiempo de lectura estimado\" \/>\n\t\t<meta name=\"twitter:data2\" content=\"2 minutos\" \/>\n\t\t<script type=\"application\/ld+json\" class=\"aioseo-schema\">\n\t\t\t{\"@context\":\"https:\\\/\\\/schema.org\",\"@graph\":[{\"@type\":\"BreadcrumbList\",\"@id\":\"https:\\\/\\\/candas365.es\\\/noticias\\\/joachim-low-seguira-al-frente-de-la-seleccion-alemana-hasta-2018\\\/#breadcrumblist\",\"itemListElement\":[{\"@type\":\"ListItem\",\"@id\":\"https:\\\/\\\/candas365.es\\\/noticias#listItem\",\"position\":1,\"name\":\"Home\",\"item\":\"https:\\\/\\\/candas365.es\\\/noticias\",\"nextItem\":{\"@type\":\"ListItem\",\"@id\":\"https:\\\/\\\/candas365.es\\\/noticias\\\/category\\\/actualidad\\\/#listItem\",\"name\":\"Actualidad\"}},{\"@type\":\"ListItem\",\"@id\":\"https:\\\/\\\/candas365.es\\\/noticias\\\/category\\\/actualidad\\\/#listItem\",\"position\":2,\"name\":\"Actualidad\",\"item\":\"https:\\\/\\\/candas365.es\\\/noticias\\\/category\\\/actualidad\\\/\",\"nextItem\":{\"@type\":\"ListItem\",\"@id\":\"https:\\\/\\\/candas365.es\\\/noticias\\\/joachim-low-seguira-al-frente-de-la-seleccion-alemana-hasta-2018\\\/#listItem\",\"name\":\"Joachim L\\u00f6w seguir\\u00e1 al frente de la selecci\\u00f3n alemana hasta 2018\"},\"previousItem\":{\"@type\":\"ListItem\",\"@id\":\"https:\\\/\\\/candas365.es\\\/noticias#listItem\",\"name\":\"Home\"}},{\"@type\":\"ListItem\",\"@id\":\"https:\\\/\\\/candas365.es\\\/noticias\\\/joachim-low-seguira-al-frente-de-la-seleccion-alemana-hasta-2018\\\/#listItem\",\"position\":3,\"name\":\"Joachim L\\u00f6w seguir\\u00e1 al frente de la selecci\\u00f3n alemana hasta 2018\",\"previousItem\":{\"@type\":\"ListItem\",\"@id\":\"https:\\\/\\\/candas365.es\\\/noticias\\\/category\\\/actualidad\\\/#listItem\",\"name\":\"Actualidad\"}}]},{\"@type\":\"NewsArticle\",\"@id\":\"https:\\\/\\\/candas365.es\\\/noticias\\\/joachim-low-seguira-al-frente-de-la-seleccion-alemana-hasta-2018\\\/#newsarticle\",\"name\":\"Joachim L\\u00f6w seguir\\u00e1 al frente de la selecci\\u00f3n alemana hasta 2018 | Cand\\u00e1s 365\",\"headline\":\"Joachim L\\u00f6w seguir\\u00e1 al frente de la selecci\\u00f3n alemana hasta 2018\",\"author\":{\"@id\":\"https:\\\/\\\/candas365.es\\\/noticias\\\/author\\\/admin\\\/#author\"},\"publisher\":{\"@id\":\"https:\\\/\\\/candas365.es\\\/noticias\\\/#organization\"},\"image\":{\"@type\":\"ImageObject\",\"url\":\"https:\\\/\\\/candas365.es\\\/noticias\\\/wp-content\\\/uploads\\\/2015\\\/09\\\/c365noticias.jpg\",\"width\":655,\"height\":360},\"datePublished\":\"2016-07-12T20:52:27+02:00\",\"dateModified\":\"2016-07-12T20:52:27+02:00\",\"inLanguage\":\"es-ES\",\"mainEntityOfPage\":{\"@id\":\"https:\\\/\\\/candas365.es\\\/noticias\\\/joachim-low-seguira-al-frente-de-la-seleccion-alemana-hasta-2018\\\/#webpage\"},\"isPartOf\":{\"@id\":\"https:\\\/\\\/candas365.es\\\/noticias\\\/joachim-low-seguira-al-frente-de-la-seleccion-alemana-hasta-2018\\\/#webpage\"},\"articleSection\":\"Actualidad\",\"dateline\":\"Publicado el julio 12, 2016.\"},{\"@type\":\"Organization\",\"@id\":\"https:\\\/\\\/candas365.es\\\/noticias\\\/#organization\",\"name\":\"Cand\\u00e1s 365\",\"description\":\"Cand\\u00e1s 365 es un diario digital independiente, fundado en 2012, con base en Asturias. Informamos con rigor sobre actualidad, sociedad, cultura y ocio, con una mirada local y global.\",\"url\":\"https:\\\/\\\/candas365.es\\\/noticias\\\/\",\"email\":\"info@candas365.es\",\"telephone\":\"+34652131393\",\"foundingDate\":\"2012-06-10\",\"logo\":{\"@type\":\"ImageObject\",\"url\":\"https:\\\/\\\/candas365.es\\\/noticias\\\/wp-content\\\/uploads\\\/2024\\\/09\\\/Candas-365-Redes.jpg\",\"@id\":\"https:\\\/\\\/candas365.es\\\/noticias\\\/joachim-low-seguira-al-frente-de-la-seleccion-alemana-hasta-2018\\\/#organizationLogo\",\"width\":1152,\"height\":864,\"caption\":\"Cand\\u00e1s 365 Redes\"},\"image\":{\"@id\":\"https:\\\/\\\/candas365.es\\\/noticias\\\/joachim-low-seguira-al-frente-de-la-seleccion-alemana-hasta-2018\\\/#organizationLogo\"},\"sameAs\":[\"https:\\\/\\\/www.facebook.com\\\/Nachofdezber\",\"https:\\\/\\\/x.com\\\/NabercoDigital\",\"https:\\\/\\\/www.instagram.com\\\/nachofdezber\\\/\",\"https:\\\/\\\/www.youtube.com\\\/channel\\\/UCZP-2wLEB9Rv6erhFmqVnvg\"],\"address\":{\"@id\":\"https:\\\/\\\/candas365.es\\\/noticias\\\/#postaladdress\",\"@type\":\"PostalAddress\",\"streetAddress\":\"san antonio 4, san antonio 4\",\"postalCode\":\"33430\",\"addressLocality\":\"Cand\\u00e1s\",\"addressRegion\":\"Asturias\",\"addressCountry\":\"ES\"}},{\"@type\":\"Person\",\"@id\":\"https:\\\/\\\/candas365.es\\\/noticias\\\/author\\\/admin\\\/#author\",\"url\":\"https:\\\/\\\/candas365.es\\\/noticias\\\/author\\\/admin\\\/\",\"name\":\"Cand\\u00e1s 365\",\"image\":{\"@type\":\"ImageObject\",\"@id\":\"https:\\\/\\\/candas365.es\\\/noticias\\\/joachim-low-seguira-al-frente-de-la-seleccion-alemana-hasta-2018\\\/#authorImage\",\"url\":\"https:\\\/\\\/secure.gravatar.com\\\/avatar\\\/496a8e03d0c493ede1718b7934145dbdf8d89be1036b0eec9544e1094c9de390?s=96&d=mm&r=g\",\"width\":96,\"height\":96,\"caption\":\"Cand\\u00e1s 365\"},\"sameAs\":[\"https:\\\/\\\/www.facebook.com\\\/carrenoactualidad\",\"https:\\\/\\\/twitter.com\\\/nbasturias\",\"https:\\\/\\\/www.instagram.com\\\/nachofdezber\\\/\",\"https:\\\/\\\/www.youtube.com\\\/channel\\\/UCZP-2wLEB9Rv6erhFmqVnvg\"]},{\"@type\":\"WebPage\",\"@id\":\"https:\\\/\\\/candas365.es\\\/noticias\\\/joachim-low-seguira-al-frente-de-la-seleccion-alemana-hasta-2018\\\/#webpage\",\"url\":\"https:\\\/\\\/candas365.es\\\/noticias\\\/joachim-low-seguira-al-frente-de-la-seleccion-alemana-hasta-2018\\\/\",\"name\":\"Joachim L\\u00f6w seguir\\u00e1 al frente de la selecci\\u00f3n alemana hasta 2018 | Cand\\u00e1s 365\",\"description\":\"Fr\\u00e1ncfort, 12 jul (dpa) - El seleccionador alem\\u00e1n, Joachim L\\u00f6w, cumplir\\u00e1 con su contrato vigente y seguir\\u00e1 al frente del equipo hasta el Mundial de Rusia 2018, anunci\\u00f3 hoy la Federaci\\u00f3n Alemana de F\\u00fatbol (DFB). L\\u00f6w y el presidente de la DFB, Reinhard Grindel, mantuvieron hoy una conversaci\\u00f3n telef\\u00f3nica sobre el futuro del t\\u00e9cnico alem\\u00e1n\",\"inLanguage\":\"es-ES\",\"isPartOf\":{\"@id\":\"https:\\\/\\\/candas365.es\\\/noticias\\\/#website\"},\"breadcrumb\":{\"@id\":\"https:\\\/\\\/candas365.es\\\/noticias\\\/joachim-low-seguira-al-frente-de-la-seleccion-alemana-hasta-2018\\\/#breadcrumblist\"},\"author\":{\"@id\":\"https:\\\/\\\/candas365.es\\\/noticias\\\/author\\\/admin\\\/#author\"},\"creator\":{\"@id\":\"https:\\\/\\\/candas365.es\\\/noticias\\\/author\\\/admin\\\/#author\"},\"image\":{\"@type\":\"ImageObject\",\"url\":\"https:\\\/\\\/candas365.es\\\/noticias\\\/wp-content\\\/uploads\\\/2015\\\/09\\\/c365noticias.jpg\",\"@id\":\"https:\\\/\\\/candas365.es\\\/noticias\\\/joachim-low-seguira-al-frente-de-la-seleccion-alemana-hasta-2018\\\/#mainImage\",\"width\":655,\"height\":360},\"primaryImageOfPage\":{\"@id\":\"https:\\\/\\\/candas365.es\\\/noticias\\\/joachim-low-seguira-al-frente-de-la-seleccion-alemana-hasta-2018\\\/#mainImage\"},\"datePublished\":\"2016-07-12T20:52:27+02:00\",\"dateModified\":\"2016-07-12T20:52:27+02:00\"},{\"@type\":\"WebSite\",\"@id\":\"https:\\\/\\\/candas365.es\\\/noticias\\\/#website\",\"url\":\"https:\\\/\\\/candas365.es\\\/noticias\\\/\",\"name\":\"Cand\\u00e1s 365\",\"alternateName\":\"Cand\\u00e1s 365 Noticias\",\"description\":\"Actualidad desde Carre\\u00f1o para el mundo\",\"inLanguage\":\"es-ES\",\"publisher\":{\"@id\":\"https:\\\/\\\/candas365.es\\\/noticias\\\/#organization\"}}]}\n\t\t<\/script>\n\t\t<!-- All in One SEO Pro -->\r\n\t\t<title>Joachim L\u00f6w seguir\u00e1 al frente de la selecci\u00f3n alemana hasta 2018 | Cand\u00e1s 365<\/title>\n\n","aioseo_head_json":{"title":"Joachim L\u00f6w seguir\u00e1 al frente de la selecci\u00f3n alemana hasta 2018 | Cand\u00e1s 365","description":"Fr\u00e1ncfort, 12 jul (dpa) - El seleccionador alem\u00e1n, Joachim L\u00f6w, cumplir\u00e1 con su contrato vigente y seguir\u00e1 al frente del equipo hasta el Mundial de Rusia 2018, anunci\u00f3 hoy la Federaci\u00f3n Alemana de F\u00fatbol (DFB). L\u00f6w y el presidente de la DFB, Reinhard Grindel, mantuvieron hoy una conversaci\u00f3n telef\u00f3nica sobre el futuro del t\u00e9cnico alem\u00e1n","canonical_url":"https:\/\/candas365.es\/noticias\/joachim-low-seguira-al-frente-de-la-seleccion-alemana-hasta-2018\/","robots":"max-image-preview:large","keywords":"actualidad","webmasterTools":{"google-site-verification":"UA-32230408-1","msvalidate.01":"354F3CDFB2DA171B47FBE9ABF1F88D5","miscellaneous":""},"schema":{"@context":"https:\/\/schema.org","@graph":[{"@type":"BreadcrumbList","@id":"https:\/\/candas365.es\/noticias\/joachim-low-seguira-al-frente-de-la-seleccion-alemana-hasta-2018\/#breadcrumblist","itemListElement":[{"@type":"ListItem","@id":"https:\/\/candas365.es\/noticias#listItem","position":1,"name":"Home","item":"https:\/\/candas365.es\/noticias","nextItem":{"@type":"ListItem","@id":"https:\/\/candas365.es\/noticias\/category\/actualidad\/#listItem","name":"Actualidad"}},{"@type":"ListItem","@id":"https:\/\/candas365.es\/noticias\/category\/actualidad\/#listItem","position":2,"name":"Actualidad","item":"https:\/\/candas365.es\/noticias\/category\/actualidad\/","nextItem":{"@type":"ListItem","@id":"https:\/\/candas365.es\/noticias\/joachim-low-seguira-al-frente-de-la-seleccion-alemana-hasta-2018\/#listItem","name":"Joachim L\u00f6w seguir\u00e1 al frente de la selecci\u00f3n alemana hasta 2018"},"previousItem":{"@type":"ListItem","@id":"https:\/\/candas365.es\/noticias#listItem","name":"Home"}},{"@type":"ListItem","@id":"https:\/\/candas365.es\/noticias\/joachim-low-seguira-al-frente-de-la-seleccion-alemana-hasta-2018\/#listItem","position":3,"name":"Joachim L\u00f6w seguir\u00e1 al frente de la selecci\u00f3n alemana hasta 2018","previousItem":{"@type":"ListItem","@id":"https:\/\/candas365.es\/noticias\/category\/actualidad\/#listItem","name":"Actualidad"}}]},{"@type":"NewsArticle","@id":"https:\/\/candas365.es\/noticias\/joachim-low-seguira-al-frente-de-la-seleccion-alemana-hasta-2018\/#newsarticle","name":"Joachim L\u00f6w seguir\u00e1 al frente de la selecci\u00f3n alemana hasta 2018 | Cand\u00e1s 365","headline":"Joachim L\u00f6w seguir\u00e1 al frente de la selecci\u00f3n alemana hasta 2018","author":{"@id":"https:\/\/candas365.es\/noticias\/author\/admin\/#author"},"publisher":{"@id":"https:\/\/candas365.es\/noticias\/#organization"},"image":{"@type":"ImageObject","url":"https:\/\/candas365.es\/noticias\/wp-content\/uploads\/2015\/09\/c365noticias.jpg","width":655,"height":360},"datePublished":"2016-07-12T20:52:27+02:00","dateModified":"2016-07-12T20:52:27+02:00","inLanguage":"es-ES","mainEntityOfPage":{"@id":"https:\/\/candas365.es\/noticias\/joachim-low-seguira-al-frente-de-la-seleccion-alemana-hasta-2018\/#webpage"},"isPartOf":{"@id":"https:\/\/candas365.es\/noticias\/joachim-low-seguira-al-frente-de-la-seleccion-alemana-hasta-2018\/#webpage"},"articleSection":"Actualidad","dateline":"Publicado el julio 12, 2016."},{"@type":"Organization","@id":"https:\/\/candas365.es\/noticias\/#organization","name":"Cand\u00e1s 365","description":"Cand\u00e1s 365 es un diario digital independiente, fundado en 2012, con base en Asturias. Informamos con rigor sobre actualidad, sociedad, cultura y ocio, con una mirada local y global.","url":"https:\/\/candas365.es\/noticias\/","email":"info@candas365.es","telephone":"+34652131393","foundingDate":"2012-06-10","logo":{"@type":"ImageObject","url":"https:\/\/candas365.es\/noticias\/wp-content\/uploads\/2024\/09\/Candas-365-Redes.jpg","@id":"https:\/\/candas365.es\/noticias\/joachim-low-seguira-al-frente-de-la-seleccion-alemana-hasta-2018\/#organizationLogo","width":1152,"height":864,"caption":"Cand\u00e1s 365 Redes"},"image":{"@id":"https:\/\/candas365.es\/noticias\/joachim-low-seguira-al-frente-de-la-seleccion-alemana-hasta-2018\/#organizationLogo"},"sameAs":["https:\/\/www.facebook.com\/Nachofdezber","https:\/\/x.com\/NabercoDigital","https:\/\/www.instagram.com\/nachofdezber\/","https:\/\/www.youtube.com\/channel\/UCZP-2wLEB9Rv6erhFmqVnvg"],"address":{"@id":"https:\/\/candas365.es\/noticias\/#postaladdress","@type":"PostalAddress","streetAddress":"san antonio 4, san antonio 4","postalCode":"33430","addressLocality":"Cand\u00e1s","addressRegion":"Asturias","addressCountry":"ES"}},{"@type":"Person","@id":"https:\/\/candas365.es\/noticias\/author\/admin\/#author","url":"https:\/\/candas365.es\/noticias\/author\/admin\/","name":"Cand\u00e1s 365","image":{"@type":"ImageObject","@id":"https:\/\/candas365.es\/noticias\/joachim-low-seguira-al-frente-de-la-seleccion-alemana-hasta-2018\/#authorImage","url":"https:\/\/secure.gravatar.com\/avatar\/496a8e03d0c493ede1718b7934145dbdf8d89be1036b0eec9544e1094c9de390?s=96&d=mm&r=g","width":96,"height":96,"caption":"Cand\u00e1s 365"},"sameAs":["https:\/\/www.facebook.com\/carrenoactualidad","https:\/\/twitter.com\/nbasturias","https:\/\/www.instagram.com\/nachofdezber\/","https:\/\/www.youtube.com\/channel\/UCZP-2wLEB9Rv6erhFmqVnvg"]},{"@type":"WebPage","@id":"https:\/\/candas365.es\/noticias\/joachim-low-seguira-al-frente-de-la-seleccion-alemana-hasta-2018\/#webpage","url":"https:\/\/candas365.es\/noticias\/joachim-low-seguira-al-frente-de-la-seleccion-alemana-hasta-2018\/","name":"Joachim L\u00f6w seguir\u00e1 al frente de la selecci\u00f3n alemana hasta 2018 | Cand\u00e1s 365","description":"Fr\u00e1ncfort, 12 jul (dpa) - El seleccionador alem\u00e1n, Joachim L\u00f6w, cumplir\u00e1 con su contrato vigente y seguir\u00e1 al frente del equipo hasta el Mundial de Rusia 2018, anunci\u00f3 hoy la Federaci\u00f3n Alemana de F\u00fatbol (DFB). L\u00f6w y el presidente de la DFB, Reinhard Grindel, mantuvieron hoy una conversaci\u00f3n telef\u00f3nica sobre el futuro del t\u00e9cnico alem\u00e1n","inLanguage":"es-ES","isPartOf":{"@id":"https:\/\/candas365.es\/noticias\/#website"},"breadcrumb":{"@id":"https:\/\/candas365.es\/noticias\/joachim-low-seguira-al-frente-de-la-seleccion-alemana-hasta-2018\/#breadcrumblist"},"author":{"@id":"https:\/\/candas365.es\/noticias\/author\/admin\/#author"},"creator":{"@id":"https:\/\/candas365.es\/noticias\/author\/admin\/#author"},"image":{"@type":"ImageObject","url":"https:\/\/candas365.es\/noticias\/wp-content\/uploads\/2015\/09\/c365noticias.jpg","@id":"https:\/\/candas365.es\/noticias\/joachim-low-seguira-al-frente-de-la-seleccion-alemana-hasta-2018\/#mainImage","width":655,"height":360},"primaryImageOfPage":{"@id":"https:\/\/candas365.es\/noticias\/joachim-low-seguira-al-frente-de-la-seleccion-alemana-hasta-2018\/#mainImage"},"datePublished":"2016-07-12T20:52:27+02:00","dateModified":"2016-07-12T20:52:27+02:00"},{"@type":"WebSite","@id":"https:\/\/candas365.es\/noticias\/#website","url":"https:\/\/candas365.es\/noticias\/","name":"Cand\u00e1s 365","alternateName":"Cand\u00e1s 365 Noticias","description":"Actualidad desde Carre\u00f1o para el mundo","inLanguage":"es-ES","publisher":{"@id":"https:\/\/candas365.es\/noticias\/#organization"}}]},"og:locale":"es_ES","og:site_name":"Cand\u00e1s 365","og:type":"article","og:title":"Joachim L\u00f6w seguir\u00e1 al frente de la selecci\u00f3n alemana hasta 2018 | Cand\u00e1s 365","og:description":"Fr\u00e1ncfort, 12 jul (dpa) - El seleccionador alem\u00e1n, Joachim L\u00f6w, cumplir\u00e1 con su contrato vigente y seguir\u00e1 al frente del equipo hasta el Mundial de Rusia 2018, anunci\u00f3 hoy la Federaci\u00f3n Alemana de F\u00fatbol (DFB). L\u00f6w y el presidente de la DFB, Reinhard Grindel, mantuvieron hoy una conversaci\u00f3n telef\u00f3nica sobre el futuro del t\u00e9cnico alem\u00e1n","og:url":"https:\/\/candas365.es\/noticias\/joachim-low-seguira-al-frente-de-la-seleccion-alemana-hasta-2018\/","og:image":"https:\/\/candas365.es\/noticias\/wp-content\/uploads\/2015\/09\/c365noticias.jpg","og:image:secure_url":"https:\/\/candas365.es\/noticias\/wp-content\/uploads\/2015\/09\/c365noticias.jpg","og:image:width":655,"og:image:height":360,"article:published_time":"2016-07-12T19:22:27+00:00","article:modified_time":"2016-07-12T19:22:27+00:00","article:publisher":"https:\/\/www.facebook.com\/Nachofdezber","article:author":"https:\/\/www.facebook.com\/carrenoactualidad","twitter:card":"summary_large_image","twitter:site":"@NabercoDigital","twitter:title":"Joachim L\u00f6w seguir\u00e1 al frente de la selecci\u00f3n alemana hasta 2018 | Cand\u00e1s 365","twitter:description":"Fr\u00e1ncfort, 12 jul (dpa) - El seleccionador alem\u00e1n, Joachim L\u00f6w, cumplir\u00e1 con su contrato vigente y seguir\u00e1 al frente del equipo hasta el Mundial de Rusia 2018, anunci\u00f3 hoy la Federaci\u00f3n Alemana de F\u00fatbol (DFB). L\u00f6w y el presidente de la DFB, Reinhard Grindel, mantuvieron hoy una conversaci\u00f3n telef\u00f3nica sobre el futuro del t\u00e9cnico alem\u00e1n","twitter:creator":"@nbasturias","twitter:image":"https:\/\/candas365.es\/noticias\/wp-content\/uploads\/2015\/09\/c365noticias.jpg","twitter:label1":"Escrito por","twitter:data1":"Cand\u00e1s 365","twitter:label2":"Tiempo de lectura estimado","twitter:data2":"2 minutos"},"aioseo_meta_data":{"post_id":"31899","title":null,"description":null,"keywords":null,"keyphrases":null,"primary_term":null,"canonical_url":null,"og_title":null,"og_description":null,"og_object_type":"default","og_image_type":"default","og_image_url":null,"og_image_width":null,"og_image_height":null,"og_image_custom_url":null,"og_image_custom_fields":null,"og_video":null,"og_custom_url":null,"og_article_section":null,"og_article_tags":null,"twitter_use_og":false,"twitter_card":"default","twitter_image_type":"default","twitter_image_url":null,"twitter_image_custom_url":null,"twitter_image_custom_fields":null,"twitter_title":null,"twitter_description":null,"schema":{"blockGraphs":[],"customGraphs":[],"default":{"data":{"Article":[],"Course":[],"Dataset":[],"FAQPage":[],"Movie":[],"Person":[],"Product":[],"ProductReview":[],"Car":[],"Recipe":[],"Service":[],"SoftwareApplication":[],"WebPage":[]},"graphName":"","isEnabled":true},"graphs":[],"defaultGraph":"","defaultPostTypeGraph":""},"schema_type":null,"schema_type_options":null,"pillar_content":false,"robots_default":true,"robots_noindex":false,"robots_noarchive":false,"robots_nosnippet":false,"robots_nofollow":false,"robots_noimageindex":false,"robots_noodp":false,"robots_notranslate":false,"robots_max_snippet":null,"robots_max_videopreview":null,"robots_max_imagepreview":"large","priority":null,"frequency":null,"location":null,"local_seo":null,"seo_analyzer_scan_date":"2025-08-24 14:35:08","breadcrumb_settings":null,"limit_modified_date":false,"reviewed_by":null,"open_ai":null,"ai":null,"created":"2020-12-21 13:02:04","updated":"2025-08-24 14:35:08"},"aioseo_breadcrumb":"<div class=\"aioseo-breadcrumbs\"><span class=\"aioseo-breadcrumb\">\n\t<a href=\"https:\/\/candas365.es\/noticias\" title=\"Home\">Home<\/a>\n<\/span><span class=\"aioseo-breadcrumb-separator\">&ndash;<\/span><span class=\"aioseo-breadcrumb\">\n\t<a href=\"https:\/\/candas365.es\/noticias\/category\/actualidad\/\" title=\"Actualidad\">Actualidad<\/a>\n<\/span><span class=\"aioseo-breadcrumb-separator\">&ndash;<\/span><span class=\"aioseo-breadcrumb\">\n\tJoachim L\u00f6w seguir\u00e1 al frente de la selecci\u00f3n alemana hasta 2018\n<\/span><\/div>","aioseo_breadcrumb_json":[{"label":"Home","link":"https:\/\/candas365.es\/noticias"},{"label":"Actualidad","link":"https:\/\/candas365.es\/noticias\/category\/actualidad\/"},{"label":"Joachim L\u00f6w seguir\u00e1 al frente de la selecci\u00f3n alemana hasta 2018","link":"https:\/\/candas365.es\/noticias\/joachim-low-seguira-al-frente-de-la-seleccion-alemana-hasta-2018\/"}],"_links":{"self":[{"href":"https:\/\/candas365.es\/noticias\/wp-json\/wp\/v2\/posts\/31899","targetHints":{"allow":["GET"]}}],"collection":[{"href":"https:\/\/candas365.es\/noticias\/wp-json\/wp\/v2\/posts"}],"about":[{"href":"https:\/\/candas365.es\/noticias\/wp-json\/wp\/v2\/types\/post"}],"author":[{"embeddable":true,"href":"https:\/\/candas365.es\/noticias\/wp-json\/wp\/v2\/users\/1"}],"replies":[{"embeddable":true,"href":"https:\/\/candas365.es\/noticias\/wp-json\/wp\/v2\/comments?post=31899"}],"version-history":[{"count":0,"href":"https:\/\/candas365.es\/noticias\/wp-json\/wp\/v2\/posts\/31899\/revisions"}],"wp:featuredmedia":[{"embeddable":true,"href":"https:\/\/candas365.es\/noticias\/wp-json\/wp\/v2\/media\/16457"}],"wp:attachment":[{"href":"https:\/\/candas365.es\/noticias\/wp-json\/wp\/v2\/media?parent=31899"}],"wp:term":[{"taxonomy":"category","embeddable":true,"href":"https:\/\/candas365.es\/noticias\/wp-json\/wp\/v2\/categories?post=31899"},{"taxonomy":"post_tag","embeddable":true,"href":"https:\/\/candas365.es\/noticias\/wp-json\/wp\/v2\/tags?post=31899"}],"curies":[{"name":"wp","href":"https:\/\/api.w.org\/{rel}","templated":true}]}}