{"id":31897,"date":"2016-07-12T20:51:41","date_gmt":"2016-07-12T19:21:41","guid":{"rendered":"http:\/\/candas365.es\/noticias\/?p=31897"},"modified":"2016-07-12T20:51:41","modified_gmt":"2016-07-12T19:21:41","slug":"schweinsteiger-e-ivanovic-se-dan-el-si-quiero-en-venecia","status":"publish","type":"post","link":"https:\/\/candas365.es\/noticias\/schweinsteiger-e-ivanovic-se-dan-el-si-quiero-en-venecia\/","title":{"rendered":"Schweinsteiger e Ivanovic se dan el \u00abs\u00ed quiero\u00bb en Venecia"},"content":{"rendered":"<p>Venecia (Italia), 12 jul (dpa) &#8211; El futbolista alem\u00e1n Bastian Schweinsteiger y la tenista serbia Ana Ivanovic se casaron hoy en Venecia, seg\u00fan confirm\u00f3 un tuit de felicitaci\u00f3n publicado por el ex club del capit\u00e1n de la selecci\u00f3n germana, el Bayern M\u00fanich.<\/p>\n<p>La pareja no dio ninguna noticia de su enlace en las redes sociales, pero el equipo b\u00e1varo escribi\u00f3 en su cuenta: \u00ab\u00a1Felicidades y buenos deseos por tu matriminio, @BSchweinsteiger!\u00bb<\/p>\n<p>Los representantes del actualmente jugador del Manchester United tampoco quisieron responder a las preguntas de dpa. \u00abNing\u00fan comentario. No comentamos la vida privada de nuestros clientes\u00bb, se\u00f1al\u00f3 un portavoz.<\/p>\n<p>El consistorio de Venecia tambi\u00e9n guard\u00f3 silencio ante la consulta de si hab\u00eda planeada una ceremonia con famosos.<\/p>\n<p>\u00abHoy boda en Venecia\u00bb, titul\u00f3 en la ma\u00f1ana del martes el diario alem\u00e1n \u00abBild\u00bb junto a fotos de Schweinsteiger e Ivanovic en un taxi acu\u00e1tico en la ciudad de los canales.<\/p>\n<p>Al medio d\u00eda, el peri\u00f3dico sensacionalista public\u00f3 un video donde se ve a Ivanovic y Schweinsteiger cruzar una pasarela en el Canal Grande hacia el Ca&#8217;Farsetti-Palazzo.<\/p>\n<p>Ella vest\u00eda un vestigo blanco sin mangas con volante y ten\u00eda flores blancas en la mano. \u00c9l eligi\u00f3 un traje azul marino con camisa blanca sin corbata.<\/p>\n<p>Un poco despu\u00e9s, la pareja sali\u00f3 feliz del palacio agarrados de la mano y se alejaron en un bote.<\/p>\n<p>La publicaci\u00f3n \u00abBunte\u00bb hab\u00eda asegurado la pasada semana que los novios ten\u00edan programada para hoy una ceremonia civil. Ma\u00f1ana deber\u00eda celebrarse el enlace religioso.<\/p>\n","protected":false},"excerpt":{"rendered":"<p>Venecia (Italia), 12 jul (dpa) &#8211; El futbolista alem\u00e1n Bastian Schweinsteiger y la tenista serbia Ana Ivanovic se casaron hoy en Venecia, seg\u00fan confirm\u00f3 un tuit de felicitaci\u00f3n publicado por el ex club del capit\u00e1n de la selecci\u00f3n germana, el Bayern M\u00fanich. La pareja no dio ninguna noticia de su enlace en las redes sociales,<\/p>\n","protected":false},"author":1,"featured_media":16457,"comment_status":"closed","ping_status":"closed","sticky":false,"template":"","format":"standard","meta":{"footnotes":""},"categories":[343],"tags":[],"class_list":{"0":"post-31897","1":"post","2":"type-post","3":"status-publish","4":"format-standard","5":"has-post-thumbnail","7":"category-actualidad"},"aioseo_notices":[],"aioseo_head":"\n\t\t<!-- All in One SEO Pro 4.9.6.2 - aioseo.com -->\n\t<meta name=\"description\" content=\"Venecia (Italia), 12 jul (dpa) - El futbolista alem\u00e1n Bastian Schweinsteiger y la tenista serbia Ana Ivanovic se casaron hoy en Venecia, seg\u00fan confirm\u00f3 un tuit de felicitaci\u00f3n publicado por el ex club del capit\u00e1n de la selecci\u00f3n germana, el Bayern M\u00fanich. La pareja no dio ninguna noticia de su enlace en las redes sociales,\" \/>\n\t<meta name=\"robots\" content=\"max-image-preview:large\" \/>\n\t<meta name=\"author\" content=\"Cand\u00e1s 365\"\/>\n\t<meta name=\"google-site-verification\" content=\"UA-32230408-1\" \/>\n\t<meta name=\"msvalidate.01\" content=\"354F3CDFB2DA171B47FBE9ABF1F88D5\" \/>\n\t<meta name=\"keywords\" content=\"actualidad\" \/>\n\t<link rel=\"canonical\" href=\"https:\/\/candas365.es\/noticias\/schweinsteiger-e-ivanovic-se-dan-el-si-quiero-en-venecia\/\" \/>\n\t<meta name=\"generator\" content=\"All in One SEO Pro (AIOSEO) 4.9.6.2\" \/>\n\t\t<meta property=\"og:locale\" content=\"es_ES\" \/>\n\t\t<meta property=\"og:site_name\" content=\"Cand\u00e1s 365\" \/>\n\t\t<meta property=\"og:type\" content=\"article\" \/>\n\t\t<meta property=\"og:title\" content=\"Schweinsteiger e Ivanovic se dan el \u00abs\u00ed quiero\u00bb en Venecia | Cand\u00e1s 365\" \/>\n\t\t<meta property=\"og:description\" content=\"Venecia (Italia), 12 jul (dpa) - El futbolista alem\u00e1n Bastian Schweinsteiger y la tenista serbia Ana Ivanovic se casaron hoy en Venecia, seg\u00fan confirm\u00f3 un tuit de felicitaci\u00f3n publicado por el ex club del capit\u00e1n de la selecci\u00f3n germana, el Bayern M\u00fanich. La pareja no dio ninguna noticia de su enlace en las redes sociales,\" \/>\n\t\t<meta property=\"og:url\" content=\"https:\/\/candas365.es\/noticias\/schweinsteiger-e-ivanovic-se-dan-el-si-quiero-en-venecia\/\" \/>\n\t\t<meta property=\"og:image\" content=\"https:\/\/candas365.es\/noticias\/wp-content\/uploads\/2015\/09\/c365noticias.jpg\" \/>\n\t\t<meta property=\"og:image:secure_url\" content=\"https:\/\/candas365.es\/noticias\/wp-content\/uploads\/2015\/09\/c365noticias.jpg\" \/>\n\t\t<meta property=\"og:image:width\" content=\"655\" \/>\n\t\t<meta property=\"og:image:height\" content=\"360\" \/>\n\t\t<meta property=\"article:published_time\" content=\"2016-07-12T19:21:41+00:00\" \/>\n\t\t<meta property=\"article:modified_time\" content=\"2016-07-12T19:21:41+00:00\" \/>\n\t\t<meta property=\"article:publisher\" content=\"https:\/\/www.facebook.com\/Nachofdezber\" \/>\n\t\t<meta property=\"article:author\" content=\"https:\/\/www.facebook.com\/carrenoactualidad\" \/>\n\t\t<meta name=\"twitter:card\" content=\"summary_large_image\" \/>\n\t\t<meta name=\"twitter:site\" content=\"@NabercoDigital\" \/>\n\t\t<meta name=\"twitter:title\" content=\"Schweinsteiger e Ivanovic se dan el \u00abs\u00ed quiero\u00bb en Venecia | Cand\u00e1s 365\" \/>\n\t\t<meta name=\"twitter:description\" content=\"Venecia (Italia), 12 jul (dpa) - El futbolista alem\u00e1n Bastian Schweinsteiger y la tenista serbia Ana Ivanovic se casaron hoy en Venecia, seg\u00fan confirm\u00f3 un tuit de felicitaci\u00f3n publicado por el ex club del capit\u00e1n de la selecci\u00f3n germana, el Bayern M\u00fanich. La pareja no dio ninguna noticia de su enlace en las redes sociales,\" \/>\n\t\t<meta name=\"twitter:creator\" content=\"@nbasturias\" \/>\n\t\t<meta name=\"twitter:image\" content=\"https:\/\/candas365.es\/noticias\/wp-content\/uploads\/2015\/09\/c365noticias.jpg\" \/>\n\t\t<meta name=\"twitter:label1\" content=\"Escrito por\" \/>\n\t\t<meta name=\"twitter:data1\" content=\"Cand\u00e1s 365\" \/>\n\t\t<meta name=\"twitter:label2\" content=\"Tiempo de lectura estimado\" \/>\n\t\t<meta name=\"twitter:data2\" content=\"1 minuto\" \/>\n\t\t<script type=\"application\/ld+json\" class=\"aioseo-schema\">\n\t\t\t{\"@context\":\"https:\\\/\\\/schema.org\",\"@graph\":[{\"@type\":\"BreadcrumbList\",\"@id\":\"https:\\\/\\\/candas365.es\\\/noticias\\\/schweinsteiger-e-ivanovic-se-dan-el-si-quiero-en-venecia\\\/#breadcrumblist\",\"itemListElement\":[{\"@type\":\"ListItem\",\"@id\":\"https:\\\/\\\/candas365.es\\\/noticias#listItem\",\"position\":1,\"name\":\"Home\",\"item\":\"https:\\\/\\\/candas365.es\\\/noticias\",\"nextItem\":{\"@type\":\"ListItem\",\"@id\":\"https:\\\/\\\/candas365.es\\\/noticias\\\/category\\\/actualidad\\\/#listItem\",\"name\":\"Actualidad\"}},{\"@type\":\"ListItem\",\"@id\":\"https:\\\/\\\/candas365.es\\\/noticias\\\/category\\\/actualidad\\\/#listItem\",\"position\":2,\"name\":\"Actualidad\",\"item\":\"https:\\\/\\\/candas365.es\\\/noticias\\\/category\\\/actualidad\\\/\",\"nextItem\":{\"@type\":\"ListItem\",\"@id\":\"https:\\\/\\\/candas365.es\\\/noticias\\\/schweinsteiger-e-ivanovic-se-dan-el-si-quiero-en-venecia\\\/#listItem\",\"name\":\"Schweinsteiger e Ivanovic se dan el \\u00abs\\u00ed quiero\\u00bb en Venecia\"},\"previousItem\":{\"@type\":\"ListItem\",\"@id\":\"https:\\\/\\\/candas365.es\\\/noticias#listItem\",\"name\":\"Home\"}},{\"@type\":\"ListItem\",\"@id\":\"https:\\\/\\\/candas365.es\\\/noticias\\\/schweinsteiger-e-ivanovic-se-dan-el-si-quiero-en-venecia\\\/#listItem\",\"position\":3,\"name\":\"Schweinsteiger e Ivanovic se dan el \\u00abs\\u00ed quiero\\u00bb en Venecia\",\"previousItem\":{\"@type\":\"ListItem\",\"@id\":\"https:\\\/\\\/candas365.es\\\/noticias\\\/category\\\/actualidad\\\/#listItem\",\"name\":\"Actualidad\"}}]},{\"@type\":\"NewsArticle\",\"@id\":\"https:\\\/\\\/candas365.es\\\/noticias\\\/schweinsteiger-e-ivanovic-se-dan-el-si-quiero-en-venecia\\\/#newsarticle\",\"name\":\"Schweinsteiger e Ivanovic se dan el \\u00abs\\u00ed quiero\\u00bb en Venecia | Cand\\u00e1s 365\",\"headline\":\"Schweinsteiger e Ivanovic se dan el \\u00abs\\u00ed quiero\\u00bb en Venecia\",\"author\":{\"@id\":\"https:\\\/\\\/candas365.es\\\/noticias\\\/author\\\/admin\\\/#author\"},\"publisher\":{\"@id\":\"https:\\\/\\\/candas365.es\\\/noticias\\\/#organization\"},\"image\":{\"@type\":\"ImageObject\",\"url\":\"https:\\\/\\\/candas365.es\\\/noticias\\\/wp-content\\\/uploads\\\/2015\\\/09\\\/c365noticias.jpg\",\"width\":655,\"height\":360},\"datePublished\":\"2016-07-12T20:51:41+02:00\",\"dateModified\":\"2016-07-12T20:51:41+02:00\",\"inLanguage\":\"es-ES\",\"mainEntityOfPage\":{\"@id\":\"https:\\\/\\\/candas365.es\\\/noticias\\\/schweinsteiger-e-ivanovic-se-dan-el-si-quiero-en-venecia\\\/#webpage\"},\"isPartOf\":{\"@id\":\"https:\\\/\\\/candas365.es\\\/noticias\\\/schweinsteiger-e-ivanovic-se-dan-el-si-quiero-en-venecia\\\/#webpage\"},\"articleSection\":\"Actualidad\",\"dateline\":\"Publicado el julio 12, 2016.\"},{\"@type\":\"Organization\",\"@id\":\"https:\\\/\\\/candas365.es\\\/noticias\\\/#organization\",\"name\":\"Cand\\u00e1s 365\",\"description\":\"Cand\\u00e1s 365 es un diario digital independiente, fundado en 2012, con base en Asturias. Informamos con rigor sobre actualidad, sociedad, cultura y ocio, con una mirada local y global.\",\"url\":\"https:\\\/\\\/candas365.es\\\/noticias\\\/\",\"email\":\"info@candas365.es\",\"telephone\":\"+34652131393\",\"foundingDate\":\"2012-06-10\",\"logo\":{\"@type\":\"ImageObject\",\"url\":\"https:\\\/\\\/candas365.es\\\/noticias\\\/wp-content\\\/uploads\\\/2024\\\/09\\\/Candas-365-Redes.jpg\",\"@id\":\"https:\\\/\\\/candas365.es\\\/noticias\\\/schweinsteiger-e-ivanovic-se-dan-el-si-quiero-en-venecia\\\/#organizationLogo\",\"width\":1152,\"height\":864,\"caption\":\"Cand\\u00e1s 365 Redes\"},\"image\":{\"@id\":\"https:\\\/\\\/candas365.es\\\/noticias\\\/schweinsteiger-e-ivanovic-se-dan-el-si-quiero-en-venecia\\\/#organizationLogo\"},\"sameAs\":[\"https:\\\/\\\/www.facebook.com\\\/Nachofdezber\",\"https:\\\/\\\/x.com\\\/NabercoDigital\",\"https:\\\/\\\/www.instagram.com\\\/nachofdezber\\\/\",\"https:\\\/\\\/www.youtube.com\\\/channel\\\/UCZP-2wLEB9Rv6erhFmqVnvg\"],\"address\":{\"@id\":\"https:\\\/\\\/candas365.es\\\/noticias\\\/#postaladdress\",\"@type\":\"PostalAddress\",\"streetAddress\":\"san antonio 4, san antonio 4\",\"postalCode\":\"33430\",\"addressLocality\":\"Cand\\u00e1s\",\"addressRegion\":\"Asturias\",\"addressCountry\":\"ES\"}},{\"@type\":\"Person\",\"@id\":\"https:\\\/\\\/candas365.es\\\/noticias\\\/author\\\/admin\\\/#author\",\"url\":\"https:\\\/\\\/candas365.es\\\/noticias\\\/author\\\/admin\\\/\",\"name\":\"Cand\\u00e1s 365\",\"image\":{\"@type\":\"ImageObject\",\"@id\":\"https:\\\/\\\/candas365.es\\\/noticias\\\/schweinsteiger-e-ivanovic-se-dan-el-si-quiero-en-venecia\\\/#authorImage\",\"url\":\"https:\\\/\\\/secure.gravatar.com\\\/avatar\\\/496a8e03d0c493ede1718b7934145dbdf8d89be1036b0eec9544e1094c9de390?s=96&d=mm&r=g\",\"width\":96,\"height\":96,\"caption\":\"Cand\\u00e1s 365\"},\"sameAs\":[\"https:\\\/\\\/www.facebook.com\\\/carrenoactualidad\",\"https:\\\/\\\/twitter.com\\\/nbasturias\",\"https:\\\/\\\/www.instagram.com\\\/nachofdezber\\\/\",\"https:\\\/\\\/www.youtube.com\\\/channel\\\/UCZP-2wLEB9Rv6erhFmqVnvg\"]},{\"@type\":\"WebPage\",\"@id\":\"https:\\\/\\\/candas365.es\\\/noticias\\\/schweinsteiger-e-ivanovic-se-dan-el-si-quiero-en-venecia\\\/#webpage\",\"url\":\"https:\\\/\\\/candas365.es\\\/noticias\\\/schweinsteiger-e-ivanovic-se-dan-el-si-quiero-en-venecia\\\/\",\"name\":\"Schweinsteiger e Ivanovic se dan el \\u00abs\\u00ed quiero\\u00bb en Venecia | Cand\\u00e1s 365\",\"description\":\"Venecia (Italia), 12 jul (dpa) - El futbolista alem\\u00e1n Bastian Schweinsteiger y la tenista serbia Ana Ivanovic se casaron hoy en Venecia, seg\\u00fan confirm\\u00f3 un tuit de felicitaci\\u00f3n publicado por el ex club del capit\\u00e1n de la selecci\\u00f3n germana, el Bayern M\\u00fanich. La pareja no dio ninguna noticia de su enlace en las redes sociales,\",\"inLanguage\":\"es-ES\",\"isPartOf\":{\"@id\":\"https:\\\/\\\/candas365.es\\\/noticias\\\/#website\"},\"breadcrumb\":{\"@id\":\"https:\\\/\\\/candas365.es\\\/noticias\\\/schweinsteiger-e-ivanovic-se-dan-el-si-quiero-en-venecia\\\/#breadcrumblist\"},\"author\":{\"@id\":\"https:\\\/\\\/candas365.es\\\/noticias\\\/author\\\/admin\\\/#author\"},\"creator\":{\"@id\":\"https:\\\/\\\/candas365.es\\\/noticias\\\/author\\\/admin\\\/#author\"},\"image\":{\"@type\":\"ImageObject\",\"url\":\"https:\\\/\\\/candas365.es\\\/noticias\\\/wp-content\\\/uploads\\\/2015\\\/09\\\/c365noticias.jpg\",\"@id\":\"https:\\\/\\\/candas365.es\\\/noticias\\\/schweinsteiger-e-ivanovic-se-dan-el-si-quiero-en-venecia\\\/#mainImage\",\"width\":655,\"height\":360},\"primaryImageOfPage\":{\"@id\":\"https:\\\/\\\/candas365.es\\\/noticias\\\/schweinsteiger-e-ivanovic-se-dan-el-si-quiero-en-venecia\\\/#mainImage\"},\"datePublished\":\"2016-07-12T20:51:41+02:00\",\"dateModified\":\"2016-07-12T20:51:41+02:00\"},{\"@type\":\"WebSite\",\"@id\":\"https:\\\/\\\/candas365.es\\\/noticias\\\/#website\",\"url\":\"https:\\\/\\\/candas365.es\\\/noticias\\\/\",\"name\":\"Cand\\u00e1s 365\",\"alternateName\":\"Cand\\u00e1s 365 Noticias\",\"description\":\"Actualidad desde Carre\\u00f1o para el mundo\",\"inLanguage\":\"es-ES\",\"publisher\":{\"@id\":\"https:\\\/\\\/candas365.es\\\/noticias\\\/#organization\"}}]}\n\t\t<\/script>\n\t\t<!-- All in One SEO Pro -->\r\n\t\t<title>Schweinsteiger e Ivanovic se dan el \u00abs\u00ed quiero\u00bb en Venecia | Cand\u00e1s 365<\/title>\n\n","aioseo_head_json":{"title":"Schweinsteiger e Ivanovic se dan el \u00abs\u00ed quiero\u00bb en Venecia | Cand\u00e1s 365","description":"Venecia (Italia), 12 jul (dpa) - El futbolista alem\u00e1n Bastian Schweinsteiger y la tenista serbia Ana Ivanovic se casaron hoy en Venecia, seg\u00fan confirm\u00f3 un tuit de felicitaci\u00f3n publicado por el ex club del capit\u00e1n de la selecci\u00f3n germana, el Bayern M\u00fanich. La pareja no dio ninguna noticia de su enlace en las redes sociales,","canonical_url":"https:\/\/candas365.es\/noticias\/schweinsteiger-e-ivanovic-se-dan-el-si-quiero-en-venecia\/","robots":"max-image-preview:large","keywords":"actualidad","webmasterTools":{"google-site-verification":"UA-32230408-1","msvalidate.01":"354F3CDFB2DA171B47FBE9ABF1F88D5","miscellaneous":""},"schema":{"@context":"https:\/\/schema.org","@graph":[{"@type":"BreadcrumbList","@id":"https:\/\/candas365.es\/noticias\/schweinsteiger-e-ivanovic-se-dan-el-si-quiero-en-venecia\/#breadcrumblist","itemListElement":[{"@type":"ListItem","@id":"https:\/\/candas365.es\/noticias#listItem","position":1,"name":"Home","item":"https:\/\/candas365.es\/noticias","nextItem":{"@type":"ListItem","@id":"https:\/\/candas365.es\/noticias\/category\/actualidad\/#listItem","name":"Actualidad"}},{"@type":"ListItem","@id":"https:\/\/candas365.es\/noticias\/category\/actualidad\/#listItem","position":2,"name":"Actualidad","item":"https:\/\/candas365.es\/noticias\/category\/actualidad\/","nextItem":{"@type":"ListItem","@id":"https:\/\/candas365.es\/noticias\/schweinsteiger-e-ivanovic-se-dan-el-si-quiero-en-venecia\/#listItem","name":"Schweinsteiger e Ivanovic se dan el \u00abs\u00ed quiero\u00bb en Venecia"},"previousItem":{"@type":"ListItem","@id":"https:\/\/candas365.es\/noticias#listItem","name":"Home"}},{"@type":"ListItem","@id":"https:\/\/candas365.es\/noticias\/schweinsteiger-e-ivanovic-se-dan-el-si-quiero-en-venecia\/#listItem","position":3,"name":"Schweinsteiger e Ivanovic se dan el \u00abs\u00ed quiero\u00bb en Venecia","previousItem":{"@type":"ListItem","@id":"https:\/\/candas365.es\/noticias\/category\/actualidad\/#listItem","name":"Actualidad"}}]},{"@type":"NewsArticle","@id":"https:\/\/candas365.es\/noticias\/schweinsteiger-e-ivanovic-se-dan-el-si-quiero-en-venecia\/#newsarticle","name":"Schweinsteiger e Ivanovic se dan el \u00abs\u00ed quiero\u00bb en Venecia | Cand\u00e1s 365","headline":"Schweinsteiger e Ivanovic se dan el \u00abs\u00ed quiero\u00bb en Venecia","author":{"@id":"https:\/\/candas365.es\/noticias\/author\/admin\/#author"},"publisher":{"@id":"https:\/\/candas365.es\/noticias\/#organization"},"image":{"@type":"ImageObject","url":"https:\/\/candas365.es\/noticias\/wp-content\/uploads\/2015\/09\/c365noticias.jpg","width":655,"height":360},"datePublished":"2016-07-12T20:51:41+02:00","dateModified":"2016-07-12T20:51:41+02:00","inLanguage":"es-ES","mainEntityOfPage":{"@id":"https:\/\/candas365.es\/noticias\/schweinsteiger-e-ivanovic-se-dan-el-si-quiero-en-venecia\/#webpage"},"isPartOf":{"@id":"https:\/\/candas365.es\/noticias\/schweinsteiger-e-ivanovic-se-dan-el-si-quiero-en-venecia\/#webpage"},"articleSection":"Actualidad","dateline":"Publicado el julio 12, 2016."},{"@type":"Organization","@id":"https:\/\/candas365.es\/noticias\/#organization","name":"Cand\u00e1s 365","description":"Cand\u00e1s 365 es un diario digital independiente, fundado en 2012, con base en Asturias. Informamos con rigor sobre actualidad, sociedad, cultura y ocio, con una mirada local y global.","url":"https:\/\/candas365.es\/noticias\/","email":"info@candas365.es","telephone":"+34652131393","foundingDate":"2012-06-10","logo":{"@type":"ImageObject","url":"https:\/\/candas365.es\/noticias\/wp-content\/uploads\/2024\/09\/Candas-365-Redes.jpg","@id":"https:\/\/candas365.es\/noticias\/schweinsteiger-e-ivanovic-se-dan-el-si-quiero-en-venecia\/#organizationLogo","width":1152,"height":864,"caption":"Cand\u00e1s 365 Redes"},"image":{"@id":"https:\/\/candas365.es\/noticias\/schweinsteiger-e-ivanovic-se-dan-el-si-quiero-en-venecia\/#organizationLogo"},"sameAs":["https:\/\/www.facebook.com\/Nachofdezber","https:\/\/x.com\/NabercoDigital","https:\/\/www.instagram.com\/nachofdezber\/","https:\/\/www.youtube.com\/channel\/UCZP-2wLEB9Rv6erhFmqVnvg"],"address":{"@id":"https:\/\/candas365.es\/noticias\/#postaladdress","@type":"PostalAddress","streetAddress":"san antonio 4, san antonio 4","postalCode":"33430","addressLocality":"Cand\u00e1s","addressRegion":"Asturias","addressCountry":"ES"}},{"@type":"Person","@id":"https:\/\/candas365.es\/noticias\/author\/admin\/#author","url":"https:\/\/candas365.es\/noticias\/author\/admin\/","name":"Cand\u00e1s 365","image":{"@type":"ImageObject","@id":"https:\/\/candas365.es\/noticias\/schweinsteiger-e-ivanovic-se-dan-el-si-quiero-en-venecia\/#authorImage","url":"https:\/\/secure.gravatar.com\/avatar\/496a8e03d0c493ede1718b7934145dbdf8d89be1036b0eec9544e1094c9de390?s=96&d=mm&r=g","width":96,"height":96,"caption":"Cand\u00e1s 365"},"sameAs":["https:\/\/www.facebook.com\/carrenoactualidad","https:\/\/twitter.com\/nbasturias","https:\/\/www.instagram.com\/nachofdezber\/","https:\/\/www.youtube.com\/channel\/UCZP-2wLEB9Rv6erhFmqVnvg"]},{"@type":"WebPage","@id":"https:\/\/candas365.es\/noticias\/schweinsteiger-e-ivanovic-se-dan-el-si-quiero-en-venecia\/#webpage","url":"https:\/\/candas365.es\/noticias\/schweinsteiger-e-ivanovic-se-dan-el-si-quiero-en-venecia\/","name":"Schweinsteiger e Ivanovic se dan el \u00abs\u00ed quiero\u00bb en Venecia | Cand\u00e1s 365","description":"Venecia (Italia), 12 jul (dpa) - El futbolista alem\u00e1n Bastian Schweinsteiger y la tenista serbia Ana Ivanovic se casaron hoy en Venecia, seg\u00fan confirm\u00f3 un tuit de felicitaci\u00f3n publicado por el ex club del capit\u00e1n de la selecci\u00f3n germana, el Bayern M\u00fanich. La pareja no dio ninguna noticia de su enlace en las redes sociales,","inLanguage":"es-ES","isPartOf":{"@id":"https:\/\/candas365.es\/noticias\/#website"},"breadcrumb":{"@id":"https:\/\/candas365.es\/noticias\/schweinsteiger-e-ivanovic-se-dan-el-si-quiero-en-venecia\/#breadcrumblist"},"author":{"@id":"https:\/\/candas365.es\/noticias\/author\/admin\/#author"},"creator":{"@id":"https:\/\/candas365.es\/noticias\/author\/admin\/#author"},"image":{"@type":"ImageObject","url":"https:\/\/candas365.es\/noticias\/wp-content\/uploads\/2015\/09\/c365noticias.jpg","@id":"https:\/\/candas365.es\/noticias\/schweinsteiger-e-ivanovic-se-dan-el-si-quiero-en-venecia\/#mainImage","width":655,"height":360},"primaryImageOfPage":{"@id":"https:\/\/candas365.es\/noticias\/schweinsteiger-e-ivanovic-se-dan-el-si-quiero-en-venecia\/#mainImage"},"datePublished":"2016-07-12T20:51:41+02:00","dateModified":"2016-07-12T20:51:41+02:00"},{"@type":"WebSite","@id":"https:\/\/candas365.es\/noticias\/#website","url":"https:\/\/candas365.es\/noticias\/","name":"Cand\u00e1s 365","alternateName":"Cand\u00e1s 365 Noticias","description":"Actualidad desde Carre\u00f1o para el mundo","inLanguage":"es-ES","publisher":{"@id":"https:\/\/candas365.es\/noticias\/#organization"}}]},"og:locale":"es_ES","og:site_name":"Cand\u00e1s 365","og:type":"article","og:title":"Schweinsteiger e Ivanovic se dan el \u00abs\u00ed quiero\u00bb en Venecia | Cand\u00e1s 365","og:description":"Venecia (Italia), 12 jul (dpa) - El futbolista alem\u00e1n Bastian Schweinsteiger y la tenista serbia Ana Ivanovic se casaron hoy en Venecia, seg\u00fan confirm\u00f3 un tuit de felicitaci\u00f3n publicado por el ex club del capit\u00e1n de la selecci\u00f3n germana, el Bayern M\u00fanich. La pareja no dio ninguna noticia de su enlace en las redes sociales,","og:url":"https:\/\/candas365.es\/noticias\/schweinsteiger-e-ivanovic-se-dan-el-si-quiero-en-venecia\/","og:image":"https:\/\/candas365.es\/noticias\/wp-content\/uploads\/2015\/09\/c365noticias.jpg","og:image:secure_url":"https:\/\/candas365.es\/noticias\/wp-content\/uploads\/2015\/09\/c365noticias.jpg","og:image:width":655,"og:image:height":360,"article:published_time":"2016-07-12T19:21:41+00:00","article:modified_time":"2016-07-12T19:21:41+00:00","article:publisher":"https:\/\/www.facebook.com\/Nachofdezber","article:author":"https:\/\/www.facebook.com\/carrenoactualidad","twitter:card":"summary_large_image","twitter:site":"@NabercoDigital","twitter:title":"Schweinsteiger e Ivanovic se dan el \u00abs\u00ed quiero\u00bb en Venecia | Cand\u00e1s 365","twitter:description":"Venecia (Italia), 12 jul (dpa) - El futbolista alem\u00e1n Bastian Schweinsteiger y la tenista serbia Ana Ivanovic se casaron hoy en Venecia, seg\u00fan confirm\u00f3 un tuit de felicitaci\u00f3n publicado por el ex club del capit\u00e1n de la selecci\u00f3n germana, el Bayern M\u00fanich. La pareja no dio ninguna noticia de su enlace en las redes sociales,","twitter:creator":"@nbasturias","twitter:image":"https:\/\/candas365.es\/noticias\/wp-content\/uploads\/2015\/09\/c365noticias.jpg","twitter:label1":"Escrito por","twitter:data1":"Cand\u00e1s 365","twitter:label2":"Tiempo de lectura estimado","twitter:data2":"1 minuto"},"aioseo_meta_data":{"post_id":"31897","title":null,"description":null,"keywords":null,"keyphrases":null,"primary_term":null,"canonical_url":null,"og_title":null,"og_description":null,"og_object_type":"default","og_image_type":"default","og_image_url":null,"og_image_width":null,"og_image_height":null,"og_image_custom_url":null,"og_image_custom_fields":null,"og_video":null,"og_custom_url":null,"og_article_section":null,"og_article_tags":null,"twitter_use_og":false,"twitter_card":"default","twitter_image_type":"default","twitter_image_url":null,"twitter_image_custom_url":null,"twitter_image_custom_fields":null,"twitter_title":null,"twitter_description":null,"schema":{"blockGraphs":[],"customGraphs":[],"default":{"data":{"Article":[],"Course":[],"Dataset":[],"FAQPage":[],"Movie":[],"Person":[],"Product":[],"ProductReview":[],"Car":[],"Recipe":[],"Service":[],"SoftwareApplication":[],"WebPage":[]},"graphName":"","isEnabled":true},"graphs":[]},"schema_type":null,"schema_type_options":null,"pillar_content":false,"robots_default":true,"robots_noindex":false,"robots_noarchive":false,"robots_nosnippet":false,"robots_nofollow":false,"robots_noimageindex":false,"robots_noodp":false,"robots_notranslate":false,"robots_max_snippet":null,"robots_max_videopreview":null,"robots_max_imagepreview":"large","priority":null,"frequency":null,"location":null,"local_seo":null,"seo_analyzer_scan_date":"2025-08-24 14:34:13","breadcrumb_settings":null,"limit_modified_date":false,"reviewed_by":null,"open_ai":null,"ai":null,"created":"2020-12-21 13:02:04","updated":"2025-08-24 14:34:13"},"aioseo_breadcrumb":"<div class=\"aioseo-breadcrumbs\"><span class=\"aioseo-breadcrumb\">\n\t<a href=\"https:\/\/candas365.es\/noticias\" title=\"Home\">Home<\/a>\n<\/span><span class=\"aioseo-breadcrumb-separator\">&ndash;<\/span><span class=\"aioseo-breadcrumb\">\n\t<a href=\"https:\/\/candas365.es\/noticias\/category\/actualidad\/\" title=\"Actualidad\">Actualidad<\/a>\n<\/span><span class=\"aioseo-breadcrumb-separator\">&ndash;<\/span><span class=\"aioseo-breadcrumb\">\n\tSchweinsteiger e Ivanovic se dan el \u00abs\u00ed quiero\u00bb en Venecia\n<\/span><\/div>","aioseo_breadcrumb_json":[{"label":"Home","link":"https:\/\/candas365.es\/noticias"},{"label":"Actualidad","link":"https:\/\/candas365.es\/noticias\/category\/actualidad\/"},{"label":"Schweinsteiger e Ivanovic se dan el \u00abs\u00ed quiero\u00bb en Venecia","link":"https:\/\/candas365.es\/noticias\/schweinsteiger-e-ivanovic-se-dan-el-si-quiero-en-venecia\/"}],"_links":{"self":[{"href":"https:\/\/candas365.es\/noticias\/wp-json\/wp\/v2\/posts\/31897","targetHints":{"allow":["GET"]}}],"collection":[{"href":"https:\/\/candas365.es\/noticias\/wp-json\/wp\/v2\/posts"}],"about":[{"href":"https:\/\/candas365.es\/noticias\/wp-json\/wp\/v2\/types\/post"}],"author":[{"embeddable":true,"href":"https:\/\/candas365.es\/noticias\/wp-json\/wp\/v2\/users\/1"}],"replies":[{"embeddable":true,"href":"https:\/\/candas365.es\/noticias\/wp-json\/wp\/v2\/comments?post=31897"}],"version-history":[{"count":0,"href":"https:\/\/candas365.es\/noticias\/wp-json\/wp\/v2\/posts\/31897\/revisions"}],"wp:featuredmedia":[{"embeddable":true,"href":"https:\/\/candas365.es\/noticias\/wp-json\/wp\/v2\/media\/16457"}],"wp:attachment":[{"href":"https:\/\/candas365.es\/noticias\/wp-json\/wp\/v2\/media?parent=31897"}],"wp:term":[{"taxonomy":"category","embeddable":true,"href":"https:\/\/candas365.es\/noticias\/wp-json\/wp\/v2\/categories?post=31897"},{"taxonomy":"post_tag","embeddable":true,"href":"https:\/\/candas365.es\/noticias\/wp-json\/wp\/v2\/tags?post=31897"}],"curies":[{"name":"wp","href":"https:\/\/api.w.org\/{rel}","templated":true}]}}