{"id":31895,"date":"2016-07-12T20:50:47","date_gmt":"2016-07-12T19:20:47","guid":{"rendered":"http:\/\/candas365.es\/noticias\/?p=31895"},"modified":"2016-07-12T20:50:47","modified_gmt":"2016-07-12T19:20:47","slug":"berlin-tendra-un-banco-de-datos-sobre-corrientes-refugiados-en-el-mundo","status":"publish","type":"post","link":"https:\/\/candas365.es\/noticias\/berlin-tendra-un-banco-de-datos-sobre-corrientes-refugiados-en-el-mundo\/","title":{"rendered":"Berl\u00edn tendr\u00e1 un banco de datos sobre corrientes refugiados en el mundo"},"content":{"rendered":"<p>Berl\u00edn, 12 jul (dpa) &#8211; La Comunidad Internacional quiere avanzar en sus esfuerzos para luchar contra la crisis de refugiados con ayuda de un nuevo banco de datos en el que se registrar\u00e1n los movimientos de los refugiados alrededor del mundo y campa\u00f1as de informaci\u00f3n en los pa\u00edses en crisis, seg\u00fan se acord\u00f3 hoy en una conferencia en Berl\u00edn.<\/p>\n<p>El ministro de Exteriores alem\u00e1n, Frank-Walter Steinmeier, anfitri\u00f3n del encuentro en la capital alemana, abog\u00f3 por estrechar a\u00fan m\u00e1s la cooperaci\u00f3n internacional.<\/p>\n<p>\u00abDebemos ponernos de acuerdo en el seno de la Comunidad Internacional sobre c\u00f3mo podemos gestionar la migraci\u00f3n. Respuestas unilaterales de pa\u00edses o respuestas europeas solas no son suficientes\u00bb, afirm\u00f3 el pol\u00edtico socialdem\u00f3crata. \u00abNo debemos permitirnos ning\u00fan respiro\u00bb, agreg\u00f3.<\/p>\n<p>En la conferencia sobre refugiados participaron el alto comisionado para los refugiados, Filippo Grandi; el representante especial de la ONU para cuestiones migratorias, Peter Sutherland; el director general de la IOM, William Swing; el secretario general de la Federaci\u00f3n Internacional de la Cruz Roja, Elhadj As Sy; el Comisario de Migraci\u00f3n de la Uni\u00f3n Europea, Dimitris Avramopoulos, y el secretario general del Grupo Banco Mundial, Shaolin Yang.<\/p>\n<p>El encuentro sirve de preparaci\u00f3n para la gran cumbre sobre refugiados con jefes de Estado y de Gobierno a mediados de septiembre en la sede de la ONU en Nueva York.<\/p>\n<p>Grandi advirti\u00f3 de ver el retroceso del n\u00famero de refugiados que llegan estos d\u00edas a Europa como el fin de la alarma. S\u00f3lo en Irak, Sud\u00e1n del Sur y Burundi hay de nuevo cientos de miles de personas que huyen estos d\u00edas de sus hogares, indic\u00f3. \u00abDesgraciadamente la tendencia no mejora\u00bb, agreg\u00f3.<\/p>\n<p>Todas las organizaciones abogaron por un \u00abenfoque global\u00bb para poder hacer frente mejor a los movimientos de los refugiados. Alemania, que en 2015 registr\u00f3 1,1 millones de solicitantes de asilo, recibi\u00f3 muchos elogios por su pol\u00edtica de refugiados. Al mismo tiempo, Grandi apel\u00f3 a otros pa\u00edses a hacer m\u00e1s por la crisis de refugiados.<\/p>\n<p>\u00abHemos hecho avances, pero no hemos alcanzado a\u00fan nuestros objetivos al cien por cien\u00bb, afirm\u00f3 Avramopoulos.<\/p>\n<p>El nuevo banco de datos estar\u00e1 ubicado en la oficina alemana de la Organizaci\u00f3n Internacional para las Migraciones (OIM) en Berl\u00edn. El objetivo es reunir las estad\u00edsticas de las diferentes organizaciones para evitar mejor las corrientes de refugiados o al menos poder gestionarlas.<\/p>\n<p>Con ese mismo objetivo se crear\u00e1n tambi\u00e9n campa\u00f1as de informaci\u00f3n, que usar\u00e1n, sobre todo, las redes sociales. \u00abDebemos llegar a las personas para explicarles riesgos potenciales y posibilidades legales de migraci\u00f3n\u00bb, escribieron en el informe final del encuentro.<\/p>\n<p>Actualmente hay m\u00e1s de 65 millones de personas que han huido de sus pa\u00edses, la cifra m\u00e1s alta registrada hasta el momento. De acuerdo con datos del Alto Comisionado de la ONU para los Refugiados (ACNUR), la mitad de ellos son ni\u00f1os o j\u00f3venes.<\/p>\n<p>&nbsp;<\/p>\n","protected":false},"excerpt":{"rendered":"<p>Berl\u00edn, 12 jul (dpa) &#8211; La Comunidad Internacional quiere avanzar en sus esfuerzos para luchar contra la crisis de refugiados con ayuda de un nuevo banco de datos en el que se registrar\u00e1n los movimientos de los refugiados alrededor del mundo y campa\u00f1as de informaci\u00f3n en los pa\u00edses en crisis, seg\u00fan se acord\u00f3 hoy en<\/p>\n","protected":false},"author":1,"featured_media":16457,"comment_status":"closed","ping_status":"closed","sticky":false,"template":"","format":"standard","meta":{"footnotes":""},"categories":[343],"tags":[],"class_list":{"0":"post-31895","1":"post","2":"type-post","3":"status-publish","4":"format-standard","5":"has-post-thumbnail","7":"category-actualidad"},"aioseo_notices":[],"aioseo_head":"\n\t\t<!-- All in One SEO Pro 4.9.6.2 - aioseo.com -->\n\t<meta name=\"description\" content=\"Berl\u00edn, 12 jul (dpa) - La Comunidad Internacional quiere avanzar en sus esfuerzos para luchar contra la crisis de refugiados con ayuda de un nuevo banco de datos en el que se registrar\u00e1n los movimientos de los refugiados alrededor del mundo y campa\u00f1as de informaci\u00f3n en los pa\u00edses en crisis, seg\u00fan se acord\u00f3 hoy en\" \/>\n\t<meta name=\"robots\" content=\"max-image-preview:large\" \/>\n\t<meta name=\"author\" content=\"Cand\u00e1s 365\"\/>\n\t<meta name=\"google-site-verification\" content=\"UA-32230408-1\" \/>\n\t<meta name=\"msvalidate.01\" content=\"354F3CDFB2DA171B47FBE9ABF1F88D5\" \/>\n\t<meta name=\"keywords\" content=\"actualidad\" \/>\n\t<link rel=\"canonical\" href=\"https:\/\/candas365.es\/noticias\/berlin-tendra-un-banco-de-datos-sobre-corrientes-refugiados-en-el-mundo\/\" \/>\n\t<meta name=\"generator\" content=\"All in One SEO Pro (AIOSEO) 4.9.6.2\" \/>\n\t\t<meta property=\"og:locale\" content=\"es_ES\" \/>\n\t\t<meta property=\"og:site_name\" content=\"Cand\u00e1s 365\" \/>\n\t\t<meta property=\"og:type\" content=\"article\" \/>\n\t\t<meta property=\"og:title\" content=\"Berl\u00edn tendr\u00e1 un banco de datos sobre corrientes refugiados en el mundo | Cand\u00e1s 365\" \/>\n\t\t<meta property=\"og:description\" content=\"Berl\u00edn, 12 jul (dpa) - La Comunidad Internacional quiere avanzar en sus esfuerzos para luchar contra la crisis de refugiados con ayuda de un nuevo banco de datos en el que se registrar\u00e1n los movimientos de los refugiados alrededor del mundo y campa\u00f1as de informaci\u00f3n en los pa\u00edses en crisis, seg\u00fan se acord\u00f3 hoy en\" \/>\n\t\t<meta property=\"og:url\" content=\"https:\/\/candas365.es\/noticias\/berlin-tendra-un-banco-de-datos-sobre-corrientes-refugiados-en-el-mundo\/\" \/>\n\t\t<meta property=\"og:image\" content=\"https:\/\/candas365.es\/noticias\/wp-content\/uploads\/2015\/09\/c365noticias.jpg\" \/>\n\t\t<meta property=\"og:image:secure_url\" content=\"https:\/\/candas365.es\/noticias\/wp-content\/uploads\/2015\/09\/c365noticias.jpg\" \/>\n\t\t<meta property=\"og:image:width\" content=\"655\" \/>\n\t\t<meta property=\"og:image:height\" content=\"360\" \/>\n\t\t<meta property=\"article:published_time\" content=\"2016-07-12T19:20:47+00:00\" \/>\n\t\t<meta property=\"article:modified_time\" content=\"2016-07-12T19:20:47+00:00\" \/>\n\t\t<meta property=\"article:publisher\" content=\"https:\/\/www.facebook.com\/Nachofdezber\" \/>\n\t\t<meta property=\"article:author\" content=\"https:\/\/www.facebook.com\/carrenoactualidad\" \/>\n\t\t<meta name=\"twitter:card\" content=\"summary_large_image\" \/>\n\t\t<meta name=\"twitter:site\" content=\"@NabercoDigital\" \/>\n\t\t<meta name=\"twitter:title\" content=\"Berl\u00edn tendr\u00e1 un banco de datos sobre corrientes refugiados en el mundo | Cand\u00e1s 365\" \/>\n\t\t<meta name=\"twitter:description\" content=\"Berl\u00edn, 12 jul (dpa) - La Comunidad Internacional quiere avanzar en sus esfuerzos para luchar contra la crisis de refugiados con ayuda de un nuevo banco de datos en el que se registrar\u00e1n los movimientos de los refugiados alrededor del mundo y campa\u00f1as de informaci\u00f3n en los pa\u00edses en crisis, seg\u00fan se acord\u00f3 hoy en\" \/>\n\t\t<meta name=\"twitter:creator\" content=\"@nbasturias\" \/>\n\t\t<meta name=\"twitter:image\" content=\"https:\/\/candas365.es\/noticias\/wp-content\/uploads\/2015\/09\/c365noticias.jpg\" \/>\n\t\t<meta name=\"twitter:label1\" content=\"Escrito por\" \/>\n\t\t<meta name=\"twitter:data1\" content=\"Cand\u00e1s 365\" \/>\n\t\t<meta name=\"twitter:label2\" content=\"Tiempo de lectura estimado\" \/>\n\t\t<meta name=\"twitter:data2\" content=\"3 minutos\" \/>\n\t\t<script type=\"application\/ld+json\" class=\"aioseo-schema\">\n\t\t\t{\"@context\":\"https:\\\/\\\/schema.org\",\"@graph\":[{\"@type\":\"BreadcrumbList\",\"@id\":\"https:\\\/\\\/candas365.es\\\/noticias\\\/berlin-tendra-un-banco-de-datos-sobre-corrientes-refugiados-en-el-mundo\\\/#breadcrumblist\",\"itemListElement\":[{\"@type\":\"ListItem\",\"@id\":\"https:\\\/\\\/candas365.es\\\/noticias#listItem\",\"position\":1,\"name\":\"Home\",\"item\":\"https:\\\/\\\/candas365.es\\\/noticias\",\"nextItem\":{\"@type\":\"ListItem\",\"@id\":\"https:\\\/\\\/candas365.es\\\/noticias\\\/category\\\/actualidad\\\/#listItem\",\"name\":\"Actualidad\"}},{\"@type\":\"ListItem\",\"@id\":\"https:\\\/\\\/candas365.es\\\/noticias\\\/category\\\/actualidad\\\/#listItem\",\"position\":2,\"name\":\"Actualidad\",\"item\":\"https:\\\/\\\/candas365.es\\\/noticias\\\/category\\\/actualidad\\\/\",\"nextItem\":{\"@type\":\"ListItem\",\"@id\":\"https:\\\/\\\/candas365.es\\\/noticias\\\/berlin-tendra-un-banco-de-datos-sobre-corrientes-refugiados-en-el-mundo\\\/#listItem\",\"name\":\"Berl\\u00edn tendr\\u00e1 un banco de datos sobre corrientes refugiados en el mundo\"},\"previousItem\":{\"@type\":\"ListItem\",\"@id\":\"https:\\\/\\\/candas365.es\\\/noticias#listItem\",\"name\":\"Home\"}},{\"@type\":\"ListItem\",\"@id\":\"https:\\\/\\\/candas365.es\\\/noticias\\\/berlin-tendra-un-banco-de-datos-sobre-corrientes-refugiados-en-el-mundo\\\/#listItem\",\"position\":3,\"name\":\"Berl\\u00edn tendr\\u00e1 un banco de datos sobre corrientes refugiados en el mundo\",\"previousItem\":{\"@type\":\"ListItem\",\"@id\":\"https:\\\/\\\/candas365.es\\\/noticias\\\/category\\\/actualidad\\\/#listItem\",\"name\":\"Actualidad\"}}]},{\"@type\":\"NewsArticle\",\"@id\":\"https:\\\/\\\/candas365.es\\\/noticias\\\/berlin-tendra-un-banco-de-datos-sobre-corrientes-refugiados-en-el-mundo\\\/#newsarticle\",\"name\":\"Berl\\u00edn tendr\\u00e1 un banco de datos sobre corrientes refugiados en el mundo | Cand\\u00e1s 365\",\"headline\":\"Berl\\u00edn tendr\\u00e1 un banco de datos sobre corrientes refugiados en el mundo\",\"author\":{\"@id\":\"https:\\\/\\\/candas365.es\\\/noticias\\\/author\\\/admin\\\/#author\"},\"publisher\":{\"@id\":\"https:\\\/\\\/candas365.es\\\/noticias\\\/#organization\"},\"image\":{\"@type\":\"ImageObject\",\"url\":\"https:\\\/\\\/candas365.es\\\/noticias\\\/wp-content\\\/uploads\\\/2015\\\/09\\\/c365noticias.jpg\",\"width\":655,\"height\":360},\"datePublished\":\"2016-07-12T20:50:47+02:00\",\"dateModified\":\"2016-07-12T20:50:47+02:00\",\"inLanguage\":\"es-ES\",\"mainEntityOfPage\":{\"@id\":\"https:\\\/\\\/candas365.es\\\/noticias\\\/berlin-tendra-un-banco-de-datos-sobre-corrientes-refugiados-en-el-mundo\\\/#webpage\"},\"isPartOf\":{\"@id\":\"https:\\\/\\\/candas365.es\\\/noticias\\\/berlin-tendra-un-banco-de-datos-sobre-corrientes-refugiados-en-el-mundo\\\/#webpage\"},\"articleSection\":\"Actualidad\",\"dateline\":\"Publicado el julio 12, 2016.\"},{\"@type\":\"Organization\",\"@id\":\"https:\\\/\\\/candas365.es\\\/noticias\\\/#organization\",\"name\":\"Cand\\u00e1s 365\",\"description\":\"Cand\\u00e1s 365 es un diario digital independiente, fundado en 2012, con base en Asturias. Informamos con rigor sobre actualidad, sociedad, cultura y ocio, con una mirada local y global.\",\"url\":\"https:\\\/\\\/candas365.es\\\/noticias\\\/\",\"email\":\"info@candas365.es\",\"telephone\":\"+34652131393\",\"foundingDate\":\"2012-06-10\",\"logo\":{\"@type\":\"ImageObject\",\"url\":\"https:\\\/\\\/candas365.es\\\/noticias\\\/wp-content\\\/uploads\\\/2024\\\/09\\\/Candas-365-Redes.jpg\",\"@id\":\"https:\\\/\\\/candas365.es\\\/noticias\\\/berlin-tendra-un-banco-de-datos-sobre-corrientes-refugiados-en-el-mundo\\\/#organizationLogo\",\"width\":1152,\"height\":864,\"caption\":\"Cand\\u00e1s 365 Redes\"},\"image\":{\"@id\":\"https:\\\/\\\/candas365.es\\\/noticias\\\/berlin-tendra-un-banco-de-datos-sobre-corrientes-refugiados-en-el-mundo\\\/#organizationLogo\"},\"sameAs\":[\"https:\\\/\\\/www.facebook.com\\\/Nachofdezber\",\"https:\\\/\\\/x.com\\\/NabercoDigital\",\"https:\\\/\\\/www.instagram.com\\\/nachofdezber\\\/\",\"https:\\\/\\\/www.youtube.com\\\/channel\\\/UCZP-2wLEB9Rv6erhFmqVnvg\"],\"address\":{\"@id\":\"https:\\\/\\\/candas365.es\\\/noticias\\\/#postaladdress\",\"@type\":\"PostalAddress\",\"streetAddress\":\"san antonio 4, san antonio 4\",\"postalCode\":\"33430\",\"addressLocality\":\"Cand\\u00e1s\",\"addressRegion\":\"Asturias\",\"addressCountry\":\"ES\"}},{\"@type\":\"Person\",\"@id\":\"https:\\\/\\\/candas365.es\\\/noticias\\\/author\\\/admin\\\/#author\",\"url\":\"https:\\\/\\\/candas365.es\\\/noticias\\\/author\\\/admin\\\/\",\"name\":\"Cand\\u00e1s 365\",\"image\":{\"@type\":\"ImageObject\",\"@id\":\"https:\\\/\\\/candas365.es\\\/noticias\\\/berlin-tendra-un-banco-de-datos-sobre-corrientes-refugiados-en-el-mundo\\\/#authorImage\",\"url\":\"https:\\\/\\\/secure.gravatar.com\\\/avatar\\\/496a8e03d0c493ede1718b7934145dbdf8d89be1036b0eec9544e1094c9de390?s=96&d=mm&r=g\",\"width\":96,\"height\":96,\"caption\":\"Cand\\u00e1s 365\"},\"sameAs\":[\"https:\\\/\\\/www.facebook.com\\\/carrenoactualidad\",\"https:\\\/\\\/twitter.com\\\/nbasturias\",\"https:\\\/\\\/www.instagram.com\\\/nachofdezber\\\/\",\"https:\\\/\\\/www.youtube.com\\\/channel\\\/UCZP-2wLEB9Rv6erhFmqVnvg\"]},{\"@type\":\"WebPage\",\"@id\":\"https:\\\/\\\/candas365.es\\\/noticias\\\/berlin-tendra-un-banco-de-datos-sobre-corrientes-refugiados-en-el-mundo\\\/#webpage\",\"url\":\"https:\\\/\\\/candas365.es\\\/noticias\\\/berlin-tendra-un-banco-de-datos-sobre-corrientes-refugiados-en-el-mundo\\\/\",\"name\":\"Berl\\u00edn tendr\\u00e1 un banco de datos sobre corrientes refugiados en el mundo | Cand\\u00e1s 365\",\"description\":\"Berl\\u00edn, 12 jul (dpa) - La Comunidad Internacional quiere avanzar en sus esfuerzos para luchar contra la crisis de refugiados con ayuda de un nuevo banco de datos en el que se registrar\\u00e1n los movimientos de los refugiados alrededor del mundo y campa\\u00f1as de informaci\\u00f3n en los pa\\u00edses en crisis, seg\\u00fan se acord\\u00f3 hoy en\",\"inLanguage\":\"es-ES\",\"isPartOf\":{\"@id\":\"https:\\\/\\\/candas365.es\\\/noticias\\\/#website\"},\"breadcrumb\":{\"@id\":\"https:\\\/\\\/candas365.es\\\/noticias\\\/berlin-tendra-un-banco-de-datos-sobre-corrientes-refugiados-en-el-mundo\\\/#breadcrumblist\"},\"author\":{\"@id\":\"https:\\\/\\\/candas365.es\\\/noticias\\\/author\\\/admin\\\/#author\"},\"creator\":{\"@id\":\"https:\\\/\\\/candas365.es\\\/noticias\\\/author\\\/admin\\\/#author\"},\"image\":{\"@type\":\"ImageObject\",\"url\":\"https:\\\/\\\/candas365.es\\\/noticias\\\/wp-content\\\/uploads\\\/2015\\\/09\\\/c365noticias.jpg\",\"@id\":\"https:\\\/\\\/candas365.es\\\/noticias\\\/berlin-tendra-un-banco-de-datos-sobre-corrientes-refugiados-en-el-mundo\\\/#mainImage\",\"width\":655,\"height\":360},\"primaryImageOfPage\":{\"@id\":\"https:\\\/\\\/candas365.es\\\/noticias\\\/berlin-tendra-un-banco-de-datos-sobre-corrientes-refugiados-en-el-mundo\\\/#mainImage\"},\"datePublished\":\"2016-07-12T20:50:47+02:00\",\"dateModified\":\"2016-07-12T20:50:47+02:00\"},{\"@type\":\"WebSite\",\"@id\":\"https:\\\/\\\/candas365.es\\\/noticias\\\/#website\",\"url\":\"https:\\\/\\\/candas365.es\\\/noticias\\\/\",\"name\":\"Cand\\u00e1s 365\",\"alternateName\":\"Cand\\u00e1s 365 Noticias\",\"description\":\"Actualidad desde Carre\\u00f1o para el mundo\",\"inLanguage\":\"es-ES\",\"publisher\":{\"@id\":\"https:\\\/\\\/candas365.es\\\/noticias\\\/#organization\"}}]}\n\t\t<\/script>\n\t\t<!-- All in One SEO Pro -->\r\n\t\t<title>Berl\u00edn tendr\u00e1 un banco de datos sobre corrientes refugiados en el mundo | Cand\u00e1s 365<\/title>\n\n","aioseo_head_json":{"title":"Berl\u00edn tendr\u00e1 un banco de datos sobre corrientes refugiados en el mundo | Cand\u00e1s 365","description":"Berl\u00edn, 12 jul (dpa) - La Comunidad Internacional quiere avanzar en sus esfuerzos para luchar contra la crisis de refugiados con ayuda de un nuevo banco de datos en el que se registrar\u00e1n los movimientos de los refugiados alrededor del mundo y campa\u00f1as de informaci\u00f3n en los pa\u00edses en crisis, seg\u00fan se acord\u00f3 hoy en","canonical_url":"https:\/\/candas365.es\/noticias\/berlin-tendra-un-banco-de-datos-sobre-corrientes-refugiados-en-el-mundo\/","robots":"max-image-preview:large","keywords":"actualidad","webmasterTools":{"google-site-verification":"UA-32230408-1","msvalidate.01":"354F3CDFB2DA171B47FBE9ABF1F88D5","miscellaneous":""},"schema":{"@context":"https:\/\/schema.org","@graph":[{"@type":"BreadcrumbList","@id":"https:\/\/candas365.es\/noticias\/berlin-tendra-un-banco-de-datos-sobre-corrientes-refugiados-en-el-mundo\/#breadcrumblist","itemListElement":[{"@type":"ListItem","@id":"https:\/\/candas365.es\/noticias#listItem","position":1,"name":"Home","item":"https:\/\/candas365.es\/noticias","nextItem":{"@type":"ListItem","@id":"https:\/\/candas365.es\/noticias\/category\/actualidad\/#listItem","name":"Actualidad"}},{"@type":"ListItem","@id":"https:\/\/candas365.es\/noticias\/category\/actualidad\/#listItem","position":2,"name":"Actualidad","item":"https:\/\/candas365.es\/noticias\/category\/actualidad\/","nextItem":{"@type":"ListItem","@id":"https:\/\/candas365.es\/noticias\/berlin-tendra-un-banco-de-datos-sobre-corrientes-refugiados-en-el-mundo\/#listItem","name":"Berl\u00edn tendr\u00e1 un banco de datos sobre corrientes refugiados en el mundo"},"previousItem":{"@type":"ListItem","@id":"https:\/\/candas365.es\/noticias#listItem","name":"Home"}},{"@type":"ListItem","@id":"https:\/\/candas365.es\/noticias\/berlin-tendra-un-banco-de-datos-sobre-corrientes-refugiados-en-el-mundo\/#listItem","position":3,"name":"Berl\u00edn tendr\u00e1 un banco de datos sobre corrientes refugiados en el mundo","previousItem":{"@type":"ListItem","@id":"https:\/\/candas365.es\/noticias\/category\/actualidad\/#listItem","name":"Actualidad"}}]},{"@type":"NewsArticle","@id":"https:\/\/candas365.es\/noticias\/berlin-tendra-un-banco-de-datos-sobre-corrientes-refugiados-en-el-mundo\/#newsarticle","name":"Berl\u00edn tendr\u00e1 un banco de datos sobre corrientes refugiados en el mundo | Cand\u00e1s 365","headline":"Berl\u00edn tendr\u00e1 un banco de datos sobre corrientes refugiados en el mundo","author":{"@id":"https:\/\/candas365.es\/noticias\/author\/admin\/#author"},"publisher":{"@id":"https:\/\/candas365.es\/noticias\/#organization"},"image":{"@type":"ImageObject","url":"https:\/\/candas365.es\/noticias\/wp-content\/uploads\/2015\/09\/c365noticias.jpg","width":655,"height":360},"datePublished":"2016-07-12T20:50:47+02:00","dateModified":"2016-07-12T20:50:47+02:00","inLanguage":"es-ES","mainEntityOfPage":{"@id":"https:\/\/candas365.es\/noticias\/berlin-tendra-un-banco-de-datos-sobre-corrientes-refugiados-en-el-mundo\/#webpage"},"isPartOf":{"@id":"https:\/\/candas365.es\/noticias\/berlin-tendra-un-banco-de-datos-sobre-corrientes-refugiados-en-el-mundo\/#webpage"},"articleSection":"Actualidad","dateline":"Publicado el julio 12, 2016."},{"@type":"Organization","@id":"https:\/\/candas365.es\/noticias\/#organization","name":"Cand\u00e1s 365","description":"Cand\u00e1s 365 es un diario digital independiente, fundado en 2012, con base en Asturias. Informamos con rigor sobre actualidad, sociedad, cultura y ocio, con una mirada local y global.","url":"https:\/\/candas365.es\/noticias\/","email":"info@candas365.es","telephone":"+34652131393","foundingDate":"2012-06-10","logo":{"@type":"ImageObject","url":"https:\/\/candas365.es\/noticias\/wp-content\/uploads\/2024\/09\/Candas-365-Redes.jpg","@id":"https:\/\/candas365.es\/noticias\/berlin-tendra-un-banco-de-datos-sobre-corrientes-refugiados-en-el-mundo\/#organizationLogo","width":1152,"height":864,"caption":"Cand\u00e1s 365 Redes"},"image":{"@id":"https:\/\/candas365.es\/noticias\/berlin-tendra-un-banco-de-datos-sobre-corrientes-refugiados-en-el-mundo\/#organizationLogo"},"sameAs":["https:\/\/www.facebook.com\/Nachofdezber","https:\/\/x.com\/NabercoDigital","https:\/\/www.instagram.com\/nachofdezber\/","https:\/\/www.youtube.com\/channel\/UCZP-2wLEB9Rv6erhFmqVnvg"],"address":{"@id":"https:\/\/candas365.es\/noticias\/#postaladdress","@type":"PostalAddress","streetAddress":"san antonio 4, san antonio 4","postalCode":"33430","addressLocality":"Cand\u00e1s","addressRegion":"Asturias","addressCountry":"ES"}},{"@type":"Person","@id":"https:\/\/candas365.es\/noticias\/author\/admin\/#author","url":"https:\/\/candas365.es\/noticias\/author\/admin\/","name":"Cand\u00e1s 365","image":{"@type":"ImageObject","@id":"https:\/\/candas365.es\/noticias\/berlin-tendra-un-banco-de-datos-sobre-corrientes-refugiados-en-el-mundo\/#authorImage","url":"https:\/\/secure.gravatar.com\/avatar\/496a8e03d0c493ede1718b7934145dbdf8d89be1036b0eec9544e1094c9de390?s=96&d=mm&r=g","width":96,"height":96,"caption":"Cand\u00e1s 365"},"sameAs":["https:\/\/www.facebook.com\/carrenoactualidad","https:\/\/twitter.com\/nbasturias","https:\/\/www.instagram.com\/nachofdezber\/","https:\/\/www.youtube.com\/channel\/UCZP-2wLEB9Rv6erhFmqVnvg"]},{"@type":"WebPage","@id":"https:\/\/candas365.es\/noticias\/berlin-tendra-un-banco-de-datos-sobre-corrientes-refugiados-en-el-mundo\/#webpage","url":"https:\/\/candas365.es\/noticias\/berlin-tendra-un-banco-de-datos-sobre-corrientes-refugiados-en-el-mundo\/","name":"Berl\u00edn tendr\u00e1 un banco de datos sobre corrientes refugiados en el mundo | Cand\u00e1s 365","description":"Berl\u00edn, 12 jul (dpa) - La Comunidad Internacional quiere avanzar en sus esfuerzos para luchar contra la crisis de refugiados con ayuda de un nuevo banco de datos en el que se registrar\u00e1n los movimientos de los refugiados alrededor del mundo y campa\u00f1as de informaci\u00f3n en los pa\u00edses en crisis, seg\u00fan se acord\u00f3 hoy en","inLanguage":"es-ES","isPartOf":{"@id":"https:\/\/candas365.es\/noticias\/#website"},"breadcrumb":{"@id":"https:\/\/candas365.es\/noticias\/berlin-tendra-un-banco-de-datos-sobre-corrientes-refugiados-en-el-mundo\/#breadcrumblist"},"author":{"@id":"https:\/\/candas365.es\/noticias\/author\/admin\/#author"},"creator":{"@id":"https:\/\/candas365.es\/noticias\/author\/admin\/#author"},"image":{"@type":"ImageObject","url":"https:\/\/candas365.es\/noticias\/wp-content\/uploads\/2015\/09\/c365noticias.jpg","@id":"https:\/\/candas365.es\/noticias\/berlin-tendra-un-banco-de-datos-sobre-corrientes-refugiados-en-el-mundo\/#mainImage","width":655,"height":360},"primaryImageOfPage":{"@id":"https:\/\/candas365.es\/noticias\/berlin-tendra-un-banco-de-datos-sobre-corrientes-refugiados-en-el-mundo\/#mainImage"},"datePublished":"2016-07-12T20:50:47+02:00","dateModified":"2016-07-12T20:50:47+02:00"},{"@type":"WebSite","@id":"https:\/\/candas365.es\/noticias\/#website","url":"https:\/\/candas365.es\/noticias\/","name":"Cand\u00e1s 365","alternateName":"Cand\u00e1s 365 Noticias","description":"Actualidad desde Carre\u00f1o para el mundo","inLanguage":"es-ES","publisher":{"@id":"https:\/\/candas365.es\/noticias\/#organization"}}]},"og:locale":"es_ES","og:site_name":"Cand\u00e1s 365","og:type":"article","og:title":"Berl\u00edn tendr\u00e1 un banco de datos sobre corrientes refugiados en el mundo | Cand\u00e1s 365","og:description":"Berl\u00edn, 12 jul (dpa) - La Comunidad Internacional quiere avanzar en sus esfuerzos para luchar contra la crisis de refugiados con ayuda de un nuevo banco de datos en el que se registrar\u00e1n los movimientos de los refugiados alrededor del mundo y campa\u00f1as de informaci\u00f3n en los pa\u00edses en crisis, seg\u00fan se acord\u00f3 hoy en","og:url":"https:\/\/candas365.es\/noticias\/berlin-tendra-un-banco-de-datos-sobre-corrientes-refugiados-en-el-mundo\/","og:image":"https:\/\/candas365.es\/noticias\/wp-content\/uploads\/2015\/09\/c365noticias.jpg","og:image:secure_url":"https:\/\/candas365.es\/noticias\/wp-content\/uploads\/2015\/09\/c365noticias.jpg","og:image:width":655,"og:image:height":360,"article:published_time":"2016-07-12T19:20:47+00:00","article:modified_time":"2016-07-12T19:20:47+00:00","article:publisher":"https:\/\/www.facebook.com\/Nachofdezber","article:author":"https:\/\/www.facebook.com\/carrenoactualidad","twitter:card":"summary_large_image","twitter:site":"@NabercoDigital","twitter:title":"Berl\u00edn tendr\u00e1 un banco de datos sobre corrientes refugiados en el mundo | Cand\u00e1s 365","twitter:description":"Berl\u00edn, 12 jul (dpa) - La Comunidad Internacional quiere avanzar en sus esfuerzos para luchar contra la crisis de refugiados con ayuda de un nuevo banco de datos en el que se registrar\u00e1n los movimientos de los refugiados alrededor del mundo y campa\u00f1as de informaci\u00f3n en los pa\u00edses en crisis, seg\u00fan se acord\u00f3 hoy en","twitter:creator":"@nbasturias","twitter:image":"https:\/\/candas365.es\/noticias\/wp-content\/uploads\/2015\/09\/c365noticias.jpg","twitter:label1":"Escrito por","twitter:data1":"Cand\u00e1s 365","twitter:label2":"Tiempo de lectura estimado","twitter:data2":"3 minutos"},"aioseo_meta_data":{"post_id":"31895","title":null,"description":null,"keywords":null,"keyphrases":null,"primary_term":null,"canonical_url":null,"og_title":null,"og_description":null,"og_object_type":"default","og_image_type":"default","og_image_url":null,"og_image_width":null,"og_image_height":null,"og_image_custom_url":null,"og_image_custom_fields":null,"og_video":null,"og_custom_url":null,"og_article_section":null,"og_article_tags":null,"twitter_use_og":false,"twitter_card":"default","twitter_image_type":"default","twitter_image_url":null,"twitter_image_custom_url":null,"twitter_image_custom_fields":null,"twitter_title":null,"twitter_description":null,"schema":{"blockGraphs":[],"customGraphs":[],"default":{"data":{"Article":[],"Course":[],"Dataset":[],"FAQPage":[],"Movie":[],"Person":[],"Product":[],"ProductReview":[],"Car":[],"Recipe":[],"Service":[],"SoftwareApplication":[],"WebPage":[]},"graphName":"","isEnabled":true},"graphs":[],"defaultGraph":"","defaultPostTypeGraph":""},"schema_type":null,"schema_type_options":null,"pillar_content":false,"robots_default":true,"robots_noindex":false,"robots_noarchive":false,"robots_nosnippet":false,"robots_nofollow":false,"robots_noimageindex":false,"robots_noodp":false,"robots_notranslate":false,"robots_max_snippet":null,"robots_max_videopreview":null,"robots_max_imagepreview":"large","priority":null,"frequency":null,"location":null,"local_seo":null,"seo_analyzer_scan_date":"2025-08-24 14:34:12","breadcrumb_settings":null,"limit_modified_date":false,"reviewed_by":null,"open_ai":null,"ai":null,"created":"2020-12-21 13:02:04","updated":"2025-08-24 14:34:12"},"aioseo_breadcrumb":"<div class=\"aioseo-breadcrumbs\"><span class=\"aioseo-breadcrumb\">\n\t<a href=\"https:\/\/candas365.es\/noticias\" title=\"Home\">Home<\/a>\n<\/span><span class=\"aioseo-breadcrumb-separator\">&ndash;<\/span><span class=\"aioseo-breadcrumb\">\n\t<a href=\"https:\/\/candas365.es\/noticias\/category\/actualidad\/\" title=\"Actualidad\">Actualidad<\/a>\n<\/span><span class=\"aioseo-breadcrumb-separator\">&ndash;<\/span><span class=\"aioseo-breadcrumb\">\n\tBerl\u00edn tendr\u00e1 un banco de datos sobre corrientes refugiados en el mundo\n<\/span><\/div>","aioseo_breadcrumb_json":[{"label":"Home","link":"https:\/\/candas365.es\/noticias"},{"label":"Actualidad","link":"https:\/\/candas365.es\/noticias\/category\/actualidad\/"},{"label":"Berl\u00edn tendr\u00e1 un banco de datos sobre corrientes refugiados en el mundo","link":"https:\/\/candas365.es\/noticias\/berlin-tendra-un-banco-de-datos-sobre-corrientes-refugiados-en-el-mundo\/"}],"_links":{"self":[{"href":"https:\/\/candas365.es\/noticias\/wp-json\/wp\/v2\/posts\/31895","targetHints":{"allow":["GET"]}}],"collection":[{"href":"https:\/\/candas365.es\/noticias\/wp-json\/wp\/v2\/posts"}],"about":[{"href":"https:\/\/candas365.es\/noticias\/wp-json\/wp\/v2\/types\/post"}],"author":[{"embeddable":true,"href":"https:\/\/candas365.es\/noticias\/wp-json\/wp\/v2\/users\/1"}],"replies":[{"embeddable":true,"href":"https:\/\/candas365.es\/noticias\/wp-json\/wp\/v2\/comments?post=31895"}],"version-history":[{"count":0,"href":"https:\/\/candas365.es\/noticias\/wp-json\/wp\/v2\/posts\/31895\/revisions"}],"wp:featuredmedia":[{"embeddable":true,"href":"https:\/\/candas365.es\/noticias\/wp-json\/wp\/v2\/media\/16457"}],"wp:attachment":[{"href":"https:\/\/candas365.es\/noticias\/wp-json\/wp\/v2\/media?parent=31895"}],"wp:term":[{"taxonomy":"category","embeddable":true,"href":"https:\/\/candas365.es\/noticias\/wp-json\/wp\/v2\/categories?post=31895"},{"taxonomy":"post_tag","embeddable":true,"href":"https:\/\/candas365.es\/noticias\/wp-json\/wp\/v2\/tags?post=31895"}],"curies":[{"name":"wp","href":"https:\/\/api.w.org\/{rel}","templated":true}]}}