{"id":31893,"date":"2016-07-12T20:49:41","date_gmt":"2016-07-12T19:19:41","guid":{"rendered":"http:\/\/candas365.es\/noticias\/?p=31893"},"modified":"2016-07-12T20:49:41","modified_gmt":"2016-07-12T19:19:41","slug":"bmw-incrementa-las-ventas-en-primer-semestre-del-ano-en-un-58-por-ciento","status":"publish","type":"post","link":"https:\/\/candas365.es\/noticias\/bmw-incrementa-las-ventas-en-primer-semestre-del-ano-en-un-58-por-ciento\/","title":{"rendered":"BMW incrementa las ventas en primer semestre del a\u00f1o en un 5,8 por ciento"},"content":{"rendered":"<p>M\u00fanich, 12 jul (dpa) &#8211; BMW vendi\u00f3 en el primer semestre del a\u00f1o 1,163 millones de autom\u00f3viles, lo que supone un 5,8 por ciento m\u00e1s que hace un a\u00f1o, gracias a la fuerte demanda registrada en Europa y China, seg\u00fan datos publicados hoy por la automotriz alemana. <\/p>\n<p>En junio, el volumen de ventas se increment\u00f3 incluso en m\u00e1s de un nueve por ciento. A pesar de las dif\u00edciles condiciones en algunos mercados, el grupo BMW crece de manera sostenible y lucrativa, indic\u00f3 el jefe de distribuci\u00f3n, Ian Robertson. <\/p>\n<p>Sin embargo, el negocio estadounidense sigue siendo motivo de preocupaci\u00f3n en la empresa alemana, con una ca\u00edda de las ventas en junio de casi un 12 por ciento. <\/p>\n<p>BMW pudo hacer frente a esta ca\u00edda con el crecimiento experimentado en Europa y Asia. En Europa, la cifra de ventas subi\u00f3 en junio un 15 por ciento, hasta los cerca de 110.000 autom\u00f3viles, que supone casi la mitad de las ventas en ese mes en todo el mundo. En China aumentaron las ventas un 12,8 por ciento, hasta los 45.000 coches. <\/p>\n<p>En comparaci\u00f3n con otras automotrices, BMW se situ\u00f3 por delante de Mercedes, que registr\u00f3 en el primer semestre del a\u00f1o unas ventas de 1,08 millones de autom\u00f3viles de veh\u00edculos Mercedes Benz y Smart. Por su parte, Audi vendi\u00f3 953.000 autom\u00f3viles.<\/p>\n","protected":false},"excerpt":{"rendered":"<p>M\u00fanich, 12 jul (dpa) &#8211; BMW vendi\u00f3 en el primer semestre del a\u00f1o 1,163 millones de autom\u00f3viles, lo que supone un 5,8 por ciento m\u00e1s que hace un a\u00f1o, gracias a la fuerte demanda registrada en Europa y China, seg\u00fan datos publicados hoy por la automotriz alemana. En junio, el volumen de ventas se increment\u00f3<\/p>\n","protected":false},"author":1,"featured_media":11776,"comment_status":"closed","ping_status":"closed","sticky":false,"template":"","format":"standard","meta":{"footnotes":""},"categories":[343],"tags":[],"class_list":{"0":"post-31893","1":"post","2":"type-post","3":"status-publish","4":"format-standard","5":"has-post-thumbnail","7":"category-actualidad"},"aioseo_notices":[],"aioseo_head":"\n\t\t<!-- All in One SEO Pro 4.9.6.2 - aioseo.com -->\n\t<meta name=\"description\" content=\"M\u00fanich, 12 jul (dpa) - BMW vendi\u00f3 en el primer semestre del a\u00f1o 1,163 millones de autom\u00f3viles, lo que supone un 5,8 por ciento m\u00e1s que hace un a\u00f1o, gracias a la fuerte demanda registrada en Europa y China, seg\u00fan datos publicados hoy por la automotriz alemana. En junio, el volumen de ventas se increment\u00f3\" \/>\n\t<meta name=\"robots\" content=\"max-image-preview:large\" \/>\n\t<meta name=\"author\" content=\"Cand\u00e1s 365\"\/>\n\t<meta name=\"google-site-verification\" content=\"UA-32230408-1\" \/>\n\t<meta name=\"msvalidate.01\" content=\"354F3CDFB2DA171B47FBE9ABF1F88D5\" \/>\n\t<meta name=\"keywords\" content=\"actualidad\" \/>\n\t<link rel=\"canonical\" href=\"https:\/\/candas365.es\/noticias\/bmw-incrementa-las-ventas-en-primer-semestre-del-ano-en-un-58-por-ciento\/\" \/>\n\t<meta name=\"generator\" content=\"All in One SEO Pro (AIOSEO) 4.9.6.2\" \/>\n\t\t<meta property=\"og:locale\" content=\"es_ES\" \/>\n\t\t<meta property=\"og:site_name\" content=\"Cand\u00e1s 365\" \/>\n\t\t<meta property=\"og:type\" content=\"article\" \/>\n\t\t<meta property=\"og:title\" content=\"BMW incrementa las ventas en primer semestre del a\u00f1o en un 5,8 por ciento | Cand\u00e1s 365\" \/>\n\t\t<meta property=\"og:description\" content=\"M\u00fanich, 12 jul (dpa) - BMW vendi\u00f3 en el primer semestre del a\u00f1o 1,163 millones de autom\u00f3viles, lo que supone un 5,8 por ciento m\u00e1s que hace un a\u00f1o, gracias a la fuerte demanda registrada en Europa y China, seg\u00fan datos publicados hoy por la automotriz alemana. En junio, el volumen de ventas se increment\u00f3\" \/>\n\t\t<meta property=\"og:url\" content=\"https:\/\/candas365.es\/noticias\/bmw-incrementa-las-ventas-en-primer-semestre-del-ano-en-un-58-por-ciento\/\" \/>\n\t\t<meta property=\"og:image\" content=\"https:\/\/candas365.es\/noticias\/wp-content\/uploads\/2015\/06\/carretera.jpg\" \/>\n\t\t<meta property=\"og:image:secure_url\" content=\"https:\/\/candas365.es\/noticias\/wp-content\/uploads\/2015\/06\/carretera.jpg\" \/>\n\t\t<meta property=\"og:image:width\" content=\"655\" \/>\n\t\t<meta property=\"og:image:height\" content=\"360\" \/>\n\t\t<meta property=\"article:published_time\" content=\"2016-07-12T19:19:41+00:00\" \/>\n\t\t<meta property=\"article:modified_time\" content=\"2016-07-12T19:19:41+00:00\" \/>\n\t\t<meta property=\"article:publisher\" content=\"https:\/\/www.facebook.com\/Nachofdezber\" \/>\n\t\t<meta property=\"article:author\" content=\"https:\/\/www.facebook.com\/carrenoactualidad\" \/>\n\t\t<meta name=\"twitter:card\" content=\"summary_large_image\" \/>\n\t\t<meta name=\"twitter:site\" content=\"@NabercoDigital\" \/>\n\t\t<meta name=\"twitter:title\" content=\"BMW incrementa las ventas en primer semestre del a\u00f1o en un 5,8 por ciento | Cand\u00e1s 365\" \/>\n\t\t<meta name=\"twitter:description\" content=\"M\u00fanich, 12 jul (dpa) - BMW vendi\u00f3 en el primer semestre del a\u00f1o 1,163 millones de autom\u00f3viles, lo que supone un 5,8 por ciento m\u00e1s que hace un a\u00f1o, gracias a la fuerte demanda registrada en Europa y China, seg\u00fan datos publicados hoy por la automotriz alemana. En junio, el volumen de ventas se increment\u00f3\" \/>\n\t\t<meta name=\"twitter:creator\" content=\"@nbasturias\" \/>\n\t\t<meta name=\"twitter:image\" content=\"https:\/\/candas365.es\/noticias\/wp-content\/uploads\/2015\/06\/carretera.jpg\" \/>\n\t\t<meta name=\"twitter:label1\" content=\"Escrito por\" \/>\n\t\t<meta name=\"twitter:data1\" content=\"Cand\u00e1s 365\" \/>\n\t\t<meta name=\"twitter:label2\" content=\"Tiempo de lectura estimado\" \/>\n\t\t<meta name=\"twitter:data2\" content=\"1 minuto\" \/>\n\t\t<script type=\"application\/ld+json\" class=\"aioseo-schema\">\n\t\t\t{\"@context\":\"https:\\\/\\\/schema.org\",\"@graph\":[{\"@type\":\"BreadcrumbList\",\"@id\":\"https:\\\/\\\/candas365.es\\\/noticias\\\/bmw-incrementa-las-ventas-en-primer-semestre-del-ano-en-un-58-por-ciento\\\/#breadcrumblist\",\"itemListElement\":[{\"@type\":\"ListItem\",\"@id\":\"https:\\\/\\\/candas365.es\\\/noticias#listItem\",\"position\":1,\"name\":\"Home\",\"item\":\"https:\\\/\\\/candas365.es\\\/noticias\",\"nextItem\":{\"@type\":\"ListItem\",\"@id\":\"https:\\\/\\\/candas365.es\\\/noticias\\\/category\\\/actualidad\\\/#listItem\",\"name\":\"Actualidad\"}},{\"@type\":\"ListItem\",\"@id\":\"https:\\\/\\\/candas365.es\\\/noticias\\\/category\\\/actualidad\\\/#listItem\",\"position\":2,\"name\":\"Actualidad\",\"item\":\"https:\\\/\\\/candas365.es\\\/noticias\\\/category\\\/actualidad\\\/\",\"nextItem\":{\"@type\":\"ListItem\",\"@id\":\"https:\\\/\\\/candas365.es\\\/noticias\\\/bmw-incrementa-las-ventas-en-primer-semestre-del-ano-en-un-58-por-ciento\\\/#listItem\",\"name\":\"BMW incrementa las ventas en primer semestre del a\\u00f1o en un 5,8 por ciento\"},\"previousItem\":{\"@type\":\"ListItem\",\"@id\":\"https:\\\/\\\/candas365.es\\\/noticias#listItem\",\"name\":\"Home\"}},{\"@type\":\"ListItem\",\"@id\":\"https:\\\/\\\/candas365.es\\\/noticias\\\/bmw-incrementa-las-ventas-en-primer-semestre-del-ano-en-un-58-por-ciento\\\/#listItem\",\"position\":3,\"name\":\"BMW incrementa las ventas en primer semestre del a\\u00f1o en un 5,8 por ciento\",\"previousItem\":{\"@type\":\"ListItem\",\"@id\":\"https:\\\/\\\/candas365.es\\\/noticias\\\/category\\\/actualidad\\\/#listItem\",\"name\":\"Actualidad\"}}]},{\"@type\":\"NewsArticle\",\"@id\":\"https:\\\/\\\/candas365.es\\\/noticias\\\/bmw-incrementa-las-ventas-en-primer-semestre-del-ano-en-un-58-por-ciento\\\/#newsarticle\",\"name\":\"BMW incrementa las ventas en primer semestre del a\\u00f1o en un 5,8 por ciento | Cand\\u00e1s 365\",\"headline\":\"BMW incrementa las ventas en primer semestre del a\\u00f1o en un 5,8 por ciento\",\"author\":{\"@id\":\"https:\\\/\\\/candas365.es\\\/noticias\\\/author\\\/admin\\\/#author\"},\"publisher\":{\"@id\":\"https:\\\/\\\/candas365.es\\\/noticias\\\/#organization\"},\"image\":{\"@type\":\"ImageObject\",\"url\":\"https:\\\/\\\/candas365.es\\\/noticias\\\/wp-content\\\/uploads\\\/2015\\\/06\\\/carretera.jpg\",\"width\":655,\"height\":360},\"datePublished\":\"2016-07-12T20:49:41+02:00\",\"dateModified\":\"2016-07-12T20:49:41+02:00\",\"inLanguage\":\"es-ES\",\"mainEntityOfPage\":{\"@id\":\"https:\\\/\\\/candas365.es\\\/noticias\\\/bmw-incrementa-las-ventas-en-primer-semestre-del-ano-en-un-58-por-ciento\\\/#webpage\"},\"isPartOf\":{\"@id\":\"https:\\\/\\\/candas365.es\\\/noticias\\\/bmw-incrementa-las-ventas-en-primer-semestre-del-ano-en-un-58-por-ciento\\\/#webpage\"},\"articleSection\":\"Actualidad\",\"dateline\":\"Publicado el julio 12, 2016.\"},{\"@type\":\"Organization\",\"@id\":\"https:\\\/\\\/candas365.es\\\/noticias\\\/#organization\",\"name\":\"Cand\\u00e1s 365\",\"description\":\"Cand\\u00e1s 365 es un diario digital independiente, fundado en 2012, con base en Asturias. Informamos con rigor sobre actualidad, sociedad, cultura y ocio, con una mirada local y global.\",\"url\":\"https:\\\/\\\/candas365.es\\\/noticias\\\/\",\"email\":\"info@candas365.es\",\"telephone\":\"+34652131393\",\"foundingDate\":\"2012-06-10\",\"logo\":{\"@type\":\"ImageObject\",\"url\":\"https:\\\/\\\/candas365.es\\\/noticias\\\/wp-content\\\/uploads\\\/2024\\\/09\\\/Candas-365-Redes.jpg\",\"@id\":\"https:\\\/\\\/candas365.es\\\/noticias\\\/bmw-incrementa-las-ventas-en-primer-semestre-del-ano-en-un-58-por-ciento\\\/#organizationLogo\",\"width\":1152,\"height\":864,\"caption\":\"Cand\\u00e1s 365 Redes\"},\"image\":{\"@id\":\"https:\\\/\\\/candas365.es\\\/noticias\\\/bmw-incrementa-las-ventas-en-primer-semestre-del-ano-en-un-58-por-ciento\\\/#organizationLogo\"},\"sameAs\":[\"https:\\\/\\\/www.facebook.com\\\/Nachofdezber\",\"https:\\\/\\\/x.com\\\/NabercoDigital\",\"https:\\\/\\\/www.instagram.com\\\/nachofdezber\\\/\",\"https:\\\/\\\/www.youtube.com\\\/channel\\\/UCZP-2wLEB9Rv6erhFmqVnvg\"],\"address\":{\"@id\":\"https:\\\/\\\/candas365.es\\\/noticias\\\/#postaladdress\",\"@type\":\"PostalAddress\",\"streetAddress\":\"san antonio 4, san antonio 4\",\"postalCode\":\"33430\",\"addressLocality\":\"Cand\\u00e1s\",\"addressRegion\":\"Asturias\",\"addressCountry\":\"ES\"}},{\"@type\":\"Person\",\"@id\":\"https:\\\/\\\/candas365.es\\\/noticias\\\/author\\\/admin\\\/#author\",\"url\":\"https:\\\/\\\/candas365.es\\\/noticias\\\/author\\\/admin\\\/\",\"name\":\"Cand\\u00e1s 365\",\"image\":{\"@type\":\"ImageObject\",\"@id\":\"https:\\\/\\\/candas365.es\\\/noticias\\\/bmw-incrementa-las-ventas-en-primer-semestre-del-ano-en-un-58-por-ciento\\\/#authorImage\",\"url\":\"https:\\\/\\\/secure.gravatar.com\\\/avatar\\\/496a8e03d0c493ede1718b7934145dbdf8d89be1036b0eec9544e1094c9de390?s=96&d=mm&r=g\",\"width\":96,\"height\":96,\"caption\":\"Cand\\u00e1s 365\"},\"sameAs\":[\"https:\\\/\\\/www.facebook.com\\\/carrenoactualidad\",\"https:\\\/\\\/twitter.com\\\/nbasturias\",\"https:\\\/\\\/www.instagram.com\\\/nachofdezber\\\/\",\"https:\\\/\\\/www.youtube.com\\\/channel\\\/UCZP-2wLEB9Rv6erhFmqVnvg\"]},{\"@type\":\"WebPage\",\"@id\":\"https:\\\/\\\/candas365.es\\\/noticias\\\/bmw-incrementa-las-ventas-en-primer-semestre-del-ano-en-un-58-por-ciento\\\/#webpage\",\"url\":\"https:\\\/\\\/candas365.es\\\/noticias\\\/bmw-incrementa-las-ventas-en-primer-semestre-del-ano-en-un-58-por-ciento\\\/\",\"name\":\"BMW incrementa las ventas en primer semestre del a\\u00f1o en un 5,8 por ciento | Cand\\u00e1s 365\",\"description\":\"M\\u00fanich, 12 jul (dpa) - BMW vendi\\u00f3 en el primer semestre del a\\u00f1o 1,163 millones de autom\\u00f3viles, lo que supone un 5,8 por ciento m\\u00e1s que hace un a\\u00f1o, gracias a la fuerte demanda registrada en Europa y China, seg\\u00fan datos publicados hoy por la automotriz alemana. En junio, el volumen de ventas se increment\\u00f3\",\"inLanguage\":\"es-ES\",\"isPartOf\":{\"@id\":\"https:\\\/\\\/candas365.es\\\/noticias\\\/#website\"},\"breadcrumb\":{\"@id\":\"https:\\\/\\\/candas365.es\\\/noticias\\\/bmw-incrementa-las-ventas-en-primer-semestre-del-ano-en-un-58-por-ciento\\\/#breadcrumblist\"},\"author\":{\"@id\":\"https:\\\/\\\/candas365.es\\\/noticias\\\/author\\\/admin\\\/#author\"},\"creator\":{\"@id\":\"https:\\\/\\\/candas365.es\\\/noticias\\\/author\\\/admin\\\/#author\"},\"image\":{\"@type\":\"ImageObject\",\"url\":\"https:\\\/\\\/candas365.es\\\/noticias\\\/wp-content\\\/uploads\\\/2015\\\/06\\\/carretera.jpg\",\"@id\":\"https:\\\/\\\/candas365.es\\\/noticias\\\/bmw-incrementa-las-ventas-en-primer-semestre-del-ano-en-un-58-por-ciento\\\/#mainImage\",\"width\":655,\"height\":360},\"primaryImageOfPage\":{\"@id\":\"https:\\\/\\\/candas365.es\\\/noticias\\\/bmw-incrementa-las-ventas-en-primer-semestre-del-ano-en-un-58-por-ciento\\\/#mainImage\"},\"datePublished\":\"2016-07-12T20:49:41+02:00\",\"dateModified\":\"2016-07-12T20:49:41+02:00\"},{\"@type\":\"WebSite\",\"@id\":\"https:\\\/\\\/candas365.es\\\/noticias\\\/#website\",\"url\":\"https:\\\/\\\/candas365.es\\\/noticias\\\/\",\"name\":\"Cand\\u00e1s 365\",\"alternateName\":\"Cand\\u00e1s 365 Noticias\",\"description\":\"Actualidad desde Carre\\u00f1o para el mundo\",\"inLanguage\":\"es-ES\",\"publisher\":{\"@id\":\"https:\\\/\\\/candas365.es\\\/noticias\\\/#organization\"}}]}\n\t\t<\/script>\n\t\t<!-- All in One SEO Pro -->\r\n\t\t<title>BMW incrementa las ventas en primer semestre del a\u00f1o en un 5,8 por ciento | Cand\u00e1s 365<\/title>\n\n","aioseo_head_json":{"title":"BMW incrementa las ventas en primer semestre del a\u00f1o en un 5,8 por ciento | Cand\u00e1s 365","description":"M\u00fanich, 12 jul (dpa) - BMW vendi\u00f3 en el primer semestre del a\u00f1o 1,163 millones de autom\u00f3viles, lo que supone un 5,8 por ciento m\u00e1s que hace un a\u00f1o, gracias a la fuerte demanda registrada en Europa y China, seg\u00fan datos publicados hoy por la automotriz alemana. En junio, el volumen de ventas se increment\u00f3","canonical_url":"https:\/\/candas365.es\/noticias\/bmw-incrementa-las-ventas-en-primer-semestre-del-ano-en-un-58-por-ciento\/","robots":"max-image-preview:large","keywords":"actualidad","webmasterTools":{"google-site-verification":"UA-32230408-1","msvalidate.01":"354F3CDFB2DA171B47FBE9ABF1F88D5","miscellaneous":""},"schema":{"@context":"https:\/\/schema.org","@graph":[{"@type":"BreadcrumbList","@id":"https:\/\/candas365.es\/noticias\/bmw-incrementa-las-ventas-en-primer-semestre-del-ano-en-un-58-por-ciento\/#breadcrumblist","itemListElement":[{"@type":"ListItem","@id":"https:\/\/candas365.es\/noticias#listItem","position":1,"name":"Home","item":"https:\/\/candas365.es\/noticias","nextItem":{"@type":"ListItem","@id":"https:\/\/candas365.es\/noticias\/category\/actualidad\/#listItem","name":"Actualidad"}},{"@type":"ListItem","@id":"https:\/\/candas365.es\/noticias\/category\/actualidad\/#listItem","position":2,"name":"Actualidad","item":"https:\/\/candas365.es\/noticias\/category\/actualidad\/","nextItem":{"@type":"ListItem","@id":"https:\/\/candas365.es\/noticias\/bmw-incrementa-las-ventas-en-primer-semestre-del-ano-en-un-58-por-ciento\/#listItem","name":"BMW incrementa las ventas en primer semestre del a\u00f1o en un 5,8 por ciento"},"previousItem":{"@type":"ListItem","@id":"https:\/\/candas365.es\/noticias#listItem","name":"Home"}},{"@type":"ListItem","@id":"https:\/\/candas365.es\/noticias\/bmw-incrementa-las-ventas-en-primer-semestre-del-ano-en-un-58-por-ciento\/#listItem","position":3,"name":"BMW incrementa las ventas en primer semestre del a\u00f1o en un 5,8 por ciento","previousItem":{"@type":"ListItem","@id":"https:\/\/candas365.es\/noticias\/category\/actualidad\/#listItem","name":"Actualidad"}}]},{"@type":"NewsArticle","@id":"https:\/\/candas365.es\/noticias\/bmw-incrementa-las-ventas-en-primer-semestre-del-ano-en-un-58-por-ciento\/#newsarticle","name":"BMW incrementa las ventas en primer semestre del a\u00f1o en un 5,8 por ciento | Cand\u00e1s 365","headline":"BMW incrementa las ventas en primer semestre del a\u00f1o en un 5,8 por ciento","author":{"@id":"https:\/\/candas365.es\/noticias\/author\/admin\/#author"},"publisher":{"@id":"https:\/\/candas365.es\/noticias\/#organization"},"image":{"@type":"ImageObject","url":"https:\/\/candas365.es\/noticias\/wp-content\/uploads\/2015\/06\/carretera.jpg","width":655,"height":360},"datePublished":"2016-07-12T20:49:41+02:00","dateModified":"2016-07-12T20:49:41+02:00","inLanguage":"es-ES","mainEntityOfPage":{"@id":"https:\/\/candas365.es\/noticias\/bmw-incrementa-las-ventas-en-primer-semestre-del-ano-en-un-58-por-ciento\/#webpage"},"isPartOf":{"@id":"https:\/\/candas365.es\/noticias\/bmw-incrementa-las-ventas-en-primer-semestre-del-ano-en-un-58-por-ciento\/#webpage"},"articleSection":"Actualidad","dateline":"Publicado el julio 12, 2016."},{"@type":"Organization","@id":"https:\/\/candas365.es\/noticias\/#organization","name":"Cand\u00e1s 365","description":"Cand\u00e1s 365 es un diario digital independiente, fundado en 2012, con base en Asturias. Informamos con rigor sobre actualidad, sociedad, cultura y ocio, con una mirada local y global.","url":"https:\/\/candas365.es\/noticias\/","email":"info@candas365.es","telephone":"+34652131393","foundingDate":"2012-06-10","logo":{"@type":"ImageObject","url":"https:\/\/candas365.es\/noticias\/wp-content\/uploads\/2024\/09\/Candas-365-Redes.jpg","@id":"https:\/\/candas365.es\/noticias\/bmw-incrementa-las-ventas-en-primer-semestre-del-ano-en-un-58-por-ciento\/#organizationLogo","width":1152,"height":864,"caption":"Cand\u00e1s 365 Redes"},"image":{"@id":"https:\/\/candas365.es\/noticias\/bmw-incrementa-las-ventas-en-primer-semestre-del-ano-en-un-58-por-ciento\/#organizationLogo"},"sameAs":["https:\/\/www.facebook.com\/Nachofdezber","https:\/\/x.com\/NabercoDigital","https:\/\/www.instagram.com\/nachofdezber\/","https:\/\/www.youtube.com\/channel\/UCZP-2wLEB9Rv6erhFmqVnvg"],"address":{"@id":"https:\/\/candas365.es\/noticias\/#postaladdress","@type":"PostalAddress","streetAddress":"san antonio 4, san antonio 4","postalCode":"33430","addressLocality":"Cand\u00e1s","addressRegion":"Asturias","addressCountry":"ES"}},{"@type":"Person","@id":"https:\/\/candas365.es\/noticias\/author\/admin\/#author","url":"https:\/\/candas365.es\/noticias\/author\/admin\/","name":"Cand\u00e1s 365","image":{"@type":"ImageObject","@id":"https:\/\/candas365.es\/noticias\/bmw-incrementa-las-ventas-en-primer-semestre-del-ano-en-un-58-por-ciento\/#authorImage","url":"https:\/\/secure.gravatar.com\/avatar\/496a8e03d0c493ede1718b7934145dbdf8d89be1036b0eec9544e1094c9de390?s=96&d=mm&r=g","width":96,"height":96,"caption":"Cand\u00e1s 365"},"sameAs":["https:\/\/www.facebook.com\/carrenoactualidad","https:\/\/twitter.com\/nbasturias","https:\/\/www.instagram.com\/nachofdezber\/","https:\/\/www.youtube.com\/channel\/UCZP-2wLEB9Rv6erhFmqVnvg"]},{"@type":"WebPage","@id":"https:\/\/candas365.es\/noticias\/bmw-incrementa-las-ventas-en-primer-semestre-del-ano-en-un-58-por-ciento\/#webpage","url":"https:\/\/candas365.es\/noticias\/bmw-incrementa-las-ventas-en-primer-semestre-del-ano-en-un-58-por-ciento\/","name":"BMW incrementa las ventas en primer semestre del a\u00f1o en un 5,8 por ciento | Cand\u00e1s 365","description":"M\u00fanich, 12 jul (dpa) - BMW vendi\u00f3 en el primer semestre del a\u00f1o 1,163 millones de autom\u00f3viles, lo que supone un 5,8 por ciento m\u00e1s que hace un a\u00f1o, gracias a la fuerte demanda registrada en Europa y China, seg\u00fan datos publicados hoy por la automotriz alemana. En junio, el volumen de ventas se increment\u00f3","inLanguage":"es-ES","isPartOf":{"@id":"https:\/\/candas365.es\/noticias\/#website"},"breadcrumb":{"@id":"https:\/\/candas365.es\/noticias\/bmw-incrementa-las-ventas-en-primer-semestre-del-ano-en-un-58-por-ciento\/#breadcrumblist"},"author":{"@id":"https:\/\/candas365.es\/noticias\/author\/admin\/#author"},"creator":{"@id":"https:\/\/candas365.es\/noticias\/author\/admin\/#author"},"image":{"@type":"ImageObject","url":"https:\/\/candas365.es\/noticias\/wp-content\/uploads\/2015\/06\/carretera.jpg","@id":"https:\/\/candas365.es\/noticias\/bmw-incrementa-las-ventas-en-primer-semestre-del-ano-en-un-58-por-ciento\/#mainImage","width":655,"height":360},"primaryImageOfPage":{"@id":"https:\/\/candas365.es\/noticias\/bmw-incrementa-las-ventas-en-primer-semestre-del-ano-en-un-58-por-ciento\/#mainImage"},"datePublished":"2016-07-12T20:49:41+02:00","dateModified":"2016-07-12T20:49:41+02:00"},{"@type":"WebSite","@id":"https:\/\/candas365.es\/noticias\/#website","url":"https:\/\/candas365.es\/noticias\/","name":"Cand\u00e1s 365","alternateName":"Cand\u00e1s 365 Noticias","description":"Actualidad desde Carre\u00f1o para el mundo","inLanguage":"es-ES","publisher":{"@id":"https:\/\/candas365.es\/noticias\/#organization"}}]},"og:locale":"es_ES","og:site_name":"Cand\u00e1s 365","og:type":"article","og:title":"BMW incrementa las ventas en primer semestre del a\u00f1o en un 5,8 por ciento | Cand\u00e1s 365","og:description":"M\u00fanich, 12 jul (dpa) - BMW vendi\u00f3 en el primer semestre del a\u00f1o 1,163 millones de autom\u00f3viles, lo que supone un 5,8 por ciento m\u00e1s que hace un a\u00f1o, gracias a la fuerte demanda registrada en Europa y China, seg\u00fan datos publicados hoy por la automotriz alemana. En junio, el volumen de ventas se increment\u00f3","og:url":"https:\/\/candas365.es\/noticias\/bmw-incrementa-las-ventas-en-primer-semestre-del-ano-en-un-58-por-ciento\/","og:image":"https:\/\/candas365.es\/noticias\/wp-content\/uploads\/2015\/06\/carretera.jpg","og:image:secure_url":"https:\/\/candas365.es\/noticias\/wp-content\/uploads\/2015\/06\/carretera.jpg","og:image:width":655,"og:image:height":360,"article:published_time":"2016-07-12T19:19:41+00:00","article:modified_time":"2016-07-12T19:19:41+00:00","article:publisher":"https:\/\/www.facebook.com\/Nachofdezber","article:author":"https:\/\/www.facebook.com\/carrenoactualidad","twitter:card":"summary_large_image","twitter:site":"@NabercoDigital","twitter:title":"BMW incrementa las ventas en primer semestre del a\u00f1o en un 5,8 por ciento | Cand\u00e1s 365","twitter:description":"M\u00fanich, 12 jul (dpa) - BMW vendi\u00f3 en el primer semestre del a\u00f1o 1,163 millones de autom\u00f3viles, lo que supone un 5,8 por ciento m\u00e1s que hace un a\u00f1o, gracias a la fuerte demanda registrada en Europa y China, seg\u00fan datos publicados hoy por la automotriz alemana. En junio, el volumen de ventas se increment\u00f3","twitter:creator":"@nbasturias","twitter:image":"https:\/\/candas365.es\/noticias\/wp-content\/uploads\/2015\/06\/carretera.jpg","twitter:label1":"Escrito por","twitter:data1":"Cand\u00e1s 365","twitter:label2":"Tiempo de lectura estimado","twitter:data2":"1 minuto"},"aioseo_meta_data":{"post_id":"31893","title":null,"description":null,"keywords":null,"keyphrases":null,"primary_term":null,"canonical_url":null,"og_title":null,"og_description":null,"og_object_type":"default","og_image_type":"default","og_image_url":null,"og_image_width":null,"og_image_height":null,"og_image_custom_url":null,"og_image_custom_fields":null,"og_video":null,"og_custom_url":null,"og_article_section":null,"og_article_tags":null,"twitter_use_og":false,"twitter_card":"default","twitter_image_type":"default","twitter_image_url":null,"twitter_image_custom_url":null,"twitter_image_custom_fields":null,"twitter_title":null,"twitter_description":null,"schema":{"blockGraphs":[],"customGraphs":[],"default":{"data":{"Article":[],"Course":[],"Dataset":[],"FAQPage":[],"Movie":[],"Person":[],"Product":[],"ProductReview":[],"Car":[],"Recipe":[],"Service":[],"SoftwareApplication":[],"WebPage":[]},"graphName":"","isEnabled":true},"graphs":[],"defaultGraph":"","defaultPostTypeGraph":""},"schema_type":null,"schema_type_options":null,"pillar_content":false,"robots_default":true,"robots_noindex":false,"robots_noarchive":false,"robots_nosnippet":false,"robots_nofollow":false,"robots_noimageindex":false,"robots_noodp":false,"robots_notranslate":false,"robots_max_snippet":null,"robots_max_videopreview":null,"robots_max_imagepreview":"large","priority":null,"frequency":null,"location":null,"local_seo":null,"seo_analyzer_scan_date":"2025-08-24 14:34:11","breadcrumb_settings":null,"limit_modified_date":false,"reviewed_by":null,"open_ai":null,"ai":null,"created":"2020-12-21 13:02:04","updated":"2025-08-24 14:34:11"},"aioseo_breadcrumb":"<div class=\"aioseo-breadcrumbs\"><span class=\"aioseo-breadcrumb\">\n\t<a href=\"https:\/\/candas365.es\/noticias\" title=\"Home\">Home<\/a>\n<\/span><span class=\"aioseo-breadcrumb-separator\">&ndash;<\/span><span class=\"aioseo-breadcrumb\">\n\t<a href=\"https:\/\/candas365.es\/noticias\/category\/actualidad\/\" title=\"Actualidad\">Actualidad<\/a>\n<\/span><span class=\"aioseo-breadcrumb-separator\">&ndash;<\/span><span class=\"aioseo-breadcrumb\">\n\tBMW incrementa las ventas en primer semestre del a\u00f1o en un 5,8 por ciento\n<\/span><\/div>","aioseo_breadcrumb_json":[{"label":"Home","link":"https:\/\/candas365.es\/noticias"},{"label":"Actualidad","link":"https:\/\/candas365.es\/noticias\/category\/actualidad\/"},{"label":"BMW incrementa las ventas en primer semestre del a\u00f1o en un 5,8 por ciento","link":"https:\/\/candas365.es\/noticias\/bmw-incrementa-las-ventas-en-primer-semestre-del-ano-en-un-58-por-ciento\/"}],"_links":{"self":[{"href":"https:\/\/candas365.es\/noticias\/wp-json\/wp\/v2\/posts\/31893","targetHints":{"allow":["GET"]}}],"collection":[{"href":"https:\/\/candas365.es\/noticias\/wp-json\/wp\/v2\/posts"}],"about":[{"href":"https:\/\/candas365.es\/noticias\/wp-json\/wp\/v2\/types\/post"}],"author":[{"embeddable":true,"href":"https:\/\/candas365.es\/noticias\/wp-json\/wp\/v2\/users\/1"}],"replies":[{"embeddable":true,"href":"https:\/\/candas365.es\/noticias\/wp-json\/wp\/v2\/comments?post=31893"}],"version-history":[{"count":0,"href":"https:\/\/candas365.es\/noticias\/wp-json\/wp\/v2\/posts\/31893\/revisions"}],"wp:featuredmedia":[{"embeddable":true,"href":"https:\/\/candas365.es\/noticias\/wp-json\/wp\/v2\/media\/11776"}],"wp:attachment":[{"href":"https:\/\/candas365.es\/noticias\/wp-json\/wp\/v2\/media?parent=31893"}],"wp:term":[{"taxonomy":"category","embeddable":true,"href":"https:\/\/candas365.es\/noticias\/wp-json\/wp\/v2\/categories?post=31893"},{"taxonomy":"post_tag","embeddable":true,"href":"https:\/\/candas365.es\/noticias\/wp-json\/wp\/v2\/tags?post=31893"}],"curies":[{"name":"wp","href":"https:\/\/api.w.org\/{rel}","templated":true}]}}